{"id":13995,"date":"2025-10-25T08:28:11","date_gmt":"2025-10-25T06:28:11","guid":{"rendered":"https:\/\/www.pakamera.pl\/magazyn\/?p=13995"},"modified":"2025-10-24T11:18:18","modified_gmt":"2025-10-24T09:18:18","slug":"poranna-vs-wieczorna-rutyna-pielegnacyjna-czym-sie-roznia","status":"publish","type":"post","link":"https:\/\/www.pakamera.pl\/magazyn\/poranna-vs-wieczorna-rutyna-pielegnacyjna-czym-sie-roznia\/","title":{"rendered":"Poranna vs wieczorna rutyna piel\u0119gnacyjna \u2013 czym si\u0119 r\u00f3\u017cni\u0105?"},"content":{"rendered":"<p><strong>Skuteczna piel\u0119gnacja sk\u00f3ry twarzy nie ko\u0144czy si\u0119 na jednym uniwersalnym zestawie kosmetyk\u00f3w. Kluczow\u0105 rol\u0119 odgrywa dopasowanie dzia\u0142a\u0144 do pory dnia &#8211; inne potrzeby ma nasza sk\u00f3ra rano, a inne wieczorem.<\/strong><\/p>\n<p><!--more--><\/p>\n<figure id=\"attachment_13998\" aria-describedby=\"caption-attachment-13998\" style=\"width: 1600px\" class=\"wp-caption alignnone\"><img loading=\"lazy\" decoding=\"async\" class=\"wp-image-13998 size-full\" src=\"https:\/\/imgmag.pakamera.net\/2025\/10\/poranna-vs-wieczorna-rutyna-pielegnacyjna-czym-sie-roznia-110259078639.jpg\" alt=\"Poranna vs wieczorna rutyna piel\u0119gnacyjna \u2013 czym si\u0119 r\u00f3\u017cni\u0105?\" width=\"1600\" height=\"840\" \/><figcaption id=\"caption-attachment-13998\" class=\"wp-caption-text\">Peptydowe Serum do Twarzy BEAUTICAL VOLUMFIZZ 50 ML \/ BEAUTICAL \/ www.pakamera.pl<\/figcaption><\/figure>\n<p>\u015awiadome rozr\u00f3\u017cnienie obu tych etap\u00f3w pozwala nie tylko utrzyma\u0107 zdrowy wygl\u0105d cery, ale tak\u017ce realnie spowalnia procesy starzenia. I dzi\u015b w\u0142a\u015bnie przedstawimy Ci te piel\u0119gnacyjne r\u00f3\u017cnice.<br \/>\n<strong>Sprawd\u017a, jak dobra\u0107 idealn\u0105 porann\u0105 i wieczorn\u0105 rutyn\u0119 piel\u0119gnacyjna i dowiedz si\u0119, jak dopasowa\u0107 kosmetyki do potrzeb Twojej sk\u00f3ry<\/strong>.<\/p>\n<h2>Dlaczego poranna i wieczorna piel\u0119gnacja si\u0119 r\u00f3\u017cni\u0105?<\/h2>\n<p>Codzienna piel\u0119gnacja sk\u00f3ry to proces, kt\u00f3ry zmienia si\u0119 w zale\u017cno\u015bci od rytmu biologicznego organizmu oraz czynnik\u00f3w \u015brodowiskowych. Piel\u0119gnacja twarzy rano a wieczorem pe\u0142ni zupe\u0142nie odmienne funkcje, dlatego \u015bwiadome rozdzielenie obu etap\u00f3w jest niezb\u0119dne, aby utrzyma\u0107 cer\u0119 w optymalnej kondycji.<\/p>\n<p>W ci\u0105gu dnia sk\u00f3ra nara\u017cona jest na promieniowanie UV, dzia\u0142anie wolnych rodnik\u00f3w, zanieczyszczenia miejskie czy zmiany temperatury. <strong>Poranne dzia\u0142ania koncentruj\u0105 si\u0119 zatem na stworzeniu bariery ochronnej i zapewnieniu komfortu funkcjonowania przez wiele godzin<\/strong>.<\/p>\n<div id=\"pakawidget2183\" class=\"pakawidget\"><\/div>\n<p><script async defer src=\"https:\/\/www.pakamera.pl\/widget\/widget2.min.js?id=2183&#038;type=20251024110934&#038;wwidth=1000\"><\/script><br \/>\nKluczow\u0105 rol\u0119 odgrywaj\u0105 <strong>preparaty antyoksydacyjne, lekkie formu\u0142y nawil\u017caj\u0105ce oraz filtry przeciws\u0142oneczne<\/strong>, kt\u00f3re minimalizuj\u0105 uszkodzenia kom\u00f3rkowe i przedwczesne starzenie.<\/p>\n<p><strong>Wieczorem sytuacja wygl\u0105da inaczej.<\/strong> Sk\u00f3ra wchodzi w faz\u0119 regeneracji, przyspieszaj\u0105 procesy naprawcze i zwi\u0119ksza si\u0119 przepuszczalno\u015b\u0107 nask\u00f3rka. <strong>To idealny moment na zastosowanie substancji aktywnych o wy\u017cszym st\u0119\u017ceniu, takich jak retinoidy, peptydy czy kwasy z\u0142uszczaj\u0105ce<\/strong>.<\/p>\n<p>Wieczorna piel\u0119gnacja <strong>pozwala intensywnie od\u017cywi\u0107, odbudowa\u0107 i przygotowa\u0107 cer\u0119 na kolejny dzie<\/strong>\u0144, dlatego konsystencje stosowanych kosmetyk\u00f3w mog\u0105 by\u0107 bogatsze, bardziej otulaj\u0105ce i skoncentrowane na g\u0142\u0119bokiej odnowie.<\/p>\n<p>R\u00f3\u017cnice mi\u0119dzy porann\u0105 a wieczorn\u0105 piel\u0119gnacj\u0105 wynikaj\u0105 wi\u0119c zar\u00f3wno z odmiennych potrzeb sk\u00f3ry, jak i jej naturalnego rytmu dobowego. O ile <strong>rano priorytetem jest ochrona, o tyle noc\u0105 najwa\u017cniejsze staje si\u0119 wspomaganie proces\u00f3w naprawczych<\/strong>. Zrozumienie tego pozwala budowa\u0107 rutyn\u0119, kt\u00f3ra dzia\u0142a synergicznie i zapewnia cerze d\u0142ugofalow\u0105 r\u00f3wnowag\u0119.<\/p>\n<h2>Poranna rutyna piel\u0119gnacyjna \u2013 krok po kroku<\/h2>\n<figure id=\"attachment_13999\" aria-describedby=\"caption-attachment-13999\" style=\"width: 1600px\" class=\"wp-caption alignnone\"><img loading=\"lazy\" decoding=\"async\" class=\"wp-image-13999 size-full\" src=\"https:\/\/imgmag.pakamera.net\/2025\/10\/poranna-vs-wieczorna-rutyna-pielegnacyjna-czym-sie-roznia-110602582062.jpg\" alt=\"T\u0142usty krem pomaga w odbudowie suchej, pop\u0119kanej i odwodnionej sk\u00f3rze na twarzy, d\u0142oniach i stopach. \u0141agodzi podra\u017cnienia, wyg\u0142adza, nat\u0142uszcza i od\u017cywia sk\u00f3r\u0119. Szybko si\u0119 wch\u0142ania.\" width=\"1600\" height=\"840\" \/><figcaption id=\"caption-attachment-13999\" class=\"wp-caption-text\">Krem t\u0142usty Siemi\u0119 Lniane \/Wosk Pszczeli \/ jardin \/ www.pakamera.pl<\/figcaption><\/figure>\n<p>Poranek to moment, w kt\u00f3rym sk\u00f3ra potrzebuje wsparcia w budowaniu bariery ochronnej przed czynnikami zewn\u0119trznymi. <strong>Aby proces by\u0142 skuteczny, warto codziennie wykonywa\u0107 pewn\u0105 rutyn\u0119 piel\u0119gnacyjn\u0105<\/strong>. Dowiedz si\u0119, jak powinna ona wygl\u0105da\u0107!<\/p>\n<p>Poranna piel\u0119gnacja twarzy krok po kroku:<\/p>\n<ul>\n<li><strong>Oczyszczanie<\/strong> \u2013 usu\u0144 nadmiar sebum oraz resztki produkt\u00f3w na\u0142o\u017conych wieczorem. Wystarczy do tego delikatny \u017cel lub pianka, kt\u00f3re nie zaburz\u0105 bariery hydrolipidowej. <a href=\"https:\/\/www.pakamera.pl\/do-twarzy-oczyszczanie-0-2859.htm\" target=\"_blank\" rel=\"noopener\">Oczyszczanie i demakija\u017c twarzy<\/a> to pierwszy i najwa\u017cniejszy etap.<\/li>\n<li><strong>Tonizacja<\/strong> \u2013 przywraca fizjologiczne pH sk\u00f3ry i zwi\u0119ksza skuteczno\u015b\u0107 kolejnych preparat\u00f3w.<\/li>\n<li><strong>Serum antyoksydacyjne<\/strong> \u2013 witamina C, niacynamid lub kwas ferulowy neutralizuj\u0105 wolne rodniki i wzmacniaj\u0105 naturalne mechanizmy obronne.<\/li>\n<li>Kosmetyki na dzie\u0144 do twarzy \u2013 <strong>lekkie kremy nawil\u017caj\u0105ce<\/strong>, kt\u00f3re wi\u0105\u017c\u0105 wod\u0119 w nask\u00f3rku i zapewniaj\u0105 komfort przez wiele godzin.<\/li>\n<li><strong>Ochrona UV w piel\u0119gnacji \u2013 absolutny fundament<\/strong>. Filtry przeciws\u0142oneczne (minimum SPF 30) zabezpieczaj\u0105 przed fotostarzeniem, przebarwieniami i mikrouszkodzeniami DNA.<\/li>\n<\/ul>\n<p>Tak skonstruowany schemat odpowiada na najwa\u017cniejsze potrzeby sk\u00f3ry w ci\u0105gu dnia: nawil\u017cenie, antyoksydacja i ochrona przed promieniowaniem oraz czynnikami \u015brodowiskowymi.<\/p>\n<p>W\u0142a\u015bciwe dobranie produkt\u00f3w sprawia, \u017ce sk\u00f3ra lepiej znosi miejskie zanieczyszczenia, klimatyzacj\u0119 czy zmiany temperatur, a tak\u017ce stanowi solidn\u0105 baz\u0119 pod makija\u017c.<\/p>\n<div id=\"pakawidget2184\" class=\"pakawidget\"><\/div>\n<p><script async defer src=\"https:\/\/www.pakamera.pl\/widget\/widget2.min.js?id=2184&#038;type=20251024111209&#038;wwidth=1000\"><\/script><br \/>\nNie ma jednej odpowiedzi na to, jak dba\u0107 o sk\u00f3r\u0119 rano i wieczorem. Wiele zale\u017cy od rodzaju cery oraz od trybu \u017cycia i ekspozycji sk\u00f3ry na s\u0142o\u0144ce.<\/p>\n<p>Poranna rutyna powinna by\u0107 jednak zawsze ukierunkowana na zabezpieczenie i wsparcie naturalnej bariery ochronnej.<\/p>\n<h2>Wieczorna rutyna piel\u0119gnacyjna \u2013 krok po kroku<\/h2>\n<p>Pod koniec dnia sk\u00f3ra nie tylko nosi na sobie \u015blady makija\u017cu, sebum i zanieczyszcze\u0144, ale r\u00f3wnie\u017c przygotowuje si\u0119 do intensywnej odnowy.<\/p>\n<p><strong>W nocy nasilaj\u0105 si\u0119 procesy naprawcze i zwi\u0119ksza si\u0119 przepuszczalno\u015b\u0107 bariery nask\u00f3rkowej<\/strong>, dlatego w\u0142a\u015bnie wtedy najlepiej wprowadza\u0107 sk\u0142adniki aktywne o dzia\u0142aniu przeciwstarzeniowym, regeneruj\u0105cym i wzmacniaj\u0105cym.<\/p>\n<p>Dobrze zaplanowana sekwencja krok\u00f3w oraz odpowiednio dobrane <a href=\"https:\/\/www.pakamera.pl\/do-twarzy-0-2853.htm\" target=\"_blank\" rel=\"noopener\">kosmetyki do twarzy<\/a> na noc wspieraj\u0105 naturaln\u0105 regeneracj\u0119 sk\u00f3ry noc\u0105 i sprawiaj\u0105, \u017ce poranna cera wygl\u0105da zdrowiej, pe\u0142niej i bardziej promiennie.<\/p>\n<ul>\n<li><strong>Demakija\u017c<\/strong> \u2013 usu\u0144 makija\u017c, resztki filtr\u00f3w UV i zanieczyszczenia za pomoc\u0105 olejku, balsamu lub p\u0142ynu micelarnego. To kluczowy etap przygotowuj\u0105cy sk\u00f3r\u0119 do dalszej piel\u0119gnacji.<\/li>\n<li><strong>Drugie oczyszczanie<\/strong> \u2013 zastosuj delikatny \u017cel lub piank\u0119, aby usun\u0105\u0107 pozosta\u0142o\u015bci po pierwszym etapie i dok\u0142adnie oczy\u015bci\u0107 pory.<\/li>\n<li>Kosmetyk z kwasami AHA, BHA lub PHA(opcjonalnie, 1\u20133 razy w tygodniu) \u2013 wspieraj\u0105 odnow\u0119 kom\u00f3rkow\u0105 i poprawiaj\u0105 tekstur\u0119 sk\u00f3ry. Unikaj \u0142\u0105czenia ich z silnymi retinoidami w tej samej rutynie.<\/li>\n<li><strong>Serum z substancjami aktywnymi<\/strong> \u2013 wprowad\u017a sk\u0142adniki takie jak retinoidy, peptydy czy antyoksydanty o dzia\u0142aniu regeneruj\u0105cym i przeciwstarzeniowym. Jak w poprzednim punkcie, nie stosuj go razem z kwasami. Odpowiednie <a href=\"https:\/\/www.pakamera.pl\/do-twarzy-serum-0-2858.htm\" target=\"_blank\" rel=\"noopener\">serum do twarzy<\/a> znajdziesz w sklepie Pakamera.pl<\/li>\n<li><strong>Preparaty miejscowe<\/strong> (opcjonalnie) \u2013 na\u0142\u00f3\u017c produkty punktowe na niedoskona\u0142o\u015bci lub przebarwienia, je\u015bli Twoja sk\u00f3ra tego wymaga.<\/li>\n<li><strong>Krem nawil\u017caj\u0105cy i odbudowuj\u0105cy<\/strong> \u2013 wybierz formu\u0142y bogate w ceramidy, witaminy i sk\u0142adniki nawil\u017caj\u0105ce, kt\u00f3re wspieraj\u0105 barier\u0119 nask\u00f3rkow\u0105 i ograniczaj\u0105 utrat\u0119 wilgoci.<\/li>\n<li><strong>Maski nocne<\/strong> (opcjonalnie) \u2013 si\u0119gnij po nie, gdy sk\u00f3ra potrzebuje dodatkowego wsparcia w zatrzymywaniu wilgoci i intensywnej regeneracji.<\/li>\n<\/ul>\n<p><strong>Wieczorna piel\u0119gnacja to moment na odbudow\u0119 i g\u0142\u0119bsze od\u017cywienie<\/strong>. Stosowanie krok\u00f3w w odpowiedniej kolejno\u015bci i dostosowanie ich cz\u0119stotliwo\u015bci do typu sk\u00f3ry pozwala w pe\u0142ni wykorzysta\u0107 naturalne procesy odnowy zachodz\u0105ce noc\u0105.<\/p>\n<h2>Najcz\u0119stsze b\u0142\u0119dy w porannej i wieczornej piel\u0119gnacji<\/h2>\n<div id=\"pakawidget2185\" class=\"pakawidget\"><\/div>\n<p><script async defer src=\"https:\/\/www.pakamera.pl\/widget\/widget2.min.js?id=2185&#038;type=20251024111248&#038;wwidth=1000\"><\/script><br \/>\n<strong>\u015awiadoma rutyna przynosi najlepsze efekty<\/strong>, jednak wiele os\u00f3b wci\u0105\u017c powiela te same b\u0142\u0119dy w piel\u0119gnacji twarzy, kt\u00f3re os\u0142abiaj\u0105 skuteczno\u015b\u0107 nawet dobrze dobranych produkt\u00f3w. Poznaj najcz\u0119\u015bciej pope\u0142niane b\u0142\u0119dy w porannej i wieczornej rutynie:<\/p>\n<ul>\n<li>Pomijanie ochrony przeciws\u0142onecznej rano \u2013 <strong>brak SPF to jeden z g\u0142\u00f3wnych czynnik\u00f3w przyspieszaj\u0105cych fotostarzenie<\/strong> i utrwalaj\u0105cych przebarwienia.<\/li>\n<li>Zbyt intensywne oczyszczanie \u2013 <strong>zbyt agresywne \u015brodki lub zbyt cz\u0119ste mycie naruszaj\u0105 barier\u0119 hydrolipidow\u0105<\/strong>, prowadz\u0105c do podra\u017cnie\u0144 i odwodnienia.<\/li>\n<li>Stosowanie zbyt wielu silnych substancji aktywnych naraz \u2013<strong> \u0142\u0105czenie retinoid\u00f3w, kwas\u00f3w i witaminy C<\/strong> bez wiedzy o kompatybilno\u015bci mo\u017ce skutkowa\u0107 podra\u017cnieniami i stanami zapalnymi.<\/li>\n<li>Brak dopasowania kosmetyk\u00f3w do pory dnia \u2013 <strong>ci\u0119\u017ckie formu\u0142y w ci\u0105gu dnia obci\u0105\u017caj\u0105 cer\u0119<\/strong>, a zbyt lekkie preparaty noc\u0105 nie wspieraj\u0105 odbudowy.<\/li>\n<li>Nieregularno\u015b\u0107 \u2013 niestosowanie si\u0119 do sta\u0142ej rutyny niweluje d\u0142ugofalowe efekty piel\u0119gnacji.<\/li>\n<\/ul>\n<p>Je\u015bli zastanawiasz si\u0119, czego unika\u0107 w piel\u0119gnacji sk\u00f3ry, kluczem jest unikanie nadmiaru, przypadkowych po\u0142\u0105cze\u0144 sk\u0142adnik\u00f3w i pomijania podstaw, takich jak nawil\u017canie i ochrona UV.<\/p>\n<h2>Jak dobra\u0107 kosmetyki do rutyny piel\u0119gnacyjnej?<\/h2>\n<p>Dob\u00f3r odpowiednich produkt\u00f3w piel\u0119gnacyjnych powinien zaczyna\u0107 si\u0119 od analizy potrzeb sk\u00f3ry. Je\u015bli zastanawiasz si\u0119, jak dobra\u0107 kosmetyki do cery, <strong>kluczowe b\u0119dzie zwr\u00f3cenie uwagi na jej typ, poziom wra\u017cliwo\u015bci oraz aktualne problemy<\/strong> jak nadmierne przesuszenie, sk\u0142onno\u015b\u0107 do przet\u0142uszczania czy objawy nadreaktywno\u015bci.<\/p>\n<p>Sk\u0142adniki aktywne oraz konsystencja preparat\u00f3w musz\u0105 by\u0107 dopasowane indywidualnie, aby piel\u0119gnacja by\u0142a skuteczna i bezpieczna.<\/p>\n<p>Nale\u017cy tak\u017ce pami\u0119ta\u0107, \u017ce <strong>wymagania sk\u00f3ry zmieniaj\u0105 si\u0119 w zale\u017cno\u015bci od pory roku<\/strong>. Na przyk\u0142ad latem cera naczynkowa potrzebuje delikatnych formu\u0142 wzmacniaj\u0105cych barier\u0119 i chroni\u0105cych przed promieniowaniem. Sprawd\u017a te\u017c <a href=\"https:\/\/www.pakamera.pl\/magazyn\/jak-dbac-o-cere-naczynkowa-latem\/\" target=\"_blank\" rel=\"noopener\">jak dba\u0107 o cer\u0119 naczynkow\u0105 latem<\/a>.<\/p>\n<div id=\"pakawidget2186\" class=\"pakawidget\"><\/div>\n<p><script async defer src=\"https:\/\/www.pakamera.pl\/widget\/widget2.min.js?id=2186&#038;type=20251024111329&#038;wwidth=1000\"><\/script><br \/>\nZ kolei osoby z tendencj\u0105 do niedoskona\u0142o\u015bci powinny wtedy szczeg\u00f3lnie zwr\u00f3ci\u0107 uwag\u0119 na odpowiednie oczyszczanie i lekkie formu\u0142y. Sprawd\u017a, <a href=\"https:\/\/www.pakamera.pl\/magazyn\/jak-dbac-o-cere-tradzikowa-latem\/\" target=\"_blank\" rel=\"noopener\">jak dba\u0107 o cer\u0119 tr\u0105dzikow\u0105 latem<\/a>!<\/p>\n<p><strong>Najwa\u017cniejsze jednak jest obserwowanie reakcji sk\u00f3ry i wprowadzanie nowych kosmetyk\u00f3w stopniowo<\/strong>. Dzi\u0119ki temu \u0142atwiej oceni\u0107, kt\u00f3re produkty faktycznie przynosz\u0105 korzy\u015bci i budowa\u0107 rutyn\u0119 piel\u0119gnacyjn\u0105 \u015bwiadomie, bez ryzyka podra\u017cnie\u0144.<\/p>\n<h2>Twoja idealna rutyna piel\u0119gnacyjna<\/h2>\n<p>Poranna i wieczorna piel\u0119gnacja to dwa uzupe\u0142niaj\u0105ce si\u0119 filary dbania o cer\u0119. <strong>W ci\u0105gu dnia priorytetem jest ochrona przed promieniowaniem, zanieczyszczeniami i stresem oksydacyjnym, natomiast noc\u0105 najwa\u017cniejsza staje si\u0119 odbudowa i regeneracja<\/strong>. Dopiero po\u0142\u0105czenie tych dzia\u0142a\u0144 daje pe\u0142ny efekt, widoczny w postaci zdrowej, promiennej i odpornej sk\u00f3ry.<\/p>\n<p>Podstaw\u0105 skutecznej rutyny pozostaje jednak piel\u0119gnacja twarzy wed\u0142ug typu sk\u00f3ry. Inne preparaty sprawdz\u0105 si\u0119 przy cerze suchej, inne przy t\u0142ustej, mieszanej czy wra\u017cliwej. Kluczowe jest te\u017c zrozumienie indywidualnych potrzeb, umiej\u0119tne \u0142\u0105czenie sk\u0142adnik\u00f3w aktywnych oraz konsekwencja w codziennych dzia\u0142aniach.<\/p>\n<p><strong>Idealna rutyna piel\u0119gnacyjna nie musi by\u0107 skomplikowana, ale powinna by\u0107 przemy\u015blana<\/strong>. Regularno\u015b\u0107, dostosowanie kosmetyk\u00f3w do trybu \u017cycia i otoczenia oraz unikanie najcz\u0119stszych b\u0142\u0119d\u00f3w pozwalaj\u0105 budowa\u0107 \u015bwiadomy plan piel\u0119gnacji, kt\u00f3ry realnie wspiera kondycj\u0119 sk\u00f3ry i spowalnia procesy starzenia.<\/p>\n","protected":false},"excerpt":{"rendered":"<p>Skuteczna piel\u0119gnacja sk\u00f3ry twarzy nie ko\u0144czy si\u0119 na jednym uniwersalnym zestawie kosmetyk\u00f3w. Kluczow\u0105 rol\u0119 odgrywa dopasowanie dzia\u0142a\u0144 do pory dnia &#8211; inne potrzeby ma nasza sk\u00f3ra rano, a inne wieczorem.<\/p>\n","protected":false},"author":19,"featured_media":13998,"comment_status":"closed","ping_status":"closed","sticky":false,"template":"","format":"standard","meta":{"footnotes":""},"categories":[2],"tags":[2296,1209,1005,1031,536,2295,2633,1683],"class_list":["post-13995","post","type-post","status-publish","format-standard","has-post-thumbnail","hentry","category-beauty","tag-codzienna-pielegnacja","tag-koreanska-pielegnacja","tag-naturalna-pielegnacja","tag-nocna-pielegnacja","tag-pielegnacja","tag-pielegnacja-twarzy","tag-pielegnacja-wlosow","tag-zimowa-pielegnacja"],"yoast_head":"<!-- This site is optimized with the Yoast SEO plugin v21.6 - https:\/\/yoast.com\/wordpress\/plugins\/seo\/ -->\n<title>Poranna vs wieczorna rutyna piel\u0119gnacyjna \u2013 czym si\u0119 r\u00f3\u017cni\u0105? - Magazyn Pakamera.pl<\/title>\n<meta name=\"description\" content=\"Poranna vs wieczorna rutyna piel\u0119gnacyjna. Poznaj czym si\u0119 r\u00f3\u017cn\u0105 i jak ja u\u0142o\u017cy\u0107 aby twoja sk\u00f3ra odwdzi\u0119czy\u0142a si\u0119 pi\u0119knym glow.\" \/>\n<meta name=\"robots\" content=\"index, follow\" \/>\n<link rel=\"canonical\" href=\"https:\/\/www.pakamera.pl\/magazyn\/poranna-vs-wieczorna-rutyna-pielegnacyjna-czym-sie-roznia\/\" \/>\n<meta property=\"og:locale\" content=\"pl_PL\" \/>\n<meta property=\"og:type\" content=\"article\" \/>\n<meta property=\"og:title\" content=\"Poranna vs wieczorna rutyna piel\u0119gnacyjna \u2013 czym si\u0119 r\u00f3\u017cni\u0105? - Magazyn Pakamera.pl\" \/>\n<meta property=\"og:description\" content=\"Poranna vs wieczorna rutyna piel\u0119gnacyjna. Poznaj czym si\u0119 r\u00f3\u017cn\u0105 i jak ja u\u0142o\u017cy\u0107 aby twoja sk\u00f3ra odwdzi\u0119czy\u0142a si\u0119 pi\u0119knym glow.\" \/>\n<meta property=\"og:url\" content=\"https:\/\/www.pakamera.pl\/magazyn\/poranna-vs-wieczorna-rutyna-pielegnacyjna-czym-sie-roznia\/\" \/>\n<meta property=\"og:site_name\" content=\"Magazyn Pakamera.pl\" \/>\n<meta property=\"article:publisher\" content=\"https:\/\/facebook.com\/pakamerapl\" \/>\n<meta property=\"article:published_time\" content=\"2025-10-25T06:28:11+00:00\" \/>\n<meta property=\"article:modified_time\" content=\"2025-10-24T09:18:18+00:00\" \/>\n<meta property=\"og:image\" content=\"https:\/\/imgmag.pakamera.net\/2025\/10\/poranna-vs-wieczorna-rutyna-pielegnacyjna-czym-sie-roznia-110259078639.jpg\" \/>\n\t<meta property=\"og:image:width\" content=\"1600\" \/>\n\t<meta property=\"og:image:height\" content=\"840\" \/>\n\t<meta property=\"og:image:type\" content=\"image\/jpeg\" \/>\n<meta name=\"author\" content=\"Zuzanna Szyd\u0142owska\" \/>\n<meta name=\"twitter:card\" content=\"summary_large_image\" \/>\n<meta name=\"twitter:label1\" content=\"Napisane przez\" \/>\n\t<meta name=\"twitter:data1\" content=\"Zuzanna Szyd\u0142owska\" \/>\n\t<meta name=\"twitter:label2\" content=\"Szacowany czas czytania\" \/>\n\t<meta name=\"twitter:data2\" content=\"8 minut\" \/>\n<script type=\"application\/ld+json\" class=\"yoast-schema-graph\">{\"@context\":\"https:\/\/schema.org\",\"@graph\":[{\"@type\":\"Article\",\"@id\":\"https:\/\/www.pakamera.pl\/magazyn\/poranna-vs-wieczorna-rutyna-pielegnacyjna-czym-sie-roznia\/#article\",\"isPartOf\":{\"@id\":\"https:\/\/www.pakamera.pl\/magazyn\/poranna-vs-wieczorna-rutyna-pielegnacyjna-czym-sie-roznia\/\"},\"author\":{\"name\":\"Zuzanna Szyd\u0142owska\",\"@id\":\"https:\/\/www.pakamera.pl\/magazyn\/#\/schema\/person\/a2333f2d1a2f1ce2d3a9e12cc00f5f73\"},\"headline\":\"Poranna vs wieczorna rutyna piel\u0119gnacyjna \u2013 czym si\u0119 r\u00f3\u017cni\u0105?\",\"datePublished\":\"2025-10-25T06:28:11+00:00\",\"dateModified\":\"2025-10-24T09:18:18+00:00\",\"mainEntityOfPage\":{\"@id\":\"https:\/\/www.pakamera.pl\/magazyn\/poranna-vs-wieczorna-rutyna-pielegnacyjna-czym-sie-roznia\/\"},\"wordCount\":1499,\"publisher\":{\"@id\":\"https:\/\/www.pakamera.pl\/magazyn\/#organization\"},\"keywords\":[\"codzienna piel\u0119gnacja\",\"korea\u0144ska piel\u0119gnacja\",\"naturalna piel\u0119gnacja\",\"nocna piel\u0119gnacja\",\"piel\u0119gnacja\",\"pielegnacja twarzy\",\"piel\u0119gnacja w\u0142os\u00f3w\",\"zimowa piel\u0119gnacja\"],\"articleSection\":[\"Beauty\"],\"inLanguage\":\"pl-PL\"},{\"@type\":\"WebPage\",\"@id\":\"https:\/\/www.pakamera.pl\/magazyn\/poranna-vs-wieczorna-rutyna-pielegnacyjna-czym-sie-roznia\/\",\"url\":\"https:\/\/www.pakamera.pl\/magazyn\/poranna-vs-wieczorna-rutyna-pielegnacyjna-czym-sie-roznia\/\",\"name\":\"Poranna vs wieczorna rutyna piel\u0119gnacyjna \u2013 czym si\u0119 r\u00f3\u017cni\u0105? - Magazyn Pakamera.pl\",\"isPartOf\":{\"@id\":\"https:\/\/www.pakamera.pl\/magazyn\/#website\"},\"datePublished\":\"2025-10-25T06:28:11+00:00\",\"dateModified\":\"2025-10-24T09:18:18+00:00\",\"description\":\"Poranna vs wieczorna rutyna piel\u0119gnacyjna. Poznaj czym si\u0119 r\u00f3\u017cn\u0105 i jak ja u\u0142o\u017cy\u0107 aby twoja sk\u00f3ra odwdzi\u0119czy\u0142a si\u0119 pi\u0119knym glow.\",\"breadcrumb\":{\"@id\":\"https:\/\/www.pakamera.pl\/magazyn\/poranna-vs-wieczorna-rutyna-pielegnacyjna-czym-sie-roznia\/#breadcrumb\"},\"inLanguage\":\"pl-PL\",\"potentialAction\":[{\"@type\":\"ReadAction\",\"target\":[\"https:\/\/www.pakamera.pl\/magazyn\/poranna-vs-wieczorna-rutyna-pielegnacyjna-czym-sie-roznia\/\"]}]},{\"@type\":\"BreadcrumbList\",\"@id\":\"https:\/\/www.pakamera.pl\/magazyn\/poranna-vs-wieczorna-rutyna-pielegnacyjna-czym-sie-roznia\/#breadcrumb\",\"itemListElement\":[{\"@type\":\"ListItem\",\"position\":1,\"name\":\"Magazyn\",\"item\":\"https:\/\/www.pakamera.pl\/magazyn\/\"},{\"@type\":\"ListItem\",\"position\":2,\"name\":\"Beauty\",\"item\":\"https:\/\/www.pakamera.pl\/magazyn\/category\/beauty\/\"},{\"@type\":\"ListItem\",\"position\":3,\"name\":\"Poranna vs wieczorna rutyna piel\u0119gnacyjna \u2013 czym si\u0119 r\u00f3\u017cni\u0105?\"}]},{\"@type\":\"WebSite\",\"@id\":\"https:\/\/www.pakamera.pl\/magazyn\/#website\",\"url\":\"https:\/\/www.pakamera.pl\/magazyn\/\",\"name\":\"Magazyn Pakamera.pl\",\"description\":\"Sprawd\u017a najgor\u0119tsze tematy sezonu!\",\"publisher\":{\"@id\":\"https:\/\/www.pakamera.pl\/magazyn\/#organization\"},\"potentialAction\":[{\"@type\":\"SearchAction\",\"target\":{\"@type\":\"EntryPoint\",\"urlTemplate\":\"https:\/\/www.pakamera.pl\/magazyn\/?s={search_term_string}\"},\"query-input\":\"required name=search_term_string\"}],\"inLanguage\":\"pl-PL\"},{\"@type\":\"Organization\",\"@id\":\"https:\/\/www.pakamera.pl\/magazyn\/#organization\",\"name\":\"Pakamera.pl\",\"url\":\"https:\/\/www.pakamera.pl\/magazyn\/\",\"logo\":{\"@type\":\"ImageObject\",\"inLanguage\":\"pl-PL\",\"@id\":\"https:\/\/www.pakamera.pl\/magazyn\/#\/schema\/logo\/image\/\",\"url\":\"https:\/\/imgmag.pakamera.net\/2023\/11\/153455466619.png\",\"contentUrl\":\"https:\/\/imgmag.pakamera.net\/2023\/11\/153455466619.png\",\"width\":690,\"height\":140,\"caption\":\"Pakamera.pl\"},\"image\":{\"@id\":\"https:\/\/www.pakamera.pl\/magazyn\/#\/schema\/logo\/image\/\"},\"sameAs\":[\"https:\/\/facebook.com\/pakamerapl\",\"https:\/\/www.instagram.com\/pakamera\/\"]},{\"@type\":\"Person\",\"@id\":\"https:\/\/www.pakamera.pl\/magazyn\/#\/schema\/person\/a2333f2d1a2f1ce2d3a9e12cc00f5f73\",\"name\":\"Zuzanna Szyd\u0142owska\",\"description\":\"Zuzia to nasza beauty ekspertka, kt\u00f3ra kocha naturalne kosmetyki i polskie marki. Potrafi dobra\u0107 odpowiedni\u0105 piel\u0119gnacj\u0119 do ka\u017cdego typu cery. Lubi obserwowa\u0107 rozw\u00f3j ma\u0142ych marek i ch\u0119tnie testuje ich produkty.\"}]}<\/script>\n<!-- \/ Yoast SEO plugin. -->","yoast_head_json":{"title":"Poranna vs wieczorna rutyna piel\u0119gnacyjna \u2013 czym si\u0119 r\u00f3\u017cni\u0105? - Magazyn Pakamera.pl","description":"Poranna vs wieczorna rutyna piel\u0119gnacyjna. Poznaj czym si\u0119 r\u00f3\u017cn\u0105 i jak ja u\u0142o\u017cy\u0107 aby twoja sk\u00f3ra odwdzi\u0119czy\u0142a si\u0119 pi\u0119knym glow.","robots":{"index":"index","follow":"follow"},"canonical":"https:\/\/www.pakamera.pl\/magazyn\/poranna-vs-wieczorna-rutyna-pielegnacyjna-czym-sie-roznia\/","og_locale":"pl_PL","og_type":"article","og_title":"Poranna vs wieczorna rutyna piel\u0119gnacyjna \u2013 czym si\u0119 r\u00f3\u017cni\u0105? - Magazyn Pakamera.pl","og_description":"Poranna vs wieczorna rutyna piel\u0119gnacyjna. Poznaj czym si\u0119 r\u00f3\u017cn\u0105 i jak ja u\u0142o\u017cy\u0107 aby twoja sk\u00f3ra odwdzi\u0119czy\u0142a si\u0119 pi\u0119knym glow.","og_url":"https:\/\/www.pakamera.pl\/magazyn\/poranna-vs-wieczorna-rutyna-pielegnacyjna-czym-sie-roznia\/","og_site_name":"Magazyn Pakamera.pl","article_publisher":"https:\/\/facebook.com\/pakamerapl","article_published_time":"2025-10-25T06:28:11+00:00","article_modified_time":"2025-10-24T09:18:18+00:00","og_image":[{"width":1600,"height":840,"url":"https:\/\/imgmag.pakamera.net\/2025\/10\/poranna-vs-wieczorna-rutyna-pielegnacyjna-czym-sie-roznia-110259078639.jpg","type":"image\/jpeg"}],"author":"Zuzanna Szyd\u0142owska","twitter_card":"summary_large_image","twitter_misc":{"Napisane przez":"Zuzanna Szyd\u0142owska","Szacowany czas czytania":"8 minut"},"schema":{"@context":"https:\/\/schema.org","@graph":[{"@type":"Article","@id":"https:\/\/www.pakamera.pl\/magazyn\/poranna-vs-wieczorna-rutyna-pielegnacyjna-czym-sie-roznia\/#article","isPartOf":{"@id":"https:\/\/www.pakamera.pl\/magazyn\/poranna-vs-wieczorna-rutyna-pielegnacyjna-czym-sie-roznia\/"},"author":{"name":"Zuzanna Szyd\u0142owska","@id":"https:\/\/www.pakamera.pl\/magazyn\/#\/schema\/person\/a2333f2d1a2f1ce2d3a9e12cc00f5f73"},"headline":"Poranna vs wieczorna rutyna piel\u0119gnacyjna \u2013 czym si\u0119 r\u00f3\u017cni\u0105?","datePublished":"2025-10-25T06:28:11+00:00","dateModified":"2025-10-24T09:18:18+00:00","mainEntityOfPage":{"@id":"https:\/\/www.pakamera.pl\/magazyn\/poranna-vs-wieczorna-rutyna-pielegnacyjna-czym-sie-roznia\/"},"wordCount":1499,"publisher":{"@id":"https:\/\/www.pakamera.pl\/magazyn\/#organization"},"keywords":["codzienna piel\u0119gnacja","korea\u0144ska piel\u0119gnacja","naturalna piel\u0119gnacja","nocna piel\u0119gnacja","piel\u0119gnacja","pielegnacja twarzy","piel\u0119gnacja w\u0142os\u00f3w","zimowa piel\u0119gnacja"],"articleSection":["Beauty"],"inLanguage":"pl-PL"},{"@type":"WebPage","@id":"https:\/\/www.pakamera.pl\/magazyn\/poranna-vs-wieczorna-rutyna-pielegnacyjna-czym-sie-roznia\/","url":"https:\/\/www.pakamera.pl\/magazyn\/poranna-vs-wieczorna-rutyna-pielegnacyjna-czym-sie-roznia\/","name":"Poranna vs wieczorna rutyna piel\u0119gnacyjna \u2013 czym si\u0119 r\u00f3\u017cni\u0105? - Magazyn Pakamera.pl","isPartOf":{"@id":"https:\/\/www.pakamera.pl\/magazyn\/#website"},"datePublished":"2025-10-25T06:28:11+00:00","dateModified":"2025-10-24T09:18:18+00:00","description":"Poranna vs wieczorna rutyna piel\u0119gnacyjna. Poznaj czym si\u0119 r\u00f3\u017cn\u0105 i jak ja u\u0142o\u017cy\u0107 aby twoja sk\u00f3ra odwdzi\u0119czy\u0142a si\u0119 pi\u0119knym glow.","breadcrumb":{"@id":"https:\/\/www.pakamera.pl\/magazyn\/poranna-vs-wieczorna-rutyna-pielegnacyjna-czym-sie-roznia\/#breadcrumb"},"inLanguage":"pl-PL","potentialAction":[{"@type":"ReadAction","target":["https:\/\/www.pakamera.pl\/magazyn\/poranna-vs-wieczorna-rutyna-pielegnacyjna-czym-sie-roznia\/"]}]},{"@type":"BreadcrumbList","@id":"https:\/\/www.pakamera.pl\/magazyn\/poranna-vs-wieczorna-rutyna-pielegnacyjna-czym-sie-roznia\/#breadcrumb","itemListElement":[{"@type":"ListItem","position":1,"name":"Magazyn","item":"https:\/\/www.pakamera.pl\/magazyn\/"},{"@type":"ListItem","position":2,"name":"Beauty","item":"https:\/\/www.pakamera.pl\/magazyn\/category\/beauty\/"},{"@type":"ListItem","position":3,"name":"Poranna vs wieczorna rutyna piel\u0119gnacyjna \u2013 czym si\u0119 r\u00f3\u017cni\u0105?"}]},{"@type":"WebSite","@id":"https:\/\/www.pakamera.pl\/magazyn\/#website","url":"https:\/\/www.pakamera.pl\/magazyn\/","name":"Magazyn Pakamera.pl","description":"Sprawd\u017a najgor\u0119tsze tematy sezonu!","publisher":{"@id":"https:\/\/www.pakamera.pl\/magazyn\/#organization"},"potentialAction":[{"@type":"SearchAction","target":{"@type":"EntryPoint","urlTemplate":"https:\/\/www.pakamera.pl\/magazyn\/?s={search_term_string}"},"query-input":"required name=search_term_string"}],"inLanguage":"pl-PL"},{"@type":"Organization","@id":"https:\/\/www.pakamera.pl\/magazyn\/#organization","name":"Pakamera.pl","url":"https:\/\/www.pakamera.pl\/magazyn\/","logo":{"@type":"ImageObject","inLanguage":"pl-PL","@id":"https:\/\/www.pakamera.pl\/magazyn\/#\/schema\/logo\/image\/","url":"https:\/\/imgmag.pakamera.net\/2023\/11\/153455466619.png","contentUrl":"https:\/\/imgmag.pakamera.net\/2023\/11\/153455466619.png","width":690,"height":140,"caption":"Pakamera.pl"},"image":{"@id":"https:\/\/www.pakamera.pl\/magazyn\/#\/schema\/logo\/image\/"},"sameAs":["https:\/\/facebook.com\/pakamerapl","https:\/\/www.instagram.com\/pakamera\/"]},{"@type":"Person","@id":"https:\/\/www.pakamera.pl\/magazyn\/#\/schema\/person\/a2333f2d1a2f1ce2d3a9e12cc00f5f73","name":"Zuzanna Szyd\u0142owska","description":"Zuzia to nasza beauty ekspertka, kt\u00f3ra kocha naturalne kosmetyki i polskie marki. Potrafi dobra\u0107 odpowiedni\u0105 piel\u0119gnacj\u0119 do ka\u017cdego typu cery. Lubi obserwowa\u0107 rozw\u00f3j ma\u0142ych marek i ch\u0119tnie testuje ich produkty."}]}},"_links":{"self":[{"href":"https:\/\/www.pakamera.pl\/magazyn\/wp-json\/wp\/v2\/posts\/13995","targetHints":{"allow":["GET"]}}],"collection":[{"href":"https:\/\/www.pakamera.pl\/magazyn\/wp-json\/wp\/v2\/posts"}],"about":[{"href":"https:\/\/www.pakamera.pl\/magazyn\/wp-json\/wp\/v2\/types\/post"}],"author":[{"embeddable":true,"href":"https:\/\/www.pakamera.pl\/magazyn\/wp-json\/wp\/v2\/users\/19"}],"replies":[{"embeddable":true,"href":"https:\/\/www.pakamera.pl\/magazyn\/wp-json\/wp\/v2\/comments?post=13995"}],"version-history":[{"count":3,"href":"https:\/\/www.pakamera.pl\/magazyn\/wp-json\/wp\/v2\/posts\/13995\/revisions"}],"predecessor-version":[{"id":14000,"href":"https:\/\/www.pakamera.pl\/magazyn\/wp-json\/wp\/v2\/posts\/13995\/revisions\/14000"}],"wp:featuredmedia":[{"embeddable":true,"href":"https:\/\/www.pakamera.pl\/magazyn\/wp-json\/wp\/v2\/media\/13998"}],"wp:attachment":[{"href":"https:\/\/www.pakamera.pl\/magazyn\/wp-json\/wp\/v2\/media?parent=13995"}],"wp:term":[{"taxonomy":"category","embeddable":true,"href":"https:\/\/www.pakamera.pl\/magazyn\/wp-json\/wp\/v2\/categories?post=13995"},{"taxonomy":"post_tag","embeddable":true,"href":"https:\/\/www.pakamera.pl\/magazyn\/wp-json\/wp\/v2\/tags?post=13995"}],"curies":[{"name":"wp","href":"https:\/\/api.w.org\/{rel}","templated":true}]}}