{"id":13991,"date":"2025-10-23T11:15:15","date_gmt":"2025-10-23T09:15:15","guid":{"rendered":"https:\/\/www.pakamera.pl\/magazyn\/?p=13991"},"modified":"2025-10-23T11:22:29","modified_gmt":"2025-10-23T09:22:29","slug":"jak-stworzyc-jesienna-dekoracje-w-salonie-praktyczne-inspiracje","status":"publish","type":"post","link":"https:\/\/www.pakamera.pl\/magazyn\/jak-stworzyc-jesienna-dekoracje-w-salonie-praktyczne-inspiracje\/","title":{"rendered":"Jak stworzy\u0107 jesienn\u0105 dekoracj\u0119 w salonie? Praktyczne inspiracje"},"content":{"rendered":"<p><strong>Za oknem szaro i buro. Ciep\u0142e dni pozosta\u0142y tylko w mi\u0142ych wspomnieniach i trzeba jako\u015b dotrwa\u0107 do okresu \u015bwi\u0105tecznego, \u017ceby znowu by\u0142o kolorowo i weso\u0142o. A mo\u017ce wcale nie? Zobacz, jak stworzy\u0107 jesienn\u0105 dekoracj\u0119 w salonie, dzi\u0119ki kt\u00f3rej Twoje wn\u0119trze stanie si\u0119 przytulne!<\/strong><\/p>\n<p><!--more--><\/p>\n<figure id=\"attachment_13992\" aria-describedby=\"caption-attachment-13992\" style=\"width: 1600px\" class=\"wp-caption alignnone\"><img loading=\"lazy\" decoding=\"async\" class=\"wp-image-13992 size-full\" src=\"https:\/\/imgmag.pakamera.net\/2025\/10\/jak-stworzyc-jesienna-dekoracje-w-salonie-praktyczne-inspiracje-110639825775.jpg\" alt=\"Jak stworzy\u0107 jesienn\u0105 dekoracj\u0119 w salonie? Praktyczne inspiracje\" width=\"1600\" height=\"840\" \/><figcaption id=\"caption-attachment-13992\" class=\"wp-caption-text\">Zestaw prezentowy &#8211; \u015bwiece sojowe i \u015bwieca w gipsie jesieniara \/ Oyka Candle \/ www.pakamera.pl<\/figcaption><\/figure>\n<p>Jesie\u0144 wcale nie musi by\u0107 depresyjna. Tak, dni s\u0105 kr\u00f3tsze i cz\u0119\u015bciej pada, ale dzi\u0119ki temu cz\u0119\u015bciej przebywasz w domu i mo\u017cesz zadba\u0107 o to, \u017ceby ta przestrze\u0144 sta\u0142a si\u0119 przytulnym gniazdkiem, w kt\u00f3rym \u0142adujesz baterie na nadchodz\u0105cy nowy rok.<\/p>\n<h2>Dlaczego warto dekorowa\u0107 salon jesieni\u0105?<\/h2>\n<p>Jesie\u0144 to sezon przej\u015bciowy mi\u0119dzy latem i zim\u0105, a wi\u0119c dopiero przygotowujesz si\u0119 do kr\u00f3tszych dni i gorszej pogody. <strong>Wi\u0119kszo\u015b\u0107 wieczor\u00f3w sp\u0119dzasz w domu, kt\u00f3rego wystr\u00f3j ma teraz wi\u0119ksze znaczenie ni\u017c kiedykolwiek<\/strong>, ze wzgl\u0119du na to, \u017ce miejsce, w kt\u00f3rym \u017cyjesz, wp\u0142ywa na to, jak si\u0119 czujesz.<\/p>\n<div id=\"pakawidget2180\" class=\"pakawidget\"><\/div>\n<p><script async defer src=\"https:\/\/www.pakamera.pl\/widget\/widget2.min.js?id=2180&#038;type=20251023111204&#038;wwidth=1000\"><\/script><br \/>\nMa\u0142e przemeblowanie i wymiana ozd\u00f3b we wn\u0119trzu to rodzaj rytua\u0142u, kt\u00f3ry pomaga dostosowa\u0107 si\u0119 do nowej pory roku. <strong>Dekoracja jesienna daje Twojemu m\u00f3zgowi sygna\u0142, \u017ce czas zwolni\u0107 tempo. To dlatego tak ch\u0119tnie si\u0119gasz po ciep\u0142e kolory<\/strong> (miedziany, musztardowy, zielony, pomara\u0144czowy i rdzawy). <strong>Mi\u0119kkie tkaniny dzia\u0142aj\u0105 koj\u0105co, a \u015bwiece tworz\u0105 bezpieczn\u0105 atmosfer\u0119<\/strong>.<\/p>\n<h2>Najpopularniejsze jesienne dekoracje do salonu<\/h2>\n<p><a href=\"https:\/\/www.pakamera.pl\/magazyn\/jak-udekorowac-dom-na-jesien-zainspiruj-sie\/\" target=\"_blank\" rel=\"noopener\">Jak udekorowa\u0107 dom na jesie\u0144?<\/a> Poni\u017cej znajdziesz najciekawsze sposoby na ozdobienie salonu.<\/p>\n<h3>Dekoracje jesienne na st\u00f3\u0142<\/h3>\n<p>St\u00f3\u0142 we wsp\u00f3\u0142czesnym wn\u0119trzu pe\u0142ni na raz kilka funkcji: przy nim pijesz porann\u0105 kaw\u0119, jesz obiad, czytasz ksi\u0105\u017ck\u0119, pomagasz dziecku odrabia\u0107 prac\u0119 domow\u0105, a cz\u0119sto nawet pracujesz na laptopie. I dlatego w\u0142a\u015bnie od niego warto rozpocz\u0105\u0107 dekoracj\u0119. <strong>Powinny si\u0119 na nim znale\u017a\u0107 \u015bwiece, najlepiej sojowe lub z pszczelego wosku<\/strong>. Mo\u017cesz je ustawi\u0107 na drewnianej lub kamiennej tacy.<\/p>\n<p>Dekoracje jesienne na st\u00f3\u0142 b\u0119d\u0105 wygl\u0105da\u0107 jeszcze lepiej, je\u015bli <strong>po\u0142o\u017cysz na \u015brodku blatu rdzawy, zielony lub br\u0105zowy bie\u017cnik i ustawisz na nim \u015bwiece i inne ozdoby<\/strong>: wazon z kompozycj\u0105 z li\u015bci, suszonych kwiat\u00f3w i ma\u0142ych dyni (prawdziwych lub filcowych).<\/p>\n<figure id=\"attachment_13993\" aria-describedby=\"caption-attachment-13993\" style=\"width: 1600px\" class=\"wp-caption alignnone\"><img loading=\"lazy\" decoding=\"async\" class=\"wp-image-13993 size-full\" src=\"https:\/\/imgmag.pakamera.net\/2025\/10\/jak-stworzyc-jesienna-dekoracje-w-salonie-praktyczne-inspiracje-110640390648.jpg\" alt=\"Wianek naturalny, wykonany z tui, bluszczu i innych zielonych ga\u0142\u0105zek i li\u015bci z dodatkiem sztucznych dyni i dodatk\u00f3w\" width=\"1600\" height=\"840\" \/><figcaption id=\"caption-attachment-13993\" class=\"wp-caption-text\">NATURALNY Wianek jesienny z dyniami \/ MOM&amp;SISdekoruj\u0105 \/ www.pakamera.pl<\/figcaption><\/figure>\n<p><a href=\"https:\/\/www.pakamera.pl\/magazyn\/jak-zrobic-dynie-na-halloween-poradnik\/\" target=\"_blank\" rel=\"noopener\">Jak zrobi\u0107 dyni\u0119 na Halloween?<\/a> Wybierz dojrza\u0142y twardy owoc i odetnij od niego g\u00f3rn\u0105 cz\u0119\u015b\u0107 z ogonkiem. Nast\u0119pnie usu\u0144 mi\u0105\u017csz i pestki. Teraz narysuj markerem oczy, nos i usta. Wytnij wz\u00f3r no\u017cykiem i wstaw do \u015brodka \u015bwieczk\u0119 lub lampk\u0119 LED.<\/p>\n<h3>Dekoracja jesienna na okno<\/h3>\n<p>Mg\u0142a za oknem ju\u017c sama w sobie tworzy klimat, a je\u015bli na dodatek ozdobisz ram\u0119 okienn\u0105 w jesiennym stylu, klimat gwarantowany. <strong>Zr\u00f3b girland\u0119 z suszonych plastr\u00f3w pomara\u0144czy<\/strong> lub kup gotowe <a href=\"https:\/\/www.pakamera.pl\/wianki-0-2694.htm\" target=\"_blank\" rel=\"noopener\">wianki jesienne<\/a> z li\u015bci i owoc\u00f3w.<strong> Mo\u017cesz te\u017c zawiesi\u0107 wisz\u0105ce ozdoby<\/strong> (np. ptaszki, wiewi\u00f3rki, duszki lub makram\u0119).<\/p>\n<div id=\"pakawidget2181\" class=\"pakawidget\"><\/div>\n<p><script async defer src=\"https:\/\/www.pakamera.pl\/widget\/widget2.min.js?id=2181&#038;type=20251023111235&#038;wwidth=1000\"><\/script><\/p>\n<h3>Jesienne dekoracje na parapet<\/h3>\n<p>Samo okno warto te\u017c do\u015bwietli\u0107, np. <strong>du\u017cym szklanym s\u0142oikiem z tealightami LED lub lampkami na sznurku<\/strong>. Raczej nie stawiaj na parapecie prawdziwych \u015bwieczek, bo b\u0119d\u0105 stanowi\u0107 zagro\u017cenie (zw\u0142aszcza je\u015bli masz powieszone firanki).<\/p>\n<p>Jesienne dekoracje na parapet to r\u00f3wnie\u017c<strong> ceramiczna lub terakotowa doniczka z wrzosami, wazon z szyszkami zebranymi w lesie lub miniaturowe dynie oraz porcelanowe grzyby<\/strong>.<\/p>\n<h3>Dekoracje jesienne figurki<\/h3>\n<p>Jesienne wn\u0119trze nabiera uroku, gdy udekorujesz je ceramicznymi, szklanymi lub drewnianymi figurkami zwierz\u0105t kojarz\u0105cych si\u0119 z t\u0105 por\u0105 roku. Lis, sowy, je\u017ca lub wiewi\u00f3rki, li\u015bcie, grzyby i dynie to dokona\u0142y wyb\u00f3r na t\u0119 por\u0119 roku.<\/p>\n<h3>Jesienne dekoracje z dyni\u0105<\/h3>\n<p>Jesienne dekoracje z dyni\u0105 mog\u0105 by\u0107 wykonane z naturalnych owoc\u00f3w, ale te szybko si\u0119 psuj\u0105. Dlatego <strong>lepiej zainwestowa\u0107 w ozdoby z ceramiki, szk\u0142a lub filcu autorstwa polskich rzemie\u015blnik\u00f3w<\/strong>.<\/p>\n<h3>Dekoracja jesienna w szkle<\/h3>\n<p>Szk\u0142o ju\u017c na pierwszy rzut oka wygl\u0105da lepiej ni\u017c plastik, dlatego ozdoby z niego wykonane wygl\u0105daj\u0105 lepiej. <strong>Na jesienne dekoracje mo\u017cesz wykorzysta\u0107 szklane s\u0142oiki<\/strong> wype\u0142nione np. kasz\u0105, fasol\u0105, soczewic\u0105 i suchymi li\u015b\u0107mi. <strong>Szklane wazony z traw\u0105 pampasow\u0105, ga\u0142\u0105zkami lub suchymi bukietami <\/strong>b\u0119d\u0105 r\u00f3wnie dobrym pomys\u0142em. Uwag\u0119 b\u0119d\u0105 przykuwa\u0107 tak\u017ce <strong>ozdoby z barwionego szk\u0142a w kolorze bursztynowym, zielonym lub br\u0105zowym<\/strong>. Hitem s\u0105 oczywi\u015bcie te\u017c <strong>dekoracje jesienne z wrzosami w szklanej donicy<\/strong>.<\/p>\n<div id=\"pakawidget2182\" class=\"pakawidget\"><\/div>\n<p><script async defer src=\"https:\/\/www.pakamera.pl\/widget\/widget2.min.js?id=2182&#038;type=20251023111337&#038;wwidth=1000\"><\/script><\/p>\n<h2>Jak \u0142atwo stworzy\u0107 przytuln\u0105 jesienn\u0105 aran\u017cacj\u0119 w salonie?<\/h2>\n<p>Jesienna dekoracja salonu ma by\u0107 przytulna, a za przytuln\u0105 atmosfer\u0119 odpowiadaj\u0105 ma\u0142e elementy: <strong>mi\u0119kkie poduszki, koce, ciep\u0142e \u015bwiat\u0142o, drewniane elementy, ro\u015blinno\u015b\u0107 i zapachy<\/strong>. Do jesiennego wn\u0119trza pasuj\u0105 <strong>tekstylia w kolorze pomara\u0144czowym, zielonym i musztardowym wykonane z we\u0142ny, weluru lub bawe\u0142ny o grubym splocie<\/strong>. \u015awietnym pomys\u0142em jest <a href=\"https:\/\/www.pakamera.pl\/makatka-0-t8359.htm\" target=\"_blank\" rel=\"noopener\">makatka<\/a> z \u017cyczliwym przes\u0142aniem.<\/p>\n<p><a href=\"https:\/\/www.pakamera.pl\/magazyn\/jakie-oswietlenie-do-salonu-wybrac\/\" target=\"_blank\" rel=\"noopener\">Jakie o\u015bwietlenie do salonu wybra\u0107?<\/a> <strong>Ciep\u0142e, mi\u0119kkie, jesienne \u015bwiat\u0142o uzyskasz za pomoc\u0105 \u015bwieczek, lampek z kloszem (stoj\u0105cych i biurowych) oraz plafon\u00f3w daj\u0105cych mo\u017cliwo\u015b\u0107 regulowania barwy<\/strong>. \u015awieczki, opr\u00f3cz tego, \u017ce do\u015bwietlaj\u0105 pomieszczenie i buduj\u0105 atmosfer\u0119, na dodatek pi\u0119knie pachn\u0105. Od pa\u017adziernika do stycznia wybieraj zapach cynamonu, go\u017adzik\u00f3w, ciastek waniliowych, cedru, jod\u0142y lub pomara\u0144czy.<\/p>\n<p><strong>Jesienne dekoracje do pokoju, salonu i kuchni znajdziesz na Pakamera.pl<\/strong>. Odwied\u017a sklep i sprawd\u017a, co przygotowali polscy rzemie\u015blnicy, \u017ceby uprzyjemni\u0107 Ci ten sezon.<\/p>\n","protected":false},"excerpt":{"rendered":"<p>Za oknem szaro i buro. Ciep\u0142e dni pozosta\u0142y tylko w mi\u0142ych wspomnieniach i trzeba jako\u015b dotrwa\u0107 do okresu \u015bwi\u0105tecznego, \u017ceby znowu by\u0142o kolorowo i weso\u0142o. A mo\u017ce wcale nie? Zobacz,<span class=\"more-dots\">&#8230;<\/span><\/p>\n","protected":false},"author":17,"featured_media":13992,"comment_status":"closed","ping_status":"closed","sticky":false,"template":"","format":"standard","meta":{"footnotes":""},"categories":[12],"tags":[1674,2316,2317],"class_list":["post-13991","post","type-post","status-publish","format-standard","has-post-thumbnail","hentry","category-dom-i-wnetrza","tag-halloween","tag-jesienne-dekoracje-do-domu","tag-wianek-z-suszonych-kwiatow"],"yoast_head":"<!-- This site is optimized with the Yoast SEO plugin v21.6 - https:\/\/yoast.com\/wordpress\/plugins\/seo\/ -->\n<title>Jak stworzy\u0107 jesienn\u0105 dekoracj\u0119 w salonie? Praktyczne inspiracje - Magazyn Pakamera.pl<\/title>\n<meta name=\"description\" content=\"Zastanawiasz si\u0119 jak stworzy\u0107 jesienn\u0105 dekoracj\u0119 w salonie? Zobacz jak w prosty spos\u00f3b przygotowa\u0107 swoje mieszkanie na jesie\u0144.\" \/>\n<meta name=\"robots\" content=\"index, follow\" \/>\n<link rel=\"canonical\" href=\"https:\/\/www.pakamera.pl\/magazyn\/jak-stworzyc-jesienna-dekoracje-w-salonie-praktyczne-inspiracje\/\" \/>\n<meta property=\"og:locale\" content=\"pl_PL\" \/>\n<meta property=\"og:type\" content=\"article\" \/>\n<meta property=\"og:title\" content=\"Jak stworzy\u0107 jesienn\u0105 dekoracj\u0119 w salonie? Praktyczne inspiracje - Magazyn Pakamera.pl\" \/>\n<meta property=\"og:description\" content=\"Zastanawiasz si\u0119 jak stworzy\u0107 jesienn\u0105 dekoracj\u0119 w salonie? Zobacz jak w prosty spos\u00f3b przygotowa\u0107 swoje mieszkanie na jesie\u0144.\" \/>\n<meta property=\"og:url\" content=\"https:\/\/www.pakamera.pl\/magazyn\/jak-stworzyc-jesienna-dekoracje-w-salonie-praktyczne-inspiracje\/\" \/>\n<meta property=\"og:site_name\" content=\"Magazyn Pakamera.pl\" \/>\n<meta property=\"article:publisher\" content=\"https:\/\/facebook.com\/pakamerapl\" \/>\n<meta property=\"article:published_time\" content=\"2025-10-23T09:15:15+00:00\" \/>\n<meta property=\"article:modified_time\" content=\"2025-10-23T09:22:29+00:00\" \/>\n<meta property=\"og:image\" content=\"https:\/\/imgmag.pakamera.net\/2025\/10\/jak-stworzyc-jesienna-dekoracje-w-salonie-praktyczne-inspiracje-110639825775.jpg\" \/>\n\t<meta property=\"og:image:width\" content=\"1600\" \/>\n\t<meta property=\"og:image:height\" content=\"840\" \/>\n\t<meta property=\"og:image:type\" content=\"image\/jpeg\" \/>\n<meta name=\"author\" content=\"Agnieszka Pilska\" \/>\n<meta name=\"twitter:card\" content=\"summary_large_image\" \/>\n<meta name=\"twitter:label1\" content=\"Napisane przez\" \/>\n\t<meta name=\"twitter:data1\" content=\"Agnieszka Pilska\" \/>\n\t<meta name=\"twitter:label2\" content=\"Szacowany czas czytania\" \/>\n\t<meta name=\"twitter:data2\" content=\"5 minut\" \/>\n<script type=\"application\/ld+json\" class=\"yoast-schema-graph\">{\"@context\":\"https:\/\/schema.org\",\"@graph\":[{\"@type\":\"Article\",\"@id\":\"https:\/\/www.pakamera.pl\/magazyn\/jak-stworzyc-jesienna-dekoracje-w-salonie-praktyczne-inspiracje\/#article\",\"isPartOf\":{\"@id\":\"https:\/\/www.pakamera.pl\/magazyn\/jak-stworzyc-jesienna-dekoracje-w-salonie-praktyczne-inspiracje\/\"},\"author\":{\"name\":\"Agnieszka Pilska\",\"@id\":\"https:\/\/www.pakamera.pl\/magazyn\/#\/schema\/person\/572f3f4a9ab09d0378471fe80a2db902\"},\"headline\":\"Jak stworzy\u0107 jesienn\u0105 dekoracj\u0119 w salonie? Praktyczne inspiracje\",\"datePublished\":\"2025-10-23T09:15:15+00:00\",\"dateModified\":\"2025-10-23T09:22:29+00:00\",\"mainEntityOfPage\":{\"@id\":\"https:\/\/www.pakamera.pl\/magazyn\/jak-stworzyc-jesienna-dekoracje-w-salonie-praktyczne-inspiracje\/\"},\"wordCount\":924,\"publisher\":{\"@id\":\"https:\/\/www.pakamera.pl\/magazyn\/#organization\"},\"keywords\":[\"halloween\",\"jesienne dekoracje do domu\",\"wianek z suszonych kwiat\u00f3w\"],\"articleSection\":[\"Dom i Wn\u0119trze\"],\"inLanguage\":\"pl-PL\"},{\"@type\":\"WebPage\",\"@id\":\"https:\/\/www.pakamera.pl\/magazyn\/jak-stworzyc-jesienna-dekoracje-w-salonie-praktyczne-inspiracje\/\",\"url\":\"https:\/\/www.pakamera.pl\/magazyn\/jak-stworzyc-jesienna-dekoracje-w-salonie-praktyczne-inspiracje\/\",\"name\":\"Jak stworzy\u0107 jesienn\u0105 dekoracj\u0119 w salonie? Praktyczne inspiracje - Magazyn Pakamera.pl\",\"isPartOf\":{\"@id\":\"https:\/\/www.pakamera.pl\/magazyn\/#website\"},\"datePublished\":\"2025-10-23T09:15:15+00:00\",\"dateModified\":\"2025-10-23T09:22:29+00:00\",\"description\":\"Zastanawiasz si\u0119 jak stworzy\u0107 jesienn\u0105 dekoracj\u0119 w salonie? Zobacz jak w prosty spos\u00f3b przygotowa\u0107 swoje mieszkanie na jesie\u0144.\",\"breadcrumb\":{\"@id\":\"https:\/\/www.pakamera.pl\/magazyn\/jak-stworzyc-jesienna-dekoracje-w-salonie-praktyczne-inspiracje\/#breadcrumb\"},\"inLanguage\":\"pl-PL\",\"potentialAction\":[{\"@type\":\"ReadAction\",\"target\":[\"https:\/\/www.pakamera.pl\/magazyn\/jak-stworzyc-jesienna-dekoracje-w-salonie-praktyczne-inspiracje\/\"]}]},{\"@type\":\"BreadcrumbList\",\"@id\":\"https:\/\/www.pakamera.pl\/magazyn\/jak-stworzyc-jesienna-dekoracje-w-salonie-praktyczne-inspiracje\/#breadcrumb\",\"itemListElement\":[{\"@type\":\"ListItem\",\"position\":1,\"name\":\"Magazyn\",\"item\":\"https:\/\/www.pakamera.pl\/magazyn\/\"},{\"@type\":\"ListItem\",\"position\":2,\"name\":\"Dom i Wn\u0119trze\",\"item\":\"https:\/\/www.pakamera.pl\/magazyn\/category\/dom-i-wnetrza\/\"},{\"@type\":\"ListItem\",\"position\":3,\"name\":\"Jak stworzy\u0107 jesienn\u0105 dekoracj\u0119 w salonie? Praktyczne inspiracje\"}]},{\"@type\":\"WebSite\",\"@id\":\"https:\/\/www.pakamera.pl\/magazyn\/#website\",\"url\":\"https:\/\/www.pakamera.pl\/magazyn\/\",\"name\":\"Magazyn Pakamera.pl\",\"description\":\"Sprawd\u017a najgor\u0119tsze tematy sezonu!\",\"publisher\":{\"@id\":\"https:\/\/www.pakamera.pl\/magazyn\/#organization\"},\"potentialAction\":[{\"@type\":\"SearchAction\",\"target\":{\"@type\":\"EntryPoint\",\"urlTemplate\":\"https:\/\/www.pakamera.pl\/magazyn\/?s={search_term_string}\"},\"query-input\":\"required name=search_term_string\"}],\"inLanguage\":\"pl-PL\"},{\"@type\":\"Organization\",\"@id\":\"https:\/\/www.pakamera.pl\/magazyn\/#organization\",\"name\":\"Pakamera.pl\",\"url\":\"https:\/\/www.pakamera.pl\/magazyn\/\",\"logo\":{\"@type\":\"ImageObject\",\"inLanguage\":\"pl-PL\",\"@id\":\"https:\/\/www.pakamera.pl\/magazyn\/#\/schema\/logo\/image\/\",\"url\":\"https:\/\/imgmag.pakamera.net\/2023\/11\/153455466619.png\",\"contentUrl\":\"https:\/\/imgmag.pakamera.net\/2023\/11\/153455466619.png\",\"width\":690,\"height\":140,\"caption\":\"Pakamera.pl\"},\"image\":{\"@id\":\"https:\/\/www.pakamera.pl\/magazyn\/#\/schema\/logo\/image\/\"},\"sameAs\":[\"https:\/\/facebook.com\/pakamerapl\",\"https:\/\/www.instagram.com\/pakamera\/\"]},{\"@type\":\"Person\",\"@id\":\"https:\/\/www.pakamera.pl\/magazyn\/#\/schema\/person\/572f3f4a9ab09d0378471fe80a2db902\",\"name\":\"Agnieszka Pilska\",\"description\":\"Agnieszka kocha dobry design i wszystko co si\u0119 z nim \u0142\u0105czy. Ma do\u015bwiadczenie w projektowaniu wn\u0119trz dzi\u0119ki czemu ma niesamowity zmys\u0142 estetyczny. Potrafi prostymi dodatkami stworzy\u0107 przestrze\u0144, kt\u00f3ra zachwyci wszystkich.\"}]}<\/script>\n<!-- \/ Yoast SEO plugin. -->","yoast_head_json":{"title":"Jak stworzy\u0107 jesienn\u0105 dekoracj\u0119 w salonie? Praktyczne inspiracje - Magazyn Pakamera.pl","description":"Zastanawiasz si\u0119 jak stworzy\u0107 jesienn\u0105 dekoracj\u0119 w salonie? Zobacz jak w prosty spos\u00f3b przygotowa\u0107 swoje mieszkanie na jesie\u0144.","robots":{"index":"index","follow":"follow"},"canonical":"https:\/\/www.pakamera.pl\/magazyn\/jak-stworzyc-jesienna-dekoracje-w-salonie-praktyczne-inspiracje\/","og_locale":"pl_PL","og_type":"article","og_title":"Jak stworzy\u0107 jesienn\u0105 dekoracj\u0119 w salonie? Praktyczne inspiracje - Magazyn Pakamera.pl","og_description":"Zastanawiasz si\u0119 jak stworzy\u0107 jesienn\u0105 dekoracj\u0119 w salonie? Zobacz jak w prosty spos\u00f3b przygotowa\u0107 swoje mieszkanie na jesie\u0144.","og_url":"https:\/\/www.pakamera.pl\/magazyn\/jak-stworzyc-jesienna-dekoracje-w-salonie-praktyczne-inspiracje\/","og_site_name":"Magazyn Pakamera.pl","article_publisher":"https:\/\/facebook.com\/pakamerapl","article_published_time":"2025-10-23T09:15:15+00:00","article_modified_time":"2025-10-23T09:22:29+00:00","og_image":[{"width":1600,"height":840,"url":"https:\/\/imgmag.pakamera.net\/2025\/10\/jak-stworzyc-jesienna-dekoracje-w-salonie-praktyczne-inspiracje-110639825775.jpg","type":"image\/jpeg"}],"author":"Agnieszka Pilska","twitter_card":"summary_large_image","twitter_misc":{"Napisane przez":"Agnieszka Pilska","Szacowany czas czytania":"5 minut"},"schema":{"@context":"https:\/\/schema.org","@graph":[{"@type":"Article","@id":"https:\/\/www.pakamera.pl\/magazyn\/jak-stworzyc-jesienna-dekoracje-w-salonie-praktyczne-inspiracje\/#article","isPartOf":{"@id":"https:\/\/www.pakamera.pl\/magazyn\/jak-stworzyc-jesienna-dekoracje-w-salonie-praktyczne-inspiracje\/"},"author":{"name":"Agnieszka Pilska","@id":"https:\/\/www.pakamera.pl\/magazyn\/#\/schema\/person\/572f3f4a9ab09d0378471fe80a2db902"},"headline":"Jak stworzy\u0107 jesienn\u0105 dekoracj\u0119 w salonie? Praktyczne inspiracje","datePublished":"2025-10-23T09:15:15+00:00","dateModified":"2025-10-23T09:22:29+00:00","mainEntityOfPage":{"@id":"https:\/\/www.pakamera.pl\/magazyn\/jak-stworzyc-jesienna-dekoracje-w-salonie-praktyczne-inspiracje\/"},"wordCount":924,"publisher":{"@id":"https:\/\/www.pakamera.pl\/magazyn\/#organization"},"keywords":["halloween","jesienne dekoracje do domu","wianek z suszonych kwiat\u00f3w"],"articleSection":["Dom i Wn\u0119trze"],"inLanguage":"pl-PL"},{"@type":"WebPage","@id":"https:\/\/www.pakamera.pl\/magazyn\/jak-stworzyc-jesienna-dekoracje-w-salonie-praktyczne-inspiracje\/","url":"https:\/\/www.pakamera.pl\/magazyn\/jak-stworzyc-jesienna-dekoracje-w-salonie-praktyczne-inspiracje\/","name":"Jak stworzy\u0107 jesienn\u0105 dekoracj\u0119 w salonie? Praktyczne inspiracje - Magazyn Pakamera.pl","isPartOf":{"@id":"https:\/\/www.pakamera.pl\/magazyn\/#website"},"datePublished":"2025-10-23T09:15:15+00:00","dateModified":"2025-10-23T09:22:29+00:00","description":"Zastanawiasz si\u0119 jak stworzy\u0107 jesienn\u0105 dekoracj\u0119 w salonie? Zobacz jak w prosty spos\u00f3b przygotowa\u0107 swoje mieszkanie na jesie\u0144.","breadcrumb":{"@id":"https:\/\/www.pakamera.pl\/magazyn\/jak-stworzyc-jesienna-dekoracje-w-salonie-praktyczne-inspiracje\/#breadcrumb"},"inLanguage":"pl-PL","potentialAction":[{"@type":"ReadAction","target":["https:\/\/www.pakamera.pl\/magazyn\/jak-stworzyc-jesienna-dekoracje-w-salonie-praktyczne-inspiracje\/"]}]},{"@type":"BreadcrumbList","@id":"https:\/\/www.pakamera.pl\/magazyn\/jak-stworzyc-jesienna-dekoracje-w-salonie-praktyczne-inspiracje\/#breadcrumb","itemListElement":[{"@type":"ListItem","position":1,"name":"Magazyn","item":"https:\/\/www.pakamera.pl\/magazyn\/"},{"@type":"ListItem","position":2,"name":"Dom i Wn\u0119trze","item":"https:\/\/www.pakamera.pl\/magazyn\/category\/dom-i-wnetrza\/"},{"@type":"ListItem","position":3,"name":"Jak stworzy\u0107 jesienn\u0105 dekoracj\u0119 w salonie? Praktyczne inspiracje"}]},{"@type":"WebSite","@id":"https:\/\/www.pakamera.pl\/magazyn\/#website","url":"https:\/\/www.pakamera.pl\/magazyn\/","name":"Magazyn Pakamera.pl","description":"Sprawd\u017a najgor\u0119tsze tematy sezonu!","publisher":{"@id":"https:\/\/www.pakamera.pl\/magazyn\/#organization"},"potentialAction":[{"@type":"SearchAction","target":{"@type":"EntryPoint","urlTemplate":"https:\/\/www.pakamera.pl\/magazyn\/?s={search_term_string}"},"query-input":"required name=search_term_string"}],"inLanguage":"pl-PL"},{"@type":"Organization","@id":"https:\/\/www.pakamera.pl\/magazyn\/#organization","name":"Pakamera.pl","url":"https:\/\/www.pakamera.pl\/magazyn\/","logo":{"@type":"ImageObject","inLanguage":"pl-PL","@id":"https:\/\/www.pakamera.pl\/magazyn\/#\/schema\/logo\/image\/","url":"https:\/\/imgmag.pakamera.net\/2023\/11\/153455466619.png","contentUrl":"https:\/\/imgmag.pakamera.net\/2023\/11\/153455466619.png","width":690,"height":140,"caption":"Pakamera.pl"},"image":{"@id":"https:\/\/www.pakamera.pl\/magazyn\/#\/schema\/logo\/image\/"},"sameAs":["https:\/\/facebook.com\/pakamerapl","https:\/\/www.instagram.com\/pakamera\/"]},{"@type":"Person","@id":"https:\/\/www.pakamera.pl\/magazyn\/#\/schema\/person\/572f3f4a9ab09d0378471fe80a2db902","name":"Agnieszka Pilska","description":"Agnieszka kocha dobry design i wszystko co si\u0119 z nim \u0142\u0105czy. Ma do\u015bwiadczenie w projektowaniu wn\u0119trz dzi\u0119ki czemu ma niesamowity zmys\u0142 estetyczny. Potrafi prostymi dodatkami stworzy\u0107 przestrze\u0144, kt\u00f3ra zachwyci wszystkich."}]}},"_links":{"self":[{"href":"https:\/\/www.pakamera.pl\/magazyn\/wp-json\/wp\/v2\/posts\/13991","targetHints":{"allow":["GET"]}}],"collection":[{"href":"https:\/\/www.pakamera.pl\/magazyn\/wp-json\/wp\/v2\/posts"}],"about":[{"href":"https:\/\/www.pakamera.pl\/magazyn\/wp-json\/wp\/v2\/types\/post"}],"author":[{"embeddable":true,"href":"https:\/\/www.pakamera.pl\/magazyn\/wp-json\/wp\/v2\/users\/17"}],"replies":[{"embeddable":true,"href":"https:\/\/www.pakamera.pl\/magazyn\/wp-json\/wp\/v2\/comments?post=13991"}],"version-history":[{"count":1,"href":"https:\/\/www.pakamera.pl\/magazyn\/wp-json\/wp\/v2\/posts\/13991\/revisions"}],"predecessor-version":[{"id":13994,"href":"https:\/\/www.pakamera.pl\/magazyn\/wp-json\/wp\/v2\/posts\/13991\/revisions\/13994"}],"wp:featuredmedia":[{"embeddable":true,"href":"https:\/\/www.pakamera.pl\/magazyn\/wp-json\/wp\/v2\/media\/13992"}],"wp:attachment":[{"href":"https:\/\/www.pakamera.pl\/magazyn\/wp-json\/wp\/v2\/media?parent=13991"}],"wp:term":[{"taxonomy":"category","embeddable":true,"href":"https:\/\/www.pakamera.pl\/magazyn\/wp-json\/wp\/v2\/categories?post=13991"},{"taxonomy":"post_tag","embeddable":true,"href":"https:\/\/www.pakamera.pl\/magazyn\/wp-json\/wp\/v2\/tags?post=13991"}],"curies":[{"name":"wp","href":"https:\/\/api.w.org\/{rel}","templated":true}]}}