{"id":13881,"date":"2025-09-16T11:05:22","date_gmt":"2025-09-16T09:05:22","guid":{"rendered":"https:\/\/www.pakamera.pl\/magazyn\/?p=13881"},"modified":"2025-09-16T11:05:22","modified_gmt":"2025-09-16T09:05:22","slug":"jak-dobrac-rozmiar-plaszcza-damskiego","status":"publish","type":"post","link":"https:\/\/www.pakamera.pl\/magazyn\/jak-dobrac-rozmiar-plaszcza-damskiego\/","title":{"rendered":"Jak dobra\u0107 rozmiar p\u0142aszcza damskiego?"},"content":{"rendered":"<p><strong>Od\u015bwie\u017casz garderob\u0119 na nowy sezon jesienno-zimowy i zastanawiasz si\u0119, jak dobra\u0107 rozmiar p\u0142aszcza damskiego, \u017ceby dobrze na Tobie le\u017ca\u0142? Zobacz, co zrobi\u0107, \u017ceby nie mie\u0107 niemi\u0142ej niespodzianki podczas zakup\u00f3w online\u2026<\/strong><\/p>\n<p><!--more--><\/p>\n<figure id=\"attachment_13882\" aria-describedby=\"caption-attachment-13882\" style=\"width: 1600px\" class=\"wp-caption alignnone\"><img loading=\"lazy\" decoding=\"async\" class=\"wp-image-13882 size-full\" src=\"https:\/\/imgmag.pakamera.net\/2025\/09\/jak-dobrac-rozmiar-plaszcza-damskiego-102613497226.jpg\" alt=\"Jak dobra\u0107 rozmiar p\u0142aszcza damskiego?\" width=\"1600\" height=\"840\" \/><figcaption id=\"caption-attachment-13882\" class=\"wp-caption-text\">P\u0142aszcz Jode\u0142ka Czekolada \/ BUBALA \/ www.pakamera.pl<\/figcaption><\/figure>\n<p>Pozostawianie doboru rozmiaru przypadkowi sko\u0144czy si\u0119 tym, \u017ce w Twojej szafie wyl\u0105duje p\u0142aszcz, kt\u00f3ry jest tak ma\u0142y, \u017ce ledwo si\u0119 w niego wciskasz albo tak du\u017cy, \u017ce b\u0119dzie wygl\u0105da\u0142 jak po\u017cyczony od starszej siostry.<\/p>\n<h2>Zanim wybierzesz rozmiar \u2013 jak powinien le\u017ce\u0107 p\u0142aszcz?<\/h2>\n<p>Dobry p\u0142aszcz powinien le\u017ce\u0107 na Tobie swobodnie. Du\u017cy wp\u0142yw na to, jak wygl\u0105dasz w p\u0142aszczu ma g\u00f3rna cz\u0119\u015b\u0107 stroju. <strong>Szwy musz\u0105 znajdowa\u0107 si\u0119 dok\u0142adnie w miejscu, gdzie ko\u0144cz\u0105 si\u0119 Twoje ramiona<\/strong>. Je\u015bli opadaj\u0105 Ci na r\u0119ce, p\u0142aszcz jest za du\u017cy, je\u015bli ci\u0105gn\u0105 w g\u00f3r\u0119, gdy podnosisz r\u0119ce za ma\u0142y.<\/p>\n<p>Czy p\u0142aszcz powinien by\u0107 dopasowany? Oczywi\u015bcie!<strong> Jego r\u0119kawy powinny ko\u0144czy\u0107 si\u0119 tu\u017c przy nadgarstkach<\/strong>. W naturalnej pozycji z r\u0119kami wzd\u0142u\u017c cia\u0142a si\u0119gaj\u0105 do podstawy kciuka. Zapi\u0119ty p\u0142aszcz nie mo\u017ce marszczy\u0107 si\u0119 wok\u00f3\u0142 guzik\u00f3w ani tworzy\u0107 fa\u0142d na piersiach.<\/p>\n<p>Jak powinien le\u017ce\u0107 <a href=\"https:\/\/www.pakamera.pl\/plaszcze-0-1905.htm\" target=\"_blank\" rel=\"noopener\">p\u0142aszcz damski<\/a>? <strong>Podczas pierwszej przymiarki podnie\u015b r\u0119ce, wykonaj kilka krok\u00f3w, usi\u0105d\u017a<\/strong>. Sprawd\u017a, czy mo\u017cesz wykona\u0107 wszystkie ruchy. <strong>Si\u0119gnij te\u017c przed siebie, \u017ceby sprawdzi\u0107, czy ubranie jest dobrze dopasowane na plecach<\/strong>.<\/p>\n<div id=\"pakawidget2122\" class=\"pakawidget\"><\/div>\n<p><script async defer src=\"https:\/\/www.pakamera.pl\/widget\/widget2.min.js?id=2122&#038;type=20250916102930&#038;wwidth=1000\"><\/script><br \/>\nPonadto <strong>p\u0142aszcz powinien ko\u0144czy\u0107 si\u0119 w miejscu, kt\u00f3re optycznie wyd\u0142u\u017ca Twoje nogi<\/strong>. Najgorsza d\u0142ugo\u015b\u0107 to d\u0142ugo\u015b\u0107 do po\u0142owy \u0142ydki, poniewa\u017c optycznie skraca sylwetk\u0119. Lepiej wybierz model ko\u0144cz\u0105cy si\u0119 tu\u017c poni\u017cej kolan lub si\u0119gaj\u0105cy kostek.<\/p>\n<p><a href=\"https:\/\/www.pakamera.pl\/magazyn\/jak-dobrac-plaszcz-do-sylwetki\/\" target=\"_blank\" rel=\"noopener\">Jak dobra\u0107 p\u0142aszcz do sylwetki<\/a>? Rozmiar to nie wszystko. R\u00f3wnie wa\u017cny jest kr\u00f3j. Je\u015bli masz wyra\u017an\u0105 tali\u0119, nie ukrywaj jej pod pude\u0142kowym p\u0142aszczem oversize. Wybierz dopasowany model z paskiem. P\u0142aszcz o prostym kroju wyr\u00f3wnuje balans mi\u0119dzy ramionami i biodrami przy szerokich biodrach, a p\u0142aszcz z klapami lub poduszkami w ramionach optycznie poszerza g\u00f3rn\u0105 cz\u0119\u015b\u0107 cia\u0142a.<\/p>\n<h2>Jak prawid\u0142owo mierzy\u0107 p\u0142aszcze damskie?<\/h2>\n<p>Jak dobra\u0107 rozmiar p\u0142aszcza? Zanim przejdziemy do szczeg\u00f3\u0142\u00f3w, warto wspomnie\u0107 o jednym. <strong>Mierz si\u0119 w ubraniach, kt\u00f3re b\u0119dziesz nosi\u0107 pod spodem, nie w bieli\u017anie<\/strong>. Je\u015bli o tym zapomnisz, to na 99% kupisz za ma\u0142y p\u0142aszcz.<\/p>\n<figure id=\"attachment_13883\" aria-describedby=\"caption-attachment-13883\" style=\"width: 1600px\" class=\"wp-caption alignnone\"><img loading=\"lazy\" decoding=\"async\" class=\"wp-image-13883 size-full\" src=\"https:\/\/imgmag.pakamera.net\/2025\/09\/jak-dobrac-rozmiar-plaszcza-damskiego-102613911993.jpg\" alt=\"stylowy, bardzo ciep\u0142y, klasyczny p\u0142aszcz uszyty z ciep\u0142ej, we\u0142ny gotowanej w kolorze \u015bliwkowym z wy\u017cszym ko\u0142nierzem szalowym\" width=\"1600\" height=\"840\" \/><figcaption id=\"caption-attachment-13883\" class=\"wp-caption-text\">Plum col haut coat \/ pudu \/ www.pakamera.pl<\/figcaption><\/figure>\n<h3>Wymiary p\u0142aszcza \u2013 jak mierzy\u0107?<\/h3>\n<p>Na stronach sklep\u00f3w internetowych cz\u0119sto podawane s\u0105 wymiary p\u0142aszcza na p\u0142asko: szeroko\u015b\u0107 pod pachami, szeroko\u015b\u0107 ramion, d\u0142ugo\u015b\u0107 ca\u0142kowit\u0105, d\u0142ugo\u015b\u0107 r\u0119kawa, d\u0142ugo\u015b\u0107 r\u0119kawa od pachy i szeroko\u015b\u0107 na dole. \u017beby je sprawdzi\u0107, zmierz p\u0142aszcz, w kt\u00f3rym ju\u017c chodzi\u0142a\u015b i dobrze le\u017ca\u0142.<\/p>\n<ul>\n<li>Szeroko\u015b\u0107 pod pachami mierz poziomo. Ten pomiar decyduje, czy p\u0142aszcz si\u0119 zapnie bez problem\u00f3w.<\/li>\n<li><strong>Szeroko\u015b\u0107 ramion mierz na plecach<\/strong>, od szwu jednego r\u0119kawa do drugiego.<\/li>\n<li><strong>D\u0142ugo\u015b\u0107 ca\u0142kowit\u0105 sprawdzaj od podstawy szyi z ty\u0142u<\/strong>, przez \u015brodek plec\u00f3w, do brzegu ubrania.<\/li>\n<li>D\u0142ugo\u015b\u0107 r\u0119kawa mierz od szwu naramiennego do ko\u0144ca r\u0119kawa.<\/li>\n<li>D\u0142ugo\u015b\u0107 r\u0119kawa od pachy to pomiar pomocniczy.<\/li>\n<li>Szeroko\u015b\u0107 na dole zbierz w najszerszym miejscu bioder, prowadz\u0105c centymetr poziomo.<\/li>\n<\/ul>\n<div id=\"pakawidget2123\" class=\"pakawidget\"><\/div>\n<p><script async defer src=\"https:\/\/www.pakamera.pl\/widget\/widget2.min.js?id=2123&#038;type=20250916104920&#038;wwidth=1000\"><\/script><br \/>\nNiekt\u00f3re sklepy podaj\u0105 r\u00f3wnie\u017c tabele rozmiar\u00f3w z wymiarami cia\u0142a. Wtedy potrzebujemy zebra\u0107 pomiary z:<\/p>\n<ul>\n<li>biustu \u2013 mi\u0119dzy pachami, na wysoko\u015bci \u015brodka piersi;<\/li>\n<li>talii \u2013 w najw\u0119\u017cszym miejscu, mniej wi\u0119cej na wysoko\u015bci p\u0119pka;<\/li>\n<li>bioder \u2013 w najszerszym miejscu, mniej wi\u0119cej w po\u0142owie po\u015bladk\u00f3w;<\/li>\n<li>ramion \u2013 na plecach od wszycia jednego r\u0119kawa do wszycia drugiego r\u0119kawa;<\/li>\n<li>plec\u00f3w \u2013 od \u0142\u0105czenia z ko\u0142nierzem w d\u00f3\u0142 przez \u015brodek plec\u00f3w;<\/li>\n<li>d\u0142ugo\u015b\u0107 r\u0119kawa \u2013 od szwu naramiennego do ko\u0144ca mankietu.<\/li>\n<\/ul>\n<p>Zobacz te\u017c, <a href=\"https:\/\/www.pakamera.pl\/magazyn\/jak-dobrac-plaszcz-do-sukienki-wskazowki-i-trendy\/\" target=\"_blank\" rel=\"noopener\">jak dobra\u0107 p\u0142aszcz do sukienki<\/a>.<\/p>\n<h2>Jaki rozmiar p\u0142aszcza wybra\u0107 \u2013 mniejszy czy wi\u0119kszy?<\/h2>\n<p>Nie ma jednej prostej odpowiedzi na to pytanie. Najlepiej jest wybra\u0107 rozmiar idealny! Ogromne znaczenie ma rodzaj p\u0142aszcza, poniewa\u017c <strong>ocieplany p\u0142aszcz zimowy lub oversize ma lu\u017aniejszy kr\u00f3j, a elegancki trencz powinien by\u0107 dopasowany<\/strong>, \u017ceby podkre\u015bli\u0107 sylwetk\u0119.<\/p>\n<p>Je\u015bli du\u017co chodzisz pieszo i je\u017adzisz komunikacj\u0105 publiczn\u0105, id\u017a w stron\u0119 wi\u0119kszego rozmiaru, poniewa\u017c jest bardziej praktyczny. W eleganckich okoliczno\u015bciach z kolei b\u0119dziesz lepiej wygl\u0105da\u0107 w ciut bardziej dopasowanym ubraniu.<\/p>\n<div id=\"pakawidget2124\" class=\"pakawidget\"><\/div>\n<p><script async defer src=\"https:\/\/www.pakamera.pl\/widget\/widget2.min.js?id=2124&#038;type=20250916105014&#038;wwidth=1000\"><\/script><br \/>\n<strong>Je\u015bli jeste\u015b zmarzluchem, r\u00f3wnie\u017c wybierz wi\u0119kszy p\u0142aszcz<\/strong>. Grube swetry i kardigany pod spodem tworz\u0105 na tyle grub\u0105 warstw\u0119, \u017ce w mniejszym rozmiarze b\u0119dziesz si\u0119 dusi\u0107. <strong>Z czasem p\u0142aszcze damskie z naturalnej we\u0142ny mog\u0105 si\u0119 nieznacznie rozci\u0105gn\u0105\u0107. Warto to uwzgl\u0119dni\u0107 przy wyborze rozmiaru<\/strong>.<\/p>\n<p>Jaki rozmiar p\u0142aszcza b\u0119dzie odpowiedni? Je\u015bli wahasz si\u0119 mi\u0119dzy mniejszym i wi\u0119kszym, zam\u00f3w oba, przymierz i wybierz ten w kt\u00f3rym czujesz si\u0119 najlepiej. A przy okazji dobierz dodatki: <a href=\"https:\/\/www.pakamera.pl\/szale-i-apaszki-0-1903.htm\" target=\"_blank\" rel=\"noopener\">szaliki damskie<\/a>, czapki i r\u0119kawiczki.<\/p>\n<p><strong>Na Pakamera.pl znajdziesz wyj\u0105tkowe p\u0142aszcze od polskich marek<\/strong>. Przejrzyj ofert\u0119 ubra\u0144 wykonanych w polskich szwalniach i wybierz co\u015b dla siebie!<\/p>\n","protected":false},"excerpt":{"rendered":"<p>Od\u015bwie\u017casz garderob\u0119 na nowy sezon jesienno-zimowy i zastanawiasz si\u0119, jak dobra\u0107 rozmiar p\u0142aszcza damskiego, \u017ceby dobrze na Tobie le\u017ca\u0142? Zobacz, co zrobi\u0107, \u017ceby nie mie\u0107 niemi\u0142ej niespodzianki podczas zakup\u00f3w online\u2026<\/p>\n","protected":false},"author":16,"featured_media":13882,"comment_status":"closed","ping_status":"closed","sticky":false,"template":"","format":"standard","meta":{"footnotes":""},"categories":[3],"tags":[529,528,243,2240,526,527,578,581,579],"class_list":["post-13881","post","type-post","status-publish","format-standard","has-post-thumbnail","hentry","category-moda","tag-modne-plaszcze","tag-modny-plaszcz","tag-plaszcz","tag-plaszcz-jesienny","tag-plaszcz-na-jesien","tag-plaszcz-na-zime","tag-plaszcz-oversize","tag-welniany-plaszcz","tag-zimowy-plaszcz"],"yoast_head":"<!-- This site is optimized with the Yoast SEO plugin v21.6 - https:\/\/yoast.com\/wordpress\/plugins\/seo\/ -->\n<title>Jak dobra\u0107 rozmiar p\u0142aszcza damskiego? - Magazyn Pakamera.pl<\/title>\n<meta name=\"description\" content=\"Zastanawiasz si\u0119 jak dobra\u0107 rozmiar p\u0142aszcza damskiego? Zobacz na co zwr\u00f3ci\u0107 uwag\u0119 podczas zakupu aby p\u0142aszcz pozosta\u0142 z tob\u0105 na lata.\" \/>\n<meta name=\"robots\" content=\"index, follow\" \/>\n<link rel=\"canonical\" href=\"https:\/\/www.pakamera.pl\/magazyn\/jak-dobrac-rozmiar-plaszcza-damskiego\/\" \/>\n<meta property=\"og:locale\" content=\"pl_PL\" \/>\n<meta property=\"og:type\" content=\"article\" \/>\n<meta property=\"og:title\" content=\"Jak dobra\u0107 rozmiar p\u0142aszcza damskiego? - Magazyn Pakamera.pl\" \/>\n<meta property=\"og:description\" content=\"Zastanawiasz si\u0119 jak dobra\u0107 rozmiar p\u0142aszcza damskiego? Zobacz na co zwr\u00f3ci\u0107 uwag\u0119 podczas zakupu aby p\u0142aszcz pozosta\u0142 z tob\u0105 na lata.\" \/>\n<meta property=\"og:url\" content=\"https:\/\/www.pakamera.pl\/magazyn\/jak-dobrac-rozmiar-plaszcza-damskiego\/\" \/>\n<meta property=\"og:site_name\" content=\"Magazyn Pakamera.pl\" \/>\n<meta property=\"article:publisher\" content=\"https:\/\/facebook.com\/pakamerapl\" \/>\n<meta property=\"article:published_time\" content=\"2025-09-16T09:05:22+00:00\" \/>\n<meta property=\"og:image\" content=\"https:\/\/imgmag.pakamera.net\/2025\/09\/jak-dobrac-rozmiar-plaszcza-damskiego-102613497226.jpg\" \/>\n\t<meta property=\"og:image:width\" content=\"1600\" \/>\n\t<meta property=\"og:image:height\" content=\"840\" \/>\n\t<meta property=\"og:image:type\" content=\"image\/jpeg\" \/>\n<meta name=\"author\" content=\"Magda Strzelecka\" \/>\n<meta name=\"twitter:card\" content=\"summary_large_image\" \/>\n<meta name=\"twitter:label1\" content=\"Napisane przez\" \/>\n\t<meta name=\"twitter:data1\" content=\"Magda Strzelecka\" \/>\n\t<meta name=\"twitter:label2\" content=\"Szacowany czas czytania\" \/>\n\t<meta name=\"twitter:data2\" content=\"5 minut\" \/>\n<script type=\"application\/ld+json\" class=\"yoast-schema-graph\">{\"@context\":\"https:\/\/schema.org\",\"@graph\":[{\"@type\":\"Article\",\"@id\":\"https:\/\/www.pakamera.pl\/magazyn\/jak-dobrac-rozmiar-plaszcza-damskiego\/#article\",\"isPartOf\":{\"@id\":\"https:\/\/www.pakamera.pl\/magazyn\/jak-dobrac-rozmiar-plaszcza-damskiego\/\"},\"author\":{\"name\":\"Magda Strzelecka\",\"@id\":\"https:\/\/www.pakamera.pl\/magazyn\/#\/schema\/person\/375940ab821c5af50e1e31f1ec5282b5\"},\"headline\":\"Jak dobra\u0107 rozmiar p\u0142aszcza damskiego?\",\"datePublished\":\"2025-09-16T09:05:22+00:00\",\"dateModified\":\"2025-09-16T09:05:22+00:00\",\"mainEntityOfPage\":{\"@id\":\"https:\/\/www.pakamera.pl\/magazyn\/jak-dobrac-rozmiar-plaszcza-damskiego\/\"},\"wordCount\":887,\"publisher\":{\"@id\":\"https:\/\/www.pakamera.pl\/magazyn\/#organization\"},\"keywords\":[\"modne p\u0142aszcze\",\"modny p\u0142aszcz\",\"p\u0142aszcz\",\"p\u0142aszcz jesienny\",\"p\u0142aszcz na jesie\u0144\",\"p\u0142aszcz na zim\u0119\",\"p\u0142aszcz oversize\",\"we\u0142niany p\u0142aszcz\",\"zimowy p\u0142aszcz\"],\"articleSection\":[\"Moda\"],\"inLanguage\":\"pl-PL\"},{\"@type\":\"WebPage\",\"@id\":\"https:\/\/www.pakamera.pl\/magazyn\/jak-dobrac-rozmiar-plaszcza-damskiego\/\",\"url\":\"https:\/\/www.pakamera.pl\/magazyn\/jak-dobrac-rozmiar-plaszcza-damskiego\/\",\"name\":\"Jak dobra\u0107 rozmiar p\u0142aszcza damskiego? - Magazyn Pakamera.pl\",\"isPartOf\":{\"@id\":\"https:\/\/www.pakamera.pl\/magazyn\/#website\"},\"datePublished\":\"2025-09-16T09:05:22+00:00\",\"dateModified\":\"2025-09-16T09:05:22+00:00\",\"description\":\"Zastanawiasz si\u0119 jak dobra\u0107 rozmiar p\u0142aszcza damskiego? Zobacz na co zwr\u00f3ci\u0107 uwag\u0119 podczas zakupu aby p\u0142aszcz pozosta\u0142 z tob\u0105 na lata.\",\"breadcrumb\":{\"@id\":\"https:\/\/www.pakamera.pl\/magazyn\/jak-dobrac-rozmiar-plaszcza-damskiego\/#breadcrumb\"},\"inLanguage\":\"pl-PL\",\"potentialAction\":[{\"@type\":\"ReadAction\",\"target\":[\"https:\/\/www.pakamera.pl\/magazyn\/jak-dobrac-rozmiar-plaszcza-damskiego\/\"]}]},{\"@type\":\"BreadcrumbList\",\"@id\":\"https:\/\/www.pakamera.pl\/magazyn\/jak-dobrac-rozmiar-plaszcza-damskiego\/#breadcrumb\",\"itemListElement\":[{\"@type\":\"ListItem\",\"position\":1,\"name\":\"Magazyn\",\"item\":\"https:\/\/www.pakamera.pl\/magazyn\/\"},{\"@type\":\"ListItem\",\"position\":2,\"name\":\"Moda\",\"item\":\"https:\/\/www.pakamera.pl\/magazyn\/category\/moda\/\"},{\"@type\":\"ListItem\",\"position\":3,\"name\":\"Jak dobra\u0107 rozmiar p\u0142aszcza damskiego?\"}]},{\"@type\":\"WebSite\",\"@id\":\"https:\/\/www.pakamera.pl\/magazyn\/#website\",\"url\":\"https:\/\/www.pakamera.pl\/magazyn\/\",\"name\":\"Magazyn Pakamera.pl\",\"description\":\"Sprawd\u017a najgor\u0119tsze tematy sezonu!\",\"publisher\":{\"@id\":\"https:\/\/www.pakamera.pl\/magazyn\/#organization\"},\"potentialAction\":[{\"@type\":\"SearchAction\",\"target\":{\"@type\":\"EntryPoint\",\"urlTemplate\":\"https:\/\/www.pakamera.pl\/magazyn\/?s={search_term_string}\"},\"query-input\":\"required name=search_term_string\"}],\"inLanguage\":\"pl-PL\"},{\"@type\":\"Organization\",\"@id\":\"https:\/\/www.pakamera.pl\/magazyn\/#organization\",\"name\":\"Pakamera.pl\",\"url\":\"https:\/\/www.pakamera.pl\/magazyn\/\",\"logo\":{\"@type\":\"ImageObject\",\"inLanguage\":\"pl-PL\",\"@id\":\"https:\/\/www.pakamera.pl\/magazyn\/#\/schema\/logo\/image\/\",\"url\":\"https:\/\/imgmag.pakamera.net\/2023\/11\/153455466619.png\",\"contentUrl\":\"https:\/\/imgmag.pakamera.net\/2023\/11\/153455466619.png\",\"width\":690,\"height\":140,\"caption\":\"Pakamera.pl\"},\"image\":{\"@id\":\"https:\/\/www.pakamera.pl\/magazyn\/#\/schema\/logo\/image\/\"},\"sameAs\":[\"https:\/\/facebook.com\/pakamerapl\",\"https:\/\/www.instagram.com\/pakamera\/\"]},{\"@type\":\"Person\",\"@id\":\"https:\/\/www.pakamera.pl\/magazyn\/#\/schema\/person\/375940ab821c5af50e1e31f1ec5282b5\",\"name\":\"Magda Strzelecka\",\"description\":\"Magda to nasza stylistka, kt\u00f3ra od ponad 10 lat \u015bci\u015ble zwi\u0105zana jest z mod\u0105. Uwielbia \u015bledzi\u0107 \u015bwiatowe trendy i przek\u0142ada\u0107 je na rynek polski. Kocha dobre sk\u0142ady ubra\u0144, wyj\u0105tkow\u0105 bi\u017cuteri\u0119 i dodatki kt\u00f3re o\u017cywi\u0105 ka\u017cd\u0105 stylizacj\u0119.\"}]}<\/script>\n<!-- \/ Yoast SEO plugin. -->","yoast_head_json":{"title":"Jak dobra\u0107 rozmiar p\u0142aszcza damskiego? - Magazyn Pakamera.pl","description":"Zastanawiasz si\u0119 jak dobra\u0107 rozmiar p\u0142aszcza damskiego? Zobacz na co zwr\u00f3ci\u0107 uwag\u0119 podczas zakupu aby p\u0142aszcz pozosta\u0142 z tob\u0105 na lata.","robots":{"index":"index","follow":"follow"},"canonical":"https:\/\/www.pakamera.pl\/magazyn\/jak-dobrac-rozmiar-plaszcza-damskiego\/","og_locale":"pl_PL","og_type":"article","og_title":"Jak dobra\u0107 rozmiar p\u0142aszcza damskiego? - Magazyn Pakamera.pl","og_description":"Zastanawiasz si\u0119 jak dobra\u0107 rozmiar p\u0142aszcza damskiego? Zobacz na co zwr\u00f3ci\u0107 uwag\u0119 podczas zakupu aby p\u0142aszcz pozosta\u0142 z tob\u0105 na lata.","og_url":"https:\/\/www.pakamera.pl\/magazyn\/jak-dobrac-rozmiar-plaszcza-damskiego\/","og_site_name":"Magazyn Pakamera.pl","article_publisher":"https:\/\/facebook.com\/pakamerapl","article_published_time":"2025-09-16T09:05:22+00:00","og_image":[{"width":1600,"height":840,"url":"https:\/\/imgmag.pakamera.net\/2025\/09\/jak-dobrac-rozmiar-plaszcza-damskiego-102613497226.jpg","type":"image\/jpeg"}],"author":"Magda Strzelecka","twitter_card":"summary_large_image","twitter_misc":{"Napisane przez":"Magda Strzelecka","Szacowany czas czytania":"5 minut"},"schema":{"@context":"https:\/\/schema.org","@graph":[{"@type":"Article","@id":"https:\/\/www.pakamera.pl\/magazyn\/jak-dobrac-rozmiar-plaszcza-damskiego\/#article","isPartOf":{"@id":"https:\/\/www.pakamera.pl\/magazyn\/jak-dobrac-rozmiar-plaszcza-damskiego\/"},"author":{"name":"Magda Strzelecka","@id":"https:\/\/www.pakamera.pl\/magazyn\/#\/schema\/person\/375940ab821c5af50e1e31f1ec5282b5"},"headline":"Jak dobra\u0107 rozmiar p\u0142aszcza damskiego?","datePublished":"2025-09-16T09:05:22+00:00","dateModified":"2025-09-16T09:05:22+00:00","mainEntityOfPage":{"@id":"https:\/\/www.pakamera.pl\/magazyn\/jak-dobrac-rozmiar-plaszcza-damskiego\/"},"wordCount":887,"publisher":{"@id":"https:\/\/www.pakamera.pl\/magazyn\/#organization"},"keywords":["modne p\u0142aszcze","modny p\u0142aszcz","p\u0142aszcz","p\u0142aszcz jesienny","p\u0142aszcz na jesie\u0144","p\u0142aszcz na zim\u0119","p\u0142aszcz oversize","we\u0142niany p\u0142aszcz","zimowy p\u0142aszcz"],"articleSection":["Moda"],"inLanguage":"pl-PL"},{"@type":"WebPage","@id":"https:\/\/www.pakamera.pl\/magazyn\/jak-dobrac-rozmiar-plaszcza-damskiego\/","url":"https:\/\/www.pakamera.pl\/magazyn\/jak-dobrac-rozmiar-plaszcza-damskiego\/","name":"Jak dobra\u0107 rozmiar p\u0142aszcza damskiego? - Magazyn Pakamera.pl","isPartOf":{"@id":"https:\/\/www.pakamera.pl\/magazyn\/#website"},"datePublished":"2025-09-16T09:05:22+00:00","dateModified":"2025-09-16T09:05:22+00:00","description":"Zastanawiasz si\u0119 jak dobra\u0107 rozmiar p\u0142aszcza damskiego? Zobacz na co zwr\u00f3ci\u0107 uwag\u0119 podczas zakupu aby p\u0142aszcz pozosta\u0142 z tob\u0105 na lata.","breadcrumb":{"@id":"https:\/\/www.pakamera.pl\/magazyn\/jak-dobrac-rozmiar-plaszcza-damskiego\/#breadcrumb"},"inLanguage":"pl-PL","potentialAction":[{"@type":"ReadAction","target":["https:\/\/www.pakamera.pl\/magazyn\/jak-dobrac-rozmiar-plaszcza-damskiego\/"]}]},{"@type":"BreadcrumbList","@id":"https:\/\/www.pakamera.pl\/magazyn\/jak-dobrac-rozmiar-plaszcza-damskiego\/#breadcrumb","itemListElement":[{"@type":"ListItem","position":1,"name":"Magazyn","item":"https:\/\/www.pakamera.pl\/magazyn\/"},{"@type":"ListItem","position":2,"name":"Moda","item":"https:\/\/www.pakamera.pl\/magazyn\/category\/moda\/"},{"@type":"ListItem","position":3,"name":"Jak dobra\u0107 rozmiar p\u0142aszcza damskiego?"}]},{"@type":"WebSite","@id":"https:\/\/www.pakamera.pl\/magazyn\/#website","url":"https:\/\/www.pakamera.pl\/magazyn\/","name":"Magazyn Pakamera.pl","description":"Sprawd\u017a najgor\u0119tsze tematy sezonu!","publisher":{"@id":"https:\/\/www.pakamera.pl\/magazyn\/#organization"},"potentialAction":[{"@type":"SearchAction","target":{"@type":"EntryPoint","urlTemplate":"https:\/\/www.pakamera.pl\/magazyn\/?s={search_term_string}"},"query-input":"required name=search_term_string"}],"inLanguage":"pl-PL"},{"@type":"Organization","@id":"https:\/\/www.pakamera.pl\/magazyn\/#organization","name":"Pakamera.pl","url":"https:\/\/www.pakamera.pl\/magazyn\/","logo":{"@type":"ImageObject","inLanguage":"pl-PL","@id":"https:\/\/www.pakamera.pl\/magazyn\/#\/schema\/logo\/image\/","url":"https:\/\/imgmag.pakamera.net\/2023\/11\/153455466619.png","contentUrl":"https:\/\/imgmag.pakamera.net\/2023\/11\/153455466619.png","width":690,"height":140,"caption":"Pakamera.pl"},"image":{"@id":"https:\/\/www.pakamera.pl\/magazyn\/#\/schema\/logo\/image\/"},"sameAs":["https:\/\/facebook.com\/pakamerapl","https:\/\/www.instagram.com\/pakamera\/"]},{"@type":"Person","@id":"https:\/\/www.pakamera.pl\/magazyn\/#\/schema\/person\/375940ab821c5af50e1e31f1ec5282b5","name":"Magda Strzelecka","description":"Magda to nasza stylistka, kt\u00f3ra od ponad 10 lat \u015bci\u015ble zwi\u0105zana jest z mod\u0105. Uwielbia \u015bledzi\u0107 \u015bwiatowe trendy i przek\u0142ada\u0107 je na rynek polski. Kocha dobre sk\u0142ady ubra\u0144, wyj\u0105tkow\u0105 bi\u017cuteri\u0119 i dodatki kt\u00f3re o\u017cywi\u0105 ka\u017cd\u0105 stylizacj\u0119."}]}},"_links":{"self":[{"href":"https:\/\/www.pakamera.pl\/magazyn\/wp-json\/wp\/v2\/posts\/13881","targetHints":{"allow":["GET"]}}],"collection":[{"href":"https:\/\/www.pakamera.pl\/magazyn\/wp-json\/wp\/v2\/posts"}],"about":[{"href":"https:\/\/www.pakamera.pl\/magazyn\/wp-json\/wp\/v2\/types\/post"}],"author":[{"embeddable":true,"href":"https:\/\/www.pakamera.pl\/magazyn\/wp-json\/wp\/v2\/users\/16"}],"replies":[{"embeddable":true,"href":"https:\/\/www.pakamera.pl\/magazyn\/wp-json\/wp\/v2\/comments?post=13881"}],"version-history":[{"count":1,"href":"https:\/\/www.pakamera.pl\/magazyn\/wp-json\/wp\/v2\/posts\/13881\/revisions"}],"predecessor-version":[{"id":13884,"href":"https:\/\/www.pakamera.pl\/magazyn\/wp-json\/wp\/v2\/posts\/13881\/revisions\/13884"}],"wp:featuredmedia":[{"embeddable":true,"href":"https:\/\/www.pakamera.pl\/magazyn\/wp-json\/wp\/v2\/media\/13882"}],"wp:attachment":[{"href":"https:\/\/www.pakamera.pl\/magazyn\/wp-json\/wp\/v2\/media?parent=13881"}],"wp:term":[{"taxonomy":"category","embeddable":true,"href":"https:\/\/www.pakamera.pl\/magazyn\/wp-json\/wp\/v2\/categories?post=13881"},{"taxonomy":"post_tag","embeddable":true,"href":"https:\/\/www.pakamera.pl\/magazyn\/wp-json\/wp\/v2\/tags?post=13881"}],"curies":[{"name":"wp","href":"https:\/\/api.w.org\/{rel}","templated":true}]}}