{"id":13812,"date":"2025-09-14T09:04:23","date_gmt":"2025-09-14T07:04:23","guid":{"rendered":"https:\/\/www.pakamera.pl\/magazyn\/?p=13812"},"modified":"2025-09-12T11:49:52","modified_gmt":"2025-09-12T09:49:52","slug":"jak-nosic-kardigan-pomysly-na-stylizacje","status":"publish","type":"post","link":"https:\/\/www.pakamera.pl\/magazyn\/jak-nosic-kardigan-pomysly-na-stylizacje\/","title":{"rendered":"Jak nosi\u0107 kardigan? Pomys\u0142y na stylizacje"},"content":{"rendered":"<p><strong>Patrzysz na niego i masz dylemat: za\u0142o\u017cy\u0107 czy nie? A jak za\u0142o\u017cy\u0107, to do czego? To ubranie mo\u017ce by\u0107 Twoim stylistycznym przyjacielem albo stylistycznym wrogiem. Zobacz, jak nosi\u0107 kardigan, \u017ceby wygl\u0105da\u0107 w nim modnie.<\/strong><br \/>\n<!--more--><\/p>\n<figure id=\"attachment_13813\" aria-describedby=\"caption-attachment-13813\" style=\"width: 1600px\" class=\"wp-caption alignnone\"><img loading=\"lazy\" decoding=\"async\" class=\"wp-image-13813 size-full\" src=\"https:\/\/imgmag.pakamera.net\/2025\/09\/jak-nosic-kardigan-pomysly-na-stylizacje-113502330348.jpg\" alt=\"Jak nosi\u0107 kardigan? Pomys\u0142y na stylizacje\" width=\"1600\" height=\"840\" \/><figcaption id=\"caption-attachment-13813\" class=\"wp-caption-text\">Kardigan Greta szary \/ Lucky HandMade \/ www.pakamera.pl<\/figcaption><\/figure>\n<p>Kardigan jest niesamowicie uniwersalny. Razem z prost\u0105 sukienk\u0105, jeansami i koszul\u0105 lub bluzk\u0105 i sp\u00f3dniczk\u0105 midi stworzy przemy\u015blany casual look. \u017beby jednak osi\u0105gn\u0105\u0107 taki efekt, musisz zestawi\u0107 ze sob\u0105 odpowiednie ubrania.<\/p>\n<h2>Co to jest kardigan i do czego pasuje?<\/h2>\n<p>Kardigan <strong>w du\u017cym uproszczeniu jest rozpinanym swetrem<\/strong>. Swoj\u0105 nazw\u0119 zawdzi\u0119cza lordowi Cardigan genera\u0142owi Jamesowi Thomasowi Brudenellowi, kt\u00f3ry w XVII wieku dowodzi\u0142 lekkiej kawalerii. To od noszonej przez nich we\u0142nianej dzianinowej kamizelki z r\u0119kawami pochodzi nazwa ubrania.<\/p>\n<p>Jak nosi\u0107 kardigan?<strong> Mo\u017cesz go zapi\u0105\u0107 na wszystkie guziki, zapi\u0105\u0107 tylko \u015brodkowe guziki lub zostawi\u0107 rozpi\u0119tego jak \u017cakiet. To, co nosisz pod spodem, staje si\u0119 cz\u0119\u015bci\u0105 stylizacji<\/strong>. Dobrej jako\u015bci <a href=\"https:\/\/www.pakamera.pl\/kardigany-0-3107.htm\" target=\"_blank\" rel=\"noopener\">kardigany damskie<\/a> s\u0105 dost\u0119pne w r\u00f3\u017cnych d\u0142ugo\u015bciach, od ko\u0144cz\u0105cych si\u0119 w talii, po takie si\u0119gaj\u0105ce niemal kostek.<\/p>\n<div id=\"pakawidget2118\" class=\"pakawidget\"><\/div>\n<p><script async defer src=\"https:\/\/www.pakamera.pl\/widget\/widget2.min.js?id=2118&#038;type=20250912113750&#038;wwidth=1000\"><\/script><br \/>\n<a href=\"https:\/\/www.pakamera.pl\/magazyn\/swetry-dobrej-jakosci-czyli-jakie-rozwiewamy-watpliwosci\/\" target=\"_blank\" rel=\"noopener\">Jakie s\u0105 swetry dobrej jako\u015bci?<\/a> \u017beby dowiedzie\u0107 si\u0119, czy dane ubranie pos\u0142u\u017cy Ci przez lata, <strong>sprawd\u017a sk\u0142ad. Najlepsze swetry to te z naturalnych w\u0142\u00f3kien: we\u0142ny merino, kaszmiru, alpaki i wysokiej jako\u015bci bawe\u0142ny<\/strong>. S\u0105 trwa\u0142e i dobrze si\u0119 je nosi. Raczej zrezygnuj z odzie\u017cy z du\u017c\u0105 domieszk\u0105 akrylu, poniewa\u017c szybko si\u0119 mechaci i traci kszta\u0142t.<\/p>\n<p>Jaka bluzka pod kardigan b\u0119dzie dobra? Najlepiej sprawdz\u0105 si\u0119 dopasowane modele bez nadruku: longsleeve z dekoltem w serek, klasyczna koszulka typu T-shirt lub body.<\/p>\n<p>Co pod kardigan?<\/p>\n<ul>\n<li>T-shirt,<\/li>\n<li>top na rami\u0105czkach,<\/li>\n<li>koszula,<\/li>\n<li>bluzka z dekoltem V,<\/li>\n<li>body,<\/li>\n<li>dopasowana sukienka,<\/li>\n<li>crop top,<\/li>\n<li>bluzka z ko\u0142nierzykiem.<\/li>\n<\/ul>\n<h2>Jak nosi\u0107 kr\u00f3tki kardigan?<\/h2>\n<p>Jak nosi\u0107 kr\u00f3tki kardigan? <strong>Najlepiej z sukienkami o prostym kroju lub lekko rozkloszowanymi<\/strong>. Taki zestaw pasuje do biura i na spotkanie ze znajomymi. Zostaw w szafie ulubion\u0105 bluz\u0119 i wypr\u00f3buj co\u015b nowego!<\/p>\n<figure id=\"attachment_13814\" aria-describedby=\"caption-attachment-13814\" style=\"width: 1600px\" class=\"wp-caption alignnone\"><img loading=\"lazy\" decoding=\"async\" class=\"wp-image-13814 size-full\" src=\"https:\/\/imgmag.pakamera.net\/2025\/09\/jak-nosic-kardigan-pomysly-na-stylizacje-113502842933.jpg\" alt=\"Kardigan Malva to idealny wyb\u00f3r dla mi\u0142o\u015bniczek r\u0119cznie dzierganych swetr\u00f3w. Jego po\u0142\u0105czenie cukierkowego r\u00f3\u017cu z zieleni\u0105 sprawia, \u017ce wygl\u0105da przepi\u0119knie\" width=\"1600\" height=\"840\" \/><figcaption id=\"caption-attachment-13814\" class=\"wp-caption-text\">Kardigan Malva \/ FinkeWear \/ www.pakamera.pl<\/figcaption><\/figure>\n<p>Kr\u00f3tki kardigan \u015bwietnie wygl\u0105da, <strong>je\u015bli masz wysok\u0105 tali\u0119, zw\u0142aszcza w po\u0142\u0105czeniu ze sp\u00f3dnic\u0105 lub spodniami z wysokim stanem<\/strong>. Zapi\u0119ty tylko na g\u00f3rny guzik podkre\u015bla wci\u0119cie w pasie i wyd\u0142u\u017ca sylwetk\u0119.<\/p>\n<h2>Z czym nosi\u0107 d\u0142ugi kardigan?<\/h2>\n<p>Jak nosi\u0107 d\u0142ugi kardigan? Ten element odzie\u017cy ma w sobie co\u015b z p\u0142aszcza, co\u015b z sukienki, a jednocze\u015bnie zapewnia przyjemne ciep\u0142o jak <a href=\"https:\/\/www.pakamera.pl\/welniany-sweter-0-t57485.htm\" target=\"_blank\" rel=\"noopener\">we\u0142niany sweter<\/a>. <strong>Potraktuj go jednak bardziej jak p\u0142aszcz, czyli dominuj\u0105ca cz\u0119\u015b\u0107 stylizacji<\/strong>.<\/p>\n<p>D\u0142ugi kardigan \u2013 dla kogo jest? Ten element odzie\u017cy<strong> sprawdzi si\u0119 u kobiet o niemal ka\u017cdej figurze<\/strong>. W po\u0142\u0105czeniu z obcis\u0142ymi spodniami i dopasowan\u0105 g\u00f3r\u0105 tworzy pi\u0119kn\u0105 sylwetk\u0119 klepsydry. Szczeg\u00f3lnie efektownie wygl\u0105da zestaw z kardiganem przewi\u0105zanym pasem w talii.<\/p>\n<div id=\"pakawidget2119\" class=\"pakawidget\"><\/div>\n<p><script async defer src=\"https:\/\/www.pakamera.pl\/widget\/widget2.min.js?id=2119&#038;type=20250912113838&#038;wwidth=1000\"><\/script><br \/>\nZ czym nosi\u0107 d\u0142ugi kardigan oversize?<strong> Tak\u0105 g\u00f3r\u0119 zestawia si\u0119 z dopasowanym do\u0142em: w\u0105skimi spodniami, legginsami lub obcis\u0142\u0105 sp\u00f3dniczk\u0105<\/strong>. Lu\u017ane z lu\u017anym rzadko wygl\u0105da dobrze. Mo\u017cesz te\u017c post\u0105pi\u0107 nieco przekornie i w\u0142o\u017cy\u0107 kardigan jak sukienk\u0119, czyli za\u0142o\u017cy\u0107 pod sp\u00f3d cienk\u0105 koszulk\u0119 lub body i nosi\u0107 go ca\u0142y czas zapi\u0119tego z oficerkami nad kolano. Tutaj jest tylko jedno \u201eale\u201d: je\u015bli kardigan ko\u0144czy si\u0119 w po\u0142owie \u0142ydki, a Ty masz kr\u00f3tsze nogi, mo\u017ce optycznie Ci\u0119 przyci\u0105\u0107. Wtedy lepiej wybra\u0107 model ko\u0144cz\u0105cy si\u0119 tu\u017c poni\u017cej kolan. Zobacz te\u017c, <a href=\"https:\/\/www.pakamera.pl\/magazyn\/jak-nosic-swetry-oversize-porady-od-pakamery\/\" target=\"_blank\" rel=\"noopener\">jak nosi\u0107 swetry oversize<\/a>.<\/p>\n<p>Do czego nosi\u0107 d\u0142ugi kardigan?<\/p>\n<ul>\n<li>jeansy rurki,<\/li>\n<li>lu\u017ane spodnie materia\u0142owe,<\/li>\n<li>legginsy,<\/li>\n<li>sukienka mini,<\/li>\n<li>sukienka midi,<\/li>\n<li>sukienka maxi,<\/li>\n<li>sp\u00f3dnica o\u0142\u00f3wkowa,<\/li>\n<li>sp\u00f3dnica plisowana,<\/li>\n<li>T-shirt,<\/li>\n<li>top na rami\u0105czkach,<\/li>\n<li>koszula,<\/li>\n<li>sneakersy,<\/li>\n<li>botki,<\/li>\n<li>kozaki za kolano,<\/li>\n<li>mokasyny.<\/li>\n<\/ul>\n<p><strong>Gdy zak\u0142adasz d\u0142ugi kardigan, stylizacje staj\u0105 si\u0119 bardziej eleganckie<\/strong>, a co najlepsze: wystarczy, \u017ce narzucisz go na siebie, przewi\u0105\u017cesz paskiem i jeste\u015b gotowa do wyj\u015bcia.<\/p>\n<h2>A co za\u0142o\u017cy\u0107 pod kardigan?<\/h2>\n<p>Z czym nosi\u0107 kardigan? <strong>Zacznijmy od klasyki, czyli bia\u0142ej koszuli koniecznie z wystaj\u0105cym ko\u0142nierzykiem<\/strong>. Taki komplet wygl\u0105da niezwykle szykownie, troch\u0119 w stylu old money. Je\u015bli jednak wolisz co\u015b bardziej codziennego, lepsza b\u0119dzie <strong>cienka bluzka typu longsleeve bez nadruku z dekoltem w serek<\/strong>. Taki element odzie\u017cy \u0142atwo wystylizowa\u0107 z kardiganem, poniewa\u017c jest neutralny.<\/p>\n<div id=\"pakawidget2120\" class=\"pakawidget\"><\/div>\n<p><script async defer src=\"https:\/\/www.pakamera.pl\/widget\/widget2.min.js?id=2120&#038;type=20250912113922&#038;wwidth=1000\"><\/script><br \/>\nZastanawiasz si\u0119 jak nosi\u0107 d\u0142ugi kardigan? Rewelacyjn\u0105 opcj\u0105 jest <strong>body w po\u0142\u0105czeniu ze spodniami lub sp\u00f3dnic\u0105 z wysokim stanem<\/strong>. Nie wysuwa si\u0119, nie tworzy fa\u0142d w talii, a dodatkowo podkre\u015bla sylwetk\u0119. W letnie wieczory mo\u017cesz z kolei za\u0142o\u017cy\u0107 koszulk\u0119 na rami\u0105czkach lub tank top.<\/p>\n<p>Fajnie wygl\u0105da r\u00f3wnie\u017c sukienka z kardiganem. Mo\u017ce to by\u0107 np. <strong>d\u0142uga i zwiewna kreacja w stylu boho na ostatnie dni jesieni<\/strong>, romantyczna sukienka midi z rozkloszowan\u0105 sp\u00f3dnic\u0105, a nawet obcis\u0142a mini.<\/p>\n<p>Co nie pasuje do kardiganu? Na pewno <strong>golf, bo takie po\u0142\u0105czenie tworzy efekt podw\u00f3jnych ko\u0142nierzyk\u00f3w i wygl\u0105da ba\u0142aganiarsko<\/strong>. Nie zak\u0142adaj grubego swetra ani bluzy z kapturem, \u017ceby <strong>nie dodawa\u0107 niepotrzebnej obj\u0119to\u015bci<\/strong>. Odpadaj\u0105 r\u00f3wnie\u017c <strong>bardzo szerokie oversize\u2019owe bluzki, ubrania z d\u0142ugimi fr\u0119dzlami, kokardami lub ozdobnymi guzikami<\/strong> na przodzie i sportowe koszulki z siateczk\u0105.<\/p>\n<p>Ju\u017c wiesz, do czego nosi\u0107 d\u0142ugi i kr\u00f3tki model? <strong>Na Pakamera.pl znajdziesz ubrania z wysokiej jako\u015bci naturalnych materia\u0142\u00f3w<\/strong>, kt\u00f3re b\u0119d\u0105 s\u0142u\u017cy\u0107 Ci przez lata. Przejrzyj modele stworzone w polskich szwalniach i wybierz co\u015b dla siebie.<\/p>\n","protected":false},"excerpt":{"rendered":"<p>Patrzysz na niego i masz dylemat: za\u0142o\u017cy\u0107 czy nie? A jak za\u0142o\u017cy\u0107, to do czego? To ubranie mo\u017ce by\u0107 Twoim stylistycznym przyjacielem albo stylistycznym wrogiem. Zobacz, jak nosi\u0107 kardigan, \u017ceby<span class=\"more-dots\">&#8230;<\/span><\/p>\n","protected":false},"author":16,"featured_media":13813,"comment_status":"closed","ping_status":"closed","sticky":false,"template":"","format":"standard","meta":{"footnotes":""},"categories":[3],"tags":[2334,1580,2314,1412,1399,1413,2312,2313,2612],"class_list":["post-13812","post","type-post","status-publish","format-standard","has-post-thumbnail","hentry","category-moda","tag-cieple-swetry-na-zime","tag-kardigan","tag-kardigan-dlugi","tag-oversizowy-sweter","tag-ovesizowy-sweter","tag-sweter-na-jesien","tag-sweter-z-alpaki","tag-swetry-recznie-robione","tag-welniany-sweter"],"yoast_head":"<!-- This site is optimized with the Yoast SEO plugin v21.6 - https:\/\/yoast.com\/wordpress\/plugins\/seo\/ -->\n<title>Jak nosi\u0107 kardigan? Pomys\u0142y na stylizacje - Magazyn Pakamera.pl<\/title>\n<meta name=\"description\" content=\"Zastanawiasz si\u0119 jak nosi\u0107 kardigan? Zobacz nasze propozycje zar\u00f3wno dla d\u0142ugich jak i kr\u00f3tkich modeli. Stw\u00f3rz z nami idealn\u0105 stylizacj\u0119.\" \/>\n<meta name=\"robots\" content=\"index, follow\" \/>\n<link rel=\"canonical\" href=\"https:\/\/www.pakamera.pl\/magazyn\/jak-nosic-kardigan-pomysly-na-stylizacje\/\" \/>\n<meta property=\"og:locale\" content=\"pl_PL\" \/>\n<meta property=\"og:type\" content=\"article\" \/>\n<meta property=\"og:title\" content=\"Jak nosi\u0107 kardigan? Pomys\u0142y na stylizacje - Magazyn Pakamera.pl\" \/>\n<meta property=\"og:description\" content=\"Zastanawiasz si\u0119 jak nosi\u0107 kardigan? Zobacz nasze propozycje zar\u00f3wno dla d\u0142ugich jak i kr\u00f3tkich modeli. Stw\u00f3rz z nami idealn\u0105 stylizacj\u0119.\" \/>\n<meta property=\"og:url\" content=\"https:\/\/www.pakamera.pl\/magazyn\/jak-nosic-kardigan-pomysly-na-stylizacje\/\" \/>\n<meta property=\"og:site_name\" content=\"Magazyn Pakamera.pl\" \/>\n<meta property=\"article:publisher\" content=\"https:\/\/facebook.com\/pakamerapl\" \/>\n<meta property=\"article:published_time\" content=\"2025-09-14T07:04:23+00:00\" \/>\n<meta property=\"article:modified_time\" content=\"2025-09-12T09:49:52+00:00\" \/>\n<meta property=\"og:image\" content=\"https:\/\/imgmag.pakamera.net\/2025\/09\/jak-nosic-kardigan-pomysly-na-stylizacje-113502330348.jpg\" \/>\n\t<meta property=\"og:image:width\" content=\"1600\" \/>\n\t<meta property=\"og:image:height\" content=\"840\" \/>\n\t<meta property=\"og:image:type\" content=\"image\/jpeg\" \/>\n<meta name=\"author\" content=\"Magda Strzelecka\" \/>\n<meta name=\"twitter:card\" content=\"summary_large_image\" \/>\n<meta name=\"twitter:label1\" content=\"Napisane przez\" \/>\n\t<meta name=\"twitter:data1\" content=\"Magda Strzelecka\" \/>\n\t<meta name=\"twitter:label2\" content=\"Szacowany czas czytania\" \/>\n\t<meta name=\"twitter:data2\" content=\"6 minut\" \/>\n<script type=\"application\/ld+json\" class=\"yoast-schema-graph\">{\"@context\":\"https:\/\/schema.org\",\"@graph\":[{\"@type\":\"Article\",\"@id\":\"https:\/\/www.pakamera.pl\/magazyn\/jak-nosic-kardigan-pomysly-na-stylizacje\/#article\",\"isPartOf\":{\"@id\":\"https:\/\/www.pakamera.pl\/magazyn\/jak-nosic-kardigan-pomysly-na-stylizacje\/\"},\"author\":{\"name\":\"Magda Strzelecka\",\"@id\":\"https:\/\/www.pakamera.pl\/magazyn\/#\/schema\/person\/375940ab821c5af50e1e31f1ec5282b5\"},\"headline\":\"Jak nosi\u0107 kardigan? Pomys\u0142y na stylizacje\",\"datePublished\":\"2025-09-14T07:04:23+00:00\",\"dateModified\":\"2025-09-12T09:49:52+00:00\",\"mainEntityOfPage\":{\"@id\":\"https:\/\/www.pakamera.pl\/magazyn\/jak-nosic-kardigan-pomysly-na-stylizacje\/\"},\"wordCount\":953,\"publisher\":{\"@id\":\"https:\/\/www.pakamera.pl\/magazyn\/#organization\"},\"keywords\":[\"ciep\u0142e swetry na zim\u0119\",\"kardigan\",\"kardigan d\u0142ugi\",\"oversizowy sweter\",\"ovesizowy sweter\",\"sweter na jesie\u0144\",\"sweter z alpaki\",\"swetry r\u0119cznie robione\",\"we\u0142niany sweter\"],\"articleSection\":[\"Moda\"],\"inLanguage\":\"pl-PL\"},{\"@type\":\"WebPage\",\"@id\":\"https:\/\/www.pakamera.pl\/magazyn\/jak-nosic-kardigan-pomysly-na-stylizacje\/\",\"url\":\"https:\/\/www.pakamera.pl\/magazyn\/jak-nosic-kardigan-pomysly-na-stylizacje\/\",\"name\":\"Jak nosi\u0107 kardigan? Pomys\u0142y na stylizacje - Magazyn Pakamera.pl\",\"isPartOf\":{\"@id\":\"https:\/\/www.pakamera.pl\/magazyn\/#website\"},\"datePublished\":\"2025-09-14T07:04:23+00:00\",\"dateModified\":\"2025-09-12T09:49:52+00:00\",\"description\":\"Zastanawiasz si\u0119 jak nosi\u0107 kardigan? Zobacz nasze propozycje zar\u00f3wno dla d\u0142ugich jak i kr\u00f3tkich modeli. Stw\u00f3rz z nami idealn\u0105 stylizacj\u0119.\",\"breadcrumb\":{\"@id\":\"https:\/\/www.pakamera.pl\/magazyn\/jak-nosic-kardigan-pomysly-na-stylizacje\/#breadcrumb\"},\"inLanguage\":\"pl-PL\",\"potentialAction\":[{\"@type\":\"ReadAction\",\"target\":[\"https:\/\/www.pakamera.pl\/magazyn\/jak-nosic-kardigan-pomysly-na-stylizacje\/\"]}]},{\"@type\":\"BreadcrumbList\",\"@id\":\"https:\/\/www.pakamera.pl\/magazyn\/jak-nosic-kardigan-pomysly-na-stylizacje\/#breadcrumb\",\"itemListElement\":[{\"@type\":\"ListItem\",\"position\":1,\"name\":\"Magazyn\",\"item\":\"https:\/\/www.pakamera.pl\/magazyn\/\"},{\"@type\":\"ListItem\",\"position\":2,\"name\":\"Moda\",\"item\":\"https:\/\/www.pakamera.pl\/magazyn\/category\/moda\/\"},{\"@type\":\"ListItem\",\"position\":3,\"name\":\"Jak nosi\u0107 kardigan? Pomys\u0142y na stylizacje\"}]},{\"@type\":\"WebSite\",\"@id\":\"https:\/\/www.pakamera.pl\/magazyn\/#website\",\"url\":\"https:\/\/www.pakamera.pl\/magazyn\/\",\"name\":\"Magazyn Pakamera.pl\",\"description\":\"Sprawd\u017a najgor\u0119tsze tematy sezonu!\",\"publisher\":{\"@id\":\"https:\/\/www.pakamera.pl\/magazyn\/#organization\"},\"potentialAction\":[{\"@type\":\"SearchAction\",\"target\":{\"@type\":\"EntryPoint\",\"urlTemplate\":\"https:\/\/www.pakamera.pl\/magazyn\/?s={search_term_string}\"},\"query-input\":\"required name=search_term_string\"}],\"inLanguage\":\"pl-PL\"},{\"@type\":\"Organization\",\"@id\":\"https:\/\/www.pakamera.pl\/magazyn\/#organization\",\"name\":\"Pakamera.pl\",\"url\":\"https:\/\/www.pakamera.pl\/magazyn\/\",\"logo\":{\"@type\":\"ImageObject\",\"inLanguage\":\"pl-PL\",\"@id\":\"https:\/\/www.pakamera.pl\/magazyn\/#\/schema\/logo\/image\/\",\"url\":\"https:\/\/imgmag.pakamera.net\/2023\/11\/153455466619.png\",\"contentUrl\":\"https:\/\/imgmag.pakamera.net\/2023\/11\/153455466619.png\",\"width\":690,\"height\":140,\"caption\":\"Pakamera.pl\"},\"image\":{\"@id\":\"https:\/\/www.pakamera.pl\/magazyn\/#\/schema\/logo\/image\/\"},\"sameAs\":[\"https:\/\/facebook.com\/pakamerapl\",\"https:\/\/www.instagram.com\/pakamera\/\"]},{\"@type\":\"Person\",\"@id\":\"https:\/\/www.pakamera.pl\/magazyn\/#\/schema\/person\/375940ab821c5af50e1e31f1ec5282b5\",\"name\":\"Magda Strzelecka\",\"description\":\"Magda to nasza stylistka, kt\u00f3ra od ponad 10 lat \u015bci\u015ble zwi\u0105zana jest z mod\u0105. Uwielbia \u015bledzi\u0107 \u015bwiatowe trendy i przek\u0142ada\u0107 je na rynek polski. Kocha dobre sk\u0142ady ubra\u0144, wyj\u0105tkow\u0105 bi\u017cuteri\u0119 i dodatki kt\u00f3re o\u017cywi\u0105 ka\u017cd\u0105 stylizacj\u0119.\"}]}<\/script>\n<!-- \/ Yoast SEO plugin. -->","yoast_head_json":{"title":"Jak nosi\u0107 kardigan? Pomys\u0142y na stylizacje - Magazyn Pakamera.pl","description":"Zastanawiasz si\u0119 jak nosi\u0107 kardigan? Zobacz nasze propozycje zar\u00f3wno dla d\u0142ugich jak i kr\u00f3tkich modeli. Stw\u00f3rz z nami idealn\u0105 stylizacj\u0119.","robots":{"index":"index","follow":"follow"},"canonical":"https:\/\/www.pakamera.pl\/magazyn\/jak-nosic-kardigan-pomysly-na-stylizacje\/","og_locale":"pl_PL","og_type":"article","og_title":"Jak nosi\u0107 kardigan? Pomys\u0142y na stylizacje - Magazyn Pakamera.pl","og_description":"Zastanawiasz si\u0119 jak nosi\u0107 kardigan? Zobacz nasze propozycje zar\u00f3wno dla d\u0142ugich jak i kr\u00f3tkich modeli. Stw\u00f3rz z nami idealn\u0105 stylizacj\u0119.","og_url":"https:\/\/www.pakamera.pl\/magazyn\/jak-nosic-kardigan-pomysly-na-stylizacje\/","og_site_name":"Magazyn Pakamera.pl","article_publisher":"https:\/\/facebook.com\/pakamerapl","article_published_time":"2025-09-14T07:04:23+00:00","article_modified_time":"2025-09-12T09:49:52+00:00","og_image":[{"width":1600,"height":840,"url":"https:\/\/imgmag.pakamera.net\/2025\/09\/jak-nosic-kardigan-pomysly-na-stylizacje-113502330348.jpg","type":"image\/jpeg"}],"author":"Magda Strzelecka","twitter_card":"summary_large_image","twitter_misc":{"Napisane przez":"Magda Strzelecka","Szacowany czas czytania":"6 minut"},"schema":{"@context":"https:\/\/schema.org","@graph":[{"@type":"Article","@id":"https:\/\/www.pakamera.pl\/magazyn\/jak-nosic-kardigan-pomysly-na-stylizacje\/#article","isPartOf":{"@id":"https:\/\/www.pakamera.pl\/magazyn\/jak-nosic-kardigan-pomysly-na-stylizacje\/"},"author":{"name":"Magda Strzelecka","@id":"https:\/\/www.pakamera.pl\/magazyn\/#\/schema\/person\/375940ab821c5af50e1e31f1ec5282b5"},"headline":"Jak nosi\u0107 kardigan? Pomys\u0142y na stylizacje","datePublished":"2025-09-14T07:04:23+00:00","dateModified":"2025-09-12T09:49:52+00:00","mainEntityOfPage":{"@id":"https:\/\/www.pakamera.pl\/magazyn\/jak-nosic-kardigan-pomysly-na-stylizacje\/"},"wordCount":953,"publisher":{"@id":"https:\/\/www.pakamera.pl\/magazyn\/#organization"},"keywords":["ciep\u0142e swetry na zim\u0119","kardigan","kardigan d\u0142ugi","oversizowy sweter","ovesizowy sweter","sweter na jesie\u0144","sweter z alpaki","swetry r\u0119cznie robione","we\u0142niany sweter"],"articleSection":["Moda"],"inLanguage":"pl-PL"},{"@type":"WebPage","@id":"https:\/\/www.pakamera.pl\/magazyn\/jak-nosic-kardigan-pomysly-na-stylizacje\/","url":"https:\/\/www.pakamera.pl\/magazyn\/jak-nosic-kardigan-pomysly-na-stylizacje\/","name":"Jak nosi\u0107 kardigan? Pomys\u0142y na stylizacje - Magazyn Pakamera.pl","isPartOf":{"@id":"https:\/\/www.pakamera.pl\/magazyn\/#website"},"datePublished":"2025-09-14T07:04:23+00:00","dateModified":"2025-09-12T09:49:52+00:00","description":"Zastanawiasz si\u0119 jak nosi\u0107 kardigan? Zobacz nasze propozycje zar\u00f3wno dla d\u0142ugich jak i kr\u00f3tkich modeli. Stw\u00f3rz z nami idealn\u0105 stylizacj\u0119.","breadcrumb":{"@id":"https:\/\/www.pakamera.pl\/magazyn\/jak-nosic-kardigan-pomysly-na-stylizacje\/#breadcrumb"},"inLanguage":"pl-PL","potentialAction":[{"@type":"ReadAction","target":["https:\/\/www.pakamera.pl\/magazyn\/jak-nosic-kardigan-pomysly-na-stylizacje\/"]}]},{"@type":"BreadcrumbList","@id":"https:\/\/www.pakamera.pl\/magazyn\/jak-nosic-kardigan-pomysly-na-stylizacje\/#breadcrumb","itemListElement":[{"@type":"ListItem","position":1,"name":"Magazyn","item":"https:\/\/www.pakamera.pl\/magazyn\/"},{"@type":"ListItem","position":2,"name":"Moda","item":"https:\/\/www.pakamera.pl\/magazyn\/category\/moda\/"},{"@type":"ListItem","position":3,"name":"Jak nosi\u0107 kardigan? Pomys\u0142y na stylizacje"}]},{"@type":"WebSite","@id":"https:\/\/www.pakamera.pl\/magazyn\/#website","url":"https:\/\/www.pakamera.pl\/magazyn\/","name":"Magazyn Pakamera.pl","description":"Sprawd\u017a najgor\u0119tsze tematy sezonu!","publisher":{"@id":"https:\/\/www.pakamera.pl\/magazyn\/#organization"},"potentialAction":[{"@type":"SearchAction","target":{"@type":"EntryPoint","urlTemplate":"https:\/\/www.pakamera.pl\/magazyn\/?s={search_term_string}"},"query-input":"required name=search_term_string"}],"inLanguage":"pl-PL"},{"@type":"Organization","@id":"https:\/\/www.pakamera.pl\/magazyn\/#organization","name":"Pakamera.pl","url":"https:\/\/www.pakamera.pl\/magazyn\/","logo":{"@type":"ImageObject","inLanguage":"pl-PL","@id":"https:\/\/www.pakamera.pl\/magazyn\/#\/schema\/logo\/image\/","url":"https:\/\/imgmag.pakamera.net\/2023\/11\/153455466619.png","contentUrl":"https:\/\/imgmag.pakamera.net\/2023\/11\/153455466619.png","width":690,"height":140,"caption":"Pakamera.pl"},"image":{"@id":"https:\/\/www.pakamera.pl\/magazyn\/#\/schema\/logo\/image\/"},"sameAs":["https:\/\/facebook.com\/pakamerapl","https:\/\/www.instagram.com\/pakamera\/"]},{"@type":"Person","@id":"https:\/\/www.pakamera.pl\/magazyn\/#\/schema\/person\/375940ab821c5af50e1e31f1ec5282b5","name":"Magda Strzelecka","description":"Magda to nasza stylistka, kt\u00f3ra od ponad 10 lat \u015bci\u015ble zwi\u0105zana jest z mod\u0105. Uwielbia \u015bledzi\u0107 \u015bwiatowe trendy i przek\u0142ada\u0107 je na rynek polski. Kocha dobre sk\u0142ady ubra\u0144, wyj\u0105tkow\u0105 bi\u017cuteri\u0119 i dodatki kt\u00f3re o\u017cywi\u0105 ka\u017cd\u0105 stylizacj\u0119."}]}},"_links":{"self":[{"href":"https:\/\/www.pakamera.pl\/magazyn\/wp-json\/wp\/v2\/posts\/13812","targetHints":{"allow":["GET"]}}],"collection":[{"href":"https:\/\/www.pakamera.pl\/magazyn\/wp-json\/wp\/v2\/posts"}],"about":[{"href":"https:\/\/www.pakamera.pl\/magazyn\/wp-json\/wp\/v2\/types\/post"}],"author":[{"embeddable":true,"href":"https:\/\/www.pakamera.pl\/magazyn\/wp-json\/wp\/v2\/users\/16"}],"replies":[{"embeddable":true,"href":"https:\/\/www.pakamera.pl\/magazyn\/wp-json\/wp\/v2\/comments?post=13812"}],"version-history":[{"count":1,"href":"https:\/\/www.pakamera.pl\/magazyn\/wp-json\/wp\/v2\/posts\/13812\/revisions"}],"predecessor-version":[{"id":13815,"href":"https:\/\/www.pakamera.pl\/magazyn\/wp-json\/wp\/v2\/posts\/13812\/revisions\/13815"}],"wp:featuredmedia":[{"embeddable":true,"href":"https:\/\/www.pakamera.pl\/magazyn\/wp-json\/wp\/v2\/media\/13813"}],"wp:attachment":[{"href":"https:\/\/www.pakamera.pl\/magazyn\/wp-json\/wp\/v2\/media?parent=13812"}],"wp:term":[{"taxonomy":"category","embeddable":true,"href":"https:\/\/www.pakamera.pl\/magazyn\/wp-json\/wp\/v2\/categories?post=13812"},{"taxonomy":"post_tag","embeddable":true,"href":"https:\/\/www.pakamera.pl\/magazyn\/wp-json\/wp\/v2\/tags?post=13812"}],"curies":[{"name":"wp","href":"https:\/\/api.w.org\/{rel}","templated":true}]}}