{"id":13806,"date":"2025-09-12T11:04:00","date_gmt":"2025-09-12T09:04:00","guid":{"rendered":"https:\/\/www.pakamera.pl\/magazyn\/?p=13806"},"modified":"2025-09-12T11:04:00","modified_gmt":"2025-09-12T09:04:00","slug":"jak-dobrac-plaszcz-do-sylwetki","status":"publish","type":"post","link":"https:\/\/www.pakamera.pl\/magazyn\/jak-dobrac-plaszcz-do-sylwetki\/","title":{"rendered":"Jak dobra\u0107 p\u0142aszcz do sylwetki?"},"content":{"rendered":"<p><strong>Ka\u017cda kobieta mo\u017ce wygl\u0105da\u0107 dobrze w p\u0142aszczu, ale nie ka\u017cda kobieta wie, w jaki spos\u00f3b to osi\u0105gn\u0105\u0107. Je\u015bli stoisz przed lustrem i zastanawiasz si\u0119, dlaczego w zesz\u0142orocznym modelu wygl\u0105dasz jak nastolatka przebrana w ciuchy mamy, to znak, \u017ce rady, jak dobra\u0107 p\u0142aszcz do sylwetki, na pewno Ci si\u0119 przydadz\u0105.<\/strong><\/p>\n<p><!--more--><\/p>\n<figure id=\"attachment_13809\" aria-describedby=\"caption-attachment-13809\" style=\"width: 1600px\" class=\"wp-caption alignnone\"><img loading=\"lazy\" decoding=\"async\" class=\"wp-image-13809 size-full\" src=\"https:\/\/imgmag.pakamera.net\/2025\/09\/jak-dobrac-plaszcz-do-sylwetki-103405376970.jpg\" alt=\"Jak dobra\u0107 p\u0142aszcz do sylwetki?\" width=\"1600\" height=\"840\" \/><figcaption id=\"caption-attachment-13809\" class=\"wp-caption-text\">P\u0142aszcz zielony Las \/ SOVL \/ www.pakamera.pl<\/figcaption><\/figure>\n<p>Dobrze dobrany p\u0142aszcz do figury to inwestycja na lata. W zimowe miesi\u0105ce nosisz go codziennie. To w\u0142a\u015bnie ta cz\u0119\u015b\u0107 garderoby pomaga Ci wywrze\u0107 pozytywne pierwsze wra\u017cenie na nowo poznanych osobach. Zobacz, jak j\u0105 wybra\u0107.<\/p>\n<h2>Dobieramy p\u0142aszcz do figury \u2013 od czego zacz\u0105\u0107?<\/h2>\n<p>Czy wiesz, jak\u0105 masz sylwetk\u0119? Spokojnie, nie b\u0119dziemy Ci\u0119 teraz kategoryzowa\u0107 i wpasowywa\u0107 w sztywne ramy. <strong>Chodzi o to, \u017ceby\u015b zrozumia\u0142a, kt\u00f3re cz\u0119\u015bci cia\u0142a warto by\u0142oby podkre\u015bli\u0107, a kt\u00f3re delikatnie zamaskowa\u0107<\/strong>.<\/p>\n<p>Sp\u00f3jrz na siebie w lustrze w bieli\u017anie. Gdzie masz najw\u0119\u017csz\u0105 cz\u0119\u015b\u0107 torsu? Czy Twoje ramiona s\u0105 szersze od bioder, czy wr\u0119cz na odwr\u00f3t? Czy masz wyra\u017anie zaznaczon\u0105 tali\u0119? Te obserwacje pomog\u0105 Ci wybra\u0107 odpowiedni kr\u00f3j p\u0142aszcza. Zwr\u00f3\u0107 te\u017c uwag\u0119 na proporcje pomi\u0119dzy doln\u0105 i g\u00f3rn\u0105 cz\u0119\u015bci\u0105 cia\u0142a. Je\u015bli masz kr\u00f3tszy tors, d\u0142ugie okrycie wierzchnie optycznie Ci\u0119 skr\u00f3ci.<\/p>\n<div id=\"pakawidget2115\" class=\"pakawidget\"><\/div>\n<p><script async defer src=\"https:\/\/www.pakamera.pl\/widget\/widget2.min.js?id=2115&#038;type=20250912105659&#038;wwidth=1000\"><\/script><\/p>\n<h2>Jak dobra\u0107 p\u0142aszcz? Wskaz\u00f3wki dla r\u00f3\u017cnych typ\u00f3w sylwetki<\/h2>\n<p>Jak dobra\u0107 p\u0142aszcz do sylwetki: jab\u0142ka, gruszki, klepsydry, prostok\u0105ta i odwr\u00f3conego tr\u00f3jk\u0105ta? Z<strong>anim przejdziemy do konkretnych typ\u00f3w, zapami\u0119taj jedn\u0105 uniwersaln\u0105 zasad\u0119: ubrania maj\u0105 wsp\u00f3\u0142pracowa\u0107 z Twoj\u0105 figur\u0105, a nie z ni\u0105 walczy\u0107<\/strong>.<\/p>\n<h3>P\u0142aszcz dla figury jab\u0142ko<\/h3>\n<p>Masz szersze ramiona i tors, a w\u0119\u017csze biodra? Jaki p\u0142aszcz dla figury jab\u0142ko b\u0119dzie odpowiedni? Dobrze dobrane ubranie wyd\u0142u\u017ca Twoj\u0105 sylwetk\u0119 i podkre\u015bla nogi. Pasuj\u0105 Ci <strong>proste <a href=\"https:\/\/www.pakamera.pl\/plaszcze-0-1905.htm\" target=\"_blank\" rel=\"noopener\">p\u0142aszcze damskie<\/a> bez pask\u00f3w, kt\u00f3re delikatnie opadaj\u0105 w d\u00f3\u0142, tworz\u0105c pionow\u0105 lini\u0119<\/strong>. Najlepiej b\u0119dziesz wygl\u0105da\u0107 <strong>w modelach ko\u0144cz\u0105cych si\u0119 tu\u017c poni\u017cej bioder lub si\u0119gaj\u0105ce po\u0142owy ud<\/strong>, poniewa\u017c taka d\u0142ugo\u015b\u0107 optycznie wyd\u0142u\u017ca nogi. P\u0142aszcz dla figury jab\u0142ko ma pionowe elementy: rz\u0119dy guzik\u00f3w, szwy i pionowe kieszenie.<\/p>\n<figure id=\"attachment_13810\" aria-describedby=\"caption-attachment-13810\" style=\"width: 1600px\" class=\"wp-caption alignnone\"><img loading=\"lazy\" decoding=\"async\" class=\"wp-image-13810 size-full\" src=\"https:\/\/imgmag.pakamera.net\/2025\/09\/jak-dobrac-plaszcz-do-sylwetki-103405779136.jpg\" alt=\"Zielony p\u0142aszcz ze sztucznego futra zapinany na zatrzaski z mo\u017cliwo\u015bci\u0105 przewi\u0105zania paskiem w talli. Posiada pojemne kieszenie.\" width=\"1600\" height=\"840\" \/><figcaption id=\"caption-attachment-13810\" class=\"wp-caption-text\">Zielony p\u0142aszcz ze sztucznego futra \/ FORTINI \/ www.pakamera.pl<\/figcaption><\/figure>\n<h3>P\u0142aszcz dla figury gruszki<\/h3>\n<p>Twoje biodra s\u0105 szersze od ramion? Jaki p\u0142aszcz dla figury gruszki? B\u0119dziesz wygl\u0105da\u0107 najkorzystniej, gdy optycznie podkre\u015blisz i poszerzysz ramiona. Pierwszym wyborem powinny by\u0107 dla Ciebie <strong>p\u0142aszcze z szerokimi klapami i poduszkami w ramionach oraz wysoko umieszczonym paskiem<\/strong> (najlepiej tu\u017c pod biustem). Idealny p\u0142aszcz dla gruszki ma d\u0142ugo\u015b\u0107 do po\u0142owy uda.<\/p>\n<h3>P\u0142aszcz dla figury klepsydry<\/h3>\n<p>Masz wyr\u00f3wnan\u0105 szeroko\u015b\u0107 ramion i bioder oraz wyra\u017anie zaznaczon\u0105 tali\u0119? Jaki p\u0142aszcz dla klepsydry b\u0119dzie wygl\u0105da\u0142 najlepiej? Twoim celem jest<strong> podkre\u015blenie naturalnych proporcji trenczem lub p\u0142aszczem w stylu retro z paskiem w talii<\/strong>. Je\u015bli chodzi o d\u0142ugo\u015b\u0107, to masz pe\u0142n\u0105 dowolno\u015b\u0107: do kolan, d\u0142ugie do kostek i kr\u00f3tsze p\u0142aszczyki.<\/p>\n<div id=\"pakawidget2116\" class=\"pakawidget\"><\/div>\n<p><script async defer src=\"https:\/\/www.pakamera.pl\/widget\/widget2.min.js?id=2116&#038;type=20250912105842&#038;wwidth=1000\"><\/script><\/p>\n<h3>P\u0142aszcz dla figury prostok\u0105t<\/h3>\n<p>Masz podobn\u0105 szeroko\u015b\u0107 ramion, talii i bioder? Jaki kr\u00f3j p\u0142aszcza do figury prostok\u0105t b\u0119dzie najlepszy dla figury typu prostok\u0105t? Wybierz ubranie, kt\u00f3re wydob\u0119dzie z Twojej sylwetki kobiece kszta\u0142ty, czyli <strong>model z paskiem, kieszeniami na biodrach lub taki w kszta\u0142cie litery A<\/strong>, rozszerzaj\u0105cy si\u0119 ku do\u0142owi. Proste, pude\u0142kowe p\u0142aszcze nie s\u0105 Twoimi sprzymierze\u0144cami.<\/p>\n<p>Dodatkowe pytanie brzmi: jaki p\u0142aszcz dla szczup\u0142ej osoby b\u0119dzie odpowiedni? <strong>Szczup\u0142e kobiety mog\u0105 pozwoli\u0107 sobie na modele oversize, ale z wyra\u017an\u0105 struktur\u0105<\/strong>. P\u0142aszcz nie mo\u017ce wisie\u0107 jak worek. Sprawdz\u0105 si\u0119 <strong>p\u0142aszcze z futrzanymi ko\u0142nierzami, grubymi dzianinowymi wstawkami i du\u017cymi kieszeniami<\/strong>.<\/p>\n<h3>P\u0142aszcz dla figury odwr\u00f3cony tr\u00f3jk\u0105t<\/h3>\n<p>Masz szerokie ramiona i w\u0105skie biodra? Figura odwr\u00f3conego tr\u00f3jk\u0105ta to przeciwie\u0144stwo gruszki i dlatego wymaga odwrotnego podej\u015bcia. Twoim celem jest optyczne poszerzenie bioder i z\u0142agodzenie linii ramion. Pomog\u0105 Ci to osi\u0105gn\u0105\u0107 <strong>rozszerzaj\u0105cy si\u0119 ku do\u0142owi <a href=\"https:\/\/www.pakamera.pl\/plaszcz-welniany-0-t51890.htm\" target=\"_blank\" rel=\"noopener\">we\u0142niany p\u0142aszcz<\/a> o kroju A oraz modele z kieszeniami na biodrach i paskami wi\u0105zanymi z ty\u0142u<\/strong>. Zrezygnuj z wyboru p\u0142aszczy z szerokimi ko\u0142nierzami lub poduszkami w ramionach, poniewa\u017c niepotrzebnie poszerz\u0105 g\u00f3rn\u0105 cz\u0119\u015b\u0107 cia\u0142a.<\/p>\n<div id=\"pakawidget2117\" class=\"pakawidget\"><\/div>\n<p><script async defer src=\"https:\/\/www.pakamera.pl\/widget\/widget2.min.js?id=2117&#038;type=20250912105922&#038;wwidth=1000\"><\/script><\/p>\n<h2>Czego unika\u0107 przy doborze p\u0142aszcza?<\/h2>\n<p>Ignorowanie, jaki kr\u00f3j p\u0142aszcza do figury b\u0119dzie najlepszy, nie jest jedynym modowym grzeszkiem, kt\u00f3ry mo\u017cesz pope\u0142ni\u0107. <strong>Ogromny b\u0142\u0105d polega na wyborze ubrania o zbyt du\u017cym rozmiarze<\/strong>. Cho\u0107 p\u0142aszcz ma by\u0107 wygodny, nie mo\u017ce na Tobie wisie\u0107. <strong>Je\u015bli r\u0119kawy s\u0105 za d\u0142ugie, a p\u0142aszcz nie ma \u017cadnej struktury, to jasny znak, \u017ce potrzebujesz mniejszego rozmiaru<\/strong>. Z drugiej strony p\u0142aszcz musi pasowa\u0107 na grubsze ubrania, dlatego nie mo\u017ce te\u017c by\u0107 zbyt obcis\u0142y. We\u017a to pod uwag\u0119 i sprawd\u017a instrukcj\u0119, jak dobra\u0107 rozmiar p\u0142aszcza.<\/p>\n<p>P\u0142aszcz <strong>musi by\u0107 wykonany z jako\u015bciowych materia\u0142\u00f3w<\/strong>. W ch\u0142odne dni b\u0119dziesz nosi\u0107 go bardzo cz\u0119sto, r\u00f3wnie\u017c w trudnych warunkach: w deszczu i mrozie. <strong>Najlepiej, \u017ceby w sk\u0142adzie by\u0142y naturalne w\u0142\u00f3kna: we\u0142na, kaszmir, moher lub sztuczne mieszanki z wysokim udzia\u0142em we\u0142ny<\/strong>. Nie inwestuj du\u017cych pieni\u0119dzy w p\u0142aszcze z wysok\u0105 zawarto\u015bci\u0105 akrylu, poniewa\u017c szybko si\u0119 mechac\u0105.<\/p>\n<p><a href=\"https:\/\/www.pakamera.pl\/magazyn\/jak-dobrac-plaszcz-do-sukienki-wskazowki-i-trendy\/\" target=\"_blank\" rel=\"noopener\">Jak dobra\u0107 p\u0142aszcz do sukienki?<\/a> Podstawowa zasada to dopasowanie d\u0142ugo\u015bci obu cz\u0119\u015bci garderoby. P\u0142aszcz powinien by\u0107 kr\u00f3tszy lub d\u0142u\u017cszy od sukienki, ale nie mo\u017ce ko\u0144czy\u0107 si\u0119 w tym samym miejscu.<br \/>\nJu\u017c wiesz, jak dobra\u0107 p\u0142aszcz do figury? <strong>Na Pakamera.pl czekaj\u0105 na Ciebie ubrania szyte z jako\u015bciowych materia\u0142\u00f3w w polskich szwalniach<\/strong>. Przejrzyj ca\u0142\u0105 kolekcj\u0119 i wybierz co\u015b dla siebie.<\/p>\n","protected":false},"excerpt":{"rendered":"<p>Ka\u017cda kobieta mo\u017ce wygl\u0105da\u0107 dobrze w p\u0142aszczu, ale nie ka\u017cda kobieta wie, w jaki spos\u00f3b to osi\u0105gn\u0105\u0107. Je\u015bli stoisz przed lustrem i zastanawiasz si\u0119, dlaczego w zesz\u0142orocznym modelu wygl\u0105dasz jak<span class=\"more-dots\">&#8230;<\/span><\/p>\n","protected":false},"author":16,"featured_media":13809,"comment_status":"closed","ping_status":"closed","sticky":false,"template":"","format":"standard","meta":{"footnotes":""},"categories":[3],"tags":[529,528,243,2240,527,578,581,579],"class_list":["post-13806","post","type-post","status-publish","format-standard","has-post-thumbnail","hentry","category-moda","tag-modne-plaszcze","tag-modny-plaszcz","tag-plaszcz","tag-plaszcz-jesienny","tag-plaszcz-na-zime","tag-plaszcz-oversize","tag-welniany-plaszcz","tag-zimowy-plaszcz"],"yoast_head":"<!-- This site is optimized with the Yoast SEO plugin v21.6 - https:\/\/yoast.com\/wordpress\/plugins\/seo\/ -->\n<title>Jak dobra\u0107 p\u0142aszcz do sylwetki? - Magazyn Pakamera.pl<\/title>\n<meta name=\"description\" content=\"Ka\u017cda kobieta mo\u017ce wygl\u0105da\u0107 dobrze w p\u0142aszczu, ale nie ka\u017cda kobieta wie, w jaki spos\u00f3b to osi\u0105gn\u0105\u0107. Zobacz jak dobra\u0107 p\u0142aszcz do sylwetki.\" \/>\n<meta name=\"robots\" content=\"index, follow\" \/>\n<link rel=\"canonical\" href=\"https:\/\/www.pakamera.pl\/magazyn\/jak-dobrac-plaszcz-do-sylwetki\/\" \/>\n<meta property=\"og:locale\" content=\"pl_PL\" \/>\n<meta property=\"og:type\" content=\"article\" \/>\n<meta property=\"og:title\" content=\"Jak dobra\u0107 p\u0142aszcz do sylwetki? - Magazyn Pakamera.pl\" \/>\n<meta property=\"og:description\" content=\"Ka\u017cda kobieta mo\u017ce wygl\u0105da\u0107 dobrze w p\u0142aszczu, ale nie ka\u017cda kobieta wie, w jaki spos\u00f3b to osi\u0105gn\u0105\u0107. Zobacz jak dobra\u0107 p\u0142aszcz do sylwetki.\" \/>\n<meta property=\"og:url\" content=\"https:\/\/www.pakamera.pl\/magazyn\/jak-dobrac-plaszcz-do-sylwetki\/\" \/>\n<meta property=\"og:site_name\" content=\"Magazyn Pakamera.pl\" \/>\n<meta property=\"article:publisher\" content=\"https:\/\/facebook.com\/pakamerapl\" \/>\n<meta property=\"article:published_time\" content=\"2025-09-12T09:04:00+00:00\" \/>\n<meta property=\"og:image\" content=\"https:\/\/imgmag.pakamera.net\/2025\/09\/jak-dobrac-plaszcz-do-sylwetki-103405376970.jpg\" \/>\n\t<meta property=\"og:image:width\" content=\"1600\" \/>\n\t<meta property=\"og:image:height\" content=\"840\" \/>\n\t<meta property=\"og:image:type\" content=\"image\/jpeg\" \/>\n<meta name=\"author\" content=\"Magda Strzelecka\" \/>\n<meta name=\"twitter:card\" content=\"summary_large_image\" \/>\n<meta name=\"twitter:label1\" content=\"Napisane przez\" \/>\n\t<meta name=\"twitter:data1\" content=\"Magda Strzelecka\" \/>\n\t<meta name=\"twitter:label2\" content=\"Szacowany czas czytania\" \/>\n\t<meta name=\"twitter:data2\" content=\"6 minut\" \/>\n<script type=\"application\/ld+json\" class=\"yoast-schema-graph\">{\"@context\":\"https:\/\/schema.org\",\"@graph\":[{\"@type\":\"Article\",\"@id\":\"https:\/\/www.pakamera.pl\/magazyn\/jak-dobrac-plaszcz-do-sylwetki\/#article\",\"isPartOf\":{\"@id\":\"https:\/\/www.pakamera.pl\/magazyn\/jak-dobrac-plaszcz-do-sylwetki\/\"},\"author\":{\"name\":\"Magda Strzelecka\",\"@id\":\"https:\/\/www.pakamera.pl\/magazyn\/#\/schema\/person\/375940ab821c5af50e1e31f1ec5282b5\"},\"headline\":\"Jak dobra\u0107 p\u0142aszcz do sylwetki?\",\"datePublished\":\"2025-09-12T09:04:00+00:00\",\"dateModified\":\"2025-09-12T09:04:00+00:00\",\"mainEntityOfPage\":{\"@id\":\"https:\/\/www.pakamera.pl\/magazyn\/jak-dobrac-plaszcz-do-sylwetki\/\"},\"wordCount\":1010,\"publisher\":{\"@id\":\"https:\/\/www.pakamera.pl\/magazyn\/#organization\"},\"keywords\":[\"modne p\u0142aszcze\",\"modny p\u0142aszcz\",\"p\u0142aszcz\",\"p\u0142aszcz jesienny\",\"p\u0142aszcz na zim\u0119\",\"p\u0142aszcz oversize\",\"we\u0142niany p\u0142aszcz\",\"zimowy p\u0142aszcz\"],\"articleSection\":[\"Moda\"],\"inLanguage\":\"pl-PL\"},{\"@type\":\"WebPage\",\"@id\":\"https:\/\/www.pakamera.pl\/magazyn\/jak-dobrac-plaszcz-do-sylwetki\/\",\"url\":\"https:\/\/www.pakamera.pl\/magazyn\/jak-dobrac-plaszcz-do-sylwetki\/\",\"name\":\"Jak dobra\u0107 p\u0142aszcz do sylwetki? - Magazyn Pakamera.pl\",\"isPartOf\":{\"@id\":\"https:\/\/www.pakamera.pl\/magazyn\/#website\"},\"datePublished\":\"2025-09-12T09:04:00+00:00\",\"dateModified\":\"2025-09-12T09:04:00+00:00\",\"description\":\"Ka\u017cda kobieta mo\u017ce wygl\u0105da\u0107 dobrze w p\u0142aszczu, ale nie ka\u017cda kobieta wie, w jaki spos\u00f3b to osi\u0105gn\u0105\u0107. Zobacz jak dobra\u0107 p\u0142aszcz do sylwetki.\",\"breadcrumb\":{\"@id\":\"https:\/\/www.pakamera.pl\/magazyn\/jak-dobrac-plaszcz-do-sylwetki\/#breadcrumb\"},\"inLanguage\":\"pl-PL\",\"potentialAction\":[{\"@type\":\"ReadAction\",\"target\":[\"https:\/\/www.pakamera.pl\/magazyn\/jak-dobrac-plaszcz-do-sylwetki\/\"]}]},{\"@type\":\"BreadcrumbList\",\"@id\":\"https:\/\/www.pakamera.pl\/magazyn\/jak-dobrac-plaszcz-do-sylwetki\/#breadcrumb\",\"itemListElement\":[{\"@type\":\"ListItem\",\"position\":1,\"name\":\"Magazyn\",\"item\":\"https:\/\/www.pakamera.pl\/magazyn\/\"},{\"@type\":\"ListItem\",\"position\":2,\"name\":\"Moda\",\"item\":\"https:\/\/www.pakamera.pl\/magazyn\/category\/moda\/\"},{\"@type\":\"ListItem\",\"position\":3,\"name\":\"Jak dobra\u0107 p\u0142aszcz do sylwetki?\"}]},{\"@type\":\"WebSite\",\"@id\":\"https:\/\/www.pakamera.pl\/magazyn\/#website\",\"url\":\"https:\/\/www.pakamera.pl\/magazyn\/\",\"name\":\"Magazyn Pakamera.pl\",\"description\":\"Sprawd\u017a najgor\u0119tsze tematy sezonu!\",\"publisher\":{\"@id\":\"https:\/\/www.pakamera.pl\/magazyn\/#organization\"},\"potentialAction\":[{\"@type\":\"SearchAction\",\"target\":{\"@type\":\"EntryPoint\",\"urlTemplate\":\"https:\/\/www.pakamera.pl\/magazyn\/?s={search_term_string}\"},\"query-input\":\"required name=search_term_string\"}],\"inLanguage\":\"pl-PL\"},{\"@type\":\"Organization\",\"@id\":\"https:\/\/www.pakamera.pl\/magazyn\/#organization\",\"name\":\"Pakamera.pl\",\"url\":\"https:\/\/www.pakamera.pl\/magazyn\/\",\"logo\":{\"@type\":\"ImageObject\",\"inLanguage\":\"pl-PL\",\"@id\":\"https:\/\/www.pakamera.pl\/magazyn\/#\/schema\/logo\/image\/\",\"url\":\"https:\/\/imgmag.pakamera.net\/2023\/11\/153455466619.png\",\"contentUrl\":\"https:\/\/imgmag.pakamera.net\/2023\/11\/153455466619.png\",\"width\":690,\"height\":140,\"caption\":\"Pakamera.pl\"},\"image\":{\"@id\":\"https:\/\/www.pakamera.pl\/magazyn\/#\/schema\/logo\/image\/\"},\"sameAs\":[\"https:\/\/facebook.com\/pakamerapl\",\"https:\/\/www.instagram.com\/pakamera\/\"]},{\"@type\":\"Person\",\"@id\":\"https:\/\/www.pakamera.pl\/magazyn\/#\/schema\/person\/375940ab821c5af50e1e31f1ec5282b5\",\"name\":\"Magda Strzelecka\",\"description\":\"Magda to nasza stylistka, kt\u00f3ra od ponad 10 lat \u015bci\u015ble zwi\u0105zana jest z mod\u0105. Uwielbia \u015bledzi\u0107 \u015bwiatowe trendy i przek\u0142ada\u0107 je na rynek polski. Kocha dobre sk\u0142ady ubra\u0144, wyj\u0105tkow\u0105 bi\u017cuteri\u0119 i dodatki kt\u00f3re o\u017cywi\u0105 ka\u017cd\u0105 stylizacj\u0119.\"}]}<\/script>\n<!-- \/ Yoast SEO plugin. -->","yoast_head_json":{"title":"Jak dobra\u0107 p\u0142aszcz do sylwetki? - Magazyn Pakamera.pl","description":"Ka\u017cda kobieta mo\u017ce wygl\u0105da\u0107 dobrze w p\u0142aszczu, ale nie ka\u017cda kobieta wie, w jaki spos\u00f3b to osi\u0105gn\u0105\u0107. Zobacz jak dobra\u0107 p\u0142aszcz do sylwetki.","robots":{"index":"index","follow":"follow"},"canonical":"https:\/\/www.pakamera.pl\/magazyn\/jak-dobrac-plaszcz-do-sylwetki\/","og_locale":"pl_PL","og_type":"article","og_title":"Jak dobra\u0107 p\u0142aszcz do sylwetki? - Magazyn Pakamera.pl","og_description":"Ka\u017cda kobieta mo\u017ce wygl\u0105da\u0107 dobrze w p\u0142aszczu, ale nie ka\u017cda kobieta wie, w jaki spos\u00f3b to osi\u0105gn\u0105\u0107. Zobacz jak dobra\u0107 p\u0142aszcz do sylwetki.","og_url":"https:\/\/www.pakamera.pl\/magazyn\/jak-dobrac-plaszcz-do-sylwetki\/","og_site_name":"Magazyn Pakamera.pl","article_publisher":"https:\/\/facebook.com\/pakamerapl","article_published_time":"2025-09-12T09:04:00+00:00","og_image":[{"width":1600,"height":840,"url":"https:\/\/imgmag.pakamera.net\/2025\/09\/jak-dobrac-plaszcz-do-sylwetki-103405376970.jpg","type":"image\/jpeg"}],"author":"Magda Strzelecka","twitter_card":"summary_large_image","twitter_misc":{"Napisane przez":"Magda Strzelecka","Szacowany czas czytania":"6 minut"},"schema":{"@context":"https:\/\/schema.org","@graph":[{"@type":"Article","@id":"https:\/\/www.pakamera.pl\/magazyn\/jak-dobrac-plaszcz-do-sylwetki\/#article","isPartOf":{"@id":"https:\/\/www.pakamera.pl\/magazyn\/jak-dobrac-plaszcz-do-sylwetki\/"},"author":{"name":"Magda Strzelecka","@id":"https:\/\/www.pakamera.pl\/magazyn\/#\/schema\/person\/375940ab821c5af50e1e31f1ec5282b5"},"headline":"Jak dobra\u0107 p\u0142aszcz do sylwetki?","datePublished":"2025-09-12T09:04:00+00:00","dateModified":"2025-09-12T09:04:00+00:00","mainEntityOfPage":{"@id":"https:\/\/www.pakamera.pl\/magazyn\/jak-dobrac-plaszcz-do-sylwetki\/"},"wordCount":1010,"publisher":{"@id":"https:\/\/www.pakamera.pl\/magazyn\/#organization"},"keywords":["modne p\u0142aszcze","modny p\u0142aszcz","p\u0142aszcz","p\u0142aszcz jesienny","p\u0142aszcz na zim\u0119","p\u0142aszcz oversize","we\u0142niany p\u0142aszcz","zimowy p\u0142aszcz"],"articleSection":["Moda"],"inLanguage":"pl-PL"},{"@type":"WebPage","@id":"https:\/\/www.pakamera.pl\/magazyn\/jak-dobrac-plaszcz-do-sylwetki\/","url":"https:\/\/www.pakamera.pl\/magazyn\/jak-dobrac-plaszcz-do-sylwetki\/","name":"Jak dobra\u0107 p\u0142aszcz do sylwetki? - Magazyn Pakamera.pl","isPartOf":{"@id":"https:\/\/www.pakamera.pl\/magazyn\/#website"},"datePublished":"2025-09-12T09:04:00+00:00","dateModified":"2025-09-12T09:04:00+00:00","description":"Ka\u017cda kobieta mo\u017ce wygl\u0105da\u0107 dobrze w p\u0142aszczu, ale nie ka\u017cda kobieta wie, w jaki spos\u00f3b to osi\u0105gn\u0105\u0107. Zobacz jak dobra\u0107 p\u0142aszcz do sylwetki.","breadcrumb":{"@id":"https:\/\/www.pakamera.pl\/magazyn\/jak-dobrac-plaszcz-do-sylwetki\/#breadcrumb"},"inLanguage":"pl-PL","potentialAction":[{"@type":"ReadAction","target":["https:\/\/www.pakamera.pl\/magazyn\/jak-dobrac-plaszcz-do-sylwetki\/"]}]},{"@type":"BreadcrumbList","@id":"https:\/\/www.pakamera.pl\/magazyn\/jak-dobrac-plaszcz-do-sylwetki\/#breadcrumb","itemListElement":[{"@type":"ListItem","position":1,"name":"Magazyn","item":"https:\/\/www.pakamera.pl\/magazyn\/"},{"@type":"ListItem","position":2,"name":"Moda","item":"https:\/\/www.pakamera.pl\/magazyn\/category\/moda\/"},{"@type":"ListItem","position":3,"name":"Jak dobra\u0107 p\u0142aszcz do sylwetki?"}]},{"@type":"WebSite","@id":"https:\/\/www.pakamera.pl\/magazyn\/#website","url":"https:\/\/www.pakamera.pl\/magazyn\/","name":"Magazyn Pakamera.pl","description":"Sprawd\u017a najgor\u0119tsze tematy sezonu!","publisher":{"@id":"https:\/\/www.pakamera.pl\/magazyn\/#organization"},"potentialAction":[{"@type":"SearchAction","target":{"@type":"EntryPoint","urlTemplate":"https:\/\/www.pakamera.pl\/magazyn\/?s={search_term_string}"},"query-input":"required name=search_term_string"}],"inLanguage":"pl-PL"},{"@type":"Organization","@id":"https:\/\/www.pakamera.pl\/magazyn\/#organization","name":"Pakamera.pl","url":"https:\/\/www.pakamera.pl\/magazyn\/","logo":{"@type":"ImageObject","inLanguage":"pl-PL","@id":"https:\/\/www.pakamera.pl\/magazyn\/#\/schema\/logo\/image\/","url":"https:\/\/imgmag.pakamera.net\/2023\/11\/153455466619.png","contentUrl":"https:\/\/imgmag.pakamera.net\/2023\/11\/153455466619.png","width":690,"height":140,"caption":"Pakamera.pl"},"image":{"@id":"https:\/\/www.pakamera.pl\/magazyn\/#\/schema\/logo\/image\/"},"sameAs":["https:\/\/facebook.com\/pakamerapl","https:\/\/www.instagram.com\/pakamera\/"]},{"@type":"Person","@id":"https:\/\/www.pakamera.pl\/magazyn\/#\/schema\/person\/375940ab821c5af50e1e31f1ec5282b5","name":"Magda Strzelecka","description":"Magda to nasza stylistka, kt\u00f3ra od ponad 10 lat \u015bci\u015ble zwi\u0105zana jest z mod\u0105. Uwielbia \u015bledzi\u0107 \u015bwiatowe trendy i przek\u0142ada\u0107 je na rynek polski. Kocha dobre sk\u0142ady ubra\u0144, wyj\u0105tkow\u0105 bi\u017cuteri\u0119 i dodatki kt\u00f3re o\u017cywi\u0105 ka\u017cd\u0105 stylizacj\u0119."}]}},"_links":{"self":[{"href":"https:\/\/www.pakamera.pl\/magazyn\/wp-json\/wp\/v2\/posts\/13806","targetHints":{"allow":["GET"]}}],"collection":[{"href":"https:\/\/www.pakamera.pl\/magazyn\/wp-json\/wp\/v2\/posts"}],"about":[{"href":"https:\/\/www.pakamera.pl\/magazyn\/wp-json\/wp\/v2\/types\/post"}],"author":[{"embeddable":true,"href":"https:\/\/www.pakamera.pl\/magazyn\/wp-json\/wp\/v2\/users\/16"}],"replies":[{"embeddable":true,"href":"https:\/\/www.pakamera.pl\/magazyn\/wp-json\/wp\/v2\/comments?post=13806"}],"version-history":[{"count":3,"href":"https:\/\/www.pakamera.pl\/magazyn\/wp-json\/wp\/v2\/posts\/13806\/revisions"}],"predecessor-version":[{"id":13811,"href":"https:\/\/www.pakamera.pl\/magazyn\/wp-json\/wp\/v2\/posts\/13806\/revisions\/13811"}],"wp:featuredmedia":[{"embeddable":true,"href":"https:\/\/www.pakamera.pl\/magazyn\/wp-json\/wp\/v2\/media\/13809"}],"wp:attachment":[{"href":"https:\/\/www.pakamera.pl\/magazyn\/wp-json\/wp\/v2\/media?parent=13806"}],"wp:term":[{"taxonomy":"category","embeddable":true,"href":"https:\/\/www.pakamera.pl\/magazyn\/wp-json\/wp\/v2\/categories?post=13806"},{"taxonomy":"post_tag","embeddable":true,"href":"https:\/\/www.pakamera.pl\/magazyn\/wp-json\/wp\/v2\/tags?post=13806"}],"curies":[{"name":"wp","href":"https:\/\/api.w.org\/{rel}","templated":true}]}}