{"id":13801,"date":"2025-09-10T10:03:00","date_gmt":"2025-09-10T08:03:00","guid":{"rendered":"https:\/\/www.pakamera.pl\/magazyn\/?p=13801"},"modified":"2025-09-10T10:12:09","modified_gmt":"2025-09-10T08:12:09","slug":"jak-dobrac-plaszcz-do-sukienki-wskazowki-i-trendy","status":"publish","type":"post","link":"https:\/\/www.pakamera.pl\/magazyn\/jak-dobrac-plaszcz-do-sukienki-wskazowki-i-trendy\/","title":{"rendered":"Jak dobra\u0107 p\u0142aszcz do sukienki? Wskaz\u00f3wki i trendy"},"content":{"rendered":"<p><strong>Idzie jesie\u0144. Ciep\u0142e dni powoli ust\u0119puj\u0105 miejsca ch\u0142odniejszym wieczorom i coraz cz\u0119\u015bciej opr\u00f3cz swetra trzeba te\u017c ze sob\u0105 zabiera\u0107 co\u015b na wierzch. Zw\u0142aszcza je\u015bli sp\u0119dzasz du\u017co czasu poza domem. Sprawd\u017a, jak dobra\u0107 p\u0142aszcz do sukienki i przygotowa\u0107 swoj\u0105 szaf\u0119 na jesienne i zimowe miesi\u0105ce.<\/strong><\/p>\n<p><!--more--><\/p>\n<figure id=\"attachment_13803\" aria-describedby=\"caption-attachment-13803\" style=\"width: 1600px\" class=\"wp-caption alignnone\"><img loading=\"lazy\" decoding=\"async\" class=\"wp-image-13803 size-full\" src=\"https:\/\/imgmag.pakamera.net\/2025\/09\/jak-dobrac-plaszcz-do-sukienki-wskazowki-i-trendy-095007476623.jpg\" alt=\"Jak dobra\u0107 p\u0142aszcz do sukienki? Wskaz\u00f3wki i trendy\" width=\"1600\" height=\"840\" \/><figcaption id=\"caption-attachment-13803\" class=\"wp-caption-text\">P\u0142aszcz Kr\u00f3tki Kokon Fango \/ BUBALA \/ www.pakamera.pl<\/figcaption><\/figure>\n<p>Dobrze dobrany p\u0142aszcz sprawi, \u017ce na ulicy b\u0119d\u0105 si\u0119 za Tob\u0105 ogl\u0105da\u0107! Przy jego pomocy z \u0142atwo\u015bci\u0105 osi\u0105gniesz efekt old money, parisian chic, a nawet mob wife. Mo\u017cesz w nim wygl\u0105da\u0107 elegancko, dziewcz\u0119co lub drapie\u017cnie, nie marzn\u0105c ani odrobinki. Zobaczmy, jaki p\u0142aszcz do sukienki b\u0119dzie najlepszy!<\/p>\n<h2>Czym si\u0119 kierowa\u0107, dobieraj\u0105c p\u0142aszcz do sukienki?<\/h2>\n<p>Czym by\u0142aby moda bez zasad? Radosn\u0105 improwizacj\u0105. Dlatego, zanim zaczniemy si\u0119 zastanawia\u0107, jaki p\u0142aszcz do d\u0142ugiej sukienki b\u0119dzie najlepszy, sp\u00f3jrzmy na szereg wskaz\u00f3wek, dzi\u0119ki kt\u00f3rym odzie\u017c wierzchnia b\u0119dzie le\u017ce\u0107 na Tobie wprost doskonale.<\/p>\n<p><strong>Po pierwsze i najwa\u017cniejsze: proporcje<\/strong>. Je\u015bli Twoja sylwetka by\u0142aby obrazem, proporcje by\u0142yby ram\u0105. \u0179le dobrana rama mo\u017ce zepsu\u0107 nawet najpi\u0119kniejsze dzie\u0142o sztuki. <strong>\u017beby wydoby\u0107 najlepsze proporcje, wykorzystaj zasad\u0119 kontrastu. Do mini sukienki ko\u0144cz\u0105cej si\u0119 w po\u0142owie uda w\u0142\u00f3\u017c d\u0142ugi p\u0142aszcz do kostek<\/strong> (i no\u015b go przewi\u0105zanego paskiem z lekko rozchylonymi po\u0142ami). Z kolei <strong>do d\u0142ugiej zwiewnej sp\u00f3dnicy ubierz kr\u00f3tki p\u0142aszczyk ko\u0144cz\u0105cy si\u0119 na wysoko\u015bci bioder<\/strong>.<\/p>\n<div id=\"pakawidget2113\" class=\"pakawidget\"><\/div>\n<p><script async defer src=\"https:\/\/www.pakamera.pl\/widget\/widget2.min.js?id=2113&#038;type=20250910095312&#038;wwidth=1000\"><\/script><br \/>\n<strong>Po drugie: kolory<\/strong>. <a href=\"https:\/\/www.pakamera.pl\/plaszcze-0-1905.htm\" target=\"_blank\" rel=\"noopener\">P\u0142aszcze damskie<\/a> w <strong>odcieniach be\u017cu, szaro\u015bci, bia\u0142ego i granatu pasuj\u0105 do wszystkiego i raczej nie ma ryzyka, \u017ce pewnego dnia wyjd\u0105 z mody<\/strong>. Taka kreacja pomaga zab\u0142ysn\u0105\u0107 sukience, kt\u00f3r\u0105 masz pod spodem. Nie zawsze musisz jednak i\u015b\u0107 tym tokiem rozumowania. Je\u015bli na co dzie\u0144 nosisz stonowane kreacje, p\u0142aszcz o jaskrawym kolorze b\u0119dzie zwraca\u0142 na siebie uwag\u0119 (oczywi\u015bcie w pozytywnym sensie!).<\/p>\n<h2>Jaki p\u0142aszcz pasuje do sukienki mini?<\/h2>\n<p>Sukienki mini dodaj\u0105 +10 do pewno\u015bci siebie, ale nie jest \u0142atwo nosi\u0107 je w zimie, gdy mr\u00f3z daje po nogach, dlatego ju\u017c wczesn\u0105 jesieni\u0105 warto si\u0119 zastanowi\u0107, jaki p\u0142aszcz pasuje do sukienki mini. <strong>Klasyczny trencz si\u0119gaj\u0105cy do po\u0142owy \u0142ydki z sukienk\u0105 mini stanowi po\u0142\u0105czenie idealne<\/strong>, poniewa\u017c tworzy pi\u0119kn\u0105 lini\u0119 A, bardzo korzystn\u0105 dla sylwetki. Ten efekt mo\u017cesz spot\u0119gowa\u0107, je\u015bli wybierzesz <strong>komplet: dopasowan\u0105 sukienk\u0119 w odcieniu nude, be\u017cowy trencz z paskiem i wysokie kozaki do kolan<\/strong>.<\/p>\n<p>Innym okryciem wierzchnim dopasowanym do sukienki mini jest <a href=\"https:\/\/www.pakamera.pl\/plaszcz-welniany-0-t51890.htm\" target=\"_blank\" rel=\"noopener\">we\u0142niany p\u0142aszcz<\/a> z zaznaczon\u0105 tali\u0105. Taka stylizacja w niemal ka\u017cdym kolorze b\u0119dzie wygl\u0105da\u0142a elegancko. A je\u015bli nale\u017cysz do grona os\u00f3b, kt\u00f3re chc\u0105 pokaza\u0107 nogi nawet zim\u0105, <strong>wypr\u00f3buj p\u0142aszcz do po\u0142owy uda o kroju oversize<\/strong>. B\u0119dziesz w nim wygl\u0105da\u0107 bardziej nonszalancko i \u201esportowo\u201d.<\/p>\n<h2>Jaki p\u0142aszcz dobra\u0107 do sukienki midi?<\/h2>\n<p>Sukienka midi pasuje dos\u0142ownie wsz\u0119dzie: do pracy, na randk\u0119, na brunch z przyjaci\u00f3\u0142kami i na rodzinn\u0105 uroczysto\u015b\u0107. Ta d\u0142ugo\u015b\u0107 jest wygodna i najprostsza do stylizacji. <strong>Mo\u017cesz do niej dobra\u0107 kr\u00f3tki p\u0142aszcz ko\u0144cz\u0105cy si\u0119 w okolicach bioder<\/strong>. Szczeg\u00f3lnie \u0142adnie prezentuj\u0105 si\u0119 taliowane modele z paskiem.<\/p>\n<figure id=\"attachment_13802\" aria-describedby=\"caption-attachment-13802\" style=\"width: 1600px\" class=\"wp-caption alignnone\"><img loading=\"lazy\" decoding=\"async\" class=\"wp-image-13802 size-full\" src=\"https:\/\/imgmag.pakamera.net\/2025\/09\/jak-dobrac-plaszcz-do-sukienki-wskazowki-i-trendy-095006931691.jpg\" alt=\"zielony p\u0142aszcz w pistacjowym kolorze uszyty z we\u0142ny alpaki. P\u0142aszcz ma boczne kieszenie oraz pasek\" width=\"1600\" height=\"840\" \/><figcaption id=\"caption-attachment-13802\" class=\"wp-caption-text\">Zielony p\u0142aszcz z alpaki \/ Ola Melcer \/ www.pakamera.pl<\/figcaption><\/figure>\n<p>Z kolei <strong>p\u0142aszcz do ziemi z sukienk\u0105 midi to kombinacja dla prawdziwych fashionistek<\/strong>. Wypr\u00f3buj tak\u0105 propozycj\u0119: czarna sukienka midi o prostym kroju, d\u0142ugi p\u0142aszcz w kolorze camel si\u0119gaj\u0105cy kostek i wysokie czarne botki. Ten look wymaga odwagi i pewno\u015bci siebie, ale osi\u0105gni\u0119ty efekt b\u0119dzie osza\u0142amiaj\u0105cy.<\/p>\n<p>Jaki p\u0142aszcz do sukienki midi dobra\u0107, je\u015bli sukienka ma dodatki jak efektowne falbany lub wyci\u0119cia? Najlepiej taki o prostym stroju. A j<strong>e\u015bli sama sukienka jest prosta i bez ekstrawagancji, to zr\u00f3b wprost na odwr\u00f3t i w\u0142\u00f3\u017c oversizowy p\u0142aszcz w stylu retro<\/strong>. Mo\u017ce to by\u0107 nawet sztuczne futerko w stylu Carrie Bradshaw.<\/p>\n<p>Jak dobra\u0107 rozmiar p\u0142aszcza? Zmierz si\u0119 przed zakupem i por\u00f3wnaj wyniki z tabel\u0105 rozmiaru. P\u0142aszcz nie mo\u017ce opina\u0107 si\u0119 w ramionach ani ci\u0105gn\u0105\u0107 pod pachami. Bez problemu powinna\u015b za\u0142o\u017cy\u0107 pod sp\u00f3d sweter. R\u0119kawy maj\u0105 si\u0119ga\u0107 nadgarstka, ale nie zakrywa\u0107 d\u0142oni. Je\u015bli planujesz nosi\u0107 p\u0142aszcz przewi\u0105zany paskiem, upewnij si\u0119, \u017ce ma wystarczaj\u0105co miejsca w talii.<\/p>\n<h2>Jaki p\u0142aszcz wybra\u0107 do sukienki maxi?<\/h2>\n<p>Jaki p\u0142aszcz do sukienki maxi najlepiej wybra\u0107? D\u0142ugie ubrania p\u0142yn\u0105 i faluj\u0105 z ka\u017cdym Twoim ruchem. Latem i wczesn\u0105 jesieni\u0105 prezentuj\u0105 si\u0119 zjawiskowo, ale gdy zaczyna by\u0107 zimno, pojawia si\u0119 problem, jak si\u0119 ubra\u0107, \u017ceby nie wygl\u0105da\u0107 niczym zamotana w prze\u015bcierad\u0142o. Z pomoc\u0105 przychodz\u0105 <strong>kr\u00f3tkie p\u0142aszcze o przylegaj\u0105cym kroju, poniewa\u017c tworz\u0105 idealne proporcje<\/strong>.<\/p>\n<div id=\"pakawidget2114\" class=\"pakawidget\"><\/div>\n<p><script async defer src=\"https:\/\/www.pakamera.pl\/widget\/widget2.min.js?id=2114&#038;type=20250910095346&#038;wwidth=1000\"><\/script><br \/>\nJe\u015bli jednak nie jeste\u015b fank\u0105 kr\u00f3tkich p\u0142aszczy, wybierz <strong>p\u0142aszcze kimonow<\/strong>e. Cho\u0107 z definicji s\u0105 lu\u017ane, ich kr\u00f3j nie walczy z tkanin\u0105 sukienki, tylko j\u0105 uzupe\u0142nia, tworz\u0105c nieco orientalny efekt. Ciekawym lookiem na wczesnojesienn\u0105 imprez\u0119 b\u0119dzie <strong>br\u0105zowa sukienka maxi i kr\u00f3tki bordowy p\u0142aszczyk do po\u0142owy uda<\/strong>. Taki model \u015bci\u0105gany w talii paskiem stworzy Ci tali\u0119 osy.<\/p>\n<p>Na koniec zastan\u00f3wmy si\u0119, jak dobra\u0107 p\u0142aszcz do sylwetki? Je\u015bli masz szerokie biodra, uzupe\u0142nij swoj\u0105 szaf\u0119 o p\u0142aszcz z wyra\u017anie zaznaczon\u0105 tali\u0105. Drobne kobiety powinny unika\u0107 oversizowych modeli, a zamiast nich wybiera\u0107 p\u0142aszcze do kolan. Je\u015bli masz szerokie ramiona, zrezygnuj z poduszek, nie b\u0119dziesz w nich wygl\u0105da\u0107 zbyt korzystnie.<\/p>\n<p>Na Pakamera.pl czekaj\u0105 na Ciebie jesienne i <a href=\"https:\/\/www.pakamera.pl\/magazyn\/uniwersalne-plaszcze-na-zime-ktore-nie-wyjda-z-mody\/\" target=\"_blank\" rel=\"noopener\">zimowe p\u0142aszcze, kt\u00f3re nie wyjd\u0105 z mody<\/a>. Przejrzyj nasz\u0105 ofert\u0119 prosto z pracowni polskich marek i wybierz sw\u00f3j idealny model.<\/p>\n","protected":false},"excerpt":{"rendered":"<p>Idzie jesie\u0144. Ciep\u0142e dni powoli ust\u0119puj\u0105 miejsca ch\u0142odniejszym wieczorom i coraz cz\u0119\u015bciej opr\u00f3cz swetra trzeba te\u017c ze sob\u0105 zabiera\u0107 co\u015b na wierzch. Zw\u0142aszcza je\u015bli sp\u0119dzasz du\u017co czasu poza domem. Sprawd\u017a,<span class=\"more-dots\">&#8230;<\/span><\/p>\n","protected":false},"author":16,"featured_media":13803,"comment_status":"closed","ping_status":"closed","sticky":false,"template":"","format":"standard","meta":{"footnotes":""},"categories":[3],"tags":[1722,1523,2241,529,528,243,2240,527,578,530,581,579],"class_list":["post-13801","post","type-post","status-publish","format-standard","has-post-thumbnail","hentry","category-moda","tag-ciepla-kurtka","tag-kurtka-na-zime","tag-lekki-plaszcz","tag-modne-plaszcze","tag-modny-plaszcz","tag-plaszcz","tag-plaszcz-jesienny","tag-plaszcz-na-zime","tag-plaszcz-oversize","tag-stylowy-plaszcz","tag-welniany-plaszcz","tag-zimowy-plaszcz"],"yoast_head":"<!-- This site is optimized with the Yoast SEO plugin v21.6 - https:\/\/yoast.com\/wordpress\/plugins\/seo\/ -->\n<title>Jak dobra\u0107 p\u0142aszcz do sukienki? Wskaz\u00f3wki i trendy - Magazyn Pakamera.pl<\/title>\n<meta name=\"description\" content=\"Nie wiesz jak dobra\u0107 p\u0142aszcz do sukienki? Zobacz na co zwr\u00f3ci\u0107 uwag\u0119 w stylizacjach oraz jak\u0105 d\u0142ugo\u015b\u0107 sukienki i p\u0142aszcza wybra\u0107 dla siebie.\" \/>\n<meta name=\"robots\" content=\"index, follow\" \/>\n<link rel=\"canonical\" href=\"https:\/\/www.pakamera.pl\/magazyn\/jak-dobrac-plaszcz-do-sukienki-wskazowki-i-trendy\/\" \/>\n<meta property=\"og:locale\" content=\"pl_PL\" \/>\n<meta property=\"og:type\" content=\"article\" \/>\n<meta property=\"og:title\" content=\"Jak dobra\u0107 p\u0142aszcz do sukienki? Wskaz\u00f3wki i trendy - Magazyn Pakamera.pl\" \/>\n<meta property=\"og:description\" content=\"Nie wiesz jak dobra\u0107 p\u0142aszcz do sukienki? Zobacz na co zwr\u00f3ci\u0107 uwag\u0119 w stylizacjach oraz jak\u0105 d\u0142ugo\u015b\u0107 sukienki i p\u0142aszcza wybra\u0107 dla siebie.\" \/>\n<meta property=\"og:url\" content=\"https:\/\/www.pakamera.pl\/magazyn\/jak-dobrac-plaszcz-do-sukienki-wskazowki-i-trendy\/\" \/>\n<meta property=\"og:site_name\" content=\"Magazyn Pakamera.pl\" \/>\n<meta property=\"article:publisher\" content=\"https:\/\/facebook.com\/pakamerapl\" \/>\n<meta property=\"article:published_time\" content=\"2025-09-10T08:03:00+00:00\" \/>\n<meta property=\"article:modified_time\" content=\"2025-09-10T08:12:09+00:00\" \/>\n<meta property=\"og:image\" content=\"https:\/\/imgmag.pakamera.net\/2025\/09\/jak-dobrac-plaszcz-do-sukienki-wskazowki-i-trendy-095007476623.jpg\" \/>\n\t<meta property=\"og:image:width\" content=\"1600\" \/>\n\t<meta property=\"og:image:height\" content=\"840\" \/>\n\t<meta property=\"og:image:type\" content=\"image\/jpeg\" \/>\n<meta name=\"author\" content=\"Magda Strzelecka\" \/>\n<meta name=\"twitter:card\" content=\"summary_large_image\" \/>\n<meta name=\"twitter:label1\" content=\"Napisane przez\" \/>\n\t<meta name=\"twitter:data1\" content=\"Magda Strzelecka\" \/>\n\t<meta name=\"twitter:label2\" content=\"Szacowany czas czytania\" \/>\n\t<meta name=\"twitter:data2\" content=\"6 minut\" \/>\n<script type=\"application\/ld+json\" class=\"yoast-schema-graph\">{\"@context\":\"https:\/\/schema.org\",\"@graph\":[{\"@type\":\"Article\",\"@id\":\"https:\/\/www.pakamera.pl\/magazyn\/jak-dobrac-plaszcz-do-sukienki-wskazowki-i-trendy\/#article\",\"isPartOf\":{\"@id\":\"https:\/\/www.pakamera.pl\/magazyn\/jak-dobrac-plaszcz-do-sukienki-wskazowki-i-trendy\/\"},\"author\":{\"name\":\"Magda Strzelecka\",\"@id\":\"https:\/\/www.pakamera.pl\/magazyn\/#\/schema\/person\/375940ab821c5af50e1e31f1ec5282b5\"},\"headline\":\"Jak dobra\u0107 p\u0142aszcz do sukienki? Wskaz\u00f3wki i trendy\",\"datePublished\":\"2025-09-10T08:03:00+00:00\",\"dateModified\":\"2025-09-10T08:12:09+00:00\",\"mainEntityOfPage\":{\"@id\":\"https:\/\/www.pakamera.pl\/magazyn\/jak-dobrac-plaszcz-do-sukienki-wskazowki-i-trendy\/\"},\"wordCount\":1001,\"publisher\":{\"@id\":\"https:\/\/www.pakamera.pl\/magazyn\/#organization\"},\"keywords\":[\"ciep\u0142a kurtka\",\"kurtka na zim\u0119\",\"lekki p\u0142aszcz\",\"modne p\u0142aszcze\",\"modny p\u0142aszcz\",\"p\u0142aszcz\",\"p\u0142aszcz jesienny\",\"p\u0142aszcz na zim\u0119\",\"p\u0142aszcz oversize\",\"stylowy p\u0142aszcz\",\"we\u0142niany p\u0142aszcz\",\"zimowy p\u0142aszcz\"],\"articleSection\":[\"Moda\"],\"inLanguage\":\"pl-PL\"},{\"@type\":\"WebPage\",\"@id\":\"https:\/\/www.pakamera.pl\/magazyn\/jak-dobrac-plaszcz-do-sukienki-wskazowki-i-trendy\/\",\"url\":\"https:\/\/www.pakamera.pl\/magazyn\/jak-dobrac-plaszcz-do-sukienki-wskazowki-i-trendy\/\",\"name\":\"Jak dobra\u0107 p\u0142aszcz do sukienki? Wskaz\u00f3wki i trendy - Magazyn Pakamera.pl\",\"isPartOf\":{\"@id\":\"https:\/\/www.pakamera.pl\/magazyn\/#website\"},\"datePublished\":\"2025-09-10T08:03:00+00:00\",\"dateModified\":\"2025-09-10T08:12:09+00:00\",\"description\":\"Nie wiesz jak dobra\u0107 p\u0142aszcz do sukienki? Zobacz na co zwr\u00f3ci\u0107 uwag\u0119 w stylizacjach oraz jak\u0105 d\u0142ugo\u015b\u0107 sukienki i p\u0142aszcza wybra\u0107 dla siebie.\",\"breadcrumb\":{\"@id\":\"https:\/\/www.pakamera.pl\/magazyn\/jak-dobrac-plaszcz-do-sukienki-wskazowki-i-trendy\/#breadcrumb\"},\"inLanguage\":\"pl-PL\",\"potentialAction\":[{\"@type\":\"ReadAction\",\"target\":[\"https:\/\/www.pakamera.pl\/magazyn\/jak-dobrac-plaszcz-do-sukienki-wskazowki-i-trendy\/\"]}]},{\"@type\":\"BreadcrumbList\",\"@id\":\"https:\/\/www.pakamera.pl\/magazyn\/jak-dobrac-plaszcz-do-sukienki-wskazowki-i-trendy\/#breadcrumb\",\"itemListElement\":[{\"@type\":\"ListItem\",\"position\":1,\"name\":\"Magazyn\",\"item\":\"https:\/\/www.pakamera.pl\/magazyn\/\"},{\"@type\":\"ListItem\",\"position\":2,\"name\":\"Moda\",\"item\":\"https:\/\/www.pakamera.pl\/magazyn\/category\/moda\/\"},{\"@type\":\"ListItem\",\"position\":3,\"name\":\"Jak dobra\u0107 p\u0142aszcz do sukienki? Wskaz\u00f3wki i trendy\"}]},{\"@type\":\"WebSite\",\"@id\":\"https:\/\/www.pakamera.pl\/magazyn\/#website\",\"url\":\"https:\/\/www.pakamera.pl\/magazyn\/\",\"name\":\"Magazyn Pakamera.pl\",\"description\":\"Sprawd\u017a najgor\u0119tsze tematy sezonu!\",\"publisher\":{\"@id\":\"https:\/\/www.pakamera.pl\/magazyn\/#organization\"},\"potentialAction\":[{\"@type\":\"SearchAction\",\"target\":{\"@type\":\"EntryPoint\",\"urlTemplate\":\"https:\/\/www.pakamera.pl\/magazyn\/?s={search_term_string}\"},\"query-input\":\"required name=search_term_string\"}],\"inLanguage\":\"pl-PL\"},{\"@type\":\"Organization\",\"@id\":\"https:\/\/www.pakamera.pl\/magazyn\/#organization\",\"name\":\"Pakamera.pl\",\"url\":\"https:\/\/www.pakamera.pl\/magazyn\/\",\"logo\":{\"@type\":\"ImageObject\",\"inLanguage\":\"pl-PL\",\"@id\":\"https:\/\/www.pakamera.pl\/magazyn\/#\/schema\/logo\/image\/\",\"url\":\"https:\/\/imgmag.pakamera.net\/2023\/11\/153455466619.png\",\"contentUrl\":\"https:\/\/imgmag.pakamera.net\/2023\/11\/153455466619.png\",\"width\":690,\"height\":140,\"caption\":\"Pakamera.pl\"},\"image\":{\"@id\":\"https:\/\/www.pakamera.pl\/magazyn\/#\/schema\/logo\/image\/\"},\"sameAs\":[\"https:\/\/facebook.com\/pakamerapl\",\"https:\/\/www.instagram.com\/pakamera\/\"]},{\"@type\":\"Person\",\"@id\":\"https:\/\/www.pakamera.pl\/magazyn\/#\/schema\/person\/375940ab821c5af50e1e31f1ec5282b5\",\"name\":\"Magda Strzelecka\",\"description\":\"Magda to nasza stylistka, kt\u00f3ra od ponad 10 lat \u015bci\u015ble zwi\u0105zana jest z mod\u0105. Uwielbia \u015bledzi\u0107 \u015bwiatowe trendy i przek\u0142ada\u0107 je na rynek polski. Kocha dobre sk\u0142ady ubra\u0144, wyj\u0105tkow\u0105 bi\u017cuteri\u0119 i dodatki kt\u00f3re o\u017cywi\u0105 ka\u017cd\u0105 stylizacj\u0119.\"}]}<\/script>\n<!-- \/ Yoast SEO plugin. -->","yoast_head_json":{"title":"Jak dobra\u0107 p\u0142aszcz do sukienki? Wskaz\u00f3wki i trendy - Magazyn Pakamera.pl","description":"Nie wiesz jak dobra\u0107 p\u0142aszcz do sukienki? Zobacz na co zwr\u00f3ci\u0107 uwag\u0119 w stylizacjach oraz jak\u0105 d\u0142ugo\u015b\u0107 sukienki i p\u0142aszcza wybra\u0107 dla siebie.","robots":{"index":"index","follow":"follow"},"canonical":"https:\/\/www.pakamera.pl\/magazyn\/jak-dobrac-plaszcz-do-sukienki-wskazowki-i-trendy\/","og_locale":"pl_PL","og_type":"article","og_title":"Jak dobra\u0107 p\u0142aszcz do sukienki? Wskaz\u00f3wki i trendy - Magazyn Pakamera.pl","og_description":"Nie wiesz jak dobra\u0107 p\u0142aszcz do sukienki? Zobacz na co zwr\u00f3ci\u0107 uwag\u0119 w stylizacjach oraz jak\u0105 d\u0142ugo\u015b\u0107 sukienki i p\u0142aszcza wybra\u0107 dla siebie.","og_url":"https:\/\/www.pakamera.pl\/magazyn\/jak-dobrac-plaszcz-do-sukienki-wskazowki-i-trendy\/","og_site_name":"Magazyn Pakamera.pl","article_publisher":"https:\/\/facebook.com\/pakamerapl","article_published_time":"2025-09-10T08:03:00+00:00","article_modified_time":"2025-09-10T08:12:09+00:00","og_image":[{"width":1600,"height":840,"url":"https:\/\/imgmag.pakamera.net\/2025\/09\/jak-dobrac-plaszcz-do-sukienki-wskazowki-i-trendy-095007476623.jpg","type":"image\/jpeg"}],"author":"Magda Strzelecka","twitter_card":"summary_large_image","twitter_misc":{"Napisane przez":"Magda Strzelecka","Szacowany czas czytania":"6 minut"},"schema":{"@context":"https:\/\/schema.org","@graph":[{"@type":"Article","@id":"https:\/\/www.pakamera.pl\/magazyn\/jak-dobrac-plaszcz-do-sukienki-wskazowki-i-trendy\/#article","isPartOf":{"@id":"https:\/\/www.pakamera.pl\/magazyn\/jak-dobrac-plaszcz-do-sukienki-wskazowki-i-trendy\/"},"author":{"name":"Magda Strzelecka","@id":"https:\/\/www.pakamera.pl\/magazyn\/#\/schema\/person\/375940ab821c5af50e1e31f1ec5282b5"},"headline":"Jak dobra\u0107 p\u0142aszcz do sukienki? Wskaz\u00f3wki i trendy","datePublished":"2025-09-10T08:03:00+00:00","dateModified":"2025-09-10T08:12:09+00:00","mainEntityOfPage":{"@id":"https:\/\/www.pakamera.pl\/magazyn\/jak-dobrac-plaszcz-do-sukienki-wskazowki-i-trendy\/"},"wordCount":1001,"publisher":{"@id":"https:\/\/www.pakamera.pl\/magazyn\/#organization"},"keywords":["ciep\u0142a kurtka","kurtka na zim\u0119","lekki p\u0142aszcz","modne p\u0142aszcze","modny p\u0142aszcz","p\u0142aszcz","p\u0142aszcz jesienny","p\u0142aszcz na zim\u0119","p\u0142aszcz oversize","stylowy p\u0142aszcz","we\u0142niany p\u0142aszcz","zimowy p\u0142aszcz"],"articleSection":["Moda"],"inLanguage":"pl-PL"},{"@type":"WebPage","@id":"https:\/\/www.pakamera.pl\/magazyn\/jak-dobrac-plaszcz-do-sukienki-wskazowki-i-trendy\/","url":"https:\/\/www.pakamera.pl\/magazyn\/jak-dobrac-plaszcz-do-sukienki-wskazowki-i-trendy\/","name":"Jak dobra\u0107 p\u0142aszcz do sukienki? Wskaz\u00f3wki i trendy - Magazyn Pakamera.pl","isPartOf":{"@id":"https:\/\/www.pakamera.pl\/magazyn\/#website"},"datePublished":"2025-09-10T08:03:00+00:00","dateModified":"2025-09-10T08:12:09+00:00","description":"Nie wiesz jak dobra\u0107 p\u0142aszcz do sukienki? Zobacz na co zwr\u00f3ci\u0107 uwag\u0119 w stylizacjach oraz jak\u0105 d\u0142ugo\u015b\u0107 sukienki i p\u0142aszcza wybra\u0107 dla siebie.","breadcrumb":{"@id":"https:\/\/www.pakamera.pl\/magazyn\/jak-dobrac-plaszcz-do-sukienki-wskazowki-i-trendy\/#breadcrumb"},"inLanguage":"pl-PL","potentialAction":[{"@type":"ReadAction","target":["https:\/\/www.pakamera.pl\/magazyn\/jak-dobrac-plaszcz-do-sukienki-wskazowki-i-trendy\/"]}]},{"@type":"BreadcrumbList","@id":"https:\/\/www.pakamera.pl\/magazyn\/jak-dobrac-plaszcz-do-sukienki-wskazowki-i-trendy\/#breadcrumb","itemListElement":[{"@type":"ListItem","position":1,"name":"Magazyn","item":"https:\/\/www.pakamera.pl\/magazyn\/"},{"@type":"ListItem","position":2,"name":"Moda","item":"https:\/\/www.pakamera.pl\/magazyn\/category\/moda\/"},{"@type":"ListItem","position":3,"name":"Jak dobra\u0107 p\u0142aszcz do sukienki? Wskaz\u00f3wki i trendy"}]},{"@type":"WebSite","@id":"https:\/\/www.pakamera.pl\/magazyn\/#website","url":"https:\/\/www.pakamera.pl\/magazyn\/","name":"Magazyn Pakamera.pl","description":"Sprawd\u017a najgor\u0119tsze tematy sezonu!","publisher":{"@id":"https:\/\/www.pakamera.pl\/magazyn\/#organization"},"potentialAction":[{"@type":"SearchAction","target":{"@type":"EntryPoint","urlTemplate":"https:\/\/www.pakamera.pl\/magazyn\/?s={search_term_string}"},"query-input":"required name=search_term_string"}],"inLanguage":"pl-PL"},{"@type":"Organization","@id":"https:\/\/www.pakamera.pl\/magazyn\/#organization","name":"Pakamera.pl","url":"https:\/\/www.pakamera.pl\/magazyn\/","logo":{"@type":"ImageObject","inLanguage":"pl-PL","@id":"https:\/\/www.pakamera.pl\/magazyn\/#\/schema\/logo\/image\/","url":"https:\/\/imgmag.pakamera.net\/2023\/11\/153455466619.png","contentUrl":"https:\/\/imgmag.pakamera.net\/2023\/11\/153455466619.png","width":690,"height":140,"caption":"Pakamera.pl"},"image":{"@id":"https:\/\/www.pakamera.pl\/magazyn\/#\/schema\/logo\/image\/"},"sameAs":["https:\/\/facebook.com\/pakamerapl","https:\/\/www.instagram.com\/pakamera\/"]},{"@type":"Person","@id":"https:\/\/www.pakamera.pl\/magazyn\/#\/schema\/person\/375940ab821c5af50e1e31f1ec5282b5","name":"Magda Strzelecka","description":"Magda to nasza stylistka, kt\u00f3ra od ponad 10 lat \u015bci\u015ble zwi\u0105zana jest z mod\u0105. Uwielbia \u015bledzi\u0107 \u015bwiatowe trendy i przek\u0142ada\u0107 je na rynek polski. Kocha dobre sk\u0142ady ubra\u0144, wyj\u0105tkow\u0105 bi\u017cuteri\u0119 i dodatki kt\u00f3re o\u017cywi\u0105 ka\u017cd\u0105 stylizacj\u0119."}]}},"_links":{"self":[{"href":"https:\/\/www.pakamera.pl\/magazyn\/wp-json\/wp\/v2\/posts\/13801","targetHints":{"allow":["GET"]}}],"collection":[{"href":"https:\/\/www.pakamera.pl\/magazyn\/wp-json\/wp\/v2\/posts"}],"about":[{"href":"https:\/\/www.pakamera.pl\/magazyn\/wp-json\/wp\/v2\/types\/post"}],"author":[{"embeddable":true,"href":"https:\/\/www.pakamera.pl\/magazyn\/wp-json\/wp\/v2\/users\/16"}],"replies":[{"embeddable":true,"href":"https:\/\/www.pakamera.pl\/magazyn\/wp-json\/wp\/v2\/comments?post=13801"}],"version-history":[{"count":2,"href":"https:\/\/www.pakamera.pl\/magazyn\/wp-json\/wp\/v2\/posts\/13801\/revisions"}],"predecessor-version":[{"id":13805,"href":"https:\/\/www.pakamera.pl\/magazyn\/wp-json\/wp\/v2\/posts\/13801\/revisions\/13805"}],"wp:featuredmedia":[{"embeddable":true,"href":"https:\/\/www.pakamera.pl\/magazyn\/wp-json\/wp\/v2\/media\/13803"}],"wp:attachment":[{"href":"https:\/\/www.pakamera.pl\/magazyn\/wp-json\/wp\/v2\/media?parent=13801"}],"wp:term":[{"taxonomy":"category","embeddable":true,"href":"https:\/\/www.pakamera.pl\/magazyn\/wp-json\/wp\/v2\/categories?post=13801"},{"taxonomy":"post_tag","embeddable":true,"href":"https:\/\/www.pakamera.pl\/magazyn\/wp-json\/wp\/v2\/tags?post=13801"}],"curies":[{"name":"wp","href":"https:\/\/api.w.org\/{rel}","templated":true}]}}