{"id":13766,"date":"2025-08-28T11:09:44","date_gmt":"2025-08-28T09:09:44","guid":{"rendered":"https:\/\/www.pakamera.pl\/magazyn\/?p=13766"},"modified":"2026-04-02T14:31:03","modified_gmt":"2026-04-02T12:31:03","slug":"jak-wyglada-opal-znaczenie-i-wlasciwosci-opalu","status":"publish","type":"post","link":"https:\/\/www.pakamera.pl\/magazyn\/jak-wyglada-opal-znaczenie-i-wlasciwosci-opalu\/","title":{"rendered":"Jak wygl\u0105da opal? Znaczenie i w\u0142a\u015bciwo\u015bci opalu"},"content":{"rendered":"<p><strong>Jak sugeruje ju\u017c sama nazwa, mamy do czynienia z minera\u0142em niezwyk\u0142ym. S\u0142owo opal wywodzi si\u0119 od staroindyjskiego upala, oznaczaj\u0105cego szlachetny kamie\u0144 lub od \u0142aci\u0144skiego opalus (z greckiego opallios), czyli \u201ewidzie\u0107 zmian\u0119\u201d. Jak wygl\u0105da opal i czym si\u0119 charakteryzuje? Ju\u017c wszystko t\u0142umacz\u0119.<\/strong><\/p>\n<p><!--more--><\/p>\n<figure id=\"attachment_13767\" aria-describedby=\"caption-attachment-13767\" style=\"width: 1600px\" class=\"wp-caption alignnone\"><img loading=\"lazy\" decoding=\"async\" class=\"wp-image-13767 size-full\" src=\"https:\/\/imgmag.pakamera.net\/2025\/08\/jak-wyglada-opal-znaczenie-i-wlasciwosci-opalu-103646133307.jpg\" alt=\"Jak wygl\u0105da opal? Znaczenie i w\u0142a\u015bciwo\u015bci opalu\" width=\"1600\" height=\"840\" \/><figcaption id=\"caption-attachment-13767\" class=\"wp-caption-text\">Naszyjnik LUNA opal \/ LANKO \/ www.pakamera.pl<\/figcaption><\/figure>\n<p>Najbardziej charakterystyczn\u0105 cech\u0105 opalu jest <strong>opalizacja, czyli wielokolorowe refleksy przesuwaj\u0105ce si\u0119 po kamieniu wraz ze zmian\u0105 k\u0105ta patrzenia<\/strong>. Zjawisko to bywa nazywane te\u017c gr\u0105 kolor\u00f3w i sprawia, \u017ce <a href=\"https:\/\/www.pakamera.pl\/opal-0-t1148.htm\" target=\"_blank\" rel=\"noopener\">opal<\/a> wydaje si\u0119 jakby mia\u0142 wewn\u0105trz t\u0119cz\u0119. Taki efekt mo\u017cemy zobaczy\u0107 tylko w przypadku opali szlachetnych.<\/p>\n<h2>Co to jest opal i sk\u0105d pochodzi ten kamie\u0144?<\/h2>\n<p>Jak wygl\u0105da opal (kamie\u0144)? To <strong>nietypowy kamie\u0144 szlachetny z grupy krzemian\u00f3w<\/strong>, kt\u00f3ry, w przeciwie\u0144stwie do wi\u0119kszo\u015bci minera\u0142\u00f3w, nie ma regularnej struktury krystalicznej. <strong>Naturalne opale mog\u0105 by\u0107 bezbarwne, mleczne, bia\u0142e, zielone, niebieskie, \u017c\u00f3\u0142te, pomara\u0144czowe, r\u00f3\u017cowe, br\u0105zowe lub czarne<\/strong>. Te ostatnie s\u0105 rzadkie i cenne.<\/p>\n<p>Kamie\u0144 opal &#8211; jak wygl\u0105da, <strong>gdy patrzysz na niego pod \u015bwiat\u0142o? Wtedy na jego powierzchni wyst\u0119puje wspomniane ju\u017c wcze\u015bniej zjawisko opalizacji.<\/strong> Kamie\u0144 mieni si\u0119 r\u00f3\u017cnymi barwami zale\u017cnie od tego, pod jakim k\u0105tem na niego spojrzymy.<\/p>\n<p>Opale <strong>powstaj\u0105 najcz\u0119\u015bciej w ska\u0142ach osadowych lub wulkanicznych<\/strong>, gdy kr\u0105\u017c\u0105ce w ziemi wody nasycone krzemionk\u0105 zastyg\u0142y w szczelinach i p\u0119kni\u0119ciach. Najbogatsze z\u0142o\u017ca minera\u0142u (80-90% \u015bwiatowych zasob\u00f3w) znajduj\u0105 si\u0119 w Australii, ale wydobywa si\u0119 go r\u00f3wnie\u017c w Meksyku, Brazylii, USA i Etiopii. W Polsce wyst\u0119puj\u0105 z\u0142o\u017ca opalu zwyczajnego, zlokalizowane na Dolnym \u015al\u0105sku.<\/p>\n<h2>W\u0142a\u015bciwo\u015bci i znaczenie opalu<\/h2>\n<p>Co to jest opal? To <strong>do\u015b\u0107 mi\u0119kki minera\u0142, poniewa\u017c jego twardo\u015b\u0107 wynosi oko\u0142o 5,5\u20136,5 w skali Mohsa<\/strong> (dla por\u00f3wnania: kwarc ma 7, a diament 10 w tej skali). Nale\u017cy obchodzi\u0107 si\u0119 z nim ostro\u017cnie, \u017ceby nie p\u0119k\u0142 pod wp\u0142ywem gwa\u0142townych zmian temperatury. Aby kamie\u0144 zachowa\u0142 pi\u0119kny wygl\u0105d, warto go raz na jaki\u015b czas nawil\u017cy\u0107.<\/p>\n<p>Opal jest znany ludzko\u015bci od staro\u017cytno\u015bci. Ju\u017c Rzymianie uwa\u017cali go za symbol mi\u0142o\u015bci, nadziei i pomy\u015blno\u015bci, a wed\u0142ug bedui\u0144skich legend minera\u0142y z uwi\u0119zionymi w \u015brodku piorunami mia\u0142y spada\u0107 z nieba podczas burzy.<\/p>\n<div id=\"pakawidget2101\" class=\"pakawidget\"><\/div>\n<p><script async defer src=\"https:\/\/www.pakamera.pl\/widget\/widget2.min.js?id=2101&#038;type=20250828105220&#038;wwidth=1000\"><\/script><br \/>\nW ezoteryce m\u00f3wi si\u0119, \u017ce <strong>opal pobudza wyobra\u017ani\u0119, kreatywno\u015b\u0107 oraz zdolno\u015b\u0107 uczenia si\u0119<\/strong>, a tak\u017ce wzmacnia intuicj\u0119, dlatego poleca si\u0119 go artystom. <strong>Niekt\u00f3rzy przypisuj\u0105 opalom zdolno\u015b\u0107 oczyszczania emocji<\/strong>. Kamie\u0144 ten ma pomaga\u0107 w wyra\u017caniu t\u0142umionych uczu\u0107.<\/p>\n<p>Osoby wierz\u0105ce w <a href=\"https:\/\/www.pakamera.pl\/magazyn\/bizuteria-z-kamieniami-od-polskich-marek-niesamowita-moc-kamieni\/\" target=\"_blank\" rel=\"noopener\">moc kamieni w bi\u017cuterii<\/a> ch\u0119tnie nosz\u0105 opal, \u017ceby korzysta\u0107 z jego energii. <strong>Przypisuje mu si\u0119 m.in. wzmacnianie serca, ochron\u0119 przed chorobami i infekcjami, popraw\u0119 wzroku oraz \u0142agodzenie stan\u00f3w depresyjnych<\/strong>. Oczywi\u015bcie warto wspomnie\u0107, \u017ce w takich sytuacjach w pierwszej kolejno\u015bci trzeba skontaktowa\u0107 si\u0119 z lekarzem.<\/p>\n<p><strong>Opal \u2013 w\u0142a\u015bciwo\u015bci<\/strong>:<\/p>\n<ul>\n<li>uwodniona krzemionka zawieraj\u0105ca wod\u0119 w strukturze<\/li>\n<li>twardo\u015b\u0107 5,5\u20136,5 w skali Mohsa<\/li>\n<li>g\u0119sto\u015b\u0107 w zakresie 1,9\u20132,3 g\/cm\u00b3<\/li>\n<li>wyst\u0119puje od bieli po czer\u0144<\/li>\n<li>wykazuje opalizacj\u0119, czyli gr\u0119 barw pod wp\u0142ywem \u015bwiat\u0142a<\/li>\n<\/ul>\n<p><strong>Opal \u2013 znaczenie kamieni szlachetnych w bi\u017cuterii<\/strong>:<\/p>\n<ul>\n<li>pobudza wyobra\u017ani\u0119, kreatywno\u015b\u0107 i zdolno\u015b\u0107 uczenia si\u0119<\/li>\n<li>wzmacnia intuicj\u0119; jest polecany artystom<\/li>\n<li>pomaga oczyszcza\u0107 emocje i wydobywa\u0107 ukryte uczucia<\/li>\n<li>wed\u0142ug medycyny niekonwencjonalnej ma wspiera\u0107 serce, chroni\u0107 przed chorobami i poprawia\u0107 wzrok<\/li>\n<\/ul>\n<h2>Jak sprawdzi\u0107, czy opal jest prawdziwy?<\/h2>\n<p>Na rynku mo\u017cemy spotka\u0107 opal syntetyczny (wytwarzany w laboratorium) i opalit czyli \u0142adnie wygl\u0105daj\u0105ce szk\u0142o udaj\u0105ce opal. Jak wi\u0119c upewni\u0107 si\u0119, \u017ce posiadany kamie\u0144 to prawdziwy naturalny opal, a nie imitacja? Najprostszy spos\u00f3b to zakup u sprawdzonego sprzedawcy lub kontrola ju\u017c zakupionego kamienia u jubilera, kt\u00f3ry wie, jak wygl\u0105daj\u0105 opale.<\/p>\n<figure id=\"attachment_13768\" aria-describedby=\"caption-attachment-13768\" style=\"width: 1600px\" class=\"wp-caption alignnone\"><img loading=\"lazy\" decoding=\"async\" class=\"wp-image-13768 size-full\" src=\"https:\/\/imgmag.pakamera.net\/2025\/08\/jak-wyglada-opal-znaczenie-i-wlasciwosci-opalu-105635372545.jpg\" alt=\"R\u0119cznie wykonany pier\u015bcionek z opalem r\u00f3\u017cowym ze srebra pokrytego 24-karatowym z\u0142otem z przepi\u0119knie fakturowan\u0105 obr\u0105czk\u0105 i ozdobn\u0105 carg\u0105 wok\u00f3\u0142 kamienia w stylu Vintage\" width=\"1600\" height=\"840\" \/><figcaption id=\"caption-attachment-13768\" class=\"wp-caption-text\">Z\u0142oty pier\u015bcionek Petite z opalem r\u00f3\u017cowym \/ Blooming Stones \/ www.pakamera.pl<\/figcaption><\/figure>\n<p>Je\u015bli nie masz takiej mo\u017cliwo\u015bci, <strong>przyjrzyj si\u0119, jak rozk\u0142adaj\u0105 si\u0119 barwy w kamieniu<\/strong>. Jak sprawdzi\u0107, czy opal jest prawdziwy? <strong>Naturalny minera\u0142 zwykle ma nieregularny uk\u0142ad kolorowych plamek i b\u0142ysk\u00f3w<\/strong>, a kolory przenikaj\u0105 si\u0119 losowo. Syntetyczne opale cz\u0119sto maj\u0105 tzw. efekt sk\u00f3rki jaszczurki. Pod lup\u0105 wida\u0107 siatk\u0119 regularnych plamek przypominaj\u0105cych \u0142uski.<\/p>\n<p>Niekt\u00f3re ozdoby wykonuje si\u0119 z <strong>dubletu lub tripletu opalowego. S\u0105 to cienkie plastry naturalnego opalu podklejone innym materia\u0142em<\/strong> (dublet) i czasem przykryte od g\u00f3ry przezroczystym kwarcem (triplet). Je\u015bli patrz\u0105c z boku na kamie\u0144 w bi\u017cuterii wida\u0107 wyra\u017ane warstwy (np. dolna ciemna podk\u0142adka i g\u00f3rna warstwa opalu), to nie jest to pe\u0142ny opal.<\/p>\n<h2>Kto powinien nosi\u0107 bi\u017cuteri\u0119 z opalem?<\/h2>\n<p>Do kogo pasuje opal? <strong>Jest to kamie\u0144 urodzinowy pa\u017adziernika<\/strong>, co oznacza, \u017ce osoby urodzone w tym miesi\u0105cu (zw\u0142aszcza zodiakalne Wagi) maj\u0105 do niego szczeg\u00f3lny sentyment. Zgodnie z tradycj\u0105 to ich szcz\u0119\u015bliwy kamie\u0144, ale astrologowie wskazuj\u0105, \u017ce wp\u0142ynie on pozytywnie r\u00f3wnie\u017c na Barana, Raka, Skorpiona, Wodnika, Strzelca i Kozioro\u017cca. Osoby urodzone w pa\u017adzierniku powinny te\u017c wiedzie\u0107 <a href=\"https:\/\/www.pakamera.pl\/magazyn\/jak-rozpoznac-ametyst\/\" target=\"_blank\" rel=\"noopener\">jak rozpozna\u0107 ametyst<\/a> oraz <a href=\"https:\/\/www.pakamera.pl\/magazyn\/kwarc-rozowy-co-oznacza-i-jak-rozpoznac-prawdziwy\/\" target=\"_blank\" rel=\"noopener\">co oznacza kwarc r\u00f3\u017cowy<\/a> bo to r\u00f3wnie\u017c pasuj\u0105ce do nich kamienie.<\/p>\n<div id=\"pakawidget2102\" class=\"pakawidget\"><\/div>\n<p><script async defer src=\"https:\/\/www.pakamera.pl\/widget\/widget2.min.js?id=2102&#038;type=20250828105934&#038;wwidth=1000\"><\/script><br \/>\nPonadto<strong> opal polecany jest osobom poszukuj\u0105cym mi\u0142o\u015bci lub maj\u0105cym trudno\u015bci w zwi\u0105zkach<\/strong>. Pono\u0107 noszenie go zwi\u0119ksza pewno\u015b\u0107 siebie w okazywaniu uczu\u0107 i u\u0142atwia uwodzenie, st\u0105d jego reputacja kamienia nami\u0119tno\u015bci. <strong>Pisarze, malarze i muzycy mog\u0105 nosi\u0107 opal jako talizman pobudzaj\u0105cy wyobra\u017ani\u0119<\/strong>.<\/p>\n<p><strong>Kto powinien wybra\u0107 ten wyj\u0105tkowy kamie\u0144?<\/strong><\/p>\n<ul>\n<li>urodzeni w pa\u017adzierniku, szczeg\u00f3lnie Wagi;<\/li>\n<li>zodiakalni Baran, Rak, Skorpion, Wodnik, Strzelec, Kozioro\u017cec;<\/li>\n<li>osoby szukaj\u0105ce mi\u0142o\u015bci i pewno\u015bci w relacjach;<\/li>\n<li>arty\u015bci chc\u0105cy pobudzi\u0107 wyobra\u017ani\u0119, a je\u015bli wiesz <a href=\"https:\/\/www.pakamera.pl\/magazyn\/jak-wyglada-cytryn-i-jakie-ma-wlasciwosci\/#wlasciwosci-cytrynu\" target=\"_blank\" rel=\"noopener\">jakie w\u0142a\u015bciwo\u015bci ma cytryn<\/a> to wiesz te\u017c, \u017ce te dwa kamienie tworz\u0105 idealny duet pobudzaj\u0105cy kreatywno\u015b\u0107.<\/li>\n<\/ul>\n<h2>Ile kosztuje bi\u017cuteria z prawdziwym opalem?<\/h2>\n<p>Ile kosztuje opal? Odpowied\u017a brzmi: to zale\u017cy. <strong>Najdro\u017csze s\u0105 czarne opale szlachetne<\/strong> (taki kamie\u0144 mo\u017ce kosztowa\u0107 nawet ponad 10 000 z\u0142 za karat). Opale nieszlachetne mo\u017cemy kupi\u0107 w bardzo korzystnych cenach. Na koszt bi\u017cuterii wp\u0142ywa oprawa. <strong>Najta\u0144sze ozdoby mo\u017cna kupi\u0107 ju\u017c za ok. 100-200 z\u0142<\/strong>. Po kolczyki, <a href=\"https:\/\/www.pakamera.pl\/zlote-naszyjniki-0-3130.htm\" target=\"_blank\" rel=\"noopener\">z\u0142ote naszyjniki<\/a> i bransoletki z minera\u0142ami od polskich projektant\u00f3w wejd\u017a na Pakamera.pl.<\/p>\n","protected":false},"excerpt":{"rendered":"<p>Jak sugeruje ju\u017c sama nazwa, mamy do czynienia z minera\u0142em niezwyk\u0142ym. S\u0142owo opal wywodzi si\u0119 od staroindyjskiego upala, oznaczaj\u0105cego szlachetny kamie\u0144 lub od \u0142aci\u0144skiego opalus (z greckiego opallios), czyli \u201ewidzie\u0107<span class=\"more-dots\">&#8230;<\/span><\/p>\n","protected":false},"author":16,"featured_media":13767,"comment_status":"closed","ping_status":"closed","sticky":false,"template":"","format":"standard","meta":{"footnotes":""},"categories":[3],"tags":[2253,2490,2367,2515,2658],"class_list":["post-13766","post","type-post","status-publish","format-standard","has-post-thumbnail","hentry","category-moda","tag-bizuteria-z-kamieniami-szlachetnymi","tag-kamienie-naturalne","tag-kamienie-szlachetne","tag-moc-kamieni","tag-opal"],"yoast_head":"<!-- This site is optimized with the Yoast SEO plugin v21.6 - https:\/\/yoast.com\/wordpress\/plugins\/seo\/ -->\n<title>Jak wygl\u0105da opal? Znaczenie i w\u0142a\u015bciwo\u015bci opalu - Magazyn Pakamera.pl<\/title>\n<meta name=\"description\" content=\"Zastanawiasz si\u0119 jak wygl\u0105da opal i jak rozpozna\u0107 ten prawdziwy. Zobacz na co zwr\u00f3ci\u0107 uwag\u0119 podczas zakupu kamieni szlachetnych.\" \/>\n<meta name=\"robots\" content=\"index, follow\" \/>\n<link rel=\"canonical\" href=\"https:\/\/www.pakamera.pl\/magazyn\/jak-wyglada-opal-znaczenie-i-wlasciwosci-opalu\/\" \/>\n<meta property=\"og:locale\" content=\"pl_PL\" \/>\n<meta property=\"og:type\" content=\"article\" \/>\n<meta property=\"og:title\" content=\"Jak wygl\u0105da opal? Znaczenie i w\u0142a\u015bciwo\u015bci opalu - Magazyn Pakamera.pl\" \/>\n<meta property=\"og:description\" content=\"Zastanawiasz si\u0119 jak wygl\u0105da opal i jak rozpozna\u0107 ten prawdziwy. Zobacz na co zwr\u00f3ci\u0107 uwag\u0119 podczas zakupu kamieni szlachetnych.\" \/>\n<meta property=\"og:url\" content=\"https:\/\/www.pakamera.pl\/magazyn\/jak-wyglada-opal-znaczenie-i-wlasciwosci-opalu\/\" \/>\n<meta property=\"og:site_name\" content=\"Magazyn Pakamera.pl\" \/>\n<meta property=\"article:publisher\" content=\"https:\/\/facebook.com\/pakamerapl\" \/>\n<meta property=\"article:published_time\" content=\"2025-08-28T09:09:44+00:00\" \/>\n<meta property=\"article:modified_time\" content=\"2026-04-02T12:31:03+00:00\" \/>\n<meta property=\"og:image\" content=\"https:\/\/imgmag.pakamera.net\/2025\/08\/jak-wyglada-opal-znaczenie-i-wlasciwosci-opalu-103646133307.jpg\" \/>\n\t<meta property=\"og:image:width\" content=\"1600\" \/>\n\t<meta property=\"og:image:height\" content=\"840\" \/>\n\t<meta property=\"og:image:type\" content=\"image\/jpeg\" \/>\n<meta name=\"author\" content=\"Magda Strzelecka\" \/>\n<meta name=\"twitter:card\" content=\"summary_large_image\" \/>\n<meta name=\"twitter:label1\" content=\"Napisane przez\" \/>\n\t<meta name=\"twitter:data1\" content=\"Magda Strzelecka\" \/>\n\t<meta name=\"twitter:label2\" content=\"Szacowany czas czytania\" \/>\n\t<meta name=\"twitter:data2\" content=\"6 minut\" \/>\n<script type=\"application\/ld+json\" class=\"yoast-schema-graph\">{\"@context\":\"https:\/\/schema.org\",\"@graph\":[{\"@type\":\"Article\",\"@id\":\"https:\/\/www.pakamera.pl\/magazyn\/jak-wyglada-opal-znaczenie-i-wlasciwosci-opalu\/#article\",\"isPartOf\":{\"@id\":\"https:\/\/www.pakamera.pl\/magazyn\/jak-wyglada-opal-znaczenie-i-wlasciwosci-opalu\/\"},\"author\":{\"name\":\"Magda Strzelecka\",\"@id\":\"https:\/\/www.pakamera.pl\/magazyn\/#\/schema\/person\/375940ab821c5af50e1e31f1ec5282b5\"},\"headline\":\"Jak wygl\u0105da opal? Znaczenie i w\u0142a\u015bciwo\u015bci opalu\",\"datePublished\":\"2025-08-28T09:09:44+00:00\",\"dateModified\":\"2026-04-02T12:31:03+00:00\",\"mainEntityOfPage\":{\"@id\":\"https:\/\/www.pakamera.pl\/magazyn\/jak-wyglada-opal-znaczenie-i-wlasciwosci-opalu\/\"},\"wordCount\":1073,\"publisher\":{\"@id\":\"https:\/\/www.pakamera.pl\/magazyn\/#organization\"},\"keywords\":[\"bi\u017cuteria z kamieniami szlachetnymi\",\"kamienie naturalne\",\"kamienie szlachetne\",\"moc kamieni\",\"opal\"],\"articleSection\":[\"Moda\"],\"inLanguage\":\"pl-PL\"},{\"@type\":\"WebPage\",\"@id\":\"https:\/\/www.pakamera.pl\/magazyn\/jak-wyglada-opal-znaczenie-i-wlasciwosci-opalu\/\",\"url\":\"https:\/\/www.pakamera.pl\/magazyn\/jak-wyglada-opal-znaczenie-i-wlasciwosci-opalu\/\",\"name\":\"Jak wygl\u0105da opal? Znaczenie i w\u0142a\u015bciwo\u015bci opalu - Magazyn Pakamera.pl\",\"isPartOf\":{\"@id\":\"https:\/\/www.pakamera.pl\/magazyn\/#website\"},\"datePublished\":\"2025-08-28T09:09:44+00:00\",\"dateModified\":\"2026-04-02T12:31:03+00:00\",\"description\":\"Zastanawiasz si\u0119 jak wygl\u0105da opal i jak rozpozna\u0107 ten prawdziwy. Zobacz na co zwr\u00f3ci\u0107 uwag\u0119 podczas zakupu kamieni szlachetnych.\",\"breadcrumb\":{\"@id\":\"https:\/\/www.pakamera.pl\/magazyn\/jak-wyglada-opal-znaczenie-i-wlasciwosci-opalu\/#breadcrumb\"},\"inLanguage\":\"pl-PL\",\"potentialAction\":[{\"@type\":\"ReadAction\",\"target\":[\"https:\/\/www.pakamera.pl\/magazyn\/jak-wyglada-opal-znaczenie-i-wlasciwosci-opalu\/\"]}]},{\"@type\":\"BreadcrumbList\",\"@id\":\"https:\/\/www.pakamera.pl\/magazyn\/jak-wyglada-opal-znaczenie-i-wlasciwosci-opalu\/#breadcrumb\",\"itemListElement\":[{\"@type\":\"ListItem\",\"position\":1,\"name\":\"Magazyn\",\"item\":\"https:\/\/www.pakamera.pl\/magazyn\/\"},{\"@type\":\"ListItem\",\"position\":2,\"name\":\"Moda\",\"item\":\"https:\/\/www.pakamera.pl\/magazyn\/category\/moda\/\"},{\"@type\":\"ListItem\",\"position\":3,\"name\":\"Jak wygl\u0105da opal? Znaczenie i w\u0142a\u015bciwo\u015bci opalu\"}]},{\"@type\":\"WebSite\",\"@id\":\"https:\/\/www.pakamera.pl\/magazyn\/#website\",\"url\":\"https:\/\/www.pakamera.pl\/magazyn\/\",\"name\":\"Magazyn Pakamera.pl\",\"description\":\"Sprawd\u017a najgor\u0119tsze tematy sezonu!\",\"publisher\":{\"@id\":\"https:\/\/www.pakamera.pl\/magazyn\/#organization\"},\"potentialAction\":[{\"@type\":\"SearchAction\",\"target\":{\"@type\":\"EntryPoint\",\"urlTemplate\":\"https:\/\/www.pakamera.pl\/magazyn\/?s={search_term_string}\"},\"query-input\":\"required name=search_term_string\"}],\"inLanguage\":\"pl-PL\"},{\"@type\":\"Organization\",\"@id\":\"https:\/\/www.pakamera.pl\/magazyn\/#organization\",\"name\":\"Pakamera.pl\",\"url\":\"https:\/\/www.pakamera.pl\/magazyn\/\",\"logo\":{\"@type\":\"ImageObject\",\"inLanguage\":\"pl-PL\",\"@id\":\"https:\/\/www.pakamera.pl\/magazyn\/#\/schema\/logo\/image\/\",\"url\":\"https:\/\/imgmag.pakamera.net\/2023\/11\/153455466619.png\",\"contentUrl\":\"https:\/\/imgmag.pakamera.net\/2023\/11\/153455466619.png\",\"width\":690,\"height\":140,\"caption\":\"Pakamera.pl\"},\"image\":{\"@id\":\"https:\/\/www.pakamera.pl\/magazyn\/#\/schema\/logo\/image\/\"},\"sameAs\":[\"https:\/\/facebook.com\/pakamerapl\",\"https:\/\/www.instagram.com\/pakamera\/\"]},{\"@type\":\"Person\",\"@id\":\"https:\/\/www.pakamera.pl\/magazyn\/#\/schema\/person\/375940ab821c5af50e1e31f1ec5282b5\",\"name\":\"Magda Strzelecka\",\"description\":\"Magda to nasza stylistka, kt\u00f3ra od ponad 10 lat \u015bci\u015ble zwi\u0105zana jest z mod\u0105. Uwielbia \u015bledzi\u0107 \u015bwiatowe trendy i przek\u0142ada\u0107 je na rynek polski. Kocha dobre sk\u0142ady ubra\u0144, wyj\u0105tkow\u0105 bi\u017cuteri\u0119 i dodatki kt\u00f3re o\u017cywi\u0105 ka\u017cd\u0105 stylizacj\u0119.\"}]}<\/script>\n<!-- \/ Yoast SEO plugin. -->","yoast_head_json":{"title":"Jak wygl\u0105da opal? Znaczenie i w\u0142a\u015bciwo\u015bci opalu - Magazyn Pakamera.pl","description":"Zastanawiasz si\u0119 jak wygl\u0105da opal i jak rozpozna\u0107 ten prawdziwy. Zobacz na co zwr\u00f3ci\u0107 uwag\u0119 podczas zakupu kamieni szlachetnych.","robots":{"index":"index","follow":"follow"},"canonical":"https:\/\/www.pakamera.pl\/magazyn\/jak-wyglada-opal-znaczenie-i-wlasciwosci-opalu\/","og_locale":"pl_PL","og_type":"article","og_title":"Jak wygl\u0105da opal? Znaczenie i w\u0142a\u015bciwo\u015bci opalu - Magazyn Pakamera.pl","og_description":"Zastanawiasz si\u0119 jak wygl\u0105da opal i jak rozpozna\u0107 ten prawdziwy. Zobacz na co zwr\u00f3ci\u0107 uwag\u0119 podczas zakupu kamieni szlachetnych.","og_url":"https:\/\/www.pakamera.pl\/magazyn\/jak-wyglada-opal-znaczenie-i-wlasciwosci-opalu\/","og_site_name":"Magazyn Pakamera.pl","article_publisher":"https:\/\/facebook.com\/pakamerapl","article_published_time":"2025-08-28T09:09:44+00:00","article_modified_time":"2026-04-02T12:31:03+00:00","og_image":[{"width":1600,"height":840,"url":"https:\/\/imgmag.pakamera.net\/2025\/08\/jak-wyglada-opal-znaczenie-i-wlasciwosci-opalu-103646133307.jpg","type":"image\/jpeg"}],"author":"Magda Strzelecka","twitter_card":"summary_large_image","twitter_misc":{"Napisane przez":"Magda Strzelecka","Szacowany czas czytania":"6 minut"},"schema":{"@context":"https:\/\/schema.org","@graph":[{"@type":"Article","@id":"https:\/\/www.pakamera.pl\/magazyn\/jak-wyglada-opal-znaczenie-i-wlasciwosci-opalu\/#article","isPartOf":{"@id":"https:\/\/www.pakamera.pl\/magazyn\/jak-wyglada-opal-znaczenie-i-wlasciwosci-opalu\/"},"author":{"name":"Magda Strzelecka","@id":"https:\/\/www.pakamera.pl\/magazyn\/#\/schema\/person\/375940ab821c5af50e1e31f1ec5282b5"},"headline":"Jak wygl\u0105da opal? Znaczenie i w\u0142a\u015bciwo\u015bci opalu","datePublished":"2025-08-28T09:09:44+00:00","dateModified":"2026-04-02T12:31:03+00:00","mainEntityOfPage":{"@id":"https:\/\/www.pakamera.pl\/magazyn\/jak-wyglada-opal-znaczenie-i-wlasciwosci-opalu\/"},"wordCount":1073,"publisher":{"@id":"https:\/\/www.pakamera.pl\/magazyn\/#organization"},"keywords":["bi\u017cuteria z kamieniami szlachetnymi","kamienie naturalne","kamienie szlachetne","moc kamieni","opal"],"articleSection":["Moda"],"inLanguage":"pl-PL"},{"@type":"WebPage","@id":"https:\/\/www.pakamera.pl\/magazyn\/jak-wyglada-opal-znaczenie-i-wlasciwosci-opalu\/","url":"https:\/\/www.pakamera.pl\/magazyn\/jak-wyglada-opal-znaczenie-i-wlasciwosci-opalu\/","name":"Jak wygl\u0105da opal? Znaczenie i w\u0142a\u015bciwo\u015bci opalu - Magazyn Pakamera.pl","isPartOf":{"@id":"https:\/\/www.pakamera.pl\/magazyn\/#website"},"datePublished":"2025-08-28T09:09:44+00:00","dateModified":"2026-04-02T12:31:03+00:00","description":"Zastanawiasz si\u0119 jak wygl\u0105da opal i jak rozpozna\u0107 ten prawdziwy. Zobacz na co zwr\u00f3ci\u0107 uwag\u0119 podczas zakupu kamieni szlachetnych.","breadcrumb":{"@id":"https:\/\/www.pakamera.pl\/magazyn\/jak-wyglada-opal-znaczenie-i-wlasciwosci-opalu\/#breadcrumb"},"inLanguage":"pl-PL","potentialAction":[{"@type":"ReadAction","target":["https:\/\/www.pakamera.pl\/magazyn\/jak-wyglada-opal-znaczenie-i-wlasciwosci-opalu\/"]}]},{"@type":"BreadcrumbList","@id":"https:\/\/www.pakamera.pl\/magazyn\/jak-wyglada-opal-znaczenie-i-wlasciwosci-opalu\/#breadcrumb","itemListElement":[{"@type":"ListItem","position":1,"name":"Magazyn","item":"https:\/\/www.pakamera.pl\/magazyn\/"},{"@type":"ListItem","position":2,"name":"Moda","item":"https:\/\/www.pakamera.pl\/magazyn\/category\/moda\/"},{"@type":"ListItem","position":3,"name":"Jak wygl\u0105da opal? Znaczenie i w\u0142a\u015bciwo\u015bci opalu"}]},{"@type":"WebSite","@id":"https:\/\/www.pakamera.pl\/magazyn\/#website","url":"https:\/\/www.pakamera.pl\/magazyn\/","name":"Magazyn Pakamera.pl","description":"Sprawd\u017a najgor\u0119tsze tematy sezonu!","publisher":{"@id":"https:\/\/www.pakamera.pl\/magazyn\/#organization"},"potentialAction":[{"@type":"SearchAction","target":{"@type":"EntryPoint","urlTemplate":"https:\/\/www.pakamera.pl\/magazyn\/?s={search_term_string}"},"query-input":"required name=search_term_string"}],"inLanguage":"pl-PL"},{"@type":"Organization","@id":"https:\/\/www.pakamera.pl\/magazyn\/#organization","name":"Pakamera.pl","url":"https:\/\/www.pakamera.pl\/magazyn\/","logo":{"@type":"ImageObject","inLanguage":"pl-PL","@id":"https:\/\/www.pakamera.pl\/magazyn\/#\/schema\/logo\/image\/","url":"https:\/\/imgmag.pakamera.net\/2023\/11\/153455466619.png","contentUrl":"https:\/\/imgmag.pakamera.net\/2023\/11\/153455466619.png","width":690,"height":140,"caption":"Pakamera.pl"},"image":{"@id":"https:\/\/www.pakamera.pl\/magazyn\/#\/schema\/logo\/image\/"},"sameAs":["https:\/\/facebook.com\/pakamerapl","https:\/\/www.instagram.com\/pakamera\/"]},{"@type":"Person","@id":"https:\/\/www.pakamera.pl\/magazyn\/#\/schema\/person\/375940ab821c5af50e1e31f1ec5282b5","name":"Magda Strzelecka","description":"Magda to nasza stylistka, kt\u00f3ra od ponad 10 lat \u015bci\u015ble zwi\u0105zana jest z mod\u0105. Uwielbia \u015bledzi\u0107 \u015bwiatowe trendy i przek\u0142ada\u0107 je na rynek polski. Kocha dobre sk\u0142ady ubra\u0144, wyj\u0105tkow\u0105 bi\u017cuteri\u0119 i dodatki kt\u00f3re o\u017cywi\u0105 ka\u017cd\u0105 stylizacj\u0119."}]}},"_links":{"self":[{"href":"https:\/\/www.pakamera.pl\/magazyn\/wp-json\/wp\/v2\/posts\/13766","targetHints":{"allow":["GET"]}}],"collection":[{"href":"https:\/\/www.pakamera.pl\/magazyn\/wp-json\/wp\/v2\/posts"}],"about":[{"href":"https:\/\/www.pakamera.pl\/magazyn\/wp-json\/wp\/v2\/types\/post"}],"author":[{"embeddable":true,"href":"https:\/\/www.pakamera.pl\/magazyn\/wp-json\/wp\/v2\/users\/16"}],"replies":[{"embeddable":true,"href":"https:\/\/www.pakamera.pl\/magazyn\/wp-json\/wp\/v2\/comments?post=13766"}],"version-history":[{"count":3,"href":"https:\/\/www.pakamera.pl\/magazyn\/wp-json\/wp\/v2\/posts\/13766\/revisions"}],"predecessor-version":[{"id":14700,"href":"https:\/\/www.pakamera.pl\/magazyn\/wp-json\/wp\/v2\/posts\/13766\/revisions\/14700"}],"wp:featuredmedia":[{"embeddable":true,"href":"https:\/\/www.pakamera.pl\/magazyn\/wp-json\/wp\/v2\/media\/13767"}],"wp:attachment":[{"href":"https:\/\/www.pakamera.pl\/magazyn\/wp-json\/wp\/v2\/media?parent=13766"}],"wp:term":[{"taxonomy":"category","embeddable":true,"href":"https:\/\/www.pakamera.pl\/magazyn\/wp-json\/wp\/v2\/categories?post=13766"},{"taxonomy":"post_tag","embeddable":true,"href":"https:\/\/www.pakamera.pl\/magazyn\/wp-json\/wp\/v2\/tags?post=13766"}],"curies":[{"name":"wp","href":"https:\/\/api.w.org\/{rel}","templated":true}]}}