{"id":13364,"date":"2025-05-22T12:38:19","date_gmt":"2025-05-22T10:38:19","guid":{"rendered":"https:\/\/www.pakamera.pl\/magazyn\/?p=13364"},"modified":"2025-05-22T12:38:19","modified_gmt":"2025-05-22T10:38:19","slug":"czego-nie-ubierac-na-wesele-czyli-co-wypada-a-co-nie","status":"publish","type":"post","link":"https:\/\/www.pakamera.pl\/magazyn\/czego-nie-ubierac-na-wesele-czyli-co-wypada-a-co-nie\/","title":{"rendered":"Czego nie ubiera\u0107 na wesele \u2013 czyli co wypada, a co nie?"},"content":{"rendered":"<p><strong>Wkr\u00f3tce \u015blub bliskich Ci ludzi. Stajesz wi\u0119c przed otwart\u0105 szaf\u0105, a w g\u0142owie kr\u0105\u017cy Ci jedna natr\u0119tna my\u015bl: \u201eco mam na siebie w\u0142o\u017cy\u0107\u201d&#8230; Jakby tego by\u0142o ma\u0142o, taka okazja to modowe pole minowe. \u0141atwo o faux-pas. Zobacz, czego nie ubiera\u0107 na wesele, zanim postanowisz, w czym p\u00f3jdziesz.<\/strong><br \/>\n<!--more--><\/p>\n<figure id=\"attachment_13367\" aria-describedby=\"caption-attachment-13367\" style=\"width: 1600px\" class=\"wp-caption alignnone\"><img loading=\"lazy\" decoding=\"async\" class=\"wp-image-13367 size-full\" src=\"https:\/\/imgmag.pakamera.net\/2025\/05\/czego-nie-ubierac-na-wesele-czyli-co-wypada-a-co-nie-115911321761.jpg\" alt=\"Czego nie ubiera\u0107 na wesele\" width=\"1600\" height=\"840\" \/><figcaption id=\"caption-attachment-13367\" class=\"wp-caption-text\">Sukienka 12\/SS\/2023 \/ Pawel Kuzik \/ www.pakamera.pl<\/figcaption><\/figure>\n<p>Zamiast wylicza\u0107, co mo\u017cesz za\u0142o\u017cy\u0107, tym razem skupimy si\u0119 na tym, czego definitywnie nie powinna\u015b ubiera\u0107. Ta lista jest znacznie d\u0142u\u017csza ni\u017c sztampowe \u201enie zak\u0142adaj bieli, bo to kolor panny m\u0142odej\u201d. Je\u015bli wi\u0119c chcesz unikn\u0105\u0107 modowej wpadki, czytaj dalej.<\/p>\n<h2>Jak nie wypada ubra\u0107 si\u0119 na wesele?<\/h2>\n<p>Jak si\u0119 nie ubiera\u0107 na wesele?<strong> Po pierwsze nie przy\u0107miewaj panny m\u0142odej<\/strong>. To jej wielki dzie\u0144 i to ona powinna by\u0107 w centrum uwagi. Zbyt ekstrawaganckie, krzykliwe stroje i nadmiar b\u0142yszcz\u0105cych dodatk\u00f3w tego dnia niech zostan\u0105 w domu, \u017ceby\u015b nie zosta\u0142a pos\u0105dzona o pr\u00f3b\u0119 konkurowania z bohaterk\u0105 uroczysto\u015bci.<\/p>\n<p>Po drugie: <strong>inaczej ubierzesz si\u0119 na huczne przyj\u0119cie w eleganckiej sali balowej, a inaczej na kameraln\u0105 uroczysto\u015b\u0107 w ogrodzie<\/strong>. Je\u015bli nie masz pewno\u015bci, jaki obowi\u0105zuje dress code, przeanalizuj zaproszenie. W razie w\u0105tpliwo\u015bci zapytaj par\u0119 m\u0142od\u0105 lub kogo\u015b z rodziny.<\/p>\n<p>Po trzecie: wesele to d\u0142uga uroczysto\u015b\u0107 \u2013 rekordowe imprezy trwaj\u0105 po kilkana\u015bcie godzin wype\u0142nionych ta\u0144czeniem, jedzeniem i rozmowami. Tw\u00f3j <a href=\"https:\/\/www.pakamera.pl\/magazyn\/jak-sie-ubrac-na-wesele-latem\/\" target=\"_blank\" rel=\"noopener\">str\u00f3j na wesele latem<\/a> i zim\u0105, wiosn\u0105 i jesieni\u0105 powinien by\u0107 elegancki i wygodny. Zbyt obcis\u0142a sukienka lub uwieraj\u0105ce buty szybko zamieni\u0105 przyjemno\u015b\u0107 w katorg\u0119.<\/p>\n<p>Po czwarte: szanuj lokaln\u0105 kultur\u0119 i tradycj\u0119. W wielu regionach Polski nadal panuj\u0105 do\u015b\u0107 konserwatywne zasady dotycz\u0105ce stroj\u00f3w weselnych. <strong>Je\u015bli \u015blub odbywa si\u0119 w ko\u015bciele, nie zak\u0142adaj zbyt kr\u00f3tkich sukienek z g\u0142\u0119bokim dekoltem<\/strong>, a do kreacji bez r\u0119kaw\u00f3w za\u0142\u00f3\u017c szal lub bolerko.<\/p>\n<div id=\"pakawidget1972\" class=\"pakawidget\"><\/div>\n<p><script async defer src=\"https:\/\/www.pakamera.pl\/widget\/widget2.min.js?id=1972&#038;type=20250522123254&#038;wwidth=1000\"><\/script><\/p>\n<h2>Jakiej sukienki nie zak\u0142ada\u0107 na wesele? Tych kolor\u00f3w unikaj!<\/h2>\n<p>Przypomnijmy najbardziej oczywist\u0105 zasad\u0119, poniewa\u017c wci\u0105\u017c zdarza si\u0119, \u017ce zaproszone panie przychodz\u0105 ubrane w bia\u0142e <a href=\"https:\/\/www.pakamera.pl\/sukienki-0-1895.htm\" target=\"_blank\" rel=\"noopener\">sukienki damskie<\/a>\u2026 <strong>Biel jest zarezerwowana dla panny m\u0142odej<\/strong>. Nie ma znaczenia, czy Twoja ulubiona kreacja jest \u015bnie\u017cnobia\u0142a, kremowa, \u00e9cru, czy w kolorze szampana lub ko\u015bci s\u0142oniowej. Tego dnia po prostu jej nie zak\u0142adaj. Jedynym wyj\u0105tkiem jest sytuacja, w kt\u00f3rej sama panna m\u0142oda prosi go\u015bci o za\u0142o\u017cenie bia\u0142ych stroj\u00f3w, ale to raczej rzadki przypadek.<\/p>\n<p>Jakiej sukienki nie ubiera\u0107 na wesele? <strong>Czarnej, poniewa\u017c budzi mieszane uczucia<\/strong>. Tego dnia nie chcemy mieszanych uczu\u0107, a ten kolor kojarzy si\u0119 z \u017ca\u0142ob\u0105. Pozostali go\u015bcie i sama para m\u0142oda mog\u0105 go odebra\u0107 jako brak szacunku dla radosnego charakteru uroczysto\u015bci.<\/p>\n<p>Jak nie wypada ubra\u0107 si\u0119 na wesele? <strong>Krzykliwe sukienki w neonowych kolorach przyci\u0105gaj\u0105 wzrok, ale s\u0105 ma\u0142o eleganckie<\/strong>. Mog\u0105 wydawa\u0107 si\u0119 wulgarne, wi\u0119c lepiej wybra\u0107 co\u015b innego. Zw\u0142aszcza \u017ce, tak, jak widzisz, lista \u201ezakazanych\u201d kolor\u00f3w nie jest bardzo d\u0142uga. Masz tyle innych opcji: zielenie, br\u0105zy, niebieskie, pastele, kwieciste wzory i wiele, wiele wi\u0119cej.<\/p>\n<p>Kolor to jedno, a fason sukienki to drugie. Czego nie zak\u0142ada\u0107 na wesele? Przede wszystkim stroju, kt\u00f3ry:<\/p>\n<ul>\n<li>jest zbyt kr\u00f3tki (sukienka powinna si\u0119ga\u0107 co najmniej do po\u0142owy uda),<\/li>\n<li>jest nieprzyzwoicie obcis\u0142y,<\/li>\n<li>ma bardzo g\u0142\u0119boki dekolt,<\/li>\n<li>jest zbyt elegancki (np. suknia balowa przypominaj\u0105ca suknie \u015blubne),<\/li>\n<li>wydawa\u0142by Ci si\u0119 nieodpowiedni na w\u0142asnym weselu.<\/li>\n<\/ul>\n<h2>Czego jeszcze nie wypada na weselu?<\/h2>\n<figure id=\"attachment_13368\" aria-describedby=\"caption-attachment-13368\" style=\"width: 1600px\" class=\"wp-caption alignnone\"><img loading=\"lazy\" decoding=\"async\" class=\"wp-image-13368 size-full\" src=\"https:\/\/imgmag.pakamera.net\/2025\/05\/czego-nie-ubierac-na-wesele-czyli-co-wypada-a-co-nie-123008045714.jpg\" alt=\"Romantyczne falbanki, zmys\u0142owe wi\u0105zanie wok\u00f3\u0142 szyi i zwiewna szyfonowa tkanina - tworz\u0105 sukienk\u0119 wyj\u0105tkowo urokliw\u0105\" width=\"1600\" height=\"840\" \/><figcaption id=\"caption-attachment-13368\" class=\"wp-caption-text\">Sukienka wi\u0105zana wok\u00f3\u0142 szyi-zielona(K-137) \/ MAKOVER \/ www.pakamera.pl<\/figcaption><\/figure>\n<p>Powy\u017cszy akapit jeszcze nie wyczerpa\u0142 listy tego, co nie wypada na weselu. Przyjrzyjmy si\u0119 pozosta\u0142ym wpadkom, kt\u00f3rych trzeba si\u0119 wystrzega\u0107.<\/p>\n<p>Jak nie ubiera\u0107 si\u0119 na wesele? Nawet najdro\u017csze, designerskie jeansy nie s\u0105 odpowiednim wyborem na wesele. <strong>D\u017cins to materia\u0142 zarezerwowany na co dzie\u0144, nie od \u015bwi\u0119ta<\/strong>. I tyczy si\u0119 to zar\u00f3wno spodni, jak i sukienek lub kurtek.<\/p>\n<p>Podobnie ma si\u0119 sytuacja z <strong>trampkami, sneakersami lub butami sportowymi. Bez w\u0105tpienia s\u0105 wygodne, ale zostawmy je do noszenia na co dzie\u0144<\/strong>. Na wesele przyjd\u017amy w cz\u00f3\u0142enkach, sanda\u0142kach na obcasie, balerinach lub loafersach.<\/p>\n<p>Cekinowa sukienka, brokatowe dodatki, masywna, b\u0142yszcz\u0105ca bi\u017cuteria \u2013 to wszystko osobno wygl\u0105da elegancko, ale ju\u017c razem b\u0119dzie grub\u0105 przesad\u0105. Tego dnia to nie Ty b\u0142yszczysz\u2026 Przesad\u0105 b\u0119dzie r\u00f3wnie\u017c p\u00f3j\u015bcie w drug\u0105 stron\u0119. Sportowe plecaki i ogromne shopperki lepiej sprawdzaj\u0105 si\u0119 na zakupach ni\u017c na weselu.<\/p>\n<div id=\"pakawidget1973\" class=\"pakawidget\"><\/div>\n<p><script async defer src=\"https:\/\/www.pakamera.pl\/widget\/widget2.min.js?id=1973&#038;type=20250522123417&#038;wwidth=1000\"><\/script><\/p>\n<h2>Co w takim razie wypada ubra\u0107 na wesele?<\/h2>\n<p>Skoro ju\u017c wiesz, czego nie wypada ubra\u0107 na wesele, przele\u0107my szybko przez to, <a href=\"https:\/\/www.pakamera.pl\/magazyn\/w-co-sie-ubrac-na-slub-jako-gosc\/\" target=\"_blank\" rel=\"noopener\">w co si\u0119 ubra\u0107 na \u015blub jako go\u015b\u0107<\/a>.<\/p>\n<p>Panie mog\u0105 w\u0142o\u017cy\u0107 <a href=\"https:\/\/www.pakamera.pl\/sukienki-midi-0-3104.htm\" target=\"_blank\" rel=\"noopener\">sukienki midi damskie<\/a> w stonowanych kolorach (szare, granatowe, bordowe, zielone, r\u00f3\u017cowe, \u017c\u00f3\u0142te itd.). <strong>Je\u015bli nie przepadasz za sukienkami, wybierz damski garnitur lub kombinezon<\/strong>. Z dodatk\u00f3w w\u0142\u00f3\u017c buty na wygodnym obcasie i delikatn\u0105 bi\u017cuteri\u0119. We\u017a ze sob\u0105 kopert\u00f3wk\u0119 lub torebk\u0119 na \u0142a\u0144cuszku.<\/p>\n<p>Panowie mog\u0105 w\u0142o\u017cy\u0107 garnitur (czarny, granatowy, antracytowy, szary, be\u017cowy lub jasnoniebieski). Dope\u0142nieniem tego stroju powinna by\u0107 elegancka koszula (bia\u0142a lub w delikatny wz\u00f3r), poszetka i buty oksfordy lub derby. Je\u015bli nie jest to Tw\u00f3j styl, zobacz, <a href=\"https:\/\/www.pakamera.pl\/magazyn\/co-zamiast-garnituru-na-wesele-modne-i-wciaz-eleganckie-zestawy\/\" target=\"_blank\" rel=\"noopener\">co zamiast garnituru na wesele mo\u017cna ubra\u0107<\/a>.<\/p>\n<p>Ju\u017c wiesz, czego nie wypada na weselu. Mo\u017cesz wi\u0119c \u015bmia\u0142o wej\u015b\u0107 na Pakamera.pl i znale\u017a\u0107 wymarzon\u0105 kreacj\u0119 na najbli\u017csz\u0105 uroczysto\u015b\u0107.<\/p>\n","protected":false},"excerpt":{"rendered":"<p>Wkr\u00f3tce \u015blub bliskich Ci ludzi. Stajesz wi\u0119c przed otwart\u0105 szaf\u0105, a w g\u0142owie kr\u0105\u017cy Ci jedna natr\u0119tna my\u015bl: \u201eco mam na siebie w\u0142o\u017cy\u0107\u201d&#8230; Jakby tego by\u0142o ma\u0142o, taka okazja to<span class=\"more-dots\">&#8230;<\/span><\/p>\n","protected":false},"author":16,"featured_media":13367,"comment_status":"closed","ping_status":"closed","sticky":false,"template":"","format":"standard","meta":{"footnotes":""},"categories":[3],"tags":[2447,2238,139,132,1600,1754],"class_list":["post-13364","post","type-post","status-publish","format-standard","has-post-thumbnail","hentry","category-moda","tag-bizuteria-na-wesele","tag-bizuteria-weselna","tag-moda-weselna","tag-sukienka-na-wesele","tag-sukienki-na-wesele","tag-wesele-zima"],"yoast_head":"<!-- This site is optimized with the Yoast SEO plugin v21.6 - https:\/\/yoast.com\/wordpress\/plugins\/seo\/ -->\n<title>Czego nie ubiera\u0107 na wesele \u2013 czyli co wypada, a co nie? - Magazyn Pakamera.pl<\/title>\n<meta name=\"description\" content=\"Zastanawiasz si\u0119 czego nie ubiera\u0107 na wesele aby nie pope\u0142ni\u0107 faux pas? Zobacz czego unika\u0107 na wybieraj\u0105c si\u0119 na przyj\u0119cie.\" \/>\n<meta name=\"robots\" content=\"index, follow\" \/>\n<link rel=\"canonical\" href=\"https:\/\/www.pakamera.pl\/magazyn\/czego-nie-ubierac-na-wesele-czyli-co-wypada-a-co-nie\/\" \/>\n<meta property=\"og:locale\" content=\"pl_PL\" \/>\n<meta property=\"og:type\" content=\"article\" \/>\n<meta property=\"og:title\" content=\"Czego nie ubiera\u0107 na wesele \u2013 czyli co wypada, a co nie? - Magazyn Pakamera.pl\" \/>\n<meta property=\"og:description\" content=\"Zastanawiasz si\u0119 czego nie ubiera\u0107 na wesele aby nie pope\u0142ni\u0107 faux pas? Zobacz czego unika\u0107 na wybieraj\u0105c si\u0119 na przyj\u0119cie.\" \/>\n<meta property=\"og:url\" content=\"https:\/\/www.pakamera.pl\/magazyn\/czego-nie-ubierac-na-wesele-czyli-co-wypada-a-co-nie\/\" \/>\n<meta property=\"og:site_name\" content=\"Magazyn Pakamera.pl\" \/>\n<meta property=\"article:publisher\" content=\"https:\/\/facebook.com\/pakamerapl\" \/>\n<meta property=\"article:published_time\" content=\"2025-05-22T10:38:19+00:00\" \/>\n<meta property=\"og:image\" content=\"https:\/\/imgmag.pakamera.net\/2025\/05\/czego-nie-ubierac-na-wesele-czyli-co-wypada-a-co-nie-115911321761.jpg\" \/>\n\t<meta property=\"og:image:width\" content=\"1600\" \/>\n\t<meta property=\"og:image:height\" content=\"840\" \/>\n\t<meta property=\"og:image:type\" content=\"image\/jpeg\" \/>\n<meta name=\"author\" content=\"Magda Strzelecka\" \/>\n<meta name=\"twitter:card\" content=\"summary_large_image\" \/>\n<meta name=\"twitter:label1\" content=\"Napisane przez\" \/>\n\t<meta name=\"twitter:data1\" content=\"Magda Strzelecka\" \/>\n\t<meta name=\"twitter:label2\" content=\"Szacowany czas czytania\" \/>\n\t<meta name=\"twitter:data2\" content=\"6 minut\" \/>\n<script type=\"application\/ld+json\" class=\"yoast-schema-graph\">{\"@context\":\"https:\/\/schema.org\",\"@graph\":[{\"@type\":\"Article\",\"@id\":\"https:\/\/www.pakamera.pl\/magazyn\/czego-nie-ubierac-na-wesele-czyli-co-wypada-a-co-nie\/#article\",\"isPartOf\":{\"@id\":\"https:\/\/www.pakamera.pl\/magazyn\/czego-nie-ubierac-na-wesele-czyli-co-wypada-a-co-nie\/\"},\"author\":{\"name\":\"Magda Strzelecka\",\"@id\":\"https:\/\/www.pakamera.pl\/magazyn\/#\/schema\/person\/375940ab821c5af50e1e31f1ec5282b5\"},\"headline\":\"Czego nie ubiera\u0107 na wesele \u2013 czyli co wypada, a co nie?\",\"datePublished\":\"2025-05-22T10:38:19+00:00\",\"dateModified\":\"2025-05-22T10:38:19+00:00\",\"mainEntityOfPage\":{\"@id\":\"https:\/\/www.pakamera.pl\/magazyn\/czego-nie-ubierac-na-wesele-czyli-co-wypada-a-co-nie\/\"},\"wordCount\":940,\"publisher\":{\"@id\":\"https:\/\/www.pakamera.pl\/magazyn\/#organization\"},\"keywords\":[\"bi\u017cuteria na wesele\",\"bi\u017cuteria weselna\",\"moda weselna\",\"sukienka na wesele\",\"sukienki na wesele\",\"wesele zim\u0105\"],\"articleSection\":[\"Moda\"],\"inLanguage\":\"pl-PL\"},{\"@type\":\"WebPage\",\"@id\":\"https:\/\/www.pakamera.pl\/magazyn\/czego-nie-ubierac-na-wesele-czyli-co-wypada-a-co-nie\/\",\"url\":\"https:\/\/www.pakamera.pl\/magazyn\/czego-nie-ubierac-na-wesele-czyli-co-wypada-a-co-nie\/\",\"name\":\"Czego nie ubiera\u0107 na wesele \u2013 czyli co wypada, a co nie? - Magazyn Pakamera.pl\",\"isPartOf\":{\"@id\":\"https:\/\/www.pakamera.pl\/magazyn\/#website\"},\"datePublished\":\"2025-05-22T10:38:19+00:00\",\"dateModified\":\"2025-05-22T10:38:19+00:00\",\"description\":\"Zastanawiasz si\u0119 czego nie ubiera\u0107 na wesele aby nie pope\u0142ni\u0107 faux pas? Zobacz czego unika\u0107 na wybieraj\u0105c si\u0119 na przyj\u0119cie.\",\"breadcrumb\":{\"@id\":\"https:\/\/www.pakamera.pl\/magazyn\/czego-nie-ubierac-na-wesele-czyli-co-wypada-a-co-nie\/#breadcrumb\"},\"inLanguage\":\"pl-PL\",\"potentialAction\":[{\"@type\":\"ReadAction\",\"target\":[\"https:\/\/www.pakamera.pl\/magazyn\/czego-nie-ubierac-na-wesele-czyli-co-wypada-a-co-nie\/\"]}]},{\"@type\":\"BreadcrumbList\",\"@id\":\"https:\/\/www.pakamera.pl\/magazyn\/czego-nie-ubierac-na-wesele-czyli-co-wypada-a-co-nie\/#breadcrumb\",\"itemListElement\":[{\"@type\":\"ListItem\",\"position\":1,\"name\":\"Magazyn\",\"item\":\"https:\/\/www.pakamera.pl\/magazyn\/\"},{\"@type\":\"ListItem\",\"position\":2,\"name\":\"Moda\",\"item\":\"https:\/\/www.pakamera.pl\/magazyn\/category\/moda\/\"},{\"@type\":\"ListItem\",\"position\":3,\"name\":\"Czego nie ubiera\u0107 na wesele \u2013 czyli co wypada, a co nie?\"}]},{\"@type\":\"WebSite\",\"@id\":\"https:\/\/www.pakamera.pl\/magazyn\/#website\",\"url\":\"https:\/\/www.pakamera.pl\/magazyn\/\",\"name\":\"Magazyn Pakamera.pl\",\"description\":\"Sprawd\u017a najgor\u0119tsze tematy sezonu!\",\"publisher\":{\"@id\":\"https:\/\/www.pakamera.pl\/magazyn\/#organization\"},\"potentialAction\":[{\"@type\":\"SearchAction\",\"target\":{\"@type\":\"EntryPoint\",\"urlTemplate\":\"https:\/\/www.pakamera.pl\/magazyn\/?s={search_term_string}\"},\"query-input\":\"required name=search_term_string\"}],\"inLanguage\":\"pl-PL\"},{\"@type\":\"Organization\",\"@id\":\"https:\/\/www.pakamera.pl\/magazyn\/#organization\",\"name\":\"Pakamera.pl\",\"url\":\"https:\/\/www.pakamera.pl\/magazyn\/\",\"logo\":{\"@type\":\"ImageObject\",\"inLanguage\":\"pl-PL\",\"@id\":\"https:\/\/www.pakamera.pl\/magazyn\/#\/schema\/logo\/image\/\",\"url\":\"https:\/\/imgmag.pakamera.net\/2023\/11\/153455466619.png\",\"contentUrl\":\"https:\/\/imgmag.pakamera.net\/2023\/11\/153455466619.png\",\"width\":690,\"height\":140,\"caption\":\"Pakamera.pl\"},\"image\":{\"@id\":\"https:\/\/www.pakamera.pl\/magazyn\/#\/schema\/logo\/image\/\"},\"sameAs\":[\"https:\/\/facebook.com\/pakamerapl\",\"https:\/\/www.instagram.com\/pakamera\/\"]},{\"@type\":\"Person\",\"@id\":\"https:\/\/www.pakamera.pl\/magazyn\/#\/schema\/person\/375940ab821c5af50e1e31f1ec5282b5\",\"name\":\"Magda Strzelecka\",\"description\":\"Magda to nasza stylistka, kt\u00f3ra od ponad 10 lat \u015bci\u015ble zwi\u0105zana jest z mod\u0105. Uwielbia \u015bledzi\u0107 \u015bwiatowe trendy i przek\u0142ada\u0107 je na rynek polski. Kocha dobre sk\u0142ady ubra\u0144, wyj\u0105tkow\u0105 bi\u017cuteri\u0119 i dodatki kt\u00f3re o\u017cywi\u0105 ka\u017cd\u0105 stylizacj\u0119.\"}]}<\/script>\n<!-- \/ Yoast SEO plugin. -->","yoast_head_json":{"title":"Czego nie ubiera\u0107 na wesele \u2013 czyli co wypada, a co nie? - Magazyn Pakamera.pl","description":"Zastanawiasz si\u0119 czego nie ubiera\u0107 na wesele aby nie pope\u0142ni\u0107 faux pas? Zobacz czego unika\u0107 na wybieraj\u0105c si\u0119 na przyj\u0119cie.","robots":{"index":"index","follow":"follow"},"canonical":"https:\/\/www.pakamera.pl\/magazyn\/czego-nie-ubierac-na-wesele-czyli-co-wypada-a-co-nie\/","og_locale":"pl_PL","og_type":"article","og_title":"Czego nie ubiera\u0107 na wesele \u2013 czyli co wypada, a co nie? - Magazyn Pakamera.pl","og_description":"Zastanawiasz si\u0119 czego nie ubiera\u0107 na wesele aby nie pope\u0142ni\u0107 faux pas? Zobacz czego unika\u0107 na wybieraj\u0105c si\u0119 na przyj\u0119cie.","og_url":"https:\/\/www.pakamera.pl\/magazyn\/czego-nie-ubierac-na-wesele-czyli-co-wypada-a-co-nie\/","og_site_name":"Magazyn Pakamera.pl","article_publisher":"https:\/\/facebook.com\/pakamerapl","article_published_time":"2025-05-22T10:38:19+00:00","og_image":[{"width":1600,"height":840,"url":"https:\/\/imgmag.pakamera.net\/2025\/05\/czego-nie-ubierac-na-wesele-czyli-co-wypada-a-co-nie-115911321761.jpg","type":"image\/jpeg"}],"author":"Magda Strzelecka","twitter_card":"summary_large_image","twitter_misc":{"Napisane przez":"Magda Strzelecka","Szacowany czas czytania":"6 minut"},"schema":{"@context":"https:\/\/schema.org","@graph":[{"@type":"Article","@id":"https:\/\/www.pakamera.pl\/magazyn\/czego-nie-ubierac-na-wesele-czyli-co-wypada-a-co-nie\/#article","isPartOf":{"@id":"https:\/\/www.pakamera.pl\/magazyn\/czego-nie-ubierac-na-wesele-czyli-co-wypada-a-co-nie\/"},"author":{"name":"Magda Strzelecka","@id":"https:\/\/www.pakamera.pl\/magazyn\/#\/schema\/person\/375940ab821c5af50e1e31f1ec5282b5"},"headline":"Czego nie ubiera\u0107 na wesele \u2013 czyli co wypada, a co nie?","datePublished":"2025-05-22T10:38:19+00:00","dateModified":"2025-05-22T10:38:19+00:00","mainEntityOfPage":{"@id":"https:\/\/www.pakamera.pl\/magazyn\/czego-nie-ubierac-na-wesele-czyli-co-wypada-a-co-nie\/"},"wordCount":940,"publisher":{"@id":"https:\/\/www.pakamera.pl\/magazyn\/#organization"},"keywords":["bi\u017cuteria na wesele","bi\u017cuteria weselna","moda weselna","sukienka na wesele","sukienki na wesele","wesele zim\u0105"],"articleSection":["Moda"],"inLanguage":"pl-PL"},{"@type":"WebPage","@id":"https:\/\/www.pakamera.pl\/magazyn\/czego-nie-ubierac-na-wesele-czyli-co-wypada-a-co-nie\/","url":"https:\/\/www.pakamera.pl\/magazyn\/czego-nie-ubierac-na-wesele-czyli-co-wypada-a-co-nie\/","name":"Czego nie ubiera\u0107 na wesele \u2013 czyli co wypada, a co nie? - Magazyn Pakamera.pl","isPartOf":{"@id":"https:\/\/www.pakamera.pl\/magazyn\/#website"},"datePublished":"2025-05-22T10:38:19+00:00","dateModified":"2025-05-22T10:38:19+00:00","description":"Zastanawiasz si\u0119 czego nie ubiera\u0107 na wesele aby nie pope\u0142ni\u0107 faux pas? Zobacz czego unika\u0107 na wybieraj\u0105c si\u0119 na przyj\u0119cie.","breadcrumb":{"@id":"https:\/\/www.pakamera.pl\/magazyn\/czego-nie-ubierac-na-wesele-czyli-co-wypada-a-co-nie\/#breadcrumb"},"inLanguage":"pl-PL","potentialAction":[{"@type":"ReadAction","target":["https:\/\/www.pakamera.pl\/magazyn\/czego-nie-ubierac-na-wesele-czyli-co-wypada-a-co-nie\/"]}]},{"@type":"BreadcrumbList","@id":"https:\/\/www.pakamera.pl\/magazyn\/czego-nie-ubierac-na-wesele-czyli-co-wypada-a-co-nie\/#breadcrumb","itemListElement":[{"@type":"ListItem","position":1,"name":"Magazyn","item":"https:\/\/www.pakamera.pl\/magazyn\/"},{"@type":"ListItem","position":2,"name":"Moda","item":"https:\/\/www.pakamera.pl\/magazyn\/category\/moda\/"},{"@type":"ListItem","position":3,"name":"Czego nie ubiera\u0107 na wesele \u2013 czyli co wypada, a co nie?"}]},{"@type":"WebSite","@id":"https:\/\/www.pakamera.pl\/magazyn\/#website","url":"https:\/\/www.pakamera.pl\/magazyn\/","name":"Magazyn Pakamera.pl","description":"Sprawd\u017a najgor\u0119tsze tematy sezonu!","publisher":{"@id":"https:\/\/www.pakamera.pl\/magazyn\/#organization"},"potentialAction":[{"@type":"SearchAction","target":{"@type":"EntryPoint","urlTemplate":"https:\/\/www.pakamera.pl\/magazyn\/?s={search_term_string}"},"query-input":"required name=search_term_string"}],"inLanguage":"pl-PL"},{"@type":"Organization","@id":"https:\/\/www.pakamera.pl\/magazyn\/#organization","name":"Pakamera.pl","url":"https:\/\/www.pakamera.pl\/magazyn\/","logo":{"@type":"ImageObject","inLanguage":"pl-PL","@id":"https:\/\/www.pakamera.pl\/magazyn\/#\/schema\/logo\/image\/","url":"https:\/\/imgmag.pakamera.net\/2023\/11\/153455466619.png","contentUrl":"https:\/\/imgmag.pakamera.net\/2023\/11\/153455466619.png","width":690,"height":140,"caption":"Pakamera.pl"},"image":{"@id":"https:\/\/www.pakamera.pl\/magazyn\/#\/schema\/logo\/image\/"},"sameAs":["https:\/\/facebook.com\/pakamerapl","https:\/\/www.instagram.com\/pakamera\/"]},{"@type":"Person","@id":"https:\/\/www.pakamera.pl\/magazyn\/#\/schema\/person\/375940ab821c5af50e1e31f1ec5282b5","name":"Magda Strzelecka","description":"Magda to nasza stylistka, kt\u00f3ra od ponad 10 lat \u015bci\u015ble zwi\u0105zana jest z mod\u0105. Uwielbia \u015bledzi\u0107 \u015bwiatowe trendy i przek\u0142ada\u0107 je na rynek polski. Kocha dobre sk\u0142ady ubra\u0144, wyj\u0105tkow\u0105 bi\u017cuteri\u0119 i dodatki kt\u00f3re o\u017cywi\u0105 ka\u017cd\u0105 stylizacj\u0119."}]}},"_links":{"self":[{"href":"https:\/\/www.pakamera.pl\/magazyn\/wp-json\/wp\/v2\/posts\/13364","targetHints":{"allow":["GET"]}}],"collection":[{"href":"https:\/\/www.pakamera.pl\/magazyn\/wp-json\/wp\/v2\/posts"}],"about":[{"href":"https:\/\/www.pakamera.pl\/magazyn\/wp-json\/wp\/v2\/types\/post"}],"author":[{"embeddable":true,"href":"https:\/\/www.pakamera.pl\/magazyn\/wp-json\/wp\/v2\/users\/16"}],"replies":[{"embeddable":true,"href":"https:\/\/www.pakamera.pl\/magazyn\/wp-json\/wp\/v2\/comments?post=13364"}],"version-history":[{"count":3,"href":"https:\/\/www.pakamera.pl\/magazyn\/wp-json\/wp\/v2\/posts\/13364\/revisions"}],"predecessor-version":[{"id":13369,"href":"https:\/\/www.pakamera.pl\/magazyn\/wp-json\/wp\/v2\/posts\/13364\/revisions\/13369"}],"wp:featuredmedia":[{"embeddable":true,"href":"https:\/\/www.pakamera.pl\/magazyn\/wp-json\/wp\/v2\/media\/13367"}],"wp:attachment":[{"href":"https:\/\/www.pakamera.pl\/magazyn\/wp-json\/wp\/v2\/media?parent=13364"}],"wp:term":[{"taxonomy":"category","embeddable":true,"href":"https:\/\/www.pakamera.pl\/magazyn\/wp-json\/wp\/v2\/categories?post=13364"},{"taxonomy":"post_tag","embeddable":true,"href":"https:\/\/www.pakamera.pl\/magazyn\/wp-json\/wp\/v2\/tags?post=13364"}],"curies":[{"name":"wp","href":"https:\/\/api.w.org\/{rel}","templated":true}]}}