{"id":13128,"date":"2025-03-31T15:05:29","date_gmt":"2025-03-31T13:05:29","guid":{"rendered":"https:\/\/www.pakamera.pl\/magazyn\/?p=13128"},"modified":"2025-06-26T11:27:09","modified_gmt":"2025-06-26T09:27:09","slug":"jak-zapakowac-prezent-na-komunie-praktyczne-porady","status":"publish","type":"post","link":"https:\/\/www.pakamera.pl\/magazyn\/jak-zapakowac-prezent-na-komunie-praktyczne-porady\/","title":{"rendered":"Jak zapakowa\u0107 prezent na komuni\u0119? Praktyczne porady"},"content":{"rendered":"<p><strong>Powiedzenie, \u017ce liczy si\u0119 wn\u0119trze, dotyczy zar\u00f3wno ludzi, jak i prezent\u00f3w, ale nie oszukujmy si\u0119: to opakowanie robi pierwsze wra\u017cenie. Zw\u0142aszcza gdy m\u00f3wimy o tym, jak zapakowa\u0107 prezent komunijny.<\/strong><\/p>\n<p><!--more--><\/p>\n<figure id=\"attachment_13133\" aria-describedby=\"caption-attachment-13133\" style=\"width: 1600px\" class=\"wp-caption alignnone\"><img loading=\"lazy\" decoding=\"async\" class=\"wp-image-13133 size-full\" src=\"https:\/\/imgmag.pakamera.net\/2025\/03\/jak-zapakowac-prezent-na-komunie-praktyczne-porady-150118023880.jpg\" alt=\"Jak zapakowa\u0107 prezent na komuni\u0119\" width=\"1600\" height=\"840\" \/><figcaption id=\"caption-attachment-13133\" class=\"wp-caption-text\">Pami\u0105tka Pierwszej Komunii exploding box kartka 3d \/ Papiernik \/ www.pakamera.pl<\/figcaption><\/figure>\n<p>Oczywi\u015bcie, pakowanie prezent\u00f3w komunijnych mo\u017ce polega\u0107 na w\u0142o\u017ceniu podarku do torebki z napisem \u201eZ okazji Komunii \u015awi\u0119tej\u201d, ale je\u015bli chcesz si\u0119 bardziej postara\u0107, to po\u015bwi\u0119\u0107 chwil\u0119 i poznaj lepsze sposoby.<\/p>\n<h2>Jak \u0142adnie zapakowa\u0107 prezent na komuni\u0119? To Ci si\u0119 przyda!<\/h2>\n<p>Pakowanie prezent\u00f3w komunijnych, jak wszystko, wymaga odpowiednich narz\u0119dzi. Zanim do tego usi\u0105dziesz, uzbr\u00f3j si\u0119 w:<\/p>\n<ul>\n<li><strong>Ozdobny papier<\/strong> \u2013 tutaj najlepiej pasuj\u0105 eleganckie kolory: <strong>bia\u0142y, srebrny, z\u0142oty, pastelowob\u0142\u0119kitny lub r\u00f3\u017cowy<\/strong>. Papier fakturowany prezentuje si\u0119 \u0142adniej ni\u017c cienkie arkusze i nie rozdziera si\u0119 przy pierwszej pr\u00f3bie zgi\u0119cia.<\/li>\n<li><strong>Ta\u015bma dwustronna<\/strong> \u2013 taka ta\u015bma powinna by\u0107 przezroczysta (a na pewno nie br\u0105zowa). Jej zadaniem jest trzymanie papieru, wi\u0119c lepiej \u017ceby nie rzuca\u0142a si\u0119 w oczy.<\/li>\n<li>Wst\u0105\u017cki \u2013 <strong>satynowa lub at\u0142asowa wst\u0105\u017cka o szeroko\u015bci minimum 2 cm w formie kokardy<\/strong> b\u0119dzie stanowi\u0107 pi\u0119kn\u0105 ozdob\u0119 pakunku.<\/li>\n<li>Dodatki \u2013 ten punkt jest opcjonalny, ale <strong>\u015bwie\u017ce kwiaty lub ga\u0142\u0105zka oliwna podkre\u015bl\u0105 wyj\u0105tkowo\u015b\u0107 prezentu<\/strong>.<\/li>\n<\/ul>\n<p><a href=\"https:\/\/www.pakamera.pl\/magazyn\/jak-zapakowac-prezent-7-sposobow-na-rozne-okazje\/\" target=\"_blank\" rel=\"noopener\">Jak zapakowa\u0107 prezent?<\/a> Mistrzowskie pakowanie prezentu komunijnego opiera si\u0119 na szczeg\u00f3\u0142ach. Najpierw dok\u0142adnie odmierz papier i potnij go r\u00f3wno przy pomocy linijki i ostrego no\u017cyka (niekt\u00f3re papiery maj\u0105 linie pomocnicze z ty\u0142u, \u017ceby u\u0142atwi\u0107 Ci zadanie). \u0141\u0105czenia powinny by\u0107 niemal niewyra\u017ane. Taki efekt uzyskasz za pomoc\u0105 ta\u015bmy dwustronnej ukrytej pod zagi\u0119ciami papieru. Sprawdza si\u0119 ona znacznie lepiej ni\u017c klej, kt\u00f3ry cz\u0119sto zostawia brzydkie plamy.<\/p>\n<div id=\"pakawidget1903\" class=\"pakawidget\"><\/div>\n<p><script async defer src=\"https:\/\/www.pakamera.pl\/widget\/widget2.min.js?id=1903&#038;type=20250331130250&#038;wwidth=1000\"><\/script><\/p>\n<h2>Jak zapakowa\u0107 prezent komunijny? Najwa\u017cniejsze zasady<\/h2>\n<p>Tw\u00f3j prezent komunijny powinien wygl\u0105da\u0107 na przemy\u015blany, dlatego do jego pakowania powinna\u015b si\u0119 przy\u0142o\u017cy\u0107. <strong>Podarek musi wygl\u0105da\u0107 uroczy\u015bcie i pasowa\u0107 do okoliczno\u015bci<\/strong> (ozdobna torebka z Miko\u0142ajami nie b\u0119dzie tutaj na miejscu!).<\/p>\n<p><strong>Naj\u0142adniej b\u0119dzie wygl\u0105da\u0107 w\u0142asnor\u0119cznie wykonana paczuszka z papieru pakowego z drobnymi ozdobami i personalizowan\u0105 karteczk\u0105<\/strong>. Napisz na niej kr\u00f3tk\u0105 dedykacj\u0119. Je\u015bli chcesz da\u0107 wi\u0119cej od siebie, do\u0142\u0105cz inicja\u0142 imienia dziecka, kszta\u0142t go\u0142\u0105bka lub kszta\u0142t anio\u0142ka wyci\u0119te z papieru.<\/p>\n<p>Kolory opakowania zawieraj\u0105 kod kulturowy. Bez wzgl\u0119du na to, <a href=\"https:\/\/www.pakamera.pl\/magazyn\/co-kupic-na-komunie-od-chrzestnego-propozycje-trafionych-prezentow\/\" target=\"_blank\" rel=\"noopener\">co chrzestny kupuje na komuni\u0119<\/a> albo co babcia chce da\u0107 wnukowi, na t\u0119 okoliczno\u015b\u0107 najlepiej pasuj\u0105 <strong>bia\u0142y, b\u0142\u0119kitny, srebrny i z\u0142oty, poniewa\u017c kojarz\u0105 si\u0119 z czysto\u015bci\u0105 i duchow\u0105 odnow\u0105<\/strong>. Neony, infantylne wzorki i jaskrawe kolory w tym wypadku s\u0105 nie na miejscu. Na prezencie mog\u0105, ale nie musz\u0105 pojawi\u0107 si\u0119 za to motywy religijne, np. w formie delikatnie t\u0142oczonego krzy\u017ca, hostii, anio\u0142ka lub go\u0142\u0105bka.<\/p>\n<figure id=\"attachment_13132\" aria-describedby=\"caption-attachment-13132\" style=\"width: 1600px\" class=\"wp-caption alignnone\"><img loading=\"lazy\" decoding=\"async\" class=\"wp-image-13132 size-full\" src=\"https:\/\/imgmag.pakamera.net\/2025\/03\/jak-zapakowac-prezent-na-komunie-praktyczne-porady-150116909789.jpg\" alt=\"pami\u0105tka z okazji Pierwszej Komunii \u015awi\u0119tej \" width=\"1600\" height=\"840\" \/><figcaption id=\"caption-attachment-13132\" class=\"wp-caption-text\">Pami\u0105tka Pierwszej Komunii exploding box kartka 3d \/ Papiernik \/ www.pakamera.pl<\/figcaption><\/figure>\n<p>Rozmawiaj\u0105c o tym, jak \u0142adnie zapakowa\u0107 prezent na komuni\u0119, trzeba przede wszystkim wspomnie\u0107 o tym, \u017ce <strong>wielko\u015b\u0107 opakowania musi by\u0107 dostosowana do wielko\u015bci prezentu<\/strong>. Zbyt du\u017ce pude\u0142ko b\u0119dzie wygl\u0105da\u0142o niepowa\u017cnie.<\/p>\n<p>Najlepszy <strong>pomys\u0142 na prezent na komuni\u0119 dla dziewczynki to medalik lub bransoletka z motywem religijnym<\/strong>. W przypadku bi\u017cuterii pakowanie prezent\u00f3w na komuni\u0119 warto zacz\u0105\u0107 od wybrania woreczka z organzy lub satyny, a p\u00f3\u017aniej ozdobnego pude\u0142eczka, w kt\u00f3re j\u0105 zapakujesz.<\/p>\n<p>A co kupi\u0107 na komuni\u0119 dla ch\u0142opca? Na przyk\u0142ad zegarek, gad\u017cet technologiczny lub ozdobny plakat z wizerunkiem patrona.<\/p>\n<h2>Jak zapakowa\u0107 pieni\u0105dze na komuni\u0119?<\/h2>\n<div id=\"pakawidget1904\" class=\"pakawidget\"><\/div>\n<p><script async defer src=\"https:\/\/www.pakamera.pl\/widget\/widget2.min.js?id=1904&#038;type=20250331130331&#038;wwidth=1000\"><\/script><br \/>\nGot\u00f3wka to najpopularniejszy prezent komunijny. Nie mo\u017cesz jej jednak po prostu da\u0107 dziecku do r\u0119ki. <strong>Zadbaj o ozdobn\u0105 kopert\u0119<\/strong>, w kt\u00f3rej opr\u00f3cz pieni\u0119dzy znajdzie si\u0119 pi\u0119kna <a href=\"https:\/\/www.pakamera.pl\/kartka-na-komunie-0-t33970.htm\" target=\"_blank\" rel=\"noopener\">kartka na komuni\u0119<\/a> z w\u0142asnor\u0119cznie napisanymi \u017cyczeniami od serca. Zastanawiasz si\u0119 <a href=\"https:\/\/www.pakamera.pl\/magazyn\/co-napisac-i-jak-podpisac-kartke-komunijna\/\" target=\"_blank\" rel=\"noopener\">co napisa\u0107 na kartce komunijnej<\/a>? Pami\u0119taj, \u017ce warto doda\u0107 jaki\u015b osobisty aspekt do \u017cycze\u0144. Tym bardziej b\u0119dzie on mi\u0142\u0105 pami\u0105tk\u0105 za kilka lat.<\/p>\n<p><strong>Zamiast koperty, mo\u017cesz w\u0142o\u017cy\u0107 banknoty r\u00f3wnie\u017c do dekoracyjnego pude\u0142eczka<\/strong>, obok ma\u0142ej pami\u0105tki, np. r\u00f3\u017ca\u0144ca lub \u0142a\u0144cuszka z medalikiem. Ozd\u00f3b je kokard\u0105. Takie opakowanie zrobi znacznie lepsze wra\u017cenie ni\u017c prosta koperta.<\/p>\n<p>Je\u015bli nie chcesz, \u017ceby wszyscy widzieli, \u017ce dajesz dziecku pieni\u0105dze, podaruj mu ksi\u0105\u017ck\u0119. Kopert\u0119 w\u0142\u00f3\u017c do \u015brodka w formie eleganckiej zak\u0142adki. M\u0142oda osoba ucieszy si\u0119 z niespodzianki.<\/p>\n<p>Zastanawiasz si\u0119, <a href=\"https:\/\/www.pakamera.pl\/magazyn\/co-kupic-na-komunie-od-chrzestnej-pomysly-na-prezenty\/\" target=\"_blank\" rel=\"noopener\">jaki prezent na komuni\u0119 od chrzestnej<\/a> da\u0107, opr\u00f3cz pieni\u0119dzy? Pomy\u015bl o bi\u017cuterii, ozdobnym obrazku lub zegarku.<\/p>\n<p><a href=\"https:\/\/www.pakamera.pl\/komunia-0-2838.htm\" target=\"_blank\" rel=\"noopener\">Pierwsza Komunia<\/a> ma miejsce w \u017cyciu m\u0142odego cz\u0142owieka tylko raz. Postaraj si\u0119, \u017ceby zapami\u0119ta\u0142 j\u0105 jak najlepiej, i wybierz dla niego wspania\u0142y prezent od lokalnych tw\u00f3rc\u00f3w na Pakamera.pl.<\/p>\n","protected":false},"excerpt":{"rendered":"<p>Powiedzenie, \u017ce liczy si\u0119 wn\u0119trze, dotyczy zar\u00f3wno ludzi, jak i prezent\u00f3w, ale nie oszukujmy si\u0119: to opakowanie robi pierwsze wra\u017cenie. Zw\u0142aszcza gdy m\u00f3wimy o tym, jak zapakowa\u0107 prezent komunijny.<\/p>\n","protected":false},"author":18,"featured_media":13133,"comment_status":"closed","ping_status":"closed","sticky":false,"template":"","format":"standard","meta":{"footnotes":""},"categories":[4],"tags":[2373,1790,1789,2356,2485,1791,2371],"class_list":["post-13128","post","type-post","status-publish","format-standard","has-post-thumbnail","hentry","category-dziecko","tag-drewniane-zaproszenie-na-komunie","tag-komunia-sw","tag-komunia-swieta","tag-organizacja-komunii","tag-prezenty-na-komunie","tag-stylizacja-komunijna","tag-zaproszenie-na-komunie-dla-dziewczynki"],"yoast_head":"<!-- This site is optimized with the Yoast SEO plugin v21.6 - https:\/\/yoast.com\/wordpress\/plugins\/seo\/ -->\n<title>Jak zapakowa\u0107 prezent na komuni\u0119? Praktyczne porady - Magazyn Pakamera.pl<\/title>\n<meta name=\"description\" content=\"Zastanawiasz si\u0119 jak zapakowa\u0107 prezent na komuni\u0119? Zobacz nasze propozycje na idealne zapakowanie prezentu.\" \/>\n<meta name=\"robots\" content=\"index, follow\" \/>\n<link rel=\"canonical\" href=\"https:\/\/www.pakamera.pl\/magazyn\/jak-zapakowac-prezent-na-komunie-praktyczne-porady\/\" \/>\n<meta property=\"og:locale\" content=\"pl_PL\" \/>\n<meta property=\"og:type\" content=\"article\" \/>\n<meta property=\"og:title\" content=\"Jak zapakowa\u0107 prezent na komuni\u0119? Praktyczne porady - Magazyn Pakamera.pl\" \/>\n<meta property=\"og:description\" content=\"Zastanawiasz si\u0119 jak zapakowa\u0107 prezent na komuni\u0119? Zobacz nasze propozycje na idealne zapakowanie prezentu.\" \/>\n<meta property=\"og:url\" content=\"https:\/\/www.pakamera.pl\/magazyn\/jak-zapakowac-prezent-na-komunie-praktyczne-porady\/\" \/>\n<meta property=\"og:site_name\" content=\"Magazyn Pakamera.pl\" \/>\n<meta property=\"article:publisher\" content=\"https:\/\/facebook.com\/pakamerapl\" \/>\n<meta property=\"article:published_time\" content=\"2025-03-31T13:05:29+00:00\" \/>\n<meta property=\"article:modified_time\" content=\"2025-06-26T09:27:09+00:00\" \/>\n<meta property=\"og:image\" content=\"https:\/\/imgmag.pakamera.net\/2025\/03\/jak-zapakowac-prezent-na-komunie-praktyczne-porady-150118023880.jpg\" \/>\n\t<meta property=\"og:image:width\" content=\"1600\" \/>\n\t<meta property=\"og:image:height\" content=\"840\" \/>\n\t<meta property=\"og:image:type\" content=\"image\/jpeg\" \/>\n<meta name=\"author\" content=\"Joanna Miluk\" \/>\n<meta name=\"twitter:card\" content=\"summary_large_image\" \/>\n<meta name=\"twitter:label1\" content=\"Napisane przez\" \/>\n\t<meta name=\"twitter:data1\" content=\"Joanna Miluk\" \/>\n\t<meta name=\"twitter:label2\" content=\"Szacowany czas czytania\" \/>\n\t<meta name=\"twitter:data2\" content=\"5 minut\" \/>\n<script type=\"application\/ld+json\" class=\"yoast-schema-graph\">{\"@context\":\"https:\/\/schema.org\",\"@graph\":[{\"@type\":\"Article\",\"@id\":\"https:\/\/www.pakamera.pl\/magazyn\/jak-zapakowac-prezent-na-komunie-praktyczne-porady\/#article\",\"isPartOf\":{\"@id\":\"https:\/\/www.pakamera.pl\/magazyn\/jak-zapakowac-prezent-na-komunie-praktyczne-porady\/\"},\"author\":{\"name\":\"Joanna Miluk\",\"@id\":\"https:\/\/www.pakamera.pl\/magazyn\/#\/schema\/person\/2b133c04ac3d14aefde103d068e014d3\"},\"headline\":\"Jak zapakowa\u0107 prezent na komuni\u0119? Praktyczne porady\",\"datePublished\":\"2025-03-31T13:05:29+00:00\",\"dateModified\":\"2025-06-26T09:27:09+00:00\",\"mainEntityOfPage\":{\"@id\":\"https:\/\/www.pakamera.pl\/magazyn\/jak-zapakowac-prezent-na-komunie-praktyczne-porady\/\"},\"wordCount\":823,\"publisher\":{\"@id\":\"https:\/\/www.pakamera.pl\/magazyn\/#organization\"},\"keywords\":[\"drewniane zaproszenie na komuni\u0119\",\"komunia \u015bw\",\"komunia \u015bwi\u0119ta\",\"organizacja komunii\",\"prezenty na komuni\u0119\",\"stylizacja komunijna\",\"zaproszenie na komuni\u0119 dla dziewczynki\"],\"articleSection\":[\"Dziecko\"],\"inLanguage\":\"pl-PL\"},{\"@type\":\"WebPage\",\"@id\":\"https:\/\/www.pakamera.pl\/magazyn\/jak-zapakowac-prezent-na-komunie-praktyczne-porady\/\",\"url\":\"https:\/\/www.pakamera.pl\/magazyn\/jak-zapakowac-prezent-na-komunie-praktyczne-porady\/\",\"name\":\"Jak zapakowa\u0107 prezent na komuni\u0119? Praktyczne porady - Magazyn Pakamera.pl\",\"isPartOf\":{\"@id\":\"https:\/\/www.pakamera.pl\/magazyn\/#website\"},\"datePublished\":\"2025-03-31T13:05:29+00:00\",\"dateModified\":\"2025-06-26T09:27:09+00:00\",\"description\":\"Zastanawiasz si\u0119 jak zapakowa\u0107 prezent na komuni\u0119? Zobacz nasze propozycje na idealne zapakowanie prezentu.\",\"breadcrumb\":{\"@id\":\"https:\/\/www.pakamera.pl\/magazyn\/jak-zapakowac-prezent-na-komunie-praktyczne-porady\/#breadcrumb\"},\"inLanguage\":\"pl-PL\",\"potentialAction\":[{\"@type\":\"ReadAction\",\"target\":[\"https:\/\/www.pakamera.pl\/magazyn\/jak-zapakowac-prezent-na-komunie-praktyczne-porady\/\"]}]},{\"@type\":\"BreadcrumbList\",\"@id\":\"https:\/\/www.pakamera.pl\/magazyn\/jak-zapakowac-prezent-na-komunie-praktyczne-porady\/#breadcrumb\",\"itemListElement\":[{\"@type\":\"ListItem\",\"position\":1,\"name\":\"Magazyn\",\"item\":\"https:\/\/www.pakamera.pl\/magazyn\/\"},{\"@type\":\"ListItem\",\"position\":2,\"name\":\"Dziecko\",\"item\":\"https:\/\/www.pakamera.pl\/magazyn\/category\/dziecko\/\"},{\"@type\":\"ListItem\",\"position\":3,\"name\":\"Jak zapakowa\u0107 prezent na komuni\u0119? Praktyczne porady\"}]},{\"@type\":\"WebSite\",\"@id\":\"https:\/\/www.pakamera.pl\/magazyn\/#website\",\"url\":\"https:\/\/www.pakamera.pl\/magazyn\/\",\"name\":\"Magazyn Pakamera.pl\",\"description\":\"Sprawd\u017a najgor\u0119tsze tematy sezonu!\",\"publisher\":{\"@id\":\"https:\/\/www.pakamera.pl\/magazyn\/#organization\"},\"potentialAction\":[{\"@type\":\"SearchAction\",\"target\":{\"@type\":\"EntryPoint\",\"urlTemplate\":\"https:\/\/www.pakamera.pl\/magazyn\/?s={search_term_string}\"},\"query-input\":\"required name=search_term_string\"}],\"inLanguage\":\"pl-PL\"},{\"@type\":\"Organization\",\"@id\":\"https:\/\/www.pakamera.pl\/magazyn\/#organization\",\"name\":\"Pakamera.pl\",\"url\":\"https:\/\/www.pakamera.pl\/magazyn\/\",\"logo\":{\"@type\":\"ImageObject\",\"inLanguage\":\"pl-PL\",\"@id\":\"https:\/\/www.pakamera.pl\/magazyn\/#\/schema\/logo\/image\/\",\"url\":\"https:\/\/imgmag.pakamera.net\/2023\/11\/153455466619.png\",\"contentUrl\":\"https:\/\/imgmag.pakamera.net\/2023\/11\/153455466619.png\",\"width\":690,\"height\":140,\"caption\":\"Pakamera.pl\"},\"image\":{\"@id\":\"https:\/\/www.pakamera.pl\/magazyn\/#\/schema\/logo\/image\/\"},\"sameAs\":[\"https:\/\/facebook.com\/pakamerapl\",\"https:\/\/www.instagram.com\/pakamera\/\"]},{\"@type\":\"Person\",\"@id\":\"https:\/\/www.pakamera.pl\/magazyn\/#\/schema\/person\/2b133c04ac3d14aefde103d068e014d3\",\"name\":\"Joanna Miluk\",\"description\":\"Asia jest nasz\u0105 ekspertk\u0105 od spraw najm\u0142odszych. Ch\u0119tnie podejmuje tematy zar\u00f3wno mody dzieci\u0119cej jak i dzieci\u0119cych wn\u0119trz. Wiek dziecka nie jest dla niej przeszkod\u0105. Pomo\u017ce zar\u00f3wno skompletowa\u0107 wyprawk\u0119 dla niemowlaka jak i urz\u0105dzi\u0107 pok\u00f3j nastolatka.\"}]}<\/script>\n<!-- \/ Yoast SEO plugin. -->","yoast_head_json":{"title":"Jak zapakowa\u0107 prezent na komuni\u0119? Praktyczne porady - Magazyn Pakamera.pl","description":"Zastanawiasz si\u0119 jak zapakowa\u0107 prezent na komuni\u0119? Zobacz nasze propozycje na idealne zapakowanie prezentu.","robots":{"index":"index","follow":"follow"},"canonical":"https:\/\/www.pakamera.pl\/magazyn\/jak-zapakowac-prezent-na-komunie-praktyczne-porady\/","og_locale":"pl_PL","og_type":"article","og_title":"Jak zapakowa\u0107 prezent na komuni\u0119? Praktyczne porady - Magazyn Pakamera.pl","og_description":"Zastanawiasz si\u0119 jak zapakowa\u0107 prezent na komuni\u0119? Zobacz nasze propozycje na idealne zapakowanie prezentu.","og_url":"https:\/\/www.pakamera.pl\/magazyn\/jak-zapakowac-prezent-na-komunie-praktyczne-porady\/","og_site_name":"Magazyn Pakamera.pl","article_publisher":"https:\/\/facebook.com\/pakamerapl","article_published_time":"2025-03-31T13:05:29+00:00","article_modified_time":"2025-06-26T09:27:09+00:00","og_image":[{"width":1600,"height":840,"url":"https:\/\/imgmag.pakamera.net\/2025\/03\/jak-zapakowac-prezent-na-komunie-praktyczne-porady-150118023880.jpg","type":"image\/jpeg"}],"author":"Joanna Miluk","twitter_card":"summary_large_image","twitter_misc":{"Napisane przez":"Joanna Miluk","Szacowany czas czytania":"5 minut"},"schema":{"@context":"https:\/\/schema.org","@graph":[{"@type":"Article","@id":"https:\/\/www.pakamera.pl\/magazyn\/jak-zapakowac-prezent-na-komunie-praktyczne-porady\/#article","isPartOf":{"@id":"https:\/\/www.pakamera.pl\/magazyn\/jak-zapakowac-prezent-na-komunie-praktyczne-porady\/"},"author":{"name":"Joanna Miluk","@id":"https:\/\/www.pakamera.pl\/magazyn\/#\/schema\/person\/2b133c04ac3d14aefde103d068e014d3"},"headline":"Jak zapakowa\u0107 prezent na komuni\u0119? Praktyczne porady","datePublished":"2025-03-31T13:05:29+00:00","dateModified":"2025-06-26T09:27:09+00:00","mainEntityOfPage":{"@id":"https:\/\/www.pakamera.pl\/magazyn\/jak-zapakowac-prezent-na-komunie-praktyczne-porady\/"},"wordCount":823,"publisher":{"@id":"https:\/\/www.pakamera.pl\/magazyn\/#organization"},"keywords":["drewniane zaproszenie na komuni\u0119","komunia \u015bw","komunia \u015bwi\u0119ta","organizacja komunii","prezenty na komuni\u0119","stylizacja komunijna","zaproszenie na komuni\u0119 dla dziewczynki"],"articleSection":["Dziecko"],"inLanguage":"pl-PL"},{"@type":"WebPage","@id":"https:\/\/www.pakamera.pl\/magazyn\/jak-zapakowac-prezent-na-komunie-praktyczne-porady\/","url":"https:\/\/www.pakamera.pl\/magazyn\/jak-zapakowac-prezent-na-komunie-praktyczne-porady\/","name":"Jak zapakowa\u0107 prezent na komuni\u0119? Praktyczne porady - Magazyn Pakamera.pl","isPartOf":{"@id":"https:\/\/www.pakamera.pl\/magazyn\/#website"},"datePublished":"2025-03-31T13:05:29+00:00","dateModified":"2025-06-26T09:27:09+00:00","description":"Zastanawiasz si\u0119 jak zapakowa\u0107 prezent na komuni\u0119? Zobacz nasze propozycje na idealne zapakowanie prezentu.","breadcrumb":{"@id":"https:\/\/www.pakamera.pl\/magazyn\/jak-zapakowac-prezent-na-komunie-praktyczne-porady\/#breadcrumb"},"inLanguage":"pl-PL","potentialAction":[{"@type":"ReadAction","target":["https:\/\/www.pakamera.pl\/magazyn\/jak-zapakowac-prezent-na-komunie-praktyczne-porady\/"]}]},{"@type":"BreadcrumbList","@id":"https:\/\/www.pakamera.pl\/magazyn\/jak-zapakowac-prezent-na-komunie-praktyczne-porady\/#breadcrumb","itemListElement":[{"@type":"ListItem","position":1,"name":"Magazyn","item":"https:\/\/www.pakamera.pl\/magazyn\/"},{"@type":"ListItem","position":2,"name":"Dziecko","item":"https:\/\/www.pakamera.pl\/magazyn\/category\/dziecko\/"},{"@type":"ListItem","position":3,"name":"Jak zapakowa\u0107 prezent na komuni\u0119? Praktyczne porady"}]},{"@type":"WebSite","@id":"https:\/\/www.pakamera.pl\/magazyn\/#website","url":"https:\/\/www.pakamera.pl\/magazyn\/","name":"Magazyn Pakamera.pl","description":"Sprawd\u017a najgor\u0119tsze tematy sezonu!","publisher":{"@id":"https:\/\/www.pakamera.pl\/magazyn\/#organization"},"potentialAction":[{"@type":"SearchAction","target":{"@type":"EntryPoint","urlTemplate":"https:\/\/www.pakamera.pl\/magazyn\/?s={search_term_string}"},"query-input":"required name=search_term_string"}],"inLanguage":"pl-PL"},{"@type":"Organization","@id":"https:\/\/www.pakamera.pl\/magazyn\/#organization","name":"Pakamera.pl","url":"https:\/\/www.pakamera.pl\/magazyn\/","logo":{"@type":"ImageObject","inLanguage":"pl-PL","@id":"https:\/\/www.pakamera.pl\/magazyn\/#\/schema\/logo\/image\/","url":"https:\/\/imgmag.pakamera.net\/2023\/11\/153455466619.png","contentUrl":"https:\/\/imgmag.pakamera.net\/2023\/11\/153455466619.png","width":690,"height":140,"caption":"Pakamera.pl"},"image":{"@id":"https:\/\/www.pakamera.pl\/magazyn\/#\/schema\/logo\/image\/"},"sameAs":["https:\/\/facebook.com\/pakamerapl","https:\/\/www.instagram.com\/pakamera\/"]},{"@type":"Person","@id":"https:\/\/www.pakamera.pl\/magazyn\/#\/schema\/person\/2b133c04ac3d14aefde103d068e014d3","name":"Joanna Miluk","description":"Asia jest nasz\u0105 ekspertk\u0105 od spraw najm\u0142odszych. Ch\u0119tnie podejmuje tematy zar\u00f3wno mody dzieci\u0119cej jak i dzieci\u0119cych wn\u0119trz. Wiek dziecka nie jest dla niej przeszkod\u0105. Pomo\u017ce zar\u00f3wno skompletowa\u0107 wyprawk\u0119 dla niemowlaka jak i urz\u0105dzi\u0107 pok\u00f3j nastolatka."}]}},"_links":{"self":[{"href":"https:\/\/www.pakamera.pl\/magazyn\/wp-json\/wp\/v2\/posts\/13128","targetHints":{"allow":["GET"]}}],"collection":[{"href":"https:\/\/www.pakamera.pl\/magazyn\/wp-json\/wp\/v2\/posts"}],"about":[{"href":"https:\/\/www.pakamera.pl\/magazyn\/wp-json\/wp\/v2\/types\/post"}],"author":[{"embeddable":true,"href":"https:\/\/www.pakamera.pl\/magazyn\/wp-json\/wp\/v2\/users\/18"}],"replies":[{"embeddable":true,"href":"https:\/\/www.pakamera.pl\/magazyn\/wp-json\/wp\/v2\/comments?post=13128"}],"version-history":[{"count":3,"href":"https:\/\/www.pakamera.pl\/magazyn\/wp-json\/wp\/v2\/posts\/13128\/revisions"}],"predecessor-version":[{"id":13571,"href":"https:\/\/www.pakamera.pl\/magazyn\/wp-json\/wp\/v2\/posts\/13128\/revisions\/13571"}],"wp:featuredmedia":[{"embeddable":true,"href":"https:\/\/www.pakamera.pl\/magazyn\/wp-json\/wp\/v2\/media\/13133"}],"wp:attachment":[{"href":"https:\/\/www.pakamera.pl\/magazyn\/wp-json\/wp\/v2\/media?parent=13128"}],"wp:term":[{"taxonomy":"category","embeddable":true,"href":"https:\/\/www.pakamera.pl\/magazyn\/wp-json\/wp\/v2\/categories?post=13128"},{"taxonomy":"post_tag","embeddable":true,"href":"https:\/\/www.pakamera.pl\/magazyn\/wp-json\/wp\/v2\/tags?post=13128"}],"curies":[{"name":"wp","href":"https:\/\/api.w.org\/{rel}","templated":true}]}}