{"id":13121,"date":"2025-03-29T10:04:32","date_gmt":"2025-03-29T09:04:32","guid":{"rendered":"https:\/\/www.pakamera.pl\/magazyn\/?p=13121"},"modified":"2025-03-28T14:24:55","modified_gmt":"2025-03-28T13:24:55","slug":"jak-ubrac-chlopca-na-komunie-wygodne-i-eleganckie-zestawy","status":"publish","type":"post","link":"https:\/\/www.pakamera.pl\/magazyn\/jak-ubrac-chlopca-na-komunie-wygodne-i-eleganckie-zestawy\/","title":{"rendered":"Jak ubra\u0107 ch\u0142opca na komuni\u0119? Wygodne i eleganckie zestawy"},"content":{"rendered":"<p><strong>Nawet nie wiesz, kiedy Tw\u00f3j niemowlak sta\u0142 si\u0119 uczniem, a ju\u017c musisz si\u0119 zastanawia\u0107, jak ubra\u0107 ch\u0142opca na komuni\u0119? A mo\u017ce dostali\u015bcie razem z synem zaproszenie na \u015bwi\u0119to kuzyna lub kolegi? Ta wzruszaj\u0105ca uroczysto\u015b\u0107 powinna pozosta\u0107 wolna od zamartwiania si\u0119 o dob\u00f3r stroju, dlatego przeczytaj poradnik i zaplanuj wszystko do ostatniego szczeg\u00f3\u0142u.<\/strong><\/p>\n<p><!--more--><\/p>\n<figure id=\"attachment_13125\" aria-describedby=\"caption-attachment-13125\" style=\"width: 1600px\" class=\"wp-caption alignnone\"><img loading=\"lazy\" decoding=\"async\" class=\"wp-image-13125 size-full\" src=\"https:\/\/imgmag.pakamera.net\/2025\/03\/jak-ubrac-chlopca-na-komunie-wygodne-i-eleganckie-zestawy-141932313878.jpg\" alt=\"Jak ubra\u0107 ch\u0142opca na komuni\u0119? Wygodne i eleganckie zestawy\" width=\"1600\" height=\"840\" \/><figcaption id=\"caption-attachment-13125\" class=\"wp-caption-text\">Marynarka dla ch\u0142opca granatowa \/ PAPUSIA \/ www.pakamera.pl<\/figcaption><\/figure>\n<p>Je\u015bli zaczniesz przygotowania ju\u017c teraz, w maju ominie Ci\u0119 nerwowa bieganina po sklepach. A w dzie\u0144 <a href=\"https:\/\/www.pakamera.pl\/komunia-0-2838.htm\" target=\"_blank\" rel=\"noopener\">Komunii \u015awi\u0119tej<\/a> b\u0119dziesz mog\u0142a zrelaksowa\u0107 si\u0119, wiedz\u0105c, \u017ce Twoja pociecha jest ubrana elegancko i wygodnie.<\/p>\n<h2>Jaki powinien by\u0107 str\u00f3j na komuni\u0119 dla ch\u0142opca?<\/h2>\n<p>Pierwsza komunia to radosna uroczysto\u015b\u0107, na kt\u00f3rej Twoje <strong>dziecko powinno czu\u0107 si\u0119 swobodnie, a nie skr\u0119powane niewygodnymi ubraniami<\/strong>, dlatego wybieraj\u0105c str\u00f3j dla ch\u0142opca do komunii, we\u017a pod uwag\u0119 jego wygod\u0119. W tym zadaniu pomog\u0105 Ci <strong>bawe\u0142na i len, czyli naturalne materia\u0142y<\/strong>, kt\u00f3re oddychaj\u0105 i dobrze wypadaj\u0105 na zdj\u0119ciach.<\/p>\n<p>Majowe uroczysto\u015bci potrafi\u0105 by\u0107 naprawd\u0119 ciep\u0142e. Nierzadko na dworze panuje ju\u017c dwudziestokilkustopniowy upa\u0142, wi\u0119c grube tkaniny nie b\u0119d\u0105 dobrym wyborem. Jednocze\u015bnie trzeba zadba\u0107 o dodatkow\u0105 warstw\u0119 chroni\u0105c\u0105 przed deszczem i ch\u0142odnym wieczorem. I jeszcze jedno: <strong>je\u015bli wybierasz, w co ubra\u0107 ch\u0142opca na komuni\u0119 jako go\u015b\u0107, wybierz ubrania, kt\u00f3re pos\u0142u\u017c\u0105 jeszcze podczas innych uroczysto\u015bci<\/strong>, np. \u015blub\u00f3w, chrzcin lub Wielkanocy.<\/p>\n<div id=\"pakawidget1901\" class=\"pakawidget\"><\/div>\n<p><script async defer src=\"https:\/\/www.pakamera.pl\/widget\/widget2.min.js?id=1901&#038;type=20250328120407&#038;wwidth=1000\"><\/script><\/p>\n<h2>Jak ubra\u0107 ch\u0142opca do pierwszej komunii?<\/h2>\n<p><strong>Tradycyjny str\u00f3j do komunii dla ch\u0142opca to bia\u0142a alba z d\u0142ugimi r\u0119kawami lub nieco kr\u00f3tsza kom\u017ca<\/strong>. W wi\u0119kszo\u015bci parafii jest to obowi\u0105zkowy ubi\u00f3r, poniewa\u017c symbolizuje czysto\u015bci i niewinno\u015b\u0107, a na dodatek jednolicie prezentuje si\u0119 na zdj\u0119ciach.<\/p>\n<p>Je\u015bli w\u0142a\u015bnie taki dress code obowi\u0105zuje w Twojej parafii, pozostaje Ci tylko wyb\u00f3r, co za\u0142o\u017cy\u0107 synowi pod sp\u00f3d i na przyj\u0119cie rodzinne, czyli jaka koszula, <a href=\"https:\/\/www.pakamera.pl\/chlopiec-spodnie-0-2480.htm\" target=\"_blank\" rel=\"noopener\">spodnie dla ch\u0142opc\u00f3w<\/a> i buty b\u0119d\u0105 odpowiednie. W nielicznych ko\u015bcio\u0142ach panuje wi\u0119ksza dowolno\u015b\u0107 i wtedy mo\u017cesz zastanowi\u0107 si\u0119, jak modnie ubra\u0107 ch\u0142opca na komuni\u0119. W tym celu b\u0119dziesz potrzebowa\u0142a pe\u0142nego garnituru dla swojej pociechy. <strong>Tw\u00f3j syn najprawdopodobniej w\u0142o\u017cy garnitur po raz pierwszy, wi\u0119c wybierz co\u015b, co mu si\u0119 spodoba, \u017ceby stworzy\u0107 pi\u0119kne wspomnienia<\/strong>.<\/p>\n<h2>Jak ubra\u0107 ch\u0142opca na komuni\u0119 pod alb\u0119?<\/h2>\n<figure id=\"attachment_13126\" aria-describedby=\"caption-attachment-13126\" style=\"width: 1600px\" class=\"wp-caption alignnone\"><img loading=\"lazy\" decoding=\"async\" class=\"wp-image-13126 size-full\" src=\"https:\/\/imgmag.pakamera.net\/2025\/03\/jak-ubrac-chlopca-na-komunie-wygodne-i-eleganckie-zestawy-142027647815.jpg\" alt=\"bluza jak garnitur dla ch\u0142opca\" width=\"1600\" height=\"840\" \/><figcaption id=\"caption-attachment-13126\" class=\"wp-caption-text\">Bluza dresowa &#8222;ala marynarka&#8221; czarna \/ Ynlow \/ www.pakamera.pl<\/figcaption><\/figure>\n<p>Mo\u017cesz zdecydowa\u0107 si\u0119 na garnitur, nawet je\u015bli w Twojej parafii ch\u0142opcy maj\u0105 obowi\u0105zek stawienia si\u0119 w albie. Wtedy id\u0105ce do komunii dziecko mo\u017ce za\u0142o\u017cy\u0107 bia\u0142\u0105 koszul\u0119 i czarne lub granatowe spodnie pod oficjalny str\u00f3j, a marynark\u0119 i ewentualn\u0105 kamizelk\u0119 zarzuci\u0107 na siebie ju\u017c na przyj\u0119ciu rodzinnym.<\/p>\n<p>Skoro om\u00f3wili\u015bmy ju\u017c, jak ubra\u0107 ch\u0142opca do komunii, nadszed\u0142 czas na akcesoria, a przede wszystkim <strong>czarne lub granatowe buty<\/strong>. Powinny one by\u0107 wykonane z naturalnej lub sztucznej sk\u00f3ry, poniewa\u017c te materia\u0142y najlepiej dostosowuj\u0105 si\u0119 do kszta\u0142tu stopy i nie uwieraj\u0105, a na dodatek wygl\u0105daj\u0105 reprezentacyjnie.<\/p>\n<h2>Jak ubra\u0107 ch\u0142opca na komuni\u0119 pod alb\u0119?<\/h2>\n<p>Co ubra\u0107 ch\u0142opcu pod alb\u0119? <strong>B\u0119dziesz potrzebowa\u0142a bia\u0142ej koszuli, najlepiej takiej dopasowanej do sylwetki i z d\u0142ugimi r\u0119kawami<\/strong>. Wa\u017cne, \u017ceby by\u0142a mi\u0119kka, dopasowana do sylwetki i oddychaj\u0105ca. Z kolei <strong>na d\u00f3\u0142 warto za\u0142o\u017cy\u0107 spodnie z kantem w kolorze czarnym lub granatowym<\/strong>.<\/p>\n<p><strong>Dla wygody ch\u0142opca przygotuj dodatkow\u0105 marynark\u0119, kt\u00f3r\u0105 b\u0119dzie m\u00f3g\u0142 za\u0142o\u017cy\u0107 na siebie po uroczysto\u015bci<\/strong>. Dzi\u0119ki temu nie b\u0119dzie musia\u0142 si\u0119 przebiera\u0107 kilka razy w ci\u0105gu dnia. \u017beby dziecko poczu\u0142o si\u0119 tego dnia jak ma\u0142y d\u017centelmen, podaruj mu krawat lub muszk\u0119.<\/p>\n<p>Masz c\u00f3rk\u0119, kt\u00f3ra idzie do komunii w tym roku? Zobacz <a href=\"https:\/\/www.pakamera.pl\/magazyn\/jak-ubrac-dziewczynke-na-komunie-modne-i-gustowne-zestawy\/\" target=\"_blank\" rel=\"noopener\">jak ubra\u0107 dziewczynk\u0119 na komuni\u0119<\/a>.<\/p>\n<div id=\"pakawidget1902\" class=\"pakawidget\"><\/div>\n<p><script async defer src=\"https:\/\/www.pakamera.pl\/widget\/widget2.min.js?id=1902&#038;type=20250328122508&#038;wwidth=1000\"><\/script><\/p>\n<h2>W co ubra\u0107 ch\u0142opca na komuni\u0119 jako go\u015b\u0107?<\/h2>\n<p><strong>Najcz\u0119\u015bciej wybieranym elementem stroju komunijnego jest szary lub granatowy garnitur<\/strong>. Ma on mn\u00f3stwo zalet: zapewnia ciep\u0142o w majow\u0105 pogod\u0119, wygl\u0105da elegancko i daje dziecku poczucie, \u017ce jest ubrane \u201epo doros\u0142emu\u201d. Dobry garnitur pasuje na wiele uroczysto\u015bci rodzinnych, wi\u0119c dop\u00f3ki Twoja pociecha z niego nie wyro\u015bnie, b\u0119dzie mog\u0142a go nosi\u0107. <strong>Zgodnie ze zwyczajem spodnie powinny by\u0107 dopasowane kolorystycznie do marynarki<\/strong>. Nie mog\u0105 by\u0107 zbyt ciasne ani zbyt lu\u017ane. Mog\u0105 by\u0107 w kant, ale nie musz\u0105.<\/p>\n<p>Jak ubra\u0107 ch\u0142opca na komuni\u0119 jako go\u015b\u0107? <strong>Pod garnitur za\u0142\u00f3\u017c mu jasn\u0105 (najlepiej bia\u0142\u0105 koszul\u0119) z przewiewnej bawe\u0142ny<\/strong>, <strong>a pod sp\u00f3d dodatkowy podkoszulek<\/strong>. Tak ubrane dziecko nie b\u0119dzie odczuwa\u0142o dyskomfortu podczas stania w ko\u015bciele i p\u00f3\u017aniejszych uroczysto\u015bci.<\/p>\n<p><strong>Je\u015bli Twoje dziecko nie ma ochoty zak\u0142ada\u0107 pe\u0142nego garnituru, zaproponuj mu koszul\u0119, kamizelk\u0119 i spodnie<\/strong>. Taki zestaw b\u0119dzie \u015bwietnie si\u0119 prezentowa\u0142 podczas ceremonii i na przyj\u0119ciu. Na wypadek, gdyby majowa pogoda okaza\u0142a si\u0119 wyj\u0105tkowo kapry\u015bna, zabierz ze sob\u0105 ciep\u0142y sweter.<\/p>\n<p>Om\u00f3wili\u015bmy ju\u017c <a href=\"https:\/\/www.pakamera.pl\/chlopiec-0-2473.htm\" target=\"_blank\" rel=\"noopener\">ubrania dla ch\u0142opca<\/a>, teraz czas na <strong>akcesoria, kt\u00f3re decyduj\u0105 o ca\u0142o\u015bciowym odbiorze stroju. Buty powinny by\u0107 czarne lub granatowe<\/strong> i wykonane z jako\u015bciowych materia\u0142\u00f3w. Do tego za\u0142\u00f3\u017c m\u0142odzie\u0144cowi <strong>much\u0119 lub krawat pasuj\u0105ce kolorystycznie do garnituru<\/strong>.<\/p>\n<p>Masz ju\u017c str\u00f3j dla ch\u0142opca, ale zastanawiasz si\u0119, jak si\u0119 ubra\u0107 na komuni\u0119, \u017ceby wygl\u0105da\u0107 r\u00f3wnie elegancko co on? Odwied\u017a Pakamera.pl i wybierz co\u015b dla siebie.<\/p>\n","protected":false},"excerpt":{"rendered":"<p>Nawet nie wiesz, kiedy Tw\u00f3j niemowlak sta\u0142 si\u0119 uczniem, a ju\u017c musisz si\u0119 zastanawia\u0107, jak ubra\u0107 ch\u0142opca na komuni\u0119? A mo\u017ce dostali\u015bcie razem z synem zaproszenie na \u015bwi\u0119to kuzyna lub<span class=\"more-dots\">&#8230;<\/span><\/p>\n","protected":false},"author":18,"featured_media":13125,"comment_status":"closed","ping_status":"closed","sticky":false,"template":"","format":"standard","meta":{"footnotes":""},"categories":[4],"tags":[2373,1790,1789,2356,2485,1791,2371],"class_list":["post-13121","post","type-post","status-publish","format-standard","has-post-thumbnail","hentry","category-dziecko","tag-drewniane-zaproszenie-na-komunie","tag-komunia-sw","tag-komunia-swieta","tag-organizacja-komunii","tag-prezenty-na-komunie","tag-stylizacja-komunijna","tag-zaproszenie-na-komunie-dla-dziewczynki"],"yoast_head":"<!-- This site is optimized with the Yoast SEO plugin v21.6 - https:\/\/yoast.com\/wordpress\/plugins\/seo\/ -->\n<title>Jak ubra\u0107 ch\u0142opca na komuni\u0119? Wygodne i eleganckie zestawy - Magazyn Pakamera.pl<\/title>\n<meta name=\"description\" content=\"Zastanawiasz si\u0119 jak ubra\u0107 ch\u0142opca na komuni\u0119? Zobacz nasze propozycje zar\u00f3wno do ko\u015bcio\u0142a jak i na przyj\u0119cie komunijne.\" \/>\n<meta name=\"robots\" content=\"index, follow\" \/>\n<link rel=\"canonical\" href=\"https:\/\/www.pakamera.pl\/magazyn\/jak-ubrac-chlopca-na-komunie-wygodne-i-eleganckie-zestawy\/\" \/>\n<meta property=\"og:locale\" content=\"pl_PL\" \/>\n<meta property=\"og:type\" content=\"article\" \/>\n<meta property=\"og:title\" content=\"Jak ubra\u0107 ch\u0142opca na komuni\u0119? Wygodne i eleganckie zestawy - Magazyn Pakamera.pl\" \/>\n<meta property=\"og:description\" content=\"Zastanawiasz si\u0119 jak ubra\u0107 ch\u0142opca na komuni\u0119? Zobacz nasze propozycje zar\u00f3wno do ko\u015bcio\u0142a jak i na przyj\u0119cie komunijne.\" \/>\n<meta property=\"og:url\" content=\"https:\/\/www.pakamera.pl\/magazyn\/jak-ubrac-chlopca-na-komunie-wygodne-i-eleganckie-zestawy\/\" \/>\n<meta property=\"og:site_name\" content=\"Magazyn Pakamera.pl\" \/>\n<meta property=\"article:publisher\" content=\"https:\/\/facebook.com\/pakamerapl\" \/>\n<meta property=\"article:published_time\" content=\"2025-03-29T09:04:32+00:00\" \/>\n<meta property=\"article:modified_time\" content=\"2025-03-28T13:24:55+00:00\" \/>\n<meta property=\"og:image\" content=\"https:\/\/imgmag.pakamera.net\/2025\/03\/jak-ubrac-chlopca-na-komunie-wygodne-i-eleganckie-zestawy-141932313878.jpg\" \/>\n\t<meta property=\"og:image:width\" content=\"1600\" \/>\n\t<meta property=\"og:image:height\" content=\"840\" \/>\n\t<meta property=\"og:image:type\" content=\"image\/jpeg\" \/>\n<meta name=\"author\" content=\"Joanna Miluk\" \/>\n<meta name=\"twitter:card\" content=\"summary_large_image\" \/>\n<meta name=\"twitter:label1\" content=\"Napisane przez\" \/>\n\t<meta name=\"twitter:data1\" content=\"Joanna Miluk\" \/>\n\t<meta name=\"twitter:label2\" content=\"Szacowany czas czytania\" \/>\n\t<meta name=\"twitter:data2\" content=\"6 minut\" \/>\n<script type=\"application\/ld+json\" class=\"yoast-schema-graph\">{\"@context\":\"https:\/\/schema.org\",\"@graph\":[{\"@type\":\"Article\",\"@id\":\"https:\/\/www.pakamera.pl\/magazyn\/jak-ubrac-chlopca-na-komunie-wygodne-i-eleganckie-zestawy\/#article\",\"isPartOf\":{\"@id\":\"https:\/\/www.pakamera.pl\/magazyn\/jak-ubrac-chlopca-na-komunie-wygodne-i-eleganckie-zestawy\/\"},\"author\":{\"name\":\"Joanna Miluk\",\"@id\":\"https:\/\/www.pakamera.pl\/magazyn\/#\/schema\/person\/2b133c04ac3d14aefde103d068e014d3\"},\"headline\":\"Jak ubra\u0107 ch\u0142opca na komuni\u0119? Wygodne i eleganckie zestawy\",\"datePublished\":\"2025-03-29T09:04:32+00:00\",\"dateModified\":\"2025-03-28T13:24:55+00:00\",\"mainEntityOfPage\":{\"@id\":\"https:\/\/www.pakamera.pl\/magazyn\/jak-ubrac-chlopca-na-komunie-wygodne-i-eleganckie-zestawy\/\"},\"wordCount\":950,\"publisher\":{\"@id\":\"https:\/\/www.pakamera.pl\/magazyn\/#organization\"},\"keywords\":[\"drewniane zaproszenie na komuni\u0119\",\"komunia \u015bw\",\"komunia \u015bwi\u0119ta\",\"organizacja komunii\",\"prezenty na komuni\u0119\",\"stylizacja komunijna\",\"zaproszenie na komuni\u0119 dla dziewczynki\"],\"articleSection\":[\"Dziecko\"],\"inLanguage\":\"pl-PL\"},{\"@type\":\"WebPage\",\"@id\":\"https:\/\/www.pakamera.pl\/magazyn\/jak-ubrac-chlopca-na-komunie-wygodne-i-eleganckie-zestawy\/\",\"url\":\"https:\/\/www.pakamera.pl\/magazyn\/jak-ubrac-chlopca-na-komunie-wygodne-i-eleganckie-zestawy\/\",\"name\":\"Jak ubra\u0107 ch\u0142opca na komuni\u0119? Wygodne i eleganckie zestawy - Magazyn Pakamera.pl\",\"isPartOf\":{\"@id\":\"https:\/\/www.pakamera.pl\/magazyn\/#website\"},\"datePublished\":\"2025-03-29T09:04:32+00:00\",\"dateModified\":\"2025-03-28T13:24:55+00:00\",\"description\":\"Zastanawiasz si\u0119 jak ubra\u0107 ch\u0142opca na komuni\u0119? Zobacz nasze propozycje zar\u00f3wno do ko\u015bcio\u0142a jak i na przyj\u0119cie komunijne.\",\"breadcrumb\":{\"@id\":\"https:\/\/www.pakamera.pl\/magazyn\/jak-ubrac-chlopca-na-komunie-wygodne-i-eleganckie-zestawy\/#breadcrumb\"},\"inLanguage\":\"pl-PL\",\"potentialAction\":[{\"@type\":\"ReadAction\",\"target\":[\"https:\/\/www.pakamera.pl\/magazyn\/jak-ubrac-chlopca-na-komunie-wygodne-i-eleganckie-zestawy\/\"]}]},{\"@type\":\"BreadcrumbList\",\"@id\":\"https:\/\/www.pakamera.pl\/magazyn\/jak-ubrac-chlopca-na-komunie-wygodne-i-eleganckie-zestawy\/#breadcrumb\",\"itemListElement\":[{\"@type\":\"ListItem\",\"position\":1,\"name\":\"Magazyn\",\"item\":\"https:\/\/www.pakamera.pl\/magazyn\/\"},{\"@type\":\"ListItem\",\"position\":2,\"name\":\"Dziecko\",\"item\":\"https:\/\/www.pakamera.pl\/magazyn\/category\/dziecko\/\"},{\"@type\":\"ListItem\",\"position\":3,\"name\":\"Jak ubra\u0107 ch\u0142opca na komuni\u0119? Wygodne i eleganckie zestawy\"}]},{\"@type\":\"WebSite\",\"@id\":\"https:\/\/www.pakamera.pl\/magazyn\/#website\",\"url\":\"https:\/\/www.pakamera.pl\/magazyn\/\",\"name\":\"Magazyn Pakamera.pl\",\"description\":\"Sprawd\u017a najgor\u0119tsze tematy sezonu!\",\"publisher\":{\"@id\":\"https:\/\/www.pakamera.pl\/magazyn\/#organization\"},\"potentialAction\":[{\"@type\":\"SearchAction\",\"target\":{\"@type\":\"EntryPoint\",\"urlTemplate\":\"https:\/\/www.pakamera.pl\/magazyn\/?s={search_term_string}\"},\"query-input\":\"required name=search_term_string\"}],\"inLanguage\":\"pl-PL\"},{\"@type\":\"Organization\",\"@id\":\"https:\/\/www.pakamera.pl\/magazyn\/#organization\",\"name\":\"Pakamera.pl\",\"url\":\"https:\/\/www.pakamera.pl\/magazyn\/\",\"logo\":{\"@type\":\"ImageObject\",\"inLanguage\":\"pl-PL\",\"@id\":\"https:\/\/www.pakamera.pl\/magazyn\/#\/schema\/logo\/image\/\",\"url\":\"https:\/\/imgmag.pakamera.net\/2023\/11\/153455466619.png\",\"contentUrl\":\"https:\/\/imgmag.pakamera.net\/2023\/11\/153455466619.png\",\"width\":690,\"height\":140,\"caption\":\"Pakamera.pl\"},\"image\":{\"@id\":\"https:\/\/www.pakamera.pl\/magazyn\/#\/schema\/logo\/image\/\"},\"sameAs\":[\"https:\/\/facebook.com\/pakamerapl\",\"https:\/\/www.instagram.com\/pakamera\/\"]},{\"@type\":\"Person\",\"@id\":\"https:\/\/www.pakamera.pl\/magazyn\/#\/schema\/person\/2b133c04ac3d14aefde103d068e014d3\",\"name\":\"Joanna Miluk\",\"description\":\"Asia jest nasz\u0105 ekspertk\u0105 od spraw najm\u0142odszych. Ch\u0119tnie podejmuje tematy zar\u00f3wno mody dzieci\u0119cej jak i dzieci\u0119cych wn\u0119trz. Wiek dziecka nie jest dla niej przeszkod\u0105. Pomo\u017ce zar\u00f3wno skompletowa\u0107 wyprawk\u0119 dla niemowlaka jak i urz\u0105dzi\u0107 pok\u00f3j nastolatka.\"}]}<\/script>\n<!-- \/ Yoast SEO plugin. -->","yoast_head_json":{"title":"Jak ubra\u0107 ch\u0142opca na komuni\u0119? Wygodne i eleganckie zestawy - Magazyn Pakamera.pl","description":"Zastanawiasz si\u0119 jak ubra\u0107 ch\u0142opca na komuni\u0119? Zobacz nasze propozycje zar\u00f3wno do ko\u015bcio\u0142a jak i na przyj\u0119cie komunijne.","robots":{"index":"index","follow":"follow"},"canonical":"https:\/\/www.pakamera.pl\/magazyn\/jak-ubrac-chlopca-na-komunie-wygodne-i-eleganckie-zestawy\/","og_locale":"pl_PL","og_type":"article","og_title":"Jak ubra\u0107 ch\u0142opca na komuni\u0119? Wygodne i eleganckie zestawy - Magazyn Pakamera.pl","og_description":"Zastanawiasz si\u0119 jak ubra\u0107 ch\u0142opca na komuni\u0119? Zobacz nasze propozycje zar\u00f3wno do ko\u015bcio\u0142a jak i na przyj\u0119cie komunijne.","og_url":"https:\/\/www.pakamera.pl\/magazyn\/jak-ubrac-chlopca-na-komunie-wygodne-i-eleganckie-zestawy\/","og_site_name":"Magazyn Pakamera.pl","article_publisher":"https:\/\/facebook.com\/pakamerapl","article_published_time":"2025-03-29T09:04:32+00:00","article_modified_time":"2025-03-28T13:24:55+00:00","og_image":[{"width":1600,"height":840,"url":"https:\/\/imgmag.pakamera.net\/2025\/03\/jak-ubrac-chlopca-na-komunie-wygodne-i-eleganckie-zestawy-141932313878.jpg","type":"image\/jpeg"}],"author":"Joanna Miluk","twitter_card":"summary_large_image","twitter_misc":{"Napisane przez":"Joanna Miluk","Szacowany czas czytania":"6 minut"},"schema":{"@context":"https:\/\/schema.org","@graph":[{"@type":"Article","@id":"https:\/\/www.pakamera.pl\/magazyn\/jak-ubrac-chlopca-na-komunie-wygodne-i-eleganckie-zestawy\/#article","isPartOf":{"@id":"https:\/\/www.pakamera.pl\/magazyn\/jak-ubrac-chlopca-na-komunie-wygodne-i-eleganckie-zestawy\/"},"author":{"name":"Joanna Miluk","@id":"https:\/\/www.pakamera.pl\/magazyn\/#\/schema\/person\/2b133c04ac3d14aefde103d068e014d3"},"headline":"Jak ubra\u0107 ch\u0142opca na komuni\u0119? Wygodne i eleganckie zestawy","datePublished":"2025-03-29T09:04:32+00:00","dateModified":"2025-03-28T13:24:55+00:00","mainEntityOfPage":{"@id":"https:\/\/www.pakamera.pl\/magazyn\/jak-ubrac-chlopca-na-komunie-wygodne-i-eleganckie-zestawy\/"},"wordCount":950,"publisher":{"@id":"https:\/\/www.pakamera.pl\/magazyn\/#organization"},"keywords":["drewniane zaproszenie na komuni\u0119","komunia \u015bw","komunia \u015bwi\u0119ta","organizacja komunii","prezenty na komuni\u0119","stylizacja komunijna","zaproszenie na komuni\u0119 dla dziewczynki"],"articleSection":["Dziecko"],"inLanguage":"pl-PL"},{"@type":"WebPage","@id":"https:\/\/www.pakamera.pl\/magazyn\/jak-ubrac-chlopca-na-komunie-wygodne-i-eleganckie-zestawy\/","url":"https:\/\/www.pakamera.pl\/magazyn\/jak-ubrac-chlopca-na-komunie-wygodne-i-eleganckie-zestawy\/","name":"Jak ubra\u0107 ch\u0142opca na komuni\u0119? Wygodne i eleganckie zestawy - Magazyn Pakamera.pl","isPartOf":{"@id":"https:\/\/www.pakamera.pl\/magazyn\/#website"},"datePublished":"2025-03-29T09:04:32+00:00","dateModified":"2025-03-28T13:24:55+00:00","description":"Zastanawiasz si\u0119 jak ubra\u0107 ch\u0142opca na komuni\u0119? Zobacz nasze propozycje zar\u00f3wno do ko\u015bcio\u0142a jak i na przyj\u0119cie komunijne.","breadcrumb":{"@id":"https:\/\/www.pakamera.pl\/magazyn\/jak-ubrac-chlopca-na-komunie-wygodne-i-eleganckie-zestawy\/#breadcrumb"},"inLanguage":"pl-PL","potentialAction":[{"@type":"ReadAction","target":["https:\/\/www.pakamera.pl\/magazyn\/jak-ubrac-chlopca-na-komunie-wygodne-i-eleganckie-zestawy\/"]}]},{"@type":"BreadcrumbList","@id":"https:\/\/www.pakamera.pl\/magazyn\/jak-ubrac-chlopca-na-komunie-wygodne-i-eleganckie-zestawy\/#breadcrumb","itemListElement":[{"@type":"ListItem","position":1,"name":"Magazyn","item":"https:\/\/www.pakamera.pl\/magazyn\/"},{"@type":"ListItem","position":2,"name":"Dziecko","item":"https:\/\/www.pakamera.pl\/magazyn\/category\/dziecko\/"},{"@type":"ListItem","position":3,"name":"Jak ubra\u0107 ch\u0142opca na komuni\u0119? Wygodne i eleganckie zestawy"}]},{"@type":"WebSite","@id":"https:\/\/www.pakamera.pl\/magazyn\/#website","url":"https:\/\/www.pakamera.pl\/magazyn\/","name":"Magazyn Pakamera.pl","description":"Sprawd\u017a najgor\u0119tsze tematy sezonu!","publisher":{"@id":"https:\/\/www.pakamera.pl\/magazyn\/#organization"},"potentialAction":[{"@type":"SearchAction","target":{"@type":"EntryPoint","urlTemplate":"https:\/\/www.pakamera.pl\/magazyn\/?s={search_term_string}"},"query-input":"required name=search_term_string"}],"inLanguage":"pl-PL"},{"@type":"Organization","@id":"https:\/\/www.pakamera.pl\/magazyn\/#organization","name":"Pakamera.pl","url":"https:\/\/www.pakamera.pl\/magazyn\/","logo":{"@type":"ImageObject","inLanguage":"pl-PL","@id":"https:\/\/www.pakamera.pl\/magazyn\/#\/schema\/logo\/image\/","url":"https:\/\/imgmag.pakamera.net\/2023\/11\/153455466619.png","contentUrl":"https:\/\/imgmag.pakamera.net\/2023\/11\/153455466619.png","width":690,"height":140,"caption":"Pakamera.pl"},"image":{"@id":"https:\/\/www.pakamera.pl\/magazyn\/#\/schema\/logo\/image\/"},"sameAs":["https:\/\/facebook.com\/pakamerapl","https:\/\/www.instagram.com\/pakamera\/"]},{"@type":"Person","@id":"https:\/\/www.pakamera.pl\/magazyn\/#\/schema\/person\/2b133c04ac3d14aefde103d068e014d3","name":"Joanna Miluk","description":"Asia jest nasz\u0105 ekspertk\u0105 od spraw najm\u0142odszych. Ch\u0119tnie podejmuje tematy zar\u00f3wno mody dzieci\u0119cej jak i dzieci\u0119cych wn\u0119trz. Wiek dziecka nie jest dla niej przeszkod\u0105. Pomo\u017ce zar\u00f3wno skompletowa\u0107 wyprawk\u0119 dla niemowlaka jak i urz\u0105dzi\u0107 pok\u00f3j nastolatka."}]}},"_links":{"self":[{"href":"https:\/\/www.pakamera.pl\/magazyn\/wp-json\/wp\/v2\/posts\/13121","targetHints":{"allow":["GET"]}}],"collection":[{"href":"https:\/\/www.pakamera.pl\/magazyn\/wp-json\/wp\/v2\/posts"}],"about":[{"href":"https:\/\/www.pakamera.pl\/magazyn\/wp-json\/wp\/v2\/types\/post"}],"author":[{"embeddable":true,"href":"https:\/\/www.pakamera.pl\/magazyn\/wp-json\/wp\/v2\/users\/18"}],"replies":[{"embeddable":true,"href":"https:\/\/www.pakamera.pl\/magazyn\/wp-json\/wp\/v2\/comments?post=13121"}],"version-history":[{"count":3,"href":"https:\/\/www.pakamera.pl\/magazyn\/wp-json\/wp\/v2\/posts\/13121\/revisions"}],"predecessor-version":[{"id":13127,"href":"https:\/\/www.pakamera.pl\/magazyn\/wp-json\/wp\/v2\/posts\/13121\/revisions\/13127"}],"wp:featuredmedia":[{"embeddable":true,"href":"https:\/\/www.pakamera.pl\/magazyn\/wp-json\/wp\/v2\/media\/13125"}],"wp:attachment":[{"href":"https:\/\/www.pakamera.pl\/magazyn\/wp-json\/wp\/v2\/media?parent=13121"}],"wp:term":[{"taxonomy":"category","embeddable":true,"href":"https:\/\/www.pakamera.pl\/magazyn\/wp-json\/wp\/v2\/categories?post=13121"},{"taxonomy":"post_tag","embeddable":true,"href":"https:\/\/www.pakamera.pl\/magazyn\/wp-json\/wp\/v2\/tags?post=13121"}],"curies":[{"name":"wp","href":"https:\/\/api.w.org\/{rel}","templated":true}]}}