{"id":13057,"date":"2025-03-13T12:59:23","date_gmt":"2025-03-13T11:59:23","guid":{"rendered":"https:\/\/www.pakamera.pl\/magazyn\/?p=13057"},"modified":"2025-03-13T13:01:44","modified_gmt":"2025-03-13T12:01:44","slug":"jak-sie-ubrac-na-komunie-stylizacje-dla-rodzicow-chrzestnych-i-gosci","status":"publish","type":"post","link":"https:\/\/www.pakamera.pl\/magazyn\/jak-sie-ubrac-na-komunie-stylizacje-dla-rodzicow-chrzestnych-i-gosci\/","title":{"rendered":"Jak si\u0119 ubra\u0107 na komuni\u0119? Stylizacje dla rodzic\u00f3w, chrzestnych i go\u015bci"},"content":{"rendered":"<p><strong>Pierwsza Komunia \u015awi\u0119ta jest niezwykle wa\u017cnym wydarzeniem dla ca\u0142ej rodziny. To moment, w kt\u00f3rym dziecko zaczyna w pe\u0142ni prze\u017cywa\u0107 msz\u0119 \u015bwi\u0119t\u0105, dlatego warto go odpowiednio uczci\u0107. Zobacz, jak si\u0119 ubra\u0107 na komuni\u0119, \u017ceby wygl\u0105da\u0107 stosownie do okoliczno\u015bci.<\/strong><br \/>\n<!--more--><\/p>\n<figure id=\"attachment_13060\" aria-describedby=\"caption-attachment-13060\" style=\"width: 1600px\" class=\"wp-caption alignnone\"><img loading=\"lazy\" decoding=\"async\" class=\"wp-image-13060 size-full\" src=\"https:\/\/imgmag.pakamera.net\/2025\/03\/jak-sie-ubrac-na-komunie-stylizacje-dla-rodzicow-chrzestnych-i-gosci-125234171903.jpg\" alt=\"Jak si\u0119 ubra\u0107 na komuni\u0119\" width=\"1600\" height=\"840\" \/><figcaption id=\"caption-attachment-13060\" class=\"wp-caption-text\">Kr\u00f3tka marynarka bez zapi\u0119cia &#8211; be\u017cowa(S-368) \/ STYLE \/ www.pakamera.pl<\/figcaption><\/figure>\n<p>Pytanie, co za\u0142o\u017cy\u0107 na komuni\u0119 dziecka, mog\u0105 sobie zada\u0107 rodzice, chrzestni i go\u015bcie. W zasadzie nie ma znaczenia, jak\u0105 funkcj\u0119 pe\u0142nisz podczas uroczysto\u015bci, ten dzie\u0144 jest o dziecku, a Twoje ubranie powinno podkre\u015bla\u0107 wyj\u0105tkowo\u015b\u0107 okazji, kt\u00f3ra przecie\u017c zdarza si\u0119 tylko raz w \u017cyciu!<\/p>\n<h2>Odpowiedni str\u00f3j na komuni\u0119 \u2013 czyli jaki?<\/h2>\n<p>Komunia to uroczysto\u015b\u0107 ko\u015bcielna, wi\u0119c str\u00f3j powinien by\u0107 stonowany. Kr\u00f3tkie sukienki, g\u0142\u0119bokie dekolty i jaskrawe kolory s\u0105 po prostu nie na miejscu. Je\u015bli nie wiesz, w czym na komuni\u0119 mo\u017cesz p\u00f3j\u015b\u0107, poniewa\u017c rzadko bywasz w ko\u015bciele, <strong>wybierz klasyk\u0119, np. rozkloszowan\u0105 sp\u00f3dnic\u0119 midi i zabudowan\u0105 bluzk\u0119 z d\u0142ugim r\u0119kawem czy garnitur z jasn\u0105 koszul\u0105<\/strong>.<\/p>\n<p>Z kolei <strong>str\u00f3j go\u015bci na komuni\u0119 powinien by\u0107 w miar\u0119 skromny<\/strong>. Nie chcesz przecie\u017c przypadkiem przy\u0107mi\u0107 g\u0142\u00f3wnego bohatera lub bohaterk\u0119 uroczysto\u015bci ani ich rodzic\u00f3w. Jednocze\u015bnie pami\u0119taj, \u017ce majowe dni bywaj\u0105 kapry\u015bne. Mog\u0105 si\u0119 zacz\u0105\u0107 pe\u0142nym s\u0142o\u0144cem, a po po\u0142udniu zaskoczy\u0107 gwa\u0142town\u0105 ulew\u0105. <strong>Nawet je\u015bli jest ciep\u0142o, we\u017a ze sob\u0105 elegancki p\u0142aszcz na wypadek pogorszenia pogody<\/strong>. Przy wyborze ubrania nie ma wi\u0119kszego znaczenia, czy komunia odb\u0119dzie si\u0119 w domu, czy w lokalu.<\/p>\n<div id=\"pakawidget1884\" class=\"pakawidget\"><\/div>\n<p><script async defer src=\"https:\/\/www.pakamera.pl\/widget\/widget2.min.js?id=1884&#038;type=20250313125519&#038;wwidth=1000\"><\/script><\/p>\n<h2>Co za\u0142o\u017cy\u0107 na komuni\u0119 dziecka? Stylizacje dla mamy i taty<\/h2>\n<p><a href=\"https:\/\/www.pakamera.pl\/magazyn\/komunia-w-domu-czy-w-lokalu-wady-i-zalety\/\" target=\"_blank\" rel=\"noopener\">Przyj\u0119cie komunijne w domu lub lokalu<\/a> wymaga od rodzic\u00f3w po\u015bwi\u0119cenia czasu na dopi\u0119cie wszystkich szczeg\u00f3\u0142\u00f3w. Pewnie jeste\u015b ju\u017c zm\u0119czony lub zm\u0119czona przygotowaniami, ale pozosta\u0142a jeszcze jedna wa\u017cna kwestia: str\u00f3j na komuni\u0119 dziecka.<\/p>\n<h3>Stylizacje dla mamy<\/h3>\n<p>Oczy go\u015bci podczas komunii b\u0119d\u0105 skierowane nie tylko na dziecko, ale r\u00f3wnie\u017c na jego rodzic\u00f3w, dlatego str\u00f3j na komuni\u0119 dla mamy musi by\u0107 stosowny. <strong>Mo\u017ce to by\u0107 np. elegancka sukienka midi lub komplet sp\u00f3dnica i bluzka<\/strong>. Je\u015bli chodzi o dob\u00f3r kolor\u00f3w, <strong>najbardziej na miejscu b\u0119d\u0105 granatowy, butelkowozielony, bordowy lub be\u017cowy<\/strong>.<\/p>\n<p>Wcale nie musisz wygl\u0105da\u0107 oficjalnie, je\u015bli tego nie lubisz. Wieczorowa, kobieca stylizacja (ale bez du\u017cego dekoltu) b\u0119dzie w sam raz. Wiele mam wybiera <a href=\"https:\/\/www.pakamera.pl\/sukienka-koktajlowa-0-t32560.htm\" target=\"_blank\" rel=\"noopener\">sukienki koktajlowe<\/a>, a do tego bolerko i eleganckie cz\u00f3\u0142enka. <strong>Tutaj raczej nie ma co decydowa\u0107 si\u0119 na wysoki obcas, poniewa\u017c sporo czasu sp\u0119dzisz na nogach<\/strong>.<\/p>\n<p>Co ubra\u0107 na komuni\u0119 jako mama? Poni\u017cej znajdziesz przyk\u0142ady, w czym i\u015b\u0107 na komuni\u0119 jako mama:<\/p>\n<ul>\n<li>bordowa sukienka midi + kremowe bolerko + cieliste cz\u00f3\u0142enka na niskim obcasie + dopasowana kopert\u00f3wka + bi\u017cuteria z per\u0142ami;<\/li>\n<li>be\u017cowa sp\u00f3dnica o\u0142\u00f3wkowa + pasuj\u0105cy \u017cakiet + b\u0142\u0119kitna bluzka z jedwabiu + cz\u00f3\u0142enka cappucino + torebka na \u0142a\u0144cuszku w odcieniu but\u00f3w;<\/li>\n<li>ciemnozielona sukienka koktajlowa + kremowy szal + kopert\u00f3wka \u00e9cru;<\/li>\n<li>granatowa sukienka z koronki w wersji midi + srebrny sweterek + srebrne sanda\u0142ki z zakrytymi palcami + granatowa torebka na \u0142a\u0144cuszku.<\/li>\n<\/ul>\n<h3>Stylizacje dla taty<\/h3>\n<p>Jak si\u0119 ubra\u0107 na komuni\u0119 syna lub c\u00f3rki jako tata? Opcja, kt\u00f3ra jest najbardziej na miejscu, to <strong>garnitur: eleganckie spodnie, marynarka i koszula<\/strong>. Kolorem przewodnim mo\u017ce by\u0107 granatowy, szary, czarny lub b\u0142\u0119kitny. Od Twoich preferencji zale\u017cy, czy wybierzesz krawat, czy much\u0119. <strong>Do stroju dobierz sk\u00f3rzane p\u00f3\u0142buty i pasek pod kolor<\/strong>.<\/p>\n<p>Je\u015bli chcesz, \u017ceby Wasza rodzina pi\u0119knie prezentowa\u0142a si\u0119 na zdj\u0119ciach, wybierz elegancki str\u00f3j na komuni\u0119 dla taty pasuj\u0105cy do stylizacji mamy. <strong>Granatowa sukienka na niej i granatowy garnitur na Tobie sprawi\u0105, \u017ce ju\u017c na pierwszy rzut oka b\u0119dziecie wygl\u0105da\u0107 jak para<\/strong>.<\/p>\n<p>Co ubra\u0107 na komuni\u0119 c\u00f3rki lub syna? Oto jak ubra\u0107 si\u0119 na komuni\u0119 elegancko jako tata:<\/p>\n<ul>\n<li>granatowy garnitur + bia\u0142a koszula + bordowy krawat + ciemnobr\u0105zowe p\u00f3\u0142buty + pasek w kolorze but\u00f3w;<\/li>\n<li>szary garnitur w jode\u0142k\u0119 + b\u0142\u0119kitna koszula + granatowy krawat + br\u0105zowe sk\u00f3rzane p\u00f3\u0142buty + br\u0105zowy sk\u00f3rzany pasek;<\/li>\n<li>be\u017cowa marynarka + jasne spodnie materia\u0142owe + b\u0142\u0119kitna koszula + jasnobr\u0105zowe mokasyny + jasnobr\u0105zowy pasek.<\/li>\n<\/ul>\n<h2>W co ubra\u0107 si\u0119 na komuni\u0119 jako chrzestna lub chrzestny?<\/h2>\n<figure id=\"attachment_13059\" aria-describedby=\"caption-attachment-13059\" style=\"width: 1600px\" class=\"wp-caption alignnone\"><img loading=\"lazy\" decoding=\"async\" class=\"wp-image-13059 size-full\" src=\"https:\/\/imgmag.pakamera.net\/2025\/03\/jak-sie-ubrac-na-komunie-stylizacje-dla-rodzicow-chrzestnych-i-gosci-125233825754.jpg\" alt=\"Niezwykle elegancka i kobieca sukienka d\u0142ugo\u015bci midi w kolorze pudrowego r\u00f3\u017cu na komuni\u0119 \" width=\"1600\" height=\"840\" \/><figcaption id=\"caption-attachment-13059\" class=\"wp-caption-text\">Sukienka B659 \/ Selini \/ www.pakamera.pl<\/figcaption><\/figure>\n<p>Chrzestna i chrzestny s\u0105 najwa\u017cniejszymi po dziecku i rodzicach uczestnikami uroczysto\u015bci. Ich ubi\u00f3r powinien to odzwierciedla\u0107.<\/p>\n<h3>Str\u00f3j na komuni\u0119 dla chrzestnej<\/h3>\n<p>Zastanawiasz si\u0119, w co si\u0119 ubra\u0107 na komuni\u0119 chrze\u015bniaka czy chrze\u015bnicy? Dobrym wyborem b\u0119dzie <strong>elegancka <a href=\"https:\/\/www.pakamera.pl\/sukienki-midi-0-3104.htm\" target=\"_blank\" rel=\"noopener\">sukienka midi<\/a> lub komplet bluzka i spodnie palazzo<\/strong>. Na wierzch <strong>dobierz marynark\u0119 lub \u017cakiet<\/strong>. Na t\u0119 uroczysto\u015b\u0107 na pewno nie pasuj\u0105 b\u0142yszcz\u0105ce cekiny, g\u0142\u0119boki dekolt i sukienki lub sp\u00f3dnice mini, wi\u0119c zostaw je na inn\u0105 okazj\u0119.<\/p>\n<p>W co si\u0119 ubra\u0107 na komuni\u0119 jako chrzestna? Poni\u017cej znajdziesz pomys\u0142y, jak elegancko ubra\u0107 si\u0119 na komuni\u0119 jako chrzestna:<\/p>\n<ul>\n<li>granatowa sukienka midi + kremowy \u017cakiet + be\u017cowe botki + srebrno-granatowa torebka na \u0142a\u0144cuszku + srebrna bi\u017cuteria;<\/li>\n<li>r\u00f3\u017cowa sukienka koktajlowa do kolan + be\u017cowe bolerko + be\u017cowe balerinki lub cz\u00f3\u0142enka na obcasie;<\/li>\n<li>kwiatowa sukienka + granatowe bolerko + cz\u00f3\u0142enka pod kolor;<\/li>\n<li>bordowy <a href=\"https:\/\/www.pakamera.pl\/kombinezony-0-2944.htm\" target=\"_blank\" rel=\"noopener\">kombinezon damski<\/a> + jasnobe\u017cowy \u017cakiet + buty na obcasie + ciemnobe\u017cowa torebka.<\/li>\n<\/ul>\n<h3>Str\u00f3j na komuni\u0119 dla chrzestnego<\/h3>\n<p>Jak si\u0119 ubra\u0107 na komuni\u0119 chrze\u015bniaka? Nie musisz od razu kupowa\u0107 smokingu, klasyczny garnitur w zupe\u0142no\u015bci wystarczy. <strong>Wybierz granatow\u0105, szar\u0105 lub br\u0105zow\u0105 marynark\u0119 z dobrze dopasowan\u0105 koszul\u0105 i eleganckim krawatem<\/strong>. A je\u015bli nie czujesz si\u0119 do ko\u0144ca komfortowo w pe\u0142nym garniturze, <strong>skompletuj pasuj\u0105ce kolorystycznie chinosy i marynark\u0119 z jasn\u0105 koszul\u0105 i sk\u00f3rzanymi p\u00f3\u0142butami<\/strong>.<\/p>\n<p>Jak ubra\u0107 si\u0119 na komuni\u0119 jako chrzestny? Wykorzystaj te pomys\u0142y, jak si\u0119 ubra\u0107 na pierwsz\u0105 komuni\u0119 chrze\u015bniaka:<\/p>\n<ul>\n<li>granatowy garnitur + bia\u0142a koszula + bordowy krawat + czarne p\u00f3\u0142buty + czarny pasek;<\/li>\n<li>szary garnitur + b\u0142\u0119kitna koszula + granatowy krawat + br\u0105zowe p\u00f3\u0142buty;<\/li>\n<li>ciemnobr\u0105zowa marynarka + be\u017cowe spodnie + bia\u0142a koszula + br\u0105zowe mokasyny + pasek.<\/li>\n<\/ul>\n<h2>Jak si\u0119 ubra\u0107 na komuni\u0119 jako go\u015b\u0107? Eleganckie zestawy<\/h2>\n<div id=\"pakawidget1885\" class=\"pakawidget\"><\/div>\n<p><script async defer src=\"https:\/\/www.pakamera.pl\/widget\/widget2.min.js?id=1885&#038;type=20250313130051&#038;wwidth=1000\"><\/script><br \/>\nOd go\u015bci r\u00f3wnie\u017c oczekuje si\u0119 eleganckiego dress-code\u2019u. Poni\u017cej znajdziesz kilka pomys\u0142\u00f3w.<\/p>\n<h3>Stylizacje dla kobiet<\/h3>\n<p>Co ubra\u0107 na komuni\u0119 jako go\u015b\u0107? <strong>Masz naprawd\u0119 du\u017co mo\u017cliwo\u015bci: sukienki midi, proste sukienki maxi, sp\u00f3dnica z bluzk\u0105, zestaw chinosy, bluzka i marynarka lub zestaw spodnie palazzo, bluzka i marynarka oversize.<\/strong><\/p>\n<p>Najwa\u017cniejsze, \u017ceby wygl\u0105da\u0107 stosownie do okazji, czyli w miar\u0119 skromnie i bez zbytniego ods\u0142aniania cia\u0142a. Pami\u0119taj, \u017ce w ko\u015bciele wypada mie\u0107 zakryte ramiona, wi\u0119c je\u015bli Tw\u00f3j wyb\u00f3r pad\u0142 na sukienk\u0119 bez r\u0119kaw\u00f3w, we\u017a ze sob\u0105 szal lub \u017cakiet.<\/p>\n<h3>Stylizacje dla m\u0119\u017cczyzn<\/h3>\n<p>Jak si\u0119 ubra\u0107 na komuni\u0119 jako go\u015b\u0107? Panom poleca si\u0119 wybra\u0107 garnitur lub elegancki komplet:<strong> spodnie materia\u0142owe koszula i marynarka<\/strong>. Wi\u0119kszo\u015b\u0107 os\u00f3b si\u0119gnie po stonowane kolory, czyli granatowy, szary lub b\u0142\u0119kitny, wi\u0119c s\u0105 one bezpiecznym wyborem. Raczej nie wybieraj koszul usianych wzorkiem. <strong>Klasyczna bia\u0142a koszula (ewentualnie b\u0142\u0119kitna) b\u0119d\u0105 najbardziej na miejscu<\/strong>. Cho\u0107 krawat nie jest wymagany, ubierz go jako wyraz szacunku. Nie zak\u0142adaj sportowych but\u00f3w. W tej okoliczno\u015bci lepiej sprawdzaj\u0105 si\u0119 eleganckie p\u00f3\u0142buty.<\/p>\n<p>Je\u015bli chcesz kupi\u0107 str\u00f3j na komuni\u0119 dla go\u015bcia, mamy, taty lub rodzic\u00f3w, wejd\u017a na <a href=\"https:\/\/www.pakamera.pl\/\" target=\"_blank\" rel=\"noopener\">Pakamera.pl<\/a> i znajd\u017a co\u015b dla siebie!<\/p>\n","protected":false},"excerpt":{"rendered":"<p>Pierwsza Komunia \u015awi\u0119ta jest niezwykle wa\u017cnym wydarzeniem dla ca\u0142ej rodziny. To moment, w kt\u00f3rym dziecko zaczyna w pe\u0142ni prze\u017cywa\u0107 msz\u0119 \u015bwi\u0119t\u0105, dlatego warto go odpowiednio uczci\u0107. Zobacz, jak si\u0119 ubra\u0107<span class=\"more-dots\">&#8230;<\/span><\/p>\n","protected":false},"author":16,"featured_media":13060,"comment_status":"closed","ping_status":"closed","sticky":false,"template":"","format":"standard","meta":{"footnotes":""},"categories":[3],"tags":[2373,1790,1789,2356,2485,1791,2371],"class_list":["post-13057","post","type-post","status-publish","format-standard","has-post-thumbnail","hentry","category-moda","tag-drewniane-zaproszenie-na-komunie","tag-komunia-sw","tag-komunia-swieta","tag-organizacja-komunii","tag-prezenty-na-komunie","tag-stylizacja-komunijna","tag-zaproszenie-na-komunie-dla-dziewczynki"],"yoast_head":"<!-- This site is optimized with the Yoast SEO plugin v21.6 - https:\/\/yoast.com\/wordpress\/plugins\/seo\/ -->\n<title>Jak si\u0119 ubra\u0107 na komuni\u0119 - Magazyn Pakamera.pl<\/title>\n<meta name=\"description\" content=\"Zobacz, jak si\u0119 ubra\u0107 na komuni\u0119, \u017ceby wygl\u0105da\u0107 stosownie do okoliczno\u015bci. Stylizacje dla rodzic\u00f3w, chrzestnych i go\u015bci.\" \/>\n<meta name=\"robots\" content=\"index, follow\" \/>\n<link rel=\"canonical\" href=\"https:\/\/www.pakamera.pl\/magazyn\/jak-sie-ubrac-na-komunie-stylizacje-dla-rodzicow-chrzestnych-i-gosci\/\" \/>\n<meta property=\"og:locale\" content=\"pl_PL\" \/>\n<meta property=\"og:type\" content=\"article\" \/>\n<meta property=\"og:title\" content=\"Jak si\u0119 ubra\u0107 na komuni\u0119 - Magazyn Pakamera.pl\" \/>\n<meta property=\"og:description\" content=\"Zobacz, jak si\u0119 ubra\u0107 na komuni\u0119, \u017ceby wygl\u0105da\u0107 stosownie do okoliczno\u015bci. Stylizacje dla rodzic\u00f3w, chrzestnych i go\u015bci.\" \/>\n<meta property=\"og:url\" content=\"https:\/\/www.pakamera.pl\/magazyn\/jak-sie-ubrac-na-komunie-stylizacje-dla-rodzicow-chrzestnych-i-gosci\/\" \/>\n<meta property=\"og:site_name\" content=\"Magazyn Pakamera.pl\" \/>\n<meta property=\"article:publisher\" content=\"https:\/\/facebook.com\/pakamerapl\" \/>\n<meta property=\"article:published_time\" content=\"2025-03-13T11:59:23+00:00\" \/>\n<meta property=\"article:modified_time\" content=\"2025-03-13T12:01:44+00:00\" \/>\n<meta property=\"og:image\" content=\"https:\/\/imgmag.pakamera.net\/2025\/03\/jak-sie-ubrac-na-komunie-stylizacje-dla-rodzicow-chrzestnych-i-gosci-125234171903.jpg\" \/>\n\t<meta property=\"og:image:width\" content=\"1600\" \/>\n\t<meta property=\"og:image:height\" content=\"840\" \/>\n\t<meta property=\"og:image:type\" content=\"image\/jpeg\" \/>\n<meta name=\"author\" content=\"Magda Strzelecka\" \/>\n<meta name=\"twitter:card\" content=\"summary_large_image\" \/>\n<meta name=\"twitter:label1\" content=\"Napisane przez\" \/>\n\t<meta name=\"twitter:data1\" content=\"Magda Strzelecka\" \/>\n\t<meta name=\"twitter:label2\" content=\"Szacowany czas czytania\" \/>\n\t<meta name=\"twitter:data2\" content=\"7 minut\" \/>\n<script type=\"application\/ld+json\" class=\"yoast-schema-graph\">{\"@context\":\"https:\/\/schema.org\",\"@graph\":[{\"@type\":\"Article\",\"@id\":\"https:\/\/www.pakamera.pl\/magazyn\/jak-sie-ubrac-na-komunie-stylizacje-dla-rodzicow-chrzestnych-i-gosci\/#article\",\"isPartOf\":{\"@id\":\"https:\/\/www.pakamera.pl\/magazyn\/jak-sie-ubrac-na-komunie-stylizacje-dla-rodzicow-chrzestnych-i-gosci\/\"},\"author\":{\"name\":\"Magda Strzelecka\",\"@id\":\"https:\/\/www.pakamera.pl\/magazyn\/#\/schema\/person\/375940ab821c5af50e1e31f1ec5282b5\"},\"headline\":\"Jak si\u0119 ubra\u0107 na komuni\u0119? Stylizacje dla rodzic\u00f3w, chrzestnych i go\u015bci\",\"datePublished\":\"2025-03-13T11:59:23+00:00\",\"dateModified\":\"2025-03-13T12:01:44+00:00\",\"mainEntityOfPage\":{\"@id\":\"https:\/\/www.pakamera.pl\/magazyn\/jak-sie-ubrac-na-komunie-stylizacje-dla-rodzicow-chrzestnych-i-gosci\/\"},\"wordCount\":1269,\"publisher\":{\"@id\":\"https:\/\/www.pakamera.pl\/magazyn\/#organization\"},\"keywords\":[\"drewniane zaproszenie na komuni\u0119\",\"komunia \u015bw\",\"komunia \u015bwi\u0119ta\",\"organizacja komunii\",\"prezenty na komuni\u0119\",\"stylizacja komunijna\",\"zaproszenie na komuni\u0119 dla dziewczynki\"],\"articleSection\":[\"Moda\"],\"inLanguage\":\"pl-PL\"},{\"@type\":\"WebPage\",\"@id\":\"https:\/\/www.pakamera.pl\/magazyn\/jak-sie-ubrac-na-komunie-stylizacje-dla-rodzicow-chrzestnych-i-gosci\/\",\"url\":\"https:\/\/www.pakamera.pl\/magazyn\/jak-sie-ubrac-na-komunie-stylizacje-dla-rodzicow-chrzestnych-i-gosci\/\",\"name\":\"Jak si\u0119 ubra\u0107 na komuni\u0119 - Magazyn Pakamera.pl\",\"isPartOf\":{\"@id\":\"https:\/\/www.pakamera.pl\/magazyn\/#website\"},\"datePublished\":\"2025-03-13T11:59:23+00:00\",\"dateModified\":\"2025-03-13T12:01:44+00:00\",\"description\":\"Zobacz, jak si\u0119 ubra\u0107 na komuni\u0119, \u017ceby wygl\u0105da\u0107 stosownie do okoliczno\u015bci. Stylizacje dla rodzic\u00f3w, chrzestnych i go\u015bci.\",\"breadcrumb\":{\"@id\":\"https:\/\/www.pakamera.pl\/magazyn\/jak-sie-ubrac-na-komunie-stylizacje-dla-rodzicow-chrzestnych-i-gosci\/#breadcrumb\"},\"inLanguage\":\"pl-PL\",\"potentialAction\":[{\"@type\":\"ReadAction\",\"target\":[\"https:\/\/www.pakamera.pl\/magazyn\/jak-sie-ubrac-na-komunie-stylizacje-dla-rodzicow-chrzestnych-i-gosci\/\"]}]},{\"@type\":\"BreadcrumbList\",\"@id\":\"https:\/\/www.pakamera.pl\/magazyn\/jak-sie-ubrac-na-komunie-stylizacje-dla-rodzicow-chrzestnych-i-gosci\/#breadcrumb\",\"itemListElement\":[{\"@type\":\"ListItem\",\"position\":1,\"name\":\"Magazyn\",\"item\":\"https:\/\/www.pakamera.pl\/magazyn\/\"},{\"@type\":\"ListItem\",\"position\":2,\"name\":\"Moda\",\"item\":\"https:\/\/www.pakamera.pl\/magazyn\/category\/moda\/\"},{\"@type\":\"ListItem\",\"position\":3,\"name\":\"Jak si\u0119 ubra\u0107 na komuni\u0119? Stylizacje dla rodzic\u00f3w, chrzestnych i go\u015bci\"}]},{\"@type\":\"WebSite\",\"@id\":\"https:\/\/www.pakamera.pl\/magazyn\/#website\",\"url\":\"https:\/\/www.pakamera.pl\/magazyn\/\",\"name\":\"Magazyn Pakamera.pl\",\"description\":\"Sprawd\u017a najgor\u0119tsze tematy sezonu!\",\"publisher\":{\"@id\":\"https:\/\/www.pakamera.pl\/magazyn\/#organization\"},\"potentialAction\":[{\"@type\":\"SearchAction\",\"target\":{\"@type\":\"EntryPoint\",\"urlTemplate\":\"https:\/\/www.pakamera.pl\/magazyn\/?s={search_term_string}\"},\"query-input\":\"required name=search_term_string\"}],\"inLanguage\":\"pl-PL\"},{\"@type\":\"Organization\",\"@id\":\"https:\/\/www.pakamera.pl\/magazyn\/#organization\",\"name\":\"Pakamera.pl\",\"url\":\"https:\/\/www.pakamera.pl\/magazyn\/\",\"logo\":{\"@type\":\"ImageObject\",\"inLanguage\":\"pl-PL\",\"@id\":\"https:\/\/www.pakamera.pl\/magazyn\/#\/schema\/logo\/image\/\",\"url\":\"https:\/\/imgmag.pakamera.net\/2023\/11\/153455466619.png\",\"contentUrl\":\"https:\/\/imgmag.pakamera.net\/2023\/11\/153455466619.png\",\"width\":690,\"height\":140,\"caption\":\"Pakamera.pl\"},\"image\":{\"@id\":\"https:\/\/www.pakamera.pl\/magazyn\/#\/schema\/logo\/image\/\"},\"sameAs\":[\"https:\/\/facebook.com\/pakamerapl\",\"https:\/\/www.instagram.com\/pakamera\/\"]},{\"@type\":\"Person\",\"@id\":\"https:\/\/www.pakamera.pl\/magazyn\/#\/schema\/person\/375940ab821c5af50e1e31f1ec5282b5\",\"name\":\"Magda Strzelecka\",\"description\":\"Magda to nasza stylistka, kt\u00f3ra od ponad 10 lat \u015bci\u015ble zwi\u0105zana jest z mod\u0105. Uwielbia \u015bledzi\u0107 \u015bwiatowe trendy i przek\u0142ada\u0107 je na rynek polski. Kocha dobre sk\u0142ady ubra\u0144, wyj\u0105tkow\u0105 bi\u017cuteri\u0119 i dodatki kt\u00f3re o\u017cywi\u0105 ka\u017cd\u0105 stylizacj\u0119.\"}]}<\/script>\n<!-- \/ Yoast SEO plugin. -->","yoast_head_json":{"title":"Jak si\u0119 ubra\u0107 na komuni\u0119 - Magazyn Pakamera.pl","description":"Zobacz, jak si\u0119 ubra\u0107 na komuni\u0119, \u017ceby wygl\u0105da\u0107 stosownie do okoliczno\u015bci. Stylizacje dla rodzic\u00f3w, chrzestnych i go\u015bci.","robots":{"index":"index","follow":"follow"},"canonical":"https:\/\/www.pakamera.pl\/magazyn\/jak-sie-ubrac-na-komunie-stylizacje-dla-rodzicow-chrzestnych-i-gosci\/","og_locale":"pl_PL","og_type":"article","og_title":"Jak si\u0119 ubra\u0107 na komuni\u0119 - Magazyn Pakamera.pl","og_description":"Zobacz, jak si\u0119 ubra\u0107 na komuni\u0119, \u017ceby wygl\u0105da\u0107 stosownie do okoliczno\u015bci. Stylizacje dla rodzic\u00f3w, chrzestnych i go\u015bci.","og_url":"https:\/\/www.pakamera.pl\/magazyn\/jak-sie-ubrac-na-komunie-stylizacje-dla-rodzicow-chrzestnych-i-gosci\/","og_site_name":"Magazyn Pakamera.pl","article_publisher":"https:\/\/facebook.com\/pakamerapl","article_published_time":"2025-03-13T11:59:23+00:00","article_modified_time":"2025-03-13T12:01:44+00:00","og_image":[{"width":1600,"height":840,"url":"https:\/\/imgmag.pakamera.net\/2025\/03\/jak-sie-ubrac-na-komunie-stylizacje-dla-rodzicow-chrzestnych-i-gosci-125234171903.jpg","type":"image\/jpeg"}],"author":"Magda Strzelecka","twitter_card":"summary_large_image","twitter_misc":{"Napisane przez":"Magda Strzelecka","Szacowany czas czytania":"7 minut"},"schema":{"@context":"https:\/\/schema.org","@graph":[{"@type":"Article","@id":"https:\/\/www.pakamera.pl\/magazyn\/jak-sie-ubrac-na-komunie-stylizacje-dla-rodzicow-chrzestnych-i-gosci\/#article","isPartOf":{"@id":"https:\/\/www.pakamera.pl\/magazyn\/jak-sie-ubrac-na-komunie-stylizacje-dla-rodzicow-chrzestnych-i-gosci\/"},"author":{"name":"Magda Strzelecka","@id":"https:\/\/www.pakamera.pl\/magazyn\/#\/schema\/person\/375940ab821c5af50e1e31f1ec5282b5"},"headline":"Jak si\u0119 ubra\u0107 na komuni\u0119? Stylizacje dla rodzic\u00f3w, chrzestnych i go\u015bci","datePublished":"2025-03-13T11:59:23+00:00","dateModified":"2025-03-13T12:01:44+00:00","mainEntityOfPage":{"@id":"https:\/\/www.pakamera.pl\/magazyn\/jak-sie-ubrac-na-komunie-stylizacje-dla-rodzicow-chrzestnych-i-gosci\/"},"wordCount":1269,"publisher":{"@id":"https:\/\/www.pakamera.pl\/magazyn\/#organization"},"keywords":["drewniane zaproszenie na komuni\u0119","komunia \u015bw","komunia \u015bwi\u0119ta","organizacja komunii","prezenty na komuni\u0119","stylizacja komunijna","zaproszenie na komuni\u0119 dla dziewczynki"],"articleSection":["Moda"],"inLanguage":"pl-PL"},{"@type":"WebPage","@id":"https:\/\/www.pakamera.pl\/magazyn\/jak-sie-ubrac-na-komunie-stylizacje-dla-rodzicow-chrzestnych-i-gosci\/","url":"https:\/\/www.pakamera.pl\/magazyn\/jak-sie-ubrac-na-komunie-stylizacje-dla-rodzicow-chrzestnych-i-gosci\/","name":"Jak si\u0119 ubra\u0107 na komuni\u0119 - Magazyn Pakamera.pl","isPartOf":{"@id":"https:\/\/www.pakamera.pl\/magazyn\/#website"},"datePublished":"2025-03-13T11:59:23+00:00","dateModified":"2025-03-13T12:01:44+00:00","description":"Zobacz, jak si\u0119 ubra\u0107 na komuni\u0119, \u017ceby wygl\u0105da\u0107 stosownie do okoliczno\u015bci. Stylizacje dla rodzic\u00f3w, chrzestnych i go\u015bci.","breadcrumb":{"@id":"https:\/\/www.pakamera.pl\/magazyn\/jak-sie-ubrac-na-komunie-stylizacje-dla-rodzicow-chrzestnych-i-gosci\/#breadcrumb"},"inLanguage":"pl-PL","potentialAction":[{"@type":"ReadAction","target":["https:\/\/www.pakamera.pl\/magazyn\/jak-sie-ubrac-na-komunie-stylizacje-dla-rodzicow-chrzestnych-i-gosci\/"]}]},{"@type":"BreadcrumbList","@id":"https:\/\/www.pakamera.pl\/magazyn\/jak-sie-ubrac-na-komunie-stylizacje-dla-rodzicow-chrzestnych-i-gosci\/#breadcrumb","itemListElement":[{"@type":"ListItem","position":1,"name":"Magazyn","item":"https:\/\/www.pakamera.pl\/magazyn\/"},{"@type":"ListItem","position":2,"name":"Moda","item":"https:\/\/www.pakamera.pl\/magazyn\/category\/moda\/"},{"@type":"ListItem","position":3,"name":"Jak si\u0119 ubra\u0107 na komuni\u0119? Stylizacje dla rodzic\u00f3w, chrzestnych i go\u015bci"}]},{"@type":"WebSite","@id":"https:\/\/www.pakamera.pl\/magazyn\/#website","url":"https:\/\/www.pakamera.pl\/magazyn\/","name":"Magazyn Pakamera.pl","description":"Sprawd\u017a najgor\u0119tsze tematy sezonu!","publisher":{"@id":"https:\/\/www.pakamera.pl\/magazyn\/#organization"},"potentialAction":[{"@type":"SearchAction","target":{"@type":"EntryPoint","urlTemplate":"https:\/\/www.pakamera.pl\/magazyn\/?s={search_term_string}"},"query-input":"required name=search_term_string"}],"inLanguage":"pl-PL"},{"@type":"Organization","@id":"https:\/\/www.pakamera.pl\/magazyn\/#organization","name":"Pakamera.pl","url":"https:\/\/www.pakamera.pl\/magazyn\/","logo":{"@type":"ImageObject","inLanguage":"pl-PL","@id":"https:\/\/www.pakamera.pl\/magazyn\/#\/schema\/logo\/image\/","url":"https:\/\/imgmag.pakamera.net\/2023\/11\/153455466619.png","contentUrl":"https:\/\/imgmag.pakamera.net\/2023\/11\/153455466619.png","width":690,"height":140,"caption":"Pakamera.pl"},"image":{"@id":"https:\/\/www.pakamera.pl\/magazyn\/#\/schema\/logo\/image\/"},"sameAs":["https:\/\/facebook.com\/pakamerapl","https:\/\/www.instagram.com\/pakamera\/"]},{"@type":"Person","@id":"https:\/\/www.pakamera.pl\/magazyn\/#\/schema\/person\/375940ab821c5af50e1e31f1ec5282b5","name":"Magda Strzelecka","description":"Magda to nasza stylistka, kt\u00f3ra od ponad 10 lat \u015bci\u015ble zwi\u0105zana jest z mod\u0105. Uwielbia \u015bledzi\u0107 \u015bwiatowe trendy i przek\u0142ada\u0107 je na rynek polski. Kocha dobre sk\u0142ady ubra\u0144, wyj\u0105tkow\u0105 bi\u017cuteri\u0119 i dodatki kt\u00f3re o\u017cywi\u0105 ka\u017cd\u0105 stylizacj\u0119."}]}},"_links":{"self":[{"href":"https:\/\/www.pakamera.pl\/magazyn\/wp-json\/wp\/v2\/posts\/13057","targetHints":{"allow":["GET"]}}],"collection":[{"href":"https:\/\/www.pakamera.pl\/magazyn\/wp-json\/wp\/v2\/posts"}],"about":[{"href":"https:\/\/www.pakamera.pl\/magazyn\/wp-json\/wp\/v2\/types\/post"}],"author":[{"embeddable":true,"href":"https:\/\/www.pakamera.pl\/magazyn\/wp-json\/wp\/v2\/users\/16"}],"replies":[{"embeddable":true,"href":"https:\/\/www.pakamera.pl\/magazyn\/wp-json\/wp\/v2\/comments?post=13057"}],"version-history":[{"count":3,"href":"https:\/\/www.pakamera.pl\/magazyn\/wp-json\/wp\/v2\/posts\/13057\/revisions"}],"predecessor-version":[{"id":13063,"href":"https:\/\/www.pakamera.pl\/magazyn\/wp-json\/wp\/v2\/posts\/13057\/revisions\/13063"}],"wp:featuredmedia":[{"embeddable":true,"href":"https:\/\/www.pakamera.pl\/magazyn\/wp-json\/wp\/v2\/media\/13060"}],"wp:attachment":[{"href":"https:\/\/www.pakamera.pl\/magazyn\/wp-json\/wp\/v2\/media?parent=13057"}],"wp:term":[{"taxonomy":"category","embeddable":true,"href":"https:\/\/www.pakamera.pl\/magazyn\/wp-json\/wp\/v2\/categories?post=13057"},{"taxonomy":"post_tag","embeddable":true,"href":"https:\/\/www.pakamera.pl\/magazyn\/wp-json\/wp\/v2\/tags?post=13057"}],"curies":[{"name":"wp","href":"https:\/\/api.w.org\/{rel}","templated":true}]}}