{"id":12918,"date":"2025-03-07T13:07:37","date_gmt":"2025-03-07T12:07:37","guid":{"rendered":"https:\/\/www.pakamera.pl\/magazyn\/?p=12918"},"modified":"2025-03-07T13:07:37","modified_gmt":"2025-03-07T12:07:37","slug":"jak-nosic-meska-bizuterie-poradnik-stylowego-mezczyzny","status":"publish","type":"post","link":"https:\/\/www.pakamera.pl\/magazyn\/jak-nosic-meska-bizuterie-poradnik-stylowego-mezczyzny\/","title":{"rendered":"Jak nosi\u0107 m\u0119sk\u0105 bi\u017cuteri\u0119? Poradnik stylowego m\u0119\u017cczyzny"},"content":{"rendered":"<p><strong>M\u0119ska bi\u017cuteria wesz\u0142a do kanonu. M\u0119\u017cczy\u017ani \u015bwiadomie si\u0119gaj\u0105 po pier\u015bcionki, \u0142a\u0144cuszki i bransoletki, traktuj\u0105c je ju\u017c nie jako ekstrawagancki dodatek, ale jako spos\u00f3b na wyra\u017cenie siebie i unikalnego stylu. Sprawd\u017a, jak nosi\u0107 m\u0119sk\u0105 bi\u017cuteri\u0119 w zgodzie ze sob\u0105!<\/strong><br \/>\n<!--more--><\/p>\n<figure id=\"attachment_12921\" aria-describedby=\"caption-attachment-12921\" style=\"width: 1600px\" class=\"wp-caption alignnone\"><img loading=\"lazy\" decoding=\"async\" class=\"wp-image-12921 size-full\" src=\"https:\/\/imgmag.pakamera.net\/2025\/03\/jak-nosic-meska-bizuterie-poradnik-stylowego-mezczyzny-122440938103.jpg\" alt=\"Jak nosi\u0107 m\u0119sk\u0105 bi\u017cuteri\u0119\" width=\"1600\" height=\"840\" \/><figcaption id=\"caption-attachment-12921\" class=\"wp-caption-text\">M\u0119ska bransoletka na r\u0119k\u0119 \/opaska \/ Poley \/ www.pakamera.pl<\/figcaption><\/figure>\n<p>Kluczem do sukcesu jest noszenie bi\u017cuterii w spos\u00f3b stylowy, ale bez zb\u0119dnej pretensjonalno\u015bci. Zbyt wiele element\u00f3w, nieodpowiednie po\u0142\u0105czenia metali lub niedopasowanie do sylwetki przynosz\u0105 efekty odmienne od zamierzonego.<\/p>\n<h2>Czy m\u0119\u017cczyzna powinien nosi\u0107 bi\u017cuteri\u0119?<\/h2>\n<p>\u017byjemy w XXI wieku, wi\u0119c na szcz\u0119\u015bcie pytania, czy facet mo\u017ce nosi\u0107 bransoletk\u0119, lub czy powinien nosi\u0107 \u0142a\u0144cuszek, s\u0105 ju\u017c mocno nie na miejscu. <strong>Wsp\u00f3\u0142czesna moda m\u0119ska dawno prze\u0142ama\u0142a stereotyp bi\u017cuterii jako domeny wy\u0142\u0105cznie kobiet<\/strong>. Zw\u0142aszcza \u017ce, gdy przyjrzymy si\u0119 historii, zauwa\u017cymy, \u017ce ozdoby zawsze by\u0142y obecne na cia\u0142ach wysoko postawionych pan\u00f3w: egipskich faraon\u00f3w, senator\u00f3w z imperium rzymskiego i arystokrat\u00f3w.<\/p>\n<p><strong>Najpowszechniejszym trendem w m\u0119skiej bi\u017cuterii jest umiar i sp\u00f3jno\u015b\u0107<\/strong>. W przeciwie\u0144stwie do kobiecych ozd\u00f3b, wok\u00f3\u0142 kt\u00f3rych buduje si\u0119 ca\u0142e stylizacje, bransoletka, <a href=\"https:\/\/www.pakamera.pl\/rozaniec-meski-0-t184836.htm\" target=\"_blank\" rel=\"noopener\">r\u00f3\u017caniec m\u0119ski na szyj\u0119<\/a>, naszyjnik i sygnet przeznaczony dla facet\u00f3w dope\u0142nia jego charakternego wizerunku.<\/p>\n<h2>Jak nosi\u0107 naszyjnik m\u0119ski?<\/h2>\n<div id=\"pakawidget1878\" class=\"pakawidget\"><\/div>\n<p><script async defer src=\"https:\/\/www.pakamera.pl\/widget\/widget2.min.js?id=1878&#038;type=20250307123305&#038;wwidth=1000\"><\/script><br \/>\nPytanie, jak nosi\u0107 \u0142a\u0144cuszek m\u0119ski jest bardzo istotne. \u017beby na nie odpowiedzie\u0107, trzeba przyjrze\u0107 si\u0119 dw\u00f3m istotnym parametrom: d\u0142ugo\u015bci i grubo\u015bci.<\/p>\n<p><a href=\"https:\/\/www.pakamera.pl\/magazyn\/jaki-lancuszek-dla-mezczyzny-rodzaje-sploty-dlugosci-i-grubosci\/\" target=\"_blank\" rel=\"noopener\">Jaki \u0142a\u0144cuszek dla m\u0119\u017cczyzny<\/a> b\u0119dzie odpowiedni? Zacznijmy od d\u0142ugo\u015bci. <strong>Kr\u00f3tkie modele (45-50 cm) si\u0119gaj\u0105ce do linii obojczyk\u00f3w dobrze komponuj\u0105 si\u0119 z koszulami i marynarkami<\/strong>. \u015arednie <strong>\u0142a\u0144cuszki (50-60 cm) s\u0105 najbardziej uniwersalne i pasuj\u0105 do T-shirt\u00f3w i koszul<\/strong>. D\u0142ugie <strong>\u0142a\u0144cuszki (65-75 cm) najlepiej sprawdz\u0105 si\u0119 do sportowej styl\u00f3wki, np. z bluz\u0105<\/strong>.<\/p>\n<p>Grubo\u015b\u0107 \u0142a\u0144cuszka dopasuj do sylwetki i stylu ubioru. <strong>M\u0119\u017cczy\u017ani o masywnej budowie cia\u0142a mog\u0105 pozwoli\u0107 sobie na grubsze \u0142a\u0144cuszki<\/strong> (4-8 mm), kt\u00f3re podkre\u015blaj\u0105 szerok\u0105 klatk\u0119 piersiow\u0105. <strong>Szczupli panowie lepiej wygl\u0105daj\u0105 w nieco delikatniejszych modelach (2-4 mm)<\/strong>. Grubsze ozdoby przyci\u0105gaj\u0105 uwag\u0119, wi\u0119c zanim je za\u0142o\u017cysz, upewnij si\u0119, \u017ce jeste\u015b na to gotowy.<\/p>\n<p>Og\u00f3lnie rzecz bior\u0105c, \u0142a\u0144cuszek mo\u017ce by\u0107:<\/p>\n<ul>\n<li>ca\u0142kowicie ukryty \u2013 noszony pod koszul\u0105, widoczny tylko dla Ciebie;<\/li>\n<li>cz\u0119\u015bciowo widoczny \u2013 dyskretnie wychodzi\u0107 spod koszuli z rozpi\u0119tym g\u00f3rnym guzikiem;<\/li>\n<li>wyeksponowany \u2013 noszony na wierzchu jako \u015bwiadomy element stylizacji.<\/li>\n<\/ul>\n<p>Ju\u017c wybra\u0142e\u015b? To teraz przejd\u017amy do tematu, jak nosi\u0107 bransoletk\u0119 m\u0119sk\u0105.<\/p>\n<h2>Jak nosi\u0107 m\u0119skie bransoletki?<\/h2>\n<figure id=\"attachment_12922\" aria-describedby=\"caption-attachment-12922\" style=\"width: 1600px\" class=\"wp-caption alignnone\"><img loading=\"lazy\" decoding=\"async\" class=\"wp-image-12922 size-full\" src=\"https:\/\/imgmag.pakamera.net\/2025\/03\/jak-nosic-meska-bizuterie-poradnik-stylowego-mezczyzny-122441574422.jpg\" alt=\"zjawiskowy, d\u0142ugi naszyjnik m\u0119ski na solidnym, MAHONIOWYM sznurku nylonowym\" width=\"1600\" height=\"840\" \/><figcaption id=\"caption-attachment-12922\" class=\"wp-caption-text\">UNIKAT :naszyjnik m\u0119ski : jaspis, lawa, onyks &#8211; naszyjnik unisex \/ kaktusia \/ www.pakamera.pl<\/figcaption><\/figure>\n<p>Na prawej czy na lewej r\u0119ce \u2013 jak nosi\u0107 bransoletki m\u0119skie? <strong>Tradycyjnie ozdob\u0119 nosi si\u0119 na nadgarstku przeciwnym do zegarka<\/strong>, czyli najcz\u0119\u015bciej prawym. Ma to sens praktyczny, poniewa\u017c metalowa bransoleta lub zapi\u0119cie nie b\u0119d\u0105 rysowa\u0142y delikatniejszego dodatku.<\/p>\n<p>Bransoletki m\u0119skie \u2013 jak nosi\u0107? Przede wszystkim <strong>taka ozdoba nie powinna by\u0107 za szeroka i ma to znaczenie ze wzgl\u0119d\u00f3w praktycznych<\/strong>. Dodatek o szeroko\u015bci powy\u017cej 12 mm zauwa\u017calnie wypycha mankiet. Po ca\u0142ym dniu noszenia poczujesz si\u0119 tym zm\u0119czony. <strong>Idealna szeroko\u015b\u0107 bransoletki do noszenia pod r\u0119kawem to 4-8 mm<\/strong>.<\/p>\n<p>Wa\u017cne jest r\u00f3wnie\u017c dopasowanie bransoletki do sytuacji. Do biura (zw\u0142aszcza w bardziej konserwatywnych bran\u017cach, jak np. prawo), zak\u0142adaj dyskretniejsze modele ze sk\u00f3ry lub srebra. Po pracy mo\u017cesz pozwoli\u0107 sobie na wi\u0119ksz\u0105 ekspresj\u0119.<\/p>\n<h2>Bi\u017cuteria m\u0119ska \u2013 na co dzie\u0144 czy od \u015bwi\u0119ta?<\/h2>\n<div id=\"pakawidget1879\" class=\"pakawidget\"><\/div>\n<p><script async defer src=\"https:\/\/www.pakamera.pl\/widget\/widget2.min.js?id=1879&#038;type=20250307124346&#038;wwidth=1000\"><\/script><br \/>\n<a href=\"https:\/\/www.pakamera.pl\/magazyn\/jaka-bizuteria-dla-mezczyzny-odkryj-stylowe-dodatki-ktore-podkresla-jego-charakter\/\" target=\"_blank\" rel=\"noopener\">Jaka bi\u017cuteria dla m\u0119\u017cczyzny<\/a> b\u0119dzie odpowiednia i kiedy? Podzia\u0142 na ubrania codzienne i od\u015bwi\u0119tne wynika z przekonania, \u017ce od \u015bwi\u0119ta powinni\u015bmy wygl\u0105da\u0107 bardziej elegancko, a na co dzie\u0144 bardziej zwyczajnie. Mo\u017cesz, ale nie musisz si\u0119 do tego stosowa\u0107. Je\u015bli bransoletka m\u0119ska odpowiada Ci na co dzie\u0144, nie ma co czeka\u0107 na specjaln\u0105 okazj\u0119.<\/p>\n<p><strong>Codzienna bi\u017cuteria musi by\u0107 trwa\u0142a, poniewa\u017c b\u0119dzie mia\u0142a kontakt z potem i wod\u0105<\/strong>. Dlatego <strong>do cz\u0119stego noszenia lepiej nadaj\u0105 si\u0119 stal chirurgiczna i tytan<\/strong> ni\u017c srebro, drewno czy sznurek. Co nie oznacza, \u017ce nie mo\u017cesz ich nosi\u0107 na co dzie\u0144, po prostu musisz bardziej na nie uwa\u017ca\u0107!<\/p>\n<p>Chcesz wiedzie\u0107,<a href=\"https:\/\/www.pakamera.pl\/magazyn\/jak-czyscic-miedziana-bizuterie\/\" target=\"_blank\" rel=\"noopener\"> jak czy\u015bci\u0107 miedzian\u0105 bi\u017cuteri\u0119<\/a>, poniewa\u017c Twoja bransoletka po tygodniach noszenia nie wygl\u0105da ju\u017c jak nowa? Zanurz ozdob\u0119 w roztworze soku z cytryny i soli, a nast\u0119pnie usu\u0144 nalot, poleruj\u0105c j\u0105 mi\u0119kk\u0105 \u015bciereczk\u0105.<\/p>\n<p>Podoba Ci si\u0119 <a href=\"https:\/\/www.pakamera.pl\/bizuteria-meska-0-2070.htm\" target=\"_blank\" rel=\"noopener\">bi\u017cuteria m\u0119ska<\/a> i ju\u017c wiesz, jak j\u0105 nosi\u0107? Odwied\u017a Pakamera.pl i znajd\u017a bransoletk\u0119 lub \u0142a\u0144cuszek dla siebie!<\/p>\n","protected":false},"excerpt":{"rendered":"<p>M\u0119ska bi\u017cuteria wesz\u0142a do kanonu. M\u0119\u017cczy\u017ani \u015bwiadomie si\u0119gaj\u0105 po pier\u015bcionki, \u0142a\u0144cuszki i bransoletki, traktuj\u0105c je ju\u017c nie jako ekstrawagancki dodatek, ale jako spos\u00f3b na wyra\u017cenie siebie i unikalnego stylu. Sprawd\u017a,<span class=\"more-dots\">&#8230;<\/span><\/p>\n","protected":false},"author":16,"featured_media":12921,"comment_status":"closed","ping_status":"closed","sticky":false,"template":"","format":"standard","meta":{"footnotes":""},"categories":[3],"tags":[2506,2638,2436,518,2589,2619,2389],"class_list":["post-12918","post","type-post","status-publish","format-standard","has-post-thumbnail","hentry","category-moda","tag-dzien-mezczyzny","tag-mesk","tag-meska-bizuteria","tag-mezczyzna","tag-moda-meska","tag-prezent-dla-meza","tag-prezent-dla-mezczyzny"],"yoast_head":"<!-- This site is optimized with the Yoast SEO plugin v21.6 - https:\/\/yoast.com\/wordpress\/plugins\/seo\/ -->\n<title>Jak nosi\u0107 m\u0119sk\u0105 bi\u017cuteri\u0119? Poradnik stylowego m\u0119\u017cczyzny - Magazyn Pakamera.pl<\/title>\n<meta name=\"description\" content=\"Zastanawiasz si\u0119 jak nosi\u0107 m\u0119sk\u0105 bi\u017cuteri\u0119? Zobacz nasze podpowiedzi co do stylizacji, okazji i rozmiar\u00f3w. Sprawd\u017a koniecznie!\" \/>\n<meta name=\"robots\" content=\"index, follow\" \/>\n<link rel=\"canonical\" href=\"https:\/\/www.pakamera.pl\/magazyn\/jak-nosic-meska-bizuterie-poradnik-stylowego-mezczyzny\/\" \/>\n<meta property=\"og:locale\" content=\"pl_PL\" \/>\n<meta property=\"og:type\" content=\"article\" \/>\n<meta property=\"og:title\" content=\"Jak nosi\u0107 m\u0119sk\u0105 bi\u017cuteri\u0119? Poradnik stylowego m\u0119\u017cczyzny - Magazyn Pakamera.pl\" \/>\n<meta property=\"og:description\" content=\"Zastanawiasz si\u0119 jak nosi\u0107 m\u0119sk\u0105 bi\u017cuteri\u0119? Zobacz nasze podpowiedzi co do stylizacji, okazji i rozmiar\u00f3w. Sprawd\u017a koniecznie!\" \/>\n<meta property=\"og:url\" content=\"https:\/\/www.pakamera.pl\/magazyn\/jak-nosic-meska-bizuterie-poradnik-stylowego-mezczyzny\/\" \/>\n<meta property=\"og:site_name\" content=\"Magazyn Pakamera.pl\" \/>\n<meta property=\"article:publisher\" content=\"https:\/\/facebook.com\/pakamerapl\" \/>\n<meta property=\"article:published_time\" content=\"2025-03-07T12:07:37+00:00\" \/>\n<meta property=\"og:image\" content=\"https:\/\/imgmag.pakamera.net\/2025\/03\/jak-nosic-meska-bizuterie-poradnik-stylowego-mezczyzny-122440938103.jpg\" \/>\n\t<meta property=\"og:image:width\" content=\"1600\" \/>\n\t<meta property=\"og:image:height\" content=\"840\" \/>\n\t<meta property=\"og:image:type\" content=\"image\/jpeg\" \/>\n<meta name=\"author\" content=\"Magda Strzelecka\" \/>\n<meta name=\"twitter:card\" content=\"summary_large_image\" \/>\n<meta name=\"twitter:label1\" content=\"Napisane przez\" \/>\n\t<meta name=\"twitter:data1\" content=\"Magda Strzelecka\" \/>\n\t<meta name=\"twitter:label2\" content=\"Szacowany czas czytania\" \/>\n\t<meta name=\"twitter:data2\" content=\"5 minut\" \/>\n<script type=\"application\/ld+json\" class=\"yoast-schema-graph\">{\"@context\":\"https:\/\/schema.org\",\"@graph\":[{\"@type\":\"Article\",\"@id\":\"https:\/\/www.pakamera.pl\/magazyn\/jak-nosic-meska-bizuterie-poradnik-stylowego-mezczyzny\/#article\",\"isPartOf\":{\"@id\":\"https:\/\/www.pakamera.pl\/magazyn\/jak-nosic-meska-bizuterie-poradnik-stylowego-mezczyzny\/\"},\"author\":{\"name\":\"Magda Strzelecka\",\"@id\":\"https:\/\/www.pakamera.pl\/magazyn\/#\/schema\/person\/375940ab821c5af50e1e31f1ec5282b5\"},\"headline\":\"Jak nosi\u0107 m\u0119sk\u0105 bi\u017cuteri\u0119? Poradnik stylowego m\u0119\u017cczyzny\",\"datePublished\":\"2025-03-07T12:07:37+00:00\",\"dateModified\":\"2025-03-07T12:07:37+00:00\",\"mainEntityOfPage\":{\"@id\":\"https:\/\/www.pakamera.pl\/magazyn\/jak-nosic-meska-bizuterie-poradnik-stylowego-mezczyzny\/\"},\"wordCount\":814,\"publisher\":{\"@id\":\"https:\/\/www.pakamera.pl\/magazyn\/#organization\"},\"keywords\":[\"Dzie\u0144 M\u0119\u017cczyzny\",\"m\u0119sk\",\"m\u0119ska bi\u017cuteria\",\"m\u0119\u017cczyzna\",\"moda m\u0119ska\",\"prezent dla m\u0119\u017ca\",\"prezent dla m\u0119\u017cczyzny\"],\"articleSection\":[\"Moda\"],\"inLanguage\":\"pl-PL\"},{\"@type\":\"WebPage\",\"@id\":\"https:\/\/www.pakamera.pl\/magazyn\/jak-nosic-meska-bizuterie-poradnik-stylowego-mezczyzny\/\",\"url\":\"https:\/\/www.pakamera.pl\/magazyn\/jak-nosic-meska-bizuterie-poradnik-stylowego-mezczyzny\/\",\"name\":\"Jak nosi\u0107 m\u0119sk\u0105 bi\u017cuteri\u0119? Poradnik stylowego m\u0119\u017cczyzny - Magazyn Pakamera.pl\",\"isPartOf\":{\"@id\":\"https:\/\/www.pakamera.pl\/magazyn\/#website\"},\"datePublished\":\"2025-03-07T12:07:37+00:00\",\"dateModified\":\"2025-03-07T12:07:37+00:00\",\"description\":\"Zastanawiasz si\u0119 jak nosi\u0107 m\u0119sk\u0105 bi\u017cuteri\u0119? Zobacz nasze podpowiedzi co do stylizacji, okazji i rozmiar\u00f3w. Sprawd\u017a koniecznie!\",\"breadcrumb\":{\"@id\":\"https:\/\/www.pakamera.pl\/magazyn\/jak-nosic-meska-bizuterie-poradnik-stylowego-mezczyzny\/#breadcrumb\"},\"inLanguage\":\"pl-PL\",\"potentialAction\":[{\"@type\":\"ReadAction\",\"target\":[\"https:\/\/www.pakamera.pl\/magazyn\/jak-nosic-meska-bizuterie-poradnik-stylowego-mezczyzny\/\"]}]},{\"@type\":\"BreadcrumbList\",\"@id\":\"https:\/\/www.pakamera.pl\/magazyn\/jak-nosic-meska-bizuterie-poradnik-stylowego-mezczyzny\/#breadcrumb\",\"itemListElement\":[{\"@type\":\"ListItem\",\"position\":1,\"name\":\"Magazyn\",\"item\":\"https:\/\/www.pakamera.pl\/magazyn\/\"},{\"@type\":\"ListItem\",\"position\":2,\"name\":\"Moda\",\"item\":\"https:\/\/www.pakamera.pl\/magazyn\/category\/moda\/\"},{\"@type\":\"ListItem\",\"position\":3,\"name\":\"Jak nosi\u0107 m\u0119sk\u0105 bi\u017cuteri\u0119? Poradnik stylowego m\u0119\u017cczyzny\"}]},{\"@type\":\"WebSite\",\"@id\":\"https:\/\/www.pakamera.pl\/magazyn\/#website\",\"url\":\"https:\/\/www.pakamera.pl\/magazyn\/\",\"name\":\"Magazyn Pakamera.pl\",\"description\":\"Sprawd\u017a najgor\u0119tsze tematy sezonu!\",\"publisher\":{\"@id\":\"https:\/\/www.pakamera.pl\/magazyn\/#organization\"},\"potentialAction\":[{\"@type\":\"SearchAction\",\"target\":{\"@type\":\"EntryPoint\",\"urlTemplate\":\"https:\/\/www.pakamera.pl\/magazyn\/?s={search_term_string}\"},\"query-input\":\"required name=search_term_string\"}],\"inLanguage\":\"pl-PL\"},{\"@type\":\"Organization\",\"@id\":\"https:\/\/www.pakamera.pl\/magazyn\/#organization\",\"name\":\"Pakamera.pl\",\"url\":\"https:\/\/www.pakamera.pl\/magazyn\/\",\"logo\":{\"@type\":\"ImageObject\",\"inLanguage\":\"pl-PL\",\"@id\":\"https:\/\/www.pakamera.pl\/magazyn\/#\/schema\/logo\/image\/\",\"url\":\"https:\/\/imgmag.pakamera.net\/2023\/11\/153455466619.png\",\"contentUrl\":\"https:\/\/imgmag.pakamera.net\/2023\/11\/153455466619.png\",\"width\":690,\"height\":140,\"caption\":\"Pakamera.pl\"},\"image\":{\"@id\":\"https:\/\/www.pakamera.pl\/magazyn\/#\/schema\/logo\/image\/\"},\"sameAs\":[\"https:\/\/facebook.com\/pakamerapl\",\"https:\/\/www.instagram.com\/pakamera\/\"]},{\"@type\":\"Person\",\"@id\":\"https:\/\/www.pakamera.pl\/magazyn\/#\/schema\/person\/375940ab821c5af50e1e31f1ec5282b5\",\"name\":\"Magda Strzelecka\",\"description\":\"Magda to nasza stylistka, kt\u00f3ra od ponad 10 lat \u015bci\u015ble zwi\u0105zana jest z mod\u0105. Uwielbia \u015bledzi\u0107 \u015bwiatowe trendy i przek\u0142ada\u0107 je na rynek polski. Kocha dobre sk\u0142ady ubra\u0144, wyj\u0105tkow\u0105 bi\u017cuteri\u0119 i dodatki kt\u00f3re o\u017cywi\u0105 ka\u017cd\u0105 stylizacj\u0119.\"}]}<\/script>\n<!-- \/ Yoast SEO plugin. -->","yoast_head_json":{"title":"Jak nosi\u0107 m\u0119sk\u0105 bi\u017cuteri\u0119? Poradnik stylowego m\u0119\u017cczyzny - Magazyn Pakamera.pl","description":"Zastanawiasz si\u0119 jak nosi\u0107 m\u0119sk\u0105 bi\u017cuteri\u0119? Zobacz nasze podpowiedzi co do stylizacji, okazji i rozmiar\u00f3w. Sprawd\u017a koniecznie!","robots":{"index":"index","follow":"follow"},"canonical":"https:\/\/www.pakamera.pl\/magazyn\/jak-nosic-meska-bizuterie-poradnik-stylowego-mezczyzny\/","og_locale":"pl_PL","og_type":"article","og_title":"Jak nosi\u0107 m\u0119sk\u0105 bi\u017cuteri\u0119? Poradnik stylowego m\u0119\u017cczyzny - Magazyn Pakamera.pl","og_description":"Zastanawiasz si\u0119 jak nosi\u0107 m\u0119sk\u0105 bi\u017cuteri\u0119? Zobacz nasze podpowiedzi co do stylizacji, okazji i rozmiar\u00f3w. Sprawd\u017a koniecznie!","og_url":"https:\/\/www.pakamera.pl\/magazyn\/jak-nosic-meska-bizuterie-poradnik-stylowego-mezczyzny\/","og_site_name":"Magazyn Pakamera.pl","article_publisher":"https:\/\/facebook.com\/pakamerapl","article_published_time":"2025-03-07T12:07:37+00:00","og_image":[{"width":1600,"height":840,"url":"https:\/\/imgmag.pakamera.net\/2025\/03\/jak-nosic-meska-bizuterie-poradnik-stylowego-mezczyzny-122440938103.jpg","type":"image\/jpeg"}],"author":"Magda Strzelecka","twitter_card":"summary_large_image","twitter_misc":{"Napisane przez":"Magda Strzelecka","Szacowany czas czytania":"5 minut"},"schema":{"@context":"https:\/\/schema.org","@graph":[{"@type":"Article","@id":"https:\/\/www.pakamera.pl\/magazyn\/jak-nosic-meska-bizuterie-poradnik-stylowego-mezczyzny\/#article","isPartOf":{"@id":"https:\/\/www.pakamera.pl\/magazyn\/jak-nosic-meska-bizuterie-poradnik-stylowego-mezczyzny\/"},"author":{"name":"Magda Strzelecka","@id":"https:\/\/www.pakamera.pl\/magazyn\/#\/schema\/person\/375940ab821c5af50e1e31f1ec5282b5"},"headline":"Jak nosi\u0107 m\u0119sk\u0105 bi\u017cuteri\u0119? Poradnik stylowego m\u0119\u017cczyzny","datePublished":"2025-03-07T12:07:37+00:00","dateModified":"2025-03-07T12:07:37+00:00","mainEntityOfPage":{"@id":"https:\/\/www.pakamera.pl\/magazyn\/jak-nosic-meska-bizuterie-poradnik-stylowego-mezczyzny\/"},"wordCount":814,"publisher":{"@id":"https:\/\/www.pakamera.pl\/magazyn\/#organization"},"keywords":["Dzie\u0144 M\u0119\u017cczyzny","m\u0119sk","m\u0119ska bi\u017cuteria","m\u0119\u017cczyzna","moda m\u0119ska","prezent dla m\u0119\u017ca","prezent dla m\u0119\u017cczyzny"],"articleSection":["Moda"],"inLanguage":"pl-PL"},{"@type":"WebPage","@id":"https:\/\/www.pakamera.pl\/magazyn\/jak-nosic-meska-bizuterie-poradnik-stylowego-mezczyzny\/","url":"https:\/\/www.pakamera.pl\/magazyn\/jak-nosic-meska-bizuterie-poradnik-stylowego-mezczyzny\/","name":"Jak nosi\u0107 m\u0119sk\u0105 bi\u017cuteri\u0119? Poradnik stylowego m\u0119\u017cczyzny - Magazyn Pakamera.pl","isPartOf":{"@id":"https:\/\/www.pakamera.pl\/magazyn\/#website"},"datePublished":"2025-03-07T12:07:37+00:00","dateModified":"2025-03-07T12:07:37+00:00","description":"Zastanawiasz si\u0119 jak nosi\u0107 m\u0119sk\u0105 bi\u017cuteri\u0119? Zobacz nasze podpowiedzi co do stylizacji, okazji i rozmiar\u00f3w. Sprawd\u017a koniecznie!","breadcrumb":{"@id":"https:\/\/www.pakamera.pl\/magazyn\/jak-nosic-meska-bizuterie-poradnik-stylowego-mezczyzny\/#breadcrumb"},"inLanguage":"pl-PL","potentialAction":[{"@type":"ReadAction","target":["https:\/\/www.pakamera.pl\/magazyn\/jak-nosic-meska-bizuterie-poradnik-stylowego-mezczyzny\/"]}]},{"@type":"BreadcrumbList","@id":"https:\/\/www.pakamera.pl\/magazyn\/jak-nosic-meska-bizuterie-poradnik-stylowego-mezczyzny\/#breadcrumb","itemListElement":[{"@type":"ListItem","position":1,"name":"Magazyn","item":"https:\/\/www.pakamera.pl\/magazyn\/"},{"@type":"ListItem","position":2,"name":"Moda","item":"https:\/\/www.pakamera.pl\/magazyn\/category\/moda\/"},{"@type":"ListItem","position":3,"name":"Jak nosi\u0107 m\u0119sk\u0105 bi\u017cuteri\u0119? Poradnik stylowego m\u0119\u017cczyzny"}]},{"@type":"WebSite","@id":"https:\/\/www.pakamera.pl\/magazyn\/#website","url":"https:\/\/www.pakamera.pl\/magazyn\/","name":"Magazyn Pakamera.pl","description":"Sprawd\u017a najgor\u0119tsze tematy sezonu!","publisher":{"@id":"https:\/\/www.pakamera.pl\/magazyn\/#organization"},"potentialAction":[{"@type":"SearchAction","target":{"@type":"EntryPoint","urlTemplate":"https:\/\/www.pakamera.pl\/magazyn\/?s={search_term_string}"},"query-input":"required name=search_term_string"}],"inLanguage":"pl-PL"},{"@type":"Organization","@id":"https:\/\/www.pakamera.pl\/magazyn\/#organization","name":"Pakamera.pl","url":"https:\/\/www.pakamera.pl\/magazyn\/","logo":{"@type":"ImageObject","inLanguage":"pl-PL","@id":"https:\/\/www.pakamera.pl\/magazyn\/#\/schema\/logo\/image\/","url":"https:\/\/imgmag.pakamera.net\/2023\/11\/153455466619.png","contentUrl":"https:\/\/imgmag.pakamera.net\/2023\/11\/153455466619.png","width":690,"height":140,"caption":"Pakamera.pl"},"image":{"@id":"https:\/\/www.pakamera.pl\/magazyn\/#\/schema\/logo\/image\/"},"sameAs":["https:\/\/facebook.com\/pakamerapl","https:\/\/www.instagram.com\/pakamera\/"]},{"@type":"Person","@id":"https:\/\/www.pakamera.pl\/magazyn\/#\/schema\/person\/375940ab821c5af50e1e31f1ec5282b5","name":"Magda Strzelecka","description":"Magda to nasza stylistka, kt\u00f3ra od ponad 10 lat \u015bci\u015ble zwi\u0105zana jest z mod\u0105. Uwielbia \u015bledzi\u0107 \u015bwiatowe trendy i przek\u0142ada\u0107 je na rynek polski. Kocha dobre sk\u0142ady ubra\u0144, wyj\u0105tkow\u0105 bi\u017cuteri\u0119 i dodatki kt\u00f3re o\u017cywi\u0105 ka\u017cd\u0105 stylizacj\u0119."}]}},"_links":{"self":[{"href":"https:\/\/www.pakamera.pl\/magazyn\/wp-json\/wp\/v2\/posts\/12918","targetHints":{"allow":["GET"]}}],"collection":[{"href":"https:\/\/www.pakamera.pl\/magazyn\/wp-json\/wp\/v2\/posts"}],"about":[{"href":"https:\/\/www.pakamera.pl\/magazyn\/wp-json\/wp\/v2\/types\/post"}],"author":[{"embeddable":true,"href":"https:\/\/www.pakamera.pl\/magazyn\/wp-json\/wp\/v2\/users\/16"}],"replies":[{"embeddable":true,"href":"https:\/\/www.pakamera.pl\/magazyn\/wp-json\/wp\/v2\/comments?post=12918"}],"version-history":[{"count":1,"href":"https:\/\/www.pakamera.pl\/magazyn\/wp-json\/wp\/v2\/posts\/12918\/revisions"}],"predecessor-version":[{"id":12923,"href":"https:\/\/www.pakamera.pl\/magazyn\/wp-json\/wp\/v2\/posts\/12918\/revisions\/12923"}],"wp:featuredmedia":[{"embeddable":true,"href":"https:\/\/www.pakamera.pl\/magazyn\/wp-json\/wp\/v2\/media\/12921"}],"wp:attachment":[{"href":"https:\/\/www.pakamera.pl\/magazyn\/wp-json\/wp\/v2\/media?parent=12918"}],"wp:term":[{"taxonomy":"category","embeddable":true,"href":"https:\/\/www.pakamera.pl\/magazyn\/wp-json\/wp\/v2\/categories?post=12918"},{"taxonomy":"post_tag","embeddable":true,"href":"https:\/\/www.pakamera.pl\/magazyn\/wp-json\/wp\/v2\/tags?post=12918"}],"curies":[{"name":"wp","href":"https:\/\/api.w.org\/{rel}","templated":true}]}}