{"id":12245,"date":"2025-03-01T10:42:01","date_gmt":"2025-03-01T09:42:01","guid":{"rendered":"https:\/\/www.pakamera.pl\/magazyn\/?p=12245"},"modified":"2026-03-31T13:51:26","modified_gmt":"2026-03-31T11:51:26","slug":"jakie-kolczyki-nie-uczulaja-wybieramy-kolczyki-dla-alergika","status":"publish","type":"post","link":"https:\/\/www.pakamera.pl\/magazyn\/jakie-kolczyki-nie-uczulaja-wybieramy-kolczyki-dla-alergika\/","title":{"rendered":"Jakie kolczyki nie uczulaj\u0105? Wybieramy kolczyki dla alergika"},"content":{"rendered":"<p><strong>Dla wra\u017cliwych uszu ka\u017cda pr\u00f3ba noszenia bi\u017cuterii mo\u017ce ko\u0144czy\u0107 si\u0119 zaczerwienieniem i sw\u0119dzeniem. Ten problem dotyka wielu os\u00f3b, ale nie musz\u0105 one ca\u0142kiem rezygnowa\u0107 z ozd\u00f3b. Artyku\u0142 da Ci odpowied\u017a na pytanie, jakie kolczyki nie uczulaj\u0105.<\/strong><\/p>\n<p><!--more--><\/p>\n<figure id=\"attachment_12247\" aria-describedby=\"caption-attachment-12247\" style=\"width: 1600px\" class=\"wp-caption alignnone\"><img loading=\"lazy\" decoding=\"async\" class=\"wp-image-12247 size-full\" src=\"https:\/\/imgmag.pakamera.net\/2025\/02\/jakie-kolczyki-nie-uczulaja-wybieramy-kolczyki-dla-alergika-112432374577.jpg\" alt=\"Jakie kolczyki nie uczulaj\u0105\" width=\"1600\" height=\"840\" \/><figcaption id=\"caption-attachment-12247\" class=\"wp-caption-text\">Kolczyki Retro No. 1 Z\u0142oto \/ JEWELRY ANEW \/ www.pakamera.pl<\/figcaption><\/figure>\n<p>Nieprzyjemne pieczenie po kilku godzinach noszenia pi\u0119knych kolczyk\u00f3w potrafi zepsu\u0107 rado\u015b\u0107 z nowego zakupu. A na dodatek jest po prostu szkodliwe dla zdrowia. Na szcz\u0119\u015bcie na rynku znajduje si\u0119 mn\u00f3stwo alternatyw dla uczulaj\u0105cych metali, np. tytan, stal chirurgiczna 316L oraz srebro i z\u0142oto wysokiej pr\u00f3by.<\/p>\n<h2>Jak wygl\u0105da uczulenie na kolczyki? Najcz\u0119stsze objawy<\/h2>\n<p>G\u0142\u00f3wnym winowajc\u0105 uczule\u0144 jest nikiel dodany do stopu srebra lub z\u0142ota. Wed\u0142ug Stowarzyszenia Stali Nierdzewnej prawie 20% kobiet i 6% m\u0119\u017cczyzn z Europy Zachodniej ma na niego alergi\u0119. Problemy cz\u0119sto wywo\u0142uj\u0105 r\u00f3wnie\u017c kobalt, chrom i mied\u017a.<\/p>\n<p>Sk\u0105d wiadomo, \u017ce masz uczulenie na kolczyki? <strong>Objawy zazwyczaj pojawiaj\u0105 si\u0119 szybko<\/strong>. Zaledwie kilka godzin po za\u0142o\u017ceniu nowej bi\u017cuterii Twoje cia\u0142o daje zna\u0107, \u017ce co\u015b jest nie tak. Najpierw zobaczysz <strong>zaczerwienienie wok\u00f3\u0142 miejsca przek\u0142ucia<\/strong>. Rumie\u0144 stopniowo mo\u017ce si\u0119 rozszerza\u0107, a towarzyszy\u0107 b\u0119dzie mu sw\u0119dzenie i pieczenie.<\/p>\n<div id=\"pakawidget1870\" class=\"pakawidget\"><\/div>\n<p><script async defer src=\"https:\/\/www.pakamera.pl\/widget\/widget2.min.js?id=1870&#038;type=20250227112056&#038;wwidth=1000\"><\/script><br \/>\nW powa\u017cniejszych przypadkach mo\u017ce pojawi\u0107 si\u0119 nawet obrz\u0119k ma\u0142\u017cowiny usznej. Twoje ucho staje si\u0119 wtedy ciep\u0142e w dotyku i bolesne. Na sk\u00f3rze cz\u0119sto pojawia si\u0119 drobna wysypka lub krostki wype\u0142nione p\u0142ynem.<\/p>\n<p><strong>Je\u015bli zauwa\u017cysz niepokoj\u0105ce objawy, zdejmij kolczyki<\/strong>. Przemyj uszy delikatnym \u015brodkiem antyseptycznym i daj sk\u00f3rze odpocz\u0105\u0107. W razie potrzeby skonsultuj zmiany z dermatologiem. Lekarz mo\u017ce zaleci\u0107 \u015brodki \u0142agodz\u0105ce podra\u017cnienie.<\/p>\n<h2>Jakie kolczyki dla alergik\u00f3w b\u0119d\u0105 odpowiednie?<\/h2>\n<p><a href=\"https:\/\/www.pakamera.pl\/kolczyki-0-1819.htm\" target=\"_blank\" rel=\"noopener\">Kolczyki<\/a> polecane dla alergika <strong>s\u0105 wykonywane z tytanu<\/strong>. Ten metal jest praktycznie oboj\u0119tny dla sk\u00f3ry, poniewa\u017c nie wchodzi w reakcje z potem. A na dodatek nie zawiera niklu. Lekarze u\u017cywaj\u0105 go do implant\u00f3w stomatologicznych, wi\u0119c spokojnie mo\u017cesz mu zaufa\u0107 przy wyborze bi\u017cuterii.<\/p>\n<figure id=\"attachment_12248\" aria-describedby=\"caption-attachment-12248\" style=\"width: 1600px\" class=\"wp-caption alignnone\"><img loading=\"lazy\" decoding=\"async\" class=\"wp-image-12248 size-full\" src=\"https:\/\/imgmag.pakamera.net\/2025\/02\/jakie-kolczyki-nie-uczulaja-wybieramy-kolczyki-dla-alergika-112433098559.jpg\" alt=\"Niebanalne kolczyki dwa r\u00f3\u017cne, wykonane w ca\u0142o\u015bci ze stali chirurgicznej\" width=\"1600\" height=\"840\" \/><figcaption id=\"caption-attachment-12248\" class=\"wp-caption-text\">Kolczyki geometryczne, stal chirurgiczna \/ Anna Ruscak LOTKA \/ www.pakamera.pl<\/figcaption><\/figure>\n<p><strong>Powszechnie uwa\u017ca si\u0119, \u017ce srebro i z\u0142oto nie uczulaj\u0105 i s\u0105 bezpieczne<\/strong>. Niestety, niekt\u00f3re z nich zawieraj\u0105 domieszk\u0119 niklu, wi\u0119c uczulenie na srebrne kolczyki jest mo\u017cliwe. <strong>\u017beby wykluczy\u0107 nieprzyjemn\u0105 reakcj\u0119, wybierz srebro pr\u00f3by 925 lub wy\u017cszej i z\u0142oto od pr\u00f3by 585<\/strong>. Jakie kolczyki dla alergik\u00f3w b\u0119d\u0105 jeszcze odpowiednie? Mo\u017ce to by\u0107 np. <strong>stal chirurgiczna 316L<\/strong>, taka sama, jak stop u\u017cywany w sprz\u0119cie medycznym.<\/p>\n<p>Doskona\u0142ym rozwi\u0105zaniem dla alergik\u00f3w s\u0105 te\u017c <a href=\"https:\/\/www.pakamera.pl\/klipsy-0-1853.htm\" target=\"_blank\" rel=\"noopener\">klipsy<\/a>. Maj\u0105 one kontakt tylko ze sk\u00f3r\u0105 dzi\u0119ki czemu w wielu przypadkach s\u0105 doskona\u0142ym wyborem dla os\u00f3b uczulonych na metale.<\/p>\n<p>Ju\u017c znasz odpowied\u017a, <a href=\"https:\/\/www.pakamera.pl\/magazyn\/kolczyki-tytanowe-idealne-dla-alergikow\/\" target=\"_blank\" rel=\"noopener\">czy tytanowe kolczyki s\u0105 hipoalergiczne<\/a>, ale chcesz mie\u0107 wi\u0119cej opcji? Wypr\u00f3buj r\u00f3wnie\u017c <strong>kolczyki z bioplastu, szk\u0142a, ceramiki i silikonu medycznego<\/strong>. Zazwyczaj alergicy dobrze znosz\u0105 te\u017c kolczyki z drewna, o ile nie s\u0105 pokryte lakierem zawieraj\u0105cym metale.<\/p>\n<h3>Kolczyki, kt\u00f3re nie uczulaj\u0105:<\/h3>\n<ul>\n<li><a href=\"https:\/\/www.pakamera.pl\/kolczyki-z-tytanu-0-t20951.htm\" target=\"_blank\" rel=\"noopener\">kolczyki tytanowe<\/a>,<\/li>\n<li>z czystego srebra (pr\u00f3ba 925 lub wy\u017csza),<\/li>\n<li>ze z\u0142ota wysokiej pr\u00f3by (co najmniej 585),<\/li>\n<li><a href=\"https:\/\/www.pakamera.pl\/bizuteria-stal-chirurgiczna-0-t136047.htm\" target=\"_blank\" rel=\"noopener\">bi\u017cuteria ze stali chirurgicznej<\/a> 316L,<\/li>\n<li>z platyny,<\/li>\n<li>z niobu,<\/li>\n<li>ze szk\u0142a borokrzemowego,<\/li>\n<li>z bioplastu medycznego,<\/li>\n<li>z ceramiki,<\/li>\n<li>z silikonu medycznego,<\/li>\n<li>z drewna.<\/li>\n<\/ul>\n<h2>Co zrobi\u0107, \u017ceby kolczyki nie uczula\u0142y? Poradnik zakupowy<\/h2>\n<div id=\"pakawidget1869\" class=\"pakawidget\"><\/div>\n<p><script async defer src=\"https:\/\/www.pakamera.pl\/widget\/widget2.min.js?id=1869&#038;type=20250227111216&#038;wwidth=1000\"><\/script><br \/>\nMasz uczulenie na kolczyki? Co zrobi\u0107, \u017ceby bezpiecznie nosi\u0107 bi\u017cuteri\u0119? <strong>Przede wszystkim zwr\u00f3\u0107 uwag\u0119, czy kupowane przez Ciebie ozdoby s\u0105 wolne od niklu i innych mocno uczulaj\u0105cych metali<\/strong>.<\/p>\n<p>Potwierdzenia, jakie kolczyki b\u0119d\u0105 bezpieczne dla alergik\u00f3w, szukaj na certyfikatach i oznaczeniach do\u0142\u0105czonych do produkt\u00f3w. Producenci powinni podawa\u0107, czy w ozdobie znajduje si\u0119 nikiel. Na wszelki wypadek <strong>przetestuj kolczyki, zanim za\u0142o\u017cysz je na ca\u0142y dzie\u0144<\/strong>. Je\u015bli nie zauwa\u017cysz niczego niepokoj\u0105cego, wyd\u0142u\u017caj czas noszenia.<\/p>\n<p><strong>Przed ka\u017cdym kolejnym za\u0142o\u017ceniem przemyj kolczyki alkoholem izopropylowym<\/strong>. Nie no\u015b metalowych ozd\u00f3b podczas snu, p\u0142ywania i intensywnego wysi\u0142ku. Lepiej nie ryzykowa\u0107, \u017ce pot wejdzie w reakcje z metalami.<\/p>\n<p>Je\u015bli mimo \u015brodk\u00f3w ostro\u017cno\u015bci, podejrzewasz uczulenie od kolczyk\u00f3w, odwied\u017a dermatologa i popro\u015b o testy p\u0142atkowe. To badanie da Ci wiedz\u0119, na jakie metale reagujesz.<\/p>\n<p><a href=\"https:\/\/www.pakamera.pl\/magazyn\/idealna-bizuteria-dla-alergikow\/\" target=\"_blank\" rel=\"noopener\">Bi\u017cuteria dla alergik\u00f3w<\/a> czeka na Ciebie na Pakamera.pl. Odwied\u017a sklep i sprawd\u017a, co przygotowali dla Ciebie polscy rzemie\u015blnicy.<\/p>\n","protected":false},"excerpt":{"rendered":"<p>Dla wra\u017cliwych uszu ka\u017cda pr\u00f3ba noszenia bi\u017cuterii mo\u017ce ko\u0144czy\u0107 si\u0119 zaczerwienieniem i sw\u0119dzeniem. Ten problem dotyka wielu os\u00f3b, ale nie musz\u0105 one ca\u0142kiem rezygnowa\u0107 z ozd\u00f3b. Artyku\u0142 da Ci odpowied\u017a<span class=\"more-dots\">&#8230;<\/span><\/p>\n","protected":false},"author":16,"featured_media":12247,"comment_status":"closed","ping_status":"closed","sticky":false,"template":"","format":"standard","meta":{"footnotes":""},"categories":[3],"tags":[2634,2637,2598,2635,2599,2636,107],"class_list":["post-12245","post","type-post","status-publish","format-standard","has-post-thumbnail","hentry","category-moda","tag-alergicy","tag-hipoalergiczne","tag-kolczyki-tytanowe","tag-stal-chirurgiczna","tag-tytan","tag-uczulenie","tag-zlote-kolczyki"],"yoast_head":"<!-- This site is optimized with the Yoast SEO plugin v21.6 - https:\/\/yoast.com\/wordpress\/plugins\/seo\/ -->\n<title>Jakie kolczyki nie uczulaj\u0105? Wybieramy kolczyki dla alergika - Magazyn Pakamera.pl<\/title>\n<meta name=\"description\" content=\"Zastanawiasz si\u0119 jakie kolczyki nie uczulaj\u0105? Zobacz nasze propozycje dla alergik\u00f3w, kt\u00f3re b\u0119dziesz mog\u0142a nosi\u0107 bez obawy o swoje uszy.\" \/>\n<meta name=\"robots\" content=\"index, follow\" \/>\n<link rel=\"canonical\" href=\"https:\/\/www.pakamera.pl\/magazyn\/jakie-kolczyki-nie-uczulaja-wybieramy-kolczyki-dla-alergika\/\" \/>\n<meta property=\"og:locale\" content=\"pl_PL\" \/>\n<meta property=\"og:type\" content=\"article\" \/>\n<meta property=\"og:title\" content=\"Jakie kolczyki nie uczulaj\u0105? Wybieramy kolczyki dla alergika - Magazyn Pakamera.pl\" \/>\n<meta property=\"og:description\" content=\"Zastanawiasz si\u0119 jakie kolczyki nie uczulaj\u0105? Zobacz nasze propozycje dla alergik\u00f3w, kt\u00f3re b\u0119dziesz mog\u0142a nosi\u0107 bez obawy o swoje uszy.\" \/>\n<meta property=\"og:url\" content=\"https:\/\/www.pakamera.pl\/magazyn\/jakie-kolczyki-nie-uczulaja-wybieramy-kolczyki-dla-alergika\/\" \/>\n<meta property=\"og:site_name\" content=\"Magazyn Pakamera.pl\" \/>\n<meta property=\"article:publisher\" content=\"https:\/\/facebook.com\/pakamerapl\" \/>\n<meta property=\"article:published_time\" content=\"2025-03-01T09:42:01+00:00\" \/>\n<meta property=\"article:modified_time\" content=\"2026-03-31T11:51:26+00:00\" \/>\n<meta property=\"og:image\" content=\"https:\/\/imgmag.pakamera.net\/2025\/02\/jakie-kolczyki-nie-uczulaja-wybieramy-kolczyki-dla-alergika-112432374577.jpg\" \/>\n\t<meta property=\"og:image:width\" content=\"1600\" \/>\n\t<meta property=\"og:image:height\" content=\"840\" \/>\n\t<meta property=\"og:image:type\" content=\"image\/jpeg\" \/>\n<meta name=\"author\" content=\"Magda Strzelecka\" \/>\n<meta name=\"twitter:card\" content=\"summary_large_image\" \/>\n<meta name=\"twitter:label1\" content=\"Napisane przez\" \/>\n\t<meta name=\"twitter:data1\" content=\"Magda Strzelecka\" \/>\n\t<meta name=\"twitter:label2\" content=\"Szacowany czas czytania\" \/>\n\t<meta name=\"twitter:data2\" content=\"5 minut\" \/>\n<script type=\"application\/ld+json\" class=\"yoast-schema-graph\">{\"@context\":\"https:\/\/schema.org\",\"@graph\":[{\"@type\":\"Article\",\"@id\":\"https:\/\/www.pakamera.pl\/magazyn\/jakie-kolczyki-nie-uczulaja-wybieramy-kolczyki-dla-alergika\/#article\",\"isPartOf\":{\"@id\":\"https:\/\/www.pakamera.pl\/magazyn\/jakie-kolczyki-nie-uczulaja-wybieramy-kolczyki-dla-alergika\/\"},\"author\":{\"name\":\"Magda Strzelecka\",\"@id\":\"https:\/\/www.pakamera.pl\/magazyn\/#\/schema\/person\/375940ab821c5af50e1e31f1ec5282b5\"},\"headline\":\"Jakie kolczyki nie uczulaj\u0105? Wybieramy kolczyki dla alergika\",\"datePublished\":\"2025-03-01T09:42:01+00:00\",\"dateModified\":\"2026-03-31T11:51:26+00:00\",\"mainEntityOfPage\":{\"@id\":\"https:\/\/www.pakamera.pl\/magazyn\/jakie-kolczyki-nie-uczulaja-wybieramy-kolczyki-dla-alergika\/\"},\"wordCount\":756,\"publisher\":{\"@id\":\"https:\/\/www.pakamera.pl\/magazyn\/#organization\"},\"keywords\":[\"alergicy\",\"hipoalergiczne\",\"kolczyki tytanowe\",\"stal chirurgiczna\",\"tytan\",\"uczulenie\",\"Z\u0142ote kolczyki\"],\"articleSection\":[\"Moda\"],\"inLanguage\":\"pl-PL\"},{\"@type\":\"WebPage\",\"@id\":\"https:\/\/www.pakamera.pl\/magazyn\/jakie-kolczyki-nie-uczulaja-wybieramy-kolczyki-dla-alergika\/\",\"url\":\"https:\/\/www.pakamera.pl\/magazyn\/jakie-kolczyki-nie-uczulaja-wybieramy-kolczyki-dla-alergika\/\",\"name\":\"Jakie kolczyki nie uczulaj\u0105? Wybieramy kolczyki dla alergika - Magazyn Pakamera.pl\",\"isPartOf\":{\"@id\":\"https:\/\/www.pakamera.pl\/magazyn\/#website\"},\"datePublished\":\"2025-03-01T09:42:01+00:00\",\"dateModified\":\"2026-03-31T11:51:26+00:00\",\"description\":\"Zastanawiasz si\u0119 jakie kolczyki nie uczulaj\u0105? Zobacz nasze propozycje dla alergik\u00f3w, kt\u00f3re b\u0119dziesz mog\u0142a nosi\u0107 bez obawy o swoje uszy.\",\"breadcrumb\":{\"@id\":\"https:\/\/www.pakamera.pl\/magazyn\/jakie-kolczyki-nie-uczulaja-wybieramy-kolczyki-dla-alergika\/#breadcrumb\"},\"inLanguage\":\"pl-PL\",\"potentialAction\":[{\"@type\":\"ReadAction\",\"target\":[\"https:\/\/www.pakamera.pl\/magazyn\/jakie-kolczyki-nie-uczulaja-wybieramy-kolczyki-dla-alergika\/\"]}]},{\"@type\":\"BreadcrumbList\",\"@id\":\"https:\/\/www.pakamera.pl\/magazyn\/jakie-kolczyki-nie-uczulaja-wybieramy-kolczyki-dla-alergika\/#breadcrumb\",\"itemListElement\":[{\"@type\":\"ListItem\",\"position\":1,\"name\":\"Magazyn\",\"item\":\"https:\/\/www.pakamera.pl\/magazyn\/\"},{\"@type\":\"ListItem\",\"position\":2,\"name\":\"Moda\",\"item\":\"https:\/\/www.pakamera.pl\/magazyn\/category\/moda\/\"},{\"@type\":\"ListItem\",\"position\":3,\"name\":\"Jakie kolczyki nie uczulaj\u0105? Wybieramy kolczyki dla alergika\"}]},{\"@type\":\"WebSite\",\"@id\":\"https:\/\/www.pakamera.pl\/magazyn\/#website\",\"url\":\"https:\/\/www.pakamera.pl\/magazyn\/\",\"name\":\"Magazyn Pakamera.pl\",\"description\":\"Sprawd\u017a najgor\u0119tsze tematy sezonu!\",\"publisher\":{\"@id\":\"https:\/\/www.pakamera.pl\/magazyn\/#organization\"},\"potentialAction\":[{\"@type\":\"SearchAction\",\"target\":{\"@type\":\"EntryPoint\",\"urlTemplate\":\"https:\/\/www.pakamera.pl\/magazyn\/?s={search_term_string}\"},\"query-input\":\"required name=search_term_string\"}],\"inLanguage\":\"pl-PL\"},{\"@type\":\"Organization\",\"@id\":\"https:\/\/www.pakamera.pl\/magazyn\/#organization\",\"name\":\"Pakamera.pl\",\"url\":\"https:\/\/www.pakamera.pl\/magazyn\/\",\"logo\":{\"@type\":\"ImageObject\",\"inLanguage\":\"pl-PL\",\"@id\":\"https:\/\/www.pakamera.pl\/magazyn\/#\/schema\/logo\/image\/\",\"url\":\"https:\/\/imgmag.pakamera.net\/2023\/11\/153455466619.png\",\"contentUrl\":\"https:\/\/imgmag.pakamera.net\/2023\/11\/153455466619.png\",\"width\":690,\"height\":140,\"caption\":\"Pakamera.pl\"},\"image\":{\"@id\":\"https:\/\/www.pakamera.pl\/magazyn\/#\/schema\/logo\/image\/\"},\"sameAs\":[\"https:\/\/facebook.com\/pakamerapl\",\"https:\/\/www.instagram.com\/pakamera\/\"]},{\"@type\":\"Person\",\"@id\":\"https:\/\/www.pakamera.pl\/magazyn\/#\/schema\/person\/375940ab821c5af50e1e31f1ec5282b5\",\"name\":\"Magda Strzelecka\",\"description\":\"Magda to nasza stylistka, kt\u00f3ra od ponad 10 lat \u015bci\u015ble zwi\u0105zana jest z mod\u0105. Uwielbia \u015bledzi\u0107 \u015bwiatowe trendy i przek\u0142ada\u0107 je na rynek polski. Kocha dobre sk\u0142ady ubra\u0144, wyj\u0105tkow\u0105 bi\u017cuteri\u0119 i dodatki kt\u00f3re o\u017cywi\u0105 ka\u017cd\u0105 stylizacj\u0119.\"}]}<\/script>\n<!-- \/ Yoast SEO plugin. -->","yoast_head_json":{"title":"Jakie kolczyki nie uczulaj\u0105? Wybieramy kolczyki dla alergika - Magazyn Pakamera.pl","description":"Zastanawiasz si\u0119 jakie kolczyki nie uczulaj\u0105? Zobacz nasze propozycje dla alergik\u00f3w, kt\u00f3re b\u0119dziesz mog\u0142a nosi\u0107 bez obawy o swoje uszy.","robots":{"index":"index","follow":"follow"},"canonical":"https:\/\/www.pakamera.pl\/magazyn\/jakie-kolczyki-nie-uczulaja-wybieramy-kolczyki-dla-alergika\/","og_locale":"pl_PL","og_type":"article","og_title":"Jakie kolczyki nie uczulaj\u0105? Wybieramy kolczyki dla alergika - Magazyn Pakamera.pl","og_description":"Zastanawiasz si\u0119 jakie kolczyki nie uczulaj\u0105? Zobacz nasze propozycje dla alergik\u00f3w, kt\u00f3re b\u0119dziesz mog\u0142a nosi\u0107 bez obawy o swoje uszy.","og_url":"https:\/\/www.pakamera.pl\/magazyn\/jakie-kolczyki-nie-uczulaja-wybieramy-kolczyki-dla-alergika\/","og_site_name":"Magazyn Pakamera.pl","article_publisher":"https:\/\/facebook.com\/pakamerapl","article_published_time":"2025-03-01T09:42:01+00:00","article_modified_time":"2026-03-31T11:51:26+00:00","og_image":[{"width":1600,"height":840,"url":"https:\/\/imgmag.pakamera.net\/2025\/02\/jakie-kolczyki-nie-uczulaja-wybieramy-kolczyki-dla-alergika-112432374577.jpg","type":"image\/jpeg"}],"author":"Magda Strzelecka","twitter_card":"summary_large_image","twitter_misc":{"Napisane przez":"Magda Strzelecka","Szacowany czas czytania":"5 minut"},"schema":{"@context":"https:\/\/schema.org","@graph":[{"@type":"Article","@id":"https:\/\/www.pakamera.pl\/magazyn\/jakie-kolczyki-nie-uczulaja-wybieramy-kolczyki-dla-alergika\/#article","isPartOf":{"@id":"https:\/\/www.pakamera.pl\/magazyn\/jakie-kolczyki-nie-uczulaja-wybieramy-kolczyki-dla-alergika\/"},"author":{"name":"Magda Strzelecka","@id":"https:\/\/www.pakamera.pl\/magazyn\/#\/schema\/person\/375940ab821c5af50e1e31f1ec5282b5"},"headline":"Jakie kolczyki nie uczulaj\u0105? Wybieramy kolczyki dla alergika","datePublished":"2025-03-01T09:42:01+00:00","dateModified":"2026-03-31T11:51:26+00:00","mainEntityOfPage":{"@id":"https:\/\/www.pakamera.pl\/magazyn\/jakie-kolczyki-nie-uczulaja-wybieramy-kolczyki-dla-alergika\/"},"wordCount":756,"publisher":{"@id":"https:\/\/www.pakamera.pl\/magazyn\/#organization"},"keywords":["alergicy","hipoalergiczne","kolczyki tytanowe","stal chirurgiczna","tytan","uczulenie","Z\u0142ote kolczyki"],"articleSection":["Moda"],"inLanguage":"pl-PL"},{"@type":"WebPage","@id":"https:\/\/www.pakamera.pl\/magazyn\/jakie-kolczyki-nie-uczulaja-wybieramy-kolczyki-dla-alergika\/","url":"https:\/\/www.pakamera.pl\/magazyn\/jakie-kolczyki-nie-uczulaja-wybieramy-kolczyki-dla-alergika\/","name":"Jakie kolczyki nie uczulaj\u0105? Wybieramy kolczyki dla alergika - Magazyn Pakamera.pl","isPartOf":{"@id":"https:\/\/www.pakamera.pl\/magazyn\/#website"},"datePublished":"2025-03-01T09:42:01+00:00","dateModified":"2026-03-31T11:51:26+00:00","description":"Zastanawiasz si\u0119 jakie kolczyki nie uczulaj\u0105? Zobacz nasze propozycje dla alergik\u00f3w, kt\u00f3re b\u0119dziesz mog\u0142a nosi\u0107 bez obawy o swoje uszy.","breadcrumb":{"@id":"https:\/\/www.pakamera.pl\/magazyn\/jakie-kolczyki-nie-uczulaja-wybieramy-kolczyki-dla-alergika\/#breadcrumb"},"inLanguage":"pl-PL","potentialAction":[{"@type":"ReadAction","target":["https:\/\/www.pakamera.pl\/magazyn\/jakie-kolczyki-nie-uczulaja-wybieramy-kolczyki-dla-alergika\/"]}]},{"@type":"BreadcrumbList","@id":"https:\/\/www.pakamera.pl\/magazyn\/jakie-kolczyki-nie-uczulaja-wybieramy-kolczyki-dla-alergika\/#breadcrumb","itemListElement":[{"@type":"ListItem","position":1,"name":"Magazyn","item":"https:\/\/www.pakamera.pl\/magazyn\/"},{"@type":"ListItem","position":2,"name":"Moda","item":"https:\/\/www.pakamera.pl\/magazyn\/category\/moda\/"},{"@type":"ListItem","position":3,"name":"Jakie kolczyki nie uczulaj\u0105? Wybieramy kolczyki dla alergika"}]},{"@type":"WebSite","@id":"https:\/\/www.pakamera.pl\/magazyn\/#website","url":"https:\/\/www.pakamera.pl\/magazyn\/","name":"Magazyn Pakamera.pl","description":"Sprawd\u017a najgor\u0119tsze tematy sezonu!","publisher":{"@id":"https:\/\/www.pakamera.pl\/magazyn\/#organization"},"potentialAction":[{"@type":"SearchAction","target":{"@type":"EntryPoint","urlTemplate":"https:\/\/www.pakamera.pl\/magazyn\/?s={search_term_string}"},"query-input":"required name=search_term_string"}],"inLanguage":"pl-PL"},{"@type":"Organization","@id":"https:\/\/www.pakamera.pl\/magazyn\/#organization","name":"Pakamera.pl","url":"https:\/\/www.pakamera.pl\/magazyn\/","logo":{"@type":"ImageObject","inLanguage":"pl-PL","@id":"https:\/\/www.pakamera.pl\/magazyn\/#\/schema\/logo\/image\/","url":"https:\/\/imgmag.pakamera.net\/2023\/11\/153455466619.png","contentUrl":"https:\/\/imgmag.pakamera.net\/2023\/11\/153455466619.png","width":690,"height":140,"caption":"Pakamera.pl"},"image":{"@id":"https:\/\/www.pakamera.pl\/magazyn\/#\/schema\/logo\/image\/"},"sameAs":["https:\/\/facebook.com\/pakamerapl","https:\/\/www.instagram.com\/pakamera\/"]},{"@type":"Person","@id":"https:\/\/www.pakamera.pl\/magazyn\/#\/schema\/person\/375940ab821c5af50e1e31f1ec5282b5","name":"Magda Strzelecka","description":"Magda to nasza stylistka, kt\u00f3ra od ponad 10 lat \u015bci\u015ble zwi\u0105zana jest z mod\u0105. Uwielbia \u015bledzi\u0107 \u015bwiatowe trendy i przek\u0142ada\u0107 je na rynek polski. Kocha dobre sk\u0142ady ubra\u0144, wyj\u0105tkow\u0105 bi\u017cuteri\u0119 i dodatki kt\u00f3re o\u017cywi\u0105 ka\u017cd\u0105 stylizacj\u0119."}]}},"_links":{"self":[{"href":"https:\/\/www.pakamera.pl\/magazyn\/wp-json\/wp\/v2\/posts\/12245","targetHints":{"allow":["GET"]}}],"collection":[{"href":"https:\/\/www.pakamera.pl\/magazyn\/wp-json\/wp\/v2\/posts"}],"about":[{"href":"https:\/\/www.pakamera.pl\/magazyn\/wp-json\/wp\/v2\/types\/post"}],"author":[{"embeddable":true,"href":"https:\/\/www.pakamera.pl\/magazyn\/wp-json\/wp\/v2\/users\/16"}],"replies":[{"embeddable":true,"href":"https:\/\/www.pakamera.pl\/magazyn\/wp-json\/wp\/v2\/comments?post=12245"}],"version-history":[{"count":3,"href":"https:\/\/www.pakamera.pl\/magazyn\/wp-json\/wp\/v2\/posts\/12245\/revisions"}],"predecessor-version":[{"id":14683,"href":"https:\/\/www.pakamera.pl\/magazyn\/wp-json\/wp\/v2\/posts\/12245\/revisions\/14683"}],"wp:featuredmedia":[{"embeddable":true,"href":"https:\/\/www.pakamera.pl\/magazyn\/wp-json\/wp\/v2\/media\/12247"}],"wp:attachment":[{"href":"https:\/\/www.pakamera.pl\/magazyn\/wp-json\/wp\/v2\/media?parent=12245"}],"wp:term":[{"taxonomy":"category","embeddable":true,"href":"https:\/\/www.pakamera.pl\/magazyn\/wp-json\/wp\/v2\/categories?post=12245"},{"taxonomy":"post_tag","embeddable":true,"href":"https:\/\/www.pakamera.pl\/magazyn\/wp-json\/wp\/v2\/tags?post=12245"}],"curies":[{"name":"wp","href":"https:\/\/api.w.org\/{rel}","templated":true}]}}