{"id":12209,"date":"2025-02-19T15:52:36","date_gmt":"2025-02-19T14:52:36","guid":{"rendered":"https:\/\/www.pakamera.pl\/magazyn\/?p=12209"},"modified":"2025-02-19T15:52:36","modified_gmt":"2025-02-19T14:52:36","slug":"co-wlozyc-do-koszyczka-wielkanocnego","status":"publish","type":"post","link":"https:\/\/www.pakamera.pl\/magazyn\/co-wlozyc-do-koszyczka-wielkanocnego\/","title":{"rendered":"Co w\u0142o\u017cy\u0107 do koszyczka wielkanocnego?"},"content":{"rendered":"<p><strong>\u015awi\u0119conka zajmuje specjalne miejsce w polskiej tradycji. W Wielk\u0105 Sobot\u0119 rodziny w komplecie id\u0105 do Ko\u015bcio\u0142a po\u015bwi\u0119ci\u0107 pokarmy i prosi\u0107 o dar b\u0142ogos\u0142awie\u0144stwa. Je\u015bli jednak robisz to po raz pierwszy, sk\u0105d masz wiedzie\u0107, co w\u0142o\u017cy\u0107 do koszyczka wielkanocnego?<\/strong><\/p>\n<p><!--more--><\/p>\n<figure id=\"attachment_12214\" aria-describedby=\"caption-attachment-12214\" style=\"width: 1600px\" class=\"wp-caption alignnone\"><img loading=\"lazy\" decoding=\"async\" class=\"wp-image-12214 size-full\" src=\"https:\/\/imgmag.pakamera.net\/2025\/02\/co-wlozyc-do-koszyczka-wielkanocnego-154941759974.jpg\" alt=\"Koszyczek wielkanocny z naturalnej wikliny, ozdobiony kwiatami i dodatkami sztucznymi\" width=\"1600\" height=\"840\" \/><figcaption id=\"caption-attachment-12214\" class=\"wp-caption-text\">Koszyczek na Wielkanoc, dekoracyjny koszyczek wielkanocny, naturalny wiklinowy \/ Rosa \/ www.pakamera.pl<\/figcaption><\/figure>\n<p>Je\u015bli jeste\u015b w takiej sytuacji, przeczytaj ten artyku\u0142. Przygotowali\u015bmy dok\u0142adny poradnik, co trzeba w\u0142o\u017cy\u0107 do koszyczka wielkanocnego, \u017ceby tradycji sta\u0142o si\u0119 zado\u015b\u0107. Znajdziesz tutaj r\u00f3wnie\u017c podpowiedzi na od\u015bwie\u017cenie klasyki i nadanie jej nowoczesnego charakteru.<\/p>\n<h2>Co powinno znale\u017a\u0107 si\u0119 w koszyku wielkanocnym?<\/h2>\n<p>Tradycyjne produkty do <a href=\"https:\/\/www.pakamera.pl\/wielkanoc-koszyki-0-2814.htm\" target=\"_blank\" rel=\"noopener\">koszyczka wielkanocnego<\/a> maj\u0105 g\u0142\u0119bokie znaczenie symboliczne. <strong>\u017badna \u015bwi\u0119conka nie mo\u017ce si\u0119 obej\u015b\u0107 bez tych 6 produkt\u00f3w<\/strong>.<\/p>\n<h3>Pisanki<\/h3>\n<p>Co do koszyczka wielkanocnego daje si\u0119 zawsze? Zanim zaczniesz si\u0119 zastanawia\u0107, <a href=\"https:\/\/www.pakamera.pl\/magazyn\/wnetrza-na-wielkanoc\/\" target=\"_blank\" rel=\"noopener\">jak udekorowa\u0107 dom na Wielkanoc<\/a>, zadbaj o pi\u0119kne pisanki. Do ich ozdobienia wykorzystaj naturalne barwniki: \u0142upiny cebuli, buraczki i kurkum\u0119. Nie ma \u017cadnej zasady, kt\u00f3ra okre\u015bla\u0142aby, ile jajek po\u015bwi\u0119ci\u0107. <strong>Zazwyczaj wk\u0142ada si\u0119 po jednym dla ka\u017cdego cz\u0142onka rodziny<\/strong>.<\/p>\n<div id=\"pakawidget1859\" class=\"pakawidget\"><\/div>\n<p><script async defer src=\"https:\/\/www.pakamera.pl\/widget\/widget2.min.js?id=1859&#038;type=20250219115742&#038;wwidth=1000\"><\/script><\/p>\n<h3>Chleb<\/h3>\n<p>Co da\u0107 do koszyczka wielkanocnego? <strong>Chleb uto\u017csamia si\u0119 z dobrobytem, pomy\u015blno\u015bci\u0105, dostatkiem i syto\u015bci\u0105<\/strong>, dlatego w \u015bwi\u0119conce nie mo\u017ce zabrakn\u0105\u0107 bu\u0142eczki, kawa\u0142ka bochenka lub ma\u0142ego chlebka specjalnie wypieczonego na t\u0119 okazj\u0119.<\/p>\n<h3>W\u0119dlina<\/h3>\n<p>Co wk\u0142adamy do koszyczka wielkanocnego z my\u015bl\u0105 o dobrobycie i bogactwie ca\u0142ej rodziny? W\u0119dlin\u0119! W \u015bwi\u0119conce znajdzie si\u0119 miejsce na kie\u0142bas\u0119, szynk\u0119 lub pol\u0119dwic\u0119, a czasem miks tych trzech produkt\u00f3w.<\/p>\n<h3>Baranek<\/h3>\n<p>Baranek z cukru, ciasta, mas\u0142a lub czekolady jest jednym z najwa\u017cniejszych pokarm\u00f3w w koszyczku wielkanocnym. Zwierz\u0105tko ma chroni\u0107 domownik\u00f3w przed kl\u0119skami.<\/p>\n<h3>S\u00f3l<\/h3>\n<p>S\u00f3l nadaje daniom smaku. Jej w\u0142a\u015bciwo\u015bci konserwuj\u0105ce pokarmy przed zepsuciem s\u0105 znane od tysi\u0105cleci. Dawniej wierzono, \u017ce <strong>ma moc odstraszania si\u0142 nieczystych oraz chor\u00f3b<\/strong>.<\/p>\n<h3>Babka wielkanocna<\/h3>\n<p>Co w koszyczku wielkanocnym pachnie naj\u0142adniej? Z pewno\u015bci\u0105 b\u0119dzie to <strong>puszysta babka wielkanocna<\/strong>. Do \u015bwi\u0119conki mo\u017cna w\u0142o\u017cy\u0107 ma\u0142y kawa\u0142ek. Tradycyjnie wierzono, \u017ce udana, wysoka babka zwiastuje dobrobyt i szcz\u0119\u015bcie rodziny w nadchodz\u0105cym roku.<\/p>\n<h2>Inne produkty zgodne z tradycj\u0105 lokaln\u0105 lub rodzinn\u0105<\/h2>\n<figure id=\"attachment_12213\" aria-describedby=\"caption-attachment-12213\" style=\"width: 1600px\" class=\"wp-caption alignnone\"><img loading=\"lazy\" decoding=\"async\" class=\"wp-image-12213 size-full\" src=\"https:\/\/imgmag.pakamera.net\/2025\/02\/co-wlozyc-do-koszyczka-wielkanocnego-154940700599.jpg\" alt=\"Co w\u0142o\u017cy\u0107 do koszyczka wielkanocnego\" width=\"1600\" height=\"840\" \/><figcaption id=\"caption-attachment-12213\" class=\"wp-caption-text\">Kurczaczek Stoj\u0105cy Ma\u0142y \/ BoboLobo Handicraft \/ www.pakamera.pl<\/figcaption><\/figure>\n<p>Co trzeba w\u0142o\u017cy\u0107 do koszyczka wielkanocnego zgodnie z tradycj\u0105 lokaln\u0105 lub rodzinn\u0105? Mog\u0105 to by\u0107 ser, pieprz, woda \u015bwi\u0119cona, mas\u0142o, rze\u017cucha oraz <a href=\"https:\/\/www.pakamera.pl\/wielkanoc-ozdoby-0-2816.htm\" target=\"_blank\" rel=\"noopener\">ozdoby wielkanocne<\/a> np. figurka kurczaczka.<\/p>\n<p><a href=\"https:\/\/www.pakamera.pl\/magazyn\/wielkanocne-dekoracje-stol\/\" target=\"_blank\" rel=\"noopener\">Jak udekorowa\u0107 st\u00f3\u0142 na Wielkanoc<\/a>, \u017ceby koszyczek godnie na nim wygl\u0105da\u0142? Nakryj go jasnym obrusem i ozd\u00f3b \u017cywymi wiosennymi kwiatami w niskich wazonach. Wybierz lniane serwetki i radosne dekoracje.<\/p>\n<h2>Symbolika produkt\u00f3w do koszyczka wielkanocnego<\/h2>\n<p>\u015awi\u0119ta Wielkanocne przypadaj\u0105 na okres wiosenny, a wi\u0119c prze\u0142omowy dla budz\u0105cej si\u0119 do \u017cycia przyrody. Cho\u0107 mieszkamy w du\u017cych miastach i nie jeste\u015bmy ju\u017c tak przywi\u0105zani do naturalnych cykl\u00f3w, nadal wraz z nadej\u015bciem ciep\u0142ych dni czujemy przyp\u0142yw nowych si\u0142. Duchowy i religijny wymiar Wielkanocy wci\u0105\u017c pozostaje \u017cywy w polskiej tradycji.<\/p>\n<div id=\"pakawidget1860\" class=\"pakawidget\"><\/div>\n<p><script async defer src=\"https:\/\/www.pakamera.pl\/widget\/widget2.min.js?id=1860&#038;type=20250219122450&#038;wwidth=1000\"><\/script><br \/>\nTo, co si\u0119 wk\u0142ada do koszyczka wielkanocnego, ma ogromne znaczenie symboliczne.<\/p>\n<ul>\n<li><strong>Chleb symbolizuje Cia\u0142o Chrystusa<\/strong>. Ten podstawowy pokarm niezb\u0119dny do \u017cycia jest znakiem pomy\u015blno\u015bci i dostatku.<\/li>\n<li><strong>Jajka s\u0105 symbolem nowego \u017cycia<\/strong>, a tak\u017ce odrodzenia i zmartwychwstania. Reprezentuj\u0105 triumf Chrystusa nad \u015bmierci\u0105.<\/li>\n<li><strong>Baranek uosabia Chrystusa jako Baranka Bo\u017cego<\/strong>, kt\u00f3ry odkupi\u0142 grzechy \u015bwiata. Oznacza czysto\u015b\u0107, pos\u0142usze\u0144stwo i niewinno\u015b\u0107.<\/li>\n<li><strong>S\u00f3l reprezentuje trwa\u0142o\u015b\u0107 i nie\u015bmiertelno\u015b\u0107<\/strong>. Wi\u0105\u017ce si\u0119 z oczyszczeniem i prawd\u0105.<\/li>\n<li><strong>W\u0119dlina nawi\u0105zuje do ofiary z baranka<\/strong> sk\u0142adanej przez Izraelit\u00f3w w \u015bwi\u0119to Paschy. Oznacza dobrobyt, dostatek i zdrowie.<\/li>\n<li><strong>Chrzan reprezentuje si\u0142\u0119 fizyczn\u0105<\/strong> Jezusa Chrystusa podczas m\u0119ki na krzy\u017cu.<\/li>\n<li>Wyro\u015bni\u0119ta babka wielkanocna jest dowodem na umiej\u0119tno\u015bci gospodyni.<\/li>\n<\/ul>\n<p><a href=\"https:\/\/www.pakamera.pl\/magazyn\/stol-wielkanocny-trendy-2020\/\" target=\"_blank\" rel=\"noopener\">Jak nakry\u0107 st\u00f3\u0142 wielkanocny i co na nim poda\u0107<\/a> r\u00f3wnie\u017c ma ogromne znaczenie symboliczne. <strong>\u015aniadanie musi by\u0107 obfite i r\u00f3\u017cnorodne<\/strong>. Nie mo\u017ce zabrakn\u0105\u0107 \u017curku z bia\u0142\u0105 kie\u0142bas\u0105, jajek w r\u00f3\u017cnych ods\u0142onach oraz \u015bwi\u0119conki. By podkre\u015bli\u0107 \u015bwi\u0105teczny charakter, u\u017cyj bia\u0142ego obrusu i najlepszej zastawy.<\/p>\n<h2>Czego nie wk\u0142ada\u0107 do koszyka wielkanocnego?<\/h2>\n<p>No dobrze, a co do koszyczka na \u015bwi\u0119conk\u0119 nie pasuje? Jednym z takich przedmiot\u00f3w jest <strong>czekoladowy zaj\u0105czek<\/strong>. Ten komercyjny symbol powsta\u0142 we wsp\u00f3\u0142czesnych czasach. Nie ma nic wsp\u00f3lnego z wielkanocn\u0105 tradycj\u0105, w przeciwie\u0144stwie do tradycyjnego baranka. Do ko\u015bcio\u0142a nie nale\u017cy nie\u015b\u0107 r\u00f3wnie\u017c napoj\u00f3w alkoholowych.<\/p>\n<p><strong>Koszyczek wielkanocny cz\u0119sto ozdabia si\u0119 bukszpanem<\/strong>, ale warto tutaj zachowa\u0107 ostro\u017cno\u015b\u0107, poniewa\u017c ro\u015blina ta jest truj\u0105ca. Lepiej uchroni\u0107 jedzenie od bezpo\u015bredniego kontaktu z ni\u0105.<\/p>\n<p>Ju\u017c masz niemal wszystko przygotowane, ale zastanawiasz si\u0119, <a href=\"https:\/\/www.pakamera.pl\/magazyn\/jak-udekorowac-okno-na-wielkanoc-inspiracje-i-pomysly\/\" target=\"_blank\" rel=\"noopener\">jak udekorowa\u0107 okno na Wielkanoc?<\/a> Wejd\u017a na Pakamera.pl i wybierz najpi\u0119kniejsze ozdoby od polskich rzemie\u015blnik\u00f3w.<\/p>\n","protected":false},"excerpt":{"rendered":"<p>\u015awi\u0119conka zajmuje specjalne miejsce w polskiej tradycji. W Wielk\u0105 Sobot\u0119 rodziny w komplecie id\u0105 do Ko\u015bcio\u0142a po\u015bwi\u0119ci\u0107 pokarmy i prosi\u0107 o dar b\u0142ogos\u0142awie\u0144stwa. Je\u015bli jednak robisz to po raz pierwszy,<span class=\"more-dots\">&#8230;<\/span><\/p>\n","protected":false},"author":17,"featured_media":12214,"comment_status":"closed","ping_status":"closed","sticky":false,"template":"","format":"standard","meta":{"footnotes":""},"categories":[12],"tags":[1560,1785,979,2359,984,1788,978,985,1558],"class_list":["post-12209","post","type-post","status-publish","format-standard","has-post-thumbnail","hentry","category-dom-i-wnetrza","tag-dekoracje-na-wielkanoc","tag-dekoracje-wielkanocne","tag-dom-na-wielkanoc","tag-ozdoby-wielkanocne-handmade","tag-swiece-na-wielkanoc","tag-wianek-wielkanocny","tag-wielkanoc","tag-wielkanocny-stol","tag-wielkanocny-wianek"],"yoast_head":"<!-- This site is optimized with the Yoast SEO plugin v21.6 - https:\/\/yoast.com\/wordpress\/plugins\/seo\/ -->\n<title>Co w\u0142o\u017cy\u0107 do koszyczka wielkanocnego? - Magazyn Pakamera.pl<\/title>\n<meta name=\"description\" content=\"Zastanawiasz si\u0119 co w\u0142o\u017cy\u0107 do koszyczka wielkanocnego? Zobacz co powinno si\u0119 w nim znale\u017a\u0107 zanim udasz si\u0119 do \u015bwi\u0119conki.\" \/>\n<meta name=\"robots\" content=\"index, follow\" \/>\n<link rel=\"canonical\" href=\"https:\/\/www.pakamera.pl\/magazyn\/co-wlozyc-do-koszyczka-wielkanocnego\/\" \/>\n<meta property=\"og:locale\" content=\"pl_PL\" \/>\n<meta property=\"og:type\" content=\"article\" \/>\n<meta property=\"og:title\" content=\"Co w\u0142o\u017cy\u0107 do koszyczka wielkanocnego? - Magazyn Pakamera.pl\" \/>\n<meta property=\"og:description\" content=\"Zastanawiasz si\u0119 co w\u0142o\u017cy\u0107 do koszyczka wielkanocnego? Zobacz co powinno si\u0119 w nim znale\u017a\u0107 zanim udasz si\u0119 do \u015bwi\u0119conki.\" \/>\n<meta property=\"og:url\" content=\"https:\/\/www.pakamera.pl\/magazyn\/co-wlozyc-do-koszyczka-wielkanocnego\/\" \/>\n<meta property=\"og:site_name\" content=\"Magazyn Pakamera.pl\" \/>\n<meta property=\"article:publisher\" content=\"https:\/\/facebook.com\/pakamerapl\" \/>\n<meta property=\"article:published_time\" content=\"2025-02-19T14:52:36+00:00\" \/>\n<meta property=\"og:image\" content=\"https:\/\/imgmag.pakamera.net\/2025\/02\/co-wlozyc-do-koszyczka-wielkanocnego-154941759974.jpg\" \/>\n\t<meta property=\"og:image:width\" content=\"1600\" \/>\n\t<meta property=\"og:image:height\" content=\"840\" \/>\n\t<meta property=\"og:image:type\" content=\"image\/jpeg\" \/>\n<meta name=\"author\" content=\"Agnieszka Pilska\" \/>\n<meta name=\"twitter:card\" content=\"summary_large_image\" \/>\n<meta name=\"twitter:label1\" content=\"Napisane przez\" \/>\n\t<meta name=\"twitter:data1\" content=\"Agnieszka Pilska\" \/>\n\t<meta name=\"twitter:label2\" content=\"Szacowany czas czytania\" \/>\n\t<meta name=\"twitter:data2\" content=\"5 minut\" \/>\n<script type=\"application\/ld+json\" class=\"yoast-schema-graph\">{\"@context\":\"https:\/\/schema.org\",\"@graph\":[{\"@type\":\"Article\",\"@id\":\"https:\/\/www.pakamera.pl\/magazyn\/co-wlozyc-do-koszyczka-wielkanocnego\/#article\",\"isPartOf\":{\"@id\":\"https:\/\/www.pakamera.pl\/magazyn\/co-wlozyc-do-koszyczka-wielkanocnego\/\"},\"author\":{\"name\":\"Agnieszka Pilska\",\"@id\":\"https:\/\/www.pakamera.pl\/magazyn\/#\/schema\/person\/572f3f4a9ab09d0378471fe80a2db902\"},\"headline\":\"Co w\u0142o\u017cy\u0107 do koszyczka wielkanocnego?\",\"datePublished\":\"2025-02-19T14:52:36+00:00\",\"dateModified\":\"2025-02-19T14:52:36+00:00\",\"mainEntityOfPage\":{\"@id\":\"https:\/\/www.pakamera.pl\/magazyn\/co-wlozyc-do-koszyczka-wielkanocnego\/\"},\"wordCount\":849,\"publisher\":{\"@id\":\"https:\/\/www.pakamera.pl\/magazyn\/#organization\"},\"keywords\":[\"dekoracje na wielkanoc\",\"dekoracje wielkanocne\",\"dom na Wielkanoc\",\"ozdoby wielkanocne handmade\",\"\u015bwiece na Wielkanoc\",\"wianek wielkanocny\",\"Wielkanoc\",\"wielkanocny st\u00f3\u0142\",\"Wielkanocny wianek\"],\"articleSection\":[\"Dom i Wn\u0119trze\"],\"inLanguage\":\"pl-PL\"},{\"@type\":\"WebPage\",\"@id\":\"https:\/\/www.pakamera.pl\/magazyn\/co-wlozyc-do-koszyczka-wielkanocnego\/\",\"url\":\"https:\/\/www.pakamera.pl\/magazyn\/co-wlozyc-do-koszyczka-wielkanocnego\/\",\"name\":\"Co w\u0142o\u017cy\u0107 do koszyczka wielkanocnego? - Magazyn Pakamera.pl\",\"isPartOf\":{\"@id\":\"https:\/\/www.pakamera.pl\/magazyn\/#website\"},\"datePublished\":\"2025-02-19T14:52:36+00:00\",\"dateModified\":\"2025-02-19T14:52:36+00:00\",\"description\":\"Zastanawiasz si\u0119 co w\u0142o\u017cy\u0107 do koszyczka wielkanocnego? Zobacz co powinno si\u0119 w nim znale\u017a\u0107 zanim udasz si\u0119 do \u015bwi\u0119conki.\",\"breadcrumb\":{\"@id\":\"https:\/\/www.pakamera.pl\/magazyn\/co-wlozyc-do-koszyczka-wielkanocnego\/#breadcrumb\"},\"inLanguage\":\"pl-PL\",\"potentialAction\":[{\"@type\":\"ReadAction\",\"target\":[\"https:\/\/www.pakamera.pl\/magazyn\/co-wlozyc-do-koszyczka-wielkanocnego\/\"]}]},{\"@type\":\"BreadcrumbList\",\"@id\":\"https:\/\/www.pakamera.pl\/magazyn\/co-wlozyc-do-koszyczka-wielkanocnego\/#breadcrumb\",\"itemListElement\":[{\"@type\":\"ListItem\",\"position\":1,\"name\":\"Magazyn\",\"item\":\"https:\/\/www.pakamera.pl\/magazyn\/\"},{\"@type\":\"ListItem\",\"position\":2,\"name\":\"Dom i Wn\u0119trze\",\"item\":\"https:\/\/www.pakamera.pl\/magazyn\/category\/dom-i-wnetrza\/\"},{\"@type\":\"ListItem\",\"position\":3,\"name\":\"Co w\u0142o\u017cy\u0107 do koszyczka wielkanocnego?\"}]},{\"@type\":\"WebSite\",\"@id\":\"https:\/\/www.pakamera.pl\/magazyn\/#website\",\"url\":\"https:\/\/www.pakamera.pl\/magazyn\/\",\"name\":\"Magazyn Pakamera.pl\",\"description\":\"Sprawd\u017a najgor\u0119tsze tematy sezonu!\",\"publisher\":{\"@id\":\"https:\/\/www.pakamera.pl\/magazyn\/#organization\"},\"potentialAction\":[{\"@type\":\"SearchAction\",\"target\":{\"@type\":\"EntryPoint\",\"urlTemplate\":\"https:\/\/www.pakamera.pl\/magazyn\/?s={search_term_string}\"},\"query-input\":\"required name=search_term_string\"}],\"inLanguage\":\"pl-PL\"},{\"@type\":\"Organization\",\"@id\":\"https:\/\/www.pakamera.pl\/magazyn\/#organization\",\"name\":\"Pakamera.pl\",\"url\":\"https:\/\/www.pakamera.pl\/magazyn\/\",\"logo\":{\"@type\":\"ImageObject\",\"inLanguage\":\"pl-PL\",\"@id\":\"https:\/\/www.pakamera.pl\/magazyn\/#\/schema\/logo\/image\/\",\"url\":\"https:\/\/imgmag.pakamera.net\/2023\/11\/153455466619.png\",\"contentUrl\":\"https:\/\/imgmag.pakamera.net\/2023\/11\/153455466619.png\",\"width\":690,\"height\":140,\"caption\":\"Pakamera.pl\"},\"image\":{\"@id\":\"https:\/\/www.pakamera.pl\/magazyn\/#\/schema\/logo\/image\/\"},\"sameAs\":[\"https:\/\/facebook.com\/pakamerapl\",\"https:\/\/www.instagram.com\/pakamera\/\"]},{\"@type\":\"Person\",\"@id\":\"https:\/\/www.pakamera.pl\/magazyn\/#\/schema\/person\/572f3f4a9ab09d0378471fe80a2db902\",\"name\":\"Agnieszka Pilska\",\"description\":\"Agnieszka kocha dobry design i wszystko co si\u0119 z nim \u0142\u0105czy. Ma do\u015bwiadczenie w projektowaniu wn\u0119trz dzi\u0119ki czemu ma niesamowity zmys\u0142 estetyczny. Potrafi prostymi dodatkami stworzy\u0107 przestrze\u0144, kt\u00f3ra zachwyci wszystkich.\"}]}<\/script>\n<!-- \/ Yoast SEO plugin. -->","yoast_head_json":{"title":"Co w\u0142o\u017cy\u0107 do koszyczka wielkanocnego? - Magazyn Pakamera.pl","description":"Zastanawiasz si\u0119 co w\u0142o\u017cy\u0107 do koszyczka wielkanocnego? Zobacz co powinno si\u0119 w nim znale\u017a\u0107 zanim udasz si\u0119 do \u015bwi\u0119conki.","robots":{"index":"index","follow":"follow"},"canonical":"https:\/\/www.pakamera.pl\/magazyn\/co-wlozyc-do-koszyczka-wielkanocnego\/","og_locale":"pl_PL","og_type":"article","og_title":"Co w\u0142o\u017cy\u0107 do koszyczka wielkanocnego? - Magazyn Pakamera.pl","og_description":"Zastanawiasz si\u0119 co w\u0142o\u017cy\u0107 do koszyczka wielkanocnego? Zobacz co powinno si\u0119 w nim znale\u017a\u0107 zanim udasz si\u0119 do \u015bwi\u0119conki.","og_url":"https:\/\/www.pakamera.pl\/magazyn\/co-wlozyc-do-koszyczka-wielkanocnego\/","og_site_name":"Magazyn Pakamera.pl","article_publisher":"https:\/\/facebook.com\/pakamerapl","article_published_time":"2025-02-19T14:52:36+00:00","og_image":[{"width":1600,"height":840,"url":"https:\/\/imgmag.pakamera.net\/2025\/02\/co-wlozyc-do-koszyczka-wielkanocnego-154941759974.jpg","type":"image\/jpeg"}],"author":"Agnieszka Pilska","twitter_card":"summary_large_image","twitter_misc":{"Napisane przez":"Agnieszka Pilska","Szacowany czas czytania":"5 minut"},"schema":{"@context":"https:\/\/schema.org","@graph":[{"@type":"Article","@id":"https:\/\/www.pakamera.pl\/magazyn\/co-wlozyc-do-koszyczka-wielkanocnego\/#article","isPartOf":{"@id":"https:\/\/www.pakamera.pl\/magazyn\/co-wlozyc-do-koszyczka-wielkanocnego\/"},"author":{"name":"Agnieszka Pilska","@id":"https:\/\/www.pakamera.pl\/magazyn\/#\/schema\/person\/572f3f4a9ab09d0378471fe80a2db902"},"headline":"Co w\u0142o\u017cy\u0107 do koszyczka wielkanocnego?","datePublished":"2025-02-19T14:52:36+00:00","dateModified":"2025-02-19T14:52:36+00:00","mainEntityOfPage":{"@id":"https:\/\/www.pakamera.pl\/magazyn\/co-wlozyc-do-koszyczka-wielkanocnego\/"},"wordCount":849,"publisher":{"@id":"https:\/\/www.pakamera.pl\/magazyn\/#organization"},"keywords":["dekoracje na wielkanoc","dekoracje wielkanocne","dom na Wielkanoc","ozdoby wielkanocne handmade","\u015bwiece na Wielkanoc","wianek wielkanocny","Wielkanoc","wielkanocny st\u00f3\u0142","Wielkanocny wianek"],"articleSection":["Dom i Wn\u0119trze"],"inLanguage":"pl-PL"},{"@type":"WebPage","@id":"https:\/\/www.pakamera.pl\/magazyn\/co-wlozyc-do-koszyczka-wielkanocnego\/","url":"https:\/\/www.pakamera.pl\/magazyn\/co-wlozyc-do-koszyczka-wielkanocnego\/","name":"Co w\u0142o\u017cy\u0107 do koszyczka wielkanocnego? - Magazyn Pakamera.pl","isPartOf":{"@id":"https:\/\/www.pakamera.pl\/magazyn\/#website"},"datePublished":"2025-02-19T14:52:36+00:00","dateModified":"2025-02-19T14:52:36+00:00","description":"Zastanawiasz si\u0119 co w\u0142o\u017cy\u0107 do koszyczka wielkanocnego? Zobacz co powinno si\u0119 w nim znale\u017a\u0107 zanim udasz si\u0119 do \u015bwi\u0119conki.","breadcrumb":{"@id":"https:\/\/www.pakamera.pl\/magazyn\/co-wlozyc-do-koszyczka-wielkanocnego\/#breadcrumb"},"inLanguage":"pl-PL","potentialAction":[{"@type":"ReadAction","target":["https:\/\/www.pakamera.pl\/magazyn\/co-wlozyc-do-koszyczka-wielkanocnego\/"]}]},{"@type":"BreadcrumbList","@id":"https:\/\/www.pakamera.pl\/magazyn\/co-wlozyc-do-koszyczka-wielkanocnego\/#breadcrumb","itemListElement":[{"@type":"ListItem","position":1,"name":"Magazyn","item":"https:\/\/www.pakamera.pl\/magazyn\/"},{"@type":"ListItem","position":2,"name":"Dom i Wn\u0119trze","item":"https:\/\/www.pakamera.pl\/magazyn\/category\/dom-i-wnetrza\/"},{"@type":"ListItem","position":3,"name":"Co w\u0142o\u017cy\u0107 do koszyczka wielkanocnego?"}]},{"@type":"WebSite","@id":"https:\/\/www.pakamera.pl\/magazyn\/#website","url":"https:\/\/www.pakamera.pl\/magazyn\/","name":"Magazyn Pakamera.pl","description":"Sprawd\u017a najgor\u0119tsze tematy sezonu!","publisher":{"@id":"https:\/\/www.pakamera.pl\/magazyn\/#organization"},"potentialAction":[{"@type":"SearchAction","target":{"@type":"EntryPoint","urlTemplate":"https:\/\/www.pakamera.pl\/magazyn\/?s={search_term_string}"},"query-input":"required name=search_term_string"}],"inLanguage":"pl-PL"},{"@type":"Organization","@id":"https:\/\/www.pakamera.pl\/magazyn\/#organization","name":"Pakamera.pl","url":"https:\/\/www.pakamera.pl\/magazyn\/","logo":{"@type":"ImageObject","inLanguage":"pl-PL","@id":"https:\/\/www.pakamera.pl\/magazyn\/#\/schema\/logo\/image\/","url":"https:\/\/imgmag.pakamera.net\/2023\/11\/153455466619.png","contentUrl":"https:\/\/imgmag.pakamera.net\/2023\/11\/153455466619.png","width":690,"height":140,"caption":"Pakamera.pl"},"image":{"@id":"https:\/\/www.pakamera.pl\/magazyn\/#\/schema\/logo\/image\/"},"sameAs":["https:\/\/facebook.com\/pakamerapl","https:\/\/www.instagram.com\/pakamera\/"]},{"@type":"Person","@id":"https:\/\/www.pakamera.pl\/magazyn\/#\/schema\/person\/572f3f4a9ab09d0378471fe80a2db902","name":"Agnieszka Pilska","description":"Agnieszka kocha dobry design i wszystko co si\u0119 z nim \u0142\u0105czy. Ma do\u015bwiadczenie w projektowaniu wn\u0119trz dzi\u0119ki czemu ma niesamowity zmys\u0142 estetyczny. Potrafi prostymi dodatkami stworzy\u0107 przestrze\u0144, kt\u00f3ra zachwyci wszystkich."}]}},"_links":{"self":[{"href":"https:\/\/www.pakamera.pl\/magazyn\/wp-json\/wp\/v2\/posts\/12209","targetHints":{"allow":["GET"]}}],"collection":[{"href":"https:\/\/www.pakamera.pl\/magazyn\/wp-json\/wp\/v2\/posts"}],"about":[{"href":"https:\/\/www.pakamera.pl\/magazyn\/wp-json\/wp\/v2\/types\/post"}],"author":[{"embeddable":true,"href":"https:\/\/www.pakamera.pl\/magazyn\/wp-json\/wp\/v2\/users\/17"}],"replies":[{"embeddable":true,"href":"https:\/\/www.pakamera.pl\/magazyn\/wp-json\/wp\/v2\/comments?post=12209"}],"version-history":[{"count":3,"href":"https:\/\/www.pakamera.pl\/magazyn\/wp-json\/wp\/v2\/posts\/12209\/revisions"}],"predecessor-version":[{"id":12215,"href":"https:\/\/www.pakamera.pl\/magazyn\/wp-json\/wp\/v2\/posts\/12209\/revisions\/12215"}],"wp:featuredmedia":[{"embeddable":true,"href":"https:\/\/www.pakamera.pl\/magazyn\/wp-json\/wp\/v2\/media\/12214"}],"wp:attachment":[{"href":"https:\/\/www.pakamera.pl\/magazyn\/wp-json\/wp\/v2\/media?parent=12209"}],"wp:term":[{"taxonomy":"category","embeddable":true,"href":"https:\/\/www.pakamera.pl\/magazyn\/wp-json\/wp\/v2\/categories?post=12209"},{"taxonomy":"post_tag","embeddable":true,"href":"https:\/\/www.pakamera.pl\/magazyn\/wp-json\/wp\/v2\/tags?post=12209"}],"curies":[{"name":"wp","href":"https:\/\/api.w.org\/{rel}","templated":true}]}}