{"id":12200,"date":"2025-02-15T08:19:14","date_gmt":"2025-02-15T07:19:14","guid":{"rendered":"https:\/\/www.pakamera.pl\/magazyn\/?p=12200"},"modified":"2026-02-19T13:30:32","modified_gmt":"2026-02-19T12:30:32","slug":"stylizacje-na-wielkanoc-jak-sie-ubrac-na-swieta","status":"publish","type":"post","link":"https:\/\/www.pakamera.pl\/magazyn\/stylizacje-na-wielkanoc-jak-sie-ubrac-na-swieta\/","title":{"rendered":"Stylizacje na Wielkanoc &#8211; jak si\u0119 ubra\u0107 na \u015bwi\u0119ta?"},"content":{"rendered":"<p><strong>Wok\u00f3\u0142 ju\u017c wida\u0107, \u017ce ko\u0144czy si\u0119 zima. Kwitn\u0105 pierwsze kwiaty, \u015bpiewaj\u0105 ptaki, dlatego stylizacje na Wielkanoc powinny podkre\u015bla\u0107 t\u0119 radosn\u0105 przemian\u0119 nast\u0119puj\u0105c\u0105 w naturze. Tym, co najmocniej odr\u00f3\u017cnia te kreacje od tych wybieranych na Bo\u017ce Narodzenie, jest kolorystyka.<\/strong><\/p>\n<p><!--more--><\/p>\n<figure id=\"attachment_12202\" aria-describedby=\"caption-attachment-12202\" style=\"width: 1600px\" class=\"wp-caption alignnone\"><img loading=\"lazy\" decoding=\"async\" class=\"wp-image-12202 size-full\" src=\"https:\/\/imgmag.pakamera.net\/2025\/02\/stylizacje-na-wielkanoc-jak-sie-ubrac-na-swieta-110942538151.jpg\" alt=\"Stylizacje na Wielkanoc\" width=\"1600\" height=\"840\" \/><figcaption id=\"caption-attachment-12202\" class=\"wp-caption-text\">Koszula Kwintesencja Wiosny \/ to moje \/ www.pakamera.pl<\/figcaption><\/figure>\n<p>W takim razie: jak si\u0119 ubra\u0107 na \u015awi\u0119ta Wielkanocne? Na t\u0119 okazj\u0119 si\u0119gamy po l\u017cejsze materia\u0142y i ja\u015bniejsze kolory, poniewa\u017c wsp\u00f3\u0142graj\u0105 z budz\u0105c\u0105 si\u0119 do \u017cycia przyrod\u0105. Je\u015bli jeszcze nie wiesz, co w\u0142o\u017cy\u0107 na uroczyste \u015bniadanie lub obiad w rodzinnych gronie, sprawd\u017a nasze eleganckie propozycje.<\/p>\n<h3>Jak dobiera\u0107 stylizacje na \u015awi\u0119ta Wielkanocne?<\/h3>\n<p>Wielkanocne stylizacje bazuj\u0105 na przewiewnych tkaninach, czyli bawe\u0142nie, lnie i delikatnych dzianinach. <strong>Naturalne materia\u0142y stanowi\u0105 doskona\u0142\u0105 baz\u0119 i lekko uk\u0142adaj\u0105 si\u0119 na ciele<\/strong>. Warto wiedzie\u0107, jak dopasowa\u0107 poszczeg\u00f3lne cz\u0119\u015bci garderoby, \u017ceby podkre\u015bla\u0142y atuty figury, a zw\u0142aszcza <a href=\"https:\/\/www.pakamera.pl\/magazyn\/jak-dobrac-spodnie-do-sylwetki-praktyczny-przewodnik\/\" target=\"_blank\" rel=\"noopener\">jak dobra\u0107 spodnie do sylwetki<\/a>.<\/p>\n<p>Kolorystyka wielkanocnych stylizacji nawi\u0105zuje do ich wiosennego charakteru.<strong> Szczeg\u00f3lnie dobrze odnajd\u0105 si\u0119 w niej pastele: pudrowy r\u00f3\u017c, b\u0142\u0119kit, mi\u0119ta i jasny \u017c\u00f3\u0142ty<\/strong>. Mo\u017cesz je \u0142\u0105czy\u0107 z biel\u0105. B\u0142\u0119kitna bluzka, jasna koszula i pasuj\u0105ca marynarka to zestaw, kt\u00f3ry Ci\u0119 nie zawiedzie na t\u0119 okazj\u0119.<\/p>\n<div id=\"pakawidget1855\" class=\"pakawidget\"><\/div>\n<p><script async defer src=\"https:\/\/www.pakamera.pl\/widget\/widget2.min.js?id=1855&#038;type=20250214111344&#038;wwidth=1000\"><\/script><br \/>\nJak ubra\u0107 si\u0119 na \u015awi\u0119ta Wielkanocne, \u017ceby czu\u0107 si\u0119 elegancko? <strong>Za\u0142\u00f3\u017c sp\u00f3dnic\u0119 midi lub maxi, jedwabn\u0105 bluzk\u0119 i co\u015b ciep\u0142ego na wierzch<\/strong>. Je\u015bli jeszcze nie wiesz,<a href=\"https:\/\/www.pakamera.pl\/magazyn\/jak-nosic-sweter-do-sukienki-modowy-poradnik-pakamery\/\" target=\"_blank\" rel=\"noopener\"> jak nosi\u0107 sweter do sukienki<\/a>, zastosuj si\u0119 do tej prostej rady: zachowaj proporcje. Kr\u00f3tki sweter pasuje do sukienki lub sp\u00f3dnicy midi, a d\u0142u\u017cszy kardigan do sukienki mini.<\/p>\n<h3>Jak si\u0119 ubra\u0107 na \u015bniadanie wielkanocne?<\/h3>\n<p>Str\u00f3j na Wielkanoc powinien pasowa\u0107 do uroczystego \u015bniadania i p\u00f3\u017aniejszego obiadu, chyba \u017ce wolisz si\u0119 przebiera\u0107 kilka razy dziennie. W tym celu wybierz wygodny zestaw, np.:<\/p>\n<ul>\n<li>sukienk\u0119 w kwiatowy wz\u00f3r do kolan z r\u0119kawem 3\/4, lniany \u017cakiet i sanda\u0142kami na niskim obcasie;<\/li>\n<li>plisowan\u0105 sp\u00f3dnic\u0119 midi w pastelowym odcieniu, jedwabn\u0105 bluzk\u0119 i d\u0142ugi kardigan;<\/li>\n<li>eleganckie spodnie palazzo z wysokim stanem, jedwabn\u0105 koszul\u0119 i sweterek;<\/li>\n<li>kopertow\u0105 sukienk\u0119 midi w kwiaty, be\u017cowy kardigan i cz\u00f3\u0142enka na s\u0142upku;<\/li>\n<li>rozkloszowan\u0105 sp\u00f3dnic\u0119 w ulubionym kolorze, bia\u0142y przylegaj\u0105cy top, kr\u00f3tk\u0105 <a href=\"https:\/\/www.pakamera.pl\/marynarki-zakiety-bolerka-0-2018.htm\" target=\"_blank\" rel=\"noopener\">marynark\u0119<\/a> i mokasyny;<\/li>\n<li>pastelowe chinosy, pasuj\u0105cy top, kaszmirowy sweter i cz\u00f3\u0142enka.<\/li>\n<\/ul>\n<p><strong>Stylizacje wielkanocne dobrze jest uzupe\u0142ni\u0107 pasuj\u0105c\u0105 bi\u017cuteri\u0105<\/strong>. Z jednej strony powinna ona podkre\u015bla\u0107 powag\u0119 \u015bwi\u0105t, a z drugiej nie powinna by\u0107 zbyt b\u0142yszcz\u0105ca. Drobne pier\u015bcionki, kolczyki i \u0142a\u0144cuszki s\u0105 Twoimi sprzymierze\u0144cami przy tworzeniu wielkanocnych stylizacji.<\/p>\n<figure id=\"attachment_12201\" aria-describedby=\"caption-attachment-12201\" style=\"width: 1600px\" class=\"wp-caption alignnone\"><img loading=\"lazy\" decoding=\"async\" class=\"wp-image-12201 size-full\" src=\"https:\/\/imgmag.pakamera.net\/2025\/02\/stylizacje-na-wielkanoc-jak-sie-ubrac-na-swieta-110627276824.jpg\" alt=\"Kurtka jesienna BELGIJKA wyr\u00f3\u017cnia si\u0119 pude\u0142kowym krojem z zaokr\u0105glonymi liniami. Kr\u00f3tszy, szeroki fason subtelnie zw\u0119\u017ca si\u0119 ku do\u0142owi oraz przy nadgarstkach\" width=\"1600\" height=\"840\" \/><figcaption id=\"caption-attachment-12201\" class=\"wp-caption-text\">Belgijka Dark Navy Autumn \/ Zwei frauen \/ www.pakamera.pl<\/figcaption><\/figure>\n<p><a href=\"https:\/\/www.pakamera.pl\/magazyn\/jak-dobrac-naszyjnik-do-dekoltu-porady-stylistki\/\" target=\"_blank\" rel=\"noopener\">Jak dobra\u0107 naszyjnik do dekoltu?<\/a> D\u0142ugo\u015b\u0107 i styl ozdoby powinien wsp\u00f3\u0142gra\u0107 z kszta\u0142tem wyci\u0119cia, dlatego:<\/p>\n<ul>\n<li>do dekoltu w serek pasuje \u0142a\u0144cuszek w kszta\u0142cie litery V,<\/li>\n<li>do dekoltu-\u0142\u00f3dki \u2013 d\u0142ugi naszyjnik,<\/li>\n<li>do okr\u0105g\u0142ego dekoltu \u2013 choker,<\/li>\n<li>do dekoltu karo \u2013 kr\u00f3tki naszyjnik.<\/li>\n<li>do dekoltu w szpic \u2013 d\u0142ugi naszyjnik.<\/li>\n<\/ul>\n<p>Jak ubra\u0107 si\u0119 na Wielkanoc, \u017ceby by\u0142o wygodnie? <strong>\u015awi\u0105teczne \u015bniadanie trwa wiele godzin, dlatego na t\u0119 okazj\u0119 nie wybieraj obcis\u0142ych ubra\u0144 i sztywnych but\u00f3w<\/strong>. B\u0119dziesz w rodzinnym gronie, wi\u0119c warto, \u017ceby\u015b poczu\u0142a si\u0119 swobodnie. <strong>Bawe\u0142niana sukienka koszulowa z paskiem lub eleganckie spodnie<\/strong> z domieszk\u0105 elastanu nie dadz\u0105 Ci odczu\u0107 niewygody.<\/p>\n<h2>W co si\u0119 ubra\u0107 na wielkanocne spotkanie rodzinne?<\/h2>\n<div id=\"pakawidget1856\" class=\"pakawidget\"><\/div>\n<p><script async defer src=\"https:\/\/www.pakamera.pl\/widget\/widget2.min.js?id=1856&#038;type=20250214111847&#038;wwidth=1000\"><\/script><br \/>\nJak si\u0119 ubra\u0107 na Wielkanoc, kiedy nie masz pomys\u0142u? Najprawdopodobniej po obfitym \u015bniadaniu czekaj\u0105 Ci\u0119 kolejne rodzinne spotkania. Je\u015bli chcesz, zosta\u0144 w kreacji z rana lub przebierz si\u0119 w nieco bardziej swobodn\u0105 wersj\u0119 \u015bwi\u0105tecznej stylizacji. Mog\u0105 to by\u0107 jeansy, jedwabna bluzka i marynarka lub, bardziej uroczy\u015bcie, d\u0142uga <a href=\"https:\/\/www.pakamera.pl\/spodnice-maxi-0-3111.htm\" target=\"_blank\" rel=\"noopener\">sp\u00f3dnica wieczorowa<\/a>, bluzka i sweter z dzianiny.<\/p>\n<p>W co si\u0119 ubra\u0107 na Wielkanoc, je\u015bli planujesz sp\u0119dzi\u0107 czas na wielkanocnym spacerze lub zabawie z najm\u0142odszymi cz\u0142onkami rodziny? W takim wypadku <strong>za\u0142\u00f3\u017c warstwy: chinosy, top i koszul\u0119 jako narzut\u0119 lub zwiewn\u0105 sukienk\u0119 i kr\u00f3tki sweterek<\/strong>, kt\u00f3ry mo\u017cna za\u0142o\u017cy\u0107 lub narzuci\u0107 na ramiona. Koniecznie w\u0142\u00f3\u017c wygodne buty.<\/p>\n<p>Jeszcze nie wiesz, <a href=\"https:\/\/www.pakamera.pl\/magazyn\/jak-nosic-koszule-oversize-pomysly-na-modne-stylizacje\/\" target=\"_blank\" rel=\"noopener\">jak nosi\u0107 koszule oversize?<\/a> Wykorzystaj jeden z tych pomys\u0142\u00f3w:<\/p>\n<ul>\n<li>wpu\u015b\u0107 prz\u00f3d koszuli w spodnie lub sp\u00f3dnic\u0119, a ty\u0142 zostaw na wierzchu,<\/li>\n<li>w\u0142\u00f3\u017c koszul\u0119 do \u015brodka i dodaj pasek,<\/li>\n<li>no\u015b koszul\u0119 jako narzutk\u0119 na top lub T-shirt.<\/li>\n<\/ul>\n<p>\u017beby wygl\u0105da\u0107 bardziej nonszalancko, podwi\u0144 r\u0119kawy.<\/p>\n<h2>Dodatki do wielkanocnych stylizacji<\/h2>\n<p>Stylizacje na \u015awi\u0119ta Wielkanocne mocno zyskuj\u0105 na odpowiednio dobranych dodatkach. Mog\u0105 to by\u0107 np. \u0142a\u0144cuszki z zawieszkami w kszta\u0142cie kwiatk\u00f3w lub motyli, pere\u0142ki w ka\u017cdej postaci i minimalistyczne kolczyki. <strong>Bi\u017cuteria ma podkre\u015bla\u0107 wiosenny charakter stroju, zamiast z nim konkurowa\u0107<\/strong>.<\/p>\n<p><strong>Torebki z kolei powinny by\u0107 eleganckie<\/strong>. Wybierz raczej mniejsze modele, przecie\u017c nie potrzebujesz mie\u0107 przy sobie zbyt wiele rzeczy podczas \u015bniadania. Najbardziej praktyczne s\u0105 dodatki w neutralnych kolorach, czyli be\u017cowym, kremowym lub br\u0105zowym, poniewa\u017c mo\u017cesz je nosi\u0107 przez wiele sezon\u00f3w. Do tej okazji pasuj\u0105 puzderka, kopert\u00f3wki i ma\u0142e torebki na \u0142a\u0144cuszku.<\/p>\n<p>Jaki str\u00f3j na \u015awi\u0119ta Wielkanocne zapewni Ci ciep\u0142o? Poniewa\u017c pierwsze wiosenne dni wci\u0105\u017c s\u0105 ch\u0142odnawe, dobierz do stroju lekki szal lub apaszk\u0119. Przydadz\u0105 Ci si\u0119 r\u00f3wnie\u017c: pasek, spinki do w\u0142os\u00f3w i okulary przeciws\u0142oneczne (oczywi\u015bcie, te ostatnie tylko wtedy, gdy faktycznie b\u0119d\u0105 potrzebne).<\/p>\n<p>Nie masz co ubra\u0107 na Wielkanoc? Wejd\u017a na Pakamera.pl i uzupe\u0142nij szaf\u0119!<\/p>\n","protected":false},"excerpt":{"rendered":"<p>Wok\u00f3\u0142 ju\u017c wida\u0107, \u017ce ko\u0144czy si\u0119 zima. Kwitn\u0105 pierwsze kwiaty, \u015bpiewaj\u0105 ptaki, dlatego stylizacje na Wielkanoc powinny podkre\u015bla\u0107 t\u0119 radosn\u0105 przemian\u0119 nast\u0119puj\u0105c\u0105 w naturze. Tym, co najmocniej odr\u00f3\u017cnia te kreacje<span class=\"more-dots\">&#8230;<\/span><\/p>\n","protected":false},"author":16,"featured_media":12202,"comment_status":"closed","ping_status":"closed","sticky":false,"template":"","format":"standard","meta":{"footnotes":""},"categories":[3],"tags":[1560,1785,209,2359,2499,2242,2498],"class_list":["post-12200","post","type-post","status-publish","format-standard","has-post-thumbnail","hentry","category-moda","tag-dekoracje-na-wielkanoc","tag-dekoracje-wielkanocne","tag-modna-koszula","tag-ozdoby-wielkanocne-handmade","tag-szafa-kapsulowa","tag-trencz-wiosenny","tag-wianki-wielkanocne"],"yoast_head":"<!-- This site is optimized with the Yoast SEO plugin v21.6 - https:\/\/yoast.com\/wordpress\/plugins\/seo\/ -->\n<title>Stylizacje na Wielkanoc - jak si\u0119 ubra\u0107 na \u015bwi\u0119ta? - Magazyn Pakamera.pl<\/title>\n<meta name=\"description\" content=\"Zastanawiasz si\u0119 jakie stylizacje na Wielkanoc b\u0119d\u0105 najlepszym wyborem? Zobacz nasze propozycje na \u015bwi\u0105teczne \u015bniadanie i nie tylko!\" \/>\n<meta name=\"robots\" content=\"index, follow\" \/>\n<link rel=\"canonical\" href=\"https:\/\/www.pakamera.pl\/magazyn\/stylizacje-na-wielkanoc-jak-sie-ubrac-na-swieta\/\" \/>\n<meta property=\"og:locale\" content=\"pl_PL\" \/>\n<meta property=\"og:type\" content=\"article\" \/>\n<meta property=\"og:title\" content=\"Stylizacje na Wielkanoc - jak si\u0119 ubra\u0107 na \u015bwi\u0119ta? - Magazyn Pakamera.pl\" \/>\n<meta property=\"og:description\" content=\"Zastanawiasz si\u0119 jakie stylizacje na Wielkanoc b\u0119d\u0105 najlepszym wyborem? Zobacz nasze propozycje na \u015bwi\u0105teczne \u015bniadanie i nie tylko!\" \/>\n<meta property=\"og:url\" content=\"https:\/\/www.pakamera.pl\/magazyn\/stylizacje-na-wielkanoc-jak-sie-ubrac-na-swieta\/\" \/>\n<meta property=\"og:site_name\" content=\"Magazyn Pakamera.pl\" \/>\n<meta property=\"article:publisher\" content=\"https:\/\/facebook.com\/pakamerapl\" \/>\n<meta property=\"article:published_time\" content=\"2025-02-15T07:19:14+00:00\" \/>\n<meta property=\"article:modified_time\" content=\"2026-02-19T12:30:32+00:00\" \/>\n<meta property=\"og:image\" content=\"https:\/\/imgmag.pakamera.net\/2025\/02\/stylizacje-na-wielkanoc-jak-sie-ubrac-na-swieta-110942538151.jpg\" \/>\n\t<meta property=\"og:image:width\" content=\"1600\" \/>\n\t<meta property=\"og:image:height\" content=\"840\" \/>\n\t<meta property=\"og:image:type\" content=\"image\/jpeg\" \/>\n<meta name=\"author\" content=\"Magda Strzelecka\" \/>\n<meta name=\"twitter:card\" content=\"summary_large_image\" \/>\n<meta name=\"twitter:label1\" content=\"Napisane przez\" \/>\n\t<meta name=\"twitter:data1\" content=\"Magda Strzelecka\" \/>\n\t<meta name=\"twitter:label2\" content=\"Szacowany czas czytania\" \/>\n\t<meta name=\"twitter:data2\" content=\"6 minut\" \/>\n<script type=\"application\/ld+json\" class=\"yoast-schema-graph\">{\"@context\":\"https:\/\/schema.org\",\"@graph\":[{\"@type\":\"Article\",\"@id\":\"https:\/\/www.pakamera.pl\/magazyn\/stylizacje-na-wielkanoc-jak-sie-ubrac-na-swieta\/#article\",\"isPartOf\":{\"@id\":\"https:\/\/www.pakamera.pl\/magazyn\/stylizacje-na-wielkanoc-jak-sie-ubrac-na-swieta\/\"},\"author\":{\"name\":\"Magda Strzelecka\",\"@id\":\"https:\/\/www.pakamera.pl\/magazyn\/#\/schema\/person\/375940ab821c5af50e1e31f1ec5282b5\"},\"headline\":\"Stylizacje na Wielkanoc &#8211; jak si\u0119 ubra\u0107 na \u015bwi\u0119ta?\",\"datePublished\":\"2025-02-15T07:19:14+00:00\",\"dateModified\":\"2026-02-19T12:30:32+00:00\",\"mainEntityOfPage\":{\"@id\":\"https:\/\/www.pakamera.pl\/magazyn\/stylizacje-na-wielkanoc-jak-sie-ubrac-na-swieta\/\"},\"wordCount\":931,\"publisher\":{\"@id\":\"https:\/\/www.pakamera.pl\/magazyn\/#organization\"},\"keywords\":[\"dekoracje na wielkanoc\",\"dekoracje wielkanocne\",\"modna koszula\",\"ozdoby wielkanocne handmade\",\"szafa kapsu\u0142owa\",\"trencz wiosenny\",\"wianki wielkanocne\"],\"articleSection\":[\"Moda\"],\"inLanguage\":\"pl-PL\"},{\"@type\":\"WebPage\",\"@id\":\"https:\/\/www.pakamera.pl\/magazyn\/stylizacje-na-wielkanoc-jak-sie-ubrac-na-swieta\/\",\"url\":\"https:\/\/www.pakamera.pl\/magazyn\/stylizacje-na-wielkanoc-jak-sie-ubrac-na-swieta\/\",\"name\":\"Stylizacje na Wielkanoc - jak si\u0119 ubra\u0107 na \u015bwi\u0119ta? - Magazyn Pakamera.pl\",\"isPartOf\":{\"@id\":\"https:\/\/www.pakamera.pl\/magazyn\/#website\"},\"datePublished\":\"2025-02-15T07:19:14+00:00\",\"dateModified\":\"2026-02-19T12:30:32+00:00\",\"description\":\"Zastanawiasz si\u0119 jakie stylizacje na Wielkanoc b\u0119d\u0105 najlepszym wyborem? Zobacz nasze propozycje na \u015bwi\u0105teczne \u015bniadanie i nie tylko!\",\"breadcrumb\":{\"@id\":\"https:\/\/www.pakamera.pl\/magazyn\/stylizacje-na-wielkanoc-jak-sie-ubrac-na-swieta\/#breadcrumb\"},\"inLanguage\":\"pl-PL\",\"potentialAction\":[{\"@type\":\"ReadAction\",\"target\":[\"https:\/\/www.pakamera.pl\/magazyn\/stylizacje-na-wielkanoc-jak-sie-ubrac-na-swieta\/\"]}]},{\"@type\":\"BreadcrumbList\",\"@id\":\"https:\/\/www.pakamera.pl\/magazyn\/stylizacje-na-wielkanoc-jak-sie-ubrac-na-swieta\/#breadcrumb\",\"itemListElement\":[{\"@type\":\"ListItem\",\"position\":1,\"name\":\"Magazyn\",\"item\":\"https:\/\/www.pakamera.pl\/magazyn\/\"},{\"@type\":\"ListItem\",\"position\":2,\"name\":\"Moda\",\"item\":\"https:\/\/www.pakamera.pl\/magazyn\/category\/moda\/\"},{\"@type\":\"ListItem\",\"position\":3,\"name\":\"Stylizacje na Wielkanoc &#8211; jak si\u0119 ubra\u0107 na \u015bwi\u0119ta?\"}]},{\"@type\":\"WebSite\",\"@id\":\"https:\/\/www.pakamera.pl\/magazyn\/#website\",\"url\":\"https:\/\/www.pakamera.pl\/magazyn\/\",\"name\":\"Magazyn Pakamera.pl\",\"description\":\"Sprawd\u017a najgor\u0119tsze tematy sezonu!\",\"publisher\":{\"@id\":\"https:\/\/www.pakamera.pl\/magazyn\/#organization\"},\"potentialAction\":[{\"@type\":\"SearchAction\",\"target\":{\"@type\":\"EntryPoint\",\"urlTemplate\":\"https:\/\/www.pakamera.pl\/magazyn\/?s={search_term_string}\"},\"query-input\":\"required name=search_term_string\"}],\"inLanguage\":\"pl-PL\"},{\"@type\":\"Organization\",\"@id\":\"https:\/\/www.pakamera.pl\/magazyn\/#organization\",\"name\":\"Pakamera.pl\",\"url\":\"https:\/\/www.pakamera.pl\/magazyn\/\",\"logo\":{\"@type\":\"ImageObject\",\"inLanguage\":\"pl-PL\",\"@id\":\"https:\/\/www.pakamera.pl\/magazyn\/#\/schema\/logo\/image\/\",\"url\":\"https:\/\/imgmag.pakamera.net\/2023\/11\/153455466619.png\",\"contentUrl\":\"https:\/\/imgmag.pakamera.net\/2023\/11\/153455466619.png\",\"width\":690,\"height\":140,\"caption\":\"Pakamera.pl\"},\"image\":{\"@id\":\"https:\/\/www.pakamera.pl\/magazyn\/#\/schema\/logo\/image\/\"},\"sameAs\":[\"https:\/\/facebook.com\/pakamerapl\",\"https:\/\/www.instagram.com\/pakamera\/\"]},{\"@type\":\"Person\",\"@id\":\"https:\/\/www.pakamera.pl\/magazyn\/#\/schema\/person\/375940ab821c5af50e1e31f1ec5282b5\",\"name\":\"Magda Strzelecka\",\"description\":\"Magda to nasza stylistka, kt\u00f3ra od ponad 10 lat \u015bci\u015ble zwi\u0105zana jest z mod\u0105. Uwielbia \u015bledzi\u0107 \u015bwiatowe trendy i przek\u0142ada\u0107 je na rynek polski. Kocha dobre sk\u0142ady ubra\u0144, wyj\u0105tkow\u0105 bi\u017cuteri\u0119 i dodatki kt\u00f3re o\u017cywi\u0105 ka\u017cd\u0105 stylizacj\u0119.\"}]}<\/script>\n<!-- \/ Yoast SEO plugin. -->","yoast_head_json":{"title":"Stylizacje na Wielkanoc - jak si\u0119 ubra\u0107 na \u015bwi\u0119ta? - Magazyn Pakamera.pl","description":"Zastanawiasz si\u0119 jakie stylizacje na Wielkanoc b\u0119d\u0105 najlepszym wyborem? Zobacz nasze propozycje na \u015bwi\u0105teczne \u015bniadanie i nie tylko!","robots":{"index":"index","follow":"follow"},"canonical":"https:\/\/www.pakamera.pl\/magazyn\/stylizacje-na-wielkanoc-jak-sie-ubrac-na-swieta\/","og_locale":"pl_PL","og_type":"article","og_title":"Stylizacje na Wielkanoc - jak si\u0119 ubra\u0107 na \u015bwi\u0119ta? - Magazyn Pakamera.pl","og_description":"Zastanawiasz si\u0119 jakie stylizacje na Wielkanoc b\u0119d\u0105 najlepszym wyborem? Zobacz nasze propozycje na \u015bwi\u0105teczne \u015bniadanie i nie tylko!","og_url":"https:\/\/www.pakamera.pl\/magazyn\/stylizacje-na-wielkanoc-jak-sie-ubrac-na-swieta\/","og_site_name":"Magazyn Pakamera.pl","article_publisher":"https:\/\/facebook.com\/pakamerapl","article_published_time":"2025-02-15T07:19:14+00:00","article_modified_time":"2026-02-19T12:30:32+00:00","og_image":[{"width":1600,"height":840,"url":"https:\/\/imgmag.pakamera.net\/2025\/02\/stylizacje-na-wielkanoc-jak-sie-ubrac-na-swieta-110942538151.jpg","type":"image\/jpeg"}],"author":"Magda Strzelecka","twitter_card":"summary_large_image","twitter_misc":{"Napisane przez":"Magda Strzelecka","Szacowany czas czytania":"6 minut"},"schema":{"@context":"https:\/\/schema.org","@graph":[{"@type":"Article","@id":"https:\/\/www.pakamera.pl\/magazyn\/stylizacje-na-wielkanoc-jak-sie-ubrac-na-swieta\/#article","isPartOf":{"@id":"https:\/\/www.pakamera.pl\/magazyn\/stylizacje-na-wielkanoc-jak-sie-ubrac-na-swieta\/"},"author":{"name":"Magda Strzelecka","@id":"https:\/\/www.pakamera.pl\/magazyn\/#\/schema\/person\/375940ab821c5af50e1e31f1ec5282b5"},"headline":"Stylizacje na Wielkanoc &#8211; jak si\u0119 ubra\u0107 na \u015bwi\u0119ta?","datePublished":"2025-02-15T07:19:14+00:00","dateModified":"2026-02-19T12:30:32+00:00","mainEntityOfPage":{"@id":"https:\/\/www.pakamera.pl\/magazyn\/stylizacje-na-wielkanoc-jak-sie-ubrac-na-swieta\/"},"wordCount":931,"publisher":{"@id":"https:\/\/www.pakamera.pl\/magazyn\/#organization"},"keywords":["dekoracje na wielkanoc","dekoracje wielkanocne","modna koszula","ozdoby wielkanocne handmade","szafa kapsu\u0142owa","trencz wiosenny","wianki wielkanocne"],"articleSection":["Moda"],"inLanguage":"pl-PL"},{"@type":"WebPage","@id":"https:\/\/www.pakamera.pl\/magazyn\/stylizacje-na-wielkanoc-jak-sie-ubrac-na-swieta\/","url":"https:\/\/www.pakamera.pl\/magazyn\/stylizacje-na-wielkanoc-jak-sie-ubrac-na-swieta\/","name":"Stylizacje na Wielkanoc - jak si\u0119 ubra\u0107 na \u015bwi\u0119ta? - Magazyn Pakamera.pl","isPartOf":{"@id":"https:\/\/www.pakamera.pl\/magazyn\/#website"},"datePublished":"2025-02-15T07:19:14+00:00","dateModified":"2026-02-19T12:30:32+00:00","description":"Zastanawiasz si\u0119 jakie stylizacje na Wielkanoc b\u0119d\u0105 najlepszym wyborem? Zobacz nasze propozycje na \u015bwi\u0105teczne \u015bniadanie i nie tylko!","breadcrumb":{"@id":"https:\/\/www.pakamera.pl\/magazyn\/stylizacje-na-wielkanoc-jak-sie-ubrac-na-swieta\/#breadcrumb"},"inLanguage":"pl-PL","potentialAction":[{"@type":"ReadAction","target":["https:\/\/www.pakamera.pl\/magazyn\/stylizacje-na-wielkanoc-jak-sie-ubrac-na-swieta\/"]}]},{"@type":"BreadcrumbList","@id":"https:\/\/www.pakamera.pl\/magazyn\/stylizacje-na-wielkanoc-jak-sie-ubrac-na-swieta\/#breadcrumb","itemListElement":[{"@type":"ListItem","position":1,"name":"Magazyn","item":"https:\/\/www.pakamera.pl\/magazyn\/"},{"@type":"ListItem","position":2,"name":"Moda","item":"https:\/\/www.pakamera.pl\/magazyn\/category\/moda\/"},{"@type":"ListItem","position":3,"name":"Stylizacje na Wielkanoc &#8211; jak si\u0119 ubra\u0107 na \u015bwi\u0119ta?"}]},{"@type":"WebSite","@id":"https:\/\/www.pakamera.pl\/magazyn\/#website","url":"https:\/\/www.pakamera.pl\/magazyn\/","name":"Magazyn Pakamera.pl","description":"Sprawd\u017a najgor\u0119tsze tematy sezonu!","publisher":{"@id":"https:\/\/www.pakamera.pl\/magazyn\/#organization"},"potentialAction":[{"@type":"SearchAction","target":{"@type":"EntryPoint","urlTemplate":"https:\/\/www.pakamera.pl\/magazyn\/?s={search_term_string}"},"query-input":"required name=search_term_string"}],"inLanguage":"pl-PL"},{"@type":"Organization","@id":"https:\/\/www.pakamera.pl\/magazyn\/#organization","name":"Pakamera.pl","url":"https:\/\/www.pakamera.pl\/magazyn\/","logo":{"@type":"ImageObject","inLanguage":"pl-PL","@id":"https:\/\/www.pakamera.pl\/magazyn\/#\/schema\/logo\/image\/","url":"https:\/\/imgmag.pakamera.net\/2023\/11\/153455466619.png","contentUrl":"https:\/\/imgmag.pakamera.net\/2023\/11\/153455466619.png","width":690,"height":140,"caption":"Pakamera.pl"},"image":{"@id":"https:\/\/www.pakamera.pl\/magazyn\/#\/schema\/logo\/image\/"},"sameAs":["https:\/\/facebook.com\/pakamerapl","https:\/\/www.instagram.com\/pakamera\/"]},{"@type":"Person","@id":"https:\/\/www.pakamera.pl\/magazyn\/#\/schema\/person\/375940ab821c5af50e1e31f1ec5282b5","name":"Magda Strzelecka","description":"Magda to nasza stylistka, kt\u00f3ra od ponad 10 lat \u015bci\u015ble zwi\u0105zana jest z mod\u0105. Uwielbia \u015bledzi\u0107 \u015bwiatowe trendy i przek\u0142ada\u0107 je na rynek polski. Kocha dobre sk\u0142ady ubra\u0144, wyj\u0105tkow\u0105 bi\u017cuteri\u0119 i dodatki kt\u00f3re o\u017cywi\u0105 ka\u017cd\u0105 stylizacj\u0119."}]}},"_links":{"self":[{"href":"https:\/\/www.pakamera.pl\/magazyn\/wp-json\/wp\/v2\/posts\/12200","targetHints":{"allow":["GET"]}}],"collection":[{"href":"https:\/\/www.pakamera.pl\/magazyn\/wp-json\/wp\/v2\/posts"}],"about":[{"href":"https:\/\/www.pakamera.pl\/magazyn\/wp-json\/wp\/v2\/types\/post"}],"author":[{"embeddable":true,"href":"https:\/\/www.pakamera.pl\/magazyn\/wp-json\/wp\/v2\/users\/16"}],"replies":[{"embeddable":true,"href":"https:\/\/www.pakamera.pl\/magazyn\/wp-json\/wp\/v2\/comments?post=12200"}],"version-history":[{"count":3,"href":"https:\/\/www.pakamera.pl\/magazyn\/wp-json\/wp\/v2\/posts\/12200\/revisions"}],"predecessor-version":[{"id":14451,"href":"https:\/\/www.pakamera.pl\/magazyn\/wp-json\/wp\/v2\/posts\/12200\/revisions\/14451"}],"wp:featuredmedia":[{"embeddable":true,"href":"https:\/\/www.pakamera.pl\/magazyn\/wp-json\/wp\/v2\/media\/12202"}],"wp:attachment":[{"href":"https:\/\/www.pakamera.pl\/magazyn\/wp-json\/wp\/v2\/media?parent=12200"}],"wp:term":[{"taxonomy":"category","embeddable":true,"href":"https:\/\/www.pakamera.pl\/magazyn\/wp-json\/wp\/v2\/categories?post=12200"},{"taxonomy":"post_tag","embeddable":true,"href":"https:\/\/www.pakamera.pl\/magazyn\/wp-json\/wp\/v2\/tags?post=12200"}],"curies":[{"name":"wp","href":"https:\/\/api.w.org\/{rel}","templated":true}]}}