{"id":12192,"date":"2025-02-13T15:56:11","date_gmt":"2025-02-13T14:56:11","guid":{"rendered":"https:\/\/www.pakamera.pl\/magazyn\/?p=12192"},"modified":"2025-04-03T13:40:33","modified_gmt":"2025-04-03T11:40:33","slug":"wiosenne-stylizacje-co-jest-modne-wiosna-2025","status":"publish","type":"post","link":"https:\/\/www.pakamera.pl\/magazyn\/wiosenne-stylizacje-co-jest-modne-wiosna-2025\/","title":{"rendered":"Wiosenne stylizacje \u2013 co jest modne wiosn\u0105 2026?"},"content":{"rendered":"<p><strong>Zanim si\u0119 obejrzysz, zima ust\u0105pi miejsca d\u0142u\u017cszym dniom i s\u0142onecznej pogodzie. W ko\u0144cu nadejdzie d\u0142ugo wyczekiwany marzec i b\u0119dziesz mog\u0142a schowa\u0107 ci\u0119\u017ckie puch\u00f3wki i wyci\u0105gn\u0105\u0107 lekkie sp\u00f3dniczki, sukienki i sweterki. Nie mo\u017cesz si\u0119 ju\u017c doczeka\u0107 na wiosenne stylizacje? To tak jak my!<\/strong><\/p>\n<p><!--more--><\/p>\n<figure id=\"attachment_12198\" aria-describedby=\"caption-attachment-12198\" style=\"width: 1600px\" class=\"wp-caption alignnone\"><img loading=\"lazy\" decoding=\"async\" class=\"wp-image-12198 size-full\" src=\"https:\/\/imgmag.pakamera.net\/2025\/02\/wiosenne-stylizacje-co-jest-modne-wiosna-2025-155253668195.jpg\" alt=\"wiosenne stylizacje dla ka\u017cdego\" width=\"1600\" height=\"840\" \/><figcaption id=\"caption-attachment-12198\" class=\"wp-caption-text\">Jedwabna d\u0142uga sukienka w kwiaty, AMAIA \/ Yanowska \/ www.pakamera.pl<\/figcaption><\/figure>\n<p>Stylizacje wiosna 2026 przynosz\u0105 ze sob\u0105 \u015bwie\u017ce trendy, dzi\u0119ki kt\u00f3rym wyrazisz swoj\u0105 osobowo\u015b\u0107. W modzie do g\u0142osu dochodz\u0105 odwa\u017cniejsze stylizacje uzupe\u0142nione o kobiece elementy. Na wybiegach Prady i Diora nie brakuje drapowa\u0144, asymetrii i intryguj\u0105cych detali. Ch\u0119tnie korzystaj\u0105 z nich r\u00f3wnie\u017c polscy projektanci.<\/p>\n<h2>Jak tworzy\u0107 stylizacje na wiosn\u0119 2026? Modne trendy<\/h2>\n<p>Co jest modne wiosn\u0105 2026? <strong>Przede wszystkim odwa\u017cne po\u0142\u0105czenia, kt\u00f3re zach\u0119caj\u0105 do pokazania zadziornego charakteru bez rezygnacji z kobiecej delikatno\u015bci<\/strong>.<\/p>\n<p>Sercem tegorocznych trend\u00f3w jest <strong>intryguj\u0105cy Mocha Mousse, czyli kolor roku Pantone<\/strong>. Br\u0105z z r\u00f3\u017cowo-czerwonym podtonem przywo\u0142uj\u0105cy na my\u015bl czekoladow\u0105 piank\u0119 sprawdza si\u0119 jako baza stylizacji. Dla najlepszych efekt\u00f3w \u0142\u0105cz go z karmelowymi dodatkami, pudrowym r\u00f3\u017cem lub b\u0142\u0119kitem.<\/p>\n<p><strong>Stylizacja wiosenna jest ho\u0142dem dla natury, dlatego nie brakuje w niej pasteli inspirowanych kolorami kwitn\u0105cych kwiat\u00f3w<\/strong>. W 2026 roku b\u0119dzie to przede wszystkim<strong> baby blue na oversize&#8217;owych p\u0142aszczach, lnianych spodniach i kardiganach<\/strong>, a tak\u017ce \u017c\u00f3\u0142\u0107 i mi\u0119ta.<\/p>\n<div id=\"pakawidget1853\" class=\"pakawidget\"><\/div>\n<p><script async defer src=\"https:\/\/www.pakamera.pl\/widget\/widget2.min.js?id=1853&#038;type=20250213152645&#038;wwidth=1000\"><\/script><br \/>\nStylizacje damskie na wiosn\u0119 2026 ciesz\u0105 oko. Zdobi\u0105 je <strong>nadruki w formie retro romb\u00f3w, k\u00f3\u0142 i tr\u00f3jk\u0105t\u00f3w<\/strong> (inspiracja latami 60\u2019 i 70\u2019!). Znajdzie si\u0119 r\u00f3wnie\u017c miejsce na <strong>paski i kwiat<\/strong>y (zw\u0142aszcza maki i piwonie). Panterka i zebra, kt\u00f3re powr\u00f3ci\u0142y do \u0142aski w zesz\u0142ym roku, wci\u0105\u017c s\u0105 w modzie.<\/p>\n<p>Wiosenne materia\u0142y a\u017c chce si\u0119 dotkn\u0105\u0107.<strong> Zwiewne, przejrzyste tiule i koronkowe topy kr\u00f3luj\u0105 w romantycznych stylizacjach<\/strong>, ale nie brakuje r\u00f3wnie\u017c mocniejszych akcent\u00f3w. W\u0142a\u015bnie takie s\u0105 <strong>zamszowe bomberki i sk\u00f3rzane kowbojskie botki<\/strong>, kt\u00f3re zobaczymy na wybiegach. Diabe\u0142, jak zawsze, tkwi w szczeg\u00f3\u0142ach, a w tym sezonie s\u0105 to s<strong>ubtelne drapowania i asymetryczne dekolty<\/strong> zdobi\u0105ce <a href=\"https:\/\/www.pakamera.pl\/sukienki-0-1895.htm\" target=\"_blank\" rel=\"noopener\">sukienki damskie<\/a> i sp\u00f3dnice na wybiegach Dolce&amp;Gabbana i Elie Saab (i nie tylko!).<\/p>\n<h2>Moda na wiosn\u0119 2026 \u2013 topowe fasony<\/h2>\n<figure id=\"attachment_12197\" aria-describedby=\"caption-attachment-12197\" style=\"width: 1600px\" class=\"wp-caption alignnone\"><img loading=\"lazy\" decoding=\"async\" class=\"wp-image-12197 size-full\" src=\"https:\/\/imgmag.pakamera.net\/2025\/02\/wiosenne-stylizacje-co-jest-modne-wiosna-2025-155252291464.jpg\" alt=\" ponadczasowa sukienka o prostym kroju, kt\u00f3ry b\u0119dzie pasowa\u0107 ka\u017cdemu\" width=\"1600\" height=\"840\" \/><figcaption id=\"caption-attachment-12197\" class=\"wp-caption-text\">Sukienka SARA Lea \/ FLORISTA \/ www.pakamera.pl<\/figcaption><\/figure>\n<p>Stylizacja modna na wiosn\u0119 mie\u015bci si\u0119 w trzech g\u0142\u00f3wnych nurtach: office core, retro i sportowy luz.<\/p>\n<p><strong>Modne stylizacje na wiosn\u0119 w duchu office core opieraj\u0105 si\u0119 na oversize&#8217;owych marynarkach w pastelowych kolorach i Mocha Mousse<\/strong>. Te eleganckie elementy garderoby mo\u017cesz zestawia\u0107 z lu\u017aniejszym do\u0142em: jeansami cargo lub spodniami wide-leg. <strong>Garnitury ca\u0142y czas s\u0105 w modzie, ale te wykonane z lekkiego materia\u0142u<\/strong>, w pr\u0105\u017cki lub jednokolorowym total looku. Popularne s\u0105 te\u017c <strong>kombinezony z kieszeniami w militarnym stylu<\/strong> i <a href=\"https:\/\/www.pakamera.pl\/magazyn\/stylizacje-z-czarnym-golfem-5-pomyslow-od-pakamery\/\" target=\"_blank\" rel=\"noopener\">stylizacje z czarnym golfem<\/a>.<\/p>\n<p>Wiosenna moda czerpie gar\u015bciami z trend\u00f3w retro z trzech dekad. <strong>Z lat 70. wracaj\u0105 do nas zamszowe <a href=\"https:\/\/www.pakamera.pl\/kurtki-0-3058.htm\" target=\"_blank\" rel=\"noopener\">kurtki damskie<\/a> z fr\u0119dzlami, spodnie dzwony, p\u0142aszcze safari i botki kowbojskie<\/strong>. Lata 90. znajduj\u0105 swoje odbicie w ch\u0119tnie noszonych oversize&#8217;owych blazerach, sp\u00f3dnicach midi i balerinach z lakierowanym wyko\u0144czeniem. Tej wiosny znalaz\u0142o si\u0119 r\u00f3wnie\u017c miejsce dla odkrytych talii, jeans\u00f3w z niskim stanem, cekinowych top\u00f3w i kr\u00f3tkich sk\u00f3rzanych kurtek, kt\u00f3re jednoznacznie kojarz\u0105 si\u0119 z latami 2000.<\/p>\n<p>Nurt sportowy w wiosennych ubraniach ju\u017c dawno przekroczy\u0142 bramy podw\u00f3rek i znalaz\u0142 si\u0119 w mainstreamie. <strong>Stylizacje na wiosn\u0119 2026 ch\u0119tnie korzystaj\u0105 z oversize\u2019owych bomberek z haftami i lu\u017anych lnianych spodni<\/strong>. W\u0142osy przyozd\u00f3b ulubionym nakryciem g\u0142owy Pary\u017canek. <a href=\"https:\/\/www.pakamera.pl\/magazyn\/jak-nosic-beret-pomysly-nie-tylko-na-zimowe-stylizacje\/\" target=\"_blank\" rel=\"noopener\">Jak nosi\u0107 beret modnie?<\/a> Najlepiej zadziornie przekrzywiony na bok.<\/p>\n<h2>Stylizacje wiosenne do pracy i na co dzie\u0144<\/h2>\n<div id=\"pakawidget1854\" class=\"pakawidget\"><\/div>\n<p><script async defer src=\"https:\/\/www.pakamera.pl\/widget\/widget2.min.js?id=1854&#038;type=20250213153009&#038;wwidth=1000\"><\/script><br \/>\nWiosenne ciep\u0142o zach\u0119ca do od\u015bwie\u017cenia szafy i stworzenie uniwersalnych zestaw\u00f3w na co dzie\u0144. Skorzystaj z poni\u017cszego zestawu inspiracji, \u017ceby zbudowa\u0107 praktyczn\u0105 garderob\u0119 na r\u00f3\u017cne okazje.<\/p>\n<h3>Stylizacja wiosenna do biura<\/h3>\n<p>Zestaw oversize&#8217;owy blazer w kolorze Mocha Mousse, \u017c\u00f3\u0142t\u0105 bluzk\u0119 i be\u017cowe cygaretki. Po\u0142\u0105cz je z cz\u00f3\u0142enkami z odkrytymi palcami (peep-toe) z metalicznym obcasem i torebk\u0105 w stylu safari.<\/p>\n<h3>Komplet na wyj\u015bcie ze znajomymi<\/h3>\n<p><strong>Wybierz oversize&#8217;ow\u0105 koszul\u0119 w geometryczny print i jasne jeansy cargo<\/strong>. Do zestawu pasuj\u0105 baleriny baby blue na 5 cm platformie, mi\u0119towy kardigan i drewniane korale z kamieniami.<br \/>\n<a href=\"https:\/\/www.pakamera.pl\/magazyn\/jak-nosic-koszule-oversize-pomysly-na-modne-stylizacje\/\" target=\"_blank\" rel=\"noopener\">Jak nosi\u0107 koszul\u0119 oversize?<\/a> Najlepiej z dopasowanym do\u0142em i szerokim paskiem od spodni.<\/p>\n<h3>Stylizacje wiosenne do pracy<\/h3>\n<p>Je\u015bli nie masz sztywnego dress code\u2019u, mo\u017cesz pozwoli\u0107 sobie na odrobin\u0119 luzu. <strong>W\u0142\u00f3\u017c drapowan\u0105 sukienk\u0119 midi w kolorze pudrowego r\u00f3\u017cu, trencz khaki, pastelowe sneakersy i sk\u00f3rzan\u0105 torebk\u0119<\/strong>.<br \/>\nWolisz spodnie? Wypr\u00f3buj kombinezon baby blue z kieszeniami cargo, botki w kolorze Mocha Mousse, pasek z masywn\u0105 klamr\u0105 i drewniane kolczyki w kszta\u0142cie k\u00f3\u0142. Sprawd\u017a, <a href=\"https:\/\/www.pakamera.pl\/magazyn\/jak-stworzyc-kapsulowa-garderobe\/\" target=\"_blank\" rel=\"noopener\">jak stworzy\u0107 kapsu\u0142ow\u0105 garderob\u0119<\/a>, dzi\u0119ki kt\u00f3rej nie b\u0119dziesz musia\u0142a codziennie rozmy\u015bla\u0107, co za\u0142o\u017cy\u0107.<\/p>\n<h3>Outfit na wieczorne wyj\u015bcie<\/h3>\n<p>Wiosn\u0105 a\u017c si\u0119 chce odkrywa\u0107 ramiona i \u0142apa\u0107 pierwsze promienie s\u0142o\u0144ca. Aby poczu\u0107 ciep\u0142o pierwszych wiosennych dni, w\u0142\u00f3\u017c satynow\u0105 sukienk\u0119 typu slip dress i lu\u017any blazer. Do tego cz\u00f3\u0142enka z przezroczystymi wstawkami, cekinowa kopert\u00f3wka i d\u0142ugie kolczyki. To \u015bwietna stylizacja na randk\u0119 lub kolacj\u0119 w babskim gronie.<\/p>\n<h3>Str\u00f3j na home office<\/h3>\n<p>Stylizacje wiosenne do pracy z domu powinny by\u0107 w pierwszej kolejno\u015bci wygodne, a w drugiej, modne. W oba kryteria idealnie wpisuje si\u0119 mi\u0119towy kardigan z jedwabn\u0105 bluzk\u0105 w geometryczny wz\u00f3r, a do tego be\u017cowe spodnie palazzo i naszyjnik z drewnianych koralik\u00f3w.<\/p>\n<p><strong>Wiosenne stylizacje damskie znajdziesz w ofercie polskich projektant\u00f3w na Pakamera.pl<\/strong>. Znajd\u017a co\u015b dla siebie!<\/p>\n","protected":false},"excerpt":{"rendered":"<p>Zanim si\u0119 obejrzysz, zima ust\u0105pi miejsca d\u0142u\u017cszym dniom i s\u0142onecznej pogodzie. W ko\u0144cu nadejdzie d\u0142ugo wyczekiwany marzec i b\u0119dziesz mog\u0142a schowa\u0107 ci\u0119\u017ckie puch\u00f3wki i wyci\u0105gn\u0105\u0107 lekkie sp\u00f3dniczki, sukienki i sweterki.<span class=\"more-dots\">&#8230;<\/span><\/p>\n","protected":false},"author":16,"featured_media":12198,"comment_status":"closed","ping_status":"closed","sticky":false,"template":"","format":"standard","meta":{"footnotes":""},"categories":[3],"tags":[1564,1816,1805,2242,2266,818],"class_list":["post-12192","post","type-post","status-publish","format-standard","has-post-thumbnail","hentry","category-moda","tag-kolory-wiosna-lato","tag-skarpetki-na-wiosne","tag-torebka-na-wiosne","tag-trencz-wiosenny","tag-wiosenne-kosmetyki","tag-wiosna"],"yoast_head":"<!-- This site is optimized with the Yoast SEO plugin v21.6 - https:\/\/yoast.com\/wordpress\/plugins\/seo\/ -->\n<title>Wiosenne stylizacje \u2013 co jest modne wiosn\u0105 [year]? - Magazyn Pakamera.pl<\/title>\n<meta name=\"description\" content=\"Zastanawiasz si\u0119 co b\u0119dzie modne w najbli\u017cszym sezonie? Zobacz nasze wiosenne stylizacje, kt\u00f3re b\u0119d\u0105 jednocze\u015bnie modne i ponadczasowe.\" \/>\n<meta name=\"robots\" content=\"index, follow\" \/>\n<link rel=\"canonical\" href=\"https:\/\/www.pakamera.pl\/magazyn\/wiosenne-stylizacje-co-jest-modne-wiosna-2025\/\" \/>\n<meta property=\"og:locale\" content=\"pl_PL\" \/>\n<meta property=\"og:type\" content=\"article\" \/>\n<meta property=\"og:title\" content=\"Wiosenne stylizacje \u2013 co jest modne wiosn\u0105 [year]? - Magazyn Pakamera.pl\" \/>\n<meta property=\"og:description\" content=\"Zastanawiasz si\u0119 co b\u0119dzie modne w najbli\u017cszym sezonie? Zobacz nasze wiosenne stylizacje, kt\u00f3re b\u0119d\u0105 jednocze\u015bnie modne i ponadczasowe.\" \/>\n<meta property=\"og:url\" content=\"https:\/\/www.pakamera.pl\/magazyn\/wiosenne-stylizacje-co-jest-modne-wiosna-2025\/\" \/>\n<meta property=\"og:site_name\" content=\"Magazyn Pakamera.pl\" \/>\n<meta property=\"article:publisher\" content=\"https:\/\/facebook.com\/pakamerapl\" \/>\n<meta property=\"article:published_time\" content=\"2025-02-13T14:56:11+00:00\" \/>\n<meta property=\"article:modified_time\" content=\"2025-04-03T11:40:33+00:00\" \/>\n<meta property=\"og:image\" content=\"https:\/\/imgmag.pakamera.net\/2025\/02\/wiosenne-stylizacje-co-jest-modne-wiosna-2025-155253668195.jpg\" \/>\n\t<meta property=\"og:image:width\" content=\"1600\" \/>\n\t<meta property=\"og:image:height\" content=\"840\" \/>\n\t<meta property=\"og:image:type\" content=\"image\/jpeg\" \/>\n<meta name=\"author\" content=\"Magda Strzelecka\" \/>\n<meta name=\"twitter:card\" content=\"summary_large_image\" \/>\n<meta name=\"twitter:label1\" content=\"Napisane przez\" \/>\n\t<meta name=\"twitter:data1\" content=\"Magda Strzelecka\" \/>\n\t<meta name=\"twitter:label2\" content=\"Szacowany czas czytania\" \/>\n\t<meta name=\"twitter:data2\" content=\"6 minut\" \/>\n<script type=\"application\/ld+json\" class=\"yoast-schema-graph\">{\"@context\":\"https:\/\/schema.org\",\"@graph\":[{\"@type\":\"Article\",\"@id\":\"https:\/\/www.pakamera.pl\/magazyn\/wiosenne-stylizacje-co-jest-modne-wiosna-2025\/#article\",\"isPartOf\":{\"@id\":\"https:\/\/www.pakamera.pl\/magazyn\/wiosenne-stylizacje-co-jest-modne-wiosna-2025\/\"},\"author\":{\"name\":\"Magda Strzelecka\",\"@id\":\"https:\/\/www.pakamera.pl\/magazyn\/#\/schema\/person\/375940ab821c5af50e1e31f1ec5282b5\"},\"headline\":\"Wiosenne stylizacje \u2013 co jest modne wiosn\u0105 2026?\",\"datePublished\":\"2025-02-13T14:56:11+00:00\",\"dateModified\":\"2025-04-03T11:40:33+00:00\",\"mainEntityOfPage\":{\"@id\":\"https:\/\/www.pakamera.pl\/magazyn\/wiosenne-stylizacje-co-jest-modne-wiosna-2025\/\"},\"wordCount\":966,\"publisher\":{\"@id\":\"https:\/\/www.pakamera.pl\/magazyn\/#organization\"},\"keywords\":[\"kolory wiosna-lato\",\"skarpetki na wiosn\u0119\",\"torebka na wiosn\u0119\",\"trencz wiosenny\",\"wiosenne kosmetyki\",\"wiosna\"],\"articleSection\":[\"Moda\"],\"inLanguage\":\"pl-PL\"},{\"@type\":\"WebPage\",\"@id\":\"https:\/\/www.pakamera.pl\/magazyn\/wiosenne-stylizacje-co-jest-modne-wiosna-2025\/\",\"url\":\"https:\/\/www.pakamera.pl\/magazyn\/wiosenne-stylizacje-co-jest-modne-wiosna-2025\/\",\"name\":\"Wiosenne stylizacje \u2013 co jest modne wiosn\u0105 [year]? - Magazyn Pakamera.pl\",\"isPartOf\":{\"@id\":\"https:\/\/www.pakamera.pl\/magazyn\/#website\"},\"datePublished\":\"2025-02-13T14:56:11+00:00\",\"dateModified\":\"2025-04-03T11:40:33+00:00\",\"description\":\"Zastanawiasz si\u0119 co b\u0119dzie modne w najbli\u017cszym sezonie? Zobacz nasze wiosenne stylizacje, kt\u00f3re b\u0119d\u0105 jednocze\u015bnie modne i ponadczasowe.\",\"breadcrumb\":{\"@id\":\"https:\/\/www.pakamera.pl\/magazyn\/wiosenne-stylizacje-co-jest-modne-wiosna-2025\/#breadcrumb\"},\"inLanguage\":\"pl-PL\",\"potentialAction\":[{\"@type\":\"ReadAction\",\"target\":[\"https:\/\/www.pakamera.pl\/magazyn\/wiosenne-stylizacje-co-jest-modne-wiosna-2025\/\"]}]},{\"@type\":\"BreadcrumbList\",\"@id\":\"https:\/\/www.pakamera.pl\/magazyn\/wiosenne-stylizacje-co-jest-modne-wiosna-2025\/#breadcrumb\",\"itemListElement\":[{\"@type\":\"ListItem\",\"position\":1,\"name\":\"Magazyn\",\"item\":\"https:\/\/www.pakamera.pl\/magazyn\/\"},{\"@type\":\"ListItem\",\"position\":2,\"name\":\"Moda\",\"item\":\"https:\/\/www.pakamera.pl\/magazyn\/category\/moda\/\"},{\"@type\":\"ListItem\",\"position\":3,\"name\":\"Wiosenne stylizacje \u2013 co jest modne wiosn\u0105 2025?\"}]},{\"@type\":\"WebSite\",\"@id\":\"https:\/\/www.pakamera.pl\/magazyn\/#website\",\"url\":\"https:\/\/www.pakamera.pl\/magazyn\/\",\"name\":\"Magazyn Pakamera.pl\",\"description\":\"Sprawd\u017a najgor\u0119tsze tematy sezonu!\",\"publisher\":{\"@id\":\"https:\/\/www.pakamera.pl\/magazyn\/#organization\"},\"potentialAction\":[{\"@type\":\"SearchAction\",\"target\":{\"@type\":\"EntryPoint\",\"urlTemplate\":\"https:\/\/www.pakamera.pl\/magazyn\/?s={search_term_string}\"},\"query-input\":\"required name=search_term_string\"}],\"inLanguage\":\"pl-PL\"},{\"@type\":\"Organization\",\"@id\":\"https:\/\/www.pakamera.pl\/magazyn\/#organization\",\"name\":\"Pakamera.pl\",\"url\":\"https:\/\/www.pakamera.pl\/magazyn\/\",\"logo\":{\"@type\":\"ImageObject\",\"inLanguage\":\"pl-PL\",\"@id\":\"https:\/\/www.pakamera.pl\/magazyn\/#\/schema\/logo\/image\/\",\"url\":\"https:\/\/imgmag.pakamera.net\/2023\/11\/153455466619.png\",\"contentUrl\":\"https:\/\/imgmag.pakamera.net\/2023\/11\/153455466619.png\",\"width\":690,\"height\":140,\"caption\":\"Pakamera.pl\"},\"image\":{\"@id\":\"https:\/\/www.pakamera.pl\/magazyn\/#\/schema\/logo\/image\/\"},\"sameAs\":[\"https:\/\/facebook.com\/pakamerapl\",\"https:\/\/www.instagram.com\/pakamera\/\"]},{\"@type\":\"Person\",\"@id\":\"https:\/\/www.pakamera.pl\/magazyn\/#\/schema\/person\/375940ab821c5af50e1e31f1ec5282b5\",\"name\":\"Magda Strzelecka\",\"description\":\"Magda to nasza stylistka, kt\u00f3ra od ponad 10 lat \u015bci\u015ble zwi\u0105zana jest z mod\u0105. Uwielbia \u015bledzi\u0107 \u015bwiatowe trendy i przek\u0142ada\u0107 je na rynek polski. Kocha dobre sk\u0142ady ubra\u0144, wyj\u0105tkow\u0105 bi\u017cuteri\u0119 i dodatki kt\u00f3re o\u017cywi\u0105 ka\u017cd\u0105 stylizacj\u0119.\"}]}<\/script>\n<!-- \/ Yoast SEO plugin. -->","yoast_head_json":{"title":"Wiosenne stylizacje \u2013 co jest modne wiosn\u0105 [year]? - Magazyn Pakamera.pl","description":"Zastanawiasz si\u0119 co b\u0119dzie modne w najbli\u017cszym sezonie? Zobacz nasze wiosenne stylizacje, kt\u00f3re b\u0119d\u0105 jednocze\u015bnie modne i ponadczasowe.","robots":{"index":"index","follow":"follow"},"canonical":"https:\/\/www.pakamera.pl\/magazyn\/wiosenne-stylizacje-co-jest-modne-wiosna-2025\/","og_locale":"pl_PL","og_type":"article","og_title":"Wiosenne stylizacje \u2013 co jest modne wiosn\u0105 [year]? - Magazyn Pakamera.pl","og_description":"Zastanawiasz si\u0119 co b\u0119dzie modne w najbli\u017cszym sezonie? Zobacz nasze wiosenne stylizacje, kt\u00f3re b\u0119d\u0105 jednocze\u015bnie modne i ponadczasowe.","og_url":"https:\/\/www.pakamera.pl\/magazyn\/wiosenne-stylizacje-co-jest-modne-wiosna-2025\/","og_site_name":"Magazyn Pakamera.pl","article_publisher":"https:\/\/facebook.com\/pakamerapl","article_published_time":"2025-02-13T14:56:11+00:00","article_modified_time":"2025-04-03T11:40:33+00:00","og_image":[{"width":1600,"height":840,"url":"https:\/\/imgmag.pakamera.net\/2025\/02\/wiosenne-stylizacje-co-jest-modne-wiosna-2025-155253668195.jpg","type":"image\/jpeg"}],"author":"Magda Strzelecka","twitter_card":"summary_large_image","twitter_misc":{"Napisane przez":"Magda Strzelecka","Szacowany czas czytania":"6 minut"},"schema":{"@context":"https:\/\/schema.org","@graph":[{"@type":"Article","@id":"https:\/\/www.pakamera.pl\/magazyn\/wiosenne-stylizacje-co-jest-modne-wiosna-2025\/#article","isPartOf":{"@id":"https:\/\/www.pakamera.pl\/magazyn\/wiosenne-stylizacje-co-jest-modne-wiosna-2025\/"},"author":{"name":"Magda Strzelecka","@id":"https:\/\/www.pakamera.pl\/magazyn\/#\/schema\/person\/375940ab821c5af50e1e31f1ec5282b5"},"headline":"Wiosenne stylizacje \u2013 co jest modne wiosn\u0105 2026?","datePublished":"2025-02-13T14:56:11+00:00","dateModified":"2025-04-03T11:40:33+00:00","mainEntityOfPage":{"@id":"https:\/\/www.pakamera.pl\/magazyn\/wiosenne-stylizacje-co-jest-modne-wiosna-2025\/"},"wordCount":966,"publisher":{"@id":"https:\/\/www.pakamera.pl\/magazyn\/#organization"},"keywords":["kolory wiosna-lato","skarpetki na wiosn\u0119","torebka na wiosn\u0119","trencz wiosenny","wiosenne kosmetyki","wiosna"],"articleSection":["Moda"],"inLanguage":"pl-PL"},{"@type":"WebPage","@id":"https:\/\/www.pakamera.pl\/magazyn\/wiosenne-stylizacje-co-jest-modne-wiosna-2025\/","url":"https:\/\/www.pakamera.pl\/magazyn\/wiosenne-stylizacje-co-jest-modne-wiosna-2025\/","name":"Wiosenne stylizacje \u2013 co jest modne wiosn\u0105 [year]? - Magazyn Pakamera.pl","isPartOf":{"@id":"https:\/\/www.pakamera.pl\/magazyn\/#website"},"datePublished":"2025-02-13T14:56:11+00:00","dateModified":"2025-04-03T11:40:33+00:00","description":"Zastanawiasz si\u0119 co b\u0119dzie modne w najbli\u017cszym sezonie? Zobacz nasze wiosenne stylizacje, kt\u00f3re b\u0119d\u0105 jednocze\u015bnie modne i ponadczasowe.","breadcrumb":{"@id":"https:\/\/www.pakamera.pl\/magazyn\/wiosenne-stylizacje-co-jest-modne-wiosna-2025\/#breadcrumb"},"inLanguage":"pl-PL","potentialAction":[{"@type":"ReadAction","target":["https:\/\/www.pakamera.pl\/magazyn\/wiosenne-stylizacje-co-jest-modne-wiosna-2025\/"]}]},{"@type":"BreadcrumbList","@id":"https:\/\/www.pakamera.pl\/magazyn\/wiosenne-stylizacje-co-jest-modne-wiosna-2025\/#breadcrumb","itemListElement":[{"@type":"ListItem","position":1,"name":"Magazyn","item":"https:\/\/www.pakamera.pl\/magazyn\/"},{"@type":"ListItem","position":2,"name":"Moda","item":"https:\/\/www.pakamera.pl\/magazyn\/category\/moda\/"},{"@type":"ListItem","position":3,"name":"Wiosenne stylizacje \u2013 co jest modne wiosn\u0105 2025?"}]},{"@type":"WebSite","@id":"https:\/\/www.pakamera.pl\/magazyn\/#website","url":"https:\/\/www.pakamera.pl\/magazyn\/","name":"Magazyn Pakamera.pl","description":"Sprawd\u017a najgor\u0119tsze tematy sezonu!","publisher":{"@id":"https:\/\/www.pakamera.pl\/magazyn\/#organization"},"potentialAction":[{"@type":"SearchAction","target":{"@type":"EntryPoint","urlTemplate":"https:\/\/www.pakamera.pl\/magazyn\/?s={search_term_string}"},"query-input":"required name=search_term_string"}],"inLanguage":"pl-PL"},{"@type":"Organization","@id":"https:\/\/www.pakamera.pl\/magazyn\/#organization","name":"Pakamera.pl","url":"https:\/\/www.pakamera.pl\/magazyn\/","logo":{"@type":"ImageObject","inLanguage":"pl-PL","@id":"https:\/\/www.pakamera.pl\/magazyn\/#\/schema\/logo\/image\/","url":"https:\/\/imgmag.pakamera.net\/2023\/11\/153455466619.png","contentUrl":"https:\/\/imgmag.pakamera.net\/2023\/11\/153455466619.png","width":690,"height":140,"caption":"Pakamera.pl"},"image":{"@id":"https:\/\/www.pakamera.pl\/magazyn\/#\/schema\/logo\/image\/"},"sameAs":["https:\/\/facebook.com\/pakamerapl","https:\/\/www.instagram.com\/pakamera\/"]},{"@type":"Person","@id":"https:\/\/www.pakamera.pl\/magazyn\/#\/schema\/person\/375940ab821c5af50e1e31f1ec5282b5","name":"Magda Strzelecka","description":"Magda to nasza stylistka, kt\u00f3ra od ponad 10 lat \u015bci\u015ble zwi\u0105zana jest z mod\u0105. Uwielbia \u015bledzi\u0107 \u015bwiatowe trendy i przek\u0142ada\u0107 je na rynek polski. Kocha dobre sk\u0142ady ubra\u0144, wyj\u0105tkow\u0105 bi\u017cuteri\u0119 i dodatki kt\u00f3re o\u017cywi\u0105 ka\u017cd\u0105 stylizacj\u0119."}]}},"_links":{"self":[{"href":"https:\/\/www.pakamera.pl\/magazyn\/wp-json\/wp\/v2\/posts\/12192","targetHints":{"allow":["GET"]}}],"collection":[{"href":"https:\/\/www.pakamera.pl\/magazyn\/wp-json\/wp\/v2\/posts"}],"about":[{"href":"https:\/\/www.pakamera.pl\/magazyn\/wp-json\/wp\/v2\/types\/post"}],"author":[{"embeddable":true,"href":"https:\/\/www.pakamera.pl\/magazyn\/wp-json\/wp\/v2\/users\/16"}],"replies":[{"embeddable":true,"href":"https:\/\/www.pakamera.pl\/magazyn\/wp-json\/wp\/v2\/comments?post=12192"}],"version-history":[{"count":3,"href":"https:\/\/www.pakamera.pl\/magazyn\/wp-json\/wp\/v2\/posts\/12192\/revisions"}],"predecessor-version":[{"id":13147,"href":"https:\/\/www.pakamera.pl\/magazyn\/wp-json\/wp\/v2\/posts\/12192\/revisions\/13147"}],"wp:featuredmedia":[{"embeddable":true,"href":"https:\/\/www.pakamera.pl\/magazyn\/wp-json\/wp\/v2\/media\/12198"}],"wp:attachment":[{"href":"https:\/\/www.pakamera.pl\/magazyn\/wp-json\/wp\/v2\/media?parent=12192"}],"wp:term":[{"taxonomy":"category","embeddable":true,"href":"https:\/\/www.pakamera.pl\/magazyn\/wp-json\/wp\/v2\/categories?post=12192"},{"taxonomy":"post_tag","embeddable":true,"href":"https:\/\/www.pakamera.pl\/magazyn\/wp-json\/wp\/v2\/tags?post=12192"}],"curies":[{"name":"wp","href":"https:\/\/api.w.org\/{rel}","templated":true}]}}