{"id":12184,"date":"2025-02-09T08:40:58","date_gmt":"2025-02-09T07:40:58","guid":{"rendered":"https:\/\/www.pakamera.pl\/magazyn\/?p=12184"},"modified":"2025-10-30T13:22:19","modified_gmt":"2025-10-30T12:22:19","slug":"co-kupic-na-wielkanoc-pomysly-na-wielkanocne-upominki","status":"publish","type":"post","link":"https:\/\/www.pakamera.pl\/magazyn\/co-kupic-na-wielkanoc-pomysly-na-wielkanocne-upominki\/","title":{"rendered":"Co kupi\u0107 na Wielkanoc? Pomys\u0142y na wielkanocne upominki"},"content":{"rendered":"<p><strong>Symbolem Wielkanocy s\u0105 malowane jajka, \u015bwi\u0119conka i zaj\u0105czek roznosz\u0105cy s\u0142odycze. Tradycja dawania czekoladek i prezent\u00f3w nie jest co prawda tak d\u0142uga, jak bo\u017conarodzeniowa, ale staje si\u0119 coraz bardziej popularna. Pozostaje, wi\u0119c pytanie. Co kupi\u0107 na Wielkanoc?<br \/>\n<\/strong><\/p>\n<p><!--more--><\/p>\n<figure id=\"attachment_12180\" aria-describedby=\"caption-attachment-12180\" style=\"width: 1600px\" class=\"wp-caption alignnone\"><img loading=\"lazy\" decoding=\"async\" class=\"wp-image-12180 size-full\" src=\"https:\/\/imgmag.pakamera.net\/2025\/02\/jak-udekorowac-okno-na-wielkanoc-inspiracje-i-pomysly-152604465227.jpg\" alt=\"Co kupi\u0107 na Wielkanoc\" width=\"1600\" height=\"840\" \/><figcaption id=\"caption-attachment-12180\" class=\"wp-caption-text\">Jajka Wielkanocne \/ Swoye \/ www.pakamera.pl<\/figcaption><\/figure>\n<p>I nie ma w tym nic dziwnego! To po prostu kolejna okazja, kiedy mo\u017cesz sprawi\u0107 bliskim przyjemno\u015b\u0107. Przyj\u0119\u0142o si\u0119, \u017ce w te \u015awi\u0119ta daje si\u0119 ma\u0142e upominki. Sprawd\u017a, co kupi\u0107 na Wielkanoc, \u017ceby pokaza\u0107 drugiej osobie, \u017ce ciep\u0142o o niej my\u015blisz.<\/p>\n<h2>Czy na Wielkanoc daje si\u0119 prezenty?<\/h2>\n<p>Nie ma jednoznacznej odpowiedzi na pytanie, czy na Wielkanoc daje si\u0119 prezenty. Wszystko zale\u017cy od tradycji panuj\u0105cych w rodzinie, ale je\u015bli chcesz, mo\u017cesz zaproponowa\u0107, \u017ceby w tym roku wymieni\u0107 si\u0119 upominkami!<\/p>\n<p><strong>Z tego pomys\u0142u szczeg\u00f3lnie uciesz\u0105 si\u0119 dzieci<\/strong>, kt\u00f3rym na sam widok koszyczka wype\u0142nionego s\u0142odyczami lub drobnymi prezentami za\u015bwiec\u0105 si\u0119 oczy. Mo\u017ce w tym roku zaplanujesz wsp\u00f3ln\u0105 zabaw\u0119 w szukanie podark\u00f3w?<\/p>\n<h2>Co kupi\u0107 na \u015bwi\u0119ta wielkanocne? Pomys\u0142y<\/h2>\n<div id=\"pakawidget1849\" class=\"pakawidget\"><\/div>\n<p><script async defer src=\"https:\/\/www.pakamera.pl\/widget\/widget2.min.js?id=1849&#038;type=20250207160559&#038;wwidth=1000\"><\/script><br \/>\nSkoro ju\u017c zdecydowa\u0142a\u015b, czy daje si\u0119 prezenty na Wielkanoc, pojawia si\u0119 kolejne pytanie: co kupi\u0107 na zaj\u0105czka? <strong>Najlepiej co\u015b drobnego, co naprawd\u0119 ucieszy obdarowan\u0105 osob\u0119<\/strong>. S\u0142odycze s\u0105 fajne, ale jeszcze fajniejsze b\u0119d\u0105 przedmioty, kt\u00f3re ciesz\u0105 d\u0142u\u017cej ni\u017c przez \u015bwi\u0105teczny poranek. Poni\u017cej znajdziesz praktyczne pomys\u0142y na prezenty na Wielkanoc dla ca\u0142ej rodziny.<\/p>\n<h3>Pomys\u0142 na prezent wielkanocny dla mamy i babci<\/h3>\n<p>Mamom i babciom przypadn\u0105 do gustu prezenty, kt\u00f3re s\u0105 po prostu \u0142adne i ciesz\u0105 oko. Mo\u017ce to by\u0107 <strong>jedwabna apaszka w kwiaty lub ceramiczny dzbanek do herbaty z fili\u017cankami<\/strong>. Praktycznym wyborem b\u0119dzie te\u017c lniany fartuch kuchenny z haftem, zestaw naturalnych kosmetyk\u00f3w lub drobne r\u0119cznie robione <a href=\"https:\/\/www.pakamera.pl\/wielkanoc-ozdoby-0-2816.htm\" target=\"_blank\" rel=\"noopener\">ozdoby wielkanocne<\/a>.<\/p>\n<h3>Pomys\u0142y na prezenty na Wielkanoc dla taty i dziadka<\/h3>\n<p>Tatowie i dziadkowie doceni\u0105 praktyczne prezenty. Pomy\u015bl, co mog\u0142oby si\u0119 im przyda\u0107, a czego nie kupiliby sobie tego sami. Mo\u017ce to by\u0107 <strong>sk\u00f3rzany pasek z grawerem lub we\u0142niany szalik<\/strong>. Bardzo m\u0119skimi opcjami s\u0105 te\u017c <strong>portfel z naturalnej sk\u00f3ry<\/strong> i <strong>spinki do mankiet\u00f3w<\/strong>. Te podarki b\u0119d\u0105 im s\u0142u\u017cy\u0107 przez lata. Je\u015bli panowie w Twojej rodzinie s\u0105 mi\u0142o\u015bnikami herbaty, zawsze dobrym pomys\u0142em b\u0119dzie zestaw do herbaty i torebka aromatycznego naparu.<\/p>\n<h3>Co kupi\u0107 na \u015bwi\u0119ta wielkanocne dzieciom?<\/h3>\n<p>Najm\u0142odsi cz\u0142onkowie rodziny <strong>uciesz\u0105 si\u0119 z zabawek<\/strong>. Mo\u017cesz si\u0119 postara\u0107 i podej\u015b\u0107 do sprawy kreatywnie, daj\u0105c im <strong>koszyczek wype\u0142niony drobnymi upominkami i s\u0142odyczami<\/strong>. Najm\u0142odsi doceni\u0105 zw\u0142aszcza pluszowego kr\u00f3lika, malowanki, kredki w kilkudziesi\u0119ciu kolorach, wielkanocne opowiadanie i drewniane puzzle.<\/p>\n<h3>Pomys\u0142 na prezent na zaj\u0105czka dla chrzestnych i rodzic\u00f3w chrzestnych<\/h3>\n<figure id=\"attachment_12178\" aria-describedby=\"caption-attachment-12178\" style=\"width: 1600px\" class=\"wp-caption alignnone\"><img loading=\"lazy\" decoding=\"async\" class=\"wp-image-12178 size-full\" src=\"https:\/\/imgmag.pakamera.net\/2025\/02\/jak-udekorowac-okno-na-wielkanoc-inspiracje-i-pomysly-152602975726.jpg\" alt=\"wianek na drzwi r\u00f3\u017cowe jaskry, ciemno r\u00f3\u017cowe p\u0105ki tulipan\u00f3w i mn\u00f3stwo innych kwiat\u00f3w zwiastuj\u0105cych wiosn\u0119\" width=\"1600\" height=\"840\" \/><figcaption id=\"caption-attachment-12178\" class=\"wp-caption-text\">Wianek &#8222;multilove&#8221; \/ ci sza \/ www.pakamera.pl<\/figcaption><\/figure>\n<p>Na Wielkanoc mo\u017cesz uhonorowa\u0107 swoich chrzestnych lub rodzic\u00f3w chrzestnych pi\u0119kn\u0105 ozdob\u0105 do domu. Proponujemy <a href=\"https:\/\/www.pakamera.pl\/wianek-na-drzwi-0-t24999.htm\" target=\"_blank\" rel=\"noopener\">wianek na drzwi<\/a> lub plakat z zabawn\u0105 grafik\u0105. Je\u015bli lubisz prezenty DIY, wybierz album w eleganckiej oprawie i wklej do \u015brodka wsp\u00f3lne zdj\u0119cia.<\/p>\n<h3>Pomys\u0142 na wielkanocny prezent dla siostry lub brata<\/h3>\n<p>Rodze\u0144stwu najlepiej podarowa\u0107 <strong>praktyczne przedmioty<\/strong>. Mo\u017ce to by\u0107 co\u015b, co przyda im si\u0119 w organizacji dnia, czyli <strong>planner lub notes w sk\u00f3rzanej oprawie<\/strong>. Je\u015bli dobrze znasz ich gust, pomy\u015bl o bi\u017cuterii ze srebra z grawerem lub etui na telefon. Inny, nieco drobniejszy upominek, warty rozwa\u017cenia to <a href=\"https:\/\/www.pakamera.pl\/zapachy-swiece-0-2887.htm\" target=\"_blank\" rel=\"noopener\">\u015bwiece zapachowe<\/a>. Mo\u017ce znajdziesz tak\u0105, kt\u00f3ra skojarzy Ci si\u0119 z Waszym dzieci\u0144stwem?<\/p>\n<p>Jak zapakowa\u0107 prezenty na Wielkanoc? Wykorzystaj w tym celu papier do pakowania lub przezroczyst\u0105 foli\u0119 celofanow\u0105.<strong> Aby stworzy\u0107 wiosenn\u0105 atmosfer\u0119, zaszalej z dodatkami<\/strong>. Przygotuj w tym celu suszone kwiaty, ga\u0142\u0105zki bazi i wst\u0105\u017cki w odcieniach \u017c\u00f3\u0142ci i zieleni. Je\u015bli wolisz niebanalne rozwi\u0105zania, schowaj upominki w wiklinowych koszyczkach i postaw je w pobli\u017cu sto\u0142u. Do czasu rozdawania upomink\u00f3w, nikt nie zorientuje si\u0119, \u017ce w \u015brodku s\u0105 takie skarby, a nie \u015bwi\u0105teczne pisanki!<\/p>\n<div id=\"pakawidget1850\" class=\"pakawidget\"><\/div>\n<p><script async defer src=\"https:\/\/www.pakamera.pl\/widget\/widget2.min.js?id=1850&#038;type=20250207161030&#038;wwidth=1000\"><\/script><\/p>\n<h2>Kiedy daje si\u0119 prezent na Wielkanoc?<\/h2>\n<p>Masz ju\u017c pomys\u0142 na prezent na Wielkanoc? <strong>Upominki najlepiej wr\u0119czy\u0107 podczas \u015bwi\u0119towania, czyli w Niedziel\u0119 Wielkanocn\u0105 lub w lany poniedzia\u0142ek<\/strong>, je\u015bli dopiero wtedy widzisz si\u0119 ze swoj\u0105 rodzin\u0105. Zr\u00f3b to od razu po od\u015bwi\u0119tnym \u015bniadaniu &#8211; nie ka\u017c najm\u0142odszym czeka\u0107!<\/p>\n<p>W ramach rodzinnej zabawy <strong>mo\u017cesz te\u017c pokusi\u0107 si\u0119 o ukrycie przedmiot\u00f3w w sprytnie obmy\u015blonych kryj\u00f3wkach, a p\u00f3\u017aniej zorganizowa\u0107 wsp\u00f3lne poszukiwania<\/strong>. Ma\u0142e obiekty mo\u017cna ukry\u0107 wsz\u0119dzie! Nie potrzebujesz do tego ogrodu, zmieszcz\u0105 si\u0119 nawet pod poduszk\u0105. Je\u015bli chcesz podej\u015b\u0107 do sprawy kreatywnie, opracuj wskaz\u00f3wki i wyre\u017cyseruj ca\u0142e poszukiwania. Ta Wielkanoc zostanie w pami\u0119ci Twoich bliskich na d\u0142u\u017cej.<\/p>\n<p>Pi\u0119kne <strong>prezenty wielkanocne od polskich rzemie\u015blnik\u00f3w znajdziesz na Pakamera.pl<\/strong>. Wyruszaj na poszukiwania, \u017ceby skompletowa\u0107 upominki dla ca\u0142ej rodziny.<\/p>\n","protected":false},"excerpt":{"rendered":"<p>Symbolem Wielkanocy s\u0105 malowane jajka, \u015bwi\u0119conka i zaj\u0105czek roznosz\u0105cy s\u0142odycze. Tradycja dawania czekoladek i prezent\u00f3w nie jest co prawda tak d\u0142uga, jak bo\u017conarodzeniowa, ale staje si\u0119 coraz bardziej popularna. Pozostaje,<span class=\"more-dots\">&#8230;<\/span><\/p>\n","protected":false},"author":17,"featured_media":12180,"comment_status":"closed","ping_status":"closed","sticky":false,"template":"","format":"standard","meta":{"footnotes":""},"categories":[12],"tags":[1560,1785,979,2359,2358,1788,2498,978,1559,985,980],"class_list":["post-12184","post","type-post","status-publish","format-standard","has-post-thumbnail","hentry","category-dom-i-wnetrza","tag-dekoracje-na-wielkanoc","tag-dekoracje-wielkanocne","tag-dom-na-wielkanoc","tag-ozdoby-wielkanocne-handmade","tag-ozodby-wielkanocne-od-polskich-marek","tag-wianek-wielkanocny","tag-wianki-wielkanocne","tag-wielkanoc","tag-wielkanocne-dekoracje","tag-wielkanocny-stol","tag-wnetrza-na-wielkanoc"],"yoast_head":"<!-- This site is optimized with the Yoast SEO plugin v21.6 - https:\/\/yoast.com\/wordpress\/plugins\/seo\/ -->\n<title>Co kupi\u0107 na Wielkanoc? Pomys\u0142y na wielkanocne upominki - Magazyn Pakamera.pl<\/title>\n<meta name=\"description\" content=\"Zastanawiasz si\u0119 co kupi\u0107 na Wielkanoc swoim bliskim lub rodzinie, kt\u00f3r\u0105 odwiedzasz w te wyj\u0105tkowe \u015bwi\u0119ta? Zobacz nasze propozycje.\" \/>\n<meta name=\"robots\" content=\"index, follow\" \/>\n<link rel=\"canonical\" href=\"https:\/\/www.pakamera.pl\/magazyn\/co-kupic-na-wielkanoc-pomysly-na-wielkanocne-upominki\/\" \/>\n<meta property=\"og:locale\" content=\"pl_PL\" \/>\n<meta property=\"og:type\" content=\"article\" \/>\n<meta property=\"og:title\" content=\"Co kupi\u0107 na Wielkanoc? Pomys\u0142y na wielkanocne upominki - Magazyn Pakamera.pl\" \/>\n<meta property=\"og:description\" content=\"Zastanawiasz si\u0119 co kupi\u0107 na Wielkanoc swoim bliskim lub rodzinie, kt\u00f3r\u0105 odwiedzasz w te wyj\u0105tkowe \u015bwi\u0119ta? Zobacz nasze propozycje.\" \/>\n<meta property=\"og:url\" content=\"https:\/\/www.pakamera.pl\/magazyn\/co-kupic-na-wielkanoc-pomysly-na-wielkanocne-upominki\/\" \/>\n<meta property=\"og:site_name\" content=\"Magazyn Pakamera.pl\" \/>\n<meta property=\"article:publisher\" content=\"https:\/\/facebook.com\/pakamerapl\" \/>\n<meta property=\"article:published_time\" content=\"2025-02-09T07:40:58+00:00\" \/>\n<meta property=\"article:modified_time\" content=\"2025-10-30T12:22:19+00:00\" \/>\n<meta property=\"og:image\" content=\"https:\/\/imgmag.pakamera.net\/2025\/02\/jak-udekorowac-okno-na-wielkanoc-inspiracje-i-pomysly-152604465227.jpg\" \/>\n\t<meta property=\"og:image:width\" content=\"1600\" \/>\n\t<meta property=\"og:image:height\" content=\"840\" \/>\n\t<meta property=\"og:image:type\" content=\"image\/jpeg\" \/>\n<meta name=\"author\" content=\"Agnieszka Pilska\" \/>\n<meta name=\"twitter:card\" content=\"summary_large_image\" \/>\n<meta name=\"twitter:label1\" content=\"Napisane przez\" \/>\n\t<meta name=\"twitter:data1\" content=\"Agnieszka Pilska\" \/>\n\t<meta name=\"twitter:label2\" content=\"Szacowany czas czytania\" \/>\n\t<meta name=\"twitter:data2\" content=\"5 minut\" \/>\n<script type=\"application\/ld+json\" class=\"yoast-schema-graph\">{\"@context\":\"https:\/\/schema.org\",\"@graph\":[{\"@type\":\"Article\",\"@id\":\"https:\/\/www.pakamera.pl\/magazyn\/co-kupic-na-wielkanoc-pomysly-na-wielkanocne-upominki\/#article\",\"isPartOf\":{\"@id\":\"https:\/\/www.pakamera.pl\/magazyn\/co-kupic-na-wielkanoc-pomysly-na-wielkanocne-upominki\/\"},\"author\":{\"name\":\"Agnieszka Pilska\",\"@id\":\"https:\/\/www.pakamera.pl\/magazyn\/#\/schema\/person\/572f3f4a9ab09d0378471fe80a2db902\"},\"headline\":\"Co kupi\u0107 na Wielkanoc? Pomys\u0142y na wielkanocne upominki\",\"datePublished\":\"2025-02-09T07:40:58+00:00\",\"dateModified\":\"2025-10-30T12:22:19+00:00\",\"mainEntityOfPage\":{\"@id\":\"https:\/\/www.pakamera.pl\/magazyn\/co-kupic-na-wielkanoc-pomysly-na-wielkanocne-upominki\/\"},\"wordCount\":846,\"publisher\":{\"@id\":\"https:\/\/www.pakamera.pl\/magazyn\/#organization\"},\"keywords\":[\"dekoracje na wielkanoc\",\"dekoracje wielkanocne\",\"dom na Wielkanoc\",\"ozdoby wielkanocne handmade\",\"ozodby wielkanocne od polskich marek\",\"wianek wielkanocny\",\"wianki wielkanocne\",\"Wielkanoc\",\"wielkanocne dekoracje\",\"wielkanocny st\u00f3\u0142\",\"wn\u0119trza na Wielkanoc\"],\"articleSection\":[\"Dom i Wn\u0119trze\"],\"inLanguage\":\"pl-PL\"},{\"@type\":\"WebPage\",\"@id\":\"https:\/\/www.pakamera.pl\/magazyn\/co-kupic-na-wielkanoc-pomysly-na-wielkanocne-upominki\/\",\"url\":\"https:\/\/www.pakamera.pl\/magazyn\/co-kupic-na-wielkanoc-pomysly-na-wielkanocne-upominki\/\",\"name\":\"Co kupi\u0107 na Wielkanoc? Pomys\u0142y na wielkanocne upominki - Magazyn Pakamera.pl\",\"isPartOf\":{\"@id\":\"https:\/\/www.pakamera.pl\/magazyn\/#website\"},\"datePublished\":\"2025-02-09T07:40:58+00:00\",\"dateModified\":\"2025-10-30T12:22:19+00:00\",\"description\":\"Zastanawiasz si\u0119 co kupi\u0107 na Wielkanoc swoim bliskim lub rodzinie, kt\u00f3r\u0105 odwiedzasz w te wyj\u0105tkowe \u015bwi\u0119ta? Zobacz nasze propozycje.\",\"breadcrumb\":{\"@id\":\"https:\/\/www.pakamera.pl\/magazyn\/co-kupic-na-wielkanoc-pomysly-na-wielkanocne-upominki\/#breadcrumb\"},\"inLanguage\":\"pl-PL\",\"potentialAction\":[{\"@type\":\"ReadAction\",\"target\":[\"https:\/\/www.pakamera.pl\/magazyn\/co-kupic-na-wielkanoc-pomysly-na-wielkanocne-upominki\/\"]}]},{\"@type\":\"BreadcrumbList\",\"@id\":\"https:\/\/www.pakamera.pl\/magazyn\/co-kupic-na-wielkanoc-pomysly-na-wielkanocne-upominki\/#breadcrumb\",\"itemListElement\":[{\"@type\":\"ListItem\",\"position\":1,\"name\":\"Magazyn\",\"item\":\"https:\/\/www.pakamera.pl\/magazyn\/\"},{\"@type\":\"ListItem\",\"position\":2,\"name\":\"Dom i Wn\u0119trze\",\"item\":\"https:\/\/www.pakamera.pl\/magazyn\/category\/dom-i-wnetrza\/\"},{\"@type\":\"ListItem\",\"position\":3,\"name\":\"Co kupi\u0107 na Wielkanoc? Pomys\u0142y na wielkanocne upominki\"}]},{\"@type\":\"WebSite\",\"@id\":\"https:\/\/www.pakamera.pl\/magazyn\/#website\",\"url\":\"https:\/\/www.pakamera.pl\/magazyn\/\",\"name\":\"Magazyn Pakamera.pl\",\"description\":\"Sprawd\u017a najgor\u0119tsze tematy sezonu!\",\"publisher\":{\"@id\":\"https:\/\/www.pakamera.pl\/magazyn\/#organization\"},\"potentialAction\":[{\"@type\":\"SearchAction\",\"target\":{\"@type\":\"EntryPoint\",\"urlTemplate\":\"https:\/\/www.pakamera.pl\/magazyn\/?s={search_term_string}\"},\"query-input\":\"required name=search_term_string\"}],\"inLanguage\":\"pl-PL\"},{\"@type\":\"Organization\",\"@id\":\"https:\/\/www.pakamera.pl\/magazyn\/#organization\",\"name\":\"Pakamera.pl\",\"url\":\"https:\/\/www.pakamera.pl\/magazyn\/\",\"logo\":{\"@type\":\"ImageObject\",\"inLanguage\":\"pl-PL\",\"@id\":\"https:\/\/www.pakamera.pl\/magazyn\/#\/schema\/logo\/image\/\",\"url\":\"https:\/\/imgmag.pakamera.net\/2023\/11\/153455466619.png\",\"contentUrl\":\"https:\/\/imgmag.pakamera.net\/2023\/11\/153455466619.png\",\"width\":690,\"height\":140,\"caption\":\"Pakamera.pl\"},\"image\":{\"@id\":\"https:\/\/www.pakamera.pl\/magazyn\/#\/schema\/logo\/image\/\"},\"sameAs\":[\"https:\/\/facebook.com\/pakamerapl\",\"https:\/\/www.instagram.com\/pakamera\/\"]},{\"@type\":\"Person\",\"@id\":\"https:\/\/www.pakamera.pl\/magazyn\/#\/schema\/person\/572f3f4a9ab09d0378471fe80a2db902\",\"name\":\"Agnieszka Pilska\",\"description\":\"Agnieszka kocha dobry design i wszystko co si\u0119 z nim \u0142\u0105czy. Ma do\u015bwiadczenie w projektowaniu wn\u0119trz dzi\u0119ki czemu ma niesamowity zmys\u0142 estetyczny. Potrafi prostymi dodatkami stworzy\u0107 przestrze\u0144, kt\u00f3ra zachwyci wszystkich.\"}]}<\/script>\n<!-- \/ Yoast SEO plugin. -->","yoast_head_json":{"title":"Co kupi\u0107 na Wielkanoc? Pomys\u0142y na wielkanocne upominki - Magazyn Pakamera.pl","description":"Zastanawiasz si\u0119 co kupi\u0107 na Wielkanoc swoim bliskim lub rodzinie, kt\u00f3r\u0105 odwiedzasz w te wyj\u0105tkowe \u015bwi\u0119ta? Zobacz nasze propozycje.","robots":{"index":"index","follow":"follow"},"canonical":"https:\/\/www.pakamera.pl\/magazyn\/co-kupic-na-wielkanoc-pomysly-na-wielkanocne-upominki\/","og_locale":"pl_PL","og_type":"article","og_title":"Co kupi\u0107 na Wielkanoc? Pomys\u0142y na wielkanocne upominki - Magazyn Pakamera.pl","og_description":"Zastanawiasz si\u0119 co kupi\u0107 na Wielkanoc swoim bliskim lub rodzinie, kt\u00f3r\u0105 odwiedzasz w te wyj\u0105tkowe \u015bwi\u0119ta? Zobacz nasze propozycje.","og_url":"https:\/\/www.pakamera.pl\/magazyn\/co-kupic-na-wielkanoc-pomysly-na-wielkanocne-upominki\/","og_site_name":"Magazyn Pakamera.pl","article_publisher":"https:\/\/facebook.com\/pakamerapl","article_published_time":"2025-02-09T07:40:58+00:00","article_modified_time":"2025-10-30T12:22:19+00:00","og_image":[{"width":1600,"height":840,"url":"https:\/\/imgmag.pakamera.net\/2025\/02\/jak-udekorowac-okno-na-wielkanoc-inspiracje-i-pomysly-152604465227.jpg","type":"image\/jpeg"}],"author":"Agnieszka Pilska","twitter_card":"summary_large_image","twitter_misc":{"Napisane przez":"Agnieszka Pilska","Szacowany czas czytania":"5 minut"},"schema":{"@context":"https:\/\/schema.org","@graph":[{"@type":"Article","@id":"https:\/\/www.pakamera.pl\/magazyn\/co-kupic-na-wielkanoc-pomysly-na-wielkanocne-upominki\/#article","isPartOf":{"@id":"https:\/\/www.pakamera.pl\/magazyn\/co-kupic-na-wielkanoc-pomysly-na-wielkanocne-upominki\/"},"author":{"name":"Agnieszka Pilska","@id":"https:\/\/www.pakamera.pl\/magazyn\/#\/schema\/person\/572f3f4a9ab09d0378471fe80a2db902"},"headline":"Co kupi\u0107 na Wielkanoc? Pomys\u0142y na wielkanocne upominki","datePublished":"2025-02-09T07:40:58+00:00","dateModified":"2025-10-30T12:22:19+00:00","mainEntityOfPage":{"@id":"https:\/\/www.pakamera.pl\/magazyn\/co-kupic-na-wielkanoc-pomysly-na-wielkanocne-upominki\/"},"wordCount":846,"publisher":{"@id":"https:\/\/www.pakamera.pl\/magazyn\/#organization"},"keywords":["dekoracje na wielkanoc","dekoracje wielkanocne","dom na Wielkanoc","ozdoby wielkanocne handmade","ozodby wielkanocne od polskich marek","wianek wielkanocny","wianki wielkanocne","Wielkanoc","wielkanocne dekoracje","wielkanocny st\u00f3\u0142","wn\u0119trza na Wielkanoc"],"articleSection":["Dom i Wn\u0119trze"],"inLanguage":"pl-PL"},{"@type":"WebPage","@id":"https:\/\/www.pakamera.pl\/magazyn\/co-kupic-na-wielkanoc-pomysly-na-wielkanocne-upominki\/","url":"https:\/\/www.pakamera.pl\/magazyn\/co-kupic-na-wielkanoc-pomysly-na-wielkanocne-upominki\/","name":"Co kupi\u0107 na Wielkanoc? Pomys\u0142y na wielkanocne upominki - Magazyn Pakamera.pl","isPartOf":{"@id":"https:\/\/www.pakamera.pl\/magazyn\/#website"},"datePublished":"2025-02-09T07:40:58+00:00","dateModified":"2025-10-30T12:22:19+00:00","description":"Zastanawiasz si\u0119 co kupi\u0107 na Wielkanoc swoim bliskim lub rodzinie, kt\u00f3r\u0105 odwiedzasz w te wyj\u0105tkowe \u015bwi\u0119ta? Zobacz nasze propozycje.","breadcrumb":{"@id":"https:\/\/www.pakamera.pl\/magazyn\/co-kupic-na-wielkanoc-pomysly-na-wielkanocne-upominki\/#breadcrumb"},"inLanguage":"pl-PL","potentialAction":[{"@type":"ReadAction","target":["https:\/\/www.pakamera.pl\/magazyn\/co-kupic-na-wielkanoc-pomysly-na-wielkanocne-upominki\/"]}]},{"@type":"BreadcrumbList","@id":"https:\/\/www.pakamera.pl\/magazyn\/co-kupic-na-wielkanoc-pomysly-na-wielkanocne-upominki\/#breadcrumb","itemListElement":[{"@type":"ListItem","position":1,"name":"Magazyn","item":"https:\/\/www.pakamera.pl\/magazyn\/"},{"@type":"ListItem","position":2,"name":"Dom i Wn\u0119trze","item":"https:\/\/www.pakamera.pl\/magazyn\/category\/dom-i-wnetrza\/"},{"@type":"ListItem","position":3,"name":"Co kupi\u0107 na Wielkanoc? Pomys\u0142y na wielkanocne upominki"}]},{"@type":"WebSite","@id":"https:\/\/www.pakamera.pl\/magazyn\/#website","url":"https:\/\/www.pakamera.pl\/magazyn\/","name":"Magazyn Pakamera.pl","description":"Sprawd\u017a najgor\u0119tsze tematy sezonu!","publisher":{"@id":"https:\/\/www.pakamera.pl\/magazyn\/#organization"},"potentialAction":[{"@type":"SearchAction","target":{"@type":"EntryPoint","urlTemplate":"https:\/\/www.pakamera.pl\/magazyn\/?s={search_term_string}"},"query-input":"required name=search_term_string"}],"inLanguage":"pl-PL"},{"@type":"Organization","@id":"https:\/\/www.pakamera.pl\/magazyn\/#organization","name":"Pakamera.pl","url":"https:\/\/www.pakamera.pl\/magazyn\/","logo":{"@type":"ImageObject","inLanguage":"pl-PL","@id":"https:\/\/www.pakamera.pl\/magazyn\/#\/schema\/logo\/image\/","url":"https:\/\/imgmag.pakamera.net\/2023\/11\/153455466619.png","contentUrl":"https:\/\/imgmag.pakamera.net\/2023\/11\/153455466619.png","width":690,"height":140,"caption":"Pakamera.pl"},"image":{"@id":"https:\/\/www.pakamera.pl\/magazyn\/#\/schema\/logo\/image\/"},"sameAs":["https:\/\/facebook.com\/pakamerapl","https:\/\/www.instagram.com\/pakamera\/"]},{"@type":"Person","@id":"https:\/\/www.pakamera.pl\/magazyn\/#\/schema\/person\/572f3f4a9ab09d0378471fe80a2db902","name":"Agnieszka Pilska","description":"Agnieszka kocha dobry design i wszystko co si\u0119 z nim \u0142\u0105czy. Ma do\u015bwiadczenie w projektowaniu wn\u0119trz dzi\u0119ki czemu ma niesamowity zmys\u0142 estetyczny. Potrafi prostymi dodatkami stworzy\u0107 przestrze\u0144, kt\u00f3ra zachwyci wszystkich."}]}},"_links":{"self":[{"href":"https:\/\/www.pakamera.pl\/magazyn\/wp-json\/wp\/v2\/posts\/12184","targetHints":{"allow":["GET"]}}],"collection":[{"href":"https:\/\/www.pakamera.pl\/magazyn\/wp-json\/wp\/v2\/posts"}],"about":[{"href":"https:\/\/www.pakamera.pl\/magazyn\/wp-json\/wp\/v2\/types\/post"}],"author":[{"embeddable":true,"href":"https:\/\/www.pakamera.pl\/magazyn\/wp-json\/wp\/v2\/users\/17"}],"replies":[{"embeddable":true,"href":"https:\/\/www.pakamera.pl\/magazyn\/wp-json\/wp\/v2\/comments?post=12184"}],"version-history":[{"count":3,"href":"https:\/\/www.pakamera.pl\/magazyn\/wp-json\/wp\/v2\/posts\/12184\/revisions"}],"predecessor-version":[{"id":14046,"href":"https:\/\/www.pakamera.pl\/magazyn\/wp-json\/wp\/v2\/posts\/12184\/revisions\/14046"}],"wp:featuredmedia":[{"embeddable":true,"href":"https:\/\/www.pakamera.pl\/magazyn\/wp-json\/wp\/v2\/media\/12180"}],"wp:attachment":[{"href":"https:\/\/www.pakamera.pl\/magazyn\/wp-json\/wp\/v2\/media?parent=12184"}],"wp:term":[{"taxonomy":"category","embeddable":true,"href":"https:\/\/www.pakamera.pl\/magazyn\/wp-json\/wp\/v2\/categories?post=12184"},{"taxonomy":"post_tag","embeddable":true,"href":"https:\/\/www.pakamera.pl\/magazyn\/wp-json\/wp\/v2\/tags?post=12184"}],"curies":[{"name":"wp","href":"https:\/\/api.w.org\/{rel}","templated":true}]}}