{"id":12162,"date":"2025-02-03T16:01:29","date_gmt":"2025-02-03T15:01:29","guid":{"rendered":"https:\/\/www.pakamera.pl\/magazyn\/?p=12162"},"modified":"2025-02-03T16:01:29","modified_gmt":"2025-02-03T15:01:29","slug":"szare-sciany-z-czym-laczyc-by-stworzyc-gustowna-aranzacje","status":"publish","type":"post","link":"https:\/\/www.pakamera.pl\/magazyn\/szare-sciany-z-czym-laczyc-by-stworzyc-gustowna-aranzacje\/","title":{"rendered":"Szare \u015bciany \u2013 z czym \u0142\u0105czy\u0107, by stworzy\u0107 gustown\u0105 aran\u017cacj\u0119?"},"content":{"rendered":"<p><strong>Architekci wn\u0119trz ju\u017c dawno przestali postrzega\u0107 szaro\u015b\u0107 jako synonim nudy i monotonii! W swoich projektach ch\u0119tnie uwzgl\u0119dniaj\u0105 szary kolor \u015bcian. Aran\u017cacje nabieraj\u0105 dzi\u0119ki niemu nowoczesnego wymiaru, a przestrze\u0144 staje si\u0119 charakterna. Oczywi\u015bcie, pod warunkiem \u017ce po\u0142\u0105czysz j\u0105 z odpowiednimi dodatkami!Szare \u015bciany \u2013 z czym \u0142\u0105czy\u0107?<\/strong><br \/>\n<!--more--><\/p>\n<figure id=\"attachment_12165\" aria-describedby=\"caption-attachment-12165\" style=\"width: 1600px\" class=\"wp-caption alignnone\"><img loading=\"lazy\" decoding=\"async\" class=\"wp-image-12165 size-full\" src=\"https:\/\/imgmag.pakamera.net\/2025\/02\/szare-sciany-z-czym-laczyc-by-stworzyc-gustowna-aranzacje-144053370185.jpg\" alt=\"szare \u015bciany z czym \u0142\u0105czy\u0107\" width=\"1600\" height=\"840\" \/><figcaption id=\"caption-attachment-12165\" class=\"wp-caption-text\">Plakat Collage Upadam w to\u0144 \u0142api\u0105c za p\u0142atki piwonii r\u00f3\u017c \/ My Moment \/ www.pakamera.pl<\/figcaption><\/figure>\n<p>Neutralna baza tworzy scen\u0119 dla wyrazistych mebli i ozd\u00f3b. Niczego nie narzuca, dlatego w \u0142atwy spos\u00f3b odzwierciedlisz sw\u00f3j osobisty styl. Jasnoszare \u015bciany optycznie powi\u0119kszaj\u0105 przestrze\u0144. Sprawd\u017a, jakie kolory pasuj\u0105 do szaro\u015bci i jakie dodatki wydob\u0119d\u0105 z niej to, co najlepsze.<\/p>\n<h2>Do jakich aran\u017cacji pasuje szary kolor \u015bcian?<\/h2>\n<p>Jasne odcienie pasuj\u0105 do skandynawskich wn\u0119trz. Tworz\u0105 w nich koj\u0105c\u0105 atmosfer\u0119 razem z naturalnymi materia\u0142ami, we\u0142nianymi pledami i meblami o prostych kszta\u0142tach. <strong>Wpasowuj\u0105 si\u0119 w podej\u015bcie hygge<\/strong>. W tym wydaniu szary staje si\u0119 przytulny.<\/p>\n<p><strong>W wydaniu industrialnym szary wygl\u0105da nieco surowo, ale nie w odstraszaj\u0105cy spos\u00f3b<\/strong>. Loftowe przestrzenie kochaj\u0105 zw\u0142aszcza betonowe odcienie. Metalowe konstrukcje i o\u015bwietlenie na ich tle wypada naturalnie.<\/p>\n<p><strong>Szaro\u015b\u0107 wpasowuje si\u0119 w minimalistyczne podej\u015bcie do urz\u0105dzania wn\u0119trz<\/strong>. Tworzy neutralne t\u0142o dla oszcz\u0119dnych w formie mebli i dodatk\u00f3w. W po\u0142\u0105czeniu z biel\u0105 i czerni\u0105 tworzy stonowan\u0105 przestrze\u0144, kt\u00f3ra po prostu wygl\u0105da elegancko.<\/p>\n<div id=\"pakawidget1843\" class=\"pakawidget\"><\/div>\n<p><script async defer src=\"https:\/\/www.pakamera.pl\/widget\/widget2.min.js?id=1843&#038;type=20250203144502&#038;wwidth=1000\"><\/script><br \/>\n<strong>Kolor szary pi\u0119knie ozdobi:<\/strong><\/p>\n<ul>\n<li><a href=\"https:\/\/www.pakamera.pl\/magazyn\/salon-w-stylu-skandynawskim-zobacz-jak-urzadzic-go-na-wlasna-reke\/\" target=\"_blank\" rel=\"noopener\">salon w stylu skandynawskim<\/a>,<\/li>\n<li>salon w stylu industrialnym,<\/li>\n<li>elegancki salon,<\/li>\n<li>minimalistyczny salon.<\/li>\n<\/ul>\n<h2>Z jakim kolorem po\u0142\u0105czy\u0107 szare \u015bciany?<\/h2>\n<p>Jakie kolory pasuj\u0105 do szarego? Mo\u017cliwo\u015bci s\u0105 ogromne, bo szary jest do\u015b\u0107 neutralny: bia\u0142y, czarny, jasnozielony, be\u017cowy, \u017c\u00f3\u0142ty, granatowy, jasnobr\u0105zowy, r\u00f3\u017cowy, mi\u0119towy, bordowy i turkusowy. <strong>Jasne barwy w po\u0142\u0105czeniu z szarym roz\u015bwietlaj\u0105 wn\u0119trze i optycznie je powi\u0119kszaj\u0105<\/strong>.<\/p>\n<p>Lubisz jasny szary? Z jakim kolorem po\u0142\u0105czy\u0107 ten kolor, \u017ceby stworzy\u0107 nowoczesn\u0105 przestrze\u0144? Z bia\u0142ym! <strong>Biel roz\u015bwietli wn\u0119trze i sprawi, \u017ce b\u0119dzie si\u0119 w nim przyjemnie przebywa\u0142o<\/strong>. Jasna szaro\u015b\u0107 w po\u0142\u0105czeniu z biel\u0105 tworzy \u015bwietn\u0105 baz\u0119 dla czarnych dodatk\u00f3w. Sprawdza si\u0119 w przestronnych pomieszczeniach, w kt\u00f3rych \u015bwiat\u0142o swobodnie si\u0119 rozchodzi.<\/p>\n<p>Z jakim kolorem po\u0142\u0105czy\u0107 szary kolor \u015bcian?<strong> Temperatura szaro\u015bci ma znaczenie. Ciep\u0142e odcienie dobrze komponuj\u0105 si\u0119 z kremowymi i piaskowymi tonami<\/strong>, podczas gdy <strong>ch\u0142odne szaro\u015bci lepiej wsp\u00f3\u0142graj\u0105 z b\u0142\u0119kitami i zieleni\u0105<\/strong>.<\/p>\n<figure id=\"attachment_12166\" aria-describedby=\"caption-attachment-12166\" style=\"width: 1600px\" class=\"wp-caption alignnone\"><img loading=\"lazy\" decoding=\"async\" class=\"wp-image-12166 size-full\" src=\"https:\/\/imgmag.pakamera.net\/2025\/02\/szare-sciany-z-czym-laczyc-by-stworzyc-gustowna-aranzacje-144054572414.jpg\" alt=\"industrialny bia\u0142y kwietnik na \u015bcian\u0119\" width=\"1600\" height=\"840\" \/><figcaption id=\"caption-attachment-12166\" class=\"wp-caption-text\">Kwietnik D\u017cungla 5 bia\u0142y \/ Domowe kwietniki \/ www.pakamera.pl<\/figcaption><\/figure>\n<p>Z jakim kolorem \u0142\u0105czy\u0107 szary, gdy zale\u017cy nam na przytulno\u015bci? W tym celu <strong>najlepiej sprawdzaj\u0105 si\u0119 ciep\u0142e be\u017ce i karmelowe br\u0105zy<\/strong>. Niebanalnym wyborem b\u0119d\u0105 te\u017c <strong>granatowy i butelkowozielony<\/strong>.<\/p>\n<p>Jaki kolor \u015bcian do szarego wybiera\u0107 na akcenty?<strong> \u017b\u00f3\u0142ty i musztardowy dodadz\u0105 energii, a pudrowy r\u00f3\u017c zmi\u0119kcza linie<\/strong>. Te energetyczne barwy najlepiej wprowadza\u0107 poprzez ozdoby, kt\u00f3re \u0142atwo mo\u017cna wymieni\u0107 w zale\u017cno\u015bci od sezonu.<\/p>\n<p><strong>\u0141\u0105czenie kolor\u00f3w \u2013 szare \u015bciany z czym \u0142\u0105czy\u0107?<\/strong><\/p>\n<ul>\n<li>bia\u0142y,<\/li>\n<li>czarny,<\/li>\n<li>niebieski,<\/li>\n<li>\u017c\u00f3\u0142ty,<\/li>\n<li>zielony,<\/li>\n<li>r\u00f3\u017cowy,<\/li>\n<li>jasnobr\u0105zowy,<\/li>\n<li>turkusowy,<\/li>\n<li>czerwony,<\/li>\n<li>pastele.<\/li>\n<\/ul>\n<h2>Jakie meble pasuj\u0105 do szarych \u015bcian?<\/h2>\n<p>Jakie kolory pasuj\u0105 do szaro\u015bci na meblach? Wszystko zale\u017cy od efektu, jaki chcesz osi\u0105gn\u0105\u0107.<strong> Bia\u0142e meble na tle szarych \u015bcian tworz\u0105 nowoczesne wn\u0119trze<\/strong>. Je\u015bli zale\u017cy Ci na bardziej <strong>przytulnym wn\u0119trzu, wybierz drewniane meble<\/strong> w ciep\u0142ych odcieniach orzecha lub d\u0119bu.<\/p>\n<div id=\"pakawidget1844\" class=\"pakawidget\"><\/div>\n<p><script async defer src=\"https:\/\/www.pakamera.pl\/widget\/widget2.min.js?id=1844&#038;type=20250203144729&#038;wwidth=1000\"><\/script><br \/>\n<a href=\"https:\/\/www.pakamera.pl\/magazyn\/ciekawe-pomysly-na-sciane-w-salonie-stworz-wymarzona-przestrzen\/\" target=\"_blank\" rel=\"noopener\">Ciekawe pomys\u0142y na \u015bcian\u0119 w salonie<\/a> to nie tylko kolor. Tekstura r\u00f3wnie\u017c ma znaczenie. Pikowana sofa w aksamicie b\u0119dzie prezentowa\u0107 si\u0119 zjawiskowo na tle g\u0142adkiej szarej \u015bciany. <strong>Metalowe lub mosi\u0119\u017cne elementy mebli dodadz\u0105 blasku<\/strong>, kt\u00f3ry roz\u015bwietli wn\u0119trze.<\/p>\n<h2>Szary kolor \u015bcian \u2013 jak dobiera\u0107 dodatki do wn\u0119trza?<\/h2>\n<p>Jaki kolor pasuje do szarych \u015bcian na dodatkach? Najwa\u017cniejsza jest sp\u00f3jno\u015b\u0107. <strong>Wybierz 2-3 barwy i trzymaj si\u0119 ich<\/strong>. Powie\u015b <a href=\"https:\/\/www.pakamera.pl\/plakaty-0-1827.htm\" target=\"_blank\" rel=\"noopener\">plakaty<\/a> w tej kolorystyce i dowie\u015b <a href=\"https:\/\/www.pakamera.pl\/kwietnik-na-sciane-0-t84362.htm\" target=\"_blank\" rel=\"noopener\">kwietnik na \u015bcian\u0119<\/a> wype\u0142niony zieleni\u0105. Te ozdoby wnios\u0105 \u017cycie do monochromatycznej przestrzeni.<\/p>\n<p>Nie ma co skupia\u0107 si\u0119 jedynie na \u015bcianach. <strong>Mi\u0119kkie poduszki w geometryczne wzory, pluszowe koce i puszyste dywany nadaj\u0105 wn\u0119trzom przytulnego charakteru<\/strong>. B\u0119dziesz ch\u0119tnie przebywa\u0107 w pomieszczeniu, w kt\u00f3rym si\u0119 znajduj\u0105.<\/p>\n<p>Najlepsze cechy szarych \u015bcian wydobywa\u2026 <strong>odpowiednie o\u015bwietlenie<\/strong>. Mog\u0105 to by\u0107 lampy z mosi\u0119\u017cnym wyko\u0144czeniem w industrialnym stylu lub nowoczesne kinkiety. Szaro\u015b\u0107 robi za pi\u0119kne t\u0142o fascynuj\u0105cej gry \u015bwiat\u0142a i cienia.<\/p>\n<p>Pozytywn\u0105 r\u00f3\u017cnic\u0119 robi te\u017c <strong>m\u0105dre wykorzystanie luster w szarym wn\u0119trzu<\/strong>. Szklana tafla optycznie powi\u0119ksza przestrze\u0144. Efektownie prezentuj\u0105 si\u0119 du\u017ce lustra oparte o \u015bcian\u0119 i ma\u0142e lustra zebrane w formie galerii.<\/p>\n<p>Nadmiar szarego koloru mo\u017ce stworzy\u0107 przygn\u0119biaj\u0105c\u0105 atmosfer\u0119. A to jest bardzo niepo\u017c\u0105dane we wn\u0119trzach mieszkalnych! Brakuje mu\u2026 zieleni, dlatego <strong>warto wprowadzi\u0107 j\u0105 do wn\u0119trza w formie ro\u015blin doniczkowych<\/strong>.<\/p>\n<p><strong>Ciekawe pomys\u0142y na poduszki ozdobne, dywany, meble i inne dodatki znajdziesz na Pakamera.pl<\/strong>. Przejrzyj nasze propozycje i wybierz co\u015b dla siebie.<\/p>\n","protected":false},"excerpt":{"rendered":"<p>Architekci wn\u0119trz ju\u017c dawno przestali postrzega\u0107 szaro\u015b\u0107 jako synonim nudy i monotonii! W swoich projektach ch\u0119tnie uwzgl\u0119dniaj\u0105 szary kolor \u015bcian. Aran\u017cacje nabieraj\u0105 dzi\u0119ki niemu nowoczesnego wymiaru, a przestrze\u0144 staje si\u0119<span class=\"more-dots\">&#8230;<\/span><\/p>\n","protected":false},"author":17,"featured_media":12165,"comment_status":"closed","ping_status":"closed","sticky":false,"template":"","format":"standard","meta":{"footnotes":""},"categories":[12],"tags":[2160,2311,2282,2236,2464,2208,2458],"class_list":["post-12162","post","type-post","status-publish","format-standard","has-post-thumbnail","hentry","category-dom-i-wnetrza","tag-dekoracja-scienna","tag-dekoracje-do-salonu","tag-dodatki-do-salonu","tag-nowoczesny-stojak-na-kwiaty","tag-ozdoby-na-sciane","tag-plakaty-do-salonu","tag-styl-industrialny"],"yoast_head":"<!-- This site is optimized with the Yoast SEO plugin v21.6 - https:\/\/yoast.com\/wordpress\/plugins\/seo\/ -->\n<title>Szare \u015bciany \u2013 z czym \u0142\u0105czy\u0107, by stworzy\u0107 gustown\u0105 aran\u017cacj\u0119? - Magazyn Pakamera.pl<\/title>\n<meta name=\"description\" content=\"Zastanawiasz si\u0119 z czym \u0142\u0105czy\u0107 szare \u015bciany? Zobacz nasze propozycje na szaro\u015bci we wn\u0119trzach i znajd\u017a sw\u00f3j spos\u00f3b.\" \/>\n<meta name=\"robots\" content=\"index, follow\" \/>\n<link rel=\"canonical\" href=\"https:\/\/www.pakamera.pl\/magazyn\/szare-sciany-z-czym-laczyc-by-stworzyc-gustowna-aranzacje\/\" \/>\n<meta property=\"og:locale\" content=\"pl_PL\" \/>\n<meta property=\"og:type\" content=\"article\" \/>\n<meta property=\"og:title\" content=\"Szare \u015bciany \u2013 z czym \u0142\u0105czy\u0107, by stworzy\u0107 gustown\u0105 aran\u017cacj\u0119? - Magazyn Pakamera.pl\" \/>\n<meta property=\"og:description\" content=\"Zastanawiasz si\u0119 z czym \u0142\u0105czy\u0107 szare \u015bciany? Zobacz nasze propozycje na szaro\u015bci we wn\u0119trzach i znajd\u017a sw\u00f3j spos\u00f3b.\" \/>\n<meta property=\"og:url\" content=\"https:\/\/www.pakamera.pl\/magazyn\/szare-sciany-z-czym-laczyc-by-stworzyc-gustowna-aranzacje\/\" \/>\n<meta property=\"og:site_name\" content=\"Magazyn Pakamera.pl\" \/>\n<meta property=\"article:publisher\" content=\"https:\/\/facebook.com\/pakamerapl\" \/>\n<meta property=\"article:published_time\" content=\"2025-02-03T15:01:29+00:00\" \/>\n<meta property=\"og:image\" content=\"https:\/\/imgmag.pakamera.net\/2025\/02\/szare-sciany-z-czym-laczyc-by-stworzyc-gustowna-aranzacje-144053370185.jpg\" \/>\n\t<meta property=\"og:image:width\" content=\"1600\" \/>\n\t<meta property=\"og:image:height\" content=\"840\" \/>\n\t<meta property=\"og:image:type\" content=\"image\/jpeg\" \/>\n<meta name=\"author\" content=\"Agnieszka Pilska\" \/>\n<meta name=\"twitter:card\" content=\"summary_large_image\" \/>\n<meta name=\"twitter:label1\" content=\"Napisane przez\" \/>\n\t<meta name=\"twitter:data1\" content=\"Agnieszka Pilska\" \/>\n\t<meta name=\"twitter:label2\" content=\"Szacowany czas czytania\" \/>\n\t<meta name=\"twitter:data2\" content=\"5 minut\" \/>\n<script type=\"application\/ld+json\" class=\"yoast-schema-graph\">{\"@context\":\"https:\/\/schema.org\",\"@graph\":[{\"@type\":\"Article\",\"@id\":\"https:\/\/www.pakamera.pl\/magazyn\/szare-sciany-z-czym-laczyc-by-stworzyc-gustowna-aranzacje\/#article\",\"isPartOf\":{\"@id\":\"https:\/\/www.pakamera.pl\/magazyn\/szare-sciany-z-czym-laczyc-by-stworzyc-gustowna-aranzacje\/\"},\"author\":{\"name\":\"Agnieszka Pilska\",\"@id\":\"https:\/\/www.pakamera.pl\/magazyn\/#\/schema\/person\/572f3f4a9ab09d0378471fe80a2db902\"},\"headline\":\"Szare \u015bciany \u2013 z czym \u0142\u0105czy\u0107, by stworzy\u0107 gustown\u0105 aran\u017cacj\u0119?\",\"datePublished\":\"2025-02-03T15:01:29+00:00\",\"dateModified\":\"2025-02-03T15:01:29+00:00\",\"mainEntityOfPage\":{\"@id\":\"https:\/\/www.pakamera.pl\/magazyn\/szare-sciany-z-czym-laczyc-by-stworzyc-gustowna-aranzacje\/\"},\"wordCount\":850,\"publisher\":{\"@id\":\"https:\/\/www.pakamera.pl\/magazyn\/#organization\"},\"keywords\":[\"dekoracja \u015bcienna\",\"dekoracje do salonu\",\"dodatki do salonu\",\"nowoczesny stojak na kwiaty\",\"ozdoby na \u015bcian\u0119\",\"plakaty do salonu\",\"styl industrialny\"],\"articleSection\":[\"Dom i Wn\u0119trze\"],\"inLanguage\":\"pl-PL\"},{\"@type\":\"WebPage\",\"@id\":\"https:\/\/www.pakamera.pl\/magazyn\/szare-sciany-z-czym-laczyc-by-stworzyc-gustowna-aranzacje\/\",\"url\":\"https:\/\/www.pakamera.pl\/magazyn\/szare-sciany-z-czym-laczyc-by-stworzyc-gustowna-aranzacje\/\",\"name\":\"Szare \u015bciany \u2013 z czym \u0142\u0105czy\u0107, by stworzy\u0107 gustown\u0105 aran\u017cacj\u0119? - Magazyn Pakamera.pl\",\"isPartOf\":{\"@id\":\"https:\/\/www.pakamera.pl\/magazyn\/#website\"},\"datePublished\":\"2025-02-03T15:01:29+00:00\",\"dateModified\":\"2025-02-03T15:01:29+00:00\",\"description\":\"Zastanawiasz si\u0119 z czym \u0142\u0105czy\u0107 szare \u015bciany? Zobacz nasze propozycje na szaro\u015bci we wn\u0119trzach i znajd\u017a sw\u00f3j spos\u00f3b.\",\"breadcrumb\":{\"@id\":\"https:\/\/www.pakamera.pl\/magazyn\/szare-sciany-z-czym-laczyc-by-stworzyc-gustowna-aranzacje\/#breadcrumb\"},\"inLanguage\":\"pl-PL\",\"potentialAction\":[{\"@type\":\"ReadAction\",\"target\":[\"https:\/\/www.pakamera.pl\/magazyn\/szare-sciany-z-czym-laczyc-by-stworzyc-gustowna-aranzacje\/\"]}]},{\"@type\":\"BreadcrumbList\",\"@id\":\"https:\/\/www.pakamera.pl\/magazyn\/szare-sciany-z-czym-laczyc-by-stworzyc-gustowna-aranzacje\/#breadcrumb\",\"itemListElement\":[{\"@type\":\"ListItem\",\"position\":1,\"name\":\"Magazyn\",\"item\":\"https:\/\/www.pakamera.pl\/magazyn\/\"},{\"@type\":\"ListItem\",\"position\":2,\"name\":\"Dom i Wn\u0119trze\",\"item\":\"https:\/\/www.pakamera.pl\/magazyn\/category\/dom-i-wnetrza\/\"},{\"@type\":\"ListItem\",\"position\":3,\"name\":\"Szare \u015bciany \u2013 z czym \u0142\u0105czy\u0107, by stworzy\u0107 gustown\u0105 aran\u017cacj\u0119?\"}]},{\"@type\":\"WebSite\",\"@id\":\"https:\/\/www.pakamera.pl\/magazyn\/#website\",\"url\":\"https:\/\/www.pakamera.pl\/magazyn\/\",\"name\":\"Magazyn Pakamera.pl\",\"description\":\"Sprawd\u017a najgor\u0119tsze tematy sezonu!\",\"publisher\":{\"@id\":\"https:\/\/www.pakamera.pl\/magazyn\/#organization\"},\"potentialAction\":[{\"@type\":\"SearchAction\",\"target\":{\"@type\":\"EntryPoint\",\"urlTemplate\":\"https:\/\/www.pakamera.pl\/magazyn\/?s={search_term_string}\"},\"query-input\":\"required name=search_term_string\"}],\"inLanguage\":\"pl-PL\"},{\"@type\":\"Organization\",\"@id\":\"https:\/\/www.pakamera.pl\/magazyn\/#organization\",\"name\":\"Pakamera.pl\",\"url\":\"https:\/\/www.pakamera.pl\/magazyn\/\",\"logo\":{\"@type\":\"ImageObject\",\"inLanguage\":\"pl-PL\",\"@id\":\"https:\/\/www.pakamera.pl\/magazyn\/#\/schema\/logo\/image\/\",\"url\":\"https:\/\/imgmag.pakamera.net\/2023\/11\/153455466619.png\",\"contentUrl\":\"https:\/\/imgmag.pakamera.net\/2023\/11\/153455466619.png\",\"width\":690,\"height\":140,\"caption\":\"Pakamera.pl\"},\"image\":{\"@id\":\"https:\/\/www.pakamera.pl\/magazyn\/#\/schema\/logo\/image\/\"},\"sameAs\":[\"https:\/\/facebook.com\/pakamerapl\",\"https:\/\/www.instagram.com\/pakamera\/\"]},{\"@type\":\"Person\",\"@id\":\"https:\/\/www.pakamera.pl\/magazyn\/#\/schema\/person\/572f3f4a9ab09d0378471fe80a2db902\",\"name\":\"Agnieszka Pilska\",\"description\":\"Agnieszka kocha dobry design i wszystko co si\u0119 z nim \u0142\u0105czy. Ma do\u015bwiadczenie w projektowaniu wn\u0119trz dzi\u0119ki czemu ma niesamowity zmys\u0142 estetyczny. Potrafi prostymi dodatkami stworzy\u0107 przestrze\u0144, kt\u00f3ra zachwyci wszystkich.\"}]}<\/script>\n<!-- \/ Yoast SEO plugin. -->","yoast_head_json":{"title":"Szare \u015bciany \u2013 z czym \u0142\u0105czy\u0107, by stworzy\u0107 gustown\u0105 aran\u017cacj\u0119? - Magazyn Pakamera.pl","description":"Zastanawiasz si\u0119 z czym \u0142\u0105czy\u0107 szare \u015bciany? Zobacz nasze propozycje na szaro\u015bci we wn\u0119trzach i znajd\u017a sw\u00f3j spos\u00f3b.","robots":{"index":"index","follow":"follow"},"canonical":"https:\/\/www.pakamera.pl\/magazyn\/szare-sciany-z-czym-laczyc-by-stworzyc-gustowna-aranzacje\/","og_locale":"pl_PL","og_type":"article","og_title":"Szare \u015bciany \u2013 z czym \u0142\u0105czy\u0107, by stworzy\u0107 gustown\u0105 aran\u017cacj\u0119? - Magazyn Pakamera.pl","og_description":"Zastanawiasz si\u0119 z czym \u0142\u0105czy\u0107 szare \u015bciany? Zobacz nasze propozycje na szaro\u015bci we wn\u0119trzach i znajd\u017a sw\u00f3j spos\u00f3b.","og_url":"https:\/\/www.pakamera.pl\/magazyn\/szare-sciany-z-czym-laczyc-by-stworzyc-gustowna-aranzacje\/","og_site_name":"Magazyn Pakamera.pl","article_publisher":"https:\/\/facebook.com\/pakamerapl","article_published_time":"2025-02-03T15:01:29+00:00","og_image":[{"width":1600,"height":840,"url":"https:\/\/imgmag.pakamera.net\/2025\/02\/szare-sciany-z-czym-laczyc-by-stworzyc-gustowna-aranzacje-144053370185.jpg","type":"image\/jpeg"}],"author":"Agnieszka Pilska","twitter_card":"summary_large_image","twitter_misc":{"Napisane przez":"Agnieszka Pilska","Szacowany czas czytania":"5 minut"},"schema":{"@context":"https:\/\/schema.org","@graph":[{"@type":"Article","@id":"https:\/\/www.pakamera.pl\/magazyn\/szare-sciany-z-czym-laczyc-by-stworzyc-gustowna-aranzacje\/#article","isPartOf":{"@id":"https:\/\/www.pakamera.pl\/magazyn\/szare-sciany-z-czym-laczyc-by-stworzyc-gustowna-aranzacje\/"},"author":{"name":"Agnieszka Pilska","@id":"https:\/\/www.pakamera.pl\/magazyn\/#\/schema\/person\/572f3f4a9ab09d0378471fe80a2db902"},"headline":"Szare \u015bciany \u2013 z czym \u0142\u0105czy\u0107, by stworzy\u0107 gustown\u0105 aran\u017cacj\u0119?","datePublished":"2025-02-03T15:01:29+00:00","dateModified":"2025-02-03T15:01:29+00:00","mainEntityOfPage":{"@id":"https:\/\/www.pakamera.pl\/magazyn\/szare-sciany-z-czym-laczyc-by-stworzyc-gustowna-aranzacje\/"},"wordCount":850,"publisher":{"@id":"https:\/\/www.pakamera.pl\/magazyn\/#organization"},"keywords":["dekoracja \u015bcienna","dekoracje do salonu","dodatki do salonu","nowoczesny stojak na kwiaty","ozdoby na \u015bcian\u0119","plakaty do salonu","styl industrialny"],"articleSection":["Dom i Wn\u0119trze"],"inLanguage":"pl-PL"},{"@type":"WebPage","@id":"https:\/\/www.pakamera.pl\/magazyn\/szare-sciany-z-czym-laczyc-by-stworzyc-gustowna-aranzacje\/","url":"https:\/\/www.pakamera.pl\/magazyn\/szare-sciany-z-czym-laczyc-by-stworzyc-gustowna-aranzacje\/","name":"Szare \u015bciany \u2013 z czym \u0142\u0105czy\u0107, by stworzy\u0107 gustown\u0105 aran\u017cacj\u0119? - Magazyn Pakamera.pl","isPartOf":{"@id":"https:\/\/www.pakamera.pl\/magazyn\/#website"},"datePublished":"2025-02-03T15:01:29+00:00","dateModified":"2025-02-03T15:01:29+00:00","description":"Zastanawiasz si\u0119 z czym \u0142\u0105czy\u0107 szare \u015bciany? Zobacz nasze propozycje na szaro\u015bci we wn\u0119trzach i znajd\u017a sw\u00f3j spos\u00f3b.","breadcrumb":{"@id":"https:\/\/www.pakamera.pl\/magazyn\/szare-sciany-z-czym-laczyc-by-stworzyc-gustowna-aranzacje\/#breadcrumb"},"inLanguage":"pl-PL","potentialAction":[{"@type":"ReadAction","target":["https:\/\/www.pakamera.pl\/magazyn\/szare-sciany-z-czym-laczyc-by-stworzyc-gustowna-aranzacje\/"]}]},{"@type":"BreadcrumbList","@id":"https:\/\/www.pakamera.pl\/magazyn\/szare-sciany-z-czym-laczyc-by-stworzyc-gustowna-aranzacje\/#breadcrumb","itemListElement":[{"@type":"ListItem","position":1,"name":"Magazyn","item":"https:\/\/www.pakamera.pl\/magazyn\/"},{"@type":"ListItem","position":2,"name":"Dom i Wn\u0119trze","item":"https:\/\/www.pakamera.pl\/magazyn\/category\/dom-i-wnetrza\/"},{"@type":"ListItem","position":3,"name":"Szare \u015bciany \u2013 z czym \u0142\u0105czy\u0107, by stworzy\u0107 gustown\u0105 aran\u017cacj\u0119?"}]},{"@type":"WebSite","@id":"https:\/\/www.pakamera.pl\/magazyn\/#website","url":"https:\/\/www.pakamera.pl\/magazyn\/","name":"Magazyn Pakamera.pl","description":"Sprawd\u017a najgor\u0119tsze tematy sezonu!","publisher":{"@id":"https:\/\/www.pakamera.pl\/magazyn\/#organization"},"potentialAction":[{"@type":"SearchAction","target":{"@type":"EntryPoint","urlTemplate":"https:\/\/www.pakamera.pl\/magazyn\/?s={search_term_string}"},"query-input":"required name=search_term_string"}],"inLanguage":"pl-PL"},{"@type":"Organization","@id":"https:\/\/www.pakamera.pl\/magazyn\/#organization","name":"Pakamera.pl","url":"https:\/\/www.pakamera.pl\/magazyn\/","logo":{"@type":"ImageObject","inLanguage":"pl-PL","@id":"https:\/\/www.pakamera.pl\/magazyn\/#\/schema\/logo\/image\/","url":"https:\/\/imgmag.pakamera.net\/2023\/11\/153455466619.png","contentUrl":"https:\/\/imgmag.pakamera.net\/2023\/11\/153455466619.png","width":690,"height":140,"caption":"Pakamera.pl"},"image":{"@id":"https:\/\/www.pakamera.pl\/magazyn\/#\/schema\/logo\/image\/"},"sameAs":["https:\/\/facebook.com\/pakamerapl","https:\/\/www.instagram.com\/pakamera\/"]},{"@type":"Person","@id":"https:\/\/www.pakamera.pl\/magazyn\/#\/schema\/person\/572f3f4a9ab09d0378471fe80a2db902","name":"Agnieszka Pilska","description":"Agnieszka kocha dobry design i wszystko co si\u0119 z nim \u0142\u0105czy. Ma do\u015bwiadczenie w projektowaniu wn\u0119trz dzi\u0119ki czemu ma niesamowity zmys\u0142 estetyczny. Potrafi prostymi dodatkami stworzy\u0107 przestrze\u0144, kt\u00f3ra zachwyci wszystkich."}]}},"_links":{"self":[{"href":"https:\/\/www.pakamera.pl\/magazyn\/wp-json\/wp\/v2\/posts\/12162","targetHints":{"allow":["GET"]}}],"collection":[{"href":"https:\/\/www.pakamera.pl\/magazyn\/wp-json\/wp\/v2\/posts"}],"about":[{"href":"https:\/\/www.pakamera.pl\/magazyn\/wp-json\/wp\/v2\/types\/post"}],"author":[{"embeddable":true,"href":"https:\/\/www.pakamera.pl\/magazyn\/wp-json\/wp\/v2\/users\/17"}],"replies":[{"embeddable":true,"href":"https:\/\/www.pakamera.pl\/magazyn\/wp-json\/wp\/v2\/comments?post=12162"}],"version-history":[{"count":3,"href":"https:\/\/www.pakamera.pl\/magazyn\/wp-json\/wp\/v2\/posts\/12162\/revisions"}],"predecessor-version":[{"id":12168,"href":"https:\/\/www.pakamera.pl\/magazyn\/wp-json\/wp\/v2\/posts\/12162\/revisions\/12168"}],"wp:featuredmedia":[{"embeddable":true,"href":"https:\/\/www.pakamera.pl\/magazyn\/wp-json\/wp\/v2\/media\/12165"}],"wp:attachment":[{"href":"https:\/\/www.pakamera.pl\/magazyn\/wp-json\/wp\/v2\/media?parent=12162"}],"wp:term":[{"taxonomy":"category","embeddable":true,"href":"https:\/\/www.pakamera.pl\/magazyn\/wp-json\/wp\/v2\/categories?post=12162"},{"taxonomy":"post_tag","embeddable":true,"href":"https:\/\/www.pakamera.pl\/magazyn\/wp-json\/wp\/v2\/tags?post=12162"}],"curies":[{"name":"wp","href":"https:\/\/api.w.org\/{rel}","templated":true}]}}