{"id":12145,"date":"2025-01-28T14:55:32","date_gmt":"2025-01-28T13:55:32","guid":{"rendered":"https:\/\/www.pakamera.pl\/magazyn\/?p=12145"},"modified":"2025-01-28T14:55:32","modified_gmt":"2025-01-28T13:55:32","slug":"butelkowa-zielen-z-czym-laczyc-pomysly-na-wnetrza","status":"publish","type":"post","link":"https:\/\/www.pakamera.pl\/magazyn\/butelkowa-zielen-z-czym-laczyc-pomysly-na-wnetrza\/","title":{"rendered":"Butelkowa ziele\u0144 \u2013 z czym \u0142\u0105czy\u0107? Pomys\u0142y na wn\u0119trza"},"content":{"rendered":"<p><strong>Butelkowa ziele\u0144 w pokoju to g\u0142\u0119boki, szlachetny odcie\u0144. Jest elegancki i do\u015b\u0107 ciemny, przez co budzi obawy przy aran\u017cacji wn\u0119trz. Jak wykorzysta\u0107 jej potencja\u0142, \u017ceby optycznie nie zmniejszy\u0107 przestrzeni?<\/strong><br \/>\n<!--more--><\/p>\n<figure id=\"attachment_12147\" aria-describedby=\"caption-attachment-12147\" style=\"width: 1600px\" class=\"wp-caption alignnone\"><img loading=\"lazy\" decoding=\"async\" class=\"wp-image-12147 size-full\" src=\"https:\/\/imgmag.pakamera.net\/2025\/01\/butelkowa-zielen-z-czym-laczyc-pomysly-na-wnetrza-144529708626.jpg\" alt=\"butelkowa ziele\u0144 z czym \u0142\u0105czy\u0107 wn\u0119trza\" width=\"1600\" height=\"840\" \/><figcaption id=\"caption-attachment-12147\" class=\"wp-caption-text\">XXL Green Symphony \/ MAJAMI studio \/ www.pakamera.pl<\/figcaption><\/figure>\n<p>Mo\u017cesz zdecydowa\u0107 si\u0119 na \u015bciany w kolorze butelkowej zieleni, wybra\u0107 takie meble lub zachowawczo ograniczy\u0107 si\u0119 do dekoracji. Ten odcie\u0144 pasuje zw\u0142aszcza do przestrzeni, w kt\u00f3rej przebywasz na co dzie\u0144. Jest przytulny i inspiruj\u0105cy.<\/p>\n<h2>Kolor butelkowej zieleni \u2013 czyli jaki?<\/h2>\n<p><strong>Butelkowa ziele\u0144 to g\u0142\u0119boki, ciemny odcie\u0144 zieleni z nut\u0105 granatu<\/strong>. Swoj\u0105 nazw\u0119 zawdzi\u0119cza charakterystycznej barwie szk\u0142a u\u017cywanego do produkcji butelek. Kolor pasuje do klasycznego i nowoczesnego wystroju wn\u0119trz. \u015awietnie wygl\u0105da w pokojach urz\u0105dzonych w stylu glamour i na \u015bcian\u0119 w industrialnych pomieszczeniach.<\/p>\n<h2>Czy butelkowa ziele\u0144 na \u015bcianie to dobry pomys\u0142?<\/h2>\n<div id=\"pakawidget1837\" class=\"pakawidget\"><\/div>\n<p><script async defer src=\"https:\/\/www.pakamera.pl\/widget\/widget2.min.js?id=1837&#038;type=20250128144918&#038;wwidth=1000\"><\/script><br \/>\nZdecydowanie tak! Butelkowa ziele\u0144 na \u015bcianie <strong>nadaje charakteru przestrzeni<\/strong>. Jednak za du\u017co ciemnego koloru mo\u017ce nadmiernie przyciemni\u0107 pomieszczenie. Gdy nie dysponujesz du\u017c\u0105 ilo\u015bci\u0105 miejsca, lepiej ograniczy\u0107 si\u0119 do jednej \u015bciany akcentowej. Przy tej \u015bcianie warto postawi\u0107 lamp\u0119, \u017ceby j\u0105 roz\u015bwietla\u0142a<\/p>\n<p>Butelkowa ziele\u0144 <strong>najefektowniej wygl\u0105da w pomieszczeniach z du\u017cymi oknami i dost\u0119pem do naturalnego \u015bwiat\u0142a<\/strong>. W przypadku pokoi o p\u00f3\u0142nocnej ekspozycji zdecyduj si\u0119 na jasne dodatki i o\u015bwietlenie o ciep\u0142ej barwie. Na takiej aran\u017cacji bardzo zyska <a href=\"https:\/\/www.pakamera.pl\/magazyn\/jak-urzadzic-salon-w-stylu-retro-inspirujace-pomysly-i-porady\/\" target=\"_blank\" rel=\"noopener\">salon w stylu retro<\/a>.<\/p>\n<p>Jaki kolor \u015bcian pasuje do butelkowej zieleni? Bia\u0142y, szary i jasne odcienie zielonego, np. sza\u0142wia lub pistacja.<\/p>\n<h2>Aran\u017cacja salonu w kolorze butelkowej zieleni<\/h2>\n<p>Intensywny odcie\u0144 zieleni energizuje i dlatego <strong>\u015bwietnie pasuje do salonu, w kt\u00f3rym sp\u0119dzasz wi\u0119kszo\u015b\u0107 czasu za dnia<\/strong>. Jest odwa\u017cny, ale odwa\u017cne aran\u017cacje zapadaj\u0105 w pami\u0119ci na d\u0142u\u017cej. Je\u015bli nie chcesz i\u015b\u0107 w ciemne \u015bciany, wybierz meble w tym kolorze.<\/p>\n<p><strong>Kanapa, <a href=\"https:\/\/www.pakamera.pl\/meble-fotele-0-2684.htm\" target=\"_blank\" rel=\"noopener\">nietypowe fotele<\/a> lub obicia krzese\u0142 w odcieniu butelkowej zieleni tworz\u0105 przyjemn\u0105 stref\u0119 wypoczynkow\u0105<\/strong>. Zw\u0142aszcza je\u015bli meble zosta\u0142y wykonane z przyjemnego w dotyku weluru lub aksamitu.<\/p>\n<figure id=\"attachment_12146\" aria-describedby=\"caption-attachment-12146\" style=\"width: 1600px\" class=\"wp-caption alignnone\"><img loading=\"lazy\" decoding=\"async\" class=\"wp-image-12146 size-full\" src=\"https:\/\/imgmag.pakamera.net\/2025\/01\/butelkowa-zielen-z-czym-laczyc-pomysly-na-wnetrza-144528819058.jpg\" alt=\"fotel uszak welurowy w kolorze butelkowej zieleni\" width=\"1600\" height=\"840\" \/><figcaption id=\"caption-attachment-12146\" class=\"wp-caption-text\">Fotel uszak Hjalmaren Velvet WELUR \/ MebleNORTH \/ www.pakamera.pl<\/figcaption><\/figure>\n<p>\u017beby uzyska\u0107 mocniejszy efekt, wybierz <strong>ceramiczne wazony, poduszki i zas\u0142ony w tym kolorze<\/strong>. Dobierz z\u0142ote i mosi\u0119\u017cne dodatki do butelkowej zieleni. Salon zyska, gdy wprowadzisz do wn\u0119trza lampy stoj\u0105ce, lustra z ozdob\u0105 ram\u0105 i uchwyty do mebli.<\/p>\n<h2>Z czym jeszcze \u0142\u0105czy\u0107 butelkow\u0105 ziele\u0144 we wn\u0119trzach?<\/h2>\n<p>Butelkowa ziele\u0144 na \u015bcianach <strong>pi\u0119knie wsp\u00f3\u0142gra z naturalnym drewnem o wyra\u017anym us\u0142ojeniu<\/strong>: d\u0119bem i orzechem ameryka\u0144skim. Naprzeciwko \u015bciany pomalowanej w tym kolorze warto umie\u015bci\u0107 lustra, kt\u00f3re odbijaj\u0105 refleksy i optycznie powi\u0119kszaj\u0105 przestrze\u0144.<\/p>\n<p>Z czym \u0142\u0105czy\u0107 butelkow\u0105 ziele\u0144? Metalowe elementy nadadz\u0105 takiemu wn\u0119trzu szlachetnego charakteru. <strong>Szczeg\u00f3lnie pasuje do nich szczotkowany mosi\u0105dz, postarzana mied\u017a, polerowane z\u0142oto i srebro<\/strong>. Je\u015bli lubisz naturalne kamienie, wybierz marmur lub granit.<\/p>\n<p>Jakie kolory pasuj\u0105 do butelkowej zieleni? Z ca\u0142\u0105 pewno\u015bci\u0105 s\u0105 to bia\u0142y, z\u0142oty, szary, be\u017cowy, granatowy i pudrowy r\u00f3\u017c.<\/p>\n<h2>Dodatki do salonu w butelkowej zieleni<\/h2>\n<div id=\"pakawidget1838\" class=\"pakawidget\"><\/div>\n<p><script async defer src=\"https:\/\/www.pakamera.pl\/widget\/widget2.min.js?id=1838&#038;type=20250128145055&#038;wwidth=1000\"><\/script><br \/>\nPodoba Ci si\u0119 butelkowa ziele\u0144? Z czym \u0142\u0105czy\u0107 ten kolor, \u017ceby wydoby\u0107 z wn\u0119trza to, co najlepsze? Poni\u017cej znajdziesz pomys\u0142y na najbardziej efektowne dodatki, kt\u00f3re wpisuj\u0105 si\u0119 w <a href=\"https:\/\/www.pakamera.pl\/magazyn\/trendy-wnetrzarskie-2025-jakie-wnetrza-beda-modne\/\" target=\"_blank\" rel=\"noopener\">trendy wn\u0119trzarskie 2025<\/a>.<\/p>\n<h3>Wystr\u00f3j butelkowa ziele\u0144 i poduszki ozdobne<\/h3>\n<p>Zielone poduszki welurowe dodatkowo podkre\u015bl\u0105 kolor \u015bcian. <strong>Wybierz 2-3 odcienie, mo\u017ce to by\u0107 np. sza\u0142wiowy, pistacjowy lub ciemnozielony<\/strong>. Dorzu\u0107 1 lub 2 poduszki w kontrastuj\u0105cym odcieniu, np. musztardowy, bordowy lub przygaszony r\u00f3\u017c. Oczywi\u015bcie, zdecyduj si\u0119 tylko na jeden kolor!<\/p>\n<h3>Pledy<\/h3>\n<p><strong>Je\u015bli zdecydujesz si\u0119 na mocne poduszki, wybierz pledy w bardziej stonowanym kolorze<\/strong>. Be\u017cowe lub szare b\u0119d\u0105 w sam raz. Jak zawsze, zwr\u00f3\u0107 uwag\u0119 na ich jako\u015b\u0107, \u017ceby Tw\u00f3j salon w butelkowej zieleni zosta\u0142 urz\u0105dzony z g\u0142ow\u0105. We\u0142na merino i kaszmir nie mechac\u0105 si\u0119 i dobrze wygl\u0105daj\u0105 po latach.<\/p>\n<h3>Lampy<\/h3>\n<p>Je\u015bli chcesz stworzy\u0107 przytuln\u0105 atmosfer\u0119, zam\u00f3w <strong>lampy z mosi\u0119\u017cnym wyko\u0144czeniem<\/strong>. Na tle butelkowozielonej \u015bciany \u015bwietnie wygl\u0105da industrialna lampa z du\u017cym kloszem. <strong>Zadbaj o 2 lub 3 \u017ar\u00f3d\u0142a \u015bwiat\u0142a na r\u00f3\u017cnych wysoko\u015bciach<\/strong>.<\/p>\n<h3>Aran\u017cacja salonu butelkowa ziele\u0144 i ramki ozdobne<\/h3>\n<p>Je\u015bli zale\u017cy Ci na niebanalnym wn\u0119trzu, wykorzystaj <a href=\"https:\/\/www.pakamera.pl\/magazyn\/ciekawe-pomysly-na-sciane-w-salonie-stworz-wymarzona-przestrzen\/\" target=\"_blank\" rel=\"noopener\">ciekawe pomys\u0142y na \u015bcian\u0119 w salonie<\/a>. <strong>Zawie\u015b nie niej\u2026 z\u0142ote ramki<\/strong>. Na du\u017c\u0105 \u015bcian\u0119 przydarz\u0105 Ci si\u0119 3-4 dekoracje w r\u00f3\u017cnych rozmiarach. Pogrupuj je asymetrycznie: jedna du\u017ca i 3 ma\u0142e (lub w innej, bardziej pasuj\u0105cej w danej przestrzeni konfiguracji). <strong>Mo\u017cesz w \u015brodek wstawi\u0107 ulubione obrazy lub lustro<\/strong>, ale nie musisz. Pok\u00f3j w kolorze butelkowej zieleni b\u0119dzie wygl\u0105da\u0142 na ozdobiony, nawet je\u015bli zostawisz puste ramy.<\/p>\n<h3>Grafiki botaniczne<\/h3>\n<p>\u015aciana w kolorze butelkowej zieleni stanowi <strong>pasuj\u0105ce t\u0142o dla grafik botanicznych w formie tryptyku lub galerii<\/strong> (wybierz 4-6 prac). \u017beby zachowa\u0107 sp\u00f3jno\u015b\u0107 kompozycji, zdecyduj si\u0119 na <a href=\"https:\/\/www.pakamera.pl\/ozdoby-na-sciane-0-3148.htm\" target=\"_blank\" rel=\"noopener\">ozdoby na \u015bcian\u0119<\/a> w jednym motywie (egzotyczne li\u015bcie, kolorowe kwiaty) lub styl (XIX-wieczne ryciny).<\/p>\n<p>Ju\u017c zdecydowa\u0142a\u015b, jaki kolor \u015bcian do butelkowej zieleni wybra\u0107? Nadszed\u0142 czas, \u017ceby zaszale\u0107 z dodatkami! <strong>Przejrzyj propozycje od Pakamera.pl i zainspiruj si\u0119<\/strong>.<\/p>\n","protected":false},"excerpt":{"rendered":"<p>Butelkowa ziele\u0144 w pokoju to g\u0142\u0119boki, szlachetny odcie\u0144. Jest elegancki i do\u015b\u0107 ciemny, przez co budzi obawy przy aran\u017cacji wn\u0119trz. Jak wykorzysta\u0107 jej potencja\u0142, \u017ceby optycznie nie zmniejszy\u0107 przestrzeni?<\/p>\n","protected":false},"author":17,"featured_media":12147,"comment_status":"closed","ping_status":"closed","sticky":false,"template":"","format":"standard","meta":{"footnotes":""},"categories":[12],"tags":[2311,2282,2076,2065,914,2430,140],"class_list":["post-12145","post","type-post","status-publish","format-standard","has-post-thumbnail","hentry","category-dom-i-wnetrza","tag-dekoracje-do-salonu","tag-dodatki-do-salonu","tag-fotel-butelkowa-zielen","tag-fotel-uszak-prl","tag-lampa-do-salonu","tag-wneka-w-salonie","tag-zielone-wnetrza"],"yoast_head":"<!-- This site is optimized with the Yoast SEO plugin v21.6 - https:\/\/yoast.com\/wordpress\/plugins\/seo\/ -->\n<title>Butelkowa ziele\u0144 \u2013 z czym \u0142\u0105czy\u0107? Pomys\u0142y na wn\u0119trza - Magazyn Pakamera.pl<\/title>\n<meta name=\"description\" content=\"Butelkowa ziele\u0144 z czym \u0142\u0105czy\u0107 j\u0105 we wn\u0119trzach? Zobacz nasze propozycje na \u015bcian\u0119 oraz na dodatki z akcentem butelkowej zieleni.\" \/>\n<meta name=\"robots\" content=\"index, follow\" \/>\n<link rel=\"canonical\" href=\"https:\/\/www.pakamera.pl\/magazyn\/butelkowa-zielen-z-czym-laczyc-pomysly-na-wnetrza\/\" \/>\n<meta property=\"og:locale\" content=\"pl_PL\" \/>\n<meta property=\"og:type\" content=\"article\" \/>\n<meta property=\"og:title\" content=\"Butelkowa ziele\u0144 \u2013 z czym \u0142\u0105czy\u0107? Pomys\u0142y na wn\u0119trza - Magazyn Pakamera.pl\" \/>\n<meta property=\"og:description\" content=\"Butelkowa ziele\u0144 z czym \u0142\u0105czy\u0107 j\u0105 we wn\u0119trzach? Zobacz nasze propozycje na \u015bcian\u0119 oraz na dodatki z akcentem butelkowej zieleni.\" \/>\n<meta property=\"og:url\" content=\"https:\/\/www.pakamera.pl\/magazyn\/butelkowa-zielen-z-czym-laczyc-pomysly-na-wnetrza\/\" \/>\n<meta property=\"og:site_name\" content=\"Magazyn Pakamera.pl\" \/>\n<meta property=\"article:publisher\" content=\"https:\/\/facebook.com\/pakamerapl\" \/>\n<meta property=\"article:published_time\" content=\"2025-01-28T13:55:32+00:00\" \/>\n<meta property=\"og:image\" content=\"https:\/\/imgmag.pakamera.net\/2025\/01\/butelkowa-zielen-z-czym-laczyc-pomysly-na-wnetrza-144529708626.jpg\" \/>\n\t<meta property=\"og:image:width\" content=\"1600\" \/>\n\t<meta property=\"og:image:height\" content=\"840\" \/>\n\t<meta property=\"og:image:type\" content=\"image\/jpeg\" \/>\n<meta name=\"author\" content=\"Agnieszka Pilska\" \/>\n<meta name=\"twitter:card\" content=\"summary_large_image\" \/>\n<meta name=\"twitter:label1\" content=\"Napisane przez\" \/>\n\t<meta name=\"twitter:data1\" content=\"Agnieszka Pilska\" \/>\n\t<meta name=\"twitter:label2\" content=\"Szacowany czas czytania\" \/>\n\t<meta name=\"twitter:data2\" content=\"5 minut\" \/>\n<script type=\"application\/ld+json\" class=\"yoast-schema-graph\">{\"@context\":\"https:\/\/schema.org\",\"@graph\":[{\"@type\":\"Article\",\"@id\":\"https:\/\/www.pakamera.pl\/magazyn\/butelkowa-zielen-z-czym-laczyc-pomysly-na-wnetrza\/#article\",\"isPartOf\":{\"@id\":\"https:\/\/www.pakamera.pl\/magazyn\/butelkowa-zielen-z-czym-laczyc-pomysly-na-wnetrza\/\"},\"author\":{\"name\":\"Agnieszka Pilska\",\"@id\":\"https:\/\/www.pakamera.pl\/magazyn\/#\/schema\/person\/572f3f4a9ab09d0378471fe80a2db902\"},\"headline\":\"Butelkowa ziele\u0144 \u2013 z czym \u0142\u0105czy\u0107? Pomys\u0142y na wn\u0119trza\",\"datePublished\":\"2025-01-28T13:55:32+00:00\",\"dateModified\":\"2025-01-28T13:55:32+00:00\",\"mainEntityOfPage\":{\"@id\":\"https:\/\/www.pakamera.pl\/magazyn\/butelkowa-zielen-z-czym-laczyc-pomysly-na-wnetrza\/\"},\"wordCount\":871,\"publisher\":{\"@id\":\"https:\/\/www.pakamera.pl\/magazyn\/#organization\"},\"keywords\":[\"dekoracje do salonu\",\"dodatki do salonu\",\"fotel butelkowa ziele\u0144\",\"fotel uszak prl\",\"lampa do salonu\",\"wn\u0119ka w salonie\",\"zielone wn\u0119trza\"],\"articleSection\":[\"Dom i Wn\u0119trze\"],\"inLanguage\":\"pl-PL\"},{\"@type\":\"WebPage\",\"@id\":\"https:\/\/www.pakamera.pl\/magazyn\/butelkowa-zielen-z-czym-laczyc-pomysly-na-wnetrza\/\",\"url\":\"https:\/\/www.pakamera.pl\/magazyn\/butelkowa-zielen-z-czym-laczyc-pomysly-na-wnetrza\/\",\"name\":\"Butelkowa ziele\u0144 \u2013 z czym \u0142\u0105czy\u0107? Pomys\u0142y na wn\u0119trza - Magazyn Pakamera.pl\",\"isPartOf\":{\"@id\":\"https:\/\/www.pakamera.pl\/magazyn\/#website\"},\"datePublished\":\"2025-01-28T13:55:32+00:00\",\"dateModified\":\"2025-01-28T13:55:32+00:00\",\"description\":\"Butelkowa ziele\u0144 z czym \u0142\u0105czy\u0107 j\u0105 we wn\u0119trzach? Zobacz nasze propozycje na \u015bcian\u0119 oraz na dodatki z akcentem butelkowej zieleni.\",\"breadcrumb\":{\"@id\":\"https:\/\/www.pakamera.pl\/magazyn\/butelkowa-zielen-z-czym-laczyc-pomysly-na-wnetrza\/#breadcrumb\"},\"inLanguage\":\"pl-PL\",\"potentialAction\":[{\"@type\":\"ReadAction\",\"target\":[\"https:\/\/www.pakamera.pl\/magazyn\/butelkowa-zielen-z-czym-laczyc-pomysly-na-wnetrza\/\"]}]},{\"@type\":\"BreadcrumbList\",\"@id\":\"https:\/\/www.pakamera.pl\/magazyn\/butelkowa-zielen-z-czym-laczyc-pomysly-na-wnetrza\/#breadcrumb\",\"itemListElement\":[{\"@type\":\"ListItem\",\"position\":1,\"name\":\"Magazyn\",\"item\":\"https:\/\/www.pakamera.pl\/magazyn\/\"},{\"@type\":\"ListItem\",\"position\":2,\"name\":\"Dom i Wn\u0119trze\",\"item\":\"https:\/\/www.pakamera.pl\/magazyn\/category\/dom-i-wnetrza\/\"},{\"@type\":\"ListItem\",\"position\":3,\"name\":\"Butelkowa ziele\u0144 \u2013 z czym \u0142\u0105czy\u0107? Pomys\u0142y na wn\u0119trza\"}]},{\"@type\":\"WebSite\",\"@id\":\"https:\/\/www.pakamera.pl\/magazyn\/#website\",\"url\":\"https:\/\/www.pakamera.pl\/magazyn\/\",\"name\":\"Magazyn Pakamera.pl\",\"description\":\"Sprawd\u017a najgor\u0119tsze tematy sezonu!\",\"publisher\":{\"@id\":\"https:\/\/www.pakamera.pl\/magazyn\/#organization\"},\"potentialAction\":[{\"@type\":\"SearchAction\",\"target\":{\"@type\":\"EntryPoint\",\"urlTemplate\":\"https:\/\/www.pakamera.pl\/magazyn\/?s={search_term_string}\"},\"query-input\":\"required name=search_term_string\"}],\"inLanguage\":\"pl-PL\"},{\"@type\":\"Organization\",\"@id\":\"https:\/\/www.pakamera.pl\/magazyn\/#organization\",\"name\":\"Pakamera.pl\",\"url\":\"https:\/\/www.pakamera.pl\/magazyn\/\",\"logo\":{\"@type\":\"ImageObject\",\"inLanguage\":\"pl-PL\",\"@id\":\"https:\/\/www.pakamera.pl\/magazyn\/#\/schema\/logo\/image\/\",\"url\":\"https:\/\/imgmag.pakamera.net\/2023\/11\/153455466619.png\",\"contentUrl\":\"https:\/\/imgmag.pakamera.net\/2023\/11\/153455466619.png\",\"width\":690,\"height\":140,\"caption\":\"Pakamera.pl\"},\"image\":{\"@id\":\"https:\/\/www.pakamera.pl\/magazyn\/#\/schema\/logo\/image\/\"},\"sameAs\":[\"https:\/\/facebook.com\/pakamerapl\",\"https:\/\/www.instagram.com\/pakamera\/\"]},{\"@type\":\"Person\",\"@id\":\"https:\/\/www.pakamera.pl\/magazyn\/#\/schema\/person\/572f3f4a9ab09d0378471fe80a2db902\",\"name\":\"Agnieszka Pilska\",\"description\":\"Agnieszka kocha dobry design i wszystko co si\u0119 z nim \u0142\u0105czy. Ma do\u015bwiadczenie w projektowaniu wn\u0119trz dzi\u0119ki czemu ma niesamowity zmys\u0142 estetyczny. Potrafi prostymi dodatkami stworzy\u0107 przestrze\u0144, kt\u00f3ra zachwyci wszystkich.\"}]}<\/script>\n<!-- \/ Yoast SEO plugin. -->","yoast_head_json":{"title":"Butelkowa ziele\u0144 \u2013 z czym \u0142\u0105czy\u0107? Pomys\u0142y na wn\u0119trza - Magazyn Pakamera.pl","description":"Butelkowa ziele\u0144 z czym \u0142\u0105czy\u0107 j\u0105 we wn\u0119trzach? Zobacz nasze propozycje na \u015bcian\u0119 oraz na dodatki z akcentem butelkowej zieleni.","robots":{"index":"index","follow":"follow"},"canonical":"https:\/\/www.pakamera.pl\/magazyn\/butelkowa-zielen-z-czym-laczyc-pomysly-na-wnetrza\/","og_locale":"pl_PL","og_type":"article","og_title":"Butelkowa ziele\u0144 \u2013 z czym \u0142\u0105czy\u0107? Pomys\u0142y na wn\u0119trza - Magazyn Pakamera.pl","og_description":"Butelkowa ziele\u0144 z czym \u0142\u0105czy\u0107 j\u0105 we wn\u0119trzach? Zobacz nasze propozycje na \u015bcian\u0119 oraz na dodatki z akcentem butelkowej zieleni.","og_url":"https:\/\/www.pakamera.pl\/magazyn\/butelkowa-zielen-z-czym-laczyc-pomysly-na-wnetrza\/","og_site_name":"Magazyn Pakamera.pl","article_publisher":"https:\/\/facebook.com\/pakamerapl","article_published_time":"2025-01-28T13:55:32+00:00","og_image":[{"width":1600,"height":840,"url":"https:\/\/imgmag.pakamera.net\/2025\/01\/butelkowa-zielen-z-czym-laczyc-pomysly-na-wnetrza-144529708626.jpg","type":"image\/jpeg"}],"author":"Agnieszka Pilska","twitter_card":"summary_large_image","twitter_misc":{"Napisane przez":"Agnieszka Pilska","Szacowany czas czytania":"5 minut"},"schema":{"@context":"https:\/\/schema.org","@graph":[{"@type":"Article","@id":"https:\/\/www.pakamera.pl\/magazyn\/butelkowa-zielen-z-czym-laczyc-pomysly-na-wnetrza\/#article","isPartOf":{"@id":"https:\/\/www.pakamera.pl\/magazyn\/butelkowa-zielen-z-czym-laczyc-pomysly-na-wnetrza\/"},"author":{"name":"Agnieszka Pilska","@id":"https:\/\/www.pakamera.pl\/magazyn\/#\/schema\/person\/572f3f4a9ab09d0378471fe80a2db902"},"headline":"Butelkowa ziele\u0144 \u2013 z czym \u0142\u0105czy\u0107? Pomys\u0142y na wn\u0119trza","datePublished":"2025-01-28T13:55:32+00:00","dateModified":"2025-01-28T13:55:32+00:00","mainEntityOfPage":{"@id":"https:\/\/www.pakamera.pl\/magazyn\/butelkowa-zielen-z-czym-laczyc-pomysly-na-wnetrza\/"},"wordCount":871,"publisher":{"@id":"https:\/\/www.pakamera.pl\/magazyn\/#organization"},"keywords":["dekoracje do salonu","dodatki do salonu","fotel butelkowa ziele\u0144","fotel uszak prl","lampa do salonu","wn\u0119ka w salonie","zielone wn\u0119trza"],"articleSection":["Dom i Wn\u0119trze"],"inLanguage":"pl-PL"},{"@type":"WebPage","@id":"https:\/\/www.pakamera.pl\/magazyn\/butelkowa-zielen-z-czym-laczyc-pomysly-na-wnetrza\/","url":"https:\/\/www.pakamera.pl\/magazyn\/butelkowa-zielen-z-czym-laczyc-pomysly-na-wnetrza\/","name":"Butelkowa ziele\u0144 \u2013 z czym \u0142\u0105czy\u0107? Pomys\u0142y na wn\u0119trza - Magazyn Pakamera.pl","isPartOf":{"@id":"https:\/\/www.pakamera.pl\/magazyn\/#website"},"datePublished":"2025-01-28T13:55:32+00:00","dateModified":"2025-01-28T13:55:32+00:00","description":"Butelkowa ziele\u0144 z czym \u0142\u0105czy\u0107 j\u0105 we wn\u0119trzach? Zobacz nasze propozycje na \u015bcian\u0119 oraz na dodatki z akcentem butelkowej zieleni.","breadcrumb":{"@id":"https:\/\/www.pakamera.pl\/magazyn\/butelkowa-zielen-z-czym-laczyc-pomysly-na-wnetrza\/#breadcrumb"},"inLanguage":"pl-PL","potentialAction":[{"@type":"ReadAction","target":["https:\/\/www.pakamera.pl\/magazyn\/butelkowa-zielen-z-czym-laczyc-pomysly-na-wnetrza\/"]}]},{"@type":"BreadcrumbList","@id":"https:\/\/www.pakamera.pl\/magazyn\/butelkowa-zielen-z-czym-laczyc-pomysly-na-wnetrza\/#breadcrumb","itemListElement":[{"@type":"ListItem","position":1,"name":"Magazyn","item":"https:\/\/www.pakamera.pl\/magazyn\/"},{"@type":"ListItem","position":2,"name":"Dom i Wn\u0119trze","item":"https:\/\/www.pakamera.pl\/magazyn\/category\/dom-i-wnetrza\/"},{"@type":"ListItem","position":3,"name":"Butelkowa ziele\u0144 \u2013 z czym \u0142\u0105czy\u0107? Pomys\u0142y na wn\u0119trza"}]},{"@type":"WebSite","@id":"https:\/\/www.pakamera.pl\/magazyn\/#website","url":"https:\/\/www.pakamera.pl\/magazyn\/","name":"Magazyn Pakamera.pl","description":"Sprawd\u017a najgor\u0119tsze tematy sezonu!","publisher":{"@id":"https:\/\/www.pakamera.pl\/magazyn\/#organization"},"potentialAction":[{"@type":"SearchAction","target":{"@type":"EntryPoint","urlTemplate":"https:\/\/www.pakamera.pl\/magazyn\/?s={search_term_string}"},"query-input":"required name=search_term_string"}],"inLanguage":"pl-PL"},{"@type":"Organization","@id":"https:\/\/www.pakamera.pl\/magazyn\/#organization","name":"Pakamera.pl","url":"https:\/\/www.pakamera.pl\/magazyn\/","logo":{"@type":"ImageObject","inLanguage":"pl-PL","@id":"https:\/\/www.pakamera.pl\/magazyn\/#\/schema\/logo\/image\/","url":"https:\/\/imgmag.pakamera.net\/2023\/11\/153455466619.png","contentUrl":"https:\/\/imgmag.pakamera.net\/2023\/11\/153455466619.png","width":690,"height":140,"caption":"Pakamera.pl"},"image":{"@id":"https:\/\/www.pakamera.pl\/magazyn\/#\/schema\/logo\/image\/"},"sameAs":["https:\/\/facebook.com\/pakamerapl","https:\/\/www.instagram.com\/pakamera\/"]},{"@type":"Person","@id":"https:\/\/www.pakamera.pl\/magazyn\/#\/schema\/person\/572f3f4a9ab09d0378471fe80a2db902","name":"Agnieszka Pilska","description":"Agnieszka kocha dobry design i wszystko co si\u0119 z nim \u0142\u0105czy. Ma do\u015bwiadczenie w projektowaniu wn\u0119trz dzi\u0119ki czemu ma niesamowity zmys\u0142 estetyczny. Potrafi prostymi dodatkami stworzy\u0107 przestrze\u0144, kt\u00f3ra zachwyci wszystkich."}]}},"_links":{"self":[{"href":"https:\/\/www.pakamera.pl\/magazyn\/wp-json\/wp\/v2\/posts\/12145","targetHints":{"allow":["GET"]}}],"collection":[{"href":"https:\/\/www.pakamera.pl\/magazyn\/wp-json\/wp\/v2\/posts"}],"about":[{"href":"https:\/\/www.pakamera.pl\/magazyn\/wp-json\/wp\/v2\/types\/post"}],"author":[{"embeddable":true,"href":"https:\/\/www.pakamera.pl\/magazyn\/wp-json\/wp\/v2\/users\/17"}],"replies":[{"embeddable":true,"href":"https:\/\/www.pakamera.pl\/magazyn\/wp-json\/wp\/v2\/comments?post=12145"}],"version-history":[{"count":1,"href":"https:\/\/www.pakamera.pl\/magazyn\/wp-json\/wp\/v2\/posts\/12145\/revisions"}],"predecessor-version":[{"id":12148,"href":"https:\/\/www.pakamera.pl\/magazyn\/wp-json\/wp\/v2\/posts\/12145\/revisions\/12148"}],"wp:featuredmedia":[{"embeddable":true,"href":"https:\/\/www.pakamera.pl\/magazyn\/wp-json\/wp\/v2\/media\/12147"}],"wp:attachment":[{"href":"https:\/\/www.pakamera.pl\/magazyn\/wp-json\/wp\/v2\/media?parent=12145"}],"wp:term":[{"taxonomy":"category","embeddable":true,"href":"https:\/\/www.pakamera.pl\/magazyn\/wp-json\/wp\/v2\/categories?post=12145"},{"taxonomy":"post_tag","embeddable":true,"href":"https:\/\/www.pakamera.pl\/magazyn\/wp-json\/wp\/v2\/tags?post=12145"}],"curies":[{"name":"wp","href":"https:\/\/api.w.org\/{rel}","templated":true}]}}