{"id":12047,"date":"2025-01-10T14:51:56","date_gmt":"2025-01-10T13:51:56","guid":{"rendered":"https:\/\/www.pakamera.pl\/magazyn\/?p=12047"},"modified":"2025-01-10T14:51:56","modified_gmt":"2025-01-10T13:51:56","slug":"jak-sie-ubrac-na-zabawe-karnawalowa-modne-i-stylowe-propozycje","status":"publish","type":"post","link":"https:\/\/www.pakamera.pl\/magazyn\/jak-sie-ubrac-na-zabawe-karnawalowa-modne-i-stylowe-propozycje\/","title":{"rendered":"Jak si\u0119 ubra\u0107 na zabaw\u0119 karnawa\u0142ow\u0105? Modne i stylowe propozycje"},"content":{"rendered":"<p><strong>Magiczny okres, w kt\u00f3rym mo\u017cesz pozwoli\u0107 sobie na wi\u0119cej odwagi w stylizacjach, jest ju\u017c tu\u017c-tu\u017c. Wkr\u00f3tce klasyczne modowe zasady ust\u0105pi\u0105 miejsca ekstrawagancji. Ubrania b\u0119d\u0105 b\u0142yszcze\u0107 jak nigdy, a Ty b\u0119dziesz wygl\u0105da\u0107 jak milion dolar\u00f3w! Zobacz jak si\u0119 ubra\u0107 na zabaw\u0119 karnawa\u0142ow\u0105!<br \/>\n<\/strong><\/p>\n<p><!--more--><\/p>\n<figure id=\"attachment_12058\" aria-describedby=\"caption-attachment-12058\" style=\"width: 1600px\" class=\"wp-caption alignnone\"><img loading=\"lazy\" decoding=\"async\" class=\"wp-image-12058 size-full\" src=\"https:\/\/imgmag.pakamera.net\/2025\/01\/jak-sie-ubrac-na-zabawe-karnawalowa-modne-i-stylowe-propozycje-144709231215.jpg\" alt=\"jak si\u0119 ubra\u0107 na zabaw\u0119 karnawa\u0142ow\u0105\" width=\"1600\" height=\"840\" \/><figcaption id=\"caption-attachment-12058\" class=\"wp-caption-text\">Top Violet \/ Kamy Made In Krakow \/ www.pakamera.pl<\/figcaption><\/figure>\n<p>Ju\u017c za nied\u0142ugo sale i mieszkania wype\u0142ni\u0105 si\u0119 muzyk\u0105, \u015bmiechem i blaskiem. Na bal maskowy i na skromn\u0105 dom\u00f3wk\u0119 u przyjaci\u00f3\u0142ki za\u0142\u00f3\u017c osza\u0142amiaj\u0105c\u0105 stylizacj\u0119, kt\u00f3rej wszyscy Ci pozazdroszcz\u0105. Wyjmij wreszcie z szafy t\u0119 cekinow\u0105 sukienk\u0119, kt\u00f3r\u0105 kupi\u0142a\u015b \u201ena specjaln\u0105 okazj\u0119\u201d. Karnawa\u0142 powt\u00f3rzy si\u0119 dopiero za rok!<\/p>\n<h2>Jaka powinna by\u0107 stylizacja karnawa\u0142owa?<\/h2>\n<p>Karnawa\u0142 to jedyny moment w roku, gdy wi\u0119cej znaczy lepiej. Zamiast i\u015b\u0107 za s\u0142owami Coco Chanel, spogl\u0105da\u0107 w lustro i zdejmowa\u0107 jeden element stroju, za\u0142\u00f3\u017c kolejne! <strong>Szalej z b\u0142yskiem i bogactwem dodatk\u00f3w<\/strong>. Teraz jest odpowiedni czas na glam.<\/p>\n<p>Jak si\u0119 ubra\u0107 na zabaw\u0119 karnawa\u0142ow\u0105? <strong>Na najbli\u017csze 2 miesi\u0105ce minimalizm przestaje by\u0107 w modzie<\/strong>. Klasyczne zasady dodatk\u00f3w ust\u0119puj\u0105 miejsca ekstrawagancji. Nikt nie spojrzy si\u0119 na Ciebie dziwnie, gdy w\u0142o\u017cysz cekinow\u0105 <a href=\"https:\/\/www.pakamera.pl\/sukienki-mini-0-3103.htm\" target=\"_blank\" rel=\"noopener\">sukienk\u0119 mini<\/a> w kolorze elektrycznego r\u00f3\u017cu, kryszta\u0142owe szpilki i torebk\u0119 ozdobion\u0105 fr\u0119dzlami.<\/p>\n<div id=\"pakawidget1818\" class=\"pakawidget\"><\/div>\n<p><script async defer src=\"https:\/\/www.pakamera.pl\/widget\/widget2.min.js?id=1818&#038;type=20250110105807&#038;wwidth=1000\"><\/script><br \/>\nW czym na bal karnawa\u0142owy? Prym wiod\u0105 szlachetne tkaniny: satyna, aksamit i jedwab. <strong>Mo\u017cesz wybra\u0107 sukienk\u0119, sp\u00f3dnic\u0119 i gorset, jednocz\u0119\u015bciowy kostium<\/strong>\u2026 Panuje <strong>spora dowolno\u015b\u0107, je\u015bli tylko dana kreacja si\u0119 b\u0142yszczy<\/strong>! Jedynym wyj\u0105tkiem s\u0105 imprezy organizowane przez firm\u0119. Wtedy warto zadba\u0107 o pewn\u0105 doz\u0119 profesjonalizmu i wybra\u0107 str\u00f3j, kt\u00f3ry nie wygl\u0105da wyzywaj\u0105co.<\/p>\n<h2>W czym i\u015b\u0107 na elegancki bal karnawa\u0142owy?<\/h2>\n<figure id=\"attachment_12059\" aria-describedby=\"caption-attachment-12059\" style=\"width: 1600px\" class=\"wp-caption alignnone\"><img loading=\"lazy\" decoding=\"async\" class=\"wp-image-12059 size-full\" src=\"https:\/\/imgmag.pakamera.net\/2025\/01\/jak-sie-ubrac-na-zabawe-karnawalowa-modne-i-stylowe-propozycje-144907071356.jpg\" alt=\"sukienka maxi z wi\u0105zaniem wok\u00f3\u0142 szyi z wysokim rozci\u0119ciem na przodzie\" width=\"1600\" height=\"840\" \/><figcaption id=\"caption-attachment-12059\" class=\"wp-caption-text\">Sukienka maxi z wi\u0105zanym dekoltem &#8211; srebrna(M-833) \/ MOE \/ www.pakamera.pl<\/figcaption><\/figure>\n<p>Elegancki bal karnawa\u0142owy jest elegancki ze wzgl\u0119du na dekoracje i\u2026 stroje zgromadzonych os\u00f3b. Dopasuj si\u0119 do klimatu i w\u0142\u00f3\u017c jedn\u0105 z proponowanych przez nas stylizacji.<br \/>\nJak ubra\u0107 si\u0119 na bal karnawa\u0142owy? Masz w\u0142a\u015bciwie trzy opcje: suknia wieczorowa, jednocz\u0119\u015bciowy kostium lub elegancki komplet ze sp\u00f3dnic\u0105.<\/p>\n<p><strong>1. Stylizacje na imprez\u0119 karnawa\u0142ow\u0105 z sukni\u0105 wieczorow\u0105:<\/strong><\/p>\n<ul>\n<li>d\u0142uga, aksamitna suknia w granatowym kolorze z dekoracyjnym rozci\u0119ciem na udzie, z\u0142ote szpilki i wisz\u0105ce kolczyki.<\/li>\n<li>srebrna, cekinowa sukienka midi na rami\u0105czkach, czarne szpilki i pluszowa etola,<\/li>\n<li>czarna suknia do ziemi z odkrytymi plecami, satynowe r\u0119kawiczki, metaliczna kopert\u00f3wka i du\u017ca bransoletka.<\/li>\n<\/ul>\n<p><strong>2. Stylizacje z jednocz\u0119\u015bciowym kostiumem:<\/strong><\/p>\n<ul>\n<li>bia\u0142y kostium z po\u0142yskuj\u0105cego materia\u0142u, czarnym top z dekoltem w szpic i szpilki w odcieniu szampana,<\/li>\n<li>bordowy kostium z weluru ze z\u0142otymi guzikami, koronkowe body i szpilki w odcieniu nude,<\/li>\n<li>butelkowozielony komplet z szerokimi spodniami typu palazzo, dopasowana marynarka, z\u0142oty pasek i sanda\u0142ki na szpilce.<\/li>\n<\/ul>\n<p><strong>3. Komplety ze sp\u00f3dnic\u0105:<\/strong><\/p>\n<ul>\n<li>plisowana sp\u00f3dnica maxi w odcieniu r\u00f3\u017cowego z\u0142ota i czarny gorset zdobiony kryszta\u0142kami,<\/li>\n<li>czarna koronkowa sp\u00f3dnica do kostek, b\u0142yszcz\u0105cy top z odkrytymi ramionami i narzutka,<\/li>\n<li>tiulowa <a href=\"https:\/\/www.pakamera.pl\/spodnica-z-kola-0-t33779.htm\" target=\"_blank\" rel=\"noopener\">sp\u00f3dnica z ko\u0142a<\/a> w kolorze szampana, gorset i d\u0142ugie r\u0119kawiczki.<\/li>\n<\/ul>\n<p>To tylko kilka przyk\u0142ad\u00f3w, co ubra\u0107 na imprez\u0119 karnawa\u0142ow\u0105. Te stylizacje warto uzupe\u0142ni\u0107 <strong>odpowiednimi dodatkami<\/strong>. Przydadz\u0105 Ci si\u0119:<\/p>\n<ul>\n<li><strong>wyrazista bi\u017cuteria<\/strong>: du\u017ce kolczyki lub naszyjnik,<\/li>\n<li>kopert\u00f3wka lub mini torebka na sznurku,<\/li>\n<li><strong>buty na wysokim obcasie<\/strong>,<\/li>\n<li>szal, etola lub r\u0119kawiczki.<\/li>\n<\/ul>\n<p><a href=\"https:\/\/www.pakamera.pl\/magazyn\/piekno-w-zlocie-wybor-idealnej-bizuterii-do-zlotej-sukienki\/\" target=\"_blank\" rel=\"noopener\">Jaka bi\u017cuteria do z\u0142otej sukienki b\u0119dzie odpowiednia?<\/a> Wed\u0142ug stylist\u00f3w s\u0105 to przede wszystkim z\u0142ote ozdoby i kamienie szlachetne.<\/p>\n<h2>Jak si\u0119 ubra\u0107 na imprez\u0119 karnawa\u0142ow\u0105 w lu\u017anym stylu?<\/h2>\n<div id=\"pakawidget1819\" class=\"pakawidget\"><\/div>\n<p><script async defer src=\"https:\/\/www.pakamera.pl\/widget\/widget2.min.js?id=1819&#038;type=20250110110210&#038;wwidth=1000\"><\/script><br \/>\nJak si\u0119 ubra\u0107 na imprez\u0119 karnawa\u0142ow\u0105, je\u015bli w tym roku idziesz tylko do znajomych? Nie musisz zak\u0142ada\u0107 eleganckich stroj\u00f3w, je\u015bli to nie Tw\u00f3j klimat. Stylizacja karnawa\u0142owa mo\u017ce by\u0107 te\u017c bardziej casualowa.<\/p>\n<p><strong>Co ubra\u0107 na zabaw\u0119 karnawa\u0142ow\u0105 w lu\u017anym stylu:<\/strong><\/p>\n<ul>\n<li>rozkloszowana sp\u00f3dnica w kolorze srebrnym, pudrowo r\u00f3\u017cowa jedwabna bluzka i srebrne szpilki,<\/li>\n<li>czarne woskowane spodnie typu rurki, b\u0142yszcz\u0105ca marynarka w kolorze z\u0142otym, botki na s\u0142upku i du\u017ce kolczyki-ko\u0142a,<\/li>\n<li>szmaragdowy kombinezon, z\u0142oty pasek, sanda\u0142y na szpilce i kopert\u00f3wka ozdobiona kryszta\u0142kami,<\/li>\n<li>sukienka mini z cekinami w kolorze miedzi, czarne rajstopy i botki na obcasie.<\/li>\n<\/ul>\n<p><a href=\"https:\/\/www.pakamera.pl\/magazyn\/odkryj-idealna-bizuterie-do-sukienki-z-cekinami-sztuka-dopasowania\/\" target=\"_blank\" rel=\"noopener\">Jaka bi\u017cuteria do cekinowej sukienki<\/a> b\u0119dzie najlepiej pasowa\u0142a? Postaw na delikatno\u015b\u0107: pere\u0142ki, proste formy i delikatne \u0142a\u0144cuszki.<\/p>\n<p>Ju\u017c wiesz, w co si\u0119 ubra\u0107 na zabaw\u0119 karnawa\u0142ow\u0105, ale nie masz potrzebnych rzeczy w swojej szafie? Po <a href=\"https:\/\/www.pakamera.pl\/magazyn\/dodatki-do-strojow-karnawalowych-na-2024-rok\/\" target=\"_blank\" rel=\"noopener\">dodatki do stroj\u00f3w karnawa\u0142owyc<\/a>h i nieszablonowe kreacje wejd\u017a na Pakamera.pl. Znajdziesz tam najbardziej b\u0142yszcz\u0105ce propozycje od polskich projektant\u00f3w mody.<\/p>\n","protected":false},"excerpt":{"rendered":"<p>Magiczny okres, w kt\u00f3rym mo\u017cesz pozwoli\u0107 sobie na wi\u0119cej odwagi w stylizacjach, jest ju\u017c tu\u017c-tu\u017c. Wkr\u00f3tce klasyczne modowe zasady ust\u0105pi\u0105 miejsca ekstrawagancji. Ubrania b\u0119d\u0105 b\u0142yszcze\u0107 jak nigdy, a Ty b\u0119dziesz<span class=\"more-dots\">&#8230;<\/span><\/p>\n","protected":false},"author":16,"featured_media":12058,"comment_status":"closed","ping_status":"closed","sticky":false,"template":"","format":"standard","meta":{"footnotes":""},"categories":[3],"tags":[2200,1713,697,489,2239,1743,2630,1568],"class_list":["post-12047","post","type-post","status-publish","format-standard","has-post-thumbnail","hentry","category-moda","tag-bal-karnawalowy","tag-cekinowa-sukienka","tag-cekiny","tag-karnawal","tag-opaska-zdobiona","tag-stroj-karnawalowy","tag-zdobna-bizuteria","tag-zlota-bizuteria"],"yoast_head":"<!-- This site is optimized with the Yoast SEO plugin v21.6 - https:\/\/yoast.com\/wordpress\/plugins\/seo\/ -->\n<title>Jak si\u0119 ubra\u0107 na zabaw\u0119 karnawa\u0142ow\u0105? Modne i stylowe propozycje - Magazyn Pakamera.pl<\/title>\n<meta name=\"description\" content=\"Zastanawiasz si\u0119 jak si\u0119 ubra\u0107 na zabaw\u0119 karnawa\u0142ow\u0105? Zobacz nasze propozycj\u0119 na wyj\u0105tkowe imprezy, bale i dom\u00f3wki.\" \/>\n<meta name=\"robots\" content=\"index, follow\" \/>\n<link rel=\"canonical\" href=\"https:\/\/www.pakamera.pl\/magazyn\/jak-sie-ubrac-na-zabawe-karnawalowa-modne-i-stylowe-propozycje\/\" \/>\n<meta property=\"og:locale\" content=\"pl_PL\" \/>\n<meta property=\"og:type\" content=\"article\" \/>\n<meta property=\"og:title\" content=\"Jak si\u0119 ubra\u0107 na zabaw\u0119 karnawa\u0142ow\u0105? Modne i stylowe propozycje - Magazyn Pakamera.pl\" \/>\n<meta property=\"og:description\" content=\"Zastanawiasz si\u0119 jak si\u0119 ubra\u0107 na zabaw\u0119 karnawa\u0142ow\u0105? Zobacz nasze propozycj\u0119 na wyj\u0105tkowe imprezy, bale i dom\u00f3wki.\" \/>\n<meta property=\"og:url\" content=\"https:\/\/www.pakamera.pl\/magazyn\/jak-sie-ubrac-na-zabawe-karnawalowa-modne-i-stylowe-propozycje\/\" \/>\n<meta property=\"og:site_name\" content=\"Magazyn Pakamera.pl\" \/>\n<meta property=\"article:publisher\" content=\"https:\/\/facebook.com\/pakamerapl\" \/>\n<meta property=\"article:published_time\" content=\"2025-01-10T13:51:56+00:00\" \/>\n<meta property=\"og:image\" content=\"https:\/\/imgmag.pakamera.net\/2025\/01\/jak-sie-ubrac-na-zabawe-karnawalowa-modne-i-stylowe-propozycje-144709231215.jpg\" \/>\n\t<meta property=\"og:image:width\" content=\"1600\" \/>\n\t<meta property=\"og:image:height\" content=\"840\" \/>\n\t<meta property=\"og:image:type\" content=\"image\/jpeg\" \/>\n<meta name=\"author\" content=\"Magda Strzelecka\" \/>\n<meta name=\"twitter:card\" content=\"summary_large_image\" \/>\n<meta name=\"twitter:label1\" content=\"Napisane przez\" \/>\n\t<meta name=\"twitter:data1\" content=\"Magda Strzelecka\" \/>\n\t<meta name=\"twitter:label2\" content=\"Szacowany czas czytania\" \/>\n\t<meta name=\"twitter:data2\" content=\"5 minut\" \/>\n<script type=\"application\/ld+json\" class=\"yoast-schema-graph\">{\"@context\":\"https:\/\/schema.org\",\"@graph\":[{\"@type\":\"Article\",\"@id\":\"https:\/\/www.pakamera.pl\/magazyn\/jak-sie-ubrac-na-zabawe-karnawalowa-modne-i-stylowe-propozycje\/#article\",\"isPartOf\":{\"@id\":\"https:\/\/www.pakamera.pl\/magazyn\/jak-sie-ubrac-na-zabawe-karnawalowa-modne-i-stylowe-propozycje\/\"},\"author\":{\"name\":\"Magda Strzelecka\",\"@id\":\"https:\/\/www.pakamera.pl\/magazyn\/#\/schema\/person\/375940ab821c5af50e1e31f1ec5282b5\"},\"headline\":\"Jak si\u0119 ubra\u0107 na zabaw\u0119 karnawa\u0142ow\u0105? Modne i stylowe propozycje\",\"datePublished\":\"2025-01-10T13:51:56+00:00\",\"dateModified\":\"2025-01-10T13:51:56+00:00\",\"mainEntityOfPage\":{\"@id\":\"https:\/\/www.pakamera.pl\/magazyn\/jak-sie-ubrac-na-zabawe-karnawalowa-modne-i-stylowe-propozycje\/\"},\"wordCount\":803,\"publisher\":{\"@id\":\"https:\/\/www.pakamera.pl\/magazyn\/#organization\"},\"keywords\":[\"bal karnawa\u0142owy\",\"cekinowa sukienka\",\"cekiny\",\"karnawa\u0142\",\"opaska zdobiona\",\"str\u00f3j karnawa\u0142owy\",\"zdobna bi\u017cuteria\",\"z\u0142ota bi\u017cuteria\"],\"articleSection\":[\"Moda\"],\"inLanguage\":\"pl-PL\"},{\"@type\":\"WebPage\",\"@id\":\"https:\/\/www.pakamera.pl\/magazyn\/jak-sie-ubrac-na-zabawe-karnawalowa-modne-i-stylowe-propozycje\/\",\"url\":\"https:\/\/www.pakamera.pl\/magazyn\/jak-sie-ubrac-na-zabawe-karnawalowa-modne-i-stylowe-propozycje\/\",\"name\":\"Jak si\u0119 ubra\u0107 na zabaw\u0119 karnawa\u0142ow\u0105? Modne i stylowe propozycje - Magazyn Pakamera.pl\",\"isPartOf\":{\"@id\":\"https:\/\/www.pakamera.pl\/magazyn\/#website\"},\"datePublished\":\"2025-01-10T13:51:56+00:00\",\"dateModified\":\"2025-01-10T13:51:56+00:00\",\"description\":\"Zastanawiasz si\u0119 jak si\u0119 ubra\u0107 na zabaw\u0119 karnawa\u0142ow\u0105? Zobacz nasze propozycj\u0119 na wyj\u0105tkowe imprezy, bale i dom\u00f3wki.\",\"breadcrumb\":{\"@id\":\"https:\/\/www.pakamera.pl\/magazyn\/jak-sie-ubrac-na-zabawe-karnawalowa-modne-i-stylowe-propozycje\/#breadcrumb\"},\"inLanguage\":\"pl-PL\",\"potentialAction\":[{\"@type\":\"ReadAction\",\"target\":[\"https:\/\/www.pakamera.pl\/magazyn\/jak-sie-ubrac-na-zabawe-karnawalowa-modne-i-stylowe-propozycje\/\"]}]},{\"@type\":\"BreadcrumbList\",\"@id\":\"https:\/\/www.pakamera.pl\/magazyn\/jak-sie-ubrac-na-zabawe-karnawalowa-modne-i-stylowe-propozycje\/#breadcrumb\",\"itemListElement\":[{\"@type\":\"ListItem\",\"position\":1,\"name\":\"Magazyn\",\"item\":\"https:\/\/www.pakamera.pl\/magazyn\/\"},{\"@type\":\"ListItem\",\"position\":2,\"name\":\"Moda\",\"item\":\"https:\/\/www.pakamera.pl\/magazyn\/category\/moda\/\"},{\"@type\":\"ListItem\",\"position\":3,\"name\":\"Jak si\u0119 ubra\u0107 na zabaw\u0119 karnawa\u0142ow\u0105? Modne i stylowe propozycje\"}]},{\"@type\":\"WebSite\",\"@id\":\"https:\/\/www.pakamera.pl\/magazyn\/#website\",\"url\":\"https:\/\/www.pakamera.pl\/magazyn\/\",\"name\":\"Magazyn Pakamera.pl\",\"description\":\"Sprawd\u017a najgor\u0119tsze tematy sezonu!\",\"publisher\":{\"@id\":\"https:\/\/www.pakamera.pl\/magazyn\/#organization\"},\"potentialAction\":[{\"@type\":\"SearchAction\",\"target\":{\"@type\":\"EntryPoint\",\"urlTemplate\":\"https:\/\/www.pakamera.pl\/magazyn\/?s={search_term_string}\"},\"query-input\":\"required name=search_term_string\"}],\"inLanguage\":\"pl-PL\"},{\"@type\":\"Organization\",\"@id\":\"https:\/\/www.pakamera.pl\/magazyn\/#organization\",\"name\":\"Pakamera.pl\",\"url\":\"https:\/\/www.pakamera.pl\/magazyn\/\",\"logo\":{\"@type\":\"ImageObject\",\"inLanguage\":\"pl-PL\",\"@id\":\"https:\/\/www.pakamera.pl\/magazyn\/#\/schema\/logo\/image\/\",\"url\":\"https:\/\/imgmag.pakamera.net\/2023\/11\/153455466619.png\",\"contentUrl\":\"https:\/\/imgmag.pakamera.net\/2023\/11\/153455466619.png\",\"width\":690,\"height\":140,\"caption\":\"Pakamera.pl\"},\"image\":{\"@id\":\"https:\/\/www.pakamera.pl\/magazyn\/#\/schema\/logo\/image\/\"},\"sameAs\":[\"https:\/\/facebook.com\/pakamerapl\",\"https:\/\/www.instagram.com\/pakamera\/\"]},{\"@type\":\"Person\",\"@id\":\"https:\/\/www.pakamera.pl\/magazyn\/#\/schema\/person\/375940ab821c5af50e1e31f1ec5282b5\",\"name\":\"Magda Strzelecka\",\"description\":\"Magda to nasza stylistka, kt\u00f3ra od ponad 10 lat \u015bci\u015ble zwi\u0105zana jest z mod\u0105. Uwielbia \u015bledzi\u0107 \u015bwiatowe trendy i przek\u0142ada\u0107 je na rynek polski. Kocha dobre sk\u0142ady ubra\u0144, wyj\u0105tkow\u0105 bi\u017cuteri\u0119 i dodatki kt\u00f3re o\u017cywi\u0105 ka\u017cd\u0105 stylizacj\u0119.\"}]}<\/script>\n<!-- \/ Yoast SEO plugin. -->","yoast_head_json":{"title":"Jak si\u0119 ubra\u0107 na zabaw\u0119 karnawa\u0142ow\u0105? Modne i stylowe propozycje - Magazyn Pakamera.pl","description":"Zastanawiasz si\u0119 jak si\u0119 ubra\u0107 na zabaw\u0119 karnawa\u0142ow\u0105? Zobacz nasze propozycj\u0119 na wyj\u0105tkowe imprezy, bale i dom\u00f3wki.","robots":{"index":"index","follow":"follow"},"canonical":"https:\/\/www.pakamera.pl\/magazyn\/jak-sie-ubrac-na-zabawe-karnawalowa-modne-i-stylowe-propozycje\/","og_locale":"pl_PL","og_type":"article","og_title":"Jak si\u0119 ubra\u0107 na zabaw\u0119 karnawa\u0142ow\u0105? Modne i stylowe propozycje - Magazyn Pakamera.pl","og_description":"Zastanawiasz si\u0119 jak si\u0119 ubra\u0107 na zabaw\u0119 karnawa\u0142ow\u0105? Zobacz nasze propozycj\u0119 na wyj\u0105tkowe imprezy, bale i dom\u00f3wki.","og_url":"https:\/\/www.pakamera.pl\/magazyn\/jak-sie-ubrac-na-zabawe-karnawalowa-modne-i-stylowe-propozycje\/","og_site_name":"Magazyn Pakamera.pl","article_publisher":"https:\/\/facebook.com\/pakamerapl","article_published_time":"2025-01-10T13:51:56+00:00","og_image":[{"width":1600,"height":840,"url":"https:\/\/imgmag.pakamera.net\/2025\/01\/jak-sie-ubrac-na-zabawe-karnawalowa-modne-i-stylowe-propozycje-144709231215.jpg","type":"image\/jpeg"}],"author":"Magda Strzelecka","twitter_card":"summary_large_image","twitter_misc":{"Napisane przez":"Magda Strzelecka","Szacowany czas czytania":"5 minut"},"schema":{"@context":"https:\/\/schema.org","@graph":[{"@type":"Article","@id":"https:\/\/www.pakamera.pl\/magazyn\/jak-sie-ubrac-na-zabawe-karnawalowa-modne-i-stylowe-propozycje\/#article","isPartOf":{"@id":"https:\/\/www.pakamera.pl\/magazyn\/jak-sie-ubrac-na-zabawe-karnawalowa-modne-i-stylowe-propozycje\/"},"author":{"name":"Magda Strzelecka","@id":"https:\/\/www.pakamera.pl\/magazyn\/#\/schema\/person\/375940ab821c5af50e1e31f1ec5282b5"},"headline":"Jak si\u0119 ubra\u0107 na zabaw\u0119 karnawa\u0142ow\u0105? Modne i stylowe propozycje","datePublished":"2025-01-10T13:51:56+00:00","dateModified":"2025-01-10T13:51:56+00:00","mainEntityOfPage":{"@id":"https:\/\/www.pakamera.pl\/magazyn\/jak-sie-ubrac-na-zabawe-karnawalowa-modne-i-stylowe-propozycje\/"},"wordCount":803,"publisher":{"@id":"https:\/\/www.pakamera.pl\/magazyn\/#organization"},"keywords":["bal karnawa\u0142owy","cekinowa sukienka","cekiny","karnawa\u0142","opaska zdobiona","str\u00f3j karnawa\u0142owy","zdobna bi\u017cuteria","z\u0142ota bi\u017cuteria"],"articleSection":["Moda"],"inLanguage":"pl-PL"},{"@type":"WebPage","@id":"https:\/\/www.pakamera.pl\/magazyn\/jak-sie-ubrac-na-zabawe-karnawalowa-modne-i-stylowe-propozycje\/","url":"https:\/\/www.pakamera.pl\/magazyn\/jak-sie-ubrac-na-zabawe-karnawalowa-modne-i-stylowe-propozycje\/","name":"Jak si\u0119 ubra\u0107 na zabaw\u0119 karnawa\u0142ow\u0105? Modne i stylowe propozycje - Magazyn Pakamera.pl","isPartOf":{"@id":"https:\/\/www.pakamera.pl\/magazyn\/#website"},"datePublished":"2025-01-10T13:51:56+00:00","dateModified":"2025-01-10T13:51:56+00:00","description":"Zastanawiasz si\u0119 jak si\u0119 ubra\u0107 na zabaw\u0119 karnawa\u0142ow\u0105? Zobacz nasze propozycj\u0119 na wyj\u0105tkowe imprezy, bale i dom\u00f3wki.","breadcrumb":{"@id":"https:\/\/www.pakamera.pl\/magazyn\/jak-sie-ubrac-na-zabawe-karnawalowa-modne-i-stylowe-propozycje\/#breadcrumb"},"inLanguage":"pl-PL","potentialAction":[{"@type":"ReadAction","target":["https:\/\/www.pakamera.pl\/magazyn\/jak-sie-ubrac-na-zabawe-karnawalowa-modne-i-stylowe-propozycje\/"]}]},{"@type":"BreadcrumbList","@id":"https:\/\/www.pakamera.pl\/magazyn\/jak-sie-ubrac-na-zabawe-karnawalowa-modne-i-stylowe-propozycje\/#breadcrumb","itemListElement":[{"@type":"ListItem","position":1,"name":"Magazyn","item":"https:\/\/www.pakamera.pl\/magazyn\/"},{"@type":"ListItem","position":2,"name":"Moda","item":"https:\/\/www.pakamera.pl\/magazyn\/category\/moda\/"},{"@type":"ListItem","position":3,"name":"Jak si\u0119 ubra\u0107 na zabaw\u0119 karnawa\u0142ow\u0105? Modne i stylowe propozycje"}]},{"@type":"WebSite","@id":"https:\/\/www.pakamera.pl\/magazyn\/#website","url":"https:\/\/www.pakamera.pl\/magazyn\/","name":"Magazyn Pakamera.pl","description":"Sprawd\u017a najgor\u0119tsze tematy sezonu!","publisher":{"@id":"https:\/\/www.pakamera.pl\/magazyn\/#organization"},"potentialAction":[{"@type":"SearchAction","target":{"@type":"EntryPoint","urlTemplate":"https:\/\/www.pakamera.pl\/magazyn\/?s={search_term_string}"},"query-input":"required name=search_term_string"}],"inLanguage":"pl-PL"},{"@type":"Organization","@id":"https:\/\/www.pakamera.pl\/magazyn\/#organization","name":"Pakamera.pl","url":"https:\/\/www.pakamera.pl\/magazyn\/","logo":{"@type":"ImageObject","inLanguage":"pl-PL","@id":"https:\/\/www.pakamera.pl\/magazyn\/#\/schema\/logo\/image\/","url":"https:\/\/imgmag.pakamera.net\/2023\/11\/153455466619.png","contentUrl":"https:\/\/imgmag.pakamera.net\/2023\/11\/153455466619.png","width":690,"height":140,"caption":"Pakamera.pl"},"image":{"@id":"https:\/\/www.pakamera.pl\/magazyn\/#\/schema\/logo\/image\/"},"sameAs":["https:\/\/facebook.com\/pakamerapl","https:\/\/www.instagram.com\/pakamera\/"]},{"@type":"Person","@id":"https:\/\/www.pakamera.pl\/magazyn\/#\/schema\/person\/375940ab821c5af50e1e31f1ec5282b5","name":"Magda Strzelecka","description":"Magda to nasza stylistka, kt\u00f3ra od ponad 10 lat \u015bci\u015ble zwi\u0105zana jest z mod\u0105. Uwielbia \u015bledzi\u0107 \u015bwiatowe trendy i przek\u0142ada\u0107 je na rynek polski. Kocha dobre sk\u0142ady ubra\u0144, wyj\u0105tkow\u0105 bi\u017cuteri\u0119 i dodatki kt\u00f3re o\u017cywi\u0105 ka\u017cd\u0105 stylizacj\u0119."}]}},"_links":{"self":[{"href":"https:\/\/www.pakamera.pl\/magazyn\/wp-json\/wp\/v2\/posts\/12047","targetHints":{"allow":["GET"]}}],"collection":[{"href":"https:\/\/www.pakamera.pl\/magazyn\/wp-json\/wp\/v2\/posts"}],"about":[{"href":"https:\/\/www.pakamera.pl\/magazyn\/wp-json\/wp\/v2\/types\/post"}],"author":[{"embeddable":true,"href":"https:\/\/www.pakamera.pl\/magazyn\/wp-json\/wp\/v2\/users\/16"}],"replies":[{"embeddable":true,"href":"https:\/\/www.pakamera.pl\/magazyn\/wp-json\/wp\/v2\/comments?post=12047"}],"version-history":[{"count":3,"href":"https:\/\/www.pakamera.pl\/magazyn\/wp-json\/wp\/v2\/posts\/12047\/revisions"}],"predecessor-version":[{"id":12060,"href":"https:\/\/www.pakamera.pl\/magazyn\/wp-json\/wp\/v2\/posts\/12047\/revisions\/12060"}],"wp:featuredmedia":[{"embeddable":true,"href":"https:\/\/www.pakamera.pl\/magazyn\/wp-json\/wp\/v2\/media\/12058"}],"wp:attachment":[{"href":"https:\/\/www.pakamera.pl\/magazyn\/wp-json\/wp\/v2\/media?parent=12047"}],"wp:term":[{"taxonomy":"category","embeddable":true,"href":"https:\/\/www.pakamera.pl\/magazyn\/wp-json\/wp\/v2\/categories?post=12047"},{"taxonomy":"post_tag","embeddable":true,"href":"https:\/\/www.pakamera.pl\/magazyn\/wp-json\/wp\/v2\/tags?post=12047"}],"curies":[{"name":"wp","href":"https:\/\/api.w.org\/{rel}","templated":true}]}}