{"id":12016,"date":"2024-12-31T08:27:04","date_gmt":"2024-12-31T07:27:04","guid":{"rendered":"https:\/\/www.pakamera.pl\/magazyn\/?p=12016"},"modified":"2025-02-28T14:55:32","modified_gmt":"2025-02-28T13:55:32","slug":"jak-wiazac-szalik-wskazowki-i-modne-pomysly-na-zime","status":"publish","type":"post","link":"https:\/\/www.pakamera.pl\/magazyn\/jak-wiazac-szalik-wskazowki-i-modne-pomysly-na-zime\/","title":{"rendered":"Jak wi\u0105za\u0107 szalik? Wskaz\u00f3wki i modne pomys\u0142y na zim\u0119"},"content":{"rendered":"<p><strong>Efektownie zawi\u0105zany szalik sprawia, \u017ce Twoja stylizacja nabiera szyku. Niestety, jest te\u017c druga strona medalu. Niedba\u0142e sploty materia\u0142u tu\u017c pod Twoj\u0105 brod\u0105 zepsuj\u0105 nawet najbardziej starannie dopracowany look. Sprawd\u017a, jak wi\u0105za\u0107 szalik, \u017ceby wygl\u0105da\u0107 dobrze.<\/strong><\/p>\n<p><!--more--><\/p>\n<figure id=\"attachment_12017\" aria-describedby=\"caption-attachment-12017\" style=\"width: 1600px\" class=\"wp-caption alignnone\"><img loading=\"lazy\" decoding=\"async\" class=\"wp-image-12017 size-full\" src=\"https:\/\/imgmag.pakamera.net\/2024\/12\/jak-wiazac-szalik-wskazowki-i-modne-pomysly-na-zime-140526179769.jpg\" alt=\"Jak wi\u0105za\u0107 szalik\" width=\"1600\" height=\"840\" \/><figcaption id=\"caption-attachment-12017\" class=\"wp-caption-text\">Szal fioletowo-zielony w krat\u0119 z fr\u0119dzlami \/ ALLORA BE UNIQUE \/ www.pakamera.pl<\/figcaption><\/figure>\n<p>Ubieranie zimowych akcesori\u00f3w wymaga nieco wprawy. W ko\u0144cu maj\u0105 nie tylko dobrze wygl\u0105da\u0107, ale r\u00f3wnie\u017c chroni\u0107 przed zimnem. A to nie jest \u0142atwe, gdy wiatr wykorzystuje ka\u017cd\u0105 szczelin\u0119 mi\u0119dzy sk\u00f3r\u0105 a ubraniem. Poznaj sposoby na wi\u0105zanie szalika, kt\u00f3re wpasowuj\u0105 si\u0119 w trendy jesie\u0144-zima 2024\/2025.<\/p>\n<h2>Jak modnie wi\u0105za\u0107 szalik? 7 sprawdzonych sposob\u00f3w<\/h2>\n<p>Chcesz wygl\u0105da\u0107 modnie, ale nie wiesz, co zrobi\u0107 z szalikiem? Tw\u00f3j <a href=\"https:\/\/www.pakamera.pl\/plaszcz-welniany-0-t51890.htm\" target=\"_blank\" rel=\"noopener\">p\u0142aszcz we\u0142niany<\/a> zyska na wygl\u0105dzie, gdy nauczysz si\u0119 tych 7 sprawdzonych wi\u0105za\u0144.<\/p>\n<h3>1. Francuski w\u0119ze\u0142<\/h3>\n<p>Jak wi\u0105za\u0107 d\u0142ugi szalik? Zacznijmy od samych podstaw. <strong>Z\u0142\u00f3\u017c szalik na p\u00f3\u0142, zarzu\u0107 na szyj\u0119, a nast\u0119pnie przeci\u0105gnij lu\u017ane ko\u0144ce przez utworzon\u0105 p\u0119tl\u0119<\/strong>. Mo\u017cesz regulowa\u0107 napi\u0119cie francuskiego w\u0119z\u0142a, \u017ceby nie uwiera\u0142o delikatnej sk\u00f3ry na szyi. Ten spos\u00f3b \u015bwietnie wygl\u0105da w zestawie z eleganckim p\u0142aszczem.<\/p>\n<h3>2. Lu\u017ana p\u0119tla<\/h3>\n<p>Jak wi\u0105za\u0107 gruby szalik na co dzie\u0144? <strong>Owi\u0144 akcesorium wok\u00f3\u0142 szyi i zostaw ko\u0144ce<\/strong>. Niech swobodnie zwisaj\u0105 z przodu. To wi\u0105zanie eksponuje wz\u00f3r szalika. Wygl\u0105da nieco nonszalancko, ale o ile nie idziesz na spotkanie firmowe, doda Ci uroku.<\/p>\n<div id=\"pakawidget1803\" class=\"pakawidget\"><\/div>\n<p><script async defer src=\"https:\/\/www.pakamera.pl\/widget\/widget2.min.js?id=1803&#038;type=20241220140829&#038;wwidth=1000\"><\/script><\/p>\n<h3>3. Kokon<\/h3>\n<p>Jak wi\u0105za\u0107 szalik zimowy, \u017ceby by\u0142o Ci w nim naprawd\u0119 ciep\u0142o? <strong>Zarzu\u0107 materia\u0142 na szyj\u0119 i zostaw jeden d\u0142u\u017cszy koniec. Kr\u00f3tszy koniec przytrzymaj, a d\u0142u\u017cszym owijaj szyj\u0119<\/strong>. W ten spos\u00f3b stworzysz mi\u0119kki kokon, kt\u00f3ry ochroni Ci\u0119 przed k\u0142uj\u0105cym mrozem.<\/p>\n<h3>4. W\u0119ze\u0142 na krzy\u017c<\/h3>\n<p>Jak wi\u0105za\u0107 szaliki, \u017ceby ich ko\u0144ce nie pl\u0105ta\u0142y Ci si\u0119 pod nogami? <strong>Zarzu\u0107 go na szyj\u0119, skrzy\u017cuj ko\u0144ce z ty\u0142u i przenie\u015b je do przodu<\/strong>. Ta metoda \u015bwietnie sprawdza si\u0119 przy d\u0142u\u017cszych szalikach i zapewnia doskona\u0142\u0105 ochron\u0119 przed wiatrem.<\/p>\n<h3>5. Artystyczny twist<\/h3>\n<p>Jak wi\u0105za\u0107 szalik? Przerzu\u0107 dodatek przez szyj\u0119 tak, \u017ceby jeden koniec by\u0142 znacznie d\u0142u\u017cszy. Owi\u0144 go lu\u017ano wok\u00f3\u0142 szyi, tworz\u0105c swobodne fa\u0142dy. Wyszed\u0142 Ci nieco artystyczny look? \u015awietnie, tak ma by\u0107!<\/p>\n<h3>6. Szal w formie ko\u0142nierza<\/h3>\n<p>Jak modnie wi\u0105za\u0107 szalik? Wcale nie musisz kupowa\u0107 komina, \u017ceby mi\u0119ciutki k\u0142\u0119bek materia\u0142u chroni\u0142 Ci\u0119 przed zimnem. <strong>Z\u0142\u00f3\u017c szeroki szal na p\u00f3\u0142 po d\u0142ugo\u015bci i owi\u0144 go wok\u00f3\u0142 szyi<\/strong>.<\/p>\n<h3>7. Szal asymetrycznie drapowany<\/h3>\n<p>Jak modnie wi\u0105za\u0107 szalik zimowy? Zarzu\u0107 go na ramiona. Jeden koniec powinien by\u0107 znacznie d\u0142u\u017cszy. Z\u0142ap go i przerzu\u0107 przez przeciwleg\u0142e rami\u0119. <strong>Ma by\u0107 asymetrycznie, bo w\u0142a\u015bnie to przyci\u0105ga wzrok<\/strong> do tej stylizacji.<\/p>\n<p><a href=\"https:\/\/www.pakamera.pl\/magazyn\/jak-nosic-szalik-do-plaszcza-a-jak-do-kurtki\/\" target=\"_blank\" rel=\"noopener\">Jak nosi\u0107 szalik do p\u0142aszcza, a jak do kurtki?<\/a> Przejrzyj nasz poradnik.<\/p>\n<h2>Jak wi\u0105za\u0107 r\u00f3\u017cne szaliki?<\/h2>\n<figure id=\"attachment_12018\" aria-describedby=\"caption-attachment-12018\" style=\"width: 1600px\" class=\"wp-caption alignnone\"><img loading=\"lazy\" decoding=\"async\" class=\"wp-image-12018 size-full\" src=\"https:\/\/imgmag.pakamera.net\/2024\/12\/jak-wiazac-szalik-wskazowki-i-modne-pomysly-na-zime-140528659222.jpg\" alt=\"Lekki, ciep\u0142y szal w czarno - bia\u0142\u0105 kret\u0119 tkany r\u0119cznie z kaszmiru\" width=\"1600\" height=\"840\" \/><figcaption id=\"caption-attachment-12018\" class=\"wp-caption-text\">Szalik Damski kaszmirowy we\u0142na czarny szary bia\u0142y \/ AKADEMIA STYLU \/ www.pakamera.pl<\/figcaption><\/figure>\n<p>\u015apieszysz si\u0119. Za chwil\u0119 masz wyj\u015b\u0107, ale utkn\u0119\u0142a\u015b przed szaf\u0105, z kt\u00f3rej spogl\u0105daj\u0105 na Ciebie 3 szaliki. Kt\u00f3ry wybra\u0107? Jak je zawi\u0105za\u0107? Nie masz czasu, wi\u0119c bierzesz pierwszy z brzegu i wychodzi. STOP. Przeczytaj teraz, jak wi\u0105za\u0107 akcesorium, prze\u0107wicz to raz lub dwa przed lustrem i nie martw si\u0119 o sw\u00f3j zimowy outfit.<\/p>\n<h3>Jak wi\u0105za\u0107 gruby szalik?<\/h3>\n<p>Grube, zimowe szaliki mog\u0105 dodawa\u0107 niepotrzebnej obj\u0119to\u015bci w g\u00f3rnej cz\u0119\u015bci cia\u0142a. Dlatego zwr\u00f3\u0107 uwag\u0119, jak je zak\u0142adasz. <strong>Najlepiej sprawdzaj\u0105 si\u0119 proste wi\u0105zania<\/strong>, kt\u00f3re nie tworz\u0105 dodatkowych warstw przy szyi. Idealny b\u0119dzie <strong>lu\u017any pojedynczy splot lub asymetryczne przewieszenie przez jedno rami\u0119<\/strong>. Wystrzegaj si\u0119 skomplikowanych w\u0119z\u0142\u00f3w. Mog\u0105 wygl\u0105da\u0107 nieestetycznie i kr\u0119powa\u0107 ruchy.<\/p>\n<h3>Jak wi\u0105za\u0107 cienki szalik?<\/h3>\n<p>Cienkie szaliki daj\u0105 najwi\u0119cej mo\u017cliwo\u015bci stylizacyjnych. <strong>Mo\u017cesz eksperymentowa\u0107 z r\u00f3\u017cnymi w\u0119z\u0142ami i warstwami bez martwienia si\u0119 o nadmiern\u0105 obj\u0119to\u015b\u0107<\/strong>. Wykorzystaj francuski w\u0119ze\u0142 lub wielokrotne owini\u0119cie wok\u00f3\u0142 szyi. Nasz\u0142a Ci\u0119 ochota na eksperymenty? Cienki materia\u0142 u\u0142atwia wykonanie efektownego wi\u0105zania w formie kokardy lub dekoracyjnego w\u0119z\u0142a.<\/p>\n<p>Masz szalik wykonany z we\u0142ny? Sprawd\u017a, <a href=\"https:\/\/www.pakamera.pl\/magazyn\/kaszmir-co-to-jest-i-jak-rozpoznac-szlachetna-welne\/\" target=\"_blank\" rel=\"noopener\">jak rozpozna\u0107 kaszmir<\/a>.<\/p>\n<div id=\"pakawidget1804\" class=\"pakawidget\"><\/div>\n<p><script async defer src=\"https:\/\/www.pakamera.pl\/widget\/widget2.min.js?id=1804&#038;type=20241220140935&#038;wwidth=1000\"><\/script><\/p>\n<h3>Jak wi\u0105za\u0107 d\u0142ugi szalik?<\/h3>\n<p>D\u0142ugi szalik jest prawdziwym wyzwaniem w codziennym wykonywaniu zada\u0144. Trzeba na niego uwa\u017ca\u0107, wsiadaj\u0105c do autobusu i wychodz\u0105c na spacer z psem. \u0141atwo si\u0119 zapl\u0105tuje w najmniej spodziewanych momentach. Na wszelki wypadek <strong>\u201epozb\u0105d\u017a si\u0119\u201d nadmiaru materia\u0142u, wykorzystuj\u0105c wielokrotne owini\u0119cie wok\u00f3\u0142 szyi<\/strong>, podw\u00f3jny francuski w\u0119ze\u0142, zaplatanie w warkocz lub asymetryczne drapowanie z przewieszeniem przez rami\u0119.<\/p>\n<h3>Jak wi\u0105za\u0107 szeroki szalik?<\/h3>\n<p>Szeroki szalik jest szeroki, ale p\u0142aski.<strong> Spr\u00f3buj podkre\u015bli\u0107 jego obj\u0119to\u015b\u0107 bez nadmiernego obci\u0105\u017cania sylwetki<\/strong>. W tym celu wykorzystaj pojedyncze lu\u017ane owini\u0119cie, efekt ko\u0142nierza lub asymetryczne drapowanie.<\/p>\n<p>Ostatnia uwaga: <strong>osoby niskie powinny unika\u0107 zbyt obfitych w\u0119z\u0142\u00f3w<\/strong>, poniewa\u017c mog\u0105 one wizualnie przyci\u0105gn\u0105\u0107 je do ziemi.<\/p>\n<p>\u201eIdealny szalik nie istnieje\u201d \u2013 nie us\u0142yszysz tego z ust osoby, kt\u00f3ra szuka\u0142a zimowych akcesori\u00f3w na Pakamera.pl. Wejd\u017a na stron\u0119 i przejrzyj dost\u0119pne akcesoria oraz <a href=\"https:\/\/www.pakamera.pl\/kurtki-0-3058.htm\" target=\"_blank\" rel=\"noopener\">kurtki polskich marek<\/a>.<\/p>\n","protected":false},"excerpt":{"rendered":"<p>Efektownie zawi\u0105zany szalik sprawia, \u017ce Twoja stylizacja nabiera szyku. Niestety, jest te\u017c druga strona medalu. Niedba\u0142e sploty materia\u0142u tu\u017c pod Twoj\u0105 brod\u0105 zepsuj\u0105 nawet najbardziej starannie dopracowany look. Sprawd\u017a, jak<span class=\"more-dots\">&#8230;<\/span><\/p>\n","protected":false},"author":16,"featured_media":12017,"comment_status":"closed","ping_status":"closed","sticky":false,"template":"","format":"standard","meta":{"footnotes":""},"categories":[3],"tags":[2109,1664,529,522,524,1521],"class_list":["post-12016","post","type-post","status-publish","format-standard","has-post-thumbnail","hentry","category-moda","tag-czapka-i-szalik","tag-czapki-i-szaliki","tag-modne-plaszcze","tag-szal","tag-szalik","tag-zimowa-stylizacja"],"yoast_head":"<!-- This site is optimized with the Yoast SEO plugin v21.6 - https:\/\/yoast.com\/wordpress\/plugins\/seo\/ -->\n<title>Jak wi\u0105za\u0107 szalik? Wskaz\u00f3wki i modne pomys\u0142y na zim\u0119 - Magazyn Pakamera.pl<\/title>\n<meta name=\"description\" content=\"Chcesz wiedzie\u0107 jak wi\u0105za\u0107 szalik aby wygl\u0105da\u0107 modnie i stylowo? Zobacz nasze propozycje na ka\u017cd\u0105 grubo\u015b\u0107 i d\u0142ugo\u015b\u0107 szala.\" \/>\n<meta name=\"robots\" content=\"index, follow\" \/>\n<link rel=\"canonical\" href=\"https:\/\/www.pakamera.pl\/magazyn\/jak-wiazac-szalik-wskazowki-i-modne-pomysly-na-zime\/\" \/>\n<meta property=\"og:locale\" content=\"pl_PL\" \/>\n<meta property=\"og:type\" content=\"article\" \/>\n<meta property=\"og:title\" content=\"Jak wi\u0105za\u0107 szalik? Wskaz\u00f3wki i modne pomys\u0142y na zim\u0119 - Magazyn Pakamera.pl\" \/>\n<meta property=\"og:description\" content=\"Chcesz wiedzie\u0107 jak wi\u0105za\u0107 szalik aby wygl\u0105da\u0107 modnie i stylowo? Zobacz nasze propozycje na ka\u017cd\u0105 grubo\u015b\u0107 i d\u0142ugo\u015b\u0107 szala.\" \/>\n<meta property=\"og:url\" content=\"https:\/\/www.pakamera.pl\/magazyn\/jak-wiazac-szalik-wskazowki-i-modne-pomysly-na-zime\/\" \/>\n<meta property=\"og:site_name\" content=\"Magazyn Pakamera.pl\" \/>\n<meta property=\"article:publisher\" content=\"https:\/\/facebook.com\/pakamerapl\" \/>\n<meta property=\"article:published_time\" content=\"2024-12-31T07:27:04+00:00\" \/>\n<meta property=\"article:modified_time\" content=\"2025-02-28T13:55:32+00:00\" \/>\n<meta property=\"og:image\" content=\"https:\/\/imgmag.pakamera.net\/2024\/12\/jak-wiazac-szalik-wskazowki-i-modne-pomysly-na-zime-140526179769.jpg\" \/>\n\t<meta property=\"og:image:width\" content=\"1600\" \/>\n\t<meta property=\"og:image:height\" content=\"840\" \/>\n\t<meta property=\"og:image:type\" content=\"image\/jpeg\" \/>\n<meta name=\"author\" content=\"Magda Strzelecka\" \/>\n<meta name=\"twitter:card\" content=\"summary_large_image\" \/>\n<meta name=\"twitter:label1\" content=\"Napisane przez\" \/>\n\t<meta name=\"twitter:data1\" content=\"Magda Strzelecka\" \/>\n\t<meta name=\"twitter:label2\" content=\"Szacowany czas czytania\" \/>\n\t<meta name=\"twitter:data2\" content=\"5 minut\" \/>\n<script type=\"application\/ld+json\" class=\"yoast-schema-graph\">{\"@context\":\"https:\/\/schema.org\",\"@graph\":[{\"@type\":\"Article\",\"@id\":\"https:\/\/www.pakamera.pl\/magazyn\/jak-wiazac-szalik-wskazowki-i-modne-pomysly-na-zime\/#article\",\"isPartOf\":{\"@id\":\"https:\/\/www.pakamera.pl\/magazyn\/jak-wiazac-szalik-wskazowki-i-modne-pomysly-na-zime\/\"},\"author\":{\"name\":\"Magda Strzelecka\",\"@id\":\"https:\/\/www.pakamera.pl\/magazyn\/#\/schema\/person\/375940ab821c5af50e1e31f1ec5282b5\"},\"headline\":\"Jak wi\u0105za\u0107 szalik? Wskaz\u00f3wki i modne pomys\u0142y na zim\u0119\",\"datePublished\":\"2024-12-31T07:27:04+00:00\",\"dateModified\":\"2025-02-28T13:55:32+00:00\",\"mainEntityOfPage\":{\"@id\":\"https:\/\/www.pakamera.pl\/magazyn\/jak-wiazac-szalik-wskazowki-i-modne-pomysly-na-zime\/\"},\"wordCount\":906,\"publisher\":{\"@id\":\"https:\/\/www.pakamera.pl\/magazyn\/#organization\"},\"keywords\":[\"czapka i szalik\",\"czapki i szaliki\",\"modne p\u0142aszcze\",\"szal\",\"szalik\",\"zimowa stylizacja\"],\"articleSection\":[\"Moda\"],\"inLanguage\":\"pl-PL\"},{\"@type\":\"WebPage\",\"@id\":\"https:\/\/www.pakamera.pl\/magazyn\/jak-wiazac-szalik-wskazowki-i-modne-pomysly-na-zime\/\",\"url\":\"https:\/\/www.pakamera.pl\/magazyn\/jak-wiazac-szalik-wskazowki-i-modne-pomysly-na-zime\/\",\"name\":\"Jak wi\u0105za\u0107 szalik? Wskaz\u00f3wki i modne pomys\u0142y na zim\u0119 - Magazyn Pakamera.pl\",\"isPartOf\":{\"@id\":\"https:\/\/www.pakamera.pl\/magazyn\/#website\"},\"datePublished\":\"2024-12-31T07:27:04+00:00\",\"dateModified\":\"2025-02-28T13:55:32+00:00\",\"description\":\"Chcesz wiedzie\u0107 jak wi\u0105za\u0107 szalik aby wygl\u0105da\u0107 modnie i stylowo? Zobacz nasze propozycje na ka\u017cd\u0105 grubo\u015b\u0107 i d\u0142ugo\u015b\u0107 szala.\",\"breadcrumb\":{\"@id\":\"https:\/\/www.pakamera.pl\/magazyn\/jak-wiazac-szalik-wskazowki-i-modne-pomysly-na-zime\/#breadcrumb\"},\"inLanguage\":\"pl-PL\",\"potentialAction\":[{\"@type\":\"ReadAction\",\"target\":[\"https:\/\/www.pakamera.pl\/magazyn\/jak-wiazac-szalik-wskazowki-i-modne-pomysly-na-zime\/\"]}]},{\"@type\":\"BreadcrumbList\",\"@id\":\"https:\/\/www.pakamera.pl\/magazyn\/jak-wiazac-szalik-wskazowki-i-modne-pomysly-na-zime\/#breadcrumb\",\"itemListElement\":[{\"@type\":\"ListItem\",\"position\":1,\"name\":\"Magazyn\",\"item\":\"https:\/\/www.pakamera.pl\/magazyn\/\"},{\"@type\":\"ListItem\",\"position\":2,\"name\":\"Moda\",\"item\":\"https:\/\/www.pakamera.pl\/magazyn\/category\/moda\/\"},{\"@type\":\"ListItem\",\"position\":3,\"name\":\"Jak wi\u0105za\u0107 szalik? Wskaz\u00f3wki i modne pomys\u0142y na zim\u0119\"}]},{\"@type\":\"WebSite\",\"@id\":\"https:\/\/www.pakamera.pl\/magazyn\/#website\",\"url\":\"https:\/\/www.pakamera.pl\/magazyn\/\",\"name\":\"Magazyn Pakamera.pl\",\"description\":\"Sprawd\u017a najgor\u0119tsze tematy sezonu!\",\"publisher\":{\"@id\":\"https:\/\/www.pakamera.pl\/magazyn\/#organization\"},\"potentialAction\":[{\"@type\":\"SearchAction\",\"target\":{\"@type\":\"EntryPoint\",\"urlTemplate\":\"https:\/\/www.pakamera.pl\/magazyn\/?s={search_term_string}\"},\"query-input\":\"required name=search_term_string\"}],\"inLanguage\":\"pl-PL\"},{\"@type\":\"Organization\",\"@id\":\"https:\/\/www.pakamera.pl\/magazyn\/#organization\",\"name\":\"Pakamera.pl\",\"url\":\"https:\/\/www.pakamera.pl\/magazyn\/\",\"logo\":{\"@type\":\"ImageObject\",\"inLanguage\":\"pl-PL\",\"@id\":\"https:\/\/www.pakamera.pl\/magazyn\/#\/schema\/logo\/image\/\",\"url\":\"https:\/\/imgmag.pakamera.net\/2023\/11\/153455466619.png\",\"contentUrl\":\"https:\/\/imgmag.pakamera.net\/2023\/11\/153455466619.png\",\"width\":690,\"height\":140,\"caption\":\"Pakamera.pl\"},\"image\":{\"@id\":\"https:\/\/www.pakamera.pl\/magazyn\/#\/schema\/logo\/image\/\"},\"sameAs\":[\"https:\/\/facebook.com\/pakamerapl\",\"https:\/\/www.instagram.com\/pakamera\/\"]},{\"@type\":\"Person\",\"@id\":\"https:\/\/www.pakamera.pl\/magazyn\/#\/schema\/person\/375940ab821c5af50e1e31f1ec5282b5\",\"name\":\"Magda Strzelecka\",\"description\":\"Magda to nasza stylistka, kt\u00f3ra od ponad 10 lat \u015bci\u015ble zwi\u0105zana jest z mod\u0105. Uwielbia \u015bledzi\u0107 \u015bwiatowe trendy i przek\u0142ada\u0107 je na rynek polski. Kocha dobre sk\u0142ady ubra\u0144, wyj\u0105tkow\u0105 bi\u017cuteri\u0119 i dodatki kt\u00f3re o\u017cywi\u0105 ka\u017cd\u0105 stylizacj\u0119.\"}]}<\/script>\n<!-- \/ Yoast SEO plugin. -->","yoast_head_json":{"title":"Jak wi\u0105za\u0107 szalik? Wskaz\u00f3wki i modne pomys\u0142y na zim\u0119 - Magazyn Pakamera.pl","description":"Chcesz wiedzie\u0107 jak wi\u0105za\u0107 szalik aby wygl\u0105da\u0107 modnie i stylowo? Zobacz nasze propozycje na ka\u017cd\u0105 grubo\u015b\u0107 i d\u0142ugo\u015b\u0107 szala.","robots":{"index":"index","follow":"follow"},"canonical":"https:\/\/www.pakamera.pl\/magazyn\/jak-wiazac-szalik-wskazowki-i-modne-pomysly-na-zime\/","og_locale":"pl_PL","og_type":"article","og_title":"Jak wi\u0105za\u0107 szalik? Wskaz\u00f3wki i modne pomys\u0142y na zim\u0119 - Magazyn Pakamera.pl","og_description":"Chcesz wiedzie\u0107 jak wi\u0105za\u0107 szalik aby wygl\u0105da\u0107 modnie i stylowo? Zobacz nasze propozycje na ka\u017cd\u0105 grubo\u015b\u0107 i d\u0142ugo\u015b\u0107 szala.","og_url":"https:\/\/www.pakamera.pl\/magazyn\/jak-wiazac-szalik-wskazowki-i-modne-pomysly-na-zime\/","og_site_name":"Magazyn Pakamera.pl","article_publisher":"https:\/\/facebook.com\/pakamerapl","article_published_time":"2024-12-31T07:27:04+00:00","article_modified_time":"2025-02-28T13:55:32+00:00","og_image":[{"width":1600,"height":840,"url":"https:\/\/imgmag.pakamera.net\/2024\/12\/jak-wiazac-szalik-wskazowki-i-modne-pomysly-na-zime-140526179769.jpg","type":"image\/jpeg"}],"author":"Magda Strzelecka","twitter_card":"summary_large_image","twitter_misc":{"Napisane przez":"Magda Strzelecka","Szacowany czas czytania":"5 minut"},"schema":{"@context":"https:\/\/schema.org","@graph":[{"@type":"Article","@id":"https:\/\/www.pakamera.pl\/magazyn\/jak-wiazac-szalik-wskazowki-i-modne-pomysly-na-zime\/#article","isPartOf":{"@id":"https:\/\/www.pakamera.pl\/magazyn\/jak-wiazac-szalik-wskazowki-i-modne-pomysly-na-zime\/"},"author":{"name":"Magda Strzelecka","@id":"https:\/\/www.pakamera.pl\/magazyn\/#\/schema\/person\/375940ab821c5af50e1e31f1ec5282b5"},"headline":"Jak wi\u0105za\u0107 szalik? Wskaz\u00f3wki i modne pomys\u0142y na zim\u0119","datePublished":"2024-12-31T07:27:04+00:00","dateModified":"2025-02-28T13:55:32+00:00","mainEntityOfPage":{"@id":"https:\/\/www.pakamera.pl\/magazyn\/jak-wiazac-szalik-wskazowki-i-modne-pomysly-na-zime\/"},"wordCount":906,"publisher":{"@id":"https:\/\/www.pakamera.pl\/magazyn\/#organization"},"keywords":["czapka i szalik","czapki i szaliki","modne p\u0142aszcze","szal","szalik","zimowa stylizacja"],"articleSection":["Moda"],"inLanguage":"pl-PL"},{"@type":"WebPage","@id":"https:\/\/www.pakamera.pl\/magazyn\/jak-wiazac-szalik-wskazowki-i-modne-pomysly-na-zime\/","url":"https:\/\/www.pakamera.pl\/magazyn\/jak-wiazac-szalik-wskazowki-i-modne-pomysly-na-zime\/","name":"Jak wi\u0105za\u0107 szalik? Wskaz\u00f3wki i modne pomys\u0142y na zim\u0119 - Magazyn Pakamera.pl","isPartOf":{"@id":"https:\/\/www.pakamera.pl\/magazyn\/#website"},"datePublished":"2024-12-31T07:27:04+00:00","dateModified":"2025-02-28T13:55:32+00:00","description":"Chcesz wiedzie\u0107 jak wi\u0105za\u0107 szalik aby wygl\u0105da\u0107 modnie i stylowo? Zobacz nasze propozycje na ka\u017cd\u0105 grubo\u015b\u0107 i d\u0142ugo\u015b\u0107 szala.","breadcrumb":{"@id":"https:\/\/www.pakamera.pl\/magazyn\/jak-wiazac-szalik-wskazowki-i-modne-pomysly-na-zime\/#breadcrumb"},"inLanguage":"pl-PL","potentialAction":[{"@type":"ReadAction","target":["https:\/\/www.pakamera.pl\/magazyn\/jak-wiazac-szalik-wskazowki-i-modne-pomysly-na-zime\/"]}]},{"@type":"BreadcrumbList","@id":"https:\/\/www.pakamera.pl\/magazyn\/jak-wiazac-szalik-wskazowki-i-modne-pomysly-na-zime\/#breadcrumb","itemListElement":[{"@type":"ListItem","position":1,"name":"Magazyn","item":"https:\/\/www.pakamera.pl\/magazyn\/"},{"@type":"ListItem","position":2,"name":"Moda","item":"https:\/\/www.pakamera.pl\/magazyn\/category\/moda\/"},{"@type":"ListItem","position":3,"name":"Jak wi\u0105za\u0107 szalik? Wskaz\u00f3wki i modne pomys\u0142y na zim\u0119"}]},{"@type":"WebSite","@id":"https:\/\/www.pakamera.pl\/magazyn\/#website","url":"https:\/\/www.pakamera.pl\/magazyn\/","name":"Magazyn Pakamera.pl","description":"Sprawd\u017a najgor\u0119tsze tematy sezonu!","publisher":{"@id":"https:\/\/www.pakamera.pl\/magazyn\/#organization"},"potentialAction":[{"@type":"SearchAction","target":{"@type":"EntryPoint","urlTemplate":"https:\/\/www.pakamera.pl\/magazyn\/?s={search_term_string}"},"query-input":"required name=search_term_string"}],"inLanguage":"pl-PL"},{"@type":"Organization","@id":"https:\/\/www.pakamera.pl\/magazyn\/#organization","name":"Pakamera.pl","url":"https:\/\/www.pakamera.pl\/magazyn\/","logo":{"@type":"ImageObject","inLanguage":"pl-PL","@id":"https:\/\/www.pakamera.pl\/magazyn\/#\/schema\/logo\/image\/","url":"https:\/\/imgmag.pakamera.net\/2023\/11\/153455466619.png","contentUrl":"https:\/\/imgmag.pakamera.net\/2023\/11\/153455466619.png","width":690,"height":140,"caption":"Pakamera.pl"},"image":{"@id":"https:\/\/www.pakamera.pl\/magazyn\/#\/schema\/logo\/image\/"},"sameAs":["https:\/\/facebook.com\/pakamerapl","https:\/\/www.instagram.com\/pakamera\/"]},{"@type":"Person","@id":"https:\/\/www.pakamera.pl\/magazyn\/#\/schema\/person\/375940ab821c5af50e1e31f1ec5282b5","name":"Magda Strzelecka","description":"Magda to nasza stylistka, kt\u00f3ra od ponad 10 lat \u015bci\u015ble zwi\u0105zana jest z mod\u0105. Uwielbia \u015bledzi\u0107 \u015bwiatowe trendy i przek\u0142ada\u0107 je na rynek polski. Kocha dobre sk\u0142ady ubra\u0144, wyj\u0105tkow\u0105 bi\u017cuteri\u0119 i dodatki kt\u00f3re o\u017cywi\u0105 ka\u017cd\u0105 stylizacj\u0119."}]}},"_links":{"self":[{"href":"https:\/\/www.pakamera.pl\/magazyn\/wp-json\/wp\/v2\/posts\/12016","targetHints":{"allow":["GET"]}}],"collection":[{"href":"https:\/\/www.pakamera.pl\/magazyn\/wp-json\/wp\/v2\/posts"}],"about":[{"href":"https:\/\/www.pakamera.pl\/magazyn\/wp-json\/wp\/v2\/types\/post"}],"author":[{"embeddable":true,"href":"https:\/\/www.pakamera.pl\/magazyn\/wp-json\/wp\/v2\/users\/16"}],"replies":[{"embeddable":true,"href":"https:\/\/www.pakamera.pl\/magazyn\/wp-json\/wp\/v2\/comments?post=12016"}],"version-history":[{"count":2,"href":"https:\/\/www.pakamera.pl\/magazyn\/wp-json\/wp\/v2\/posts\/12016\/revisions"}],"predecessor-version":[{"id":12255,"href":"https:\/\/www.pakamera.pl\/magazyn\/wp-json\/wp\/v2\/posts\/12016\/revisions\/12255"}],"wp:featuredmedia":[{"embeddable":true,"href":"https:\/\/www.pakamera.pl\/magazyn\/wp-json\/wp\/v2\/media\/12017"}],"wp:attachment":[{"href":"https:\/\/www.pakamera.pl\/magazyn\/wp-json\/wp\/v2\/media?parent=12016"}],"wp:term":[{"taxonomy":"category","embeddable":true,"href":"https:\/\/www.pakamera.pl\/magazyn\/wp-json\/wp\/v2\/categories?post=12016"},{"taxonomy":"post_tag","embeddable":true,"href":"https:\/\/www.pakamera.pl\/magazyn\/wp-json\/wp\/v2\/tags?post=12016"}],"curies":[{"name":"wp","href":"https:\/\/api.w.org\/{rel}","templated":true}]}}