{"id":11997,"date":"2024-12-27T07:43:17","date_gmt":"2024-12-27T06:43:17","guid":{"rendered":"https:\/\/www.pakamera.pl\/magazyn\/?p=11997"},"modified":"2024-12-19T14:55:46","modified_gmt":"2024-12-19T13:55:46","slug":"jak-nosic-szalik-do-plaszcza-a-jak-do-kurtki","status":"publish","type":"post","link":"https:\/\/www.pakamera.pl\/magazyn\/jak-nosic-szalik-do-plaszcza-a-jak-do-kurtki\/","title":{"rendered":"Jak nosi\u0107 szalik do p\u0142aszcza, a jak do kurtki?"},"content":{"rendered":"<p><strong>Kawa\u0142ek materia\u0142u noszony na szyi ma dawa\u0107 ciep\u0142o i stylowo wygl\u0105da\u0107. Sprawd\u017a, jak nosi\u0107 szalik do p\u0142aszcza, \u017ceby czu\u0107 si\u0119 swobodnie. Nie ka\u017cdy lubi ten zimowy dodatek, poniewa\u017c jego stylizacja nie jest prosta. Za lu\u017ano zwi\u0105zany si\u0119 zsuwa, a za ciasno przeszkadza podczas spaceru.<\/strong><\/p>\n<p><!--more--><\/p>\n<figure id=\"attachment_12004\" aria-describedby=\"caption-attachment-12004\" style=\"width: 1600px\" class=\"wp-caption alignnone\"><img loading=\"lazy\" decoding=\"async\" class=\"wp-image-12004 size-full\" src=\"https:\/\/imgmag.pakamera.net\/2024\/12\/jak-nosic-beret-pomysly-nie-tylko-na-zimowe-stylizacje-144023751610.jpg\" alt=\"Jak nosi\u0107 szalik do p\u0142aszcza\" width=\"1600\" height=\"840\" \/><figcaption id=\"caption-attachment-12004\" class=\"wp-caption-text\">Szalik Damski kaszmirowy we\u0142na r\u00f3\u017cowy szary \/ AKADEMIA STYLU \/ www.pakamera.pl<\/figcaption><\/figure>\n<p>Na szcz\u0119\u015bcie jest kilka sprawdzonych sposob\u00f3w, kt\u00f3re pozwol\u0105 Ci nosi\u0107 szalik tak, jak lubisz. Daj kolejn\u0105 szans\u0119 zimowemu akcesorium na ogrzanie Twojej szyi. Wypr\u00f3buj ka\u017cdy w\u0119ze\u0142 i wybierz swoje ulubione wi\u0105zanie szala do p\u0142aszcza lub kurtki.<\/p>\n<h2>Jak nosi\u0107 szal do p\u0142aszcza? Odpowiednia d\u0142ugo\u015b\u0107, kolor i materia\u0142<\/h2>\n<p><a href=\"https:\/\/www.pakamera.pl\/magazyn\/uniwersalne-plaszcze-na-zime-ktore-nie-wyjda-z-mody\/\" target=\"_blank\" rel=\"noopener\">Uniwersalne p\u0142aszcze, kt\u00f3re nie wyjd\u0105 z mody<\/a>, najlepiej wygl\u0105daj\u0105 z eleganckim szalikiem. Taki dodatek podkre\u015bla ich szlachetny charakter.<strong> D\u0142ugo\u015b\u0107 szalika powinna by\u0107 dostosowana do Twojego wzrostu<\/strong>.<\/p>\n<p>Przyjmij zasad\u0119, \u017ce im wy\u017csza sylwetka, tym d\u0142u\u017cszy mo\u017ce by\u0107 szalik damski. Dla os\u00f3b o \u015brednim wzro\u015bcie idealny b\u0119dzie model o d\u0142ugo\u015bci oko\u0142o 180cm. B\u0119dziesz mog\u0142a na nim wykona\u0107 r\u00f3\u017cnorodne wi\u0105zania.<\/p>\n<p>W miar\u0119 mo\u017cliwo\u015bci <strong>wybieraj szale z jako\u015bciowych, naturalnych materia\u0142\u00f3w<\/strong>. <strong>Kaszmir, we\u0142na merino i mieszanka jedwabiu z we\u0142n\u0105<\/strong> pi\u0119knie si\u0119 prezentuj\u0105. Ich noszenie jest przyjemne, poniewa\u017c daj\u0105 Twojej sk\u00f3rze oddycha\u0107.<\/p>\n<p>W doborze koloru kieruj si\u0119 zasad\u0105 harmonii lub \u015bwiadomego kontrastu. Klasyczne czarne p\u0142aszcze lub <a href=\"https:\/\/www.pakamera.pl\/kurtki-0-3058.htm\" target=\"_blank\" rel=\"noopener\">kurtki damskie<\/a> skorzystaj\u0105 w zestawieniu z szarym, be\u017cowym lub granatowym szalikiem. A je\u015bli <strong>lubisz wyraziste stylizacje, wybierz bordowy, butelkow\u0105 ziele\u0144 lub mocny fiolet<\/strong>. Raczej nie decyduj si\u0119 na krzykliwe wzory.<\/p>\n<div id=\"pakawidget1797\" class=\"pakawidget\"><\/div>\n<p><script async defer src=\"https:\/\/www.pakamera.pl\/widget\/widget2.min.js?id=1797&#038;type=20241219114126&#038;wwidth=1000\"><\/script><\/p>\n<h2>Jak wi\u0105za\u0107 szalik do p\u0142aszcza? 5 sposob\u00f3w<\/h2>\n<p>Jak zak\u0142ada\u0107 szal do p\u0142aszcza? Sposob\u00f3w jest co najmniej kilkadziesi\u0105t. Ka\u017cdy wprowadza drobne wariacje, kt\u00f3re nieco zmieniaj\u0105 wygl\u0105d ca\u0142ego stroju. Poni\u017cej znajdziesz 5 najpopularniejszych wi\u0105za\u0144.<\/p>\n<h3>Paryski w\u0119ze\u0142<\/h3>\n<p>Jak wi\u0105za\u0107 szalik do p\u0142aszcza? Mo\u017ce klasycznie? <strong>Z\u0142\u00f3\u017c szalik na p\u00f3\u0142, zarzu\u0107 na szyj\u0119, a nast\u0119pnie przewlecz lu\u017ane ko\u0144ce przez powsta\u0142\u0105 p\u0119tl\u0119<\/strong>. Najlepiej sprawdzaj\u0105 si\u0119 do tego d\u0142ugie, prostok\u0105tne szale z cienkiego materia\u0142u. Wypr\u00f3buj paryski w\u0119ze\u0142 <strong>w biznesowej stylizacji<\/strong>.<\/p>\n<h3>Elegancka p\u0119tla<\/h3>\n<p>Jak za\u0142o\u017cy\u0107 szalik do p\u0142aszcza? <strong>Owi\u0144 materia\u0142 wok\u00f3\u0142 szyi<\/strong>. Stw\u00f3rz lu\u017an\u0105 p\u0119tl\u0119 z przodu, a<strong> ko\u0144ce symetrycznie u\u0142\u00f3\u017c pod klapami okrycia wierzchniego<\/strong>. To wi\u0105zanie dobrze prezentuje si\u0119 z szalikiem o \u015bredniej grubo\u015bci. W tak za\u0142o\u017conym akcesorium b\u0119dziesz wygl\u0105da\u0107 nieco nonszalancko.<\/p>\n<div id=\"pakawidget1798\" class=\"pakawidget\"><\/div>\n<p><script async defer src=\"https:\/\/www.pakamera.pl\/widget\/widget2.min.js?id=1798&#038;type=20241219114242&#038;wwidth=1000\"><\/script><\/p>\n<h3>Asymetryczny drapowany szal<\/h3>\n<p>Jak za\u0142o\u017cy\u0107 szal do p\u0142aszcza? <strong>Zarzu\u0107 materia\u0142 na ramiona<\/strong>. D\u0142u\u017cszy koniec zostaw z przodu, a kr\u00f3tszy przerzu\u0107 przez przeciwleg\u0142e rami\u0119. Ta metoda doskonale sprawdza si\u0119 przy szerokich szalach. Pomaga wyeksponowa\u0107 wz\u00f3r akcesorium. Nadaje nieco artystycznego nie\u0142adu stylizacji.<\/p>\n<h3>Minimalistyczny twist<\/h3>\n<p>Jak wi\u0105za\u0107 szal do p\u0142aszcza? <strong>Prze\u0142\u00f3\u017c dodatek przez szyj\u0119 tak, \u017ceby jeden zwisaj\u0105cy koniec by\u0142 nieco d\u0142u\u017cszy<\/strong>. Kr\u00f3tszy koniec przerzu\u0107 przez rami\u0119 do ty\u0142u, d\u0142u\u017cszy pozostaw swobodnie z przodu. Uwaga: ten look jest do\u015b\u0107 casualowy, ale sprawdzi si\u0119 w codziennych zestawieniach.<\/p>\n<h3>Kokon<\/h3>\n<p><strong>Owi\u0144 szalik wok\u00f3\u0142 szyi tak, jakby\u015b tworzy\u0142a mi\u0119kki kokon<\/strong>. Zawini\u0105tko b\u0119dzie doskonale chroni\u0107 przed zimnem. Zadbaj, \u017ceby pi\u0119knie u\u0142o\u017cy\u0142o si\u0119 wok\u00f3\u0142 twarzy, eksponuj\u0105c j\u0105. Najlepszy efekt osi\u0105gniesz, wykorzystuj\u0105c grube we\u0142niane <a href=\"https:\/\/www.pakamera.pl\/szale-i-apaszki-0-1903.htm\" target=\"_blank\" rel=\"noopener\">szale damskie<\/a>.<\/p>\n<h2>A jak wi\u0105za\u0107 szalik do kurtki? Modne pomys\u0142y<\/h2>\n<figure id=\"attachment_12003\" aria-describedby=\"caption-attachment-12003\" style=\"width: 1600px\" class=\"wp-caption alignnone\"><img loading=\"lazy\" decoding=\"async\" class=\"wp-image-12003 size-full\" src=\"https:\/\/imgmag.pakamera.net\/2024\/12\/jak-nosic-beret-pomysly-nie-tylko-na-zimowe-stylizacje-144022650273.jpg\" alt=\"Jak nosi\u0107 szalik do kurtki\" width=\"1600\" height=\"840\" \/><figcaption id=\"caption-attachment-12003\" class=\"wp-caption-text\">Szalik \u017cakardowy NIEBIA\u0143SKIE PIESKI \/ Panama Studio \/ www.pakamera.pl<\/figcaption><\/figure>\n<p>Kto powiedzia\u0142, \u017ce tylko p\u0142aszcz mo\u017cna modnie wystylizowa\u0107? Wybierz, <a href=\"https:\/\/www.pakamera.pl\/magazyn\/jaka-kurtka-na-sezon-jesien-zima\/\" target=\"_blank\" rel=\"noopener\">jaka kurtka na sezon jesie\u0144-zima<\/a> podoba Ci si\u0119 najbardziej, i za\u0142\u00f3\u017c do niej ulubiony szalik! W sportowych stylizacjach mo\u017cesz sobie pozwoli\u0107 na swobodne wi\u0105zania i prawdziw\u0105 zabaw\u0119 form\u0105.<\/p>\n<p><strong>Lu\u017ana p\u0119tla:<\/strong><\/p>\n<p>Owi\u0144 szalik wok\u00f3\u0142 szyi, \u017ceby utworzy\u0142 lu\u017an\u0105 p\u0119tl\u0119. <strong>Zostaw ko\u0144ce zwisaj\u0105ce swobodnie lub lekko wetknij je pod kurtk\u0119<\/strong>. To wi\u0105zanie dobrze wygl\u0105da w zestawieniu z puchow\u0105 kurtk\u0105 lub ramonesk\u0105.<\/p>\n<p><strong>Sportowy luz:<\/strong><\/p>\n<p>Chcesz pokaza\u0107 \u015bwiatu prawdziw\u0105 nonszalancj\u0119? <strong>Przewie\u015b szalik przez szyj\u0119<\/strong> i pozw\u00f3l ko\u0144com swobodnie opada\u0107 z przodu.<\/p>\n<p><strong>W\u0119ze\u0142 na jeden raz:<\/strong><\/p>\n<p>Przerzu\u0107 szalik przez szyj\u0119 i zawi\u0105\u017c lu\u017ano na jeden w\u0119ze\u0142.<\/p>\n<p>Jak nosi\u0107 szal na kurtce? Styli\u015bci podpowiadaj\u0105 kilka praktycznych zasad:<\/p>\n<ul>\n<li>Szalik nie powinien kr\u0119powa\u0107 ruch\u00f3w ani utrudnia\u0107 oddychania. Nie zaciskaj go zbyt ciasno.<\/li>\n<li>Do grubych kurtek wybieraj cie\u0144sze szaliki.<\/li>\n<li>Eksperymentuj z r\u00f3\u017cnymi fakturami i grubo\u015bciami szalik\u00f3w, a\u017c znajdziesz zestaw, kt\u00f3ry najlepiej wyra\u017ca Tw\u00f3j styl.<\/li>\n<\/ul>\n<p>Masz szalik wykonany z delikatnej koziej we\u0142ny? Dowiedz si\u0119, <a href=\"https:\/\/www.pakamera.pl\/magazyn\/jak-prac-kaszmir-wskazowki-pielegnacyjne\/\" target=\"_blank\" rel=\"noopener\">jak pra\u0107 kaszmir<\/a>, \u017ceby nie uszkodzi\u0107 go podczas czyszczenia.<\/p>\n<p>Ju\u017c wiesz, jak wi\u0105za\u0107 szalik, ale czy masz poj\u0119cie, jak nosi\u0107 beret, \u017ceby nie przekrzywia\u0142 si\u0119 na g\u0142owie i zachowywa\u0142 sw\u00f3j kszta\u0142t? Sprawd\u017a, \u017ceby nie pope\u0142ni\u0107 modowej wtopy. <strong>Wejd\u017a na Pakamera.pl, \u017ceby zobaczy\u0107, co przygotowa\u0142y na ten sezon polskie szwalnie<\/strong>.<\/p>\n","protected":false},"excerpt":{"rendered":"<p>Kawa\u0142ek materia\u0142u noszony na szyi ma dawa\u0107 ciep\u0142o i stylowo wygl\u0105da\u0107. Sprawd\u017a, jak nosi\u0107 szalik do p\u0142aszcza, \u017ceby czu\u0107 si\u0119 swobodnie. Nie ka\u017cdy lubi ten zimowy dodatek, poniewa\u017c jego stylizacja<span class=\"more-dots\">&#8230;<\/span><\/p>\n","protected":false},"author":16,"featured_media":12004,"comment_status":"closed","ping_status":"closed","sticky":false,"template":"","format":"standard","meta":{"footnotes":""},"categories":[3],"tags":[2086,2109,1437,1409,522,524,1521,579],"class_list":["post-11997","post","type-post","status-publish","format-standard","has-post-thumbnail","hentry","category-moda","tag-apaszka-we-wzory","tag-czapka-i-szalik","tag-czapka-na-zime","tag-jesien-zima","tag-szal","tag-szalik","tag-zimowa-stylizacja","tag-zimowy-plaszcz"],"yoast_head":"<!-- This site is optimized with the Yoast SEO plugin v21.6 - https:\/\/yoast.com\/wordpress\/plugins\/seo\/ -->\n<title>Jak nosi\u0107 szalik do p\u0142aszcza, a jak do kurtki? - Magazyn Pakamera.pl<\/title>\n<meta name=\"description\" content=\"Zastanawiasz si\u0119 jak nosi\u0107 szalik do p\u0142aszcza a jak do kurtki. Specjalnie na sezon zimowy przygotowali\u015bmy dla was kilka rad.\" \/>\n<meta name=\"robots\" content=\"index, follow\" \/>\n<link rel=\"canonical\" href=\"https:\/\/www.pakamera.pl\/magazyn\/jak-nosic-szalik-do-plaszcza-a-jak-do-kurtki\/\" \/>\n<meta property=\"og:locale\" content=\"pl_PL\" \/>\n<meta property=\"og:type\" content=\"article\" \/>\n<meta property=\"og:title\" content=\"Jak nosi\u0107 szalik do p\u0142aszcza, a jak do kurtki? - Magazyn Pakamera.pl\" \/>\n<meta property=\"og:description\" content=\"Zastanawiasz si\u0119 jak nosi\u0107 szalik do p\u0142aszcza a jak do kurtki. Specjalnie na sezon zimowy przygotowali\u015bmy dla was kilka rad.\" \/>\n<meta property=\"og:url\" content=\"https:\/\/www.pakamera.pl\/magazyn\/jak-nosic-szalik-do-plaszcza-a-jak-do-kurtki\/\" \/>\n<meta property=\"og:site_name\" content=\"Magazyn Pakamera.pl\" \/>\n<meta property=\"article:publisher\" content=\"https:\/\/facebook.com\/pakamerapl\" \/>\n<meta property=\"article:published_time\" content=\"2024-12-27T06:43:17+00:00\" \/>\n<meta property=\"article:modified_time\" content=\"2024-12-19T13:55:46+00:00\" \/>\n<meta property=\"og:image\" content=\"https:\/\/imgmag.pakamera.net\/2024\/12\/jak-nosic-beret-pomysly-nie-tylko-na-zimowe-stylizacje-144023751610.jpg\" \/>\n\t<meta property=\"og:image:width\" content=\"1600\" \/>\n\t<meta property=\"og:image:height\" content=\"840\" \/>\n\t<meta property=\"og:image:type\" content=\"image\/jpeg\" \/>\n<meta name=\"author\" content=\"Magda Strzelecka\" \/>\n<meta name=\"twitter:card\" content=\"summary_large_image\" \/>\n<meta name=\"twitter:label1\" content=\"Napisane przez\" \/>\n\t<meta name=\"twitter:data1\" content=\"Magda Strzelecka\" \/>\n\t<meta name=\"twitter:label2\" content=\"Szacowany czas czytania\" \/>\n\t<meta name=\"twitter:data2\" content=\"5 minut\" \/>\n<script type=\"application\/ld+json\" class=\"yoast-schema-graph\">{\"@context\":\"https:\/\/schema.org\",\"@graph\":[{\"@type\":\"Article\",\"@id\":\"https:\/\/www.pakamera.pl\/magazyn\/jak-nosic-szalik-do-plaszcza-a-jak-do-kurtki\/#article\",\"isPartOf\":{\"@id\":\"https:\/\/www.pakamera.pl\/magazyn\/jak-nosic-szalik-do-plaszcza-a-jak-do-kurtki\/\"},\"author\":{\"name\":\"Magda Strzelecka\",\"@id\":\"https:\/\/www.pakamera.pl\/magazyn\/#\/schema\/person\/375940ab821c5af50e1e31f1ec5282b5\"},\"headline\":\"Jak nosi\u0107 szalik do p\u0142aszcza, a jak do kurtki?\",\"datePublished\":\"2024-12-27T06:43:17+00:00\",\"dateModified\":\"2024-12-19T13:55:46+00:00\",\"mainEntityOfPage\":{\"@id\":\"https:\/\/www.pakamera.pl\/magazyn\/jak-nosic-szalik-do-plaszcza-a-jak-do-kurtki\/\"},\"wordCount\":863,\"publisher\":{\"@id\":\"https:\/\/www.pakamera.pl\/magazyn\/#organization\"},\"keywords\":[\"apaszka we wzory\",\"czapka i szalik\",\"czapka na zim\u0119\",\"jesie\u0144\/zima\",\"szal\",\"szalik\",\"zimowa stylizacja\",\"zimowy p\u0142aszcz\"],\"articleSection\":[\"Moda\"],\"inLanguage\":\"pl-PL\"},{\"@type\":\"WebPage\",\"@id\":\"https:\/\/www.pakamera.pl\/magazyn\/jak-nosic-szalik-do-plaszcza-a-jak-do-kurtki\/\",\"url\":\"https:\/\/www.pakamera.pl\/magazyn\/jak-nosic-szalik-do-plaszcza-a-jak-do-kurtki\/\",\"name\":\"Jak nosi\u0107 szalik do p\u0142aszcza, a jak do kurtki? - Magazyn Pakamera.pl\",\"isPartOf\":{\"@id\":\"https:\/\/www.pakamera.pl\/magazyn\/#website\"},\"datePublished\":\"2024-12-27T06:43:17+00:00\",\"dateModified\":\"2024-12-19T13:55:46+00:00\",\"description\":\"Zastanawiasz si\u0119 jak nosi\u0107 szalik do p\u0142aszcza a jak do kurtki. Specjalnie na sezon zimowy przygotowali\u015bmy dla was kilka rad.\",\"breadcrumb\":{\"@id\":\"https:\/\/www.pakamera.pl\/magazyn\/jak-nosic-szalik-do-plaszcza-a-jak-do-kurtki\/#breadcrumb\"},\"inLanguage\":\"pl-PL\",\"potentialAction\":[{\"@type\":\"ReadAction\",\"target\":[\"https:\/\/www.pakamera.pl\/magazyn\/jak-nosic-szalik-do-plaszcza-a-jak-do-kurtki\/\"]}]},{\"@type\":\"BreadcrumbList\",\"@id\":\"https:\/\/www.pakamera.pl\/magazyn\/jak-nosic-szalik-do-plaszcza-a-jak-do-kurtki\/#breadcrumb\",\"itemListElement\":[{\"@type\":\"ListItem\",\"position\":1,\"name\":\"Magazyn\",\"item\":\"https:\/\/www.pakamera.pl\/magazyn\/\"},{\"@type\":\"ListItem\",\"position\":2,\"name\":\"Moda\",\"item\":\"https:\/\/www.pakamera.pl\/magazyn\/category\/moda\/\"},{\"@type\":\"ListItem\",\"position\":3,\"name\":\"Jak nosi\u0107 szalik do p\u0142aszcza, a jak do kurtki?\"}]},{\"@type\":\"WebSite\",\"@id\":\"https:\/\/www.pakamera.pl\/magazyn\/#website\",\"url\":\"https:\/\/www.pakamera.pl\/magazyn\/\",\"name\":\"Magazyn Pakamera.pl\",\"description\":\"Sprawd\u017a najgor\u0119tsze tematy sezonu!\",\"publisher\":{\"@id\":\"https:\/\/www.pakamera.pl\/magazyn\/#organization\"},\"potentialAction\":[{\"@type\":\"SearchAction\",\"target\":{\"@type\":\"EntryPoint\",\"urlTemplate\":\"https:\/\/www.pakamera.pl\/magazyn\/?s={search_term_string}\"},\"query-input\":\"required name=search_term_string\"}],\"inLanguage\":\"pl-PL\"},{\"@type\":\"Organization\",\"@id\":\"https:\/\/www.pakamera.pl\/magazyn\/#organization\",\"name\":\"Pakamera.pl\",\"url\":\"https:\/\/www.pakamera.pl\/magazyn\/\",\"logo\":{\"@type\":\"ImageObject\",\"inLanguage\":\"pl-PL\",\"@id\":\"https:\/\/www.pakamera.pl\/magazyn\/#\/schema\/logo\/image\/\",\"url\":\"https:\/\/imgmag.pakamera.net\/2023\/11\/153455466619.png\",\"contentUrl\":\"https:\/\/imgmag.pakamera.net\/2023\/11\/153455466619.png\",\"width\":690,\"height\":140,\"caption\":\"Pakamera.pl\"},\"image\":{\"@id\":\"https:\/\/www.pakamera.pl\/magazyn\/#\/schema\/logo\/image\/\"},\"sameAs\":[\"https:\/\/facebook.com\/pakamerapl\",\"https:\/\/www.instagram.com\/pakamera\/\"]},{\"@type\":\"Person\",\"@id\":\"https:\/\/www.pakamera.pl\/magazyn\/#\/schema\/person\/375940ab821c5af50e1e31f1ec5282b5\",\"name\":\"Magda Strzelecka\",\"description\":\"Magda to nasza stylistka, kt\u00f3ra od ponad 10 lat \u015bci\u015ble zwi\u0105zana jest z mod\u0105. Uwielbia \u015bledzi\u0107 \u015bwiatowe trendy i przek\u0142ada\u0107 je na rynek polski. Kocha dobre sk\u0142ady ubra\u0144, wyj\u0105tkow\u0105 bi\u017cuteri\u0119 i dodatki kt\u00f3re o\u017cywi\u0105 ka\u017cd\u0105 stylizacj\u0119.\"}]}<\/script>\n<!-- \/ Yoast SEO plugin. -->","yoast_head_json":{"title":"Jak nosi\u0107 szalik do p\u0142aszcza, a jak do kurtki? - Magazyn Pakamera.pl","description":"Zastanawiasz si\u0119 jak nosi\u0107 szalik do p\u0142aszcza a jak do kurtki. Specjalnie na sezon zimowy przygotowali\u015bmy dla was kilka rad.","robots":{"index":"index","follow":"follow"},"canonical":"https:\/\/www.pakamera.pl\/magazyn\/jak-nosic-szalik-do-plaszcza-a-jak-do-kurtki\/","og_locale":"pl_PL","og_type":"article","og_title":"Jak nosi\u0107 szalik do p\u0142aszcza, a jak do kurtki? - Magazyn Pakamera.pl","og_description":"Zastanawiasz si\u0119 jak nosi\u0107 szalik do p\u0142aszcza a jak do kurtki. Specjalnie na sezon zimowy przygotowali\u015bmy dla was kilka rad.","og_url":"https:\/\/www.pakamera.pl\/magazyn\/jak-nosic-szalik-do-plaszcza-a-jak-do-kurtki\/","og_site_name":"Magazyn Pakamera.pl","article_publisher":"https:\/\/facebook.com\/pakamerapl","article_published_time":"2024-12-27T06:43:17+00:00","article_modified_time":"2024-12-19T13:55:46+00:00","og_image":[{"width":1600,"height":840,"url":"https:\/\/imgmag.pakamera.net\/2024\/12\/jak-nosic-beret-pomysly-nie-tylko-na-zimowe-stylizacje-144023751610.jpg","type":"image\/jpeg"}],"author":"Magda Strzelecka","twitter_card":"summary_large_image","twitter_misc":{"Napisane przez":"Magda Strzelecka","Szacowany czas czytania":"5 minut"},"schema":{"@context":"https:\/\/schema.org","@graph":[{"@type":"Article","@id":"https:\/\/www.pakamera.pl\/magazyn\/jak-nosic-szalik-do-plaszcza-a-jak-do-kurtki\/#article","isPartOf":{"@id":"https:\/\/www.pakamera.pl\/magazyn\/jak-nosic-szalik-do-plaszcza-a-jak-do-kurtki\/"},"author":{"name":"Magda Strzelecka","@id":"https:\/\/www.pakamera.pl\/magazyn\/#\/schema\/person\/375940ab821c5af50e1e31f1ec5282b5"},"headline":"Jak nosi\u0107 szalik do p\u0142aszcza, a jak do kurtki?","datePublished":"2024-12-27T06:43:17+00:00","dateModified":"2024-12-19T13:55:46+00:00","mainEntityOfPage":{"@id":"https:\/\/www.pakamera.pl\/magazyn\/jak-nosic-szalik-do-plaszcza-a-jak-do-kurtki\/"},"wordCount":863,"publisher":{"@id":"https:\/\/www.pakamera.pl\/magazyn\/#organization"},"keywords":["apaszka we wzory","czapka i szalik","czapka na zim\u0119","jesie\u0144\/zima","szal","szalik","zimowa stylizacja","zimowy p\u0142aszcz"],"articleSection":["Moda"],"inLanguage":"pl-PL"},{"@type":"WebPage","@id":"https:\/\/www.pakamera.pl\/magazyn\/jak-nosic-szalik-do-plaszcza-a-jak-do-kurtki\/","url":"https:\/\/www.pakamera.pl\/magazyn\/jak-nosic-szalik-do-plaszcza-a-jak-do-kurtki\/","name":"Jak nosi\u0107 szalik do p\u0142aszcza, a jak do kurtki? - Magazyn Pakamera.pl","isPartOf":{"@id":"https:\/\/www.pakamera.pl\/magazyn\/#website"},"datePublished":"2024-12-27T06:43:17+00:00","dateModified":"2024-12-19T13:55:46+00:00","description":"Zastanawiasz si\u0119 jak nosi\u0107 szalik do p\u0142aszcza a jak do kurtki. Specjalnie na sezon zimowy przygotowali\u015bmy dla was kilka rad.","breadcrumb":{"@id":"https:\/\/www.pakamera.pl\/magazyn\/jak-nosic-szalik-do-plaszcza-a-jak-do-kurtki\/#breadcrumb"},"inLanguage":"pl-PL","potentialAction":[{"@type":"ReadAction","target":["https:\/\/www.pakamera.pl\/magazyn\/jak-nosic-szalik-do-plaszcza-a-jak-do-kurtki\/"]}]},{"@type":"BreadcrumbList","@id":"https:\/\/www.pakamera.pl\/magazyn\/jak-nosic-szalik-do-plaszcza-a-jak-do-kurtki\/#breadcrumb","itemListElement":[{"@type":"ListItem","position":1,"name":"Magazyn","item":"https:\/\/www.pakamera.pl\/magazyn\/"},{"@type":"ListItem","position":2,"name":"Moda","item":"https:\/\/www.pakamera.pl\/magazyn\/category\/moda\/"},{"@type":"ListItem","position":3,"name":"Jak nosi\u0107 szalik do p\u0142aszcza, a jak do kurtki?"}]},{"@type":"WebSite","@id":"https:\/\/www.pakamera.pl\/magazyn\/#website","url":"https:\/\/www.pakamera.pl\/magazyn\/","name":"Magazyn Pakamera.pl","description":"Sprawd\u017a najgor\u0119tsze tematy sezonu!","publisher":{"@id":"https:\/\/www.pakamera.pl\/magazyn\/#organization"},"potentialAction":[{"@type":"SearchAction","target":{"@type":"EntryPoint","urlTemplate":"https:\/\/www.pakamera.pl\/magazyn\/?s={search_term_string}"},"query-input":"required name=search_term_string"}],"inLanguage":"pl-PL"},{"@type":"Organization","@id":"https:\/\/www.pakamera.pl\/magazyn\/#organization","name":"Pakamera.pl","url":"https:\/\/www.pakamera.pl\/magazyn\/","logo":{"@type":"ImageObject","inLanguage":"pl-PL","@id":"https:\/\/www.pakamera.pl\/magazyn\/#\/schema\/logo\/image\/","url":"https:\/\/imgmag.pakamera.net\/2023\/11\/153455466619.png","contentUrl":"https:\/\/imgmag.pakamera.net\/2023\/11\/153455466619.png","width":690,"height":140,"caption":"Pakamera.pl"},"image":{"@id":"https:\/\/www.pakamera.pl\/magazyn\/#\/schema\/logo\/image\/"},"sameAs":["https:\/\/facebook.com\/pakamerapl","https:\/\/www.instagram.com\/pakamera\/"]},{"@type":"Person","@id":"https:\/\/www.pakamera.pl\/magazyn\/#\/schema\/person\/375940ab821c5af50e1e31f1ec5282b5","name":"Magda Strzelecka","description":"Magda to nasza stylistka, kt\u00f3ra od ponad 10 lat \u015bci\u015ble zwi\u0105zana jest z mod\u0105. Uwielbia \u015bledzi\u0107 \u015bwiatowe trendy i przek\u0142ada\u0107 je na rynek polski. Kocha dobre sk\u0142ady ubra\u0144, wyj\u0105tkow\u0105 bi\u017cuteri\u0119 i dodatki kt\u00f3re o\u017cywi\u0105 ka\u017cd\u0105 stylizacj\u0119."}]}},"_links":{"self":[{"href":"https:\/\/www.pakamera.pl\/magazyn\/wp-json\/wp\/v2\/posts\/11997","targetHints":{"allow":["GET"]}}],"collection":[{"href":"https:\/\/www.pakamera.pl\/magazyn\/wp-json\/wp\/v2\/posts"}],"about":[{"href":"https:\/\/www.pakamera.pl\/magazyn\/wp-json\/wp\/v2\/types\/post"}],"author":[{"embeddable":true,"href":"https:\/\/www.pakamera.pl\/magazyn\/wp-json\/wp\/v2\/users\/16"}],"replies":[{"embeddable":true,"href":"https:\/\/www.pakamera.pl\/magazyn\/wp-json\/wp\/v2\/comments?post=11997"}],"version-history":[{"count":3,"href":"https:\/\/www.pakamera.pl\/magazyn\/wp-json\/wp\/v2\/posts\/11997\/revisions"}],"predecessor-version":[{"id":12010,"href":"https:\/\/www.pakamera.pl\/magazyn\/wp-json\/wp\/v2\/posts\/11997\/revisions\/12010"}],"wp:featuredmedia":[{"embeddable":true,"href":"https:\/\/www.pakamera.pl\/magazyn\/wp-json\/wp\/v2\/media\/12004"}],"wp:attachment":[{"href":"https:\/\/www.pakamera.pl\/magazyn\/wp-json\/wp\/v2\/media?parent=11997"}],"wp:term":[{"taxonomy":"category","embeddable":true,"href":"https:\/\/www.pakamera.pl\/magazyn\/wp-json\/wp\/v2\/categories?post=11997"},{"taxonomy":"post_tag","embeddable":true,"href":"https:\/\/www.pakamera.pl\/magazyn\/wp-json\/wp\/v2\/tags?post=11997"}],"curies":[{"name":"wp","href":"https:\/\/api.w.org\/{rel}","templated":true}]}}