{"id":11953,"date":"2024-12-17T08:26:29","date_gmt":"2024-12-17T07:26:29","guid":{"rendered":"https:\/\/www.pakamera.pl\/magazyn\/?p=11953"},"modified":"2024-12-13T16:27:02","modified_gmt":"2024-12-13T15:27:02","slug":"co-powinno-byc-na-stole-wigilijnym-lista-potraw-swiatecznych","status":"publish","type":"post","link":"https:\/\/www.pakamera.pl\/magazyn\/co-powinno-byc-na-stole-wigilijnym-lista-potraw-swiatecznych\/","title":{"rendered":"Co powinno by\u0107 na stole wigilijnym? Lista potraw \u015bwi\u0105tecznych"},"content":{"rendered":"<p><strong>Wigilia to szczeg\u00f3lny czas, kt\u00f3ry \u0142\u0105czy pokolenia i wype\u0142nia domy ciep\u0142em oraz magi\u0105 \u015bwi\u0105t. Zapewne ka\u017cdy z nas ma swoje ulubione tradycje, zwi\u0105zane z tym \u015bwi\u0119tem, kt\u00f3re sprawiaj\u0105, \u017ce wigilijna noc staje si\u0119 niezapomniana.<\/strong><\/p>\n<p><!--more--><\/p>\n<figure id=\"attachment_11967\" aria-describedby=\"caption-attachment-11967\" style=\"width: 1600px\" class=\"wp-caption alignnone\"><img loading=\"lazy\" decoding=\"async\" class=\"wp-image-11967 size-full\" src=\"https:\/\/imgmag.pakamera.net\/2024\/12\/jak-zapakowac-pieniadze-na-swieta-154657537885.jpg\" alt=\"Co powinno by\u0107 na stole wigilijnym\" width=\"1600\" height=\"840\" \/><figcaption id=\"caption-attachment-11967\" class=\"wp-caption-text\">Topper z bombkami \/ Planneo \/ www.pakamera.pl<\/figcaption><\/figure>\n<p>Czy zastanawiali\u015bcie si\u0119 kiedykolwiek, co na stole wigilijnym powinno znale\u017a\u0107 si\u0119 obowi\u0105zkowo, aby odda\u0107 ho\u0142d tym pi\u0119knym zwyczajom? Jakie potrawy na wigili\u0119 powinny zago\u015bci\u0107 na naszych sto\u0142ach, by nie tylko zaspokoi\u0107 podniebienia, lecz stworzy\u0107 atmosfer\u0119 pe\u0142n\u0105 \u015bwi\u0105tecznej rado\u015bci?<\/p>\n<p>Postanowili\u015bmy stworzy\u0107 <strong>list\u0119 tradycyjnych potraw, kt\u00f3re powinny sta\u0107 si\u0119 nieod\u0142\u0105cznym elementem ka\u017cdej wigilii<\/strong>. Dzi\u0119ki nim dowiecie si\u0119, jakie smaki przenios\u0105 Was w \u015bwiat wspomnie\u0144 i magii \u015bwi\u0105t!<\/p>\n<h2>Ile da\u0144 tradycyjnie przygotowuje si\u0119 na Wigili\u0119?<\/h2>\n<p>W polskiej kulturze wiecz\u00f3r wigilijny ma szczeg\u00f3lne znaczenie, a przygotowania do niego zaczynaj\u0105 si\u0119 znacznie wcze\u015bniej. Ciekawym aspektem Wigilii jest liczba potraw, kt\u00f3re tradycyjnie stawiamy na stole.<\/p>\n<p>Ile potraw na wigili\u0119 powinni\u015bmy przygotowa\u0107? Zwykle jest to dwana\u015bcie da\u0144. Jednak sk\u0105d wzi\u0119\u0142a si\u0119 ta liczba i co za ni\u0105 stoi?<\/p>\n<p><strong>Historia liczby 12 si\u0119ga korzeniami do biblijnej symboliki<\/strong>. W wielu kulturach odnosi si\u0119 do cyklu, jednak w polskiej tradycji, <strong>liczba ta ma odniesienie do dwunastu aposto\u0142\u00f3w<\/strong>. Uroczysty wiecz\u00f3r, w kt\u00f3rym zasiadamy wsp\u00f3lnie do sto\u0142u, ma zatem g\u0142\u0119bokie znaczenie duchowe.<\/p>\n<p>Przygotowywanie potraw na Wigili\u0119 to swoisty rytua\u0142, kt\u00f3ry jednoczy pokolenia. Ka\u017cda rodzina ma swoje unikalne przepisy, kt\u00f3re przekazywane s\u0105 z pokolenia na pokolenie, a ich r\u00f3\u017cnorodno\u015b\u0107 odzwierciedla lokalne tradycje i zasoby.<\/p>\n<p>Wsp\u00f3lne gotowanie staje si\u0119 nie tylko sposobem na zaspokojenie g\u0142odu, ale tak\u017ce okazj\u0105 do wspomnie\u0144, rozm\u00f3w i budowania wi\u0119zi. <strong>Wiele da\u0144 ma swoje symboliczne znaczenie, zwi\u0105zane z obfito\u015bci\u0105, zdrowiem czy pomy\u015blno\u015bci\u0105, co sprawia, \u017ce ka\u017cdy k\u0119s nabiera g\u0142\u0119bszego sensu<\/strong>.<\/p>\n<p>Zwyczaj przygotowywania tak wielu potraw ma tak\u017ce praktyczny wymiar. Wigilia to czas postu, a zatem dania s\u0105 lekkie i w wi\u0119kszo\u015bci bezmi\u0119sne, co sprawia, \u017ce ich r\u00f3\u017cnorodno\u015b\u0107 przyci\u0105ga uwag\u0119 i zaprasza do wsp\u00f3lnego smakowania. <strong>Wsp\u00f3lne jedzenie potraw w gronie najbli\u017cszych to r\u00f3wnie\u017c wyraz jedno\u015bci i mi\u0142o\u015bci<\/strong>, kt\u00f3re w tym wyj\u0105tkowym dniu zyskuj\u0105 szczeg\u00f3lne znaczenie.<\/p>\n<h2>Jakie dania robi si\u0119 na Wigili\u0119? Znaczenie potraw wigilijnych<\/h2>\n<div id=\"pakawidget1786\" class=\"pakawidget\"><\/div>\n<p><script async defer src=\"https:\/\/www.pakamera.pl\/widget\/widget2.min.js?id=1786&#038;type=20241213142358&#038;wwidth=1000\"><\/script><br \/>\nWigilia to czas, kiedy rodziny zasiadaj\u0105 wsp\u00f3lnie do sto\u0142u, aby celebrowa\u0107 nie tylko nadchodz\u0105ce \u015awi\u0119ta Bo\u017cego Narodzenia, ale tak\u017ce tradycj\u0119, kt\u00f3ra \u0142\u0105czy pokolenia. Co na st\u00f3\u0142 wigilijny? Jakie potrawy na <a href=\"https:\/\/www.pakamera.pl\/boze-narodzenie-0-1846.htm\" target=\"_blank\" rel=\"noopener\">Bo\u017ce Narodzenie<\/a> s\u0105 nieod\u0142\u0105cznym elementem tego wyj\u0105tkowego wieczoru? Przedstawiamy <strong>tradycyjne dania \u015awi\u0119ta Bo\u017cego Narodzenia, kt\u00f3re od lat kr\u00f3luj\u0105 na wigilijnym stole<\/strong>. Poznaj znaczenie potraw wigilijnych:<\/p>\n<ol>\n<li><strong>Barszcz czerwony z uszkami<\/strong> \u2014 to zdecydowanie najbardziej rozpoznawalna potrawa wigilijna. Intensywny i g\u0142\u0119boki smak barszczyku przywo\u0142uje wspomnienia z dzieci\u0144stwa, a uszka nadziewane grzybami, stanowi\u0105 doskona\u0142e uzupe\u0142nienie. To danie <strong>symbolizuje rado\u015b\u0107 i wsp\u00f3lnot\u0119<\/strong>.<\/li>\n<li><strong>Karp<\/strong> \u2014 cho\u0107 wed\u0142ug tradycji, to w\u0142a\u015bnie karp powinien zago\u015bci\u0107 na naszych sto\u0142ach, to wiele os\u00f3b decyduje si\u0119 na inny rodzaj ryb w tym wyj\u0105tkowym dniu. W Polsce ryby, w kontek\u015bcie Wigilii, maj\u0105 g\u0142\u0119bokie znaczenie symboliczne, zwi\u0105zane z oczyszczaniem oraz nowym pocz\u0105tkiem. <strong>Ryba jest tak\u017ce metafor\u0105 obfito\u015bci i dostatku<\/strong>.<\/li>\n<li><strong>Kapusta z grzybami<\/strong> \u2014 potrawa, kt\u00f3ra podkre\u015bla r\u00f3\u017cnorodno\u015b\u0107 regionaln\u0105. W ka\u017cdym regionie przepis na kapust\u0119 z grzybami jest nieco inny. Kapusta, jako symbol p\u0142odno\u015bci, odgrywa wa\u017cn\u0105 rol\u0119 w wigili\u0119, a grzyby dodaj\u0105 jej wyj\u0105tkowego smaku. Oczywi\u015bcie wed\u0142ug tradycji, do kapusty powinni\u015bmy doda\u0107 grzybki, zebrane przez nas jesieni\u0105 i ususzone w spos\u00f3b tradycyjny.<\/li>\n<li><strong>Pierogi z kapust\u0105 i grzybami<\/strong> \u2014 danie, kt\u00f3re zaspokoi apetyt niejednego go\u015bcia. Ma\u0142e, delikatne piero\u017cki, pe\u0142ne smakowitego nadzienia to klasyka, kt\u00f3ra jest nie tylko pyszna, ale tak\u017ce symbolizuje jedno\u015b\u0107 i go\u015bcinno\u015b\u0107.<\/li>\n<li><strong>Kompot z suszu<\/strong> \u2014 idealne dope\u0142nienie wigilijnej kolacji. Jego s\u0142odko-kwa\u015bny smak przywo\u0142uje na my\u015bl zimowe klimaty, a <strong>suszone owoce symbolizuj\u0105 bogactwo i p\u0142odno\u015b\u0107<\/strong>.<\/li>\n<li><strong>Makowiec<\/strong> \u2014 mak jest symbolem \u017cycia i odgrywa kluczow\u0105 rol\u0119 w tradycjach bo\u017conarodzeniowych. Jego obecno\u015b\u0107 na stole ma przynie\u015b\u0107 szcz\u0119\u015bcie i pomy\u015blno\u015b\u0107 w nadchodz\u0105cym roku. To s\u0142odki akcent wieczerzy, kt\u00f3ry jest nieod\u0142\u0105cznym elementem ka\u017cdej polskiej Wigilii.<\/li>\n<li><strong>\u015aled\u017a<\/strong> \u2014 to danie, kt\u00f3re u ka\u017cdego podawane jest w nieco innej ods\u0142onie. Zaskakuje r\u00f3\u017cnorodno\u015bci\u0105 smak\u00f3w, dlatego jest tak ch\u0119tnie podawanym daniem w ka\u017cdym domu. Mo\u017cemy poda\u0107 zar\u00f3wno tradycyjne \u015bledzie w oleju, jak i te, w sosie \u015bmietanowym. Ryba ta symbolizuje pokor\u0119 oraz zrozumienie dla innych.<\/li>\n<\/ol>\n<p>Warto pami\u0119ta\u0107, \u017ce znaczenie potraw wigilijnych wykracza poza ich smak. Ka\u017cde danie ma swoj\u0105 histori\u0119 i symbolik\u0119, kt\u00f3ra \u0142\u0105czy nas z przesz\u0142o\u015bci\u0105 i wzbogaca nasze \u015bwi\u0119towanie. To, co si\u0119 je na wigili\u0119, to nie tylko kwestia tradycji, ale tak\u017ce mi\u0142o\u015bci i wsp\u00f3lnoty, kt\u00f3re s\u0105 fundamentem \u015bwi\u0105tecznego wieczoru. Jakie potrawy na \u015bwi\u0119ta Bo\u017cego Narodzenia znajd\u0105 si\u0119 na Twoim stole?<\/p>\n<h2>Jak liczy\u0107 potrawy wigilijne?<\/h2>\n<figure id=\"attachment_11972\" aria-describedby=\"caption-attachment-11972\" style=\"width: 2560px\" class=\"wp-caption alignnone\"><img loading=\"lazy\" decoding=\"async\" class=\"wp-image-11972 size-full\" src=\"https:\/\/imgmag.pakamera.net\/2024\/12\/co-powinno-byc-na-stole-wigilijnym-lista-potraw-swiatecznych-162006704703-scaled.jpg\" alt=\"pi\u0119kna drewniana deska o nieregularnym kszta\u0142cie\" width=\"2560\" height=\"1442\" \/><figcaption id=\"caption-attachment-11972\" class=\"wp-caption-text\">Deska do krojenia \/ D\u0142utem \/ www.pakamera.pl<\/figcaption><\/figure>\n<p>Wiesz ju\u017c, co powinno by\u0107 na wigilijnym stole, jednak warto dowiedzie\u0107 si\u0119 tak\u017ce, jak liczy\u0107 potrawy wigilijne. <strong>Tradycja nakazuje, aby na wigilijnym stole znalaz\u0142o si\u0119 dwana\u015bcie potraw, symbolizuj\u0105cych dwunastu aposto\u0142\u00f3w<\/strong>.<\/p>\n<p>Cho\u0107 ka\u017cda rodzina ma swoje ulubione dania, niekt\u00f3re potrawy s\u0105 niemal\u017ce obowi\u0105zkowe. W zwi\u0105zku z tym warto przyjrze\u0107 si\u0119, co si\u0119 robi na wigili\u0119, aby zachowa\u0107 te cenne tradycje.<\/p>\n<p>Do naszej magicznej dwunastki zaliczamy:<\/p>\n<ul>\n<li>Barszcz czerwony z uszkami<\/li>\n<li>Karp sma\u017cony lub pieczony<\/li>\n<li>Pierogi z kapust\u0105 i grzybami<\/li>\n<li>\u015aledzie w r\u00f3\u017cnych ods\u0142onach (np. w oleju, w \u015bmietanie, z cebul\u0105)<\/li>\n<li>Sa\u0142atka jarzynowa<\/li>\n<li>Kompot z suszu<\/li>\n<li>Kutia<\/li>\n<li>Makowiec<\/li>\n<li>Zupa grzybowa<\/li>\n<li>Kapusta z grochem<\/li>\n<li>Ryba po grecku<\/li>\n<li>Piernik<\/li>\n<\/ul>\n<p>Warto pami\u0119ta\u0107, \u017ce <strong>niekt\u00f3re potrawy mo\u017cna \u0142\u0105czy\u0107 lub zast\u0119powa\u0107 innymi<\/strong>, aby dostosowa\u0107 je do indywidualnych upodoba\u0144 rodziny. Zamiast karpia, niekt\u00f3rzy preferuj\u0105 pstr\u0105ga, dorsza lub inn\u0105 ryb\u0119. Warto tak\u017ce zwr\u00f3ci\u0107 uwag\u0119 na sk\u0142adniki, kt\u00f3rych u\u017cywamy, aby potrawy by\u0142y zgodne z lokalnymi tradycjami i sezonowo\u015bci\u0105.<\/p>\n<p>Liczenie potraw wigilijnych mo\u017ce by\u0107 r\u00f3wnie\u017c doskona\u0142\u0105 okazj\u0105 do wsp\u00f3lnego gotowania z bliskimi. Wsp\u00f3lne przygotowywanie da\u0144 sprzyja integracji, a ka\u017cdy cz\u0142onek rodziny mo\u017ce podzieli\u0107 si\u0119 swoimi ulubionymi przepisami.<\/p>\n<p>Warto mie\u0107 na uwadze to, co powinno by\u0107 na wigilijnym stole, ale wa\u017cniejszy jest czas, kt\u00f3ry sp\u0119dzamy wsp\u00f3lnie z bliskimi na przygotowaniu wieczerzy. Niech ten czas b\u0119dzie pe\u0142en rado\u015bci, mi\u0142o\u015bci i smaku, a dwunastka da\u0144 stanie si\u0119 pi\u0119knym symbolem jedno\u015bci i tradycji w Twoim domu.<\/p>\n<h2>Co na st\u00f3\u0142 wigilijny? Zadbaj o dekoracje!<\/h2>\n<div id=\"pakawidget1787\" class=\"pakawidget\"><\/div>\n<p><script async defer src=\"https:\/\/www.pakamera.pl\/widget\/widget2.min.js?id=1787&#038;type=20241213142538&#038;wwidth=1000\"><\/script><br \/>\nCo na wigilijny st\u00f3\u0142 powinno trafi\u0107, aby nie tylko zachwyci\u0107 podniebienia, ale r\u00f3wnie\u017c oczarowa\u0107 wzrok? <strong>Opr\u00f3cz tradycyjnych potraw niezwykle wa\u017cne s\u0105 dekoracje, kt\u00f3re nadadz\u0105 atmosferze \u015bwi\u0105tecznego blasku<\/strong>. Warto si\u0119gn\u0105\u0107 po unikalne akcesoria dost\u0119pne w sklepie Pakamera, kt\u00f3re z pewno\u015bci\u0105 uczyni\u0105 t\u0119 noc niezapomnian\u0105. Koniecznie zobacz <a href=\"https:\/\/www.pakamera.pl\/magazyn\/jak-nakryc-stol-wigilijny-wskazowki-i-inspiracje\/\" target=\"_blank\" rel=\"noopener\">jak nakry\u0107 st\u00f3\u0142 wigilijny<\/a> oraz <a href=\"https:\/\/www.pakamera.pl\/magazyn\/jak-ulozyc-sztucce-na-wigilie-praktyczny-poradnik\/\" target=\"_blank\" rel=\"noopener\">jak u\u0142o\u017cy\u0107 sztu\u0107ce na Wigili\u0119<\/a>.<\/p>\n<ol>\n<li><strong>Obrus<\/strong>. Jego wyb\u00f3r jest kluczowym krokiem w aran\u017cacji wigilijnego sto\u0142u. <strong>Delikatne, naturalne materia\u0142y, takie jak len czy bawe\u0142na, w ciep\u0142ych odcieniach bieli, czerwieni czy zieleni<\/strong>, wprowadz\u0105 do wn\u0119trza przytulny nastr\u00f3j. R\u0119cznie robione obrusy z naszego sklepu Pakamera.pl b\u0119d\u0105 idealnym t\u0142em dla potraw, dodaj\u0105c elegancji i klasy.<\/li>\n<li><strong>\u015awiece<\/strong>. Wprowadz\u0105 do sto\u0142u magi\u0119 blasku. Co si\u0119 daje na st\u00f3\u0142 wigilijny, je\u015bli nie pi\u0119knie zdobione \u015bwiece, kt\u00f3re nie tylko o\u015bwietl\u0105 wiecz\u00f3r, ale tak\u017ce stworz\u0105 intymn\u0105 atmosfer\u0119? Warto zainwestowa\u0107 w \u015bwieczniki w stylu skandynawskim lub rustykalnym, kt\u00f3re stan\u0105 si\u0119 ozdob\u0105 sam\u0105 w sobie. Kolorowe \u015bwiece w odcieniach czerwieni i z\u0142ota wkomponowane w <a href=\"https:\/\/www.pakamera.pl\/stroik-swiateczny-0-t20284.htm\" target=\"_blank\" rel=\"noopener\">\u015bwi\u0105teczny stroik<\/a> podkre\u015bl\u0105 \u015bwi\u0105teczny charakter wieczoru.<\/li>\n<li><strong>Talerze oraz sztu\u0107ce<\/strong>. W naszym sklepie znajdziesz <a href=\"https:\/\/www.pakamera.pl\/ceramika-recznie-robiona-0-t142698.htm\" target=\"_blank\" rel=\"noopener\">ceramik\u0119 r\u0119cznie robion\u0105<\/a>, kt\u00f3ra doda wigilijnego sto\u0142u artystycznego wyrazu. Wybierz talerze o nietypowych kszta\u0142tach lub z oryginalnymi wzorami, kt\u00f3re z pewno\u015bci\u0105 wzbudz\u0105 zainteresowanie go\u015bci.<\/li>\n<li><strong>Dekoracje i ozdoby<\/strong>. Nie mo\u017cemy zapomnie\u0107 o drobnych detalach, kt\u00f3re dope\u0142ni\u0105 ca\u0142o\u015b\u0107.<strong> Ciekawe serwetki, kt\u00f3re mo\u017cna z\u0142o\u017cy\u0107 w oryginalny spos\u00f3b, czy personalizowane winietki dla go\u015bci<\/strong> dodadz\u0105 wigilijnemu sto\u0142u indywidualnego charakteru. Wszystkie te elementy sprawi\u0105, \u017ce ka\u017cdy zasiadaj\u0105cy przy stole poczuje si\u0119 wyj\u0105tkowo.<\/li>\n<\/ol>\n<p>Organizacja wigilijnego sto\u0142u to nie tylko zadbanie o potrawy, ale przede wszystkim o atmosfer\u0119, kt\u00f3ra towarzyszy tym magicznym chwilom.<\/p>\n<p>W poszukiwaniu inspiracji warto zwr\u00f3ci\u0107 uwag\u0119 na asortyment dost\u0119pny w sklepie Pakamera, gdzie znajdziesz wszystko, co jest potrzebne, aby stworzy\u0107 niezapomnian\u0105 \u015bwi\u0105teczn\u0105 sceneri\u0119. <strong>Wybieraj\u0105c odpowiednie akcesoria, nie tylko odpowiemy sobie na pytanie, co na wigilijny st\u00f3\u0142, ale tak\u017ce otulimy bliskich ciep\u0142em i rado\u015bci\u0105, kt\u00f3re nios\u0105 ze sob\u0105 \u015bwi\u0119ta<\/strong>.<\/p>\n","protected":false},"excerpt":{"rendered":"<p>Wigilia to szczeg\u00f3lny czas, kt\u00f3ry \u0142\u0105czy pokolenia i wype\u0142nia domy ciep\u0142em oraz magi\u0105 \u015bwi\u0105t. Zapewne ka\u017cdy z nas ma swoje ulubione tradycje, zwi\u0105zane z tym \u015bwi\u0119tem, kt\u00f3re sprawiaj\u0105, \u017ce wigilijna<span class=\"more-dots\">&#8230;<\/span><\/p>\n","protected":false},"author":17,"featured_media":11967,"comment_status":"closed","ping_status":"closed","sticky":false,"template":"","format":"standard","meta":{"footnotes":""},"categories":[12],"tags":[612,610,2623,616,632,609],"class_list":["post-11953","post","type-post","status-publish","format-standard","has-post-thumbnail","hentry","category-dom-i-wnetrza","tag-jak-udekorowac-stol-na-wigilje","tag-stol-na-wigilije","tag-stroik-swiateczny","tag-swiateczne-dekoracje","tag-wigilia","tag-wigilijny-stol"],"yoast_head":"<!-- This site is optimized with the Yoast SEO plugin v21.6 - https:\/\/yoast.com\/wordpress\/plugins\/seo\/ -->\n<title>Co powinno by\u0107 na stole wigilijnym? Lista potraw \u015bwi\u0105tecznych - Magazyn Pakamera.pl<\/title>\n<meta name=\"description\" content=\"Zastanawiasz si\u0119 co powinno by\u0107 na stole wigilijnym? Zobacz jakie potrawy przygotowa\u0107 na kolacj\u0119 bo\u017conarodzeniow\u0105 uczt\u0119.\" \/>\n<meta name=\"robots\" content=\"index, follow\" \/>\n<link rel=\"canonical\" href=\"https:\/\/www.pakamera.pl\/magazyn\/co-powinno-byc-na-stole-wigilijnym-lista-potraw-swiatecznych\/\" \/>\n<meta property=\"og:locale\" content=\"pl_PL\" \/>\n<meta property=\"og:type\" content=\"article\" \/>\n<meta property=\"og:title\" content=\"Co powinno by\u0107 na stole wigilijnym? Lista potraw \u015bwi\u0105tecznych - Magazyn Pakamera.pl\" \/>\n<meta property=\"og:description\" content=\"Zastanawiasz si\u0119 co powinno by\u0107 na stole wigilijnym? Zobacz jakie potrawy przygotowa\u0107 na kolacj\u0119 bo\u017conarodzeniow\u0105 uczt\u0119.\" \/>\n<meta property=\"og:url\" content=\"https:\/\/www.pakamera.pl\/magazyn\/co-powinno-byc-na-stole-wigilijnym-lista-potraw-swiatecznych\/\" \/>\n<meta property=\"og:site_name\" content=\"Magazyn Pakamera.pl\" \/>\n<meta property=\"article:publisher\" content=\"https:\/\/facebook.com\/pakamerapl\" \/>\n<meta property=\"article:published_time\" content=\"2024-12-17T07:26:29+00:00\" \/>\n<meta property=\"article:modified_time\" content=\"2024-12-13T15:27:02+00:00\" \/>\n<meta property=\"og:image\" content=\"https:\/\/imgmag.pakamera.net\/2024\/12\/jak-zapakowac-pieniadze-na-swieta-154657537885.jpg\" \/>\n\t<meta property=\"og:image:width\" content=\"1600\" \/>\n\t<meta property=\"og:image:height\" content=\"840\" \/>\n\t<meta property=\"og:image:type\" content=\"image\/jpeg\" \/>\n<meta name=\"author\" content=\"Agnieszka Pilska\" \/>\n<meta name=\"twitter:card\" content=\"summary_large_image\" \/>\n<meta name=\"twitter:label1\" content=\"Napisane przez\" \/>\n\t<meta name=\"twitter:data1\" content=\"Agnieszka Pilska\" \/>\n\t<meta name=\"twitter:label2\" content=\"Szacowany czas czytania\" \/>\n\t<meta name=\"twitter:data2\" content=\"8 minut\" \/>\n<script type=\"application\/ld+json\" class=\"yoast-schema-graph\">{\"@context\":\"https:\/\/schema.org\",\"@graph\":[{\"@type\":\"Article\",\"@id\":\"https:\/\/www.pakamera.pl\/magazyn\/co-powinno-byc-na-stole-wigilijnym-lista-potraw-swiatecznych\/#article\",\"isPartOf\":{\"@id\":\"https:\/\/www.pakamera.pl\/magazyn\/co-powinno-byc-na-stole-wigilijnym-lista-potraw-swiatecznych\/\"},\"author\":{\"name\":\"Agnieszka Pilska\",\"@id\":\"https:\/\/www.pakamera.pl\/magazyn\/#\/schema\/person\/572f3f4a9ab09d0378471fe80a2db902\"},\"headline\":\"Co powinno by\u0107 na stole wigilijnym? Lista potraw \u015bwi\u0105tecznych\",\"datePublished\":\"2024-12-17T07:26:29+00:00\",\"dateModified\":\"2024-12-13T15:27:02+00:00\",\"mainEntityOfPage\":{\"@id\":\"https:\/\/www.pakamera.pl\/magazyn\/co-powinno-byc-na-stole-wigilijnym-lista-potraw-swiatecznych\/\"},\"wordCount\":1548,\"publisher\":{\"@id\":\"https:\/\/www.pakamera.pl\/magazyn\/#organization\"},\"keywords\":[\"jak udekorowa\u0107 st\u00f3\u0142 na wigilje\",\"st\u00f3\u0142 na wigilije\",\"stroik \u015bwi\u0105teczny\",\"\u015bwi\u0105teczne dekoracje\",\"wigilia\",\"wigilijny st\u00f3\u0142\"],\"articleSection\":[\"Dom i Wn\u0119trze\"],\"inLanguage\":\"pl-PL\"},{\"@type\":\"WebPage\",\"@id\":\"https:\/\/www.pakamera.pl\/magazyn\/co-powinno-byc-na-stole-wigilijnym-lista-potraw-swiatecznych\/\",\"url\":\"https:\/\/www.pakamera.pl\/magazyn\/co-powinno-byc-na-stole-wigilijnym-lista-potraw-swiatecznych\/\",\"name\":\"Co powinno by\u0107 na stole wigilijnym? Lista potraw \u015bwi\u0105tecznych - Magazyn Pakamera.pl\",\"isPartOf\":{\"@id\":\"https:\/\/www.pakamera.pl\/magazyn\/#website\"},\"datePublished\":\"2024-12-17T07:26:29+00:00\",\"dateModified\":\"2024-12-13T15:27:02+00:00\",\"description\":\"Zastanawiasz si\u0119 co powinno by\u0107 na stole wigilijnym? Zobacz jakie potrawy przygotowa\u0107 na kolacj\u0119 bo\u017conarodzeniow\u0105 uczt\u0119.\",\"breadcrumb\":{\"@id\":\"https:\/\/www.pakamera.pl\/magazyn\/co-powinno-byc-na-stole-wigilijnym-lista-potraw-swiatecznych\/#breadcrumb\"},\"inLanguage\":\"pl-PL\",\"potentialAction\":[{\"@type\":\"ReadAction\",\"target\":[\"https:\/\/www.pakamera.pl\/magazyn\/co-powinno-byc-na-stole-wigilijnym-lista-potraw-swiatecznych\/\"]}]},{\"@type\":\"BreadcrumbList\",\"@id\":\"https:\/\/www.pakamera.pl\/magazyn\/co-powinno-byc-na-stole-wigilijnym-lista-potraw-swiatecznych\/#breadcrumb\",\"itemListElement\":[{\"@type\":\"ListItem\",\"position\":1,\"name\":\"Magazyn\",\"item\":\"https:\/\/www.pakamera.pl\/magazyn\/\"},{\"@type\":\"ListItem\",\"position\":2,\"name\":\"Dom i Wn\u0119trze\",\"item\":\"https:\/\/www.pakamera.pl\/magazyn\/category\/dom-i-wnetrza\/\"},{\"@type\":\"ListItem\",\"position\":3,\"name\":\"Co powinno by\u0107 na stole wigilijnym? Lista potraw \u015bwi\u0105tecznych\"}]},{\"@type\":\"WebSite\",\"@id\":\"https:\/\/www.pakamera.pl\/magazyn\/#website\",\"url\":\"https:\/\/www.pakamera.pl\/magazyn\/\",\"name\":\"Magazyn Pakamera.pl\",\"description\":\"Sprawd\u017a najgor\u0119tsze tematy sezonu!\",\"publisher\":{\"@id\":\"https:\/\/www.pakamera.pl\/magazyn\/#organization\"},\"potentialAction\":[{\"@type\":\"SearchAction\",\"target\":{\"@type\":\"EntryPoint\",\"urlTemplate\":\"https:\/\/www.pakamera.pl\/magazyn\/?s={search_term_string}\"},\"query-input\":\"required name=search_term_string\"}],\"inLanguage\":\"pl-PL\"},{\"@type\":\"Organization\",\"@id\":\"https:\/\/www.pakamera.pl\/magazyn\/#organization\",\"name\":\"Pakamera.pl\",\"url\":\"https:\/\/www.pakamera.pl\/magazyn\/\",\"logo\":{\"@type\":\"ImageObject\",\"inLanguage\":\"pl-PL\",\"@id\":\"https:\/\/www.pakamera.pl\/magazyn\/#\/schema\/logo\/image\/\",\"url\":\"https:\/\/imgmag.pakamera.net\/2023\/11\/153455466619.png\",\"contentUrl\":\"https:\/\/imgmag.pakamera.net\/2023\/11\/153455466619.png\",\"width\":690,\"height\":140,\"caption\":\"Pakamera.pl\"},\"image\":{\"@id\":\"https:\/\/www.pakamera.pl\/magazyn\/#\/schema\/logo\/image\/\"},\"sameAs\":[\"https:\/\/facebook.com\/pakamerapl\",\"https:\/\/www.instagram.com\/pakamera\/\"]},{\"@type\":\"Person\",\"@id\":\"https:\/\/www.pakamera.pl\/magazyn\/#\/schema\/person\/572f3f4a9ab09d0378471fe80a2db902\",\"name\":\"Agnieszka Pilska\",\"description\":\"Agnieszka kocha dobry design i wszystko co si\u0119 z nim \u0142\u0105czy. Ma do\u015bwiadczenie w projektowaniu wn\u0119trz dzi\u0119ki czemu ma niesamowity zmys\u0142 estetyczny. Potrafi prostymi dodatkami stworzy\u0107 przestrze\u0144, kt\u00f3ra zachwyci wszystkich.\"}]}<\/script>\n<!-- \/ Yoast SEO plugin. -->","yoast_head_json":{"title":"Co powinno by\u0107 na stole wigilijnym? Lista potraw \u015bwi\u0105tecznych - Magazyn Pakamera.pl","description":"Zastanawiasz si\u0119 co powinno by\u0107 na stole wigilijnym? Zobacz jakie potrawy przygotowa\u0107 na kolacj\u0119 bo\u017conarodzeniow\u0105 uczt\u0119.","robots":{"index":"index","follow":"follow"},"canonical":"https:\/\/www.pakamera.pl\/magazyn\/co-powinno-byc-na-stole-wigilijnym-lista-potraw-swiatecznych\/","og_locale":"pl_PL","og_type":"article","og_title":"Co powinno by\u0107 na stole wigilijnym? Lista potraw \u015bwi\u0105tecznych - Magazyn Pakamera.pl","og_description":"Zastanawiasz si\u0119 co powinno by\u0107 na stole wigilijnym? Zobacz jakie potrawy przygotowa\u0107 na kolacj\u0119 bo\u017conarodzeniow\u0105 uczt\u0119.","og_url":"https:\/\/www.pakamera.pl\/magazyn\/co-powinno-byc-na-stole-wigilijnym-lista-potraw-swiatecznych\/","og_site_name":"Magazyn Pakamera.pl","article_publisher":"https:\/\/facebook.com\/pakamerapl","article_published_time":"2024-12-17T07:26:29+00:00","article_modified_time":"2024-12-13T15:27:02+00:00","og_image":[{"width":1600,"height":840,"url":"https:\/\/imgmag.pakamera.net\/2024\/12\/jak-zapakowac-pieniadze-na-swieta-154657537885.jpg","type":"image\/jpeg"}],"author":"Agnieszka Pilska","twitter_card":"summary_large_image","twitter_misc":{"Napisane przez":"Agnieszka Pilska","Szacowany czas czytania":"8 minut"},"schema":{"@context":"https:\/\/schema.org","@graph":[{"@type":"Article","@id":"https:\/\/www.pakamera.pl\/magazyn\/co-powinno-byc-na-stole-wigilijnym-lista-potraw-swiatecznych\/#article","isPartOf":{"@id":"https:\/\/www.pakamera.pl\/magazyn\/co-powinno-byc-na-stole-wigilijnym-lista-potraw-swiatecznych\/"},"author":{"name":"Agnieszka Pilska","@id":"https:\/\/www.pakamera.pl\/magazyn\/#\/schema\/person\/572f3f4a9ab09d0378471fe80a2db902"},"headline":"Co powinno by\u0107 na stole wigilijnym? Lista potraw \u015bwi\u0105tecznych","datePublished":"2024-12-17T07:26:29+00:00","dateModified":"2024-12-13T15:27:02+00:00","mainEntityOfPage":{"@id":"https:\/\/www.pakamera.pl\/magazyn\/co-powinno-byc-na-stole-wigilijnym-lista-potraw-swiatecznych\/"},"wordCount":1548,"publisher":{"@id":"https:\/\/www.pakamera.pl\/magazyn\/#organization"},"keywords":["jak udekorowa\u0107 st\u00f3\u0142 na wigilje","st\u00f3\u0142 na wigilije","stroik \u015bwi\u0105teczny","\u015bwi\u0105teczne dekoracje","wigilia","wigilijny st\u00f3\u0142"],"articleSection":["Dom i Wn\u0119trze"],"inLanguage":"pl-PL"},{"@type":"WebPage","@id":"https:\/\/www.pakamera.pl\/magazyn\/co-powinno-byc-na-stole-wigilijnym-lista-potraw-swiatecznych\/","url":"https:\/\/www.pakamera.pl\/magazyn\/co-powinno-byc-na-stole-wigilijnym-lista-potraw-swiatecznych\/","name":"Co powinno by\u0107 na stole wigilijnym? Lista potraw \u015bwi\u0105tecznych - Magazyn Pakamera.pl","isPartOf":{"@id":"https:\/\/www.pakamera.pl\/magazyn\/#website"},"datePublished":"2024-12-17T07:26:29+00:00","dateModified":"2024-12-13T15:27:02+00:00","description":"Zastanawiasz si\u0119 co powinno by\u0107 na stole wigilijnym? Zobacz jakie potrawy przygotowa\u0107 na kolacj\u0119 bo\u017conarodzeniow\u0105 uczt\u0119.","breadcrumb":{"@id":"https:\/\/www.pakamera.pl\/magazyn\/co-powinno-byc-na-stole-wigilijnym-lista-potraw-swiatecznych\/#breadcrumb"},"inLanguage":"pl-PL","potentialAction":[{"@type":"ReadAction","target":["https:\/\/www.pakamera.pl\/magazyn\/co-powinno-byc-na-stole-wigilijnym-lista-potraw-swiatecznych\/"]}]},{"@type":"BreadcrumbList","@id":"https:\/\/www.pakamera.pl\/magazyn\/co-powinno-byc-na-stole-wigilijnym-lista-potraw-swiatecznych\/#breadcrumb","itemListElement":[{"@type":"ListItem","position":1,"name":"Magazyn","item":"https:\/\/www.pakamera.pl\/magazyn\/"},{"@type":"ListItem","position":2,"name":"Dom i Wn\u0119trze","item":"https:\/\/www.pakamera.pl\/magazyn\/category\/dom-i-wnetrza\/"},{"@type":"ListItem","position":3,"name":"Co powinno by\u0107 na stole wigilijnym? Lista potraw \u015bwi\u0105tecznych"}]},{"@type":"WebSite","@id":"https:\/\/www.pakamera.pl\/magazyn\/#website","url":"https:\/\/www.pakamera.pl\/magazyn\/","name":"Magazyn Pakamera.pl","description":"Sprawd\u017a najgor\u0119tsze tematy sezonu!","publisher":{"@id":"https:\/\/www.pakamera.pl\/magazyn\/#organization"},"potentialAction":[{"@type":"SearchAction","target":{"@type":"EntryPoint","urlTemplate":"https:\/\/www.pakamera.pl\/magazyn\/?s={search_term_string}"},"query-input":"required name=search_term_string"}],"inLanguage":"pl-PL"},{"@type":"Organization","@id":"https:\/\/www.pakamera.pl\/magazyn\/#organization","name":"Pakamera.pl","url":"https:\/\/www.pakamera.pl\/magazyn\/","logo":{"@type":"ImageObject","inLanguage":"pl-PL","@id":"https:\/\/www.pakamera.pl\/magazyn\/#\/schema\/logo\/image\/","url":"https:\/\/imgmag.pakamera.net\/2023\/11\/153455466619.png","contentUrl":"https:\/\/imgmag.pakamera.net\/2023\/11\/153455466619.png","width":690,"height":140,"caption":"Pakamera.pl"},"image":{"@id":"https:\/\/www.pakamera.pl\/magazyn\/#\/schema\/logo\/image\/"},"sameAs":["https:\/\/facebook.com\/pakamerapl","https:\/\/www.instagram.com\/pakamera\/"]},{"@type":"Person","@id":"https:\/\/www.pakamera.pl\/magazyn\/#\/schema\/person\/572f3f4a9ab09d0378471fe80a2db902","name":"Agnieszka Pilska","description":"Agnieszka kocha dobry design i wszystko co si\u0119 z nim \u0142\u0105czy. Ma do\u015bwiadczenie w projektowaniu wn\u0119trz dzi\u0119ki czemu ma niesamowity zmys\u0142 estetyczny. Potrafi prostymi dodatkami stworzy\u0107 przestrze\u0144, kt\u00f3ra zachwyci wszystkich."}]}},"_links":{"self":[{"href":"https:\/\/www.pakamera.pl\/magazyn\/wp-json\/wp\/v2\/posts\/11953","targetHints":{"allow":["GET"]}}],"collection":[{"href":"https:\/\/www.pakamera.pl\/magazyn\/wp-json\/wp\/v2\/posts"}],"about":[{"href":"https:\/\/www.pakamera.pl\/magazyn\/wp-json\/wp\/v2\/types\/post"}],"author":[{"embeddable":true,"href":"https:\/\/www.pakamera.pl\/magazyn\/wp-json\/wp\/v2\/users\/17"}],"replies":[{"embeddable":true,"href":"https:\/\/www.pakamera.pl\/magazyn\/wp-json\/wp\/v2\/comments?post=11953"}],"version-history":[{"count":3,"href":"https:\/\/www.pakamera.pl\/magazyn\/wp-json\/wp\/v2\/posts\/11953\/revisions"}],"predecessor-version":[{"id":11973,"href":"https:\/\/www.pakamera.pl\/magazyn\/wp-json\/wp\/v2\/posts\/11953\/revisions\/11973"}],"wp:featuredmedia":[{"embeddable":true,"href":"https:\/\/www.pakamera.pl\/magazyn\/wp-json\/wp\/v2\/media\/11967"}],"wp:attachment":[{"href":"https:\/\/www.pakamera.pl\/magazyn\/wp-json\/wp\/v2\/media?parent=11953"}],"wp:term":[{"taxonomy":"category","embeddable":true,"href":"https:\/\/www.pakamera.pl\/magazyn\/wp-json\/wp\/v2\/categories?post=11953"},{"taxonomy":"post_tag","embeddable":true,"href":"https:\/\/www.pakamera.pl\/magazyn\/wp-json\/wp\/v2\/tags?post=11953"}],"curies":[{"name":"wp","href":"https:\/\/api.w.org\/{rel}","templated":true}]}}