{"id":11923,"date":"2024-12-15T13:20:56","date_gmt":"2024-12-15T12:20:56","guid":{"rendered":"https:\/\/www.pakamera.pl\/magazyn\/?p=11923"},"modified":"2024-12-13T14:44:54","modified_gmt":"2024-12-13T13:44:54","slug":"meskie-stylizacje-swiateczne-zestawy-nie-tylko-na-wigilie","status":"publish","type":"post","link":"https:\/\/www.pakamera.pl\/magazyn\/meskie-stylizacje-swiateczne-zestawy-nie-tylko-na-wigilie\/","title":{"rendered":"M\u0119skie stylizacje \u015bwi\u0105teczne \u2013 zestawy nie tylko na Wigili\u0119"},"content":{"rendered":"<p><strong>Nie wiesz, co za\u0142o\u017cy\u0107 na \u015bwi\u0105teczn\u0105 kolacj\u0119? Spokojnie, nie musisz od razu si\u0119ga\u0107 po garnitur, je\u015bli za nim nie przepadasz. Podpowiemy Ci m\u0119skie stylizacje na \u015awi\u0119ta, w kt\u00f3rych b\u0119dziesz czu\u0142 si\u0119 \u015bwietnie w ostatnich dniach grudnia.<\/strong><br \/>\n<!--more--><\/p>\n<figure id=\"attachment_11927\" aria-describedby=\"caption-attachment-11927\" style=\"width: 1600px\" class=\"wp-caption alignnone\"><img loading=\"lazy\" decoding=\"async\" class=\"wp-image-11927 size-full\" src=\"https:\/\/imgmag.pakamera.net\/2024\/12\/meskie-stylizacje-swiateczne-zestawy-nie-tylko-na-wigilie-132610199386.jpg\" alt=\"m\u0119skie stylizacje na \u015bwi\u0119ta\" width=\"1600\" height=\"840\" \/><figcaption id=\"caption-attachment-11927\" class=\"wp-caption-text\">Kardigan z szalowym ko\u0142nierzem, szary \/ BIENKOVSKA \/ www.pakamera.pl<\/figcaption><\/figure>\n<p>Dni tu\u017c przed Bo\u017cym Narodzeniem s\u0105 stresuj\u0105ce. Ostatnie zakupy, gotowanie, sprz\u0105tanie\u2026 Zupe\u0142nie nie b\u0119dziesz mia\u0142 czasu na wymy\u015blanie stylizacji. Jest na to spos\u00f3b: przygotuj sobie odpowiednio wcze\u015bnie ubrania na wszystkie dni \u015bwi\u0119towania. Nie musisz wymienia\u0107 ca\u0142ej garderoby, wystarczy, \u017ce uzupe\u0142nisz szaf\u0119 o kilka element\u00f3w.<\/p>\n<h2>M\u0119skie stylizacje na \u015awi\u0119ta \u2013 podstawowe zasady<\/h2>\n<p>Nie masz, jak si\u0119 ubra\u0107 na \u015awi\u0119ta jako m\u0119\u017cczyzna? Zanim rzucisz si\u0119 w wir zakup\u00f3w, <strong>poznaj kilka podstawowych zasad, kt\u00f3re pomog\u0105 Ci wybra\u0107 idealne \u015bwi\u0105teczne stylizacje<\/strong>. Przy \u015bwi\u0105tecznym stole sp\u0119dzisz wiele godzin, dlatego zdecyduj si\u0119 na naturalne materia\u0142y.<\/p>\n<p><strong>Polecamy w szczeg\u00f3lno\u015bci we\u0142n\u0119 merino lub kaszmir<\/strong>. Oba materia\u0142y s\u0105 ciep\u0142e, nie gryz\u0105 i dobrze le\u017c\u0105 na ciele. <strong>W koszulach \u015bwietnie sprawdza si\u0119 bawe\u0142na lub flanela<\/strong> podczas mniej formalnych spotka\u0144. W ubraniach wykonanych w 100% ze sztucznych materia\u0142\u00f3w szybko zrobi Ci si\u0119 zbyt ciep\u0142o od w\u0142\u0105czonego piekarnika. Ostatnie, czego potrzebujesz podczas \u015bwi\u0105tecznej kolacji, to plamy potu na plecach.<\/p>\n<div id=\"pakawidget1771\" class=\"pakawidget\"><\/div>\n<p><script async defer src=\"https:\/\/www.pakamera.pl\/widget\/widget2.min.js?id=1771&#038;type=20241212130843&#038;wwidth=1000\"><\/script><br \/>\nNie ma sensu kupowa\u0107 ubra\u0144 z my\u015bl\u0105, \u017ce za\u0142o\u017cysz je tylko raz w roku. <strong>Wybieraj rzeczy, kt\u00f3re pasuj\u0105 do Twojej codziennej garderoby<\/strong>. Uniwersalne elementy stroju mo\u017cesz \u0142\u0105czy\u0107 na r\u00f3\u017cne sposoby. <strong>Proste <a href=\"https:\/\/www.pakamera.pl\/moda-koszule-0-2060.htm\" target=\"_blank\" rel=\"noopener\">koszule m\u0119skie<\/a>, golfy i swetry s\u0105 ponadczasowe<\/strong>. B\u0119dziesz je m\u00f3g\u0142 p\u00f3\u017aniej ubra\u0107 na spotkanie biznesowe lub imieniny cioci.<\/p>\n<p>Stosuj \u015bwi\u0105teczne motywy z umiarem. Renifery, miko\u0142aje i choinki maj\u0105 swoje miejsce na bo\u017conarodzeniowej garderobie, ale z g\u0142ow\u0105. Zamiast swetra graj\u0105cego Jingle Bells, polecamy we\u0142niany sweter w norweski wz\u00f3r.<\/p>\n<h2>Jak si\u0119 ubra\u0107 na Wigili\u0119? Stylizacje dla niego<\/h2>\n<p>Podczas Wigilii powiniene\u015b wygl\u0105da\u0107 elegancko, ale nie musisz si\u0119 stroi\u0107 jak na bankiet w brytyjskiej ambasadzie. Przetestuj trzy sprawdzone zestawy, kt\u00f3re s\u0105 wygodne, ale przypadn\u0105 do gustu wszystkim przy stole.<\/p>\n<h3>Klasyczna elegancja z nut\u0105 luzu<\/h3>\n<figure id=\"attachment_11929\" aria-describedby=\"caption-attachment-11929\" style=\"width: 1600px\" class=\"wp-caption alignnone\"><img loading=\"lazy\" decoding=\"async\" class=\"wp-image-11929 size-full\" src=\"https:\/\/imgmag.pakamera.net\/2024\/12\/meskie-stylizacje-swiateczne-zestawy-nie-tylko-na-wigilie-132611852806.jpg\" alt=\"\u015bwi\u0105teczna zielona mucha z miko\u0142ajami i prezentami \" width=\"1600\" height=\"840\" \/><figcaption id=\"caption-attachment-11929\" class=\"wp-caption-text\">Mucha \u015awi\u0119ty Miko\u0142aj \/ marthu \/ www.pakamera.pl<\/figcaption><\/figure>\n<p>Jak si\u0119 ubra\u0107 na Wigili\u0119 jako m\u0119\u017cczyzna? <strong>Za\u0142\u00f3\u017c granatowy blazer z we\u0142ny o lekko dopasowanym kroju<\/strong>. Mi\u0119kki materia\u0142 zapewni wygod\u0119 i nie pogniecie si\u0119 podczas \u015bwi\u0105tecznego wieczoru. Granatowy kolor pasuje niemal ka\u017cdemu i dobrze wsp\u00f3\u0142gra z bia\u0142\u0105 lub b\u0142\u0119kitn\u0105 koszul\u0105 z bawe\u0142ny oxford.<\/p>\n<p>Na d\u00f3\u0142 za\u0142\u00f3\u017c<strong> be\u017cowe chinosy z elastycznego materia\u0142u<\/strong>, kt\u00f3ry zapewnia swobod\u0119 ruchu. Neutralny kolor pi\u0119knie komponuje si\u0119 z granatowym, tworz\u0105c eleganck\u0105, ale nie przesadnie formaln\u0105 ca\u0142o\u015b\u0107. <strong>Stylizacj\u0119 wyko\u0144cz sk\u00f3rzanymi p\u00f3\u0142butami lub loafersami<\/strong>. Wybierz obuwie w ciemnobr\u0105zowej lub bordowej barwie.<\/p>\n<h3>Skandynawski szyk<\/h3>\n<p><strong>Gruby we\u0142niany sweter ze skandynawskim wzorem<\/strong> b\u0119dzie wyr\u00f3\u017cnia\u0142 si\u0119 w\u015br\u00f3d stylizacji cz\u0142onk\u00f3w rodziny, a jednocze\u015bnie jest przytulny i mocno \u015bwi\u0105teczny. Wybierz granatowo-bia\u0142y lub szaro-bia\u0142y wz\u00f3r. <strong>Pod sp\u00f3d za\u0142\u00f3\u017c bia\u0142\u0105 koszul\u0119 z ko\u0142nierzykiem<\/strong>, ciemne spodnie z grubej bawe\u0142ny i zamszowe buty.<\/p>\n<h3>Smart casual na rodzinne spotkanie<\/h3>\n<p>Na Wigilii b\u0119dzie tylko najbli\u017csza rodzina? Za\u0142\u00f3\u017c<strong> szary, be\u017cowy lub granatowy kardigan z guzikami<\/strong>. Gdy zrobi si\u0119 zbyt ciep\u0142o, zdejmiesz go, \u017ceby pod spodem pokaza\u0107 koszul\u0119 w drobn\u0105 bia\u0142o-niebiesk\u0105 lub bia\u0142o-bordow\u0105 krat\u0119.<\/p>\n<p>Na d\u00f3\u0142 w\u0142\u00f3\u017c granatowe chinosy. Powinny by\u0107 dopasowane w udach i pasie, ale nie kr\u0119powa\u0107 ruch\u00f3w. Za\u0142\u00f3\u017c sk\u00f3rzane sneakersy lub trzewiki w br\u0105zowym kolorze.<\/p>\n<h2>Stylizacje m\u0119skie na Bo\u017ce Narodzenie<\/h2>\n<div id=\"pakawidget1772\" class=\"pakawidget\"><\/div>\n<p><script async defer src=\"https:\/\/www.pakamera.pl\/widget\/widget2.min.js?id=1772&#038;type=20241212131020&#038;wwidth=1000\"><\/script><br \/>\nTrzymaj kilka propozycji ubra\u0144 na bo\u017conarodzeniowy okres. Sprawd\u017a, czy masz w szafie lekkie koszule, ciep\u0142e swetry, wygodne <a href=\"https:\/\/www.pakamera.pl\/moda-marynarki-0-2063.htm\" target=\"_blank\" rel=\"noopener\">marynarki m\u0119skie<\/a> i klasyczne buty. Je\u015bli nie, jeszcze jest czas, \u017ceby p\u00f3j\u015b\u0107 na zakupy. Omi\u0144 kolejki, kupuj\u0105c online w pakamera.pl.<\/p>\n<p><strong>Stylizacje \u015bwi\u0105teczne m\u0119skie: Na obiad<\/strong><\/p>\n<ul>\n<li>kaszmirowy sweter,<\/li>\n<li>jasna koszula z bawe\u0142ny oksfordzkiej,<\/li>\n<li>we\u0142niane spodnie w kant,<\/li>\n<li>zamszowe mokasyny lub sk\u00f3rzane loafersy.<\/li>\n<\/ul>\n<p><strong>M\u0119skie stylizacja na \u015awi\u0119ta: Na rodzinne spotkanie<\/strong><\/p>\n<ul>\n<li>we\u0142niany golf w stonowanym kolorze,<\/li>\n<li>spodnie sztruksowe,<\/li>\n<li>sk\u00f3rzane botki,<\/li>\n<li>tweedowa marynarka.<\/li>\n<\/ul>\n<p><strong>Stylizacja m\u0119ska na Wigili\u0119: Przy stole i na spacer<\/strong><\/p>\n<ul>\n<li>sweter o grubych we\u0142nianych splotach,<\/li>\n<li>flanelowa koszula w krat\u0119,<\/li>\n<li>ciemne spodnie,<\/li>\n<li>ciep\u0142e sztyblety.<\/li>\n<\/ul>\n<p>Przejrzyj te\u017c <a href=\"https:\/\/www.pakamera.pl\/magazyn\/swiateczne-stylizacje-na-wigilie\/\" target=\"_blank\" rel=\"noopener\">\u015bwi\u0105teczne stylizacje dla niej<\/a>. Twoja ukochana ucieszy si\u0119, je\u015bli zrobisz jej przyjemno\u015b\u0107 now\u0105 sukienk\u0105 lub szalikiem!<\/p>\n<h2>Dodatki do m\u0119skich stylizacji na \u015awi\u0119ta<\/h2>\n<p><strong>Bo\u017conarodzeniowe zestawy stan\u0105 si\u0119 bardziej \u015bwi\u0105teczne, gdy dodasz do nich akcent w postaci eleganckiego zegarka, krawata, spinek do koszuli lub jedwabnej poszetki<\/strong>. Trafnie dobrane dodatki sprawi\u0105, \u017ce nie zmarzniesz w drodze na kolacje. We\u0142niany szalik, r\u0119kawiczki i czapka to Twoi sprzymierze\u0144cy w walce z mrozem.<\/p>\n<p>Szukasz eleganckich element\u00f3w do swojej \u015bwi\u0105tecznej garderoby? <strong>Na Pakamera.pl znajdziesz r\u0119cznie robione ubrania i dodatki od polskich rzemie\u015blnik\u00f3w<\/strong>.<\/p>\n","protected":false},"excerpt":{"rendered":"<p>Nie wiesz, co za\u0142o\u017cy\u0107 na \u015bwi\u0105teczn\u0105 kolacj\u0119? Spokojnie, nie musisz od razu si\u0119ga\u0107 po garnitur, je\u015bli za nim nie przepadasz. Podpowiemy Ci m\u0119skie stylizacje na \u015awi\u0119ta, w kt\u00f3rych b\u0119dziesz czu\u0142<span class=\"more-dots\">&#8230;<\/span><\/p>\n","protected":false},"author":16,"featured_media":11927,"comment_status":"closed","ping_status":"closed","sticky":false,"template":"","format":"standard","meta":{"footnotes":""},"categories":[3],"tags":[2436,2590,2589,2614,2601],"class_list":["post-11923","post","type-post","status-publish","format-standard","has-post-thumbnail","hentry","category-moda","tag-meska-bizuteria","tag-meska-koszula","tag-moda-meska","tag-pasek-meski","tag-sweter-meski"],"yoast_head":"<!-- This site is optimized with the Yoast SEO plugin v21.6 - https:\/\/yoast.com\/wordpress\/plugins\/seo\/ -->\n<title>M\u0119skie stylizacje \u015bwi\u0105teczne \u2013 zestawy nie tylko na Wigili\u0119 - Magazyn Pakamera.pl<\/title>\n<meta name=\"description\" content=\"Zobacz nasze propozycje na m\u0119skie stylizacje na \u015bwi\u0119ta. Stw\u00f3rz wyj\u0105tkowy i uniwersalny zestaw dla siebie lub swojego m\u0119\u017cczyzny.\" \/>\n<meta name=\"robots\" content=\"index, follow\" \/>\n<link rel=\"canonical\" href=\"https:\/\/www.pakamera.pl\/magazyn\/meskie-stylizacje-swiateczne-zestawy-nie-tylko-na-wigilie\/\" \/>\n<meta property=\"og:locale\" content=\"pl_PL\" \/>\n<meta property=\"og:type\" content=\"article\" \/>\n<meta property=\"og:title\" content=\"M\u0119skie stylizacje \u015bwi\u0105teczne \u2013 zestawy nie tylko na Wigili\u0119 - Magazyn Pakamera.pl\" \/>\n<meta property=\"og:description\" content=\"Zobacz nasze propozycje na m\u0119skie stylizacje na \u015bwi\u0119ta. Stw\u00f3rz wyj\u0105tkowy i uniwersalny zestaw dla siebie lub swojego m\u0119\u017cczyzny.\" \/>\n<meta property=\"og:url\" content=\"https:\/\/www.pakamera.pl\/magazyn\/meskie-stylizacje-swiateczne-zestawy-nie-tylko-na-wigilie\/\" \/>\n<meta property=\"og:site_name\" content=\"Magazyn Pakamera.pl\" \/>\n<meta property=\"article:publisher\" content=\"https:\/\/facebook.com\/pakamerapl\" \/>\n<meta property=\"article:published_time\" content=\"2024-12-15T12:20:56+00:00\" \/>\n<meta property=\"article:modified_time\" content=\"2024-12-13T13:44:54+00:00\" \/>\n<meta property=\"og:image\" content=\"https:\/\/imgmag.pakamera.net\/2024\/12\/meskie-stylizacje-swiateczne-zestawy-nie-tylko-na-wigilie-132610199386.jpg\" \/>\n\t<meta property=\"og:image:width\" content=\"1600\" \/>\n\t<meta property=\"og:image:height\" content=\"840\" \/>\n\t<meta property=\"og:image:type\" content=\"image\/jpeg\" \/>\n<meta name=\"author\" content=\"Magda Strzelecka\" \/>\n<meta name=\"twitter:card\" content=\"summary_large_image\" \/>\n<meta name=\"twitter:label1\" content=\"Napisane przez\" \/>\n\t<meta name=\"twitter:data1\" content=\"Magda Strzelecka\" \/>\n\t<meta name=\"twitter:label2\" content=\"Szacowany czas czytania\" \/>\n\t<meta name=\"twitter:data2\" content=\"5 minut\" \/>\n<script type=\"application\/ld+json\" class=\"yoast-schema-graph\">{\"@context\":\"https:\/\/schema.org\",\"@graph\":[{\"@type\":\"Article\",\"@id\":\"https:\/\/www.pakamera.pl\/magazyn\/meskie-stylizacje-swiateczne-zestawy-nie-tylko-na-wigilie\/#article\",\"isPartOf\":{\"@id\":\"https:\/\/www.pakamera.pl\/magazyn\/meskie-stylizacje-swiateczne-zestawy-nie-tylko-na-wigilie\/\"},\"author\":{\"name\":\"Magda Strzelecka\",\"@id\":\"https:\/\/www.pakamera.pl\/magazyn\/#\/schema\/person\/375940ab821c5af50e1e31f1ec5282b5\"},\"headline\":\"M\u0119skie stylizacje \u015bwi\u0105teczne \u2013 zestawy nie tylko na Wigili\u0119\",\"datePublished\":\"2024-12-15T12:20:56+00:00\",\"dateModified\":\"2024-12-13T13:44:54+00:00\",\"mainEntityOfPage\":{\"@id\":\"https:\/\/www.pakamera.pl\/magazyn\/meskie-stylizacje-swiateczne-zestawy-nie-tylko-na-wigilie\/\"},\"wordCount\":859,\"publisher\":{\"@id\":\"https:\/\/www.pakamera.pl\/magazyn\/#organization\"},\"keywords\":[\"m\u0119ska bi\u017cuteria\",\"m\u0119ska koszula\",\"moda m\u0119ska\",\"pasek m\u0119ski\",\"sweter m\u0119ski\"],\"articleSection\":[\"Moda\"],\"inLanguage\":\"pl-PL\"},{\"@type\":\"WebPage\",\"@id\":\"https:\/\/www.pakamera.pl\/magazyn\/meskie-stylizacje-swiateczne-zestawy-nie-tylko-na-wigilie\/\",\"url\":\"https:\/\/www.pakamera.pl\/magazyn\/meskie-stylizacje-swiateczne-zestawy-nie-tylko-na-wigilie\/\",\"name\":\"M\u0119skie stylizacje \u015bwi\u0105teczne \u2013 zestawy nie tylko na Wigili\u0119 - Magazyn Pakamera.pl\",\"isPartOf\":{\"@id\":\"https:\/\/www.pakamera.pl\/magazyn\/#website\"},\"datePublished\":\"2024-12-15T12:20:56+00:00\",\"dateModified\":\"2024-12-13T13:44:54+00:00\",\"description\":\"Zobacz nasze propozycje na m\u0119skie stylizacje na \u015bwi\u0119ta. Stw\u00f3rz wyj\u0105tkowy i uniwersalny zestaw dla siebie lub swojego m\u0119\u017cczyzny.\",\"breadcrumb\":{\"@id\":\"https:\/\/www.pakamera.pl\/magazyn\/meskie-stylizacje-swiateczne-zestawy-nie-tylko-na-wigilie\/#breadcrumb\"},\"inLanguage\":\"pl-PL\",\"potentialAction\":[{\"@type\":\"ReadAction\",\"target\":[\"https:\/\/www.pakamera.pl\/magazyn\/meskie-stylizacje-swiateczne-zestawy-nie-tylko-na-wigilie\/\"]}]},{\"@type\":\"BreadcrumbList\",\"@id\":\"https:\/\/www.pakamera.pl\/magazyn\/meskie-stylizacje-swiateczne-zestawy-nie-tylko-na-wigilie\/#breadcrumb\",\"itemListElement\":[{\"@type\":\"ListItem\",\"position\":1,\"name\":\"Magazyn\",\"item\":\"https:\/\/www.pakamera.pl\/magazyn\/\"},{\"@type\":\"ListItem\",\"position\":2,\"name\":\"Moda\",\"item\":\"https:\/\/www.pakamera.pl\/magazyn\/category\/moda\/\"},{\"@type\":\"ListItem\",\"position\":3,\"name\":\"M\u0119skie stylizacje \u015bwi\u0105teczne \u2013 zestawy nie tylko na Wigili\u0119\"}]},{\"@type\":\"WebSite\",\"@id\":\"https:\/\/www.pakamera.pl\/magazyn\/#website\",\"url\":\"https:\/\/www.pakamera.pl\/magazyn\/\",\"name\":\"Magazyn Pakamera.pl\",\"description\":\"Sprawd\u017a najgor\u0119tsze tematy sezonu!\",\"publisher\":{\"@id\":\"https:\/\/www.pakamera.pl\/magazyn\/#organization\"},\"potentialAction\":[{\"@type\":\"SearchAction\",\"target\":{\"@type\":\"EntryPoint\",\"urlTemplate\":\"https:\/\/www.pakamera.pl\/magazyn\/?s={search_term_string}\"},\"query-input\":\"required name=search_term_string\"}],\"inLanguage\":\"pl-PL\"},{\"@type\":\"Organization\",\"@id\":\"https:\/\/www.pakamera.pl\/magazyn\/#organization\",\"name\":\"Pakamera.pl\",\"url\":\"https:\/\/www.pakamera.pl\/magazyn\/\",\"logo\":{\"@type\":\"ImageObject\",\"inLanguage\":\"pl-PL\",\"@id\":\"https:\/\/www.pakamera.pl\/magazyn\/#\/schema\/logo\/image\/\",\"url\":\"https:\/\/imgmag.pakamera.net\/2023\/11\/153455466619.png\",\"contentUrl\":\"https:\/\/imgmag.pakamera.net\/2023\/11\/153455466619.png\",\"width\":690,\"height\":140,\"caption\":\"Pakamera.pl\"},\"image\":{\"@id\":\"https:\/\/www.pakamera.pl\/magazyn\/#\/schema\/logo\/image\/\"},\"sameAs\":[\"https:\/\/facebook.com\/pakamerapl\",\"https:\/\/www.instagram.com\/pakamera\/\"]},{\"@type\":\"Person\",\"@id\":\"https:\/\/www.pakamera.pl\/magazyn\/#\/schema\/person\/375940ab821c5af50e1e31f1ec5282b5\",\"name\":\"Magda Strzelecka\",\"description\":\"Magda to nasza stylistka, kt\u00f3ra od ponad 10 lat \u015bci\u015ble zwi\u0105zana jest z mod\u0105. Uwielbia \u015bledzi\u0107 \u015bwiatowe trendy i przek\u0142ada\u0107 je na rynek polski. Kocha dobre sk\u0142ady ubra\u0144, wyj\u0105tkow\u0105 bi\u017cuteri\u0119 i dodatki kt\u00f3re o\u017cywi\u0105 ka\u017cd\u0105 stylizacj\u0119.\"}]}<\/script>\n<!-- \/ Yoast SEO plugin. -->","yoast_head_json":{"title":"M\u0119skie stylizacje \u015bwi\u0105teczne \u2013 zestawy nie tylko na Wigili\u0119 - Magazyn Pakamera.pl","description":"Zobacz nasze propozycje na m\u0119skie stylizacje na \u015bwi\u0119ta. Stw\u00f3rz wyj\u0105tkowy i uniwersalny zestaw dla siebie lub swojego m\u0119\u017cczyzny.","robots":{"index":"index","follow":"follow"},"canonical":"https:\/\/www.pakamera.pl\/magazyn\/meskie-stylizacje-swiateczne-zestawy-nie-tylko-na-wigilie\/","og_locale":"pl_PL","og_type":"article","og_title":"M\u0119skie stylizacje \u015bwi\u0105teczne \u2013 zestawy nie tylko na Wigili\u0119 - Magazyn Pakamera.pl","og_description":"Zobacz nasze propozycje na m\u0119skie stylizacje na \u015bwi\u0119ta. Stw\u00f3rz wyj\u0105tkowy i uniwersalny zestaw dla siebie lub swojego m\u0119\u017cczyzny.","og_url":"https:\/\/www.pakamera.pl\/magazyn\/meskie-stylizacje-swiateczne-zestawy-nie-tylko-na-wigilie\/","og_site_name":"Magazyn Pakamera.pl","article_publisher":"https:\/\/facebook.com\/pakamerapl","article_published_time":"2024-12-15T12:20:56+00:00","article_modified_time":"2024-12-13T13:44:54+00:00","og_image":[{"width":1600,"height":840,"url":"https:\/\/imgmag.pakamera.net\/2024\/12\/meskie-stylizacje-swiateczne-zestawy-nie-tylko-na-wigilie-132610199386.jpg","type":"image\/jpeg"}],"author":"Magda Strzelecka","twitter_card":"summary_large_image","twitter_misc":{"Napisane przez":"Magda Strzelecka","Szacowany czas czytania":"5 minut"},"schema":{"@context":"https:\/\/schema.org","@graph":[{"@type":"Article","@id":"https:\/\/www.pakamera.pl\/magazyn\/meskie-stylizacje-swiateczne-zestawy-nie-tylko-na-wigilie\/#article","isPartOf":{"@id":"https:\/\/www.pakamera.pl\/magazyn\/meskie-stylizacje-swiateczne-zestawy-nie-tylko-na-wigilie\/"},"author":{"name":"Magda Strzelecka","@id":"https:\/\/www.pakamera.pl\/magazyn\/#\/schema\/person\/375940ab821c5af50e1e31f1ec5282b5"},"headline":"M\u0119skie stylizacje \u015bwi\u0105teczne \u2013 zestawy nie tylko na Wigili\u0119","datePublished":"2024-12-15T12:20:56+00:00","dateModified":"2024-12-13T13:44:54+00:00","mainEntityOfPage":{"@id":"https:\/\/www.pakamera.pl\/magazyn\/meskie-stylizacje-swiateczne-zestawy-nie-tylko-na-wigilie\/"},"wordCount":859,"publisher":{"@id":"https:\/\/www.pakamera.pl\/magazyn\/#organization"},"keywords":["m\u0119ska bi\u017cuteria","m\u0119ska koszula","moda m\u0119ska","pasek m\u0119ski","sweter m\u0119ski"],"articleSection":["Moda"],"inLanguage":"pl-PL"},{"@type":"WebPage","@id":"https:\/\/www.pakamera.pl\/magazyn\/meskie-stylizacje-swiateczne-zestawy-nie-tylko-na-wigilie\/","url":"https:\/\/www.pakamera.pl\/magazyn\/meskie-stylizacje-swiateczne-zestawy-nie-tylko-na-wigilie\/","name":"M\u0119skie stylizacje \u015bwi\u0105teczne \u2013 zestawy nie tylko na Wigili\u0119 - Magazyn Pakamera.pl","isPartOf":{"@id":"https:\/\/www.pakamera.pl\/magazyn\/#website"},"datePublished":"2024-12-15T12:20:56+00:00","dateModified":"2024-12-13T13:44:54+00:00","description":"Zobacz nasze propozycje na m\u0119skie stylizacje na \u015bwi\u0119ta. Stw\u00f3rz wyj\u0105tkowy i uniwersalny zestaw dla siebie lub swojego m\u0119\u017cczyzny.","breadcrumb":{"@id":"https:\/\/www.pakamera.pl\/magazyn\/meskie-stylizacje-swiateczne-zestawy-nie-tylko-na-wigilie\/#breadcrumb"},"inLanguage":"pl-PL","potentialAction":[{"@type":"ReadAction","target":["https:\/\/www.pakamera.pl\/magazyn\/meskie-stylizacje-swiateczne-zestawy-nie-tylko-na-wigilie\/"]}]},{"@type":"BreadcrumbList","@id":"https:\/\/www.pakamera.pl\/magazyn\/meskie-stylizacje-swiateczne-zestawy-nie-tylko-na-wigilie\/#breadcrumb","itemListElement":[{"@type":"ListItem","position":1,"name":"Magazyn","item":"https:\/\/www.pakamera.pl\/magazyn\/"},{"@type":"ListItem","position":2,"name":"Moda","item":"https:\/\/www.pakamera.pl\/magazyn\/category\/moda\/"},{"@type":"ListItem","position":3,"name":"M\u0119skie stylizacje \u015bwi\u0105teczne \u2013 zestawy nie tylko na Wigili\u0119"}]},{"@type":"WebSite","@id":"https:\/\/www.pakamera.pl\/magazyn\/#website","url":"https:\/\/www.pakamera.pl\/magazyn\/","name":"Magazyn Pakamera.pl","description":"Sprawd\u017a najgor\u0119tsze tematy sezonu!","publisher":{"@id":"https:\/\/www.pakamera.pl\/magazyn\/#organization"},"potentialAction":[{"@type":"SearchAction","target":{"@type":"EntryPoint","urlTemplate":"https:\/\/www.pakamera.pl\/magazyn\/?s={search_term_string}"},"query-input":"required name=search_term_string"}],"inLanguage":"pl-PL"},{"@type":"Organization","@id":"https:\/\/www.pakamera.pl\/magazyn\/#organization","name":"Pakamera.pl","url":"https:\/\/www.pakamera.pl\/magazyn\/","logo":{"@type":"ImageObject","inLanguage":"pl-PL","@id":"https:\/\/www.pakamera.pl\/magazyn\/#\/schema\/logo\/image\/","url":"https:\/\/imgmag.pakamera.net\/2023\/11\/153455466619.png","contentUrl":"https:\/\/imgmag.pakamera.net\/2023\/11\/153455466619.png","width":690,"height":140,"caption":"Pakamera.pl"},"image":{"@id":"https:\/\/www.pakamera.pl\/magazyn\/#\/schema\/logo\/image\/"},"sameAs":["https:\/\/facebook.com\/pakamerapl","https:\/\/www.instagram.com\/pakamera\/"]},{"@type":"Person","@id":"https:\/\/www.pakamera.pl\/magazyn\/#\/schema\/person\/375940ab821c5af50e1e31f1ec5282b5","name":"Magda Strzelecka","description":"Magda to nasza stylistka, kt\u00f3ra od ponad 10 lat \u015bci\u015ble zwi\u0105zana jest z mod\u0105. Uwielbia \u015bledzi\u0107 \u015bwiatowe trendy i przek\u0142ada\u0107 je na rynek polski. Kocha dobre sk\u0142ady ubra\u0144, wyj\u0105tkow\u0105 bi\u017cuteri\u0119 i dodatki kt\u00f3re o\u017cywi\u0105 ka\u017cd\u0105 stylizacj\u0119."}]}},"_links":{"self":[{"href":"https:\/\/www.pakamera.pl\/magazyn\/wp-json\/wp\/v2\/posts\/11923","targetHints":{"allow":["GET"]}}],"collection":[{"href":"https:\/\/www.pakamera.pl\/magazyn\/wp-json\/wp\/v2\/posts"}],"about":[{"href":"https:\/\/www.pakamera.pl\/magazyn\/wp-json\/wp\/v2\/types\/post"}],"author":[{"embeddable":true,"href":"https:\/\/www.pakamera.pl\/magazyn\/wp-json\/wp\/v2\/users\/16"}],"replies":[{"embeddable":true,"href":"https:\/\/www.pakamera.pl\/magazyn\/wp-json\/wp\/v2\/comments?post=11923"}],"version-history":[{"count":3,"href":"https:\/\/www.pakamera.pl\/magazyn\/wp-json\/wp\/v2\/posts\/11923\/revisions"}],"predecessor-version":[{"id":11930,"href":"https:\/\/www.pakamera.pl\/magazyn\/wp-json\/wp\/v2\/posts\/11923\/revisions\/11930"}],"wp:featuredmedia":[{"embeddable":true,"href":"https:\/\/www.pakamera.pl\/magazyn\/wp-json\/wp\/v2\/media\/11927"}],"wp:attachment":[{"href":"https:\/\/www.pakamera.pl\/magazyn\/wp-json\/wp\/v2\/media?parent=11923"}],"wp:term":[{"taxonomy":"category","embeddable":true,"href":"https:\/\/www.pakamera.pl\/magazyn\/wp-json\/wp\/v2\/categories?post=11923"},{"taxonomy":"post_tag","embeddable":true,"href":"https:\/\/www.pakamera.pl\/magazyn\/wp-json\/wp\/v2\/tags?post=11923"}],"curies":[{"name":"wp","href":"https:\/\/api.w.org\/{rel}","templated":true}]}}