{"id":11880,"date":"2024-12-03T10:42:16","date_gmt":"2024-12-03T09:42:16","guid":{"rendered":"https:\/\/www.pakamera.pl\/magazyn\/?p=11880"},"modified":"2025-11-26T10:19:23","modified_gmt":"2025-11-26T09:19:23","slug":"trendy-jesien-zima-2024-2025-te-rzeczy-warto-miec-w-szafie","status":"publish","type":"post","link":"https:\/\/www.pakamera.pl\/magazyn\/trendy-jesien-zima-2024-2025-te-rzeczy-warto-miec-w-szafie\/","title":{"rendered":"Trendy jesie\u0144-zima 2025\/2026 \u2013 te rzeczy warto mie\u0107 w szafie!"},"content":{"rendered":"<p><strong>Uwa\u017cnie \u015bledzisz trendy modowe jesie\u0144-zima, poniewa\u017c chcesz od\u015bwie\u017cy\u0107 garderob\u0119 na sezon 2025\/2026? Dobrze trafi\u0142a\u015b! Podpowiemy, co warto mie\u0107 w szafie, \u017ceby wygl\u0105da\u0107 stylowo i przyci\u0105ga\u0107 spojrzenia na ulicy.<\/strong><\/p>\n<p><!--more--><\/p>\n<figure id=\"attachment_11884\" aria-describedby=\"caption-attachment-11884\" style=\"width: 1600px\" class=\"wp-caption alignnone\"><img loading=\"lazy\" decoding=\"async\" class=\"wp-image-11884 size-full\" src=\"https:\/\/imgmag.pakamera.net\/2024\/11\/trendy-jesien-zima-20242025-te-rzeczy-warto-miec-w-szafie-153447433313.jpg\" alt=\"D\u0142ugi p\u0142aszcz z kapturem zapinany na guziki\" width=\"1600\" height=\"840\" \/><figcaption id=\"caption-attachment-11884\" class=\"wp-caption-text\">P\u0142aszcz B682 \/ Selini \/ www.pakamera.pl<\/figcaption><\/figure>\n<p>Jesie\u0144 i zima s\u0105 trudnymi porami roku pod wzgl\u0119dem stylizacyjnym, poniewa\u017c musisz dopasowa\u0107 do siebie wiele sztuk odzie\u017cy. Wcale nie musisz rezygnowa\u0107 z ubierania si\u0119 ze smakiem na rzecz zamiany w zimowego ba\u0142wanka. Podpowiemy, jak wygl\u0105da\u0107 modnie, gdy na dworze panuj\u0105 minusowe temperatury.<\/p>\n<h2>Najgor\u0119tsze trendy modowe na nadchodz\u0105c\u0105 jesie\u0144 i zim\u0119<\/h2>\n<p>Trendy mody jesie\u0144-zima 2025\/2026 oddaj\u0105 ho\u0142d klasyce i wyrafinowanemu gustowi. Projektanci promuj\u0105 <strong>dopasowane kroje, kt\u00f3re podkre\u015blaj\u0105 sylwetk\u0119<\/strong>, ale znajdzie si\u0119 r\u00f3wnie\u017c miejsce na <a href=\"https:\/\/www.pakamera.pl\/magazyn\/jak-nosic-swetry-oversize-porady-od-pakamery\/\" target=\"_blank\" rel=\"noopener\">stylizacje ze swetrem oversize<\/a>. <strong>Garnitury z trzema elementami: marynark\u0105, kamizelk\u0105 i prostymi spodniami<\/strong> pn\u0105 si\u0119 na szczyt modowych list przeboj\u00f3w.<\/p>\n<p><strong>Pr\u0105\u017cki, panterka i krata wracaj\u0105 do \u0142ask<\/strong>. Stroje s\u0105 nieco drapie\u017cne i mocno si\u0119 wyr\u00f3\u017cniaj\u0105. Ten sezon porzuca lu\u017ane fasony na rzecz perfekcyjnie skrojonych zestaw\u00f3w. \u015awi\u0105teczny styl glamour wkracza w formie <strong>delikatnych zdobie\u0144: pere\u0142, brokatu i z\u0142otych guzik\u00f3w<\/strong>.<\/p>\n<p>Trendy w modzie jesie\u0144-zima stawiaj\u0105 na <strong>g\u0142\u0119bokie bordo, ciep\u0142e br\u0105zy i ciemne zielenie<\/strong>. Dobrze maj\u0105 si\u0119 r\u00f3wnie\u017c granat, b\u0142\u0119kit i czysta biel. Nie b\u00f3j si\u0119 wyr\u00f3\u017cniaj\u0105cych detali w khaki lub czerwieni. A je\u015bli nie przepadasz za barwnymi akcentami, wybierz monochromatyczn\u0105 stylizacj\u0119, np. total beige.<\/p>\n<p>Trendy mody jesie\u0144-zima to przede wszystkim <strong>sk\u00f3ra, zar\u00f3wno naturalna, jak i ekologiczna<\/strong>. <strong>We\u0142na, zamsz i denim podbijaj\u0105 serca projektant\u00f3w<\/strong>. Tkaniny z po\u0142yskiem, takie jak cekiny, satyna czy welur, wprowadzaj\u0105 odrobin\u0119 luksusu do codziennych stylizacji. Po\u0142\u0105czenie r\u00f3\u017cnych faktur w jednym zestawie \u2013 np. sk\u00f3ry z we\u0142n\u0105 lub denimu z satyn\u0105 \u2013 dodaje wyrazisto\u015bci.<\/p>\n<p><strong>Torebki vintage w r\u00f3\u017cnych rozmiarach dodadz\u0105 klasy<\/strong> ka\u017cdej stylizacji. <strong>Kozaki za kolano i masywne buty motocyklowe<\/strong> to niezb\u0119dne dodatki na ch\u0142odniejsze dni. Do biura na przebranie mo\u017cesz wzi\u0105\u0107 ze sob\u0105 buty z odkryt\u0105 pi\u0119t\u0105 lub cz\u00f3\u0142enka Mary Jane.<\/p>\n<h3>Trendy moda jesie\u0144-zima 2025\/2026<\/h3>\n<div id=\"pakawidget1753\" class=\"pakawidget\"><\/div>\n<p><script async defer src=\"https:\/\/www.pakamera.pl\/widget\/widget2.min.js?id=1753&#038;type=20241129150517&#038;wwidth=1000\"><\/script><br \/>\n<strong>Elegancki garnitur trzycz\u0119\u015bciowy:<\/strong><\/p>\n<ul>\n<li>marynarka z mocno zaakcentowan\u0105 lini\u0105 ramion,<\/li>\n<li>dopasowana kamizelka,<\/li>\n<li>proste spodnie materia\u0142owe,<\/li>\n<li>eleganckie botki lub cz\u00f3\u0142enka Mary Jane.<\/li>\n<\/ul>\n<p><strong>Boho chic:<\/strong><\/p>\n<ul>\n<li>d\u0142uga, zwiewna sukienka w kwieciste wzory,<\/li>\n<li>zamszowe botki z fr\u0119dzlami,<\/li>\n<li>we\u0142niany, oversizowy sweter,<\/li>\n<li>du\u017ce kolczyki z pi\u00f3rkami i bransoletki w stylu etno.<\/li>\n<\/ul>\n<p><a href=\"https:\/\/www.pakamera.pl\/magazyn\/jak-nosic-sweter-do-sukienki-modowy-poradnik-pakamery\/\" target=\"_blank\" rel=\"noopener\">Jak nosi\u0107 sweter do sukienki?<\/a> Wpu\u015b\u0107 go w \u015brodek lub przewi\u0105\u017c grubym paskiem, \u017ceby podkre\u015bli\u0107 tali\u0119.<\/p>\n<p><strong>Styl preppy z twistem:<\/strong><\/p>\n<ul>\n<li>kraciasty p\u0142aszcz w stonowanych kolorach,<\/li>\n<li>bia\u0142a koszula z kokard\u0105 pod szyj\u0105,<\/li>\n<li><a href=\"https:\/\/www.pakamera.pl\/welniany-sweter-0-t57485.htm\" target=\"_blank\" rel=\"noopener\">sweter we\u0142niany<\/a>,<\/li>\n<li>plisowana sp\u00f3dnica mini,<\/li>\n<li>d\u0142ugie skarpetki i mokasyny lub loafersy,<\/li>\n<li>opaska do w\u0142os\u00f3w i sk\u00f3rzana akt\u00f3wka.<\/li>\n<\/ul>\n<h2>Co warto mie\u0107 w szafie? Must have sezonu jesie\u0144-zima 2025\/2026<\/h2>\n<figure id=\"attachment_11883\" aria-describedby=\"caption-attachment-11883\" style=\"width: 1600px\" class=\"wp-caption alignnone\"><img loading=\"lazy\" decoding=\"async\" class=\"wp-image-11883 size-full\" src=\"https:\/\/imgmag.pakamera.net\/2024\/11\/trendy-jesien-zima-20242025-te-rzeczy-warto-miec-w-szafie-153446052962.jpg\" alt=\"Trendy jesie\u0144-zima 2024\/2025\" width=\"1600\" height=\"840\" \/><figcaption id=\"caption-attachment-11883\" class=\"wp-caption-text\">Sweter MIA moher i jedwab \/ Knit Couture \/ www.pakamera.pl<\/figcaption><\/figure>\n<p>W szafie na jesie\u0144 i zim\u0119 2025\/26 <strong>nie mo\u017ce zabrakn\u0105\u0107 oversize&#8217;owych swetr\u00f3w z golfem, najlepiej w neutralnych odcieniach<\/strong>. Trencze ze sztucznej sk\u00f3ry ochroni\u0105 Ci\u0119 przed wiatrem i dodadz\u0105 szyku. Na szczeg\u00f3ln\u0105 uwag\u0119 zas\u0142uguj\u0105 br\u0105zowe, czarne i bordowe modele.<\/p>\n<p>Modne s\u0105 r\u00f3wnie\u017c <strong>d\u0142ugie p\u0142aszcze w szkock\u0105 krat\u0119, zw\u0142aszcza te z futrzanymi ko\u0142nierzami<\/strong>. Ich lu\u017any kr\u00f3j umo\u017cliwia za\u0142o\u017cenie pod sp\u00f3d wielu warstw ciep\u0142ej odzie\u017cy. Modn\u0105 alternatyw\u0105 w cieplejsze dni s\u0105 poncha ozdobione fr\u0119dzlami.<\/p>\n<p>Na zim\u0119 zaopatrz si\u0119 w <a href=\"https:\/\/www.pakamera.pl\/na-drutach-0-t440.htm\" target=\"_blank\" rel=\"noopener\">nowoczesne swetry na drutach<\/a> o grubych splotach. Takie ubranie pasuje zar\u00f3wno do plisowanej sp\u00f3dnicy, jak i do jeans\u00f3w. Zainwestuj w <strong>ubranie z kaszmiru lub we\u0142ny merino<\/strong>, a pos\u0142u\u017cy Ci przez lata, grzej\u0105c Ci\u0119 w najwi\u0119ksze mrozy.<\/p>\n<p><strong>Drapowane sukienki w greckim stylu<\/strong> polecaj\u0105 si\u0119 wiecz\u00f3r. Na specjalne okazje warto za\u0142o\u017cy\u0107 koronkow\u0105 slip dress, kt\u00f3ra emanuje elegancj\u0105 z\u0142otej ery Hollywood. Potrzebujesz czego\u015b bardziej casual? <strong>Denim mo\u017cesz nosi\u0107 od st\u00f3p do g\u0142\u00f3w jako total look<\/strong> sk\u0142adaj\u0105cy si\u0119 z kurtki, spodni i koszuli. Do biura polecaj\u0105 si\u0119 sp\u00f3dnice w kszta\u0142cie litery A oraz garnitury podkre\u015blaj\u0105ce ramiona.<\/p>\n<div id=\"pakawidget1754\" class=\"pakawidget\"><\/div>\n<p><script async defer src=\"https:\/\/www.pakamera.pl\/widget\/widget2.min.js?id=1754&#038;type=20241129151109&#038;wwidth=1000\"><\/script><\/p>\n<h2>Jak wygl\u0105da\u0107 modnie jesieni\u0105 i zim\u0105? Sekrety udanych stylizacji<\/h2>\n<p>Nie rezygnuj z kobiecych element\u00f3w garderoby w ch\u0142odniejszych miesi\u0105cach. <strong>D\u0142ugie sp\u00f3dnice w zestawieniu z ciep\u0142ym swetrem wygl\u0105daj\u0105 szykownie i grzej\u0105<\/strong>. Pod sp\u00f3d za\u0142\u00f3\u017c ciep\u0142e legginsy lub rajstopy i muszkieterki. Na wierzch zarzu\u0107 d\u0142ugi p\u0142aszcz lub puch\u00f3wk\u0119.<\/p>\n<p><strong>Tw\u00f3rz warstwy i inwestuj w dobrej jako\u015bci materia\u0142y<\/strong>. Znajd\u017a balans mi\u0119dzy wygod\u0105 a elegancj\u0105. W we\u0142nianych ubraniach b\u0119dzie Ci ciep\u0142o nawet w najbrzydsze dni. <strong>Trendy modowe jesie\u0144-zima eksperymentuj\u0105 z faktur\u0105 ubrania<\/strong>. Zestawiaj g\u0142adkie tkaniny z plecionymi modelami i b\u0142yszcz\u0105cymi dodatkami.<\/p>\n<p>Nowoczesne swetry na drutach i inne modne elementy garderoby znajdziesz na Pakamera.pl. Przejrzyj ofert\u0119 i uzupe\u0142nij swoj\u0105 szaf\u0119 zgodnie z sezonowymi trendami.<\/p>\n","protected":false},"excerpt":{"rendered":"<p>Uwa\u017cnie \u015bledzisz trendy modowe jesie\u0144-zima, poniewa\u017c chcesz od\u015bwie\u017cy\u0107 garderob\u0119 na sezon 2025\/2026? Dobrze trafi\u0142a\u015b! Podpowiemy, co warto mie\u0107 w szafie, \u017ceby wygl\u0105da\u0107 stylowo i przyci\u0105ga\u0107 spojrzenia na ulicy.<\/p>\n","protected":false},"author":16,"featured_media":11884,"comment_status":"closed","ping_status":"closed","sticky":false,"template":"","format":"standard","meta":{"footnotes":""},"categories":[3],"tags":[1525,2334,1437,1522,1409,1523,2331,1412,1762,2315],"class_list":["post-11880","post","type-post","status-publish","format-standard","has-post-thumbnail","hentry","category-moda","tag-buty-na-zime","tag-cieple-swetry-na-zime","tag-czapka-na-zime","tag-dodatki-na-zime","tag-jesien-zima","tag-kurtka-na-zime","tag-modne-zimowe-dodatki","tag-oversizowy-sweter","tag-sukienka-w-kwiaty-zima","tag-sweter-oversize"],"yoast_head":"<!-- This site is optimized with the Yoast SEO plugin v21.6 - https:\/\/yoast.com\/wordpress\/plugins\/seo\/ -->\n<title>Trendy jesie\u0144-zima 2025\/2026 \u2013 te rzeczy warto mie\u0107 w szafie! - Magazyn Pakamera.pl<\/title>\n<meta name=\"description\" content=\"Uwa\u017cnie \u015bledzisz trendy jesie\u0144-zima, poniewa\u017c chcesz od\u015bwie\u017cy\u0107 garderob\u0119 na sezon 2024\/2025? Dobrze trafi\u0142a\u015b!\" \/>\n<meta name=\"robots\" content=\"index, follow\" \/>\n<link rel=\"canonical\" href=\"https:\/\/www.pakamera.pl\/magazyn\/trendy-jesien-zima-2024-2025-te-rzeczy-warto-miec-w-szafie\/\" \/>\n<meta property=\"og:locale\" content=\"pl_PL\" \/>\n<meta property=\"og:type\" content=\"article\" \/>\n<meta property=\"og:title\" content=\"Trendy jesie\u0144-zima 2025\/2026 \u2013 te rzeczy warto mie\u0107 w szafie! - Magazyn Pakamera.pl\" \/>\n<meta property=\"og:description\" content=\"Uwa\u017cnie \u015bledzisz trendy jesie\u0144-zima, poniewa\u017c chcesz od\u015bwie\u017cy\u0107 garderob\u0119 na sezon 2024\/2025? Dobrze trafi\u0142a\u015b!\" \/>\n<meta property=\"og:url\" content=\"https:\/\/www.pakamera.pl\/magazyn\/trendy-jesien-zima-2024-2025-te-rzeczy-warto-miec-w-szafie\/\" \/>\n<meta property=\"og:site_name\" content=\"Magazyn Pakamera.pl\" \/>\n<meta property=\"article:publisher\" content=\"https:\/\/facebook.com\/pakamerapl\" \/>\n<meta property=\"article:published_time\" content=\"2024-12-03T09:42:16+00:00\" \/>\n<meta property=\"article:modified_time\" content=\"2025-11-26T09:19:23+00:00\" \/>\n<meta property=\"og:image\" content=\"https:\/\/imgmag.pakamera.net\/2024\/11\/trendy-jesien-zima-20242025-te-rzeczy-warto-miec-w-szafie-153447433313.jpg\" \/>\n\t<meta property=\"og:image:width\" content=\"1600\" \/>\n\t<meta property=\"og:image:height\" content=\"840\" \/>\n\t<meta property=\"og:image:type\" content=\"image\/jpeg\" \/>\n<meta name=\"author\" content=\"Magda Strzelecka\" \/>\n<meta name=\"twitter:card\" content=\"summary_large_image\" \/>\n<meta name=\"twitter:label1\" content=\"Napisane przez\" \/>\n\t<meta name=\"twitter:data1\" content=\"Magda Strzelecka\" \/>\n\t<meta name=\"twitter:label2\" content=\"Szacowany czas czytania\" \/>\n\t<meta name=\"twitter:data2\" content=\"5 minut\" \/>\n<script type=\"application\/ld+json\" class=\"yoast-schema-graph\">{\"@context\":\"https:\/\/schema.org\",\"@graph\":[{\"@type\":\"Article\",\"@id\":\"https:\/\/www.pakamera.pl\/magazyn\/trendy-jesien-zima-2024-2025-te-rzeczy-warto-miec-w-szafie\/#article\",\"isPartOf\":{\"@id\":\"https:\/\/www.pakamera.pl\/magazyn\/trendy-jesien-zima-2024-2025-te-rzeczy-warto-miec-w-szafie\/\"},\"author\":{\"name\":\"Magda Strzelecka\",\"@id\":\"https:\/\/www.pakamera.pl\/magazyn\/#\/schema\/person\/375940ab821c5af50e1e31f1ec5282b5\"},\"headline\":\"Trendy jesie\u0144-zima 2025\/2026 \u2013 te rzeczy warto mie\u0107 w szafie!\",\"datePublished\":\"2024-12-03T09:42:16+00:00\",\"dateModified\":\"2025-11-26T09:19:23+00:00\",\"mainEntityOfPage\":{\"@id\":\"https:\/\/www.pakamera.pl\/magazyn\/trendy-jesien-zima-2024-2025-te-rzeczy-warto-miec-w-szafie\/\"},\"wordCount\":851,\"publisher\":{\"@id\":\"https:\/\/www.pakamera.pl\/magazyn\/#organization\"},\"keywords\":[\"buty na zim\u0119\",\"ciep\u0142e swetry na zim\u0119\",\"czapka na zim\u0119\",\"dodatki na zim\u0119\",\"jesie\u0144\/zima\",\"kurtka na zim\u0119\",\"modne zimowe dodatki\",\"oversizowy sweter\",\"sukienka w kwiaty zim\u0105\",\"sweter oversize\"],\"articleSection\":[\"Moda\"],\"inLanguage\":\"pl-PL\"},{\"@type\":\"WebPage\",\"@id\":\"https:\/\/www.pakamera.pl\/magazyn\/trendy-jesien-zima-2024-2025-te-rzeczy-warto-miec-w-szafie\/\",\"url\":\"https:\/\/www.pakamera.pl\/magazyn\/trendy-jesien-zima-2024-2025-te-rzeczy-warto-miec-w-szafie\/\",\"name\":\"Trendy jesie\u0144-zima 2025\/2026 \u2013 te rzeczy warto mie\u0107 w szafie! - Magazyn Pakamera.pl\",\"isPartOf\":{\"@id\":\"https:\/\/www.pakamera.pl\/magazyn\/#website\"},\"datePublished\":\"2024-12-03T09:42:16+00:00\",\"dateModified\":\"2025-11-26T09:19:23+00:00\",\"description\":\"Uwa\u017cnie \u015bledzisz trendy jesie\u0144-zima, poniewa\u017c chcesz od\u015bwie\u017cy\u0107 garderob\u0119 na sezon 2024\/2025? Dobrze trafi\u0142a\u015b!\",\"breadcrumb\":{\"@id\":\"https:\/\/www.pakamera.pl\/magazyn\/trendy-jesien-zima-2024-2025-te-rzeczy-warto-miec-w-szafie\/#breadcrumb\"},\"inLanguage\":\"pl-PL\",\"potentialAction\":[{\"@type\":\"ReadAction\",\"target\":[\"https:\/\/www.pakamera.pl\/magazyn\/trendy-jesien-zima-2024-2025-te-rzeczy-warto-miec-w-szafie\/\"]}]},{\"@type\":\"BreadcrumbList\",\"@id\":\"https:\/\/www.pakamera.pl\/magazyn\/trendy-jesien-zima-2024-2025-te-rzeczy-warto-miec-w-szafie\/#breadcrumb\",\"itemListElement\":[{\"@type\":\"ListItem\",\"position\":1,\"name\":\"Magazyn\",\"item\":\"https:\/\/www.pakamera.pl\/magazyn\/\"},{\"@type\":\"ListItem\",\"position\":2,\"name\":\"Moda\",\"item\":\"https:\/\/www.pakamera.pl\/magazyn\/category\/moda\/\"},{\"@type\":\"ListItem\",\"position\":3,\"name\":\"Trendy jesie\u0144-zima 2025\/2026 \u2013 te rzeczy warto mie\u0107 w szafie!\"}]},{\"@type\":\"WebSite\",\"@id\":\"https:\/\/www.pakamera.pl\/magazyn\/#website\",\"url\":\"https:\/\/www.pakamera.pl\/magazyn\/\",\"name\":\"Magazyn Pakamera.pl\",\"description\":\"Sprawd\u017a najgor\u0119tsze tematy sezonu!\",\"publisher\":{\"@id\":\"https:\/\/www.pakamera.pl\/magazyn\/#organization\"},\"potentialAction\":[{\"@type\":\"SearchAction\",\"target\":{\"@type\":\"EntryPoint\",\"urlTemplate\":\"https:\/\/www.pakamera.pl\/magazyn\/?s={search_term_string}\"},\"query-input\":\"required name=search_term_string\"}],\"inLanguage\":\"pl-PL\"},{\"@type\":\"Organization\",\"@id\":\"https:\/\/www.pakamera.pl\/magazyn\/#organization\",\"name\":\"Pakamera.pl\",\"url\":\"https:\/\/www.pakamera.pl\/magazyn\/\",\"logo\":{\"@type\":\"ImageObject\",\"inLanguage\":\"pl-PL\",\"@id\":\"https:\/\/www.pakamera.pl\/magazyn\/#\/schema\/logo\/image\/\",\"url\":\"https:\/\/imgmag.pakamera.net\/2023\/11\/153455466619.png\",\"contentUrl\":\"https:\/\/imgmag.pakamera.net\/2023\/11\/153455466619.png\",\"width\":690,\"height\":140,\"caption\":\"Pakamera.pl\"},\"image\":{\"@id\":\"https:\/\/www.pakamera.pl\/magazyn\/#\/schema\/logo\/image\/\"},\"sameAs\":[\"https:\/\/facebook.com\/pakamerapl\",\"https:\/\/www.instagram.com\/pakamera\/\"]},{\"@type\":\"Person\",\"@id\":\"https:\/\/www.pakamera.pl\/magazyn\/#\/schema\/person\/375940ab821c5af50e1e31f1ec5282b5\",\"name\":\"Magda Strzelecka\",\"description\":\"Magda to nasza stylistka, kt\u00f3ra od ponad 10 lat \u015bci\u015ble zwi\u0105zana jest z mod\u0105. Uwielbia \u015bledzi\u0107 \u015bwiatowe trendy i przek\u0142ada\u0107 je na rynek polski. Kocha dobre sk\u0142ady ubra\u0144, wyj\u0105tkow\u0105 bi\u017cuteri\u0119 i dodatki kt\u00f3re o\u017cywi\u0105 ka\u017cd\u0105 stylizacj\u0119.\"}]}<\/script>\n<!-- \/ Yoast SEO plugin. -->","yoast_head_json":{"title":"Trendy jesie\u0144-zima 2025\/2026 \u2013 te rzeczy warto mie\u0107 w szafie! - Magazyn Pakamera.pl","description":"Uwa\u017cnie \u015bledzisz trendy jesie\u0144-zima, poniewa\u017c chcesz od\u015bwie\u017cy\u0107 garderob\u0119 na sezon 2024\/2025? Dobrze trafi\u0142a\u015b!","robots":{"index":"index","follow":"follow"},"canonical":"https:\/\/www.pakamera.pl\/magazyn\/trendy-jesien-zima-2024-2025-te-rzeczy-warto-miec-w-szafie\/","og_locale":"pl_PL","og_type":"article","og_title":"Trendy jesie\u0144-zima 2025\/2026 \u2013 te rzeczy warto mie\u0107 w szafie! - Magazyn Pakamera.pl","og_description":"Uwa\u017cnie \u015bledzisz trendy jesie\u0144-zima, poniewa\u017c chcesz od\u015bwie\u017cy\u0107 garderob\u0119 na sezon 2024\/2025? Dobrze trafi\u0142a\u015b!","og_url":"https:\/\/www.pakamera.pl\/magazyn\/trendy-jesien-zima-2024-2025-te-rzeczy-warto-miec-w-szafie\/","og_site_name":"Magazyn Pakamera.pl","article_publisher":"https:\/\/facebook.com\/pakamerapl","article_published_time":"2024-12-03T09:42:16+00:00","article_modified_time":"2025-11-26T09:19:23+00:00","og_image":[{"width":1600,"height":840,"url":"https:\/\/imgmag.pakamera.net\/2024\/11\/trendy-jesien-zima-20242025-te-rzeczy-warto-miec-w-szafie-153447433313.jpg","type":"image\/jpeg"}],"author":"Magda Strzelecka","twitter_card":"summary_large_image","twitter_misc":{"Napisane przez":"Magda Strzelecka","Szacowany czas czytania":"5 minut"},"schema":{"@context":"https:\/\/schema.org","@graph":[{"@type":"Article","@id":"https:\/\/www.pakamera.pl\/magazyn\/trendy-jesien-zima-2024-2025-te-rzeczy-warto-miec-w-szafie\/#article","isPartOf":{"@id":"https:\/\/www.pakamera.pl\/magazyn\/trendy-jesien-zima-2024-2025-te-rzeczy-warto-miec-w-szafie\/"},"author":{"name":"Magda Strzelecka","@id":"https:\/\/www.pakamera.pl\/magazyn\/#\/schema\/person\/375940ab821c5af50e1e31f1ec5282b5"},"headline":"Trendy jesie\u0144-zima 2025\/2026 \u2013 te rzeczy warto mie\u0107 w szafie!","datePublished":"2024-12-03T09:42:16+00:00","dateModified":"2025-11-26T09:19:23+00:00","mainEntityOfPage":{"@id":"https:\/\/www.pakamera.pl\/magazyn\/trendy-jesien-zima-2024-2025-te-rzeczy-warto-miec-w-szafie\/"},"wordCount":851,"publisher":{"@id":"https:\/\/www.pakamera.pl\/magazyn\/#organization"},"keywords":["buty na zim\u0119","ciep\u0142e swetry na zim\u0119","czapka na zim\u0119","dodatki na zim\u0119","jesie\u0144\/zima","kurtka na zim\u0119","modne zimowe dodatki","oversizowy sweter","sukienka w kwiaty zim\u0105","sweter oversize"],"articleSection":["Moda"],"inLanguage":"pl-PL"},{"@type":"WebPage","@id":"https:\/\/www.pakamera.pl\/magazyn\/trendy-jesien-zima-2024-2025-te-rzeczy-warto-miec-w-szafie\/","url":"https:\/\/www.pakamera.pl\/magazyn\/trendy-jesien-zima-2024-2025-te-rzeczy-warto-miec-w-szafie\/","name":"Trendy jesie\u0144-zima 2025\/2026 \u2013 te rzeczy warto mie\u0107 w szafie! - Magazyn Pakamera.pl","isPartOf":{"@id":"https:\/\/www.pakamera.pl\/magazyn\/#website"},"datePublished":"2024-12-03T09:42:16+00:00","dateModified":"2025-11-26T09:19:23+00:00","description":"Uwa\u017cnie \u015bledzisz trendy jesie\u0144-zima, poniewa\u017c chcesz od\u015bwie\u017cy\u0107 garderob\u0119 na sezon 2024\/2025? Dobrze trafi\u0142a\u015b!","breadcrumb":{"@id":"https:\/\/www.pakamera.pl\/magazyn\/trendy-jesien-zima-2024-2025-te-rzeczy-warto-miec-w-szafie\/#breadcrumb"},"inLanguage":"pl-PL","potentialAction":[{"@type":"ReadAction","target":["https:\/\/www.pakamera.pl\/magazyn\/trendy-jesien-zima-2024-2025-te-rzeczy-warto-miec-w-szafie\/"]}]},{"@type":"BreadcrumbList","@id":"https:\/\/www.pakamera.pl\/magazyn\/trendy-jesien-zima-2024-2025-te-rzeczy-warto-miec-w-szafie\/#breadcrumb","itemListElement":[{"@type":"ListItem","position":1,"name":"Magazyn","item":"https:\/\/www.pakamera.pl\/magazyn\/"},{"@type":"ListItem","position":2,"name":"Moda","item":"https:\/\/www.pakamera.pl\/magazyn\/category\/moda\/"},{"@type":"ListItem","position":3,"name":"Trendy jesie\u0144-zima 2025\/2026 \u2013 te rzeczy warto mie\u0107 w szafie!"}]},{"@type":"WebSite","@id":"https:\/\/www.pakamera.pl\/magazyn\/#website","url":"https:\/\/www.pakamera.pl\/magazyn\/","name":"Magazyn Pakamera.pl","description":"Sprawd\u017a najgor\u0119tsze tematy sezonu!","publisher":{"@id":"https:\/\/www.pakamera.pl\/magazyn\/#organization"},"potentialAction":[{"@type":"SearchAction","target":{"@type":"EntryPoint","urlTemplate":"https:\/\/www.pakamera.pl\/magazyn\/?s={search_term_string}"},"query-input":"required name=search_term_string"}],"inLanguage":"pl-PL"},{"@type":"Organization","@id":"https:\/\/www.pakamera.pl\/magazyn\/#organization","name":"Pakamera.pl","url":"https:\/\/www.pakamera.pl\/magazyn\/","logo":{"@type":"ImageObject","inLanguage":"pl-PL","@id":"https:\/\/www.pakamera.pl\/magazyn\/#\/schema\/logo\/image\/","url":"https:\/\/imgmag.pakamera.net\/2023\/11\/153455466619.png","contentUrl":"https:\/\/imgmag.pakamera.net\/2023\/11\/153455466619.png","width":690,"height":140,"caption":"Pakamera.pl"},"image":{"@id":"https:\/\/www.pakamera.pl\/magazyn\/#\/schema\/logo\/image\/"},"sameAs":["https:\/\/facebook.com\/pakamerapl","https:\/\/www.instagram.com\/pakamera\/"]},{"@type":"Person","@id":"https:\/\/www.pakamera.pl\/magazyn\/#\/schema\/person\/375940ab821c5af50e1e31f1ec5282b5","name":"Magda Strzelecka","description":"Magda to nasza stylistka, kt\u00f3ra od ponad 10 lat \u015bci\u015ble zwi\u0105zana jest z mod\u0105. Uwielbia \u015bledzi\u0107 \u015bwiatowe trendy i przek\u0142ada\u0107 je na rynek polski. Kocha dobre sk\u0142ady ubra\u0144, wyj\u0105tkow\u0105 bi\u017cuteri\u0119 i dodatki kt\u00f3re o\u017cywi\u0105 ka\u017cd\u0105 stylizacj\u0119."}]}},"_links":{"self":[{"href":"https:\/\/www.pakamera.pl\/magazyn\/wp-json\/wp\/v2\/posts\/11880","targetHints":{"allow":["GET"]}}],"collection":[{"href":"https:\/\/www.pakamera.pl\/magazyn\/wp-json\/wp\/v2\/posts"}],"about":[{"href":"https:\/\/www.pakamera.pl\/magazyn\/wp-json\/wp\/v2\/types\/post"}],"author":[{"embeddable":true,"href":"https:\/\/www.pakamera.pl\/magazyn\/wp-json\/wp\/v2\/users\/16"}],"replies":[{"embeddable":true,"href":"https:\/\/www.pakamera.pl\/magazyn\/wp-json\/wp\/v2\/comments?post=11880"}],"version-history":[{"count":4,"href":"https:\/\/www.pakamera.pl\/magazyn\/wp-json\/wp\/v2\/posts\/11880\/revisions"}],"predecessor-version":[{"id":14151,"href":"https:\/\/www.pakamera.pl\/magazyn\/wp-json\/wp\/v2\/posts\/11880\/revisions\/14151"}],"wp:featuredmedia":[{"embeddable":true,"href":"https:\/\/www.pakamera.pl\/magazyn\/wp-json\/wp\/v2\/media\/11884"}],"wp:attachment":[{"href":"https:\/\/www.pakamera.pl\/magazyn\/wp-json\/wp\/v2\/media?parent=11880"}],"wp:term":[{"taxonomy":"category","embeddable":true,"href":"https:\/\/www.pakamera.pl\/magazyn\/wp-json\/wp\/v2\/categories?post=11880"},{"taxonomy":"post_tag","embeddable":true,"href":"https:\/\/www.pakamera.pl\/magazyn\/wp-json\/wp\/v2\/tags?post=11880"}],"curies":[{"name":"wp","href":"https:\/\/api.w.org\/{rel}","templated":true}]}}