{"id":11834,"date":"2024-11-19T13:45:01","date_gmt":"2024-11-19T12:45:01","guid":{"rendered":"https:\/\/www.pakamera.pl\/magazyn\/?p=11834"},"modified":"2026-03-30T12:01:08","modified_gmt":"2026-03-30T10:01:08","slug":"zareczyny-w-swieta-jak-zaplanowac-oswiadczyny-w-boze-narodzenie","status":"publish","type":"post","link":"https:\/\/www.pakamera.pl\/magazyn\/zareczyny-w-swieta-jak-zaplanowac-oswiadczyny-w-boze-narodzenie\/","title":{"rendered":"Zar\u0119czyny w \u015awi\u0119ta &#8211; jak zaplanowa\u0107 o\u015bwiadczyny w Bo\u017ce Narodzenie?"},"content":{"rendered":"<p><strong>Bo\u017ce Narodzenie to magiczny czas. Z otoczenia wprost bije rodzinne ciep\u0142o. Chcesz uczyni\u0107 ten wyj\u0105tkowy moment jeszcze bardziej niezapomnianym? Zastanawiasz si\u0119 nad o\u015bwiadczynami przy blasku choinki, w\u015br\u00f3d najbli\u017cszych?<\/strong><br \/>\n<!--more--><\/p>\n<figure id=\"attachment_11835\" aria-describedby=\"caption-attachment-11835\" style=\"width: 1600px\" class=\"wp-caption alignnone\"><img loading=\"lazy\" decoding=\"async\" class=\"wp-image-11835 size-full\" src=\"https:\/\/imgmag.pakamera.net\/2024\/11\/zareczyny-w-swieta-jak-zaplanowac-oswiadczyny-w-boze-narodzenie-133715563652.jpg\" alt=\"zar\u0119czyny w \u015bwi\u0119ta\" width=\"1600\" height=\"840\" \/><figcaption id=\"caption-attachment-11835\" class=\"wp-caption-text\">Pier\u015bcionek zar\u0119czynowy z r\u00f3\u017cowym diamentem \/ Wierzbanowska \/ www.pakamera.pl<\/figcaption><\/figure>\n<p>Zar\u0119czyny w Wigili\u0119 kojarz\u0105 si\u0119 ze scenami z romantycznego filmu. Je\u015bli planujesz zada\u0107 to najwa\u017cniejsze pytanie podczas \u015bwi\u0105t, przygotuj si\u0119, \u017ceby wszystko wysz\u0142o idealnie. Wybierz odpowiedni moment. Podpowiemy Ci, jak to zrobi\u0107.<\/p>\n<h2>Czy o\u015bwiadczyny w \u015awi\u0119ta to dobry pomys\u0142?<\/h2>\n<p>Zar\u0119czyny w \u015awi\u0119ta budz\u0105 wiele emocji. Panowie zastanawiaj\u0105 si\u0119, czy ten moment b\u0119dzie odpowiedni, \u017ceby poprosi\u0107 swoj\u0105 wybrank\u0119 o r\u0119k\u0119. Poznaj argumenty za i przeciw, \u017ceby podj\u0105\u0107 odpowiedni\u0105 decyzj\u0119.<\/p>\n<p><strong>O\u015bwiadczyny podczas \u015awi\u0105t to jeden z najbardziej romantycznych sposob\u00f3w na uczynienie tego momentu wyj\u0105tkowym<\/strong>. \u015awi\u0119ta Bo\u017cego Narodzenia tworz\u0105 niepowtarzaln\u0105 atmosfer\u0119. Blisko\u015b\u0107 i ciep\u0142o sprzyjaj\u0105 wielkim wyznaniom. Migocz\u0105ce \u015bwiate\u0142ka, zapach piernika, pi\u0119knie przystrojona choinka\u2026 Ta scenografia wr\u0119cz zach\u0119ca do wielkich s\u0142\u00f3w.<\/p>\n<p><strong>Najwi\u0119ksz\u0105 zalet\u0105 \u015bwi\u0105tecznych o\u015bwiadczyn jest mo\u017cliwo\u015b\u0107 podzielenia si\u0119 t\u0105 chwil\u0105 z najbli\u017cszymi<\/strong>. Taki plan jednak nie przypadnie do gustu wszystkim. Dla niekt\u00f3rych obecno\u015b\u0107 rodziny to zbyt wiele. <strong>Je\u015bli wolisz zada\u0107 pytanie w bardziej intymnej atmosferze, przenie\u015b swoje plany na inny dzie\u0144<\/strong>.<\/p>\n<p>Sama data niesie ze sob\u0105 znaczenie symboliczne. Ko\u0144czy si\u0119 stary rok i nadchodzi nowe. Po zar\u0119czynach wejdziecie w przysz\u0142o\u015b\u0107 ju\u017c razem, tworz\u0105c nowy etap \u017cycia. Nie wszyscy jednak lubi\u0105 przewidywalno\u015b\u0107. <strong>Twoja partnerka mo\u017ce spodziewa\u0107 si\u0119 wa\u017cnego pytania 24 grudnia<\/strong>.<\/p>\n<div id=\"pakawidget1729\" class=\"pakawidget\"><\/div>\n<p><script async defer src=\"https:\/\/www.pakamera.pl\/widget\/widget2.min.js?id=1729&#038;type=20241118133955&#038;wwidth=1000\"><\/script><br \/>\nDla innych jednak o\u015bwiadczyny w takim okresie mog\u0105 wydawa\u0107 si\u0119 schematyczne, a element zaskoczenia jest czym\u015b, czego nie chc\u0105 straci\u0107.<\/p>\n<p><strong>\u015awi\u0119ta to czas pe\u0142en emocji, ale tak\u017ce napi\u0119\u0107 i oczekiwa\u0144. Dodatkowe nerwy zwi\u0105zane z o\u015bwiadczynami mog\u0105 sta\u0107 si\u0119 niepotrzebnym \u017ar\u00f3d\u0142em stresu<\/strong>. Przemy\u015bl, czy ten moment powinien by\u0107 naznaczony presj\u0105 \u015bwi\u0105tecznego rozgardiaszu.<\/p>\n<p>Je\u015bli partner nie jest gotowy na zar\u0119czyny, nieudane o\u015bwiadczyny popsuj\u0105 \u015bwi\u0105teczn\u0105 atmosfer\u0119 Tobie i ca\u0142ej rodzinie.<\/p>\n<h2>Zar\u0119czyny w Wigili\u0119 czy Bo\u017ce Narodzenie?<\/h2>\n<p>O\u015bwiadczyny w \u015bwi\u0119ta Bo\u017cego Narodzenia czy w Wigili\u0119? Oba dni s\u0105 wyj\u0105tkowe, dlatego masz utrudniony wyb\u00f3r. 24 grudnia wszyscy gromadz\u0105 si\u0119 przy jednym stole. Je\u015bli zale\u017cy Ci, aby od razu og\u0142osi\u0107 dobr\u0105 nowin\u0119 rodzicom, jest to by\u0107 dobry moment.<\/p>\n<p>Zar\u0119czyny w Bo\u017ce Narodzenie przy rodzinnym stole mog\u0105 by\u0107 zbyt publiczne dla Twojej ukochanej. S\u0142uchaj jej wyra\u017anie, by\u0107 mo\u017ce mi\u0119dzy s\u0142owami wspomnia\u0142a ju\u017c, jak wyobra\u017ca sobie ten idealny moment.<\/p>\n<p>W polskiej kulturze <strong>wigilia jest wype\u0142niona konkretnymi tradycjami<\/strong>: wypatrywaniem pierwszej gwiazdki, jedzeniem 12 potraw, rozdawaniem prezent\u00f3w i rodzinnym wyj\u015bciem na pasterk\u0119. <strong>Waga zar\u0119czyn mo\u017ce znikn\u0105\u0107 w nat\u0142oku \u015bwi\u0105tecznych zwyczaj\u00f3w<\/strong>.<\/p>\n<p><strong>W pierwszy dzie\u0144 Bo\u017cego Narodzenia mo\u017cesz liczy\u0107 na bardziej kameraln\u0105 atmosfer\u0119<\/strong>. Prezenty s\u0105 ju\u017c rozdane, a emocje nieco opad\u0142y. \u0141atwiej b\u0119dzie Ci znale\u017a\u0107 idealny moment. Teraz tylko musisz znale\u017a\u0107 pomys\u0142 na o\u015bwiadczyny w \u015bwi\u0119ta Bo\u017cego Narodzenia.<\/p>\n<h2>8 pomys\u0142\u00f3w na o\u015bwiadczyny w \u015awi\u0119ta<\/h2>\n<figure id=\"attachment_11836\" aria-describedby=\"caption-attachment-11836\" style=\"width: 1600px\" class=\"wp-caption alignnone\"><img loading=\"lazy\" decoding=\"async\" class=\"wp-image-11836 size-full\" src=\"https:\/\/imgmag.pakamera.net\/2024\/11\/zareczyny-w-swieta-jak-zaplanowac-oswiadczyny-w-boze-narodzenie-133716385272.jpg\" alt=\"Przepi\u0119kny pier\u015bcionek zar\u0119czynowy z naturalnym zielonym szafirem wykonany w z\u0142ocie pr\u00f3by 585\" width=\"1600\" height=\"840\" \/><figcaption id=\"caption-attachment-11836\" class=\"wp-caption-text\">Pier\u015bcionek zar\u0119czynowy z szafirem- z\u0142oto 585 \/ ARPELC \/ www.pakamera.pl<\/figcaption><\/figure>\n<p>Od kilku miesi\u0119cy przegl\u0105dasz <a href=\"https:\/\/www.pakamera.pl\/magazyn\/wzory-pierscionkow-z-oczkiem-zainspiruj-sie\/\" target=\"_blank\" rel=\"noopener\">wzory pier\u015bcionk\u00f3w z oczkiem<\/a> w oczekiwaniu na d\u0142ugo wyczekiwan\u0105 chwil\u0119? Zainspiruj si\u0119 naszymi pomys\u0142ami na o\u015bwiadczyny w Bo\u017ce Narodzenie.<\/p>\n<p>Zaplanuj ten moment, \u017ceby mie\u0107 czas <a href=\"https:\/\/www.pakamera.pl\/magazyn\/rozmiary-pierscionkow-jak-zmierzyc\/\" target=\"_blank\" rel=\"noopener\">sprawdzi\u0107 rozmiary pier\u015bcionk\u00f3w<\/a> noszone przez Twoj\u0105 ukochan\u0105. Koniecznie te\u017c sprawd\u017a to <a href=\"https:\/\/www.pakamera.pl\/magazyn\/na-ktorym-palcu-nosic-pierscionek-zareczynowy\/\" target=\"_blank\" rel=\"noopener\">na kt\u00f3rym palcu nosi\u0107 pier\u015bcionek zar\u0119czynowy<\/a>.<\/p>\n<h3>Pier\u015bcionek w bombce choinkowej<\/h3>\n<p>\u015awi\u0105teczne drzewko to miejsce pe\u0142ne niespodzianek. <strong>Ukryj <a href=\"https:\/\/www.pakamera.pl\/pierscionki-0-1837.htm\" target=\"_blank\" rel=\"noopener\">pier\u015bcionek<\/a> w przezroczystej bombce i popro\u015b ukochan\u0105, \u017ceby zawiesi\u0142a j\u0105 na choince<\/strong>. Zaskoczenie gwarantowane.<\/p>\n<h3>O\u015bwiadczyny pod jemio\u0142\u0105<\/h3>\n<p>Jemio\u0142a jest \u015bwi\u0105tecznym symbolem mi\u0142o\u015bci. Przechodz\u0105c pod ni\u0105 z ukochan\u0105 osob\u0105, wprost nale\u017cy si\u0119 poca\u0142owa\u0107! <strong>Przyczep pier\u015bcionek do ga\u0142\u0105zki jemio\u0142y i popro\u015b dziewczyn\u0119, \u017ceby pod ni\u0105 stan\u0119\u0142a<\/strong>. Gdy zbli\u017cycie si\u0119 na \u015bwi\u0105teczny poca\u0142unek, wyci\u0105gnij pier\u015bcionek. Chcesz zaskoczy\u0107 j\u0105 jeszcze bardziej? Zobacz <a href=\"https:\/\/www.pakamera.pl\/magazyn\/co-wygrawerowac-na-pierscionku-zareczynowym\/\" target=\"_blank\" rel=\"noopener\">co mo\u017cna wygrawerowa\u0107 na pier\u015bcionku zar\u0119czynowym<\/a>.<\/p>\n<h3>Podczas dekorowania pierniczk\u00f3w<\/h3>\n<p>Pierniczki pi\u0119knie pachn\u0105, wygl\u0105daj\u0105 i smakuj\u0105. Ich pieczenie zbli\u017ca ludzi. <strong>Wypisz na jednym z nich lukrem s\u0142owa \u201eWyjdziesz za mnie?\u201d i wr\u0119cz go ukochanej<\/strong>. Nie zdziw si\u0119, je\u015bli nigdy nie zje ciasteczka, a zamiast tego zachowa je na pami\u0105tk\u0119.<\/p>\n<div id=\"pakawidget1730\" class=\"pakawidget\"><\/div>\n<p><script async defer src=\"https:\/\/www.pakamera.pl\/widget\/widget2.min.js?id=1730&#038;type=20241118134232&#038;wwidth=1000\"><\/script><\/p>\n<h3>W trakcie kolacji wigilijnej<\/h3>\n<p>Je\u015bli oboje cenicie sobie rodzin\u0119 najbardziej na \u015bwiecie, zaplanuj o\u015bwiadczyny przy wigilijnym stole. <strong>Poinformuj o tym zebranych, \u017ceby pomogli Ci zorganizowa\u0107 odpowiedni moment<\/strong>. Mo\u017ce to by\u0107 np. tu\u017c przed dzieleniem si\u0119 op\u0142atkiem.<\/p>\n<h3>Pier\u015bcionek w kalendarzu adwentowym<\/h3>\n<p>Stw\u00f3rz dla swojej ukochanej kalendarz adwentowy. <strong>Ukryj pier\u015bcionek w ostatnim okienku<\/strong>. Ka\u017cdy kolejny dzie\u0144 grudnia b\u0119dzie podgrzewa\u0142 emocje drobnymi upominkami. B\u0119dziesz m\u00f3g\u0142 si\u0119 doczeka\u0107, a\u017c w ko\u0144cu otworzy najwa\u017cniejsze okienko?<\/p>\n<h3>Podczas poszukiwania pierwszej gwiazdki<\/h3>\n<p>Zapewnijcie sobie chwil\u0119 tylko dla siebie. <strong>Wyjd\u017acie na romantyczny spacer, \u017ceby wypatrywa\u0107 pierwsz\u0105 gwiazdk\u0119<\/strong>. Gdy pojawi si\u0119 na niebie, kl\u0119knij i wyci\u0105gnij pier\u015bcionek.<\/p>\n<h3>W prezencie gwiazdkowym<\/h3>\n<p>A mo\u017ce by tak da\u0107 swojej ukochanej <a href=\"https:\/\/www.pakamera.pl\/pierscionki-zareczynowe-0-3117.htm\" target=\"_blank\" rel=\"noopener\">pier\u015bcionek zar\u0119czynowy<\/a> w prezencie pod choink\u0119? <strong>Ukryj ozdob\u0119 w wi\u0119kszych pude\u0142kach<\/strong>. Niech b\u0119dzie ich kilka, \u017ceby Twojej dziewczynie zaj\u0119\u0142o chwil\u0119 doj\u015bcie do w\u0142a\u015bciwego prezentu.<\/p>\n<h3>W trakcie \u015bwi\u0105tecznego seansu filmowego<\/h3>\n<p>Wsp\u00f3lnie usi\u0105d\u017acie do ogl\u0105dania ulubionego \u015bwi\u0105tecznego filmu Twojej dziewczyny. <strong>Dobrze, gdyby by\u0142a w nim scena o\u015bwiadczyn. Zastopuj wideo w odpowiednim momencie<\/strong> i\u2026 wiesz, co masz robi\u0107. Odpowiednio wcze\u015bniej przygotuj pier\u015bcionek i <a href=\"https:\/\/www.pakamera.pl\/pudelko-na-obraczki-0-t73564.htm\" target=\"_blank\" rel=\"noopener\">pude\u0142ko na obr\u0105czki<\/a>.<\/p>\n<h2>Planujesz zar\u0119czyny w \u015awi\u0119ta? Wybierz idealny pier\u015bcionek!<\/h2>\n<p>Masz ju\u017c pomys\u0142 na zar\u0119czyny w \u015bwi\u0119ta Bo\u017cego Narodzenia? Wyj\u0105tkowy moment zas\u0142uguje na r\u00f3wnie wyj\u0105tkow\u0105 opraw\u0119. <a href=\"https:\/\/www.pakamera.pl\/magazyn\/jak-wybrac-pierscionek-zareczynowy-6-wskazowek\/\" target=\"_blank\" rel=\"noopener\">Jak wybra\u0107 pier\u015bcionek zar\u0119czynowy<\/a> \u2013 dowiesz si\u0119 tego z naszego poradnika.<br \/>\nPrzejrzyj ofert\u0119 polskich projektant\u00f3w i znajd\u017a ozdob\u0119, kt\u00f3ra idealnie wpisze si\u0119 w \u015bwi\u0105teczn\u0105 atmosfer\u0119. Mo\u017cesz r\u00f3wnie\u017c przeczyta\u0107 inne wpisy blogowe, \u017ceby dowiedzie\u0107 si\u0119, <a href=\"https:\/\/www.pakamera.pl\/magazyn\/znaczenie-kamieni-w-pierscionku-zareczynowym-co-warto-wiedziec\/\" target=\"_blank\" rel=\"noopener\">jakie znaczenie maj\u0105 kamienie naturalne w pier\u015bcionku zar\u0119czynowym<\/a>.<\/p>\n","protected":false},"excerpt":{"rendered":"<p>Bo\u017ce Narodzenie to magiczny czas. Z otoczenia wprost bije rodzinne ciep\u0142o. Chcesz uczyni\u0107 ten wyj\u0105tkowy moment jeszcze bardziej niezapomnianym? Zastanawiasz si\u0119 nad o\u015bwiadczynami przy blasku choinki, w\u015br\u00f3d najbli\u017cszych?<\/p>\n","protected":false},"author":16,"featured_media":11835,"comment_status":"closed","ping_status":"closed","sticky":false,"template":"","format":"standard","meta":{"footnotes":""},"categories":[3],"tags":[214,2575,211,1711,212],"class_list":["post-11834","post","type-post","status-publish","format-standard","has-post-thumbnail","hentry","category-moda","tag-diamenty","tag-pierscionek-z-oczkiem","tag-pierscionek-zareczynowy","tag-zareczyny","tag-zloty-pierscionek"],"yoast_head":"<!-- This site is optimized with the Yoast SEO plugin v21.6 - https:\/\/yoast.com\/wordpress\/plugins\/seo\/ -->\n<title>Zar\u0119czyny w \u015awi\u0119ta \u2013 jak zaplanowa\u0107 o\u015bwiadczyny - Magazyn Pakamera.pl<\/title>\n<meta name=\"description\" content=\"Zastanawiasz si\u0119 czy zar\u0119czyny w \u015awi\u0119ta to dobry pomys\u0142? Zobacz nasze podpowiedzi jak zorganizowa\u0107 ten wyj\u0105tkowy dzie\u0144.\" \/>\n<meta name=\"robots\" content=\"index, follow\" \/>\n<link rel=\"canonical\" href=\"https:\/\/www.pakamera.pl\/magazyn\/zareczyny-w-swieta-jak-zaplanowac-oswiadczyny-w-boze-narodzenie\/\" \/>\n<meta property=\"og:locale\" content=\"pl_PL\" \/>\n<meta property=\"og:type\" content=\"article\" \/>\n<meta property=\"og:title\" content=\"Zar\u0119czyny w \u015awi\u0119ta \u2013 jak zaplanowa\u0107 o\u015bwiadczyny - Magazyn Pakamera.pl\" \/>\n<meta property=\"og:description\" content=\"Zastanawiasz si\u0119 czy zar\u0119czyny w \u015awi\u0119ta to dobry pomys\u0142? Zobacz nasze podpowiedzi jak zorganizowa\u0107 ten wyj\u0105tkowy dzie\u0144.\" \/>\n<meta property=\"og:url\" content=\"https:\/\/www.pakamera.pl\/magazyn\/zareczyny-w-swieta-jak-zaplanowac-oswiadczyny-w-boze-narodzenie\/\" \/>\n<meta property=\"og:site_name\" content=\"Magazyn Pakamera.pl\" \/>\n<meta property=\"article:publisher\" content=\"https:\/\/facebook.com\/pakamerapl\" \/>\n<meta property=\"article:published_time\" content=\"2024-11-19T12:45:01+00:00\" \/>\n<meta property=\"article:modified_time\" content=\"2026-03-30T10:01:08+00:00\" \/>\n<meta property=\"og:image\" content=\"https:\/\/imgmag.pakamera.net\/2024\/11\/zareczyny-w-swieta-jak-zaplanowac-oswiadczyny-w-boze-narodzenie-133715563652.jpg\" \/>\n\t<meta property=\"og:image:width\" content=\"1600\" \/>\n\t<meta property=\"og:image:height\" content=\"840\" \/>\n\t<meta property=\"og:image:type\" content=\"image\/jpeg\" \/>\n<meta name=\"author\" content=\"Magda Strzelecka\" \/>\n<meta name=\"twitter:card\" content=\"summary_large_image\" \/>\n<meta name=\"twitter:label1\" content=\"Napisane przez\" \/>\n\t<meta name=\"twitter:data1\" content=\"Magda Strzelecka\" \/>\n\t<meta name=\"twitter:label2\" content=\"Szacowany czas czytania\" \/>\n\t<meta name=\"twitter:data2\" content=\"6 minut\" \/>\n<script type=\"application\/ld+json\" class=\"yoast-schema-graph\">{\"@context\":\"https:\/\/schema.org\",\"@graph\":[{\"@type\":\"Article\",\"@id\":\"https:\/\/www.pakamera.pl\/magazyn\/zareczyny-w-swieta-jak-zaplanowac-oswiadczyny-w-boze-narodzenie\/#article\",\"isPartOf\":{\"@id\":\"https:\/\/www.pakamera.pl\/magazyn\/zareczyny-w-swieta-jak-zaplanowac-oswiadczyny-w-boze-narodzenie\/\"},\"author\":{\"name\":\"Magda Strzelecka\",\"@id\":\"https:\/\/www.pakamera.pl\/magazyn\/#\/schema\/person\/375940ab821c5af50e1e31f1ec5282b5\"},\"headline\":\"Zar\u0119czyny w \u015awi\u0119ta &#8211; jak zaplanowa\u0107 o\u015bwiadczyny w Bo\u017ce Narodzenie?\",\"datePublished\":\"2024-11-19T12:45:01+00:00\",\"dateModified\":\"2026-03-30T10:01:08+00:00\",\"mainEntityOfPage\":{\"@id\":\"https:\/\/www.pakamera.pl\/magazyn\/zareczyny-w-swieta-jak-zaplanowac-oswiadczyny-w-boze-narodzenie\/\"},\"wordCount\":1073,\"publisher\":{\"@id\":\"https:\/\/www.pakamera.pl\/magazyn\/#organization\"},\"keywords\":[\"diamenty\",\"Pier\u015bcionek z oczkiem\",\"pier\u015bcionek zar\u0119czynowy\",\"zar\u0119czyny\",\"z\u0142oty pier\u015bcionek\"],\"articleSection\":[\"Moda\"],\"inLanguage\":\"pl-PL\"},{\"@type\":\"WebPage\",\"@id\":\"https:\/\/www.pakamera.pl\/magazyn\/zareczyny-w-swieta-jak-zaplanowac-oswiadczyny-w-boze-narodzenie\/\",\"url\":\"https:\/\/www.pakamera.pl\/magazyn\/zareczyny-w-swieta-jak-zaplanowac-oswiadczyny-w-boze-narodzenie\/\",\"name\":\"Zar\u0119czyny w \u015awi\u0119ta \u2013 jak zaplanowa\u0107 o\u015bwiadczyny - Magazyn Pakamera.pl\",\"isPartOf\":{\"@id\":\"https:\/\/www.pakamera.pl\/magazyn\/#website\"},\"datePublished\":\"2024-11-19T12:45:01+00:00\",\"dateModified\":\"2026-03-30T10:01:08+00:00\",\"description\":\"Zastanawiasz si\u0119 czy zar\u0119czyny w \u015awi\u0119ta to dobry pomys\u0142? Zobacz nasze podpowiedzi jak zorganizowa\u0107 ten wyj\u0105tkowy dzie\u0144.\",\"breadcrumb\":{\"@id\":\"https:\/\/www.pakamera.pl\/magazyn\/zareczyny-w-swieta-jak-zaplanowac-oswiadczyny-w-boze-narodzenie\/#breadcrumb\"},\"inLanguage\":\"pl-PL\",\"potentialAction\":[{\"@type\":\"ReadAction\",\"target\":[\"https:\/\/www.pakamera.pl\/magazyn\/zareczyny-w-swieta-jak-zaplanowac-oswiadczyny-w-boze-narodzenie\/\"]}]},{\"@type\":\"BreadcrumbList\",\"@id\":\"https:\/\/www.pakamera.pl\/magazyn\/zareczyny-w-swieta-jak-zaplanowac-oswiadczyny-w-boze-narodzenie\/#breadcrumb\",\"itemListElement\":[{\"@type\":\"ListItem\",\"position\":1,\"name\":\"Magazyn\",\"item\":\"https:\/\/www.pakamera.pl\/magazyn\/\"},{\"@type\":\"ListItem\",\"position\":2,\"name\":\"Moda\",\"item\":\"https:\/\/www.pakamera.pl\/magazyn\/category\/moda\/\"},{\"@type\":\"ListItem\",\"position\":3,\"name\":\"Zar\u0119czyny w \u015awi\u0119ta &#8211; jak zaplanowa\u0107 o\u015bwiadczyny w Bo\u017ce Narodzenie?\"}]},{\"@type\":\"WebSite\",\"@id\":\"https:\/\/www.pakamera.pl\/magazyn\/#website\",\"url\":\"https:\/\/www.pakamera.pl\/magazyn\/\",\"name\":\"Magazyn Pakamera.pl\",\"description\":\"Sprawd\u017a najgor\u0119tsze tematy sezonu!\",\"publisher\":{\"@id\":\"https:\/\/www.pakamera.pl\/magazyn\/#organization\"},\"potentialAction\":[{\"@type\":\"SearchAction\",\"target\":{\"@type\":\"EntryPoint\",\"urlTemplate\":\"https:\/\/www.pakamera.pl\/magazyn\/?s={search_term_string}\"},\"query-input\":\"required name=search_term_string\"}],\"inLanguage\":\"pl-PL\"},{\"@type\":\"Organization\",\"@id\":\"https:\/\/www.pakamera.pl\/magazyn\/#organization\",\"name\":\"Pakamera.pl\",\"url\":\"https:\/\/www.pakamera.pl\/magazyn\/\",\"logo\":{\"@type\":\"ImageObject\",\"inLanguage\":\"pl-PL\",\"@id\":\"https:\/\/www.pakamera.pl\/magazyn\/#\/schema\/logo\/image\/\",\"url\":\"https:\/\/imgmag.pakamera.net\/2023\/11\/153455466619.png\",\"contentUrl\":\"https:\/\/imgmag.pakamera.net\/2023\/11\/153455466619.png\",\"width\":690,\"height\":140,\"caption\":\"Pakamera.pl\"},\"image\":{\"@id\":\"https:\/\/www.pakamera.pl\/magazyn\/#\/schema\/logo\/image\/\"},\"sameAs\":[\"https:\/\/facebook.com\/pakamerapl\",\"https:\/\/www.instagram.com\/pakamera\/\"]},{\"@type\":\"Person\",\"@id\":\"https:\/\/www.pakamera.pl\/magazyn\/#\/schema\/person\/375940ab821c5af50e1e31f1ec5282b5\",\"name\":\"Magda Strzelecka\",\"description\":\"Magda to nasza stylistka, kt\u00f3ra od ponad 10 lat \u015bci\u015ble zwi\u0105zana jest z mod\u0105. Uwielbia \u015bledzi\u0107 \u015bwiatowe trendy i przek\u0142ada\u0107 je na rynek polski. Kocha dobre sk\u0142ady ubra\u0144, wyj\u0105tkow\u0105 bi\u017cuteri\u0119 i dodatki kt\u00f3re o\u017cywi\u0105 ka\u017cd\u0105 stylizacj\u0119.\"}]}<\/script>\n<!-- \/ Yoast SEO plugin. -->","yoast_head_json":{"title":"Zar\u0119czyny w \u015awi\u0119ta \u2013 jak zaplanowa\u0107 o\u015bwiadczyny - Magazyn Pakamera.pl","description":"Zastanawiasz si\u0119 czy zar\u0119czyny w \u015awi\u0119ta to dobry pomys\u0142? Zobacz nasze podpowiedzi jak zorganizowa\u0107 ten wyj\u0105tkowy dzie\u0144.","robots":{"index":"index","follow":"follow"},"canonical":"https:\/\/www.pakamera.pl\/magazyn\/zareczyny-w-swieta-jak-zaplanowac-oswiadczyny-w-boze-narodzenie\/","og_locale":"pl_PL","og_type":"article","og_title":"Zar\u0119czyny w \u015awi\u0119ta \u2013 jak zaplanowa\u0107 o\u015bwiadczyny - Magazyn Pakamera.pl","og_description":"Zastanawiasz si\u0119 czy zar\u0119czyny w \u015awi\u0119ta to dobry pomys\u0142? Zobacz nasze podpowiedzi jak zorganizowa\u0107 ten wyj\u0105tkowy dzie\u0144.","og_url":"https:\/\/www.pakamera.pl\/magazyn\/zareczyny-w-swieta-jak-zaplanowac-oswiadczyny-w-boze-narodzenie\/","og_site_name":"Magazyn Pakamera.pl","article_publisher":"https:\/\/facebook.com\/pakamerapl","article_published_time":"2024-11-19T12:45:01+00:00","article_modified_time":"2026-03-30T10:01:08+00:00","og_image":[{"width":1600,"height":840,"url":"https:\/\/imgmag.pakamera.net\/2024\/11\/zareczyny-w-swieta-jak-zaplanowac-oswiadczyny-w-boze-narodzenie-133715563652.jpg","type":"image\/jpeg"}],"author":"Magda Strzelecka","twitter_card":"summary_large_image","twitter_misc":{"Napisane przez":"Magda Strzelecka","Szacowany czas czytania":"6 minut"},"schema":{"@context":"https:\/\/schema.org","@graph":[{"@type":"Article","@id":"https:\/\/www.pakamera.pl\/magazyn\/zareczyny-w-swieta-jak-zaplanowac-oswiadczyny-w-boze-narodzenie\/#article","isPartOf":{"@id":"https:\/\/www.pakamera.pl\/magazyn\/zareczyny-w-swieta-jak-zaplanowac-oswiadczyny-w-boze-narodzenie\/"},"author":{"name":"Magda Strzelecka","@id":"https:\/\/www.pakamera.pl\/magazyn\/#\/schema\/person\/375940ab821c5af50e1e31f1ec5282b5"},"headline":"Zar\u0119czyny w \u015awi\u0119ta &#8211; jak zaplanowa\u0107 o\u015bwiadczyny w Bo\u017ce Narodzenie?","datePublished":"2024-11-19T12:45:01+00:00","dateModified":"2026-03-30T10:01:08+00:00","mainEntityOfPage":{"@id":"https:\/\/www.pakamera.pl\/magazyn\/zareczyny-w-swieta-jak-zaplanowac-oswiadczyny-w-boze-narodzenie\/"},"wordCount":1073,"publisher":{"@id":"https:\/\/www.pakamera.pl\/magazyn\/#organization"},"keywords":["diamenty","Pier\u015bcionek z oczkiem","pier\u015bcionek zar\u0119czynowy","zar\u0119czyny","z\u0142oty pier\u015bcionek"],"articleSection":["Moda"],"inLanguage":"pl-PL"},{"@type":"WebPage","@id":"https:\/\/www.pakamera.pl\/magazyn\/zareczyny-w-swieta-jak-zaplanowac-oswiadczyny-w-boze-narodzenie\/","url":"https:\/\/www.pakamera.pl\/magazyn\/zareczyny-w-swieta-jak-zaplanowac-oswiadczyny-w-boze-narodzenie\/","name":"Zar\u0119czyny w \u015awi\u0119ta \u2013 jak zaplanowa\u0107 o\u015bwiadczyny - Magazyn Pakamera.pl","isPartOf":{"@id":"https:\/\/www.pakamera.pl\/magazyn\/#website"},"datePublished":"2024-11-19T12:45:01+00:00","dateModified":"2026-03-30T10:01:08+00:00","description":"Zastanawiasz si\u0119 czy zar\u0119czyny w \u015awi\u0119ta to dobry pomys\u0142? Zobacz nasze podpowiedzi jak zorganizowa\u0107 ten wyj\u0105tkowy dzie\u0144.","breadcrumb":{"@id":"https:\/\/www.pakamera.pl\/magazyn\/zareczyny-w-swieta-jak-zaplanowac-oswiadczyny-w-boze-narodzenie\/#breadcrumb"},"inLanguage":"pl-PL","potentialAction":[{"@type":"ReadAction","target":["https:\/\/www.pakamera.pl\/magazyn\/zareczyny-w-swieta-jak-zaplanowac-oswiadczyny-w-boze-narodzenie\/"]}]},{"@type":"BreadcrumbList","@id":"https:\/\/www.pakamera.pl\/magazyn\/zareczyny-w-swieta-jak-zaplanowac-oswiadczyny-w-boze-narodzenie\/#breadcrumb","itemListElement":[{"@type":"ListItem","position":1,"name":"Magazyn","item":"https:\/\/www.pakamera.pl\/magazyn\/"},{"@type":"ListItem","position":2,"name":"Moda","item":"https:\/\/www.pakamera.pl\/magazyn\/category\/moda\/"},{"@type":"ListItem","position":3,"name":"Zar\u0119czyny w \u015awi\u0119ta &#8211; jak zaplanowa\u0107 o\u015bwiadczyny w Bo\u017ce Narodzenie?"}]},{"@type":"WebSite","@id":"https:\/\/www.pakamera.pl\/magazyn\/#website","url":"https:\/\/www.pakamera.pl\/magazyn\/","name":"Magazyn Pakamera.pl","description":"Sprawd\u017a najgor\u0119tsze tematy sezonu!","publisher":{"@id":"https:\/\/www.pakamera.pl\/magazyn\/#organization"},"potentialAction":[{"@type":"SearchAction","target":{"@type":"EntryPoint","urlTemplate":"https:\/\/www.pakamera.pl\/magazyn\/?s={search_term_string}"},"query-input":"required name=search_term_string"}],"inLanguage":"pl-PL"},{"@type":"Organization","@id":"https:\/\/www.pakamera.pl\/magazyn\/#organization","name":"Pakamera.pl","url":"https:\/\/www.pakamera.pl\/magazyn\/","logo":{"@type":"ImageObject","inLanguage":"pl-PL","@id":"https:\/\/www.pakamera.pl\/magazyn\/#\/schema\/logo\/image\/","url":"https:\/\/imgmag.pakamera.net\/2023\/11\/153455466619.png","contentUrl":"https:\/\/imgmag.pakamera.net\/2023\/11\/153455466619.png","width":690,"height":140,"caption":"Pakamera.pl"},"image":{"@id":"https:\/\/www.pakamera.pl\/magazyn\/#\/schema\/logo\/image\/"},"sameAs":["https:\/\/facebook.com\/pakamerapl","https:\/\/www.instagram.com\/pakamera\/"]},{"@type":"Person","@id":"https:\/\/www.pakamera.pl\/magazyn\/#\/schema\/person\/375940ab821c5af50e1e31f1ec5282b5","name":"Magda Strzelecka","description":"Magda to nasza stylistka, kt\u00f3ra od ponad 10 lat \u015bci\u015ble zwi\u0105zana jest z mod\u0105. Uwielbia \u015bledzi\u0107 \u015bwiatowe trendy i przek\u0142ada\u0107 je na rynek polski. Kocha dobre sk\u0142ady ubra\u0144, wyj\u0105tkow\u0105 bi\u017cuteri\u0119 i dodatki kt\u00f3re o\u017cywi\u0105 ka\u017cd\u0105 stylizacj\u0119."}]}},"_links":{"self":[{"href":"https:\/\/www.pakamera.pl\/magazyn\/wp-json\/wp\/v2\/posts\/11834","targetHints":{"allow":["GET"]}}],"collection":[{"href":"https:\/\/www.pakamera.pl\/magazyn\/wp-json\/wp\/v2\/posts"}],"about":[{"href":"https:\/\/www.pakamera.pl\/magazyn\/wp-json\/wp\/v2\/types\/post"}],"author":[{"embeddable":true,"href":"https:\/\/www.pakamera.pl\/magazyn\/wp-json\/wp\/v2\/users\/16"}],"replies":[{"embeddable":true,"href":"https:\/\/www.pakamera.pl\/magazyn\/wp-json\/wp\/v2\/comments?post=11834"}],"version-history":[{"count":3,"href":"https:\/\/www.pakamera.pl\/magazyn\/wp-json\/wp\/v2\/posts\/11834\/revisions"}],"predecessor-version":[{"id":14666,"href":"https:\/\/www.pakamera.pl\/magazyn\/wp-json\/wp\/v2\/posts\/11834\/revisions\/14666"}],"wp:featuredmedia":[{"embeddable":true,"href":"https:\/\/www.pakamera.pl\/magazyn\/wp-json\/wp\/v2\/media\/11835"}],"wp:attachment":[{"href":"https:\/\/www.pakamera.pl\/magazyn\/wp-json\/wp\/v2\/media?parent=11834"}],"wp:term":[{"taxonomy":"category","embeddable":true,"href":"https:\/\/www.pakamera.pl\/magazyn\/wp-json\/wp\/v2\/categories?post=11834"},{"taxonomy":"post_tag","embeddable":true,"href":"https:\/\/www.pakamera.pl\/magazyn\/wp-json\/wp\/v2\/tags?post=11834"}],"curies":[{"name":"wp","href":"https:\/\/api.w.org\/{rel}","templated":true}]}}