{"id":11714,"date":"2024-10-20T12:13:33","date_gmt":"2024-10-20T10:13:33","guid":{"rendered":"https:\/\/www.pakamera.pl\/magazyn\/?p=11714"},"modified":"2024-10-18T13:12:53","modified_gmt":"2024-10-18T11:12:53","slug":"jak-prac-welniany-sweter-by-go-nie-zniszczyc","status":"publish","type":"post","link":"https:\/\/www.pakamera.pl\/magazyn\/jak-prac-welniany-sweter-by-go-nie-zniszczyc\/","title":{"rendered":"Jak pra\u0107 we\u0142niany sweter, by go nie zniszczy\u0107?"},"content":{"rendered":"<p><strong>Kupi\u0142a\u015b sobie wymarzony kardigan z kaszmiru? Martwisz si\u0119, jak pra\u0107 we\u0142niany sweter, \u017ceby wytrzyma\u0142 przynajmniej kilka lat? Je\u015bli cho\u0107 raz do\u015bwiadczy\u0142a\u015b wyci\u0105gania z pralki ubrania, kt\u00f3re wygl\u0105da\u0142o jak ubranko dla lalek, pewnie boisz si\u0119 wrzuca\u0107 we\u0142n\u0119 do pralki.<\/strong><br \/>\n<!--more--><\/p>\n<figure id=\"attachment_11716\" aria-describedby=\"caption-attachment-11716\" style=\"width: 1600px\" class=\"wp-caption alignnone\"><img loading=\"lazy\" decoding=\"async\" class=\"wp-image-11716 size-full\" src=\"https:\/\/imgmag.pakamera.net\/2024\/10\/jak-prac-welniany-sweter-by-go-nie-zniszczyc-130237119290.jpg\" alt=\"jak pra\u0107 we\u0142niany sweter\" width=\"1600\" height=\"840\" \/><figcaption id=\"caption-attachment-11716\" class=\"wp-caption-text\">Kardigan Bow bordowy \/ FinkeWear \/ www.pakamera.pl<\/figcaption><\/figure>\n<p>We\u0142n\u0119 mo\u017cna pra\u0107 r\u0119cznie i w pralce. Je\u015bli potraktujesz j\u0105 delikatnie, b\u0119dziesz cieszy\u0107 si\u0119 jej mi\u0119kko\u015bci\u0105 i ciep\u0142em przez wiele sezon\u00f3w. Materia\u0142 nie lubi gor\u0105cej wody, silnych detergent\u00f3w i intensywnego tarcia. Wrzucaj\u0105c sweter do pralki, musisz przestrzega\u0107 kilku zasad. Poznaj je.<\/p>\n<h2>W czym pra\u0107 we\u0142niane swetry?<\/h2>\n<p>Nie wiesz, jak wypra\u0107 we\u0142niany sweter? Przede wszystkim nie u\u017cywaj pierwszego lepszego detergentu. <strong>Si\u0119gnij po \u015brodki przeznaczone do prania we\u0142ny i delikatnych tkanin<\/strong>. Ich neutralne pH chroni w\u0142\u00f3kna przed uszkodzeniem. <strong>Brak wybielaczy i rozja\u015bniaczy nie psuje tkaniny<\/strong>. Formu\u0142a oparta na \u0142agodnych sk\u0142adnikach skutecznie czy\u015bci nawet w niskich temperaturach (ok. 30\u00b0C).<\/p>\n<p>Jak wypra\u0107 sweter z we\u0142ny? <strong>Zaopatrz si\u0119 w p\u0142yn do prania, kt\u00f3ry \u0142atwo si\u0119 rozpuszcza i delikatnie piel\u0119gnuje w\u0142\u00f3kna<\/strong>. Je\u015bli wolisz, mo\u017cesz r\u00f3wnie\u017c skorzysta\u0107 z proszku do prania lub kapsu\u0142ek. Przed ich u\u017cyciem upewnij si\u0119 tylko, \u017ce s\u0105 odpowiednie do delikatnych materia\u0142\u00f3w.<\/p>\n<p>Jak pra\u0107 sweter z we\u0142ny, je\u015bli nie masz pod r\u0119k\u0105 specjalistycznego \u015brodka? Jeste\u015b na wakacjach i w sklepach nie maj\u0105 dedykowanych specyfik\u00f3w? Zapomnia\u0142a\u015b zrobi\u0107 zakupy przed niedziel\u0105 niehandlow\u0105? W takim przypadku <strong>we\u0142n\u0119 mo\u017cesz wypra\u0107 w\u2026 szamponie<\/strong>. <strong>Chodzi tu o specyfik przeznaczony dla dzieci, kt\u00f3ry zawiera alantoin\u0119<\/strong>. Dzia\u0142a on nawil\u017caj\u0105co i wyg\u0142adzaj\u0105co na w\u0142\u00f3kna. Wyschni\u0119ty <a href=\"https:\/\/www.pakamera.pl\/swetry-0-1892.htm\" target=\"_blank\" rel=\"noopener\">sweter damski<\/a> b\u0119dzie mi\u0119ciutki.<\/p>\n<div id=\"pakawidget1640\" class=\"pakawidget\"><\/div>\n<p><script async defer src=\"https:\/\/www.pakamera.pl\/widget\/widget2.min.js?id=1640&#038;type=20241018130509&#038;wwidth=1000\"><\/script><br \/>\nZwyk\u0142e detergenty szkodz\u0105 delikatnej tkaninie. Nie m\u00f3wi\u0105c ju\u017c o \u015brodkach z wybielaczami i silnymi enzymami. Nie u\u017cywaj te\u017c p\u0142yn\u00f3w do p\u0142ukania, je\u015bli chcesz cieszy\u0107 si\u0119 nowym swetrem d\u0142u\u017cej ni\u017c kilka razy.<\/p>\n<p><a href=\"https:\/\/www.pakamera.pl\/magazyn\/jak-prac-kaszmir-wskazowki-pielegnacyjne\/\" target=\"_blank\" rel=\"noopener\">Jak pra\u0107 kaszmir?<\/a> Przestrzegaj podobnych zasad jak w przypadku we\u0142ny owczej.<\/p>\n<h2>Jak najlepiej pra\u0107 sweter z we\u0142ny?<\/h2>\n<p><strong>Pranie swetr\u00f3w z we\u0142ny powinno odbywa\u0107 si\u0119 jak najrzadziej<\/strong>. Ubrania wykonane z tego materia\u0142u cz\u0119sto <strong>wystarczy od\u015bwie\u017cy\u0107, np. wywieszaj\u0105c je na suszarce na balkonie<\/strong>. Naturalne w\u0142a\u015bciwo\u015bci prz\u0119dzy u\u0142atwiaj\u0105 czyszczenie. W\u0142\u00f3kna nie lubi\u0105 d\u0142ugiego moczenia. Pranie <a href=\"https:\/\/www.pakamera.pl\/welniany-sweter-0-t57485.htm\" target=\"_blank\" rel=\"noopener\">we\u0142nianych swetr\u00f3w<\/a> w pralce i r\u0119cznie wymaga ostro\u017cno\u015bci.<\/p>\n<p><strong>Najbezpieczniejsz\u0105 metod\u0105 jest pranie r\u0119czne<\/strong>. Zdecyduj si\u0119 na ni\u0105 w przypadku cennych ubra\u0144 wykonanych z wysokogatunkowej we\u0142ny. Nape\u0142nij misk\u0119 letni\u0105 wod\u0105 (o temperaturze najwy\u017cej 30\u00b0C). Dodaj delikatny detergent do we\u0142ny. <strong>Zanurz sweter i delikatnie ugniataj. Nie pocieraj mocno<\/strong>. Nie wykr\u0119caj ociekaj\u0105cego materia\u0142u. <strong>Wyp\u0142ucz sweter w wodzie o tej samej temperaturze, \u017ceby unikn\u0105\u0107 skurczenia. Na ko\u0144cu delikatnie odci\u015bnij wod\u0119<\/strong>.<\/p>\n<figure id=\"attachment_11715\" aria-describedby=\"caption-attachment-11715\" style=\"width: 1600px\" class=\"wp-caption alignnone\"><img loading=\"lazy\" decoding=\"async\" class=\"wp-image-11715 size-full\" src=\"https:\/\/imgmag.pakamera.net\/2024\/10\/jak-prac-welniany-sweter-by-go-nie-zniszczyc-130235720708.jpg\" alt=\"sweter handmade z we\u0142ny alpaki i merynosa, lekki i ciep\u0142y\" width=\"1600\" height=\"840\" \/><figcaption id=\"caption-attachment-11715\" class=\"wp-caption-text\">Kardigan Merino&amp;alpaca srebrny \/ Lucky HandMade \/ www.pakamera.pl<\/figcaption><\/figure>\n<p><strong>Pranie we\u0142ny owczej w pralce jest bezpieczne, je\u015bli urz\u0105dzenie ma program do we\u0142ny<\/strong>. Takie ustawienia s\u0105 delikatne i nie niszcz\u0105 materia\u0142u.<\/p>\n<p>Jak pra\u0107 we\u0142niane swetry <strong>w pralce? Wybierz program do tkanin delikatnych, ustaw temperatur\u0119 na maksymalnie 30\u00b0C i zrezygnuj z wirowania<\/strong>. Ewentualnie ustaw je na <strong>niskie obroty (400-600 obrot\u00f3w na minut\u0119)<\/strong>. Nigdy nie <strong>przeci\u0105\u017caj pralki<\/strong>. Wype\u0142nij j\u0105 maksymalnie do po\u0142owy. To zmniejszy tarcie ubra\u0144 o siebie.<\/p>\n<p><a href=\"https:\/\/www.pakamera.pl\/magazyn\/welniany-sweter-damski-gotowy-na-zime\/\" target=\"_blank\" rel=\"noopener\">Jaki sweter we\u0142niany wybra\u0107<\/a>, \u017ceby by\u0142o go \u0142atwo pra\u0107? We\u0142n\u0119 z merynosa, kaszmir lub we\u0142n\u0119 z domieszk\u0105 sztucznych w\u0142\u00f3kien.<\/p>\n<p>Gdy ju\u017c zdecydujesz, <a href=\"https:\/\/www.pakamera.pl\/magazyn\/jaki-sweter-na-zime-nas-ogrzeje\/\" target=\"_blank\" rel=\"noopener\">jaki sweter na zim\u0119 wybra\u0107<\/a>, sprawd\u017a etykiet\u0119 piel\u0119gnacyjn\u0105. Producent mo\u017ce mie\u0107 specjalne zalecenia, kt\u00f3rych warto przestrzega\u0107. Zapisz sobie r\u00f3wnie\u017c, w czym pra\u0107 we\u0142niany sweter.<\/p>\n<h2>Jak suszy\u0107 we\u0142niany sweter, by zachowa\u0142 kszta\u0142t?<\/h2>\n<div id=\"pakawidget1641\" class=\"pakawidget\"><\/div>\n<p><script async defer src=\"https:\/\/www.pakamera.pl\/widget\/widget2.min.js?id=1641&#038;type=20241018130829&#038;wwidth=1000\"><\/script><br \/>\nJu\u017c wiesz, jak wypra\u0107 sweter z we\u0142ny. Teraz czas nauczy\u0107 si\u0119 go suszy\u0107. We\u0142nianych ubra\u0144 nie powinno si\u0119 traktowa\u0107 tak samo, jak bawe\u0142nianych. <strong>Nie mo\u017cesz ich mocno wykr\u0119ca\u0107 ani wy\u017cyma\u0107<\/strong>. Zamiast tego <strong>delikatnie odci\u015bnij wod\u0119, a nast\u0119pnie u\u017cyj suchego r\u0119cznika, \u017ceby usun\u0105\u0107 nadmiar wilgoci<\/strong>. Zrobisz to, roluj\u0105c sweter i lekko go dociskaj\u0105c. Tak delikatne traktowanie uchroni w\u0142\u00f3kna przed uszkodzeniem.<\/p>\n<p><strong>We\u0142n\u0119 susz na p\u0142asko<\/strong>. <strong>Roz\u0142\u00f3\u017c sweter na r\u0119czniku lub suszarce do prania<\/strong>. Uformuj go w naturalny kszta\u0142t. Pami\u0119taj o r\u0119kawach i ko\u0142nierzu! <strong>Niech le\u017cy r\u00f3wno i bez zagi\u0119\u0107<\/strong>. To zapobiegnie deformacji. <strong>Kilka razy dziennie obr\u00f3\u0107 sweter, \u017ceby wysuszy\u0142 si\u0119 r\u00f3wnomiernie<\/strong>.<\/p>\n<p><strong>We\u0142niany sweter powinien schn\u0105\u0107 w miejscu z dobr\u0105 cyrkulacj\u0105 powietrza, ale nie bezpo\u015brednio w s\u0142o\u0144cu<\/strong>. Nie stawiaj suszarki obok grzejnika, poniewa\u017c ciep\u0142o powoduje kurczenie si\u0119 materia\u0142u.<br \/>\nWiedza, jak pra\u0107 we\u0142niane swetry, pomo\u017ce Ci zadba\u0107 o Twoje ubrania. Mo\u017cesz sobie pozwoli\u0107 na nieco dro\u017cszy model, poniewa\u017c wytrzyma z Tob\u0105 d\u0142ugie lata. <strong>Wejd\u017a na Pakamera.pl i skompletuj nowy str\u00f3j na jesie\u0144 i zim\u0119<\/strong>.<\/p>\n","protected":false},"excerpt":{"rendered":"<p>Kupi\u0142a\u015b sobie wymarzony kardigan z kaszmiru? Martwisz si\u0119, jak pra\u0107 we\u0142niany sweter, \u017ceby wytrzyma\u0142 przynajmniej kilka lat? Je\u015bli cho\u0107 raz do\u015bwiadczy\u0142a\u015b wyci\u0105gania z pralki ubrania, kt\u00f3re wygl\u0105da\u0142o jak ubranko dla<span class=\"more-dots\">&#8230;<\/span><\/p>\n","protected":false},"author":16,"featured_media":11716,"comment_status":"closed","ping_status":"closed","sticky":false,"template":"","format":"standard","meta":{"footnotes":""},"categories":[3],"tags":[2334,2611,1412,283,2601,1413,2312,2313,284,2612],"class_list":["post-11714","post","type-post","status-publish","format-standard","has-post-thumbnail","hentry","category-moda","tag-cieple-swetry-na-zime","tag-kaszmir","tag-oversizowy-sweter","tag-sweter","tag-sweter-meski","tag-sweter-na-jesien","tag-sweter-z-alpaki","tag-swetry-recznie-robione","tag-welna","tag-welniany-sweter"],"yoast_head":"<!-- This site is optimized with the Yoast SEO plugin v21.6 - https:\/\/yoast.com\/wordpress\/plugins\/seo\/ -->\n<title>Jak pra\u0107 we\u0142niany sweter, by go nie zniszczy\u0107? - Magazyn Pakamera.pl<\/title>\n<meta name=\"description\" content=\"Martwisz si\u0119, jak pra\u0107 we\u0142niany sweter, \u017ceby wytrzyma\u0142 przynajmniej kilka lat? Zobacz nasze porady jak dba\u0107 o we\u0142n\u0119.\" \/>\n<meta name=\"robots\" content=\"index, follow\" \/>\n<link rel=\"canonical\" href=\"https:\/\/www.pakamera.pl\/magazyn\/jak-prac-welniany-sweter-by-go-nie-zniszczyc\/\" \/>\n<meta property=\"og:locale\" content=\"pl_PL\" \/>\n<meta property=\"og:type\" content=\"article\" \/>\n<meta property=\"og:title\" content=\"Jak pra\u0107 we\u0142niany sweter, by go nie zniszczy\u0107? - Magazyn Pakamera.pl\" \/>\n<meta property=\"og:description\" content=\"Martwisz si\u0119, jak pra\u0107 we\u0142niany sweter, \u017ceby wytrzyma\u0142 przynajmniej kilka lat? Zobacz nasze porady jak dba\u0107 o we\u0142n\u0119.\" \/>\n<meta property=\"og:url\" content=\"https:\/\/www.pakamera.pl\/magazyn\/jak-prac-welniany-sweter-by-go-nie-zniszczyc\/\" \/>\n<meta property=\"og:site_name\" content=\"Magazyn Pakamera.pl\" \/>\n<meta property=\"article:publisher\" content=\"https:\/\/facebook.com\/pakamerapl\" \/>\n<meta property=\"article:published_time\" content=\"2024-10-20T10:13:33+00:00\" \/>\n<meta property=\"article:modified_time\" content=\"2024-10-18T11:12:53+00:00\" \/>\n<meta property=\"og:image\" content=\"https:\/\/imgmag.pakamera.net\/2024\/10\/jak-prac-welniany-sweter-by-go-nie-zniszczyc-130237119290.jpg\" \/>\n\t<meta property=\"og:image:width\" content=\"1600\" \/>\n\t<meta property=\"og:image:height\" content=\"840\" \/>\n\t<meta property=\"og:image:type\" content=\"image\/jpeg\" \/>\n<meta name=\"author\" content=\"Magda Strzelecka\" \/>\n<meta name=\"twitter:card\" content=\"summary_large_image\" \/>\n<meta name=\"twitter:label1\" content=\"Napisane przez\" \/>\n\t<meta name=\"twitter:data1\" content=\"Magda Strzelecka\" \/>\n\t<meta name=\"twitter:label2\" content=\"Szacowany czas czytania\" \/>\n\t<meta name=\"twitter:data2\" content=\"5 minut\" \/>\n<script type=\"application\/ld+json\" class=\"yoast-schema-graph\">{\"@context\":\"https:\/\/schema.org\",\"@graph\":[{\"@type\":\"Article\",\"@id\":\"https:\/\/www.pakamera.pl\/magazyn\/jak-prac-welniany-sweter-by-go-nie-zniszczyc\/#article\",\"isPartOf\":{\"@id\":\"https:\/\/www.pakamera.pl\/magazyn\/jak-prac-welniany-sweter-by-go-nie-zniszczyc\/\"},\"author\":{\"name\":\"Magda Strzelecka\",\"@id\":\"https:\/\/www.pakamera.pl\/magazyn\/#\/schema\/person\/375940ab821c5af50e1e31f1ec5282b5\"},\"headline\":\"Jak pra\u0107 we\u0142niany sweter, by go nie zniszczy\u0107?\",\"datePublished\":\"2024-10-20T10:13:33+00:00\",\"dateModified\":\"2024-10-18T11:12:53+00:00\",\"mainEntityOfPage\":{\"@id\":\"https:\/\/www.pakamera.pl\/magazyn\/jak-prac-welniany-sweter-by-go-nie-zniszczyc\/\"},\"wordCount\":862,\"publisher\":{\"@id\":\"https:\/\/www.pakamera.pl\/magazyn\/#organization\"},\"keywords\":[\"ciep\u0142e swetry na zim\u0119\",\"kaszmir\",\"oversizowy sweter\",\"sweter\",\"sweter m\u0119ski\",\"sweter na jesie\u0144\",\"sweter z alpaki\",\"swetry r\u0119cznie robione\",\"we\u0142na\",\"we\u0142niany sweter\"],\"articleSection\":[\"Moda\"],\"inLanguage\":\"pl-PL\"},{\"@type\":\"WebPage\",\"@id\":\"https:\/\/www.pakamera.pl\/magazyn\/jak-prac-welniany-sweter-by-go-nie-zniszczyc\/\",\"url\":\"https:\/\/www.pakamera.pl\/magazyn\/jak-prac-welniany-sweter-by-go-nie-zniszczyc\/\",\"name\":\"Jak pra\u0107 we\u0142niany sweter, by go nie zniszczy\u0107? - Magazyn Pakamera.pl\",\"isPartOf\":{\"@id\":\"https:\/\/www.pakamera.pl\/magazyn\/#website\"},\"datePublished\":\"2024-10-20T10:13:33+00:00\",\"dateModified\":\"2024-10-18T11:12:53+00:00\",\"description\":\"Martwisz si\u0119, jak pra\u0107 we\u0142niany sweter, \u017ceby wytrzyma\u0142 przynajmniej kilka lat? Zobacz nasze porady jak dba\u0107 o we\u0142n\u0119.\",\"breadcrumb\":{\"@id\":\"https:\/\/www.pakamera.pl\/magazyn\/jak-prac-welniany-sweter-by-go-nie-zniszczyc\/#breadcrumb\"},\"inLanguage\":\"pl-PL\",\"potentialAction\":[{\"@type\":\"ReadAction\",\"target\":[\"https:\/\/www.pakamera.pl\/magazyn\/jak-prac-welniany-sweter-by-go-nie-zniszczyc\/\"]}]},{\"@type\":\"BreadcrumbList\",\"@id\":\"https:\/\/www.pakamera.pl\/magazyn\/jak-prac-welniany-sweter-by-go-nie-zniszczyc\/#breadcrumb\",\"itemListElement\":[{\"@type\":\"ListItem\",\"position\":1,\"name\":\"Magazyn\",\"item\":\"https:\/\/www.pakamera.pl\/magazyn\/\"},{\"@type\":\"ListItem\",\"position\":2,\"name\":\"Moda\",\"item\":\"https:\/\/www.pakamera.pl\/magazyn\/category\/moda\/\"},{\"@type\":\"ListItem\",\"position\":3,\"name\":\"Jak pra\u0107 we\u0142niany sweter, by go nie zniszczy\u0107?\"}]},{\"@type\":\"WebSite\",\"@id\":\"https:\/\/www.pakamera.pl\/magazyn\/#website\",\"url\":\"https:\/\/www.pakamera.pl\/magazyn\/\",\"name\":\"Magazyn Pakamera.pl\",\"description\":\"Sprawd\u017a najgor\u0119tsze tematy sezonu!\",\"publisher\":{\"@id\":\"https:\/\/www.pakamera.pl\/magazyn\/#organization\"},\"potentialAction\":[{\"@type\":\"SearchAction\",\"target\":{\"@type\":\"EntryPoint\",\"urlTemplate\":\"https:\/\/www.pakamera.pl\/magazyn\/?s={search_term_string}\"},\"query-input\":\"required name=search_term_string\"}],\"inLanguage\":\"pl-PL\"},{\"@type\":\"Organization\",\"@id\":\"https:\/\/www.pakamera.pl\/magazyn\/#organization\",\"name\":\"Pakamera.pl\",\"url\":\"https:\/\/www.pakamera.pl\/magazyn\/\",\"logo\":{\"@type\":\"ImageObject\",\"inLanguage\":\"pl-PL\",\"@id\":\"https:\/\/www.pakamera.pl\/magazyn\/#\/schema\/logo\/image\/\",\"url\":\"https:\/\/imgmag.pakamera.net\/2023\/11\/153455466619.png\",\"contentUrl\":\"https:\/\/imgmag.pakamera.net\/2023\/11\/153455466619.png\",\"width\":690,\"height\":140,\"caption\":\"Pakamera.pl\"},\"image\":{\"@id\":\"https:\/\/www.pakamera.pl\/magazyn\/#\/schema\/logo\/image\/\"},\"sameAs\":[\"https:\/\/facebook.com\/pakamerapl\",\"https:\/\/www.instagram.com\/pakamera\/\"]},{\"@type\":\"Person\",\"@id\":\"https:\/\/www.pakamera.pl\/magazyn\/#\/schema\/person\/375940ab821c5af50e1e31f1ec5282b5\",\"name\":\"Magda Strzelecka\",\"description\":\"Magda to nasza stylistka, kt\u00f3ra od ponad 10 lat \u015bci\u015ble zwi\u0105zana jest z mod\u0105. Uwielbia \u015bledzi\u0107 \u015bwiatowe trendy i przek\u0142ada\u0107 je na rynek polski. Kocha dobre sk\u0142ady ubra\u0144, wyj\u0105tkow\u0105 bi\u017cuteri\u0119 i dodatki kt\u00f3re o\u017cywi\u0105 ka\u017cd\u0105 stylizacj\u0119.\"}]}<\/script>\n<!-- \/ Yoast SEO plugin. -->","yoast_head_json":{"title":"Jak pra\u0107 we\u0142niany sweter, by go nie zniszczy\u0107? - Magazyn Pakamera.pl","description":"Martwisz si\u0119, jak pra\u0107 we\u0142niany sweter, \u017ceby wytrzyma\u0142 przynajmniej kilka lat? Zobacz nasze porady jak dba\u0107 o we\u0142n\u0119.","robots":{"index":"index","follow":"follow"},"canonical":"https:\/\/www.pakamera.pl\/magazyn\/jak-prac-welniany-sweter-by-go-nie-zniszczyc\/","og_locale":"pl_PL","og_type":"article","og_title":"Jak pra\u0107 we\u0142niany sweter, by go nie zniszczy\u0107? - Magazyn Pakamera.pl","og_description":"Martwisz si\u0119, jak pra\u0107 we\u0142niany sweter, \u017ceby wytrzyma\u0142 przynajmniej kilka lat? Zobacz nasze porady jak dba\u0107 o we\u0142n\u0119.","og_url":"https:\/\/www.pakamera.pl\/magazyn\/jak-prac-welniany-sweter-by-go-nie-zniszczyc\/","og_site_name":"Magazyn Pakamera.pl","article_publisher":"https:\/\/facebook.com\/pakamerapl","article_published_time":"2024-10-20T10:13:33+00:00","article_modified_time":"2024-10-18T11:12:53+00:00","og_image":[{"width":1600,"height":840,"url":"https:\/\/imgmag.pakamera.net\/2024\/10\/jak-prac-welniany-sweter-by-go-nie-zniszczyc-130237119290.jpg","type":"image\/jpeg"}],"author":"Magda Strzelecka","twitter_card":"summary_large_image","twitter_misc":{"Napisane przez":"Magda Strzelecka","Szacowany czas czytania":"5 minut"},"schema":{"@context":"https:\/\/schema.org","@graph":[{"@type":"Article","@id":"https:\/\/www.pakamera.pl\/magazyn\/jak-prac-welniany-sweter-by-go-nie-zniszczyc\/#article","isPartOf":{"@id":"https:\/\/www.pakamera.pl\/magazyn\/jak-prac-welniany-sweter-by-go-nie-zniszczyc\/"},"author":{"name":"Magda Strzelecka","@id":"https:\/\/www.pakamera.pl\/magazyn\/#\/schema\/person\/375940ab821c5af50e1e31f1ec5282b5"},"headline":"Jak pra\u0107 we\u0142niany sweter, by go nie zniszczy\u0107?","datePublished":"2024-10-20T10:13:33+00:00","dateModified":"2024-10-18T11:12:53+00:00","mainEntityOfPage":{"@id":"https:\/\/www.pakamera.pl\/magazyn\/jak-prac-welniany-sweter-by-go-nie-zniszczyc\/"},"wordCount":862,"publisher":{"@id":"https:\/\/www.pakamera.pl\/magazyn\/#organization"},"keywords":["ciep\u0142e swetry na zim\u0119","kaszmir","oversizowy sweter","sweter","sweter m\u0119ski","sweter na jesie\u0144","sweter z alpaki","swetry r\u0119cznie robione","we\u0142na","we\u0142niany sweter"],"articleSection":["Moda"],"inLanguage":"pl-PL"},{"@type":"WebPage","@id":"https:\/\/www.pakamera.pl\/magazyn\/jak-prac-welniany-sweter-by-go-nie-zniszczyc\/","url":"https:\/\/www.pakamera.pl\/magazyn\/jak-prac-welniany-sweter-by-go-nie-zniszczyc\/","name":"Jak pra\u0107 we\u0142niany sweter, by go nie zniszczy\u0107? - Magazyn Pakamera.pl","isPartOf":{"@id":"https:\/\/www.pakamera.pl\/magazyn\/#website"},"datePublished":"2024-10-20T10:13:33+00:00","dateModified":"2024-10-18T11:12:53+00:00","description":"Martwisz si\u0119, jak pra\u0107 we\u0142niany sweter, \u017ceby wytrzyma\u0142 przynajmniej kilka lat? Zobacz nasze porady jak dba\u0107 o we\u0142n\u0119.","breadcrumb":{"@id":"https:\/\/www.pakamera.pl\/magazyn\/jak-prac-welniany-sweter-by-go-nie-zniszczyc\/#breadcrumb"},"inLanguage":"pl-PL","potentialAction":[{"@type":"ReadAction","target":["https:\/\/www.pakamera.pl\/magazyn\/jak-prac-welniany-sweter-by-go-nie-zniszczyc\/"]}]},{"@type":"BreadcrumbList","@id":"https:\/\/www.pakamera.pl\/magazyn\/jak-prac-welniany-sweter-by-go-nie-zniszczyc\/#breadcrumb","itemListElement":[{"@type":"ListItem","position":1,"name":"Magazyn","item":"https:\/\/www.pakamera.pl\/magazyn\/"},{"@type":"ListItem","position":2,"name":"Moda","item":"https:\/\/www.pakamera.pl\/magazyn\/category\/moda\/"},{"@type":"ListItem","position":3,"name":"Jak pra\u0107 we\u0142niany sweter, by go nie zniszczy\u0107?"}]},{"@type":"WebSite","@id":"https:\/\/www.pakamera.pl\/magazyn\/#website","url":"https:\/\/www.pakamera.pl\/magazyn\/","name":"Magazyn Pakamera.pl","description":"Sprawd\u017a najgor\u0119tsze tematy sezonu!","publisher":{"@id":"https:\/\/www.pakamera.pl\/magazyn\/#organization"},"potentialAction":[{"@type":"SearchAction","target":{"@type":"EntryPoint","urlTemplate":"https:\/\/www.pakamera.pl\/magazyn\/?s={search_term_string}"},"query-input":"required name=search_term_string"}],"inLanguage":"pl-PL"},{"@type":"Organization","@id":"https:\/\/www.pakamera.pl\/magazyn\/#organization","name":"Pakamera.pl","url":"https:\/\/www.pakamera.pl\/magazyn\/","logo":{"@type":"ImageObject","inLanguage":"pl-PL","@id":"https:\/\/www.pakamera.pl\/magazyn\/#\/schema\/logo\/image\/","url":"https:\/\/imgmag.pakamera.net\/2023\/11\/153455466619.png","contentUrl":"https:\/\/imgmag.pakamera.net\/2023\/11\/153455466619.png","width":690,"height":140,"caption":"Pakamera.pl"},"image":{"@id":"https:\/\/www.pakamera.pl\/magazyn\/#\/schema\/logo\/image\/"},"sameAs":["https:\/\/facebook.com\/pakamerapl","https:\/\/www.instagram.com\/pakamera\/"]},{"@type":"Person","@id":"https:\/\/www.pakamera.pl\/magazyn\/#\/schema\/person\/375940ab821c5af50e1e31f1ec5282b5","name":"Magda Strzelecka","description":"Magda to nasza stylistka, kt\u00f3ra od ponad 10 lat \u015bci\u015ble zwi\u0105zana jest z mod\u0105. Uwielbia \u015bledzi\u0107 \u015bwiatowe trendy i przek\u0142ada\u0107 je na rynek polski. Kocha dobre sk\u0142ady ubra\u0144, wyj\u0105tkow\u0105 bi\u017cuteri\u0119 i dodatki kt\u00f3re o\u017cywi\u0105 ka\u017cd\u0105 stylizacj\u0119."}]}},"_links":{"self":[{"href":"https:\/\/www.pakamera.pl\/magazyn\/wp-json\/wp\/v2\/posts\/11714","targetHints":{"allow":["GET"]}}],"collection":[{"href":"https:\/\/www.pakamera.pl\/magazyn\/wp-json\/wp\/v2\/posts"}],"about":[{"href":"https:\/\/www.pakamera.pl\/magazyn\/wp-json\/wp\/v2\/types\/post"}],"author":[{"embeddable":true,"href":"https:\/\/www.pakamera.pl\/magazyn\/wp-json\/wp\/v2\/users\/16"}],"replies":[{"embeddable":true,"href":"https:\/\/www.pakamera.pl\/magazyn\/wp-json\/wp\/v2\/comments?post=11714"}],"version-history":[{"count":1,"href":"https:\/\/www.pakamera.pl\/magazyn\/wp-json\/wp\/v2\/posts\/11714\/revisions"}],"predecessor-version":[{"id":11717,"href":"https:\/\/www.pakamera.pl\/magazyn\/wp-json\/wp\/v2\/posts\/11714\/revisions\/11717"}],"wp:featuredmedia":[{"embeddable":true,"href":"https:\/\/www.pakamera.pl\/magazyn\/wp-json\/wp\/v2\/media\/11716"}],"wp:attachment":[{"href":"https:\/\/www.pakamera.pl\/magazyn\/wp-json\/wp\/v2\/media?parent=11714"}],"wp:term":[{"taxonomy":"category","embeddable":true,"href":"https:\/\/www.pakamera.pl\/magazyn\/wp-json\/wp\/v2\/categories?post=11714"},{"taxonomy":"post_tag","embeddable":true,"href":"https:\/\/www.pakamera.pl\/magazyn\/wp-json\/wp\/v2\/tags?post=11714"}],"curies":[{"name":"wp","href":"https:\/\/api.w.org\/{rel}","templated":true}]}}