{"id":11709,"date":"2024-10-16T15:54:58","date_gmt":"2024-10-16T13:54:58","guid":{"rendered":"https:\/\/www.pakamera.pl\/magazyn\/?p=11709"},"modified":"2024-10-16T15:54:58","modified_gmt":"2024-10-16T13:54:58","slug":"jak-dobrac-rozmiar-paska-do-spodni-poradnik","status":"publish","type":"post","link":"https:\/\/www.pakamera.pl\/magazyn\/jak-dobrac-rozmiar-paska-do-spodni-poradnik\/","title":{"rendered":"Jak dobra\u0107 rozmiar paska do spodni? Poradnik"},"content":{"rendered":"<p><strong>Kupi\u0142a\u015b \u015bwietne ubrania, a teraz potrzebujesz odpowiednich dodatk\u00f3w, \u017ceby \u0142adnie podkre\u015bli\u0107 tali\u0119? Sprawd\u017a, jak dobra\u0107 rozmiar paska do spodni, \u017ceby nie traci\u0107 czasu na niedopasowane akcesoria.<\/strong><br \/>\n<!--more--><\/p>\n<figure id=\"attachment_11710\" aria-describedby=\"caption-attachment-11710\" style=\"width: 1600px\" class=\"wp-caption alignnone\"><img loading=\"lazy\" decoding=\"async\" class=\"wp-image-11710 size-full\" src=\"https:\/\/imgmag.pakamera.net\/2024\/10\/jak-dobrac-rozmiar-paska-do-spodni-poradnik-151607750194.jpg\" alt=\"jak dobra\u0107 rozmiar paska\" width=\"1600\" height=\"840\" \/><figcaption id=\"caption-attachment-11710\" class=\"wp-caption-text\">Pasek Nubuk Chocolate \/ bellera \/ www.pakamera.pl<\/figcaption><\/figure>\n<p>Zbyt d\u0142ugi lub zbyt kr\u00f3tki pasek wygl\u0105da \u017ale. Nie wspominaj\u0105c ju\u017c o tym, \u017ce zwisaj\u0105cy koniec czy klamra wpijaj\u0105ca si\u0119 w brzuch sprawiaj\u0105, \u017ce czujesz si\u0119 niewygodnie. Dobrze dobrany str\u00f3j i niedobrany dodatek mocno gryz\u0105 si\u0119 ze sob\u0105. Cierpi na tym Tw\u00f3j wizerunek.<\/p>\n<h2>Jak czyta\u0107 rozmiary pask\u00f3w do spodni?<\/h2>\n<p><strong>Rozmiar paska najcz\u0119\u015bciej odnosi si\u0119 do d\u0142ugo\u015bci mierzonej od klamry do \u015brodkowej dziurki<\/strong>. Ten standardowy spos\u00f3b stosuje wi\u0119kszo\u015b\u0107 marek. Czasami mo\u017cesz te\u017c spotka\u0107 oznaczenia dotycz\u0105ce ca\u0142kowitej d\u0142ugo\u015bci akcesorium.<\/p>\n<p><strong>Rozmiary pask\u00f3w s\u0105 najcz\u0119\u015bciej podawane w centymetrach<\/strong>. W przypadku dodatk\u00f3w sprowadzanych zza granicy mo\u017cesz si\u0119 natkn\u0105\u0107 na rozmiar\u00f3wk\u0119 w calach. 1 cal to oko\u0142o 2,54 cm.<\/p>\n<p>Jaka d\u0142ugo\u015b\u0107 paska b\u0119dzie odpowiednia? <strong>Standardowe rozmiary pask\u00f3w wahaj\u0105 si\u0119 od 70 do 120<\/strong>. Niekiedy wykorzystuje si\u0119 oznaczenia literowe. <strong>S zazwyczaj dotyczy pask\u00f3w 75-85<\/strong>, <strong>M \u2013 85-95<\/strong>, <strong>L \u2013 95-105<\/strong> i <strong>XL \u2013 105-115<\/strong>. Przed zakupem zerknij na tabel\u0119 rozmiar\u00f3w producenta.<\/p>\n<div id=\"pakawidget1638\" class=\"pakawidget\"><\/div>\n<p><script async defer src=\"https:\/\/www.pakamera.pl\/widget\/widget2.min.js?id=1638&#038;type=20241016152127&#038;wwidth=1000\"><\/script><br \/>\nJak d\u0142ugi powinien by\u0107 <a href=\"https:\/\/www.pakamera.pl\/paski-0-1855.htm\" target=\"_blank\" rel=\"noopener\">pasek damski<\/a> i m\u0119ski? <strong>Typowe rozmiary pask\u00f3w dla kobiet to 70, 75 i 80<\/strong>. W przypadku <strong>m\u0119\u017cczyzn jest to 90, 95, 100, 105, 110 i 115<\/strong>.<\/p>\n<p><strong>Jaki rozmiar paska b\u0119dzie odpowiedni?<\/strong><\/p>\n<ul>\n<li>Obw\u00f3d w pasie 65-70 cm \u2013 rozmiar paska: 70<\/li>\n<li>Obw\u00f3d w pasie 70-75 cm \u2013 rozmiar paska: 75<\/li>\n<li>Obw\u00f3d w pasie 75-80 cm \u2013 rozmiar paska: 80<\/li>\n<li>Obw\u00f3d w pasie 80-85 cm \u2013 rozmiar paska: 85<\/li>\n<li>Obw\u00f3d w pasie 85-90 cm \u2013 rozmiar paska: 90<\/li>\n<li>Obw\u00f3d w pasie 90-95 cm \u2013 rozmiar paska: 95<\/li>\n<li>Obw\u00f3d w pasie 95-100 cm \u2013 rozmiar paska: 100<\/li>\n<li>Obw\u00f3d w pasie 100-105 cm \u2013 rozmiar paska: 105<\/li>\n<li>Obw\u00f3d w pasie 105-110 cm \u2013 rozmiar paska: 110<\/li>\n<li>Obw\u00f3d w pasie 110-115 cm \u2013 rozmiar paska: 115<\/li>\n<li>Obw\u00f3d w pasie 115-120 cm \u2013 rozmiar paska: 120<\/li>\n<\/ul>\n<p>A <a href=\"https:\/\/www.pakamera.pl\/magazyn\/jak-dobrac-rozmiar-spodni-sprawdz-jak-czytac-rozmiary\/\" target=\"_blank\" rel=\"noopener\">jak dobra\u0107 rozmiar spodni?<\/a> Zmierz obw\u00f3d w pasie. Przy\u0142\u00f3\u017c miark\u0119 w najw\u0119\u017cszym miejscu talii, poni\u017cej p\u0119pka. Sprawd\u017a d\u0142ugo\u015b\u0107 nogawki. Wykonaj pomiar od kroku do kostki po wewn\u0119trznej stronie nogi. Por\u00f3wnaj swoje wymiary z tabel\u0105 rozmiar\u00f3w producenta.<\/p>\n<h2>Jak zmierzy\u0107 d\u0142ugo\u015b\u0107 paska do spodni?<\/h2>\n<figure id=\"attachment_11711\" aria-describedby=\"caption-attachment-11711\" style=\"width: 1600px\" class=\"wp-caption alignnone\"><img loading=\"lazy\" decoding=\"async\" class=\"wp-image-11711 size-full\" src=\"https:\/\/imgmag.pakamera.net\/2024\/10\/jak-dobrac-rozmiar-paska-do-spodni-poradnik-151612732744.jpg\" alt=\" damski pasek wykonany z wysokiej jako\u015bci sk\u00f3ry, ze srebrn\u0105 metalow\u0105 sprz\u0105czk\u0105 ze szlufk\u0105\" width=\"1600\" height=\"840\" \/><figcaption id=\"caption-attachment-11711\" class=\"wp-caption-text\">Ciemnobr\u0105zowy w\u0105ski pasek sk\u00f3rzany Lade #4 \/ steil \/ www.pakamera.pl<\/figcaption><\/figure>\n<p>Jak dobra\u0107 pasek? <strong>Dopasowany dodatek jest przede wszystkim wygodny i wygl\u0105da stylowo<\/strong>. Aby osi\u0105gn\u0105\u0107 doskona\u0142e dopasowanie, prawid\u0142owo zmierz si\u0119 przed zakupem. Potrzebujesz miarki krawieckiej, spodni i czego\u015b do zapisania wyniku (np. notatnika w telefonie).<\/p>\n<p>Jak zmierzy\u0107 pasek do spodni? <strong>Za\u0142\u00f3\u017c ulubione jeansy lub chinosy, sta\u0144 prosto i przeple\u0107 miark\u0119 przez szlufki<\/strong>. Dokonaj pomiaru. Wynik w centymetrach poka\u017ce Tw\u00f3j rozmiar pasa. <strong>Dodaj 5-7 cm, \u017ceby pasek wygodnie pasowa\u0142<\/strong>. Powinna\u015b m\u00f3c w\u0142o\u017cy\u0107 dwa palce mi\u0119dzy akcesorium a cia\u0142o. Nie wci\u0105gaj brzucha! Uzyskane wymiary maj\u0105 by\u0107 naturalne.<\/p>\n<p>Jak mierzy\u0107 pasek bez ubierania spodni? U\u017cyj jako wzoru modelu, kt\u00f3ry dobrze le\u017cy. Po\u0142\u00f3\u017c go na p\u0142asko i zmierz od klamry do \u015brodkowej dziurki. Ten wynik to standardowy rozmiar Twojego paska.<\/p>\n<p>Jak zmierzy\u0107 d\u0142ugo\u015b\u0107 paska ca\u0142kowit\u0105? Ta wiedza przyda Ci si\u0119, je\u015bli na metce nie ma standardowej rozmiar\u00f3wki, tylko pe\u0142ne wymiary akcesorium. Po\u0142\u00f3\u017c pasek na p\u0142asko i zmierz od klamry do ko\u0144ca. Ca\u0142kowita d\u0142ugo\u015b\u0107 jest zazwyczaj wi\u0119ksza o oko\u0142o 10-15 cm od standardowo podawanej d\u0142ugo\u015bci od klamry do \u015brodkowej dziurki.<\/p>\n<p>Jeszcze zanim zaczniesz wybiera\u0107 pasek, zastan\u00f3w si\u0119, <a href=\"https:\/\/www.pakamera.pl\/magazyn\/jak-dobrac-spodnie-do-sylwetki-praktyczny-przewodnik\/\" target=\"_blank\" rel=\"noopener\">jak dobra\u0107 spodnie do sylwetki?<\/a> Wybierz model, kt\u00f3ry podkre\u015bla Twoje atuty. Sylwetka typu gruszka dobrze wygl\u0105da z podwy\u017cszonym stanem i prostymi nogawkami. Jab\u0142ku lepiej pasuj\u0105 spodnie z niskim stanem i lu\u017anym krojem.<\/p>\n<h2>Jaki rozmiar paska b\u0119dzie odpowiedni?<\/h2>\n<div id=\"pakawidget1639\" class=\"pakawidget\"><\/div>\n<p><script async defer src=\"https:\/\/www.pakamera.pl\/widget\/widget2.min.js?id=1639&#038;type=20241016152534&#038;wwidth=1000\"><\/script><br \/>\nJak zmierzy\u0107 rozmiar paska <strong>na podstawie Twojego obwodu w pasie? Dodatek powinien by\u0107 o 5-7 cm d\u0142u\u017cszy<\/strong>. Je\u015bli Tw\u00f3j obw\u00f3d wynosi 90 cm, idealny rozmiar paska to oko\u0142o 95-97 cm. W ten spos\u00f3b pasek b\u0119dzie wygodnie dopasowany.<\/p>\n<p>Je\u017celi pasek ma podan\u0105 tylko jedn\u0105 liczb\u0119, np. 95 cm, oznacza to d\u0142ugo\u015b\u0107 od pocz\u0105tku klamry do \u015brodkowej dziurki. Czasami producenci stosuj\u0105 podw\u00f3jne oznaczenia, np. <strong>90\/105 \u2013 pierwsza liczba to obw\u00f3d w pasie, druga to ca\u0142kowita d\u0142ugo\u015b\u0107 paska<\/strong>.<\/p>\n<p>Jak dobra\u0107 d\u0142ugo\u015b\u0107 paska ze sk\u00f3ry? Te akcesoria mog\u0105 si\u0119 nieco rozci\u0105gn\u0105\u0107 z czasem, dlatego warto wybra\u0107 pasek o 1-2 cm mniejszy od idealnego rozmiaru.<\/p>\n<p><strong>Paski zazwyczaj maj\u0105 5 lub 7 dziurek<\/strong>. Idealny pasek powinien by\u0107 <strong>zapinany na \u015brodkow\u0105 dziurk\u0119<\/strong>. <strong>Koniec paska nie powinien wystawa\u0107 wi\u0119cej ni\u017c 10-15 cm poza klamr\u0119<\/strong>. Szeroko\u015b\u0107 musi odpowiada\u0107 szlufkom. <a href=\"https:\/\/www.pakamera.pl\/spodnie-materialowe-0-1983.htm\" target=\"_blank\" rel=\"noopener\">Materia\u0142owe spodnie damskie<\/a> i jeansy prezentuj\u0105 si\u0119 schludniej.<\/p>\n<p><a href=\"https:\/\/www.pakamera.pl\/magazyn\/stylizacje-smart-casual-do-biura-inspiracje\/\" target=\"_blank\" rel=\"noopener\">Stylizacje smart casual do biura<\/a> wygl\u0105daj\u0105 lepiej z paskiem! Wejd\u017a na Pakamera.pl i wybierz naj\u0142adniejszy model.<\/p>\n","protected":false},"excerpt":{"rendered":"<p>Kupi\u0142a\u015b \u015bwietne ubrania, a teraz potrzebujesz odpowiednich dodatk\u00f3w, \u017ceby \u0142adnie podkre\u015bli\u0107 tali\u0119? Sprawd\u017a, jak dobra\u0107 rozmiar paska do spodni, \u017ceby nie traci\u0107 czasu na niedopasowane akcesoria.<\/p>\n","protected":false},"author":16,"featured_media":11710,"comment_status":"closed","ping_status":"closed","sticky":false,"template":"","format":"standard","meta":{"footnotes":""},"categories":[3],"tags":[2615,2613,2614,2588,1691,2499],"class_list":["post-11709","post","type-post","status-publish","format-standard","has-post-thumbnail","hentry","category-moda","tag-galante","tag-pasek-damski","tag-pasek-meski","tag-smart-casual","tag-spodnie","tag-szafa-kapsulowa"],"yoast_head":"<!-- This site is optimized with the Yoast SEO plugin v21.6 - https:\/\/yoast.com\/wordpress\/plugins\/seo\/ -->\n<title>Jak dobra\u0107 rozmiar paska do spodni? Poradnik - Magazyn Pakamera.pl<\/title>\n<meta name=\"description\" content=\"Kupi\u0142a\u015b \u015bwietne ubrania, a teraz potrzebujesz odpowiednich dodatk\u00f3w, \u017ceby \u0142adnie podkre\u015bli\u0107 tali\u0119? Sprawd\u017a, jak dobra\u0107 rozmiar paska do spodni, \u017ceby nie\" \/>\n<meta name=\"robots\" content=\"index, follow\" \/>\n<link rel=\"canonical\" href=\"https:\/\/www.pakamera.pl\/magazyn\/jak-dobrac-rozmiar-paska-do-spodni-poradnik\/\" \/>\n<meta property=\"og:locale\" content=\"pl_PL\" \/>\n<meta property=\"og:type\" content=\"article\" \/>\n<meta property=\"og:title\" content=\"Jak dobra\u0107 rozmiar paska do spodni? Poradnik - Magazyn Pakamera.pl\" \/>\n<meta property=\"og:description\" content=\"Kupi\u0142a\u015b \u015bwietne ubrania, a teraz potrzebujesz odpowiednich dodatk\u00f3w, \u017ceby \u0142adnie podkre\u015bli\u0107 tali\u0119? Sprawd\u017a, jak dobra\u0107 rozmiar paska do spodni, \u017ceby nie\" \/>\n<meta property=\"og:url\" content=\"https:\/\/www.pakamera.pl\/magazyn\/jak-dobrac-rozmiar-paska-do-spodni-poradnik\/\" \/>\n<meta property=\"og:site_name\" content=\"Magazyn Pakamera.pl\" \/>\n<meta property=\"article:publisher\" content=\"https:\/\/facebook.com\/pakamerapl\" \/>\n<meta property=\"article:published_time\" content=\"2024-10-16T13:54:58+00:00\" \/>\n<meta property=\"og:image\" content=\"https:\/\/imgmag.pakamera.net\/2024\/10\/jak-dobrac-rozmiar-paska-do-spodni-poradnik-151607750194.jpg\" \/>\n\t<meta property=\"og:image:width\" content=\"1600\" \/>\n\t<meta property=\"og:image:height\" content=\"840\" \/>\n\t<meta property=\"og:image:type\" content=\"image\/jpeg\" \/>\n<meta name=\"author\" content=\"Magda Strzelecka\" \/>\n<meta name=\"twitter:card\" content=\"summary_large_image\" \/>\n<meta name=\"twitter:label1\" content=\"Napisane przez\" \/>\n\t<meta name=\"twitter:data1\" content=\"Magda Strzelecka\" \/>\n\t<meta name=\"twitter:label2\" content=\"Szacowany czas czytania\" \/>\n\t<meta name=\"twitter:data2\" content=\"5 minut\" \/>\n<script type=\"application\/ld+json\" class=\"yoast-schema-graph\">{\"@context\":\"https:\/\/schema.org\",\"@graph\":[{\"@type\":\"Article\",\"@id\":\"https:\/\/www.pakamera.pl\/magazyn\/jak-dobrac-rozmiar-paska-do-spodni-poradnik\/#article\",\"isPartOf\":{\"@id\":\"https:\/\/www.pakamera.pl\/magazyn\/jak-dobrac-rozmiar-paska-do-spodni-poradnik\/\"},\"author\":{\"name\":\"Magda Strzelecka\",\"@id\":\"https:\/\/www.pakamera.pl\/magazyn\/#\/schema\/person\/375940ab821c5af50e1e31f1ec5282b5\"},\"headline\":\"Jak dobra\u0107 rozmiar paska do spodni? Poradnik\",\"datePublished\":\"2024-10-16T13:54:58+00:00\",\"dateModified\":\"2024-10-16T13:54:58+00:00\",\"mainEntityOfPage\":{\"@id\":\"https:\/\/www.pakamera.pl\/magazyn\/jak-dobrac-rozmiar-paska-do-spodni-poradnik\/\"},\"wordCount\":823,\"publisher\":{\"@id\":\"https:\/\/www.pakamera.pl\/magazyn\/#organization\"},\"keywords\":[\"galante\",\"pasek damski\",\"pasek m\u0119ski\",\"Smart casual\",\"spodnie\",\"szafa kapsu\u0142owa\"],\"articleSection\":[\"Moda\"],\"inLanguage\":\"pl-PL\"},{\"@type\":\"WebPage\",\"@id\":\"https:\/\/www.pakamera.pl\/magazyn\/jak-dobrac-rozmiar-paska-do-spodni-poradnik\/\",\"url\":\"https:\/\/www.pakamera.pl\/magazyn\/jak-dobrac-rozmiar-paska-do-spodni-poradnik\/\",\"name\":\"Jak dobra\u0107 rozmiar paska do spodni? Poradnik - Magazyn Pakamera.pl\",\"isPartOf\":{\"@id\":\"https:\/\/www.pakamera.pl\/magazyn\/#website\"},\"datePublished\":\"2024-10-16T13:54:58+00:00\",\"dateModified\":\"2024-10-16T13:54:58+00:00\",\"description\":\"Kupi\u0142a\u015b \u015bwietne ubrania, a teraz potrzebujesz odpowiednich dodatk\u00f3w, \u017ceby \u0142adnie podkre\u015bli\u0107 tali\u0119? Sprawd\u017a, jak dobra\u0107 rozmiar paska do spodni, \u017ceby nie\",\"breadcrumb\":{\"@id\":\"https:\/\/www.pakamera.pl\/magazyn\/jak-dobrac-rozmiar-paska-do-spodni-poradnik\/#breadcrumb\"},\"inLanguage\":\"pl-PL\",\"potentialAction\":[{\"@type\":\"ReadAction\",\"target\":[\"https:\/\/www.pakamera.pl\/magazyn\/jak-dobrac-rozmiar-paska-do-spodni-poradnik\/\"]}]},{\"@type\":\"BreadcrumbList\",\"@id\":\"https:\/\/www.pakamera.pl\/magazyn\/jak-dobrac-rozmiar-paska-do-spodni-poradnik\/#breadcrumb\",\"itemListElement\":[{\"@type\":\"ListItem\",\"position\":1,\"name\":\"Magazyn\",\"item\":\"https:\/\/www.pakamera.pl\/magazyn\/\"},{\"@type\":\"ListItem\",\"position\":2,\"name\":\"Moda\",\"item\":\"https:\/\/www.pakamera.pl\/magazyn\/category\/moda\/\"},{\"@type\":\"ListItem\",\"position\":3,\"name\":\"Jak dobra\u0107 rozmiar paska do spodni? Poradnik\"}]},{\"@type\":\"WebSite\",\"@id\":\"https:\/\/www.pakamera.pl\/magazyn\/#website\",\"url\":\"https:\/\/www.pakamera.pl\/magazyn\/\",\"name\":\"Magazyn Pakamera.pl\",\"description\":\"Sprawd\u017a najgor\u0119tsze tematy sezonu!\",\"publisher\":{\"@id\":\"https:\/\/www.pakamera.pl\/magazyn\/#organization\"},\"potentialAction\":[{\"@type\":\"SearchAction\",\"target\":{\"@type\":\"EntryPoint\",\"urlTemplate\":\"https:\/\/www.pakamera.pl\/magazyn\/?s={search_term_string}\"},\"query-input\":\"required name=search_term_string\"}],\"inLanguage\":\"pl-PL\"},{\"@type\":\"Organization\",\"@id\":\"https:\/\/www.pakamera.pl\/magazyn\/#organization\",\"name\":\"Pakamera.pl\",\"url\":\"https:\/\/www.pakamera.pl\/magazyn\/\",\"logo\":{\"@type\":\"ImageObject\",\"inLanguage\":\"pl-PL\",\"@id\":\"https:\/\/www.pakamera.pl\/magazyn\/#\/schema\/logo\/image\/\",\"url\":\"https:\/\/imgmag.pakamera.net\/2023\/11\/153455466619.png\",\"contentUrl\":\"https:\/\/imgmag.pakamera.net\/2023\/11\/153455466619.png\",\"width\":690,\"height\":140,\"caption\":\"Pakamera.pl\"},\"image\":{\"@id\":\"https:\/\/www.pakamera.pl\/magazyn\/#\/schema\/logo\/image\/\"},\"sameAs\":[\"https:\/\/facebook.com\/pakamerapl\",\"https:\/\/www.instagram.com\/pakamera\/\"]},{\"@type\":\"Person\",\"@id\":\"https:\/\/www.pakamera.pl\/magazyn\/#\/schema\/person\/375940ab821c5af50e1e31f1ec5282b5\",\"name\":\"Magda Strzelecka\",\"description\":\"Magda to nasza stylistka, kt\u00f3ra od ponad 10 lat \u015bci\u015ble zwi\u0105zana jest z mod\u0105. Uwielbia \u015bledzi\u0107 \u015bwiatowe trendy i przek\u0142ada\u0107 je na rynek polski. Kocha dobre sk\u0142ady ubra\u0144, wyj\u0105tkow\u0105 bi\u017cuteri\u0119 i dodatki kt\u00f3re o\u017cywi\u0105 ka\u017cd\u0105 stylizacj\u0119.\"}]}<\/script>\n<!-- \/ Yoast SEO plugin. -->","yoast_head_json":{"title":"Jak dobra\u0107 rozmiar paska do spodni? Poradnik - Magazyn Pakamera.pl","description":"Kupi\u0142a\u015b \u015bwietne ubrania, a teraz potrzebujesz odpowiednich dodatk\u00f3w, \u017ceby \u0142adnie podkre\u015bli\u0107 tali\u0119? Sprawd\u017a, jak dobra\u0107 rozmiar paska do spodni, \u017ceby nie","robots":{"index":"index","follow":"follow"},"canonical":"https:\/\/www.pakamera.pl\/magazyn\/jak-dobrac-rozmiar-paska-do-spodni-poradnik\/","og_locale":"pl_PL","og_type":"article","og_title":"Jak dobra\u0107 rozmiar paska do spodni? Poradnik - Magazyn Pakamera.pl","og_description":"Kupi\u0142a\u015b \u015bwietne ubrania, a teraz potrzebujesz odpowiednich dodatk\u00f3w, \u017ceby \u0142adnie podkre\u015bli\u0107 tali\u0119? Sprawd\u017a, jak dobra\u0107 rozmiar paska do spodni, \u017ceby nie","og_url":"https:\/\/www.pakamera.pl\/magazyn\/jak-dobrac-rozmiar-paska-do-spodni-poradnik\/","og_site_name":"Magazyn Pakamera.pl","article_publisher":"https:\/\/facebook.com\/pakamerapl","article_published_time":"2024-10-16T13:54:58+00:00","og_image":[{"width":1600,"height":840,"url":"https:\/\/imgmag.pakamera.net\/2024\/10\/jak-dobrac-rozmiar-paska-do-spodni-poradnik-151607750194.jpg","type":"image\/jpeg"}],"author":"Magda Strzelecka","twitter_card":"summary_large_image","twitter_misc":{"Napisane przez":"Magda Strzelecka","Szacowany czas czytania":"5 minut"},"schema":{"@context":"https:\/\/schema.org","@graph":[{"@type":"Article","@id":"https:\/\/www.pakamera.pl\/magazyn\/jak-dobrac-rozmiar-paska-do-spodni-poradnik\/#article","isPartOf":{"@id":"https:\/\/www.pakamera.pl\/magazyn\/jak-dobrac-rozmiar-paska-do-spodni-poradnik\/"},"author":{"name":"Magda Strzelecka","@id":"https:\/\/www.pakamera.pl\/magazyn\/#\/schema\/person\/375940ab821c5af50e1e31f1ec5282b5"},"headline":"Jak dobra\u0107 rozmiar paska do spodni? Poradnik","datePublished":"2024-10-16T13:54:58+00:00","dateModified":"2024-10-16T13:54:58+00:00","mainEntityOfPage":{"@id":"https:\/\/www.pakamera.pl\/magazyn\/jak-dobrac-rozmiar-paska-do-spodni-poradnik\/"},"wordCount":823,"publisher":{"@id":"https:\/\/www.pakamera.pl\/magazyn\/#organization"},"keywords":["galante","pasek damski","pasek m\u0119ski","Smart casual","spodnie","szafa kapsu\u0142owa"],"articleSection":["Moda"],"inLanguage":"pl-PL"},{"@type":"WebPage","@id":"https:\/\/www.pakamera.pl\/magazyn\/jak-dobrac-rozmiar-paska-do-spodni-poradnik\/","url":"https:\/\/www.pakamera.pl\/magazyn\/jak-dobrac-rozmiar-paska-do-spodni-poradnik\/","name":"Jak dobra\u0107 rozmiar paska do spodni? Poradnik - Magazyn Pakamera.pl","isPartOf":{"@id":"https:\/\/www.pakamera.pl\/magazyn\/#website"},"datePublished":"2024-10-16T13:54:58+00:00","dateModified":"2024-10-16T13:54:58+00:00","description":"Kupi\u0142a\u015b \u015bwietne ubrania, a teraz potrzebujesz odpowiednich dodatk\u00f3w, \u017ceby \u0142adnie podkre\u015bli\u0107 tali\u0119? Sprawd\u017a, jak dobra\u0107 rozmiar paska do spodni, \u017ceby nie","breadcrumb":{"@id":"https:\/\/www.pakamera.pl\/magazyn\/jak-dobrac-rozmiar-paska-do-spodni-poradnik\/#breadcrumb"},"inLanguage":"pl-PL","potentialAction":[{"@type":"ReadAction","target":["https:\/\/www.pakamera.pl\/magazyn\/jak-dobrac-rozmiar-paska-do-spodni-poradnik\/"]}]},{"@type":"BreadcrumbList","@id":"https:\/\/www.pakamera.pl\/magazyn\/jak-dobrac-rozmiar-paska-do-spodni-poradnik\/#breadcrumb","itemListElement":[{"@type":"ListItem","position":1,"name":"Magazyn","item":"https:\/\/www.pakamera.pl\/magazyn\/"},{"@type":"ListItem","position":2,"name":"Moda","item":"https:\/\/www.pakamera.pl\/magazyn\/category\/moda\/"},{"@type":"ListItem","position":3,"name":"Jak dobra\u0107 rozmiar paska do spodni? Poradnik"}]},{"@type":"WebSite","@id":"https:\/\/www.pakamera.pl\/magazyn\/#website","url":"https:\/\/www.pakamera.pl\/magazyn\/","name":"Magazyn Pakamera.pl","description":"Sprawd\u017a najgor\u0119tsze tematy sezonu!","publisher":{"@id":"https:\/\/www.pakamera.pl\/magazyn\/#organization"},"potentialAction":[{"@type":"SearchAction","target":{"@type":"EntryPoint","urlTemplate":"https:\/\/www.pakamera.pl\/magazyn\/?s={search_term_string}"},"query-input":"required name=search_term_string"}],"inLanguage":"pl-PL"},{"@type":"Organization","@id":"https:\/\/www.pakamera.pl\/magazyn\/#organization","name":"Pakamera.pl","url":"https:\/\/www.pakamera.pl\/magazyn\/","logo":{"@type":"ImageObject","inLanguage":"pl-PL","@id":"https:\/\/www.pakamera.pl\/magazyn\/#\/schema\/logo\/image\/","url":"https:\/\/imgmag.pakamera.net\/2023\/11\/153455466619.png","contentUrl":"https:\/\/imgmag.pakamera.net\/2023\/11\/153455466619.png","width":690,"height":140,"caption":"Pakamera.pl"},"image":{"@id":"https:\/\/www.pakamera.pl\/magazyn\/#\/schema\/logo\/image\/"},"sameAs":["https:\/\/facebook.com\/pakamerapl","https:\/\/www.instagram.com\/pakamera\/"]},{"@type":"Person","@id":"https:\/\/www.pakamera.pl\/magazyn\/#\/schema\/person\/375940ab821c5af50e1e31f1ec5282b5","name":"Magda Strzelecka","description":"Magda to nasza stylistka, kt\u00f3ra od ponad 10 lat \u015bci\u015ble zwi\u0105zana jest z mod\u0105. Uwielbia \u015bledzi\u0107 \u015bwiatowe trendy i przek\u0142ada\u0107 je na rynek polski. Kocha dobre sk\u0142ady ubra\u0144, wyj\u0105tkow\u0105 bi\u017cuteri\u0119 i dodatki kt\u00f3re o\u017cywi\u0105 ka\u017cd\u0105 stylizacj\u0119."}]}},"_links":{"self":[{"href":"https:\/\/www.pakamera.pl\/magazyn\/wp-json\/wp\/v2\/posts\/11709","targetHints":{"allow":["GET"]}}],"collection":[{"href":"https:\/\/www.pakamera.pl\/magazyn\/wp-json\/wp\/v2\/posts"}],"about":[{"href":"https:\/\/www.pakamera.pl\/magazyn\/wp-json\/wp\/v2\/types\/post"}],"author":[{"embeddable":true,"href":"https:\/\/www.pakamera.pl\/magazyn\/wp-json\/wp\/v2\/users\/16"}],"replies":[{"embeddable":true,"href":"https:\/\/www.pakamera.pl\/magazyn\/wp-json\/wp\/v2\/comments?post=11709"}],"version-history":[{"count":1,"href":"https:\/\/www.pakamera.pl\/magazyn\/wp-json\/wp\/v2\/posts\/11709\/revisions"}],"predecessor-version":[{"id":11712,"href":"https:\/\/www.pakamera.pl\/magazyn\/wp-json\/wp\/v2\/posts\/11709\/revisions\/11712"}],"wp:featuredmedia":[{"embeddable":true,"href":"https:\/\/www.pakamera.pl\/magazyn\/wp-json\/wp\/v2\/media\/11710"}],"wp:attachment":[{"href":"https:\/\/www.pakamera.pl\/magazyn\/wp-json\/wp\/v2\/media?parent=11709"}],"wp:term":[{"taxonomy":"category","embeddable":true,"href":"https:\/\/www.pakamera.pl\/magazyn\/wp-json\/wp\/v2\/categories?post=11709"},{"taxonomy":"post_tag","embeddable":true,"href":"https:\/\/www.pakamera.pl\/magazyn\/wp-json\/wp\/v2\/tags?post=11709"}],"curies":[{"name":"wp","href":"https:\/\/api.w.org\/{rel}","templated":true}]}}