{"id":11663,"date":"2024-10-03T12:36:53","date_gmt":"2024-10-03T10:36:53","guid":{"rendered":"https:\/\/www.pakamera.pl\/magazyn\/?p=11663"},"modified":"2024-10-03T12:38:25","modified_gmt":"2024-10-03T10:38:25","slug":"jak-urzadzic-maly-pokoj-mlodziezowy-stworz-funkcjonalna-przestrzen","status":"publish","type":"post","link":"https:\/\/www.pakamera.pl\/magazyn\/jak-urzadzic-maly-pokoj-mlodziezowy-stworz-funkcjonalna-przestrzen\/","title":{"rendered":"Jak urz\u0105dzi\u0107 ma\u0142y pok\u00f3j m\u0142odzie\u017cowy? Stw\u00f3rz funkcjonaln\u0105 przestrze\u0144!"},"content":{"rendered":"<p><strong>Ma\u0142y pok\u00f3j m\u0142odzie\u017cowy stanowi wyzwanie nawet dla do\u015bwiadczonego architekta wn\u0119trz. Nie oznacza to jednak, \u017ce powinna\u015b rezygnowa\u0107 z pr\u00f3b zagospodarowania pomieszczenia. Poznaj podstawowe zasady, dzi\u0119ki kt\u00f3rym stworzysz funkcjonaln\u0105 przestrze\u0144.<\/strong><\/p>\n<p><!--more--><\/p>\n<figure id=\"attachment_11664\" aria-describedby=\"caption-attachment-11664\" style=\"width: 1600px\" class=\"wp-caption alignnone\"><img loading=\"lazy\" decoding=\"async\" class=\"wp-image-11664 size-full\" src=\"https:\/\/imgmag.pakamera.net\/2024\/10\/jak-urzadzic-maly-pokoj-mlodziezowy-stworz-funkcjonalna-przestrzen-122325077648.jpg\" alt=\"Personalizowana dekoracja \u015bcienna deskorolka do pokoju dziecka\" width=\"1600\" height=\"840\" \/><figcaption id=\"caption-attachment-11664\" class=\"wp-caption-text\">Deskorolka Skateboard-dekoracja personalizowana &#8211; oryginalny prezent \/ Printerior \/ www.pakamera.pl<\/figcaption><\/figure>\n<p>Jak urz\u0105dzi\u0107 bardzo ma\u0142y pok\u00f3j m\u0142odzie\u017cowy? Przede wszystkim tak, \u017ceby jego mieszka\u0144cowi by\u0142o tam wygodnie. Postaraj si\u0119 podejmowa\u0107 wszystkie decyzje w zgodzie z jego gustem. Zacznij od korzystnego ustawienia mebli, a p\u00f3\u017aniej przejd\u017a do dekoracji.<\/p>\n<h2>Ma\u0142y pok\u00f3j m\u0142odzie\u017cowy \u2013 na co zwr\u00f3ci\u0107 uwag\u0119 przy aran\u017cacji?<\/h2>\n<p><strong>Projekt ma\u0142ego pokoju m\u0142odzie\u017cowego powinien jak najlepiej wykorzysta\u0107 ka\u017cdy dost\u0119pny centymetr<\/strong>. Ten cel osi\u0105gniesz z meblami wielofunkcyjnymi, czyli takimi, kt\u00f3re spe\u0142niaj\u0105 kilka zada\u0144 jednocze\u015bnie. Mog\u0105 to by\u0107 np. \u0142\u00f3\u017cko z szufladami pod spodem i biurko chowane w szafie. Wi\u0119cej miejsca w pokoju dadz\u0105 sk\u0142adane meble, krzes\u0142a i sto\u0142y.<br \/>\nMa\u0142y pok\u00f3j optycznie powi\u0119kszysz za pomoc\u0105 kilku prostych trik\u00f3w:<\/p>\n<ul>\n<li><strong>jasne \u015bciany odbijaj\u0105 \u015bwiat\u0142o i sprawiaj\u0105, \u017ce pok\u00f3j wydaje si\u0119 wi\u0119ksz<\/strong>y;<\/li>\n<li><strong>lustra umieszczone po przeciwnych stronach<\/strong> niemal \u201epodwoj\u0105\u201d wielko\u015b\u0107 pokoju pod wzgl\u0119dem wizualnym;<\/li>\n<li><strong>meble o prostych kszta\u0142tach<\/strong> wprowadz\u0105 do przestrzeni porz\u0105dek.<\/li>\n<\/ul>\n<p>Jak zorganizowa\u0107 ma\u0142y pok\u00f3j m\u0142odzie\u017cowy? <strong>Aran\u017cacje wn\u0119trza powinny zak\u0142ada\u0107 osobne miejsca do nauki i relaksu<\/strong>. Biurko i ergonomiczne krzes\u0142o stworz\u0105 komfortowe warunki do pracy. Ucze\u0144 lepiej si\u0119 skupi, gdy b\u0119dzie m\u00f3g\u0142 wygodnie usi\u0105\u015b\u0107. <strong>Strefa odpoczynku powinna zawiera\u0107 \u0142\u00f3\u017cko oraz dodatkowe miejsca do siedzenia<\/strong>: pufy i sk\u0142adane krzes\u0142a.<\/p>\n<p>W ma\u0142ych pomieszczeniach zawsze brakuje miejsca na przechowywanie. <strong>Pojemne szafy z przesuwnymi drzwiami nie b\u0119d\u0105 zajmowa\u0107 dodatkowej przestrzeni<\/strong>. Wykorzystaj wolne miejsce nad \u0142\u00f3\u017ckiem. Zawie\u015b tam p\u00f3\u0142ki lub szafki wisz\u0105ce. Nastolatek b\u0119dzie m\u00f3g\u0142 przechowywa\u0107 ulubione przedmioty bez zagracania biurka.<\/p>\n<div id=\"pakawidget1620\" class=\"pakawidget\"><\/div>\n<p><script async defer src=\"https:\/\/www.pakamera.pl\/widget\/widget2.min.js?id=1620&#038;type=20241003123021&#038;wwidth=1000\"><\/script><br \/>\nKilka porozrzucanych luzem przedmiot\u00f3w w ma\u0142ym pokoju to ju\u017c ba\u0142agan. <strong>Podaruj nastolatkowi pude\u0142ka do przechowywania jego ulubionych drobiazg\u00f3w<\/strong>. Mo\u017cna je ustawi\u0107 w szafie, na p\u00f3\u0142kach lub pod \u0142\u00f3\u017ckiem. Wa\u017cne, \u017ceby ka\u017cda rzecz mia\u0142a swoje miejsce.<\/p>\n<h2>Najlepsze kolory do ma\u0142ego pokoju dla nastolatka<\/h2>\n<p>Potrzebujesz <a href=\"https:\/\/www.pakamera.pl\/magazyn\/pomysl-na-sciane-w-pokoju-mlodziezowym-jak-ja-ozdobic\/\" target=\"_blank\" rel=\"noopener\">pomys\u0142 na \u015bcian\u0119 w pokoju m\u0142odzie\u017cowym?<\/a> Kolory mog\u0105 optycznie powi\u0119kszy\u0107 przestrze\u0144 lub zadzia\u0142a\u0107 odwrotnie \u2013 pomniejszy\u0107 j\u0105.<\/p>\n<p>Aran\u017cacje ma\u0142ego pokoju m\u0142odzie\u017cowego powinny uwzgl\u0119dnia\u0107 jasne \u015bciany. <strong>Odcienie bieli, be\u017cowego i kremowego to Twoi sprzymierze\u0144cy, poniewa\u017c odbijaj\u0105 \u015bwiat\u0142o<\/strong>. Roz\u015bwietlone wn\u0119trza wydaj\u0105 si\u0119 bardziej przestronne.<\/p>\n<p><strong>Je\u015bli biel jest dla Ciebie zbyt ch\u0142odna, wybierz pastelowy b\u0142\u0119kit, mi\u0119t\u0119 lub jasny r\u00f3\u017c<\/strong>. Wn\u0119trze b\u0119dzie wygl\u0105da\u0142o nieco przytulniej, ale wci\u0105\u017c b\u0119dzie mo\u017cna je \u0142atwo personalizowa\u0107. Pastele wsp\u00f3\u0142graj\u0105 z jasnym drewnem i dzia\u0142aj\u0105 na korzy\u015b\u0107 ma\u0142ego pokoju nastolatka.<\/p>\n<p>Aby pozby\u0107 si\u0119 monotonii, zadbaj o kolorowe dodatki. Mo\u017cesz ozdobi\u0107 jedn\u0105 \u015bcian\u0119 barwn\u0105 tapet\u0105 lub do\u0142o\u017cy\u0107 pasuj\u0105ce poduszki, zas\u0142ony, pufy i dywaniki. Zapytaj nastolatka, jak wyobra\u017ca sobie sw\u00f3j pok\u00f3j. Jego przemy\u015blenia podpowiedz\u0105 Ci, jakie odcienie uwzgl\u0119dni\u0107.<\/p>\n<figure id=\"attachment_11665\" aria-describedby=\"caption-attachment-11665\" style=\"width: 1600px\" class=\"wp-caption alignnone\"><img loading=\"lazy\" decoding=\"async\" class=\"wp-image-11665 size-full\" src=\"https:\/\/imgmag.pakamera.net\/2024\/10\/jak-urzadzic-maly-pokoj-mlodziezowy-stworz-funkcjonalna-przestrzen-122327830680.jpg\" alt=\"jak urz\u0105dzi\u0107 ma\u0142y pok\u00f3j m\u0142odzie\u017cowy\" width=\"1600\" height=\"840\" \/><figcaption id=\"caption-attachment-11665\" class=\"wp-caption-text\">Lampka biurkowa lampka nocna sto\u0142owa lampka na biurko zielona LED E27 \/ VOLTA LIGHT \/ www.pakamera.pl<\/figcaption><\/figure>\n<h2>Jak urz\u0105dzi\u0107 bardzo ma\u0142y pok\u00f3j m\u0142odzie\u017cowy? Wybieramy meble<\/h2>\n<p>Wykorzystaj sprytne pomys\u0142y na przestrze\u0144 dla nastolatka. <strong>\u0141\u00f3\u017cko z szufladami zapewni dodatkowe miejsce na przechowywanie, sk\u0142adany stolik zrobi przestrze\u0144, gdy nastolatek chce po\u0107wiczy\u0107, a biurko z nadstawk\u0105 pomo\u017ce znale\u017a\u0107 miejsce na ksi\u0105\u017cki i przybory szkolne<\/strong>. Ogranicz liczb\u0119 mebli do minimum i wybieraj te o prostych formach.<\/p>\n<p>My\u015bl w pionie, a aran\u017cacja ma\u0142ego pokoju m\u0142odzie\u017cowego b\u0119dzie du\u017co prostsza. <strong>Rega\u0142y zagospodaruj\u0105 przestrze\u0144 pod sufitem<\/strong>, kt\u00f3ra w przeciwnym razie by si\u0119 zmarnowa\u0142a. Je\u015bli wysoko\u015b\u0107 pokoju na to pozwala, rozwa\u017c instalacj\u0119 antresoli. Na g\u00f3rze mo\u017cesz umie\u015bci\u0107 \u0142\u00f3\u017cko, a pod spodem zmie\u015bci si\u0119 biurko lub wygodny k\u0105cik do relaksu.<\/p>\n<h2>Aran\u017cacje ma\u0142ego pokoju m\u0142odzie\u017cowego \u2013 jak dobra\u0107 dodatki?<\/h2>\n<p>Jak urz\u0105dzi\u0107 ma\u0142y pok\u00f3j dla nastolatk\u00f3w? Dobrze dobrane dodatki stworz\u0105 przytuln\u0105 atmosfer\u0119. Uwa\u017caj jednak, \u017ceby nie wykorzysta\u0107 zbyt wielu ozd\u00f3b, kt\u00f3re zagrac\u0105 przestrze\u0144. Nastrojowe o\u015bwietlenie wprowadzi girlanda LED. Zawie\u015b j\u0105 nad \u0142\u00f3\u017ckiem lub biurkiem. <strong>Zadbaj r\u00f3wnie\u017c o o\u015bwietlenie miejsca do nauki.<\/strong> Wybierz <a href=\"https:\/\/www.pakamera.pl\/lampy-stolowe-0-3012.htm\" target=\"_blank\" rel=\"noopener\">lampk\u0119 na biurko<\/a> z organizerem na d\u0142ugopisy i flamastry.<br \/>\n<strong>Sporo miejsca na niewielkim blacie zaoszcz\u0119dzi organizer \u015bcienny<\/strong>, w kt\u00f3rym mo\u017cna przechowywa\u0107 notesy, zak\u0142adki do ksi\u0105\u017cek, cienkopisy etc. Czyste biurko sprzyja skupieniu.<\/p>\n<p><strong>Tablica korkowa lub magnetyczna zajmuje ma\u0142o miejsca, a tworzy domow\u0105 atmosfer\u0119<\/strong>. Mo\u017cna na niej przypi\u0105\u0107 zdj\u0119cia, notatki i pami\u0105tki. <strong>Gust nastolatka zmienia si\u0119 bardzo szybko, b\u0105d\u017a na to przygotowana<\/strong>. Je\u015bli chcesz zmieni\u0107 aran\u017cacj\u0119 wn\u0119trze bez malowania \u015bcian, wykorzystaj naklejki \u015bcienne i <a href=\"https:\/\/www.pakamera.pl\/plakaty-mlodziezowe-0-t217939.htm\" target=\"_blank\" rel=\"noopener\">plakaty m\u0142odzie\u017cowe w ramie<\/a>.<\/p>\n<p><strong>Du\u017co koloru wnosz\u0105 do wn\u0119trza narzuta na \u0142\u00f3\u017cko, koce, poduszki i szerokie pufy<\/strong>. Siedziska pe\u0142ni\u0105 dodatkowo funkcj\u0119 praktyczn\u0105 \u2013 nie zajmuj\u0105 tyle miejsca, co krzes\u0142a, i mo\u017cna je \u0142atwo przesuwa\u0107.<\/p>\n<div id=\"pakawidget1621\" class=\"pakawidget\"><\/div>\n<p><script async defer src=\"https:\/\/www.pakamera.pl\/widget\/widget2.min.js?id=1621&#038;type=20241003123217&#038;wwidth=1000\"><\/script><\/p>\n<h3>Ma\u0142y pok\u00f3j m\u0142odzie\u017cowy \u2013 aran\u017cacje<\/h3>\n<p>Jak ustawi\u0107 meble w pokoju m\u0142odzie\u017cowym? Sprawd\u017a trzy inspiracje od Pakamera.pl.<\/p>\n<p><strong>Styl skandynawski dobrze si\u0119 sprawdzi w ma\u0142ym pokoju dla nastolatka<\/strong>. Pomaluj \u015bciany na bia\u0142o, opr\u00f3cz jednej \u2013 udekoruj j\u0105 szar\u0105 farb\u0105. <strong>Jasna, drewniana pod\u0142oga w naturalnym odcieniu doda ciep\u0142a i przytulno\u015bci<\/strong>. <strong>Bia\u0142e \u0142\u00f3\u017cko z szufladami, biurko i rega\u0142 na ksi\u0105\u017cki oszcz\u0119dz\u0105 miejsce na przechowywanie przedmiot\u00f3w<\/strong>. Mi\u0119towe poduszki i puszysty koc dodadz\u0105 troch\u0119 koloru, a ro\u015bliny doniczkowe na parapecie i minimalistyczne grafiki uzupe\u0142ni\u0105 wystr\u00f3j.<\/p>\n<p>Jak umeblowa\u0107 ma\u0142y pok\u00f3j m\u0142odzie\u017cowy w stylu boho? Be\u017cowe \u015bciany stworz\u0105 neutralne t\u0142o dla kolorowych dodatk\u00f3w. Drewniana pod\u0142oga przykryta plecionym dywanem b\u0119dzie wygl\u0105da\u0107 przytulnie. <strong>Rozwieszany fotel wisz\u0105cy, kt\u00f3ry mo\u017cna w ka\u017cdym momencie schowa\u0107, stworzy dodatkowe miejsce do siedzenia<\/strong>. Rattanowe meble, \u0142\u00f3\u017cko z baldachimem, pojemna szafa i mini biurko b\u0119d\u0105 stanowi\u0107 jedyne meble w pomieszczeniu.<\/p>\n<p>Fan gier doceni jasnoszare \u015bciany, w tym jedn\u0105 pomalowan\u0105 farb\u0105 tablicow\u0105. Jasne kafelki na pod\u0142odze podkre\u015bl\u0105 gamingowy klimat. <strong>Biurko z szerokim blatem i ergonomiczny fotel zapewni\u0105 wygod\u0119 podczas d\u0142ugich seans\u00f3w<\/strong>. <strong>\u0141\u00f3\u017cko z szufladami zapewni dodatkow\u0105 przestrze\u0144 na przechowywanie<\/strong>. P\u00f3\u0142ki na kolekcj\u0119 gier i figurek utrzymaj\u0105 porz\u0105dek w pokoju. Niebieskie lub fioletowe o\u015bwietlenie LED wprowadzi do wn\u0119trza nowoczesno\u015b\u0107.<\/p>\n<p>Ju\u017c wiesz, jak urz\u0105dzi\u0107 ma\u0142y pok\u00f3j m\u0142odzie\u017cowy?<strong> Inspiracje i porady dotycz\u0105ce wyboru innych mebli do domu znajdziesz na Pakamera.pl<\/strong>. Zobacz, co przygotowali dla Ciebie polscy rzemie\u015blnicy.<\/p>\n","protected":false},"excerpt":{"rendered":"<p>Ma\u0142y pok\u00f3j m\u0142odzie\u017cowy stanowi wyzwanie nawet dla do\u015bwiadczonego architekta wn\u0119trz. Nie oznacza to jednak, \u017ce powinna\u015b rezygnowa\u0107 z pr\u00f3b zagospodarowania pomieszczenia. Poznaj podstawowe zasady, dzi\u0119ki kt\u00f3rym stworzysz funkcjonaln\u0105 przestrze\u0144.<\/p>\n","protected":false},"author":18,"featured_media":11664,"comment_status":"closed","ping_status":"closed","sticky":false,"template":"","format":"standard","meta":{"footnotes":""},"categories":[4],"tags":[1423,1023,2267,1652,1424,288,1994,1624],"class_list":["post-11663","post","type-post","status-publish","format-standard","has-post-thumbnail","hentry","category-dziecko","tag-dla-nastolatka","tag-dzieciecy-pokoik","tag-metamorfoza-pokoju-dzieciecego","tag-naklejki-do-pokoju-dziecka","tag-nastolatek","tag-pokoj-dziecka","tag-pokoj-dziewczynki","tag-urzadamy-pokoj-dziecka"],"yoast_head":"<!-- This site is optimized with the Yoast SEO plugin v21.6 - https:\/\/yoast.com\/wordpress\/plugins\/seo\/ -->\n<title>Jak urz\u0105dzi\u0107 ma\u0142y pok\u00f3j m\u0142odzie\u017cowy? Stw\u00f3rz funkcjonaln\u0105 przestrze\u0144! - Magazyn Pakamera.pl<\/title>\n<meta name=\"description\" content=\"Zastanawiasz si\u0119 jak urz\u0105dzi\u0107 ma\u0142y pok\u00f3j m\u0142odzie\u017cowy? Zobacz nasze rozwi\u0105zania na ma\u0142\u0105 przestrze\u0144 dla nastolatka.\" \/>\n<meta name=\"robots\" content=\"index, follow\" \/>\n<link rel=\"canonical\" href=\"https:\/\/www.pakamera.pl\/magazyn\/jak-urzadzic-maly-pokoj-mlodziezowy-stworz-funkcjonalna-przestrzen\/\" \/>\n<meta property=\"og:locale\" content=\"pl_PL\" \/>\n<meta property=\"og:type\" content=\"article\" \/>\n<meta property=\"og:title\" content=\"Jak urz\u0105dzi\u0107 ma\u0142y pok\u00f3j m\u0142odzie\u017cowy? Stw\u00f3rz funkcjonaln\u0105 przestrze\u0144! - Magazyn Pakamera.pl\" \/>\n<meta property=\"og:description\" content=\"Zastanawiasz si\u0119 jak urz\u0105dzi\u0107 ma\u0142y pok\u00f3j m\u0142odzie\u017cowy? Zobacz nasze rozwi\u0105zania na ma\u0142\u0105 przestrze\u0144 dla nastolatka.\" \/>\n<meta property=\"og:url\" content=\"https:\/\/www.pakamera.pl\/magazyn\/jak-urzadzic-maly-pokoj-mlodziezowy-stworz-funkcjonalna-przestrzen\/\" \/>\n<meta property=\"og:site_name\" content=\"Magazyn Pakamera.pl\" \/>\n<meta property=\"article:publisher\" content=\"https:\/\/facebook.com\/pakamerapl\" \/>\n<meta property=\"article:published_time\" content=\"2024-10-03T10:36:53+00:00\" \/>\n<meta property=\"article:modified_time\" content=\"2024-10-03T10:38:25+00:00\" \/>\n<meta property=\"og:image\" content=\"https:\/\/imgmag.pakamera.net\/2024\/10\/jak-urzadzic-maly-pokoj-mlodziezowy-stworz-funkcjonalna-przestrzen-122325077648.jpg\" \/>\n\t<meta property=\"og:image:width\" content=\"1600\" \/>\n\t<meta property=\"og:image:height\" content=\"840\" \/>\n\t<meta property=\"og:image:type\" content=\"image\/jpeg\" \/>\n<meta name=\"author\" content=\"Joanna Miluk\" \/>\n<meta name=\"twitter:card\" content=\"summary_large_image\" \/>\n<meta name=\"twitter:label1\" content=\"Napisane przez\" \/>\n\t<meta name=\"twitter:data1\" content=\"Joanna Miluk\" \/>\n\t<meta name=\"twitter:label2\" content=\"Szacowany czas czytania\" \/>\n\t<meta name=\"twitter:data2\" content=\"6 minut\" \/>\n<script type=\"application\/ld+json\" class=\"yoast-schema-graph\">{\"@context\":\"https:\/\/schema.org\",\"@graph\":[{\"@type\":\"Article\",\"@id\":\"https:\/\/www.pakamera.pl\/magazyn\/jak-urzadzic-maly-pokoj-mlodziezowy-stworz-funkcjonalna-przestrzen\/#article\",\"isPartOf\":{\"@id\":\"https:\/\/www.pakamera.pl\/magazyn\/jak-urzadzic-maly-pokoj-mlodziezowy-stworz-funkcjonalna-przestrzen\/\"},\"author\":{\"name\":\"Joanna Miluk\",\"@id\":\"https:\/\/www.pakamera.pl\/magazyn\/#\/schema\/person\/2b133c04ac3d14aefde103d068e014d3\"},\"headline\":\"Jak urz\u0105dzi\u0107 ma\u0142y pok\u00f3j m\u0142odzie\u017cowy? Stw\u00f3rz funkcjonaln\u0105 przestrze\u0144!\",\"datePublished\":\"2024-10-03T10:36:53+00:00\",\"dateModified\":\"2024-10-03T10:38:25+00:00\",\"mainEntityOfPage\":{\"@id\":\"https:\/\/www.pakamera.pl\/magazyn\/jak-urzadzic-maly-pokoj-mlodziezowy-stworz-funkcjonalna-przestrzen\/\"},\"wordCount\":1155,\"publisher\":{\"@id\":\"https:\/\/www.pakamera.pl\/magazyn\/#organization\"},\"keywords\":[\"dla nastolatka\",\"dzieci\u0119cy pokoik\",\"metamorfoza pokoju dzieci\u0119cego\",\"naklejki do pokoju dziecka\",\"nastolatek\",\"pok\u00f3j dziecka\",\"pok\u00f3j dziewczynki\",\"urzadamy pok\u00f3j dziecka\"],\"articleSection\":[\"Dziecko\"],\"inLanguage\":\"pl-PL\"},{\"@type\":\"WebPage\",\"@id\":\"https:\/\/www.pakamera.pl\/magazyn\/jak-urzadzic-maly-pokoj-mlodziezowy-stworz-funkcjonalna-przestrzen\/\",\"url\":\"https:\/\/www.pakamera.pl\/magazyn\/jak-urzadzic-maly-pokoj-mlodziezowy-stworz-funkcjonalna-przestrzen\/\",\"name\":\"Jak urz\u0105dzi\u0107 ma\u0142y pok\u00f3j m\u0142odzie\u017cowy? Stw\u00f3rz funkcjonaln\u0105 przestrze\u0144! - Magazyn Pakamera.pl\",\"isPartOf\":{\"@id\":\"https:\/\/www.pakamera.pl\/magazyn\/#website\"},\"datePublished\":\"2024-10-03T10:36:53+00:00\",\"dateModified\":\"2024-10-03T10:38:25+00:00\",\"description\":\"Zastanawiasz si\u0119 jak urz\u0105dzi\u0107 ma\u0142y pok\u00f3j m\u0142odzie\u017cowy? Zobacz nasze rozwi\u0105zania na ma\u0142\u0105 przestrze\u0144 dla nastolatka.\",\"breadcrumb\":{\"@id\":\"https:\/\/www.pakamera.pl\/magazyn\/jak-urzadzic-maly-pokoj-mlodziezowy-stworz-funkcjonalna-przestrzen\/#breadcrumb\"},\"inLanguage\":\"pl-PL\",\"potentialAction\":[{\"@type\":\"ReadAction\",\"target\":[\"https:\/\/www.pakamera.pl\/magazyn\/jak-urzadzic-maly-pokoj-mlodziezowy-stworz-funkcjonalna-przestrzen\/\"]}]},{\"@type\":\"BreadcrumbList\",\"@id\":\"https:\/\/www.pakamera.pl\/magazyn\/jak-urzadzic-maly-pokoj-mlodziezowy-stworz-funkcjonalna-przestrzen\/#breadcrumb\",\"itemListElement\":[{\"@type\":\"ListItem\",\"position\":1,\"name\":\"Magazyn\",\"item\":\"https:\/\/www.pakamera.pl\/magazyn\/\"},{\"@type\":\"ListItem\",\"position\":2,\"name\":\"Dziecko\",\"item\":\"https:\/\/www.pakamera.pl\/magazyn\/category\/dziecko\/\"},{\"@type\":\"ListItem\",\"position\":3,\"name\":\"Jak urz\u0105dzi\u0107 ma\u0142y pok\u00f3j m\u0142odzie\u017cowy? Stw\u00f3rz funkcjonaln\u0105 przestrze\u0144!\"}]},{\"@type\":\"WebSite\",\"@id\":\"https:\/\/www.pakamera.pl\/magazyn\/#website\",\"url\":\"https:\/\/www.pakamera.pl\/magazyn\/\",\"name\":\"Magazyn Pakamera.pl\",\"description\":\"Sprawd\u017a najgor\u0119tsze tematy sezonu!\",\"publisher\":{\"@id\":\"https:\/\/www.pakamera.pl\/magazyn\/#organization\"},\"potentialAction\":[{\"@type\":\"SearchAction\",\"target\":{\"@type\":\"EntryPoint\",\"urlTemplate\":\"https:\/\/www.pakamera.pl\/magazyn\/?s={search_term_string}\"},\"query-input\":\"required name=search_term_string\"}],\"inLanguage\":\"pl-PL\"},{\"@type\":\"Organization\",\"@id\":\"https:\/\/www.pakamera.pl\/magazyn\/#organization\",\"name\":\"Pakamera.pl\",\"url\":\"https:\/\/www.pakamera.pl\/magazyn\/\",\"logo\":{\"@type\":\"ImageObject\",\"inLanguage\":\"pl-PL\",\"@id\":\"https:\/\/www.pakamera.pl\/magazyn\/#\/schema\/logo\/image\/\",\"url\":\"https:\/\/imgmag.pakamera.net\/2023\/11\/153455466619.png\",\"contentUrl\":\"https:\/\/imgmag.pakamera.net\/2023\/11\/153455466619.png\",\"width\":690,\"height\":140,\"caption\":\"Pakamera.pl\"},\"image\":{\"@id\":\"https:\/\/www.pakamera.pl\/magazyn\/#\/schema\/logo\/image\/\"},\"sameAs\":[\"https:\/\/facebook.com\/pakamerapl\",\"https:\/\/www.instagram.com\/pakamera\/\"]},{\"@type\":\"Person\",\"@id\":\"https:\/\/www.pakamera.pl\/magazyn\/#\/schema\/person\/2b133c04ac3d14aefde103d068e014d3\",\"name\":\"Joanna Miluk\",\"description\":\"Asia jest nasz\u0105 ekspertk\u0105 od spraw najm\u0142odszych. Ch\u0119tnie podejmuje tematy zar\u00f3wno mody dzieci\u0119cej jak i dzieci\u0119cych wn\u0119trz. Wiek dziecka nie jest dla niej przeszkod\u0105. Pomo\u017ce zar\u00f3wno skompletowa\u0107 wyprawk\u0119 dla niemowlaka jak i urz\u0105dzi\u0107 pok\u00f3j nastolatka.\"}]}<\/script>\n<!-- \/ Yoast SEO plugin. -->","yoast_head_json":{"title":"Jak urz\u0105dzi\u0107 ma\u0142y pok\u00f3j m\u0142odzie\u017cowy? Stw\u00f3rz funkcjonaln\u0105 przestrze\u0144! - Magazyn Pakamera.pl","description":"Zastanawiasz si\u0119 jak urz\u0105dzi\u0107 ma\u0142y pok\u00f3j m\u0142odzie\u017cowy? Zobacz nasze rozwi\u0105zania na ma\u0142\u0105 przestrze\u0144 dla nastolatka.","robots":{"index":"index","follow":"follow"},"canonical":"https:\/\/www.pakamera.pl\/magazyn\/jak-urzadzic-maly-pokoj-mlodziezowy-stworz-funkcjonalna-przestrzen\/","og_locale":"pl_PL","og_type":"article","og_title":"Jak urz\u0105dzi\u0107 ma\u0142y pok\u00f3j m\u0142odzie\u017cowy? Stw\u00f3rz funkcjonaln\u0105 przestrze\u0144! - Magazyn Pakamera.pl","og_description":"Zastanawiasz si\u0119 jak urz\u0105dzi\u0107 ma\u0142y pok\u00f3j m\u0142odzie\u017cowy? Zobacz nasze rozwi\u0105zania na ma\u0142\u0105 przestrze\u0144 dla nastolatka.","og_url":"https:\/\/www.pakamera.pl\/magazyn\/jak-urzadzic-maly-pokoj-mlodziezowy-stworz-funkcjonalna-przestrzen\/","og_site_name":"Magazyn Pakamera.pl","article_publisher":"https:\/\/facebook.com\/pakamerapl","article_published_time":"2024-10-03T10:36:53+00:00","article_modified_time":"2024-10-03T10:38:25+00:00","og_image":[{"width":1600,"height":840,"url":"https:\/\/imgmag.pakamera.net\/2024\/10\/jak-urzadzic-maly-pokoj-mlodziezowy-stworz-funkcjonalna-przestrzen-122325077648.jpg","type":"image\/jpeg"}],"author":"Joanna Miluk","twitter_card":"summary_large_image","twitter_misc":{"Napisane przez":"Joanna Miluk","Szacowany czas czytania":"6 minut"},"schema":{"@context":"https:\/\/schema.org","@graph":[{"@type":"Article","@id":"https:\/\/www.pakamera.pl\/magazyn\/jak-urzadzic-maly-pokoj-mlodziezowy-stworz-funkcjonalna-przestrzen\/#article","isPartOf":{"@id":"https:\/\/www.pakamera.pl\/magazyn\/jak-urzadzic-maly-pokoj-mlodziezowy-stworz-funkcjonalna-przestrzen\/"},"author":{"name":"Joanna Miluk","@id":"https:\/\/www.pakamera.pl\/magazyn\/#\/schema\/person\/2b133c04ac3d14aefde103d068e014d3"},"headline":"Jak urz\u0105dzi\u0107 ma\u0142y pok\u00f3j m\u0142odzie\u017cowy? Stw\u00f3rz funkcjonaln\u0105 przestrze\u0144!","datePublished":"2024-10-03T10:36:53+00:00","dateModified":"2024-10-03T10:38:25+00:00","mainEntityOfPage":{"@id":"https:\/\/www.pakamera.pl\/magazyn\/jak-urzadzic-maly-pokoj-mlodziezowy-stworz-funkcjonalna-przestrzen\/"},"wordCount":1155,"publisher":{"@id":"https:\/\/www.pakamera.pl\/magazyn\/#organization"},"keywords":["dla nastolatka","dzieci\u0119cy pokoik","metamorfoza pokoju dzieci\u0119cego","naklejki do pokoju dziecka","nastolatek","pok\u00f3j dziecka","pok\u00f3j dziewczynki","urzadamy pok\u00f3j dziecka"],"articleSection":["Dziecko"],"inLanguage":"pl-PL"},{"@type":"WebPage","@id":"https:\/\/www.pakamera.pl\/magazyn\/jak-urzadzic-maly-pokoj-mlodziezowy-stworz-funkcjonalna-przestrzen\/","url":"https:\/\/www.pakamera.pl\/magazyn\/jak-urzadzic-maly-pokoj-mlodziezowy-stworz-funkcjonalna-przestrzen\/","name":"Jak urz\u0105dzi\u0107 ma\u0142y pok\u00f3j m\u0142odzie\u017cowy? Stw\u00f3rz funkcjonaln\u0105 przestrze\u0144! - Magazyn Pakamera.pl","isPartOf":{"@id":"https:\/\/www.pakamera.pl\/magazyn\/#website"},"datePublished":"2024-10-03T10:36:53+00:00","dateModified":"2024-10-03T10:38:25+00:00","description":"Zastanawiasz si\u0119 jak urz\u0105dzi\u0107 ma\u0142y pok\u00f3j m\u0142odzie\u017cowy? Zobacz nasze rozwi\u0105zania na ma\u0142\u0105 przestrze\u0144 dla nastolatka.","breadcrumb":{"@id":"https:\/\/www.pakamera.pl\/magazyn\/jak-urzadzic-maly-pokoj-mlodziezowy-stworz-funkcjonalna-przestrzen\/#breadcrumb"},"inLanguage":"pl-PL","potentialAction":[{"@type":"ReadAction","target":["https:\/\/www.pakamera.pl\/magazyn\/jak-urzadzic-maly-pokoj-mlodziezowy-stworz-funkcjonalna-przestrzen\/"]}]},{"@type":"BreadcrumbList","@id":"https:\/\/www.pakamera.pl\/magazyn\/jak-urzadzic-maly-pokoj-mlodziezowy-stworz-funkcjonalna-przestrzen\/#breadcrumb","itemListElement":[{"@type":"ListItem","position":1,"name":"Magazyn","item":"https:\/\/www.pakamera.pl\/magazyn\/"},{"@type":"ListItem","position":2,"name":"Dziecko","item":"https:\/\/www.pakamera.pl\/magazyn\/category\/dziecko\/"},{"@type":"ListItem","position":3,"name":"Jak urz\u0105dzi\u0107 ma\u0142y pok\u00f3j m\u0142odzie\u017cowy? Stw\u00f3rz funkcjonaln\u0105 przestrze\u0144!"}]},{"@type":"WebSite","@id":"https:\/\/www.pakamera.pl\/magazyn\/#website","url":"https:\/\/www.pakamera.pl\/magazyn\/","name":"Magazyn Pakamera.pl","description":"Sprawd\u017a najgor\u0119tsze tematy sezonu!","publisher":{"@id":"https:\/\/www.pakamera.pl\/magazyn\/#organization"},"potentialAction":[{"@type":"SearchAction","target":{"@type":"EntryPoint","urlTemplate":"https:\/\/www.pakamera.pl\/magazyn\/?s={search_term_string}"},"query-input":"required name=search_term_string"}],"inLanguage":"pl-PL"},{"@type":"Organization","@id":"https:\/\/www.pakamera.pl\/magazyn\/#organization","name":"Pakamera.pl","url":"https:\/\/www.pakamera.pl\/magazyn\/","logo":{"@type":"ImageObject","inLanguage":"pl-PL","@id":"https:\/\/www.pakamera.pl\/magazyn\/#\/schema\/logo\/image\/","url":"https:\/\/imgmag.pakamera.net\/2023\/11\/153455466619.png","contentUrl":"https:\/\/imgmag.pakamera.net\/2023\/11\/153455466619.png","width":690,"height":140,"caption":"Pakamera.pl"},"image":{"@id":"https:\/\/www.pakamera.pl\/magazyn\/#\/schema\/logo\/image\/"},"sameAs":["https:\/\/facebook.com\/pakamerapl","https:\/\/www.instagram.com\/pakamera\/"]},{"@type":"Person","@id":"https:\/\/www.pakamera.pl\/magazyn\/#\/schema\/person\/2b133c04ac3d14aefde103d068e014d3","name":"Joanna Miluk","description":"Asia jest nasz\u0105 ekspertk\u0105 od spraw najm\u0142odszych. Ch\u0119tnie podejmuje tematy zar\u00f3wno mody dzieci\u0119cej jak i dzieci\u0119cych wn\u0119trz. Wiek dziecka nie jest dla niej przeszkod\u0105. Pomo\u017ce zar\u00f3wno skompletowa\u0107 wyprawk\u0119 dla niemowlaka jak i urz\u0105dzi\u0107 pok\u00f3j nastolatka."}]}},"_links":{"self":[{"href":"https:\/\/www.pakamera.pl\/magazyn\/wp-json\/wp\/v2\/posts\/11663","targetHints":{"allow":["GET"]}}],"collection":[{"href":"https:\/\/www.pakamera.pl\/magazyn\/wp-json\/wp\/v2\/posts"}],"about":[{"href":"https:\/\/www.pakamera.pl\/magazyn\/wp-json\/wp\/v2\/types\/post"}],"author":[{"embeddable":true,"href":"https:\/\/www.pakamera.pl\/magazyn\/wp-json\/wp\/v2\/users\/18"}],"replies":[{"embeddable":true,"href":"https:\/\/www.pakamera.pl\/magazyn\/wp-json\/wp\/v2\/comments?post=11663"}],"version-history":[{"count":1,"href":"https:\/\/www.pakamera.pl\/magazyn\/wp-json\/wp\/v2\/posts\/11663\/revisions"}],"predecessor-version":[{"id":11666,"href":"https:\/\/www.pakamera.pl\/magazyn\/wp-json\/wp\/v2\/posts\/11663\/revisions\/11666"}],"wp:featuredmedia":[{"embeddable":true,"href":"https:\/\/www.pakamera.pl\/magazyn\/wp-json\/wp\/v2\/media\/11664"}],"wp:attachment":[{"href":"https:\/\/www.pakamera.pl\/magazyn\/wp-json\/wp\/v2\/media?parent=11663"}],"wp:term":[{"taxonomy":"category","embeddable":true,"href":"https:\/\/www.pakamera.pl\/magazyn\/wp-json\/wp\/v2\/categories?post=11663"},{"taxonomy":"post_tag","embeddable":true,"href":"https:\/\/www.pakamera.pl\/magazyn\/wp-json\/wp\/v2\/tags?post=11663"}],"curies":[{"name":"wp","href":"https:\/\/api.w.org\/{rel}","templated":true}]}}