{"id":11643,"date":"2024-09-29T11:45:30","date_gmt":"2024-09-29T09:45:30","guid":{"rendered":"https:\/\/www.pakamera.pl\/magazyn\/?p=11643"},"modified":"2024-09-27T11:46:06","modified_gmt":"2024-09-27T09:46:06","slug":"czy-duze-plytki-pasuja-do-malej-lazienki","status":"publish","type":"post","link":"https:\/\/www.pakamera.pl\/magazyn\/czy-duze-plytki-pasuja-do-malej-lazienki\/","title":{"rendered":"Czy du\u017ce p\u0142ytki pasuj\u0105 do ma\u0142ej \u0142azienki?"},"content":{"rendered":"<p><strong>Ju\u017c prawie ko\u0144czysz remont. Nic dziwnego, \u017ce masz mn\u00f3stwo pyta\u0144. Przy wyko\u0144czaniu mieszkania pojawiaj\u0105 si\u0119 liczne w\u0105tpliwo\u015bci. Zachodzisz w g\u0142ow\u0119, czy du\u017ce p\u0142ytki pasuj\u0105 do ma\u0142ej \u0142azienki? Na pierwszy rzut oka wydaje Ci si\u0119 to ryzykownym pomys\u0142em?<\/strong><br \/>\n<!--more--><\/p>\n<figure id=\"attachment_11645\" aria-describedby=\"caption-attachment-11645\" style=\"width: 1600px\" class=\"wp-caption alignnone\"><img loading=\"lazy\" decoding=\"async\" class=\"wp-image-11645 size-full\" src=\"https:\/\/imgmag.pakamera.net\/2024\/09\/czy-duze-plytki-pasuja-do-malej-lazienki-113737579894.gif\" alt=\"du\u017ce p\u0142ytki w ma\u0142ej \u0142azience\" width=\"1600\" height=\"840\" \/><figcaption id=\"caption-attachment-11645\" class=\"wp-caption-text\">Kafle Zielone Niebo \/ artkafle \/ www.pakamera.pl<\/figcaption><\/figure>\n<p>Niekoniecznie. Nie skre\u015blaj du\u017cych kafli do ma\u0142ej \u0142azienki od razu na wst\u0119pie, je\u015bli Ci si\u0119 podobaj\u0105. <strong>Wszystko zale\u017cy od wygl\u0105du p\u0142ytek i sposobu, w jaki je u\u0142o\u017cysz<\/strong>. <strong>Odpowiednio dobrane mog\u0105 zdzia\u0142a\u0107 cuda, czyli optycznie powi\u0119kszy\u0107 pomieszczenie i nada\u0107 mu nowoczesny charakter<\/strong>. Sprawd\u017a, jak wybra\u0107 je dobrze.<\/p>\n<h2>Du\u017ce p\u0142ytki w ma\u0142ej \u0142azience \u2013 czy to dobry pomys\u0142?<\/h2>\n<p><strong>Du\u017ce p\u0142ytki do ma\u0142ej \u0142azienki w jasnym kolorze tworz\u0105 wra\u017cenie jednolitej powierzchni i optycznie powi\u0119kszaj\u0105 pomieszczenie<\/strong>. Wybierz bia\u0142y, be\u017cowy lub jasnoszary kolor. Mo\u017ce by\u0107 z po\u0142yskiem. <strong>Na pod\u0142og\u0119 wykorzystaj kafelki o wymiarach minimum 60 \u00d7 60 cm, a najlepiej 80 \u00d7 80 cm lub nawet 90 \u00d7 90 cm<\/strong>.<\/p>\n<p>Mniejsza liczba fug przek\u0142ada si\u0119 na mniej widocznych podzia\u0142\u00f3w we wn\u0119trzu. Efekt wygl\u0105da bardziej sp\u00f3jnie i przestronnie. <strong>Du\u017ce kafle w ma\u0142ej \u0142azience \u0142atwiej wyczy\u015bci\u0107, poniewa\u017c jest mniej ciasnych przestrzeni mi\u0119dzy p\u0142ytkami<\/strong>, do kt\u00f3rych m\u00f3g\u0142by wej\u015b\u0107 kurz.<\/p>\n<p>Ma\u0142a \u0142azienka, du\u017ce p\u0142ytki \u2013 to nie problem. <strong>Je\u015bli chcesz wizualnie powi\u0119kszy\u0107 pomieszczenie, uk\u0142adaj p\u0142ytki poziomo<\/strong>. Poziome linie kieruj\u0105 wzrok wzd\u0142u\u017c szeroko\u015bci \u015bciany, dzi\u0119ki czemu wydaj\u0105 si\u0119 szersze. <strong>U\u017cyj tych samych du\u017cych kafli do ma\u0142ej \u0142azienki na pod\u0142og\u0119 i \u015bciany<\/strong>, \u017ceby stworzy\u0107 iluzj\u0119 wi\u0119kszej przestrzeni.<\/p>\n<div id=\"pakawidget1612\" class=\"pakawidget\"><\/div>\n<p><script async defer src=\"https:\/\/www.pakamera.pl\/widget\/widget2.min.js?id=1612&#038;type=20240927112209&#038;wwidth=1000\"><\/script><br \/>\n<strong>Monta\u017c du\u017cych kafelk\u00f3w do ma\u0142ej \u0142azienki wymaga staranno\u015bci<\/strong>. Pod\u0142o\u017ce musi by\u0107 idealnie g\u0142adkie, bo du\u017ce formaty s\u0105 bardziej wymagaj\u0105ce pod wzgl\u0119dem r\u00f3wno\u015bci powierzchni. Lekkie pochylenie pod\u0142ogi czy \u015bciany i b\u0119dziesz widzia\u0142a, \u017ce jest krzywo bez poziomicy. Dok\u0142adnie oblicz powierzchni\u0119, \u017ceby zmniejszy\u0107 liczb\u0119 ci\u0119\u0107.<\/p>\n<h2>Jaki kolor du\u017cych p\u0142ytek do ma\u0142ej \u0142azienki wybra\u0107?<\/h2>\n<p><a href=\"https:\/\/www.pakamera.pl\/magazyn\/jakie-plytki-do-lazienki-wybrac-kompletny-poradnik\/\" target=\"_blank\" rel=\"noopener\">Jakie p\u0142ytki do \u0142azienki wybra\u0107?<\/a> <strong>Du\u017ce kafelki w ma\u0142ym pomieszczeniu w kolorze bia\u0142ym, be\u017cowym, jasnoszarym i pastelowym sprawiaj\u0105, \u017ce wydaje si\u0119 wi\u0119ksza<\/strong>.<\/p>\n<p><strong>Jasne kolory odbijaj\u0105 \u015bwiat\u0142o, co optycznie powi\u0119ksza pomieszczenie<\/strong>. Wydaje si\u0119 ono bardziej przestronne i przyja\u017aniejsze. Milej Ci w nim sp\u0119dza\u0107 czas. Je\u015bli pomalujesz niewielkie pomieszczenie na ciemne kolory, b\u0119dzie ono sprawia\u0142o klaustrofobiczne wra\u017cenie.<\/p>\n<p>Do ma\u0142ej \u0142azienki <strong>polecamy monochromatyczne p\u0142ytki, czyli jednolite i bez wzor\u00f3w<\/strong>. Nie przyt\u0142aczaj\u0105 ma\u0142ej przestrzeni i sprawiaj\u0105, \u017ce wn\u0119trze jest bardziej sp\u00f3jne. Chcesz wprowadzi\u0107 nieco koloru do wn\u0119trza? Wykorzystaj subtelne, pastelowe akcenty. B\u0142\u0119kit, pistacja, pudrowy r\u00f3\u017c, lila to Twoi sprzymierze\u0144cy.<\/p>\n<figure id=\"attachment_11644\" aria-describedby=\"caption-attachment-11644\" style=\"width: 1600px\" class=\"wp-caption alignnone\"><img loading=\"lazy\" decoding=\"async\" class=\"wp-image-11644 size-full\" src=\"https:\/\/imgmag.pakamera.net\/2024\/09\/czy-duze-plytki-pasuja-do-malej-lazienki-113735961555.gif\" alt=\"P\u0142ytki ceramiczne produkowane r\u0119cznie na zam\u00f3wienie z lokalnie pozyskiwanych surowc\u00f3w\" width=\"1600\" height=\"840\" \/><figcaption id=\"caption-attachment-11644\" class=\"wp-caption-text\">Kremowe \u0142osowiowe p\u0142ytki ceramiczne \/ Ceramika ELKAS \/ www.pakamera.pl<\/figcaption><\/figure>\n<p>Wybierasz du\u017ce kafelki do ma\u0142ej \u0142azienki i zastanawiasz si\u0119 mi\u0119dzy po\u0142yskiem a matem? Zdecyduj si\u0119 na ten pierwszy. Ten efekt roz\u015bwietlenia jest Ci bardzo na r\u0119k\u0119. Nie przesad\u017a jednak z blaskiem \u2013 zbyt wiele b\u0142yszcz\u0105cych powierzchni mo\u017ce da\u0107 efekt zbyt sterylnej, \u201eszpitalnej\u201d \u0142azienki.<\/p>\n<p><a href=\"https:\/\/www.pakamera.pl\/magazyn\/lazienka-w-stylu-boho-jak-ja-urzadzic\/\" target=\"_blank\" rel=\"noopener\">\u0141azienka w stylu boho<\/a> b\u0119dzie dobrze wygl\u0105da\u0107 w kaflach przypominaj\u0105cych jasne drewno. Do ma\u0142ego pomieszczenia wybierz jasne kolory ziemi (be\u017ce i bardzo jasne br\u0105zy).<\/p>\n<p><a href=\"https:\/\/www.pakamera.pl\/magazyn\/lazienka-w-stylu-rustykalnym-jak-ja-zaaranzowac\/\" target=\"_blank\" rel=\"noopener\">\u0141azienka w stylu rustykalnym<\/a> najkorzystniej b\u0119dzie si\u0119 prezentowa\u0142a, gdy u\u017cyjesz terakoty. Zdecyduj si\u0119 na kafelki w kolorze jasnej ochry lub be\u017cu.<\/p>\n<h2>Jak zaaran\u017cowa\u0107 du\u017ce kafelki w ma\u0142ej \u0142azience?<\/h2>\n<div id=\"pakawidget1613\" class=\"pakawidget\"><\/div>\n<p><script async defer src=\"https:\/\/www.pakamera.pl\/widget\/widget2.min.js?id=1613&#038;type=20240927112549&#038;wwidth=1000\"><\/script><br \/>\nP\u0142ynne przej\u015bcie mi\u0119dzy pod\u0142og\u0105 a \u015bcianami wywo\u0142a efekt rozmycia. \u015aciany i pod\u0142oga w podobnym kolorze zlikwiduj\u0105 wizualne podzia\u0142y. Pomieszczenie b\u0119dzie wygl\u0105da\u0142o na nieco wi\u0119ksze. Aby uzyska\u0107 ten efekt,<strong> zr\u00f3b mniejsze i ja\u015bniejsze fugi. Im mniej przerw, tym lepiej.<\/strong><\/p>\n<p><strong>\u0141azienk\u0119 wyd\u0142u\u017cysz nieco, uk\u0142adaj\u0105c p\u0142ytki diagonalnie<\/strong>. Dobrze przemy\u015bl ich uk\u0142ad, \u017ceby nie przycina\u0107 kafelk\u00f3w. Du\u017ce, g\u0142adkie przestrzenie wygl\u0105daj\u0105 lepiej w ma\u0142ym wn\u0119trzu. Mo\u017cesz r\u00f3wnie\u017c rozwa\u017cy\u0107 p\u0142ytki rektyfikowane, kt\u00f3re daj\u0105 z\u0142udzenie jednolitej powierzchni.<\/p>\n<p>Wybierz najwi\u0119kszy mo\u017cliwy format p\u0142ytek, kt\u00f3ry pozwala u\u0142o\u017cy\u0107 co najmniej trzy kafle w ka\u017cdym kierunku. Da Ci to r\u00f3wnowag\u0119 mi\u0119dzy wielko\u015bci\u0105 kafelk\u00f3w a proporcjami pomieszczenia. Kupuj\u0105c <a href=\"https:\/\/www.pakamera.pl\/dodatki-lazienka-0-1915.htm\" target=\"_blank\" rel=\"noopener\">dodatki do \u0142azienki<\/a>, postaw na minimalizm. Delikatnie ozd\u00f3b wn\u0119trze, ale uwa\u017caj, \u017ceby nie sprawia\u0142o wra\u017cenia zagraconego.<\/p>\n<p>Ju\u017c wiesz, jakie p\u0142ytki, teraz czas zastanowi\u0107 si\u0119, <a href=\"https:\/\/www.pakamera.pl\/magazyn\/jaka-umywalka-do-malej-lazienki-podpowiadamy\/\" target=\"_blank\" rel=\"noopener\">jaka umywalka do ma\u0142ej \u0142azienki?<\/a> Wybierz model nablatowy, kt\u00f3ry zaoszcz\u0119dzi miejsce na blacie, daj\u0105c jednocze\u015bnie wi\u0119cej przestrzeni na przechowywanie mleczka do demakija\u017cu, krem\u00f3w do twarzy i suszarki. Kompaktowa umywalka o g\u0142\u0119boko\u015bci do 40 cm nie zagraci przestrzeni.<\/p>\n<p><a href=\"https:\/\/www.pakamera.pl\/kafle-recznie-robione-0-t19250.htm\" target=\"_blank\" rel=\"noopener\">P\u0142ytki r\u0119cznie robione<\/a> oraz pozosta\u0142e elementy wyko\u0144czenia do \u0142azienki czekaj\u0105 na Ciebie na Pakamera.pl. Rozsi\u0105d\u017a si\u0119 wygodnie w fotelu i poszukaj inspiracji.<\/p>\n","protected":false},"excerpt":{"rendered":"<p>Ju\u017c prawie ko\u0144czysz remont. Nic dziwnego, \u017ce masz mn\u00f3stwo pyta\u0144. Przy wyko\u0144czaniu mieszkania pojawiaj\u0105 si\u0119 liczne w\u0105tpliwo\u015bci. Zachodzisz w g\u0142ow\u0119, czy du\u017ce p\u0142ytki pasuj\u0105 do ma\u0142ej \u0142azienki? Na pierwszy rzut<span class=\"more-dots\">&#8230;<\/span><\/p>\n","protected":false},"author":17,"featured_media":11645,"comment_status":"closed","ping_status":"closed","sticky":false,"template":"","format":"standard","meta":{"footnotes":""},"categories":[12],"tags":[1818,1820,1821,1819,2262,2354,2353,2390],"class_list":["post-11643","post","type-post","status-publish","format-standard","has-post-thumbnail","hentry","category-dom-i-wnetrza","tag-artystyczne-kafle","tag-kafelki-artystyczne","tag-kafelki-ceramiczne","tag-kafle-ceramiczne","tag-recznie-robione-kafle","tag-stylowe-umywalki","tag-umywalka-nablatowa","tag-wyposazenie-lazienki"],"yoast_head":"<!-- This site is optimized with the Yoast SEO plugin v21.6 - https:\/\/yoast.com\/wordpress\/plugins\/seo\/ -->\n<title>Czy du\u017ce p\u0142ytki pasuj\u0105 do ma\u0142ej \u0142azienki? - Magazyn Pakamera.pl<\/title>\n<meta name=\"description\" content=\"Czy du\u017ce p\u0142ytki w ma\u0142ej \u0142azience b\u0119d\u0105 wygl\u0105da\u0107 dobrze? Zobacz na co zwr\u00f3ci\u0107 uwag\u0119 podczas wyboru odpowiednich kafelk\u00f3w.\" \/>\n<meta name=\"robots\" content=\"index, follow\" \/>\n<link rel=\"canonical\" href=\"https:\/\/www.pakamera.pl\/magazyn\/czy-duze-plytki-pasuja-do-malej-lazienki\/\" \/>\n<meta property=\"og:locale\" content=\"pl_PL\" \/>\n<meta property=\"og:type\" content=\"article\" \/>\n<meta property=\"og:title\" content=\"Czy du\u017ce p\u0142ytki pasuj\u0105 do ma\u0142ej \u0142azienki? - Magazyn Pakamera.pl\" \/>\n<meta property=\"og:description\" content=\"Czy du\u017ce p\u0142ytki w ma\u0142ej \u0142azience b\u0119d\u0105 wygl\u0105da\u0107 dobrze? Zobacz na co zwr\u00f3ci\u0107 uwag\u0119 podczas wyboru odpowiednich kafelk\u00f3w.\" \/>\n<meta property=\"og:url\" content=\"https:\/\/www.pakamera.pl\/magazyn\/czy-duze-plytki-pasuja-do-malej-lazienki\/\" \/>\n<meta property=\"og:site_name\" content=\"Magazyn Pakamera.pl\" \/>\n<meta property=\"article:publisher\" content=\"https:\/\/facebook.com\/pakamerapl\" \/>\n<meta property=\"article:published_time\" content=\"2024-09-29T09:45:30+00:00\" \/>\n<meta property=\"article:modified_time\" content=\"2024-09-27T09:46:06+00:00\" \/>\n<meta property=\"og:image\" content=\"https:\/\/imgmag.pakamera.net\/2024\/09\/czy-duze-plytki-pasuja-do-malej-lazienki-113737579894.gif\" \/>\n\t<meta property=\"og:image:width\" content=\"1600\" \/>\n\t<meta property=\"og:image:height\" content=\"840\" \/>\n\t<meta property=\"og:image:type\" content=\"image\/gif\" \/>\n<meta name=\"author\" content=\"Agnieszka Pilska\" \/>\n<meta name=\"twitter:card\" content=\"summary_large_image\" \/>\n<meta name=\"twitter:label1\" content=\"Napisane przez\" \/>\n\t<meta name=\"twitter:data1\" content=\"Agnieszka Pilska\" \/>\n\t<meta name=\"twitter:label2\" content=\"Szacowany czas czytania\" \/>\n\t<meta name=\"twitter:data2\" content=\"5 minut\" \/>\n<script type=\"application\/ld+json\" class=\"yoast-schema-graph\">{\"@context\":\"https:\/\/schema.org\",\"@graph\":[{\"@type\":\"Article\",\"@id\":\"https:\/\/www.pakamera.pl\/magazyn\/czy-duze-plytki-pasuja-do-malej-lazienki\/#article\",\"isPartOf\":{\"@id\":\"https:\/\/www.pakamera.pl\/magazyn\/czy-duze-plytki-pasuja-do-malej-lazienki\/\"},\"author\":{\"name\":\"Agnieszka Pilska\",\"@id\":\"https:\/\/www.pakamera.pl\/magazyn\/#\/schema\/person\/572f3f4a9ab09d0378471fe80a2db902\"},\"headline\":\"Czy du\u017ce p\u0142ytki pasuj\u0105 do ma\u0142ej \u0142azienki?\",\"datePublished\":\"2024-09-29T09:45:30+00:00\",\"dateModified\":\"2024-09-27T09:46:06+00:00\",\"mainEntityOfPage\":{\"@id\":\"https:\/\/www.pakamera.pl\/magazyn\/czy-duze-plytki-pasuja-do-malej-lazienki\/\"},\"wordCount\":865,\"publisher\":{\"@id\":\"https:\/\/www.pakamera.pl\/magazyn\/#organization\"},\"keywords\":[\"artystyczne kafle\",\"kafelki artystyczne\",\"kafelki ceramiczne\",\"kafle ceramiczne\",\"R\u0119cznie robione kafle\",\"stylowe umywalki\",\"umywalka nablatowa\",\"wyposa\u017cenie \u0142azienki\"],\"articleSection\":[\"Dom i Wn\u0119trze\"],\"inLanguage\":\"pl-PL\"},{\"@type\":\"WebPage\",\"@id\":\"https:\/\/www.pakamera.pl\/magazyn\/czy-duze-plytki-pasuja-do-malej-lazienki\/\",\"url\":\"https:\/\/www.pakamera.pl\/magazyn\/czy-duze-plytki-pasuja-do-malej-lazienki\/\",\"name\":\"Czy du\u017ce p\u0142ytki pasuj\u0105 do ma\u0142ej \u0142azienki? - Magazyn Pakamera.pl\",\"isPartOf\":{\"@id\":\"https:\/\/www.pakamera.pl\/magazyn\/#website\"},\"datePublished\":\"2024-09-29T09:45:30+00:00\",\"dateModified\":\"2024-09-27T09:46:06+00:00\",\"description\":\"Czy du\u017ce p\u0142ytki w ma\u0142ej \u0142azience b\u0119d\u0105 wygl\u0105da\u0107 dobrze? Zobacz na co zwr\u00f3ci\u0107 uwag\u0119 podczas wyboru odpowiednich kafelk\u00f3w.\",\"breadcrumb\":{\"@id\":\"https:\/\/www.pakamera.pl\/magazyn\/czy-duze-plytki-pasuja-do-malej-lazienki\/#breadcrumb\"},\"inLanguage\":\"pl-PL\",\"potentialAction\":[{\"@type\":\"ReadAction\",\"target\":[\"https:\/\/www.pakamera.pl\/magazyn\/czy-duze-plytki-pasuja-do-malej-lazienki\/\"]}]},{\"@type\":\"BreadcrumbList\",\"@id\":\"https:\/\/www.pakamera.pl\/magazyn\/czy-duze-plytki-pasuja-do-malej-lazienki\/#breadcrumb\",\"itemListElement\":[{\"@type\":\"ListItem\",\"position\":1,\"name\":\"Magazyn\",\"item\":\"https:\/\/www.pakamera.pl\/magazyn\/\"},{\"@type\":\"ListItem\",\"position\":2,\"name\":\"Dom i Wn\u0119trze\",\"item\":\"https:\/\/www.pakamera.pl\/magazyn\/category\/dom-i-wnetrza\/\"},{\"@type\":\"ListItem\",\"position\":3,\"name\":\"Czy du\u017ce p\u0142ytki pasuj\u0105 do ma\u0142ej \u0142azienki?\"}]},{\"@type\":\"WebSite\",\"@id\":\"https:\/\/www.pakamera.pl\/magazyn\/#website\",\"url\":\"https:\/\/www.pakamera.pl\/magazyn\/\",\"name\":\"Magazyn Pakamera.pl\",\"description\":\"Sprawd\u017a najgor\u0119tsze tematy sezonu!\",\"publisher\":{\"@id\":\"https:\/\/www.pakamera.pl\/magazyn\/#organization\"},\"potentialAction\":[{\"@type\":\"SearchAction\",\"target\":{\"@type\":\"EntryPoint\",\"urlTemplate\":\"https:\/\/www.pakamera.pl\/magazyn\/?s={search_term_string}\"},\"query-input\":\"required name=search_term_string\"}],\"inLanguage\":\"pl-PL\"},{\"@type\":\"Organization\",\"@id\":\"https:\/\/www.pakamera.pl\/magazyn\/#organization\",\"name\":\"Pakamera.pl\",\"url\":\"https:\/\/www.pakamera.pl\/magazyn\/\",\"logo\":{\"@type\":\"ImageObject\",\"inLanguage\":\"pl-PL\",\"@id\":\"https:\/\/www.pakamera.pl\/magazyn\/#\/schema\/logo\/image\/\",\"url\":\"https:\/\/imgmag.pakamera.net\/2023\/11\/153455466619.png\",\"contentUrl\":\"https:\/\/imgmag.pakamera.net\/2023\/11\/153455466619.png\",\"width\":690,\"height\":140,\"caption\":\"Pakamera.pl\"},\"image\":{\"@id\":\"https:\/\/www.pakamera.pl\/magazyn\/#\/schema\/logo\/image\/\"},\"sameAs\":[\"https:\/\/facebook.com\/pakamerapl\",\"https:\/\/www.instagram.com\/pakamera\/\"]},{\"@type\":\"Person\",\"@id\":\"https:\/\/www.pakamera.pl\/magazyn\/#\/schema\/person\/572f3f4a9ab09d0378471fe80a2db902\",\"name\":\"Agnieszka Pilska\",\"description\":\"Agnieszka kocha dobry design i wszystko co si\u0119 z nim \u0142\u0105czy. Ma do\u015bwiadczenie w projektowaniu wn\u0119trz dzi\u0119ki czemu ma niesamowity zmys\u0142 estetyczny. Potrafi prostymi dodatkami stworzy\u0107 przestrze\u0144, kt\u00f3ra zachwyci wszystkich.\"}]}<\/script>\n<!-- \/ Yoast SEO plugin. -->","yoast_head_json":{"title":"Czy du\u017ce p\u0142ytki pasuj\u0105 do ma\u0142ej \u0142azienki? - Magazyn Pakamera.pl","description":"Czy du\u017ce p\u0142ytki w ma\u0142ej \u0142azience b\u0119d\u0105 wygl\u0105da\u0107 dobrze? Zobacz na co zwr\u00f3ci\u0107 uwag\u0119 podczas wyboru odpowiednich kafelk\u00f3w.","robots":{"index":"index","follow":"follow"},"canonical":"https:\/\/www.pakamera.pl\/magazyn\/czy-duze-plytki-pasuja-do-malej-lazienki\/","og_locale":"pl_PL","og_type":"article","og_title":"Czy du\u017ce p\u0142ytki pasuj\u0105 do ma\u0142ej \u0142azienki? - Magazyn Pakamera.pl","og_description":"Czy du\u017ce p\u0142ytki w ma\u0142ej \u0142azience b\u0119d\u0105 wygl\u0105da\u0107 dobrze? Zobacz na co zwr\u00f3ci\u0107 uwag\u0119 podczas wyboru odpowiednich kafelk\u00f3w.","og_url":"https:\/\/www.pakamera.pl\/magazyn\/czy-duze-plytki-pasuja-do-malej-lazienki\/","og_site_name":"Magazyn Pakamera.pl","article_publisher":"https:\/\/facebook.com\/pakamerapl","article_published_time":"2024-09-29T09:45:30+00:00","article_modified_time":"2024-09-27T09:46:06+00:00","og_image":[{"width":1600,"height":840,"url":"https:\/\/imgmag.pakamera.net\/2024\/09\/czy-duze-plytki-pasuja-do-malej-lazienki-113737579894.gif","type":"image\/gif"}],"author":"Agnieszka Pilska","twitter_card":"summary_large_image","twitter_misc":{"Napisane przez":"Agnieszka Pilska","Szacowany czas czytania":"5 minut"},"schema":{"@context":"https:\/\/schema.org","@graph":[{"@type":"Article","@id":"https:\/\/www.pakamera.pl\/magazyn\/czy-duze-plytki-pasuja-do-malej-lazienki\/#article","isPartOf":{"@id":"https:\/\/www.pakamera.pl\/magazyn\/czy-duze-plytki-pasuja-do-malej-lazienki\/"},"author":{"name":"Agnieszka Pilska","@id":"https:\/\/www.pakamera.pl\/magazyn\/#\/schema\/person\/572f3f4a9ab09d0378471fe80a2db902"},"headline":"Czy du\u017ce p\u0142ytki pasuj\u0105 do ma\u0142ej \u0142azienki?","datePublished":"2024-09-29T09:45:30+00:00","dateModified":"2024-09-27T09:46:06+00:00","mainEntityOfPage":{"@id":"https:\/\/www.pakamera.pl\/magazyn\/czy-duze-plytki-pasuja-do-malej-lazienki\/"},"wordCount":865,"publisher":{"@id":"https:\/\/www.pakamera.pl\/magazyn\/#organization"},"keywords":["artystyczne kafle","kafelki artystyczne","kafelki ceramiczne","kafle ceramiczne","R\u0119cznie robione kafle","stylowe umywalki","umywalka nablatowa","wyposa\u017cenie \u0142azienki"],"articleSection":["Dom i Wn\u0119trze"],"inLanguage":"pl-PL"},{"@type":"WebPage","@id":"https:\/\/www.pakamera.pl\/magazyn\/czy-duze-plytki-pasuja-do-malej-lazienki\/","url":"https:\/\/www.pakamera.pl\/magazyn\/czy-duze-plytki-pasuja-do-malej-lazienki\/","name":"Czy du\u017ce p\u0142ytki pasuj\u0105 do ma\u0142ej \u0142azienki? - Magazyn Pakamera.pl","isPartOf":{"@id":"https:\/\/www.pakamera.pl\/magazyn\/#website"},"datePublished":"2024-09-29T09:45:30+00:00","dateModified":"2024-09-27T09:46:06+00:00","description":"Czy du\u017ce p\u0142ytki w ma\u0142ej \u0142azience b\u0119d\u0105 wygl\u0105da\u0107 dobrze? Zobacz na co zwr\u00f3ci\u0107 uwag\u0119 podczas wyboru odpowiednich kafelk\u00f3w.","breadcrumb":{"@id":"https:\/\/www.pakamera.pl\/magazyn\/czy-duze-plytki-pasuja-do-malej-lazienki\/#breadcrumb"},"inLanguage":"pl-PL","potentialAction":[{"@type":"ReadAction","target":["https:\/\/www.pakamera.pl\/magazyn\/czy-duze-plytki-pasuja-do-malej-lazienki\/"]}]},{"@type":"BreadcrumbList","@id":"https:\/\/www.pakamera.pl\/magazyn\/czy-duze-plytki-pasuja-do-malej-lazienki\/#breadcrumb","itemListElement":[{"@type":"ListItem","position":1,"name":"Magazyn","item":"https:\/\/www.pakamera.pl\/magazyn\/"},{"@type":"ListItem","position":2,"name":"Dom i Wn\u0119trze","item":"https:\/\/www.pakamera.pl\/magazyn\/category\/dom-i-wnetrza\/"},{"@type":"ListItem","position":3,"name":"Czy du\u017ce p\u0142ytki pasuj\u0105 do ma\u0142ej \u0142azienki?"}]},{"@type":"WebSite","@id":"https:\/\/www.pakamera.pl\/magazyn\/#website","url":"https:\/\/www.pakamera.pl\/magazyn\/","name":"Magazyn Pakamera.pl","description":"Sprawd\u017a najgor\u0119tsze tematy sezonu!","publisher":{"@id":"https:\/\/www.pakamera.pl\/magazyn\/#organization"},"potentialAction":[{"@type":"SearchAction","target":{"@type":"EntryPoint","urlTemplate":"https:\/\/www.pakamera.pl\/magazyn\/?s={search_term_string}"},"query-input":"required name=search_term_string"}],"inLanguage":"pl-PL"},{"@type":"Organization","@id":"https:\/\/www.pakamera.pl\/magazyn\/#organization","name":"Pakamera.pl","url":"https:\/\/www.pakamera.pl\/magazyn\/","logo":{"@type":"ImageObject","inLanguage":"pl-PL","@id":"https:\/\/www.pakamera.pl\/magazyn\/#\/schema\/logo\/image\/","url":"https:\/\/imgmag.pakamera.net\/2023\/11\/153455466619.png","contentUrl":"https:\/\/imgmag.pakamera.net\/2023\/11\/153455466619.png","width":690,"height":140,"caption":"Pakamera.pl"},"image":{"@id":"https:\/\/www.pakamera.pl\/magazyn\/#\/schema\/logo\/image\/"},"sameAs":["https:\/\/facebook.com\/pakamerapl","https:\/\/www.instagram.com\/pakamera\/"]},{"@type":"Person","@id":"https:\/\/www.pakamera.pl\/magazyn\/#\/schema\/person\/572f3f4a9ab09d0378471fe80a2db902","name":"Agnieszka Pilska","description":"Agnieszka kocha dobry design i wszystko co si\u0119 z nim \u0142\u0105czy. Ma do\u015bwiadczenie w projektowaniu wn\u0119trz dzi\u0119ki czemu ma niesamowity zmys\u0142 estetyczny. Potrafi prostymi dodatkami stworzy\u0107 przestrze\u0144, kt\u00f3ra zachwyci wszystkich."}]}},"_links":{"self":[{"href":"https:\/\/www.pakamera.pl\/magazyn\/wp-json\/wp\/v2\/posts\/11643","targetHints":{"allow":["GET"]}}],"collection":[{"href":"https:\/\/www.pakamera.pl\/magazyn\/wp-json\/wp\/v2\/posts"}],"about":[{"href":"https:\/\/www.pakamera.pl\/magazyn\/wp-json\/wp\/v2\/types\/post"}],"author":[{"embeddable":true,"href":"https:\/\/www.pakamera.pl\/magazyn\/wp-json\/wp\/v2\/users\/17"}],"replies":[{"embeddable":true,"href":"https:\/\/www.pakamera.pl\/magazyn\/wp-json\/wp\/v2\/comments?post=11643"}],"version-history":[{"count":1,"href":"https:\/\/www.pakamera.pl\/magazyn\/wp-json\/wp\/v2\/posts\/11643\/revisions"}],"predecessor-version":[{"id":11646,"href":"https:\/\/www.pakamera.pl\/magazyn\/wp-json\/wp\/v2\/posts\/11643\/revisions\/11646"}],"wp:featuredmedia":[{"embeddable":true,"href":"https:\/\/www.pakamera.pl\/magazyn\/wp-json\/wp\/v2\/media\/11645"}],"wp:attachment":[{"href":"https:\/\/www.pakamera.pl\/magazyn\/wp-json\/wp\/v2\/media?parent=11643"}],"wp:term":[{"taxonomy":"category","embeddable":true,"href":"https:\/\/www.pakamera.pl\/magazyn\/wp-json\/wp\/v2\/categories?post=11643"},{"taxonomy":"post_tag","embeddable":true,"href":"https:\/\/www.pakamera.pl\/magazyn\/wp-json\/wp\/v2\/tags?post=11643"}],"curies":[{"name":"wp","href":"https:\/\/api.w.org\/{rel}","templated":true}]}}