{"id":11587,"date":"2024-09-21T09:33:18","date_gmt":"2024-09-21T07:33:18","guid":{"rendered":"https:\/\/www.pakamera.pl\/magazyn\/?p=11587"},"modified":"2024-09-20T10:20:31","modified_gmt":"2024-09-20T08:20:31","slug":"jak-udekorowac-dom-na-jesien-zainspiruj-sie","status":"publish","type":"post","link":"https:\/\/www.pakamera.pl\/magazyn\/jak-udekorowac-dom-na-jesien-zainspiruj-sie\/","title":{"rendered":"Jak udekorowa\u0107 dom na jesie\u0144? Zainspiruj si\u0119!"},"content":{"rendered":"<p><strong>Wrzesie\u0144 to idealny moment, by wprowadzi\u0107 do domu przytulne akcenty. Nasycone barwy, mi\u0119kkie tekstylia i \u015bwieczki o zapachu dyni sprawi\u0105, \u017ce b\u0119dziesz bardziej cieszy\u0107 si\u0119 kolorowymi li\u015b\u0107mi na zewn\u0105trz. Jak udekorowa\u0107 dom na jesie\u0144? Poznaj nasze sposoby.<\/strong><\/p>\n<p><!--more--><\/p>\n<figure id=\"attachment_11591\" aria-describedby=\"caption-attachment-11591\" style=\"width: 1600px\" class=\"wp-caption alignnone\"><img loading=\"lazy\" decoding=\"async\" class=\"wp-image-11591 size-full\" src=\"https:\/\/imgmag.pakamera.net\/2024\/09\/jak-udekorowac-dom-na-jesien-zainspiruj-sie-165842757537.jpg\" alt=\"Dyniowy, r\u0119cznie tworzony, bardzo oryginalny kubek dynia\" width=\"1600\" height=\"840\" \/><figcaption id=\"caption-attachment-11591\" class=\"wp-caption-text\">Kubek Dynia &#8211; jasno pomara\u0144czowy \/ Ceramiczno\u015bci \/ www.pakamera.pl<\/figcaption><\/figure>\n<p>Chcesz, by Tw\u00f3j dom sta\u0142 si\u0119 idealnym miejscem na ch\u0142odne wieczory? Wcale nie musisz robi\u0107 remontu, \u017ceby poczu\u0107 jesienny nastr\u00f3j. Wystarczy kilka poduszek w ciep\u0142ych odcieniach, mi\u0119kki koc na kanap\u0119 i ozdobne dynie. Postaw \u015bwiece o zapachu cynamonu i szyszki w wazonie. Wprowad\u017a do wn\u0119trza wi\u0119cej drewna, we\u0142ny, rattanu i juty.<\/p>\n<h2>Jak ozdobi\u0107 dom na jesie\u0144? Dekoracje przed wej\u015bciem<\/h2>\n<p>Mo\u017cesz kojarzy\u0107 z ameryka\u0144skich film\u00f3w jesienny <a href=\"https:\/\/www.pakamera.pl\/wianek-na-drzwi-0-t24999.htm\" target=\"_blank\" rel=\"noopener\">wianek na drzwi<\/a> zrobiony z li\u015bci, szyszek, ga\u0142\u0105zek i suszonych kwiat\u00f3w. Tak\u0105 ozdob\u0119 wykonasz samodzielnie lub znajdziesz na Pakamera.pl. <strong>Najciekawiej prezentuj\u0105 si\u0119 dekoracje z dodatkiem ma\u0142ych dyni, suszonych owoc\u00f3w i wrzos\u00f3w<\/strong>.<\/p>\n<p>Jak udekorowa\u0107 dom na jesie\u0144? <strong>Wystarczy, \u017ce ustawisz przed drzwiami kilka kolorowych dyni, a Twoje wej\u015bcie b\u0119dzie prezentowa\u0142o si\u0119 ca\u0142kiem inaczej<\/strong>. Wykorzystaj warzywa w r\u00f3\u017cnych rozmiarach i kolorach. Dynie s\u0105 naprawd\u0119 r\u00f3\u017cnorodne! W\u015br\u00f3d nich znajdziesz pomara\u0144czowe, zielone, bia\u0142e, \u017c\u00f3\u0142te, a nawet czarne egzemplarze. Dla wi\u0119kszego efektu wytnij w nich wzory lub napisy, a do \u015brodka wstaw ma\u0142e lampki LED.<\/p>\n<div id=\"pakawidget1591\" class=\"pakawidget\"><\/div>\n<p><script async defer src=\"https:\/\/www.pakamera.pl\/widget\/widget2.min.js?id=1591&#038;type=20240920101527&#038;wwidth=1000\"><\/script><br \/>\n<strong>Donice z wrzosami ustawione po obu stronach drzwi od razu wprowadz\u0105 jesienny nastr\u00f3j<\/strong>. Te gatunki doskonale znosz\u0105 ch\u0142odniejsze dni, a ich intensywne kolory pi\u0119knie si\u0119 prezentuj\u0105 w ceramicznych doniczkach.<\/p>\n<p>We wrze\u015bniu, pa\u017adzierniku i listopadzie coraz wcze\u015bniej robi si\u0119 ciemno. <strong>Wieczory si\u0119 wyd\u0142u\u017caj\u0105, dlatego pomy\u015bl o wprowadzeniu nastrojowego klimatu przy pomocy \u015bwiate\u0142ek<\/strong>. W tym celu ustaw du\u017ce metalowe lub drewniane lampiony obok drzwi. Wykorzystaj \u015bwiece LED, kt\u00f3re nie gro\u017c\u0105 po\u017carem jak tradycyjne \u015bwieczki.<\/p>\n<p>Jak udekorowa\u0107 dom jesieni\u0105 przy ma\u0142ym bud\u017cecie? <strong>We\u017a wiklinowy kosz i wype\u0142nij go dyniami, wrzosami, szyszkami, suszonymi li\u015b\u0107mi i orzechami<\/strong>. Postaw go na werandzie lub obok drzwi. Mo\u017cesz go te\u017c zawiesi\u0107 nad wej\u015bciem.<\/p>\n<p>Przed wej\u015bciem do Twojego domu le\u017cy nudna, szara wycieraczka? Zamie\u0144 j\u0105 na dekoracj\u0119 z jesiennym motywem. Tylko pomy\u015bl o tych li\u015bciach, dynia, jab\u0142kach i je\u017cach. Od razu robi si\u0119 milej\u2026<\/p>\n<h2>Jak udekorowa\u0107 mieszkanie na jesie\u0144? Ozdoby \u015bcian i okien<\/h2>\n<figure id=\"attachment_11590\" aria-describedby=\"caption-attachment-11590\" style=\"width: 1600px\" class=\"wp-caption alignnone\"><img loading=\"lazy\" decoding=\"async\" class=\"wp-image-11590 size-full\" src=\"https:\/\/imgmag.pakamera.net\/2024\/09\/jak-udekorowac-dom-na-jesien-zainspiruj-sie-165841809680.jpg\" alt=\"jak udekorowa\u0107 dom na jesie\u0144\" width=\"1600\" height=\"840\" \/><figcaption id=\"caption-attachment-11590\" class=\"wp-caption-text\">Wianek jesienny \/ KapiCoronatus \/ www.pakamera.pl<\/figcaption><\/figure>\n<p><strong><a href=\"https:\/\/www.pakamera.pl\/magazyn\/pomysly-na-sciany-w-sypialni-jak-latwo-odmienic-wnetrze\/\" target=\"_blank\" rel=\"noopener\">Pomys\u0142y na \u015bciany sypialni<\/a> jesieni\u0105 obracaj\u0105 si\u0119 wok\u00f3\u0142 li\u015bci, szyszek i dy\u0144<\/strong>. Ozdoby mo\u017cesz zrobi\u0107 samodzielnie. Najprostszym sposobem jest zebranie li\u015bci w parku i wysuszenie ich, a nast\u0119pnie nawleczenie na sznurek. Tak\u0105 ozdob\u0119 mo\u017cesz dodatkowo uzupe\u0142ni\u0107 ga\u0142\u0105zkami i suszonymi owocami. Girland\u0119 zawie\u015b na \u015bcianie nad \u0142\u00f3\u017ckiem lub ramie okna.<\/p>\n<h3>Jesienne ramki<\/h3>\n<p>Jak udekorowa\u0107 pok\u00f3j na jesie\u0144? <strong>\u0141adne li\u015bcie, suszone kwiaty i zio\u0142a mo\u017cesz wykorzysta\u0107 do przygotowania ramki<\/strong>. Umie\u015b\u0107 je mi\u0119dzy szyb\u0105 a kartonem i u\u0142\u00f3\u017c na nich zdj\u0119cie. Jesienna kompozycja naj\u0142adniej wygl\u0105da na \u015bcianach w salonie, przedpokoju i sypialni.<\/p>\n<h3>Jesienne naklejki na okna<\/h3>\n<p>Nie masz zbyt du\u017co czasu, ale marzy Ci si\u0119 jesienna atmosfera we wn\u0119trzu? Do sezonowej metamorfozy wykorzystaj jesienne naklejki na okna z li\u015b\u0107mi, dyniami i wiewi\u00f3rkami. Mo\u017cesz nawet stworzy\u0107 ca\u0142\u0105 scenk\u0119 rodzajow\u0105. A w grudniu zdj\u0105\u0107 je bez \u015blad\u00f3w z okna i zast\u0105pi\u0107 p\u0142atkami \u015bniegu.<\/p>\n<h3>Zas\u0142ony w jesiennych kolorach<\/h3>\n<p>Ko\u0144czy si\u0119 lato, wi\u0119c czas wymieni\u0107 zas\u0142ony na te w jesiennych kolorach. <strong>Do tej pory roku pasuje zw\u0142aszcza rdzawy pomara\u0144cz, musztardowy \u017c\u00f3\u0142ty, ciep\u0142y jasnobr\u0105zowy i bordowy<\/strong>. Grubsze tkaniny zabezpiecz\u0105 okno przed przedostawaniem si\u0119 ch\u0142odniejszego wiatru i wprowadz\u0105 mi\u0142\u0105 atmosfer\u0119. Dobierz do nich poduszki i dywany w pasuj\u0105cych barwach.<\/p>\n<h3>\u015awiate\u0142ka LED<\/h3>\n<p>Jakie jeszcze mamy <a href=\"https:\/\/www.pakamera.pl\/magazyn\/ciekawe-pomysly-na-sciane-w-salonie-stworz-wymarzona-przestrzen\/\" target=\"_blank\" rel=\"noopener\">ciekawe pomys\u0142y na \u015bcian\u0119 w salonie<\/a>? Jesieni\u0105 potrzebujesz jak najwi\u0119cej \u015bwiat\u0142a. <strong>Rozwie\u015b w ramach okna, na lustrze i wzd\u0142u\u017c p\u00f3\u0142ek \u015bwiate\u0142ka LED w kszta\u0142cie li\u015bci lub ma\u0142ych dyni<\/strong>. Wolisz bardziej uniwersalne dekoracje? Magiczn\u0105 atmosfer\u0119 stworzysz klasycznymi \u015bwiate\u0142kami.<\/p>\n<h3>Dekoracje \u015bcienne<\/h3>\n<div id=\"pakawidget1592\" class=\"pakawidget\"><\/div>\n<p><script async defer src=\"https:\/\/www.pakamera.pl\/widget\/widget2.min.js?id=1592&#038;type=20240920101658&#038;wwidth=1000\"><\/script><br \/>\nNajbardziej jesiennie wygl\u0105daj\u0105 wn\u0119trza w stylu rustykalnym, boho lub skandynawskim. Idealnie wpasowuj\u0105 si\u0119 w nie <strong>drewniane dekoracje \u015bcienne, a zw\u0142aszcza tabliczki z malowanymi li\u015b\u0107mi, ga\u0142\u0105zki i zawieszki z dyniami<\/strong>.<\/p>\n<p>Wolisz jesienne <a href=\"https:\/\/www.pakamera.pl\/ozdoby-na-sciane-0-3148.htm\" target=\"_blank\" rel=\"noopener\">ozdoby na \u015bcian\u0119<\/a> DIY? <strong>Wykonaj dekoracje z papieru<\/strong>. Wytnij kolorowe arkusze w kszta\u0142t li\u015bci, dyni, wiewi\u00f3rek, sarenek lub innych jesiennych motyw\u00f3w. Zawie\u015b je na ko\u0142kach lub tablicy korkowej. Mo\u017cesz wykorzysta\u0107 t\u0119 okazj\u0119 jako zabawa dla ca\u0142ej rodziny. Dzieci ch\u0119tnie w\u0142\u0105cz\u0105 si\u0119 w proces tw\u00f3rczy.<\/p>\n<h3>Plakaty jesienne<\/h3>\n<p>Jak ozdobi\u0107 dom na jesie\u0144? Polscy tw\u00f3rcy przygotowali dla Ciebie ca\u0142\u0105 mas\u0119 plakat\u00f3w jesiennych, kt\u00f3re idealnie oddaj\u0105 ducha tej pory roku. Znajdziesz w\u015br\u00f3d nich melancholijne pejza\u017ce i kolorowe wyobra\u017cenia symbol\u00f3w jesieni.<strong> Nostalgiczny krajobraz Scottish Highlands idealnie wpasowuje si\u0119 w jesienny klimat<\/strong>. Na plakatach od black dot studio znajdziesz symbol regionu, krow\u0119 szkockiej rasy wy\u017cynnej, i tajemnicz\u0105 nadmorsk\u0105 drog\u0119.<\/p>\n<p>Jakie kolory kojarz\u0105 Ci si\u0119 z jesieni\u0105? \u017b\u00f3\u0142ty, pomara\u0144czowy i czerwony? Bingo! <strong>Galeria plakat\u00f3w na pomara\u0144czowo<\/strong> od Fotobloki and decor \u015bwietnie komponuje si\u0119 z dekoracjami w tych barwach. I cho\u0107 na grafikach zobaczysz czarn\u0105 pum\u0119, afryka\u0144ski krajobraz i tylko jedno jesienne drzewo, naprawd\u0119 poczujesz si\u0119 wci\u0105gni\u0119ta w jesienny klimat.<\/p>\n<p>Dwa plakaty od black dot studio s\u0105 tak jesienne, \u017ce bardziej si\u0119 nie da. Tylko sp\u00f3jrz na nie i wyobra\u017a sobie zapach \u015bwie\u017co \u015bci\u0119tego drewna. A p\u00f3\u017aniej to uczucie, gdy wskakujesz w li\u015bcie i czujesz si\u0119 tak przytulnie, jak nigdy.<\/p>\n<h2>Jak przystroi\u0107 salon na jesie\u0144? Przytulne dodatki<\/h2>\n<p>W salonie jesieni\u0105 sp\u0119dzasz wi\u0119cej czasu ni\u017c zazwyczaj. Pogoda nie pozwala ju\u017c na beztroskie przesiadywanie w beach barze i d\u0142ugie spacery tu\u017c przed zmrokiem. Aura zach\u0119ca raczej do grania w gry planszowe, czytania ksi\u0105\u017cek i wymieniania si\u0119 wspomnieniami po ko\u0144cz\u0105cym si\u0119 lecie. Aby stworzy\u0107 odpowiedni\u0105 atmosfer\u0119, sprawd\u017a, jak udekorowa\u0107 mieszkanie na jesie\u0144.<\/p>\n<h3>Ceramiczne naczynia<\/h3>\n<p><strong>Wybierz ceramiczne naczynia i miski w odcieniach terakoty, be\u017cu i br\u0105zu<\/strong>. Wype\u0142nij je suszonymi kwiatami, trawami ozdobnymi, ga\u0142\u0105zkami i li\u015b\u0107mi. B\u0119d\u0105 s\u0142u\u017cy\u0107 jako pi\u0119kna ozdoba salonu i rustykalny akcent, kt\u00f3ry tworzy domow\u0105 atmosfer\u0119.<\/p>\n<p>Pi\u0119kn\u0105 mis\u0119 na gruszki, jab\u0142ka i orzechy w\u0142oskie przygotowa\u0142a dla Ciebie pracownia Bordo. Bia\u0142y kolor uwypukli nasycone barw owoc\u00f3w, pozostawiaj\u0105c im granie pierwszych skrzypiec.<\/p>\n<p>Jesienna podstawka z gipsu polimerowego od PAM design jest niezwykle wszechstronna. Mo\u017cesz na niej po\u0142o\u017cy\u0107 klucze, drobniaki albo pier\u015bcionki przed p\u00f3j\u015bciem spa\u0107. Bia\u0142e wyko\u0144czenie prze\u0142amuj\u0105 drobne ciemne kropeczki. Ten detal zwraca uwag\u0119.<\/p>\n<p><strong>Ceramiczna misa jesienna od MLY Studio kolorystk\u0105 oddaje p\u00f3\u017an\u0105 jesie\u0144<\/strong>, gdy niemal wszystkie li\u015bcie opad\u0142y z drzew, a niebo spowija delikatna mgie\u0142ka. Podaj w niej ulubione przek\u0105ski, np. kruche ciasteczka dyniowe. Naczynie jest tak du\u017ce, \u017ce starczy dla ca\u0142ej rodziny!<\/p>\n<div id=\"pakawidget1593\" class=\"pakawidget\"><\/div>\n<p><script async defer src=\"https:\/\/www.pakamera.pl\/widget\/widget2.min.js?id=1593&#038;type=20240920101947&#038;wwidth=1000\"><\/script><\/p>\n<h3>Jesienne \u015bwiece<\/h3>\n<p><strong>Ceramiczne \u015bwieczniki wydobywaj\u0105 najpi\u0119kniejsze kolory z p\u0142on\u0105cej \u015bwieczki<\/strong>. Ustaw je na stoliku kawowym, komodzie lub parapecie. Zapal je wieczorem, aby stworzy\u0107 nastrojowy klimat. Wybierz sw\u00f3j ulubiony zapach.<\/p>\n<p>Potrzebujesz pomocy z wyborem?<strong> Z jesieni\u0105 najbardziej kojarz\u0105 si\u0119 zapachy cynamonu, go\u017adzik\u00f3w, imbiru, pieczonego jab\u0142ka, dyni, ga\u0142ki muszkato\u0142owej<\/strong>, drzewa sanda\u0142owego, pieczonych kasztan\u00f3w i igliwia.<\/p>\n<h3>Poduszki i koce<\/h3>\n<p>Jak udekorowa\u0107 dom na jesie\u0144 bez kupowania nowych ozd\u00f3b? <strong>Wyci\u0105gnij poduszki w musztardowym, rdzawym i bordowym kolorze<\/strong>. Fajnie, je\u015bli b\u0119d\u0105 z r\u00f3\u017cnych materia\u0142\u00f3w: we\u0142ny, aksamitu lub dzianiny. Na kanapie roz\u0142\u00f3\u017c gruby koc z fr\u0119dzlami.<\/p>\n<p>Koc pled narzuta od MIA home ma wszystko, co jesienne \u2013 t\u0142oczony wz\u00f3r li\u015bci i soczysty musztardowo \u017c\u00f3\u0142ty kolor. Jest mi\u0119kka, ciep\u0142a i przyjemnie otula w ch\u0142odne wieczory. Czy mo\u017cna chcie\u0107 wi\u0119cej?<br \/>\nMOJAMAJA przygotowa\u0142a koc dwustronny w typowo jesienne motywy. Na nadruku znajdziesz kolorowe li\u015bcie, szyszki i \u017curawin\u0119. Wewn\u0119trzna strona zosta\u0142a wykonana z milusiego w dotyku materia\u0142u minky.<\/p>\n<p><strong>Wejd\u017a na Pakamera.pl i wybierz naj\u0142adniejsze dekoracje<\/strong>. Wolisz w\u0142asnor\u0119cznie wykonywane ozdoby? Sprawd\u017a r\u00f3wnie\u017c, jak zrobi\u0107 ozdoby jesienne DIY.<\/p>\n","protected":false},"excerpt":{"rendered":"<p>Wrzesie\u0144 to idealny moment, by wprowadzi\u0107 do domu przytulne akcenty. Nasycone barwy, mi\u0119kkie tekstylia i \u015bwieczki o zapachu dyni sprawi\u0105, \u017ce b\u0119dziesz bardziej cieszy\u0107 si\u0119 kolorowymi li\u015b\u0107mi na zewn\u0105trz. Jak<span class=\"more-dots\">&#8230;<\/span><\/p>\n","protected":false},"author":17,"featured_media":11591,"comment_status":"closed","ping_status":"closed","sticky":false,"template":"","format":"standard","meta":{"footnotes":""},"categories":[12],"tags":[2610,298,2316,2317],"class_list":["post-11587","post","type-post","status-publish","format-standard","has-post-thumbnail","hentry","category-dom-i-wnetrza","tag-jesie","tag-jesien","tag-jesienne-dekoracje-do-domu","tag-wianek-z-suszonych-kwiatow"],"yoast_head":"<!-- This site is optimized with the Yoast SEO plugin v21.6 - https:\/\/yoast.com\/wordpress\/plugins\/seo\/ -->\n<title>Jak udekorowa\u0107 dom na jesie\u0144? Zainspiruj si\u0119! - Magazyn Pakamera.pl<\/title>\n<meta name=\"description\" content=\"Zastanawiasz si\u0119 jak udekorowa\u0107 dom na jesie\u0144? Zobacz nasze propozycje dekoracji i dodatk\u00f3w, kt\u00f3re od\u015bwie\u017c\u0105 twoje wn\u0119trze.\" \/>\n<meta name=\"robots\" content=\"index, follow\" \/>\n<link rel=\"canonical\" href=\"https:\/\/www.pakamera.pl\/magazyn\/jak-udekorowac-dom-na-jesien-zainspiruj-sie\/\" \/>\n<meta property=\"og:locale\" content=\"pl_PL\" \/>\n<meta property=\"og:type\" content=\"article\" \/>\n<meta property=\"og:title\" content=\"Jak udekorowa\u0107 dom na jesie\u0144? Zainspiruj si\u0119! - Magazyn Pakamera.pl\" \/>\n<meta property=\"og:description\" content=\"Zastanawiasz si\u0119 jak udekorowa\u0107 dom na jesie\u0144? Zobacz nasze propozycje dekoracji i dodatk\u00f3w, kt\u00f3re od\u015bwie\u017c\u0105 twoje wn\u0119trze.\" \/>\n<meta property=\"og:url\" content=\"https:\/\/www.pakamera.pl\/magazyn\/jak-udekorowac-dom-na-jesien-zainspiruj-sie\/\" \/>\n<meta property=\"og:site_name\" content=\"Magazyn Pakamera.pl\" \/>\n<meta property=\"article:publisher\" content=\"https:\/\/facebook.com\/pakamerapl\" \/>\n<meta property=\"article:published_time\" content=\"2024-09-21T07:33:18+00:00\" \/>\n<meta property=\"article:modified_time\" content=\"2024-09-20T08:20:31+00:00\" \/>\n<meta property=\"og:image\" content=\"https:\/\/imgmag.pakamera.net\/2024\/09\/jak-udekorowac-dom-na-jesien-zainspiruj-sie-165842757537.jpg\" \/>\n\t<meta property=\"og:image:width\" content=\"1600\" \/>\n\t<meta property=\"og:image:height\" content=\"840\" \/>\n\t<meta property=\"og:image:type\" content=\"image\/jpeg\" \/>\n<meta name=\"author\" content=\"Agnieszka Pilska\" \/>\n<meta name=\"twitter:card\" content=\"summary_large_image\" \/>\n<meta name=\"twitter:label1\" content=\"Napisane przez\" \/>\n\t<meta name=\"twitter:data1\" content=\"Agnieszka Pilska\" \/>\n\t<meta name=\"twitter:label2\" content=\"Szacowany czas czytania\" \/>\n\t<meta name=\"twitter:data2\" content=\"8 minut\" \/>\n<script type=\"application\/ld+json\" class=\"yoast-schema-graph\">{\"@context\":\"https:\/\/schema.org\",\"@graph\":[{\"@type\":\"Article\",\"@id\":\"https:\/\/www.pakamera.pl\/magazyn\/jak-udekorowac-dom-na-jesien-zainspiruj-sie\/#article\",\"isPartOf\":{\"@id\":\"https:\/\/www.pakamera.pl\/magazyn\/jak-udekorowac-dom-na-jesien-zainspiruj-sie\/\"},\"author\":{\"name\":\"Agnieszka Pilska\",\"@id\":\"https:\/\/www.pakamera.pl\/magazyn\/#\/schema\/person\/572f3f4a9ab09d0378471fe80a2db902\"},\"headline\":\"Jak udekorowa\u0107 dom na jesie\u0144? Zainspiruj si\u0119!\",\"datePublished\":\"2024-09-21T07:33:18+00:00\",\"dateModified\":\"2024-09-20T08:20:31+00:00\",\"mainEntityOfPage\":{\"@id\":\"https:\/\/www.pakamera.pl\/magazyn\/jak-udekorowac-dom-na-jesien-zainspiruj-sie\/\"},\"wordCount\":1404,\"publisher\":{\"@id\":\"https:\/\/www.pakamera.pl\/magazyn\/#organization\"},\"keywords\":[\"jesie\",\"jesie\u0144\",\"jesienne dekoracje do domu\",\"wianek z suszonych kwiat\u00f3w\"],\"articleSection\":[\"Dom i Wn\u0119trze\"],\"inLanguage\":\"pl-PL\"},{\"@type\":\"WebPage\",\"@id\":\"https:\/\/www.pakamera.pl\/magazyn\/jak-udekorowac-dom-na-jesien-zainspiruj-sie\/\",\"url\":\"https:\/\/www.pakamera.pl\/magazyn\/jak-udekorowac-dom-na-jesien-zainspiruj-sie\/\",\"name\":\"Jak udekorowa\u0107 dom na jesie\u0144? Zainspiruj si\u0119! - Magazyn Pakamera.pl\",\"isPartOf\":{\"@id\":\"https:\/\/www.pakamera.pl\/magazyn\/#website\"},\"datePublished\":\"2024-09-21T07:33:18+00:00\",\"dateModified\":\"2024-09-20T08:20:31+00:00\",\"description\":\"Zastanawiasz si\u0119 jak udekorowa\u0107 dom na jesie\u0144? Zobacz nasze propozycje dekoracji i dodatk\u00f3w, kt\u00f3re od\u015bwie\u017c\u0105 twoje wn\u0119trze.\",\"breadcrumb\":{\"@id\":\"https:\/\/www.pakamera.pl\/magazyn\/jak-udekorowac-dom-na-jesien-zainspiruj-sie\/#breadcrumb\"},\"inLanguage\":\"pl-PL\",\"potentialAction\":[{\"@type\":\"ReadAction\",\"target\":[\"https:\/\/www.pakamera.pl\/magazyn\/jak-udekorowac-dom-na-jesien-zainspiruj-sie\/\"]}]},{\"@type\":\"BreadcrumbList\",\"@id\":\"https:\/\/www.pakamera.pl\/magazyn\/jak-udekorowac-dom-na-jesien-zainspiruj-sie\/#breadcrumb\",\"itemListElement\":[{\"@type\":\"ListItem\",\"position\":1,\"name\":\"Magazyn\",\"item\":\"https:\/\/www.pakamera.pl\/magazyn\/\"},{\"@type\":\"ListItem\",\"position\":2,\"name\":\"Dom i Wn\u0119trze\",\"item\":\"https:\/\/www.pakamera.pl\/magazyn\/category\/dom-i-wnetrza\/\"},{\"@type\":\"ListItem\",\"position\":3,\"name\":\"Jak udekorowa\u0107 dom na jesie\u0144? Zainspiruj si\u0119!\"}]},{\"@type\":\"WebSite\",\"@id\":\"https:\/\/www.pakamera.pl\/magazyn\/#website\",\"url\":\"https:\/\/www.pakamera.pl\/magazyn\/\",\"name\":\"Magazyn Pakamera.pl\",\"description\":\"Sprawd\u017a najgor\u0119tsze tematy sezonu!\",\"publisher\":{\"@id\":\"https:\/\/www.pakamera.pl\/magazyn\/#organization\"},\"potentialAction\":[{\"@type\":\"SearchAction\",\"target\":{\"@type\":\"EntryPoint\",\"urlTemplate\":\"https:\/\/www.pakamera.pl\/magazyn\/?s={search_term_string}\"},\"query-input\":\"required name=search_term_string\"}],\"inLanguage\":\"pl-PL\"},{\"@type\":\"Organization\",\"@id\":\"https:\/\/www.pakamera.pl\/magazyn\/#organization\",\"name\":\"Pakamera.pl\",\"url\":\"https:\/\/www.pakamera.pl\/magazyn\/\",\"logo\":{\"@type\":\"ImageObject\",\"inLanguage\":\"pl-PL\",\"@id\":\"https:\/\/www.pakamera.pl\/magazyn\/#\/schema\/logo\/image\/\",\"url\":\"https:\/\/imgmag.pakamera.net\/2023\/11\/153455466619.png\",\"contentUrl\":\"https:\/\/imgmag.pakamera.net\/2023\/11\/153455466619.png\",\"width\":690,\"height\":140,\"caption\":\"Pakamera.pl\"},\"image\":{\"@id\":\"https:\/\/www.pakamera.pl\/magazyn\/#\/schema\/logo\/image\/\"},\"sameAs\":[\"https:\/\/facebook.com\/pakamerapl\",\"https:\/\/www.instagram.com\/pakamera\/\"]},{\"@type\":\"Person\",\"@id\":\"https:\/\/www.pakamera.pl\/magazyn\/#\/schema\/person\/572f3f4a9ab09d0378471fe80a2db902\",\"name\":\"Agnieszka Pilska\",\"description\":\"Agnieszka kocha dobry design i wszystko co si\u0119 z nim \u0142\u0105czy. Ma do\u015bwiadczenie w projektowaniu wn\u0119trz dzi\u0119ki czemu ma niesamowity zmys\u0142 estetyczny. Potrafi prostymi dodatkami stworzy\u0107 przestrze\u0144, kt\u00f3ra zachwyci wszystkich.\"}]}<\/script>\n<!-- \/ Yoast SEO plugin. -->","yoast_head_json":{"title":"Jak udekorowa\u0107 dom na jesie\u0144? Zainspiruj si\u0119! - Magazyn Pakamera.pl","description":"Zastanawiasz si\u0119 jak udekorowa\u0107 dom na jesie\u0144? Zobacz nasze propozycje dekoracji i dodatk\u00f3w, kt\u00f3re od\u015bwie\u017c\u0105 twoje wn\u0119trze.","robots":{"index":"index","follow":"follow"},"canonical":"https:\/\/www.pakamera.pl\/magazyn\/jak-udekorowac-dom-na-jesien-zainspiruj-sie\/","og_locale":"pl_PL","og_type":"article","og_title":"Jak udekorowa\u0107 dom na jesie\u0144? Zainspiruj si\u0119! - Magazyn Pakamera.pl","og_description":"Zastanawiasz si\u0119 jak udekorowa\u0107 dom na jesie\u0144? Zobacz nasze propozycje dekoracji i dodatk\u00f3w, kt\u00f3re od\u015bwie\u017c\u0105 twoje wn\u0119trze.","og_url":"https:\/\/www.pakamera.pl\/magazyn\/jak-udekorowac-dom-na-jesien-zainspiruj-sie\/","og_site_name":"Magazyn Pakamera.pl","article_publisher":"https:\/\/facebook.com\/pakamerapl","article_published_time":"2024-09-21T07:33:18+00:00","article_modified_time":"2024-09-20T08:20:31+00:00","og_image":[{"width":1600,"height":840,"url":"https:\/\/imgmag.pakamera.net\/2024\/09\/jak-udekorowac-dom-na-jesien-zainspiruj-sie-165842757537.jpg","type":"image\/jpeg"}],"author":"Agnieszka Pilska","twitter_card":"summary_large_image","twitter_misc":{"Napisane przez":"Agnieszka Pilska","Szacowany czas czytania":"8 minut"},"schema":{"@context":"https:\/\/schema.org","@graph":[{"@type":"Article","@id":"https:\/\/www.pakamera.pl\/magazyn\/jak-udekorowac-dom-na-jesien-zainspiruj-sie\/#article","isPartOf":{"@id":"https:\/\/www.pakamera.pl\/magazyn\/jak-udekorowac-dom-na-jesien-zainspiruj-sie\/"},"author":{"name":"Agnieszka Pilska","@id":"https:\/\/www.pakamera.pl\/magazyn\/#\/schema\/person\/572f3f4a9ab09d0378471fe80a2db902"},"headline":"Jak udekorowa\u0107 dom na jesie\u0144? Zainspiruj si\u0119!","datePublished":"2024-09-21T07:33:18+00:00","dateModified":"2024-09-20T08:20:31+00:00","mainEntityOfPage":{"@id":"https:\/\/www.pakamera.pl\/magazyn\/jak-udekorowac-dom-na-jesien-zainspiruj-sie\/"},"wordCount":1404,"publisher":{"@id":"https:\/\/www.pakamera.pl\/magazyn\/#organization"},"keywords":["jesie","jesie\u0144","jesienne dekoracje do domu","wianek z suszonych kwiat\u00f3w"],"articleSection":["Dom i Wn\u0119trze"],"inLanguage":"pl-PL"},{"@type":"WebPage","@id":"https:\/\/www.pakamera.pl\/magazyn\/jak-udekorowac-dom-na-jesien-zainspiruj-sie\/","url":"https:\/\/www.pakamera.pl\/magazyn\/jak-udekorowac-dom-na-jesien-zainspiruj-sie\/","name":"Jak udekorowa\u0107 dom na jesie\u0144? Zainspiruj si\u0119! - Magazyn Pakamera.pl","isPartOf":{"@id":"https:\/\/www.pakamera.pl\/magazyn\/#website"},"datePublished":"2024-09-21T07:33:18+00:00","dateModified":"2024-09-20T08:20:31+00:00","description":"Zastanawiasz si\u0119 jak udekorowa\u0107 dom na jesie\u0144? Zobacz nasze propozycje dekoracji i dodatk\u00f3w, kt\u00f3re od\u015bwie\u017c\u0105 twoje wn\u0119trze.","breadcrumb":{"@id":"https:\/\/www.pakamera.pl\/magazyn\/jak-udekorowac-dom-na-jesien-zainspiruj-sie\/#breadcrumb"},"inLanguage":"pl-PL","potentialAction":[{"@type":"ReadAction","target":["https:\/\/www.pakamera.pl\/magazyn\/jak-udekorowac-dom-na-jesien-zainspiruj-sie\/"]}]},{"@type":"BreadcrumbList","@id":"https:\/\/www.pakamera.pl\/magazyn\/jak-udekorowac-dom-na-jesien-zainspiruj-sie\/#breadcrumb","itemListElement":[{"@type":"ListItem","position":1,"name":"Magazyn","item":"https:\/\/www.pakamera.pl\/magazyn\/"},{"@type":"ListItem","position":2,"name":"Dom i Wn\u0119trze","item":"https:\/\/www.pakamera.pl\/magazyn\/category\/dom-i-wnetrza\/"},{"@type":"ListItem","position":3,"name":"Jak udekorowa\u0107 dom na jesie\u0144? Zainspiruj si\u0119!"}]},{"@type":"WebSite","@id":"https:\/\/www.pakamera.pl\/magazyn\/#website","url":"https:\/\/www.pakamera.pl\/magazyn\/","name":"Magazyn Pakamera.pl","description":"Sprawd\u017a najgor\u0119tsze tematy sezonu!","publisher":{"@id":"https:\/\/www.pakamera.pl\/magazyn\/#organization"},"potentialAction":[{"@type":"SearchAction","target":{"@type":"EntryPoint","urlTemplate":"https:\/\/www.pakamera.pl\/magazyn\/?s={search_term_string}"},"query-input":"required name=search_term_string"}],"inLanguage":"pl-PL"},{"@type":"Organization","@id":"https:\/\/www.pakamera.pl\/magazyn\/#organization","name":"Pakamera.pl","url":"https:\/\/www.pakamera.pl\/magazyn\/","logo":{"@type":"ImageObject","inLanguage":"pl-PL","@id":"https:\/\/www.pakamera.pl\/magazyn\/#\/schema\/logo\/image\/","url":"https:\/\/imgmag.pakamera.net\/2023\/11\/153455466619.png","contentUrl":"https:\/\/imgmag.pakamera.net\/2023\/11\/153455466619.png","width":690,"height":140,"caption":"Pakamera.pl"},"image":{"@id":"https:\/\/www.pakamera.pl\/magazyn\/#\/schema\/logo\/image\/"},"sameAs":["https:\/\/facebook.com\/pakamerapl","https:\/\/www.instagram.com\/pakamera\/"]},{"@type":"Person","@id":"https:\/\/www.pakamera.pl\/magazyn\/#\/schema\/person\/572f3f4a9ab09d0378471fe80a2db902","name":"Agnieszka Pilska","description":"Agnieszka kocha dobry design i wszystko co si\u0119 z nim \u0142\u0105czy. Ma do\u015bwiadczenie w projektowaniu wn\u0119trz dzi\u0119ki czemu ma niesamowity zmys\u0142 estetyczny. Potrafi prostymi dodatkami stworzy\u0107 przestrze\u0144, kt\u00f3ra zachwyci wszystkich."}]}},"_links":{"self":[{"href":"https:\/\/www.pakamera.pl\/magazyn\/wp-json\/wp\/v2\/posts\/11587","targetHints":{"allow":["GET"]}}],"collection":[{"href":"https:\/\/www.pakamera.pl\/magazyn\/wp-json\/wp\/v2\/posts"}],"about":[{"href":"https:\/\/www.pakamera.pl\/magazyn\/wp-json\/wp\/v2\/types\/post"}],"author":[{"embeddable":true,"href":"https:\/\/www.pakamera.pl\/magazyn\/wp-json\/wp\/v2\/users\/17"}],"replies":[{"embeddable":true,"href":"https:\/\/www.pakamera.pl\/magazyn\/wp-json\/wp\/v2\/comments?post=11587"}],"version-history":[{"count":3,"href":"https:\/\/www.pakamera.pl\/magazyn\/wp-json\/wp\/v2\/posts\/11587\/revisions"}],"predecessor-version":[{"id":11594,"href":"https:\/\/www.pakamera.pl\/magazyn\/wp-json\/wp\/v2\/posts\/11587\/revisions\/11594"}],"wp:featuredmedia":[{"embeddable":true,"href":"https:\/\/www.pakamera.pl\/magazyn\/wp-json\/wp\/v2\/media\/11591"}],"wp:attachment":[{"href":"https:\/\/www.pakamera.pl\/magazyn\/wp-json\/wp\/v2\/media?parent=11587"}],"wp:term":[{"taxonomy":"category","embeddable":true,"href":"https:\/\/www.pakamera.pl\/magazyn\/wp-json\/wp\/v2\/categories?post=11587"},{"taxonomy":"post_tag","embeddable":true,"href":"https:\/\/www.pakamera.pl\/magazyn\/wp-json\/wp\/v2\/tags?post=11587"}],"curies":[{"name":"wp","href":"https:\/\/api.w.org\/{rel}","templated":true}]}}