{"id":11559,"date":"2024-09-17T12:38:47","date_gmt":"2024-09-17T10:38:47","guid":{"rendered":"https:\/\/www.pakamera.pl\/magazyn\/?p=11559"},"modified":"2024-09-16T14:05:06","modified_gmt":"2024-09-16T12:05:06","slug":"jak-dbac-o-wlosy-farbowane-uniwersalne-porady","status":"publish","type":"post","link":"https:\/\/www.pakamera.pl\/magazyn\/jak-dbac-o-wlosy-farbowane-uniwersalne-porady\/","title":{"rendered":"Jak dba\u0107 o w\u0142osy farbowane &#8211; uniwersalne porady"},"content":{"rendered":"<p><strong>Farbowanie w\u0142os\u00f3w to szybki spos\u00f3b na zmian\u0119 wygl\u0105du i nadanie fryzurze nowego \u017cycia. Jednak zmiana koloru w\u0142os\u00f3w cz\u0119sto wi\u0105\u017ce si\u0119 z konieczno\u015bci\u0105 szczeg\u00f3lnej troski o ich kondycj\u0119. W\u0142osy farbowane, poddane intensywnym zabiegom chemicznym, wymagaj\u0105 od nas nieco wi\u0119cej uwagi i odpowiednich nawyk\u00f3w piel\u0119gnacyjnych, aby zachowa\u0107 ich blask, zdrowie i intensywno\u015b\u0107 koloru. Zobacz jak jak dba\u0107 o w\u0142osy farbowane aby cieszy\u0107 si\u0119 ich blaskiem i kolorem jak najd\u0142u\u017cej!<br \/>\n<\/strong><\/p>\n<p><!--more--><\/p>\n<figure id=\"attachment_11563\" aria-describedby=\"caption-attachment-11563\" style=\"width: 1600px\" class=\"wp-caption alignnone\"><img loading=\"lazy\" decoding=\"async\" class=\"wp-image-11563 size-full\" src=\"https:\/\/imgmag.pakamera.net\/2024\/09\/jak-dbac-o-wlosy-farbowane-uniwersalne-porady-135458955346.jpg\" alt=\"Maska o formule pomagaj\u0105cej przed\u0142u\u017cy\u0107 trwa\u0142o\u015b\u0107 koloru w\u0142os\u00f3w\" width=\"1600\" height=\"840\" \/><figcaption id=\"caption-attachment-11563\" class=\"wp-caption-text\">Maska chroni\u0105ca kolor Sendo 200 ml \/ Sendo \/ www.pakamera.pl<\/figcaption><\/figure>\n<p>Dzisiaj poznasz uniwersalne porady, kt\u00f3re pomog\u0105 Ci zadba\u0107 o w\u0142osy farbowane, dzi\u0119ki czemu b\u0119d\u0105 one nie tylko pi\u0119kne, ale przede wszystkim zdrowe. Bez wzgl\u0119du na to, czy jeste\u015b zwolenniczk\u0105 klasycznych odcieni, czy odwa\u017cnych eksperyment\u00f3w kolorystycznych, nasze porady z pewno\u015bci\u0105 przyczyni\u0105 si\u0119 do utrzymania zdrowego wygl\u0105du Twoich w\u0142os\u00f3w.<\/p>\n<h2>Dlaczego piel\u0119gnacja w\u0142os\u00f3w farbowanych jest wa\u017cna?<\/h2>\n<p>Piel\u0119gnacja w\u0142os\u00f3w farbowanych jest istotnym elementem utrzymania ich zdrowia i estetyki. <strong>Farbowanie w\u0142os\u00f3w wi\u0105\u017ce si\u0119 z zastosowaniem chemikali\u00f3w, kt\u00f3re mog\u0105 os\u0142abia\u0107 struktur\u0119 w\u0142osa, prowadz\u0105c do ich \u0142amliwo\u015bci, sucho\u015bci oraz blakni\u0119cia koloru<\/strong>. W\u0142osy farbowane s\u0105 cz\u0119sto bardziej podatne na uszkodzenia, dlatego odpowiednia piel\u0119gnacja jest kluczowa dla ich kondycji.<\/p>\n<p><strong>Regularne nawil\u017canie i od\u017cywianie w\u0142os\u00f3w farbowanych pomaga w utrzymaniu ich elastyczno\u015bci oraz blasku<\/strong>. U\u017cywanie <a href=\"https:\/\/www.pakamera.pl\/do-wlosow-0-2861.htm\" target=\"_blank\" rel=\"noopener\">kosmetyk\u00f3w do w\u0142os\u00f3w<\/a> przeznaczonych specjalnie dla w\u0142os\u00f3w farbowanych dostarcza nie tylko niezb\u0119dnych sk\u0142adnik\u00f3w od\u017cywczych, ale r\u00f3wnie\u017c chroni kolor przed blakni\u0119ciem. W sk\u0142ad takich produkt\u00f3w cz\u0119sto wchodz\u0105 filtry UV czy antyoksydanty, kt\u00f3re wspieraj\u0105 ochron\u0119 koloru i zapewniaj\u0105 mu d\u0142u\u017csz\u0105 trwa\u0142o\u015b\u0107.<\/p>\n<div id=\"pakawidget1581\" class=\"pakawidget\"><\/div>\n<p><script async defer src=\"https:\/\/www.pakamera.pl\/widget\/widget2.min.js?id=1581&#038;type=20240916123423&#038;wwidth=1000\"><\/script><br \/>\n<strong>Piel\u0119gnacja w\u0142os\u00f3w farbowanych powinna obejmowa\u0107 r\u00f3wnie\u017c unikanie nadmiernego stosowania wysokotemperaturowych narz\u0119dzi stylizacyjnych<\/strong>, kt\u00f3re mog\u0105 dodatkowo uszkadza\u0107 w\u0142osy. <strong>Regularne przycinanie ko\u0144c\u00f3wek jest tak\u017ce zalecane<\/strong>, aby pozby\u0107 si\u0119 zniszczonych i rozdwojonych ko\u0144c\u00f3wek, co wp\u0142ynie na og\u00f3ln\u0105 jako\u015b\u0107 fryzury.<\/p>\n<p>Dbanie o zdrowie w\u0142os\u00f3w farbowanych to tak\u017ce dba\u0142o\u015b\u0107 o ich og\u00f3lny wygl\u0105d. <strong>W\u0142osy w dobrej kondycji lepiej odbijaj\u0105 \u015bwiat\u0142o, co sprawia, \u017ce kolor wygl\u0105da intensywniej i pi\u0119kniej<\/strong>. Ponadto w\u0142a\u015bciwa piel\u0119gnacja minimalizuje ryzyko wyst\u0105pienia problem\u00f3w, takich jak przet\u0142uszczanie si\u0119, farba osiadaj\u0105ca na sk\u00f3rze g\u0142owy czy sw\u0119dzenie, co mo\u017ce by\u0107 nieprzyjemne i nieestetyczne.<\/p>\n<h2>Najlepsze produkty do piel\u0119gnacji w\u0142os\u00f3w farbowanych<\/h2>\n<p>Farby do w\u0142os\u00f3w mog\u0105 by\u0107 agresywne, a ich stosowanie cz\u0119sto prowadzi do przesuszenia, os\u0142abienia oraz utraty blasku w\u0142os\u00f3w. Dlatego <strong>kluczowe jest wybieranie odpowiednich produkt\u00f3w, kt\u00f3re pomog\u0105 zachowa\u0107 kolor, nawil\u017cenie i elastyczno\u015b\u0107 w\u0142os\u00f3w<\/strong>. Jakie kosmetyki wybra\u0107?<\/p>\n<ol>\n<li>Zacznij od <strong>szamponu przeznaczonego dla w\u0142os\u00f3w farbowanych<\/strong>. Tego rodzaju preparaty zazwyczaj nie zawieraj\u0105 siarczan\u00f3w, co pozwala na delikatne oczyszczanie, jednocze\u015bnie chroni\u0105c kolor przed blakni\u0119ciem. Szukaj szampon\u00f3w, kt\u00f3re dodatkowo oferuj\u0105 w\u0142a\u015bciwo\u015bci nawil\u017caj\u0105ce, aby przeciwdzia\u0142a\u0107 wysuszeniu spowodowanemu farbowaniem.<\/li>\n<li>Po umyciu warto zastosowa\u0107 <a href=\"https:\/\/www.pakamera.pl\/do-wlosow-odzywki-0-2864.htm\" target=\"_blank\" rel=\"noopener\">od\u017cywk\u0119 do w\u0142os\u00f3w<\/a>, kt\u00f3ra b\u0119dzie dostosowana do ich potrzeb. Optymalna od\u017cywka powinna zawiera\u0107 sk\u0142adniki nawil\u017caj\u0105ce oraz wyg\u0142adzaj\u0105ce, takie jak mas\u0142o shea, oleje ro\u015blinne czy proteiny. <strong>Dobrze jest wybiera\u0107 produkty, kt\u00f3re daj\u0105 efekt wyg\u0142adzenia, u\u0142atwiaj\u0105 rozczesywanie i dodaj\u0105 blasku<\/strong>. Regularne stosowanie od\u017cywki ma kluczowe znaczenie dla zachowania zdrowego wygl\u0105du w\u0142os\u00f3w farbowanych.<\/li>\n<li><strong>Maski do w\u0142os\u00f3w to kolejny istotny element piel\u0119gnacji<\/strong>. Stosowanie ich przynajmniej raz w tygodniu pomo\u017ce intensywnie nawil\u017cy\u0107 i od\u017cywi\u0107 w\u0142osy. Wybieraj maski bogate w sk\u0142adniki od\u017cywcze, kt\u00f3re pomog\u0105 w regeneracji i zabezpieczeniu koloru. Mo\u017ce to by\u0107 na przyk\u0142ad <strong>maska z olejem arganowym lub aloesowym<\/strong>, kt\u00f3ra przewy\u017csza standardowe od\u017cywki pod wzgl\u0119dem dzia\u0142ania. Zobacz te\u017c <a href=\"https:\/\/www.pakamera.pl\/magazyn\/regeneracja-wlosow-po-wakacjach-jak-pomoc-zniszczonym-kosmykom\/\" target=\"_blank\" rel=\"noopener\">jak zregenerowa\u0107 w\u0142osy po wakacjach<\/a>.<\/li>\n<li><strong>Po ka\u017cdorazowym myciu warto si\u0119gn\u0105\u0107 po serum lub olejek<\/strong>, kt\u00f3re zabezpiecz\u0105 ko\u0144c\u00f3wki w\u0142os\u00f3w przed uszkodzeniami. Nale\u017cy wybiera\u0107 lekkie formu\u0142y, kt\u00f3re nie obci\u0105\u017c\u0105 w\u0142os\u00f3w, ale jednocze\u015bnie b\u0119d\u0105 je chroni\u0107 przed czynnikami zewn\u0119trznymi oraz wysok\u0105 temperatur\u0105. Aplikacja tego typu produkt\u00f3w pomo\u017ce r\u00f3wnie\u017c zredukowa\u0107 puszenie si\u0119 w\u0142os\u00f3w, co jest szczeg\u00f3lnie przydatne w wilgotne dni.<\/li>\n<li><strong>Warto tak\u017ce pami\u0119ta\u0107 o ochronie przed s\u0142o\u0144cem<\/strong>. U\u017cywanie produkt\u00f3w z filtrami UV, takich jak spraye ochronne, pomo\u017ce ograniczy\u0107 blakni\u0119cie koloru oraz sucho\u015b\u0107 spowodowan\u0105 promieniami s\u0142onecznymi. W przypadku ekspozycji na s\u0142o\u0144ce przez d\u0142u\u017cszy czas, stosowanie nakry\u0107 g\u0142owy r\u00f3wnie\u017c mo\u017ce przynie\u015b\u0107 korzy\u015bci.<\/li>\n<\/ol>\n<figure id=\"attachment_11562\" aria-describedby=\"caption-attachment-11562\" style=\"width: 1600px\" class=\"wp-caption alignnone\"><img loading=\"lazy\" decoding=\"async\" class=\"wp-image-11562 size-full\" src=\"https:\/\/imgmag.pakamera.net\/2024\/09\/jak-dbac-o-wlosy-farbowane-uniwersalne-porady-135457878590.jpg\" alt=\"Jak dba\u0107 o w\u0142osy farbowane\" width=\"1600\" height=\"840\" \/><figcaption id=\"caption-attachment-11562\" class=\"wp-caption-text\">Szampon do w\u0142os\u00f3w Pokrzywa &#8211; Mi\u0119ta \/ jardin \/ www.pakamera.pl<\/figcaption><\/figure>\n<p><strong>Nie zapominaj r\u00f3wnie\u017c o odpowiedniej diecie i nawadnianiu<\/strong>. W\u0142osy potrzebuj\u0105 sk\u0142adnik\u00f3w od\u017cywczych, kt\u00f3re mo\u017cna dostarczy\u0107 poprzez zdrow\u0105 i zr\u00f3wnowa\u017con\u0105 diet\u0119. <strong>W\u0142\u0105cz do swojego jad\u0142ospisu produkty bogate w witaminy, minera\u0142y oraz kwasy t\u0142uszczowe omega-3<\/strong>.<\/p>\n<h2>Codzienna rutyna piel\u0119gnacyjna<\/h2>\n<p>Zacznij od u\u017cycia szamponu, kt\u00f3ry \u0142agodnie oczy\u015bci sk\u00f3r\u0119 g\u0142owy, a tak\u017ce pomo\u017ce zachowa\u0107 kolor, minimalizuj\u0105c jego blakni\u0119cie. <strong>Przy myciu nale\u017cy unika\u0107 zbyt gor\u0105cej wody, poniewa\u017c mo\u017ce ona otworzy\u0107 \u0142uski w\u0142os\u00f3w, co prowadzi do szybszego wyp\u0142ukiwania pigmentu<\/strong>. Zamiast tego, warto wybra\u0107 letni\u0105 wod\u0119. Zobacz te\u017c <a href=\"https:\/\/www.pakamera.pl\/magazyn\/jak-zadbac-o-wlosy-latem\/\" target=\"_blank\" rel=\"noopener\">jak zadba\u0107 o w\u0142osy latem<\/a> kiedy s\u0105 one wyj\u0105tkowo nara\u017cone na wysokie temperatury i wysuszenie.<\/p>\n<p>Po umyciu w\u0142os\u00f3w istotne jest stosowanie <strong>od\u017cywki, kt\u00f3ra dodatkowo nawil\u017cy i zregeneruje pasma<\/strong>. Nak\u0142adaj\u0105c j\u0105, skup si\u0119 g\u0142\u00f3wnie na ko\u0144c\u00f3wkach, kt\u00f3re s\u0105 bardziej nara\u017cone na uszkodzenia. Po na\u0142o\u017ceniu od\u017cywki dobrze jest zostawi\u0107 j\u0105 na kilka minut, aby sk\u0142adniki od\u017cywcze mog\u0142y wnika\u0107 we w\u0142osy.<\/p>\n<p><strong>Raz w tygodniu warto si\u0119gn\u0105\u0107 po intensywnie dzia\u0142aj\u0105c\u0105 mask\u0119<\/strong>. Taki zabieg zapewnia g\u0142\u0119bsze nawil\u017cenie i regeneracj\u0119, co jest szczeg\u00f3lnie wa\u017cne dla w\u0142os\u00f3w farbowanych, kt\u00f3re mog\u0105 by\u0107 bardziej nara\u017cone na uszkodzenia.<\/p>\n<p><strong>Nigdy nie zapominaj o stosowaniu produkt\u00f3w ochronnych przed stylizacj\u0105! W\u0142osy farbowane s\u0105 bardziej podatne na dzia\u0142anie wysokich temperatur, dlatego przed u\u017cyciem prostownicy czy lok\u00f3wki warto na\u0142o\u017cy\u0107 spray termoochronny<\/strong>. Pomaga on zminimalizowa\u0107 uszkodzenia spowodowane ciep\u0142em, a tak\u017ce mo\u017ce zapewni\u0107 dodatkowy po\u0142ysk.<\/p>\n<div id=\"pakawidget1582\" class=\"pakawidget\"><\/div>\n<p><script async defer src=\"https:\/\/www.pakamera.pl\/widget\/widget2.min.js?id=1582&#038;type=20240916123506&#038;wwidth=1000\"><\/script><br \/>\nWarto tak\u017ce dba\u0107 o nawil\u017cenie w\u0142os\u00f3w poprzez stosowanie serum lub olejk\u00f3w. Te produkty mo\u017cna aplikowa\u0107 na wilgotne lub suche w\u0142osy, skupiaj\u0105c si\u0119 na ko\u0144c\u00f3wkach, kt\u00f3re s\u0105 szczeg\u00f3lnie nara\u017cone na wysuszenie.<\/p>\n<p>Opr\u00f3cz odpowiedniej piel\u0119gnacji <strong>dobrym pomys\u0142em jest stosowanie ograniczonej liczby zabieg\u00f3w chemicznych i wysokotemperaturowych stylizacji<\/strong>. Staraj si\u0119 unika\u0107 cz\u0119stego prostowania czy kr\u0119cenia w\u0142os\u00f3w, a gdy ju\u017c musisz to zrobi\u0107, stosuj mo\u017cliwie najni\u017csze temperatury. Co jaki\u015b czas zr\u00f3b sobie przerw\u0119 od farbowania, aby da\u0107 w\u0142osom szans\u0119 na regeneracj\u0119.<\/p>\n<p>Na koniec, <strong>nie bagatelizuj regularnych wizyt u fryzjera<\/strong>. Odpowiednie podcinanie ko\u0144c\u00f3wek pomo\u017ce zlikwidowa\u0107 rozdwojone ko\u0144c\u00f3wki i utrzyma\u0107 w\u0142osy w dobrej kondycji. Zastosowanie si\u0119 do tych wskaz\u00f3wek pozwoli cieszy\u0107 si\u0119 pi\u0119knymi i zdrowymi w\u0142osami farbowanymi na co dzie\u0144.<\/p>\n","protected":false},"excerpt":{"rendered":"<p>Farbowanie w\u0142os\u00f3w to szybki spos\u00f3b na zmian\u0119 wygl\u0105du i nadanie fryzurze nowego \u017cycia. Jednak zmiana koloru w\u0142os\u00f3w cz\u0119sto wi\u0105\u017ce si\u0119 z konieczno\u015bci\u0105 szczeg\u00f3lnej troski o ich kondycj\u0119. W\u0142osy farbowane, poddane<span class=\"more-dots\">&#8230;<\/span><\/p>\n","protected":false},"author":19,"featured_media":11563,"comment_status":"closed","ping_status":"closed","sticky":false,"template":"","format":"standard","meta":{"footnotes":""},"categories":[2],"tags":[1825,2559,561,2283,1174,32,1084,1175],"class_list":["post-11559","post","type-post","status-publish","format-standard","has-post-thumbnail","hentry","category-beauty","tag-do-wlosow","tag-kosmetyki-na-lato","tag-kosmetyki-naturalne","tag-kuracje-na-zdrowe-wlosy","tag-mgielka-do-wlosow","tag-odzywka","tag-szampon-w-kostce","tag-wlosy-latem"],"yoast_head":"<!-- This site is optimized with the Yoast SEO plugin v21.6 - https:\/\/yoast.com\/wordpress\/plugins\/seo\/ -->\n<title>Jak dba\u0107 o w\u0142osy farbowane - uniwersalne porady - Magazyn Pakamera.pl<\/title>\n<meta name=\"description\" content=\"Zastanawiasz si\u0119 jak dba\u0107 o w\u0142osy farbowane? Zobacz nasze porady na co zwraca\u0107 uwag\u0119 przy codziennej piel\u0119gnacji .\" \/>\n<meta name=\"robots\" content=\"index, follow\" \/>\n<link rel=\"canonical\" href=\"https:\/\/www.pakamera.pl\/magazyn\/jak-dbac-o-wlosy-farbowane-uniwersalne-porady\/\" \/>\n<meta property=\"og:locale\" content=\"pl_PL\" \/>\n<meta property=\"og:type\" content=\"article\" \/>\n<meta property=\"og:title\" content=\"Jak dba\u0107 o w\u0142osy farbowane - uniwersalne porady - Magazyn Pakamera.pl\" \/>\n<meta property=\"og:description\" content=\"Zastanawiasz si\u0119 jak dba\u0107 o w\u0142osy farbowane? Zobacz nasze porady na co zwraca\u0107 uwag\u0119 przy codziennej piel\u0119gnacji .\" \/>\n<meta property=\"og:url\" content=\"https:\/\/www.pakamera.pl\/magazyn\/jak-dbac-o-wlosy-farbowane-uniwersalne-porady\/\" \/>\n<meta property=\"og:site_name\" content=\"Magazyn Pakamera.pl\" \/>\n<meta property=\"article:publisher\" content=\"https:\/\/facebook.com\/pakamerapl\" \/>\n<meta property=\"article:published_time\" content=\"2024-09-17T10:38:47+00:00\" \/>\n<meta property=\"article:modified_time\" content=\"2024-09-16T12:05:06+00:00\" \/>\n<meta property=\"og:image\" content=\"https:\/\/imgmag.pakamera.net\/2024\/09\/jak-dbac-o-wlosy-farbowane-uniwersalne-porady-135458955346.jpg\" \/>\n\t<meta property=\"og:image:width\" content=\"1600\" \/>\n\t<meta property=\"og:image:height\" content=\"840\" \/>\n\t<meta property=\"og:image:type\" content=\"image\/jpeg\" \/>\n<meta name=\"author\" content=\"Zuzanna Szyd\u0142owska\" \/>\n<meta name=\"twitter:card\" content=\"summary_large_image\" \/>\n<meta name=\"twitter:label1\" content=\"Napisane przez\" \/>\n\t<meta name=\"twitter:data1\" content=\"Zuzanna Szyd\u0142owska\" \/>\n\t<meta name=\"twitter:label2\" content=\"Szacowany czas czytania\" \/>\n\t<meta name=\"twitter:data2\" content=\"7 minut\" \/>\n<script type=\"application\/ld+json\" class=\"yoast-schema-graph\">{\"@context\":\"https:\/\/schema.org\",\"@graph\":[{\"@type\":\"Article\",\"@id\":\"https:\/\/www.pakamera.pl\/magazyn\/jak-dbac-o-wlosy-farbowane-uniwersalne-porady\/#article\",\"isPartOf\":{\"@id\":\"https:\/\/www.pakamera.pl\/magazyn\/jak-dbac-o-wlosy-farbowane-uniwersalne-porady\/\"},\"author\":{\"name\":\"Zuzanna Szyd\u0142owska\",\"@id\":\"https:\/\/www.pakamera.pl\/magazyn\/#\/schema\/person\/a2333f2d1a2f1ce2d3a9e12cc00f5f73\"},\"headline\":\"Jak dba\u0107 o w\u0142osy farbowane &#8211; uniwersalne porady\",\"datePublished\":\"2024-09-17T10:38:47+00:00\",\"dateModified\":\"2024-09-16T12:05:06+00:00\",\"mainEntityOfPage\":{\"@id\":\"https:\/\/www.pakamera.pl\/magazyn\/jak-dbac-o-wlosy-farbowane-uniwersalne-porady\/\"},\"wordCount\":1274,\"publisher\":{\"@id\":\"https:\/\/www.pakamera.pl\/magazyn\/#organization\"},\"keywords\":[\"do w\u0142os\u00f3w\",\"kosmetyki na lato\",\"kosmetyki naturalne\",\"kuracje na zdrowe w\u0142osy\",\"mgie\u0142ka do w\u0142os\u00f3w\",\"od\u017cywka\",\"szampon w kostce\",\"w\u0142osy latem\"],\"articleSection\":[\"Beauty\"],\"inLanguage\":\"pl-PL\"},{\"@type\":\"WebPage\",\"@id\":\"https:\/\/www.pakamera.pl\/magazyn\/jak-dbac-o-wlosy-farbowane-uniwersalne-porady\/\",\"url\":\"https:\/\/www.pakamera.pl\/magazyn\/jak-dbac-o-wlosy-farbowane-uniwersalne-porady\/\",\"name\":\"Jak dba\u0107 o w\u0142osy farbowane - uniwersalne porady - Magazyn Pakamera.pl\",\"isPartOf\":{\"@id\":\"https:\/\/www.pakamera.pl\/magazyn\/#website\"},\"datePublished\":\"2024-09-17T10:38:47+00:00\",\"dateModified\":\"2024-09-16T12:05:06+00:00\",\"description\":\"Zastanawiasz si\u0119 jak dba\u0107 o w\u0142osy farbowane? Zobacz nasze porady na co zwraca\u0107 uwag\u0119 przy codziennej piel\u0119gnacji .\",\"breadcrumb\":{\"@id\":\"https:\/\/www.pakamera.pl\/magazyn\/jak-dbac-o-wlosy-farbowane-uniwersalne-porady\/#breadcrumb\"},\"inLanguage\":\"pl-PL\",\"potentialAction\":[{\"@type\":\"ReadAction\",\"target\":[\"https:\/\/www.pakamera.pl\/magazyn\/jak-dbac-o-wlosy-farbowane-uniwersalne-porady\/\"]}]},{\"@type\":\"BreadcrumbList\",\"@id\":\"https:\/\/www.pakamera.pl\/magazyn\/jak-dbac-o-wlosy-farbowane-uniwersalne-porady\/#breadcrumb\",\"itemListElement\":[{\"@type\":\"ListItem\",\"position\":1,\"name\":\"Magazyn\",\"item\":\"https:\/\/www.pakamera.pl\/magazyn\/\"},{\"@type\":\"ListItem\",\"position\":2,\"name\":\"Beauty\",\"item\":\"https:\/\/www.pakamera.pl\/magazyn\/category\/beauty\/\"},{\"@type\":\"ListItem\",\"position\":3,\"name\":\"Jak dba\u0107 o w\u0142osy farbowane &#8211; uniwersalne porady\"}]},{\"@type\":\"WebSite\",\"@id\":\"https:\/\/www.pakamera.pl\/magazyn\/#website\",\"url\":\"https:\/\/www.pakamera.pl\/magazyn\/\",\"name\":\"Magazyn Pakamera.pl\",\"description\":\"Sprawd\u017a najgor\u0119tsze tematy sezonu!\",\"publisher\":{\"@id\":\"https:\/\/www.pakamera.pl\/magazyn\/#organization\"},\"potentialAction\":[{\"@type\":\"SearchAction\",\"target\":{\"@type\":\"EntryPoint\",\"urlTemplate\":\"https:\/\/www.pakamera.pl\/magazyn\/?s={search_term_string}\"},\"query-input\":\"required name=search_term_string\"}],\"inLanguage\":\"pl-PL\"},{\"@type\":\"Organization\",\"@id\":\"https:\/\/www.pakamera.pl\/magazyn\/#organization\",\"name\":\"Pakamera.pl\",\"url\":\"https:\/\/www.pakamera.pl\/magazyn\/\",\"logo\":{\"@type\":\"ImageObject\",\"inLanguage\":\"pl-PL\",\"@id\":\"https:\/\/www.pakamera.pl\/magazyn\/#\/schema\/logo\/image\/\",\"url\":\"https:\/\/imgmag.pakamera.net\/2023\/11\/153455466619.png\",\"contentUrl\":\"https:\/\/imgmag.pakamera.net\/2023\/11\/153455466619.png\",\"width\":690,\"height\":140,\"caption\":\"Pakamera.pl\"},\"image\":{\"@id\":\"https:\/\/www.pakamera.pl\/magazyn\/#\/schema\/logo\/image\/\"},\"sameAs\":[\"https:\/\/facebook.com\/pakamerapl\",\"https:\/\/www.instagram.com\/pakamera\/\"]},{\"@type\":\"Person\",\"@id\":\"https:\/\/www.pakamera.pl\/magazyn\/#\/schema\/person\/a2333f2d1a2f1ce2d3a9e12cc00f5f73\",\"name\":\"Zuzanna Szyd\u0142owska\",\"description\":\"Zuzia to nasza beauty ekspertka, kt\u00f3ra kocha naturalne kosmetyki i polskie marki. Potrafi dobra\u0107 odpowiedni\u0105 piel\u0119gnacj\u0119 do ka\u017cdego typu cery. Lubi obserwowa\u0107 rozw\u00f3j ma\u0142ych marek i ch\u0119tnie testuje ich produkty.\"}]}<\/script>\n<!-- \/ Yoast SEO plugin. -->","yoast_head_json":{"title":"Jak dba\u0107 o w\u0142osy farbowane - uniwersalne porady - Magazyn Pakamera.pl","description":"Zastanawiasz si\u0119 jak dba\u0107 o w\u0142osy farbowane? Zobacz nasze porady na co zwraca\u0107 uwag\u0119 przy codziennej piel\u0119gnacji .","robots":{"index":"index","follow":"follow"},"canonical":"https:\/\/www.pakamera.pl\/magazyn\/jak-dbac-o-wlosy-farbowane-uniwersalne-porady\/","og_locale":"pl_PL","og_type":"article","og_title":"Jak dba\u0107 o w\u0142osy farbowane - uniwersalne porady - Magazyn Pakamera.pl","og_description":"Zastanawiasz si\u0119 jak dba\u0107 o w\u0142osy farbowane? Zobacz nasze porady na co zwraca\u0107 uwag\u0119 przy codziennej piel\u0119gnacji .","og_url":"https:\/\/www.pakamera.pl\/magazyn\/jak-dbac-o-wlosy-farbowane-uniwersalne-porady\/","og_site_name":"Magazyn Pakamera.pl","article_publisher":"https:\/\/facebook.com\/pakamerapl","article_published_time":"2024-09-17T10:38:47+00:00","article_modified_time":"2024-09-16T12:05:06+00:00","og_image":[{"width":1600,"height":840,"url":"https:\/\/imgmag.pakamera.net\/2024\/09\/jak-dbac-o-wlosy-farbowane-uniwersalne-porady-135458955346.jpg","type":"image\/jpeg"}],"author":"Zuzanna Szyd\u0142owska","twitter_card":"summary_large_image","twitter_misc":{"Napisane przez":"Zuzanna Szyd\u0142owska","Szacowany czas czytania":"7 minut"},"schema":{"@context":"https:\/\/schema.org","@graph":[{"@type":"Article","@id":"https:\/\/www.pakamera.pl\/magazyn\/jak-dbac-o-wlosy-farbowane-uniwersalne-porady\/#article","isPartOf":{"@id":"https:\/\/www.pakamera.pl\/magazyn\/jak-dbac-o-wlosy-farbowane-uniwersalne-porady\/"},"author":{"name":"Zuzanna Szyd\u0142owska","@id":"https:\/\/www.pakamera.pl\/magazyn\/#\/schema\/person\/a2333f2d1a2f1ce2d3a9e12cc00f5f73"},"headline":"Jak dba\u0107 o w\u0142osy farbowane &#8211; uniwersalne porady","datePublished":"2024-09-17T10:38:47+00:00","dateModified":"2024-09-16T12:05:06+00:00","mainEntityOfPage":{"@id":"https:\/\/www.pakamera.pl\/magazyn\/jak-dbac-o-wlosy-farbowane-uniwersalne-porady\/"},"wordCount":1274,"publisher":{"@id":"https:\/\/www.pakamera.pl\/magazyn\/#organization"},"keywords":["do w\u0142os\u00f3w","kosmetyki na lato","kosmetyki naturalne","kuracje na zdrowe w\u0142osy","mgie\u0142ka do w\u0142os\u00f3w","od\u017cywka","szampon w kostce","w\u0142osy latem"],"articleSection":["Beauty"],"inLanguage":"pl-PL"},{"@type":"WebPage","@id":"https:\/\/www.pakamera.pl\/magazyn\/jak-dbac-o-wlosy-farbowane-uniwersalne-porady\/","url":"https:\/\/www.pakamera.pl\/magazyn\/jak-dbac-o-wlosy-farbowane-uniwersalne-porady\/","name":"Jak dba\u0107 o w\u0142osy farbowane - uniwersalne porady - Magazyn Pakamera.pl","isPartOf":{"@id":"https:\/\/www.pakamera.pl\/magazyn\/#website"},"datePublished":"2024-09-17T10:38:47+00:00","dateModified":"2024-09-16T12:05:06+00:00","description":"Zastanawiasz si\u0119 jak dba\u0107 o w\u0142osy farbowane? Zobacz nasze porady na co zwraca\u0107 uwag\u0119 przy codziennej piel\u0119gnacji .","breadcrumb":{"@id":"https:\/\/www.pakamera.pl\/magazyn\/jak-dbac-o-wlosy-farbowane-uniwersalne-porady\/#breadcrumb"},"inLanguage":"pl-PL","potentialAction":[{"@type":"ReadAction","target":["https:\/\/www.pakamera.pl\/magazyn\/jak-dbac-o-wlosy-farbowane-uniwersalne-porady\/"]}]},{"@type":"BreadcrumbList","@id":"https:\/\/www.pakamera.pl\/magazyn\/jak-dbac-o-wlosy-farbowane-uniwersalne-porady\/#breadcrumb","itemListElement":[{"@type":"ListItem","position":1,"name":"Magazyn","item":"https:\/\/www.pakamera.pl\/magazyn\/"},{"@type":"ListItem","position":2,"name":"Beauty","item":"https:\/\/www.pakamera.pl\/magazyn\/category\/beauty\/"},{"@type":"ListItem","position":3,"name":"Jak dba\u0107 o w\u0142osy farbowane &#8211; uniwersalne porady"}]},{"@type":"WebSite","@id":"https:\/\/www.pakamera.pl\/magazyn\/#website","url":"https:\/\/www.pakamera.pl\/magazyn\/","name":"Magazyn Pakamera.pl","description":"Sprawd\u017a najgor\u0119tsze tematy sezonu!","publisher":{"@id":"https:\/\/www.pakamera.pl\/magazyn\/#organization"},"potentialAction":[{"@type":"SearchAction","target":{"@type":"EntryPoint","urlTemplate":"https:\/\/www.pakamera.pl\/magazyn\/?s={search_term_string}"},"query-input":"required name=search_term_string"}],"inLanguage":"pl-PL"},{"@type":"Organization","@id":"https:\/\/www.pakamera.pl\/magazyn\/#organization","name":"Pakamera.pl","url":"https:\/\/www.pakamera.pl\/magazyn\/","logo":{"@type":"ImageObject","inLanguage":"pl-PL","@id":"https:\/\/www.pakamera.pl\/magazyn\/#\/schema\/logo\/image\/","url":"https:\/\/imgmag.pakamera.net\/2023\/11\/153455466619.png","contentUrl":"https:\/\/imgmag.pakamera.net\/2023\/11\/153455466619.png","width":690,"height":140,"caption":"Pakamera.pl"},"image":{"@id":"https:\/\/www.pakamera.pl\/magazyn\/#\/schema\/logo\/image\/"},"sameAs":["https:\/\/facebook.com\/pakamerapl","https:\/\/www.instagram.com\/pakamera\/"]},{"@type":"Person","@id":"https:\/\/www.pakamera.pl\/magazyn\/#\/schema\/person\/a2333f2d1a2f1ce2d3a9e12cc00f5f73","name":"Zuzanna Szyd\u0142owska","description":"Zuzia to nasza beauty ekspertka, kt\u00f3ra kocha naturalne kosmetyki i polskie marki. Potrafi dobra\u0107 odpowiedni\u0105 piel\u0119gnacj\u0119 do ka\u017cdego typu cery. Lubi obserwowa\u0107 rozw\u00f3j ma\u0142ych marek i ch\u0119tnie testuje ich produkty."}]}},"_links":{"self":[{"href":"https:\/\/www.pakamera.pl\/magazyn\/wp-json\/wp\/v2\/posts\/11559","targetHints":{"allow":["GET"]}}],"collection":[{"href":"https:\/\/www.pakamera.pl\/magazyn\/wp-json\/wp\/v2\/posts"}],"about":[{"href":"https:\/\/www.pakamera.pl\/magazyn\/wp-json\/wp\/v2\/types\/post"}],"author":[{"embeddable":true,"href":"https:\/\/www.pakamera.pl\/magazyn\/wp-json\/wp\/v2\/users\/19"}],"replies":[{"embeddable":true,"href":"https:\/\/www.pakamera.pl\/magazyn\/wp-json\/wp\/v2\/comments?post=11559"}],"version-history":[{"count":3,"href":"https:\/\/www.pakamera.pl\/magazyn\/wp-json\/wp\/v2\/posts\/11559\/revisions"}],"predecessor-version":[{"id":11564,"href":"https:\/\/www.pakamera.pl\/magazyn\/wp-json\/wp\/v2\/posts\/11559\/revisions\/11564"}],"wp:featuredmedia":[{"embeddable":true,"href":"https:\/\/www.pakamera.pl\/magazyn\/wp-json\/wp\/v2\/media\/11563"}],"wp:attachment":[{"href":"https:\/\/www.pakamera.pl\/magazyn\/wp-json\/wp\/v2\/media?parent=11559"}],"wp:term":[{"taxonomy":"category","embeddable":true,"href":"https:\/\/www.pakamera.pl\/magazyn\/wp-json\/wp\/v2\/categories?post=11559"},{"taxonomy":"post_tag","embeddable":true,"href":"https:\/\/www.pakamera.pl\/magazyn\/wp-json\/wp\/v2\/tags?post=11559"}],"curies":[{"name":"wp","href":"https:\/\/api.w.org\/{rel}","templated":true}]}}