{"id":11528,"date":"2024-09-12T11:10:52","date_gmt":"2024-09-12T09:10:52","guid":{"rendered":"https:\/\/www.pakamera.pl\/magazyn\/?p=11528"},"modified":"2024-09-12T11:10:52","modified_gmt":"2024-09-12T09:10:52","slug":"pomysl-na-sciane-w-pokoju-mlodziezowym-jak-ja-ozdobic","status":"publish","type":"post","link":"https:\/\/www.pakamera.pl\/magazyn\/pomysl-na-sciane-w-pokoju-mlodziezowym-jak-ja-ozdobic\/","title":{"rendered":"Pomys\u0142 na \u015bcian\u0119 w pokoju m\u0142odzie\u017cowym \u2013 jak j\u0105 ozdobi\u0107?"},"content":{"rendered":"<p><strong>\u015aciany u Twojego dziecka \u015bwiec\u0105 pustk\u0105? Chcesz pom\u00f3c mu je zagospodarowa\u0107 w estetyczny spos\u00f3b? Pomys\u0142 na \u015bcian\u0119 w pokoju m\u0142odzie\u017cowym powinien odzwierciedla\u0107 charakter i zainteresowania nastolatka.<\/strong><\/p>\n<p><!--more--><\/p>\n<figure id=\"attachment_11531\" aria-describedby=\"caption-attachment-11531\" style=\"width: 1600px\" class=\"wp-caption alignnone\"><img loading=\"lazy\" decoding=\"async\" class=\"wp-image-11531 size-full\" src=\"https:\/\/imgmag.pakamera.net\/2024\/09\/pomysl-na-sciane-w-pokoju-mlodziezowym-jak-ja-ozdobic-105026043065.jpg\" alt=\"pomys\u0142 na \u015bcian\u0119 w pokoju m\u0142odzie\u017cowym\" width=\"1600\" height=\"840\" \/><figcaption id=\"caption-attachment-11531\" class=\"wp-caption-text\">Naklejka dla gracza gamer 41NW \/ TamTamTu \/ www.pakamera.pl<\/figcaption><\/figure>\n<p>Ma to by\u0107 przestrze\u0144, kt\u00f3ra inspiruje, a jednocze\u015bnie nie odrywa od nauki. Dlatego najlepiej ozdabia\u0107 j\u0105 razem z jej mieszka\u0144cem! <strong>Spraw, aby pok\u00f3j sta\u0142 si\u0119 ulubionym miejscem Twojego nastolatka<\/strong>. Zobacz, jak to zrobi\u0107 w najprostszy spos\u00f3b.<\/p>\n<h2>Co na \u015bcian\u0119 do pokoju m\u0142odzie\u017cowego?<\/h2>\n<p>Bia\u0142e \u015bciany w pokoju m\u0142odzie\u017cowym odstraszaj\u0105. Wygl\u0105daj\u0105 sterylnie i nie tworz\u0105 atmosfery przytulno\u015bci. Przypomnij sobie sw\u00f3j w\u0142asny k\u0105cik w domu rodzinnym. Pewnie na ka\u017cdej dost\u0119pnej przestrzeni wisia\u0142y plakaty ulubionych piosenkarzy, ciekawe artyku\u0142y z gazetek, pierwsze artystyczne pr\u00f3by przyjaci\u00f3\u0142 i zdj\u0119cia najbli\u017cszych?<\/p>\n<p>Znajd\u017a odpowiedni pomys\u0142 na \u015bciany w pokoju m\u0142odzie\u017cowym. <strong>Pokieruj swojego nastolatka i pozw\u00f3l mu ozdobi\u0107 przestrze\u0144 zgodnie z jego gustem<\/strong>!<\/p>\n<h3>Plakaty m\u0142odzie\u017cowe<\/h3>\n<p>Jak ozdobi\u0107 \u015bciany w pokoju m\u0142odzie\u017cowym? <a href=\"https:\/\/www.pakamera.pl\/plakaty-mlodziezowe-0-t217939.htm\" target=\"_blank\" rel=\"noopener\">Plakaty m\u0142odzie\u017cowe<\/a> pozwalaj\u0105 nastolatkowi samodzielnie zadecydowa\u0107, jak ma wygl\u0105da\u0107 jego pok\u00f3j. <strong>Mo\u017cna znale\u017a\u0107 grafiki przedstawiaj\u0105ce niemal wszystko \u2013 ulubione zespo\u0142y muzyczne, najlepszych sportowc\u00f3w, obrazy, pi\u0119kne widoki i najmodniejsze kreacje<\/strong>.<\/p>\n<p><a href=\"https:\/\/www.pakamera.pl\/magazyn\/jak-przymocowac-plakat-do-sciany\/\" target=\"_blank\" rel=\"noopener\">Jak przymocowa\u0107 plakat do \u015bciany?<\/a> Grafiki w ramkach wygl\u0105daj\u0105 elegancko, niczym dzie\u0142a sztuki, a te przyczepione ta\u015bm\u0105 umo\u017cliwiaj\u0105 szybkie zmiany. \u0141atwo mo\u017cna je zestawia\u0107 w grupy i tworzy\u0107 galerie \u015bcienne.<\/p>\n<div id=\"pakawidget1571\" class=\"pakawidget\"><\/div>\n<p><script async defer src=\"https:\/\/www.pakamera.pl\/widget\/widget2.min.js?id=1571&#038;type=20240912110408&#038;wwidth=1000\"><\/script><\/p>\n<h3>\u0141apacze sn\u00f3w<\/h3>\n<p><a href=\"https:\/\/www.pakamera.pl\/lapacze-snow-0-3073.htm\" target=\"_blank\" rel=\"noopener\">\u0141apacze sn\u00f3w<\/a> to dekoracje o korzeniach india\u0144skich, bardzo popularne w\u015br\u00f3d m\u0142odzie\u017cy. Ozdoby sk\u0142adaj\u0105 si\u0119 z obr\u0119czy, na kt\u00f3rej rozwieszone s\u0105 nici, koraliki i pi\u00f3ra. Elementy tworz\u0105 efektowny wz\u00f3r.<br \/>\n<strong>Tradycyjnie \u0142apacze sn\u00f3w chroni\u0105 \u015bpi\u0105cego przed z\u0142ymi snami<\/strong>. Do \u015bwiadomo\u015bci dopuszczaj\u0105 tylko te dobre. <strong>Mo\u017cna je zawiesi\u0107 nad \u0142\u00f3\u017ckiem, aby stworzy\u0107 przytuln\u0105 atmosfer\u0119<\/strong>. Ozdoba pasuje zw\u0142aszcza do wn\u0119trz w stylu boho.<\/p>\n<p><a href=\"https:\/\/www.pakamera.pl\/magazyn\/jak-urzadzic-pokoj-dziecka-w-stylu-boho\/\" target=\"_blank\" rel=\"noopener\">Jak urz\u0105dzi\u0107 pok\u00f3j dziecka w stylu boho?<\/a> Wykorzystaj dekoracje z drewna, lnu i bawe\u0142ny. Wybierz jasne, neutralne kolory z dodatkiem terakoty i musztardowego. Powie\u015b na \u015bcianie tekstylia z fr\u0119dzlami i makramy. Ozd\u00f3b pok\u00f3j kolorowymi poduszkami i puchatymi dywanami. W wolnych miejscach postaw doniczki z ro\u015blinami.<\/p>\n<h3>Makramy na \u015bcian\u0119<\/h3>\n<p>Makramy na \u015bcian\u0119 to ozdoby wykonane z plecionych sznurk\u00f3w. <strong>Wn\u0119trze dzi\u0119ki nim staje si\u0119 przytulne i zyskuje nieco artystyczny klimat<\/strong>. Ozdoby maj\u0105 r\u00f3\u017cne rozmiary \u2013 najwi\u0119ksze dekoracje mog\u0105 nawet zaj\u0105\u0107 wi\u0119kszo\u015b\u0107 przestrzeni na \u015bcianie. Mo\u017cna je powiesi\u0107 nad \u0142\u00f3\u017ckiem lub biurkiem.<\/p>\n<h3>Naklejki \u015bcienne do pokoju dziecka<\/h3>\n<p>Co na \u015bcian\u0119 do pokoju m\u0142odzie\u017cowego umo\u017cliwi cz\u0119ste zmiany wystroju? Naklejki \u015bcienne! <strong>Nakleisz je w kilkana\u015bcie minut<\/strong>. Nie musisz wk\u0142ada\u0107 w dekorowanie wi\u0119kszego wysi\u0142ku, a wn\u0119trze b\u0119dzie wygl\u0105da\u0107 ca\u0142kiem inaczej!<\/p>\n<p><strong>Naklejki s\u0105 \u0142atwe w aplikacji i dost\u0119pne w wielu wzorach<\/strong>. Mo\u017cna je bez problemu zdj\u0105\u0107, co jest du\u017cym plusem. Gust nastolatka szybko si\u0119 zmienia.<\/p>\n<h3>Ozdoby na \u015bcian\u0119<\/h3>\n<figure id=\"attachment_11532\" aria-describedby=\"caption-attachment-11532\" style=\"width: 1600px\" class=\"wp-caption alignnone\"><img loading=\"lazy\" decoding=\"async\" class=\"wp-image-11532 size-full\" src=\"https:\/\/imgmag.pakamera.net\/2024\/09\/pomysl-na-sciane-w-pokoju-mlodziezowym-jak-ja-ozdobic-110105524170.jpg\" alt=\"Lampka \u015bcienna Unky - BULDOG r\u00f3\u017c\" width=\"1600\" height=\"840\" \/><figcaption id=\"caption-attachment-11532\" class=\"wp-caption-text\">Lampka \u015bcienna Unky &#8211; BULDOG r\u00f3\u017c \/ UNKY \/ www.pakamera.pl<\/figcaption><\/figure>\n<p>Co na \u015bcian\u0119 w pokoju m\u0142odzie\u017cowym? Do wyboru masz naprawd\u0119 r\u00f3\u017cnorodne dekoracje. <strong>Mog\u0105 to by\u0107 metalowe wieszaki, drewniane napisy, lustra o nietypowych kszta\u0142tach, girlandy \u015bwietlne, a nawet neonowe znaki<\/strong>. Pi\u0119kne dekoracje mo\u017cna wykona\u0107 w\u0142asnor\u0119cznie lub wybra\u0107 je z bogatej oferty polskich rzemie\u015blnik\u00f3w.<\/p>\n<h2>Na co zwr\u00f3ci\u0107 uwag\u0119 przy ozdabianiu \u015bcian w pokoju nastolatka?<\/h2>\n<p><a href=\"https:\/\/www.pakamera.pl\/magazyn\/jak-ozdobic-biale-sciany\/\" target=\"_blank\" rel=\"noopener\">Jak ozdobi\u0107 bia\u0142e \u015bciany<\/a> w pokoju m\u0142odzie\u017cowym? <strong>Zainteresowania i osobowo\u015b\u0107 nastolatka powinny by\u0107 punktem wyj\u015bcia przy dekorowaniu<\/strong>. M\u0142ody cz\u0142owiek sp\u0119dza du\u017co czasu w swoich czterech k\u0105tach, dlatego warto, by odzwierciedla\u0142 jego pasje.<\/p>\n<p>Je\u017celi interesuje si\u0119 muzyk\u0105, podaruj mu plakaty ulubionych zespo\u0142\u00f3w lub p\u0142yty winylowe do powieszenia na \u015bcianie.<\/p>\n<p><strong>Dla fana sportu dobrym pomys\u0142em b\u0119d\u0105 grafiki zwi\u0105zane z ulubion\u0105 dyscyplin\u0105<\/strong>. Na \u015bcianach powie\u015b p\u00f3\u0142ki, na kt\u00f3rych znajdzie si\u0119 odpowiednio du\u017co miejsca na wyeksponowanie wszystkich zdobytych trofe\u00f3w.<\/p>\n<div id=\"pakawidget1572\" class=\"pakawidget\"><\/div>\n<p><script async defer src=\"https:\/\/www.pakamera.pl\/widget\/widget2.min.js?id=1572&#038;type=20240912110550&#038;wwidth=1000\"><\/script><br \/>\n<strong>Gust nastolatka zmienia si\u0119 szybko. Wybierz ozdoby na \u015bcian\u0119, kt\u00f3re mo\u017cna \u0142atwo zmieni\u0107 lub dostosowa\u0107 do nowych upodoba\u0144<\/strong>. Naklejki \u015bcienne, fototapety i wieszane dekoracje umo\u017cliwiaj\u0105 cz\u0119ste od\u015bwie\u017canie wystroju pokoju bez konieczno\u015bci przeprowadzania wi\u0119kszego remontu.<\/p>\n<p><strong>Pok\u00f3j nastolatka warto podzieli\u0107 na strefy<\/strong>. Wizualnie wyznaczone miejsca do nauki, odpoczynku, a tak\u017ce przestrze\u0144 do spotka\u0144 z przyjaci\u00f3\u0142mi sprzyja skupieniu m\u0142odego cz\u0142owieka. Nad biurkiem zainstaluj tablic\u0119 korkow\u0105 lub magnetyczn\u0105, na kt\u00f3rej nastolatek b\u0119dzie m\u00f3g\u0142 przypina\u0107 notatki. W strefie relaksu \u015bciana mo\u017ce by\u0107 udekorowana plakatami lub zdj\u0119ciami. Przy \u0142\u00f3\u017cku zawie\u015b p\u00f3\u0142ki na ksi\u0105\u017cki i lampk\u0119 do czytania.<\/p>\n<p><strong>Zadbaj, aby \u015bciany by\u0142y dobrze o\u015bwietlone<\/strong>, zw\u0142aszcza je\u015bli zawisn\u0105 na nich zdj\u0119cia, plakaty czy obrazy. Dodatkowe o\u015bwietlenie punktowe, np. kinkiety lub lampki LED, podkre\u015bl\u0105 wybrane elementy dekoracyjne i stworz\u0105 przytuln\u0105 atmosfer\u0119 w pokoju.<\/p>\n<p>Kt\u00f3ry pomys\u0142 na \u015bcian\u0119 do pokoju m\u0142odzie\u017cowego podoba Ci si\u0119 najbardziej? Sprawd\u017a <a href=\"https:\/\/www.pakamera.pl\/magazyn\/nowoczesne-ozdoby-na-sciane-do-kazdego-wnetrza\/\" target=\"_blank\" rel=\"noopener\">nowoczesne ozdoby na \u015bcian\u0119 do ka\u017cdego wn\u0119trza<\/a> na Pakamera.pl i znajd\u017a dekoracj\u0119 idealn\u0105.<\/p>\n","protected":false},"excerpt":{"rendered":"<p>\u015aciany u Twojego dziecka \u015bwiec\u0105 pustk\u0105? Chcesz pom\u00f3c mu je zagospodarowa\u0107 w estetyczny spos\u00f3b? Pomys\u0142 na \u015bcian\u0119 w pokoju m\u0142odzie\u017cowym powinien odzwierciedla\u0107 charakter i zainteresowania nastolatka.<\/p>\n","protected":false},"author":18,"featured_media":11531,"comment_status":"closed","ping_status":"closed","sticky":false,"template":"","format":"standard","meta":{"footnotes":""},"categories":[4],"tags":[1423,1026,1023,1652,1424,2554,2268],"class_list":["post-11528","post","type-post","status-publish","format-standard","has-post-thumbnail","hentry","category-dziecko","tag-dla-nastolatka","tag-dodatki-do-pokoju","tag-dzieciecy-pokoik","tag-naklejki-do-pokoju-dziecka","tag-nastolatek","tag-plakaty-filmowe","tag-tapety-do-pokoju-dziecka"],"yoast_head":"<!-- This site is optimized with the Yoast SEO plugin v21.6 - https:\/\/yoast.com\/wordpress\/plugins\/seo\/ -->\n<title>Pomys\u0142 na \u015bcian\u0119 w pokoju m\u0142odzie\u017cowym \u2013 jak j\u0105 ozdobi\u0107? - Magazyn Pakamera.pl<\/title>\n<meta name=\"description\" content=\"Zastanawiasz si\u0119 jaki pomys\u0142 na \u015bcian\u0119 w pokoju m\u0142odzie\u017cowym b\u0119dzie najlepszym wyborem? Zobacz na co zwr\u00f3ci\u0107 uwag\u0119 przy podejmowaniu decyzji.\" \/>\n<meta name=\"robots\" content=\"index, follow\" \/>\n<link rel=\"canonical\" href=\"https:\/\/www.pakamera.pl\/magazyn\/pomysl-na-sciane-w-pokoju-mlodziezowym-jak-ja-ozdobic\/\" \/>\n<meta property=\"og:locale\" content=\"pl_PL\" \/>\n<meta property=\"og:type\" content=\"article\" \/>\n<meta property=\"og:title\" content=\"Pomys\u0142 na \u015bcian\u0119 w pokoju m\u0142odzie\u017cowym \u2013 jak j\u0105 ozdobi\u0107? - Magazyn Pakamera.pl\" \/>\n<meta property=\"og:description\" content=\"Zastanawiasz si\u0119 jaki pomys\u0142 na \u015bcian\u0119 w pokoju m\u0142odzie\u017cowym b\u0119dzie najlepszym wyborem? Zobacz na co zwr\u00f3ci\u0107 uwag\u0119 przy podejmowaniu decyzji.\" \/>\n<meta property=\"og:url\" content=\"https:\/\/www.pakamera.pl\/magazyn\/pomysl-na-sciane-w-pokoju-mlodziezowym-jak-ja-ozdobic\/\" \/>\n<meta property=\"og:site_name\" content=\"Magazyn Pakamera.pl\" \/>\n<meta property=\"article:publisher\" content=\"https:\/\/facebook.com\/pakamerapl\" \/>\n<meta property=\"article:published_time\" content=\"2024-09-12T09:10:52+00:00\" \/>\n<meta property=\"og:image\" content=\"https:\/\/imgmag.pakamera.net\/2024\/09\/pomysl-na-sciane-w-pokoju-mlodziezowym-jak-ja-ozdobic-105026043065.jpg\" \/>\n\t<meta property=\"og:image:width\" content=\"1600\" \/>\n\t<meta property=\"og:image:height\" content=\"840\" \/>\n\t<meta property=\"og:image:type\" content=\"image\/jpeg\" \/>\n<meta name=\"author\" content=\"Joanna Miluk\" \/>\n<meta name=\"twitter:card\" content=\"summary_large_image\" \/>\n<meta name=\"twitter:label1\" content=\"Napisane przez\" \/>\n\t<meta name=\"twitter:data1\" content=\"Joanna Miluk\" \/>\n\t<meta name=\"twitter:label2\" content=\"Szacowany czas czytania\" \/>\n\t<meta name=\"twitter:data2\" content=\"5 minut\" \/>\n<script type=\"application\/ld+json\" class=\"yoast-schema-graph\">{\"@context\":\"https:\/\/schema.org\",\"@graph\":[{\"@type\":\"Article\",\"@id\":\"https:\/\/www.pakamera.pl\/magazyn\/pomysl-na-sciane-w-pokoju-mlodziezowym-jak-ja-ozdobic\/#article\",\"isPartOf\":{\"@id\":\"https:\/\/www.pakamera.pl\/magazyn\/pomysl-na-sciane-w-pokoju-mlodziezowym-jak-ja-ozdobic\/\"},\"author\":{\"name\":\"Joanna Miluk\",\"@id\":\"https:\/\/www.pakamera.pl\/magazyn\/#\/schema\/person\/2b133c04ac3d14aefde103d068e014d3\"},\"headline\":\"Pomys\u0142 na \u015bcian\u0119 w pokoju m\u0142odzie\u017cowym \u2013 jak j\u0105 ozdobi\u0107?\",\"datePublished\":\"2024-09-12T09:10:52+00:00\",\"dateModified\":\"2024-09-12T09:10:52+00:00\",\"mainEntityOfPage\":{\"@id\":\"https:\/\/www.pakamera.pl\/magazyn\/pomysl-na-sciane-w-pokoju-mlodziezowym-jak-ja-ozdobic\/\"},\"wordCount\":884,\"publisher\":{\"@id\":\"https:\/\/www.pakamera.pl\/magazyn\/#organization\"},\"keywords\":[\"dla nastolatka\",\"dodatki do pokoju\",\"dzieci\u0119cy pokoik\",\"naklejki do pokoju dziecka\",\"nastolatek\",\"plakaty filmowe\",\"tapety do pokoju dziecka\"],\"articleSection\":[\"Dziecko\"],\"inLanguage\":\"pl-PL\"},{\"@type\":\"WebPage\",\"@id\":\"https:\/\/www.pakamera.pl\/magazyn\/pomysl-na-sciane-w-pokoju-mlodziezowym-jak-ja-ozdobic\/\",\"url\":\"https:\/\/www.pakamera.pl\/magazyn\/pomysl-na-sciane-w-pokoju-mlodziezowym-jak-ja-ozdobic\/\",\"name\":\"Pomys\u0142 na \u015bcian\u0119 w pokoju m\u0142odzie\u017cowym \u2013 jak j\u0105 ozdobi\u0107? - Magazyn Pakamera.pl\",\"isPartOf\":{\"@id\":\"https:\/\/www.pakamera.pl\/magazyn\/#website\"},\"datePublished\":\"2024-09-12T09:10:52+00:00\",\"dateModified\":\"2024-09-12T09:10:52+00:00\",\"description\":\"Zastanawiasz si\u0119 jaki pomys\u0142 na \u015bcian\u0119 w pokoju m\u0142odzie\u017cowym b\u0119dzie najlepszym wyborem? Zobacz na co zwr\u00f3ci\u0107 uwag\u0119 przy podejmowaniu decyzji.\",\"breadcrumb\":{\"@id\":\"https:\/\/www.pakamera.pl\/magazyn\/pomysl-na-sciane-w-pokoju-mlodziezowym-jak-ja-ozdobic\/#breadcrumb\"},\"inLanguage\":\"pl-PL\",\"potentialAction\":[{\"@type\":\"ReadAction\",\"target\":[\"https:\/\/www.pakamera.pl\/magazyn\/pomysl-na-sciane-w-pokoju-mlodziezowym-jak-ja-ozdobic\/\"]}]},{\"@type\":\"BreadcrumbList\",\"@id\":\"https:\/\/www.pakamera.pl\/magazyn\/pomysl-na-sciane-w-pokoju-mlodziezowym-jak-ja-ozdobic\/#breadcrumb\",\"itemListElement\":[{\"@type\":\"ListItem\",\"position\":1,\"name\":\"Magazyn\",\"item\":\"https:\/\/www.pakamera.pl\/magazyn\/\"},{\"@type\":\"ListItem\",\"position\":2,\"name\":\"Dziecko\",\"item\":\"https:\/\/www.pakamera.pl\/magazyn\/category\/dziecko\/\"},{\"@type\":\"ListItem\",\"position\":3,\"name\":\"Pomys\u0142 na \u015bcian\u0119 w pokoju m\u0142odzie\u017cowym \u2013 jak j\u0105 ozdobi\u0107?\"}]},{\"@type\":\"WebSite\",\"@id\":\"https:\/\/www.pakamera.pl\/magazyn\/#website\",\"url\":\"https:\/\/www.pakamera.pl\/magazyn\/\",\"name\":\"Magazyn Pakamera.pl\",\"description\":\"Sprawd\u017a najgor\u0119tsze tematy sezonu!\",\"publisher\":{\"@id\":\"https:\/\/www.pakamera.pl\/magazyn\/#organization\"},\"potentialAction\":[{\"@type\":\"SearchAction\",\"target\":{\"@type\":\"EntryPoint\",\"urlTemplate\":\"https:\/\/www.pakamera.pl\/magazyn\/?s={search_term_string}\"},\"query-input\":\"required name=search_term_string\"}],\"inLanguage\":\"pl-PL\"},{\"@type\":\"Organization\",\"@id\":\"https:\/\/www.pakamera.pl\/magazyn\/#organization\",\"name\":\"Pakamera.pl\",\"url\":\"https:\/\/www.pakamera.pl\/magazyn\/\",\"logo\":{\"@type\":\"ImageObject\",\"inLanguage\":\"pl-PL\",\"@id\":\"https:\/\/www.pakamera.pl\/magazyn\/#\/schema\/logo\/image\/\",\"url\":\"https:\/\/imgmag.pakamera.net\/2023\/11\/153455466619.png\",\"contentUrl\":\"https:\/\/imgmag.pakamera.net\/2023\/11\/153455466619.png\",\"width\":690,\"height\":140,\"caption\":\"Pakamera.pl\"},\"image\":{\"@id\":\"https:\/\/www.pakamera.pl\/magazyn\/#\/schema\/logo\/image\/\"},\"sameAs\":[\"https:\/\/facebook.com\/pakamerapl\",\"https:\/\/www.instagram.com\/pakamera\/\"]},{\"@type\":\"Person\",\"@id\":\"https:\/\/www.pakamera.pl\/magazyn\/#\/schema\/person\/2b133c04ac3d14aefde103d068e014d3\",\"name\":\"Joanna Miluk\",\"description\":\"Asia jest nasz\u0105 ekspertk\u0105 od spraw najm\u0142odszych. Ch\u0119tnie podejmuje tematy zar\u00f3wno mody dzieci\u0119cej jak i dzieci\u0119cych wn\u0119trz. Wiek dziecka nie jest dla niej przeszkod\u0105. Pomo\u017ce zar\u00f3wno skompletowa\u0107 wyprawk\u0119 dla niemowlaka jak i urz\u0105dzi\u0107 pok\u00f3j nastolatka.\"}]}<\/script>\n<!-- \/ Yoast SEO plugin. -->","yoast_head_json":{"title":"Pomys\u0142 na \u015bcian\u0119 w pokoju m\u0142odzie\u017cowym \u2013 jak j\u0105 ozdobi\u0107? - Magazyn Pakamera.pl","description":"Zastanawiasz si\u0119 jaki pomys\u0142 na \u015bcian\u0119 w pokoju m\u0142odzie\u017cowym b\u0119dzie najlepszym wyborem? Zobacz na co zwr\u00f3ci\u0107 uwag\u0119 przy podejmowaniu decyzji.","robots":{"index":"index","follow":"follow"},"canonical":"https:\/\/www.pakamera.pl\/magazyn\/pomysl-na-sciane-w-pokoju-mlodziezowym-jak-ja-ozdobic\/","og_locale":"pl_PL","og_type":"article","og_title":"Pomys\u0142 na \u015bcian\u0119 w pokoju m\u0142odzie\u017cowym \u2013 jak j\u0105 ozdobi\u0107? - Magazyn Pakamera.pl","og_description":"Zastanawiasz si\u0119 jaki pomys\u0142 na \u015bcian\u0119 w pokoju m\u0142odzie\u017cowym b\u0119dzie najlepszym wyborem? Zobacz na co zwr\u00f3ci\u0107 uwag\u0119 przy podejmowaniu decyzji.","og_url":"https:\/\/www.pakamera.pl\/magazyn\/pomysl-na-sciane-w-pokoju-mlodziezowym-jak-ja-ozdobic\/","og_site_name":"Magazyn Pakamera.pl","article_publisher":"https:\/\/facebook.com\/pakamerapl","article_published_time":"2024-09-12T09:10:52+00:00","og_image":[{"width":1600,"height":840,"url":"https:\/\/imgmag.pakamera.net\/2024\/09\/pomysl-na-sciane-w-pokoju-mlodziezowym-jak-ja-ozdobic-105026043065.jpg","type":"image\/jpeg"}],"author":"Joanna Miluk","twitter_card":"summary_large_image","twitter_misc":{"Napisane przez":"Joanna Miluk","Szacowany czas czytania":"5 minut"},"schema":{"@context":"https:\/\/schema.org","@graph":[{"@type":"Article","@id":"https:\/\/www.pakamera.pl\/magazyn\/pomysl-na-sciane-w-pokoju-mlodziezowym-jak-ja-ozdobic\/#article","isPartOf":{"@id":"https:\/\/www.pakamera.pl\/magazyn\/pomysl-na-sciane-w-pokoju-mlodziezowym-jak-ja-ozdobic\/"},"author":{"name":"Joanna Miluk","@id":"https:\/\/www.pakamera.pl\/magazyn\/#\/schema\/person\/2b133c04ac3d14aefde103d068e014d3"},"headline":"Pomys\u0142 na \u015bcian\u0119 w pokoju m\u0142odzie\u017cowym \u2013 jak j\u0105 ozdobi\u0107?","datePublished":"2024-09-12T09:10:52+00:00","dateModified":"2024-09-12T09:10:52+00:00","mainEntityOfPage":{"@id":"https:\/\/www.pakamera.pl\/magazyn\/pomysl-na-sciane-w-pokoju-mlodziezowym-jak-ja-ozdobic\/"},"wordCount":884,"publisher":{"@id":"https:\/\/www.pakamera.pl\/magazyn\/#organization"},"keywords":["dla nastolatka","dodatki do pokoju","dzieci\u0119cy pokoik","naklejki do pokoju dziecka","nastolatek","plakaty filmowe","tapety do pokoju dziecka"],"articleSection":["Dziecko"],"inLanguage":"pl-PL"},{"@type":"WebPage","@id":"https:\/\/www.pakamera.pl\/magazyn\/pomysl-na-sciane-w-pokoju-mlodziezowym-jak-ja-ozdobic\/","url":"https:\/\/www.pakamera.pl\/magazyn\/pomysl-na-sciane-w-pokoju-mlodziezowym-jak-ja-ozdobic\/","name":"Pomys\u0142 na \u015bcian\u0119 w pokoju m\u0142odzie\u017cowym \u2013 jak j\u0105 ozdobi\u0107? - Magazyn Pakamera.pl","isPartOf":{"@id":"https:\/\/www.pakamera.pl\/magazyn\/#website"},"datePublished":"2024-09-12T09:10:52+00:00","dateModified":"2024-09-12T09:10:52+00:00","description":"Zastanawiasz si\u0119 jaki pomys\u0142 na \u015bcian\u0119 w pokoju m\u0142odzie\u017cowym b\u0119dzie najlepszym wyborem? Zobacz na co zwr\u00f3ci\u0107 uwag\u0119 przy podejmowaniu decyzji.","breadcrumb":{"@id":"https:\/\/www.pakamera.pl\/magazyn\/pomysl-na-sciane-w-pokoju-mlodziezowym-jak-ja-ozdobic\/#breadcrumb"},"inLanguage":"pl-PL","potentialAction":[{"@type":"ReadAction","target":["https:\/\/www.pakamera.pl\/magazyn\/pomysl-na-sciane-w-pokoju-mlodziezowym-jak-ja-ozdobic\/"]}]},{"@type":"BreadcrumbList","@id":"https:\/\/www.pakamera.pl\/magazyn\/pomysl-na-sciane-w-pokoju-mlodziezowym-jak-ja-ozdobic\/#breadcrumb","itemListElement":[{"@type":"ListItem","position":1,"name":"Magazyn","item":"https:\/\/www.pakamera.pl\/magazyn\/"},{"@type":"ListItem","position":2,"name":"Dziecko","item":"https:\/\/www.pakamera.pl\/magazyn\/category\/dziecko\/"},{"@type":"ListItem","position":3,"name":"Pomys\u0142 na \u015bcian\u0119 w pokoju m\u0142odzie\u017cowym \u2013 jak j\u0105 ozdobi\u0107?"}]},{"@type":"WebSite","@id":"https:\/\/www.pakamera.pl\/magazyn\/#website","url":"https:\/\/www.pakamera.pl\/magazyn\/","name":"Magazyn Pakamera.pl","description":"Sprawd\u017a najgor\u0119tsze tematy sezonu!","publisher":{"@id":"https:\/\/www.pakamera.pl\/magazyn\/#organization"},"potentialAction":[{"@type":"SearchAction","target":{"@type":"EntryPoint","urlTemplate":"https:\/\/www.pakamera.pl\/magazyn\/?s={search_term_string}"},"query-input":"required name=search_term_string"}],"inLanguage":"pl-PL"},{"@type":"Organization","@id":"https:\/\/www.pakamera.pl\/magazyn\/#organization","name":"Pakamera.pl","url":"https:\/\/www.pakamera.pl\/magazyn\/","logo":{"@type":"ImageObject","inLanguage":"pl-PL","@id":"https:\/\/www.pakamera.pl\/magazyn\/#\/schema\/logo\/image\/","url":"https:\/\/imgmag.pakamera.net\/2023\/11\/153455466619.png","contentUrl":"https:\/\/imgmag.pakamera.net\/2023\/11\/153455466619.png","width":690,"height":140,"caption":"Pakamera.pl"},"image":{"@id":"https:\/\/www.pakamera.pl\/magazyn\/#\/schema\/logo\/image\/"},"sameAs":["https:\/\/facebook.com\/pakamerapl","https:\/\/www.instagram.com\/pakamera\/"]},{"@type":"Person","@id":"https:\/\/www.pakamera.pl\/magazyn\/#\/schema\/person\/2b133c04ac3d14aefde103d068e014d3","name":"Joanna Miluk","description":"Asia jest nasz\u0105 ekspertk\u0105 od spraw najm\u0142odszych. Ch\u0119tnie podejmuje tematy zar\u00f3wno mody dzieci\u0119cej jak i dzieci\u0119cych wn\u0119trz. Wiek dziecka nie jest dla niej przeszkod\u0105. Pomo\u017ce zar\u00f3wno skompletowa\u0107 wyprawk\u0119 dla niemowlaka jak i urz\u0105dzi\u0107 pok\u00f3j nastolatka."}]}},"_links":{"self":[{"href":"https:\/\/www.pakamera.pl\/magazyn\/wp-json\/wp\/v2\/posts\/11528","targetHints":{"allow":["GET"]}}],"collection":[{"href":"https:\/\/www.pakamera.pl\/magazyn\/wp-json\/wp\/v2\/posts"}],"about":[{"href":"https:\/\/www.pakamera.pl\/magazyn\/wp-json\/wp\/v2\/types\/post"}],"author":[{"embeddable":true,"href":"https:\/\/www.pakamera.pl\/magazyn\/wp-json\/wp\/v2\/users\/18"}],"replies":[{"embeddable":true,"href":"https:\/\/www.pakamera.pl\/magazyn\/wp-json\/wp\/v2\/comments?post=11528"}],"version-history":[{"count":3,"href":"https:\/\/www.pakamera.pl\/magazyn\/wp-json\/wp\/v2\/posts\/11528\/revisions"}],"predecessor-version":[{"id":11533,"href":"https:\/\/www.pakamera.pl\/magazyn\/wp-json\/wp\/v2\/posts\/11528\/revisions\/11533"}],"wp:featuredmedia":[{"embeddable":true,"href":"https:\/\/www.pakamera.pl\/magazyn\/wp-json\/wp\/v2\/media\/11531"}],"wp:attachment":[{"href":"https:\/\/www.pakamera.pl\/magazyn\/wp-json\/wp\/v2\/media?parent=11528"}],"wp:term":[{"taxonomy":"category","embeddable":true,"href":"https:\/\/www.pakamera.pl\/magazyn\/wp-json\/wp\/v2\/categories?post=11528"},{"taxonomy":"post_tag","embeddable":true,"href":"https:\/\/www.pakamera.pl\/magazyn\/wp-json\/wp\/v2\/tags?post=11528"}],"curies":[{"name":"wp","href":"https:\/\/api.w.org\/{rel}","templated":true}]}}