{"id":11451,"date":"2024-09-01T13:45:12","date_gmt":"2024-09-01T11:45:12","guid":{"rendered":"https:\/\/www.pakamera.pl\/magazyn\/?p=11451"},"modified":"2024-08-30T13:45:51","modified_gmt":"2024-08-30T11:45:51","slug":"jakie-lozeczko-dla-niemowlaka-poradnik-dla-rodzicow","status":"publish","type":"post","link":"https:\/\/www.pakamera.pl\/magazyn\/jakie-lozeczko-dla-niemowlaka-poradnik-dla-rodzicow\/","title":{"rendered":"Jakie \u0142\u00f3\u017ceczko dla niemowlaka? Poradnik dla rodzic\u00f3w"},"content":{"rendered":"<p><strong>Wyb\u00f3r odpowiedniego \u0142\u00f3\u017ceczka dla niemowlaka to jedno z najwa\u017cniejszych i najodpowiedzialniejszych zada\u0144, przed kt\u00f3rym stoi ka\u017cdy przysz\u0142y rodzic. W ko\u0144cu to w tym miejscu maluch b\u0119dzie sp\u0119dza\u0107 wi\u0119kszo\u015b\u0107 swojego czasu, zar\u00f3wno podczas snu, jak i zabawy.<\/strong><\/p>\n<p><!--more--><\/p>\n<figure id=\"attachment_11463\" aria-describedby=\"caption-attachment-11463\" style=\"width: 1600px\" class=\"wp-caption alignnone\"><img loading=\"lazy\" decoding=\"async\" class=\"wp-image-11463 size-full\" src=\"https:\/\/imgmag.pakamera.net\/2024\/08\/jakie-lozeczko-dla-niemowlaka-poradnik-dla-rodzicow-134034004469.jpg\" alt=\"Jakie \u0142\u00f3\u017ceczko dla niemowlaka\" width=\"1600\" height=\"840\" \/><figcaption id=\"caption-attachment-11463\" class=\"wp-caption-text\">\u0141\u00f3\u017ceczko niemowl\u0119ce skandynawskie Clara \/ Scandi Home Style \/ www.pakamera.pl<\/figcaption><\/figure>\n<p>\u0141\u00f3\u017ceczko powinno by\u0107 nie tylko \u0142adne, ale przede wszystkim bezpieczne, komfortowe i funkcjonalne. Ch\u0119tnie podpowiemy Ci, jakie \u0142\u00f3\u017ceczko dla niemowlaka wybra\u0107, aby sprosta\u0142o oczekiwaniom rodzic\u00f3w i pociechy.<\/p>\n<p>Przeanalizujemy r\u00f3\u017cne rodzaje \u0142\u00f3\u017ceczek, ich zalety i wady, a tak\u017ce podzielimy si\u0119 praktycznymi wskaz\u00f3wkami, kt\u00f3re u\u0142atwi\u0105 Ci zakupy. Dowiesz si\u0119 tak\u017ce jakie wymiary \u0142\u00f3\u017ceczka dla niemowl\u0105t b\u0119d\u0105 idealne. Przygotuj si\u0119 na szereg wiadomo\u015bci, kt\u00f3re zapewni\u0105 Twojemu dziecku spokojny sen.<\/p>\n<h2>Jak wybra\u0107 \u0142\u00f3\u017ceczko dla niemowlaka?<\/h2>\n<p>Wyb\u00f3r \u0142\u00f3\u017ceczka dla niemowlaka to jedna z kluczowych decyzji, jakie podejmuj\u0105 przyszli rodzice. <strong>Odpowiednie pierwsze \u0142\u00f3\u017ceczko dla dziecka nie tylko zapewnia komfortowy sen, ale tak\u017ce wp\u0142ywa na jego bezpiecze\u0144stwo i rozw\u00f3j<\/strong>. Zanim podejmiesz decyzj\u0119, zwr\u00f3\u0107 uwag\u0119 na kilka kluczowych aspekt\u00f3w, kt\u00f3re podpowiedz\u0105 Ci jak wybra\u0107 \u0142\u00f3\u017ceczko dla niemowlaka.<\/p>\n<ol>\n<li>Bezpiecze\u0144stwo. <strong>Upewnij si\u0119, \u017ce \u0142\u00f3\u017ceczko spe\u0142nia normy bezpiecze\u0144stwa<\/strong>. Wybieraj produkty posiadaj\u0105ce certyfikaty jako\u015bci. Zwr\u00f3\u0107 uwag\u0119 na <strong>odleg\u0142o\u015b\u0107 mi\u0119dzy szczebelkami \u2013 nie powinna by\u0107 wi\u0119ksza ni\u017c 6 cm<\/strong>, aby zapobiec zakleszczeniu g\u0142\u00f3wki dziecka.<\/li>\n<li>Materia\u0142. <strong>Wybierz \u0142\u00f3\u017ceczko wykonane z naturalnych, nietoksycznych materia\u0142\u00f3w, przede wszystkim z drewna<\/strong>. Unikaj mebli malowanych czy pokrytych chemicznymi lakierami, kt\u00f3re mog\u0105 emitowa\u0107 szkodliwe substancje.<\/li>\n<li>Stabilno\u015b\u0107:. Upewnij si\u0119, \u017ce \u0142\u00f3\u017ceczko jest solidnie skonstruowane. <strong>Powinno by\u0107 stabilne i nie chybota\u0107 si\u0119<\/strong>. Warto sprawdzi\u0107, czy wszystkie elementy s\u0105 dobrze zamocowane i nie ma \u017cadnych ostrych kraw\u0119dzi.<\/li>\n<li><strong>Regulowana wysoko\u015b\u0107 materaca<\/strong>. Wiele \u0142\u00f3\u017ceczek oferuje r\u00f3\u017cne poziomy wysoko\u015bci materaca. <strong>Z pocz\u0105tku warto korzysta\u0107 z wy\u017cszego poziomu, co u\u0142atwia wk\u0142adanie i wyjmowanie dziecka. W miar\u0119 jak maluch zaczyna siada\u0107 i wstawa\u0107, mo\u017cna obni\u017cy\u0107 materac dla wi\u0119kszego bezpiecze\u0144stwa<\/strong>.<\/li>\n<li>Funkcjonalno\u015b\u0107. Niekt\u00f3re modele umo\u017cliwiaj\u0105 \u0142atwe przekszta\u0142cenie, co pozwala na d\u0142u\u017csze u\u017cytkowanie. Inne maj\u0105 mo\u017cliwo\u015b\u0107 z\u0142o\u017cenia, co u\u0142atwia transport czy przechowywanie.<\/li>\n<li>Materacyk. <strong>Wyb\u00f3r odpowiedniego materaca<\/strong> jest r\u00f3wnie wa\u017cny, jak wyb\u00f3r \u0142\u00f3\u017ceczka. <strong>Materac powinien by\u0107 sztywny, aby zapewni\u0107 wsparcie dla rozwijaj\u0105cego si\u0119 kr\u0119gos\u0142upa dziecka<\/strong>. Mo\u017cesz wybra\u0107 materac piankowy lub lateksowy, ale pami\u0119taj, \u017ceby dopasowa\u0107 go rozmiarem do \u0142\u00f3\u017ceczka, tak aby nie by\u0142o \u017cadnych szczelin.<\/li>\n<li>Wygl\u0105d i styl. <strong>Warto wybra\u0107 \u0142\u00f3\u017ceczko, kt\u00f3re b\u0119dzie pasowa\u0107 do wystroju pokoju dziecka<\/strong>. Dost\u0119pne s\u0105 r\u00f3\u017cne kszta\u0142ty, kolory i style, wi\u0119c mo\u017cesz znale\u017a\u0107 co\u015b, co b\u0119dzie harmonizowa\u0107 z reszt\u0105 aran\u017cacji. Je\u015bli nie masz pomys\u0142u zobacz <a href=\"https:\/\/www.pakamera.pl\/magazyn\/jak-urzadzic-pokoj-dla-niemowlaka-porady-i-inspiracje\/\" target=\"_blank\" rel=\"noopener\">jak urz\u0105dzi\u0107 pok\u00f3j dla niemowlaka<\/a>.<\/li>\n<\/ol>\n<div id=\"pakawidget1551\" class=\"pakawidget\"><\/div>\n<p><script async defer src=\"https:\/\/www.pakamera.pl\/widget\/widget2.min.js?id=1551&#038;type=20240830125912&#038;wwidth=1000\"><\/script><\/p>\n<h2>Wysoko\u015b\u0107 i wymiary \u0142\u00f3\u017ceczka dla niemowl\u0105t<\/h2>\n<p>Jaka wysoko\u015b\u0107 \u0142\u00f3\u017ceczka dla noworodka b\u0119dzie odpowiednia? <strong>Standardowy rozmiar \u0142\u00f3\u017ceczka dla niemowlaka ma 120 cm d\u0142ugo\u015bci i 60 cm szeroko\u015bci<\/strong>. Jest to uniwersalny rozmiar, kt\u00f3ry pasuje do wi\u0119kszo\u015bci materacyk\u00f3w, kt\u00f3re s\u0105 dost\u0119pne na rynku.<\/p>\n<p>W przypadku \u0142\u00f3\u017ceczek wi\u0119kszych, takich jak \u0142\u00f3\u017cka dla maluch\u00f3w, ich wymiary mog\u0105 wynosi\u0107 140 cm d\u0142ugo\u015bci i 70 cm szeroko\u015bci. Wysoko\u015b\u0107 \u0142\u00f3\u017ceczka to istotny aspekt, kt\u00f3ry wp\u0142ywa na komfort rodzic\u00f3w przy k\u0142adzeniu i podnoszeniu dziecka. Zwykle wysoko\u015b\u0107 g\u00f3rnej kraw\u0119dzi \u0142\u00f3\u017ceczka wynosi od 80 do 100 cm.<\/p>\n<p><strong>W wielu modelach istnieje mo\u017cliwo\u015b\u0107 regulacji wysoko\u015bci dna \u0142\u00f3\u017ceczka, co pozwala na dostosowanie go do sytuacji<\/strong> \u2013 na pocz\u0105tku, kiedy niemowl\u0119 jest bardzo ma\u0142e, dno mo\u017cna ustawi\u0107 wy\u017cej, a w miar\u0119 jak dziecko ro\u015bnie, obni\u017cy\u0107 je. Warto te\u017c zwr\u00f3ci\u0107 uwag\u0119 na mo\u017cliwo\u015b\u0107 zamontowania <a href=\"https:\/\/www.pakamera.pl\/pokoj-dziecka-karuzele-i-girlandy-0-2579.htm\" target=\"_blank\" rel=\"noopener\">karuzeli czy girland\u00f3w<\/a> nad \u0142\u00f3\u017ceczkiem.<\/p>\n<p><strong>Materacyk do \u0142\u00f3\u017ceczka powinien idealnie pasowa\u0107 do wymiar\u00f3w samego \u0142\u00f3\u017ceczka, aby unika\u0107 szczelin<\/strong>, w kt\u00f3re mog\u0142oby wpa\u015b\u0107 dziecko. Materac o wymiarach 120 cm na 60 cm w przypadku standardowego \u0142\u00f3\u017ceczka jest najbardziej odpowiedni.<\/p>\n<p>Wa\u017cne jest, aby <strong>materacyk mia\u0142 odpowiedni\u0105 twardo\u015b\u0107 \u2013 zbyt mi\u0119kki mo\u017ce by\u0107 niebezpieczny dla noworodka<\/strong> ze wzgl\u0119du na ryzyko uduszenia, natomiast <strong>zbyt twardy mo\u017ce by\u0107 niewygodny<\/strong>. <strong>Materace wykonane z materia\u0142\u00f3w antyalergicznych s\u0105 rekomendowane<\/strong>, gdy\u017c zmniejszaj\u0105 ryzyko alergii u niemowl\u0119cia.<\/p>\n<p>Zwr\u00f3\u0107 uwag\u0119 na to, czy \u0142\u00f3\u017ceczko i materacyk posiada odpowiednie zabezpieczenia, jak zaokr\u0105glone kraw\u0119dzie i brak ostrych element\u00f3w. Istotnym aspektem jest tak\u017ce \u0142atwo\u015b\u0107 w utrzymaniu czysto\u015bci oraz og\u00f3lna solidno\u015b\u0107 konstrukcji.<\/p>\n<h2>Gdzie kupi\u0107 \u0142\u00f3\u017ceczko dla noworodka?<\/h2>\n<figure id=\"attachment_11462\" aria-describedby=\"caption-attachment-11462\" style=\"width: 1600px\" class=\"wp-caption alignnone\"><img loading=\"lazy\" decoding=\"async\" class=\"wp-image-11462 size-full\" src=\"https:\/\/imgmag.pakamera.net\/2024\/08\/jakie-lozeczko-dla-niemowlaka-poradnik-dla-rodzicow-134032636337.jpg\" alt=\"\u0141\u00f3\u017ceczko Brigitte z naturalnego rattanu posiada wyjmowany stojak na karuzel\u0119 lub ma\u0142y baldachim\" width=\"1600\" height=\"840\" \/><figcaption id=\"caption-attachment-11462\" class=\"wp-caption-text\">\u0141\u00f3\u017ceczko niemowl\u0119ce Brigitte \/ Franzo Rattan \/ www.pakamera.pl<\/figcaption><\/figure>\n<p>Decyzja o tym, jakie \u0142\u00f3\u017ceczko dla niemowlaka wybra\u0107 niew\u0105tpliwie jest trudna. Warto postawi\u0107 na produkty najwy\u017cszej jako\u015bci, kt\u00f3re zapewni\u0105 dziecku bezpiecze\u0144stwo oraz komfort snu. Gdzie kupi\u0107 \u0142\u00f3\u017ceczko dla noworodka?<\/p>\n<p>W\u015br\u00f3d wielu opcji dost\u0119pnych na rynku, szczeg\u00f3ln\u0105 uwag\u0119 warto zwr\u00f3ci\u0107 na \u0142\u00f3\u017ceczka oferowane przez polskich producent\u00f3w i r\u0119kodzielnik\u00f3w, kt\u00f3re charakteryzuj\u0105 si\u0119 unikatowym designem oraz dba\u0142o\u015bci\u0105 o ka\u017cdy detal.<\/p>\n<p><strong>Jednym z najlepszych miejsc na zakup \u0142\u00f3\u017ceczka jest sklep Pakamera<\/strong>, kt\u00f3ry specjalizuje si\u0119 w sprzeda\u017cy r\u0119kodzie\u0142a i produkt\u00f3w od polskich marek. Znajdziesz tutaj r\u00f3\u017cnorodne modele \u0142\u00f3\u017ceczek, kt\u00f3re s\u0105 wykonane z dba\u0142o\u015bci\u0105 o najmniejszy szczeg\u00f3\u0142, z najlepszych materia\u0142\u00f3w, kt\u00f3re zapewniaj\u0105 trwa\u0142o\u015b\u0107 i pi\u0119kny design.<\/p>\n<p>Produkty te s\u0105 tworzone r\u0119cznie, co sprawia, \u017ce ka\u017cde \u0142\u00f3\u017ceczko jest jedyne w swoim rodzaju, niepowtarzalne i cz\u0119sto mo\u017cna je dostosowa\u0107 do indywidualnych potrzeb.<\/p>\n<div id=\"pakawidget1552\" class=\"pakawidget\"><\/div>\n<p><script async defer src=\"https:\/\/www.pakamera.pl\/widget\/widget2.min.js?id=1552&#038;type=20240830130014&#038;wwidth=1000\"><\/script><br \/>\nPrzy poszukiwaniach idealnego \u0142\u00f3\u017ceczka warto zwr\u00f3ci\u0107 uwag\u0119 na jego wymiary, materia\u0142, z kt\u00f3rego jest wykonane, oraz ewentualne dodatkowe funkcje, takie jak mo\u017cliwo\u015b\u0107 regulacji wysoko\u015bci materaca czy zastosowanie ekologicznych farb i lakier\u00f3w.<\/p>\n<p><strong>Wybieraj\u0105c \u0142\u00f3\u017ceczko od polskiego r\u0119kodzielnika, wspieramy lokalnych tw\u00f3rc\u00f3w oraz przyczyniamy si\u0119 do rozwoju rzemios\u0142a<\/strong>, dlatego zakup takiego \u0142\u00f3\u017ceczka od polskiej marki b\u0119dzie najlepszym rozwi\u0105zaniem.<\/p>\n<p>Przeanalizuj wszystkie dost\u0119pne opcje, uwzgl\u0119dniaj\u0105c potrzeby dziecka oraz w\u0142asne preferencje. <strong>Niezale\u017cnie od tego, czy zdecydujesz si\u0119 na klasyczne \u0142\u00f3\u017ceczko, ko\u0142ysk\u0119, czy nowoczesny model z regulowanym dnem, najwa\u017cniejsze jest, aby stworzy\u0107 maluchowi przytulne i bezpieczne miejsce do spania<\/strong>.<\/p>\n<p>Nie zapomnij r\u00f3wnie\u017c o regularnym sprawdzaniu stanu \u0142\u00f3\u017ceczka oraz <a href=\"https:\/\/www.pakamera.pl\/pokoj-dziecka-akcesoria-do-lozeczek-0-2581.htm\" target=\"_blank\" rel=\"noopener\">akcesori\u00f3w do \u0142\u00f3\u017ceczka<\/a>. Zainwestowanie w dobr\u0105 jako\u015b\u0107 teraz zaowocuje spokojnymi nocami i radosnym dzieci\u0144stwem, kt\u00f3re b\u0119d\u0105 wspomnieniem na ca\u0142e \u017cycie.<\/p>\n","protected":false},"excerpt":{"rendered":"<p>Wyb\u00f3r odpowiedniego \u0142\u00f3\u017ceczka dla niemowlaka to jedno z najwa\u017cniejszych i najodpowiedzialniejszych zada\u0144, przed kt\u00f3rym stoi ka\u017cdy przysz\u0142y rodzic. W ko\u0144cu to w tym miejscu maluch b\u0119dzie sp\u0119dza\u0107 wi\u0119kszo\u015b\u0107 swojego czasu,<span class=\"more-dots\">&#8230;<\/span><\/p>\n","protected":false},"author":18,"featured_media":11463,"comment_status":"closed","ping_status":"closed","sticky":false,"template":"","format":"standard","meta":{"footnotes":""},"categories":[4],"tags":[806,1025,1023,1218,359,1623,96],"class_list":["post-11451","post","type-post","status-publish","format-standard","has-post-thumbnail","hentry","category-dziecko","tag-dla-dziecka","tag-dzieciece-wnetrza","tag-dzieciecy-pokoik","tag-niemowlak","tag-niemowle","tag-pierwszy-pokoj-dziecka","tag-pokoju-dzieciecego"],"yoast_head":"<!-- This site is optimized with the Yoast SEO plugin v21.6 - https:\/\/yoast.com\/wordpress\/plugins\/seo\/ -->\n<title>Jakie \u0142\u00f3\u017ceczko dla niemowlaka? Poradnik dla rodzic\u00f3w - Magazyn Pakamera.pl<\/title>\n<meta name=\"description\" content=\"Zastanawiasz si\u0119 jakie \u0142\u00f3\u017ceczko dla niemowlaka b\u0119dzie najlepszym wyborem? Zobacz na co zwr\u00f3ci\u0107 uwag\u0119 przed zakupem.\" \/>\n<meta name=\"robots\" content=\"index, follow\" \/>\n<link rel=\"canonical\" href=\"https:\/\/www.pakamera.pl\/magazyn\/jakie-lozeczko-dla-niemowlaka-poradnik-dla-rodzicow\/\" \/>\n<meta property=\"og:locale\" content=\"pl_PL\" \/>\n<meta property=\"og:type\" content=\"article\" \/>\n<meta property=\"og:title\" content=\"Jakie \u0142\u00f3\u017ceczko dla niemowlaka? Poradnik dla rodzic\u00f3w - Magazyn Pakamera.pl\" \/>\n<meta property=\"og:description\" content=\"Zastanawiasz si\u0119 jakie \u0142\u00f3\u017ceczko dla niemowlaka b\u0119dzie najlepszym wyborem? Zobacz na co zwr\u00f3ci\u0107 uwag\u0119 przed zakupem.\" \/>\n<meta property=\"og:url\" content=\"https:\/\/www.pakamera.pl\/magazyn\/jakie-lozeczko-dla-niemowlaka-poradnik-dla-rodzicow\/\" \/>\n<meta property=\"og:site_name\" content=\"Magazyn Pakamera.pl\" \/>\n<meta property=\"article:publisher\" content=\"https:\/\/facebook.com\/pakamerapl\" \/>\n<meta property=\"article:published_time\" content=\"2024-09-01T11:45:12+00:00\" \/>\n<meta property=\"article:modified_time\" content=\"2024-08-30T11:45:51+00:00\" \/>\n<meta property=\"og:image\" content=\"https:\/\/imgmag.pakamera.net\/2024\/08\/jakie-lozeczko-dla-niemowlaka-poradnik-dla-rodzicow-134034004469.jpg\" \/>\n\t<meta property=\"og:image:width\" content=\"1600\" \/>\n\t<meta property=\"og:image:height\" content=\"840\" \/>\n\t<meta property=\"og:image:type\" content=\"image\/jpeg\" \/>\n<meta name=\"author\" content=\"Joanna Miluk\" \/>\n<meta name=\"twitter:card\" content=\"summary_large_image\" \/>\n<meta name=\"twitter:label1\" content=\"Napisane przez\" \/>\n\t<meta name=\"twitter:data1\" content=\"Joanna Miluk\" \/>\n\t<meta name=\"twitter:label2\" content=\"Szacowany czas czytania\" \/>\n\t<meta name=\"twitter:data2\" content=\"6 minut\" \/>\n<script type=\"application\/ld+json\" class=\"yoast-schema-graph\">{\"@context\":\"https:\/\/schema.org\",\"@graph\":[{\"@type\":\"Article\",\"@id\":\"https:\/\/www.pakamera.pl\/magazyn\/jakie-lozeczko-dla-niemowlaka-poradnik-dla-rodzicow\/#article\",\"isPartOf\":{\"@id\":\"https:\/\/www.pakamera.pl\/magazyn\/jakie-lozeczko-dla-niemowlaka-poradnik-dla-rodzicow\/\"},\"author\":{\"name\":\"Joanna Miluk\",\"@id\":\"https:\/\/www.pakamera.pl\/magazyn\/#\/schema\/person\/2b133c04ac3d14aefde103d068e014d3\"},\"headline\":\"Jakie \u0142\u00f3\u017ceczko dla niemowlaka? Poradnik dla rodzic\u00f3w\",\"datePublished\":\"2024-09-01T11:45:12+00:00\",\"dateModified\":\"2024-08-30T11:45:51+00:00\",\"mainEntityOfPage\":{\"@id\":\"https:\/\/www.pakamera.pl\/magazyn\/jakie-lozeczko-dla-niemowlaka-poradnik-dla-rodzicow\/\"},\"wordCount\":1089,\"publisher\":{\"@id\":\"https:\/\/www.pakamera.pl\/magazyn\/#organization\"},\"keywords\":[\"dla dziecka\",\"dzieci\u0119ce wn\u0119trza\",\"dzieci\u0119cy pokoik\",\"niemowlak\",\"niemowle\",\"pierwszy pok\u00f3j dziecka\",\"pokoju dzieci\u0119cego\"],\"articleSection\":[\"Dziecko\"],\"inLanguage\":\"pl-PL\"},{\"@type\":\"WebPage\",\"@id\":\"https:\/\/www.pakamera.pl\/magazyn\/jakie-lozeczko-dla-niemowlaka-poradnik-dla-rodzicow\/\",\"url\":\"https:\/\/www.pakamera.pl\/magazyn\/jakie-lozeczko-dla-niemowlaka-poradnik-dla-rodzicow\/\",\"name\":\"Jakie \u0142\u00f3\u017ceczko dla niemowlaka? Poradnik dla rodzic\u00f3w - Magazyn Pakamera.pl\",\"isPartOf\":{\"@id\":\"https:\/\/www.pakamera.pl\/magazyn\/#website\"},\"datePublished\":\"2024-09-01T11:45:12+00:00\",\"dateModified\":\"2024-08-30T11:45:51+00:00\",\"description\":\"Zastanawiasz si\u0119 jakie \u0142\u00f3\u017ceczko dla niemowlaka b\u0119dzie najlepszym wyborem? Zobacz na co zwr\u00f3ci\u0107 uwag\u0119 przed zakupem.\",\"breadcrumb\":{\"@id\":\"https:\/\/www.pakamera.pl\/magazyn\/jakie-lozeczko-dla-niemowlaka-poradnik-dla-rodzicow\/#breadcrumb\"},\"inLanguage\":\"pl-PL\",\"potentialAction\":[{\"@type\":\"ReadAction\",\"target\":[\"https:\/\/www.pakamera.pl\/magazyn\/jakie-lozeczko-dla-niemowlaka-poradnik-dla-rodzicow\/\"]}]},{\"@type\":\"BreadcrumbList\",\"@id\":\"https:\/\/www.pakamera.pl\/magazyn\/jakie-lozeczko-dla-niemowlaka-poradnik-dla-rodzicow\/#breadcrumb\",\"itemListElement\":[{\"@type\":\"ListItem\",\"position\":1,\"name\":\"Magazyn\",\"item\":\"https:\/\/www.pakamera.pl\/magazyn\/\"},{\"@type\":\"ListItem\",\"position\":2,\"name\":\"Dziecko\",\"item\":\"https:\/\/www.pakamera.pl\/magazyn\/category\/dziecko\/\"},{\"@type\":\"ListItem\",\"position\":3,\"name\":\"Jakie \u0142\u00f3\u017ceczko dla niemowlaka? Poradnik dla rodzic\u00f3w\"}]},{\"@type\":\"WebSite\",\"@id\":\"https:\/\/www.pakamera.pl\/magazyn\/#website\",\"url\":\"https:\/\/www.pakamera.pl\/magazyn\/\",\"name\":\"Magazyn Pakamera.pl\",\"description\":\"Sprawd\u017a najgor\u0119tsze tematy sezonu!\",\"publisher\":{\"@id\":\"https:\/\/www.pakamera.pl\/magazyn\/#organization\"},\"potentialAction\":[{\"@type\":\"SearchAction\",\"target\":{\"@type\":\"EntryPoint\",\"urlTemplate\":\"https:\/\/www.pakamera.pl\/magazyn\/?s={search_term_string}\"},\"query-input\":\"required name=search_term_string\"}],\"inLanguage\":\"pl-PL\"},{\"@type\":\"Organization\",\"@id\":\"https:\/\/www.pakamera.pl\/magazyn\/#organization\",\"name\":\"Pakamera.pl\",\"url\":\"https:\/\/www.pakamera.pl\/magazyn\/\",\"logo\":{\"@type\":\"ImageObject\",\"inLanguage\":\"pl-PL\",\"@id\":\"https:\/\/www.pakamera.pl\/magazyn\/#\/schema\/logo\/image\/\",\"url\":\"https:\/\/imgmag.pakamera.net\/2023\/11\/153455466619.png\",\"contentUrl\":\"https:\/\/imgmag.pakamera.net\/2023\/11\/153455466619.png\",\"width\":690,\"height\":140,\"caption\":\"Pakamera.pl\"},\"image\":{\"@id\":\"https:\/\/www.pakamera.pl\/magazyn\/#\/schema\/logo\/image\/\"},\"sameAs\":[\"https:\/\/facebook.com\/pakamerapl\",\"https:\/\/www.instagram.com\/pakamera\/\"]},{\"@type\":\"Person\",\"@id\":\"https:\/\/www.pakamera.pl\/magazyn\/#\/schema\/person\/2b133c04ac3d14aefde103d068e014d3\",\"name\":\"Joanna Miluk\",\"description\":\"Asia jest nasz\u0105 ekspertk\u0105 od spraw najm\u0142odszych. Ch\u0119tnie podejmuje tematy zar\u00f3wno mody dzieci\u0119cej jak i dzieci\u0119cych wn\u0119trz. Wiek dziecka nie jest dla niej przeszkod\u0105. Pomo\u017ce zar\u00f3wno skompletowa\u0107 wyprawk\u0119 dla niemowlaka jak i urz\u0105dzi\u0107 pok\u00f3j nastolatka.\"}]}<\/script>\n<!-- \/ Yoast SEO plugin. -->","yoast_head_json":{"title":"Jakie \u0142\u00f3\u017ceczko dla niemowlaka? Poradnik dla rodzic\u00f3w - Magazyn Pakamera.pl","description":"Zastanawiasz si\u0119 jakie \u0142\u00f3\u017ceczko dla niemowlaka b\u0119dzie najlepszym wyborem? Zobacz na co zwr\u00f3ci\u0107 uwag\u0119 przed zakupem.","robots":{"index":"index","follow":"follow"},"canonical":"https:\/\/www.pakamera.pl\/magazyn\/jakie-lozeczko-dla-niemowlaka-poradnik-dla-rodzicow\/","og_locale":"pl_PL","og_type":"article","og_title":"Jakie \u0142\u00f3\u017ceczko dla niemowlaka? Poradnik dla rodzic\u00f3w - Magazyn Pakamera.pl","og_description":"Zastanawiasz si\u0119 jakie \u0142\u00f3\u017ceczko dla niemowlaka b\u0119dzie najlepszym wyborem? Zobacz na co zwr\u00f3ci\u0107 uwag\u0119 przed zakupem.","og_url":"https:\/\/www.pakamera.pl\/magazyn\/jakie-lozeczko-dla-niemowlaka-poradnik-dla-rodzicow\/","og_site_name":"Magazyn Pakamera.pl","article_publisher":"https:\/\/facebook.com\/pakamerapl","article_published_time":"2024-09-01T11:45:12+00:00","article_modified_time":"2024-08-30T11:45:51+00:00","og_image":[{"width":1600,"height":840,"url":"https:\/\/imgmag.pakamera.net\/2024\/08\/jakie-lozeczko-dla-niemowlaka-poradnik-dla-rodzicow-134034004469.jpg","type":"image\/jpeg"}],"author":"Joanna Miluk","twitter_card":"summary_large_image","twitter_misc":{"Napisane przez":"Joanna Miluk","Szacowany czas czytania":"6 minut"},"schema":{"@context":"https:\/\/schema.org","@graph":[{"@type":"Article","@id":"https:\/\/www.pakamera.pl\/magazyn\/jakie-lozeczko-dla-niemowlaka-poradnik-dla-rodzicow\/#article","isPartOf":{"@id":"https:\/\/www.pakamera.pl\/magazyn\/jakie-lozeczko-dla-niemowlaka-poradnik-dla-rodzicow\/"},"author":{"name":"Joanna Miluk","@id":"https:\/\/www.pakamera.pl\/magazyn\/#\/schema\/person\/2b133c04ac3d14aefde103d068e014d3"},"headline":"Jakie \u0142\u00f3\u017ceczko dla niemowlaka? Poradnik dla rodzic\u00f3w","datePublished":"2024-09-01T11:45:12+00:00","dateModified":"2024-08-30T11:45:51+00:00","mainEntityOfPage":{"@id":"https:\/\/www.pakamera.pl\/magazyn\/jakie-lozeczko-dla-niemowlaka-poradnik-dla-rodzicow\/"},"wordCount":1089,"publisher":{"@id":"https:\/\/www.pakamera.pl\/magazyn\/#organization"},"keywords":["dla dziecka","dzieci\u0119ce wn\u0119trza","dzieci\u0119cy pokoik","niemowlak","niemowle","pierwszy pok\u00f3j dziecka","pokoju dzieci\u0119cego"],"articleSection":["Dziecko"],"inLanguage":"pl-PL"},{"@type":"WebPage","@id":"https:\/\/www.pakamera.pl\/magazyn\/jakie-lozeczko-dla-niemowlaka-poradnik-dla-rodzicow\/","url":"https:\/\/www.pakamera.pl\/magazyn\/jakie-lozeczko-dla-niemowlaka-poradnik-dla-rodzicow\/","name":"Jakie \u0142\u00f3\u017ceczko dla niemowlaka? Poradnik dla rodzic\u00f3w - Magazyn Pakamera.pl","isPartOf":{"@id":"https:\/\/www.pakamera.pl\/magazyn\/#website"},"datePublished":"2024-09-01T11:45:12+00:00","dateModified":"2024-08-30T11:45:51+00:00","description":"Zastanawiasz si\u0119 jakie \u0142\u00f3\u017ceczko dla niemowlaka b\u0119dzie najlepszym wyborem? Zobacz na co zwr\u00f3ci\u0107 uwag\u0119 przed zakupem.","breadcrumb":{"@id":"https:\/\/www.pakamera.pl\/magazyn\/jakie-lozeczko-dla-niemowlaka-poradnik-dla-rodzicow\/#breadcrumb"},"inLanguage":"pl-PL","potentialAction":[{"@type":"ReadAction","target":["https:\/\/www.pakamera.pl\/magazyn\/jakie-lozeczko-dla-niemowlaka-poradnik-dla-rodzicow\/"]}]},{"@type":"BreadcrumbList","@id":"https:\/\/www.pakamera.pl\/magazyn\/jakie-lozeczko-dla-niemowlaka-poradnik-dla-rodzicow\/#breadcrumb","itemListElement":[{"@type":"ListItem","position":1,"name":"Magazyn","item":"https:\/\/www.pakamera.pl\/magazyn\/"},{"@type":"ListItem","position":2,"name":"Dziecko","item":"https:\/\/www.pakamera.pl\/magazyn\/category\/dziecko\/"},{"@type":"ListItem","position":3,"name":"Jakie \u0142\u00f3\u017ceczko dla niemowlaka? Poradnik dla rodzic\u00f3w"}]},{"@type":"WebSite","@id":"https:\/\/www.pakamera.pl\/magazyn\/#website","url":"https:\/\/www.pakamera.pl\/magazyn\/","name":"Magazyn Pakamera.pl","description":"Sprawd\u017a najgor\u0119tsze tematy sezonu!","publisher":{"@id":"https:\/\/www.pakamera.pl\/magazyn\/#organization"},"potentialAction":[{"@type":"SearchAction","target":{"@type":"EntryPoint","urlTemplate":"https:\/\/www.pakamera.pl\/magazyn\/?s={search_term_string}"},"query-input":"required name=search_term_string"}],"inLanguage":"pl-PL"},{"@type":"Organization","@id":"https:\/\/www.pakamera.pl\/magazyn\/#organization","name":"Pakamera.pl","url":"https:\/\/www.pakamera.pl\/magazyn\/","logo":{"@type":"ImageObject","inLanguage":"pl-PL","@id":"https:\/\/www.pakamera.pl\/magazyn\/#\/schema\/logo\/image\/","url":"https:\/\/imgmag.pakamera.net\/2023\/11\/153455466619.png","contentUrl":"https:\/\/imgmag.pakamera.net\/2023\/11\/153455466619.png","width":690,"height":140,"caption":"Pakamera.pl"},"image":{"@id":"https:\/\/www.pakamera.pl\/magazyn\/#\/schema\/logo\/image\/"},"sameAs":["https:\/\/facebook.com\/pakamerapl","https:\/\/www.instagram.com\/pakamera\/"]},{"@type":"Person","@id":"https:\/\/www.pakamera.pl\/magazyn\/#\/schema\/person\/2b133c04ac3d14aefde103d068e014d3","name":"Joanna Miluk","description":"Asia jest nasz\u0105 ekspertk\u0105 od spraw najm\u0142odszych. Ch\u0119tnie podejmuje tematy zar\u00f3wno mody dzieci\u0119cej jak i dzieci\u0119cych wn\u0119trz. Wiek dziecka nie jest dla niej przeszkod\u0105. Pomo\u017ce zar\u00f3wno skompletowa\u0107 wyprawk\u0119 dla niemowlaka jak i urz\u0105dzi\u0107 pok\u00f3j nastolatka."}]}},"_links":{"self":[{"href":"https:\/\/www.pakamera.pl\/magazyn\/wp-json\/wp\/v2\/posts\/11451","targetHints":{"allow":["GET"]}}],"collection":[{"href":"https:\/\/www.pakamera.pl\/magazyn\/wp-json\/wp\/v2\/posts"}],"about":[{"href":"https:\/\/www.pakamera.pl\/magazyn\/wp-json\/wp\/v2\/types\/post"}],"author":[{"embeddable":true,"href":"https:\/\/www.pakamera.pl\/magazyn\/wp-json\/wp\/v2\/users\/18"}],"replies":[{"embeddable":true,"href":"https:\/\/www.pakamera.pl\/magazyn\/wp-json\/wp\/v2\/comments?post=11451"}],"version-history":[{"count":3,"href":"https:\/\/www.pakamera.pl\/magazyn\/wp-json\/wp\/v2\/posts\/11451\/revisions"}],"predecessor-version":[{"id":11464,"href":"https:\/\/www.pakamera.pl\/magazyn\/wp-json\/wp\/v2\/posts\/11451\/revisions\/11464"}],"wp:featuredmedia":[{"embeddable":true,"href":"https:\/\/www.pakamera.pl\/magazyn\/wp-json\/wp\/v2\/media\/11463"}],"wp:attachment":[{"href":"https:\/\/www.pakamera.pl\/magazyn\/wp-json\/wp\/v2\/media?parent=11451"}],"wp:term":[{"taxonomy":"category","embeddable":true,"href":"https:\/\/www.pakamera.pl\/magazyn\/wp-json\/wp\/v2\/categories?post=11451"},{"taxonomy":"post_tag","embeddable":true,"href":"https:\/\/www.pakamera.pl\/magazyn\/wp-json\/wp\/v2\/tags?post=11451"}],"curies":[{"name":"wp","href":"https:\/\/api.w.org\/{rel}","templated":true}]}}