{"id":11403,"date":"2024-08-24T14:49:14","date_gmt":"2024-08-24T12:49:14","guid":{"rendered":"https:\/\/www.pakamera.pl\/magazyn\/?p=11403"},"modified":"2024-08-23T15:04:25","modified_gmt":"2024-08-23T13:04:25","slug":"jak-urzadzic-pokoj-dla-niemowlaka-porady-i-inspiracje","status":"publish","type":"post","link":"https:\/\/www.pakamera.pl\/magazyn\/jak-urzadzic-pokoj-dla-niemowlaka-porady-i-inspiracje\/","title":{"rendered":"Jak urz\u0105dzi\u0107 pok\u00f3j dla niemowlaka? Porady i inspiracje"},"content":{"rendered":"<p><strong>Jednym z kluczowych element\u00f3w przygotowa\u0144 do powitania na \u015bwiecie dziecka jest urz\u0105dzenie mu przyjaznej przestrzeni. Pok\u00f3j dla niemowlaka powinien by\u0107 dostosowany do potrzeb maluszka, a tak\u017ce w pe\u0142ni bezpieczny. Zastanawiasz si\u0119, jak urz\u0105dzi\u0107 pok\u00f3j noworodka? Sprawd\u017a nasze porady i zainspiruj si\u0119!<\/strong><br \/>\n<!--more--><\/p>\n<figure id=\"attachment_11405\" aria-describedby=\"caption-attachment-11405\" style=\"width: 1600px\" class=\"wp-caption alignnone\"><img loading=\"lazy\" decoding=\"async\" class=\"wp-image-11405 size-full\" src=\"https:\/\/imgmag.pakamera.net\/2024\/08\/jak-urzadzic-pokoj-dla-niemowlaka-porady-i-inspiracje-142211456090.jpg\" alt=\"Lniana r\u00f3\u017cowa mata dzieci\u0119ca stworzona z mi\u0119kkiego lnu typu stonewashed\" width=\"1600\" height=\"840\" \/><figcaption id=\"caption-attachment-11405\" class=\"wp-caption-text\">Lniana mata z falbank\u0105 do zabawy DUSTY PINK \/ so linen! \/ www.pakamera.pl<\/figcaption><\/figure>\n<h2>W jakim stylu urz\u0105dzi\u0107 pok\u00f3j niemowlaka?<\/h2>\n<p>Projekt pokoju dla niemowlaka musi by\u0107 sp\u00f3jny, dlatego warto wybra\u0107 jeden konkretny styl. <strong>Du\u017c\u0105 popularno\u015bci\u0105 ciesz\u0105 si\u0119 trendy wywodz\u0105ce si\u0119 z pedagogiki Montessori, kt\u00f3re w wielu punktach s\u0105 zgodne ze stylem skandynawskim<\/strong>. <strong>Pok\u00f3j dla noworodka powinien by\u0107 urz\u0105dzony w jasnych barwach, dodatki natomiast powinny by\u0107 wykonane z naturalnych materia\u0142\u00f3w, na przyk\u0142ad z drewna<\/strong>. Rodzice decyduj\u0105 si\u0119 te\u017c na styl nowoczesny, kt\u00f3rego g\u0142\u00f3wnym za\u0142o\u017ceniem jest minimalizm. Innymi s\u0142owy, <strong>w pokoju znajduj\u0105 si\u0119 wy\u0142\u0105cznie te rzeczy, kt\u00f3re s\u0105 naprawd\u0119 niezb\u0119dne<\/strong>.<\/p>\n<p>Zupe\u0142nie inne za\u0142o\u017cenia ma styl princess, kt\u00f3ry sprawdza si\u0119 w przypadku dziewczynek. Nie brakuje tutaj takich dodatk\u00f3w, jak <a href=\"https:\/\/www.pakamera.pl\/baldachim-0-t57114.htm\" target=\"_blank\" rel=\"noopener\">baldachim nad \u0142\u00f3\u017ceczko<\/a> czy poduszki dekoracyjne. W podobnym tonie mo\u017cna urz\u0105dzi\u0107 przestrze\u0144 dla ch\u0142opca, wybieraj\u0105c na przyk\u0142ad plakaty z samochodami b\u0105d\u017a pude\u0142ka na zabawki w kszta\u0142cie klock\u00f3w LEGO.<\/p>\n<h2>Aran\u017cacja pokoju dla niemowlaka \u2013 najwa\u017cniejsze zasady<\/h2>\n<p>Oczekuj\u0105c dziecka, z pewno\u015bci\u0105 zastanawiasz si\u0119, jak urz\u0105dzi\u0107 pok\u00f3j dla niemowlaka. I cho\u0107 masz w tym aspekcie pe\u0142n\u0105 dowolno\u015b\u0107, warto przestrzega\u0107 kilku kluczowych zasad, dotycz\u0105cych przede wszystkim:<\/p>\n<ul>\n<li>kolorystyki,<\/li>\n<li>bezpiecze\u0144stwa,<\/li>\n<li>o\u015bwietlenia,<\/li>\n<li>miejsca do przechowywania.<\/li>\n<\/ul>\n<p>Projekt pokoju dla noworodka powinien uwzgl\u0119dnia\u0107 wszystkie powy\u017csze kwestie.<\/p>\n<div id=\"pakawidget1535\" class=\"pakawidget\"><\/div>\n<p><script async defer src=\"https:\/\/www.pakamera.pl\/widget\/widget2.min.js?id=1535&#038;type=20240823140934&#038;wwidth=1000\"><\/script><\/p>\n<h3>Jakie kolory do pokoju niemowlaka wybra\u0107?<\/h3>\n<p>Pok\u00f3j niemowl\u0119cy to idealne miejsce do rozwoju i wypoczynku, dlatego nie mo\u017ce obfitowa\u0107 w kolory.<strong> Zrezygnuj z neonowych, ra\u017c\u0105cych oczy barw na rzecz tych spokojniejszych<\/strong>. Doskona\u0142ym wyborem s\u0105:<\/p>\n<ul>\n<li><strong>odcienie be\u017cu,<\/strong><\/li>\n<li><strong>szaro\u015bci,<\/strong><\/li>\n<li><strong>pastelowa ziele\u0144,<\/strong><\/li>\n<li><strong>b\u0142\u0119kit,<\/strong><\/li>\n<li><strong>pudrowy r\u00f3\u017c<\/strong>.<\/li>\n<\/ul>\n<p>Wszelkiego rodzaju dodatki, takie jak <a href=\"https:\/\/www.pakamera.pl\/pokoj-dziecka-karuzele-i-girlandy-0-2579.htm\" target=\"_blank\" rel=\"noopener\">karuzela do \u0142\u00f3\u017ceczka<\/a> czy przewijak nie powinny epatowa\u0107 wyrazistymi kolorami. <strong>Aran\u017cacje pokoju niemowlaka najcz\u0119\u015bciej uwzgl\u0119dniaj\u0105 3-4 kolor<\/strong>y, cho\u0107 niekt\u00f3rzy rodzice z powodzeniem zamykaj\u0105 si\u0119 w dw\u00f3ch. Pami\u0119taj, \u017ce <strong>im delikatnie, przyja\u017aniejsze dla oka barwy, tym mniejszy bodziec dla dziecka<\/strong>.<\/p>\n<h3>Bezpiecze\u0144stwo &#8211; o czym trzeba pami\u0119ta\u0107?<\/h3>\n<p>Jak urz\u0105dzi\u0107 pok\u00f3j niemowlaka, aby by\u0142 dla niego oaz\u0105 bezpiecze\u0144stwa? <strong>Postaraj si\u0119 dopasowa\u0107 poszczeg\u00f3lne elementy do maluszka, wybieraj\u0105c na przyk\u0142ad meble, kt\u00f3re b\u0119d\u0105 ros\u0142y razem z nim<\/strong>. <strong>Szafy zawsze przykr\u0119caj do \u015bciany<\/strong>, a nast\u0119pnie obci\u0105\u017caj od do\u0142u. Rozwa\u017c, jakie \u0142\u00f3\u017ceczko dla niemowlaka wybra\u0107 &#8211; nowoczesne modele pos\u0142u\u017c\u0105 nawet przez kilka lat, jednak w zakresie u\u017cytkowania przestrzegaj zalece\u0144 producenta. Rodzice cz\u0119sto zastanawiaj\u0105 si\u0119 te\u017c, <a href=\"https:\/\/www.pakamera.pl\/magazyn\/ozdoby-nad-lozeczko-dzieciece-piekne-i-recznie-robione\/\" target=\"_blank\" rel=\"noopener\">jakie ozdoby nad \u0142\u00f3\u017ceczko dzieci\u0119ce wybra\u0107?<\/a> W kwestii bezpiecze\u0144stwa dobrym rozwi\u0105zaniem jest minimalizm &#8211; im mniej dekoracji, tym mniejsze ryzyko przyduszenia maluszka.<\/p>\n<p>Oczywi\u015bcie, z czasem mo\u017cemy dobra\u0107 kilka ciekawych element\u00f3w, jednak na pocz\u0105tek ca\u0142kowicie wystarczaj\u0105ca b\u0119dzie tradycyjna karuzela. Pomys\u0142y na pok\u00f3j niemowlaka zwykle uwzgl\u0119dniaj\u0105 r\u00f3\u017cnego rodzaju dodatki, takie jak stolik do rysowania czy krzese\u0142ko. Na pocz\u0105tek jednak zrezygnuj z nich, dop\u00f3ki maluszek nie nauczy si\u0119 stabilnie siedzie\u0107. <strong>Pami\u0119taj o zabezpieczeniu kontakt\u00f3w i rozmieszczeniu sprz\u0119t\u00f3w elektronicznych w taki spos\u00f3b, aby dziecko nie mia\u0142o do nich dost\u0119pu<\/strong>.<\/p>\n<figure id=\"attachment_11408\" aria-describedby=\"caption-attachment-11408\" style=\"width: 1600px\" class=\"wp-caption alignnone\"><img loading=\"lazy\" decoding=\"async\" class=\"wp-image-11408 size-full\" src=\"https:\/\/imgmag.pakamera.net\/2024\/08\/jak-urzadzic-pokoj-dla-niemowlaka-porady-i-inspiracje-144820846080.jpg\" alt=\"Kokon niemowl\u0119cy mu\u015blinowy Teddy\" width=\"1600\" height=\"840\" \/><figcaption id=\"caption-attachment-11408\" class=\"wp-caption-text\">Kokon niemowl\u0119cy mu\u015blinowy Teddy PZ \/ Bajkowe Wnetrza \/ www.pakamera.pl<\/figcaption><\/figure>\n<h3>Jakie o\u015bwietlenie wybra\u0107 do pokoju niemowlaka?<\/h3>\n<p><a href=\"https:\/\/www.pakamera.pl\/magazyn\/jak-zaaranzowac-pokoj-dziecka-aby-byl-funkcjonalny-i-stylowy\/\" target=\"_blank\" rel=\"noopener\">Jak zaaran\u017cowa\u0107 pok\u00f3j dziecka, aby by\u0142 funkcjonalny i stylowy?<\/a> Z pewno\u015bci\u0105 nie mo\u017cesz pomin\u0105\u0107 kwestii o\u015bwietlenia! <strong>Przestrze\u0144 maluszka dobrze do\u015bwietl\u0105 klinkiety, kt\u00f3re delikatnie rozpraszaj\u0105 \u015bwiat\u0142o<\/strong>. Ma\u0142y pok\u00f3j dla niemowlaka w bloku najcz\u0119\u015bciej nie potrzebuje dodatkowego \u017ar\u00f3d\u0142a \u015bwiata, ale w wi\u0119kszych pomieszczeniach dobrze sprawdza si\u0119 lampa wisz\u0105ca. Mo\u017cesz r\u00f3wnie\u017c postawi\u0107 na ma\u0142e \u015bwiate\u0142ko nocne.<\/p>\n<h3>Jak przechowywa\u0107 rzeczy niemowlaka?<\/h3>\n<p>Co do pokoju niemowlaka wybra\u0107 &#8211; szaf\u0119 pax, meble na zam\u00f3wienie, a mo\u017ce wi\u0119ksze pude\u0142ka? Szafa to z pewno\u015bci\u0105 must have ka\u017cdego rodzica, jednak wyb\u00f3r modelu zale\u017cy od metra\u017cu, Twoich potrzeb i bud\u017cetu. <strong>Je\u015bli w najbli\u017cszym czasie ponownie planujecie powi\u0119kszy\u0107 rodzin\u0119, dobrym wyborem b\u0119dzie model pax. Pomys\u0142y na pok\u00f3j dla niemowlaka mog\u0105 te\u017c uwzgl\u0119dnia\u0107 stylowe pude\u0142ka do przechowywania zabawek. Wyposa\u017c si\u0119 w rega\u0142 na ksi\u0105\u017cki takiej wielko\u015bci, aby maluszek zawsze mia\u0142 do nich swobodny dost\u0119p<\/strong>.<\/p>\n<div id=\"pakawidget1536\" class=\"pakawidget\"><\/div>\n<p><script async defer src=\"https:\/\/www.pakamera.pl\/widget\/widget2.min.js?id=1536&#038;type=20240823141119&#038;wwidth=1000\"><\/script><\/p>\n<h2>Jak urz\u0105dzi\u0107 pok\u00f3j niemowlaka? Lista zakup\u00f3w<\/h2>\n<p>Je\u015bli wci\u0105\u017c my\u015blisz nad tym, jak urz\u0105dzi\u0107 pok\u00f3j dla noworodka, spieszymy z pomoc\u0105. Specjalnie dla Ciebie przygotowali\u015bmy list\u0119 rzeczy, kt\u00f3re warto kupi\u0107 jeszcze przed porodem:<\/p>\n<ul>\n<li><strong>\u0142\u00f3\u017ceczko z materacem,<\/strong><\/li>\n<li><strong>po\u015bciel,<\/strong><\/li>\n<li><strong>przewijak,<\/strong><\/li>\n<li>baldachim nad \u0142\u00f3\u017ceczko,<\/li>\n<li>zas\u0142ony do okien,<\/li>\n<li><strong>mata edukacyjna,<\/strong><\/li>\n<li><strong>elektroniczna niania,<\/strong><\/li>\n<li><strong>czujnik oddechu,<\/strong><\/li>\n<li><strong>poduszka do karmienia<\/strong> (przy okazji sprawd\u017a, <a href=\"https:\/\/www.pakamera.pl\/magazyn\/jak-wybrac-poduszke-do-karmienia-praktyczny-poradnik-dla-rodzicow\/\" target=\"_blank\" rel=\"noopener\">jak wybra\u0107 poduszk\u0119 do karmienia?<\/a>),<\/li>\n<li>fotel do karmienia (opcjonalnie),<\/li>\n<li>szafa na ubrania i akcesoria,<\/li>\n<li>pude\u0142ka do przechowywania,<\/li>\n<li>rega\u0142 na ksi\u0105\u017cki.<\/li>\n<\/ul>\n<p><strong>Pok\u00f3j dla maluszka mo\u017ce te\u017c by\u0107 wyposa\u017cony w r\u00f3\u017cnego typu dekoracje, na przyk\u0142ad lampki LED, kt\u00f3re pomog\u0105 stworzy\u0107 mi\u0142y nastr\u00f3j do snu<\/strong>. Aran\u017cacja pokoju dla niemowlaka to \u015bwietna zabawa, dlatego wybieraj, \u0142\u0105cz i ciesz si\u0119 wype\u0142nianiem przestrzeni maluszka.<\/p>\n<h2>Kiedy przygotowa\u0107 pok\u00f3j dla noworodka?<\/h2>\n<p>Bardzo istotn\u0105 kwesti\u0105 jest nie tylko to, jak urz\u0105dzi\u0107 pok\u00f3j dla noworodka, ale te\u017c kiedy rozpocz\u0105\u0107 przygotowania. <strong>Radzimy, aby nie czeka\u0107 z tym na ostatni moment. Pokoik noworodka to wymagaj\u0105ce przedsi\u0119wzi\u0119cie, kt\u00f3re pod koniec ci\u0105\u017cy mo\u017ce by\u0107 ju\u017c ponad si\u0142y przysz\u0142ych rodzic\u00f3w<\/strong>. <strong>Aran\u017cacje pokoju dla niemowlaka najcz\u0119\u015bciej maj\u0105 miejsce w okolicach 5-6. miesi\u0105ca ci\u0105\u017cy<\/strong>.<\/p>\n<p>Wcze\u015bniej mo\u017cna przygotowa\u0107 wst\u0119pny projekt, dzi\u0119ki kt\u00f3remu pokoik niemowlaka nabierze og\u00f3lnego kszta\u0142tu. <strong>Pami\u0119taj, \u017ce remont generalny trwa nawet kilka tygodni, dlatego, je\u015bli go planujesz, ju\u017c na etapie zastanawiania si\u0119, jak urz\u0105dzi\u0107 pok\u00f3j niemowlaka, zarezerwuj ekip\u0119 remontow\u0105<\/strong>! Je\u015bli nie zd\u0105\u017cysz, niczym si\u0119 nie martw &#8211; pomys\u0142 na pok\u00f3j dla niemowlaka cz\u0119sto przynosi samo \u017cycie, a maluszek przez pierwszych kilka tygodni i tak najcz\u0119\u015bciej \u015bpi w sypialni rodzic\u00f3w.<\/p>\n","protected":false},"excerpt":{"rendered":"<p>Jednym z kluczowych element\u00f3w przygotowa\u0144 do powitania na \u015bwiecie dziecka jest urz\u0105dzenie mu przyjaznej przestrzeni. Pok\u00f3j dla niemowlaka powinien by\u0107 dostosowany do potrzeb maluszka, a tak\u017ce w pe\u0142ni bezpieczny. Zastanawiasz<span class=\"more-dots\">&#8230;<\/span><\/p>\n","protected":false},"author":18,"featured_media":11405,"comment_status":"closed","ping_status":"closed","sticky":false,"template":"","format":"standard","meta":{"footnotes":""},"categories":[4],"tags":[97,1651,1652,1218,1623,1252],"class_list":["post-11403","post","type-post","status-publish","format-standard","has-post-thumbnail","hentry","category-dziecko","tag-lampy-do-pokoju-dziecka","tag-naklejka-do-pokoju-dziecka","tag-naklejki-do-pokoju-dziecka","tag-niemowlak","tag-pierwszy-pokoj-dziecka","tag-posciel-dla-dziecka"],"yoast_head":"<!-- This site is optimized with the Yoast SEO plugin v21.6 - https:\/\/yoast.com\/wordpress\/plugins\/seo\/ -->\n<title>Jak urz\u0105dzi\u0107 pok\u00f3j dla niemowlaka? Porady i inspiracje - Magazyn Pakamera.pl<\/title>\n<meta name=\"description\" content=\"Zastanawiasz si\u0119 jak urz\u0105dzi\u0107 pok\u00f3j dla niemowlaka? Zobacz nasze podpowiedzi odno\u015bnie kolor\u00f3w, wyposa\u017cenia i aran\u017cacji.\" \/>\n<meta name=\"robots\" content=\"index, follow\" \/>\n<link rel=\"canonical\" href=\"https:\/\/www.pakamera.pl\/magazyn\/jak-urzadzic-pokoj-dla-niemowlaka-porady-i-inspiracje\/\" \/>\n<meta property=\"og:locale\" content=\"pl_PL\" \/>\n<meta property=\"og:type\" content=\"article\" \/>\n<meta property=\"og:title\" content=\"Jak urz\u0105dzi\u0107 pok\u00f3j dla niemowlaka? Porady i inspiracje - Magazyn Pakamera.pl\" \/>\n<meta property=\"og:description\" content=\"Zastanawiasz si\u0119 jak urz\u0105dzi\u0107 pok\u00f3j dla niemowlaka? Zobacz nasze podpowiedzi odno\u015bnie kolor\u00f3w, wyposa\u017cenia i aran\u017cacji.\" \/>\n<meta property=\"og:url\" content=\"https:\/\/www.pakamera.pl\/magazyn\/jak-urzadzic-pokoj-dla-niemowlaka-porady-i-inspiracje\/\" \/>\n<meta property=\"og:site_name\" content=\"Magazyn Pakamera.pl\" \/>\n<meta property=\"article:publisher\" content=\"https:\/\/facebook.com\/pakamerapl\" \/>\n<meta property=\"article:published_time\" content=\"2024-08-24T12:49:14+00:00\" \/>\n<meta property=\"article:modified_time\" content=\"2024-08-23T13:04:25+00:00\" \/>\n<meta property=\"og:image\" content=\"https:\/\/imgmag.pakamera.net\/2024\/08\/jak-urzadzic-pokoj-dla-niemowlaka-porady-i-inspiracje-142211456090.jpg\" \/>\n\t<meta property=\"og:image:width\" content=\"1600\" \/>\n\t<meta property=\"og:image:height\" content=\"840\" \/>\n\t<meta property=\"og:image:type\" content=\"image\/jpeg\" \/>\n<meta name=\"author\" content=\"Joanna Miluk\" \/>\n<meta name=\"twitter:card\" content=\"summary_large_image\" \/>\n<meta name=\"twitter:label1\" content=\"Napisane przez\" \/>\n\t<meta name=\"twitter:data1\" content=\"Joanna Miluk\" \/>\n\t<meta name=\"twitter:label2\" content=\"Szacowany czas czytania\" \/>\n\t<meta name=\"twitter:data2\" content=\"6 minut\" \/>\n<script type=\"application\/ld+json\" class=\"yoast-schema-graph\">{\"@context\":\"https:\/\/schema.org\",\"@graph\":[{\"@type\":\"Article\",\"@id\":\"https:\/\/www.pakamera.pl\/magazyn\/jak-urzadzic-pokoj-dla-niemowlaka-porady-i-inspiracje\/#article\",\"isPartOf\":{\"@id\":\"https:\/\/www.pakamera.pl\/magazyn\/jak-urzadzic-pokoj-dla-niemowlaka-porady-i-inspiracje\/\"},\"author\":{\"name\":\"Joanna Miluk\",\"@id\":\"https:\/\/www.pakamera.pl\/magazyn\/#\/schema\/person\/2b133c04ac3d14aefde103d068e014d3\"},\"headline\":\"Jak urz\u0105dzi\u0107 pok\u00f3j dla niemowlaka? Porady i inspiracje\",\"datePublished\":\"2024-08-24T12:49:14+00:00\",\"dateModified\":\"2024-08-23T13:04:25+00:00\",\"mainEntityOfPage\":{\"@id\":\"https:\/\/www.pakamera.pl\/magazyn\/jak-urzadzic-pokoj-dla-niemowlaka-porady-i-inspiracje\/\"},\"wordCount\":1088,\"publisher\":{\"@id\":\"https:\/\/www.pakamera.pl\/magazyn\/#organization\"},\"keywords\":[\"Lampy do pokoju dziecka\",\"naklejka do pokoju dziecka\",\"naklejki do pokoju dziecka\",\"niemowlak\",\"pierwszy pok\u00f3j dziecka\",\"PO\u015aCIEL DLA DZIECKA\"],\"articleSection\":[\"Dziecko\"],\"inLanguage\":\"pl-PL\"},{\"@type\":\"WebPage\",\"@id\":\"https:\/\/www.pakamera.pl\/magazyn\/jak-urzadzic-pokoj-dla-niemowlaka-porady-i-inspiracje\/\",\"url\":\"https:\/\/www.pakamera.pl\/magazyn\/jak-urzadzic-pokoj-dla-niemowlaka-porady-i-inspiracje\/\",\"name\":\"Jak urz\u0105dzi\u0107 pok\u00f3j dla niemowlaka? Porady i inspiracje - Magazyn Pakamera.pl\",\"isPartOf\":{\"@id\":\"https:\/\/www.pakamera.pl\/magazyn\/#website\"},\"datePublished\":\"2024-08-24T12:49:14+00:00\",\"dateModified\":\"2024-08-23T13:04:25+00:00\",\"description\":\"Zastanawiasz si\u0119 jak urz\u0105dzi\u0107 pok\u00f3j dla niemowlaka? Zobacz nasze podpowiedzi odno\u015bnie kolor\u00f3w, wyposa\u017cenia i aran\u017cacji.\",\"breadcrumb\":{\"@id\":\"https:\/\/www.pakamera.pl\/magazyn\/jak-urzadzic-pokoj-dla-niemowlaka-porady-i-inspiracje\/#breadcrumb\"},\"inLanguage\":\"pl-PL\",\"potentialAction\":[{\"@type\":\"ReadAction\",\"target\":[\"https:\/\/www.pakamera.pl\/magazyn\/jak-urzadzic-pokoj-dla-niemowlaka-porady-i-inspiracje\/\"]}]},{\"@type\":\"BreadcrumbList\",\"@id\":\"https:\/\/www.pakamera.pl\/magazyn\/jak-urzadzic-pokoj-dla-niemowlaka-porady-i-inspiracje\/#breadcrumb\",\"itemListElement\":[{\"@type\":\"ListItem\",\"position\":1,\"name\":\"Magazyn\",\"item\":\"https:\/\/www.pakamera.pl\/magazyn\/\"},{\"@type\":\"ListItem\",\"position\":2,\"name\":\"Dziecko\",\"item\":\"https:\/\/www.pakamera.pl\/magazyn\/category\/dziecko\/\"},{\"@type\":\"ListItem\",\"position\":3,\"name\":\"Jak urz\u0105dzi\u0107 pok\u00f3j dla niemowlaka? Porady i inspiracje\"}]},{\"@type\":\"WebSite\",\"@id\":\"https:\/\/www.pakamera.pl\/magazyn\/#website\",\"url\":\"https:\/\/www.pakamera.pl\/magazyn\/\",\"name\":\"Magazyn Pakamera.pl\",\"description\":\"Sprawd\u017a najgor\u0119tsze tematy sezonu!\",\"publisher\":{\"@id\":\"https:\/\/www.pakamera.pl\/magazyn\/#organization\"},\"potentialAction\":[{\"@type\":\"SearchAction\",\"target\":{\"@type\":\"EntryPoint\",\"urlTemplate\":\"https:\/\/www.pakamera.pl\/magazyn\/?s={search_term_string}\"},\"query-input\":\"required name=search_term_string\"}],\"inLanguage\":\"pl-PL\"},{\"@type\":\"Organization\",\"@id\":\"https:\/\/www.pakamera.pl\/magazyn\/#organization\",\"name\":\"Pakamera.pl\",\"url\":\"https:\/\/www.pakamera.pl\/magazyn\/\",\"logo\":{\"@type\":\"ImageObject\",\"inLanguage\":\"pl-PL\",\"@id\":\"https:\/\/www.pakamera.pl\/magazyn\/#\/schema\/logo\/image\/\",\"url\":\"https:\/\/imgmag.pakamera.net\/2023\/11\/153455466619.png\",\"contentUrl\":\"https:\/\/imgmag.pakamera.net\/2023\/11\/153455466619.png\",\"width\":690,\"height\":140,\"caption\":\"Pakamera.pl\"},\"image\":{\"@id\":\"https:\/\/www.pakamera.pl\/magazyn\/#\/schema\/logo\/image\/\"},\"sameAs\":[\"https:\/\/facebook.com\/pakamerapl\",\"https:\/\/www.instagram.com\/pakamera\/\"]},{\"@type\":\"Person\",\"@id\":\"https:\/\/www.pakamera.pl\/magazyn\/#\/schema\/person\/2b133c04ac3d14aefde103d068e014d3\",\"name\":\"Joanna Miluk\",\"description\":\"Asia jest nasz\u0105 ekspertk\u0105 od spraw najm\u0142odszych. Ch\u0119tnie podejmuje tematy zar\u00f3wno mody dzieci\u0119cej jak i dzieci\u0119cych wn\u0119trz. Wiek dziecka nie jest dla niej przeszkod\u0105. Pomo\u017ce zar\u00f3wno skompletowa\u0107 wyprawk\u0119 dla niemowlaka jak i urz\u0105dzi\u0107 pok\u00f3j nastolatka.\"}]}<\/script>\n<!-- \/ Yoast SEO plugin. -->","yoast_head_json":{"title":"Jak urz\u0105dzi\u0107 pok\u00f3j dla niemowlaka? Porady i inspiracje - Magazyn Pakamera.pl","description":"Zastanawiasz si\u0119 jak urz\u0105dzi\u0107 pok\u00f3j dla niemowlaka? Zobacz nasze podpowiedzi odno\u015bnie kolor\u00f3w, wyposa\u017cenia i aran\u017cacji.","robots":{"index":"index","follow":"follow"},"canonical":"https:\/\/www.pakamera.pl\/magazyn\/jak-urzadzic-pokoj-dla-niemowlaka-porady-i-inspiracje\/","og_locale":"pl_PL","og_type":"article","og_title":"Jak urz\u0105dzi\u0107 pok\u00f3j dla niemowlaka? Porady i inspiracje - Magazyn Pakamera.pl","og_description":"Zastanawiasz si\u0119 jak urz\u0105dzi\u0107 pok\u00f3j dla niemowlaka? Zobacz nasze podpowiedzi odno\u015bnie kolor\u00f3w, wyposa\u017cenia i aran\u017cacji.","og_url":"https:\/\/www.pakamera.pl\/magazyn\/jak-urzadzic-pokoj-dla-niemowlaka-porady-i-inspiracje\/","og_site_name":"Magazyn Pakamera.pl","article_publisher":"https:\/\/facebook.com\/pakamerapl","article_published_time":"2024-08-24T12:49:14+00:00","article_modified_time":"2024-08-23T13:04:25+00:00","og_image":[{"width":1600,"height":840,"url":"https:\/\/imgmag.pakamera.net\/2024\/08\/jak-urzadzic-pokoj-dla-niemowlaka-porady-i-inspiracje-142211456090.jpg","type":"image\/jpeg"}],"author":"Joanna Miluk","twitter_card":"summary_large_image","twitter_misc":{"Napisane przez":"Joanna Miluk","Szacowany czas czytania":"6 minut"},"schema":{"@context":"https:\/\/schema.org","@graph":[{"@type":"Article","@id":"https:\/\/www.pakamera.pl\/magazyn\/jak-urzadzic-pokoj-dla-niemowlaka-porady-i-inspiracje\/#article","isPartOf":{"@id":"https:\/\/www.pakamera.pl\/magazyn\/jak-urzadzic-pokoj-dla-niemowlaka-porady-i-inspiracje\/"},"author":{"name":"Joanna Miluk","@id":"https:\/\/www.pakamera.pl\/magazyn\/#\/schema\/person\/2b133c04ac3d14aefde103d068e014d3"},"headline":"Jak urz\u0105dzi\u0107 pok\u00f3j dla niemowlaka? Porady i inspiracje","datePublished":"2024-08-24T12:49:14+00:00","dateModified":"2024-08-23T13:04:25+00:00","mainEntityOfPage":{"@id":"https:\/\/www.pakamera.pl\/magazyn\/jak-urzadzic-pokoj-dla-niemowlaka-porady-i-inspiracje\/"},"wordCount":1088,"publisher":{"@id":"https:\/\/www.pakamera.pl\/magazyn\/#organization"},"keywords":["Lampy do pokoju dziecka","naklejka do pokoju dziecka","naklejki do pokoju dziecka","niemowlak","pierwszy pok\u00f3j dziecka","PO\u015aCIEL DLA DZIECKA"],"articleSection":["Dziecko"],"inLanguage":"pl-PL"},{"@type":"WebPage","@id":"https:\/\/www.pakamera.pl\/magazyn\/jak-urzadzic-pokoj-dla-niemowlaka-porady-i-inspiracje\/","url":"https:\/\/www.pakamera.pl\/magazyn\/jak-urzadzic-pokoj-dla-niemowlaka-porady-i-inspiracje\/","name":"Jak urz\u0105dzi\u0107 pok\u00f3j dla niemowlaka? Porady i inspiracje - Magazyn Pakamera.pl","isPartOf":{"@id":"https:\/\/www.pakamera.pl\/magazyn\/#website"},"datePublished":"2024-08-24T12:49:14+00:00","dateModified":"2024-08-23T13:04:25+00:00","description":"Zastanawiasz si\u0119 jak urz\u0105dzi\u0107 pok\u00f3j dla niemowlaka? Zobacz nasze podpowiedzi odno\u015bnie kolor\u00f3w, wyposa\u017cenia i aran\u017cacji.","breadcrumb":{"@id":"https:\/\/www.pakamera.pl\/magazyn\/jak-urzadzic-pokoj-dla-niemowlaka-porady-i-inspiracje\/#breadcrumb"},"inLanguage":"pl-PL","potentialAction":[{"@type":"ReadAction","target":["https:\/\/www.pakamera.pl\/magazyn\/jak-urzadzic-pokoj-dla-niemowlaka-porady-i-inspiracje\/"]}]},{"@type":"BreadcrumbList","@id":"https:\/\/www.pakamera.pl\/magazyn\/jak-urzadzic-pokoj-dla-niemowlaka-porady-i-inspiracje\/#breadcrumb","itemListElement":[{"@type":"ListItem","position":1,"name":"Magazyn","item":"https:\/\/www.pakamera.pl\/magazyn\/"},{"@type":"ListItem","position":2,"name":"Dziecko","item":"https:\/\/www.pakamera.pl\/magazyn\/category\/dziecko\/"},{"@type":"ListItem","position":3,"name":"Jak urz\u0105dzi\u0107 pok\u00f3j dla niemowlaka? Porady i inspiracje"}]},{"@type":"WebSite","@id":"https:\/\/www.pakamera.pl\/magazyn\/#website","url":"https:\/\/www.pakamera.pl\/magazyn\/","name":"Magazyn Pakamera.pl","description":"Sprawd\u017a najgor\u0119tsze tematy sezonu!","publisher":{"@id":"https:\/\/www.pakamera.pl\/magazyn\/#organization"},"potentialAction":[{"@type":"SearchAction","target":{"@type":"EntryPoint","urlTemplate":"https:\/\/www.pakamera.pl\/magazyn\/?s={search_term_string}"},"query-input":"required name=search_term_string"}],"inLanguage":"pl-PL"},{"@type":"Organization","@id":"https:\/\/www.pakamera.pl\/magazyn\/#organization","name":"Pakamera.pl","url":"https:\/\/www.pakamera.pl\/magazyn\/","logo":{"@type":"ImageObject","inLanguage":"pl-PL","@id":"https:\/\/www.pakamera.pl\/magazyn\/#\/schema\/logo\/image\/","url":"https:\/\/imgmag.pakamera.net\/2023\/11\/153455466619.png","contentUrl":"https:\/\/imgmag.pakamera.net\/2023\/11\/153455466619.png","width":690,"height":140,"caption":"Pakamera.pl"},"image":{"@id":"https:\/\/www.pakamera.pl\/magazyn\/#\/schema\/logo\/image\/"},"sameAs":["https:\/\/facebook.com\/pakamerapl","https:\/\/www.instagram.com\/pakamera\/"]},{"@type":"Person","@id":"https:\/\/www.pakamera.pl\/magazyn\/#\/schema\/person\/2b133c04ac3d14aefde103d068e014d3","name":"Joanna Miluk","description":"Asia jest nasz\u0105 ekspertk\u0105 od spraw najm\u0142odszych. Ch\u0119tnie podejmuje tematy zar\u00f3wno mody dzieci\u0119cej jak i dzieci\u0119cych wn\u0119trz. Wiek dziecka nie jest dla niej przeszkod\u0105. Pomo\u017ce zar\u00f3wno skompletowa\u0107 wyprawk\u0119 dla niemowlaka jak i urz\u0105dzi\u0107 pok\u00f3j nastolatka."}]}},"_links":{"self":[{"href":"https:\/\/www.pakamera.pl\/magazyn\/wp-json\/wp\/v2\/posts\/11403","targetHints":{"allow":["GET"]}}],"collection":[{"href":"https:\/\/www.pakamera.pl\/magazyn\/wp-json\/wp\/v2\/posts"}],"about":[{"href":"https:\/\/www.pakamera.pl\/magazyn\/wp-json\/wp\/v2\/types\/post"}],"author":[{"embeddable":true,"href":"https:\/\/www.pakamera.pl\/magazyn\/wp-json\/wp\/v2\/users\/18"}],"replies":[{"embeddable":true,"href":"https:\/\/www.pakamera.pl\/magazyn\/wp-json\/wp\/v2\/comments?post=11403"}],"version-history":[{"count":3,"href":"https:\/\/www.pakamera.pl\/magazyn\/wp-json\/wp\/v2\/posts\/11403\/revisions"}],"predecessor-version":[{"id":11409,"href":"https:\/\/www.pakamera.pl\/magazyn\/wp-json\/wp\/v2\/posts\/11403\/revisions\/11409"}],"wp:featuredmedia":[{"embeddable":true,"href":"https:\/\/www.pakamera.pl\/magazyn\/wp-json\/wp\/v2\/media\/11405"}],"wp:attachment":[{"href":"https:\/\/www.pakamera.pl\/magazyn\/wp-json\/wp\/v2\/media?parent=11403"}],"wp:term":[{"taxonomy":"category","embeddable":true,"href":"https:\/\/www.pakamera.pl\/magazyn\/wp-json\/wp\/v2\/categories?post=11403"},{"taxonomy":"post_tag","embeddable":true,"href":"https:\/\/www.pakamera.pl\/magazyn\/wp-json\/wp\/v2\/tags?post=11403"}],"curies":[{"name":"wp","href":"https:\/\/api.w.org\/{rel}","templated":true}]}}