{"id":11393,"date":"2024-08-23T11:41:34","date_gmt":"2024-08-23T09:41:34","guid":{"rendered":"https:\/\/www.pakamera.pl\/magazyn\/?p=11393"},"modified":"2024-08-23T11:41:34","modified_gmt":"2024-08-23T09:41:34","slug":"czy-bizuteria-z-miedzi-czernieje","status":"publish","type":"post","link":"https:\/\/www.pakamera.pl\/magazyn\/czy-bizuteria-z-miedzi-czernieje\/","title":{"rendered":"Czy bi\u017cuteria z miedzi czernieje?"},"content":{"rendered":"<p><strong>Twoje miedziane dodatki zaczynaj\u0105 ciemnie\u0107? To normalny proces. Mied\u017a to pi\u0119kny, ale wymagaj\u0105cy metal. Aby zachowa\u0142 sw\u00f3j blask przez d\u0142ugie lata, musisz nauczy\u0107 si\u0119 w\u0142a\u015bciwych metod piel\u0119gnacji. Sprawd\u017a, dlaczego bransoletka miedziana brudzi podczas noszenia.<\/strong><br \/>\n<!--more--><\/p>\n<figure id=\"attachment_11395\" aria-describedby=\"caption-attachment-11395\" style=\"width: 1600px\" class=\"wp-caption alignnone\"><img loading=\"lazy\" decoding=\"async\" class=\"wp-image-11395 size-full\" src=\"https:\/\/imgmag.pakamera.net\/2024\/08\/czy-bizuteria-z-miedzi-czernieje-112818051536.gif\" alt=\"Kolczyki ko\u0142a wykonane z drutu miedzianego\" width=\"1600\" height=\"840\" \/><figcaption id=\"caption-attachment-11395\" class=\"wp-caption-text\">Kolczyki Glam! Miedziane ko\u0142a \/ Glam by Bizu ARTeria \/ www.pakamera.pl<\/figcaption><\/figure>\n<p>Ciemnienie miedzi to naturalny proces. To wynik reakcji metalu z otoczeniem. Nie oznacza to jednak, \u017ce musisz si\u0119 z tym pogodzi\u0107! Poznaj sposoby na zapobieganie mu. Chyba \u017ce nale\u017cysz do os\u00f3b, kt\u00f3re traktuj\u0105 zmian\u0119 koloru jako zalet\u0119, a nie wad\u0119\u2026<\/p>\n<h2>Dlaczego bi\u017cuteria z miedzi czernieje?<\/h2>\n<p>Czy <a href=\"https:\/\/www.pakamera.pl\/miedziana-bizuteria-0-t28380.htm\" target=\"_blank\" rel=\"noopener\">bi\u017cuteria z miedzi<\/a> czernieje? <strong>Niestety tak, do tego procesu dochodzi z powodu utleniania<\/strong>.<strong> Gdy metal ma kontakt z tlenem w powietrzu, dochodzi do reakcji chemicznej. Jej wynikiem jest ciemny nalot na powierzchni, zwany patyn\u0105<\/strong>. Sk\u0142ada si\u0119 ona z tlenk\u00f3w miedzi.<\/p>\n<p>Dlaczego mied\u017a czernieje? <strong>Utlenianie to naturalna cecha tego metalu. Nie jest oznak\u0105 jej zniszczenia<\/strong>. Patyna nadaje bi\u017cuterii lekko antyczny wygl\u0105d. Wiele u\u017cytkownik\u00f3w woli jednak, aby ich bi\u017cuteria zachowa\u0142a pierwotny blask.<\/p>\n<div id=\"pakawidget1532\" class=\"pakawidget\"><\/div>\n<p><script async defer src=\"https:\/\/www.pakamera.pl\/widget\/widget2.min.js?id=1532&#038;type=20240823113640&#038;wwidth=1000\"><\/script><br \/>\nWilgo\u0107 w powietrzu przyspiesza ciemnienie miedzi. Je\u015bli przechowujesz bi\u017cuteri\u0119 w \u0142azience, szybciej pokryje si\u0119 ona patyn\u0105. Powietrze zanieczyszczone dwutlenkiem siarki dodatkowo przyspiesza ten proces. W jego wyniku powstaj\u0105 jeszcze ciemniejsze plamy.<\/p>\n<h2>Co zrobi\u0107, gdy bransoletka miedziana brudzi sk\u00f3r\u0119?<\/h2>\n<p>Dlaczego mied\u017a brudzi sk\u00f3r\u0119? Sole i kwasy zawarte w pocie reaguj\u0105 z metalem. Na skutek powsta\u0142ych reakcji tworz\u0105 si\u0119 siarczki miedzi. W\u0142a\u015bnie je widzisz w ciemnym nalocie na sk\u00f3rze w miejscu noszenia bi\u017cuterii. Nie jest on szkodliwy, ale wygl\u0105da nieestetycznie. Proces przyspiesza w gor\u0105ce dni lub podczas aktywno\u015bci fizycznej.<\/p>\n<p><a href=\"https:\/\/www.pakamera.pl\/magazyn\/jak-uniknac-czernienia-bizuterii\/\" target=\"_blank\" rel=\"noopener\">Jak unikn\u0105\u0107 czernienia bi\u017cuterii?<\/a> Wilgo\u0107 i chemikalia to g\u0142\u00f3wni wrogowie miedzianej bi\u017cuterii. <strong>Nie no\u015b ozd\u00f3b podczas deszczu, k\u0105pieli i na basenie. Zak\u0142adaj bi\u017cuteri\u0119 na samym ko\u0144cu, ju\u017c po na\u0142o\u017ceniu perfum i makija\u017cu.<\/strong><\/p>\n<p>Dla najlepszego efektu <strong>na\u0142\u00f3\u017c na bransoletk\u0119 warstw\u0119 ochronn\u0105. U\u017cyj w tym celu bezbarwnego lakieru do paznokci lub wosku ochronnego<\/strong>. Taka pow\u0142oka ogranicza reakcje chemiczne i zmniejsza ryzyko powstawania plam.<\/p>\n<p>Mo\u017cesz r\u00f3wnie\u017c nosi\u0107 bransoletk\u0119 na ubraniu \u2013 na r\u0119kawie bluzki lub koszuli. Dodatek b\u0119dzie wygl\u0105da\u0142 r\u00f3wnie efektownie, co wprost na sk\u00f3rze.<\/p>\n<figure id=\"attachment_11394\" aria-describedby=\"caption-attachment-11394\" style=\"width: 1600px\" class=\"wp-caption alignnone\"><img loading=\"lazy\" decoding=\"async\" class=\"wp-image-11394 size-full\" src=\"https:\/\/imgmag.pakamera.net\/2024\/08\/czy-bizuteria-z-miedzi-czernieje-112817201146.jpg\" alt=\"dlaczego bransoletka miedziana brudzi podczas noszenia\" width=\"1600\" height=\"840\" \/><figcaption id=\"caption-attachment-11394\" class=\"wp-caption-text\">Jaspis lazurowe wybrze\u017ce wisiorek wire wrapping \/ Blue Pearl Art \/ www.pakamera.pl<\/figcaption><\/figure>\n<p>Niekt\u00f3rzy mi\u0142o\u015bnicy miedzianej bi\u017cuterii akceptuj\u0105 proces ciemnienia. Postrzegaj\u0105 brudzenie jako naturalny element noszenia dodatk\u00f3w. <strong>Mied\u017a od wiek\u00f3w by\u0142a ceniona za swoje w\u0142a\u015bciwo\u015bci. Patyna jest cz\u0119sto uwa\u017cana za oznak\u0119 autentyczno\u015bci i naturalnego pi\u0119kna<\/strong>. Je\u015bli nie przeszkadza Ci to, \u017ce Twoja bransoletka czasem zostawia \u015blady, mo\u017cesz nosi\u0107 j\u0105 bez obaw.<\/p>\n<h2>Jak zapobiega\u0107 czernieniu bi\u017cuterii miedzianej?<\/h2>\n<p>Miedziana bransoletka brudzi sk\u00f3r\u0119 \u2013 jak sobie z tym radzi\u0107? <strong>Aby ograniczy\u0107 pojawianie si\u0119 nalotu, regularnie czy\u015b\u0107 swoj\u0105 miedzian\u0105 bi\u017cuteri\u0119<\/strong>. Przetrzyj swoje <a href=\"https:\/\/www.pakamera.pl\/kolczyki-0-1819.htm\" target=\"_blank\" rel=\"noopener\">kolczyki damskie<\/a> i naszyjniki \u015bciereczk\u0105 od wewn\u0119trznej strony. Usuwaj nalot z ozd\u00f3b, zanim zacznie si\u0119 gromadzi\u0107.<\/p>\n<div id=\"pakawidget1533\" class=\"pakawidget\"><\/div>\n<p><script async defer src=\"https:\/\/www.pakamera.pl\/widget\/widget2.min.js?id=1533&#038;type=20240823113816&#038;wwidth=1000\"><\/script><br \/>\nJak czy\u015bci\u0107 miedzian\u0105 bi\u017cuteri\u0119? <strong>U\u017cywaj pasty z cytryny i soli lub stosuj k\u0105piel w occie z sol\u0105<\/strong>. Im cz\u0119\u015bciej usuwasz patyn\u0119 z powierzchni bransoletki, tym mniej prawdopodobne, \u017ce zostawi \u015blady. Mo\u017cesz r\u00f3wnie\u017c skorzysta\u0107 ze specjalistycznych preparat\u00f3w.<\/p>\n<p><strong>Przechowuj bi\u017cuteri\u0119 miedzian\u0105 w suchym, ciemnym miejscu<\/strong>.<strong> Umie\u015b\u0107 j\u0105 w szczelnie zamykanym woreczku lub pude\u0142ku wy\u0142o\u017conym mi\u0119kkim materia\u0142em<\/strong>. W\u0142\u00f3\u017c do \u015brodka saszetki z \u017celem krzemionkowym, aby zadba\u0107 o poch\u0142anianie wilgoci.<\/p>\n<p>Je\u015bli na\u0142o\u017cysz warstw\u0119 ochronn\u0105, od czasu do czasu j\u0105 od\u015bwie\u017caj. R\u00f3b to regularnie, zanim ca\u0142kiem si\u0119 zetrze. Gdy zobaczysz pierwsze oznaki czernienia, wyczy\u015b\u0107 ozdoby od razu.<\/p>\n<p><strong>Na Pakamera.pl znajdziesz ozdoby wykonane z niemal ka\u017cdego metalu. Wybierz najpi\u0119kniejsze modele<\/strong> i zobacz, <a href=\"https:\/\/www.pakamera.pl\/magazyn\/jak-wyczyscic-bizuterie-praktyczne-wskazowki\/\" target=\"_blank\" rel=\"noopener\">jak wyczy\u015bci\u0107 bi\u017cuteri\u0119<\/a>.<\/p>\n","protected":false},"excerpt":{"rendered":"<p>Twoje miedziane dodatki zaczynaj\u0105 ciemnie\u0107? To normalny proces. Mied\u017a to pi\u0119kny, ale wymagaj\u0105cy metal. Aby zachowa\u0142 sw\u00f3j blask przez d\u0142ugie lata, musisz nauczy\u0107 si\u0119 w\u0142a\u015bciwych metod piel\u0119gnacji. Sprawd\u017a, dlaczego bransoletka<span class=\"more-dots\">&#8230;<\/span><\/p>\n","protected":false},"author":16,"featured_media":11395,"comment_status":"closed","ping_status":"closed","sticky":false,"template":"","format":"standard","meta":{"footnotes":""},"categories":[3],"tags":[2587,2598,2602,2437],"class_list":["post-11393","post","type-post","status-publish","format-standard","has-post-thumbnail","hentry","category-moda","tag-bizuteria-artystyczna","tag-kolczyki-tytanowe","tag-miedziana-bizuteria","tag-oczyszczenie-bizuterii"],"yoast_head":"<!-- This site is optimized with the Yoast SEO plugin v21.6 - https:\/\/yoast.com\/wordpress\/plugins\/seo\/ -->\n<title>Czy bi\u017cuteria z miedzi czernieje? - Magazyn Pakamera.pl<\/title>\n<meta name=\"description\" content=\"Czy bi\u017cuteria z miedzi czernieje? Tak i to normalny proces. Mied\u017a to pi\u0119kny, ale wymagaj\u0105cy metal. Zobacz jak o ni\u0105 dba\u0107!\" \/>\n<meta name=\"robots\" content=\"index, follow\" \/>\n<link rel=\"canonical\" href=\"https:\/\/www.pakamera.pl\/magazyn\/czy-bizuteria-z-miedzi-czernieje\/\" \/>\n<meta property=\"og:locale\" content=\"pl_PL\" \/>\n<meta property=\"og:type\" content=\"article\" \/>\n<meta property=\"og:title\" content=\"Czy bi\u017cuteria z miedzi czernieje? - Magazyn Pakamera.pl\" \/>\n<meta property=\"og:description\" content=\"Czy bi\u017cuteria z miedzi czernieje? Tak i to normalny proces. Mied\u017a to pi\u0119kny, ale wymagaj\u0105cy metal. Zobacz jak o ni\u0105 dba\u0107!\" \/>\n<meta property=\"og:url\" content=\"https:\/\/www.pakamera.pl\/magazyn\/czy-bizuteria-z-miedzi-czernieje\/\" \/>\n<meta property=\"og:site_name\" content=\"Magazyn Pakamera.pl\" \/>\n<meta property=\"article:publisher\" content=\"https:\/\/facebook.com\/pakamerapl\" \/>\n<meta property=\"article:published_time\" content=\"2024-08-23T09:41:34+00:00\" \/>\n<meta property=\"og:image\" content=\"https:\/\/imgmag.pakamera.net\/2024\/08\/czy-bizuteria-z-miedzi-czernieje-112818051536.gif\" \/>\n\t<meta property=\"og:image:width\" content=\"1600\" \/>\n\t<meta property=\"og:image:height\" content=\"840\" \/>\n\t<meta property=\"og:image:type\" content=\"image\/gif\" \/>\n<meta name=\"author\" content=\"Magda Strzelecka\" \/>\n<meta name=\"twitter:card\" content=\"summary_large_image\" \/>\n<meta name=\"twitter:label1\" content=\"Napisane przez\" \/>\n\t<meta name=\"twitter:data1\" content=\"Magda Strzelecka\" \/>\n\t<meta name=\"twitter:label2\" content=\"Szacowany czas czytania\" \/>\n\t<meta name=\"twitter:data2\" content=\"4 minuty\" \/>\n<script type=\"application\/ld+json\" class=\"yoast-schema-graph\">{\"@context\":\"https:\/\/schema.org\",\"@graph\":[{\"@type\":\"Article\",\"@id\":\"https:\/\/www.pakamera.pl\/magazyn\/czy-bizuteria-z-miedzi-czernieje\/#article\",\"isPartOf\":{\"@id\":\"https:\/\/www.pakamera.pl\/magazyn\/czy-bizuteria-z-miedzi-czernieje\/\"},\"author\":{\"name\":\"Magda Strzelecka\",\"@id\":\"https:\/\/www.pakamera.pl\/magazyn\/#\/schema\/person\/375940ab821c5af50e1e31f1ec5282b5\"},\"headline\":\"Czy bi\u017cuteria z miedzi czernieje?\",\"datePublished\":\"2024-08-23T09:41:34+00:00\",\"dateModified\":\"2024-08-23T09:41:34+00:00\",\"mainEntityOfPage\":{\"@id\":\"https:\/\/www.pakamera.pl\/magazyn\/czy-bizuteria-z-miedzi-czernieje\/\"},\"wordCount\":662,\"publisher\":{\"@id\":\"https:\/\/www.pakamera.pl\/magazyn\/#organization\"},\"keywords\":[\"bi\u017cuteria artystyczna\",\"kolczyki tytanowe\",\"miedziana bi\u017cuteria\",\"oczyszczenie bi\u017cuterii\"],\"articleSection\":[\"Moda\"],\"inLanguage\":\"pl-PL\"},{\"@type\":\"WebPage\",\"@id\":\"https:\/\/www.pakamera.pl\/magazyn\/czy-bizuteria-z-miedzi-czernieje\/\",\"url\":\"https:\/\/www.pakamera.pl\/magazyn\/czy-bizuteria-z-miedzi-czernieje\/\",\"name\":\"Czy bi\u017cuteria z miedzi czernieje? - Magazyn Pakamera.pl\",\"isPartOf\":{\"@id\":\"https:\/\/www.pakamera.pl\/magazyn\/#website\"},\"datePublished\":\"2024-08-23T09:41:34+00:00\",\"dateModified\":\"2024-08-23T09:41:34+00:00\",\"description\":\"Czy bi\u017cuteria z miedzi czernieje? Tak i to normalny proces. Mied\u017a to pi\u0119kny, ale wymagaj\u0105cy metal. Zobacz jak o ni\u0105 dba\u0107!\",\"breadcrumb\":{\"@id\":\"https:\/\/www.pakamera.pl\/magazyn\/czy-bizuteria-z-miedzi-czernieje\/#breadcrumb\"},\"inLanguage\":\"pl-PL\",\"potentialAction\":[{\"@type\":\"ReadAction\",\"target\":[\"https:\/\/www.pakamera.pl\/magazyn\/czy-bizuteria-z-miedzi-czernieje\/\"]}]},{\"@type\":\"BreadcrumbList\",\"@id\":\"https:\/\/www.pakamera.pl\/magazyn\/czy-bizuteria-z-miedzi-czernieje\/#breadcrumb\",\"itemListElement\":[{\"@type\":\"ListItem\",\"position\":1,\"name\":\"Magazyn\",\"item\":\"https:\/\/www.pakamera.pl\/magazyn\/\"},{\"@type\":\"ListItem\",\"position\":2,\"name\":\"Moda\",\"item\":\"https:\/\/www.pakamera.pl\/magazyn\/category\/moda\/\"},{\"@type\":\"ListItem\",\"position\":3,\"name\":\"Czy bi\u017cuteria z miedzi czernieje?\"}]},{\"@type\":\"WebSite\",\"@id\":\"https:\/\/www.pakamera.pl\/magazyn\/#website\",\"url\":\"https:\/\/www.pakamera.pl\/magazyn\/\",\"name\":\"Magazyn Pakamera.pl\",\"description\":\"Sprawd\u017a najgor\u0119tsze tematy sezonu!\",\"publisher\":{\"@id\":\"https:\/\/www.pakamera.pl\/magazyn\/#organization\"},\"potentialAction\":[{\"@type\":\"SearchAction\",\"target\":{\"@type\":\"EntryPoint\",\"urlTemplate\":\"https:\/\/www.pakamera.pl\/magazyn\/?s={search_term_string}\"},\"query-input\":\"required name=search_term_string\"}],\"inLanguage\":\"pl-PL\"},{\"@type\":\"Organization\",\"@id\":\"https:\/\/www.pakamera.pl\/magazyn\/#organization\",\"name\":\"Pakamera.pl\",\"url\":\"https:\/\/www.pakamera.pl\/magazyn\/\",\"logo\":{\"@type\":\"ImageObject\",\"inLanguage\":\"pl-PL\",\"@id\":\"https:\/\/www.pakamera.pl\/magazyn\/#\/schema\/logo\/image\/\",\"url\":\"https:\/\/imgmag.pakamera.net\/2023\/11\/153455466619.png\",\"contentUrl\":\"https:\/\/imgmag.pakamera.net\/2023\/11\/153455466619.png\",\"width\":690,\"height\":140,\"caption\":\"Pakamera.pl\"},\"image\":{\"@id\":\"https:\/\/www.pakamera.pl\/magazyn\/#\/schema\/logo\/image\/\"},\"sameAs\":[\"https:\/\/facebook.com\/pakamerapl\",\"https:\/\/www.instagram.com\/pakamera\/\"]},{\"@type\":\"Person\",\"@id\":\"https:\/\/www.pakamera.pl\/magazyn\/#\/schema\/person\/375940ab821c5af50e1e31f1ec5282b5\",\"name\":\"Magda Strzelecka\",\"description\":\"Magda to nasza stylistka, kt\u00f3ra od ponad 10 lat \u015bci\u015ble zwi\u0105zana jest z mod\u0105. Uwielbia \u015bledzi\u0107 \u015bwiatowe trendy i przek\u0142ada\u0107 je na rynek polski. Kocha dobre sk\u0142ady ubra\u0144, wyj\u0105tkow\u0105 bi\u017cuteri\u0119 i dodatki kt\u00f3re o\u017cywi\u0105 ka\u017cd\u0105 stylizacj\u0119.\"}]}<\/script>\n<!-- \/ Yoast SEO plugin. -->","yoast_head_json":{"title":"Czy bi\u017cuteria z miedzi czernieje? - Magazyn Pakamera.pl","description":"Czy bi\u017cuteria z miedzi czernieje? Tak i to normalny proces. Mied\u017a to pi\u0119kny, ale wymagaj\u0105cy metal. Zobacz jak o ni\u0105 dba\u0107!","robots":{"index":"index","follow":"follow"},"canonical":"https:\/\/www.pakamera.pl\/magazyn\/czy-bizuteria-z-miedzi-czernieje\/","og_locale":"pl_PL","og_type":"article","og_title":"Czy bi\u017cuteria z miedzi czernieje? - Magazyn Pakamera.pl","og_description":"Czy bi\u017cuteria z miedzi czernieje? Tak i to normalny proces. Mied\u017a to pi\u0119kny, ale wymagaj\u0105cy metal. Zobacz jak o ni\u0105 dba\u0107!","og_url":"https:\/\/www.pakamera.pl\/magazyn\/czy-bizuteria-z-miedzi-czernieje\/","og_site_name":"Magazyn Pakamera.pl","article_publisher":"https:\/\/facebook.com\/pakamerapl","article_published_time":"2024-08-23T09:41:34+00:00","og_image":[{"width":1600,"height":840,"url":"https:\/\/imgmag.pakamera.net\/2024\/08\/czy-bizuteria-z-miedzi-czernieje-112818051536.gif","type":"image\/gif"}],"author":"Magda Strzelecka","twitter_card":"summary_large_image","twitter_misc":{"Napisane przez":"Magda Strzelecka","Szacowany czas czytania":"4 minuty"},"schema":{"@context":"https:\/\/schema.org","@graph":[{"@type":"Article","@id":"https:\/\/www.pakamera.pl\/magazyn\/czy-bizuteria-z-miedzi-czernieje\/#article","isPartOf":{"@id":"https:\/\/www.pakamera.pl\/magazyn\/czy-bizuteria-z-miedzi-czernieje\/"},"author":{"name":"Magda Strzelecka","@id":"https:\/\/www.pakamera.pl\/magazyn\/#\/schema\/person\/375940ab821c5af50e1e31f1ec5282b5"},"headline":"Czy bi\u017cuteria z miedzi czernieje?","datePublished":"2024-08-23T09:41:34+00:00","dateModified":"2024-08-23T09:41:34+00:00","mainEntityOfPage":{"@id":"https:\/\/www.pakamera.pl\/magazyn\/czy-bizuteria-z-miedzi-czernieje\/"},"wordCount":662,"publisher":{"@id":"https:\/\/www.pakamera.pl\/magazyn\/#organization"},"keywords":["bi\u017cuteria artystyczna","kolczyki tytanowe","miedziana bi\u017cuteria","oczyszczenie bi\u017cuterii"],"articleSection":["Moda"],"inLanguage":"pl-PL"},{"@type":"WebPage","@id":"https:\/\/www.pakamera.pl\/magazyn\/czy-bizuteria-z-miedzi-czernieje\/","url":"https:\/\/www.pakamera.pl\/magazyn\/czy-bizuteria-z-miedzi-czernieje\/","name":"Czy bi\u017cuteria z miedzi czernieje? - Magazyn Pakamera.pl","isPartOf":{"@id":"https:\/\/www.pakamera.pl\/magazyn\/#website"},"datePublished":"2024-08-23T09:41:34+00:00","dateModified":"2024-08-23T09:41:34+00:00","description":"Czy bi\u017cuteria z miedzi czernieje? Tak i to normalny proces. Mied\u017a to pi\u0119kny, ale wymagaj\u0105cy metal. Zobacz jak o ni\u0105 dba\u0107!","breadcrumb":{"@id":"https:\/\/www.pakamera.pl\/magazyn\/czy-bizuteria-z-miedzi-czernieje\/#breadcrumb"},"inLanguage":"pl-PL","potentialAction":[{"@type":"ReadAction","target":["https:\/\/www.pakamera.pl\/magazyn\/czy-bizuteria-z-miedzi-czernieje\/"]}]},{"@type":"BreadcrumbList","@id":"https:\/\/www.pakamera.pl\/magazyn\/czy-bizuteria-z-miedzi-czernieje\/#breadcrumb","itemListElement":[{"@type":"ListItem","position":1,"name":"Magazyn","item":"https:\/\/www.pakamera.pl\/magazyn\/"},{"@type":"ListItem","position":2,"name":"Moda","item":"https:\/\/www.pakamera.pl\/magazyn\/category\/moda\/"},{"@type":"ListItem","position":3,"name":"Czy bi\u017cuteria z miedzi czernieje?"}]},{"@type":"WebSite","@id":"https:\/\/www.pakamera.pl\/magazyn\/#website","url":"https:\/\/www.pakamera.pl\/magazyn\/","name":"Magazyn Pakamera.pl","description":"Sprawd\u017a najgor\u0119tsze tematy sezonu!","publisher":{"@id":"https:\/\/www.pakamera.pl\/magazyn\/#organization"},"potentialAction":[{"@type":"SearchAction","target":{"@type":"EntryPoint","urlTemplate":"https:\/\/www.pakamera.pl\/magazyn\/?s={search_term_string}"},"query-input":"required name=search_term_string"}],"inLanguage":"pl-PL"},{"@type":"Organization","@id":"https:\/\/www.pakamera.pl\/magazyn\/#organization","name":"Pakamera.pl","url":"https:\/\/www.pakamera.pl\/magazyn\/","logo":{"@type":"ImageObject","inLanguage":"pl-PL","@id":"https:\/\/www.pakamera.pl\/magazyn\/#\/schema\/logo\/image\/","url":"https:\/\/imgmag.pakamera.net\/2023\/11\/153455466619.png","contentUrl":"https:\/\/imgmag.pakamera.net\/2023\/11\/153455466619.png","width":690,"height":140,"caption":"Pakamera.pl"},"image":{"@id":"https:\/\/www.pakamera.pl\/magazyn\/#\/schema\/logo\/image\/"},"sameAs":["https:\/\/facebook.com\/pakamerapl","https:\/\/www.instagram.com\/pakamera\/"]},{"@type":"Person","@id":"https:\/\/www.pakamera.pl\/magazyn\/#\/schema\/person\/375940ab821c5af50e1e31f1ec5282b5","name":"Magda Strzelecka","description":"Magda to nasza stylistka, kt\u00f3ra od ponad 10 lat \u015bci\u015ble zwi\u0105zana jest z mod\u0105. Uwielbia \u015bledzi\u0107 \u015bwiatowe trendy i przek\u0142ada\u0107 je na rynek polski. Kocha dobre sk\u0142ady ubra\u0144, wyj\u0105tkow\u0105 bi\u017cuteri\u0119 i dodatki kt\u00f3re o\u017cywi\u0105 ka\u017cd\u0105 stylizacj\u0119."}]}},"_links":{"self":[{"href":"https:\/\/www.pakamera.pl\/magazyn\/wp-json\/wp\/v2\/posts\/11393","targetHints":{"allow":["GET"]}}],"collection":[{"href":"https:\/\/www.pakamera.pl\/magazyn\/wp-json\/wp\/v2\/posts"}],"about":[{"href":"https:\/\/www.pakamera.pl\/magazyn\/wp-json\/wp\/v2\/types\/post"}],"author":[{"embeddable":true,"href":"https:\/\/www.pakamera.pl\/magazyn\/wp-json\/wp\/v2\/users\/16"}],"replies":[{"embeddable":true,"href":"https:\/\/www.pakamera.pl\/magazyn\/wp-json\/wp\/v2\/comments?post=11393"}],"version-history":[{"count":1,"href":"https:\/\/www.pakamera.pl\/magazyn\/wp-json\/wp\/v2\/posts\/11393\/revisions"}],"predecessor-version":[{"id":11396,"href":"https:\/\/www.pakamera.pl\/magazyn\/wp-json\/wp\/v2\/posts\/11393\/revisions\/11396"}],"wp:featuredmedia":[{"embeddable":true,"href":"https:\/\/www.pakamera.pl\/magazyn\/wp-json\/wp\/v2\/media\/11395"}],"wp:attachment":[{"href":"https:\/\/www.pakamera.pl\/magazyn\/wp-json\/wp\/v2\/media?parent=11393"}],"wp:term":[{"taxonomy":"category","embeddable":true,"href":"https:\/\/www.pakamera.pl\/magazyn\/wp-json\/wp\/v2\/categories?post=11393"},{"taxonomy":"post_tag","embeddable":true,"href":"https:\/\/www.pakamera.pl\/magazyn\/wp-json\/wp\/v2\/tags?post=11393"}],"curies":[{"name":"wp","href":"https:\/\/api.w.org\/{rel}","templated":true}]}}