{"id":11244,"date":"2024-08-04T10:56:25","date_gmt":"2024-08-04T08:56:25","guid":{"rendered":"https:\/\/www.pakamera.pl\/magazyn\/?p=11244"},"modified":"2024-08-02T10:59:01","modified_gmt":"2024-08-02T08:59:01","slug":"kolczyki-tytanowe-idealne-dla-alergikow","status":"publish","type":"post","link":"https:\/\/www.pakamera.pl\/magazyn\/kolczyki-tytanowe-idealne-dla-alergikow\/","title":{"rendered":"Kolczyki tytanowe \u2013 idealne dla alergik\u00f3w"},"content":{"rendered":"<p><strong>Chcesz, \u017ceby bi\u017cuteria nie tylko podkre\u015bla\u0142a Twoj\u0105 urod\u0119, ale by\u0142a r\u00f3wnie\u017c bezpieczna dla sk\u00f3ry? Kolczyki tytanowe s\u0105 odpowiednie dla alergik\u00f3w. Hipoalergiczny metal nie wywo\u0142uje niepo\u017c\u0105danych reakcji sk\u00f3rnych, a na dodatek jest trwa\u0142y i lekki.<\/strong><\/p>\n<p><!--more--><\/p>\n<figure id=\"attachment_11245\" aria-describedby=\"caption-attachment-11245\" style=\"width: 1600px\" class=\"wp-caption alignnone\"><img loading=\"lazy\" decoding=\"async\" class=\"wp-image-11245 size-full\" src=\"https:\/\/imgmag.pakamera.net\/2024\/08\/kolczyki-tytanowe-idealne-dla-alergikow-130423839198.jpg\" alt=\"dla kogo kolczyki tytanowe\" width=\"1600\" height=\"840\" \/><figcaption id=\"caption-attachment-11245\" class=\"wp-caption-text\">Tytanowe \/ galeria OKO \/ www.pakamera.pl<\/figcaption><\/figure>\n<p>Dla kogo <a href=\"https:\/\/www.pakamera.pl\/kolczyki-z-tytanu-0-t20951.htm\" target=\"_blank\" rel=\"noopener\">kolczyki tytanowe<\/a> sprawdz\u0105 si\u0119 najlepiej? Przede wszystkim <strong>dla os\u00f3b z delikatn\u0105 sk\u00f3r\u0105, ale r\u00f3wnie\u017c dla mi\u0142o\u015bnik\u00f3w wytrzyma\u0142ej bi\u017cuterii<\/strong>. Najlepsza bi\u017cuteria dla alergik\u00f3w jest odporna na wod\u0119 i dzia\u0142anie chemii domowej.<\/p>\n<h2>Dlaczego tytan jest idealnym materia\u0142em dla alergik\u00f3w?<\/h2>\n<p><strong>Tytan jest jednym z najbardziej hipoalergicznych metali dost\u0119pnych na rynku<\/strong>. U\u017cywa si\u0119 go w medycynie do produkcji implant\u00f3w i narz\u0119dzi chirurgicznych. Ma\u0142o prawdopodobne, aby wywo\u0142a\u0142 reakcj\u0119 alergiczn\u0105. W przeciwie\u0144stwie do srebra nie reaguje z naturalnymi kwasami w sk\u00f3rze.<\/p>\n<p>G\u0142\u00f3wny winowajca reakcji alergicznych na bi\u017cuteri\u0119 to nikiel. Wiele os\u00f3b nawet nie zdaje sobie sprawy, \u017ce ma uczulenie, dop\u00f3ki nie zacznie nosi\u0107 wykonanych z niego ozd\u00f3b. Tytan jest ca\u0142kowicie wolny od tego metalu.<\/p>\n<p>Najlepsza bi\u017cuteria dla alergik\u00f3w nie poddaje si\u0119 zarysowaniom, korozji, ani dzia\u0142aniu wody. <strong>Tytanowa bi\u017cuteria wygl\u0105da jak nowa nawet po d\u0142ugim okresie u\u017cytkowania<\/strong>. Metalowe kolczyki nie trac\u0105 blasku i s\u0105 inwestycj\u0105 na lata. Pomimo swojej wytrzyma\u0142o\u015bci, tytan jest wyj\u0105tkowo lekki. <strong>Nie obci\u0105\u017ca uszu i nie nadwer\u0119\u017ca p\u0142atk\u00f3w<\/strong>.<\/p>\n<div id=\"pakawidget1491\" class=\"pakawidget\"><\/div>\n<p><script async defer src=\"https:\/\/www.pakamera.pl\/widget\/widget2.min.js?id=1491&#038;type=20240801131006&#038;wwidth=1000\"><\/script><br \/>\nJak dba\u0107 bi\u017cuteri\u0119 z tytanu? Te ozdoby nie wymagaj\u0105 specjalnej piel\u0119gnacji.<strong> Wystarczy je regularnie przemywa\u0107 ciep\u0142\u0105 wod\u0105 i myd\u0142em<\/strong>. Metal nie zmienia koloru, dlatego \u0142atwo utrzymasz jego blask. Dla pewno\u015bci zobacz <a href=\"https:\/\/www.pakamera.pl\/magazyn\/jak-wyczyscic-bizuterie-praktyczne-wskazowki\/\" target=\"_blank\" rel=\"noopener\">jak wyczy\u015bci\u0107 bi\u017cuteri\u0119<\/a> aby utrzyma\u0107 ja w jak najlepszej kondycji.<\/p>\n<h2>Najlepsze modele tytanowych kolczyk\u00f3w<\/h2>\n<p>Klasyczne sztyfty wykonane z polerowanego tytanu \u015bwietnie pasuj\u0105 do codziennych stylizacji, tak samo, jak <a href=\"https:\/\/www.pakamera.pl\/kolczyki-ze-stali-chirurgicznej-0-t149066.htm\" target=\"_blank\" rel=\"noopener\">kolczyki ze stali chirurgicznej<\/a>. Mo\u017cesz wybra\u0107 proste kuleczki (lub inny ulubiony kszta\u0142t), a tak\u017ce wersje ozdobione cyrkoniami lub ma\u0142ymi kamyczkami.<\/p>\n<p>Na szczeg\u00f3ln\u0105 uwag\u0119 zas\u0142uguj\u0105 <strong>srebrne poz\u0142acane kolczyki z tytanowym motylkiem od Elise Bi\u017cuteria<\/strong>. Skrzyd\u0142a zosta\u0142y misternie wyci\u0119te, a ich powierzchnia zdobiona jest delikatnym wzorem, przypominaj\u0105cym naturaln\u0105 tekstur\u0119 skrzyde\u0142 tych owad\u00f3w. Gradient kolor\u00f3w, przechodz\u0105cy od g\u0142\u0119bokiego niebieskiego do ciep\u0142ego br\u0105zu podkre\u015bli Twoje spojrzenie.<\/p>\n<p><strong>Wisz\u0105ce kolczyki z oksydowanego lub anodowanego tytanu pi\u0119knie mieni\u0105 si\u0119 w promieniach s\u0142o\u0144ca i b\u0142yszcz\u0105 w sztucznym o\u015bwietleniu<\/strong>. S\u0105 lekkie i nie stukaj\u0105, gdy si\u0119 poruszasz. Przejrzyj propozycje od Galerii OKO. Arty\u015bci przygotowali dla Ciebie kolczyki-p\u0119dzelki, pi\u00f3rka, kwiatki, k\u00f3\u0142eczka i listki.<\/p>\n<figure id=\"attachment_11255\" aria-describedby=\"caption-attachment-11255\" style=\"width: 1600px\" class=\"wp-caption alignnone\"><img loading=\"lazy\" decoding=\"async\" class=\"wp-image-11255 size-full\" src=\"https:\/\/imgmag.pakamera.net\/2024\/08\/kolczyki-geometryczne-nowoczesnosc-w-bizuterii-102653374397.jpg\" alt=\"Kolczyki srebrne z tytanem z wysokiej jako\u015bci srebra pr\u00f3by 925\" width=\"1600\" height=\"840\" \/><figcaption id=\"caption-attachment-11255\" class=\"wp-caption-text\">Kolczyki srebrne z tytanem \/ Elise Bi\u017cuteria \/ www.pakamera.pl<\/figcaption><\/figure>\n<p>Tytanowe kastaniety nawi\u0105zuj\u0105 do stylu hiszpa\u0144skich tancerek. Ka\u017cde kolejne ko\u0142o r\u00f3\u017cni si\u0119 nieco kolorem, a gdy si\u0119 na siebie nak\u0142adaj\u0105, efekt si\u0119 pog\u0142\u0119bia. To lekka i efektowna ozdoba, kt\u00f3ra pi\u0119knie prezentuje si\u0119 w klubie lub podczas domowej pota\u0144c\u00f3wki.<\/p>\n<p><strong>Tytanowa bi\u017cuteria dla alergik\u00f3w z geometrycznymi wzorami to \u015bwietny wyb\u00f3r dla os\u00f3b, kt\u00f3re lubi\u0105 nowoczesny i wyrazisty styl<\/strong>. Wykonane z tytanu, mog\u0105 przybiera\u0107 r\u00f3\u017cne formy \u2013 od tr\u00f3jk\u0105t\u00f3w, przez kwadraty, po bardziej z\u0142o\u017cone, abstrakcyjne kszta\u0142ty. Daj si\u0119 zainspirowa\u0107 tytanowym rombom od Galeria Oko i du\u017cym okr\u0105g\u0142ym tarczom od SHAMBALA.<\/p>\n<h2>Inspiracje na codzienne stylizacje<\/h2>\n<p><strong>Klasyczne tytanowe sztyfty to idealna opcja na co dzie\u0144<\/strong>. Po\u0142\u0105cz je z par\u0105 ulubionych jeans\u00f3w i bia\u0142\u0105 koszul\u0105, aby uzyska\u0107 elegancki, a zarazem swobodny look. W\u0142\u00f3\u017c sneakersy lub sanda\u0142y i zarzu\u0107 prost\u0105 torebk\u0119 na rami\u0119.<\/p>\n<p><strong>Tytanowe kolczyki w kszta\u0142cie k\u00f3\u0142 \u015bwietnie komponuj\u0105 si\u0119 z lekk\u0105, casualow\u0105 sukienk\u0105<\/strong>. Wybierz model w pastelowych kolorach na wiosn\u0119 lub letni\u0105 sukienk\u0119 w kwiaty. Przed wyj\u015bciem za\u0142\u00f3\u017c sanda\u0142y na p\u0142askiej podeszwie i listonoszk\u0119.<\/p>\n<div id=\"pakawidget1492\" class=\"pakawidget\"><\/div>\n<p><script async defer src=\"https:\/\/www.pakamera.pl\/widget\/widget2.min.js?id=1492&#038;type=20240801131121&#038;wwidth=1000\"><\/script><br \/>\n<strong>Geometryczne kolczyki tytanowe idealnie pasuj\u0105 prostych, codziennych zestaw\u00f3w<\/strong>. Po\u0142\u0105cz je z T-shirtem z ciekawym nadrukiem i wygodnymi joggersami. Na nogi za\u0142\u00f3\u017c bia\u0142e trampki, a ca\u0142o\u015b\u0107 dope\u0142nij sk\u00f3rzan\u0105 kurtk\u0105.<\/p>\n<p>Na ch\u0142odniejsze dni idealnie sprawdz\u0105 si\u0119 <strong>wisz\u0105ce kolczyki tytanowe w po\u0142\u0105czeniu ze swetrem oversize<\/strong>. Za\u0142\u00f3\u017c botki na niskim obcasie i spakuj si\u0119 w torebk\u0119 typu shopper. Jeste\u015b gotowa na ca\u0142y dzie\u0144 w pracy lub za\u0142atwianie sprawunk\u00f3w!<\/p>\n<p><strong>Je\u015bli lubisz odrobin\u0119 koloru w codziennych stylizacjach, wybierz anodowane kolczyki tytanowe<\/strong>. Niebieskie, fioletowe, t\u0119czowe, zielone\u2026 Wszystkie b\u0119d\u0105 pi\u0119knie wygl\u0105da\u0142y z kolorowym swetrem lub barwn\u0105 flanelow\u0105 koszul\u0105. Na d\u00f3\u0142 w\u0142\u00f3\u017c jasne jeansy i botki na p\u0142askiej podeszwie.<\/p>\n<p><a href=\"https:\/\/www.pakamera.pl\/magazyn\/bizuteria-na-co-dzien-ktora-doda-ci-blasku\/\" target=\"_blank\" rel=\"noopener\">Jaka bi\u017cuteria doda blasku na co dzie\u0144?<\/a> Oczywi\u015bcie, tytanowe kolczyki! Najpi\u0119kniejsze modele zebrali\u015bmy na <strong>Pakamera.pl. Wejd\u017a na stron\u0119, \u017ceby nie przegapi\u0107 nowinek<\/strong>.<\/p>\n","protected":false},"excerpt":{"rendered":"<p>Chcesz, \u017ceby bi\u017cuteria nie tylko podkre\u015bla\u0142a Twoj\u0105 urod\u0119, ale by\u0142a r\u00f3wnie\u017c bezpieczna dla sk\u00f3ry? Kolczyki tytanowe s\u0105 odpowiednie dla alergik\u00f3w. Hipoalergiczny metal nie wywo\u0142uje niepo\u017c\u0105danych reakcji sk\u00f3rnych, a na dodatek<span class=\"more-dots\">&#8230;<\/span><\/p>\n","protected":false},"author":16,"featured_media":11245,"comment_status":"closed","ping_status":"closed","sticky":false,"template":"","format":"standard","meta":{"footnotes":""},"categories":[3],"tags":[1608,2535,2534,2598,2599],"class_list":["post-11244","post","type-post","status-publish","format-standard","has-post-thumbnail","hentry","category-moda","tag-delikatne-kolczyki","tag-geometryczne-kolczyki","tag-jak-dobrac-kolczyki","tag-kolczyki-tytanowe","tag-tytan"],"yoast_head":"<!-- This site is optimized with the Yoast SEO plugin v21.6 - https:\/\/yoast.com\/wordpress\/plugins\/seo\/ -->\n<title>Kolczyki tytanowe \u2013 idealne dla alergik\u00f3w - Magazyn Pakamera.pl<\/title>\n<meta name=\"description\" content=\"Zastanawiasz si\u0119 dla kogo kolczyki tytanowe b\u0119d\u0105 najlepszym wyborem? Zobacz kiedy najlepiej je wybra\u0107 i jak je wystylizowa\u0107.\" \/>\n<meta name=\"robots\" content=\"index, follow\" \/>\n<link rel=\"canonical\" href=\"https:\/\/www.pakamera.pl\/magazyn\/kolczyki-tytanowe-idealne-dla-alergikow\/\" \/>\n<meta property=\"og:locale\" content=\"pl_PL\" \/>\n<meta property=\"og:type\" content=\"article\" \/>\n<meta property=\"og:title\" content=\"Kolczyki tytanowe \u2013 idealne dla alergik\u00f3w - Magazyn Pakamera.pl\" \/>\n<meta property=\"og:description\" content=\"Zastanawiasz si\u0119 dla kogo kolczyki tytanowe b\u0119d\u0105 najlepszym wyborem? Zobacz kiedy najlepiej je wybra\u0107 i jak je wystylizowa\u0107.\" \/>\n<meta property=\"og:url\" content=\"https:\/\/www.pakamera.pl\/magazyn\/kolczyki-tytanowe-idealne-dla-alergikow\/\" \/>\n<meta property=\"og:site_name\" content=\"Magazyn Pakamera.pl\" \/>\n<meta property=\"article:publisher\" content=\"https:\/\/facebook.com\/pakamerapl\" \/>\n<meta property=\"article:published_time\" content=\"2024-08-04T08:56:25+00:00\" \/>\n<meta property=\"article:modified_time\" content=\"2024-08-02T08:59:01+00:00\" \/>\n<meta property=\"og:image\" content=\"https:\/\/imgmag.pakamera.net\/2024\/08\/kolczyki-tytanowe-idealne-dla-alergikow-130423839198.jpg\" \/>\n\t<meta property=\"og:image:width\" content=\"1600\" \/>\n\t<meta property=\"og:image:height\" content=\"840\" \/>\n\t<meta property=\"og:image:type\" content=\"image\/jpeg\" \/>\n<meta name=\"author\" content=\"Magda Strzelecka\" \/>\n<meta name=\"twitter:card\" content=\"summary_large_image\" \/>\n<meta name=\"twitter:label1\" content=\"Napisane przez\" \/>\n\t<meta name=\"twitter:data1\" content=\"Magda Strzelecka\" \/>\n\t<meta name=\"twitter:label2\" content=\"Szacowany czas czytania\" \/>\n\t<meta name=\"twitter:data2\" content=\"5 minut\" \/>\n<script type=\"application\/ld+json\" class=\"yoast-schema-graph\">{\"@context\":\"https:\/\/schema.org\",\"@graph\":[{\"@type\":\"Article\",\"@id\":\"https:\/\/www.pakamera.pl\/magazyn\/kolczyki-tytanowe-idealne-dla-alergikow\/#article\",\"isPartOf\":{\"@id\":\"https:\/\/www.pakamera.pl\/magazyn\/kolczyki-tytanowe-idealne-dla-alergikow\/\"},\"author\":{\"name\":\"Magda Strzelecka\",\"@id\":\"https:\/\/www.pakamera.pl\/magazyn\/#\/schema\/person\/375940ab821c5af50e1e31f1ec5282b5\"},\"headline\":\"Kolczyki tytanowe \u2013 idealne dla alergik\u00f3w\",\"datePublished\":\"2024-08-04T08:56:25+00:00\",\"dateModified\":\"2024-08-02T08:59:01+00:00\",\"mainEntityOfPage\":{\"@id\":\"https:\/\/www.pakamera.pl\/magazyn\/kolczyki-tytanowe-idealne-dla-alergikow\/\"},\"wordCount\":813,\"publisher\":{\"@id\":\"https:\/\/www.pakamera.pl\/magazyn\/#organization\"},\"keywords\":[\"Delikatne kolczyki\",\"geometryczne kolczyki\",\"jak dobra\u0107 kolczyki\",\"kolczyki tytanowe\",\"tytan\"],\"articleSection\":[\"Moda\"],\"inLanguage\":\"pl-PL\"},{\"@type\":\"WebPage\",\"@id\":\"https:\/\/www.pakamera.pl\/magazyn\/kolczyki-tytanowe-idealne-dla-alergikow\/\",\"url\":\"https:\/\/www.pakamera.pl\/magazyn\/kolczyki-tytanowe-idealne-dla-alergikow\/\",\"name\":\"Kolczyki tytanowe \u2013 idealne dla alergik\u00f3w - Magazyn Pakamera.pl\",\"isPartOf\":{\"@id\":\"https:\/\/www.pakamera.pl\/magazyn\/#website\"},\"datePublished\":\"2024-08-04T08:56:25+00:00\",\"dateModified\":\"2024-08-02T08:59:01+00:00\",\"description\":\"Zastanawiasz si\u0119 dla kogo kolczyki tytanowe b\u0119d\u0105 najlepszym wyborem? Zobacz kiedy najlepiej je wybra\u0107 i jak je wystylizowa\u0107.\",\"breadcrumb\":{\"@id\":\"https:\/\/www.pakamera.pl\/magazyn\/kolczyki-tytanowe-idealne-dla-alergikow\/#breadcrumb\"},\"inLanguage\":\"pl-PL\",\"potentialAction\":[{\"@type\":\"ReadAction\",\"target\":[\"https:\/\/www.pakamera.pl\/magazyn\/kolczyki-tytanowe-idealne-dla-alergikow\/\"]}]},{\"@type\":\"BreadcrumbList\",\"@id\":\"https:\/\/www.pakamera.pl\/magazyn\/kolczyki-tytanowe-idealne-dla-alergikow\/#breadcrumb\",\"itemListElement\":[{\"@type\":\"ListItem\",\"position\":1,\"name\":\"Magazyn\",\"item\":\"https:\/\/www.pakamera.pl\/magazyn\/\"},{\"@type\":\"ListItem\",\"position\":2,\"name\":\"Moda\",\"item\":\"https:\/\/www.pakamera.pl\/magazyn\/category\/moda\/\"},{\"@type\":\"ListItem\",\"position\":3,\"name\":\"Kolczyki tytanowe \u2013 idealne dla alergik\u00f3w\"}]},{\"@type\":\"WebSite\",\"@id\":\"https:\/\/www.pakamera.pl\/magazyn\/#website\",\"url\":\"https:\/\/www.pakamera.pl\/magazyn\/\",\"name\":\"Magazyn Pakamera.pl\",\"description\":\"Sprawd\u017a najgor\u0119tsze tematy sezonu!\",\"publisher\":{\"@id\":\"https:\/\/www.pakamera.pl\/magazyn\/#organization\"},\"potentialAction\":[{\"@type\":\"SearchAction\",\"target\":{\"@type\":\"EntryPoint\",\"urlTemplate\":\"https:\/\/www.pakamera.pl\/magazyn\/?s={search_term_string}\"},\"query-input\":\"required name=search_term_string\"}],\"inLanguage\":\"pl-PL\"},{\"@type\":\"Organization\",\"@id\":\"https:\/\/www.pakamera.pl\/magazyn\/#organization\",\"name\":\"Pakamera.pl\",\"url\":\"https:\/\/www.pakamera.pl\/magazyn\/\",\"logo\":{\"@type\":\"ImageObject\",\"inLanguage\":\"pl-PL\",\"@id\":\"https:\/\/www.pakamera.pl\/magazyn\/#\/schema\/logo\/image\/\",\"url\":\"https:\/\/imgmag.pakamera.net\/2023\/11\/153455466619.png\",\"contentUrl\":\"https:\/\/imgmag.pakamera.net\/2023\/11\/153455466619.png\",\"width\":690,\"height\":140,\"caption\":\"Pakamera.pl\"},\"image\":{\"@id\":\"https:\/\/www.pakamera.pl\/magazyn\/#\/schema\/logo\/image\/\"},\"sameAs\":[\"https:\/\/facebook.com\/pakamerapl\",\"https:\/\/www.instagram.com\/pakamera\/\"]},{\"@type\":\"Person\",\"@id\":\"https:\/\/www.pakamera.pl\/magazyn\/#\/schema\/person\/375940ab821c5af50e1e31f1ec5282b5\",\"name\":\"Magda Strzelecka\",\"description\":\"Magda to nasza stylistka, kt\u00f3ra od ponad 10 lat \u015bci\u015ble zwi\u0105zana jest z mod\u0105. Uwielbia \u015bledzi\u0107 \u015bwiatowe trendy i przek\u0142ada\u0107 je na rynek polski. Kocha dobre sk\u0142ady ubra\u0144, wyj\u0105tkow\u0105 bi\u017cuteri\u0119 i dodatki kt\u00f3re o\u017cywi\u0105 ka\u017cd\u0105 stylizacj\u0119.\"}]}<\/script>\n<!-- \/ Yoast SEO plugin. -->","yoast_head_json":{"title":"Kolczyki tytanowe \u2013 idealne dla alergik\u00f3w - Magazyn Pakamera.pl","description":"Zastanawiasz si\u0119 dla kogo kolczyki tytanowe b\u0119d\u0105 najlepszym wyborem? Zobacz kiedy najlepiej je wybra\u0107 i jak je wystylizowa\u0107.","robots":{"index":"index","follow":"follow"},"canonical":"https:\/\/www.pakamera.pl\/magazyn\/kolczyki-tytanowe-idealne-dla-alergikow\/","og_locale":"pl_PL","og_type":"article","og_title":"Kolczyki tytanowe \u2013 idealne dla alergik\u00f3w - Magazyn Pakamera.pl","og_description":"Zastanawiasz si\u0119 dla kogo kolczyki tytanowe b\u0119d\u0105 najlepszym wyborem? Zobacz kiedy najlepiej je wybra\u0107 i jak je wystylizowa\u0107.","og_url":"https:\/\/www.pakamera.pl\/magazyn\/kolczyki-tytanowe-idealne-dla-alergikow\/","og_site_name":"Magazyn Pakamera.pl","article_publisher":"https:\/\/facebook.com\/pakamerapl","article_published_time":"2024-08-04T08:56:25+00:00","article_modified_time":"2024-08-02T08:59:01+00:00","og_image":[{"width":1600,"height":840,"url":"https:\/\/imgmag.pakamera.net\/2024\/08\/kolczyki-tytanowe-idealne-dla-alergikow-130423839198.jpg","type":"image\/jpeg"}],"author":"Magda Strzelecka","twitter_card":"summary_large_image","twitter_misc":{"Napisane przez":"Magda Strzelecka","Szacowany czas czytania":"5 minut"},"schema":{"@context":"https:\/\/schema.org","@graph":[{"@type":"Article","@id":"https:\/\/www.pakamera.pl\/magazyn\/kolczyki-tytanowe-idealne-dla-alergikow\/#article","isPartOf":{"@id":"https:\/\/www.pakamera.pl\/magazyn\/kolczyki-tytanowe-idealne-dla-alergikow\/"},"author":{"name":"Magda Strzelecka","@id":"https:\/\/www.pakamera.pl\/magazyn\/#\/schema\/person\/375940ab821c5af50e1e31f1ec5282b5"},"headline":"Kolczyki tytanowe \u2013 idealne dla alergik\u00f3w","datePublished":"2024-08-04T08:56:25+00:00","dateModified":"2024-08-02T08:59:01+00:00","mainEntityOfPage":{"@id":"https:\/\/www.pakamera.pl\/magazyn\/kolczyki-tytanowe-idealne-dla-alergikow\/"},"wordCount":813,"publisher":{"@id":"https:\/\/www.pakamera.pl\/magazyn\/#organization"},"keywords":["Delikatne kolczyki","geometryczne kolczyki","jak dobra\u0107 kolczyki","kolczyki tytanowe","tytan"],"articleSection":["Moda"],"inLanguage":"pl-PL"},{"@type":"WebPage","@id":"https:\/\/www.pakamera.pl\/magazyn\/kolczyki-tytanowe-idealne-dla-alergikow\/","url":"https:\/\/www.pakamera.pl\/magazyn\/kolczyki-tytanowe-idealne-dla-alergikow\/","name":"Kolczyki tytanowe \u2013 idealne dla alergik\u00f3w - Magazyn Pakamera.pl","isPartOf":{"@id":"https:\/\/www.pakamera.pl\/magazyn\/#website"},"datePublished":"2024-08-04T08:56:25+00:00","dateModified":"2024-08-02T08:59:01+00:00","description":"Zastanawiasz si\u0119 dla kogo kolczyki tytanowe b\u0119d\u0105 najlepszym wyborem? Zobacz kiedy najlepiej je wybra\u0107 i jak je wystylizowa\u0107.","breadcrumb":{"@id":"https:\/\/www.pakamera.pl\/magazyn\/kolczyki-tytanowe-idealne-dla-alergikow\/#breadcrumb"},"inLanguage":"pl-PL","potentialAction":[{"@type":"ReadAction","target":["https:\/\/www.pakamera.pl\/magazyn\/kolczyki-tytanowe-idealne-dla-alergikow\/"]}]},{"@type":"BreadcrumbList","@id":"https:\/\/www.pakamera.pl\/magazyn\/kolczyki-tytanowe-idealne-dla-alergikow\/#breadcrumb","itemListElement":[{"@type":"ListItem","position":1,"name":"Magazyn","item":"https:\/\/www.pakamera.pl\/magazyn\/"},{"@type":"ListItem","position":2,"name":"Moda","item":"https:\/\/www.pakamera.pl\/magazyn\/category\/moda\/"},{"@type":"ListItem","position":3,"name":"Kolczyki tytanowe \u2013 idealne dla alergik\u00f3w"}]},{"@type":"WebSite","@id":"https:\/\/www.pakamera.pl\/magazyn\/#website","url":"https:\/\/www.pakamera.pl\/magazyn\/","name":"Magazyn Pakamera.pl","description":"Sprawd\u017a najgor\u0119tsze tematy sezonu!","publisher":{"@id":"https:\/\/www.pakamera.pl\/magazyn\/#organization"},"potentialAction":[{"@type":"SearchAction","target":{"@type":"EntryPoint","urlTemplate":"https:\/\/www.pakamera.pl\/magazyn\/?s={search_term_string}"},"query-input":"required name=search_term_string"}],"inLanguage":"pl-PL"},{"@type":"Organization","@id":"https:\/\/www.pakamera.pl\/magazyn\/#organization","name":"Pakamera.pl","url":"https:\/\/www.pakamera.pl\/magazyn\/","logo":{"@type":"ImageObject","inLanguage":"pl-PL","@id":"https:\/\/www.pakamera.pl\/magazyn\/#\/schema\/logo\/image\/","url":"https:\/\/imgmag.pakamera.net\/2023\/11\/153455466619.png","contentUrl":"https:\/\/imgmag.pakamera.net\/2023\/11\/153455466619.png","width":690,"height":140,"caption":"Pakamera.pl"},"image":{"@id":"https:\/\/www.pakamera.pl\/magazyn\/#\/schema\/logo\/image\/"},"sameAs":["https:\/\/facebook.com\/pakamerapl","https:\/\/www.instagram.com\/pakamera\/"]},{"@type":"Person","@id":"https:\/\/www.pakamera.pl\/magazyn\/#\/schema\/person\/375940ab821c5af50e1e31f1ec5282b5","name":"Magda Strzelecka","description":"Magda to nasza stylistka, kt\u00f3ra od ponad 10 lat \u015bci\u015ble zwi\u0105zana jest z mod\u0105. Uwielbia \u015bledzi\u0107 \u015bwiatowe trendy i przek\u0142ada\u0107 je na rynek polski. Kocha dobre sk\u0142ady ubra\u0144, wyj\u0105tkow\u0105 bi\u017cuteri\u0119 i dodatki kt\u00f3re o\u017cywi\u0105 ka\u017cd\u0105 stylizacj\u0119."}]}},"_links":{"self":[{"href":"https:\/\/www.pakamera.pl\/magazyn\/wp-json\/wp\/v2\/posts\/11244","targetHints":{"allow":["GET"]}}],"collection":[{"href":"https:\/\/www.pakamera.pl\/magazyn\/wp-json\/wp\/v2\/posts"}],"about":[{"href":"https:\/\/www.pakamera.pl\/magazyn\/wp-json\/wp\/v2\/types\/post"}],"author":[{"embeddable":true,"href":"https:\/\/www.pakamera.pl\/magazyn\/wp-json\/wp\/v2\/users\/16"}],"replies":[{"embeddable":true,"href":"https:\/\/www.pakamera.pl\/magazyn\/wp-json\/wp\/v2\/comments?post=11244"}],"version-history":[{"count":3,"href":"https:\/\/www.pakamera.pl\/magazyn\/wp-json\/wp\/v2\/posts\/11244\/revisions"}],"predecessor-version":[{"id":11262,"href":"https:\/\/www.pakamera.pl\/magazyn\/wp-json\/wp\/v2\/posts\/11244\/revisions\/11262"}],"wp:featuredmedia":[{"embeddable":true,"href":"https:\/\/www.pakamera.pl\/magazyn\/wp-json\/wp\/v2\/media\/11245"}],"wp:attachment":[{"href":"https:\/\/www.pakamera.pl\/magazyn\/wp-json\/wp\/v2\/media?parent=11244"}],"wp:term":[{"taxonomy":"category","embeddable":true,"href":"https:\/\/www.pakamera.pl\/magazyn\/wp-json\/wp\/v2\/categories?post=11244"},{"taxonomy":"post_tag","embeddable":true,"href":"https:\/\/www.pakamera.pl\/magazyn\/wp-json\/wp\/v2\/tags?post=11244"}],"curies":[{"name":"wp","href":"https:\/\/api.w.org\/{rel}","templated":true}]}}