{"id":11233,"date":"2024-08-01T12:27:22","date_gmt":"2024-08-01T10:27:22","guid":{"rendered":"https:\/\/www.pakamera.pl\/magazyn\/?p=11233"},"modified":"2024-07-31T14:33:00","modified_gmt":"2024-07-31T12:33:00","slug":"jak-wprowadzic-punkowe-akcenty-do-stylizacji","status":"publish","type":"post","link":"https:\/\/www.pakamera.pl\/magazyn\/jak-wprowadzic-punkowe-akcenty-do-stylizacji\/","title":{"rendered":"Jak wprowadzi\u0107 punkowe akcenty do stylizacji?"},"content":{"rendered":"<p><strong>Wybierasz si\u0119 na koncert rockowy? Od\u015bwie\u017cy\u0142a\u015b stare p\u0142yty Sex Pistols i chcesz stworzy\u0107 bardziej zadziorn\u0105 stylizacj\u0119 do chodzenia na co dzie\u0144? Kilka punkowych akcent\u00f3w prze\u0142amie rutyn\u0119. Daj si\u0119 pozna\u0107 od tej buntowniczej strony. Zobacz punkowe dodatki do stylizacji od polskich marek!<\/strong><br \/>\n<!--more--><\/p>\n<figure id=\"attachment_11236\" aria-describedby=\"caption-attachment-11236\" style=\"width: 1600px\" class=\"wp-caption alignnone\"><img loading=\"lazy\" decoding=\"async\" class=\"wp-image-11236 size-full\" src=\"https:\/\/imgmag.pakamera.net\/2024\/07\/jak-wprowadzic-punkowe-akcenty-do-stylizacji-141459527921.jpg\" alt=\"punkowe dodatki do stylizacji\" width=\"1600\" height=\"840\" \/><figcaption id=\"caption-attachment-11236\" class=\"wp-caption-text\">Kurtka Neuromer \/ Synthetic 100%natural \/ www.pakamera.pl<\/figcaption><\/figure>\n<p>Wybieraj\u0105c stylizacj\u0119, inspiruj si\u0119 punkowymi strojami Madonny, Miley Cyrus i Taylor Momsen. Te celebrytki nie boj\u0105 si\u0119 eksperymentowa\u0107 z mod\u0105 i nawi\u0105zywa\u0107 do mroczniejszych styl\u00f3w. Sprawd\u017a, co warto mie\u0107 w swojej szafie, aby stworzy\u0107 punkowe outfity.<\/p>\n<h2>Podstawowe elementy garderoby w stylu punk<\/h2>\n<p>Punkowe outfity trudno pomyli\u0107 z innym stylem. S\u0105 buntownicze i pokazuj\u0105 pazur. Sk\u00f3rzane ramoneski, jeansy z dziurami, T-shirty z nadrukami oraz ci\u0119\u017ckie, masywne buty nadaj\u0105 im zadziorny wygl\u0105d. Akcesoria pe\u0142ne \u0107wiek\u00f3w, \u0142a\u0144cuch\u00f3w i sk\u00f3rzanych pask\u00f3w pot\u0119guj\u0105 ten efekt. Ten styl przyci\u0105ga wzrok i budzi respekt.<\/p>\n<div id=\"pakawidget1487\" class=\"pakawidget\"><\/div>\n<p><script async defer src=\"https:\/\/www.pakamera.pl\/widget\/widget2.min.js?id=1487&#038;type=20240731142903&#038;wwidth=1000\"><\/script><\/p>\n<h3>Ramoneska<\/h3>\n<p><a href=\"https:\/\/www.pakamera.pl\/magazyn\/jak-sie-ubrac-na-koncert-rockowy-stylizacje-od-pakamery\/\" target=\"_blank\" rel=\"noopener\">Jak si\u0119 ubra\u0107 na koncert rockowy?<\/a> Nic tak nie krzyczy punk, jak klasyczna sk\u00f3rzana kurtka, zwana ramonesk\u0105.<strong> Modele z nitami, \u0107wiekami i zamkami b\u0142yskawicznymi s\u0105 niezwykle trwa\u0142e<\/strong>. Pos\u0142u\u017c\u0105 Ci przez wiele lat i wytrzymaj\u0105, gdy kolejny raz p\u00f3jdziesz w pogo. <strong>Wybierz model z \u0107wiekami, aby wygl\u0105da\u0107 drapie\u017cnie<\/strong>.<\/p>\n<p>Ramoneska ozdobiona symbolami ulubionych zespo\u0142\u00f3w ucieszy Twoich idoli, gdy za\u0142o\u017cysz j\u0105 na ich koncert. <a href=\"https:\/\/www.pakamera.pl\/magazyn\/jak-przyczepic-naszywki-na-ubrania\/\" target=\"_blank\" rel=\"noopener\">Jak przyczepi\u0107 naszywki na ubrania?<\/a> U\u017cyj \u017celazka. Przy\u0142\u00f3\u017c naszywk\u0119 w wybranym miejscu, przykryj \u015bciereczk\u0105 i prasuj przez 30 do 60 sekund. Mo\u017cesz r\u00f3wnie\u017c przyszy\u0107 naszywk\u0119 ig\u0142\u0105 i nitk\u0105 lub za pomoc\u0105 maszyny.<\/p>\n<h3>T-shirty z nadrukami<\/h3>\n<figure id=\"attachment_11234\" aria-describedby=\"caption-attachment-11234\" style=\"width: 1600px\" class=\"wp-caption alignnone\"><img loading=\"lazy\" decoding=\"async\" class=\"wp-image-11234 size-full\" src=\"https:\/\/imgmag.pakamera.net\/2024\/07\/jak-wprowadzic-punkowe-akcenty-do-stylizacji-141453400238.jpg\" alt=\"Wygodny, oversizowy t-shirt w punkowym stylu rebel angels\" width=\"1600\" height=\"840\" \/><figcaption id=\"caption-attachment-11234\" class=\"wp-caption-text\">Koszulka bawe\u0142niana d\u0142uga T-shirt maxi Rebel Angels \/ HavanaDesign \/ www.pakamera.pl<\/figcaption><\/figure>\n<p>W Twojej szafie nie mo\u017ce zabrakn\u0105\u0107 T-shirt\u00f3w z wyrazistymi nadrukami! Jakie sprawdz\u0105 si\u0119 najlepiej? <strong>Przede wszystkim koszulki z logo ulubionych zespo\u0142\u00f3w<\/strong>. Warto mie\u0107 r\u00f3wnie\u017c cho\u0107 jeden <strong>model z przes\u0142aniem Punk is not dead<\/strong>. Celuj w odcienie czarnego poprzetykane biel\u0105 i czerwieni\u0105. To zawsze s\u0105 dobre pomys\u0142y na stylizacje.<\/p>\n<h3>Koszule flanelowe<\/h3>\n<p>T-shirty mo\u017cesz nosi\u0107 solo, pod ramonesk\u0105 lub flanelow\u0105 koszul\u0105, zw\u0142aszcza tak\u0105 w krat\u0119. <strong>No\u015b j\u0105 rozpi\u0119t\u0105 z delikatnie podwini\u0119tymi r\u0119kawami<\/strong>. Zgrza\u0142a\u015b si\u0119, skacz\u0105c na koncercie? Zawi\u0105\u017c j\u0105 w pasie! Chcesz wygl\u0105da\u0107 nieco niedbale. Punk Ci to wybaczy.<\/p>\n<h3>Spodnie z dziurami<\/h3>\n<p>Im bardziej znoszone i podarte s\u0105 Twoje jeansy, tym bardziej autentycznie punkowy look osi\u0105gniesz. <strong>Spodnie z naszywkami dodadz\u0105 Ci jeszcze wi\u0119cej charakteru<\/strong>. Czarny, szary lub ciemny niebieski najlepiej wpasowuj\u0105 si\u0119 w styl.<\/p>\n<h3>Buty<\/h3>\n<p>Punkowe obuwie jest <strong>ci\u0119\u017ckie i masywne, nawet latem<\/strong>. Powinno chroni\u0107 Twoj\u0105 stop\u0119 przed nadepni\u0119ciem podczas koncert\u00f3w. Zaopatrz si\u0119 w <strong>martensy, glany i wysokie trampki z metalowymi dodatkami<\/strong>. \u0141a\u0144cuchy i \u0107wieki \u015bwietnie sprawdzaj\u0105 si\u0119 w tym stylu.<\/p>\n<h3>Sp\u00f3dnice i sukienki<\/h3>\n<p>Sp\u00f3dnice i sukienki r\u00f3wnie\u017c zdobi\u0105 punk\u00f3w\u0119. Precz jednak z delikatno\u015bci\u0105 i kobieco\u015bci\u0105. Tw\u00f3j str\u00f3j ma pokaza\u0107, \u017ce \u0142amiesz konwenanse. Taki efekt pozwoli Ci osi\u0105gn\u0105\u0107 sk\u00f3rzana <a href=\"https:\/\/www.pakamera.pl\/spodnice-mini-0-3109.htm\" target=\"_blank\" rel=\"noopener\">sp\u00f3dnica mini<\/a>, <strong>plisowana sp\u00f3dnica w krat\u0119 i sukienka z siateczki lub tiulu<\/strong>.<\/p>\n<h2>Akcesoria, kt\u00f3re nadadz\u0105 punkowego charakteru<\/h2>\n<div id=\"pakawidget1488\" class=\"pakawidget\"><\/div>\n<p><script async defer src=\"https:\/\/www.pakamera.pl\/widget\/widget2.min.js?id=1488&#038;type=20240731143101&#038;wwidth=1000\"><\/script><br \/>\nJakie punkowe dodatki do stylizacji wyra\u017c\u0105 Twoj\u0105 buntownicz\u0105 natur\u0119? Oto lista akcesori\u00f3w, kt\u00f3re wprowadz\u0105 do Twojej garderoby niepowtarzalny klimat. Pomys\u0142y na stylizacje w stylu punk warto wykorzysta\u0107 na rockowych festiwalach i koncertach.<\/p>\n<p><strong>Sk\u00f3rzane paski z du\u017cymi klamrami, chusty z czaszkami, ci\u0119\u017ckie \u0142a\u0144cuchy i bi\u017cuteria z \u0107wiekami<\/strong> zdobi\u0105 punkowca jak nic innego. <a href=\"https:\/\/www.pakamera.pl\/bransoletki-skora-0-3040.htm\" target=\"_blank\" rel=\"noopener\">Bransoletka sk\u00f3rzana damska<\/a> i <strong>metalowe pier\u015bcienie<\/strong> dodadz\u0105 Ci zadziornego wygl\u0105du. Tutaj wi\u0119cej znaczy lepiej, nie obawiaj si\u0119, \u017ce przesadzisz.<\/p>\n<p><strong>\u0141a\u0144cuchy mo\u017cesz nosi\u0107 jako naszyjniki, bransoletki, a nawet przyczepi\u0107 do spodni czy torebki<\/strong>. Te ozdoby dodaj\u0105 surowo\u015bci stylizacji, tak samo, jak <strong>bi\u017cuteria z motywami czaszek i krzy\u017cy<\/strong>. Wybieraj kolczyki, pier\u015bcionki, naszyjniki i bransoletki z wyrazistymi detalami. Taka drapie\u017cna bi\u017cuteria idealnie wpisuje si\u0119 w buntowniczy wygl\u0105d.<\/p>\n<p><strong>Punkowe chusty i bandany<\/strong> mo\u017cesz nosi\u0107 na wiele sposob\u00f3w, np. zawi\u0105za\u0107 wok\u00f3\u0142 szyi, nadgarstka lub jako opask\u0119 na w\u0142osy. Ochroni\u0105 Ci\u0119 przed s\u0142o\u0144cem. <strong>W ch\u0142odne dni ubierz rajstopy z dziurami i kabaretki<\/strong>. <strong>Po\u0144czochy noszone pod sp\u00f3dnicami lub szortami dodaj\u0105 pazura<\/strong>. Jest Ci zimno? Za\u0142\u00f3\u017c legginsy z nadrukami czaszek lub krzy\u017cy.<\/p>\n<p><strong>Piercing to integralna cz\u0119\u015b\u0107 punkowego wygl\u0105du<\/strong>. Kolczyki w nosie, wargach, brwiach i uszach dodadz\u0105 zadziorno\u015bci. Je\u015bli nie chcesz trwa\u0142ych zmian, zdecyduj si\u0119 na clip-on lub magnetyczne kolczyki, kt\u00f3re mo\u017cesz \u0142atwo zdj\u0105\u0107 i za\u0142o\u017cy\u0107 w dowolnym momencie.<\/p>\n<figure id=\"attachment_11235\" aria-describedby=\"caption-attachment-11235\" style=\"width: 1600px\" class=\"wp-caption alignnone\"><img loading=\"lazy\" decoding=\"async\" class=\"wp-image-11235 size-full\" src=\"https:\/\/imgmag.pakamera.net\/2024\/07\/jak-wprowadzic-punkowe-akcenty-do-stylizacji-141454107001.jpg\" alt=\"Czarna koszulka typu oversize wykonana z gniecionej wiskozy\" width=\"1600\" height=\"840\" \/><figcaption id=\"caption-attachment-11235\" class=\"wp-caption-text\">Koszulka Viscose Wrinkled Top \/ Doom 3k \/ www.pakamera.pl<\/figcaption><\/figure>\n<h2>Makija\u017c i fryzura w stylu punk<\/h2>\n<p><strong>Makija\u017c w stylu punk skupia si\u0119 na oczach<\/strong>. Maj\u0105 by\u0107 wyraziste i nieco dramatyczne. Ten efekt osi\u0105gniesz za pomoc\u0105 czarnych kresek eyelinerem na g\u00f3rnej i dolnej powiece. Z pomoc\u0105 p\u0142ynnego eyelinera uzyskasz precyzyjne linie. W zewn\u0119trznych k\u0105cikach zastosuj mi\u0119kk\u0105 kredk\u0119 i rozetrzyj makija\u017c dla nieco przybrudzonego efektu.<\/p>\n<p><strong>Na powieki po\u0142\u00f3\u017c cienie w odcieniach czerni, ciemnego fioletu, granatu lub zieleni<\/strong>, aby stworzy\u0107 intensywny, dymny look. Nawet je\u015bli natura obdarzy\u0142a Ci\u0119 d\u0142ugimi rz\u0119sami, u\u017cyj sztucznych \u2013 oko b\u0119dzie wygl\u0105da\u0142o na du\u017co wi\u0119ksze ni\u017c w rzeczywisto\u015bci.<\/p>\n<p><strong>Na ustach sprawdz\u0105 si\u0119 g\u0142\u0119bokie, nasycone kolory<\/strong>. Mo\u017ce to by\u0107 czer\u0144, ciemny fiolet, bordo lub metaliczne odcienie, kt\u00f3re nie s\u0105 zbyt popularne w tradycyjnych makija\u017cu. Matowe pomadki utrzymaj\u0105 si\u0119 na wargach przez d\u0142ugi czas i nie zma\u017c\u0105 si\u0119 podczas kilkugodzinnych koncert\u00f3w.<\/p>\n<p><strong>Chocia\u017c punkowe stroje kochaj\u0105 czer\u0144, w\u0142osy mog\u0105 by\u0107 kolorowe<\/strong>! Im barwniej, tym lepiej. Na pocz\u0105tek <strong>wypr\u00f3buj pasemka w neonowym odcieniu r\u00f3\u017cu, fioletu, zieleni lub niebieskiego<\/strong>. Taki efekt uzyskasz za pomoc\u0105 farby do w\u0142os\u00f3w lub sprej\u00f3w koloryzuj\u0105cych.<\/p>\n<p>Jaka fryzura najbardziej kojarzy si\u0119 z punkiem? Oczywi\u015bcie <strong>irokez<\/strong>! Je\u015bli jednak nie wyobra\u017casz siebie w irokezie, mo\u017cesz u\u0142o\u017cy\u0107 w\u0142osy w inny spos\u00f3b. Polecamy zw\u0142aszcza <strong>fryzury z ogolonymi bokami i d\u0142u\u017csz\u0105 g\u00f3r\u0105, asymetryczne ci\u0119cia lub mocno wycieniowane w\u0142osy<\/strong>.<\/p>\n<p>U\u017cyj mocnego \u017celu lub wosku, aby nada\u0107 w\u0142osom odpowiedni kszta\u0142t. <strong>Punkowego sznytu Twojej fryzurze dodadz\u0105 metalowe spinki, czarne wst\u0105\u017cki i chustki z czaszkami<\/strong>.<\/p>\n<p><strong>Punkowe dodatki do stylizacji znajdziesz na Pakamera.pl<\/strong>. Znajd\u017a akcesoria, dzi\u0119ki kt\u00f3rym wyrazisz siebie.<\/p>\n","protected":false},"excerpt":{"rendered":"<p>Wybierasz si\u0119 na koncert rockowy? Od\u015bwie\u017cy\u0142a\u015b stare p\u0142yty Sex Pistols i chcesz stworzy\u0107 bardziej zadziorn\u0105 stylizacj\u0119 do chodzenia na co dzie\u0144? Kilka punkowych akcent\u00f3w prze\u0142amie rutyn\u0119. Daj si\u0119 pozna\u0107 od<span class=\"more-dots\">&#8230;<\/span><\/p>\n","protected":false},"author":16,"featured_media":11236,"comment_status":"closed","ping_status":"closed","sticky":false,"template":"","format":"standard","meta":{"footnotes":""},"categories":[3],"tags":[2305,2319,2595,2478,535,1774],"class_list":["post-11233","post","type-post","status-publish","format-standard","has-post-thumbnail","hentry","category-moda","tag-akcesoria-skorzane","tag-buty-skorzane","tag-punk","tag-rock","tag-skora","tag-spodnica-skorzana"],"yoast_head":"<!-- This site is optimized with the Yoast SEO plugin v21.6 - https:\/\/yoast.com\/wordpress\/plugins\/seo\/ -->\n<title>Jak wprowadzi\u0107 punkowe akcenty do stylizacji? - Magazyn Pakamera.pl<\/title>\n<meta name=\"description\" content=\"Zastanawiasz si\u0119 jakie punkowe dodatki do stylizacji b\u0119d\u0105 najlepsze? Zobacz na co zwr\u00f3ci\u0107 uwag\u0119 i jak je wystylizowa\u0107.\" \/>\n<meta name=\"robots\" content=\"index, follow\" \/>\n<link rel=\"canonical\" href=\"https:\/\/www.pakamera.pl\/magazyn\/jak-wprowadzic-punkowe-akcenty-do-stylizacji\/\" \/>\n<meta property=\"og:locale\" content=\"pl_PL\" \/>\n<meta property=\"og:type\" content=\"article\" \/>\n<meta property=\"og:title\" content=\"Jak wprowadzi\u0107 punkowe akcenty do stylizacji? - Magazyn Pakamera.pl\" \/>\n<meta property=\"og:description\" content=\"Zastanawiasz si\u0119 jakie punkowe dodatki do stylizacji b\u0119d\u0105 najlepsze? Zobacz na co zwr\u00f3ci\u0107 uwag\u0119 i jak je wystylizowa\u0107.\" \/>\n<meta property=\"og:url\" content=\"https:\/\/www.pakamera.pl\/magazyn\/jak-wprowadzic-punkowe-akcenty-do-stylizacji\/\" \/>\n<meta property=\"og:site_name\" content=\"Magazyn Pakamera.pl\" \/>\n<meta property=\"article:publisher\" content=\"https:\/\/facebook.com\/pakamerapl\" \/>\n<meta property=\"article:published_time\" content=\"2024-08-01T10:27:22+00:00\" \/>\n<meta property=\"article:modified_time\" content=\"2024-07-31T12:33:00+00:00\" \/>\n<meta property=\"og:image\" content=\"https:\/\/imgmag.pakamera.net\/2024\/07\/jak-wprowadzic-punkowe-akcenty-do-stylizacji-141459527921.jpg\" \/>\n\t<meta property=\"og:image:width\" content=\"1600\" \/>\n\t<meta property=\"og:image:height\" content=\"840\" \/>\n\t<meta property=\"og:image:type\" content=\"image\/jpeg\" \/>\n<meta name=\"author\" content=\"Magda Strzelecka\" \/>\n<meta name=\"twitter:card\" content=\"summary_large_image\" \/>\n<meta name=\"twitter:label1\" content=\"Napisane przez\" \/>\n\t<meta name=\"twitter:data1\" content=\"Magda Strzelecka\" \/>\n\t<meta name=\"twitter:label2\" content=\"Szacowany czas czytania\" \/>\n\t<meta name=\"twitter:data2\" content=\"7 minut\" \/>\n<script type=\"application\/ld+json\" class=\"yoast-schema-graph\">{\"@context\":\"https:\/\/schema.org\",\"@graph\":[{\"@type\":\"Article\",\"@id\":\"https:\/\/www.pakamera.pl\/magazyn\/jak-wprowadzic-punkowe-akcenty-do-stylizacji\/#article\",\"isPartOf\":{\"@id\":\"https:\/\/www.pakamera.pl\/magazyn\/jak-wprowadzic-punkowe-akcenty-do-stylizacji\/\"},\"author\":{\"name\":\"Magda Strzelecka\",\"@id\":\"https:\/\/www.pakamera.pl\/magazyn\/#\/schema\/person\/375940ab821c5af50e1e31f1ec5282b5\"},\"headline\":\"Jak wprowadzi\u0107 punkowe akcenty do stylizacji?\",\"datePublished\":\"2024-08-01T10:27:22+00:00\",\"dateModified\":\"2024-07-31T12:33:00+00:00\",\"mainEntityOfPage\":{\"@id\":\"https:\/\/www.pakamera.pl\/magazyn\/jak-wprowadzic-punkowe-akcenty-do-stylizacji\/\"},\"wordCount\":1079,\"publisher\":{\"@id\":\"https:\/\/www.pakamera.pl\/magazyn\/#organization\"},\"keywords\":[\"akcesoria sk\u00f3rzane\",\"buty sk\u00f3rzane\",\"punk\",\"rock\",\"sk\u00f3ra\",\"sp\u00f3dnica sk\u00f3rzana\"],\"articleSection\":[\"Moda\"],\"inLanguage\":\"pl-PL\"},{\"@type\":\"WebPage\",\"@id\":\"https:\/\/www.pakamera.pl\/magazyn\/jak-wprowadzic-punkowe-akcenty-do-stylizacji\/\",\"url\":\"https:\/\/www.pakamera.pl\/magazyn\/jak-wprowadzic-punkowe-akcenty-do-stylizacji\/\",\"name\":\"Jak wprowadzi\u0107 punkowe akcenty do stylizacji? - Magazyn Pakamera.pl\",\"isPartOf\":{\"@id\":\"https:\/\/www.pakamera.pl\/magazyn\/#website\"},\"datePublished\":\"2024-08-01T10:27:22+00:00\",\"dateModified\":\"2024-07-31T12:33:00+00:00\",\"description\":\"Zastanawiasz si\u0119 jakie punkowe dodatki do stylizacji b\u0119d\u0105 najlepsze? Zobacz na co zwr\u00f3ci\u0107 uwag\u0119 i jak je wystylizowa\u0107.\",\"breadcrumb\":{\"@id\":\"https:\/\/www.pakamera.pl\/magazyn\/jak-wprowadzic-punkowe-akcenty-do-stylizacji\/#breadcrumb\"},\"inLanguage\":\"pl-PL\",\"potentialAction\":[{\"@type\":\"ReadAction\",\"target\":[\"https:\/\/www.pakamera.pl\/magazyn\/jak-wprowadzic-punkowe-akcenty-do-stylizacji\/\"]}]},{\"@type\":\"BreadcrumbList\",\"@id\":\"https:\/\/www.pakamera.pl\/magazyn\/jak-wprowadzic-punkowe-akcenty-do-stylizacji\/#breadcrumb\",\"itemListElement\":[{\"@type\":\"ListItem\",\"position\":1,\"name\":\"Magazyn\",\"item\":\"https:\/\/www.pakamera.pl\/magazyn\/\"},{\"@type\":\"ListItem\",\"position\":2,\"name\":\"Moda\",\"item\":\"https:\/\/www.pakamera.pl\/magazyn\/category\/moda\/\"},{\"@type\":\"ListItem\",\"position\":3,\"name\":\"Jak wprowadzi\u0107 punkowe akcenty do stylizacji?\"}]},{\"@type\":\"WebSite\",\"@id\":\"https:\/\/www.pakamera.pl\/magazyn\/#website\",\"url\":\"https:\/\/www.pakamera.pl\/magazyn\/\",\"name\":\"Magazyn Pakamera.pl\",\"description\":\"Sprawd\u017a najgor\u0119tsze tematy sezonu!\",\"publisher\":{\"@id\":\"https:\/\/www.pakamera.pl\/magazyn\/#organization\"},\"potentialAction\":[{\"@type\":\"SearchAction\",\"target\":{\"@type\":\"EntryPoint\",\"urlTemplate\":\"https:\/\/www.pakamera.pl\/magazyn\/?s={search_term_string}\"},\"query-input\":\"required name=search_term_string\"}],\"inLanguage\":\"pl-PL\"},{\"@type\":\"Organization\",\"@id\":\"https:\/\/www.pakamera.pl\/magazyn\/#organization\",\"name\":\"Pakamera.pl\",\"url\":\"https:\/\/www.pakamera.pl\/magazyn\/\",\"logo\":{\"@type\":\"ImageObject\",\"inLanguage\":\"pl-PL\",\"@id\":\"https:\/\/www.pakamera.pl\/magazyn\/#\/schema\/logo\/image\/\",\"url\":\"https:\/\/imgmag.pakamera.net\/2023\/11\/153455466619.png\",\"contentUrl\":\"https:\/\/imgmag.pakamera.net\/2023\/11\/153455466619.png\",\"width\":690,\"height\":140,\"caption\":\"Pakamera.pl\"},\"image\":{\"@id\":\"https:\/\/www.pakamera.pl\/magazyn\/#\/schema\/logo\/image\/\"},\"sameAs\":[\"https:\/\/facebook.com\/pakamerapl\",\"https:\/\/www.instagram.com\/pakamera\/\"]},{\"@type\":\"Person\",\"@id\":\"https:\/\/www.pakamera.pl\/magazyn\/#\/schema\/person\/375940ab821c5af50e1e31f1ec5282b5\",\"name\":\"Magda Strzelecka\",\"description\":\"Magda to nasza stylistka, kt\u00f3ra od ponad 10 lat \u015bci\u015ble zwi\u0105zana jest z mod\u0105. Uwielbia \u015bledzi\u0107 \u015bwiatowe trendy i przek\u0142ada\u0107 je na rynek polski. Kocha dobre sk\u0142ady ubra\u0144, wyj\u0105tkow\u0105 bi\u017cuteri\u0119 i dodatki kt\u00f3re o\u017cywi\u0105 ka\u017cd\u0105 stylizacj\u0119.\"}]}<\/script>\n<!-- \/ Yoast SEO plugin. -->","yoast_head_json":{"title":"Jak wprowadzi\u0107 punkowe akcenty do stylizacji? - Magazyn Pakamera.pl","description":"Zastanawiasz si\u0119 jakie punkowe dodatki do stylizacji b\u0119d\u0105 najlepsze? Zobacz na co zwr\u00f3ci\u0107 uwag\u0119 i jak je wystylizowa\u0107.","robots":{"index":"index","follow":"follow"},"canonical":"https:\/\/www.pakamera.pl\/magazyn\/jak-wprowadzic-punkowe-akcenty-do-stylizacji\/","og_locale":"pl_PL","og_type":"article","og_title":"Jak wprowadzi\u0107 punkowe akcenty do stylizacji? - Magazyn Pakamera.pl","og_description":"Zastanawiasz si\u0119 jakie punkowe dodatki do stylizacji b\u0119d\u0105 najlepsze? Zobacz na co zwr\u00f3ci\u0107 uwag\u0119 i jak je wystylizowa\u0107.","og_url":"https:\/\/www.pakamera.pl\/magazyn\/jak-wprowadzic-punkowe-akcenty-do-stylizacji\/","og_site_name":"Magazyn Pakamera.pl","article_publisher":"https:\/\/facebook.com\/pakamerapl","article_published_time":"2024-08-01T10:27:22+00:00","article_modified_time":"2024-07-31T12:33:00+00:00","og_image":[{"width":1600,"height":840,"url":"https:\/\/imgmag.pakamera.net\/2024\/07\/jak-wprowadzic-punkowe-akcenty-do-stylizacji-141459527921.jpg","type":"image\/jpeg"}],"author":"Magda Strzelecka","twitter_card":"summary_large_image","twitter_misc":{"Napisane przez":"Magda Strzelecka","Szacowany czas czytania":"7 minut"},"schema":{"@context":"https:\/\/schema.org","@graph":[{"@type":"Article","@id":"https:\/\/www.pakamera.pl\/magazyn\/jak-wprowadzic-punkowe-akcenty-do-stylizacji\/#article","isPartOf":{"@id":"https:\/\/www.pakamera.pl\/magazyn\/jak-wprowadzic-punkowe-akcenty-do-stylizacji\/"},"author":{"name":"Magda Strzelecka","@id":"https:\/\/www.pakamera.pl\/magazyn\/#\/schema\/person\/375940ab821c5af50e1e31f1ec5282b5"},"headline":"Jak wprowadzi\u0107 punkowe akcenty do stylizacji?","datePublished":"2024-08-01T10:27:22+00:00","dateModified":"2024-07-31T12:33:00+00:00","mainEntityOfPage":{"@id":"https:\/\/www.pakamera.pl\/magazyn\/jak-wprowadzic-punkowe-akcenty-do-stylizacji\/"},"wordCount":1079,"publisher":{"@id":"https:\/\/www.pakamera.pl\/magazyn\/#organization"},"keywords":["akcesoria sk\u00f3rzane","buty sk\u00f3rzane","punk","rock","sk\u00f3ra","sp\u00f3dnica sk\u00f3rzana"],"articleSection":["Moda"],"inLanguage":"pl-PL"},{"@type":"WebPage","@id":"https:\/\/www.pakamera.pl\/magazyn\/jak-wprowadzic-punkowe-akcenty-do-stylizacji\/","url":"https:\/\/www.pakamera.pl\/magazyn\/jak-wprowadzic-punkowe-akcenty-do-stylizacji\/","name":"Jak wprowadzi\u0107 punkowe akcenty do stylizacji? - Magazyn Pakamera.pl","isPartOf":{"@id":"https:\/\/www.pakamera.pl\/magazyn\/#website"},"datePublished":"2024-08-01T10:27:22+00:00","dateModified":"2024-07-31T12:33:00+00:00","description":"Zastanawiasz si\u0119 jakie punkowe dodatki do stylizacji b\u0119d\u0105 najlepsze? Zobacz na co zwr\u00f3ci\u0107 uwag\u0119 i jak je wystylizowa\u0107.","breadcrumb":{"@id":"https:\/\/www.pakamera.pl\/magazyn\/jak-wprowadzic-punkowe-akcenty-do-stylizacji\/#breadcrumb"},"inLanguage":"pl-PL","potentialAction":[{"@type":"ReadAction","target":["https:\/\/www.pakamera.pl\/magazyn\/jak-wprowadzic-punkowe-akcenty-do-stylizacji\/"]}]},{"@type":"BreadcrumbList","@id":"https:\/\/www.pakamera.pl\/magazyn\/jak-wprowadzic-punkowe-akcenty-do-stylizacji\/#breadcrumb","itemListElement":[{"@type":"ListItem","position":1,"name":"Magazyn","item":"https:\/\/www.pakamera.pl\/magazyn\/"},{"@type":"ListItem","position":2,"name":"Moda","item":"https:\/\/www.pakamera.pl\/magazyn\/category\/moda\/"},{"@type":"ListItem","position":3,"name":"Jak wprowadzi\u0107 punkowe akcenty do stylizacji?"}]},{"@type":"WebSite","@id":"https:\/\/www.pakamera.pl\/magazyn\/#website","url":"https:\/\/www.pakamera.pl\/magazyn\/","name":"Magazyn Pakamera.pl","description":"Sprawd\u017a najgor\u0119tsze tematy sezonu!","publisher":{"@id":"https:\/\/www.pakamera.pl\/magazyn\/#organization"},"potentialAction":[{"@type":"SearchAction","target":{"@type":"EntryPoint","urlTemplate":"https:\/\/www.pakamera.pl\/magazyn\/?s={search_term_string}"},"query-input":"required name=search_term_string"}],"inLanguage":"pl-PL"},{"@type":"Organization","@id":"https:\/\/www.pakamera.pl\/magazyn\/#organization","name":"Pakamera.pl","url":"https:\/\/www.pakamera.pl\/magazyn\/","logo":{"@type":"ImageObject","inLanguage":"pl-PL","@id":"https:\/\/www.pakamera.pl\/magazyn\/#\/schema\/logo\/image\/","url":"https:\/\/imgmag.pakamera.net\/2023\/11\/153455466619.png","contentUrl":"https:\/\/imgmag.pakamera.net\/2023\/11\/153455466619.png","width":690,"height":140,"caption":"Pakamera.pl"},"image":{"@id":"https:\/\/www.pakamera.pl\/magazyn\/#\/schema\/logo\/image\/"},"sameAs":["https:\/\/facebook.com\/pakamerapl","https:\/\/www.instagram.com\/pakamera\/"]},{"@type":"Person","@id":"https:\/\/www.pakamera.pl\/magazyn\/#\/schema\/person\/375940ab821c5af50e1e31f1ec5282b5","name":"Magda Strzelecka","description":"Magda to nasza stylistka, kt\u00f3ra od ponad 10 lat \u015bci\u015ble zwi\u0105zana jest z mod\u0105. Uwielbia \u015bledzi\u0107 \u015bwiatowe trendy i przek\u0142ada\u0107 je na rynek polski. Kocha dobre sk\u0142ady ubra\u0144, wyj\u0105tkow\u0105 bi\u017cuteri\u0119 i dodatki kt\u00f3re o\u017cywi\u0105 ka\u017cd\u0105 stylizacj\u0119."}]}},"_links":{"self":[{"href":"https:\/\/www.pakamera.pl\/magazyn\/wp-json\/wp\/v2\/posts\/11233","targetHints":{"allow":["GET"]}}],"collection":[{"href":"https:\/\/www.pakamera.pl\/magazyn\/wp-json\/wp\/v2\/posts"}],"about":[{"href":"https:\/\/www.pakamera.pl\/magazyn\/wp-json\/wp\/v2\/types\/post"}],"author":[{"embeddable":true,"href":"https:\/\/www.pakamera.pl\/magazyn\/wp-json\/wp\/v2\/users\/16"}],"replies":[{"embeddable":true,"href":"https:\/\/www.pakamera.pl\/magazyn\/wp-json\/wp\/v2\/comments?post=11233"}],"version-history":[{"count":1,"href":"https:\/\/www.pakamera.pl\/magazyn\/wp-json\/wp\/v2\/posts\/11233\/revisions"}],"predecessor-version":[{"id":11237,"href":"https:\/\/www.pakamera.pl\/magazyn\/wp-json\/wp\/v2\/posts\/11233\/revisions\/11237"}],"wp:featuredmedia":[{"embeddable":true,"href":"https:\/\/www.pakamera.pl\/magazyn\/wp-json\/wp\/v2\/media\/11236"}],"wp:attachment":[{"href":"https:\/\/www.pakamera.pl\/magazyn\/wp-json\/wp\/v2\/media?parent=11233"}],"wp:term":[{"taxonomy":"category","embeddable":true,"href":"https:\/\/www.pakamera.pl\/magazyn\/wp-json\/wp\/v2\/categories?post=11233"},{"taxonomy":"post_tag","embeddable":true,"href":"https:\/\/www.pakamera.pl\/magazyn\/wp-json\/wp\/v2\/tags?post=11233"}],"curies":[{"name":"wp","href":"https:\/\/api.w.org\/{rel}","templated":true}]}}