{"id":1111,"date":"2017-07-25T12:52:50","date_gmt":"2017-07-25T10:52:50","guid":{"rendered":"https:\/\/www.pakamera.pl\/magazyn\/?p=1111"},"modified":"2021-03-11T12:14:37","modified_gmt":"2021-03-11T11:14:37","slug":"czy-istnieje-komoda-idealna-wybieramy-meble","status":"publish","type":"post","link":"https:\/\/www.pakamera.pl\/magazyn\/czy-istnieje-komoda-idealna-wybieramy-meble\/","title":{"rendered":"Czy istnieje komoda idealna? Wybieramy meble od WoodRepublic!"},"content":{"rendered":"<p align=\"left\"><strong>Lato jest czasem idealnym na remont lub wymian\u0119 mebli! Pi\u0119kna aura za oknem i wakacje sprzyjaj\u0105 zmianom. Dzi\u015b my\u015blimy o urz\u0105dzaniu salonu i zastanawiamy si\u0119 nad tym, jaka drewniana komoda najlepiej odpowiada naszym potrzebom i szukamy tej, kt\u00f3ra jest idealna. Czym powinna si\u0119 charakteryzowa\u0107 w\u0142a\u015bciwa <a href=\"https:\/\/www.pakamera.pl\/meble-komody-i-szafki-0-2685.htm\" target=\"_blank\" rel=\"noopener\">komoda<\/a>? Przede wszystkim musimy zastanowi\u0107 si\u0119, jak\u0105 ma pe\u0142ni\u0107 funkcj\u0119. Czy b\u0119dzie to magazyn na walaj\u0105ce si\u0119 szparga\u0142y, czy mo\u017ce przed\u0142u\u017cenie naszej szafy? Wybieramy meble od WoodRepublic!<\/strong><!--more--><\/p>\n<figure id=\"attachment_1761\" aria-describedby=\"caption-attachment-1761\" style=\"width: 870px\" class=\"wp-caption alignnone\"><img loading=\"lazy\" decoding=\"async\" class=\"wp-image-1761 size-full\" src=\"\/\/imgmag.pakamera.net\/2017\/07\/czy-istnieje-komoda-idealna-wybieramy-meble.jpg\" alt=\"\" width=\"870\" height=\"991\" \/><figcaption id=\"caption-attachment-1761\" class=\"wp-caption-text\">WoodRepublic \/ pakamera.pl<\/figcaption><\/figure>\n<p align=\"left\">Oczywi\u015bcie wygoda to jedno kryterium. Nale\u017cy r\u00f3wnie\u017c pami\u0119ta\u0107, \u017ce <strong>komoda<\/strong> b\u0119dzie centralnym meblem w pomieszczeniu i warto zainwestowa\u0107 w tak\u0105, kt\u00f3ra b\u0119dzie zwraca\u0107 uwag\u0119 i nie b\u0119dzie kolejn\u0105 kopi\u0105 mebla z \u201esieci\u00f3wki\u201d.<\/p>\n<p align=\"left\">\n<div class=\"pakawidget\" id=\"pakawidget437\"><\/div>\n<p><script async defer src=\"https:\/\/www.pakamera.pl\/widget\/widget2.min.js?id=437&#038;type=20210311120640&#038;wwidth=1000\"><\/script><\/p>\n<p align=\"left\">Polska marka <a href=\"https:\/\/www.pakamera.pl\/woodrepublic-0_s12330576.htm\"><strong>WoodRepublic<\/strong><\/a> w swojej ofercie zawiera wszystko, czego od komody idealnej mo\u017cemy wymaga\u0107. Meble z jasnego drewna s\u0105 uzupe\u0142nione kolorowymi elementami s\u0105 rozwi\u0105zaniem bardzo uniwersalnym. Wbrew pozorom, kolorowe elementy pasuj\u0105 do wi\u0119kszo\u015bci wn\u0119trz i dodaj\u0105 mu \u015bwie\u017co\u015bci. Firma proponuje komody w r\u00f3\u017cnych wariantach kolorystycznych, warto te\u017c zapyta\u0107 o mo\u017cliwo\u015b\u0107 personalizacji swojego mebla.<\/p>\n<p align=\"left\">Pami\u0119tajcie, \u017ce fajna drewniana komoda mo\u017ce mie\u0107 zar\u00f3wno szuflady, jak i p\u00f3\u0142ki czy szafki. Ka\u017cdy z element\u00f3w mo\u017ce by\u0107 wykorzystany na sto procent, a wszystkie, nawet najbardziej problematyczne przedmioty, w ko\u0144cu znajd\u0105 swoje miejsce.<\/p>\n<figure id=\"attachment_1763\" aria-describedby=\"caption-attachment-1763\" style=\"width: 870px\" class=\"wp-caption alignnone\"><img loading=\"lazy\" decoding=\"async\" class=\"wp-image-1763 size-full\" src=\"\/\/imgmag.pakamera.net\/2017\/07\/czy-istnieje-komoda-idealna-wybieramy-meble-1.jpg\" alt=\"\" width=\"870\" height=\"580\" \/><figcaption id=\"caption-attachment-1763\" class=\"wp-caption-text\">WoodRepublic \/ pakamera.pl<\/figcaption><\/figure>\n<p align=\"left\">Doskonale wiemy, \u017ce w ka\u017cdym domu znajduje si\u0119 mn\u00f3stwo przedmiot\u00f3w codziennego u\u017cytku, kt\u00f3rym trudno znale\u017a\u0107 sta\u0142e miejsce, a kt\u00f3rych u\u017cywamy praktycznie co chwil\u0119. Warto jest kupi\u0107 komod\u0119, kt\u00f3r\u0105 b\u0119dziemy mogli tak naprawd\u0119 zbudowa\u0107 wed\u0142ug swoich w\u0142asnych potrzeb. Szuflady przydadz\u0105 si\u0119 na przybory kuchenne takie jak obrusy, \u015bciereczki. Warto te\u017c pomy\u015ble\u0107 o miejscu, w kt\u00f3rym b\u0119dziemy mogli trzyma\u0107 wszystkie dokumenty i wa\u017cne rachunki \u2013 szuflada komody lub zamykany modu\u0142 mebla idealnie nadaje si\u0119 do tego, by poustawia\u0107 w nim podpisane segregatory.<\/p>\n<figure id=\"attachment_1764\" aria-describedby=\"caption-attachment-1764\" style=\"width: 870px\" class=\"wp-caption alignnone\"><img loading=\"lazy\" decoding=\"async\" class=\"size-full wp-image-1764\" src=\"\/\/imgmag.pakamera.net\/2017\/07\/czy-istnieje-komoda-idealna-wybieramy-meble-2.jpg\" alt=\"\" width=\"870\" height=\"827\" \/><figcaption id=\"caption-attachment-1764\" class=\"wp-caption-text\">WoodRepublic \/ pakamera.pl<\/figcaption><\/figure>\n<p align=\"left\">Co z p\u00f3\u0142kami drewnianej komody? B\u0119d\u0105 \u015bwietnym miejscem ekspozycji rzeczy takich jak ksi\u0105\u017cki, p\u0142yty czy pami\u0105tki z podr\u00f3\u017cy. Komoda jest meblem do multitaskingu, dlatego warto jest zastanowi\u0107 si\u0119, jaka odpowie najwi\u0119kszej ilo\u015bci naszych potrzeb.<\/p>\n","protected":false},"excerpt":{"rendered":"<p>Lato jest czasem idealnym na remont lub wymian\u0119 mebli! Pi\u0119kna aura za oknem i wakacje sprzyjaj\u0105 zmianom. Dzi\u015b my\u015blimy o urz\u0105dzaniu salonu i zastanawiamy si\u0119 nad tym, jaka drewniana komoda<span class=\"more-dots\">&#8230;<\/span><\/p>\n","protected":false},"author":7,"featured_media":1761,"comment_status":"open","ping_status":"closed","sticky":false,"template":"","format":"standard","meta":{"footnotes":""},"categories":[12],"tags":[192,24,60,189,190,210,23,191],"class_list":["post-1111","post","type-post","status-publish","format-standard","has-post-thumbnail","hentry","category-dom-i-wnetrza","tag-akcesoria","tag-dom","tag-drewno","tag-komoda","tag-meble","tag-topslider","tag-wnetrze","tag-wytroj"],"yoast_head":"<!-- This site is optimized with the Yoast SEO plugin v21.6 - https:\/\/yoast.com\/wordpress\/plugins\/seo\/ -->\n<title>Komoda idealna? Meble od WoodRepublic! - Magazyn Pakamera.pl<\/title>\n<meta name=\"description\" content=\"Polska marka WoodRepublic w swojej ofercie zawiera wszystko, czego od komody idealnej mo\u017cemy wymaga\u0107. Meble z jasnego drewna s\u0105 uzupe\u0142nione kolorowymi elementami.\" \/>\n<meta name=\"robots\" content=\"index, follow\" \/>\n<link rel=\"canonical\" href=\"https:\/\/www.pakamera.pl\/magazyn\/czy-istnieje-komoda-idealna-wybieramy-meble\/\" \/>\n<meta property=\"og:locale\" content=\"pl_PL\" \/>\n<meta property=\"og:type\" content=\"article\" \/>\n<meta property=\"og:title\" content=\"Komoda idealna? Meble od WoodRepublic! - Magazyn Pakamera.pl\" \/>\n<meta property=\"og:description\" content=\"Polska marka WoodRepublic w swojej ofercie zawiera wszystko, czego od komody idealnej mo\u017cemy wymaga\u0107. Meble z jasnego drewna s\u0105 uzupe\u0142nione kolorowymi elementami.\" \/>\n<meta property=\"og:url\" content=\"https:\/\/www.pakamera.pl\/magazyn\/czy-istnieje-komoda-idealna-wybieramy-meble\/\" \/>\n<meta property=\"og:site_name\" content=\"Magazyn Pakamera.pl\" \/>\n<meta property=\"article:publisher\" content=\"https:\/\/facebook.com\/pakamerapl\" \/>\n<meta property=\"article:published_time\" content=\"2017-07-25T10:52:50+00:00\" \/>\n<meta property=\"article:modified_time\" content=\"2021-03-11T11:14:37+00:00\" \/>\n<meta property=\"og:image\" content=\"\/\/imgmag.pakamera.net\/2017\/07\/czy-istnieje-komoda-idealna-wybieramy-meble.jpg\" \/>\n\t<meta property=\"og:image:width\" content=\"870\" \/>\n\t<meta property=\"og:image:height\" content=\"991\" \/>\n\t<meta property=\"og:image:type\" content=\"image\/jpeg\" \/>\n<meta name=\"author\" content=\"Katarzyna K\u0119pka\" \/>\n<meta name=\"twitter:card\" content=\"summary_large_image\" \/>\n<meta name=\"twitter:label1\" content=\"Napisane przez\" \/>\n\t<meta name=\"twitter:data1\" content=\"Katarzyna K\u0119pka\" \/>\n\t<meta name=\"twitter:label2\" content=\"Szacowany czas czytania\" \/>\n\t<meta name=\"twitter:data2\" content=\"3 minuty\" \/>\n<script type=\"application\/ld+json\" class=\"yoast-schema-graph\">{\"@context\":\"https:\/\/schema.org\",\"@graph\":[{\"@type\":\"Article\",\"@id\":\"https:\/\/www.pakamera.pl\/magazyn\/czy-istnieje-komoda-idealna-wybieramy-meble\/#article\",\"isPartOf\":{\"@id\":\"https:\/\/www.pakamera.pl\/magazyn\/czy-istnieje-komoda-idealna-wybieramy-meble\/\"},\"author\":{\"name\":\"Katarzyna K\u0119pka\",\"@id\":\"https:\/\/www.pakamera.pl\/magazyn\/#\/schema\/person\/66185645222b700f8f831974fa10f3cd\"},\"headline\":\"Czy istnieje komoda idealna? Wybieramy meble od WoodRepublic!\",\"datePublished\":\"2017-07-25T10:52:50+00:00\",\"dateModified\":\"2021-03-11T11:14:37+00:00\",\"mainEntityOfPage\":{\"@id\":\"https:\/\/www.pakamera.pl\/magazyn\/czy-istnieje-komoda-idealna-wybieramy-meble\/\"},\"wordCount\":406,\"commentCount\":0,\"publisher\":{\"@id\":\"https:\/\/www.pakamera.pl\/magazyn\/#organization\"},\"keywords\":[\"akcesoria\",\"dom\",\"drewno\",\"komoda\",\"meble\",\"topslider\",\"wnetrze\",\"wytr\u00f3j\"],\"articleSection\":[\"Dom i Wn\u0119trze\"],\"inLanguage\":\"pl-PL\",\"potentialAction\":[{\"@type\":\"CommentAction\",\"name\":\"Comment\",\"target\":[\"https:\/\/www.pakamera.pl\/magazyn\/czy-istnieje-komoda-idealna-wybieramy-meble\/#respond\"]}]},{\"@type\":\"WebPage\",\"@id\":\"https:\/\/www.pakamera.pl\/magazyn\/czy-istnieje-komoda-idealna-wybieramy-meble\/\",\"url\":\"https:\/\/www.pakamera.pl\/magazyn\/czy-istnieje-komoda-idealna-wybieramy-meble\/\",\"name\":\"Komoda idealna? Meble od WoodRepublic! - Magazyn Pakamera.pl\",\"isPartOf\":{\"@id\":\"https:\/\/www.pakamera.pl\/magazyn\/#website\"},\"datePublished\":\"2017-07-25T10:52:50+00:00\",\"dateModified\":\"2021-03-11T11:14:37+00:00\",\"description\":\"Polska marka WoodRepublic w swojej ofercie zawiera wszystko, czego od komody idealnej mo\u017cemy wymaga\u0107. Meble z jasnego drewna s\u0105 uzupe\u0142nione kolorowymi elementami.\",\"breadcrumb\":{\"@id\":\"https:\/\/www.pakamera.pl\/magazyn\/czy-istnieje-komoda-idealna-wybieramy-meble\/#breadcrumb\"},\"inLanguage\":\"pl-PL\",\"potentialAction\":[{\"@type\":\"ReadAction\",\"target\":[\"https:\/\/www.pakamera.pl\/magazyn\/czy-istnieje-komoda-idealna-wybieramy-meble\/\"]}]},{\"@type\":\"BreadcrumbList\",\"@id\":\"https:\/\/www.pakamera.pl\/magazyn\/czy-istnieje-komoda-idealna-wybieramy-meble\/#breadcrumb\",\"itemListElement\":[{\"@type\":\"ListItem\",\"position\":1,\"name\":\"Magazyn\",\"item\":\"https:\/\/www.pakamera.pl\/magazyn\/\"},{\"@type\":\"ListItem\",\"position\":2,\"name\":\"Dom i Wn\u0119trze\",\"item\":\"https:\/\/www.pakamera.pl\/magazyn\/category\/dom-i-wnetrza\/\"},{\"@type\":\"ListItem\",\"position\":3,\"name\":\"Czy istnieje komoda idealna? Wybieramy meble od WoodRepublic!\"}]},{\"@type\":\"WebSite\",\"@id\":\"https:\/\/www.pakamera.pl\/magazyn\/#website\",\"url\":\"https:\/\/www.pakamera.pl\/magazyn\/\",\"name\":\"Magazyn Pakamera.pl\",\"description\":\"Sprawd\u017a najgor\u0119tsze tematy sezonu!\",\"publisher\":{\"@id\":\"https:\/\/www.pakamera.pl\/magazyn\/#organization\"},\"potentialAction\":[{\"@type\":\"SearchAction\",\"target\":{\"@type\":\"EntryPoint\",\"urlTemplate\":\"https:\/\/www.pakamera.pl\/magazyn\/?s={search_term_string}\"},\"query-input\":\"required name=search_term_string\"}],\"inLanguage\":\"pl-PL\"},{\"@type\":\"Organization\",\"@id\":\"https:\/\/www.pakamera.pl\/magazyn\/#organization\",\"name\":\"Pakamera.pl\",\"url\":\"https:\/\/www.pakamera.pl\/magazyn\/\",\"logo\":{\"@type\":\"ImageObject\",\"inLanguage\":\"pl-PL\",\"@id\":\"https:\/\/www.pakamera.pl\/magazyn\/#\/schema\/logo\/image\/\",\"url\":\"https:\/\/imgmag.pakamera.net\/2023\/11\/153455466619.png\",\"contentUrl\":\"https:\/\/imgmag.pakamera.net\/2023\/11\/153455466619.png\",\"width\":690,\"height\":140,\"caption\":\"Pakamera.pl\"},\"image\":{\"@id\":\"https:\/\/www.pakamera.pl\/magazyn\/#\/schema\/logo\/image\/\"},\"sameAs\":[\"https:\/\/facebook.com\/pakamerapl\",\"https:\/\/www.instagram.com\/pakamera\/\"]},{\"@type\":\"Person\",\"@id\":\"https:\/\/www.pakamera.pl\/magazyn\/#\/schema\/person\/66185645222b700f8f831974fa10f3cd\",\"name\":\"Katarzyna K\u0119pka\",\"description\":\"Jestem pasjonatk\u0105 designu, mody dzieci\u0119cej i wyj\u0105tkowych dodatk\u00f3w. Moje teksty to po\u0142\u0105czenie mi\u0142o\u015bci do zwierz\u0105t, kreatywno\u015bci oraz dba\u0142o\u015bci o detale w codziennym \u017cyciu. Przy mnie odkryjesz \u015bwiat wyj\u0105tkowych przedmiot\u00f3w i pomys\u0142\u00f3w na urz\u0105dzenie wn\u0119trz, kt\u00f3re sprawi\u0105, \u017ce Twoje \u017cycie stanie si\u0119 pi\u0119kniejsze i bardziej komfortowe. Podejmuj\u0119 wyzwania zwi\u0105zane z wyborem najlepszych produkt\u00f3w, od mebli po mod\u0119 dzieci\u0119c\u0105 i bi\u017cuteri\u0119. W moich postach staram si\u0119 podzieli\u0107 si\u0119 wiedz\u0105 na temat piel\u0119gnacji i zdrowia, zar\u00f3wno dla Ciebie, jak i Twojego pupila. Wszystko to po to, aby\u015b m\u00f3g\u0142a cieszy\u0107 si\u0119 \u017cyciem w otoczeniu, kt\u00f3re odzwierciedla Twoje pasje i styl. Zapraszam Ci\u0119 do odkrywania inspiracji i praktycznych rozwi\u0105za\u0144, kt\u00f3re pomog\u0105 Ci wybra\u0107 idealne produkty dla siebie i Twojego czworono\u017cnego przyjaciela.\"}]}<\/script>\n<!-- \/ Yoast SEO plugin. -->","yoast_head_json":{"title":"Komoda idealna? Meble od WoodRepublic! - Magazyn Pakamera.pl","description":"Polska marka WoodRepublic w swojej ofercie zawiera wszystko, czego od komody idealnej mo\u017cemy wymaga\u0107. Meble z jasnego drewna s\u0105 uzupe\u0142nione kolorowymi elementami.","robots":{"index":"index","follow":"follow"},"canonical":"https:\/\/www.pakamera.pl\/magazyn\/czy-istnieje-komoda-idealna-wybieramy-meble\/","og_locale":"pl_PL","og_type":"article","og_title":"Komoda idealna? Meble od WoodRepublic! - Magazyn Pakamera.pl","og_description":"Polska marka WoodRepublic w swojej ofercie zawiera wszystko, czego od komody idealnej mo\u017cemy wymaga\u0107. Meble z jasnego drewna s\u0105 uzupe\u0142nione kolorowymi elementami.","og_url":"https:\/\/www.pakamera.pl\/magazyn\/czy-istnieje-komoda-idealna-wybieramy-meble\/","og_site_name":"Magazyn Pakamera.pl","article_publisher":"https:\/\/facebook.com\/pakamerapl","article_published_time":"2017-07-25T10:52:50+00:00","article_modified_time":"2021-03-11T11:14:37+00:00","og_image":[{"width":870,"height":991,"url":"\/\/imgmag.pakamera.net\/2017\/07\/czy-istnieje-komoda-idealna-wybieramy-meble.jpg","type":"image\/jpeg"}],"author":"Katarzyna K\u0119pka","twitter_card":"summary_large_image","twitter_misc":{"Napisane przez":"Katarzyna K\u0119pka","Szacowany czas czytania":"3 minuty"},"schema":{"@context":"https:\/\/schema.org","@graph":[{"@type":"Article","@id":"https:\/\/www.pakamera.pl\/magazyn\/czy-istnieje-komoda-idealna-wybieramy-meble\/#article","isPartOf":{"@id":"https:\/\/www.pakamera.pl\/magazyn\/czy-istnieje-komoda-idealna-wybieramy-meble\/"},"author":{"name":"Katarzyna K\u0119pka","@id":"https:\/\/www.pakamera.pl\/magazyn\/#\/schema\/person\/66185645222b700f8f831974fa10f3cd"},"headline":"Czy istnieje komoda idealna? Wybieramy meble od WoodRepublic!","datePublished":"2017-07-25T10:52:50+00:00","dateModified":"2021-03-11T11:14:37+00:00","mainEntityOfPage":{"@id":"https:\/\/www.pakamera.pl\/magazyn\/czy-istnieje-komoda-idealna-wybieramy-meble\/"},"wordCount":406,"commentCount":0,"publisher":{"@id":"https:\/\/www.pakamera.pl\/magazyn\/#organization"},"keywords":["akcesoria","dom","drewno","komoda","meble","topslider","wnetrze","wytr\u00f3j"],"articleSection":["Dom i Wn\u0119trze"],"inLanguage":"pl-PL","potentialAction":[{"@type":"CommentAction","name":"Comment","target":["https:\/\/www.pakamera.pl\/magazyn\/czy-istnieje-komoda-idealna-wybieramy-meble\/#respond"]}]},{"@type":"WebPage","@id":"https:\/\/www.pakamera.pl\/magazyn\/czy-istnieje-komoda-idealna-wybieramy-meble\/","url":"https:\/\/www.pakamera.pl\/magazyn\/czy-istnieje-komoda-idealna-wybieramy-meble\/","name":"Komoda idealna? Meble od WoodRepublic! - Magazyn Pakamera.pl","isPartOf":{"@id":"https:\/\/www.pakamera.pl\/magazyn\/#website"},"datePublished":"2017-07-25T10:52:50+00:00","dateModified":"2021-03-11T11:14:37+00:00","description":"Polska marka WoodRepublic w swojej ofercie zawiera wszystko, czego od komody idealnej mo\u017cemy wymaga\u0107. Meble z jasnego drewna s\u0105 uzupe\u0142nione kolorowymi elementami.","breadcrumb":{"@id":"https:\/\/www.pakamera.pl\/magazyn\/czy-istnieje-komoda-idealna-wybieramy-meble\/#breadcrumb"},"inLanguage":"pl-PL","potentialAction":[{"@type":"ReadAction","target":["https:\/\/www.pakamera.pl\/magazyn\/czy-istnieje-komoda-idealna-wybieramy-meble\/"]}]},{"@type":"BreadcrumbList","@id":"https:\/\/www.pakamera.pl\/magazyn\/czy-istnieje-komoda-idealna-wybieramy-meble\/#breadcrumb","itemListElement":[{"@type":"ListItem","position":1,"name":"Magazyn","item":"https:\/\/www.pakamera.pl\/magazyn\/"},{"@type":"ListItem","position":2,"name":"Dom i Wn\u0119trze","item":"https:\/\/www.pakamera.pl\/magazyn\/category\/dom-i-wnetrza\/"},{"@type":"ListItem","position":3,"name":"Czy istnieje komoda idealna? Wybieramy meble od WoodRepublic!"}]},{"@type":"WebSite","@id":"https:\/\/www.pakamera.pl\/magazyn\/#website","url":"https:\/\/www.pakamera.pl\/magazyn\/","name":"Magazyn Pakamera.pl","description":"Sprawd\u017a najgor\u0119tsze tematy sezonu!","publisher":{"@id":"https:\/\/www.pakamera.pl\/magazyn\/#organization"},"potentialAction":[{"@type":"SearchAction","target":{"@type":"EntryPoint","urlTemplate":"https:\/\/www.pakamera.pl\/magazyn\/?s={search_term_string}"},"query-input":"required name=search_term_string"}],"inLanguage":"pl-PL"},{"@type":"Organization","@id":"https:\/\/www.pakamera.pl\/magazyn\/#organization","name":"Pakamera.pl","url":"https:\/\/www.pakamera.pl\/magazyn\/","logo":{"@type":"ImageObject","inLanguage":"pl-PL","@id":"https:\/\/www.pakamera.pl\/magazyn\/#\/schema\/logo\/image\/","url":"https:\/\/imgmag.pakamera.net\/2023\/11\/153455466619.png","contentUrl":"https:\/\/imgmag.pakamera.net\/2023\/11\/153455466619.png","width":690,"height":140,"caption":"Pakamera.pl"},"image":{"@id":"https:\/\/www.pakamera.pl\/magazyn\/#\/schema\/logo\/image\/"},"sameAs":["https:\/\/facebook.com\/pakamerapl","https:\/\/www.instagram.com\/pakamera\/"]},{"@type":"Person","@id":"https:\/\/www.pakamera.pl\/magazyn\/#\/schema\/person\/66185645222b700f8f831974fa10f3cd","name":"Katarzyna K\u0119pka","description":"Jestem pasjonatk\u0105 designu, mody dzieci\u0119cej i wyj\u0105tkowych dodatk\u00f3w. Moje teksty to po\u0142\u0105czenie mi\u0142o\u015bci do zwierz\u0105t, kreatywno\u015bci oraz dba\u0142o\u015bci o detale w codziennym \u017cyciu. Przy mnie odkryjesz \u015bwiat wyj\u0105tkowych przedmiot\u00f3w i pomys\u0142\u00f3w na urz\u0105dzenie wn\u0119trz, kt\u00f3re sprawi\u0105, \u017ce Twoje \u017cycie stanie si\u0119 pi\u0119kniejsze i bardziej komfortowe. Podejmuj\u0119 wyzwania zwi\u0105zane z wyborem najlepszych produkt\u00f3w, od mebli po mod\u0119 dzieci\u0119c\u0105 i bi\u017cuteri\u0119. W moich postach staram si\u0119 podzieli\u0107 si\u0119 wiedz\u0105 na temat piel\u0119gnacji i zdrowia, zar\u00f3wno dla Ciebie, jak i Twojego pupila. Wszystko to po to, aby\u015b m\u00f3g\u0142a cieszy\u0107 si\u0119 \u017cyciem w otoczeniu, kt\u00f3re odzwierciedla Twoje pasje i styl. Zapraszam Ci\u0119 do odkrywania inspiracji i praktycznych rozwi\u0105za\u0144, kt\u00f3re pomog\u0105 Ci wybra\u0107 idealne produkty dla siebie i Twojego czworono\u017cnego przyjaciela."}]}},"_links":{"self":[{"href":"https:\/\/www.pakamera.pl\/magazyn\/wp-json\/wp\/v2\/posts\/1111","targetHints":{"allow":["GET"]}}],"collection":[{"href":"https:\/\/www.pakamera.pl\/magazyn\/wp-json\/wp\/v2\/posts"}],"about":[{"href":"https:\/\/www.pakamera.pl\/magazyn\/wp-json\/wp\/v2\/types\/post"}],"author":[{"embeddable":true,"href":"https:\/\/www.pakamera.pl\/magazyn\/wp-json\/wp\/v2\/users\/7"}],"replies":[{"embeddable":true,"href":"https:\/\/www.pakamera.pl\/magazyn\/wp-json\/wp\/v2\/comments?post=1111"}],"version-history":[{"count":0,"href":"https:\/\/www.pakamera.pl\/magazyn\/wp-json\/wp\/v2\/posts\/1111\/revisions"}],"wp:featuredmedia":[{"embeddable":true,"href":"https:\/\/www.pakamera.pl\/magazyn\/wp-json\/wp\/v2\/media\/1761"}],"wp:attachment":[{"href":"https:\/\/www.pakamera.pl\/magazyn\/wp-json\/wp\/v2\/media?parent=1111"}],"wp:term":[{"taxonomy":"category","embeddable":true,"href":"https:\/\/www.pakamera.pl\/magazyn\/wp-json\/wp\/v2\/categories?post=1111"},{"taxonomy":"post_tag","embeddable":true,"href":"https:\/\/www.pakamera.pl\/magazyn\/wp-json\/wp\/v2\/tags?post=1111"}],"curies":[{"name":"wp","href":"https:\/\/api.w.org\/{rel}","templated":true}]}}