{"id":11057,"date":"2024-07-12T14:30:48","date_gmt":"2024-07-12T12:30:48","guid":{"rendered":"https:\/\/www.pakamera.pl\/magazyn\/?p=11057"},"modified":"2026-03-24T15:36:08","modified_gmt":"2026-03-24T14:36:08","slug":"jakie-bransoletki-sa-modne-w-2024","status":"publish","type":"post","link":"https:\/\/www.pakamera.pl\/magazyn\/jakie-bransoletki-sa-modne-w-2024\/","title":{"rendered":"Jakie bransoletki s\u0105 modne w 2026?"},"content":{"rendered":"<p><strong>Bransoletka to jeden z dodatk\u00f3w bi\u017cuteryjnych, kt\u00f3ry znajduje si\u0119 w szkatu\u0142ce ka\u017cdej kobiety. Niekt\u00f3re preferuj\u0105 delikatne modele, inne ch\u0119tnie si\u0119gaj\u0105 po te bardziej wyraziste. A jakie s\u0105 modne w 2026 roku?<\/strong><br \/>\n<!--more--><\/p>\n<figure id=\"attachment_11073\" aria-describedby=\"caption-attachment-11073\" style=\"width: 1600px\" class=\"wp-caption alignnone\"><img loading=\"lazy\" decoding=\"async\" class=\"wp-image-11073 size-full\" src=\"https:\/\/imgmag.pakamera.net\/2024\/07\/jakie-bransoletki-sa-modne-w-2024-144527199391.jpg\" alt=\"jakie bransoletki s\u0105 teraz modne\" width=\"1600\" height=\"840\" \/><figcaption id=\"caption-attachment-11073\" class=\"wp-caption-text\">Bransoletka poz\u0142acana z kamieniami &#8211; rumianek \/ ANIMALKINGDOM \/ www.pakamera.pl<\/figcaption><\/figure>\n<h2>Trendy 2026: jakie bransoletki b\u0119d\u0105 modne?<\/h2>\n<p>W 2026 roku na pierwszy plan wysuwaj\u0105 si\u0119 <strong>dwa przeciwstawne trendy: pierwszy z nich to bransoletki minimalistyczne, a drugi to du\u017ce, wyraziste modele<\/strong>.<\/p>\n<p><strong>Minimalizm idealnie wpisuje si\u0119 w elegancj\u0119 i szyk, kt\u00f3re s\u0105 modne w tym sezonie<\/strong>. Delikatne, srebrne \u0142a\u0144cuszki pi\u0119knie prezentuj\u0105 si\u0119 zar\u00f3wno na nadgarstkach, jak i na nogach. Warto uzupe\u0142ni\u0107 je o skromne, a zarazem urocze wisiorki. <strong>Du\u017c\u0105 popularno\u015bci\u0105 ciesz\u0105 si\u0119 motywy naturalne<\/strong>, w tym g\u0142\u00f3wnie czterolistna koniczyna, kt\u00f3ra ma przynosi\u0107 szcz\u0119\u015bcie. Klasyka w szykownym wydaniu to tak\u017ce <a href=\"https:\/\/www.pakamera.pl\/bransoletka-z-perlami-0-t72418.htm\" target=\"_blank\" rel=\"noopener\">bransoletka z pere\u0142,<\/a> kt\u00f3ra doskonale sprawdzi si\u0119 podczas wi\u0119kszego wyj\u015bcia. <strong>Per\u0142y symbolizuj\u0105 pi\u0119kno, delikatno\u015b\u0107 i doskona\u0142o\u015b\u0107<\/strong>, dla niekt\u00f3rych s\u0105 te\u017c synonimem mi\u0142o\u015bci. Je\u015bli chcesz podarowa\u0107 bliskiej osobie pi\u0119kn\u0105 i modn\u0105 bi\u017cuteri\u0119, koniecznie zdecyduj si\u0119 na t\u0119 z pere\u0142.<\/p>\n<div id=\"pakawidget1907\" class=\"pakawidget\"><\/div>\n<p><script async defer src=\"https:\/\/www.pakamera.pl\/widget\/widget2.min.js?id=1907&#038;type=20250403132900&#038;wwidth=1000\"><\/script><br \/>\nW trendach 2026 wida\u0107 r\u00f3wnie\u017c pewn\u0105 odwrotno\u015b\u0107, a wi\u0119c <a href=\"https:\/\/www.pakamera.pl\/bransoletki-0-1821.htm\" target=\"_blank\" rel=\"noopener\">bransoletki<\/a>,<strong> kt\u00f3re rzucaj\u0105 si\u0119 w oczy ju\u017c z daleka<\/strong>. Zdecydowanym liderem jest <strong>model typu szeroki mankiet, kt\u00f3ry \u015bwietnie sprawdzi si\u0119 w stylizacjach casual business<\/strong>. Jest elegancki, a zarazem wyrazisty. Latem warto postawi\u0107 na szeroki mankiet wykonany ze <strong>z\u0142ota, co pozwoli pi\u0119knie podkre\u015bli\u0107 opalenizn\u0119<\/strong>. Ciekaw\u0105 alternatyw\u0105 s\u0105 <strong>szerokie \u0142a\u0144cuchy &#8211; im wi\u0119ksze, tym lepsze<\/strong>. Tutaj ponownie warto zwr\u00f3ci\u0107 uwag\u0119 na srebrne lub <a href=\"https:\/\/www.pakamera.pl\/bransoletki-zlote-0-3041.htm\" target=\"_blank\" rel=\"noopener\">z\u0142ote bransoletki<\/a>. To zdecydowanie hit tego roku.<\/p>\n<h2>Bransoletki, kt\u00f3re zdominuj\u0105 mod\u0119 w 2026<\/h2>\n<p>Jakie bransoletki s\u0105 teraz modne? Najwi\u0119ksz\u0105 popularno\u015bci\u0105 w\u015br\u00f3d stylist\u00f3w cieszy si\u0119 <a href=\"https:\/\/www.pakamera.pl\/zlota-bizuteria-0-t43135.htm\" target=\"_blank\" rel=\"noopener\">bi\u017cuteria z\u0142ota<\/a> i srebrna, jednak z delikatnym ukierunkowaniem na pierwszy kruszec. Z\u0142oto mo\u017cna zobaczy\u0107 na ulicach w wielu ods\u0142onach &#8211; z\u0142ote buty, kurtki czy dodatki do w\u0142os\u00f3w to must have tego lata. Nie inaczej jest w przypadku bi\u017cuterii, a zw\u0142aszcza bransoletek. <strong>Te wykonane ze \u017c\u00f3\u0142tego kruszcu dodaj\u0105 szyku, dlatego doskonale pasuj\u0105 do eleganckich stylizacji<\/strong>. Je\u015bli szukasz ciekawego dodatku na wesele lub do pracy, postaw na szeroki mankiet ze z\u0142ota.<\/p>\n<figure id=\"attachment_11072\" aria-describedby=\"caption-attachment-11072\" style=\"width: 1600px\" class=\"wp-caption alignnone\"><img loading=\"lazy\" decoding=\"async\" class=\"wp-image-11072 size-full\" src=\"https:\/\/imgmag.pakamera.net\/2024\/07\/jakie-bransoletki-sa-modne-w-2024-144525647948.jpg\" alt=\"Bransoletka wykonana z naturalnych pere\u0142 i srebrnego \u0142a\u0144cuszka pokrytego 24 karatowym z\u0142otem\" width=\"1600\" height=\"840\" \/><figcaption id=\"caption-attachment-11072\" class=\"wp-caption-text\">Bransoletka \u0141a\u0144cuszek i Per\u0142y \/ Dioon \/ www.pakamera.pl<\/figcaption><\/figure>\n<p>A mo\u017ce wolisz srebrne elementy bi\u017cuteryjne? \u015awietnym wyborem b\u0119d\u0105 <strong>cie\u0144sze \u0142a\u0144cuszki z efektownymi zawieszkami<\/strong>. W tym sezonie bardzo modne s\u0105 <strong>znaki zodiaku, inicja\u0142y albo drobne przedmioty odzwierciedlaj\u0105ce zainteresowania w\u0142a\u015bcicielki<\/strong>. Srebro dobrze pasuje do letnich, a tak\u017ce nieco bardziej futurystycznych stylizacji. Warto je wybra\u0107 r\u00f3wnie\u017c wtedy, gdy musisz wygl\u0105da\u0107 profesjonalnie, jednak nie masz ochoty na inne materia\u0142y.<\/p>\n<p><strong>Trendem dominuj\u0105cym w 2026 roku s\u0105 te\u017c bransoletki z kamieni<\/strong>. Tutaj do wyboru mamy wiele interesuj\u0105cych propozycji, a wyb\u00f3r konkretnych kamieni zale\u017cy w du\u017cej mierze od tego, co maj\u0105 symbolizowa\u0107. <strong>Najcz\u0119\u015bciej decydujemy si\u0119 na kamienie zapewniaj\u0105ce wspieraj\u0105ce ochron\u0119, zdrowie, mi\u0142o\u015b\u0107 czy dostatek<\/strong>. Warto wi\u0119c zaopatrzy\u0107 si\u0119 w bransoletk\u0119 wykonan\u0105 z:<\/p>\n<ul>\n<li>ametystu,<\/li>\n<li>akwamarynu,<\/li>\n<li>tygrysiego oka,<\/li>\n<li>jadeitu,<\/li>\n<li>agatu,<\/li>\n<li>hematytu,<\/li>\n<li>jaspisu.<\/li>\n<\/ul>\n<p>Kamienie \u0142\u0105cz\u0105 w sobie elegancj\u0119 z pewn\u0105 surowo\u015bci\u0105 natury. <strong>Idealnie sprawdzaj\u0105 si\u0119 jako dodatek do codziennych stylizacji, ale odpowiednio dobrane mog\u0105 r\u00f3wnie\u017c o\u017cywi\u0107 tak\u017ce te wyj\u015bciowe<\/strong>. Kobietom, kt\u00f3re nie s\u0105 wielbicielkami minimalizmu, spodoba si\u0119 tegoroczny trend, jakim jest zak\u0142adanie wi\u0119cej ni\u017c jednej bi\u017cuterii na r\u0119k\u0119\/nog\u0119. Dzi\u0119ki temu nie trzeba rezygnowa\u0107 z ulubionego dodatku, nawet je\u015bli jednocze\u015bnie mamy ochot\u0119 na inny.<\/p>\n<p><a href=\"https:\/\/www.pakamera.pl\/magazyn\/jak-laczyc-ze-soba-bransoletki\/\" target=\"_blank\" rel=\"noopener\">Jak \u0142\u0105czy\u0107 ze sob\u0105 bransoletki<\/a>? <strong>Naj\u0142atwiej dobiera\u0107 takie, kt\u00f3re wykonane s\u0105 z jednego materia\u0142u<\/strong>. Je\u015bli wi\u0119c nie masz zbyt du\u017co czasu, aby zwie\u0144czy\u0107 stylizacj\u0119, uzupe\u0142nij j\u0105 o kilka dodatk\u00f3w srebrnych, z drewna albo plecionych. Nieco wi\u0119ksz\u0105 sztuk\u0105 jest \u0142\u0105czenie bi\u017cuterii wykonanych z r\u00f3\u017cnych materia\u0142\u00f3w i kruszc\u00f3w. Takie rozwi\u0105zanie wymaga pewnego wyczucia, ale musisz te\u017c zastanowi\u0107 si\u0119, jaki w\u0142a\u015bciwie efekt chcesz uzyska\u0107?<\/p>\n<div id=\"pakawidget1448\" class=\"pakawidget\"><\/div>\n<p><script async defer src=\"https:\/\/www.pakamera.pl\/widget\/widget2.min.js?id=1448&#038;type=20240709152917&#038;wwidth=1000\"><\/script><br \/>\nJe\u015bli chodzi o eleganckie stylizacje, to nie mamy zbyt du\u017cego pola manewru &#8211; nadmiar z pewno\u015bci\u0105 nie s\u0142u\u017cy ca\u0142o\u015bci. Natomiast <strong>w przypadku lu\u017aniejszych stroj\u00f3w mo\u017cemy pozwoli\u0107 sobie na troch\u0119 wi\u0119cej fantazji<\/strong>. Ciekawym rozwi\u0105zaniem b\u0119dzie zestawienie bransoletek srebrnych i wykonanych z rzemienia. <strong>Srebrne lub z\u0142ote blaszki b\u0119d\u0105 te\u017c dobrze wygl\u0105da\u0107 w towarzystwie pere\u0142, lub koralik\u00f3w<\/strong>.<\/p>\n<h2>Najnowsze trendy w bransoletkach na 2026 rok<\/h2>\n<p>Mod\u0119 bi\u017cuteryjn\u0105 2026 zdominowa\u0142y nie tylko srebro i z\u0142oto, ale r\u00f3wnie\u017c nieco mniej oczywiste barwy. <a href=\"https:\/\/www.pakamera.pl\/magazyn\/co-oznaczaja-kolory-bransoletek\/\" target=\"_blank\" rel=\"noopener\">Co oznaczaj\u0105 kolory bransoletek<\/a>? Bardzo modny \u017c\u00f3\u0142ty odnosi si\u0119 do s\u0142o\u0144ca i ciep\u0142a, dlatego nic dziwnego, \u017ce jest hitem lata. Kolor zielony symbolizuje blisko\u015b\u0107 natury i wewn\u0119trzny spok\u00f3j, natomiast pomara\u0144czowy &#8211; poczucie bezpiecze\u0144stwa. Czarny to godno\u015b\u0107 i pewno\u015b\u0107 siebie, a bia\u0142y to solidarno\u015b\u0107 z innymi i empatia.<\/p>\n<p>Je\u015bli bransoletka ma wyra\u017ca\u0107 Twoj\u0105 postaw\u0119 lub osobowo\u015b\u0107, przy jej wyborze koniecznie zwr\u00f3\u0107 uwag\u0119 na kolor. Wspomniane wy\u017cej barwy idealnie wpisuj\u0105 si\u0119 w obowi\u0105zuj\u0105ce trendy, a jednocze\u015bnie dobrze pasuj\u0105 do letnich stylizacji.<\/p>\n<p><strong>Obecnie w modzie jest styl quiet luxury, czyli odrobina luksusu na co dzie\u0144<\/strong>. Przejawia si\u0119 on mi\u0119dzy innymi w dodatkach bi\u017cuteryjnych. Nie chodzi o to, aby by\u0142y one z najwy\u017cszej p\u00f3\u0142ki cenowej, ale powinny prezentowa\u0107 si\u0119 majestatycznie. Nic wi\u0119c dziwnego, \u017ce <strong>najwi\u0119ksz\u0105 popularno\u015bci\u0105 ciesz\u0105 si\u0119 bransoletki na sztywnej ramie<\/strong>. Ten styl, cho\u0107 wydaje si\u0119 surowy i oczywisty, nie lubi nudy, a dodatkowo stawia na dobre samopoczucie. Bransoletka nie mo\u017ce by\u0107 wi\u0119c niewygodnym dodatkiem, kt\u00f3ry nosimy tylko po to, aby wygl\u0105da\u0107 dobrze.<\/p>\n<p>W\u015br\u00f3d licznych propozycji z pewno\u015bci\u0105 uda si\u0119 znale\u017a\u0107 tak\u0105, kt\u00f3ra spe\u0142ni Twoje oczekiwania estetyczne, a jednocze\u015bnie b\u0119dzie \u201cdrug\u0105 sk\u00f3r\u0105\u201d. <strong>Pami\u0119taj, \u017ce wiele modnych w 2026 roku bransoletek mo\u017cesz nosi\u0107 zar\u00f3wno do stylizacji casualowych, jak i eleganckich<\/strong>. Je\u015bli do bia\u0142ych szort\u00f3w i t-shirtu dobierzesz z\u0142ote sanda\u0142y i z\u0142ot\u0105 szerok\u0105 bransoletk\u0119, zyskasz efektowny, letni outfit. T\u0119 sam\u0105 ozdob\u0119 b\u0119dziesz mog\u0142a wykorzysta\u0107, wybieraj\u0105c si\u0119 na wesele w czerwonej sukience i z\u0142otych szpilkach.<\/p>\n<p><strong>Szukasz modnej bransoletki? Postaw na uniwersalizm od polskich marek na pakamera.pl!<\/strong><\/p>\n","protected":false},"excerpt":{"rendered":"<p>Bransoletka to jeden z dodatk\u00f3w bi\u017cuteryjnych, kt\u00f3ry znajduje si\u0119 w szkatu\u0142ce ka\u017cdej kobiety. Niekt\u00f3re preferuj\u0105 delikatne modele, inne ch\u0119tnie si\u0119gaj\u0105 po te bardziej wyraziste. A jakie s\u0105 modne w roku?<\/p>\n","protected":false},"author":16,"featured_media":11073,"comment_status":"closed","ping_status":"closed","sticky":false,"template":"","format":"standard","meta":{"footnotes":""},"categories":[3],"tags":[2030,401,2415,870],"class_list":["post-11057","post","type-post","status-publish","format-standard","has-post-thumbnail","hentry","category-moda","tag-bizuteria-z-perlami","tag-bransoletka","tag-bransoletka-na-sznurku","tag-pozlacana-bransoletka"],"yoast_head":"<!-- This site is optimized with the Yoast SEO plugin v21.6 - https:\/\/yoast.com\/wordpress\/plugins\/seo\/ -->\n<title>Jakie bransoletki s\u0105 modne w [year]? - Magazyn Pakamera.pl<\/title>\n<meta name=\"description\" content=\"Zastanawiasz si\u0119 jakie bransoletki s\u0105 teraz modne? Zobacz nasze podpowiedzi co wybra\u0107 w tym sezonie aby wygl\u0105da\u0107 stylowo.\" \/>\n<meta name=\"robots\" content=\"index, follow\" \/>\n<link rel=\"canonical\" href=\"https:\/\/www.pakamera.pl\/magazyn\/jakie-bransoletki-sa-modne-w-2024\/\" \/>\n<meta property=\"og:locale\" content=\"pl_PL\" \/>\n<meta property=\"og:type\" content=\"article\" \/>\n<meta property=\"og:title\" content=\"Jakie bransoletki s\u0105 modne w [year]? - Magazyn Pakamera.pl\" \/>\n<meta property=\"og:description\" content=\"Zastanawiasz si\u0119 jakie bransoletki s\u0105 teraz modne? Zobacz nasze podpowiedzi co wybra\u0107 w tym sezonie aby wygl\u0105da\u0107 stylowo.\" \/>\n<meta property=\"og:url\" content=\"https:\/\/www.pakamera.pl\/magazyn\/jakie-bransoletki-sa-modne-w-2024\/\" \/>\n<meta property=\"og:site_name\" content=\"Magazyn Pakamera.pl\" \/>\n<meta property=\"article:publisher\" content=\"https:\/\/facebook.com\/pakamerapl\" \/>\n<meta property=\"article:published_time\" content=\"2024-07-12T12:30:48+00:00\" \/>\n<meta property=\"article:modified_time\" content=\"2026-03-24T14:36:08+00:00\" \/>\n<meta property=\"og:image\" content=\"https:\/\/imgmag.pakamera.net\/2024\/07\/jakie-bransoletki-sa-modne-w-2024-144527199391.jpg\" \/>\n\t<meta property=\"og:image:width\" content=\"1600\" \/>\n\t<meta property=\"og:image:height\" content=\"840\" \/>\n\t<meta property=\"og:image:type\" content=\"image\/jpeg\" \/>\n<meta name=\"author\" content=\"Magda Strzelecka\" \/>\n<meta name=\"twitter:card\" content=\"summary_large_image\" \/>\n<meta name=\"twitter:label1\" content=\"Napisane przez\" \/>\n\t<meta name=\"twitter:data1\" content=\"Magda Strzelecka\" \/>\n\t<meta name=\"twitter:label2\" content=\"Szacowany czas czytania\" \/>\n\t<meta name=\"twitter:data2\" content=\"6 minut\" \/>\n<script type=\"application\/ld+json\" class=\"yoast-schema-graph\">{\"@context\":\"https:\/\/schema.org\",\"@graph\":[{\"@type\":\"Article\",\"@id\":\"https:\/\/www.pakamera.pl\/magazyn\/jakie-bransoletki-sa-modne-w-2024\/#article\",\"isPartOf\":{\"@id\":\"https:\/\/www.pakamera.pl\/magazyn\/jakie-bransoletki-sa-modne-w-2024\/\"},\"author\":{\"name\":\"Magda Strzelecka\",\"@id\":\"https:\/\/www.pakamera.pl\/magazyn\/#\/schema\/person\/375940ab821c5af50e1e31f1ec5282b5\"},\"headline\":\"Jakie bransoletki s\u0105 modne w 2026?\",\"datePublished\":\"2024-07-12T12:30:48+00:00\",\"dateModified\":\"2026-03-24T14:36:08+00:00\",\"mainEntityOfPage\":{\"@id\":\"https:\/\/www.pakamera.pl\/magazyn\/jakie-bransoletki-sa-modne-w-2024\/\"},\"wordCount\":1094,\"publisher\":{\"@id\":\"https:\/\/www.pakamera.pl\/magazyn\/#organization\"},\"keywords\":[\"bi\u017cuteria z per\u0142ami\",\"bransoletka\",\"bransoletka na sznurku\",\"poz\u0142acana bransoletka\"],\"articleSection\":[\"Moda\"],\"inLanguage\":\"pl-PL\"},{\"@type\":\"WebPage\",\"@id\":\"https:\/\/www.pakamera.pl\/magazyn\/jakie-bransoletki-sa-modne-w-2024\/\",\"url\":\"https:\/\/www.pakamera.pl\/magazyn\/jakie-bransoletki-sa-modne-w-2024\/\",\"name\":\"Jakie bransoletki s\u0105 modne w [year]? - Magazyn Pakamera.pl\",\"isPartOf\":{\"@id\":\"https:\/\/www.pakamera.pl\/magazyn\/#website\"},\"datePublished\":\"2024-07-12T12:30:48+00:00\",\"dateModified\":\"2026-03-24T14:36:08+00:00\",\"description\":\"Zastanawiasz si\u0119 jakie bransoletki s\u0105 teraz modne? Zobacz nasze podpowiedzi co wybra\u0107 w tym sezonie aby wygl\u0105da\u0107 stylowo.\",\"breadcrumb\":{\"@id\":\"https:\/\/www.pakamera.pl\/magazyn\/jakie-bransoletki-sa-modne-w-2024\/#breadcrumb\"},\"inLanguage\":\"pl-PL\",\"potentialAction\":[{\"@type\":\"ReadAction\",\"target\":[\"https:\/\/www.pakamera.pl\/magazyn\/jakie-bransoletki-sa-modne-w-2024\/\"]}]},{\"@type\":\"BreadcrumbList\",\"@id\":\"https:\/\/www.pakamera.pl\/magazyn\/jakie-bransoletki-sa-modne-w-2024\/#breadcrumb\",\"itemListElement\":[{\"@type\":\"ListItem\",\"position\":1,\"name\":\"Magazyn\",\"item\":\"https:\/\/www.pakamera.pl\/magazyn\/\"},{\"@type\":\"ListItem\",\"position\":2,\"name\":\"Moda\",\"item\":\"https:\/\/www.pakamera.pl\/magazyn\/category\/moda\/\"},{\"@type\":\"ListItem\",\"position\":3,\"name\":\"Jakie bransoletki s\u0105 modne w 2026?\"}]},{\"@type\":\"WebSite\",\"@id\":\"https:\/\/www.pakamera.pl\/magazyn\/#website\",\"url\":\"https:\/\/www.pakamera.pl\/magazyn\/\",\"name\":\"Magazyn Pakamera.pl\",\"description\":\"Sprawd\u017a najgor\u0119tsze tematy sezonu!\",\"publisher\":{\"@id\":\"https:\/\/www.pakamera.pl\/magazyn\/#organization\"},\"potentialAction\":[{\"@type\":\"SearchAction\",\"target\":{\"@type\":\"EntryPoint\",\"urlTemplate\":\"https:\/\/www.pakamera.pl\/magazyn\/?s={search_term_string}\"},\"query-input\":\"required name=search_term_string\"}],\"inLanguage\":\"pl-PL\"},{\"@type\":\"Organization\",\"@id\":\"https:\/\/www.pakamera.pl\/magazyn\/#organization\",\"name\":\"Pakamera.pl\",\"url\":\"https:\/\/www.pakamera.pl\/magazyn\/\",\"logo\":{\"@type\":\"ImageObject\",\"inLanguage\":\"pl-PL\",\"@id\":\"https:\/\/www.pakamera.pl\/magazyn\/#\/schema\/logo\/image\/\",\"url\":\"https:\/\/imgmag.pakamera.net\/2023\/11\/153455466619.png\",\"contentUrl\":\"https:\/\/imgmag.pakamera.net\/2023\/11\/153455466619.png\",\"width\":690,\"height\":140,\"caption\":\"Pakamera.pl\"},\"image\":{\"@id\":\"https:\/\/www.pakamera.pl\/magazyn\/#\/schema\/logo\/image\/\"},\"sameAs\":[\"https:\/\/facebook.com\/pakamerapl\",\"https:\/\/www.instagram.com\/pakamera\/\"]},{\"@type\":\"Person\",\"@id\":\"https:\/\/www.pakamera.pl\/magazyn\/#\/schema\/person\/375940ab821c5af50e1e31f1ec5282b5\",\"name\":\"Magda Strzelecka\",\"description\":\"Magda to nasza stylistka, kt\u00f3ra od ponad 10 lat \u015bci\u015ble zwi\u0105zana jest z mod\u0105. Uwielbia \u015bledzi\u0107 \u015bwiatowe trendy i przek\u0142ada\u0107 je na rynek polski. Kocha dobre sk\u0142ady ubra\u0144, wyj\u0105tkow\u0105 bi\u017cuteri\u0119 i dodatki kt\u00f3re o\u017cywi\u0105 ka\u017cd\u0105 stylizacj\u0119.\"}]}<\/script>\n<!-- \/ Yoast SEO plugin. -->","yoast_head_json":{"title":"Jakie bransoletki s\u0105 modne w [year]? - Magazyn Pakamera.pl","description":"Zastanawiasz si\u0119 jakie bransoletki s\u0105 teraz modne? Zobacz nasze podpowiedzi co wybra\u0107 w tym sezonie aby wygl\u0105da\u0107 stylowo.","robots":{"index":"index","follow":"follow"},"canonical":"https:\/\/www.pakamera.pl\/magazyn\/jakie-bransoletki-sa-modne-w-2024\/","og_locale":"pl_PL","og_type":"article","og_title":"Jakie bransoletki s\u0105 modne w [year]? - Magazyn Pakamera.pl","og_description":"Zastanawiasz si\u0119 jakie bransoletki s\u0105 teraz modne? Zobacz nasze podpowiedzi co wybra\u0107 w tym sezonie aby wygl\u0105da\u0107 stylowo.","og_url":"https:\/\/www.pakamera.pl\/magazyn\/jakie-bransoletki-sa-modne-w-2024\/","og_site_name":"Magazyn Pakamera.pl","article_publisher":"https:\/\/facebook.com\/pakamerapl","article_published_time":"2024-07-12T12:30:48+00:00","article_modified_time":"2026-03-24T14:36:08+00:00","og_image":[{"width":1600,"height":840,"url":"https:\/\/imgmag.pakamera.net\/2024\/07\/jakie-bransoletki-sa-modne-w-2024-144527199391.jpg","type":"image\/jpeg"}],"author":"Magda Strzelecka","twitter_card":"summary_large_image","twitter_misc":{"Napisane przez":"Magda Strzelecka","Szacowany czas czytania":"6 minut"},"schema":{"@context":"https:\/\/schema.org","@graph":[{"@type":"Article","@id":"https:\/\/www.pakamera.pl\/magazyn\/jakie-bransoletki-sa-modne-w-2024\/#article","isPartOf":{"@id":"https:\/\/www.pakamera.pl\/magazyn\/jakie-bransoletki-sa-modne-w-2024\/"},"author":{"name":"Magda Strzelecka","@id":"https:\/\/www.pakamera.pl\/magazyn\/#\/schema\/person\/375940ab821c5af50e1e31f1ec5282b5"},"headline":"Jakie bransoletki s\u0105 modne w 2026?","datePublished":"2024-07-12T12:30:48+00:00","dateModified":"2026-03-24T14:36:08+00:00","mainEntityOfPage":{"@id":"https:\/\/www.pakamera.pl\/magazyn\/jakie-bransoletki-sa-modne-w-2024\/"},"wordCount":1094,"publisher":{"@id":"https:\/\/www.pakamera.pl\/magazyn\/#organization"},"keywords":["bi\u017cuteria z per\u0142ami","bransoletka","bransoletka na sznurku","poz\u0142acana bransoletka"],"articleSection":["Moda"],"inLanguage":"pl-PL"},{"@type":"WebPage","@id":"https:\/\/www.pakamera.pl\/magazyn\/jakie-bransoletki-sa-modne-w-2024\/","url":"https:\/\/www.pakamera.pl\/magazyn\/jakie-bransoletki-sa-modne-w-2024\/","name":"Jakie bransoletki s\u0105 modne w [year]? - Magazyn Pakamera.pl","isPartOf":{"@id":"https:\/\/www.pakamera.pl\/magazyn\/#website"},"datePublished":"2024-07-12T12:30:48+00:00","dateModified":"2026-03-24T14:36:08+00:00","description":"Zastanawiasz si\u0119 jakie bransoletki s\u0105 teraz modne? Zobacz nasze podpowiedzi co wybra\u0107 w tym sezonie aby wygl\u0105da\u0107 stylowo.","breadcrumb":{"@id":"https:\/\/www.pakamera.pl\/magazyn\/jakie-bransoletki-sa-modne-w-2024\/#breadcrumb"},"inLanguage":"pl-PL","potentialAction":[{"@type":"ReadAction","target":["https:\/\/www.pakamera.pl\/magazyn\/jakie-bransoletki-sa-modne-w-2024\/"]}]},{"@type":"BreadcrumbList","@id":"https:\/\/www.pakamera.pl\/magazyn\/jakie-bransoletki-sa-modne-w-2024\/#breadcrumb","itemListElement":[{"@type":"ListItem","position":1,"name":"Magazyn","item":"https:\/\/www.pakamera.pl\/magazyn\/"},{"@type":"ListItem","position":2,"name":"Moda","item":"https:\/\/www.pakamera.pl\/magazyn\/category\/moda\/"},{"@type":"ListItem","position":3,"name":"Jakie bransoletki s\u0105 modne w 2026?"}]},{"@type":"WebSite","@id":"https:\/\/www.pakamera.pl\/magazyn\/#website","url":"https:\/\/www.pakamera.pl\/magazyn\/","name":"Magazyn Pakamera.pl","description":"Sprawd\u017a najgor\u0119tsze tematy sezonu!","publisher":{"@id":"https:\/\/www.pakamera.pl\/magazyn\/#organization"},"potentialAction":[{"@type":"SearchAction","target":{"@type":"EntryPoint","urlTemplate":"https:\/\/www.pakamera.pl\/magazyn\/?s={search_term_string}"},"query-input":"required name=search_term_string"}],"inLanguage":"pl-PL"},{"@type":"Organization","@id":"https:\/\/www.pakamera.pl\/magazyn\/#organization","name":"Pakamera.pl","url":"https:\/\/www.pakamera.pl\/magazyn\/","logo":{"@type":"ImageObject","inLanguage":"pl-PL","@id":"https:\/\/www.pakamera.pl\/magazyn\/#\/schema\/logo\/image\/","url":"https:\/\/imgmag.pakamera.net\/2023\/11\/153455466619.png","contentUrl":"https:\/\/imgmag.pakamera.net\/2023\/11\/153455466619.png","width":690,"height":140,"caption":"Pakamera.pl"},"image":{"@id":"https:\/\/www.pakamera.pl\/magazyn\/#\/schema\/logo\/image\/"},"sameAs":["https:\/\/facebook.com\/pakamerapl","https:\/\/www.instagram.com\/pakamera\/"]},{"@type":"Person","@id":"https:\/\/www.pakamera.pl\/magazyn\/#\/schema\/person\/375940ab821c5af50e1e31f1ec5282b5","name":"Magda Strzelecka","description":"Magda to nasza stylistka, kt\u00f3ra od ponad 10 lat \u015bci\u015ble zwi\u0105zana jest z mod\u0105. Uwielbia \u015bledzi\u0107 \u015bwiatowe trendy i przek\u0142ada\u0107 je na rynek polski. Kocha dobre sk\u0142ady ubra\u0144, wyj\u0105tkow\u0105 bi\u017cuteri\u0119 i dodatki kt\u00f3re o\u017cywi\u0105 ka\u017cd\u0105 stylizacj\u0119."}]}},"_links":{"self":[{"href":"https:\/\/www.pakamera.pl\/magazyn\/wp-json\/wp\/v2\/posts\/11057","targetHints":{"allow":["GET"]}}],"collection":[{"href":"https:\/\/www.pakamera.pl\/magazyn\/wp-json\/wp\/v2\/posts"}],"about":[{"href":"https:\/\/www.pakamera.pl\/magazyn\/wp-json\/wp\/v2\/types\/post"}],"author":[{"embeddable":true,"href":"https:\/\/www.pakamera.pl\/magazyn\/wp-json\/wp\/v2\/users\/16"}],"replies":[{"embeddable":true,"href":"https:\/\/www.pakamera.pl\/magazyn\/wp-json\/wp\/v2\/comments?post=11057"}],"version-history":[{"count":3,"href":"https:\/\/www.pakamera.pl\/magazyn\/wp-json\/wp\/v2\/posts\/11057\/revisions"}],"predecessor-version":[{"id":14591,"href":"https:\/\/www.pakamera.pl\/magazyn\/wp-json\/wp\/v2\/posts\/11057\/revisions\/14591"}],"wp:featuredmedia":[{"embeddable":true,"href":"https:\/\/www.pakamera.pl\/magazyn\/wp-json\/wp\/v2\/media\/11073"}],"wp:attachment":[{"href":"https:\/\/www.pakamera.pl\/magazyn\/wp-json\/wp\/v2\/media?parent=11057"}],"wp:term":[{"taxonomy":"category","embeddable":true,"href":"https:\/\/www.pakamera.pl\/magazyn\/wp-json\/wp\/v2\/categories?post=11057"},{"taxonomy":"post_tag","embeddable":true,"href":"https:\/\/www.pakamera.pl\/magazyn\/wp-json\/wp\/v2\/tags?post=11057"}],"curies":[{"name":"wp","href":"https:\/\/api.w.org\/{rel}","templated":true}]}}