{"id":11041,"date":"2024-07-07T15:30:26","date_gmt":"2024-07-07T13:30:26","guid":{"rendered":"https:\/\/www.pakamera.pl\/magazyn\/?p=11041"},"modified":"2026-04-03T16:55:41","modified_gmt":"2026-04-03T14:55:41","slug":"z-czym-laczyc-hematyt","status":"publish","type":"post","link":"https:\/\/www.pakamera.pl\/magazyn\/z-czym-laczyc-hematyt\/","title":{"rendered":"Z czym \u0142\u0105czy\u0107 hematyt?"},"content":{"rendered":"<p><strong>Hematyt to kamie\u0144 naturalny, kt\u00f3ry powszechnie wykorzystuje si\u0119 do produkcji bi\u017cuterii m\u0119skiej i damskiej. Ma bardzo ciekawy, ciemny kolor, przez kt\u00f3ry przebija si\u0119 delikatna smuga czerwieni. Nie bez powodu cieszy si\u0119 tak du\u017c\u0105 popularno\u015bci\u0105 &#8211; jest nie tylko atrakcyjny wizualnie, ale r\u00f3wnie\u017c posiada liczne w\u0142a\u015bciwo\u015bci. Jak \u0142\u0105czy\u0107 go z innymi kamieniami i jak nosi\u0107 na co dzie\u0144?<\/strong><br \/>\n<!--more--><\/p>\n<figure id=\"attachment_11043\" aria-describedby=\"caption-attachment-11043\" style=\"width: 1600px\" class=\"wp-caption alignnone\"><img loading=\"lazy\" decoding=\"async\" class=\"wp-image-11043 size-full\" src=\"https:\/\/imgmag.pakamera.net\/2024\/07\/z-czym-laczyc-hematyt-161226635067.jpg\" alt=\"hematyt z czym \u0142\u0105czy\u0107\" width=\"1600\" height=\"840\" \/><figcaption id=\"caption-attachment-11043\" class=\"wp-caption-text\">Bransoletka z agatem i hematytem &#8211; Autumn Forest V \/ REVEAL \/ www.pakamera.pl<\/figcaption><\/figure>\n<h2>Hematyt: z czym go najlepiej \u0142\u0105czy\u0107?<\/h2>\n<p>Wielbiciele nietuzinkowej bi\u017cuterii z pewno\u015bci\u0105 zwr\u00f3c\u0105 uwag\u0119 na kamie\u0144, jakim jest hematyt. Z czym \u0142\u0105czy\u0107 go, \u017ceby uzyska\u0107 estetyczny efekt, a jednocze\u015bnie zachowa\u0107 wszelkie w\u0142a\u015bciwo\u015bci? Z punktu widzenia estetyki<strong> hematyt pi\u0119knie komponuje si\u0119 z ja\u015bniejszymi kamieniami, takimi jak na przyk\u0142ad per\u0142y<\/strong>. Jego ciemny kolor idealnie prze\u0142amuje blask pere\u0142, dzi\u0119ki czemu ca\u0142o\u015b\u0107 jest nie tylko efektowna, ale i ciekawa pod wzgl\u0119dem wizualnym. <strong>Wszelkiego rodzaju ja\u015bniejsze dodatki b\u0119d\u0105 \u015bwietnym wyborem, je\u015bli chcemy uzyska\u0107 swoist\u0105 r\u00f3wnowag\u0119 Yin i Yang<\/strong>.<\/p>\n<p>Je\u015bli jednak bli\u017cej przyjrzymy si\u0119 kamieniom, dostrze\u017cemy, \u017ce <strong>maj\u0105 one swoje ukryte w\u0142a\u015bciwo\u015bci, a niekt\u00f3rzy przypisuj\u0105 im nawet pewne moce<\/strong>. Ju\u017c w staro\u017cytno\u015bci dokonano podzia\u0142u minera\u0142\u00f3w na 3 podstawowe grupy: planet, ch\u00f3ru gwiezdnego, ch\u00f3ru ziemskiego. Uwa\u017cano, \u017ce poszczeg\u00f3lnych rodzaj\u00f3w nie nale\u017cy ze sob\u0105 miesza\u0107, gdy\u017c w najlepszym przypadku b\u0119d\u0105 one wzajemnie zwalcza\u0107 swoje cechy. Niekt\u00f3re po\u0142\u0105czenia bywaj\u0105 wr\u0119cz szkodliwe, dlatego tym bardziej nie powinno si\u0119 zak\u0142\u00f3ca\u0107 naturalnego porz\u0105dku.<\/p>\n<div id=\"pakawidget1437\" class=\"pakawidget\"><\/div>\n<p><script async defer src=\"https:\/\/www.pakamera.pl\/widget\/widget2.min.js?id=1437&#038;type=20240705161528&#038;wwidth=1000\"><\/script><br \/>\nGdzie w tym wszystkim jest hematyt? <strong>Nale\u017cy on do ch\u00f3ru ziemskiego, podobnie jak per\u0142y, dlatego ponownie &#8211; warto po\u0142\u0105czy\u0107 ze sob\u0105 te kamienie<\/strong>. Ta koncepcja jest istotna szczeg\u00f3lnie dla os\u00f3b, kt\u00f3re chc\u0105 w spos\u00f3b \u015bwiadomy wybiera\u0107 dodatki bi\u017cuteryjne.<\/p>\n<p>A je\u015bli lubisz minera\u0142y i ich niezwykle moce koniecznie sprawd\u017a <a href=\"https:\/\/www.pakamera.pl\/magazyn\/malachit-wlasciwosci-i-znaczenie\/\" target=\"_blank\" rel=\"noopener\">jakie w\u0142a\u015bciwo\u015bci ma malachit<\/a>.<\/p>\n<h2>Jak \u0142\u0105czy\u0107 hematyt, by podkre\u015bli\u0107 jego urok?<\/h2>\n<p>Hematyt jest niezwykle ciekawym, ale dla niekt\u00f3rych ci\u0119\u017cszym w odbiorze kamieniem. <a href=\"https:\/\/www.pakamera.pl\/bizuteria-komplety-0-1832.htm\" target=\"_blank\" rel=\"noopener\">Komplet bi\u017cuterii<\/a> wykonany wy\u0142\u0105cznie z tego minera\u0142u mo\u017ce wydawa\u0107 si\u0119 zbyt ciemny, dlatego warto prze\u0142ama\u0107 go per\u0142owym dodatkiem. A je\u015bli chcesz wydoby\u0107 jego energetyczne moce koniecznie sprawd\u017a <a href=\"https:\/\/www.pakamera.pl\/magazyn\/krysztal-gorski-wlasciwosci-znaczenie-i-dzialanie\/\" target=\"_blank\" rel=\"noopener\">jakie w\u0142a\u015bciwo\u015bci ma kryszta\u0142 g\u00f3rski<\/a> i po\u0142\u0105cz te dwa kamienie w duet idealny. <strong>Je\u015bli jednak intensywne barwy nie s\u0105 przeszkod\u0105, warto po\u0142\u0105czy\u0107 hematyt z czarnym turmalinem<\/strong>.<\/p>\n<p><strong>Chc\u0105c podkre\u015bli\u0107 czerwone akcenty, jakie wyst\u0119puj\u0105 w hematycie, si\u0119gnij po czerwone kamienie<\/strong>, kt\u00f3re je uwypuklaj\u0105.<strong> Hematyt pi\u0119knie wygl\u0105da w zestawieniu z jasnymi kryszta\u0142ami<\/strong>. Niekt\u00f3rzy uwa\u017caj\u0105, \u017ce s\u0105 to jedyne kamienie, obok kt\u00f3rych powinien sta\u0107 hematyt. Wszystko dlatego, \u017ce roz\u0142adowuje on inne kamienie, oddzia\u0142uj\u0105c na nie w niekorzystny spos\u00f3b. Ta teoria pozostaje jednak kwesti\u0105 indywidualnej oceny pod k\u0105tem tego, czego w\u0142a\u015bciwie oczekujemy od bi\u017cuterii.<\/p>\n<h2>Hematyt w stylizacjach: praktyczne porady<\/h2>\n<p><a href=\"https:\/\/www.pakamera.pl\/hematyt-0-t1225.htm\" target=\"_blank\" rel=\"noopener\">Bi\u017cuteria z hematytu<\/a> b\u0119dzie idealnym dodatkiem do codziennych stylizacji. <strong>Podkre\u015bli ciemniejsze akcenty, ale te\u017c delikatnie prze\u0142amie ja\u015bniejsze stroje<\/strong>. Do prostych, letnich outfit\u00f3w \u015bwietnie sprawdz\u0105 si\u0119 bransoletki z hematytu, kt\u00f3re wyposa\u017cone w zawieszk\u0119 prezentuj\u0105 si\u0119 uroczo. Mo\u017cesz je nosi\u0107 zar\u00f3wno do jasnych jeans\u00f3w i koszulek, jak i klasycznych, ciemniejszych sukienek.<\/p>\n<figure id=\"attachment_11042\" aria-describedby=\"caption-attachment-11042\" style=\"width: 1600px\" class=\"wp-caption alignnone\"><img loading=\"lazy\" decoding=\"async\" class=\"wp-image-11042 size-full\" src=\"https:\/\/imgmag.pakamera.net\/2024\/07\/z-czym-laczyc-hematyt-161226117683.jpg\" alt=\"bransoletka z hematytem, rubinem i onyksem\" width=\"1600\" height=\"840\" \/><figcaption id=\"caption-attachment-11042\" class=\"wp-caption-text\">Bransoletka mi\u0142o\u015bci i nami\u0119tno\u015bci z Rubinem \/ Kulka Bransoletki \/ www.pakamera.pl<\/figcaption><\/figure>\n<p>Tymczasem <strong>naszyjniki z hematytem najefektowniej wygl\u0105daj\u0105 w towarzystwie bluzek i sukienek z g\u0142\u0119bokim dekoltem<\/strong>. Bez wzgl\u0119du na to, czy wybierzesz kamie\u0144 o kszta\u0142cie serca, czy te\u017c nieco bardziej surowy wz\u00f3r, z pewno\u015bci\u0105 zwr\u00f3cisz uwag\u0119 przechodni\u00f3w.<\/p>\n<p>Dla fanek klasycznego manicure doskona\u0142ym wyborem b\u0119dzie pier\u015bcionek z hematytem, kt\u00f3ry w ciekawy spos\u00f3b prze\u0142amie og\u00f3ln\u0105 koncepcj\u0119. A mo\u017ce lubisz <strong>rockowe klimaty? Je\u015bli tak, koniecznie postaw na naszyjnik typu choker<\/strong> lub delikatn\u0105 bransoletk\u0119, kt\u00f3ra podkre\u015bli ka\u017cd\u0105 stylizacj\u0119. Kamie\u0144 ten b\u0119dzie dobrym uzupe\u0142nieniem eleganckich stroj\u00f3w, ale w takim przypadku trzeba si\u0119gn\u0105\u0107 po klasyk\u0119, czyli po\u0142\u0105czy\u0107 go ze z\u0142otem lub srebrem.<\/p>\n<h2>Najlepsze kombinacje z hematytem<\/h2>\n<p>Je\u015bli chodzi o hematyt, \u0142\u0105czenie go z innymi kamieniami nie jest szczeg\u00f3lnie trudn\u0105 sztuk\u0105. W pierwszej kolejno\u015bci oce\u0144, jaki efekt chcesz uzyska\u0107 i do czego w\u0142a\u015bciwie za\u0142o\u017cy\u0107 bi\u017cuteri\u0119. Je\u015bli <strong>stawiasz na klasyk\u0119, wybierz per\u0142y lub kryszta\u0142y<\/strong>. Warto r\u00f3wnie\u017c po\u0142\u0105czy\u0107 go ze z\u0142otem, cho\u0107 takie rozwi\u0105zanie sprawdza si\u0119 g\u0142\u00f3wnie w przypadku pier\u015bcionk\u00f3w i bransoletek.<\/p>\n<div id=\"pakawidget1438\" class=\"pakawidget\"><\/div>\n<p><script async defer src=\"https:\/\/www.pakamera.pl\/widget\/widget2.min.js?id=1438&#038;type=20240705161821&#038;wwidth=1000\"><\/script><br \/>\nTymczasem <strong>kobiety, kt\u00f3re lubi\u0105 ciemniejsze tonacje, powinny postawi\u0107 na czarny turmalin<\/strong>. Tego typu bi\u017cuteria prezentuje si\u0119 ciekawie w stylizacjach basic, ale te\u017c minimalistycznych. Zobacz te\u017c <a href=\"https:\/\/www.pakamera.pl\/magazyn\/z-czym-laczyc-czarny-turmalin-a-z-czym-nie\/\" target=\"_blank\" rel=\"noopener\">z czym \u0142\u0105czy\u0107 czarny turmalin<\/a>.<\/p>\n<p>Najwa\u017cniejsze jest zachowanie proporcji, kt\u00f3re sprawiaj\u0105, \u017ce ca\u0142o\u015b\u0107 nabiera mniej lub bardziej oficjalnego charakteru. Je\u015bli <strong>zale\u017cy Ci na bi\u017cuterii uniwersalnej, po\u0142\u0105cz hematyt z innymi kamieniami w stosunku 1:1<\/strong>. Uzyskasz po\u017c\u0105dany efekt, a jednocze\u015bnie wyposa\u017cysz swoj\u0105 szkatu\u0142k\u0119 w pi\u0119kne dodatki bi\u017cuteryjne.<\/p>\n<h2>Hematyt: uniwersalno\u015b\u0107 w bi\u017cuterii<\/h2>\n<p>Hematyt zapewne nie jest pierwszym (ani nawet drugim) skojarzeniem, kt\u00f3re przysz\u0142o Ci do g\u0142owy na my\u015bl kamieniach naturalnych. Nie oznacza to jednak, \u017ce nie sprawdzi si\u0119 jako bi\u017cuteria. Wr\u0119cz przeciwnie! Je\u015bli kupuj\u0105c r\u00f3\u017cnego rodzaju dodatki, zastanawiasz si\u0119, <a href=\"https:\/\/www.pakamera.pl\/magazyn\/co-oznaczaja-kamienie-szlachetne-w-bizuterii\/\" target=\"_blank\" rel=\"noopener\">co oznaczaj\u0105 kamienie w bi\u017cuterii<\/a>, chc\u0105c wykorzysta\u0107 ich moc, hematyt b\u0119dzie dobrym wyborem.<\/p>\n<p><strong>Symbolizuje on jasno\u015b\u0107 umys\u0142u i zdolno\u015b\u0107 postrzegania. Wielu uznaje go za \u017ar\u00f3d\u0142o spokoju i opanowania<\/strong>, kt\u00f3re daj\u0105 wewn\u0119trzn\u0105 si\u0142\u0119. Dawniej wierzono, \u017ce ma on <strong>zdolno\u015b\u0107 ochrony cia\u0142a przed si\u0142ami nadprzyrodzonymi<\/strong>. Z tych wszystkich benefit\u00f3w mog\u0105 korzysta\u0107 osoby, kt\u00f3re na co dzie\u0144 wybieraj\u0105 bi\u017cuteri\u0119 z hematytu.<\/p>\n<p><strong>Cho\u0107 warto go po\u0142\u0105czy\u0107 z innymi kamieniami, bardzo efektownie prezentuje si\u0119 r\u00f3wnie\u017c solo<\/strong>. Jego wyrazisty, czarny kolor i metaliczny blask podkre\u015blaj\u0105 pewno\u015b\u0107 siebie. Nie bez powodu znajduje on zastosowanie nie tylko w produkcji bi\u017cuterii damskiej, ale r\u00f3wnie\u017c m\u0119skiej.<\/p>\n<p><strong>Panowie ch\u0119tnie wybieraj\u0105 dodatki z hematytu<\/strong>, gdy\u017c pozwalaj\u0105 im zaakceptowa\u0107 to, co najwa\u017cniejsze w ich charakterze i sposobie ubioru. Hematyt znajduje zastosowanie przede wszystkim na co dzie\u0144, ale nie ma przeszk\u00f3d, by dobra\u0107 go r\u00f3wnie\u017c do eleganckich stroj\u00f3w. Wystarczy tylko odpowiednio \u201cz\u0142agodzi\u0107\u201d go srebrem lub z\u0142otem, a uzyskane efekty z pewno\u015bci\u0105 spe\u0142ni\u0105 oczekiwania nawet najbardziej wymagaj\u0105cych. W wersji klasycznej dobrym po\u0142\u0105czeniem jest r\u00f3wnie\u017c hematyt z per\u0142ami, kt\u00f3re delikatnie \u0142agodz\u0105 jego surowy wygl\u0105d.<\/p>\n","protected":false},"excerpt":{"rendered":"<p>Hematyt to kamie\u0144 naturalny, kt\u00f3ry powszechnie wykorzystuje si\u0119 do produkcji bi\u017cuterii m\u0119skiej i damskiej. Ma bardzo ciekawy, ciemny kolor, przez kt\u00f3ry przebija si\u0119 delikatna smuga czerwieni. Nie bez powodu cieszy<span class=\"more-dots\">&#8230;<\/span><\/p>\n","protected":false},"author":16,"featured_media":11043,"comment_status":"closed","ping_status":"closed","sticky":false,"template":"","format":"standard","meta":{"footnotes":""},"categories":[3],"tags":[2253,2576,2367,2515],"class_list":["post-11041","post","type-post","status-publish","format-standard","has-post-thumbnail","hentry","category-moda","tag-bizuteria-z-kamieniami-szlachetnymi","tag-hematyt","tag-kamienie-szlachetne","tag-moc-kamieni"],"yoast_head":"<!-- This site is optimized with the Yoast SEO plugin v21.6 - https:\/\/yoast.com\/wordpress\/plugins\/seo\/ -->\n<title>Z czym \u0142\u0105czy\u0107 hematyt? - Magazyn Pakamera.pl<\/title>\n<meta name=\"description\" content=\"Zastanawiasz si\u0119 z czym \u0142\u0105czy\u0107 hematyt? Zobacz nasze propozycje \u0142\u0105czenia kamieni szlachetnych oraz wyb\u00f3r kruszcu aby po\u0142\u0105czenie by\u0142o idealne.\" \/>\n<meta name=\"robots\" content=\"index, follow\" \/>\n<link rel=\"canonical\" href=\"https:\/\/www.pakamera.pl\/magazyn\/z-czym-laczyc-hematyt\/\" \/>\n<meta property=\"og:locale\" content=\"pl_PL\" \/>\n<meta property=\"og:type\" content=\"article\" \/>\n<meta property=\"og:title\" content=\"Z czym \u0142\u0105czy\u0107 hematyt? - Magazyn Pakamera.pl\" \/>\n<meta property=\"og:description\" content=\"Zastanawiasz si\u0119 z czym \u0142\u0105czy\u0107 hematyt? Zobacz nasze propozycje \u0142\u0105czenia kamieni szlachetnych oraz wyb\u00f3r kruszcu aby po\u0142\u0105czenie by\u0142o idealne.\" \/>\n<meta property=\"og:url\" content=\"https:\/\/www.pakamera.pl\/magazyn\/z-czym-laczyc-hematyt\/\" \/>\n<meta property=\"og:site_name\" content=\"Magazyn Pakamera.pl\" \/>\n<meta property=\"article:publisher\" content=\"https:\/\/facebook.com\/pakamerapl\" \/>\n<meta property=\"article:published_time\" content=\"2024-07-07T13:30:26+00:00\" \/>\n<meta property=\"article:modified_time\" content=\"2026-04-03T14:55:41+00:00\" \/>\n<meta property=\"og:image\" content=\"https:\/\/imgmag.pakamera.net\/2024\/07\/z-czym-laczyc-hematyt-161226635067.jpg\" \/>\n\t<meta property=\"og:image:width\" content=\"1600\" \/>\n\t<meta property=\"og:image:height\" content=\"840\" \/>\n\t<meta property=\"og:image:type\" content=\"image\/jpeg\" \/>\n<meta name=\"author\" content=\"Magda Strzelecka\" \/>\n<meta name=\"twitter:card\" content=\"summary_large_image\" \/>\n<meta name=\"twitter:label1\" content=\"Napisane przez\" \/>\n\t<meta name=\"twitter:data1\" content=\"Magda Strzelecka\" \/>\n\t<meta name=\"twitter:label2\" content=\"Szacowany czas czytania\" \/>\n\t<meta name=\"twitter:data2\" content=\"6 minut\" \/>\n<script type=\"application\/ld+json\" class=\"yoast-schema-graph\">{\"@context\":\"https:\/\/schema.org\",\"@graph\":[{\"@type\":\"Article\",\"@id\":\"https:\/\/www.pakamera.pl\/magazyn\/z-czym-laczyc-hematyt\/#article\",\"isPartOf\":{\"@id\":\"https:\/\/www.pakamera.pl\/magazyn\/z-czym-laczyc-hematyt\/\"},\"author\":{\"name\":\"Magda Strzelecka\",\"@id\":\"https:\/\/www.pakamera.pl\/magazyn\/#\/schema\/person\/375940ab821c5af50e1e31f1ec5282b5\"},\"headline\":\"Z czym \u0142\u0105czy\u0107 hematyt?\",\"datePublished\":\"2024-07-07T13:30:26+00:00\",\"dateModified\":\"2026-04-03T14:55:41+00:00\",\"mainEntityOfPage\":{\"@id\":\"https:\/\/www.pakamera.pl\/magazyn\/z-czym-laczyc-hematyt\/\"},\"wordCount\":1136,\"publisher\":{\"@id\":\"https:\/\/www.pakamera.pl\/magazyn\/#organization\"},\"keywords\":[\"bi\u017cuteria z kamieniami szlachetnymi\",\"hematyt\",\"kamienie szlachetne\",\"moc kamieni\"],\"articleSection\":[\"Moda\"],\"inLanguage\":\"pl-PL\"},{\"@type\":\"WebPage\",\"@id\":\"https:\/\/www.pakamera.pl\/magazyn\/z-czym-laczyc-hematyt\/\",\"url\":\"https:\/\/www.pakamera.pl\/magazyn\/z-czym-laczyc-hematyt\/\",\"name\":\"Z czym \u0142\u0105czy\u0107 hematyt? - Magazyn Pakamera.pl\",\"isPartOf\":{\"@id\":\"https:\/\/www.pakamera.pl\/magazyn\/#website\"},\"datePublished\":\"2024-07-07T13:30:26+00:00\",\"dateModified\":\"2026-04-03T14:55:41+00:00\",\"description\":\"Zastanawiasz si\u0119 z czym \u0142\u0105czy\u0107 hematyt? Zobacz nasze propozycje \u0142\u0105czenia kamieni szlachetnych oraz wyb\u00f3r kruszcu aby po\u0142\u0105czenie by\u0142o idealne.\",\"breadcrumb\":{\"@id\":\"https:\/\/www.pakamera.pl\/magazyn\/z-czym-laczyc-hematyt\/#breadcrumb\"},\"inLanguage\":\"pl-PL\",\"potentialAction\":[{\"@type\":\"ReadAction\",\"target\":[\"https:\/\/www.pakamera.pl\/magazyn\/z-czym-laczyc-hematyt\/\"]}]},{\"@type\":\"BreadcrumbList\",\"@id\":\"https:\/\/www.pakamera.pl\/magazyn\/z-czym-laczyc-hematyt\/#breadcrumb\",\"itemListElement\":[{\"@type\":\"ListItem\",\"position\":1,\"name\":\"Magazyn\",\"item\":\"https:\/\/www.pakamera.pl\/magazyn\/\"},{\"@type\":\"ListItem\",\"position\":2,\"name\":\"Moda\",\"item\":\"https:\/\/www.pakamera.pl\/magazyn\/category\/moda\/\"},{\"@type\":\"ListItem\",\"position\":3,\"name\":\"Z czym \u0142\u0105czy\u0107 hematyt?\"}]},{\"@type\":\"WebSite\",\"@id\":\"https:\/\/www.pakamera.pl\/magazyn\/#website\",\"url\":\"https:\/\/www.pakamera.pl\/magazyn\/\",\"name\":\"Magazyn Pakamera.pl\",\"description\":\"Sprawd\u017a najgor\u0119tsze tematy sezonu!\",\"publisher\":{\"@id\":\"https:\/\/www.pakamera.pl\/magazyn\/#organization\"},\"potentialAction\":[{\"@type\":\"SearchAction\",\"target\":{\"@type\":\"EntryPoint\",\"urlTemplate\":\"https:\/\/www.pakamera.pl\/magazyn\/?s={search_term_string}\"},\"query-input\":\"required name=search_term_string\"}],\"inLanguage\":\"pl-PL\"},{\"@type\":\"Organization\",\"@id\":\"https:\/\/www.pakamera.pl\/magazyn\/#organization\",\"name\":\"Pakamera.pl\",\"url\":\"https:\/\/www.pakamera.pl\/magazyn\/\",\"logo\":{\"@type\":\"ImageObject\",\"inLanguage\":\"pl-PL\",\"@id\":\"https:\/\/www.pakamera.pl\/magazyn\/#\/schema\/logo\/image\/\",\"url\":\"https:\/\/imgmag.pakamera.net\/2023\/11\/153455466619.png\",\"contentUrl\":\"https:\/\/imgmag.pakamera.net\/2023\/11\/153455466619.png\",\"width\":690,\"height\":140,\"caption\":\"Pakamera.pl\"},\"image\":{\"@id\":\"https:\/\/www.pakamera.pl\/magazyn\/#\/schema\/logo\/image\/\"},\"sameAs\":[\"https:\/\/facebook.com\/pakamerapl\",\"https:\/\/www.instagram.com\/pakamera\/\"]},{\"@type\":\"Person\",\"@id\":\"https:\/\/www.pakamera.pl\/magazyn\/#\/schema\/person\/375940ab821c5af50e1e31f1ec5282b5\",\"name\":\"Magda Strzelecka\",\"description\":\"Magda to nasza stylistka, kt\u00f3ra od ponad 10 lat \u015bci\u015ble zwi\u0105zana jest z mod\u0105. Uwielbia \u015bledzi\u0107 \u015bwiatowe trendy i przek\u0142ada\u0107 je na rynek polski. Kocha dobre sk\u0142ady ubra\u0144, wyj\u0105tkow\u0105 bi\u017cuteri\u0119 i dodatki kt\u00f3re o\u017cywi\u0105 ka\u017cd\u0105 stylizacj\u0119.\"}]}<\/script>\n<!-- \/ Yoast SEO plugin. -->","yoast_head_json":{"title":"Z czym \u0142\u0105czy\u0107 hematyt? - Magazyn Pakamera.pl","description":"Zastanawiasz si\u0119 z czym \u0142\u0105czy\u0107 hematyt? Zobacz nasze propozycje \u0142\u0105czenia kamieni szlachetnych oraz wyb\u00f3r kruszcu aby po\u0142\u0105czenie by\u0142o idealne.","robots":{"index":"index","follow":"follow"},"canonical":"https:\/\/www.pakamera.pl\/magazyn\/z-czym-laczyc-hematyt\/","og_locale":"pl_PL","og_type":"article","og_title":"Z czym \u0142\u0105czy\u0107 hematyt? - Magazyn Pakamera.pl","og_description":"Zastanawiasz si\u0119 z czym \u0142\u0105czy\u0107 hematyt? Zobacz nasze propozycje \u0142\u0105czenia kamieni szlachetnych oraz wyb\u00f3r kruszcu aby po\u0142\u0105czenie by\u0142o idealne.","og_url":"https:\/\/www.pakamera.pl\/magazyn\/z-czym-laczyc-hematyt\/","og_site_name":"Magazyn Pakamera.pl","article_publisher":"https:\/\/facebook.com\/pakamerapl","article_published_time":"2024-07-07T13:30:26+00:00","article_modified_time":"2026-04-03T14:55:41+00:00","og_image":[{"width":1600,"height":840,"url":"https:\/\/imgmag.pakamera.net\/2024\/07\/z-czym-laczyc-hematyt-161226635067.jpg","type":"image\/jpeg"}],"author":"Magda Strzelecka","twitter_card":"summary_large_image","twitter_misc":{"Napisane przez":"Magda Strzelecka","Szacowany czas czytania":"6 minut"},"schema":{"@context":"https:\/\/schema.org","@graph":[{"@type":"Article","@id":"https:\/\/www.pakamera.pl\/magazyn\/z-czym-laczyc-hematyt\/#article","isPartOf":{"@id":"https:\/\/www.pakamera.pl\/magazyn\/z-czym-laczyc-hematyt\/"},"author":{"name":"Magda Strzelecka","@id":"https:\/\/www.pakamera.pl\/magazyn\/#\/schema\/person\/375940ab821c5af50e1e31f1ec5282b5"},"headline":"Z czym \u0142\u0105czy\u0107 hematyt?","datePublished":"2024-07-07T13:30:26+00:00","dateModified":"2026-04-03T14:55:41+00:00","mainEntityOfPage":{"@id":"https:\/\/www.pakamera.pl\/magazyn\/z-czym-laczyc-hematyt\/"},"wordCount":1136,"publisher":{"@id":"https:\/\/www.pakamera.pl\/magazyn\/#organization"},"keywords":["bi\u017cuteria z kamieniami szlachetnymi","hematyt","kamienie szlachetne","moc kamieni"],"articleSection":["Moda"],"inLanguage":"pl-PL"},{"@type":"WebPage","@id":"https:\/\/www.pakamera.pl\/magazyn\/z-czym-laczyc-hematyt\/","url":"https:\/\/www.pakamera.pl\/magazyn\/z-czym-laczyc-hematyt\/","name":"Z czym \u0142\u0105czy\u0107 hematyt? - Magazyn Pakamera.pl","isPartOf":{"@id":"https:\/\/www.pakamera.pl\/magazyn\/#website"},"datePublished":"2024-07-07T13:30:26+00:00","dateModified":"2026-04-03T14:55:41+00:00","description":"Zastanawiasz si\u0119 z czym \u0142\u0105czy\u0107 hematyt? Zobacz nasze propozycje \u0142\u0105czenia kamieni szlachetnych oraz wyb\u00f3r kruszcu aby po\u0142\u0105czenie by\u0142o idealne.","breadcrumb":{"@id":"https:\/\/www.pakamera.pl\/magazyn\/z-czym-laczyc-hematyt\/#breadcrumb"},"inLanguage":"pl-PL","potentialAction":[{"@type":"ReadAction","target":["https:\/\/www.pakamera.pl\/magazyn\/z-czym-laczyc-hematyt\/"]}]},{"@type":"BreadcrumbList","@id":"https:\/\/www.pakamera.pl\/magazyn\/z-czym-laczyc-hematyt\/#breadcrumb","itemListElement":[{"@type":"ListItem","position":1,"name":"Magazyn","item":"https:\/\/www.pakamera.pl\/magazyn\/"},{"@type":"ListItem","position":2,"name":"Moda","item":"https:\/\/www.pakamera.pl\/magazyn\/category\/moda\/"},{"@type":"ListItem","position":3,"name":"Z czym \u0142\u0105czy\u0107 hematyt?"}]},{"@type":"WebSite","@id":"https:\/\/www.pakamera.pl\/magazyn\/#website","url":"https:\/\/www.pakamera.pl\/magazyn\/","name":"Magazyn Pakamera.pl","description":"Sprawd\u017a najgor\u0119tsze tematy sezonu!","publisher":{"@id":"https:\/\/www.pakamera.pl\/magazyn\/#organization"},"potentialAction":[{"@type":"SearchAction","target":{"@type":"EntryPoint","urlTemplate":"https:\/\/www.pakamera.pl\/magazyn\/?s={search_term_string}"},"query-input":"required name=search_term_string"}],"inLanguage":"pl-PL"},{"@type":"Organization","@id":"https:\/\/www.pakamera.pl\/magazyn\/#organization","name":"Pakamera.pl","url":"https:\/\/www.pakamera.pl\/magazyn\/","logo":{"@type":"ImageObject","inLanguage":"pl-PL","@id":"https:\/\/www.pakamera.pl\/magazyn\/#\/schema\/logo\/image\/","url":"https:\/\/imgmag.pakamera.net\/2023\/11\/153455466619.png","contentUrl":"https:\/\/imgmag.pakamera.net\/2023\/11\/153455466619.png","width":690,"height":140,"caption":"Pakamera.pl"},"image":{"@id":"https:\/\/www.pakamera.pl\/magazyn\/#\/schema\/logo\/image\/"},"sameAs":["https:\/\/facebook.com\/pakamerapl","https:\/\/www.instagram.com\/pakamera\/"]},{"@type":"Person","@id":"https:\/\/www.pakamera.pl\/magazyn\/#\/schema\/person\/375940ab821c5af50e1e31f1ec5282b5","name":"Magda Strzelecka","description":"Magda to nasza stylistka, kt\u00f3ra od ponad 10 lat \u015bci\u015ble zwi\u0105zana jest z mod\u0105. Uwielbia \u015bledzi\u0107 \u015bwiatowe trendy i przek\u0142ada\u0107 je na rynek polski. Kocha dobre sk\u0142ady ubra\u0144, wyj\u0105tkow\u0105 bi\u017cuteri\u0119 i dodatki kt\u00f3re o\u017cywi\u0105 ka\u017cd\u0105 stylizacj\u0119."}]}},"_links":{"self":[{"href":"https:\/\/www.pakamera.pl\/magazyn\/wp-json\/wp\/v2\/posts\/11041","targetHints":{"allow":["GET"]}}],"collection":[{"href":"https:\/\/www.pakamera.pl\/magazyn\/wp-json\/wp\/v2\/posts"}],"about":[{"href":"https:\/\/www.pakamera.pl\/magazyn\/wp-json\/wp\/v2\/types\/post"}],"author":[{"embeddable":true,"href":"https:\/\/www.pakamera.pl\/magazyn\/wp-json\/wp\/v2\/users\/16"}],"replies":[{"embeddable":true,"href":"https:\/\/www.pakamera.pl\/magazyn\/wp-json\/wp\/v2\/comments?post=11041"}],"version-history":[{"count":3,"href":"https:\/\/www.pakamera.pl\/magazyn\/wp-json\/wp\/v2\/posts\/11041\/revisions"}],"predecessor-version":[{"id":14725,"href":"https:\/\/www.pakamera.pl\/magazyn\/wp-json\/wp\/v2\/posts\/11041\/revisions\/14725"}],"wp:featuredmedia":[{"embeddable":true,"href":"https:\/\/www.pakamera.pl\/magazyn\/wp-json\/wp\/v2\/media\/11043"}],"wp:attachment":[{"href":"https:\/\/www.pakamera.pl\/magazyn\/wp-json\/wp\/v2\/media?parent=11041"}],"wp:term":[{"taxonomy":"category","embeddable":true,"href":"https:\/\/www.pakamera.pl\/magazyn\/wp-json\/wp\/v2\/categories?post=11041"},{"taxonomy":"post_tag","embeddable":true,"href":"https:\/\/www.pakamera.pl\/magazyn\/wp-json\/wp\/v2\/tags?post=11041"}],"curies":[{"name":"wp","href":"https:\/\/api.w.org\/{rel}","templated":true}]}}