{"id":10893,"date":"2024-06-14T11:51:11","date_gmt":"2024-06-14T09:51:11","guid":{"rendered":"https:\/\/www.pakamera.pl\/magazyn\/?p=10893"},"modified":"2024-07-25T16:10:12","modified_gmt":"2024-07-25T14:10:12","slug":"do-czego-pasuje-naszyjnik-z-perel","status":"publish","type":"post","link":"https:\/\/www.pakamera.pl\/magazyn\/do-czego-pasuje-naszyjnik-z-perel\/","title":{"rendered":"Do czego pasuje naszyjnik z pere\u0142?"},"content":{"rendered":"<p><strong>Lubisz eleganckie stroje i bi\u017cuteri\u0119 z nutk\u0105 vintage? Za ma\u0142ymi kuleczkami b\u0119d\u0105cymi wytworami per\u0142op\u0142aw\u00f3w panie szalej\u0105 od wiek\u00f3w. Sprawd\u017a, do czego pasuje naszyjnik z pere\u0142, i no\u015b go z dum\u0105!<\/strong><br \/>\n<!--more--><\/p>\n<figure id=\"attachment_10894\" aria-describedby=\"caption-attachment-10894\" style=\"width: 1600px\" class=\"wp-caption alignnone\"><img loading=\"lazy\" decoding=\"async\" class=\"wp-image-10894 size-full\" src=\"https:\/\/imgmag.pakamera.net\/2024\/06\/do-czego-pasuje-naszyjnik-z-perel-113133541172.jpg\" alt=\"Do czego pasuje naszyjnik z pere\u0142?\" width=\"1600\" height=\"840\" \/><figcaption id=\"caption-attachment-10894\" class=\"wp-caption-text\">Choker z pere\u0142 naturalnych \/ BEMOON \/ www.pakamera.pl<\/figcaption><\/figure>\n<p>Sznur pere\u0142 w formie naszyjnika czy bransoletki nosi\u0142y gwiazdy z\u0142otej ery Hollywood, m.in. Audrey Hepburn, ksi\u0119\u017cna Diana, Kate Middleton i wsp\u00f3\u0142czesne aktorki \u2013 Scarlett Johansson i Sarah Jessica Parker. <strong>Pasuj\u0105 do absolutnie ka\u017cdego typu urody<\/strong>, dlatego uzupe\u0142nij o nie swoj\u0105 szkatu\u0142k\u0119 z bi\u017cuteri\u0105!<\/p>\n<h2>Naszyjnik z pere\u0142 \u2013 do czego pasuje?<\/h2>\n<p><a href=\"https:\/\/www.pakamera.pl\/naszyjnik-z-perlami-0-t40165.htm\" target=\"_blank\" rel=\"noopener\">Naszyjnik z pere\u0142 naturalnych<\/a> to symbol klasy i elegancji. <strong>Doskonale komponuje si\u0119 z klasyczn\u0105 ma\u0142\u0105 czarn\u0105<\/strong>. Dodaje szyku podczas wieczornych wyj\u015b\u0107, ale ma\u0142y per\u0142owy dodatek \u2013 broszka lub bransoletka \u2013 \u015bwietnie prezentuj\u0105 si\u0119 r\u00f3wnie\u017c na co dzie\u0144.<\/p>\n<p><strong>Per\u0142y s\u0105 cz\u0119sto wybierane przez panny m\u0142ode<\/strong> ze wzgl\u0119du na swoj\u0105 subteln\u0105 elegancj\u0119. Ich mleczny kolor pi\u0119knie podkre\u015bla biel sukni \u015blubnej. Cho\u0107 <strong>dodatek kojarzy si\u0119 nieco ze stylem vintage<\/strong>, mo\u017cesz \u015bmia\u0142o upi\u0119kszy\u0107 nim nowoczesn\u0105 kreacj\u0119.<\/p>\n<p><strong>Per\u0142y mog\u0105 by\u0107 \u015bwietnym dodatkiem do biznesowego stroju<\/strong>. Idealnie pasuj\u0105 do bia\u0142ej koszuli i ciemnego garnituru. Dodaj\u0105 kobiecego uroku, nie ujmuj\u0105c Twojemu profesjonalizmowi. Pokazuj\u0105, \u017ce masz prawdziwe wyczucie stylu.<\/p>\n<div id=\"pakawidget1385\" class=\"pakawidget\"><\/div>\n<p><script async defer src=\"https:\/\/www.pakamera.pl\/widget\/widget2.min.js?id=1385&#038;type=20240614113950&#038;wwidth=1000\"><\/script><br \/>\nDo czego nosi\u0107 per\u0142y na co dzie\u0144? Je\u015bli nie chcesz rozstawa\u0107 si\u0119 z ulubionym naszyjnikiem, za\u0142\u00f3\u017c go do prostego swetra lub casualowej bluzki z ko\u0142nierzykiem. Kochasz styl boho? <strong>Po\u0142\u0105cz naszyjnik z pere\u0142 z d\u0142ug\u0105, zwiewn\u0105 sukienk\u0105<\/strong> i dodatkami z naturalnych materia\u0142\u00f3w. Taki mix styl\u00f3w wygl\u0105da niezwykle \u015bwie\u017co.<\/p>\n<p><strong>Je\u015bli planujesz randk\u0119, naszyjnik z pere\u0142 b\u0119dzie doskona\u0142ym wyborem<\/strong>. Subtelnie podkre\u015bli dekolt i doda ca\u0142o\u015bci delikatnego, romantycznego charakteru. Per\u0142y sprawi\u0105, \u017ce b\u0119dziesz wygl\u0105da\u0107 ol\u015bniewaj\u0105co i wydob\u0119d\u0105 biel Twojego u\u015bmiechu.<\/p>\n<h2>Jak stylizowa\u0107 naszyjnik z pere\u0142 na r\u00f3\u017cne okazje?<\/h2>\n<p>Do czego pasuje <a href=\"https:\/\/www.pakamera.pl\/naszyjniki-0-1822.htm\" target=\"_blank\" rel=\"noopener\">naszyjnik<\/a> z pere\u0142? Taka ozdoba przede wszystkim <strong>\u015bwietnie komponuje si\u0119 z wieczorow\u0105 sukni\u0105 bez r\u0119kaw\u00f3w<\/strong> na eleganckie wyj\u015bcia. <strong>Ubierz go na bal sylwestrowy, bankiety czy gale<\/strong>. Prosta, jednokolorowa sukienka w stylu bieli\u017anianym uszyta z jedwabiu lub satyny doskonale pasuje do tego looku. Dope\u0142nij stylizacj\u0119 subtelnymi kolczykami z per\u0142ami i klasyczn\u0105 kopert\u00f3wk\u0105 w kolorze czarnym lub srebrnym.<\/p>\n<p><strong>Do biura zestaw sw\u00f3j komplet pere\u0142 z bia\u0142\u0105 koszul\u0105 i o\u0142\u00f3wkow\u0105 sp\u00f3dnic\u0105 lub eleganckimi spodniami zaprasowanymi w kant<\/strong>. Dodaj marynark\u0119, aby wygl\u0105da\u0107 jednocze\u015bnie stylowo i kompetentnie.<\/p>\n<p>Kiedy nosi\u0107 per\u0142y? <strong>Te ozdoby sprawdz\u0105 si\u0119 w ka\u017cd\u0105 por\u0119 roku<\/strong>. Szykuje Ci si\u0119 letnia impreza na \u015bwie\u017cym powietrzu? Zwiewna sukienka w kwiaty i lekki kombinezon b\u0119d\u0105 wygl\u0105da\u0142y bardziej elegancko, gdy do\u0142\u0105czysz do nich <a href=\"https:\/\/www.pakamera.pl\/zawieszki-0-t3010.htm\" target=\"_blank\" rel=\"noopener\">zawieszki<\/a> z per\u0142ami. Sanda\u0142y i kapelusz utrzymaj\u0105 ca\u0142\u0105 kreacj\u0119 w nonszalanckim stylu.<\/p>\n<h2>Naszyjnik z pere\u0142 \u2013 jak wybra\u0107 i z czym nosi\u0107?<\/h2>\n<figure id=\"attachment_10895\" aria-describedby=\"caption-attachment-10895\" style=\"width: 1600px\" class=\"wp-caption alignnone\"><img loading=\"lazy\" decoding=\"async\" class=\"wp-image-10895 size-full\" src=\"https:\/\/imgmag.pakamera.net\/2024\/06\/do-czego-pasuje-naszyjnik-z-perel-113242910996.jpg\" alt=\"d\u0142ugi naszyjnik z pere\u0142 z dodatkami z\u0142otymi\" width=\"1600\" height=\"840\" \/><figcaption id=\"caption-attachment-10895\" class=\"wp-caption-text\">Naszyjnik Alice Gold \/ maksi.miuk Jewelry \/ www.pakamera.pl<\/figcaption><\/figure>\n<p><strong>Najpi\u0119kniejsze per\u0142y to Akoya, Tahiti (South Sea) i s\u0142odkowodne<\/strong>. Pierwsze dwa gatunki charakteryzuj\u0105 si\u0119 wysokim po\u0142yskiem i pi\u0119knymi efektami optycznymi na powierzchni, s\u0105 jednak do\u015b\u0107 rzadkie. Per\u0142y hodowane w s\u0142odkiej wodzie maj\u0105 s\u0142abszy po\u0142ysk, ale cz\u0119\u015bciej wykorzystuje si\u0119 je do wytwarzania bi\u017cuterii.<\/p>\n<p><strong>Prawdziwe per\u0142y maj\u0105 nieco chropowat\u0105 powierzchni\u0119<\/strong>, podczas gdy imitacje s\u0105 g\u0142adkie. <strong>Drobne nier\u00f3wno\u015bci na powierzchni s\u0105 po\u017c\u0105danymi cechami w przypadku pere\u0142<\/strong>. Naturalne klejnoty rzadko s\u0105 idealnie okr\u0105g\u0142e. Je\u015bli per\u0142a wygl\u0105da zbyt idealnie, prawdopodobnie jest sztuczna.<\/p>\n<p><strong>Per\u0142y wyst\u0119puj\u0105 w r\u00f3\u017cnych kolorach, od klasycznej bieli po r\u00f3\u017cne odcienie r\u00f3\u017cowego, fioletowego, srebrzystego, z\u0142otego, br\u0105zowego i czarnego<\/strong>. Ich barwa rzadko kiedy jest idealnie bia\u0142a.<\/p>\n<p><strong>Kr\u00f3tkie naszyjniki z per\u0142ami doskonale pasuj\u0105 do sukienek z dekoltem w serek, a d\u0142ugie podkre\u015bl\u0105 Tw\u00f3j biust w wydekoltowanych sukniach<\/strong>. Zwr\u00f3\u0107 uwag\u0119 na zapi\u0119cie \u2013 powinno by\u0107 wykonane ze srebra lub z\u0142ota. Te metale s\u0105 bardzo trwa\u0142e i pasuj\u0105 do eleganckiego charakteru ozdoby.<\/p>\n<p>Do czego nosi\u0107 per\u0142y? <strong>Do sukni, sukienek, kombinezon\u00f3w, eleganckich koszul i letnich koszulek \u2013 wyb\u00f3r nale\u017cy do Ciebie<\/strong>.<\/p>\n<h2>Naszyjnik z pere\u0142 dla ka\u017cdej kobiety \u2013 porady<\/h2>\n<p>Ma\u0142e, delikatne pere\u0142ki dodadz\u0105 dziewcz\u0119cego uroku m\u0142odszym kobietom. <strong>Na co dzie\u0144 polecamy kr\u00f3tkie naszyjniki<\/strong>. Te d\u0142ugie, si\u0119gaj\u0105ce nawet p\u0119pka, warto zostawi\u0107 na specjalne okazje. Je\u015bli poszukujesz elegancji z nowoczesnym twistem, wybierz klejnoty w innym kolorze ni\u017c bia\u0142y.<\/p>\n<div id=\"pakawidget1386\" class=\"pakawidget\"><\/div>\n<p><script async defer src=\"https:\/\/www.pakamera.pl\/widget\/widget2.min.js?id=1386&#038;type=20240614114149&#038;wwidth=1000\"><\/script><br \/>\n<strong>Dojrza\u0142ym kobietom b\u0119d\u0105 pasowa\u0107 du\u017ce, wyraziste per\u0142y, kt\u00f3re dodaj\u0105 elegancji i powagi<\/strong>. D\u0142u\u017csze naszyjniki b\u0119d\u0105 idealnym wyborem na formalne okazje. Te klasyczne dodatki \u015bwietnie wygl\u0105daj\u0105 z eleganckimi garniturami, sukienkami o prostym kroju i strojami wieczorowymi. <strong>Per\u0142y \u015bwietnie komponuj\u0105 si\u0119 ze z\u0142otem i srebrem<\/strong>.<\/p>\n<p>Per\u0142y wymagaj\u0105 odpowiedniej piel\u0119gnacji, aby zachowa\u0107 sw\u00f3j blask na d\u0142ugie lata. <strong>Nie nara\u017caj ich na kontakt z perfumami, kosmetykami i \u015brodkami chemicznymi<\/strong>, poniewa\u017c zawieraj\u0105 substancje niszcz\u0105ce powierzchni\u0119 pere\u0142. <strong>Po ka\u017cdym noszeniu delikatnie usu\u0144 pot i zanieczyszczenia za pomoc\u0105 mi\u0119kkiej, wilgotnej \u015bciereczki<\/strong>. <a href=\"https:\/\/www.pakamera.pl\/magazyn\/jak-prawidlowo-przechowywac-bizuterie\/\" target=\"_blank\" rel=\"noopener\">Jak prawid\u0142owo przechowywa\u0107 bi\u017cuteri\u0119<\/a> z per\u0142ami? Najlepiej <strong>w oddzielnym woreczku lub w pude\u0142ku wy\u0142o\u017conym tkanin\u0105<\/strong>.<\/p>\n<h2>Jak nosi\u0107 naszyjnik z pere\u0142 na co dzie\u0144?<\/h2>\n<p>Kiedy nosi\u0107 per\u0142y? Od \u015bwi\u0119ta i na co dzie\u0144! Za\u0142\u00f3\u017c ulubione jeansy, bia\u0142\u0105 koszul\u0119 i naszyjnik z pere\u0142. Tak\u0105 stylizacj\u0119 ukocha\u0142y sobie pary\u017canki \u2013 jest \u015bwie\u017ca i nienachalna. Dodaj do tego zestawu baleriny lub mokasyny, a w ch\u0142odniejsze dni zawi\u0105\u017c na ramionach sweter lub za\u0142\u00f3\u017c d\u0142ug\u0105 marynark\u0119.<\/p>\n<p>Chcesz doda\u0107 swojemu codziennemu swetrowi odrobin\u0119 wyrafinowania? <strong>Za\u0142\u00f3\u017c naszyjnik z pere\u0142 do oversize&#8217;owego swetra, dopasowanych spodni i botk\u00f3w na obcasie<\/strong>. Ca\u0142o\u015b\u0107 b\u0119dzie wygl\u0105da\u0107 przytulnie i elegancko.<\/p>\n<p><strong>Subtelny naszyjnik z pojedyncz\u0105 per\u0142\u0105 to doskona\u0142y dodatek do minimalistycznych stylizacji biurowych<\/strong>. Wybierz g\u0142adk\u0105 sukienk\u0119 o prostym kroju lub spodnie i jedwabn\u0105 bluzk\u0119. Za\u0142\u00f3\u017c delikatny naszyjnik z pojedyncz\u0105 per\u0142\u0105, a na nogi w\u0142\u00f3\u017c szpilki lub baleriny i jeste\u015b gotowa do pracy!<\/p>\n<p>Ju\u017c wiesz, <a href=\"https:\/\/www.pakamera.pl\/magazyn\/jak-dobrac-bizuterie-do-sukienki\/\" target=\"_blank\" rel=\"noopener\">jak dobra\u0107 bi\u017cuteri\u0119 do sukienki<\/a> na eleganckie wyj\u015bcie, ale brakuje Ci odpowiednich klejnot\u00f3w? Wejd\u017a na Pakamera.pl, \u017ceby zwi\u0119kszy\u0107 swoje szanse na sukces w poszukiwaniach.<\/p>\n","protected":false},"excerpt":{"rendered":"<p>Lubisz eleganckie stroje i bi\u017cuteri\u0119 z nutk\u0105 vintage? Za ma\u0142ymi kuleczkami b\u0119d\u0105cymi wytworami per\u0142op\u0142aw\u00f3w panie szalej\u0105 od wiek\u00f3w. Sprawd\u017a, do czego pasuje naszyjnik z pere\u0142, i no\u015b go z dum\u0105!<\/p>\n","protected":false},"author":16,"featured_media":10894,"comment_status":"closed","ping_status":"closed","sticky":false,"template":"","format":"standard","meta":{"footnotes":""},"categories":[3],"tags":[1782,2030,2229,1884,455],"class_list":["post-10893","post","type-post","status-publish","format-standard","has-post-thumbnail","hentry","category-moda","tag-bizuteria-perly","tag-bizuteria-z-perlami","tag-kolczyki-z-perla","tag-perly","tag-przechowywanie"],"yoast_head":"<!-- This site is optimized with the Yoast SEO plugin v21.6 - https:\/\/yoast.com\/wordpress\/plugins\/seo\/ -->\n<title>Do czego pasuje naszyjnik z pere\u0142? - Magazyn Pakamera.pl<\/title>\n<meta name=\"description\" content=\"Per\u0142y to z pewno\u015bci\u0105 klasyk w\u015br\u00f3d klasyk\u00f3w i must have w szkatu\u0142ce. Sprawd\u017a, do czego pasuje naszyjnik z pere\u0142 i no\u015b go z dum\u0105!\" \/>\n<meta name=\"robots\" content=\"index, follow\" \/>\n<link rel=\"canonical\" href=\"https:\/\/www.pakamera.pl\/magazyn\/do-czego-pasuje-naszyjnik-z-perel\/\" \/>\n<meta property=\"og:locale\" content=\"pl_PL\" \/>\n<meta property=\"og:type\" content=\"article\" \/>\n<meta property=\"og:title\" content=\"Do czego pasuje naszyjnik z pere\u0142? - Magazyn Pakamera.pl\" \/>\n<meta property=\"og:description\" content=\"Per\u0142y to z pewno\u015bci\u0105 klasyk w\u015br\u00f3d klasyk\u00f3w i must have w szkatu\u0142ce. Sprawd\u017a, do czego pasuje naszyjnik z pere\u0142 i no\u015b go z dum\u0105!\" \/>\n<meta property=\"og:url\" content=\"https:\/\/www.pakamera.pl\/magazyn\/do-czego-pasuje-naszyjnik-z-perel\/\" \/>\n<meta property=\"og:site_name\" content=\"Magazyn Pakamera.pl\" \/>\n<meta property=\"article:publisher\" content=\"https:\/\/facebook.com\/pakamerapl\" \/>\n<meta property=\"article:published_time\" content=\"2024-06-14T09:51:11+00:00\" \/>\n<meta property=\"article:modified_time\" content=\"2024-07-25T14:10:12+00:00\" \/>\n<meta property=\"og:image\" content=\"https:\/\/imgmag.pakamera.net\/2024\/06\/do-czego-pasuje-naszyjnik-z-perel-113133541172.jpg\" \/>\n\t<meta property=\"og:image:width\" content=\"1600\" \/>\n\t<meta property=\"og:image:height\" content=\"840\" \/>\n\t<meta property=\"og:image:type\" content=\"image\/jpeg\" \/>\n<meta name=\"author\" content=\"Magda Strzelecka\" \/>\n<meta name=\"twitter:card\" content=\"summary_large_image\" \/>\n<meta name=\"twitter:label1\" content=\"Napisane przez\" \/>\n\t<meta name=\"twitter:data1\" content=\"Magda Strzelecka\" \/>\n\t<meta name=\"twitter:label2\" content=\"Szacowany czas czytania\" \/>\n\t<meta name=\"twitter:data2\" content=\"6 minut\" \/>\n<script type=\"application\/ld+json\" class=\"yoast-schema-graph\">{\"@context\":\"https:\/\/schema.org\",\"@graph\":[{\"@type\":\"Article\",\"@id\":\"https:\/\/www.pakamera.pl\/magazyn\/do-czego-pasuje-naszyjnik-z-perel\/#article\",\"isPartOf\":{\"@id\":\"https:\/\/www.pakamera.pl\/magazyn\/do-czego-pasuje-naszyjnik-z-perel\/\"},\"author\":{\"name\":\"Magda Strzelecka\",\"@id\":\"https:\/\/www.pakamera.pl\/magazyn\/#\/schema\/person\/375940ab821c5af50e1e31f1ec5282b5\"},\"headline\":\"Do czego pasuje naszyjnik z pere\u0142?\",\"datePublished\":\"2024-06-14T09:51:11+00:00\",\"dateModified\":\"2024-07-25T14:10:12+00:00\",\"mainEntityOfPage\":{\"@id\":\"https:\/\/www.pakamera.pl\/magazyn\/do-czego-pasuje-naszyjnik-z-perel\/\"},\"wordCount\":1061,\"publisher\":{\"@id\":\"https:\/\/www.pakamera.pl\/magazyn\/#organization\"},\"keywords\":[\"bi\u017cuteria per\u0142y\",\"bi\u017cuteria z per\u0142ami\",\"kolczyki z per\u0142\u0105\",\"per\u0142y\",\"przechowywanie\"],\"articleSection\":[\"Moda\"],\"inLanguage\":\"pl-PL\"},{\"@type\":\"WebPage\",\"@id\":\"https:\/\/www.pakamera.pl\/magazyn\/do-czego-pasuje-naszyjnik-z-perel\/\",\"url\":\"https:\/\/www.pakamera.pl\/magazyn\/do-czego-pasuje-naszyjnik-z-perel\/\",\"name\":\"Do czego pasuje naszyjnik z pere\u0142? - Magazyn Pakamera.pl\",\"isPartOf\":{\"@id\":\"https:\/\/www.pakamera.pl\/magazyn\/#website\"},\"datePublished\":\"2024-06-14T09:51:11+00:00\",\"dateModified\":\"2024-07-25T14:10:12+00:00\",\"description\":\"Per\u0142y to z pewno\u015bci\u0105 klasyk w\u015br\u00f3d klasyk\u00f3w i must have w szkatu\u0142ce. Sprawd\u017a, do czego pasuje naszyjnik z pere\u0142 i no\u015b go z dum\u0105!\",\"breadcrumb\":{\"@id\":\"https:\/\/www.pakamera.pl\/magazyn\/do-czego-pasuje-naszyjnik-z-perel\/#breadcrumb\"},\"inLanguage\":\"pl-PL\",\"potentialAction\":[{\"@type\":\"ReadAction\",\"target\":[\"https:\/\/www.pakamera.pl\/magazyn\/do-czego-pasuje-naszyjnik-z-perel\/\"]}]},{\"@type\":\"BreadcrumbList\",\"@id\":\"https:\/\/www.pakamera.pl\/magazyn\/do-czego-pasuje-naszyjnik-z-perel\/#breadcrumb\",\"itemListElement\":[{\"@type\":\"ListItem\",\"position\":1,\"name\":\"Magazyn\",\"item\":\"https:\/\/www.pakamera.pl\/magazyn\/\"},{\"@type\":\"ListItem\",\"position\":2,\"name\":\"Moda\",\"item\":\"https:\/\/www.pakamera.pl\/magazyn\/category\/moda\/\"},{\"@type\":\"ListItem\",\"position\":3,\"name\":\"Do czego pasuje naszyjnik z pere\u0142?\"}]},{\"@type\":\"WebSite\",\"@id\":\"https:\/\/www.pakamera.pl\/magazyn\/#website\",\"url\":\"https:\/\/www.pakamera.pl\/magazyn\/\",\"name\":\"Magazyn Pakamera.pl\",\"description\":\"Sprawd\u017a najgor\u0119tsze tematy sezonu!\",\"publisher\":{\"@id\":\"https:\/\/www.pakamera.pl\/magazyn\/#organization\"},\"potentialAction\":[{\"@type\":\"SearchAction\",\"target\":{\"@type\":\"EntryPoint\",\"urlTemplate\":\"https:\/\/www.pakamera.pl\/magazyn\/?s={search_term_string}\"},\"query-input\":\"required name=search_term_string\"}],\"inLanguage\":\"pl-PL\"},{\"@type\":\"Organization\",\"@id\":\"https:\/\/www.pakamera.pl\/magazyn\/#organization\",\"name\":\"Pakamera.pl\",\"url\":\"https:\/\/www.pakamera.pl\/magazyn\/\",\"logo\":{\"@type\":\"ImageObject\",\"inLanguage\":\"pl-PL\",\"@id\":\"https:\/\/www.pakamera.pl\/magazyn\/#\/schema\/logo\/image\/\",\"url\":\"https:\/\/imgmag.pakamera.net\/2023\/11\/153455466619.png\",\"contentUrl\":\"https:\/\/imgmag.pakamera.net\/2023\/11\/153455466619.png\",\"width\":690,\"height\":140,\"caption\":\"Pakamera.pl\"},\"image\":{\"@id\":\"https:\/\/www.pakamera.pl\/magazyn\/#\/schema\/logo\/image\/\"},\"sameAs\":[\"https:\/\/facebook.com\/pakamerapl\",\"https:\/\/www.instagram.com\/pakamera\/\"]},{\"@type\":\"Person\",\"@id\":\"https:\/\/www.pakamera.pl\/magazyn\/#\/schema\/person\/375940ab821c5af50e1e31f1ec5282b5\",\"name\":\"Magda Strzelecka\",\"description\":\"Magda to nasza stylistka, kt\u00f3ra od ponad 10 lat \u015bci\u015ble zwi\u0105zana jest z mod\u0105. Uwielbia \u015bledzi\u0107 \u015bwiatowe trendy i przek\u0142ada\u0107 je na rynek polski. Kocha dobre sk\u0142ady ubra\u0144, wyj\u0105tkow\u0105 bi\u017cuteri\u0119 i dodatki kt\u00f3re o\u017cywi\u0105 ka\u017cd\u0105 stylizacj\u0119.\"}]}<\/script>\n<!-- \/ Yoast SEO plugin. -->","yoast_head_json":{"title":"Do czego pasuje naszyjnik z pere\u0142? - Magazyn Pakamera.pl","description":"Per\u0142y to z pewno\u015bci\u0105 klasyk w\u015br\u00f3d klasyk\u00f3w i must have w szkatu\u0142ce. Sprawd\u017a, do czego pasuje naszyjnik z pere\u0142 i no\u015b go z dum\u0105!","robots":{"index":"index","follow":"follow"},"canonical":"https:\/\/www.pakamera.pl\/magazyn\/do-czego-pasuje-naszyjnik-z-perel\/","og_locale":"pl_PL","og_type":"article","og_title":"Do czego pasuje naszyjnik z pere\u0142? - Magazyn Pakamera.pl","og_description":"Per\u0142y to z pewno\u015bci\u0105 klasyk w\u015br\u00f3d klasyk\u00f3w i must have w szkatu\u0142ce. Sprawd\u017a, do czego pasuje naszyjnik z pere\u0142 i no\u015b go z dum\u0105!","og_url":"https:\/\/www.pakamera.pl\/magazyn\/do-czego-pasuje-naszyjnik-z-perel\/","og_site_name":"Magazyn Pakamera.pl","article_publisher":"https:\/\/facebook.com\/pakamerapl","article_published_time":"2024-06-14T09:51:11+00:00","article_modified_time":"2024-07-25T14:10:12+00:00","og_image":[{"width":1600,"height":840,"url":"https:\/\/imgmag.pakamera.net\/2024\/06\/do-czego-pasuje-naszyjnik-z-perel-113133541172.jpg","type":"image\/jpeg"}],"author":"Magda Strzelecka","twitter_card":"summary_large_image","twitter_misc":{"Napisane przez":"Magda Strzelecka","Szacowany czas czytania":"6 minut"},"schema":{"@context":"https:\/\/schema.org","@graph":[{"@type":"Article","@id":"https:\/\/www.pakamera.pl\/magazyn\/do-czego-pasuje-naszyjnik-z-perel\/#article","isPartOf":{"@id":"https:\/\/www.pakamera.pl\/magazyn\/do-czego-pasuje-naszyjnik-z-perel\/"},"author":{"name":"Magda Strzelecka","@id":"https:\/\/www.pakamera.pl\/magazyn\/#\/schema\/person\/375940ab821c5af50e1e31f1ec5282b5"},"headline":"Do czego pasuje naszyjnik z pere\u0142?","datePublished":"2024-06-14T09:51:11+00:00","dateModified":"2024-07-25T14:10:12+00:00","mainEntityOfPage":{"@id":"https:\/\/www.pakamera.pl\/magazyn\/do-czego-pasuje-naszyjnik-z-perel\/"},"wordCount":1061,"publisher":{"@id":"https:\/\/www.pakamera.pl\/magazyn\/#organization"},"keywords":["bi\u017cuteria per\u0142y","bi\u017cuteria z per\u0142ami","kolczyki z per\u0142\u0105","per\u0142y","przechowywanie"],"articleSection":["Moda"],"inLanguage":"pl-PL"},{"@type":"WebPage","@id":"https:\/\/www.pakamera.pl\/magazyn\/do-czego-pasuje-naszyjnik-z-perel\/","url":"https:\/\/www.pakamera.pl\/magazyn\/do-czego-pasuje-naszyjnik-z-perel\/","name":"Do czego pasuje naszyjnik z pere\u0142? - Magazyn Pakamera.pl","isPartOf":{"@id":"https:\/\/www.pakamera.pl\/magazyn\/#website"},"datePublished":"2024-06-14T09:51:11+00:00","dateModified":"2024-07-25T14:10:12+00:00","description":"Per\u0142y to z pewno\u015bci\u0105 klasyk w\u015br\u00f3d klasyk\u00f3w i must have w szkatu\u0142ce. Sprawd\u017a, do czego pasuje naszyjnik z pere\u0142 i no\u015b go z dum\u0105!","breadcrumb":{"@id":"https:\/\/www.pakamera.pl\/magazyn\/do-czego-pasuje-naszyjnik-z-perel\/#breadcrumb"},"inLanguage":"pl-PL","potentialAction":[{"@type":"ReadAction","target":["https:\/\/www.pakamera.pl\/magazyn\/do-czego-pasuje-naszyjnik-z-perel\/"]}]},{"@type":"BreadcrumbList","@id":"https:\/\/www.pakamera.pl\/magazyn\/do-czego-pasuje-naszyjnik-z-perel\/#breadcrumb","itemListElement":[{"@type":"ListItem","position":1,"name":"Magazyn","item":"https:\/\/www.pakamera.pl\/magazyn\/"},{"@type":"ListItem","position":2,"name":"Moda","item":"https:\/\/www.pakamera.pl\/magazyn\/category\/moda\/"},{"@type":"ListItem","position":3,"name":"Do czego pasuje naszyjnik z pere\u0142?"}]},{"@type":"WebSite","@id":"https:\/\/www.pakamera.pl\/magazyn\/#website","url":"https:\/\/www.pakamera.pl\/magazyn\/","name":"Magazyn Pakamera.pl","description":"Sprawd\u017a najgor\u0119tsze tematy sezonu!","publisher":{"@id":"https:\/\/www.pakamera.pl\/magazyn\/#organization"},"potentialAction":[{"@type":"SearchAction","target":{"@type":"EntryPoint","urlTemplate":"https:\/\/www.pakamera.pl\/magazyn\/?s={search_term_string}"},"query-input":"required name=search_term_string"}],"inLanguage":"pl-PL"},{"@type":"Organization","@id":"https:\/\/www.pakamera.pl\/magazyn\/#organization","name":"Pakamera.pl","url":"https:\/\/www.pakamera.pl\/magazyn\/","logo":{"@type":"ImageObject","inLanguage":"pl-PL","@id":"https:\/\/www.pakamera.pl\/magazyn\/#\/schema\/logo\/image\/","url":"https:\/\/imgmag.pakamera.net\/2023\/11\/153455466619.png","contentUrl":"https:\/\/imgmag.pakamera.net\/2023\/11\/153455466619.png","width":690,"height":140,"caption":"Pakamera.pl"},"image":{"@id":"https:\/\/www.pakamera.pl\/magazyn\/#\/schema\/logo\/image\/"},"sameAs":["https:\/\/facebook.com\/pakamerapl","https:\/\/www.instagram.com\/pakamera\/"]},{"@type":"Person","@id":"https:\/\/www.pakamera.pl\/magazyn\/#\/schema\/person\/375940ab821c5af50e1e31f1ec5282b5","name":"Magda Strzelecka","description":"Magda to nasza stylistka, kt\u00f3ra od ponad 10 lat \u015bci\u015ble zwi\u0105zana jest z mod\u0105. Uwielbia \u015bledzi\u0107 \u015bwiatowe trendy i przek\u0142ada\u0107 je na rynek polski. Kocha dobre sk\u0142ady ubra\u0144, wyj\u0105tkow\u0105 bi\u017cuteri\u0119 i dodatki kt\u00f3re o\u017cywi\u0105 ka\u017cd\u0105 stylizacj\u0119."}]}},"_links":{"self":[{"href":"https:\/\/www.pakamera.pl\/magazyn\/wp-json\/wp\/v2\/posts\/10893","targetHints":{"allow":["GET"]}}],"collection":[{"href":"https:\/\/www.pakamera.pl\/magazyn\/wp-json\/wp\/v2\/posts"}],"about":[{"href":"https:\/\/www.pakamera.pl\/magazyn\/wp-json\/wp\/v2\/types\/post"}],"author":[{"embeddable":true,"href":"https:\/\/www.pakamera.pl\/magazyn\/wp-json\/wp\/v2\/users\/16"}],"replies":[{"embeddable":true,"href":"https:\/\/www.pakamera.pl\/magazyn\/wp-json\/wp\/v2\/comments?post=10893"}],"version-history":[{"count":2,"href":"https:\/\/www.pakamera.pl\/magazyn\/wp-json\/wp\/v2\/posts\/10893\/revisions"}],"predecessor-version":[{"id":11178,"href":"https:\/\/www.pakamera.pl\/magazyn\/wp-json\/wp\/v2\/posts\/10893\/revisions\/11178"}],"wp:featuredmedia":[{"embeddable":true,"href":"https:\/\/www.pakamera.pl\/magazyn\/wp-json\/wp\/v2\/media\/10894"}],"wp:attachment":[{"href":"https:\/\/www.pakamera.pl\/magazyn\/wp-json\/wp\/v2\/media?parent=10893"}],"wp:term":[{"taxonomy":"category","embeddable":true,"href":"https:\/\/www.pakamera.pl\/magazyn\/wp-json\/wp\/v2\/categories?post=10893"},{"taxonomy":"post_tag","embeddable":true,"href":"https:\/\/www.pakamera.pl\/magazyn\/wp-json\/wp\/v2\/tags?post=10893"}],"curies":[{"name":"wp","href":"https:\/\/api.w.org\/{rel}","templated":true}]}}