{"id":10886,"date":"2024-06-13T15:51:02","date_gmt":"2024-06-13T13:51:02","guid":{"rendered":"https:\/\/www.pakamera.pl\/magazyn\/?p=10886"},"modified":"2024-06-13T15:51:02","modified_gmt":"2024-06-13T13:51:02","slug":"must-have-akcesoria-przydatne-w-podrozy","status":"publish","type":"post","link":"https:\/\/www.pakamera.pl\/magazyn\/must-have-akcesoria-przydatne-w-podrozy\/","title":{"rendered":"Must have akcesoria przydatne w podr\u00f3\u017cy"},"content":{"rendered":"<p><strong>Podr\u00f3\u017cowanie to pasja wielu z nas! Jednak zanim wyruszymy w kolejn\u0105 przygod\u0119, warto zadba\u0107 o odpowiednie przygotowanie. Opr\u00f3cz pakowania ubra\u0144 i kosmetyk\u00f3w, istotne s\u0105 r\u00f3wnie\u017c odpowiednie akcesoria, kt\u00f3re u\u0142atwi\u0105 Ci podr\u00f3\u017cowanie i sprawi\u0105, \u017ce Twoja wyprawa b\u0119dzie jeszcze bardziej komfortowa.<\/strong><\/p>\n<p><!--more--><\/p>\n<figure id=\"attachment_10889\" aria-describedby=\"caption-attachment-10889\" style=\"width: 1600px\" class=\"wp-caption alignnone\"><img loading=\"lazy\" decoding=\"async\" class=\"wp-image-10889 size-full\" src=\"https:\/\/imgmag.pakamera.net\/2024\/06\/must-have-akcesoria-przydatne-w-podrozy-142915168560.jpg\" alt=\"akcesoria przydatne w podr\u00f3\u017cy\" width=\"1600\" height=\"840\" \/><figcaption id=\"caption-attachment-10889\" class=\"wp-caption-text\">Origami Bottle sk\u0142adna butelka &#8211; PINK \/ DiFold \/ www.pakamera.pl<\/figcaption><\/figure>\n<p>Przygotowali\u015bmy specjalnie dla Ciebie list\u0119 must have akcesori\u00f3w, kt\u00f3re warto mie\u0107 przy sobie w podr\u00f3\u017cy. Oto kilka pomys\u0142\u00f3w, kt\u00f3re sprawi\u0105, \u017ce podr\u00f3\u017cowanie b\u0119dzie jeszcze przyjemniejsze i bezpieczniejsze.<\/p>\n<h2>Niezb\u0119dne akcesoria podr\u00f3\u017cne dla ka\u017cdego turysty<\/h2>\n<p>Planuj\u0105c wyjazd, niezale\u017cnie do jego rodzaju czy celu, istotne jest odpowiednie wyposa\u017cenie. <strong>Przydatne rzeczy w podr\u00f3\u017cy znacz\u0105co u\u0142atwi\u0105 organizacj\u0119, zapewni\u0105 wi\u0119kszy komfort i bezpiecze\u0144stwo<\/strong>.<br \/>\nNie wiesz, co zabra\u0107 w podr\u00f3\u017c? W takim razie koniecznie sprawd\u017a nasz\u0105 list\u0119! Oto kilka podstawowych akcesori\u00f3w, kt\u00f3re warto mie\u0107 pod r\u0119k\u0105:<\/p>\n<ul>\n<li><strong>plecak podr\u00f3\u017cny, torba lub walizka<\/strong> \u2014 niezawodne i wygodne baga\u017ce z pewno\u015bci\u0105 u\u0142atwi\u0105 transport ka\u017cdego baga\u017cu, zar\u00f3wno na lotnisku, jak i w poci\u0105gu czy autobusie.<\/li>\n<li><strong>apteczka podr\u00f3\u017cna<\/strong> \u2014 zdrowie jest najwa\u017cniejsze, dlatego warto zawsze mie\u0107 pod r\u0119k\u0105 <strong>podstawowe leki przeciwb\u00f3lowe, przeciwhistaminowe czy opatrunki<\/strong>, umieszczone w wygodnej kosmetyczce lub przeno\u015bnej apteczce.<\/li>\n<li><strong>saszetka na dokumenty<\/strong> \u2014 zachowaj porz\u0105dek w\u015br\u00f3d bilet\u00f3w, paszport\u00f3w czy innych wa\u017cnych dokument\u00f3w, przechowuj\u0105c je w praktycznych saszetkach.<\/li>\n<li>bidon\/butelka na wod\u0119 \u2014 dbaj o \u015brodowisko i oszcz\u0119dzaj na jednorazowych butelkach wody, korzystaj\u0105c z praktycznego bidonu czy <a href=\"https:\/\/www.pakamera.pl\/butelki-wielorazowe-0-3141.htm\" target=\"_blank\" rel=\"noopener\">wielorazowej butelki<\/a>.<\/li>\n<\/ul>\n<p>Teraz ju\u017c wiesz, co zabra\u0107 w podr\u00f3\u017c! <strong>Dobrze skompletowane akcesoria podr\u00f3\u017cne z pewno\u015bci\u0105 u\u0142atwi\u0105 Ci organizacj\u0119 podczas wycieczki<\/strong> i sprawi\u0105, \u017ce ka\u017cdy wyjazd b\u0119dzie przyjemnym i komfortowym do\u015bwiadczeniem. Nie zapominaj o zaplanowaniu swojej przygody z wyprzedzeniem oraz o dostosowaniu akcesori\u00f3w do specyfiki wyjazdu, aby m\u00f3c spokojnie cieszy\u0107 si\u0119 swoim podr\u00f3\u017cowaniem.<\/p>\n<div id=\"pakawidget1383\" class=\"pakawidget\"><\/div>\n<p><script async defer src=\"https:\/\/www.pakamera.pl\/widget\/widget2.min.js?id=1383&#038;type=20240613153419&#038;wwidth=1000\"><\/script><\/p>\n<h2>Akcesoria podr\u00f3\u017cne, kt\u00f3re u\u0142atwi\u0105 ka\u017cd\u0105 podr\u00f3\u017c<\/h2>\n<p>Cho\u0107 podr\u00f3\u017cowanie to \u015bwietna przygoda, czasem mo\u017ce by\u0107 te\u017c stresuj\u0105ce i wymagaj\u0105ce. Zw\u0142aszcza je\u015bli nie masz przy sobie niezb\u0119dnika podr\u00f3\u017cniczego. Dlatego warto zaopatrzy\u0107 si\u0119 w gad\u017cety przydatne w podr\u00f3\u017cy, kt\u00f3re umil\u0105 Ci ka\u017cdy wyjazd i sprawi\u0105, \u017ce ka\u017cda wycieczka b\u0119dzie komfortowa i perfekcyjnie zorganizowana.<\/p>\n<p>Je\u015bli chcesz skrupulatnie zaplanowa\u0107 sw\u00f3j wyjazd, <strong>skorzystaj z planera i dziennika podr\u00f3\u017cy, dost\u0119pnego w sklepie pakamera<\/strong>. Taki dziennik nie tylko pomo\u017ce Ci zaplanowa\u0107 podr\u00f3\u017c, ale r\u00f3wnie\u017c ustali\u0107 cele, zaplanowa\u0107 bud\u017cet oraz zrealizowa\u0107 podr\u00f3\u017cnicze marzenia. W dzienniku mo\u017cesz tak\u017ce zapisa\u0107 wa\u017cne wspomnienia oraz podsumowania z wyjazdu.<\/p>\n<p>Podczas upalnych dni nieocenione oka\u017c\u0105 si\u0119 okulary przeciws\u0142oneczne oraz podr\u00f3\u017cna chusta. \u015awietnie ochroni\u0105 Twoje oczy i sk\u00f3r\u0119 g\u0142owy przed poparzeniem s\u0142onecznym. Dodatkowo te produkty stanowi\u0105 ciekawe urozmaicenie letniej stylizacji.<\/p>\n<p><strong>Je\u015bli planujesz d\u0142ug\u0105 podr\u00f3\u017c samolotem, poci\u0105giem lub samochodem, koniecznie zabierz ze sob\u0105 poduszk\u0119 szyjn\u0105<\/strong>. Produkt ten zapewnia odpowiednie podparcie dla szyi i g\u0142owy, dzi\u0119ki czemu mo\u017cesz wygodnie spa\u0107 w trakcie podr\u00f3\u017cy. Do kompletu mo\u017cesz wybra\u0107 <a href=\"https:\/\/www.pakamera.pl\/opaski-na-oczy-0-1888.htm\" target=\"_blank\" rel=\"noopener\">opask\u0119 na oczy<\/a>, kt\u00f3ra umo\u017cliwia spanie nawet w ci\u0105gu dnia.<\/p>\n<figure id=\"attachment_10891\" aria-describedby=\"caption-attachment-10891\" style=\"width: 1600px\" class=\"wp-caption alignnone\"><img loading=\"lazy\" decoding=\"async\" class=\"wp-image-10891 size-full\" src=\"https:\/\/imgmag.pakamera.net\/2024\/06\/must-have-akcesoria-przydatne-w-podrozy-154813846898.jpg\" alt=\"jedwabna maska do spania zielona idealna na wyjazd\" width=\"1600\" height=\"840\" \/><figcaption id=\"caption-attachment-10891\" class=\"wp-caption-text\">jedwabna maska do spania zielona \/ TEYA \/ www.pakamera.pl<\/figcaption><\/figure>\n<h2>Jak spakowa\u0107 akcesoria podr\u00f3\u017cne, aby maksymalnie zaoszcz\u0119dzi\u0107 miejsce?<\/h2>\n<p>Pakowanie akcesori\u00f3w podr\u00f3\u017cnych mo\u017ce by\u0107 czasoch\u0142onnym i frustruj\u0105cym zadaniem, zw\u0142aszcza gdy pr\u00f3bujemy zmie\u015bci\u0107 je wszystkie w ograniczonej przestrzeni naszej walizki. Jednak istniej\u0105 proste triki, kt\u00f3re mo\u017cemy wykorzysta\u0107, aby maksymalnie zaoszcz\u0119dzi\u0107 miejsce i upora\u0107 si\u0119 z tym zadaniem szybko i sprawnie.<\/p>\n<p><strong>Po pierwsze, przemy\u015bl dok\u0142adnie, czy wszystkie rzeczy oka\u017c\u0105 si\u0119 przydatne<\/strong> w podr\u00f3\u017cy. <strong>Unikaj pakowania rzeczy \u201ena wszelki wypadek\u201d<\/strong>, kt\u00f3re mog\u0105 zajmowa\u0107 cenne miejsce w walizce. <strong>Zamiast sk\u0142adania ubra\u0144, zwijaj je w rulony<\/strong>. Dzi\u0119ki temu zaoszcz\u0119dzisz miejsce i unikniesz gniecenia ubra\u0144 w walizce. Mo\u017cesz tak\u017ce <strong>wykorzysta\u0107 przestrze\u0144 w butach na mniejsze akcesoria<\/strong> jak \u0142adowarka, bi\u017cuteria, czy nawet skarpetki. Pozwoli Ci to zaoszcz\u0119dzi\u0107 miejsce i jednocze\u015bnie zabezpieczy produkty przed zagubieniem. Podobnie mo\u017cesz wykorzysta\u0107 wszelkiego rodzaju przegr\u00f3dki lub kieszenie spodni.<\/p>\n<p>Zanim zapakujesz ubrania do walizki, <strong>skorzystaj z work\u00f3w pr\u00f3\u017cniowyc<\/strong>h. Ten zabieg pozwoli zmniejszy\u0107 obj\u0119to\u015b\u0107 ubra\u0144 i zaoszcz\u0119dzi\u0107 miejsce w walizce.<\/p>\n<p>Oczywi\u015bcie najwa\u017cniejsza w pakowaniu jest odpowiednia torba podr\u00f3\u017cna lub walizka. <strong>Wybierz torb\u0119 z mo\u017cliwo\u015bci\u0105 regulowania wielko\u015bci, kt\u00f3ra pozwoli dostosowa\u0107 si\u0119 do ilo\u015bci pakowanych rzeczy<\/strong>. Pami\u0119taj, aby wybra\u0107 produkt wysokiej jako\u015bci! W przeciwnym razie torba mo\u017ce rozerwa\u0107 si\u0119 pod wp\u0142ywem ci\u0119\u017caru. Warto, wi\u0119c zastanowi\u0107 si\u0119 <a href=\"https:\/\/www.pakamera.pl\/magazyn\/jak-wybrac-torbe-na-wakacje-ktora-zmiesci-wszystko\/\" target=\"_blank\" rel=\"noopener\">jak\u0105 torb\u0119 wybra\u0107 na wakacje<\/a>. Najlepsze torby podr\u00f3\u017cne znajdziesz oczywi\u015bcie w naszym sklepie internetowym. Dost\u0119pne torby s\u0105 bardzo pakowne, pomieszcz\u0105 wszystkie niezb\u0119dne rzeczy w podr\u00f3\u017cy.<\/p>\n<p>Pami\u0119taj tak\u017ce, aby <strong>planowa\u0107 swoje pakowanie z wyprzedzeniem i rozwa\u017cnie<\/strong>, aby unikn\u0105\u0107 zb\u0119dnego obci\u0105\u017cenia i cieszy\u0107 si\u0119 komfortem podr\u00f3\u017cowania.<\/p>\n<div id=\"pakawidget1384\" class=\"pakawidget\"><\/div>\n<p><script async defer src=\"https:\/\/www.pakamera.pl\/widget\/widget2.min.js?id=1384&#038;type=20240613154249&#038;wwidth=1000\"><\/script><\/p>\n<h2>Akcesoria podr\u00f3\u017cne must have \u2013 co warto kupi\u0107 przed wyjazdem?<\/h2>\n<ul>\n<li><strong>Portfel<\/strong> \u2014 pieni\u0105dze i karty p\u0142atnicze b\u0119d\u0105 niezb\u0119dne do p\u0142acenia za noclegi, jedzenie i inne wydatki w trakcie podr\u00f3\u017cy. Dlatego <strong>portfel jest najwa\u017cniejszym akcesorium w podr\u00f3\u017cy<\/strong>. Zabierz ze sob\u0105 model, kt\u00f3ry pomie\u015bci nie tylko pieni\u0105dze, ale r\u00f3wnie\u017c karty p\u0142atnicze oraz najpotrzebniejsze dokumenty.<\/li>\n<li><strong>Etui wodoodporne<\/strong> \u2014 je\u015bli planujesz aktywny wypoczynek na \u015bwie\u017cym powietrzu, wodoodporne etui <strong>zapewni Ci spok\u00f3j i bezpiecze\u0144stwo dla urz\u0105dze\u0144 podczas uprawiania sport\u00f3w wodnych, w\u0119dr\u00f3wek po g\u00f3rach czy pla\u017cowania<\/strong>. Ten drobny gad\u017cet zapewnia dodatkow\u0105 ochron\u0119 dla telefonu przed przypadkowym zalaniem wod\u0105 lub wilgoci\u0105. Etui wodoodporne zapobiega przedostaniu si\u0119 wilgoci, brudu czy py\u0142\u00f3w do wn\u0119trza urz\u0105dze\u0144, co mo\u017ce znacz\u0105co wyd\u0142u\u017cy\u0107 ich \u017cywotno\u015b\u0107.<\/li>\n<li><strong>Zestaw kosmetyczek<\/strong> \u2014 umo\u017cliwia przechowywanie i organizacj\u0119 wszystkich niezb\u0119dnych kosmetyk\u00f3w i akcesori\u00f3w do piel\u0119gnacji osobistej. Dzi\u0119ki takim organizerom mo\u017cemy zabezpieczy\u0107 nasze produkty przed uszkodzeniem czy rozlaniem w walizce.<\/li>\n<li><strong>Etui na szczoteczk\u0119<\/strong> \u2014 zapewnia higieniczne przechowywanie szczoteczki, chroni\u0105c j\u0105 przed zanieczyszczeniem i uszkodzeniem. Pomaga r\u00f3wnie\u017c utrzyma\u0107 szczoteczk\u0119 such\u0105, co jest istotne dla zachowania higieny i zapobiegania rozwojowi bakterii.<\/li>\n<\/ul>\n<p>Wybieraj\u0105c akcesoria podr\u00f3\u017cne, warto pami\u0119ta\u0107 o swoich potrzebach i warunkach podr\u00f3\u017cy. <strong>Dzi\u0119ki odpowiedniemu wyposa\u017ceniu ka\u017cda wycieczka b\u0119dzie czyst\u0105 przyjemno\u015bci\u0105, a Ty unikniesz zb\u0119dnych problem\u00f3w<\/strong> i niedogodno\u015bci.<\/p>\n","protected":false},"excerpt":{"rendered":"<p>Podr\u00f3\u017cowanie to pasja wielu z nas! Jednak zanim wyruszymy w kolejn\u0105 przygod\u0119, warto zadba\u0107 o odpowiednie przygotowanie. Opr\u00f3cz pakowania ubra\u0144 i kosmetyk\u00f3w, istotne s\u0105 r\u00f3wnie\u017c odpowiednie akcesoria, kt\u00f3re u\u0142atwi\u0105 Ci<span class=\"more-dots\">&#8230;<\/span><\/p>\n","protected":false},"author":16,"featured_media":10889,"comment_status":"closed","ping_status":"closed","sticky":false,"template":"","format":"standard","meta":{"footnotes":""},"categories":[12],"tags":[156,661,257,1321,1192,674],"class_list":["post-10886","post","type-post","status-publish","format-standard","has-post-thumbnail","hentry","category-dom-i-wnetrza","tag-toba-podrozna","tag-torby-podrozne","tag-wakacje","tag-wakacje-last-minute","tag-wyjazd","tag-zestaw-podrozny"],"yoast_head":"<!-- This site is optimized with the Yoast SEO plugin v21.6 - https:\/\/yoast.com\/wordpress\/plugins\/seo\/ -->\n<title>Must have akcesoria przydatne w podr\u00f3\u017cy - Magazyn Pakamera.pl<\/title>\n<meta name=\"description\" content=\"Zastanawiasz si\u0119 jakie przydatne rzeczy w podr\u00f3\u017cy powinna\u015b spakowa\u0107 ze sob\u0105 na wyjazd? Zobacz nasze propozycje i triki na udane podr\u00f3\u017cowanie.\" \/>\n<meta name=\"robots\" content=\"index, follow\" \/>\n<link rel=\"canonical\" href=\"https:\/\/www.pakamera.pl\/magazyn\/must-have-akcesoria-przydatne-w-podrozy\/\" \/>\n<meta property=\"og:locale\" content=\"pl_PL\" \/>\n<meta property=\"og:type\" content=\"article\" \/>\n<meta property=\"og:title\" content=\"Must have akcesoria przydatne w podr\u00f3\u017cy - Magazyn Pakamera.pl\" \/>\n<meta property=\"og:description\" content=\"Zastanawiasz si\u0119 jakie przydatne rzeczy w podr\u00f3\u017cy powinna\u015b spakowa\u0107 ze sob\u0105 na wyjazd? Zobacz nasze propozycje i triki na udane podr\u00f3\u017cowanie.\" \/>\n<meta property=\"og:url\" content=\"https:\/\/www.pakamera.pl\/magazyn\/must-have-akcesoria-przydatne-w-podrozy\/\" \/>\n<meta property=\"og:site_name\" content=\"Magazyn Pakamera.pl\" \/>\n<meta property=\"article:publisher\" content=\"https:\/\/facebook.com\/pakamerapl\" \/>\n<meta property=\"article:published_time\" content=\"2024-06-13T13:51:02+00:00\" \/>\n<meta property=\"og:image\" content=\"https:\/\/imgmag.pakamera.net\/2024\/06\/must-have-akcesoria-przydatne-w-podrozy-142915168560.jpg\" \/>\n\t<meta property=\"og:image:width\" content=\"1600\" \/>\n\t<meta property=\"og:image:height\" content=\"840\" \/>\n\t<meta property=\"og:image:type\" content=\"image\/jpeg\" \/>\n<meta name=\"author\" content=\"Magda Strzelecka\" \/>\n<meta name=\"twitter:card\" content=\"summary_large_image\" \/>\n<meta name=\"twitter:label1\" content=\"Napisane przez\" \/>\n\t<meta name=\"twitter:data1\" content=\"Magda Strzelecka\" \/>\n\t<meta name=\"twitter:label2\" content=\"Szacowany czas czytania\" \/>\n\t<meta name=\"twitter:data2\" content=\"6 minut\" \/>\n<script type=\"application\/ld+json\" class=\"yoast-schema-graph\">{\"@context\":\"https:\/\/schema.org\",\"@graph\":[{\"@type\":\"Article\",\"@id\":\"https:\/\/www.pakamera.pl\/magazyn\/must-have-akcesoria-przydatne-w-podrozy\/#article\",\"isPartOf\":{\"@id\":\"https:\/\/www.pakamera.pl\/magazyn\/must-have-akcesoria-przydatne-w-podrozy\/\"},\"author\":{\"name\":\"Magda Strzelecka\",\"@id\":\"https:\/\/www.pakamera.pl\/magazyn\/#\/schema\/person\/375940ab821c5af50e1e31f1ec5282b5\"},\"headline\":\"Must have akcesoria przydatne w podr\u00f3\u017cy\",\"datePublished\":\"2024-06-13T13:51:02+00:00\",\"dateModified\":\"2024-06-13T13:51:02+00:00\",\"mainEntityOfPage\":{\"@id\":\"https:\/\/www.pakamera.pl\/magazyn\/must-have-akcesoria-przydatne-w-podrozy\/\"},\"wordCount\":1103,\"publisher\":{\"@id\":\"https:\/\/www.pakamera.pl\/magazyn\/#organization\"},\"keywords\":[\"toba podr\u00f3\u017cna\",\"torby podr\u00f3\u017cne\",\"wakacje\",\"WAKACJE LAST MINUTE\",\"wyjazd\",\"zestaw podr\u00f3\u017cny\"],\"articleSection\":[\"Dom i Wn\u0119trze\"],\"inLanguage\":\"pl-PL\"},{\"@type\":\"WebPage\",\"@id\":\"https:\/\/www.pakamera.pl\/magazyn\/must-have-akcesoria-przydatne-w-podrozy\/\",\"url\":\"https:\/\/www.pakamera.pl\/magazyn\/must-have-akcesoria-przydatne-w-podrozy\/\",\"name\":\"Must have akcesoria przydatne w podr\u00f3\u017cy - Magazyn Pakamera.pl\",\"isPartOf\":{\"@id\":\"https:\/\/www.pakamera.pl\/magazyn\/#website\"},\"datePublished\":\"2024-06-13T13:51:02+00:00\",\"dateModified\":\"2024-06-13T13:51:02+00:00\",\"description\":\"Zastanawiasz si\u0119 jakie przydatne rzeczy w podr\u00f3\u017cy powinna\u015b spakowa\u0107 ze sob\u0105 na wyjazd? Zobacz nasze propozycje i triki na udane podr\u00f3\u017cowanie.\",\"breadcrumb\":{\"@id\":\"https:\/\/www.pakamera.pl\/magazyn\/must-have-akcesoria-przydatne-w-podrozy\/#breadcrumb\"},\"inLanguage\":\"pl-PL\",\"potentialAction\":[{\"@type\":\"ReadAction\",\"target\":[\"https:\/\/www.pakamera.pl\/magazyn\/must-have-akcesoria-przydatne-w-podrozy\/\"]}]},{\"@type\":\"BreadcrumbList\",\"@id\":\"https:\/\/www.pakamera.pl\/magazyn\/must-have-akcesoria-przydatne-w-podrozy\/#breadcrumb\",\"itemListElement\":[{\"@type\":\"ListItem\",\"position\":1,\"name\":\"Magazyn\",\"item\":\"https:\/\/www.pakamera.pl\/magazyn\/\"},{\"@type\":\"ListItem\",\"position\":2,\"name\":\"Dom i Wn\u0119trze\",\"item\":\"https:\/\/www.pakamera.pl\/magazyn\/category\/dom-i-wnetrza\/\"},{\"@type\":\"ListItem\",\"position\":3,\"name\":\"Must have akcesoria przydatne w podr\u00f3\u017cy\"}]},{\"@type\":\"WebSite\",\"@id\":\"https:\/\/www.pakamera.pl\/magazyn\/#website\",\"url\":\"https:\/\/www.pakamera.pl\/magazyn\/\",\"name\":\"Magazyn Pakamera.pl\",\"description\":\"Sprawd\u017a najgor\u0119tsze tematy sezonu!\",\"publisher\":{\"@id\":\"https:\/\/www.pakamera.pl\/magazyn\/#organization\"},\"potentialAction\":[{\"@type\":\"SearchAction\",\"target\":{\"@type\":\"EntryPoint\",\"urlTemplate\":\"https:\/\/www.pakamera.pl\/magazyn\/?s={search_term_string}\"},\"query-input\":\"required name=search_term_string\"}],\"inLanguage\":\"pl-PL\"},{\"@type\":\"Organization\",\"@id\":\"https:\/\/www.pakamera.pl\/magazyn\/#organization\",\"name\":\"Pakamera.pl\",\"url\":\"https:\/\/www.pakamera.pl\/magazyn\/\",\"logo\":{\"@type\":\"ImageObject\",\"inLanguage\":\"pl-PL\",\"@id\":\"https:\/\/www.pakamera.pl\/magazyn\/#\/schema\/logo\/image\/\",\"url\":\"https:\/\/imgmag.pakamera.net\/2023\/11\/153455466619.png\",\"contentUrl\":\"https:\/\/imgmag.pakamera.net\/2023\/11\/153455466619.png\",\"width\":690,\"height\":140,\"caption\":\"Pakamera.pl\"},\"image\":{\"@id\":\"https:\/\/www.pakamera.pl\/magazyn\/#\/schema\/logo\/image\/\"},\"sameAs\":[\"https:\/\/facebook.com\/pakamerapl\",\"https:\/\/www.instagram.com\/pakamera\/\"]},{\"@type\":\"Person\",\"@id\":\"https:\/\/www.pakamera.pl\/magazyn\/#\/schema\/person\/375940ab821c5af50e1e31f1ec5282b5\",\"name\":\"Magda Strzelecka\",\"description\":\"Magda to nasza stylistka, kt\u00f3ra od ponad 10 lat \u015bci\u015ble zwi\u0105zana jest z mod\u0105. Uwielbia \u015bledzi\u0107 \u015bwiatowe trendy i przek\u0142ada\u0107 je na rynek polski. Kocha dobre sk\u0142ady ubra\u0144, wyj\u0105tkow\u0105 bi\u017cuteri\u0119 i dodatki kt\u00f3re o\u017cywi\u0105 ka\u017cd\u0105 stylizacj\u0119.\"}]}<\/script>\n<!-- \/ Yoast SEO plugin. -->","yoast_head_json":{"title":"Must have akcesoria przydatne w podr\u00f3\u017cy - Magazyn Pakamera.pl","description":"Zastanawiasz si\u0119 jakie przydatne rzeczy w podr\u00f3\u017cy powinna\u015b spakowa\u0107 ze sob\u0105 na wyjazd? Zobacz nasze propozycje i triki na udane podr\u00f3\u017cowanie.","robots":{"index":"index","follow":"follow"},"canonical":"https:\/\/www.pakamera.pl\/magazyn\/must-have-akcesoria-przydatne-w-podrozy\/","og_locale":"pl_PL","og_type":"article","og_title":"Must have akcesoria przydatne w podr\u00f3\u017cy - Magazyn Pakamera.pl","og_description":"Zastanawiasz si\u0119 jakie przydatne rzeczy w podr\u00f3\u017cy powinna\u015b spakowa\u0107 ze sob\u0105 na wyjazd? Zobacz nasze propozycje i triki na udane podr\u00f3\u017cowanie.","og_url":"https:\/\/www.pakamera.pl\/magazyn\/must-have-akcesoria-przydatne-w-podrozy\/","og_site_name":"Magazyn Pakamera.pl","article_publisher":"https:\/\/facebook.com\/pakamerapl","article_published_time":"2024-06-13T13:51:02+00:00","og_image":[{"width":1600,"height":840,"url":"https:\/\/imgmag.pakamera.net\/2024\/06\/must-have-akcesoria-przydatne-w-podrozy-142915168560.jpg","type":"image\/jpeg"}],"author":"Magda Strzelecka","twitter_card":"summary_large_image","twitter_misc":{"Napisane przez":"Magda Strzelecka","Szacowany czas czytania":"6 minut"},"schema":{"@context":"https:\/\/schema.org","@graph":[{"@type":"Article","@id":"https:\/\/www.pakamera.pl\/magazyn\/must-have-akcesoria-przydatne-w-podrozy\/#article","isPartOf":{"@id":"https:\/\/www.pakamera.pl\/magazyn\/must-have-akcesoria-przydatne-w-podrozy\/"},"author":{"name":"Magda Strzelecka","@id":"https:\/\/www.pakamera.pl\/magazyn\/#\/schema\/person\/375940ab821c5af50e1e31f1ec5282b5"},"headline":"Must have akcesoria przydatne w podr\u00f3\u017cy","datePublished":"2024-06-13T13:51:02+00:00","dateModified":"2024-06-13T13:51:02+00:00","mainEntityOfPage":{"@id":"https:\/\/www.pakamera.pl\/magazyn\/must-have-akcesoria-przydatne-w-podrozy\/"},"wordCount":1103,"publisher":{"@id":"https:\/\/www.pakamera.pl\/magazyn\/#organization"},"keywords":["toba podr\u00f3\u017cna","torby podr\u00f3\u017cne","wakacje","WAKACJE LAST MINUTE","wyjazd","zestaw podr\u00f3\u017cny"],"articleSection":["Dom i Wn\u0119trze"],"inLanguage":"pl-PL"},{"@type":"WebPage","@id":"https:\/\/www.pakamera.pl\/magazyn\/must-have-akcesoria-przydatne-w-podrozy\/","url":"https:\/\/www.pakamera.pl\/magazyn\/must-have-akcesoria-przydatne-w-podrozy\/","name":"Must have akcesoria przydatne w podr\u00f3\u017cy - Magazyn Pakamera.pl","isPartOf":{"@id":"https:\/\/www.pakamera.pl\/magazyn\/#website"},"datePublished":"2024-06-13T13:51:02+00:00","dateModified":"2024-06-13T13:51:02+00:00","description":"Zastanawiasz si\u0119 jakie przydatne rzeczy w podr\u00f3\u017cy powinna\u015b spakowa\u0107 ze sob\u0105 na wyjazd? Zobacz nasze propozycje i triki na udane podr\u00f3\u017cowanie.","breadcrumb":{"@id":"https:\/\/www.pakamera.pl\/magazyn\/must-have-akcesoria-przydatne-w-podrozy\/#breadcrumb"},"inLanguage":"pl-PL","potentialAction":[{"@type":"ReadAction","target":["https:\/\/www.pakamera.pl\/magazyn\/must-have-akcesoria-przydatne-w-podrozy\/"]}]},{"@type":"BreadcrumbList","@id":"https:\/\/www.pakamera.pl\/magazyn\/must-have-akcesoria-przydatne-w-podrozy\/#breadcrumb","itemListElement":[{"@type":"ListItem","position":1,"name":"Magazyn","item":"https:\/\/www.pakamera.pl\/magazyn\/"},{"@type":"ListItem","position":2,"name":"Dom i Wn\u0119trze","item":"https:\/\/www.pakamera.pl\/magazyn\/category\/dom-i-wnetrza\/"},{"@type":"ListItem","position":3,"name":"Must have akcesoria przydatne w podr\u00f3\u017cy"}]},{"@type":"WebSite","@id":"https:\/\/www.pakamera.pl\/magazyn\/#website","url":"https:\/\/www.pakamera.pl\/magazyn\/","name":"Magazyn Pakamera.pl","description":"Sprawd\u017a najgor\u0119tsze tematy sezonu!","publisher":{"@id":"https:\/\/www.pakamera.pl\/magazyn\/#organization"},"potentialAction":[{"@type":"SearchAction","target":{"@type":"EntryPoint","urlTemplate":"https:\/\/www.pakamera.pl\/magazyn\/?s={search_term_string}"},"query-input":"required name=search_term_string"}],"inLanguage":"pl-PL"},{"@type":"Organization","@id":"https:\/\/www.pakamera.pl\/magazyn\/#organization","name":"Pakamera.pl","url":"https:\/\/www.pakamera.pl\/magazyn\/","logo":{"@type":"ImageObject","inLanguage":"pl-PL","@id":"https:\/\/www.pakamera.pl\/magazyn\/#\/schema\/logo\/image\/","url":"https:\/\/imgmag.pakamera.net\/2023\/11\/153455466619.png","contentUrl":"https:\/\/imgmag.pakamera.net\/2023\/11\/153455466619.png","width":690,"height":140,"caption":"Pakamera.pl"},"image":{"@id":"https:\/\/www.pakamera.pl\/magazyn\/#\/schema\/logo\/image\/"},"sameAs":["https:\/\/facebook.com\/pakamerapl","https:\/\/www.instagram.com\/pakamera\/"]},{"@type":"Person","@id":"https:\/\/www.pakamera.pl\/magazyn\/#\/schema\/person\/375940ab821c5af50e1e31f1ec5282b5","name":"Magda Strzelecka","description":"Magda to nasza stylistka, kt\u00f3ra od ponad 10 lat \u015bci\u015ble zwi\u0105zana jest z mod\u0105. Uwielbia \u015bledzi\u0107 \u015bwiatowe trendy i przek\u0142ada\u0107 je na rynek polski. Kocha dobre sk\u0142ady ubra\u0144, wyj\u0105tkow\u0105 bi\u017cuteri\u0119 i dodatki kt\u00f3re o\u017cywi\u0105 ka\u017cd\u0105 stylizacj\u0119."}]}},"_links":{"self":[{"href":"https:\/\/www.pakamera.pl\/magazyn\/wp-json\/wp\/v2\/posts\/10886","targetHints":{"allow":["GET"]}}],"collection":[{"href":"https:\/\/www.pakamera.pl\/magazyn\/wp-json\/wp\/v2\/posts"}],"about":[{"href":"https:\/\/www.pakamera.pl\/magazyn\/wp-json\/wp\/v2\/types\/post"}],"author":[{"embeddable":true,"href":"https:\/\/www.pakamera.pl\/magazyn\/wp-json\/wp\/v2\/users\/16"}],"replies":[{"embeddable":true,"href":"https:\/\/www.pakamera.pl\/magazyn\/wp-json\/wp\/v2\/comments?post=10886"}],"version-history":[{"count":3,"href":"https:\/\/www.pakamera.pl\/magazyn\/wp-json\/wp\/v2\/posts\/10886\/revisions"}],"predecessor-version":[{"id":10892,"href":"https:\/\/www.pakamera.pl\/magazyn\/wp-json\/wp\/v2\/posts\/10886\/revisions\/10892"}],"wp:featuredmedia":[{"embeddable":true,"href":"https:\/\/www.pakamera.pl\/magazyn\/wp-json\/wp\/v2\/media\/10889"}],"wp:attachment":[{"href":"https:\/\/www.pakamera.pl\/magazyn\/wp-json\/wp\/v2\/media?parent=10886"}],"wp:term":[{"taxonomy":"category","embeddable":true,"href":"https:\/\/www.pakamera.pl\/magazyn\/wp-json\/wp\/v2\/categories?post=10886"},{"taxonomy":"post_tag","embeddable":true,"href":"https:\/\/www.pakamera.pl\/magazyn\/wp-json\/wp\/v2\/tags?post=10886"}],"curies":[{"name":"wp","href":"https:\/\/api.w.org\/{rel}","templated":true}]}}