{"id":10845,"date":"2024-06-08T12:00:20","date_gmt":"2024-06-08T10:00:20","guid":{"rendered":"https:\/\/www.pakamera.pl\/magazyn\/?p=10845"},"modified":"2024-06-06T13:19:33","modified_gmt":"2024-06-06T11:19:33","slug":"jak-wybrac-torbe-na-wakacje-ktora-zmiesci-wszystko","status":"publish","type":"post","link":"https:\/\/www.pakamera.pl\/magazyn\/jak-wybrac-torbe-na-wakacje-ktora-zmiesci-wszystko\/","title":{"rendered":"Jak wybra\u0107 torb\u0119 na wakacje, kt\u00f3ra zmie\u015bci wszystko?"},"content":{"rendered":"<p><strong>Urlop potwierdzony, bilety kupione, noclegi zarezerwowane \u2013 jeste\u015b w pe\u0142ni gotowa na letni wyjazd. Pozostaje jeszcze tylko jedna sprawa \u2013 jak wybra\u0107 torb\u0119 na wakacje, do kt\u00f3rej zmieszcz\u0105 si\u0119 wszystkie niezb\u0119dne przedmioty? Zobacz jaka torebka na wakacje sprawdzi si\u0119 idealnie.<br \/>\n<\/strong><\/p>\n<p><!--more--><\/p>\n<figure id=\"attachment_10846\" aria-describedby=\"caption-attachment-10846\" style=\"width: 1600px\" class=\"wp-caption alignnone\"><img loading=\"lazy\" decoding=\"async\" class=\"wp-image-10846 size-full\" src=\"https:\/\/imgmag.pakamera.net\/2024\/06\/jak-wybrac-torbe-na-wakacje-ktora-zmiesci-wszystko-130312593905.jpg\" alt=\"Jak wybra\u0107 torb\u0119 na wakacje\" width=\"1600\" height=\"840\" \/><figcaption id=\"caption-attachment-10846\" class=\"wp-caption-text\">Przezroczysta torba pla\u017cowa \/ modeMania \/ www.pakamera.pl<\/figcaption><\/figure>\n<p>Wakacje to czas relaksu i przygody, dlatego przygotuj si\u0119 do nich odpowiednio, aby oszcz\u0119dzi\u0107 sobie p\u00f3\u017aniejszych zmartwie\u0144. Dobrze dobrana torebka pozwoli zabra\u0107 Ci str\u00f3j k\u0105pielowy, picie i przysmaki, a dodatkowo zmie\u015bci ksi\u0105\u017ck\u0119 i koc pla\u017cowy. Jak j\u0105 znale\u017a\u0107? Podpowiadamy!<\/p>\n<h2>Wyb\u00f3r idealnej torby na wakacje \u2013 przewodnik<\/h2>\n<p>Jaka torebka na wakacje b\u0119dzie najlepsza? Zacznij od rozmiaru \u2013 malutkie kopert\u00f3wki czy moon bagi nie b\u0119d\u0105 najwygodniejsz\u0105 opcj\u0105, gdy sp\u0119dzasz czas na \u015bwie\u017cym powietrzu. Lepiej <strong>si\u0119gnij po du\u017c\u0105 shopperk\u0119 lub torb\u0119 pla\u017cow\u0105<\/strong>.<\/p>\n<p><strong>Na pla\u017c\u0119 najlepiej sprawdzi si\u0119 lekka torba z wodoodpornego materia\u0142u<\/strong>. Do miasta wybierz co\u015b eleganckiego, np. sk\u00f3rzan\u0105 torb\u0119. <strong>Je\u015bli planujesz w\u0119dr\u00f3wki, postaw na plecak wykonany z wytrzyma\u0142ego nylonu lub poliestru<\/strong>.<\/p>\n<p>Torba z wieloma kieszeniami u\u0142atwi Ci znalezienie paszportu, telefonu lub butelki z wod\u0105. Powinna mie\u0107 ona segmenty zapinane na zamek \u2013 tylko wtedy masz pewno\u015b\u0107, \u017ce najwa\u017cniejsze dokumenty nie wypadn\u0105 i nie zagin\u0105 w z\u0142ocistym piasku. Sprawd\u017a te\u017c, czy torba ma wewn\u0119trzne przegrody \u2013 pomog\u0105 one utrzyma\u0107 porz\u0105dek i oddzieli\u0107 mokry str\u00f3j od suchych ubra\u0144 na zmian\u0119.<\/p>\n<div id=\"pakawidget1373\" class=\"pakawidget\"><\/div>\n<p><script async defer src=\"https:\/\/www.pakamera.pl\/widget\/widget2.min.js?id=1373&#038;type=20240606131713&#038;wwidth=1000\"><\/script><\/p>\n<h2>Jak znale\u017a\u0107 torb\u0119 wakacyjn\u0105, kt\u00f3ra pomie\u015bci wszystkie Twoje rzeczy?<\/h2>\n<p><strong>Zr\u00f3b list\u0119 rzeczy, kt\u00f3re zamierzasz zabra\u0107. To pomo\u017ce ci oszacowa\u0107 potrzebn\u0105 pojemno\u015b\u0107<\/strong>. Zabierasz tylko podstawowe przedmioty, a mo\u017ce planujesz spakowa\u0107 sprz\u0119t fotograficzny, ksi\u0105\u017cki lub laptopa? Wybierz <a href=\"https:\/\/www.pakamera.pl\/torby-xxl-0-1876.htm\" target=\"_blank\" rel=\"noopener\">torby XXL<\/a>.<\/p>\n<p><strong>Mo\u017cesz r\u00f3wnie\u017c wzi\u0105\u0107 ze sob\u0105 mniejsz\u0105 torb\u0119-nerk\u0119 i zapi\u0105\u0107 j\u0105 w pasie<\/strong>. Umie\u015b\u0107 w niej przedmioty, do kt\u00f3rych musisz mie\u0107 \u0142atwy dost\u0119p \u2013 telefon, klucze, portfel i dokumenty. B\u0119dziesz mia\u0142a saszetk\u0119 ca\u0142y czas na widoku i zmniejszysz wag\u0119 torby na ramieniu.<\/p>\n<p>Twoja torba wakacyjna powinna by\u0107 nie tylko pojemna, ale tak\u017ce <strong>wygodna w noszeni<\/strong>u. Szukaj modeli z szerokimi paskami i dobrze wywa\u017conym \u015brodkiem ci\u0119\u017cko\u015bci. Dzi\u0119ki temu nawet d\u0142ugie spacery z ci\u0119\u017ckim baga\u017cem nie b\u0119d\u0105 problemem.<\/p>\n<h2>Praktyczne porady na wyb\u00f3r torby na wakacje<\/h2>\n<figure id=\"attachment_10847\" aria-describedby=\"caption-attachment-10847\" style=\"width: 1600px\" class=\"wp-caption alignnone\"><img loading=\"lazy\" decoding=\"async\" class=\"wp-image-10847 size-full\" src=\"https:\/\/imgmag.pakamera.net\/2024\/06\/jak-wybrac-torbe-na-wakacje-ktora-zmiesci-wszystko-130451104613.jpg\" alt=\"du\u017ca bawe\u0142niana torba z nadrukiem na d\u0142ugich uszach na pla\u017c\u0119\" width=\"1600\" height=\"840\" \/><figcaption id=\"caption-attachment-10847\" class=\"wp-caption-text\">Torba pla\u017cowa bawe\u0142niana \/ Melika \/ www.pakamera.pl<\/figcaption><\/figure>\n<p><strong>Lekka torba to must-have na wakacje<\/strong>, szczeg\u00f3lnie gdy podr\u00f3\u017cujesz samolotem. Ka\u017cdy dodatkowy kilogram zabiera miejsce na Twoje rzeczy, dlatego wybierz model wykonany z lekkich i wytrzyma\u0142ych materia\u0142\u00f3w.<\/p>\n<p>Sprawd\u017a wymiary torby, \u017ceby mie\u015bci\u0142a si\u0119 w wymaganiach linii lotniczych. Zw\u0142aszcza przewo\u017anicy sprzedaj\u0105cy tanie bilety (np. Ryanair, WizzAir, EasyJet) maj\u0105 bardzo ma\u0142e limity baga\u017cu.<br \/>\nJe\u015bli zabierasz ze sob\u0105 elektronik\u0119, wybierz torb\u0119 z dedykowan\u0105 kieszeni\u0105 na laptopa. Powinny one by\u0107 dodatkowo wy\u015bcie\u0142ane materia\u0142em lub wzmocnione, aby ochroni\u0107 cenny sprz\u0119t przed uszkodzeniami.<\/p>\n<p><strong>Sk\u0142adana torba podr\u00f3\u017cna to \u015bwietne rozwi\u0105zanie, gdy nie masz zbyt du\u017co przestrzeni w g\u0142\u00f3wnej walizce<\/strong>. Mo\u017cesz j\u0105 z\u0142o\u017cy\u0107, schowa\u0107 i u\u017cy\u0107, gdy b\u0119dziesz potrzebowa\u0107 wi\u0119cej miejsca na zakupy lub pami\u0105tki. Wybierz modele, kt\u00f3re nie maj\u0105 sztywnych element\u00f3w konstrukcyjnych.<\/p>\n<p>Jaka torba na pla\u017c\u0119 b\u0119dzie najwygodniejsza? Najlepiej taka z \u0142atwym do wyczyszczenia wn\u0119trzem. Torby z wyjmowan\u0105, wodoodporn\u0105 podszewk\u0105 umo\u017cliwiaj\u0105 utrzymanie czysto\u015bci podczas d\u0142ugich podr\u00f3\u017cy.<\/p>\n<p><strong>Wybieraj torby z zamkami o du\u017cych z\u0105bkach \u2013 s\u0105 one trwa\u0142e i mniej podatne na zaci\u0119cia<\/strong>. Solidne zamki zwi\u0119kszaj\u0105 bezpiecze\u0144stwo baga\u017cu.<\/p>\n<h2>Torby wakacyjne: na co zwr\u00f3ci\u0107 uwag\u0119 przy wyborze?<\/h2>\n<div id=\"pakawidget1374\" class=\"pakawidget\"><\/div>\n<p><script async defer src=\"https:\/\/www.pakamera.pl\/widget\/widget2.min.js?id=1374&#038;type=20240606131907&#038;wwidth=1000\"><\/script><br \/>\nPrzemy\u015bl, ile rzeczy zamierzasz zabra\u0107.<strong> Torba powinna by\u0107 na tyle du\u017ca, \u017ceby pomie\u015bci\u0107 wszystko, ale jednocze\u015bnie nie przesadnie wielka<\/strong>. Wybierz akcesorium wykonane z wytrzyma\u0142ego materia\u0142u, kt\u00f3ry nie b\u0119dzie si\u0119 \u0142atwo wyciera\u0142. Dobrej jako\u015bci poliester, nylon czy sk\u00f3ra wytrzymaj\u0105 d\u0142u\u017csze podr\u00f3\u017ce. <a href=\"https:\/\/www.pakamera.pl\/pleciona-torebka-0-t130581.htm\" target=\"_blank\" rel=\"noopener\">Pleciona torebka<\/a> pomo\u017ce Ci wykreowa\u0107 stylizacj\u0119 w obecnych trendach.<\/p>\n<p><strong>Torba powinna mie\u0107 solidne zamki<\/strong>, kt\u00f3re mo\u017cna zabezpieczy\u0107 k\u0142\u00f3dk\u0105. Niekt\u00f3re modele oferuj\u0105 r\u00f3wnie\u017c ukryte kieszenie na dokumenty i pieni\u0105dze. Te zabezpieczenia przydadz\u0105 Ci si\u0119, gdy podr\u00f3\u017cujesz w mniej bezpieczne miejsca.<\/p>\n<p>Jaka torba na pla\u017c\u0119 b\u0119dzie odpowiednia? Modele z wy\u015bcie\u0142anymi paskami s\u0105 wygodniejsze w noszeniu, zw\u0142aszcza je\u015bli torba jest ci\u0119\u017cka lub masz na sobie koszulk\u0119 bez r\u0119kawk\u00f3w.<\/p>\n<h2>Najlepsze torby na wakacje \u2013 modele, kt\u00f3re warto rozwa\u017cy\u0107<\/h2>\n<p>Jaka torebka na wakacje podoba Ci si\u0119 najbardziej? Nie wiesz jeszcze? Sprawd\u017a nasze propozycje od polskich projektant\u00f3w.<\/p>\n<ol>\n<li><strong>Torba pla\u017cowa bawe\u0142niana Save the Queen \/ Melika<\/strong> &#8211; Torba pla\u017cowa w wakacyjne wzory dodaje animuszu podczas spaceru na pla\u017c\u0119. Bez problemu zmie\u015bcisz w niej wszystko, co potrzebne, str\u00f3j k\u0105pielowy, r\u0119cznik, koc, butelk\u0119 wody i najnowszy krymina\u0142. W wewn\u0119trznej kieszeni na suwak mo\u017cesz schowa\u0107 telefon, gdy udasz si\u0119 na orze\u017awiaj\u0105c\u0105 k\u0105piel.<\/li>\n<li><strong>Szara torba worek z zamszu ekologicznego \/ Karolina Audycka<\/strong> &#8211; Cho\u0107 torebka jest bardzo pojemna, jej konstrukcja nie zajmuje du\u017co miejsca, poniewa\u017c nie ma sztywnych element\u00f3w. D\u0142ugi regulowany pasek i r\u0105czka umo\u017cliwiaj\u0105 noszenie jej na jednym ramieniu lub na skos, dzi\u0119ki czemu mo\u017cesz lepiej roz\u0142o\u017cy\u0107 wag\u0119 baga\u017cu na ciele. Ca\u0142o\u015b\u0107 zapina si\u0119 na zamek, a w \u015brodku znajduj\u0105 si\u0119 dwie mniejsze kieszonki.<\/li>\n<li><strong>Mi\u0119kka welurowa torebka worek \/ Ladybuq Art Studio<\/strong> &#8211; Ta torba wyr\u00f3\u017cnia si\u0119 swoimi kolorami \u2013 niebieski i \u017c\u00f3\u0142ty \u015bwietnie si\u0119 ze sob\u0105 komponuj\u0105 i wygl\u0105daj\u0105 bardzo stylowo. Welurowy materia\u0142 jest przyjemny w dotyku, a co wi\u0119cej rozci\u0105ga si\u0119, dlatego do tej torebki typu worek zmie\u015bcisz naprawd\u0119 wiele potrzebnych przedmiot\u00f3w. Pasek i uchwyt s\u0105 odpinane i regulowane, dzi\u0119ki czemu dopasujesz je do swojej postury.<\/li>\n<li><strong>Torba szopper Mili Big Bag \u2013 postman \/ Militu<\/strong> &#8211; Lekka i wytrzyma\u0142a torba od Militu poleca si\u0119 na codzienne zakupy i wakacyjne woja\u017ce. Prosty fason pasuje do nieformalnej, letniej styl\u00f3wki. Torba zapinana jest na suwak i nie ma podszewki, dzi\u0119ki temu sk\u0142ada si\u0119 do niewielkich rozmiar\u00f3w.<\/li>\n<\/ol>\n<p>Oto polecane przez nas <a href=\"https:\/\/www.pakamera.pl\/magazyn\/modne-torby-plazowe-2024-przeglad\/\" target=\"_blank\" rel=\"noopener\">modne torby pla\u017cowe 2024<\/a>. Chcesz zobaczy\u0107 wi\u0119cej? Wejd\u017a na Pakamera.pl.<\/p>\n","protected":false},"excerpt":{"rendered":"<p>Urlop potwierdzony, bilety kupione, noclegi zarezerwowane \u2013 jeste\u015b w pe\u0142ni gotowa na letni wyjazd. Pozostaje jeszcze tylko jedna sprawa \u2013 jak wybra\u0107 torb\u0119 na wakacje, do kt\u00f3rej zmieszcz\u0105 si\u0119 wszystkie<span class=\"more-dots\">&#8230;<\/span><\/p>\n","protected":false},"author":16,"featured_media":10846,"comment_status":"closed","ping_status":"closed","sticky":false,"template":"","format":"standard","meta":{"footnotes":""},"categories":[3],"tags":[567,156,2273,566,661],"class_list":["post-10845","post","type-post","status-publish","format-standard","has-post-thumbnail","hentry","category-moda","tag-duza-torebka","tag-toba-podrozna","tag-torba-plazowa-ze-sznurka","tag-torba-xxl","tag-torby-podrozne"],"yoast_head":"<!-- This site is optimized with the Yoast SEO plugin v21.6 - https:\/\/yoast.com\/wordpress\/plugins\/seo\/ -->\n<title>Jak wybra\u0107 torb\u0119 na wakacje, kt\u00f3ra zmie\u015bci wszystko? - Magazyn Pakamera.pl<\/title>\n<meta name=\"description\" content=\"Zastanawiasz si\u0119 jaka torebka na wakacje b\u0119dzie najlepszym wyborem? Zobacz nasze pla\u017cowe i letnie kolekcje od polskich marek.\" \/>\n<meta name=\"robots\" content=\"index, follow\" \/>\n<link rel=\"canonical\" href=\"https:\/\/www.pakamera.pl\/magazyn\/jak-wybrac-torbe-na-wakacje-ktora-zmiesci-wszystko\/\" \/>\n<meta property=\"og:locale\" content=\"pl_PL\" \/>\n<meta property=\"og:type\" content=\"article\" \/>\n<meta property=\"og:title\" content=\"Jak wybra\u0107 torb\u0119 na wakacje, kt\u00f3ra zmie\u015bci wszystko? - Magazyn Pakamera.pl\" \/>\n<meta property=\"og:description\" content=\"Zastanawiasz si\u0119 jaka torebka na wakacje b\u0119dzie najlepszym wyborem? Zobacz nasze pla\u017cowe i letnie kolekcje od polskich marek.\" \/>\n<meta property=\"og:url\" content=\"https:\/\/www.pakamera.pl\/magazyn\/jak-wybrac-torbe-na-wakacje-ktora-zmiesci-wszystko\/\" \/>\n<meta property=\"og:site_name\" content=\"Magazyn Pakamera.pl\" \/>\n<meta property=\"article:publisher\" content=\"https:\/\/facebook.com\/pakamerapl\" \/>\n<meta property=\"article:published_time\" content=\"2024-06-08T10:00:20+00:00\" \/>\n<meta property=\"article:modified_time\" content=\"2024-06-06T11:19:33+00:00\" \/>\n<meta property=\"og:image\" content=\"https:\/\/imgmag.pakamera.net\/2024\/06\/jak-wybrac-torbe-na-wakacje-ktora-zmiesci-wszystko-130312593905.jpg\" \/>\n\t<meta property=\"og:image:width\" content=\"1600\" \/>\n\t<meta property=\"og:image:height\" content=\"840\" \/>\n\t<meta property=\"og:image:type\" content=\"image\/jpeg\" \/>\n<meta name=\"author\" content=\"Magda Strzelecka\" \/>\n<meta name=\"twitter:card\" content=\"summary_large_image\" \/>\n<meta name=\"twitter:label1\" content=\"Napisane przez\" \/>\n\t<meta name=\"twitter:data1\" content=\"Magda Strzelecka\" \/>\n\t<meta name=\"twitter:label2\" content=\"Szacowany czas czytania\" \/>\n\t<meta name=\"twitter:data2\" content=\"6 minut\" \/>\n<script type=\"application\/ld+json\" class=\"yoast-schema-graph\">{\"@context\":\"https:\/\/schema.org\",\"@graph\":[{\"@type\":\"Article\",\"@id\":\"https:\/\/www.pakamera.pl\/magazyn\/jak-wybrac-torbe-na-wakacje-ktora-zmiesci-wszystko\/#article\",\"isPartOf\":{\"@id\":\"https:\/\/www.pakamera.pl\/magazyn\/jak-wybrac-torbe-na-wakacje-ktora-zmiesci-wszystko\/\"},\"author\":{\"name\":\"Magda Strzelecka\",\"@id\":\"https:\/\/www.pakamera.pl\/magazyn\/#\/schema\/person\/375940ab821c5af50e1e31f1ec5282b5\"},\"headline\":\"Jak wybra\u0107 torb\u0119 na wakacje, kt\u00f3ra zmie\u015bci wszystko?\",\"datePublished\":\"2024-06-08T10:00:20+00:00\",\"dateModified\":\"2024-06-06T11:19:33+00:00\",\"mainEntityOfPage\":{\"@id\":\"https:\/\/www.pakamera.pl\/magazyn\/jak-wybrac-torbe-na-wakacje-ktora-zmiesci-wszystko\/\"},\"wordCount\":1060,\"publisher\":{\"@id\":\"https:\/\/www.pakamera.pl\/magazyn\/#organization\"},\"keywords\":[\"du\u017ca torebka\",\"toba podr\u00f3\u017cna\",\"torba plazowa ze sznurka\",\"torba XXL\",\"torby podr\u00f3\u017cne\"],\"articleSection\":[\"Moda\"],\"inLanguage\":\"pl-PL\"},{\"@type\":\"WebPage\",\"@id\":\"https:\/\/www.pakamera.pl\/magazyn\/jak-wybrac-torbe-na-wakacje-ktora-zmiesci-wszystko\/\",\"url\":\"https:\/\/www.pakamera.pl\/magazyn\/jak-wybrac-torbe-na-wakacje-ktora-zmiesci-wszystko\/\",\"name\":\"Jak wybra\u0107 torb\u0119 na wakacje, kt\u00f3ra zmie\u015bci wszystko? - Magazyn Pakamera.pl\",\"isPartOf\":{\"@id\":\"https:\/\/www.pakamera.pl\/magazyn\/#website\"},\"datePublished\":\"2024-06-08T10:00:20+00:00\",\"dateModified\":\"2024-06-06T11:19:33+00:00\",\"description\":\"Zastanawiasz si\u0119 jaka torebka na wakacje b\u0119dzie najlepszym wyborem? Zobacz nasze pla\u017cowe i letnie kolekcje od polskich marek.\",\"breadcrumb\":{\"@id\":\"https:\/\/www.pakamera.pl\/magazyn\/jak-wybrac-torbe-na-wakacje-ktora-zmiesci-wszystko\/#breadcrumb\"},\"inLanguage\":\"pl-PL\",\"potentialAction\":[{\"@type\":\"ReadAction\",\"target\":[\"https:\/\/www.pakamera.pl\/magazyn\/jak-wybrac-torbe-na-wakacje-ktora-zmiesci-wszystko\/\"]}]},{\"@type\":\"BreadcrumbList\",\"@id\":\"https:\/\/www.pakamera.pl\/magazyn\/jak-wybrac-torbe-na-wakacje-ktora-zmiesci-wszystko\/#breadcrumb\",\"itemListElement\":[{\"@type\":\"ListItem\",\"position\":1,\"name\":\"Magazyn\",\"item\":\"https:\/\/www.pakamera.pl\/magazyn\/\"},{\"@type\":\"ListItem\",\"position\":2,\"name\":\"Moda\",\"item\":\"https:\/\/www.pakamera.pl\/magazyn\/category\/moda\/\"},{\"@type\":\"ListItem\",\"position\":3,\"name\":\"Jak wybra\u0107 torb\u0119 na wakacje, kt\u00f3ra zmie\u015bci wszystko?\"}]},{\"@type\":\"WebSite\",\"@id\":\"https:\/\/www.pakamera.pl\/magazyn\/#website\",\"url\":\"https:\/\/www.pakamera.pl\/magazyn\/\",\"name\":\"Magazyn Pakamera.pl\",\"description\":\"Sprawd\u017a najgor\u0119tsze tematy sezonu!\",\"publisher\":{\"@id\":\"https:\/\/www.pakamera.pl\/magazyn\/#organization\"},\"potentialAction\":[{\"@type\":\"SearchAction\",\"target\":{\"@type\":\"EntryPoint\",\"urlTemplate\":\"https:\/\/www.pakamera.pl\/magazyn\/?s={search_term_string}\"},\"query-input\":\"required name=search_term_string\"}],\"inLanguage\":\"pl-PL\"},{\"@type\":\"Organization\",\"@id\":\"https:\/\/www.pakamera.pl\/magazyn\/#organization\",\"name\":\"Pakamera.pl\",\"url\":\"https:\/\/www.pakamera.pl\/magazyn\/\",\"logo\":{\"@type\":\"ImageObject\",\"inLanguage\":\"pl-PL\",\"@id\":\"https:\/\/www.pakamera.pl\/magazyn\/#\/schema\/logo\/image\/\",\"url\":\"https:\/\/imgmag.pakamera.net\/2023\/11\/153455466619.png\",\"contentUrl\":\"https:\/\/imgmag.pakamera.net\/2023\/11\/153455466619.png\",\"width\":690,\"height\":140,\"caption\":\"Pakamera.pl\"},\"image\":{\"@id\":\"https:\/\/www.pakamera.pl\/magazyn\/#\/schema\/logo\/image\/\"},\"sameAs\":[\"https:\/\/facebook.com\/pakamerapl\",\"https:\/\/www.instagram.com\/pakamera\/\"]},{\"@type\":\"Person\",\"@id\":\"https:\/\/www.pakamera.pl\/magazyn\/#\/schema\/person\/375940ab821c5af50e1e31f1ec5282b5\",\"name\":\"Magda Strzelecka\",\"description\":\"Magda to nasza stylistka, kt\u00f3ra od ponad 10 lat \u015bci\u015ble zwi\u0105zana jest z mod\u0105. Uwielbia \u015bledzi\u0107 \u015bwiatowe trendy i przek\u0142ada\u0107 je na rynek polski. Kocha dobre sk\u0142ady ubra\u0144, wyj\u0105tkow\u0105 bi\u017cuteri\u0119 i dodatki kt\u00f3re o\u017cywi\u0105 ka\u017cd\u0105 stylizacj\u0119.\"}]}<\/script>\n<!-- \/ Yoast SEO plugin. -->","yoast_head_json":{"title":"Jak wybra\u0107 torb\u0119 na wakacje, kt\u00f3ra zmie\u015bci wszystko? - Magazyn Pakamera.pl","description":"Zastanawiasz si\u0119 jaka torebka na wakacje b\u0119dzie najlepszym wyborem? Zobacz nasze pla\u017cowe i letnie kolekcje od polskich marek.","robots":{"index":"index","follow":"follow"},"canonical":"https:\/\/www.pakamera.pl\/magazyn\/jak-wybrac-torbe-na-wakacje-ktora-zmiesci-wszystko\/","og_locale":"pl_PL","og_type":"article","og_title":"Jak wybra\u0107 torb\u0119 na wakacje, kt\u00f3ra zmie\u015bci wszystko? - Magazyn Pakamera.pl","og_description":"Zastanawiasz si\u0119 jaka torebka na wakacje b\u0119dzie najlepszym wyborem? Zobacz nasze pla\u017cowe i letnie kolekcje od polskich marek.","og_url":"https:\/\/www.pakamera.pl\/magazyn\/jak-wybrac-torbe-na-wakacje-ktora-zmiesci-wszystko\/","og_site_name":"Magazyn Pakamera.pl","article_publisher":"https:\/\/facebook.com\/pakamerapl","article_published_time":"2024-06-08T10:00:20+00:00","article_modified_time":"2024-06-06T11:19:33+00:00","og_image":[{"width":1600,"height":840,"url":"https:\/\/imgmag.pakamera.net\/2024\/06\/jak-wybrac-torbe-na-wakacje-ktora-zmiesci-wszystko-130312593905.jpg","type":"image\/jpeg"}],"author":"Magda Strzelecka","twitter_card":"summary_large_image","twitter_misc":{"Napisane przez":"Magda Strzelecka","Szacowany czas czytania":"6 minut"},"schema":{"@context":"https:\/\/schema.org","@graph":[{"@type":"Article","@id":"https:\/\/www.pakamera.pl\/magazyn\/jak-wybrac-torbe-na-wakacje-ktora-zmiesci-wszystko\/#article","isPartOf":{"@id":"https:\/\/www.pakamera.pl\/magazyn\/jak-wybrac-torbe-na-wakacje-ktora-zmiesci-wszystko\/"},"author":{"name":"Magda Strzelecka","@id":"https:\/\/www.pakamera.pl\/magazyn\/#\/schema\/person\/375940ab821c5af50e1e31f1ec5282b5"},"headline":"Jak wybra\u0107 torb\u0119 na wakacje, kt\u00f3ra zmie\u015bci wszystko?","datePublished":"2024-06-08T10:00:20+00:00","dateModified":"2024-06-06T11:19:33+00:00","mainEntityOfPage":{"@id":"https:\/\/www.pakamera.pl\/magazyn\/jak-wybrac-torbe-na-wakacje-ktora-zmiesci-wszystko\/"},"wordCount":1060,"publisher":{"@id":"https:\/\/www.pakamera.pl\/magazyn\/#organization"},"keywords":["du\u017ca torebka","toba podr\u00f3\u017cna","torba plazowa ze sznurka","torba XXL","torby podr\u00f3\u017cne"],"articleSection":["Moda"],"inLanguage":"pl-PL"},{"@type":"WebPage","@id":"https:\/\/www.pakamera.pl\/magazyn\/jak-wybrac-torbe-na-wakacje-ktora-zmiesci-wszystko\/","url":"https:\/\/www.pakamera.pl\/magazyn\/jak-wybrac-torbe-na-wakacje-ktora-zmiesci-wszystko\/","name":"Jak wybra\u0107 torb\u0119 na wakacje, kt\u00f3ra zmie\u015bci wszystko? - Magazyn Pakamera.pl","isPartOf":{"@id":"https:\/\/www.pakamera.pl\/magazyn\/#website"},"datePublished":"2024-06-08T10:00:20+00:00","dateModified":"2024-06-06T11:19:33+00:00","description":"Zastanawiasz si\u0119 jaka torebka na wakacje b\u0119dzie najlepszym wyborem? Zobacz nasze pla\u017cowe i letnie kolekcje od polskich marek.","breadcrumb":{"@id":"https:\/\/www.pakamera.pl\/magazyn\/jak-wybrac-torbe-na-wakacje-ktora-zmiesci-wszystko\/#breadcrumb"},"inLanguage":"pl-PL","potentialAction":[{"@type":"ReadAction","target":["https:\/\/www.pakamera.pl\/magazyn\/jak-wybrac-torbe-na-wakacje-ktora-zmiesci-wszystko\/"]}]},{"@type":"BreadcrumbList","@id":"https:\/\/www.pakamera.pl\/magazyn\/jak-wybrac-torbe-na-wakacje-ktora-zmiesci-wszystko\/#breadcrumb","itemListElement":[{"@type":"ListItem","position":1,"name":"Magazyn","item":"https:\/\/www.pakamera.pl\/magazyn\/"},{"@type":"ListItem","position":2,"name":"Moda","item":"https:\/\/www.pakamera.pl\/magazyn\/category\/moda\/"},{"@type":"ListItem","position":3,"name":"Jak wybra\u0107 torb\u0119 na wakacje, kt\u00f3ra zmie\u015bci wszystko?"}]},{"@type":"WebSite","@id":"https:\/\/www.pakamera.pl\/magazyn\/#website","url":"https:\/\/www.pakamera.pl\/magazyn\/","name":"Magazyn Pakamera.pl","description":"Sprawd\u017a najgor\u0119tsze tematy sezonu!","publisher":{"@id":"https:\/\/www.pakamera.pl\/magazyn\/#organization"},"potentialAction":[{"@type":"SearchAction","target":{"@type":"EntryPoint","urlTemplate":"https:\/\/www.pakamera.pl\/magazyn\/?s={search_term_string}"},"query-input":"required name=search_term_string"}],"inLanguage":"pl-PL"},{"@type":"Organization","@id":"https:\/\/www.pakamera.pl\/magazyn\/#organization","name":"Pakamera.pl","url":"https:\/\/www.pakamera.pl\/magazyn\/","logo":{"@type":"ImageObject","inLanguage":"pl-PL","@id":"https:\/\/www.pakamera.pl\/magazyn\/#\/schema\/logo\/image\/","url":"https:\/\/imgmag.pakamera.net\/2023\/11\/153455466619.png","contentUrl":"https:\/\/imgmag.pakamera.net\/2023\/11\/153455466619.png","width":690,"height":140,"caption":"Pakamera.pl"},"image":{"@id":"https:\/\/www.pakamera.pl\/magazyn\/#\/schema\/logo\/image\/"},"sameAs":["https:\/\/facebook.com\/pakamerapl","https:\/\/www.instagram.com\/pakamera\/"]},{"@type":"Person","@id":"https:\/\/www.pakamera.pl\/magazyn\/#\/schema\/person\/375940ab821c5af50e1e31f1ec5282b5","name":"Magda Strzelecka","description":"Magda to nasza stylistka, kt\u00f3ra od ponad 10 lat \u015bci\u015ble zwi\u0105zana jest z mod\u0105. Uwielbia \u015bledzi\u0107 \u015bwiatowe trendy i przek\u0142ada\u0107 je na rynek polski. Kocha dobre sk\u0142ady ubra\u0144, wyj\u0105tkow\u0105 bi\u017cuteri\u0119 i dodatki kt\u00f3re o\u017cywi\u0105 ka\u017cd\u0105 stylizacj\u0119."}]}},"_links":{"self":[{"href":"https:\/\/www.pakamera.pl\/magazyn\/wp-json\/wp\/v2\/posts\/10845","targetHints":{"allow":["GET"]}}],"collection":[{"href":"https:\/\/www.pakamera.pl\/magazyn\/wp-json\/wp\/v2\/posts"}],"about":[{"href":"https:\/\/www.pakamera.pl\/magazyn\/wp-json\/wp\/v2\/types\/post"}],"author":[{"embeddable":true,"href":"https:\/\/www.pakamera.pl\/magazyn\/wp-json\/wp\/v2\/users\/16"}],"replies":[{"embeddable":true,"href":"https:\/\/www.pakamera.pl\/magazyn\/wp-json\/wp\/v2\/comments?post=10845"}],"version-history":[{"count":3,"href":"https:\/\/www.pakamera.pl\/magazyn\/wp-json\/wp\/v2\/posts\/10845\/revisions"}],"predecessor-version":[{"id":10850,"href":"https:\/\/www.pakamera.pl\/magazyn\/wp-json\/wp\/v2\/posts\/10845\/revisions\/10850"}],"wp:featuredmedia":[{"embeddable":true,"href":"https:\/\/www.pakamera.pl\/magazyn\/wp-json\/wp\/v2\/media\/10846"}],"wp:attachment":[{"href":"https:\/\/www.pakamera.pl\/magazyn\/wp-json\/wp\/v2\/media?parent=10845"}],"wp:term":[{"taxonomy":"category","embeddable":true,"href":"https:\/\/www.pakamera.pl\/magazyn\/wp-json\/wp\/v2\/categories?post=10845"},{"taxonomy":"post_tag","embeddable":true,"href":"https:\/\/www.pakamera.pl\/magazyn\/wp-json\/wp\/v2\/tags?post=10845"}],"curies":[{"name":"wp","href":"https:\/\/api.w.org\/{rel}","templated":true}]}}