{"id":10815,"date":"2024-06-03T15:26:11","date_gmt":"2024-06-03T13:26:11","guid":{"rendered":"https:\/\/www.pakamera.pl\/magazyn\/?p=10815"},"modified":"2024-06-03T15:26:11","modified_gmt":"2024-06-03T13:26:11","slug":"jak-dobrac-okulary-przeciwsloneczne-do-twarzy","status":"publish","type":"post","link":"https:\/\/www.pakamera.pl\/magazyn\/jak-dobrac-okulary-przeciwsloneczne-do-twarzy\/","title":{"rendered":"Jak dobra\u0107 okulary przeciws\u0142oneczne do twarzy?"},"content":{"rendered":"<p><strong>Lato tu\u017c za pasem, dni si\u0119 robi\u0105 coraz d\u0142u\u017csze i zamiast zimowych chmur na niebie kr\u00f3luje pi\u0119kne s\u0142o\u0144ce. To czas, aby zastanowi\u0107 si\u0119, jak dobra\u0107 okulary przeciws\u0142oneczne do twarzy. To akcesorium ma nie tylko chroni\u0107 Tw\u00f3j wzrok, ale r\u00f3wnie\u017c wygl\u0105da\u0107 atrakcyjnie. Sprawd\u017a, co zrobi\u0107, aby spe\u0142nia\u0142o swoj\u0105 funkcj\u0119.<\/strong><\/p>\n<p><!--more--><\/p>\n<figure id=\"attachment_10819\" aria-describedby=\"caption-attachment-10819\" style=\"width: 1600px\" class=\"wp-caption alignnone\"><img loading=\"lazy\" decoding=\"async\" class=\"wp-image-10819 size-full\" src=\"https:\/\/imgmag.pakamera.net\/2024\/06\/jak-dobrac-okulary-przeciwsloneczne-do-twarzy-151839338974.jpg\" alt=\"Jak dobra\u0107 okulary przeciws\u0142oneczne do twarzy\" width=\"1600\" height=\"840\" \/><figcaption id=\"caption-attachment-10819\" class=\"wp-caption-text\">Okulary Meller Banna Amber Carbon \/ MELLER \/ www.pakamera.pl<\/figcaption><\/figure>\n<p>Masz twarz kwadratow\u0105, owaln\u0105, okr\u0105g\u0142\u0105? Ka\u017cda z nich b\u0119dzie lepiej prezentowa\u0107 si\u0119 z soczewkami w odpowiednim kszta\u0142cie. Dlatego po\u015bwi\u0119\u0107 moment, aby pozna\u0107, kt\u00f3re okulary s\u0142oneczne naprawd\u0119 podkre\u015blaj\u0105 Twoje atuty, a kt\u00f3rych lepiej si\u0119 wystrzega\u0107.<\/p>\n<h2>Jak wybra\u0107 okulary przeciws\u0142oneczne idealne dla kszta\u0142tu Twojej twarzy?<\/h2>\n<p>Jak dobra\u0107 okulary przeciws\u0142oneczne <strong>do twarzy okr\u0105g\u0142ej<\/strong>? Odpowiedni dodatek powinien doda\u0107 jej troch\u0119 k\u0105t\u00f3w i wyrazisto\u015bci. Dlatego <strong>wybierz modele o prostok\u0105tnych lub kwadratowych oprawkach<\/strong> \u2013 naturalnie wyd\u0142u\u017c\u0105 i wysmukl\u0105 twarz. Wystrzegaj si\u0119 okr\u0105g\u0142ych i owalnych szkie\u0142, poniewa\u017c b\u0119d\u0105 niepotrzebnie podkre\u015bla\u0107 kr\u0105g\u0142o\u015b\u0107 twarzy.<\/p>\n<p><strong>Twarz kwadratowa<\/strong> charakteryzuje si\u0119 mocno zarysowanym podbr\u00f3dkiem i szerokim czo\u0142em. Jak dobra\u0107 <a href=\"https:\/\/www.pakamera.pl\/okulary-0-2098.htm\" target=\"_blank\" rel=\"noopener\">okulary<\/a> s\u0142oneczne do niej? <strong>Idealne b\u0119d\u0105 soczewki o zaokr\u0105glonych kszta\u0142tach<\/strong>, kt\u00f3re z\u0142agodz\u0105 ostre rysy. \u015awietnie sprawdz\u0105 si\u0119 m.in. pilotki lub kocie oczy. Unikaj modeli o prostok\u0105tnych oprawkach \u2013 dodadz\u0105 twarzy ci\u0119\u017cko\u015bci.<\/p>\n<p>Jak dobra\u0107 okulary przeciws\u0142oneczne <strong>do owalnej twarzy<\/strong>? Tu wyb\u00f3r jest najprostszy, poniewa\u017c <strong>prawie ka\u017cdy kszta\u0142t okular\u00f3w b\u0119dzie pasowa\u0142<\/strong>. Oczywi\u015bcie, powinny by\u0107 proporcjonalne do wielko\u015bci twarzy \u2013 nie za du\u017ce i nie za ma\u0142e.<\/p>\n<p><strong>Twarz w kszta\u0142cie serca<\/strong> charakteryzuje si\u0119 szerokim czo\u0142em i w\u0119\u017csz\u0105 szcz\u0119k\u0105. Jej<strong> atuty wydob\u0119d\u0105 okulary z szerokimi ramkami na dole, czyli pilotki lub modele o okr\u0105g\u0142ych szk\u0142ach<\/strong>. W sklepie omijaj du\u017ce i toporne ramy, je\u015bli nie chcesz podkre\u015bla\u0107 szerokiego czo\u0142a.<\/p>\n<p>Pami\u0119taj o tych wskaz\u00f3wkach podczas nast\u0119pnych zakup\u00f3w, a b\u0119dziesz cieszy\u0107 si\u0119 idealnie dopasowanymi okularami.<\/p>\n<div id=\"pakawidget1365\" class=\"pakawidget\"><\/div>\n<p><script async defer src=\"https:\/\/www.pakamera.pl\/widget\/widget2.min.js?id=1365&#038;type=20240603150641&#038;wwidth=1000\"><\/script><\/p>\n<h2>Okulary przeciws\u0142oneczne, kt\u00f3re pasuj\u0105 do Twojego typu urody<\/h2>\n<p>Zwr\u00f3\u0107 uwag\u0119 r\u00f3wnie\u017c na kolor ramek. <strong>Ciemne kolory s\u0105 uniwersalne i pasuj\u0105 do wi\u0119kszo\u015bci twarzy<\/strong>. Je\u015bli <strong>masz jasn\u0105 karnacj\u0119, postaw na ja\u015bniejsze barwy<\/strong>, kt\u00f3re dodadz\u0105 twarzy \u015bwie\u017co\u015bci.<\/p>\n<p>Je\u015bli masz <strong>ciep\u0142y typ urody<\/strong> \u2013 sk\u00f3r\u0119 o z\u0142otych, brzoskwiniowych czy oliwkowych tonacjach \u2013 przetestuj <strong>oprawki w kolorze z\u0142ota, miedzi, bursztynu lub ciep\u0142ego br\u0105zu<\/strong>. Takie kolory dodadz\u0105 blasku Twojej cerze.<\/p>\n<p>Jak dobra\u0107 okulary s\u0142oneczne do twarzy o <strong>ch\u0142odnym typie urody<\/strong>? Je\u015bli masz jasn\u0105 cer\u0119 o r\u00f3\u017cowych, niebieskawych lub \u017c\u00f3\u0142tych podtonach \u2013 b\u0119dziesz dobrze wygl\u0105da\u0107 w <strong>srebrnych, szarych, niebieskich, czarnych lub fioletowych oprawkach<\/strong>.<\/p>\n<p><strong>Jeste\u015b wiosn\u0105<\/strong>? Masz jasn\u0105 sk\u00f3r\u0119 z ciep\u0142ymi podtonami, piegi i jasne w\u0142osy? B\u0119dziesz pi\u0119knie wygl\u0105da\u0107 w <strong>z\u0142otych, koralowych, jasnobr\u0105zowych lub kremowych oprawkach<\/strong>, kt\u00f3re roz\u015bwietl\u0105 Twoj\u0105 twarz.<br \/>\n<strong>Lato<\/strong> ma ch\u0142odny odcie\u0144 sk\u00f3ry, jasne lub popielate w\u0142osy i oczy w kolorze niebieskim, szarym lub zielonym. Przetestuj <strong>jasnoniebieskie, r\u00f3\u017cowe lub lawendowe okulary przeciws\u0142oneczn<\/strong>e. Widzisz, jak podkre\u015blaj\u0105 delikatne rysy Twojej twarzy?<br \/>\nTyp urody <strong>jesie\u0144<\/strong> ma ciep\u0142y odcie\u0144 sk\u00f3ry, ciemne w\u0142osy i br\u0105zowe lub zielone oczy. B\u0119d\u0105 jej pasowa\u0142y <strong>okulary przeciws\u0142oneczne w kolorze miedzianym, oliwkowym, br\u0105zowym lub zielonym<\/strong>.<br \/>\n<strong>Zim\u0119<\/strong> wyr\u00f3\u017cnia kontrastowa uroda \u2013 jasna sk\u00f3ra, ciemne w\u0142osy i wyrazisty kolor oczu. Je\u015bli to Tw\u00f3j typ urody, wybierz <strong>czarne, srebrne, granatowe lub szmaragdowe ramki<\/strong>.<\/p>\n<h2>Jakie okulary przeciws\u0142oneczne b\u0119d\u0105 najlepsze dla Ciebie?<\/h2>\n<figure id=\"attachment_10818\" aria-describedby=\"caption-attachment-10818\" style=\"width: 1600px\" class=\"wp-caption alignnone\"><img loading=\"lazy\" decoding=\"async\" class=\"wp-image-10818 size-full\" src=\"https:\/\/imgmag.pakamera.net\/2024\/06\/jak-dobrac-okulary-przeciwsloneczne-do-twarzy-151838570570.jpg\" alt=\"prostok\u0105tne okulary z zielonymi oprawkami\" width=\"1600\" height=\"840\" \/><figcaption id=\"caption-attachment-10818\" class=\"wp-caption-text\">Okulary Meller unisex NAYAH FOG OLIVE \/ MELLER \/ www.pakamera.pl<\/figcaption><\/figure>\n<p><a href=\"https:\/\/www.pakamera.pl\/magazyn\/jak-wybrac-okulary-przeciwsloneczne\/\" target=\"_blank\" rel=\"noopener\">Jak wybra\u0107 okulary przeciws\u0142oneczne<\/a>? Ten dodatek powinien przede wszystkim chroni\u0107 oczy przed szkodliwym promieniowaniem UV. Wybierz <strong>model, kt\u00f3ry oferuje 100% ochron\u0119 przed promieniami UVA i UVB<\/strong>.<\/p>\n<p><strong>Je\u015bli sp\u0119dzasz du\u017co czasu na zewn\u0105trz, przydadz\u0105 Ci si\u0119 okulary z polaryzacj\u0105<\/strong>. Soczewki polaryzacyjne redukuj\u0105 odblaski od wody, \u015bniegu lub asfaltu. Jest to szczeg\u00f3lnie przydatne podczas jazdy samochodem, jazdy na rowerze lub uprawiania sport\u00f3w wodnych. Dzi\u0119ki temu b\u0119dziesz widzie\u0107 wyra\u017aniej, a Twoje oczy nie ulegn\u0105 szybkiemu zm\u0119czeniu.<\/p>\n<p>Zawsze <strong>wybieraj modele, kt\u00f3re dobrze le\u017c\u0105 na nosie i uszach, nie uciskaj\u0105 i si\u0119 nie zsuwaj\u0105<\/strong>. Sprawd\u017a r\u00f3wnie\u017c wag\u0119 okular\u00f3w \u2013 <strong>im l\u017cejsze b\u0119d\u0105, tym wygodniej<\/strong> b\u0119dzie Ci je nosi\u0107 przez d\u0142u\u017cszy czas.<br \/>\n<strong>Szare soczewki s\u0105 uniwersalne i nie zniekszta\u0142caj\u0105 kolor\u00f3w<\/strong>, wi\u0119c s\u0105 idealne do codziennego u\u017cytku. Br\u0105zowe poprawiaj\u0105 kontrast i ostro\u015b\u0107 widzenia, co przydaje si\u0119 podczas uprawiania sport\u00f3w na \u015bwie\u017cym powietrzu. <strong>Zielone soczewki pozwalaj\u0105 odpocz\u0105\u0107 oczom i wygl\u0105daj\u0105 oryginalnie<\/strong>, ale mog\u0105 zaburza\u0107 postrzeganie barw sygnalizacji \u015bwietlnej podczas jazdy samochodem.<\/p>\n<p><strong>Je\u015bli lubisz aktywny tryb \u017cycia, wybierz okulary sportowe<\/strong>. Te modele s\u0105 zaprojektowane tak, aby pozostawa\u0142y na miejscu podczas ruchu. Zazwyczaj maj\u0105 r\u00f3wnie\u017c antypo\u015blizgowe noski i zauszniki. Dodatkowo mo\u017cesz dobra\u0107 <a href=\"https:\/\/www.pakamera.pl\/lancuszek-do-okularow-0-t113636.htm\" target=\"_blank\" rel=\"noopener\">zawieszki do okular\u00f3w<\/a>, kt\u00f3re utrzymaj\u0105 je na Twojej szyi, gdy b\u0119dziesz chcia\u0142a na chwil\u0119 zdj\u0105\u0107 je z g\u0142owy.<\/p>\n<h2>Dopasowanie okular\u00f3w do twarzy \u2013 proste wskaz\u00f3wki<\/h2>\n<div id=\"pakawidget1366\" class=\"pakawidget\"><\/div>\n<p><script async defer src=\"https:\/\/www.pakamera.pl\/widget\/widget2.min.js?id=1366&#038;type=20240603151731&#038;wwidth=1000\"><\/script><br \/>\nJe\u015bli masz d<strong>elikatne rysy twarzy<\/strong>, unikaj masywnych okular\u00f3w. <strong>Wybierz delikatniejsze ramki<\/strong>, kt\u00f3re pomog\u0105 Ci zachowa\u0107 proporcje. Masz <strong>wystaj\u0105ce ko\u015bci policzkowe, prosty nos i du\u017ce oczy<\/strong>? Dla Ciebie zosta\u0142y stworzone <strong>du\u017ce, odwa\u017cne modele<\/strong>.<\/p>\n<p><strong>Ramki powinny by\u0107 mniej wi\u0119cej szeroko\u015bci najszerszej cz\u0119\u015bci twarzy<\/strong>. Je\u015bli okulary s\u0105 zbyt szerokie, b\u0119d\u0105 odstawa\u0107 po bokach. Wygl\u0105da to niezbyt atrakcyjnie i jest po prostu niewygodne. Zbyt w\u0105skie ramki z kolei sprawiaj\u0105, \u017ce Twoja twarz b\u0119dzie wygl\u0105da\u0107 na wi\u0119ksz\u0105 ni\u017c rzeczywisto\u015bci.<\/p>\n<p>Je\u015bli masz szeroki nos, wybierz okulary z szerokim mostkiem. W przeciwnym wypadku zdecyduj si\u0119 na model o w\u0119\u017cszym mostku. Sprawd\u017a, czy le\u017cy wygodnie i nie uciska.<\/p>\n<p>Jak dobra\u0107 rozmiar okular\u00f3w przeciws\u0142onecznych? Gdy je przymierzasz, s<strong>prawd\u017a, jak uk\u0142adaj\u0105 si\u0119 na twoich policzkach. Dolna kraw\u0119d\u017a ramek nie powinna ich dotyka\u0107<\/strong>, nawet gdy si\u0119 u\u015bmiechasz. Je\u015bli okulary podnosz\u0105 si\u0119, gdy otwierasz usta, oznacza to, \u017ce s\u0105 za du\u017ce.<\/p>\n<h2>Stylowe okulary przeciws\u0142oneczne na ka\u017cdy kszta\u0142t twarzy<\/h2>\n<p>Na Pakamera.pl znajdziesz stylowe okulary przeciws\u0142oneczne niezale\u017cnie od Twojego kszta\u0142tu twarzy \u2013 nie musisz i\u015b\u0107 na kompromis mi\u0119dzy wygl\u0105dem i praktyczno\u015bci\u0105. Wybierz model, w kt\u00f3rym b\u0119dziesz czu\u0142a si\u0119 pewnie i komfortowo. <strong>Dobrze dobrana para powinna dodawa\u0107 Ci pewno\u015bci siebie<\/strong>. Gdy ju\u017c tak\u0105 znajdziesz, upewnij si\u0119, \u017ce wiesz, <a href=\"https:\/\/www.pakamera.pl\/magazyn\/jak-dbac-o-okulary-sloneczne\/\" target=\"_blank\" rel=\"noopener\">jak dba\u0107 o swoje nowe okulary przeciws\u0142oneczne<\/a>.<\/p>\n","protected":false},"excerpt":{"rendered":"<p>Lato tu\u017c za pasem, dni si\u0119 robi\u0105 coraz d\u0142u\u017csze i zamiast zimowych chmur na niebie kr\u00f3luje pi\u0119kne s\u0142o\u0144ce. To czas, aby zastanowi\u0107 si\u0119, jak dobra\u0107 okulary przeciws\u0142oneczne do twarzy. To<span class=\"more-dots\">&#8230;<\/span><\/p>\n","protected":false},"author":16,"featured_media":10819,"comment_status":"closed","ping_status":"closed","sticky":false,"template":"","format":"standard","meta":{"footnotes":""},"categories":[3],"tags":[2388,315,1277,402],"class_list":["post-10815","post","type-post","status-publish","format-standard","has-post-thumbnail","hentry","category-moda","tag-letnie-stylizacje","tag-okulary","tag-okulary-z-lat-90","tag-oprawki-okularow"],"yoast_head":"<!-- This site is optimized with the Yoast SEO plugin v21.6 - https:\/\/yoast.com\/wordpress\/plugins\/seo\/ -->\n<title>Jak dobra\u0107 okulary przeciws\u0142oneczne do twarzy? - Magazyn Pakamera.pl<\/title>\n<meta name=\"description\" content=\"Zastanawiasz si\u0119 Jak dobra\u0107 okulary przeciws\u0142oneczne do swojej twarzy czy typu urody. Zobacz nasze wskaz\u00f3wki na co zwr\u00f3ci\u0107 uwag\u0119.\" \/>\n<meta name=\"robots\" content=\"index, follow\" \/>\n<link rel=\"canonical\" href=\"https:\/\/www.pakamera.pl\/magazyn\/jak-dobrac-okulary-przeciwsloneczne-do-twarzy\/\" \/>\n<meta property=\"og:locale\" content=\"pl_PL\" \/>\n<meta property=\"og:type\" content=\"article\" \/>\n<meta property=\"og:title\" content=\"Jak dobra\u0107 okulary przeciws\u0142oneczne do twarzy? - Magazyn Pakamera.pl\" \/>\n<meta property=\"og:description\" content=\"Zastanawiasz si\u0119 Jak dobra\u0107 okulary przeciws\u0142oneczne do swojej twarzy czy typu urody. Zobacz nasze wskaz\u00f3wki na co zwr\u00f3ci\u0107 uwag\u0119.\" \/>\n<meta property=\"og:url\" content=\"https:\/\/www.pakamera.pl\/magazyn\/jak-dobrac-okulary-przeciwsloneczne-do-twarzy\/\" \/>\n<meta property=\"og:site_name\" content=\"Magazyn Pakamera.pl\" \/>\n<meta property=\"article:publisher\" content=\"https:\/\/facebook.com\/pakamerapl\" \/>\n<meta property=\"article:published_time\" content=\"2024-06-03T13:26:11+00:00\" \/>\n<meta property=\"og:image\" content=\"https:\/\/imgmag.pakamera.net\/2024\/06\/jak-dobrac-okulary-przeciwsloneczne-do-twarzy-151839338974.jpg\" \/>\n\t<meta property=\"og:image:width\" content=\"1600\" \/>\n\t<meta property=\"og:image:height\" content=\"840\" \/>\n\t<meta property=\"og:image:type\" content=\"image\/jpeg\" \/>\n<meta name=\"author\" content=\"Magda Strzelecka\" \/>\n<meta name=\"twitter:card\" content=\"summary_large_image\" \/>\n<meta name=\"twitter:label1\" content=\"Napisane przez\" \/>\n\t<meta name=\"twitter:data1\" content=\"Magda Strzelecka\" \/>\n\t<meta name=\"twitter:label2\" content=\"Szacowany czas czytania\" \/>\n\t<meta name=\"twitter:data2\" content=\"6 minut\" \/>\n<script type=\"application\/ld+json\" class=\"yoast-schema-graph\">{\"@context\":\"https:\/\/schema.org\",\"@graph\":[{\"@type\":\"Article\",\"@id\":\"https:\/\/www.pakamera.pl\/magazyn\/jak-dobrac-okulary-przeciwsloneczne-do-twarzy\/#article\",\"isPartOf\":{\"@id\":\"https:\/\/www.pakamera.pl\/magazyn\/jak-dobrac-okulary-przeciwsloneczne-do-twarzy\/\"},\"author\":{\"name\":\"Magda Strzelecka\",\"@id\":\"https:\/\/www.pakamera.pl\/magazyn\/#\/schema\/person\/375940ab821c5af50e1e31f1ec5282b5\"},\"headline\":\"Jak dobra\u0107 okulary przeciws\u0142oneczne do twarzy?\",\"datePublished\":\"2024-06-03T13:26:11+00:00\",\"dateModified\":\"2024-06-03T13:26:11+00:00\",\"mainEntityOfPage\":{\"@id\":\"https:\/\/www.pakamera.pl\/magazyn\/jak-dobrac-okulary-przeciwsloneczne-do-twarzy\/\"},\"wordCount\":1126,\"publisher\":{\"@id\":\"https:\/\/www.pakamera.pl\/magazyn\/#organization\"},\"keywords\":[\"letnie stylizacje\",\"okulary\",\"OKULARY Z LAT 90\",\"oprawki okular\u00f3w\"],\"articleSection\":[\"Moda\"],\"inLanguage\":\"pl-PL\"},{\"@type\":\"WebPage\",\"@id\":\"https:\/\/www.pakamera.pl\/magazyn\/jak-dobrac-okulary-przeciwsloneczne-do-twarzy\/\",\"url\":\"https:\/\/www.pakamera.pl\/magazyn\/jak-dobrac-okulary-przeciwsloneczne-do-twarzy\/\",\"name\":\"Jak dobra\u0107 okulary przeciws\u0142oneczne do twarzy? - Magazyn Pakamera.pl\",\"isPartOf\":{\"@id\":\"https:\/\/www.pakamera.pl\/magazyn\/#website\"},\"datePublished\":\"2024-06-03T13:26:11+00:00\",\"dateModified\":\"2024-06-03T13:26:11+00:00\",\"description\":\"Zastanawiasz si\u0119 Jak dobra\u0107 okulary przeciws\u0142oneczne do swojej twarzy czy typu urody. Zobacz nasze wskaz\u00f3wki na co zwr\u00f3ci\u0107 uwag\u0119.\",\"breadcrumb\":{\"@id\":\"https:\/\/www.pakamera.pl\/magazyn\/jak-dobrac-okulary-przeciwsloneczne-do-twarzy\/#breadcrumb\"},\"inLanguage\":\"pl-PL\",\"potentialAction\":[{\"@type\":\"ReadAction\",\"target\":[\"https:\/\/www.pakamera.pl\/magazyn\/jak-dobrac-okulary-przeciwsloneczne-do-twarzy\/\"]}]},{\"@type\":\"BreadcrumbList\",\"@id\":\"https:\/\/www.pakamera.pl\/magazyn\/jak-dobrac-okulary-przeciwsloneczne-do-twarzy\/#breadcrumb\",\"itemListElement\":[{\"@type\":\"ListItem\",\"position\":1,\"name\":\"Magazyn\",\"item\":\"https:\/\/www.pakamera.pl\/magazyn\/\"},{\"@type\":\"ListItem\",\"position\":2,\"name\":\"Moda\",\"item\":\"https:\/\/www.pakamera.pl\/magazyn\/category\/moda\/\"},{\"@type\":\"ListItem\",\"position\":3,\"name\":\"Jak dobra\u0107 okulary przeciws\u0142oneczne do twarzy?\"}]},{\"@type\":\"WebSite\",\"@id\":\"https:\/\/www.pakamera.pl\/magazyn\/#website\",\"url\":\"https:\/\/www.pakamera.pl\/magazyn\/\",\"name\":\"Magazyn Pakamera.pl\",\"description\":\"Sprawd\u017a najgor\u0119tsze tematy sezonu!\",\"publisher\":{\"@id\":\"https:\/\/www.pakamera.pl\/magazyn\/#organization\"},\"potentialAction\":[{\"@type\":\"SearchAction\",\"target\":{\"@type\":\"EntryPoint\",\"urlTemplate\":\"https:\/\/www.pakamera.pl\/magazyn\/?s={search_term_string}\"},\"query-input\":\"required name=search_term_string\"}],\"inLanguage\":\"pl-PL\"},{\"@type\":\"Organization\",\"@id\":\"https:\/\/www.pakamera.pl\/magazyn\/#organization\",\"name\":\"Pakamera.pl\",\"url\":\"https:\/\/www.pakamera.pl\/magazyn\/\",\"logo\":{\"@type\":\"ImageObject\",\"inLanguage\":\"pl-PL\",\"@id\":\"https:\/\/www.pakamera.pl\/magazyn\/#\/schema\/logo\/image\/\",\"url\":\"https:\/\/imgmag.pakamera.net\/2023\/11\/153455466619.png\",\"contentUrl\":\"https:\/\/imgmag.pakamera.net\/2023\/11\/153455466619.png\",\"width\":690,\"height\":140,\"caption\":\"Pakamera.pl\"},\"image\":{\"@id\":\"https:\/\/www.pakamera.pl\/magazyn\/#\/schema\/logo\/image\/\"},\"sameAs\":[\"https:\/\/facebook.com\/pakamerapl\",\"https:\/\/www.instagram.com\/pakamera\/\"]},{\"@type\":\"Person\",\"@id\":\"https:\/\/www.pakamera.pl\/magazyn\/#\/schema\/person\/375940ab821c5af50e1e31f1ec5282b5\",\"name\":\"Magda Strzelecka\",\"description\":\"Magda to nasza stylistka, kt\u00f3ra od ponad 10 lat \u015bci\u015ble zwi\u0105zana jest z mod\u0105. Uwielbia \u015bledzi\u0107 \u015bwiatowe trendy i przek\u0142ada\u0107 je na rynek polski. Kocha dobre sk\u0142ady ubra\u0144, wyj\u0105tkow\u0105 bi\u017cuteri\u0119 i dodatki kt\u00f3re o\u017cywi\u0105 ka\u017cd\u0105 stylizacj\u0119.\"}]}<\/script>\n<!-- \/ Yoast SEO plugin. -->","yoast_head_json":{"title":"Jak dobra\u0107 okulary przeciws\u0142oneczne do twarzy? - Magazyn Pakamera.pl","description":"Zastanawiasz si\u0119 Jak dobra\u0107 okulary przeciws\u0142oneczne do swojej twarzy czy typu urody. Zobacz nasze wskaz\u00f3wki na co zwr\u00f3ci\u0107 uwag\u0119.","robots":{"index":"index","follow":"follow"},"canonical":"https:\/\/www.pakamera.pl\/magazyn\/jak-dobrac-okulary-przeciwsloneczne-do-twarzy\/","og_locale":"pl_PL","og_type":"article","og_title":"Jak dobra\u0107 okulary przeciws\u0142oneczne do twarzy? - Magazyn Pakamera.pl","og_description":"Zastanawiasz si\u0119 Jak dobra\u0107 okulary przeciws\u0142oneczne do swojej twarzy czy typu urody. Zobacz nasze wskaz\u00f3wki na co zwr\u00f3ci\u0107 uwag\u0119.","og_url":"https:\/\/www.pakamera.pl\/magazyn\/jak-dobrac-okulary-przeciwsloneczne-do-twarzy\/","og_site_name":"Magazyn Pakamera.pl","article_publisher":"https:\/\/facebook.com\/pakamerapl","article_published_time":"2024-06-03T13:26:11+00:00","og_image":[{"width":1600,"height":840,"url":"https:\/\/imgmag.pakamera.net\/2024\/06\/jak-dobrac-okulary-przeciwsloneczne-do-twarzy-151839338974.jpg","type":"image\/jpeg"}],"author":"Magda Strzelecka","twitter_card":"summary_large_image","twitter_misc":{"Napisane przez":"Magda Strzelecka","Szacowany czas czytania":"6 minut"},"schema":{"@context":"https:\/\/schema.org","@graph":[{"@type":"Article","@id":"https:\/\/www.pakamera.pl\/magazyn\/jak-dobrac-okulary-przeciwsloneczne-do-twarzy\/#article","isPartOf":{"@id":"https:\/\/www.pakamera.pl\/magazyn\/jak-dobrac-okulary-przeciwsloneczne-do-twarzy\/"},"author":{"name":"Magda Strzelecka","@id":"https:\/\/www.pakamera.pl\/magazyn\/#\/schema\/person\/375940ab821c5af50e1e31f1ec5282b5"},"headline":"Jak dobra\u0107 okulary przeciws\u0142oneczne do twarzy?","datePublished":"2024-06-03T13:26:11+00:00","dateModified":"2024-06-03T13:26:11+00:00","mainEntityOfPage":{"@id":"https:\/\/www.pakamera.pl\/magazyn\/jak-dobrac-okulary-przeciwsloneczne-do-twarzy\/"},"wordCount":1126,"publisher":{"@id":"https:\/\/www.pakamera.pl\/magazyn\/#organization"},"keywords":["letnie stylizacje","okulary","OKULARY Z LAT 90","oprawki okular\u00f3w"],"articleSection":["Moda"],"inLanguage":"pl-PL"},{"@type":"WebPage","@id":"https:\/\/www.pakamera.pl\/magazyn\/jak-dobrac-okulary-przeciwsloneczne-do-twarzy\/","url":"https:\/\/www.pakamera.pl\/magazyn\/jak-dobrac-okulary-przeciwsloneczne-do-twarzy\/","name":"Jak dobra\u0107 okulary przeciws\u0142oneczne do twarzy? - Magazyn Pakamera.pl","isPartOf":{"@id":"https:\/\/www.pakamera.pl\/magazyn\/#website"},"datePublished":"2024-06-03T13:26:11+00:00","dateModified":"2024-06-03T13:26:11+00:00","description":"Zastanawiasz si\u0119 Jak dobra\u0107 okulary przeciws\u0142oneczne do swojej twarzy czy typu urody. Zobacz nasze wskaz\u00f3wki na co zwr\u00f3ci\u0107 uwag\u0119.","breadcrumb":{"@id":"https:\/\/www.pakamera.pl\/magazyn\/jak-dobrac-okulary-przeciwsloneczne-do-twarzy\/#breadcrumb"},"inLanguage":"pl-PL","potentialAction":[{"@type":"ReadAction","target":["https:\/\/www.pakamera.pl\/magazyn\/jak-dobrac-okulary-przeciwsloneczne-do-twarzy\/"]}]},{"@type":"BreadcrumbList","@id":"https:\/\/www.pakamera.pl\/magazyn\/jak-dobrac-okulary-przeciwsloneczne-do-twarzy\/#breadcrumb","itemListElement":[{"@type":"ListItem","position":1,"name":"Magazyn","item":"https:\/\/www.pakamera.pl\/magazyn\/"},{"@type":"ListItem","position":2,"name":"Moda","item":"https:\/\/www.pakamera.pl\/magazyn\/category\/moda\/"},{"@type":"ListItem","position":3,"name":"Jak dobra\u0107 okulary przeciws\u0142oneczne do twarzy?"}]},{"@type":"WebSite","@id":"https:\/\/www.pakamera.pl\/magazyn\/#website","url":"https:\/\/www.pakamera.pl\/magazyn\/","name":"Magazyn Pakamera.pl","description":"Sprawd\u017a najgor\u0119tsze tematy sezonu!","publisher":{"@id":"https:\/\/www.pakamera.pl\/magazyn\/#organization"},"potentialAction":[{"@type":"SearchAction","target":{"@type":"EntryPoint","urlTemplate":"https:\/\/www.pakamera.pl\/magazyn\/?s={search_term_string}"},"query-input":"required name=search_term_string"}],"inLanguage":"pl-PL"},{"@type":"Organization","@id":"https:\/\/www.pakamera.pl\/magazyn\/#organization","name":"Pakamera.pl","url":"https:\/\/www.pakamera.pl\/magazyn\/","logo":{"@type":"ImageObject","inLanguage":"pl-PL","@id":"https:\/\/www.pakamera.pl\/magazyn\/#\/schema\/logo\/image\/","url":"https:\/\/imgmag.pakamera.net\/2023\/11\/153455466619.png","contentUrl":"https:\/\/imgmag.pakamera.net\/2023\/11\/153455466619.png","width":690,"height":140,"caption":"Pakamera.pl"},"image":{"@id":"https:\/\/www.pakamera.pl\/magazyn\/#\/schema\/logo\/image\/"},"sameAs":["https:\/\/facebook.com\/pakamerapl","https:\/\/www.instagram.com\/pakamera\/"]},{"@type":"Person","@id":"https:\/\/www.pakamera.pl\/magazyn\/#\/schema\/person\/375940ab821c5af50e1e31f1ec5282b5","name":"Magda Strzelecka","description":"Magda to nasza stylistka, kt\u00f3ra od ponad 10 lat \u015bci\u015ble zwi\u0105zana jest z mod\u0105. Uwielbia \u015bledzi\u0107 \u015bwiatowe trendy i przek\u0142ada\u0107 je na rynek polski. Kocha dobre sk\u0142ady ubra\u0144, wyj\u0105tkow\u0105 bi\u017cuteri\u0119 i dodatki kt\u00f3re o\u017cywi\u0105 ka\u017cd\u0105 stylizacj\u0119."}]}},"_links":{"self":[{"href":"https:\/\/www.pakamera.pl\/magazyn\/wp-json\/wp\/v2\/posts\/10815","targetHints":{"allow":["GET"]}}],"collection":[{"href":"https:\/\/www.pakamera.pl\/magazyn\/wp-json\/wp\/v2\/posts"}],"about":[{"href":"https:\/\/www.pakamera.pl\/magazyn\/wp-json\/wp\/v2\/types\/post"}],"author":[{"embeddable":true,"href":"https:\/\/www.pakamera.pl\/magazyn\/wp-json\/wp\/v2\/users\/16"}],"replies":[{"embeddable":true,"href":"https:\/\/www.pakamera.pl\/magazyn\/wp-json\/wp\/v2\/comments?post=10815"}],"version-history":[{"count":3,"href":"https:\/\/www.pakamera.pl\/magazyn\/wp-json\/wp\/v2\/posts\/10815\/revisions"}],"predecessor-version":[{"id":10822,"href":"https:\/\/www.pakamera.pl\/magazyn\/wp-json\/wp\/v2\/posts\/10815\/revisions\/10822"}],"wp:featuredmedia":[{"embeddable":true,"href":"https:\/\/www.pakamera.pl\/magazyn\/wp-json\/wp\/v2\/media\/10819"}],"wp:attachment":[{"href":"https:\/\/www.pakamera.pl\/magazyn\/wp-json\/wp\/v2\/media?parent=10815"}],"wp:term":[{"taxonomy":"category","embeddable":true,"href":"https:\/\/www.pakamera.pl\/magazyn\/wp-json\/wp\/v2\/categories?post=10815"},{"taxonomy":"post_tag","embeddable":true,"href":"https:\/\/www.pakamera.pl\/magazyn\/wp-json\/wp\/v2\/tags?post=10815"}],"curies":[{"name":"wp","href":"https:\/\/api.w.org\/{rel}","templated":true}]}}