{"id":10743,"date":"2024-05-26T12:58:19","date_gmt":"2024-05-26T10:58:19","guid":{"rendered":"https:\/\/www.pakamera.pl\/magazyn\/?p=10743"},"modified":"2025-03-03T15:45:41","modified_gmt":"2025-03-03T14:45:41","slug":"5-kosmetykow-na-lato-ktore-warto-miec-przy-sobie","status":"publish","type":"post","link":"https:\/\/www.pakamera.pl\/magazyn\/5-kosmetykow-na-lato-ktore-warto-miec-przy-sobie\/","title":{"rendered":"5 kosmetyk\u00f3w na lato, kt\u00f3re warto mie\u0107 przy sobie!"},"content":{"rendered":"<p><strong>Letnie dni wymagaj\u0105 lekkich i sprawdzonych kosmetyk\u00f3w, kt\u00f3re pomog\u0105 Ci utrzyma\u0107 \u015bwie\u017cy i zdrowy wygl\u0105d. Dzisiaj przedstawimy Ci naszych 5 must-have produkt\u00f3w, kt\u00f3re powinny znale\u017a\u0107 si\u0119 w Twojej kosmetyczce na lato! Zobacz, jakie kosmetyki warto mie\u0107 przy sobie, by cieszy\u0107 si\u0119 pi\u0119knym wygl\u0105dem przez ca\u0142\u0105 por\u0119 letni\u0105.<\/strong><br \/>\n<!--more--><\/p>\n<figure id=\"attachment_10747\" aria-describedby=\"caption-attachment-10747\" style=\"width: 1600px\" class=\"wp-caption alignnone\"><img loading=\"lazy\" decoding=\"async\" class=\"wp-image-10747 size-full\" src=\"https:\/\/imgmag.pakamera.net\/2024\/05\/5-kosmetykow-na-lato-ktore-warto-miec-przy-sobie-161807663323.jpg\" alt=\"jakie kosmetyki na lato b\u0119d\u0105 najlepszym wyborem\" width=\"1600\" height=\"840\" \/><figcaption id=\"caption-attachment-10747\" class=\"wp-caption-text\">Ochronny krem na dzie\u0144, Manilu, 50 ml \/ Manilu \/ www.pakamera.pl<\/figcaption><\/figure>\n<h2>Must have kosmetyki na lato \u2013 top 5 produkt\u00f3w<\/h2>\n<p>Lato to idealny czas, aby zmieni\u0107 kosmetyczk\u0119 i dostosowa\u0107 j\u0105 do wymaga\u0144 pogody, panuj\u0105cej za oknem. Wyb\u00f3r kosmetyk\u00f3w, perfekcyjnie dobranych do koloru i rodzaju sk\u00f3ry z pewno\u015bci\u0105 nie jest \u0142atwe, dlatego przychodzimy z pomoc\u0105!<\/p>\n<p>Nie wiesz jakie kosmetyki na lato wybra\u0107? W takim razie poznaj naszych<strong> 5 must have produkt\u00f3w, kt\u00f3re sprawdz\u0105 si\u0119 nawet w najgorsze upalne dni<\/strong>:<\/p>\n<ul>\n<li><strong>Piel\u0119gnuj\u0105cy podk\u0142ad od marki Embryolisse Polska<\/strong> \u2013 to po\u0142\u0105czenie piel\u0119gnacji z makija\u017cem. Ma dzia\u0142anie nawil\u017caj\u0105ce, chroni sk\u00f3r\u0119 przed zanieczyszczeniami i pozostawia j\u0105 \u015bwietlist\u0105, ujednolicon\u0105, bez efektu maski. Jest to idealny produkt dla os\u00f3b, kt\u00f3re szukaj\u0105 delikatnej formu\u0142y, wyr\u00f3wnuj\u0105cej koloryt. Podk\u0142ad ma dodatkowo filtr przeciws\u0142oneczny 20 SPF.<\/li>\n<li><strong>Bogaty krem nawil\u017caj\u0105cy od marki D&#8217;ALCHEMY<\/strong> \u2013 w letnie dni warto postawi\u0107 na bogaty <a href=\"https:\/\/www.pakamera.pl\/do-twarzy-kremy-0-2855.htm\" target=\"_blank\" rel=\"noopener\">krem do twarzy<\/a>, intensywnie nawil\u017caj\u0105cy, kt\u00f3ry dog\u0142\u0119bnie i d\u0142ugotrwale nawil\u017cy Twoj\u0105 sk\u00f3r\u0119. Formu\u0142a idealnie dopasowana do sk\u00f3ry odwodnionej, przewlekle suchej oraz wra\u017cliwej. To must have w kosmetyczce ka\u017cdej osoby, kt\u00f3ra potrzebuje natychmiastowego mocnego nawil\u017cenia.<\/li>\n<li><strong>Lip Comfort Balm od whose_that_lip_stick<\/strong> \u2013 nasze usta r\u00f3wnie\u017c potrzebuj\u0105 ochrony i piel\u0119gnacji latem. Dlatego nasz balsam do ust b\u0119dzie strza\u0142em w dziesi\u0105tk\u0119, je\u015bli potrzebujesz produktu nat\u0142uszczaj\u0105cego, \u0142agodz\u0105cego podra\u017cnienia oraz od\u017cywiaj\u0105cego.<\/li>\n<li><strong>Hydrolat aloesowy marki SENKARA<\/strong> \u2013 pomaga oczy\u015bci\u0107 sk\u00f3r\u0119, usuwaj\u0105c resztki makija\u017cu, zanieczyszcze\u0144 i nadmiaru sebum, ale tak\u017ce nawil\u017ca, od\u015bwie\u017ca i przywraca jej naturalny pH. Wp\u0142ywa to na popraw\u0119 kondycji sk\u00f3ry, zmniejszenie jej przet\u0142uszczania oraz zapobiega powstawaniu niedoskona\u0142o\u015bci.<\/li>\n<li><strong>Od\u017cywcze mleczko do cia\u0142a marki Sendo<\/strong> \u2013 pomaga nawil\u017cy\u0107 i od\u017cywi\u0107 cia\u0142o po ca\u0142ym dniu, sp\u0119dzonym na s\u0142o\u0144cu. Ma lekk\u0105 formu\u0142\u0119, dlatego szybko si\u0119 wch\u0142ania i nie zostawia t\u0142ustego filmu na sk\u00f3rze. Idealny dla sk\u00f3ry wra\u017cliwej i suchej.<\/li>\n<\/ul>\n<p><strong>Piel\u0119gnacja sk\u00f3ry w okresie letnim jest niezwykle wa\u017cna i powinna by\u0107 dopasowana do wymaga\u0144 Twojej cery<\/strong>. Zainwestuj w odpowiednie kosmetyki, kt\u00f3re zapewni\u0105 Ci komfort i ochroni\u0105 przed negatywnym dzia\u0142aniem promieni s\u0142onecznych.<\/p>\n<div id=\"pakawidget1345\" class=\"pakawidget\"><\/div>\n<p><script async defer src=\"https:\/\/www.pakamera.pl\/widget\/widget2.min.js?id=1345&#038;type=20240523163736&#038;wwidth=1000\"><\/script><\/p>\n<h2>Kosmetyki, kt\u00f3re przetrwaj\u0105 ka\u017cde letnie wyzwanie<\/h2>\n<p>Letnie wyzwania mog\u0105 by\u0107 dla sk\u00f3ry prawdziwym testem wytrzyma\u0142o\u015bci. Wysokie temperatury, promieniowanie UV, nadmierna wilgo\u0107 \u2014 to wszystko mo\u017ce sprawi\u0107, \u017ce nasza sk\u00f3ra b\u0119dzie bardziej podatna na zmiany i problemy. Dlatego<strong> warto zainwestowa\u0107 w kosmetyki, kt\u00f3re b\u0119d\u0105 skutecznie chroni\u0107 i piel\u0119gnowa\u0107 nasz\u0105 sk\u00f3r\u0119 nawet w trakcie letnich upa\u0142\u00f3w<\/strong>.<\/p>\n<p>Kosmetyki, kt\u00f3re przetrwaj\u0105 ka\u017cde letnie wyzwanie, to <strong>przede wszystkim te o wysokim filtrowaniu UV, kt\u00f3re zapewni\u0105 skuteczn\u0105 ochron\u0119 przed szkodliwym promieniowaniem s\u0142onecznym<\/strong>. Wa\u017cne jest tak\u017ce, aby <strong>kosmetyki te by\u0142y wodoodporne, dzi\u0119ki czemu nie zmyj\u0105 si\u0119 podczas k\u0105pieli w basenie czy morzu<\/strong>. Dodatkowo warto si\u0119gn\u0105\u0107 po <strong>produkty, kt\u00f3re b\u0119d\u0105 nawil\u017ca\u0107 i od\u017cywia\u0107 sk\u00f3r\u0119<\/strong>, zapobiegaj\u0105c przesuszeniu i podra\u017cnieniom.<\/p>\n<p>Warto r\u00f3wnie\u017c zwr\u00f3ci\u0107 uwag\u0119 na <strong>kosmetyki, kt\u00f3re maj\u0105 lekk\u0105 konsystencj\u0119<\/strong>, niezatykaj\u0105ce pory i nieobci\u0105\u017caj\u0105ce sk\u00f3ry. Dzi\u0119ki nim Twoja sk\u00f3ra b\u0119dzie mog\u0142a swobodnie oddycha\u0107, co jest szczeg\u00f3lnie istotne w czasie letniej aury.<\/p>\n<p>Maj\u0105c na uwadze powy\u017csze kryteria, <strong>warto dok\u0142adnie przeanalizowa\u0107 sk\u0142ady i w\u0142a\u015bciwo\u015bci kosmetyk\u00f3w<\/strong>, kt\u00f3re wybieramy w tym okresie. Dzi\u0119ki odpowiednio dobranym produktom Twoja sk\u00f3ra b\u0119dzie chroniona, nawil\u017cona i piel\u0119gnowana, co pozwoli Ci cieszy\u0107 si\u0119 letnimi dni bez obaw o stan sk\u00f3ry. Naturalne kosmetyki z \u015bwietnymi sk\u0142adami znajdziesz w <a href=\"https:\/\/www.pakamera.pl\/\" target=\"_blank\" rel=\"noopener\">sklepie pakamera.pl<\/a>.<\/p>\n<h2>Ochrona i piel\u0119gnacja \u2013 kosmetyki na lato<\/h2>\n<figure id=\"attachment_10748\" aria-describedby=\"caption-attachment-10748\" style=\"width: 1600px\" class=\"wp-caption alignnone\"><img loading=\"lazy\" decoding=\"async\" class=\"wp-image-10748 size-full\" src=\"https:\/\/imgmag.pakamera.net\/2024\/05\/5-kosmetykow-na-lato-ktore-warto-miec-przy-sobie-163133012968.jpg\" alt=\"multizadaniowe serum na noc, kt\u00f3re synchronizuje naturalne sk\u0142adniki i dzia\u0142anie aromaterapii z moc\u0105 snu\" width=\"1600\" height=\"840\" \/><figcaption id=\"caption-attachment-10748\" class=\"wp-caption-text\">Moon Drops- Wielozadaniowe serum olejowe na noc \/ Slaap Home Rituals \/ www.pakamera.pl<\/figcaption><\/figure>\n<p>Jakie kosmetyki obowi\u0105zkowo powinny znale\u017a\u0107 si\u0119 w Twojej kosmetyczce? <strong>Przede wszystkim krem z filtrem SPF<\/strong>. Niewa\u017cne, czy wybierasz si\u0119 nad morze, czy w g\u00f3ry, ochrona przed s\u0142o\u0144cem jest kluczowa. Zadbaj o <strong>odpowiedni krem z filtrem UV<\/strong>, kt\u00f3ry ochroni Twoj\u0105 sk\u00f3r\u0119 przed poparzeniami i przesuszeniem<\/p>\n<h2>Jakie kosmetyki zabra\u0107 ze sob\u0105 na letni wyjazd?<\/h2>\n<p>Wakacje \u2014 czas relaksu i odpoczynku, a tak\u017ce czas, kiedy nasze cia\u0142o najbardziej potrzebuje piel\u0119gnacji i nawil\u017cenia. W zwi\u0105zku z tym, przed wyjazdem na letni urlop, warto dobrze przemy\u015ble\u0107, jakie kosmetyki zabra\u0107 ze sob\u0105, aby zadba\u0107 o siebie w trakcie podr\u00f3\u017cy oraz podczas pobytu w innej lokalizacji.<\/p>\n<p>Opr\u00f3cz tych wymienionych wcze\u015bniej na letnim wyje\u017adzie nie mo\u017ce r\u00f3wnie\u017c zabrakn\u0105\u0107 <strong>nawil\u017caj\u0105cego szamponu oraz od\u017cywki do w\u0142os\u00f3w<\/strong>. W tym okresie szczeg\u00f3lnie zwr\u00f3\u0107 uwag\u0119 <a href=\"https:\/\/www.pakamera.pl\/magazyn\/jak-zadbac-o-wlosy-latem\/\" target=\"_blank\" rel=\"noopener\">jak zadba\u0107 o w\u0142osy latem<\/a>. S\u0142o\u0144ce, wiatr i s\u00f3l morska mog\u0105 zaszkodzi\u0107 Twoim w\u0142osom, dlatego warto zadba\u0107 o odpowiednie produkty, kt\u00f3re przywr\u00f3c\u0105 im blask i nawil\u017cenie.<\/p>\n<p>Niezb\u0119dny oka\u017ce si\u0119 r\u00f3wnie\u017c<strong> dezodorant, kt\u00f3ry zapewni Ci \u015bwie\u017co\u015b\u0107 i komfort przez ca\u0142y dzie\u0144<\/strong>, nawet w ekstremalnych warunkach, w upalne dni. Pami\u0119taj, aby wybiera\u0107 naturalne antyperspiranty, kt\u00f3re nie b\u0119d\u0105 szkodzi\u0142y Twojej sk\u00f3rze i nie wywo\u0142aj\u0105 podra\u017cnie\u0144.<\/p>\n<div id=\"pakawidget1346\" class=\"pakawidget\"><\/div>\n<p><script async defer src=\"https:\/\/www.pakamera.pl\/widget\/widget2.min.js?id=1346&#038;type=20240523164114&#038;wwidth=1000\"><\/script><\/p>\n<h2>Kosmetyki na lato \u2013 co warto mie\u0107 w torebce?<\/h2>\n<p>Ochrona i piel\u0119gnacja to podstawa \u2013 szczeg\u00f3lnie latem! Dlatego dbaj o swoje cia\u0142o, stosuj\u0105c odpowiednie kosmetyki i unikaj\u0105c nadmiernego nara\u017cenia na s\u0142o\u0144ce. Je\u015bli wybierasz si\u0119 na wakacje, koniecznie zabierz ze sob\u0105 niezb\u0119dne produkty, kt\u00f3re pozwol\u0105 Ci przetrwa\u0107 wysokie temperatury. Co zabra\u0107 na wakacje?<\/p>\n<p><strong>W Twojej walizce obowi\u0105zkowo powinien znale\u017a\u0107 si\u0119 krem z filtrem UV<\/strong>. To niezb\u0119dny produkt na lato. Koniecznie wybierz <strong>kremy z odpowiednim filtrem SPF<\/strong>, kt\u00f3ry <strong>chroni zar\u00f3wno przed promieniowaniem UVA, jak i UVB<\/strong>.<\/p>\n<p>Nieocenione oka\u017ce si\u0119 tak\u017ce <strong>serum z witamin\u0105 A, C oraz E<\/strong>. Ma ono dzia\u0142anie ochronne i przeciwstarzeniowe. Nie zapomnij o ustach! One r\u00f3wnie\u017c wymagaj\u0105 odpowiedniej ochrony. Wybieraj <strong>pomadki, kt\u00f3re zapewni\u0105 odpowiedni\u0105 piel\u0119gnacj\u0119 Twoim ustom<\/strong> i ochroni\u0105 je przed promieniowaniem s\u0142onecznym.<\/p>\n<p>Warto zabra\u0107 ze sob\u0105 tak\u017ce <strong>mgie\u0142k\u0119 tonizuj\u0105c\u0105<\/strong>. To doskona\u0142y <strong>produkt, kt\u00f3ry od\u015bwie\u017ca i nawil\u017ca sk\u00f3r\u0119<\/strong>, a jednocze\u015bnie uzupe\u0142nia straty wody i minera\u0142\u00f3w.<\/p>\n<p>Pami\u0119taj, aby zawsze dba\u0107 o swoj\u0105 sk\u00f3r\u0119 i w\u0142osy podczas letnich miesi\u0119cy, kiedy s\u0105 one szczeg\u00f3lnie nara\u017cone na szkodliwe dzia\u0142anie s\u0142o\u0144ca i wysokich temperatur. Zadbaj o swoje cia\u0142o, korzystaj z promieni s\u0142onecznych odpowiedzialnie i ciesz si\u0119 latem w pe\u0142ni!<\/p>\n","protected":false},"excerpt":{"rendered":"<p>Letnie dni wymagaj\u0105 lekkich i sprawdzonych kosmetyk\u00f3w, kt\u00f3re pomog\u0105 Ci utrzyma\u0107 \u015bwie\u017cy i zdrowy wygl\u0105d. Dzisiaj przedstawimy Ci naszych 5 must-have produkt\u00f3w, kt\u00f3re powinny znale\u017a\u0107 si\u0119 w Twojej kosmetyczce na<span class=\"more-dots\">&#8230;<\/span><\/p>\n","protected":false},"author":19,"featured_media":10747,"comment_status":"closed","ping_status":"closed","sticky":false,"template":"","format":"standard","meta":{"footnotes":""},"categories":[2],"tags":[1076,1143,553,2559,561,2560,1687,833],"class_list":["post-10743","post","type-post","status-publish","format-standard","has-post-thumbnail","hentry","category-beauty","tag-cera-mieszana","tag-cera-tlusta","tag-hydrolat","tag-kosmetyki-na-lato","tag-kosmetyki-naturalne","tag-letnia-pielegnacja","tag-polskie-kosmetyki-naturalne","tag-sucha-skora"],"yoast_head":"<!-- This site is optimized with the Yoast SEO plugin v21.6 - https:\/\/yoast.com\/wordpress\/plugins\/seo\/ -->\n<title>5 kosmetyk\u00f3w na lato, kt\u00f3re warto mie\u0107 przy sobie! - Magazyn Pakamera.pl<\/title>\n<meta name=\"description\" content=\"Zastanawiasz si\u0119 jakie kosmetyki na lato b\u0119d\u0105 najlepszym wyborem? Zobacz nasze naturalne kosmetyki i znajd\u017a co\u015b dla siebie.\" \/>\n<meta name=\"robots\" content=\"index, follow\" \/>\n<link rel=\"canonical\" href=\"https:\/\/www.pakamera.pl\/magazyn\/5-kosmetykow-na-lato-ktore-warto-miec-przy-sobie\/\" \/>\n<meta property=\"og:locale\" content=\"pl_PL\" \/>\n<meta property=\"og:type\" content=\"article\" \/>\n<meta property=\"og:title\" content=\"5 kosmetyk\u00f3w na lato, kt\u00f3re warto mie\u0107 przy sobie! - Magazyn Pakamera.pl\" \/>\n<meta property=\"og:description\" content=\"Zastanawiasz si\u0119 jakie kosmetyki na lato b\u0119d\u0105 najlepszym wyborem? Zobacz nasze naturalne kosmetyki i znajd\u017a co\u015b dla siebie.\" \/>\n<meta property=\"og:url\" content=\"https:\/\/www.pakamera.pl\/magazyn\/5-kosmetykow-na-lato-ktore-warto-miec-przy-sobie\/\" \/>\n<meta property=\"og:site_name\" content=\"Magazyn Pakamera.pl\" \/>\n<meta property=\"article:publisher\" content=\"https:\/\/facebook.com\/pakamerapl\" \/>\n<meta property=\"article:published_time\" content=\"2024-05-26T10:58:19+00:00\" \/>\n<meta property=\"article:modified_time\" content=\"2025-03-03T14:45:41+00:00\" \/>\n<meta property=\"og:image\" content=\"https:\/\/imgmag.pakamera.net\/2024\/05\/5-kosmetykow-na-lato-ktore-warto-miec-przy-sobie-161807663323.jpg\" \/>\n\t<meta property=\"og:image:width\" content=\"1600\" \/>\n\t<meta property=\"og:image:height\" content=\"840\" \/>\n\t<meta property=\"og:image:type\" content=\"image\/jpeg\" \/>\n<meta name=\"author\" content=\"Zuzanna Szyd\u0142owska\" \/>\n<meta name=\"twitter:card\" content=\"summary_large_image\" \/>\n<meta name=\"twitter:label1\" content=\"Napisane przez\" \/>\n\t<meta name=\"twitter:data1\" content=\"Zuzanna Szyd\u0142owska\" \/>\n\t<meta name=\"twitter:label2\" content=\"Szacowany czas czytania\" \/>\n\t<meta name=\"twitter:data2\" content=\"7 minut\" \/>\n<script type=\"application\/ld+json\" class=\"yoast-schema-graph\">{\"@context\":\"https:\/\/schema.org\",\"@graph\":[{\"@type\":\"Article\",\"@id\":\"https:\/\/www.pakamera.pl\/magazyn\/5-kosmetykow-na-lato-ktore-warto-miec-przy-sobie\/#article\",\"isPartOf\":{\"@id\":\"https:\/\/www.pakamera.pl\/magazyn\/5-kosmetykow-na-lato-ktore-warto-miec-przy-sobie\/\"},\"author\":{\"name\":\"Zuzanna Szyd\u0142owska\",\"@id\":\"https:\/\/www.pakamera.pl\/magazyn\/#\/schema\/person\/a2333f2d1a2f1ce2d3a9e12cc00f5f73\"},\"headline\":\"5 kosmetyk\u00f3w na lato, kt\u00f3re warto mie\u0107 przy sobie!\",\"datePublished\":\"2024-05-26T10:58:19+00:00\",\"dateModified\":\"2025-03-03T14:45:41+00:00\",\"mainEntityOfPage\":{\"@id\":\"https:\/\/www.pakamera.pl\/magazyn\/5-kosmetykow-na-lato-ktore-warto-miec-przy-sobie\/\"},\"wordCount\":1191,\"publisher\":{\"@id\":\"https:\/\/www.pakamera.pl\/magazyn\/#organization\"},\"keywords\":[\"cera mieszana\",\"cera t\u0142usta\",\"hydrolat\",\"kosmetyki na lato\",\"kosmetyki naturalne\",\"letnia piel\u0119gnacja\",\"polskie kosmetyki naturalne\",\"sucha sk\u00f3ra\"],\"articleSection\":[\"Beauty\"],\"inLanguage\":\"pl-PL\"},{\"@type\":\"WebPage\",\"@id\":\"https:\/\/www.pakamera.pl\/magazyn\/5-kosmetykow-na-lato-ktore-warto-miec-przy-sobie\/\",\"url\":\"https:\/\/www.pakamera.pl\/magazyn\/5-kosmetykow-na-lato-ktore-warto-miec-przy-sobie\/\",\"name\":\"5 kosmetyk\u00f3w na lato, kt\u00f3re warto mie\u0107 przy sobie! - Magazyn Pakamera.pl\",\"isPartOf\":{\"@id\":\"https:\/\/www.pakamera.pl\/magazyn\/#website\"},\"datePublished\":\"2024-05-26T10:58:19+00:00\",\"dateModified\":\"2025-03-03T14:45:41+00:00\",\"description\":\"Zastanawiasz si\u0119 jakie kosmetyki na lato b\u0119d\u0105 najlepszym wyborem? Zobacz nasze naturalne kosmetyki i znajd\u017a co\u015b dla siebie.\",\"breadcrumb\":{\"@id\":\"https:\/\/www.pakamera.pl\/magazyn\/5-kosmetykow-na-lato-ktore-warto-miec-przy-sobie\/#breadcrumb\"},\"inLanguage\":\"pl-PL\",\"potentialAction\":[{\"@type\":\"ReadAction\",\"target\":[\"https:\/\/www.pakamera.pl\/magazyn\/5-kosmetykow-na-lato-ktore-warto-miec-przy-sobie\/\"]}]},{\"@type\":\"BreadcrumbList\",\"@id\":\"https:\/\/www.pakamera.pl\/magazyn\/5-kosmetykow-na-lato-ktore-warto-miec-przy-sobie\/#breadcrumb\",\"itemListElement\":[{\"@type\":\"ListItem\",\"position\":1,\"name\":\"Magazyn\",\"item\":\"https:\/\/www.pakamera.pl\/magazyn\/\"},{\"@type\":\"ListItem\",\"position\":2,\"name\":\"Beauty\",\"item\":\"https:\/\/www.pakamera.pl\/magazyn\/category\/beauty\/\"},{\"@type\":\"ListItem\",\"position\":3,\"name\":\"5 kosmetyk\u00f3w na lato, kt\u00f3re warto mie\u0107 przy sobie!\"}]},{\"@type\":\"WebSite\",\"@id\":\"https:\/\/www.pakamera.pl\/magazyn\/#website\",\"url\":\"https:\/\/www.pakamera.pl\/magazyn\/\",\"name\":\"Magazyn Pakamera.pl\",\"description\":\"Sprawd\u017a najgor\u0119tsze tematy sezonu!\",\"publisher\":{\"@id\":\"https:\/\/www.pakamera.pl\/magazyn\/#organization\"},\"potentialAction\":[{\"@type\":\"SearchAction\",\"target\":{\"@type\":\"EntryPoint\",\"urlTemplate\":\"https:\/\/www.pakamera.pl\/magazyn\/?s={search_term_string}\"},\"query-input\":\"required name=search_term_string\"}],\"inLanguage\":\"pl-PL\"},{\"@type\":\"Organization\",\"@id\":\"https:\/\/www.pakamera.pl\/magazyn\/#organization\",\"name\":\"Pakamera.pl\",\"url\":\"https:\/\/www.pakamera.pl\/magazyn\/\",\"logo\":{\"@type\":\"ImageObject\",\"inLanguage\":\"pl-PL\",\"@id\":\"https:\/\/www.pakamera.pl\/magazyn\/#\/schema\/logo\/image\/\",\"url\":\"https:\/\/imgmag.pakamera.net\/2023\/11\/153455466619.png\",\"contentUrl\":\"https:\/\/imgmag.pakamera.net\/2023\/11\/153455466619.png\",\"width\":690,\"height\":140,\"caption\":\"Pakamera.pl\"},\"image\":{\"@id\":\"https:\/\/www.pakamera.pl\/magazyn\/#\/schema\/logo\/image\/\"},\"sameAs\":[\"https:\/\/facebook.com\/pakamerapl\",\"https:\/\/www.instagram.com\/pakamera\/\"]},{\"@type\":\"Person\",\"@id\":\"https:\/\/www.pakamera.pl\/magazyn\/#\/schema\/person\/a2333f2d1a2f1ce2d3a9e12cc00f5f73\",\"name\":\"Zuzanna Szyd\u0142owska\",\"description\":\"Zuzia to nasza beauty ekspertka, kt\u00f3ra kocha naturalne kosmetyki i polskie marki. Potrafi dobra\u0107 odpowiedni\u0105 piel\u0119gnacj\u0119 do ka\u017cdego typu cery. Lubi obserwowa\u0107 rozw\u00f3j ma\u0142ych marek i ch\u0119tnie testuje ich produkty.\"}]}<\/script>\n<!-- \/ Yoast SEO plugin. -->","yoast_head_json":{"title":"5 kosmetyk\u00f3w na lato, kt\u00f3re warto mie\u0107 przy sobie! - Magazyn Pakamera.pl","description":"Zastanawiasz si\u0119 jakie kosmetyki na lato b\u0119d\u0105 najlepszym wyborem? Zobacz nasze naturalne kosmetyki i znajd\u017a co\u015b dla siebie.","robots":{"index":"index","follow":"follow"},"canonical":"https:\/\/www.pakamera.pl\/magazyn\/5-kosmetykow-na-lato-ktore-warto-miec-przy-sobie\/","og_locale":"pl_PL","og_type":"article","og_title":"5 kosmetyk\u00f3w na lato, kt\u00f3re warto mie\u0107 przy sobie! - Magazyn Pakamera.pl","og_description":"Zastanawiasz si\u0119 jakie kosmetyki na lato b\u0119d\u0105 najlepszym wyborem? Zobacz nasze naturalne kosmetyki i znajd\u017a co\u015b dla siebie.","og_url":"https:\/\/www.pakamera.pl\/magazyn\/5-kosmetykow-na-lato-ktore-warto-miec-przy-sobie\/","og_site_name":"Magazyn Pakamera.pl","article_publisher":"https:\/\/facebook.com\/pakamerapl","article_published_time":"2024-05-26T10:58:19+00:00","article_modified_time":"2025-03-03T14:45:41+00:00","og_image":[{"width":1600,"height":840,"url":"https:\/\/imgmag.pakamera.net\/2024\/05\/5-kosmetykow-na-lato-ktore-warto-miec-przy-sobie-161807663323.jpg","type":"image\/jpeg"}],"author":"Zuzanna Szyd\u0142owska","twitter_card":"summary_large_image","twitter_misc":{"Napisane przez":"Zuzanna Szyd\u0142owska","Szacowany czas czytania":"7 minut"},"schema":{"@context":"https:\/\/schema.org","@graph":[{"@type":"Article","@id":"https:\/\/www.pakamera.pl\/magazyn\/5-kosmetykow-na-lato-ktore-warto-miec-przy-sobie\/#article","isPartOf":{"@id":"https:\/\/www.pakamera.pl\/magazyn\/5-kosmetykow-na-lato-ktore-warto-miec-przy-sobie\/"},"author":{"name":"Zuzanna Szyd\u0142owska","@id":"https:\/\/www.pakamera.pl\/magazyn\/#\/schema\/person\/a2333f2d1a2f1ce2d3a9e12cc00f5f73"},"headline":"5 kosmetyk\u00f3w na lato, kt\u00f3re warto mie\u0107 przy sobie!","datePublished":"2024-05-26T10:58:19+00:00","dateModified":"2025-03-03T14:45:41+00:00","mainEntityOfPage":{"@id":"https:\/\/www.pakamera.pl\/magazyn\/5-kosmetykow-na-lato-ktore-warto-miec-przy-sobie\/"},"wordCount":1191,"publisher":{"@id":"https:\/\/www.pakamera.pl\/magazyn\/#organization"},"keywords":["cera mieszana","cera t\u0142usta","hydrolat","kosmetyki na lato","kosmetyki naturalne","letnia piel\u0119gnacja","polskie kosmetyki naturalne","sucha sk\u00f3ra"],"articleSection":["Beauty"],"inLanguage":"pl-PL"},{"@type":"WebPage","@id":"https:\/\/www.pakamera.pl\/magazyn\/5-kosmetykow-na-lato-ktore-warto-miec-przy-sobie\/","url":"https:\/\/www.pakamera.pl\/magazyn\/5-kosmetykow-na-lato-ktore-warto-miec-przy-sobie\/","name":"5 kosmetyk\u00f3w na lato, kt\u00f3re warto mie\u0107 przy sobie! - Magazyn Pakamera.pl","isPartOf":{"@id":"https:\/\/www.pakamera.pl\/magazyn\/#website"},"datePublished":"2024-05-26T10:58:19+00:00","dateModified":"2025-03-03T14:45:41+00:00","description":"Zastanawiasz si\u0119 jakie kosmetyki na lato b\u0119d\u0105 najlepszym wyborem? Zobacz nasze naturalne kosmetyki i znajd\u017a co\u015b dla siebie.","breadcrumb":{"@id":"https:\/\/www.pakamera.pl\/magazyn\/5-kosmetykow-na-lato-ktore-warto-miec-przy-sobie\/#breadcrumb"},"inLanguage":"pl-PL","potentialAction":[{"@type":"ReadAction","target":["https:\/\/www.pakamera.pl\/magazyn\/5-kosmetykow-na-lato-ktore-warto-miec-przy-sobie\/"]}]},{"@type":"BreadcrumbList","@id":"https:\/\/www.pakamera.pl\/magazyn\/5-kosmetykow-na-lato-ktore-warto-miec-przy-sobie\/#breadcrumb","itemListElement":[{"@type":"ListItem","position":1,"name":"Magazyn","item":"https:\/\/www.pakamera.pl\/magazyn\/"},{"@type":"ListItem","position":2,"name":"Beauty","item":"https:\/\/www.pakamera.pl\/magazyn\/category\/beauty\/"},{"@type":"ListItem","position":3,"name":"5 kosmetyk\u00f3w na lato, kt\u00f3re warto mie\u0107 przy sobie!"}]},{"@type":"WebSite","@id":"https:\/\/www.pakamera.pl\/magazyn\/#website","url":"https:\/\/www.pakamera.pl\/magazyn\/","name":"Magazyn Pakamera.pl","description":"Sprawd\u017a najgor\u0119tsze tematy sezonu!","publisher":{"@id":"https:\/\/www.pakamera.pl\/magazyn\/#organization"},"potentialAction":[{"@type":"SearchAction","target":{"@type":"EntryPoint","urlTemplate":"https:\/\/www.pakamera.pl\/magazyn\/?s={search_term_string}"},"query-input":"required name=search_term_string"}],"inLanguage":"pl-PL"},{"@type":"Organization","@id":"https:\/\/www.pakamera.pl\/magazyn\/#organization","name":"Pakamera.pl","url":"https:\/\/www.pakamera.pl\/magazyn\/","logo":{"@type":"ImageObject","inLanguage":"pl-PL","@id":"https:\/\/www.pakamera.pl\/magazyn\/#\/schema\/logo\/image\/","url":"https:\/\/imgmag.pakamera.net\/2023\/11\/153455466619.png","contentUrl":"https:\/\/imgmag.pakamera.net\/2023\/11\/153455466619.png","width":690,"height":140,"caption":"Pakamera.pl"},"image":{"@id":"https:\/\/www.pakamera.pl\/magazyn\/#\/schema\/logo\/image\/"},"sameAs":["https:\/\/facebook.com\/pakamerapl","https:\/\/www.instagram.com\/pakamera\/"]},{"@type":"Person","@id":"https:\/\/www.pakamera.pl\/magazyn\/#\/schema\/person\/a2333f2d1a2f1ce2d3a9e12cc00f5f73","name":"Zuzanna Szyd\u0142owska","description":"Zuzia to nasza beauty ekspertka, kt\u00f3ra kocha naturalne kosmetyki i polskie marki. Potrafi dobra\u0107 odpowiedni\u0105 piel\u0119gnacj\u0119 do ka\u017cdego typu cery. Lubi obserwowa\u0107 rozw\u00f3j ma\u0142ych marek i ch\u0119tnie testuje ich produkty."}]}},"_links":{"self":[{"href":"https:\/\/www.pakamera.pl\/magazyn\/wp-json\/wp\/v2\/posts\/10743","targetHints":{"allow":["GET"]}}],"collection":[{"href":"https:\/\/www.pakamera.pl\/magazyn\/wp-json\/wp\/v2\/posts"}],"about":[{"href":"https:\/\/www.pakamera.pl\/magazyn\/wp-json\/wp\/v2\/types\/post"}],"author":[{"embeddable":true,"href":"https:\/\/www.pakamera.pl\/magazyn\/wp-json\/wp\/v2\/users\/19"}],"replies":[{"embeddable":true,"href":"https:\/\/www.pakamera.pl\/magazyn\/wp-json\/wp\/v2\/comments?post=10743"}],"version-history":[{"count":3,"href":"https:\/\/www.pakamera.pl\/magazyn\/wp-json\/wp\/v2\/posts\/10743\/revisions"}],"predecessor-version":[{"id":10750,"href":"https:\/\/www.pakamera.pl\/magazyn\/wp-json\/wp\/v2\/posts\/10743\/revisions\/10750"}],"wp:featuredmedia":[{"embeddable":true,"href":"https:\/\/www.pakamera.pl\/magazyn\/wp-json\/wp\/v2\/media\/10747"}],"wp:attachment":[{"href":"https:\/\/www.pakamera.pl\/magazyn\/wp-json\/wp\/v2\/media?parent=10743"}],"wp:term":[{"taxonomy":"category","embeddable":true,"href":"https:\/\/www.pakamera.pl\/magazyn\/wp-json\/wp\/v2\/categories?post=10743"},{"taxonomy":"post_tag","embeddable":true,"href":"https:\/\/www.pakamera.pl\/magazyn\/wp-json\/wp\/v2\/tags?post=10743"}],"curies":[{"name":"wp","href":"https:\/\/api.w.org\/{rel}","templated":true}]}}