{"id":10690,"date":"2024-05-18T11:34:05","date_gmt":"2024-05-18T09:34:05","guid":{"rendered":"https:\/\/www.pakamera.pl\/magazyn\/?p=10690"},"modified":"2024-05-16T11:47:38","modified_gmt":"2024-05-16T09:47:38","slug":"jak-wybrac-okulary-przeciwsloneczne","status":"publish","type":"post","link":"https:\/\/www.pakamera.pl\/magazyn\/jak-wybrac-okulary-przeciwsloneczne\/","title":{"rendered":"Jak wybra\u0107 okulary przeciws\u0142oneczne?"},"content":{"rendered":"<p><strong>Pierwsze nie\u015bmia\u0142e promienie s\u0142o\u0144ca zaczynaj\u0105 ju\u017c razi\u0107, gdy wychodzisz na dw\u00f3r? To czas, aby zastanowi\u0107 si\u0119, jak wybra\u0107 okulary przeciws\u0142oneczne \u2013 promieniowanie UV jest szkodliwe dla Twojego wzroku, dlatego najlepiej nosi\u0107 je nie tylko w trakcie lata.<\/strong><br \/>\n<!--more--><\/p>\n<figure id=\"attachment_10693\" aria-describedby=\"caption-attachment-10693\" style=\"width: 1600px\" class=\"wp-caption alignnone\"><img loading=\"lazy\" decoding=\"async\" class=\"wp-image-10693 size-full\" src=\"https:\/\/imgmag.pakamera.net\/2024\/05\/jak-wybrac-okulary-przeciwsloneczne-114228181399.jpg\" alt=\"Jak wybra\u0107 okulary przeciws\u0142oneczne?\" width=\"1600\" height=\"840\" \/><figcaption id=\"caption-attachment-10693\" class=\"wp-caption-text\">Okulary Meller Suku Gold Carbon \/ MELLER \/ www.pakamera.pl<\/figcaption><\/figure>\n<p>Czeka Ci\u0119 letni wyjazd? Upewnij si\u0119, \u017ce masz <strong>okulary przeciws\u0142oneczne dobrane kszta\u0142tem do twarzy<\/strong>. W\u0142a\u015bciwie dobrany dodatek pi\u0119knie uzupe\u0142ni ca\u0142y look i sprawi, \u017ce \u015bwietnie wypadniesz na zdj\u0119ciach. Sprawd\u017a r\u00f3wnie\u017c, co spakowa\u0107 na <a href=\"https:\/\/www.pakamera.pl\/magazyn\/wakacje-last-minute\/\" target=\"_blank\" rel=\"noopener\">wakacje last minute<\/a>, \u017ceby niczego nie zapomnie\u0107.<\/p>\n<h2>Wyb\u00f3r okular\u00f3w przeciws\u0142onecznych \u2013 co musisz wiedzie\u0107?<\/h2>\n<p>Nie wybieraj okular\u00f3w po oprawkach. Cho\u0107 wa\u017cne jest, \u017ceby\u015b wygl\u0105da\u0142a w nich stylowo \u2013 to <strong>okulary przeciws\u0142oneczne s\u0105 przede wszystkim \u015brodkiem ochronnym<\/strong>, dlatego po\u015bwi\u0119\u0107 chwil\u0119 na znalezienie odpowiedniego modelu.<\/p>\n<p>Jak wybra\u0107 okulary przeciws\u0142oneczne? <strong>Upewnij si\u0119, \u017ce dany model ma 100% ochron\u0119 przed promieniowaniem UVA i UVB<\/strong>. To nie tylko kwestia komfortu \u2013 <strong>chodzi o zdrowie twoich oczu<\/strong>. D\u0142ugotrwa\u0142e nara\u017cenie na promienie UV prowadzi do za\u0107my, a nawet uszkodzenia siatk\u00f3wki. Tym powa\u017cnym problemom zdrowotnym \u0142atwiej jest zapobiega\u0107, ni\u017c leczy\u0107.<\/p>\n<p><strong>Szk\u0142a okularowe mog\u0105 by\u0107 wykonane z poliw\u0119glanu, kt\u00f3ry jest lekki i bardzo odporny na uderzenia, ale \u0142atwy do zarysowania<\/strong>. To najlepsza opcja dla dzieci lub os\u00f3b aktywnych. Je\u015bli <strong>zale\u017cy Ci na jak najlepszej jako\u015bci, wybierz szklane okulary przeciws\u0142oneczne, poniewa\u017c oferuj\u0105 najlepsz\u0105 przejrzysto\u015b\u0107<\/strong>. W obu przypadkach przechowuj akcesorium w <a href=\"https:\/\/www.pakamera.pl\/pokrowce-i-etui-na-okulary-0-2958.htm\" target=\"_blank\" rel=\"noopener\">etui na okulary<\/a>.<\/p>\n<div id=\"pakawidget1328\" class=\"pakawidget\"><\/div>\n<p><script async defer src=\"https:\/\/www.pakamera.pl\/widget\/widget2.min.js?id=1328&#038;type=20240515162225&#038;wwidth=1000\"><\/script><\/p>\n<h2>Okulary przeciws\u0142oneczne \u2013 jak dopasowa\u0107 do kszta\u0142tu twarzy?<\/h2>\n<p>Wybierz <strong>model, kt\u00f3ry pasuje do kszta\u0142tu twojej twarzy i nie uciska za uszami i na nosie<\/strong>. Okulary przeciws\u0142oneczne <strong>powinny by\u0107 odpowiednio du\u017ce, aby zas\u0142ania\u0107 oczy<\/strong>, skronie i jak najwi\u0119cej obszaru wok\u00f3\u0142 oczu \u2013 wtedy zabezpieczaj\u0105 r\u00f3wnie\u017c przed \u015bwiat\u0142em bocznym.<\/p>\n<p>Jak dobra\u0107 okulary s\u0142oneczne do twarzy? <strong>Je\u015bli twoja twarz jest okr\u0105g\u0142a, celuj w modele, kt\u00f3re dodadz\u0105 jej struktury<\/strong>. Prostok\u0105tne lub kwadratowe oprawki sprawi\u0105, \u017ce stanie si\u0119 d\u0142u\u017csza i bardziej poci\u0105g\u0142a.<\/p>\n<p>Na <strong>owalnej twarzy b\u0119d\u0105 dobre wygl\u0105da\u0107 niemal ka\u017cde okulary przeciws\u0142oneczne<\/strong>. Najlepsze b\u0119d\u0105 <strong>modele szersze ni\u017c najszerszy punkt twarzy<\/strong>. Unikaj zbyt du\u017cych lub ci\u0119\u017ckich oprawek, poniewa\u017c mog\u0105 przyt\u0142oczy\u0107 delikatne rysy.<\/p>\n<p><strong>Twarz kwadratowa<\/strong> ma wyra\u017anie zaznaczone linie szcz\u0119ki oraz szerokie czo\u0142o i mocno zarysowane k\u0105ty. Aby z\u0142agodzi\u0107 te cechy, <strong>wybierz okulary z okr\u0105g\u0142ymi lub owalnymi oprawkami<\/strong>. Delikatne, cienkie ramki dodadz\u0105 kobieco\u015bci Twoim rysom.<\/p>\n<p><strong>Twarz w kszta\u0142cie serca<\/strong> jest szersza u g\u00f3ry i zw\u0119\u017ca si\u0119 ku do\u0142owi. Jak wybra\u0107 okulary przeciws\u0142oneczne, aby podkre\u015bli\u0107 jej urok? Idealne modele odwracaj\u0105 uwag\u0119 od szerokiego czo\u0142a i podkre\u015blaj\u0105 doln\u0105 cz\u0119\u015b\u0107 twarzy. <strong>Wybierz oprawki z nisko osadzonymi szk\u0142ami w delikatnym (np. pastelowym) kolorze<\/strong> \u2013 najlepsze b\u0119d\u0105 te <strong>w stylu kocich oczu<\/strong>.<\/p>\n<figure id=\"attachment_10694\" aria-describedby=\"caption-attachment-10694\" style=\"width: 1600px\" class=\"wp-caption alignnone\"><img loading=\"lazy\" decoding=\"async\" class=\"wp-image-10694 size-full\" src=\"https:\/\/imgmag.pakamera.net\/2024\/05\/jak-wybrac-okulary-przeciwsloneczne-114501612532.jpg\" alt=\"okulary przeciws\u0142oneczne z grubymi czarnymi oprawkami\" width=\"1600\" height=\"840\" \/><figcaption id=\"caption-attachment-10694\" class=\"wp-caption-text\">Okulary Meller Dashi All Black \/ MELLER \/ www.pakamera.pl<\/figcaption><\/figure>\n<h2>Jakie okulary przeciws\u0142oneczne b\u0119d\u0105 najlepsze na lato?<\/h2>\n<p>Jak dobra\u0107 <a href=\"https:\/\/www.pakamera.pl\/okulary-0-2098.htm\" target=\"_blank\" rel=\"noopener\">okulary przeciws\u0142oneczne<\/a>, aby dobrze widzie\u0107 latem? Kolor szkie\u0142 okular\u00f3w wp\u0142ywa na to, jak b\u0119dziesz widzie\u0107 \u015bwiat. <strong>Br\u0105zowe, \u017c\u00f3\u0142te lub miedziane soczewki polepszaj\u0105 kontrast i g\u0142\u0119bi\u0119 widzenia<\/strong>, dlatego s\u0105 idealne do prowadzenia samochodu. <strong>Szare soczewki r\u00f3wnomiernie filtruj\u0105 \u015bwiat\u0142o i nie zmieniaj\u0105 kolor\u00f3w<\/strong>, co sprawdza si\u0119 w jasne dni, a r\u00f3\u017cowe \u2013 nieco zmieniaj\u0105 wygl\u0105d rzeczywisto\u015bci, wywo\u0142uj\u0105c lepszy nastr\u00f3j.<\/p>\n<p><strong>Okulary polaryzacyjne to must-have dla kierowc\u00f3w i os\u00f3b sp\u0119dzaj\u0105cych czas nad wod\u0105<\/strong>, poniewa\u017c ich szk\u0142a redukuj\u0105 odblaski od wody, \u015bniegu i mi\u0119kkiej wody, \u017ceby\u015b mog\u0142a lepiej widzie\u0107 otoczenie.<\/p>\n<h2>Przewodnik po stylach okular\u00f3w przeciws\u0142onecznych<\/h2>\n<p>Nie wiesz jeszcze, jakie kszta\u0142ty okular\u00f3w przeciws\u0142onecznych podobaj\u0105 Ci si\u0119 najbardziej?<\/p>\n<p><strong>Okulary aviator<\/strong> zosta\u0142y zaprojektowane pierwotnie dla pilot\u00f3w. Wyr\u00f3\u017cniaj\u0105 si\u0119 du\u017cymi szk\u0142ami i cienkimi metalowymi ramkami. <strong>S\u0105 uniwersalne i pasuj\u0105 prawie do ka\u017cdego kszta\u0142tu twarzy<\/strong>. Dodaj\u0105 Twojej stylizacji nutki retro.<\/p>\n<p><strong>Okulary Wayfarer to prawdziwy klasyk<\/strong>. Zosta\u0142y zaprojektowane przez firm\u0119 Ray-Ban w latach 50. XX wieku. Maj\u0105 trapezoidalne ramki, kt\u00f3re dobrze komponuj\u0105 si\u0119 z casualowymi i eleganckimi stylizacjami.<\/p>\n<p><strong>Okulary cat-eye maj\u0105 uniesione kraw\u0119dzie<\/strong>. Cz\u0119sto s\u0105 ozdobione metalowymi wstawkami w rogach ramek. Szczeg\u00f3lnie <strong>dobrze wygl\u0105daj\u0105 na owalnych i kwadratowych twarzach<\/strong>.<\/p>\n<p><strong>Okr\u0105g\u0142e okulary przeciws\u0142oneczne inspiruj\u0105 si\u0119 latami 60. i 70. XX wieku<\/strong>. Dzi\u0119ki nim wyr\u00f3\u017cnisz si\u0119 z t\u0142umu.<strong> Najlepiej wygl\u0105daj\u0105 na osobach z kwadratowymi twarzami<\/strong>, poniewa\u017c mi\u0119kkie linie tworz\u0105 ciekawy kontrast z ostrymi rysami.<\/p>\n<p><strong>Okulary sportowe zapewniaj\u0105 lepsz\u0105 ochron\u0119 i stabilno\u015b\u0107 podczas ruchu<\/strong>. Polaryzacyjne szk\u0142a s\u0105 idealne podczas aktywno\u015bci na \u015bwie\u017cym powietrzu.<\/p>\n<p><strong>Motylkowe okulary<\/strong> przeciws\u0142oneczne maj\u0105 du\u017ce, szerokie ramki. Ich szerokie i zaokr\u0105glone szk\u0142a przypominaj\u0105 skrzyd\u0142a motyla. Ich niebanalny wygl\u0105d <strong>doda Twojej stylizacji ekstrawagancki wygl\u0105d<\/strong>.<\/p>\n<p>Kt\u00f3re kszta\u0142ty okular\u00f3w przeciws\u0142onecznych podobaj\u0105 Ci si\u0119 najbardziej?<\/p>\n<div id=\"pakawidget1329\" class=\"pakawidget\"><\/div>\n<p><script async defer src=\"https:\/\/www.pakamera.pl\/widget\/widget2.min.js?id=1329&#038;type=20240515162429&#038;wwidth=1000\"><\/script><\/p>\n<h2>Funkcjonalno\u015b\u0107 i moda \u2013 okulary przeciws\u0142oneczne<\/h2>\n<p>Wybieraj\u0105c nowe okulary, <strong>zwr\u00f3\u0107 uwag\u0119 nie tylko na styl, ale przede wszystkim na jako\u015b\u0107 soczewek<\/strong>. Dobre okulary przeciws\u0142oneczne <strong>powinny oferowa\u0107 100% ochron\u0119 przed promieniowaniem UVA i UVB<\/strong>. Designerskie marki eksperymentuj\u0105 z kszta\u0142tami, kolorami i materia\u0142ami, aby ka\u017cdy m\u00f3g\u0142 znale\u017a\u0107 co\u015b dla siebie. Lekkie i wytrzyma\u0142e ramki z poliw\u0119glanu sprawdz\u0105 si\u0119 podczas aktywno\u015bci fizycznych, natomiast eleganckie metalowe oprawki b\u0119d\u0105 idealne podczas lata w mie\u015bcie.<\/p>\n<h2>Ochrona UV \u2013 dlaczego jest tak wa\u017cna w okularach przeciws\u0142onecznych?<\/h2>\n<p>Ochrona UV w okularach przeciws\u0142onecznych to absolutna podstawa. <strong>Przek\u0142ada si\u0119 na komfort widzenia w s\u0142oneczne dni i zdrowie oczu<\/strong>. Promieniowanie UV szkodzi nawet w pochmurne dni, dlatego ka\u017cda para okular\u00f3w przeciws\u0142onecznych powinna mie\u0107 gwarantowan\u0105 100% ochron\u0119 przed promieniami UVA i UVB.<\/p>\n<p>Sta\u0142e nara\u017cenie na promienie UV mo\u017ce prowadzi\u0107 do utraty wzroku. <strong>Niestety, nie ka\u017cde ciemne szk\u0142o zapewnia odpowiedni\u0105 ochron\u0119, dlatego zawsze sprawdzaj, czy okulary, kt\u00f3re wybierasz, maj\u0105 odpowiedni certyfikat<\/strong>.<\/p>\n<p>Ju\u017c wiesz, jak dobra\u0107 okulary s\u0142oneczne do twarzy? Przysz\u0142a kolej, aby znale\u017a\u0107 odpowiedni model w Pakamera.pl.<\/p>\n","protected":false},"excerpt":{"rendered":"<p>Pierwsze nie\u015bmia\u0142e promienie s\u0142o\u0144ca zaczynaj\u0105 ju\u017c razi\u0107, gdy wychodzisz na dw\u00f3r? To czas, aby zastanowi\u0107 si\u0119, jak wybra\u0107 okulary przeciws\u0142oneczne \u2013 promieniowanie UV jest szkodliwe dla Twojego wzroku, dlatego najlepiej<span class=\"more-dots\">&#8230;<\/span><\/p>\n","protected":false},"author":16,"featured_media":10693,"comment_status":"closed","ping_status":"closed","sticky":false,"template":"","format":"standard","meta":{"footnotes":""},"categories":[3],"tags":[2388,315,1277,402,1856],"class_list":["post-10690","post","type-post","status-publish","format-standard","has-post-thumbnail","hentry","category-moda","tag-letnie-stylizacje","tag-okulary","tag-okulary-z-lat-90","tag-oprawki-okularow","tag-wakacyjne-stylizacje"],"yoast_head":"<!-- This site is optimized with the Yoast SEO plugin v21.6 - https:\/\/yoast.com\/wordpress\/plugins\/seo\/ -->\n<title>Jak wybra\u0107 okulary przeciws\u0142oneczne? - Magazyn Pakamera.pl<\/title>\n<meta name=\"description\" content=\"Zastanawiasz si\u0119 jak wybra\u0107 okulary przeciws\u0142oneczne aby by\u0142y idealne do twojej twarzy i jednocze\u015bnie dobrze chroni\u0142y przed s\u0142o\u0144cem.\" \/>\n<meta name=\"robots\" content=\"index, follow\" \/>\n<link rel=\"canonical\" href=\"https:\/\/www.pakamera.pl\/magazyn\/jak-wybrac-okulary-przeciwsloneczne\/\" \/>\n<meta property=\"og:locale\" content=\"pl_PL\" \/>\n<meta property=\"og:type\" content=\"article\" \/>\n<meta property=\"og:title\" content=\"Jak wybra\u0107 okulary przeciws\u0142oneczne? - Magazyn Pakamera.pl\" \/>\n<meta property=\"og:description\" content=\"Zastanawiasz si\u0119 jak wybra\u0107 okulary przeciws\u0142oneczne aby by\u0142y idealne do twojej twarzy i jednocze\u015bnie dobrze chroni\u0142y przed s\u0142o\u0144cem.\" \/>\n<meta property=\"og:url\" content=\"https:\/\/www.pakamera.pl\/magazyn\/jak-wybrac-okulary-przeciwsloneczne\/\" \/>\n<meta property=\"og:site_name\" content=\"Magazyn Pakamera.pl\" \/>\n<meta property=\"article:publisher\" content=\"https:\/\/facebook.com\/pakamerapl\" \/>\n<meta property=\"article:published_time\" content=\"2024-05-18T09:34:05+00:00\" \/>\n<meta property=\"article:modified_time\" content=\"2024-05-16T09:47:38+00:00\" \/>\n<meta property=\"og:image\" content=\"https:\/\/imgmag.pakamera.net\/2024\/05\/jak-wybrac-okulary-przeciwsloneczne-114228181399.jpg\" \/>\n\t<meta property=\"og:image:width\" content=\"1600\" \/>\n\t<meta property=\"og:image:height\" content=\"840\" \/>\n\t<meta property=\"og:image:type\" content=\"image\/jpeg\" \/>\n<meta name=\"author\" content=\"Magda Strzelecka\" \/>\n<meta name=\"twitter:card\" content=\"summary_large_image\" \/>\n<meta name=\"twitter:label1\" content=\"Napisane przez\" \/>\n\t<meta name=\"twitter:data1\" content=\"Magda Strzelecka\" \/>\n\t<meta name=\"twitter:label2\" content=\"Szacowany czas czytania\" \/>\n\t<meta name=\"twitter:data2\" content=\"6 minut\" \/>\n<script type=\"application\/ld+json\" class=\"yoast-schema-graph\">{\"@context\":\"https:\/\/schema.org\",\"@graph\":[{\"@type\":\"Article\",\"@id\":\"https:\/\/www.pakamera.pl\/magazyn\/jak-wybrac-okulary-przeciwsloneczne\/#article\",\"isPartOf\":{\"@id\":\"https:\/\/www.pakamera.pl\/magazyn\/jak-wybrac-okulary-przeciwsloneczne\/\"},\"author\":{\"name\":\"Magda Strzelecka\",\"@id\":\"https:\/\/www.pakamera.pl\/magazyn\/#\/schema\/person\/375940ab821c5af50e1e31f1ec5282b5\"},\"headline\":\"Jak wybra\u0107 okulary przeciws\u0142oneczne?\",\"datePublished\":\"2024-05-18T09:34:05+00:00\",\"dateModified\":\"2024-05-16T09:47:38+00:00\",\"mainEntityOfPage\":{\"@id\":\"https:\/\/www.pakamera.pl\/magazyn\/jak-wybrac-okulary-przeciwsloneczne\/\"},\"wordCount\":1035,\"publisher\":{\"@id\":\"https:\/\/www.pakamera.pl\/magazyn\/#organization\"},\"keywords\":[\"letnie stylizacje\",\"okulary\",\"OKULARY Z LAT 90\",\"oprawki okular\u00f3w\",\"wakacyjne stylizacje\"],\"articleSection\":[\"Moda\"],\"inLanguage\":\"pl-PL\"},{\"@type\":\"WebPage\",\"@id\":\"https:\/\/www.pakamera.pl\/magazyn\/jak-wybrac-okulary-przeciwsloneczne\/\",\"url\":\"https:\/\/www.pakamera.pl\/magazyn\/jak-wybrac-okulary-przeciwsloneczne\/\",\"name\":\"Jak wybra\u0107 okulary przeciws\u0142oneczne? - Magazyn Pakamera.pl\",\"isPartOf\":{\"@id\":\"https:\/\/www.pakamera.pl\/magazyn\/#website\"},\"datePublished\":\"2024-05-18T09:34:05+00:00\",\"dateModified\":\"2024-05-16T09:47:38+00:00\",\"description\":\"Zastanawiasz si\u0119 jak wybra\u0107 okulary przeciws\u0142oneczne aby by\u0142y idealne do twojej twarzy i jednocze\u015bnie dobrze chroni\u0142y przed s\u0142o\u0144cem.\",\"breadcrumb\":{\"@id\":\"https:\/\/www.pakamera.pl\/magazyn\/jak-wybrac-okulary-przeciwsloneczne\/#breadcrumb\"},\"inLanguage\":\"pl-PL\",\"potentialAction\":[{\"@type\":\"ReadAction\",\"target\":[\"https:\/\/www.pakamera.pl\/magazyn\/jak-wybrac-okulary-przeciwsloneczne\/\"]}]},{\"@type\":\"BreadcrumbList\",\"@id\":\"https:\/\/www.pakamera.pl\/magazyn\/jak-wybrac-okulary-przeciwsloneczne\/#breadcrumb\",\"itemListElement\":[{\"@type\":\"ListItem\",\"position\":1,\"name\":\"Magazyn\",\"item\":\"https:\/\/www.pakamera.pl\/magazyn\/\"},{\"@type\":\"ListItem\",\"position\":2,\"name\":\"Moda\",\"item\":\"https:\/\/www.pakamera.pl\/magazyn\/category\/moda\/\"},{\"@type\":\"ListItem\",\"position\":3,\"name\":\"Jak wybra\u0107 okulary przeciws\u0142oneczne?\"}]},{\"@type\":\"WebSite\",\"@id\":\"https:\/\/www.pakamera.pl\/magazyn\/#website\",\"url\":\"https:\/\/www.pakamera.pl\/magazyn\/\",\"name\":\"Magazyn Pakamera.pl\",\"description\":\"Sprawd\u017a najgor\u0119tsze tematy sezonu!\",\"publisher\":{\"@id\":\"https:\/\/www.pakamera.pl\/magazyn\/#organization\"},\"potentialAction\":[{\"@type\":\"SearchAction\",\"target\":{\"@type\":\"EntryPoint\",\"urlTemplate\":\"https:\/\/www.pakamera.pl\/magazyn\/?s={search_term_string}\"},\"query-input\":\"required name=search_term_string\"}],\"inLanguage\":\"pl-PL\"},{\"@type\":\"Organization\",\"@id\":\"https:\/\/www.pakamera.pl\/magazyn\/#organization\",\"name\":\"Pakamera.pl\",\"url\":\"https:\/\/www.pakamera.pl\/magazyn\/\",\"logo\":{\"@type\":\"ImageObject\",\"inLanguage\":\"pl-PL\",\"@id\":\"https:\/\/www.pakamera.pl\/magazyn\/#\/schema\/logo\/image\/\",\"url\":\"https:\/\/imgmag.pakamera.net\/2023\/11\/153455466619.png\",\"contentUrl\":\"https:\/\/imgmag.pakamera.net\/2023\/11\/153455466619.png\",\"width\":690,\"height\":140,\"caption\":\"Pakamera.pl\"},\"image\":{\"@id\":\"https:\/\/www.pakamera.pl\/magazyn\/#\/schema\/logo\/image\/\"},\"sameAs\":[\"https:\/\/facebook.com\/pakamerapl\",\"https:\/\/www.instagram.com\/pakamera\/\"]},{\"@type\":\"Person\",\"@id\":\"https:\/\/www.pakamera.pl\/magazyn\/#\/schema\/person\/375940ab821c5af50e1e31f1ec5282b5\",\"name\":\"Magda Strzelecka\",\"description\":\"Magda to nasza stylistka, kt\u00f3ra od ponad 10 lat \u015bci\u015ble zwi\u0105zana jest z mod\u0105. Uwielbia \u015bledzi\u0107 \u015bwiatowe trendy i przek\u0142ada\u0107 je na rynek polski. Kocha dobre sk\u0142ady ubra\u0144, wyj\u0105tkow\u0105 bi\u017cuteri\u0119 i dodatki kt\u00f3re o\u017cywi\u0105 ka\u017cd\u0105 stylizacj\u0119.\"}]}<\/script>\n<!-- \/ Yoast SEO plugin. -->","yoast_head_json":{"title":"Jak wybra\u0107 okulary przeciws\u0142oneczne? - Magazyn Pakamera.pl","description":"Zastanawiasz si\u0119 jak wybra\u0107 okulary przeciws\u0142oneczne aby by\u0142y idealne do twojej twarzy i jednocze\u015bnie dobrze chroni\u0142y przed s\u0142o\u0144cem.","robots":{"index":"index","follow":"follow"},"canonical":"https:\/\/www.pakamera.pl\/magazyn\/jak-wybrac-okulary-przeciwsloneczne\/","og_locale":"pl_PL","og_type":"article","og_title":"Jak wybra\u0107 okulary przeciws\u0142oneczne? - Magazyn Pakamera.pl","og_description":"Zastanawiasz si\u0119 jak wybra\u0107 okulary przeciws\u0142oneczne aby by\u0142y idealne do twojej twarzy i jednocze\u015bnie dobrze chroni\u0142y przed s\u0142o\u0144cem.","og_url":"https:\/\/www.pakamera.pl\/magazyn\/jak-wybrac-okulary-przeciwsloneczne\/","og_site_name":"Magazyn Pakamera.pl","article_publisher":"https:\/\/facebook.com\/pakamerapl","article_published_time":"2024-05-18T09:34:05+00:00","article_modified_time":"2024-05-16T09:47:38+00:00","og_image":[{"width":1600,"height":840,"url":"https:\/\/imgmag.pakamera.net\/2024\/05\/jak-wybrac-okulary-przeciwsloneczne-114228181399.jpg","type":"image\/jpeg"}],"author":"Magda Strzelecka","twitter_card":"summary_large_image","twitter_misc":{"Napisane przez":"Magda Strzelecka","Szacowany czas czytania":"6 minut"},"schema":{"@context":"https:\/\/schema.org","@graph":[{"@type":"Article","@id":"https:\/\/www.pakamera.pl\/magazyn\/jak-wybrac-okulary-przeciwsloneczne\/#article","isPartOf":{"@id":"https:\/\/www.pakamera.pl\/magazyn\/jak-wybrac-okulary-przeciwsloneczne\/"},"author":{"name":"Magda Strzelecka","@id":"https:\/\/www.pakamera.pl\/magazyn\/#\/schema\/person\/375940ab821c5af50e1e31f1ec5282b5"},"headline":"Jak wybra\u0107 okulary przeciws\u0142oneczne?","datePublished":"2024-05-18T09:34:05+00:00","dateModified":"2024-05-16T09:47:38+00:00","mainEntityOfPage":{"@id":"https:\/\/www.pakamera.pl\/magazyn\/jak-wybrac-okulary-przeciwsloneczne\/"},"wordCount":1035,"publisher":{"@id":"https:\/\/www.pakamera.pl\/magazyn\/#organization"},"keywords":["letnie stylizacje","okulary","OKULARY Z LAT 90","oprawki okular\u00f3w","wakacyjne stylizacje"],"articleSection":["Moda"],"inLanguage":"pl-PL"},{"@type":"WebPage","@id":"https:\/\/www.pakamera.pl\/magazyn\/jak-wybrac-okulary-przeciwsloneczne\/","url":"https:\/\/www.pakamera.pl\/magazyn\/jak-wybrac-okulary-przeciwsloneczne\/","name":"Jak wybra\u0107 okulary przeciws\u0142oneczne? - Magazyn Pakamera.pl","isPartOf":{"@id":"https:\/\/www.pakamera.pl\/magazyn\/#website"},"datePublished":"2024-05-18T09:34:05+00:00","dateModified":"2024-05-16T09:47:38+00:00","description":"Zastanawiasz si\u0119 jak wybra\u0107 okulary przeciws\u0142oneczne aby by\u0142y idealne do twojej twarzy i jednocze\u015bnie dobrze chroni\u0142y przed s\u0142o\u0144cem.","breadcrumb":{"@id":"https:\/\/www.pakamera.pl\/magazyn\/jak-wybrac-okulary-przeciwsloneczne\/#breadcrumb"},"inLanguage":"pl-PL","potentialAction":[{"@type":"ReadAction","target":["https:\/\/www.pakamera.pl\/magazyn\/jak-wybrac-okulary-przeciwsloneczne\/"]}]},{"@type":"BreadcrumbList","@id":"https:\/\/www.pakamera.pl\/magazyn\/jak-wybrac-okulary-przeciwsloneczne\/#breadcrumb","itemListElement":[{"@type":"ListItem","position":1,"name":"Magazyn","item":"https:\/\/www.pakamera.pl\/magazyn\/"},{"@type":"ListItem","position":2,"name":"Moda","item":"https:\/\/www.pakamera.pl\/magazyn\/category\/moda\/"},{"@type":"ListItem","position":3,"name":"Jak wybra\u0107 okulary przeciws\u0142oneczne?"}]},{"@type":"WebSite","@id":"https:\/\/www.pakamera.pl\/magazyn\/#website","url":"https:\/\/www.pakamera.pl\/magazyn\/","name":"Magazyn Pakamera.pl","description":"Sprawd\u017a najgor\u0119tsze tematy sezonu!","publisher":{"@id":"https:\/\/www.pakamera.pl\/magazyn\/#organization"},"potentialAction":[{"@type":"SearchAction","target":{"@type":"EntryPoint","urlTemplate":"https:\/\/www.pakamera.pl\/magazyn\/?s={search_term_string}"},"query-input":"required name=search_term_string"}],"inLanguage":"pl-PL"},{"@type":"Organization","@id":"https:\/\/www.pakamera.pl\/magazyn\/#organization","name":"Pakamera.pl","url":"https:\/\/www.pakamera.pl\/magazyn\/","logo":{"@type":"ImageObject","inLanguage":"pl-PL","@id":"https:\/\/www.pakamera.pl\/magazyn\/#\/schema\/logo\/image\/","url":"https:\/\/imgmag.pakamera.net\/2023\/11\/153455466619.png","contentUrl":"https:\/\/imgmag.pakamera.net\/2023\/11\/153455466619.png","width":690,"height":140,"caption":"Pakamera.pl"},"image":{"@id":"https:\/\/www.pakamera.pl\/magazyn\/#\/schema\/logo\/image\/"},"sameAs":["https:\/\/facebook.com\/pakamerapl","https:\/\/www.instagram.com\/pakamera\/"]},{"@type":"Person","@id":"https:\/\/www.pakamera.pl\/magazyn\/#\/schema\/person\/375940ab821c5af50e1e31f1ec5282b5","name":"Magda Strzelecka","description":"Magda to nasza stylistka, kt\u00f3ra od ponad 10 lat \u015bci\u015ble zwi\u0105zana jest z mod\u0105. Uwielbia \u015bledzi\u0107 \u015bwiatowe trendy i przek\u0142ada\u0107 je na rynek polski. Kocha dobre sk\u0142ady ubra\u0144, wyj\u0105tkow\u0105 bi\u017cuteri\u0119 i dodatki kt\u00f3re o\u017cywi\u0105 ka\u017cd\u0105 stylizacj\u0119."}]}},"_links":{"self":[{"href":"https:\/\/www.pakamera.pl\/magazyn\/wp-json\/wp\/v2\/posts\/10690","targetHints":{"allow":["GET"]}}],"collection":[{"href":"https:\/\/www.pakamera.pl\/magazyn\/wp-json\/wp\/v2\/posts"}],"about":[{"href":"https:\/\/www.pakamera.pl\/magazyn\/wp-json\/wp\/v2\/types\/post"}],"author":[{"embeddable":true,"href":"https:\/\/www.pakamera.pl\/magazyn\/wp-json\/wp\/v2\/users\/16"}],"replies":[{"embeddable":true,"href":"https:\/\/www.pakamera.pl\/magazyn\/wp-json\/wp\/v2\/comments?post=10690"}],"version-history":[{"count":3,"href":"https:\/\/www.pakamera.pl\/magazyn\/wp-json\/wp\/v2\/posts\/10690\/revisions"}],"predecessor-version":[{"id":10695,"href":"https:\/\/www.pakamera.pl\/magazyn\/wp-json\/wp\/v2\/posts\/10690\/revisions\/10695"}],"wp:featuredmedia":[{"embeddable":true,"href":"https:\/\/www.pakamera.pl\/magazyn\/wp-json\/wp\/v2\/media\/10693"}],"wp:attachment":[{"href":"https:\/\/www.pakamera.pl\/magazyn\/wp-json\/wp\/v2\/media?parent=10690"}],"wp:term":[{"taxonomy":"category","embeddable":true,"href":"https:\/\/www.pakamera.pl\/magazyn\/wp-json\/wp\/v2\/categories?post=10690"},{"taxonomy":"post_tag","embeddable":true,"href":"https:\/\/www.pakamera.pl\/magazyn\/wp-json\/wp\/v2\/tags?post=10690"}],"curies":[{"name":"wp","href":"https:\/\/api.w.org\/{rel}","templated":true}]}}