{"id":10640,"date":"2024-05-11T15:34:01","date_gmt":"2024-05-11T13:34:01","guid":{"rendered":"https:\/\/www.pakamera.pl\/magazyn\/?p=10640"},"modified":"2024-05-10T16:21:29","modified_gmt":"2024-05-10T14:21:29","slug":"jak-nosic-czapke-z-daszkiem","status":"publish","type":"post","link":"https:\/\/www.pakamera.pl\/magazyn\/jak-nosic-czapke-z-daszkiem\/","title":{"rendered":"Jak nosi\u0107 czapk\u0119 z daszkiem?"},"content":{"rendered":"<p><strong>Zbli\u017caj\u0105 si\u0119 gor\u0105ce dni i czujesz, \u017ce powinna\u015b chroni\u0107 g\u0142ow\u0119 przed szkodliwym promieniowaniem s\u0142onecznym? Sprawd\u017a, jak nosi\u0107 czapk\u0119 z daszkiem z korzy\u015bci\u0105 dla swojego stylu.<\/strong><\/p>\n<p><!--more--><\/p>\n<figure id=\"attachment_10642\" aria-describedby=\"caption-attachment-10642\" style=\"width: 1600px\" class=\"wp-caption alignnone\"><img loading=\"lazy\" decoding=\"async\" class=\"wp-image-10642 size-full\" src=\"https:\/\/imgmag.pakamera.net\/2024\/05\/jak-nosic-czapke-z-daszkiem-161828145641.jpg\" alt=\"Jak nosi\u0107 czapk\u0119 z daszkiem\" width=\"1600\" height=\"840\" \/><figcaption id=\"caption-attachment-10642\" class=\"wp-caption-text\">CZAPKA Z daszkiem \/ dollina \/ www.pakamera.pl<\/figcaption><\/figure>\n<p>Czapka z daszkiem nie jest zarezerwowana jedynie dla looku streetwear. Z powodzeniem mo\u017cesz ubra\u0107 to okrycie g\u0142owy r\u00f3wnie\u017c do codziennych sukienek i wybra\u0107 si\u0119 tak na romantyczn\u0105 randk\u0119 lub kaw\u0119 z przyjaci\u00f3\u0142k\u0105.<\/p>\n<h2>Czapka z daszkiem \u2013 jak j\u0105 stylowo nosi\u0107?<\/h2>\n<p><strong>Czapk\u0119 z daszkiem mo\u017cesz stylowo wkomponowa\u0107 w outfit niezale\u017cnie od pory roku<\/strong>. Je\u015bli pragniesz wygl\u0105da\u0107 nowocze\u015bnie, <strong>do\u0142\u0105cz j\u0105 do codziennych stylizacji \u2013 jeans\u00f3w, T-shirtu z ulubionym nadrukiem, bluzy i trampek<\/strong>. Taki look wygl\u0105da bardzo swobodnie, a nawet nieco sportowo. Okrycie g\u0142owy \u015bwietnie komponuje si\u0119 r\u00f3wnie\u017c z jeansow\u0105 katan\u0105 lub kurtk\u0105 bomberk\u0105.<\/p>\n<p><strong>Czapka z daszkiem wpasowuje si\u0119 r\u00f3wnie\u017c w styl smart casual<\/strong>, je\u015bli po\u0142\u0105czysz j\u0105 z bardziej formalnymi elementami garderoby. <strong>Wybierz czapk\u0119 w stonowanym kolorze, najlepiej czarnym, szarym lub granatowym<\/strong>, a w \u0142atwy spos\u00f3b zestawisz j\u0105 z chinosami lub ciemnymi jeansami i koszulk\u0105 polo. To po\u0142\u0105czenie sprawdzi si\u0119 na weekendowe wyjazdy.<\/p>\n<p><strong>Czapka pasuje \u015bwietnie do koszulowych sukienek, leggins\u00f3w i sportowych szort\u00f3w<\/strong>. Mo\u017cesz te\u017c spr\u00f3bowa\u0107 stworzy\u0107 modn\u0105 obecnie stylizacj\u0119 tennis core \u2013 za\u0142\u00f3\u017c plisowan\u0105 sp\u00f3dniczk\u0119, polo, lekki sweterek wi\u0105zany na ramionach lub kr\u00f3tkie spodenki i skarpetki damskie si\u0119gaj\u0105ce za kostk\u0119.<\/p>\n<div id=\"pakawidget1311\" class=\"pakawidget\"><\/div>\n<p><script async defer src=\"https:\/\/www.pakamera.pl\/widget\/widget2.min.js?id=1311&#038;type=20240510155256&#038;wwidth=1000\"><\/script><\/p>\n<h2>Porady dla ka\u017cdego \u2013 jak dopasowa\u0107 czapk\u0119 z daszkiem<\/h2>\n<p>Jak dobra\u0107 <a href=\"https:\/\/www.pakamera.pl\/czapka-z-daszkiem-0-t15586.htm\" target=\"_blank\" rel=\"noopener\">czapk\u0119 z daszkiem<\/a> do twarzy? <strong>Osoby o okr\u0105g\u0142ej twarzy powinny szuka\u0107 czapek z wy\u017cszym profilem i p\u0142askim daszkiem<\/strong>, poniewa\u017c wyd\u0142u\u017caj\u0105 one optycznie twarz. Je\u015bli masz <strong>kwadratow\u0105 szcz\u0119k\u0119, Twoim sprzymierze\u0144cem b\u0119dzie czapka z zaokr\u0105glonym daszkiem<\/strong>, kt\u00f3ry z\u0142agodzi ostre rysy. Masz owaln\u0105 twarz? B\u0119dziesz wygl\u0105da\u0107 \u015bwietnie w wi\u0119kszo\u015bci modeli.<\/p>\n<p>Na co dzie\u0144 \u015bwietnie sprawdz\u0105 si\u0119 casualowe <a href=\"https:\/\/www.pakamera.pl\/czapki-i-kapelusze-0-1826.htm\" target=\"_blank\" rel=\"noopener\">czapki damskie<\/a> z bawe\u0142ny lub poliestru. <strong>Na wyj\u0105tkowe okazje, ubierz czapk\u0119 wykonan\u0105 z zamszu lub sk\u00f3ry<\/strong>. Wybieraj\u0105c akcesoria, we\u017a pod uwag\u0119 kolory, kt\u00f3re dominuj\u0105 w twojej garderobie. <strong>Czapka w neutralnym kolorze b\u0119dzie pasowa\u0107 do wi\u0119kszo\u015bci stroj\u00f3w<\/strong>. Ju\u017c wiesz, jak dobra\u0107 czapk\u0119 z daszkiem do twarzy? Wybierz sw\u00f3j ulubiony model!<\/p>\n<p>Jaka czapka z daszkiem Ci si\u0119 podoba? Dost\u0119pne s\u0105 m.in.:<\/p>\n<ul>\n<li><strong>czapki typu baseball z szerokim daszkiem<\/strong>, zabudowane lub z zapi\u0119ciem typu snapback,<\/li>\n<li>czapki typu trucker z daszkiem w kszta\u0142cie \u0142uku i siateczk\u0105,<\/li>\n<li><strong>czapki z prostym daszkiem<\/strong>,<\/li>\n<li>czapki army z daszkiem w kszta\u0142cie \u0142uku i sp\u0142aszczon\u0105 g\u00f3r\u0105,<\/li>\n<li><strong>czapki wizjer z otwart\u0105 g\u0142\u00f3wk\u0105 i zakrzywionym daszkiem<\/strong>.<\/li>\n<\/ul>\n<h2>Czapka z daszkiem jako element streetwearu<\/h2>\n<figure id=\"attachment_10643\" aria-describedby=\"caption-attachment-10643\" style=\"width: 1600px\" class=\"wp-caption alignnone\"><img loading=\"lazy\" decoding=\"async\" class=\"wp-image-10643 size-full\" src=\"https:\/\/imgmag.pakamera.net\/2024\/05\/jak-nosic-czapke-z-daszkiem-161919083922.jpg\" alt=\"czarna czapka z daszkiem damska z bia\u0142ym napisem CLASSY AS FUCK\" width=\"1600\" height=\"840\" \/><figcaption id=\"caption-attachment-10643\" class=\"wp-caption-text\">Czarna czapka z daszkiem, z bia\u0142ym napisem CLASSY AS FUCK \/ THECLASSYGIRL \/ www.pakamera.pl<\/figcaption><\/figure>\n<p>Nie ma bardziej ikonicznego elementu streetwearu ni\u017c czapka z daszkiem, kt\u00f3ra kojarzy si\u0119 z prawdziw\u0105 muzyk\u0105 ulicy \u2013 rapem i hip-hopem. Jak nosi\u0107 czapk\u0119 z daszkiem? <strong>Ten dodatek \u015bwietnie pasuje do oversize\u2019owych koszulek, bluz i sneakers\u00f3w<\/strong>, a dodatkowo chroni g\u0142ow\u0119 przed s\u0142o\u0144cem i deszczem.<\/p>\n<p><strong>Czapka z daszkiem ma r\u00f3wnie\u017c nutk\u0119 high fashion<\/strong>. Projektanci Supreme, Off-White i BAPE ch\u0119tnie \u0142\u0105cz\u0105 luksusowe tkaniny i nietypowe wzornictwo z klasycznym kszta\u0142tem czapki z daszkiem, aby stworzy\u0107 niebanalne stylizacje.<\/p>\n<h2>Jak czapka z daszkiem mo\u017ce odmieni\u0107 Tw\u00f3j look?<\/h2>\n<p>Chcesz popracowa\u0107 nad swoim stylem i wygl\u0105da\u0107 bardziej m\u0142odzie\u017cowo? Postaw na czapk\u0119 z daszkiem! <strong>Ten dodatek nieod\u0142\u0105cznie kojarzy si\u0119 ze sportowym stylem \u017cycia i w odpowiedniej oprawie wygl\u0105da nieco buntowniczo<\/strong>. Najprostsza kombinacja \u2013 jasne jeansy i bia\u0142a koszulka \u2013 zyska pazura, je\u015bli uzupe\u0142nisz j\u0105 czapk\u0105 z daszkiem.<\/p>\n<p>Poka\u017c swoj\u0105 to\u017csamo\u015b\u0107 \u2013 wybierz czapk\u0119 z daszkiem podpisan\u0105 nazw\u0105 Twojego ulubionego zespo\u0142u, dru\u017cyny sportowej lub marki odzie\u017cowej. <strong>Akcesorium dodaje nutk\u0119 tajemniczo\u015bci \u2013 zw\u0142aszcza je\u015bli sparujesz go z du\u017cymi okularami przeciws\u0142onecznymi<\/strong>. Ten look uwielbiaj\u0105 celebrytki, m.in. Kendall Jenner i Bella Hadid.<\/p>\n<div id=\"pakawidget1312\" class=\"pakawidget\"><\/div>\n<p><script async defer src=\"https:\/\/www.pakamera.pl\/widget\/widget2.min.js?id=1312&#038;type=20240510155702&#038;wwidth=1000\"><\/script><\/p>\n<h2>Czapka z daszkiem w r\u00f3\u017cnych stylach<\/h2>\n<p>Jak nosi\u0107 czapk\u0119 z daszkiem? Moda istnieje po to, aby\u015b mog\u0142a si\u0119 ni\u0105 bawi\u0107. <strong>Nie b\u00f3j si\u0119 eksperymentowa\u0107 ze stylami \u2013 eklektyzm jest teraz jednym z top trend\u00f3w<\/strong>. Czapk\u0119 z daszkiem mo\u017cesz ubra\u0107 nawet do marynarki czy eleganckiego p\u0142aszcza, aby prze\u0142ama\u0107 ich sztywny wygl\u0105d.<\/p>\n<p>Jaka czapka z daszkiem pasuje do minimalistycznego looku? <strong>Wybierz model w jednolitym kolorze jako dodatek do obcis\u0142ych czarnych jeans\u00f3w, bia\u0142ej bluzki i stylowych botek<\/strong>. Chcesz osi\u0105gn\u0105\u0107 boho vibe? Okrycie ozdobione etnicznymi wzorami po\u0142\u0105cz ze zwiewn\u0105 sukienk\u0105 i sanda\u0142ami na paskach na niskim obcasie. Uzupe\u0142nij stylizacj\u0119 du\u017cymi, kolorowymi kolczykami.<\/p>\n<p>Szukasz swojej nowej czapki z daszkiem? <strong>Przejrzyj modele dost\u0119pne na Pakamera.pl<\/strong>. Przygotowali\u015bmy dla Ciebie r\u00f3\u017cnorodne kszta\u0142ty i kolory dla \u0142atwiejszego wyboru.<\/p>\n","protected":false},"excerpt":{"rendered":"<p>Zbli\u017caj\u0105 si\u0119 gor\u0105ce dni i czujesz, \u017ce powinna\u015b chroni\u0107 g\u0142ow\u0119 przed szkodliwym promieniowaniem s\u0142onecznym? Sprawd\u017a, jak nosi\u0107 czapk\u0119 z daszkiem z korzy\u015bci\u0105 dla swojego stylu.<\/p>\n","protected":false},"author":16,"featured_media":10642,"comment_status":"closed","ping_status":"closed","sticky":false,"template":"","format":"standard","meta":{"footnotes":""},"categories":[3],"tags":[2337,2551,2388,31,2552],"class_list":["post-10640","post","type-post","status-publish","format-standard","has-post-thumbnail","hentry","category-moda","tag-apaszka-jedwabna-na-glowe","tag-czapka-z-daszkiem","tag-letnie-stylizacje","tag-nakrycie-glowy","tag-streetwear"],"yoast_head":"<!-- This site is optimized with the Yoast SEO plugin v21.6 - https:\/\/yoast.com\/wordpress\/plugins\/seo\/ -->\n<title>Jak nosi\u0107 czapk\u0119 z daszkiem? - Magazyn Pakamera.pl<\/title>\n<meta name=\"description\" content=\"Zastanawiasz si\u0119 jak nosi\u0107 czapk\u0119 z daszkiem? Zobacz nasze propozycje kal wystylizowa\u0107 j\u0105 na ka\u017cd\u0105 okazj\u0119 i do ka\u017cdego stroju.\" \/>\n<meta name=\"robots\" content=\"index, follow\" \/>\n<link rel=\"canonical\" href=\"https:\/\/www.pakamera.pl\/magazyn\/jak-nosic-czapke-z-daszkiem\/\" \/>\n<meta property=\"og:locale\" content=\"pl_PL\" \/>\n<meta property=\"og:type\" content=\"article\" \/>\n<meta property=\"og:title\" content=\"Jak nosi\u0107 czapk\u0119 z daszkiem? - Magazyn Pakamera.pl\" \/>\n<meta property=\"og:description\" content=\"Zastanawiasz si\u0119 jak nosi\u0107 czapk\u0119 z daszkiem? Zobacz nasze propozycje kal wystylizowa\u0107 j\u0105 na ka\u017cd\u0105 okazj\u0119 i do ka\u017cdego stroju.\" \/>\n<meta property=\"og:url\" content=\"https:\/\/www.pakamera.pl\/magazyn\/jak-nosic-czapke-z-daszkiem\/\" \/>\n<meta property=\"og:site_name\" content=\"Magazyn Pakamera.pl\" \/>\n<meta property=\"article:publisher\" content=\"https:\/\/facebook.com\/pakamerapl\" \/>\n<meta property=\"article:published_time\" content=\"2024-05-11T13:34:01+00:00\" \/>\n<meta property=\"article:modified_time\" content=\"2024-05-10T14:21:29+00:00\" \/>\n<meta property=\"og:image\" content=\"https:\/\/imgmag.pakamera.net\/2024\/05\/jak-nosic-czapke-z-daszkiem-161828145641.jpg\" \/>\n\t<meta property=\"og:image:width\" content=\"1600\" \/>\n\t<meta property=\"og:image:height\" content=\"840\" \/>\n\t<meta property=\"og:image:type\" content=\"image\/jpeg\" \/>\n<meta name=\"author\" content=\"Magda Strzelecka\" \/>\n<meta name=\"twitter:card\" content=\"summary_large_image\" \/>\n<meta name=\"twitter:label1\" content=\"Napisane przez\" \/>\n\t<meta name=\"twitter:data1\" content=\"Magda Strzelecka\" \/>\n\t<meta name=\"twitter:label2\" content=\"Szacowany czas czytania\" \/>\n\t<meta name=\"twitter:data2\" content=\"5 minut\" \/>\n<script type=\"application\/ld+json\" class=\"yoast-schema-graph\">{\"@context\":\"https:\/\/schema.org\",\"@graph\":[{\"@type\":\"Article\",\"@id\":\"https:\/\/www.pakamera.pl\/magazyn\/jak-nosic-czapke-z-daszkiem\/#article\",\"isPartOf\":{\"@id\":\"https:\/\/www.pakamera.pl\/magazyn\/jak-nosic-czapke-z-daszkiem\/\"},\"author\":{\"name\":\"Magda Strzelecka\",\"@id\":\"https:\/\/www.pakamera.pl\/magazyn\/#\/schema\/person\/375940ab821c5af50e1e31f1ec5282b5\"},\"headline\":\"Jak nosi\u0107 czapk\u0119 z daszkiem?\",\"datePublished\":\"2024-05-11T13:34:01+00:00\",\"dateModified\":\"2024-05-10T14:21:29+00:00\",\"mainEntityOfPage\":{\"@id\":\"https:\/\/www.pakamera.pl\/magazyn\/jak-nosic-czapke-z-daszkiem\/\"},\"wordCount\":816,\"publisher\":{\"@id\":\"https:\/\/www.pakamera.pl\/magazyn\/#organization\"},\"keywords\":[\"apaszka jedwabna na g\u0142ow\u0119\",\"czapka z daszkiem\",\"letnie stylizacje\",\"nakrycie g\u0142owy\",\"streetwear\"],\"articleSection\":[\"Moda\"],\"inLanguage\":\"pl-PL\"},{\"@type\":\"WebPage\",\"@id\":\"https:\/\/www.pakamera.pl\/magazyn\/jak-nosic-czapke-z-daszkiem\/\",\"url\":\"https:\/\/www.pakamera.pl\/magazyn\/jak-nosic-czapke-z-daszkiem\/\",\"name\":\"Jak nosi\u0107 czapk\u0119 z daszkiem? - Magazyn Pakamera.pl\",\"isPartOf\":{\"@id\":\"https:\/\/www.pakamera.pl\/magazyn\/#website\"},\"datePublished\":\"2024-05-11T13:34:01+00:00\",\"dateModified\":\"2024-05-10T14:21:29+00:00\",\"description\":\"Zastanawiasz si\u0119 jak nosi\u0107 czapk\u0119 z daszkiem? Zobacz nasze propozycje kal wystylizowa\u0107 j\u0105 na ka\u017cd\u0105 okazj\u0119 i do ka\u017cdego stroju.\",\"breadcrumb\":{\"@id\":\"https:\/\/www.pakamera.pl\/magazyn\/jak-nosic-czapke-z-daszkiem\/#breadcrumb\"},\"inLanguage\":\"pl-PL\",\"potentialAction\":[{\"@type\":\"ReadAction\",\"target\":[\"https:\/\/www.pakamera.pl\/magazyn\/jak-nosic-czapke-z-daszkiem\/\"]}]},{\"@type\":\"BreadcrumbList\",\"@id\":\"https:\/\/www.pakamera.pl\/magazyn\/jak-nosic-czapke-z-daszkiem\/#breadcrumb\",\"itemListElement\":[{\"@type\":\"ListItem\",\"position\":1,\"name\":\"Magazyn\",\"item\":\"https:\/\/www.pakamera.pl\/magazyn\/\"},{\"@type\":\"ListItem\",\"position\":2,\"name\":\"Moda\",\"item\":\"https:\/\/www.pakamera.pl\/magazyn\/category\/moda\/\"},{\"@type\":\"ListItem\",\"position\":3,\"name\":\"Jak nosi\u0107 czapk\u0119 z daszkiem?\"}]},{\"@type\":\"WebSite\",\"@id\":\"https:\/\/www.pakamera.pl\/magazyn\/#website\",\"url\":\"https:\/\/www.pakamera.pl\/magazyn\/\",\"name\":\"Magazyn Pakamera.pl\",\"description\":\"Sprawd\u017a najgor\u0119tsze tematy sezonu!\",\"publisher\":{\"@id\":\"https:\/\/www.pakamera.pl\/magazyn\/#organization\"},\"potentialAction\":[{\"@type\":\"SearchAction\",\"target\":{\"@type\":\"EntryPoint\",\"urlTemplate\":\"https:\/\/www.pakamera.pl\/magazyn\/?s={search_term_string}\"},\"query-input\":\"required name=search_term_string\"}],\"inLanguage\":\"pl-PL\"},{\"@type\":\"Organization\",\"@id\":\"https:\/\/www.pakamera.pl\/magazyn\/#organization\",\"name\":\"Pakamera.pl\",\"url\":\"https:\/\/www.pakamera.pl\/magazyn\/\",\"logo\":{\"@type\":\"ImageObject\",\"inLanguage\":\"pl-PL\",\"@id\":\"https:\/\/www.pakamera.pl\/magazyn\/#\/schema\/logo\/image\/\",\"url\":\"https:\/\/imgmag.pakamera.net\/2023\/11\/153455466619.png\",\"contentUrl\":\"https:\/\/imgmag.pakamera.net\/2023\/11\/153455466619.png\",\"width\":690,\"height\":140,\"caption\":\"Pakamera.pl\"},\"image\":{\"@id\":\"https:\/\/www.pakamera.pl\/magazyn\/#\/schema\/logo\/image\/\"},\"sameAs\":[\"https:\/\/facebook.com\/pakamerapl\",\"https:\/\/www.instagram.com\/pakamera\/\"]},{\"@type\":\"Person\",\"@id\":\"https:\/\/www.pakamera.pl\/magazyn\/#\/schema\/person\/375940ab821c5af50e1e31f1ec5282b5\",\"name\":\"Magda Strzelecka\",\"description\":\"Magda to nasza stylistka, kt\u00f3ra od ponad 10 lat \u015bci\u015ble zwi\u0105zana jest z mod\u0105. Uwielbia \u015bledzi\u0107 \u015bwiatowe trendy i przek\u0142ada\u0107 je na rynek polski. Kocha dobre sk\u0142ady ubra\u0144, wyj\u0105tkow\u0105 bi\u017cuteri\u0119 i dodatki kt\u00f3re o\u017cywi\u0105 ka\u017cd\u0105 stylizacj\u0119.\"}]}<\/script>\n<!-- \/ Yoast SEO plugin. -->","yoast_head_json":{"title":"Jak nosi\u0107 czapk\u0119 z daszkiem? - Magazyn Pakamera.pl","description":"Zastanawiasz si\u0119 jak nosi\u0107 czapk\u0119 z daszkiem? Zobacz nasze propozycje kal wystylizowa\u0107 j\u0105 na ka\u017cd\u0105 okazj\u0119 i do ka\u017cdego stroju.","robots":{"index":"index","follow":"follow"},"canonical":"https:\/\/www.pakamera.pl\/magazyn\/jak-nosic-czapke-z-daszkiem\/","og_locale":"pl_PL","og_type":"article","og_title":"Jak nosi\u0107 czapk\u0119 z daszkiem? - Magazyn Pakamera.pl","og_description":"Zastanawiasz si\u0119 jak nosi\u0107 czapk\u0119 z daszkiem? Zobacz nasze propozycje kal wystylizowa\u0107 j\u0105 na ka\u017cd\u0105 okazj\u0119 i do ka\u017cdego stroju.","og_url":"https:\/\/www.pakamera.pl\/magazyn\/jak-nosic-czapke-z-daszkiem\/","og_site_name":"Magazyn Pakamera.pl","article_publisher":"https:\/\/facebook.com\/pakamerapl","article_published_time":"2024-05-11T13:34:01+00:00","article_modified_time":"2024-05-10T14:21:29+00:00","og_image":[{"width":1600,"height":840,"url":"https:\/\/imgmag.pakamera.net\/2024\/05\/jak-nosic-czapke-z-daszkiem-161828145641.jpg","type":"image\/jpeg"}],"author":"Magda Strzelecka","twitter_card":"summary_large_image","twitter_misc":{"Napisane przez":"Magda Strzelecka","Szacowany czas czytania":"5 minut"},"schema":{"@context":"https:\/\/schema.org","@graph":[{"@type":"Article","@id":"https:\/\/www.pakamera.pl\/magazyn\/jak-nosic-czapke-z-daszkiem\/#article","isPartOf":{"@id":"https:\/\/www.pakamera.pl\/magazyn\/jak-nosic-czapke-z-daszkiem\/"},"author":{"name":"Magda Strzelecka","@id":"https:\/\/www.pakamera.pl\/magazyn\/#\/schema\/person\/375940ab821c5af50e1e31f1ec5282b5"},"headline":"Jak nosi\u0107 czapk\u0119 z daszkiem?","datePublished":"2024-05-11T13:34:01+00:00","dateModified":"2024-05-10T14:21:29+00:00","mainEntityOfPage":{"@id":"https:\/\/www.pakamera.pl\/magazyn\/jak-nosic-czapke-z-daszkiem\/"},"wordCount":816,"publisher":{"@id":"https:\/\/www.pakamera.pl\/magazyn\/#organization"},"keywords":["apaszka jedwabna na g\u0142ow\u0119","czapka z daszkiem","letnie stylizacje","nakrycie g\u0142owy","streetwear"],"articleSection":["Moda"],"inLanguage":"pl-PL"},{"@type":"WebPage","@id":"https:\/\/www.pakamera.pl\/magazyn\/jak-nosic-czapke-z-daszkiem\/","url":"https:\/\/www.pakamera.pl\/magazyn\/jak-nosic-czapke-z-daszkiem\/","name":"Jak nosi\u0107 czapk\u0119 z daszkiem? - Magazyn Pakamera.pl","isPartOf":{"@id":"https:\/\/www.pakamera.pl\/magazyn\/#website"},"datePublished":"2024-05-11T13:34:01+00:00","dateModified":"2024-05-10T14:21:29+00:00","description":"Zastanawiasz si\u0119 jak nosi\u0107 czapk\u0119 z daszkiem? Zobacz nasze propozycje kal wystylizowa\u0107 j\u0105 na ka\u017cd\u0105 okazj\u0119 i do ka\u017cdego stroju.","breadcrumb":{"@id":"https:\/\/www.pakamera.pl\/magazyn\/jak-nosic-czapke-z-daszkiem\/#breadcrumb"},"inLanguage":"pl-PL","potentialAction":[{"@type":"ReadAction","target":["https:\/\/www.pakamera.pl\/magazyn\/jak-nosic-czapke-z-daszkiem\/"]}]},{"@type":"BreadcrumbList","@id":"https:\/\/www.pakamera.pl\/magazyn\/jak-nosic-czapke-z-daszkiem\/#breadcrumb","itemListElement":[{"@type":"ListItem","position":1,"name":"Magazyn","item":"https:\/\/www.pakamera.pl\/magazyn\/"},{"@type":"ListItem","position":2,"name":"Moda","item":"https:\/\/www.pakamera.pl\/magazyn\/category\/moda\/"},{"@type":"ListItem","position":3,"name":"Jak nosi\u0107 czapk\u0119 z daszkiem?"}]},{"@type":"WebSite","@id":"https:\/\/www.pakamera.pl\/magazyn\/#website","url":"https:\/\/www.pakamera.pl\/magazyn\/","name":"Magazyn Pakamera.pl","description":"Sprawd\u017a najgor\u0119tsze tematy sezonu!","publisher":{"@id":"https:\/\/www.pakamera.pl\/magazyn\/#organization"},"potentialAction":[{"@type":"SearchAction","target":{"@type":"EntryPoint","urlTemplate":"https:\/\/www.pakamera.pl\/magazyn\/?s={search_term_string}"},"query-input":"required name=search_term_string"}],"inLanguage":"pl-PL"},{"@type":"Organization","@id":"https:\/\/www.pakamera.pl\/magazyn\/#organization","name":"Pakamera.pl","url":"https:\/\/www.pakamera.pl\/magazyn\/","logo":{"@type":"ImageObject","inLanguage":"pl-PL","@id":"https:\/\/www.pakamera.pl\/magazyn\/#\/schema\/logo\/image\/","url":"https:\/\/imgmag.pakamera.net\/2023\/11\/153455466619.png","contentUrl":"https:\/\/imgmag.pakamera.net\/2023\/11\/153455466619.png","width":690,"height":140,"caption":"Pakamera.pl"},"image":{"@id":"https:\/\/www.pakamera.pl\/magazyn\/#\/schema\/logo\/image\/"},"sameAs":["https:\/\/facebook.com\/pakamerapl","https:\/\/www.instagram.com\/pakamera\/"]},{"@type":"Person","@id":"https:\/\/www.pakamera.pl\/magazyn\/#\/schema\/person\/375940ab821c5af50e1e31f1ec5282b5","name":"Magda Strzelecka","description":"Magda to nasza stylistka, kt\u00f3ra od ponad 10 lat \u015bci\u015ble zwi\u0105zana jest z mod\u0105. Uwielbia \u015bledzi\u0107 \u015bwiatowe trendy i przek\u0142ada\u0107 je na rynek polski. Kocha dobre sk\u0142ady ubra\u0144, wyj\u0105tkow\u0105 bi\u017cuteri\u0119 i dodatki kt\u00f3re o\u017cywi\u0105 ka\u017cd\u0105 stylizacj\u0119."}]}},"_links":{"self":[{"href":"https:\/\/www.pakamera.pl\/magazyn\/wp-json\/wp\/v2\/posts\/10640","targetHints":{"allow":["GET"]}}],"collection":[{"href":"https:\/\/www.pakamera.pl\/magazyn\/wp-json\/wp\/v2\/posts"}],"about":[{"href":"https:\/\/www.pakamera.pl\/magazyn\/wp-json\/wp\/v2\/types\/post"}],"author":[{"embeddable":true,"href":"https:\/\/www.pakamera.pl\/magazyn\/wp-json\/wp\/v2\/users\/16"}],"replies":[{"embeddable":true,"href":"https:\/\/www.pakamera.pl\/magazyn\/wp-json\/wp\/v2\/comments?post=10640"}],"version-history":[{"count":2,"href":"https:\/\/www.pakamera.pl\/magazyn\/wp-json\/wp\/v2\/posts\/10640\/revisions"}],"predecessor-version":[{"id":10646,"href":"https:\/\/www.pakamera.pl\/magazyn\/wp-json\/wp\/v2\/posts\/10640\/revisions\/10646"}],"wp:featuredmedia":[{"embeddable":true,"href":"https:\/\/www.pakamera.pl\/magazyn\/wp-json\/wp\/v2\/media\/10642"}],"wp:attachment":[{"href":"https:\/\/www.pakamera.pl\/magazyn\/wp-json\/wp\/v2\/media?parent=10640"}],"wp:term":[{"taxonomy":"category","embeddable":true,"href":"https:\/\/www.pakamera.pl\/magazyn\/wp-json\/wp\/v2\/categories?post=10640"},{"taxonomy":"post_tag","embeddable":true,"href":"https:\/\/www.pakamera.pl\/magazyn\/wp-json\/wp\/v2\/tags?post=10640"}],"curies":[{"name":"wp","href":"https:\/\/api.w.org\/{rel}","templated":true}]}}