{"id":10623,"date":"2024-05-10T12:06:21","date_gmt":"2024-05-10T10:06:21","guid":{"rendered":"https:\/\/www.pakamera.pl\/magazyn\/?p=10623"},"modified":"2025-04-03T13:53:40","modified_gmt":"2025-04-03T11:53:40","slug":"modne-torby-plazowe-2024-przeglad","status":"publish","type":"post","link":"https:\/\/www.pakamera.pl\/magazyn\/modne-torby-plazowe-2024-przeglad\/","title":{"rendered":"Modne torby pla\u017cowe 2026 \u2013 przegl\u0105d"},"content":{"rendered":"<p><strong>Torba to idealne uzupe\u0142nienie pla\u017cowej stylizacji. Powinna pasowa\u0107 do bikini, pareo lub sukienki, a dodatkowo musi pomie\u015bci\u0107 wszelkie niezb\u0119dne akcesoria. Jakie trendy obowi\u0105zuj\u0105 w 2026 roku? Zobacz modne torby pla\u017cowe od polskich marek.<\/strong><\/p>\n<p><!--more--><\/p>\n<figure id=\"attachment_10625\" aria-describedby=\"caption-attachment-10625\" style=\"width: 1600px\" class=\"wp-caption alignnone\"><img loading=\"lazy\" decoding=\"async\" class=\"wp-image-10625 size-full\" src=\"https:\/\/imgmag.pakamera.net\/2024\/05\/modne-torby-plazowe-2024-przeglad-125955266659.jpg\" alt=\"Torba - kosz wykonana r\u0119cznie na szyde\u0142ku ze sznurka jutowego\" width=\"1600\" height=\"840\" \/><figcaption id=\"caption-attachment-10625\" class=\"wp-caption-text\">Torba kosz ze sznurka jutowego be\u017cowa \/ knots \/ www.pakamera.pl<\/figcaption><\/figure>\n<h2>Najnowsze trendy w torbach pla\u017cowych na 2026 rok<\/h2>\n<p>Torebka do pracy czy na uczelni\u0119 niekoniecznie sprawdzi si\u0119 na pla\u017cy. Nawet bardzo modne plecione, usztywniane koszyki w letnim wydaniu nie zawsze b\u0119d\u0105 najlepszym rozwi\u0105zaniem, g\u0142\u00f3wnie ze wzgl\u0119du na to, \u017ce maj\u0105 ma\u0142\u0105 pojemno\u015b\u0107.<\/p>\n<p>W trendach pla\u017cowych na 2026 nie ma wi\u0119kszych niespodzianek &#8211; <strong>ogromn\u0105 popularno\u015bci\u0105 ciesz\u0105 si\u0119 s\u0142omiane torby pla\u017cowe, kt\u00f3re kszta\u0142tem przypominaj\u0105 nieco klasyczne shopperki<\/strong>. Jest to absolutny klasyk, kt\u00f3ry ju\u017c od lat widujemy nie tylko nad morzem, ale r\u00f3wnie\u017c na mie\u015bcie! <strong>S\u0105 lekkie, pojemne, a jasny materia\u0142 dobrze zabezpiecza je przed nadmiernym nagrzaniem<\/strong>. Cz\u0119sto wyposa\u017cone s\u0105 r\u00f3wnie\u017c w dodatkow\u0105 kieszonk\u0119, do kt\u00f3rej mo\u017cna z\u0142o\u017cy\u0107 telefon kom\u00f3rkowy albo etui z dokumentami.<\/p>\n<p><strong>Hitem 2026 roku s\u0105 te\u017c dodatki p\u0142\u00f3cienne<\/strong>. O ile sam materia\u0142 nie jest wielkim zaskoczeniem, o tyle <strong>w tym roku bardzo modne b\u0119d\u0105 nietypowe wzory, dzi\u0119ki kt\u00f3rym jeszcze lepiej wyrazimy sw\u00f3j styl<\/strong>. Ju\u017c nie palmy czy s\u0142o\u0144ce, a zindywidualizowane nadruki. <strong>Na pierwszy plan wysuwaj\u0105 si\u0119 tak\u017ce akcesoria w stylu marynistycznym<\/strong>, kt\u00f3re swoim wygl\u0105dem nawi\u0105zuj\u0105 do morza i pla\u017cy. Du\u017c\u0105 <strong>popularno\u015bci\u0105 b\u0119d\u0105 cieszy\u0107 si\u0119 modele przezroczyste<\/strong>, w kt\u00f3rych &#8211; cho\u0107 pomie\u015bcimy wszystko, co potrzebne &#8211; trzeba b\u0119dzie zachowa\u0107 porz\u0105dek!<\/p>\n<div id=\"pakawidget1307\" class=\"pakawidget\"><\/div>\n<p><script async defer src=\"https:\/\/www.pakamera.pl\/widget\/widget2.min.js?id=1307&#038;type=20240508130708&#038;wwidth=1000\"><\/script><\/p>\n<h2>Jak wybra\u0107 idealn\u0105 torb\u0119 pla\u017cow\u0105 na lato?<\/h2>\n<p><strong>Ciekawy design, modny kszta\u0142t &#8211; na te parametry zwracamy szczeg\u00f3ln\u0105 uwag\u0119<\/strong>, wybieraj\u0105c dodatek do bikini. Tymczasem odpowied\u017a na pytanie, jaka najlepsza torba na pla\u017c\u0119 spe\u0142ni nasze wymagania, jest znacznie bardziej z\u0142o\u017cona. Musimy bowiem skupi\u0107 si\u0119 dodatkowo na kwestiach technicznych.<\/p>\n<p><strong>Torba pla\u017cowa nara\u017cona jest na dzia\u0142anie wielu czynnik\u00f3w szkodliwych, takich jak wysoka temperatura, wilgo\u0107 czy piasek<\/strong>. Dobrze wi\u0119c, by by\u0142a wykonana z wytrzyma\u0142ych materia\u0142\u00f3w, zapewniaj\u0105cych jej trwa\u0142o\u015b\u0107. Na wakacjach pod palmami z pewno\u015bci\u0105 nie najlepiej sprawdzaj\u0105 si\u0119 modele wykonane z bawe\u0142ny. Jest to materia\u0142, kt\u00f3ry znajduje szerokie zastosowanie w produkcji ubra\u0144, ale ju\u017c przy dodatkach trzeba zachowa\u0107 wi\u0119ksz\u0105 ostro\u017cno\u015b\u0107. Zdecydowanie lepszym rozwi\u0105zaniem b\u0119dzie <a href=\"https:\/\/www.pakamera.pl\/lniana-torba-0-t37651.htm\" target=\"_blank\" rel=\"noopener\">lniana torba<\/a>. Dobrze sprawdzi si\u0119 te\u017c <a href=\"https:\/\/www.pakamera.pl\/pleciona-torebka-0-t130581.htm\" target=\"_blank\" rel=\"noopener\">torebka pleciona<\/a>. <strong>Kupuj\u0105c odpowiedni dla nas model, zwr\u00f3\u0107my uwag\u0119 na pojemno\u015b\u0107<\/strong>. Musi on pomie\u015bci\u0107:<\/p>\n<ul>\n<li>r\u0119cznik,<\/li>\n<li>krem do opalania,<\/li>\n<li>bielizn\u0119 na zmian\u0119,<\/li>\n<li>ksi\u0105\u017ck\u0119,<\/li>\n<li>przek\u0105ski,<\/li>\n<li>napoje,<\/li>\n<li>dodatkowe akcesoria &#8211; s\u0142uchawki, szczotk\u0119 do w\u0142os\u00f3w, inne kosmetyki ochronne.<\/li>\n<\/ul>\n<p><strong>Je\u015bli wybieraj\u0105c si\u0119 na basen albo nad morze zabierasz ze sob\u0105 naprawd\u0119 spor\u0105 ilo\u015b\u0107 rzeczy, wybierz klasyczn\u0105 shopperk\u0119 w pla\u017cowym wydaniu<\/strong>. Pomie\u015bci ona naprawd\u0119 sporo, a jednocze\u015bnie sprawi, \u017ce b\u0119dziesz wygl\u0105da\u0107 stylowo w ka\u017cdej sytuacji. Oczywi\u015bcie, podobnie jak inne torebki na pla\u017c\u0119, <strong>musi by\u0107 wykonana z odpowiedniego materia\u0142u<\/strong>. Nie ma wi\u0119c mowy o sk\u00f3rze, kt\u00f3ra bardzo szybko si\u0119 nagrzewa, mog\u0105c powodowa\u0107 odparzenia w okolicach ramion. Unikajmy te\u017c modeli wykonanych z materia\u0142\u00f3w syntetycznych, na przyk\u0142ad z poliestru.<\/p>\n<figure id=\"attachment_10624\" aria-describedby=\"caption-attachment-10624\" style=\"width: 1600px\" class=\"wp-caption alignnone\"><img loading=\"lazy\" decoding=\"async\" class=\"wp-image-10624 size-full\" src=\"https:\/\/imgmag.pakamera.net\/2024\/05\/modne-torby-plazowe-2024-przeglad-125951910577.jpg\" alt=\"Modne torby pla\u017cowe 2024\" width=\"1600\" height=\"840\" \/><figcaption id=\"caption-attachment-10624\" class=\"wp-caption-text\">LINEN BAG &#8211; Grafitowa \/ PROUDLY DESIGNED \/ www.pakamera.pl<\/figcaption><\/figure>\n<h2>Top materia\u0142y i wzory w torbach pla\u017cowych 2026 rok<\/h2>\n<p>Torebki na pla\u017ce musz\u0105 wpisywa\u0107 si\u0119 w obowi\u0105zuj\u0105ce trendy, ale jednocze\u015bnie powinny by\u0107 praktyczne. <strong>Zwr\u00f3\u0107my uwag\u0119 na modele wykonane z tkanin wodoodpornych<\/strong>, kt\u00f3re dobrze chroni\u0105 znajduj\u0105ce si\u0119 wewn\u0105trz przedmioty. <strong>Doskona\u0142ym wyborem b\u0119d\u0105 te\u017c lniane dodatki<\/strong>, kt\u00f3re mo\u017cemy r\u00f3wnie\u017c zabra\u0107 ze sob\u0105 na spacer do parku. Ciekaw\u0105 propozycj\u0105 s\u0105 koszyki wykonane z tkaniny bambusowej, kt\u00f3ra jest przyjemna w dotyku, a dodatkowo bardzo wytrzyma\u0142a.<\/p>\n<p><strong>Absolutnym hitem roku 2026, kt\u00f3ry mo\u017ce wywo\u0142a\u0107 niema\u0142e zaskoczenie, jest torebka pla\u017cowa z filcu<\/strong>. Dotychczas nie by\u0142 to popularny materia\u0142 na tego rodzaju akcesoria, ale odpowiednio obrobiony wykazuje du\u017c\u0105 trwa\u0142o\u015b\u0107, a co wi\u0119cej, dost\u0119pny jest on w r\u00f3\u017cnych przykuwaj\u0105cych wzrok kolorach. Nie trzeba te\u017c dodawa\u0107, \u017ce <a href=\"https:\/\/www.pakamera.pl\/magazyn\/torebka-ze-sznurka-idealna-torebka-na-lato-i-nie-tylko\/\" target=\"_blank\" rel=\"noopener\">torba ze sznurka jako idealna torba na lato<\/a> b\u0119dzie \u015bwietnym wyborem na pla\u017c\u0119.<\/p>\n<p>A co w modzie piszczy, je\u015bli chodzi o wzory? <strong>Dominuj\u0105 motywy marynistyczne, a to za spraw\u0105 stylu hampton, kt\u00f3ry powoli wraca do \u0142ask<\/strong>. Trend ten widoczny jest w modzie odzie\u017cowej, ale r\u00f3wnie\u017c wn\u0119trzarskiej. <strong>Du\u017c\u0105 popularno\u015bci\u0105 ciesz\u0105 si\u0119 te\u017c charakterystyczne dla lata motywy kwiatowe<\/strong>. Ma by\u0107 kolorowo i rado\u015bnie, a efekt taki osi\u0105gniemy przy pomocy du\u017cych kwiatowych print\u00f3w.<\/p>\n<p>Modne torby pla\u017cowe <strong>to tak\u017ce modele jednokolorowe<\/strong>, zw\u0142aszcza je\u015bli m\u00f3wimy o tych przezroczystych. Dobrym wyborem b\u0119d\u0105 <strong>barwy neonowe<\/strong>, kt\u00f3re nie tylko przykuwaj\u0105 uwag\u0119, ale r\u00f3wnie\u017c pi\u0119knie prezentuj\u0105 si\u0119 na tle lekkiej i zwiewnej sukienki.<\/p>\n<div id=\"pakawidget1308\" class=\"pakawidget\"><\/div>\n<p><script async defer src=\"https:\/\/www.pakamera.pl\/widget\/widget2.min.js?id=1308&#038;type=20240508131112&#038;wwidth=1000\"><\/script><\/p>\n<h2>Modne torby pla\u017cowe 2026, kt\u00f3re pomieszcz\u0105 wszystko, czego potrzebujesz<\/h2>\n<p>Idealna torba pla\u017cowa jest du\u017ca i pojemna. Nikogo nie dziwi widok kobiet nios\u0105cych na ramieniu wielkie kosze, w kt\u00f3rych pomie\u015bci\u0107 mo\u017cna dos\u0142ownie wszystko, co potrzebne na pla\u017cy, nad jeziorem czy na basenie. <strong>Najlepszym rozwi\u0105zaniem s\u0105 modele zapinane na zamek,<\/strong> jednak uznaniem ciesz\u0105 si\u0119 tak\u017ce te z klipsem. <strong>Torba pla\u017cowa typu worek jest niezwykle pojemna, a to dlatego, \u017ce wykonana zosta\u0142a z elastycznych materia\u0142\u00f3w<\/strong>. Pilnujmy jednak, aby nie by\u0142a wype\u0142niona po brzegi &#8211; w przeciwnym razie nie b\u0119dzie prezentowa\u0107 si\u0119 stylowo i estetycznie.<\/p>\n<p>Je\u015bli szukamy modelu typowo pla\u017cowego, postawmy na motywy marynistyczne. Charakterystyczne s\u0105 oczywi\u015bcie pasy, ale te\u017c kotwice. Je\u017celi zale\u017cy nam na uniwersalnym dodatku, doskona\u0142ym rozwi\u0105zaniem b\u0119dzie <strong>pojemny koszyk z filcu<\/strong>. Si\u0119gnijmy po niego, gdy wybieramy si\u0119 na przeja\u017cd\u017ck\u0119 rowerow\u0105 albo na piknik.<\/p>\n<p><strong>Lato 2026 obfituje w kolory, ale tak\u017ce w stonowane formy<\/strong>, co jest bardzo dobr\u0105 wiadomo\u015bci\u0105 dla kobiet preferuj\u0105cych modny minimalizm. Je\u015bli nie przepadamy za neonowymi barwami ani wyrazistymi wzorami, <strong>mo\u017cemy z powodzeniem wybra\u0107 be\u017cow\u0105 torb\u0119 albo model z delikatnym, kwiatowym printem<\/strong>. B\u0119dzie klasycznie, ale stylowo &#8211; tego rodzaju akcesoria sprawdzaj\u0105 si\u0119 w ka\u017cdym przypadku. Wa\u017cne, aby torba pla\u017cowa pasowa\u0142a do naszego stylu, a wi\u0119c i do bikini czy dodatk\u00f3w, takich jak pareo. Pozwoli to stworzy\u0107 sp\u00f3jn\u0105 stylizacj\u0119, zgodnie z obowi\u0105zuj\u0105cymi trendami.<\/p>\n<p>Skoro wiesz ju\u017c co b\u0119dzie modne tego lata koniecznie zobacz <strong>nowe kolekcje polskich marek w Pakamera.pl.<\/strong><\/p>\n","protected":false},"excerpt":{"rendered":"<p>Torba to idealne uzupe\u0142nienie pla\u017cowej stylizacji. Powinna pasowa\u0107 do bikini, pareo lub sukienki, a dodatkowo musi pomie\u015bci\u0107 wszelkie niezb\u0119dne akcesoria. Jakie trendy obowi\u0105zuj\u0105 w roku? Zobacz modne torby pla\u017cowe od<span class=\"more-dots\">&#8230;<\/span><\/p>\n","protected":false},"author":16,"featured_media":10625,"comment_status":"closed","ping_status":"closed","sticky":false,"template":"","format":"standard","meta":{"footnotes":""},"categories":[3],"tags":[2273,2272],"class_list":["post-10623","post","type-post","status-publish","format-standard","has-post-thumbnail","hentry","category-moda","tag-torba-plazowa-ze-sznurka","tag-torba-robiona-na-szydelku"],"yoast_head":"<!-- This site is optimized with the Yoast SEO plugin v21.6 - https:\/\/yoast.com\/wordpress\/plugins\/seo\/ -->\n<title>Modne torby pla\u017cowe [year] \u2013 przegl\u0105d - Magazyn Pakamera.pl<\/title>\n<meta name=\"description\" content=\"Torba to idealne uzupe\u0142nienie pla\u017cowej stylizacji. Zobacz modne torby pla\u017cowe 2024 a na pewno znajdziesz idealn\u0105 dla siebie.\" \/>\n<meta name=\"robots\" content=\"index, follow\" \/>\n<link rel=\"canonical\" href=\"https:\/\/www.pakamera.pl\/magazyn\/modne-torby-plazowe-2024-przeglad\/\" \/>\n<meta property=\"og:locale\" content=\"pl_PL\" \/>\n<meta property=\"og:type\" content=\"article\" \/>\n<meta property=\"og:title\" content=\"Modne torby pla\u017cowe [year] \u2013 przegl\u0105d - Magazyn Pakamera.pl\" \/>\n<meta property=\"og:description\" content=\"Torba to idealne uzupe\u0142nienie pla\u017cowej stylizacji. Zobacz modne torby pla\u017cowe 2024 a na pewno znajdziesz idealn\u0105 dla siebie.\" \/>\n<meta property=\"og:url\" content=\"https:\/\/www.pakamera.pl\/magazyn\/modne-torby-plazowe-2024-przeglad\/\" \/>\n<meta property=\"og:site_name\" content=\"Magazyn Pakamera.pl\" \/>\n<meta property=\"article:publisher\" content=\"https:\/\/facebook.com\/pakamerapl\" \/>\n<meta property=\"article:published_time\" content=\"2024-05-10T10:06:21+00:00\" \/>\n<meta property=\"article:modified_time\" content=\"2025-04-03T11:53:40+00:00\" \/>\n<meta property=\"og:image\" content=\"https:\/\/imgmag.pakamera.net\/2024\/05\/modne-torby-plazowe-2024-przeglad-125955266659.jpg\" \/>\n\t<meta property=\"og:image:width\" content=\"1600\" \/>\n\t<meta property=\"og:image:height\" content=\"840\" \/>\n\t<meta property=\"og:image:type\" content=\"image\/jpeg\" \/>\n<meta name=\"author\" content=\"Magda Strzelecka\" \/>\n<meta name=\"twitter:card\" content=\"summary_large_image\" \/>\n<meta name=\"twitter:label1\" content=\"Napisane przez\" \/>\n\t<meta name=\"twitter:data1\" content=\"Magda Strzelecka\" \/>\n\t<meta name=\"twitter:label2\" content=\"Szacowany czas czytania\" \/>\n\t<meta name=\"twitter:data2\" content=\"6 minut\" \/>\n<script type=\"application\/ld+json\" class=\"yoast-schema-graph\">{\"@context\":\"https:\/\/schema.org\",\"@graph\":[{\"@type\":\"Article\",\"@id\":\"https:\/\/www.pakamera.pl\/magazyn\/modne-torby-plazowe-2024-przeglad\/#article\",\"isPartOf\":{\"@id\":\"https:\/\/www.pakamera.pl\/magazyn\/modne-torby-plazowe-2024-przeglad\/\"},\"author\":{\"name\":\"Magda Strzelecka\",\"@id\":\"https:\/\/www.pakamera.pl\/magazyn\/#\/schema\/person\/375940ab821c5af50e1e31f1ec5282b5\"},\"headline\":\"Modne torby pla\u017cowe 2026 \u2013 przegl\u0105d\",\"datePublished\":\"2024-05-10T10:06:21+00:00\",\"dateModified\":\"2025-04-03T11:53:40+00:00\",\"mainEntityOfPage\":{\"@id\":\"https:\/\/www.pakamera.pl\/magazyn\/modne-torby-plazowe-2024-przeglad\/\"},\"wordCount\":1129,\"publisher\":{\"@id\":\"https:\/\/www.pakamera.pl\/magazyn\/#organization\"},\"keywords\":[\"torba plazowa ze sznurka\",\"torba robiona na szyde\u0142ku\"],\"articleSection\":[\"Moda\"],\"inLanguage\":\"pl-PL\"},{\"@type\":\"WebPage\",\"@id\":\"https:\/\/www.pakamera.pl\/magazyn\/modne-torby-plazowe-2024-przeglad\/\",\"url\":\"https:\/\/www.pakamera.pl\/magazyn\/modne-torby-plazowe-2024-przeglad\/\",\"name\":\"Modne torby pla\u017cowe [year] \u2013 przegl\u0105d - Magazyn Pakamera.pl\",\"isPartOf\":{\"@id\":\"https:\/\/www.pakamera.pl\/magazyn\/#website\"},\"datePublished\":\"2024-05-10T10:06:21+00:00\",\"dateModified\":\"2025-04-03T11:53:40+00:00\",\"description\":\"Torba to idealne uzupe\u0142nienie pla\u017cowej stylizacji. Zobacz modne torby pla\u017cowe 2024 a na pewno znajdziesz idealn\u0105 dla siebie.\",\"breadcrumb\":{\"@id\":\"https:\/\/www.pakamera.pl\/magazyn\/modne-torby-plazowe-2024-przeglad\/#breadcrumb\"},\"inLanguage\":\"pl-PL\",\"potentialAction\":[{\"@type\":\"ReadAction\",\"target\":[\"https:\/\/www.pakamera.pl\/magazyn\/modne-torby-plazowe-2024-przeglad\/\"]}]},{\"@type\":\"BreadcrumbList\",\"@id\":\"https:\/\/www.pakamera.pl\/magazyn\/modne-torby-plazowe-2024-przeglad\/#breadcrumb\",\"itemListElement\":[{\"@type\":\"ListItem\",\"position\":1,\"name\":\"Magazyn\",\"item\":\"https:\/\/www.pakamera.pl\/magazyn\/\"},{\"@type\":\"ListItem\",\"position\":2,\"name\":\"Moda\",\"item\":\"https:\/\/www.pakamera.pl\/magazyn\/category\/moda\/\"},{\"@type\":\"ListItem\",\"position\":3,\"name\":\"Modne torby pla\u017cowe 2025 \u2013 przegl\u0105d\"}]},{\"@type\":\"WebSite\",\"@id\":\"https:\/\/www.pakamera.pl\/magazyn\/#website\",\"url\":\"https:\/\/www.pakamera.pl\/magazyn\/\",\"name\":\"Magazyn Pakamera.pl\",\"description\":\"Sprawd\u017a najgor\u0119tsze tematy sezonu!\",\"publisher\":{\"@id\":\"https:\/\/www.pakamera.pl\/magazyn\/#organization\"},\"potentialAction\":[{\"@type\":\"SearchAction\",\"target\":{\"@type\":\"EntryPoint\",\"urlTemplate\":\"https:\/\/www.pakamera.pl\/magazyn\/?s={search_term_string}\"},\"query-input\":\"required name=search_term_string\"}],\"inLanguage\":\"pl-PL\"},{\"@type\":\"Organization\",\"@id\":\"https:\/\/www.pakamera.pl\/magazyn\/#organization\",\"name\":\"Pakamera.pl\",\"url\":\"https:\/\/www.pakamera.pl\/magazyn\/\",\"logo\":{\"@type\":\"ImageObject\",\"inLanguage\":\"pl-PL\",\"@id\":\"https:\/\/www.pakamera.pl\/magazyn\/#\/schema\/logo\/image\/\",\"url\":\"https:\/\/imgmag.pakamera.net\/2023\/11\/153455466619.png\",\"contentUrl\":\"https:\/\/imgmag.pakamera.net\/2023\/11\/153455466619.png\",\"width\":690,\"height\":140,\"caption\":\"Pakamera.pl\"},\"image\":{\"@id\":\"https:\/\/www.pakamera.pl\/magazyn\/#\/schema\/logo\/image\/\"},\"sameAs\":[\"https:\/\/facebook.com\/pakamerapl\",\"https:\/\/www.instagram.com\/pakamera\/\"]},{\"@type\":\"Person\",\"@id\":\"https:\/\/www.pakamera.pl\/magazyn\/#\/schema\/person\/375940ab821c5af50e1e31f1ec5282b5\",\"name\":\"Magda Strzelecka\",\"description\":\"Magda to nasza stylistka, kt\u00f3ra od ponad 10 lat \u015bci\u015ble zwi\u0105zana jest z mod\u0105. Uwielbia \u015bledzi\u0107 \u015bwiatowe trendy i przek\u0142ada\u0107 je na rynek polski. Kocha dobre sk\u0142ady ubra\u0144, wyj\u0105tkow\u0105 bi\u017cuteri\u0119 i dodatki kt\u00f3re o\u017cywi\u0105 ka\u017cd\u0105 stylizacj\u0119.\"}]}<\/script>\n<!-- \/ Yoast SEO plugin. -->","yoast_head_json":{"title":"Modne torby pla\u017cowe [year] \u2013 przegl\u0105d - Magazyn Pakamera.pl","description":"Torba to idealne uzupe\u0142nienie pla\u017cowej stylizacji. Zobacz modne torby pla\u017cowe 2024 a na pewno znajdziesz idealn\u0105 dla siebie.","robots":{"index":"index","follow":"follow"},"canonical":"https:\/\/www.pakamera.pl\/magazyn\/modne-torby-plazowe-2024-przeglad\/","og_locale":"pl_PL","og_type":"article","og_title":"Modne torby pla\u017cowe [year] \u2013 przegl\u0105d - Magazyn Pakamera.pl","og_description":"Torba to idealne uzupe\u0142nienie pla\u017cowej stylizacji. Zobacz modne torby pla\u017cowe 2024 a na pewno znajdziesz idealn\u0105 dla siebie.","og_url":"https:\/\/www.pakamera.pl\/magazyn\/modne-torby-plazowe-2024-przeglad\/","og_site_name":"Magazyn Pakamera.pl","article_publisher":"https:\/\/facebook.com\/pakamerapl","article_published_time":"2024-05-10T10:06:21+00:00","article_modified_time":"2025-04-03T11:53:40+00:00","og_image":[{"width":1600,"height":840,"url":"https:\/\/imgmag.pakamera.net\/2024\/05\/modne-torby-plazowe-2024-przeglad-125955266659.jpg","type":"image\/jpeg"}],"author":"Magda Strzelecka","twitter_card":"summary_large_image","twitter_misc":{"Napisane przez":"Magda Strzelecka","Szacowany czas czytania":"6 minut"},"schema":{"@context":"https:\/\/schema.org","@graph":[{"@type":"Article","@id":"https:\/\/www.pakamera.pl\/magazyn\/modne-torby-plazowe-2024-przeglad\/#article","isPartOf":{"@id":"https:\/\/www.pakamera.pl\/magazyn\/modne-torby-plazowe-2024-przeglad\/"},"author":{"name":"Magda Strzelecka","@id":"https:\/\/www.pakamera.pl\/magazyn\/#\/schema\/person\/375940ab821c5af50e1e31f1ec5282b5"},"headline":"Modne torby pla\u017cowe 2026 \u2013 przegl\u0105d","datePublished":"2024-05-10T10:06:21+00:00","dateModified":"2025-04-03T11:53:40+00:00","mainEntityOfPage":{"@id":"https:\/\/www.pakamera.pl\/magazyn\/modne-torby-plazowe-2024-przeglad\/"},"wordCount":1129,"publisher":{"@id":"https:\/\/www.pakamera.pl\/magazyn\/#organization"},"keywords":["torba plazowa ze sznurka","torba robiona na szyde\u0142ku"],"articleSection":["Moda"],"inLanguage":"pl-PL"},{"@type":"WebPage","@id":"https:\/\/www.pakamera.pl\/magazyn\/modne-torby-plazowe-2024-przeglad\/","url":"https:\/\/www.pakamera.pl\/magazyn\/modne-torby-plazowe-2024-przeglad\/","name":"Modne torby pla\u017cowe [year] \u2013 przegl\u0105d - Magazyn Pakamera.pl","isPartOf":{"@id":"https:\/\/www.pakamera.pl\/magazyn\/#website"},"datePublished":"2024-05-10T10:06:21+00:00","dateModified":"2025-04-03T11:53:40+00:00","description":"Torba to idealne uzupe\u0142nienie pla\u017cowej stylizacji. Zobacz modne torby pla\u017cowe 2024 a na pewno znajdziesz idealn\u0105 dla siebie.","breadcrumb":{"@id":"https:\/\/www.pakamera.pl\/magazyn\/modne-torby-plazowe-2024-przeglad\/#breadcrumb"},"inLanguage":"pl-PL","potentialAction":[{"@type":"ReadAction","target":["https:\/\/www.pakamera.pl\/magazyn\/modne-torby-plazowe-2024-przeglad\/"]}]},{"@type":"BreadcrumbList","@id":"https:\/\/www.pakamera.pl\/magazyn\/modne-torby-plazowe-2024-przeglad\/#breadcrumb","itemListElement":[{"@type":"ListItem","position":1,"name":"Magazyn","item":"https:\/\/www.pakamera.pl\/magazyn\/"},{"@type":"ListItem","position":2,"name":"Moda","item":"https:\/\/www.pakamera.pl\/magazyn\/category\/moda\/"},{"@type":"ListItem","position":3,"name":"Modne torby pla\u017cowe 2025 \u2013 przegl\u0105d"}]},{"@type":"WebSite","@id":"https:\/\/www.pakamera.pl\/magazyn\/#website","url":"https:\/\/www.pakamera.pl\/magazyn\/","name":"Magazyn Pakamera.pl","description":"Sprawd\u017a najgor\u0119tsze tematy sezonu!","publisher":{"@id":"https:\/\/www.pakamera.pl\/magazyn\/#organization"},"potentialAction":[{"@type":"SearchAction","target":{"@type":"EntryPoint","urlTemplate":"https:\/\/www.pakamera.pl\/magazyn\/?s={search_term_string}"},"query-input":"required name=search_term_string"}],"inLanguage":"pl-PL"},{"@type":"Organization","@id":"https:\/\/www.pakamera.pl\/magazyn\/#organization","name":"Pakamera.pl","url":"https:\/\/www.pakamera.pl\/magazyn\/","logo":{"@type":"ImageObject","inLanguage":"pl-PL","@id":"https:\/\/www.pakamera.pl\/magazyn\/#\/schema\/logo\/image\/","url":"https:\/\/imgmag.pakamera.net\/2023\/11\/153455466619.png","contentUrl":"https:\/\/imgmag.pakamera.net\/2023\/11\/153455466619.png","width":690,"height":140,"caption":"Pakamera.pl"},"image":{"@id":"https:\/\/www.pakamera.pl\/magazyn\/#\/schema\/logo\/image\/"},"sameAs":["https:\/\/facebook.com\/pakamerapl","https:\/\/www.instagram.com\/pakamera\/"]},{"@type":"Person","@id":"https:\/\/www.pakamera.pl\/magazyn\/#\/schema\/person\/375940ab821c5af50e1e31f1ec5282b5","name":"Magda Strzelecka","description":"Magda to nasza stylistka, kt\u00f3ra od ponad 10 lat \u015bci\u015ble zwi\u0105zana jest z mod\u0105. Uwielbia \u015bledzi\u0107 \u015bwiatowe trendy i przek\u0142ada\u0107 je na rynek polski. Kocha dobre sk\u0142ady ubra\u0144, wyj\u0105tkow\u0105 bi\u017cuteri\u0119 i dodatki kt\u00f3re o\u017cywi\u0105 ka\u017cd\u0105 stylizacj\u0119."}]}},"_links":{"self":[{"href":"https:\/\/www.pakamera.pl\/magazyn\/wp-json\/wp\/v2\/posts\/10623","targetHints":{"allow":["GET"]}}],"collection":[{"href":"https:\/\/www.pakamera.pl\/magazyn\/wp-json\/wp\/v2\/posts"}],"about":[{"href":"https:\/\/www.pakamera.pl\/magazyn\/wp-json\/wp\/v2\/types\/post"}],"author":[{"embeddable":true,"href":"https:\/\/www.pakamera.pl\/magazyn\/wp-json\/wp\/v2\/users\/16"}],"replies":[{"embeddable":true,"href":"https:\/\/www.pakamera.pl\/magazyn\/wp-json\/wp\/v2\/comments?post=10623"}],"version-history":[{"count":3,"href":"https:\/\/www.pakamera.pl\/magazyn\/wp-json\/wp\/v2\/posts\/10623\/revisions"}],"predecessor-version":[{"id":13151,"href":"https:\/\/www.pakamera.pl\/magazyn\/wp-json\/wp\/v2\/posts\/10623\/revisions\/13151"}],"wp:featuredmedia":[{"embeddable":true,"href":"https:\/\/www.pakamera.pl\/magazyn\/wp-json\/wp\/v2\/media\/10625"}],"wp:attachment":[{"href":"https:\/\/www.pakamera.pl\/magazyn\/wp-json\/wp\/v2\/media?parent=10623"}],"wp:term":[{"taxonomy":"category","embeddable":true,"href":"https:\/\/www.pakamera.pl\/magazyn\/wp-json\/wp\/v2\/categories?post=10623"},{"taxonomy":"post_tag","embeddable":true,"href":"https:\/\/www.pakamera.pl\/magazyn\/wp-json\/wp\/v2\/tags?post=10623"}],"curies":[{"name":"wp","href":"https:\/\/api.w.org\/{rel}","templated":true}]}}