{"id":10527,"date":"2024-04-30T11:52:45","date_gmt":"2024-04-30T09:52:45","guid":{"rendered":"https:\/\/www.pakamera.pl\/magazyn\/?p=10527"},"modified":"2024-05-23T15:24:41","modified_gmt":"2024-05-23T13:24:41","slug":"jakie-kolczyki-pasuja-do-okraglej-twarzy","status":"publish","type":"post","link":"https:\/\/www.pakamera.pl\/magazyn\/jakie-kolczyki-pasuja-do-okraglej-twarzy\/","title":{"rendered":"Jakie kolczyki pasuj\u0105 do okr\u0105g\u0142ej twarzy?"},"content":{"rendered":"<p><strong>Jak podkre\u015bli\u0107 atuty okr\u0105g\u0142ej twarzy? To pytanie gn\u0119bi wiele naszych czytelniczek. Wyb\u00f3r odpowiedniej bi\u017cuterii mo\u017ce naprawd\u0119 zdzia\u0142a\u0107 cuda, komplementuj\u0105c Twoj\u0105 urod\u0119 i dodaj\u0105c charakteru stylizacji.<\/strong><\/p>\n<p><!--more--><\/p>\n<figure id=\"attachment_10535\" aria-describedby=\"caption-attachment-10535\" style=\"width: 1600px\" class=\"wp-caption alignnone\"><img loading=\"lazy\" decoding=\"async\" class=\"wp-image-10535 size-full\" src=\"https:\/\/imgmag.pakamera.net\/2024\/04\/jakie-kolczyki-pasuja-do-okraglej-twarzy-115258861560.jpg\" alt=\"Jakie kolczyki pasuj\u0105 do okr\u0105g\u0142ej twarzy\" width=\"1600\" height=\"840\" \/><figcaption id=\"caption-attachment-10535\" class=\"wp-caption-text\">Kolczyki SILK 3 \/ POLA ZAG \/ www.pakamera.pl<\/figcaption><\/figure>\n<p>Lubisz srebrne kolczyki? A mo\u017ce cz\u0119\u015bciej si\u0119gasz po kolczyki wisz\u0105ce? Podpowiemy Ci, <strong>jak dobra\u0107 kolczyki do okr\u0105g\u0142ej twarzy, unikaj\u0105c przy tym modowych wpadek<\/strong>. Zesp\u00f3\u0142 naszych stylist\u00f3w przygotowa\u0142 poni\u017cszy zestaw porad, aby\u015b zawsze wiedzia\u0142a, po jakie dodatki si\u0119gn\u0105\u0107.<\/p>\n<h2>Wyb\u00f3r kolczyk\u00f3w dla okr\u0105g\u0142ej twarzy \u2013 podkre\u015bl swoje atuty<\/h2>\n<p>Wyb\u00f3r odpowiedniej bi\u017cuterii uwypukli Twoje atuty i podkre\u015bli naturalne pi\u0119kno. Kolczyki nie tylko dodaj\u0105 charakteru Twojemu wygl\u0105dowi, ale tak\u017ce <strong>subtelnie r\u00f3wnowa\u017c\u0105 proporcje<\/strong>. <strong>Wyd\u0142u\u017caj\u0105 optycznie twarz<\/strong> i nadaj\u0105 jej wyra\u017aniejszych kontur\u00f3w.<\/p>\n<p>Odpowiednio dobrana bi\u017cuteria mo\u017ce by\u0107 niezwykle <strong>efektywnym narz\u0119dziem w kreowaniu po\u017c\u0105danego wizerunku<\/strong>. Poznaj najnowsze trendy w \u015bwiecie kolczyk\u00f3w i odkryj, jak pokaza\u0107 swoj\u0105 okr\u0105g\u0142\u0105 twarz w najlepszym \u015bwietle.<\/p>\n<p><a href=\"https:\/\/www.pakamera.pl\/magazyn\/kolczyki-do-ksztaltu-twarzy-podpowiadamy-jakie-beda-idealne-dla-ciebie\/\" target=\"_blank\" rel=\"noopener\">Kolczyki dobrane do kszta\u0142tu twarzy<\/a> dzia\u0142aj\u0105 cuda. Je\u015bli jeste\u015b osob\u0105 z okr\u0105g\u0142\u0105 twarz\u0105, <strong>wybierz modele, kt\u00f3re b\u0119d\u0105 subtelnie wyd\u0142u\u017ca\u0107 i wysmukla\u0107<\/strong> jej kontury.<\/p>\n<div id=\"pakawidget1287\" class=\"pakawidget\"><\/div>\n<p><script async defer src=\"https:\/\/www.pakamera.pl\/widget\/widget2.min.js?id=1287&#038;type=20240425101614&#038;wwidth=1000\"><\/script><\/p>\n<h2>Kolczyki, kt\u00f3re wysmuklaj\u0105 okr\u0105g\u0142\u0105 twarz<\/h2>\n<p>Je\u015bli Twoja twarz ma kszta\u0142t okr\u0105g\u0142y, wybierz <strong>kolczyki, kt\u00f3re pomog\u0105 z\u0142ama\u0107 \u0142agodne linie i nadadz\u0105 definicji rysom<\/strong>. Zdecyduj si\u0119 na <a href=\"https:\/\/www.pakamera.pl\/kolczyki-wiszace-0-t26616.htm\" target=\"_blank\" rel=\"noopener\">kolczyki wisz\u0105ce<\/a> lub <strong>zwisaj\u0105ce<\/strong> \u2013 b\u0119d\u0105 delikatnie wyd\u0142u\u017ca\u0107 twarz. Doskona\u0142ym wyborem b\u0119d\u0105 te pionowe. Optycznie wyd\u0142u\u017c\u0105 kszta\u0142t ko\u015bci \u017cuchwy.<\/p>\n<h2>Style kolczyk\u00f3w idealne dla okr\u0105g\u0142ej twarzy<\/h2>\n<p><strong>Kolczyki geometryczne, takie jak tr\u00f3jk\u0105ty, prostok\u0105ty czy kszta\u0142ty o ostrych liniach<\/strong>, \u015bwietnie kontrastuj\u0105 z kr\u0105g\u0142o\u015bci\u0105 i subtelno\u015bci\u0105 twarzy. Dodaj\u0105 jej tym sposobem wyrazisto\u015bci. S\u0105 te\u017c ciekawym i przyci\u0105gaj\u0105cym wzrok dodatkiem.<\/p>\n<p>Je\u015bli wolisz bardziej klasyczny styl, wybierz delikatne <a href=\"https:\/\/www.pakamera.pl\/kolczyki-srebrne-0-3035.htm\" target=\"_blank\" rel=\"noopener\">srebrne kolczyki<\/a> w <strong>formie kulek lub pere\u0142ek<\/strong>. B\u0119dzie to bardziej odpowiednia bi\u017cuteria do sukienki w kwiaty. Zwr\u00f3\u0107 uwag\u0119 na kolory i wzory \u2013 <strong>jasne odcienie oraz mocne formy mog\u0105 optycznie wyszczupli\u0107 twarz<\/strong>.<\/p>\n<figure id=\"attachment_10534\" aria-describedby=\"caption-attachment-10534\" style=\"width: 1600px\" class=\"wp-caption alignnone\"><img loading=\"lazy\" decoding=\"async\" class=\"wp-image-10534 size-full\" src=\"https:\/\/imgmag.pakamera.net\/2024\/04\/jakie-kolczyki-pasuja-do-okraglej-twarzy-115257817238.jpg\" alt=\"geometryczne kolczyki do okr\u0105g\u0142ej twarzy\" width=\"1600\" height=\"840\" \/><figcaption id=\"caption-attachment-10534\" class=\"wp-caption-text\">Oryginalne kolczyki Stripes \/ Hellaclay \/ www.pakamera.pl<\/figcaption><\/figure>\n<h2>Jakich kolczyk\u00f3w unika\u0107 przy okr\u0105g\u0142ej twarzy?<\/h2>\n<p>Skoro wiesz ju\u017c jakie kolczyki pasuj\u0105 do okr\u0105g\u0142ej twarzy, powinna\u015b wiedzie\u0107 te\u017c, od czego stroni\u0107. <strong>Nale\u017cy unika\u0107 szerokich, okr\u0105g\u0142ych kolczyk\u00f3w<\/strong>, kt\u00f3re tylko dodatkowo zaokr\u0105glaj\u0105 kontur twarzy. B\u0119d\u0105 one <a href=\"https:\/\/www.pakamera.pl\/magazyn\/jakie-kolczyki-pasuja-do-kwadratowej-twarzy\/\" target=\"_blank\" rel=\"noopener\">idealnym wyborem jako kolczyki do kwadratowej twarzy<\/a>.<\/p>\n<p><strong>Omijaj r\u00f3wnie\u017c bardzo wyrazistych, du\u017cych i barwnych kolczyk\u00f3w<\/strong>. Mog\u0105 one przyt\u0142acza\u0107 delikatny kontur owalnej buzi. Unikaj <strong>zbyt du\u017cych lub zbyt ma\u0142ych kolczyk\u00f3w<\/strong>. Zbyt du\u017ce mog\u0105 przyt\u0142oczy\u0107 twarz, podczas gdy zbyt ma\u0142e mog\u0105 by\u0107 niewidoczne. <strong>Wybierz rozmiar proporcjonalny do swojej twarzy<\/strong>.<\/p>\n<h2>Jak dopasowa\u0107 kolczyki do okr\u0105g\u0142ej twarzy i rodzaju urody?<\/h2>\n<p>Dobieraj\u0105c kolczyki do okr\u0105g\u0142ej twarzy, wa\u017cne jest uwzgl\u0119dnienie indywidualnego rodzaju urody. Je\u015bli masz <strong>okr\u0105g\u0142\u0105 twarz o subtelnych rysach, postaw na kolczyki o eleganckich, subtelnych detalach<\/strong>. Podkre\u015bl\u0105 one naturaln\u0105 delikatno\u015b\u0107.<\/p>\n<p>Je\u015bli natomiast Twoja buzia jest okr\u0105g\u0142a, ale o<strong> bardziej wyrazistych cechach, zdecyduj si\u0119 na kolczyki mocniejsze i zwracaj\u0105ce uwag\u0119<\/strong>. Dodadz\u0105 one charakteru wygl\u0105dowi.<\/p>\n<p>Niezale\u017cnie od tego, czy preferujesz klasyk\u0119, czy odwa\u017cne, nowoczesne wzory, pami\u0119taj, \u017ce <strong>kolczyki powinny by\u0107 dope\u0142nieniem Twojego wygl\u0105du<\/strong>. Dopasowanie bi\u017cuterii do osobistego rodzaju urody to klucz do osi\u0105gni\u0119cia harmonijnego efektu.<\/p>\n<div id=\"pakawidget1288\" class=\"pakawidget\"><\/div>\n<p><script async defer src=\"https:\/\/www.pakamera.pl\/widget\/widget2.min.js?id=1288&#038;type=20240425101949&#038;wwidth=1000\"><\/script><\/p>\n<h2>Inspiracje i pomys\u0142y na kolczyki dla okr\u0105g\u0142ej twarzy<\/h2>\n<p>Je\u015bli zastanawiasz si\u0119 nad pomys\u0142em na kolczyki idealnie pasuj\u0105ce do Twojej okr\u0105g\u0142ej twarzy, nie musisz daleko szuka\u0107. Mo\u017cesz zaczerpn\u0105\u0107 inspiracj\u0119 od znanych osobisto\u015bci! Wiele gwiazd czerwonego dywanu Hollywood czy te\u017c muzyki ma ten w\u0142a\u015bnie typ urody. A co wi\u0119cej potrafi\u0105 wybiera\u0107 kolczyki, kt\u00f3re podkre\u015blaj\u0105 ich atuty i dodaj\u0105 charakteru.<\/p>\n<p><strong>Emma Stone<\/strong> cz\u0119sto eksperymentuje z r\u00f3\u017cnymi stylami kolczyk\u00f3w, ale najcz\u0119\u015bciej wybiera te <strong>geometryczne lub w kszta\u0142cie smuk\u0142ych listk\u00f3w<\/strong>, kt\u00f3re pomagaj\u0105 wysmukli\u0107 jej okr\u0105g\u0142\u0105 twarz. Z kolei <strong>Selena Gomez<\/strong> nosi <strong>kolczyki w formie kropek albo delikatnych wisz\u0105cych modeli<\/strong>, podkre\u015blaj\u0105cych jej subtelne rysy twarzy.<\/p>\n<p>Teraz wiesz ju\u017c, jak wybra\u0107 bi\u017cuteri\u0119, kt\u00f3ra b\u0119dzie stanowi\u0107 dope\u0142nienie ka\u017cdej Twojej stylizacji. Dobieraj\u0105c kolczyki, <strong>eksperymentuj z r\u00f3\u017cnymi stylami i kszta\u0142tami<\/strong>, aby odkry\u0107 te, kt\u00f3re najlepiej pasuj\u0105 do Twojego wygl\u0105du i osobowo\u015bci. Niech <strong>bi\u017cuteria stanie si\u0119 codziennym akcentem<\/strong>, kt\u00f3ry doda Ci pewno\u015bci siebie i pomo\u017ce wyrazi\u0107 Tw\u00f3j unikalny styl.<\/p>\n<p><strong>Kolczyki do okr\u0105g\u0142ej twarzy i inne akcesoria znajdziesz na Pakamera.pl<\/strong>. Zajrzyj tam i znajd\u017a co\u015b dla siebie.<\/p>\n","protected":false},"excerpt":{"rendered":"<p>Jak podkre\u015bli\u0107 atuty okr\u0105g\u0142ej twarzy? To pytanie gn\u0119bi wiele naszych czytelniczek. Wyb\u00f3r odpowiedniej bi\u017cuterii mo\u017ce naprawd\u0119 zdzia\u0142a\u0107 cuda, komplementuj\u0105c Twoj\u0105 urod\u0119 i dodaj\u0105c charakteru stylizacji.<\/p>\n","protected":false},"author":16,"featured_media":10535,"comment_status":"closed","ping_status":"closed","sticky":false,"template":"","format":"standard","meta":{"footnotes":""},"categories":[3],"tags":[2535,2534,109,2284,2536],"class_list":["post-10527","post","type-post","status-publish","format-standard","has-post-thumbnail","hentry","category-moda","tag-geometryczne-kolczyki","tag-jak-dobrac-kolczyki","tag-kolczyki","tag-kolczyki-wiszace","tag-okragla-twarz"],"yoast_head":"<!-- This site is optimized with the Yoast SEO plugin v21.6 - https:\/\/yoast.com\/wordpress\/plugins\/seo\/ -->\n<title>Jakie kolczyki pasuj\u0105 do okr\u0105g\u0142ej twarzy? - Magazyn Pakamera.pl<\/title>\n<meta name=\"description\" content=\"Zastanawiasz si\u0119 jakie kolczyki pasuj\u0105 do okr\u0105g\u0142ej twarzy. Zobacz nasze podpowiedzi jak dobra\u0107 dodatki do tego typu urody.\" \/>\n<meta name=\"robots\" content=\"index, follow\" \/>\n<link rel=\"canonical\" href=\"https:\/\/www.pakamera.pl\/magazyn\/jakie-kolczyki-pasuja-do-okraglej-twarzy\/\" \/>\n<meta property=\"og:locale\" content=\"pl_PL\" \/>\n<meta property=\"og:type\" content=\"article\" \/>\n<meta property=\"og:title\" content=\"Jakie kolczyki pasuj\u0105 do okr\u0105g\u0142ej twarzy? - Magazyn Pakamera.pl\" \/>\n<meta property=\"og:description\" content=\"Zastanawiasz si\u0119 jakie kolczyki pasuj\u0105 do okr\u0105g\u0142ej twarzy. Zobacz nasze podpowiedzi jak dobra\u0107 dodatki do tego typu urody.\" \/>\n<meta property=\"og:url\" content=\"https:\/\/www.pakamera.pl\/magazyn\/jakie-kolczyki-pasuja-do-okraglej-twarzy\/\" \/>\n<meta property=\"og:site_name\" content=\"Magazyn Pakamera.pl\" \/>\n<meta property=\"article:publisher\" content=\"https:\/\/facebook.com\/pakamerapl\" \/>\n<meta property=\"article:published_time\" content=\"2024-04-30T09:52:45+00:00\" \/>\n<meta property=\"article:modified_time\" content=\"2024-05-23T13:24:41+00:00\" \/>\n<meta property=\"og:image\" content=\"https:\/\/imgmag.pakamera.net\/2024\/04\/jakie-kolczyki-pasuja-do-okraglej-twarzy-115258861560.jpg\" \/>\n\t<meta property=\"og:image:width\" content=\"1600\" \/>\n\t<meta property=\"og:image:height\" content=\"840\" \/>\n\t<meta property=\"og:image:type\" content=\"image\/jpeg\" \/>\n<meta name=\"author\" content=\"Magda Strzelecka\" \/>\n<meta name=\"twitter:card\" content=\"summary_large_image\" \/>\n<meta name=\"twitter:label1\" content=\"Napisane przez\" \/>\n\t<meta name=\"twitter:data1\" content=\"Magda Strzelecka\" \/>\n\t<meta name=\"twitter:label2\" content=\"Szacowany czas czytania\" \/>\n\t<meta name=\"twitter:data2\" content=\"5 minut\" \/>\n<script type=\"application\/ld+json\" class=\"yoast-schema-graph\">{\"@context\":\"https:\/\/schema.org\",\"@graph\":[{\"@type\":\"Article\",\"@id\":\"https:\/\/www.pakamera.pl\/magazyn\/jakie-kolczyki-pasuja-do-okraglej-twarzy\/#article\",\"isPartOf\":{\"@id\":\"https:\/\/www.pakamera.pl\/magazyn\/jakie-kolczyki-pasuja-do-okraglej-twarzy\/\"},\"author\":{\"name\":\"Magda Strzelecka\",\"@id\":\"https:\/\/www.pakamera.pl\/magazyn\/#\/schema\/person\/375940ab821c5af50e1e31f1ec5282b5\"},\"headline\":\"Jakie kolczyki pasuj\u0105 do okr\u0105g\u0142ej twarzy?\",\"datePublished\":\"2024-04-30T09:52:45+00:00\",\"dateModified\":\"2024-05-23T13:24:41+00:00\",\"mainEntityOfPage\":{\"@id\":\"https:\/\/www.pakamera.pl\/magazyn\/jakie-kolczyki-pasuja-do-okraglej-twarzy\/\"},\"wordCount\":819,\"publisher\":{\"@id\":\"https:\/\/www.pakamera.pl\/magazyn\/#organization\"},\"keywords\":[\"geometryczne kolczyki\",\"jak dobra\u0107 kolczyki\",\"kolczyki\",\"kolczyki wisz\u0105ce\",\"okr\u0105g\u0142a twarz\"],\"articleSection\":[\"Moda\"],\"inLanguage\":\"pl-PL\"},{\"@type\":\"WebPage\",\"@id\":\"https:\/\/www.pakamera.pl\/magazyn\/jakie-kolczyki-pasuja-do-okraglej-twarzy\/\",\"url\":\"https:\/\/www.pakamera.pl\/magazyn\/jakie-kolczyki-pasuja-do-okraglej-twarzy\/\",\"name\":\"Jakie kolczyki pasuj\u0105 do okr\u0105g\u0142ej twarzy? - Magazyn Pakamera.pl\",\"isPartOf\":{\"@id\":\"https:\/\/www.pakamera.pl\/magazyn\/#website\"},\"datePublished\":\"2024-04-30T09:52:45+00:00\",\"dateModified\":\"2024-05-23T13:24:41+00:00\",\"description\":\"Zastanawiasz si\u0119 jakie kolczyki pasuj\u0105 do okr\u0105g\u0142ej twarzy. Zobacz nasze podpowiedzi jak dobra\u0107 dodatki do tego typu urody.\",\"breadcrumb\":{\"@id\":\"https:\/\/www.pakamera.pl\/magazyn\/jakie-kolczyki-pasuja-do-okraglej-twarzy\/#breadcrumb\"},\"inLanguage\":\"pl-PL\",\"potentialAction\":[{\"@type\":\"ReadAction\",\"target\":[\"https:\/\/www.pakamera.pl\/magazyn\/jakie-kolczyki-pasuja-do-okraglej-twarzy\/\"]}]},{\"@type\":\"BreadcrumbList\",\"@id\":\"https:\/\/www.pakamera.pl\/magazyn\/jakie-kolczyki-pasuja-do-okraglej-twarzy\/#breadcrumb\",\"itemListElement\":[{\"@type\":\"ListItem\",\"position\":1,\"name\":\"Magazyn\",\"item\":\"https:\/\/www.pakamera.pl\/magazyn\/\"},{\"@type\":\"ListItem\",\"position\":2,\"name\":\"Moda\",\"item\":\"https:\/\/www.pakamera.pl\/magazyn\/category\/moda\/\"},{\"@type\":\"ListItem\",\"position\":3,\"name\":\"Jakie kolczyki pasuj\u0105 do okr\u0105g\u0142ej twarzy?\"}]},{\"@type\":\"WebSite\",\"@id\":\"https:\/\/www.pakamera.pl\/magazyn\/#website\",\"url\":\"https:\/\/www.pakamera.pl\/magazyn\/\",\"name\":\"Magazyn Pakamera.pl\",\"description\":\"Sprawd\u017a najgor\u0119tsze tematy sezonu!\",\"publisher\":{\"@id\":\"https:\/\/www.pakamera.pl\/magazyn\/#organization\"},\"potentialAction\":[{\"@type\":\"SearchAction\",\"target\":{\"@type\":\"EntryPoint\",\"urlTemplate\":\"https:\/\/www.pakamera.pl\/magazyn\/?s={search_term_string}\"},\"query-input\":\"required name=search_term_string\"}],\"inLanguage\":\"pl-PL\"},{\"@type\":\"Organization\",\"@id\":\"https:\/\/www.pakamera.pl\/magazyn\/#organization\",\"name\":\"Pakamera.pl\",\"url\":\"https:\/\/www.pakamera.pl\/magazyn\/\",\"logo\":{\"@type\":\"ImageObject\",\"inLanguage\":\"pl-PL\",\"@id\":\"https:\/\/www.pakamera.pl\/magazyn\/#\/schema\/logo\/image\/\",\"url\":\"https:\/\/imgmag.pakamera.net\/2023\/11\/153455466619.png\",\"contentUrl\":\"https:\/\/imgmag.pakamera.net\/2023\/11\/153455466619.png\",\"width\":690,\"height\":140,\"caption\":\"Pakamera.pl\"},\"image\":{\"@id\":\"https:\/\/www.pakamera.pl\/magazyn\/#\/schema\/logo\/image\/\"},\"sameAs\":[\"https:\/\/facebook.com\/pakamerapl\",\"https:\/\/www.instagram.com\/pakamera\/\"]},{\"@type\":\"Person\",\"@id\":\"https:\/\/www.pakamera.pl\/magazyn\/#\/schema\/person\/375940ab821c5af50e1e31f1ec5282b5\",\"name\":\"Magda Strzelecka\",\"description\":\"Magda to nasza stylistka, kt\u00f3ra od ponad 10 lat \u015bci\u015ble zwi\u0105zana jest z mod\u0105. Uwielbia \u015bledzi\u0107 \u015bwiatowe trendy i przek\u0142ada\u0107 je na rynek polski. Kocha dobre sk\u0142ady ubra\u0144, wyj\u0105tkow\u0105 bi\u017cuteri\u0119 i dodatki kt\u00f3re o\u017cywi\u0105 ka\u017cd\u0105 stylizacj\u0119.\"}]}<\/script>\n<!-- \/ Yoast SEO plugin. -->","yoast_head_json":{"title":"Jakie kolczyki pasuj\u0105 do okr\u0105g\u0142ej twarzy? - Magazyn Pakamera.pl","description":"Zastanawiasz si\u0119 jakie kolczyki pasuj\u0105 do okr\u0105g\u0142ej twarzy. Zobacz nasze podpowiedzi jak dobra\u0107 dodatki do tego typu urody.","robots":{"index":"index","follow":"follow"},"canonical":"https:\/\/www.pakamera.pl\/magazyn\/jakie-kolczyki-pasuja-do-okraglej-twarzy\/","og_locale":"pl_PL","og_type":"article","og_title":"Jakie kolczyki pasuj\u0105 do okr\u0105g\u0142ej twarzy? - Magazyn Pakamera.pl","og_description":"Zastanawiasz si\u0119 jakie kolczyki pasuj\u0105 do okr\u0105g\u0142ej twarzy. Zobacz nasze podpowiedzi jak dobra\u0107 dodatki do tego typu urody.","og_url":"https:\/\/www.pakamera.pl\/magazyn\/jakie-kolczyki-pasuja-do-okraglej-twarzy\/","og_site_name":"Magazyn Pakamera.pl","article_publisher":"https:\/\/facebook.com\/pakamerapl","article_published_time":"2024-04-30T09:52:45+00:00","article_modified_time":"2024-05-23T13:24:41+00:00","og_image":[{"width":1600,"height":840,"url":"https:\/\/imgmag.pakamera.net\/2024\/04\/jakie-kolczyki-pasuja-do-okraglej-twarzy-115258861560.jpg","type":"image\/jpeg"}],"author":"Magda Strzelecka","twitter_card":"summary_large_image","twitter_misc":{"Napisane przez":"Magda Strzelecka","Szacowany czas czytania":"5 minut"},"schema":{"@context":"https:\/\/schema.org","@graph":[{"@type":"Article","@id":"https:\/\/www.pakamera.pl\/magazyn\/jakie-kolczyki-pasuja-do-okraglej-twarzy\/#article","isPartOf":{"@id":"https:\/\/www.pakamera.pl\/magazyn\/jakie-kolczyki-pasuja-do-okraglej-twarzy\/"},"author":{"name":"Magda Strzelecka","@id":"https:\/\/www.pakamera.pl\/magazyn\/#\/schema\/person\/375940ab821c5af50e1e31f1ec5282b5"},"headline":"Jakie kolczyki pasuj\u0105 do okr\u0105g\u0142ej twarzy?","datePublished":"2024-04-30T09:52:45+00:00","dateModified":"2024-05-23T13:24:41+00:00","mainEntityOfPage":{"@id":"https:\/\/www.pakamera.pl\/magazyn\/jakie-kolczyki-pasuja-do-okraglej-twarzy\/"},"wordCount":819,"publisher":{"@id":"https:\/\/www.pakamera.pl\/magazyn\/#organization"},"keywords":["geometryczne kolczyki","jak dobra\u0107 kolczyki","kolczyki","kolczyki wisz\u0105ce","okr\u0105g\u0142a twarz"],"articleSection":["Moda"],"inLanguage":"pl-PL"},{"@type":"WebPage","@id":"https:\/\/www.pakamera.pl\/magazyn\/jakie-kolczyki-pasuja-do-okraglej-twarzy\/","url":"https:\/\/www.pakamera.pl\/magazyn\/jakie-kolczyki-pasuja-do-okraglej-twarzy\/","name":"Jakie kolczyki pasuj\u0105 do okr\u0105g\u0142ej twarzy? - Magazyn Pakamera.pl","isPartOf":{"@id":"https:\/\/www.pakamera.pl\/magazyn\/#website"},"datePublished":"2024-04-30T09:52:45+00:00","dateModified":"2024-05-23T13:24:41+00:00","description":"Zastanawiasz si\u0119 jakie kolczyki pasuj\u0105 do okr\u0105g\u0142ej twarzy. Zobacz nasze podpowiedzi jak dobra\u0107 dodatki do tego typu urody.","breadcrumb":{"@id":"https:\/\/www.pakamera.pl\/magazyn\/jakie-kolczyki-pasuja-do-okraglej-twarzy\/#breadcrumb"},"inLanguage":"pl-PL","potentialAction":[{"@type":"ReadAction","target":["https:\/\/www.pakamera.pl\/magazyn\/jakie-kolczyki-pasuja-do-okraglej-twarzy\/"]}]},{"@type":"BreadcrumbList","@id":"https:\/\/www.pakamera.pl\/magazyn\/jakie-kolczyki-pasuja-do-okraglej-twarzy\/#breadcrumb","itemListElement":[{"@type":"ListItem","position":1,"name":"Magazyn","item":"https:\/\/www.pakamera.pl\/magazyn\/"},{"@type":"ListItem","position":2,"name":"Moda","item":"https:\/\/www.pakamera.pl\/magazyn\/category\/moda\/"},{"@type":"ListItem","position":3,"name":"Jakie kolczyki pasuj\u0105 do okr\u0105g\u0142ej twarzy?"}]},{"@type":"WebSite","@id":"https:\/\/www.pakamera.pl\/magazyn\/#website","url":"https:\/\/www.pakamera.pl\/magazyn\/","name":"Magazyn Pakamera.pl","description":"Sprawd\u017a najgor\u0119tsze tematy sezonu!","publisher":{"@id":"https:\/\/www.pakamera.pl\/magazyn\/#organization"},"potentialAction":[{"@type":"SearchAction","target":{"@type":"EntryPoint","urlTemplate":"https:\/\/www.pakamera.pl\/magazyn\/?s={search_term_string}"},"query-input":"required name=search_term_string"}],"inLanguage":"pl-PL"},{"@type":"Organization","@id":"https:\/\/www.pakamera.pl\/magazyn\/#organization","name":"Pakamera.pl","url":"https:\/\/www.pakamera.pl\/magazyn\/","logo":{"@type":"ImageObject","inLanguage":"pl-PL","@id":"https:\/\/www.pakamera.pl\/magazyn\/#\/schema\/logo\/image\/","url":"https:\/\/imgmag.pakamera.net\/2023\/11\/153455466619.png","contentUrl":"https:\/\/imgmag.pakamera.net\/2023\/11\/153455466619.png","width":690,"height":140,"caption":"Pakamera.pl"},"image":{"@id":"https:\/\/www.pakamera.pl\/magazyn\/#\/schema\/logo\/image\/"},"sameAs":["https:\/\/facebook.com\/pakamerapl","https:\/\/www.instagram.com\/pakamera\/"]},{"@type":"Person","@id":"https:\/\/www.pakamera.pl\/magazyn\/#\/schema\/person\/375940ab821c5af50e1e31f1ec5282b5","name":"Magda Strzelecka","description":"Magda to nasza stylistka, kt\u00f3ra od ponad 10 lat \u015bci\u015ble zwi\u0105zana jest z mod\u0105. Uwielbia \u015bledzi\u0107 \u015bwiatowe trendy i przek\u0142ada\u0107 je na rynek polski. Kocha dobre sk\u0142ady ubra\u0144, wyj\u0105tkow\u0105 bi\u017cuteri\u0119 i dodatki kt\u00f3re o\u017cywi\u0105 ka\u017cd\u0105 stylizacj\u0119."}]}},"_links":{"self":[{"href":"https:\/\/www.pakamera.pl\/magazyn\/wp-json\/wp\/v2\/posts\/10527","targetHints":{"allow":["GET"]}}],"collection":[{"href":"https:\/\/www.pakamera.pl\/magazyn\/wp-json\/wp\/v2\/posts"}],"about":[{"href":"https:\/\/www.pakamera.pl\/magazyn\/wp-json\/wp\/v2\/types\/post"}],"author":[{"embeddable":true,"href":"https:\/\/www.pakamera.pl\/magazyn\/wp-json\/wp\/v2\/users\/16"}],"replies":[{"embeddable":true,"href":"https:\/\/www.pakamera.pl\/magazyn\/wp-json\/wp\/v2\/comments?post=10527"}],"version-history":[{"count":3,"href":"https:\/\/www.pakamera.pl\/magazyn\/wp-json\/wp\/v2\/posts\/10527\/revisions"}],"predecessor-version":[{"id":10737,"href":"https:\/\/www.pakamera.pl\/magazyn\/wp-json\/wp\/v2\/posts\/10527\/revisions\/10737"}],"wp:featuredmedia":[{"embeddable":true,"href":"https:\/\/www.pakamera.pl\/magazyn\/wp-json\/wp\/v2\/media\/10535"}],"wp:attachment":[{"href":"https:\/\/www.pakamera.pl\/magazyn\/wp-json\/wp\/v2\/media?parent=10527"}],"wp:term":[{"taxonomy":"category","embeddable":true,"href":"https:\/\/www.pakamera.pl\/magazyn\/wp-json\/wp\/v2\/categories?post=10527"},{"taxonomy":"post_tag","embeddable":true,"href":"https:\/\/www.pakamera.pl\/magazyn\/wp-json\/wp\/v2\/tags?post=10527"}],"curies":[{"name":"wp","href":"https:\/\/api.w.org\/{rel}","templated":true}]}}